{"id":531855,"date":"2021-02-16T12:39:00","date_gmt":"2021-02-16T12:39:00","guid":{"rendered":"https:\/\/www.capgemini.com\/es-es\/?post_type=press-release&#038;p=531855"},"modified":"2025-03-12T09:43:19","modified_gmt":"2025-03-12T08:43:19","slug":"capgemini-y-ovhcloud-anuncian-una-alianza-global-para-empoderar-a-las-organizaciones-con-una-transicion-segura-hacia-la-nube","status":"publish","type":"press-release","link":"https:\/\/www.capgemini.com\/es-es\/noticias\/notas-de-prensa\/capgemini-y-ovhcloud-anuncian-una-alianza-global-para-empoderar-a-las-organizaciones-con-una-transicion-segura-hacia-la-nube\/","title":{"rendered":"Capgemini y OVHcloud anuncian una alianza global para empoderar a las organizaciones con una transici\u00f3n segura hacia la nube"},"content":{"rendered":"\n<p><\/p>\n\n\n\t\t<div class=\"wp-block-cg-blocks-hero-press-release\">\n\t\t\t<header class=\"header-hero-press-release\" role=\"main\" id=\"main-content-press-release\">\n\t\t\t\t<div class=\"container\">\n\t\t\t\t\t<div class=\"hero-press-release\">\n\t\t\t\t\t\t<div class=\"hero-press-release-content-wrapper\">\n\t\t\t\t\t\t\t<div class=\"row\">\n\t\t\t\t\t\t\t\t<div class=\"col-12\">\n\t\t\t\t\t\t\t\t\t<div class=\"header-title\">\n\t\t\t\t\t\t\t\t\t\t<h1>\n\t\t\t\t\t\t\t\t\t\t\tCapgemini y OVHcloud anuncian una alianza global para empoderar a las organizaciones con una transici\u00f3n segura hacia la nube\t\t\t\t\t\t\t\t\t\t<\/h1>\n\t\t\t\t\t\t\t\t\t<\/div>\n\t\t\t\t\t\t\t\t\t<div class=\"header-description\">\n\t\t\t\t\t\t\t\t\t\t<p><\/p>\n\t\t\t\t\t\t\t\t\t<\/div>\n\t\t\t\t\t\t\t\t\t\t\t\t\t\t\t\t\t\t<div class=\"header-date\">\n\t\t\t\t\t\t\t\t\t\t<span>feb. 16, 2021<\/span>\n\t\t\t\t\t\t\t\t\t<\/div>\n\t\t\t\t\t\t\t\t<\/div>\n\t\t\t\t\t\t\t<\/div>\n\t\t\t\t\t\t<\/div>\n\t\t\t\t\t\t\t\t\t\t\t\t\t<div class=\"hero-press-release-downloads\">\n\t\t\t\t\t\t\t\t<div class=\"row\">\n\t\t\t\t\t\t\t\t\t\t\t\t\t\t\t\t\t\t\t<div class=\"col-12 col-md-6 col-lg-3\">\n\t\t\t\t\t\t\t\t\t\t\t<a class=\"download-item\" type=\"download\" href=\"https:\/\/www.capgemini.com\/es-es\/wp-content\/uploads\/sites\/16\/2022\/12\/Capgemini-OVHcloud.pdf\" target=\"_blank\" rel=\"noopener noreferrer\" title=\"Abrir en una nueva ventana\">\n\t\t\t\t\t\t\t\t\t\t\t\t<div class=\"download-icon\"><\/div>\n\t\t\t\t\t\t\t\t\t\t\t\t<div class=\"download-details\">\n\t\t\t\t\t\t\t\t\t\t\t\t\t<div class=\"download-title\">Download press release<\/div>\n\t\t\t\t\t\t\t\t\t\t\t\t\t<div class=\"download-props\">122 KB  pdf<\/div>\n\t\t\t\t\t\t\t\t\t\t\t\t<\/div>\n\t\t\t\t\t\t\t\t\t\t\t<\/a>\n\t\t\t\t\t\t\t\t\t\t<\/div>\n\t\t\t\t\t\t\t\t\t\t\t\t\t\t\t\t\t\t<\/div>\n\t\t\t\t\t\t\t<\/div>\n\t\t\t\t\t\t\t\t\t\t\t\t\t\t\t\t\t\t\t<div class=\"hero-press-release-brand-image\">\n\t\t\t\t\t\t\t\t<img decoding=\"async\" loading=\"lazy\" src=\"https:\/\/www.capgemini.com\/es-es\/wp-content\/themes\/capgemini2025\/assets\/images\/capgemini-white.svg\" alt=\"Logo\" \/>\n\t\t\t\t\t\t\t<\/div>\n\t\t\t\t\t\t\t\t\t\t\t<\/div>\n\t\t\t\t<\/div>\n\t\t\t<\/header>\n\t\t<\/div>\n\t\t\n\n\n<section class=\"wp-block-cg-blocks-group undefined section section--article-content\"><div class=\"article-main-content\"><div class=\"container\"><div class=\"row\"><div class=\"col-12 col-md-1\"><nav class=\"article-social\"><ul class=\"social-nav\"><li class=\"ip-order-fb\"><a href=\"https:\/\/www.facebook.com\/sharer\/sharer.php?u=https:\/\/www.capgemini.com\/es-es\/?post_type=press-release&amp;p=531855\" target=\"_blank\" rel=\"noopener noreferrer\" title=\"abrir en una nueva ventana\"><i aria-hidden=\"true\" class=\"icon-fb\"><\/i><span class=\"sr-only\">Facebook<\/span><\/a><\/li><li class=\"ip-order-tw\"><a href=\"https:\/\/twitter.com\/intent\/tweet?url=https:\/\/www.capgemini.com\/es-es\/?post_type=press-release&amp;p=531855&amp;text=\" target=\"_blank\" rel=\"noopener noreferrer\" title=\"abrir en una nueva ventana\"><i aria-hidden=\"true\" class=\"icon-tw\"><\/i><span class=\"sr-only\">Twitter<\/span><\/a><\/li><li class=\"ip-order-li\"><a href=\"https:\/\/www.linkedin.com\/sharing\/share-offsite\/?url=https:\/\/www.capgemini.com\/es-es\/?post_type=press-release&amp;p=531855&amp;text=\" target=\"_blank\" rel=\"noopener noreferrer\" title=\"abrir en una nueva ventana\"><i aria-hidden=\"true\" class=\"icon-li\"><\/i><span class=\"sr-only\">Linkedin<\/span><\/a><\/li><\/ul><\/nav><\/div><div class=\"col-12 col-md-11 col-lg-10\"><div class=\"article-text article-quote-text\">\n<p><strong>Madrid, 19 de febrero de 2021 \u2013 <\/strong><a href=\"https:\/\/www.capgemini.com\/\"><strong>Capgemini<\/strong><\/a><strong> y <\/strong><a href=\"https:\/\/www.ovhcloud.com\/\"><strong>OVHcloud<\/strong><\/a><strong> firman un acuerdo global destinado a abordar las necesidades de transici\u00f3n hacia la nube de organizaciones p\u00fablicas y privadas. La alianza combina la potencia y la innovaci\u00f3n de las soluciones cloud de \u00faltima generaci\u00f3n de OVHcloud con la profunda experiencia de Capgemini en protecci\u00f3n de datos, seguridad, IA y an\u00e1lisis de datos, aplicaciones, servicios gestionados y desarrollo nativo en la nube. La experiencia combinada ayudar\u00e1 a las organizaciones a crear una infraestructura cloud segura con niveles de protecci\u00f3n reconocidos internacionalmente.<\/strong><\/p>\n\n\n\n<p>Las dos empresas han forjado su alianza unificando los compromisos de Capgemini y OVHcloud con una transici\u00f3n segura hacia la nube. Juntas, tienen la intenci\u00f3n de crear soluciones completas de nube soberana en el contexto de la Alianza Europea sobre Datos Industriales y Nube y el Proyectos Importantes de Inter\u00e9s Com\u00fan Europeo&nbsp;(<a href=\"https:\/\/eur-lex.europa.eu\/legal-content\/EN\/TXT\/?uri=CELEX:52014XC0620(01)\">PIICE<\/a>) sobre infraestructuras y servicios en la nube que ver\u00e1 la luz en 2021.<\/p>\n\n\n\n<p>Las empresas cooperar\u00e1n para aprovechar sus capacidades a nivel mundial y ofrecer\u00e1n a las organizaciones acceso a un conjunto \u00fanico de servicios y habilidades con vistas a prestar unos servicios integrales y seguros de infraestructura en nubes p\u00fablicas, privadas e h\u00edbridas. La soluci\u00f3n tambi\u00e9n est\u00e1 destinada a promover el software de c\u00f3digo abierto y aprovechar los est\u00e1ndares <a href=\"https:\/\/www.data-infrastructure.eu\/GAIAX\/Navigation\/EN\/Home\/home.html\">GAIA-X<\/a> en la federaci\u00f3n en la nube, con \u00e1nimo de permitir la interoperabilidad, la portabilidad, la confianza y la transparencia en toda la infraestructura, las aplicaciones y los datos. La asociaci\u00f3n de alianza global permitir\u00e1 en gran medida el desarrollo de espacios de datos europeos que a\u00fanen a actores p\u00fablicos y privados con el objetivo de generar valor a partir de datos.<\/p>\n\n\n\n<p>En l\u00ednea con sus respectivos compromisos de reducir la huella ambiental, OVHcloud y Capgemini colaborar\u00e1n para permitir un uso sostenible de los servicios en la nube. Har\u00e1n todo lo posible por que las soluciones que comparten avancen hacia el objetivo de la neutralidad en carbono optimizando el uso de los recursos de acuerdo con las necesidades del cliente, promoviendo una cadena de suministro m\u00e1s eficiente energ\u00e9ticamente, gestionando la infraestructura y los ciclos de vida del hardware y favoreciendo una combinaci\u00f3n m\u00e1s local de fuentes de energ\u00eda.<\/p>\n\n\n\n<p>La alianza se basa en la estrecha colaboraci\u00f3n de Capgemini y OVHcloud con varios proveedores de software globales para proponer soluciones soberanas integradas de extremo a extremo, aprovechando las etiquetas de alojamiento de datos sanitarios OVHcloud Open Trusted Cloud y SecNumCloud.<\/p>\n\n\n\n<p>OVHcloud y Capgemini trabajar\u00e1n juntas para combinar capacidades e inversiones y as\u00ed desarrollar su colaboraci\u00f3n a nivel mundial. Capgemini tambi\u00e9n aportar\u00e1 su profunda experiencia en el mercado global de la nube, y su propiedad intelectual desarrollada internamente, para apoyar a los clientes conjuntos y acelerar su transici\u00f3n a la nube.<\/p>\n\n\n\n<p>\u201c<em>OVHcloud se enorgullece de asociarse con Capgemini para proporcionar a organizaciones p\u00fablicas y privadas soluciones en la nube comunes y de confianza que garanticen la protecci\u00f3n de datos y la privacidad en cumplimiento con el RGPD<\/em>\u201d, afirma Michel Paulin, CEO de OVHcloud. \u201c<em>La sinergia entre nuestras dos empresas nos permitir\u00e1 responder a los requisitos de seguridad, interoperabilidad y transparencia de todo tipo de organizaciones de forma eficiente y adaptada, facilitando su transici\u00f3n a la nube\u201d.<\/em><\/p>\n\n\n\n<p><em>\u201cEstamos encantados de ampliar nuestra asociaci\u00f3n con OVHcloud para empoderar a las organizaciones de todo el mundo con una transici\u00f3n digital segura hacia la nube\u201d,<\/em> comenta Aiman Ezzat, CEO del Grupo Capgemini. <em>\u201cAl combinar la experiencia de Capgemini en ciberseguridad y gobierno de datos, con la visi\u00f3n de OVHcloud sobre el futuro de la infraestructura en la nube, podemos brindar a los clientes la velocidad y agilidad empresarial que necesitan para lograr sus objetivos de transici\u00f3n hacia la nube\u201d.<\/em><\/p>\n\n\n\n<p><strong>Acerca de Capgemini<\/strong><\/p>\n\n\n\n<p>Capgemini es un l\u00edder mundial especializado en la asociarse con empresas para transformar y gestionar su negocio aprovechando el poder de la tecnolog\u00eda. El Grupo se gu\u00eda por su objetivo de liberar la energ\u00eda humana a trav\u00e9s de la tecnolog\u00eda para crear un futuro inclusivo y sostenible. Es una organizaci\u00f3n responsable y diversa que cuenta con 270.000 empleados en casi 50 pa\u00edses. Respaldada por una s\u00f3lida trayectoria y una dilatada experiencia multisectorial, Capgemini cuenta con la confianza de sus clientes para abordar sus diversas necesidades empresariales, desde la estrategia y el dise\u00f1o hasta las operaciones, impulsada la innovaci\u00f3n constante de la nube, los datos, la IA, la conectividad, el software, la ingenier\u00eda digital y las plataformas. En 2020 el Grupo registr\u00f3 unos ingresos globales de 16.000 millones de euros.<\/p>\n\n\n\n<p>Get the future you want<\/p>\n\n\n\n<p>M\u00e1s&nbsp;informaci\u00f3n&nbsp;en\u202f<a href=\"http:\/\/www.capgemini.com\/es-es\/\">www.capgemini.com\/es-es\/<\/a><\/p>\n\n\n\n<p><strong>Acerca de OVHcloud<\/strong><\/p>\n\n\n\n<p>OVHcloud es una multinacional, proveedora europea l\u00edder en la nube. Opera 400&nbsp;000 servidores dentro de sus 32&nbsp;centros de datos en 4&nbsp;continentes. El Grupo lleva m\u00e1s de 20&nbsp;a\u00f1os promoviendo un modelo integrado que proporciona un control total de su cadena de valor, desde el dise\u00f1o de sus servidores hasta la gesti\u00f3n de sus centros de datos, pasando por la coordinaci\u00f3n de nuestra red de fibra \u00f3ptica. Este enfoque \u00fanico permite a OVHcloud cubrir, de forma independiente, todo el espectro de casos de uso para sus 1,6&nbsp;millones de clientes en 140&nbsp;pa\u00edses. OVHcloud ofrece ahora a sus clientes soluciones de \u00faltima generaci\u00f3n que combinan alto rendimiento, precios estables y soberan\u00eda de datos completa con vistas a apoyar su crecimiento sin restricciones.<\/p>\n\n\n<div class=\"wp-block-cg-blocks-cg-block-related-content\"><section class=\"relatedContentBlock\"><div class=\"container\"><div class=\"row\"><div class=\"content-title col-12 col-md-8\"><h2 class=\"related-content-heading\">Related News<\/h2><\/div><\/div><div class=\"row relatedContent\"><div class=\"col-lg-4 col-md-6 col-xs-12\">\n\t\t\t\t\t\t\t<div class=\"box\">\n\t\t\t\t\t\t\t\t<a aria-label=\"Saber m\u00e1s sobre Capgemini presenta Google Cloud AI Enterprise Hub para acelerar la transformaci\u00f3n empresarial con IA ag\u00e9ntica\" href=\"https:\/\/www.capgemini.com\/es-es\/noticias\/notas-de-prensa\/capgemini-presenta-google-cloud-ai-enterprise-hub-para-acelerar-la-transformacion-con-ia-agentica\/\" class=\"anchorWrapper\">\n\t\t\t\t\t\t\t\t\t<span class=\"box-tag\"><span>Partners<\/span><\/span>\n\t\t\t\t\t\t\t\t\t<div class=\"box-title\"><h3 class=\"box-subtitle\">Capgemini presenta Google Cloud AI Enterprise Hub para acelerar la transformaci\u00f3n empresarial con IA ag\u00e9ntica<\/h3><\/div>\n\t\t\t\t\t\t\t\t\t<div class=\"box-date\">\n\t\t\t\t\t\t\t\t\t\t<span>Apr 29, 2026<\/span>\n\t\t\t\t\t\t\t\t\t<\/div>\n\t\t\t\t\t\t\t\t\t<div class=\"box-bottom\">\n\t\t\t\t\t\t\t\t\t\t&lt;a class=&quot;link-download&quot; href=&quot;https:\/\/www.capgemini.com\/es-es\/wp-content\/uploads\/sites\/16\/2026\/04\/NP-Capgemini-presenta-Google-Cloud-AI-Enterprise-Hub.pdf&quot; aria-label=&quot;Download Press Release&quot; target=&quot;_blank&quot;  type=&quot;download&quot; title=&quot;Opens in a new window&quot;&gt;\n\t\t\t\t\t\t\t&lt;span&gt;Descargar nota de prensa&lt;\/span&gt;\n\t\t\t\t\t\t\t&lt;span&gt;149 KB PDF&lt;\/span&gt;\n\t\t\t\t\t\t&lt;\/a&gt;\n\t\t\t\t\t\t\t\t\t\t<a class=\"more\" aria-label=\"Saber m\u00e1s sobre Capgemini presenta Google Cloud AI Enterprise Hub para acelerar la transformaci\u00f3n empresarial con IA ag\u00e9ntica\" href=\"https:\/\/www.capgemini.com\/es-es\/noticias\/notas-de-prensa\/capgemini-presenta-google-cloud-ai-enterprise-hub-para-acelerar-la-transformacion-con-ia-agentica\/\">Saber m\u00e1s sobre<\/a>\n\t\t\t\t\t\t\t\t\t<\/div>\n\t\t\t\t\t\t\t\t<\/a>\n\t\t\t\t\t\t\t<\/div>\n\t\t\t\t\t\t<\/div><div class=\"col-lg-4 col-md-6 col-xs-12\">\n\t\t\t\t\t\t\t<div class=\"box\">\n\t\t\t\t\t\t\t\t<a aria-label=\"Saber m\u00e1s sobre Abierta la convocatoria de la VI edici\u00f3n de los Premios Retina ECO, organizados por PRISA Media en colaboraci\u00f3n con Capgemini\" href=\"https:\/\/www.capgemini.com\/es-es\/noticias\/notas-de-prensa\/abierta-la-convocatoria-de-la-vi-edicion-de-los-premios-retina-eco-organizados-por-prisa-media-en-colaboracion-con-capgemini\/\" class=\"anchorWrapper\">\n\t\t\t\t\t\t\t\t\t<span class=\"box-tag\"><span>Corporate news<\/span><\/span>\n\t\t\t\t\t\t\t\t\t<div class=\"box-title\"><h3 class=\"box-subtitle\">Abierta la convocatoria de la VI edici\u00f3n de los Premios Retina ECO, organizados por PRISA Media en colaboraci\u00f3n con Capgemini<\/h3><\/div>\n\t\t\t\t\t\t\t\t\t<div class=\"box-date\">\n\t\t\t\t\t\t\t\t\t\t<span>Mar 12, 2026<\/span>\n\t\t\t\t\t\t\t\t\t<\/div>\n\t\t\t\t\t\t\t\t\t<div class=\"box-bottom\">\n\t\t\t\t\t\t\t\t\t\t&lt;a class=&quot;link-download&quot; href=&quot;https:\/\/www.capgemini.com\/es-es\/wp-content\/uploads\/sites\/16\/2026\/03\/NP-Premios-Retina-2026.pdf&quot; aria-label=&quot;Download Press Release&quot; target=&quot;_blank&quot;  type=&quot;download&quot; title=&quot;Opens in a new window&quot;&gt;\n\t\t\t\t\t\t\t&lt;span&gt;Descargar nota de prensa&lt;\/span&gt;\n\t\t\t\t\t\t\t&lt;span&gt;265 KB PDF&lt;\/span&gt;\n\t\t\t\t\t\t&lt;\/a&gt;\n\t\t\t\t\t\t\t\t\t\t<a class=\"more\" aria-label=\"Saber m\u00e1s sobre Abierta la convocatoria de la VI edici\u00f3n de los Premios Retina ECO, organizados por PRISA Media en colaboraci\u00f3n con Capgemini\" href=\"https:\/\/www.capgemini.com\/es-es\/noticias\/notas-de-prensa\/abierta-la-convocatoria-de-la-vi-edicion-de-los-premios-retina-eco-organizados-por-prisa-media-en-colaboracion-con-capgemini\/\">Saber m\u00e1s sobre<\/a>\n\t\t\t\t\t\t\t\t\t<\/div>\n\t\t\t\t\t\t\t\t<\/a>\n\t\t\t\t\t\t\t<\/div>\n\t\t\t\t\t\t<\/div><div class=\"col-lg-4 col-md-6 col-xs-12\">\n\t\t\t\t\t\t\t<div class=\"box\">\n\t\t\t\t\t\t\t\t<a aria-label=\"Saber m\u00e1s sobre Capgemini adquirir\u00e1 Piterion, empresa independiente l\u00edder en gesti\u00f3n del ciclo de vida del producto y digitalizaci\u00f3n industrial\" href=\"https:\/\/www.capgemini.com\/es-es\/noticias\/notas-de-prensa\/capgemini-adquirira-piterion-empresa-independiente-lider-en-gestion-del-ciclo-de-vida-del-producto\/\" class=\"anchorWrapper\">\n\t\t\t\t\t\t\t\t\t<span class=\"box-tag\"><span>Corporate news<\/span><\/span>\n\t\t\t\t\t\t\t\t\t<div class=\"box-title\"><h3 class=\"box-subtitle\">Capgemini adquirir\u00e1 Piterion, empresa independiente l\u00edder en gesti\u00f3n del ciclo de vida del producto y digitalizaci\u00f3n industrial<\/h3><\/div>\n\t\t\t\t\t\t\t\t\t<div class=\"box-date\">\n\t\t\t\t\t\t\t\t\t\t<span>Mar 10, 2026<\/span>\n\t\t\t\t\t\t\t\t\t<\/div>\n\t\t\t\t\t\t\t\t\t<div class=\"box-bottom\">\n\t\t\t\t\t\t\t\t\t\t&lt;a class=&quot;link-download&quot; href=&quot;https:\/\/www.capgemini.com\/es-es\/wp-content\/uploads\/sites\/16\/2026\/03\/NP-Capgemini-adquirira-Piterion.pdf&quot; aria-label=&quot;Download Press Release&quot; target=&quot;_blank&quot;  type=&quot;download&quot; title=&quot;Opens in a new window&quot;&gt;\n\t\t\t\t\t\t\t&lt;span&gt;Descargar nota de prensa&lt;\/span&gt;\n\t\t\t\t\t\t\t&lt;span&gt;108 KB PDF&lt;\/span&gt;\n\t\t\t\t\t\t&lt;\/a&gt;\n\t\t\t\t\t\t\t\t\t\t<a class=\"more\" aria-label=\"Saber m\u00e1s sobre Capgemini adquirir\u00e1 Piterion, empresa independiente l\u00edder en gesti\u00f3n del ciclo de vida del producto y digitalizaci\u00f3n industrial\" href=\"https:\/\/www.capgemini.com\/es-es\/noticias\/notas-de-prensa\/capgemini-adquirira-piterion-empresa-independiente-lider-en-gestion-del-ciclo-de-vida-del-producto\/\">Saber m\u00e1s sobre<\/a>\n\t\t\t\t\t\t\t\t\t<\/div>\n\t\t\t\t\t\t\t\t<\/a>\n\t\t\t\t\t\t\t<\/div>\n\t\t\t\t\t\t<\/div><\/div><\/div><\/section><\/div><\/div><\/div><\/div><\/div><\/div><\/section>\n","protected":false},"excerpt":{"rendered":"","protected":false},"author":336,"featured_media":0,"template":"","meta":{"cg_dt_proposed_to":[],"cg_seo_hreflang_relations":"[]","cg_seo_canonical_relation":"","cg_seo_hreflang_x_default_relation":"","cg_dt_approved_content":true,"cg_dt_mandatory_content":false,"cg_dt_notes":"","cg_dg_source_changed":false,"cg_dt_link_disabled":false,"footnotes":"","related_resource_url":"https:\/\/www.capgemini.com\/es-es\/wp-content\/uploads\/sites\/16\/2022\/12\/Capgemini-OVHcloud.pdf","related_resource_id":531856,"related_resource_size":"122 KB","related_resource_type":"pdf","cg_author":0,"featured_focal_points":""},"tags":[],"press-release-type":[39,81,83],"brand":[30],"class_list":["post-531855","press-release","type-press-release","status-publish","hentry","press-release-type-corporate-news","press-release-type-partner-alliance","press-release-type-partners","brand-capgemini"],"yoast_head":"<!-- This site is optimized with the Yoast SEO Premium plugin v22.8 (Yoast SEO v22.8) - https:\/\/yoast.com\/wordpress\/plugins\/seo\/ -->\n<title>Capgemini y OVHcloud anuncian una alianza global para empoderar a las organizaciones con una transici\u00f3n segura hacia la nube - Capgemini Spain<\/title>\n<meta name=\"robots\" content=\"index, follow, max-snippet:-1, max-image-preview:large, max-video-preview:-1\" \/>\n<link rel=\"canonical\" href=\"https:\/\/www.capgemini.com\/es-es\/noticias\/notas-de-prensa\/capgemini-y-ovhcloud-anuncian-una-alianza-global-para-empoderar-a-las-organizaciones-con-una-transicion-segura-hacia-la-nube\/\" \/>\n<meta property=\"og:locale\" content=\"es_ES\" \/>\n<meta property=\"og:type\" content=\"article\" \/>\n<meta property=\"og:title\" content=\"Capgemini y OVHcloud anuncian una alianza global para empoderar a las organizaciones con una transici\u00f3n segura hacia la nube\" \/>\n<meta property=\"og:url\" content=\"https:\/\/www.capgemini.com\/es-es\/noticias\/notas-de-prensa\/capgemini-y-ovhcloud-anuncian-una-alianza-global-para-empoderar-a-las-organizaciones-con-una-transicion-segura-hacia-la-nube\/\" \/>\n<meta property=\"og:site_name\" content=\"Capgemini Spain\" \/>\n<meta property=\"article:modified_time\" content=\"2025-03-12T08:43:19+00:00\" \/>\n<meta property=\"og:image\" content=\"https:\/\/www.capgemini.com\/es-es\/wp-content\/uploads\/sites\/16\/2025\/10\/New-Web-preview-global.jpg\" \/>\n\t<meta property=\"og:image:width\" content=\"1200\" \/>\n\t<meta property=\"og:image:height\" content=\"627\" \/>\n\t<meta property=\"og:image:type\" content=\"image\/jpeg\" \/>\n<meta name=\"twitter:card\" content=\"summary_large_image\" \/>\n<meta name=\"twitter:label1\" content=\"Est. reading time\" \/>\n\t<meta name=\"twitter:data1\" content=\"5 minutes\" \/>\n<script type=\"application\/ld+json\" class=\"yoast-schema-graph\">{\"@context\":\"https:\/\/schema.org\",\"@graph\":[{\"@type\":\"WebPage\",\"@id\":\"https:\/\/www.capgemini.com\/es-es\/noticias\/notas-de-prensa\/capgemini-y-ovhcloud-anuncian-una-alianza-global-para-empoderar-a-las-organizaciones-con-una-transicion-segura-hacia-la-nube\/\",\"url\":\"https:\/\/www.capgemini.com\/es-es\/noticias\/notas-de-prensa\/capgemini-y-ovhcloud-anuncian-una-alianza-global-para-empoderar-a-las-organizaciones-con-una-transicion-segura-hacia-la-nube\/\",\"name\":\"Capgemini y OVHcloud anuncian una alianza global para empoderar a las organizaciones con una transici\u00f3n segura hacia la nube - Capgemini Spain\",\"isPartOf\":{\"@id\":\"https:\/\/www.capgemini.com\/es-es\/#website\"},\"datePublished\":\"2021-02-16T12:39:00+00:00\",\"dateModified\":\"2025-03-12T08:43:19+00:00\",\"breadcrumb\":{\"@id\":\"https:\/\/www.capgemini.com\/es-es\/noticias\/notas-de-prensa\/capgemini-y-ovhcloud-anuncian-una-alianza-global-para-empoderar-a-las-organizaciones-con-una-transicion-segura-hacia-la-nube\/#breadcrumb\"},\"inLanguage\":\"es-ES\",\"potentialAction\":[{\"@type\":\"ReadAction\",\"target\":[\"https:\/\/www.capgemini.com\/es-es\/noticias\/notas-de-prensa\/capgemini-y-ovhcloud-anuncian-una-alianza-global-para-empoderar-a-las-organizaciones-con-una-transicion-segura-hacia-la-nube\/\"]}]},{\"@type\":\"BreadcrumbList\",\"@id\":\"https:\/\/www.capgemini.com\/es-es\/noticias\/notas-de-prensa\/capgemini-y-ovhcloud-anuncian-una-alianza-global-para-empoderar-a-las-organizaciones-con-una-transicion-segura-hacia-la-nube\/#breadcrumb\",\"itemListElement\":[{\"@type\":\"ListItem\",\"position\":1,\"name\":\"Home\",\"item\":\"https:\/\/www.capgemini.com\/es-es\/\"},{\"@type\":\"ListItem\",\"position\":2,\"name\":\"Press Releases\",\"item\":\"https:\/\/www.capgemini.com\/es-es\/news\/\"},{\"@type\":\"ListItem\",\"position\":3,\"name\":\"Capgemini y OVHcloud anuncian una alianza global para empoderar a las organizaciones con una transici\u00f3n segura hacia la nube\"}]},{\"@type\":\"WebSite\",\"@id\":\"https:\/\/www.capgemini.com\/es-es\/#website\",\"url\":\"https:\/\/www.capgemini.com\/es-es\/\",\"name\":\"Capgemini Espa\u00f1a\",\"description\":\"Capgemini\",\"potentialAction\":[{\"@type\":\"SearchAction\",\"target\":{\"@type\":\"EntryPoint\",\"urlTemplate\":\"https:\/\/www.capgemini.com\/es-es\/?s={search_term_string}\"},\"query-input\":\"required name=search_term_string\"}],\"inLanguage\":\"es-ES\"}]}<\/script>\n<!-- \/ Yoast SEO Premium plugin. -->","yoast_head_json":{"title":"Capgemini y OVHcloud anuncian una alianza global para empoderar a las organizaciones con una transici\u00f3n segura hacia la nube - Capgemini Spain","robots":{"index":"index","follow":"follow","max-snippet":"max-snippet:-1","max-image-preview":"max-image-preview:large","max-video-preview":"max-video-preview:-1"},"canonical":"https:\/\/www.capgemini.com\/es-es\/noticias\/notas-de-prensa\/capgemini-y-ovhcloud-anuncian-una-alianza-global-para-empoderar-a-las-organizaciones-con-una-transicion-segura-hacia-la-nube\/","og_locale":"es_ES","og_type":"article","og_title":"Capgemini y OVHcloud anuncian una alianza global para empoderar a las organizaciones con una transici\u00f3n segura hacia la nube","og_url":"https:\/\/www.capgemini.com\/es-es\/noticias\/notas-de-prensa\/capgemini-y-ovhcloud-anuncian-una-alianza-global-para-empoderar-a-las-organizaciones-con-una-transicion-segura-hacia-la-nube\/","og_site_name":"Capgemini Spain","article_modified_time":"2025-03-12T08:43:19+00:00","og_image":[{"width":1200,"height":627,"url":"https:\/\/www.capgemini.com\/es-es\/wp-content\/uploads\/sites\/16\/2025\/10\/New-Web-preview-global.jpg","type":"image\/jpeg"}],"twitter_card":"summary_large_image","twitter_misc":{"Est. reading time":"5 minutes"},"schema":{"@context":"https:\/\/schema.org","@graph":[{"@type":"WebPage","@id":"https:\/\/www.capgemini.com\/es-es\/noticias\/notas-de-prensa\/capgemini-y-ovhcloud-anuncian-una-alianza-global-para-empoderar-a-las-organizaciones-con-una-transicion-segura-hacia-la-nube\/","url":"https:\/\/www.capgemini.com\/es-es\/noticias\/notas-de-prensa\/capgemini-y-ovhcloud-anuncian-una-alianza-global-para-empoderar-a-las-organizaciones-con-una-transicion-segura-hacia-la-nube\/","name":"Capgemini y OVHcloud anuncian una alianza global para empoderar a las organizaciones con una transici\u00f3n segura hacia la nube - Capgemini Spain","isPartOf":{"@id":"https:\/\/www.capgemini.com\/es-es\/#website"},"datePublished":"2021-02-16T12:39:00+00:00","dateModified":"2025-03-12T08:43:19+00:00","breadcrumb":{"@id":"https:\/\/www.capgemini.com\/es-es\/noticias\/notas-de-prensa\/capgemini-y-ovhcloud-anuncian-una-alianza-global-para-empoderar-a-las-organizaciones-con-una-transicion-segura-hacia-la-nube\/#breadcrumb"},"inLanguage":"es-ES","potentialAction":[{"@type":"ReadAction","target":["https:\/\/www.capgemini.com\/es-es\/noticias\/notas-de-prensa\/capgemini-y-ovhcloud-anuncian-una-alianza-global-para-empoderar-a-las-organizaciones-con-una-transicion-segura-hacia-la-nube\/"]}]},{"@type":"BreadcrumbList","@id":"https:\/\/www.capgemini.com\/es-es\/noticias\/notas-de-prensa\/capgemini-y-ovhcloud-anuncian-una-alianza-global-para-empoderar-a-las-organizaciones-con-una-transicion-segura-hacia-la-nube\/#breadcrumb","itemListElement":[{"@type":"ListItem","position":1,"name":"Home","item":"https:\/\/www.capgemini.com\/es-es\/"},{"@type":"ListItem","position":2,"name":"Press Releases","item":"https:\/\/www.capgemini.com\/es-es\/news\/"},{"@type":"ListItem","position":3,"name":"Capgemini y OVHcloud anuncian una alianza global para empoderar a las organizaciones con una transici\u00f3n segura hacia la nube"}]},{"@type":"WebSite","@id":"https:\/\/www.capgemini.com\/es-es\/#website","url":"https:\/\/www.capgemini.com\/es-es\/","name":"Capgemini Espa\u00f1a","description":"Capgemini","potentialAction":[{"@type":"SearchAction","target":{"@type":"EntryPoint","urlTemplate":"https:\/\/www.capgemini.com\/es-es\/?s={search_term_string}"},"query-input":"required name=search_term_string"}],"inLanguage":"es-ES"}]}},"parsely":{"version":"1.1.0","canonical_url":"https:\/\/capgemini.com\/es-es\/noticias\/notas-de-prensa\/capgemini-y-ovhcloud-anuncian-una-alianza-global-para-empoderar-a-las-organizaciones-con-una-transicion-segura-hacia-la-nube\/","smart_links":{"inbound":0,"outbound":0},"traffic_boost_suggestions_count":0,"meta":{"@context":"https:\/\/schema.org","@type":"NewsArticle","headline":"Capgemini y OVHcloud anuncian una alianza global para empoderar a las organizaciones con una transici\u00f3n segura hacia la nube","url":"https:\/\/www.capgemini.com\/es-es\/noticias\/notas-de-prensa\/capgemini-y-ovhcloud-anuncian-una-alianza-global-para-empoderar-a-las-organizaciones-con-una-transicion-segura-hacia-la-nube\/","mainEntityOfPage":{"@type":"WebPage","@id":"https:\/\/www.capgemini.com\/es-es\/noticias\/notas-de-prensa\/capgemini-y-ovhcloud-anuncian-una-alianza-global-para-empoderar-a-las-organizaciones-con-una-transicion-segura-hacia-la-nube\/"},"thumbnailUrl":"","image":{"@type":"ImageObject","url":""},"articleSection":"Uncategorized","author":[],"creator":[],"publisher":{"@type":"Organization","name":"Capgemini Spain","logo":""},"keywords":[],"dateCreated":"2021-02-16T12:39:00Z","datePublished":"2021-02-16T12:39:00Z","dateModified":"2025-03-12T08:43:19Z"},"rendered":"<meta name=\"parsely-title\" content=\"Capgemini y OVHcloud anuncian una alianza global para empoderar a las organizaciones con una transici\u00f3n segura hacia la nube\" \/>\n<meta name=\"parsely-link\" content=\"https:\/\/www.capgemini.com\/es-es\/noticias\/notas-de-prensa\/capgemini-y-ovhcloud-anuncian-una-alianza-global-para-empoderar-a-las-organizaciones-con-una-transicion-segura-hacia-la-nube\/\" \/>\n<meta name=\"parsely-type\" content=\"post\" \/>\n<meta name=\"parsely-pub-date\" content=\"2021-02-16T12:39:00Z\" \/>\n<meta name=\"parsely-section\" content=\"Uncategorized\" \/>","tracker_url":"https:\/\/cdn.parsely.com\/keys\/capgemini.com\/p.js"},"archive_status":false,"featured_image_src":"https:\/\/www.capgemini.com\/es-es\/wp-content\/themes\/capgemini2025\/assets\/images\/mockup.png","featured_image_alt":false,"jetpack_sharing_enabled":true,"distributor_meta":false,"distributor_terms":false,"distributor_media":false,"distributor_original_site_name":"Capgemini Spain","distributor_original_site_url":"https:\/\/www.capgemini.com\/es-es","push-errors":false,"tag_names":[],"_links":{"self":[{"href":"https:\/\/www.capgemini.com\/es-es\/wp-json\/wp\/v2\/press-release\/531855","targetHints":{"allow":["GET"]}}],"collection":[{"href":"https:\/\/www.capgemini.com\/es-es\/wp-json\/wp\/v2\/press-release"}],"about":[{"href":"https:\/\/www.capgemini.com\/es-es\/wp-json\/wp\/v2\/types\/press-release"}],"author":[{"embeddable":true,"href":"https:\/\/www.capgemini.com\/es-es\/wp-json\/wp\/v2\/users\/336"}],"version-history":[{"count":2,"href":"https:\/\/www.capgemini.com\/es-es\/wp-json\/wp\/v2\/press-release\/531855\/revisions"}],"predecessor-version":[{"id":568517,"href":"https:\/\/www.capgemini.com\/es-es\/wp-json\/wp\/v2\/press-release\/531855\/revisions\/568517"}],"wp:attachment":[{"href":"https:\/\/www.capgemini.com\/es-es\/wp-json\/wp\/v2\/media?parent=531855"}],"wp:term":[{"taxonomy":"post_tag","embeddable":true,"href":"https:\/\/www.capgemini.com\/es-es\/wp-json\/wp\/v2\/tags?post=531855"},{"taxonomy":"press-release-type","embeddable":true,"href":"https:\/\/www.capgemini.com\/es-es\/wp-json\/wp\/v2\/press-release-type?post=531855"},{"taxonomy":"brand","embeddable":true,"href":"https:\/\/www.capgemini.com\/es-es\/wp-json\/wp\/v2\/brand?post=531855"}],"curies":[{"name":"wp","href":"https:\/\/api.w.org\/{rel}","templated":true}]}}