{"id":531603,"date":"2021-10-21T10:19:00","date_gmt":"2021-10-21T10:19:00","guid":{"rendered":"https:\/\/www.capgemini.com\/es-es\/?post_type=press-release&#038;p=531603"},"modified":"2025-03-12T09:12:59","modified_gmt":"2025-03-12T08:12:59","slug":"capgemini-apoya-la-iniciativa-verified-de-las-naciones-unidas-un-movimiento-de-solidaridad-mundial-para-promover-la-equidad-en-las-vacunas","status":"publish","type":"press-release","link":"https:\/\/www.capgemini.com\/es-es\/noticias\/notas-de-prensa\/capgemini-apoya-la-iniciativa-verified-de-las-naciones-unidas-un-movimiento-de-solidaridad-mundial-para-promover-la-equidad-en-las-vacunas\/","title":{"rendered":"Capgemini apoya la iniciativa \u201cVerified\u201d de las Naciones Unidas, un movimiento de solidaridad mundial para promover la equidad en las vacunas"},"content":{"rendered":"\n<p><\/p>\n\n\n\t\t<div class=\"wp-block-cg-blocks-hero-press-release\">\n\t\t\t<header class=\"header-hero-press-release\" role=\"main\" id=\"main-content-press-release\">\n\t\t\t\t<div class=\"container\">\n\t\t\t\t\t<div class=\"hero-press-release\">\n\t\t\t\t\t\t<div class=\"hero-press-release-content-wrapper\">\n\t\t\t\t\t\t\t<div class=\"row\">\n\t\t\t\t\t\t\t\t<div class=\"col-12\">\n\t\t\t\t\t\t\t\t\t<div class=\"header-title\">\n\t\t\t\t\t\t\t\t\t\t<h1>\n\t\t\t\t\t\t\t\t\t\t\tCapgemini apoya la iniciativa \u201cVerified\u201d de las Naciones Unidas, un movimiento de solidaridad mundial para promover la equidad en las vacunas\t\t\t\t\t\t\t\t\t\t<\/h1>\n\t\t\t\t\t\t\t\t\t<\/div>\n\t\t\t\t\t\t\t\t\t<div class=\"header-description\">\n\t\t\t\t\t\t\t\t\t\t<p><\/p>\n\t\t\t\t\t\t\t\t\t<\/div>\n\t\t\t\t\t\t\t\t\t\t\t\t\t\t\t\t\t\t<div class=\"header-date\">\n\t\t\t\t\t\t\t\t\t\t<span>oct. 21, 2021<\/span>\n\t\t\t\t\t\t\t\t\t<\/div>\n\t\t\t\t\t\t\t\t<\/div>\n\t\t\t\t\t\t\t<\/div>\n\t\t\t\t\t\t<\/div>\n\t\t\t\t\t\t\t\t\t\t\t\t\t<div class=\"hero-press-release-downloads\">\n\t\t\t\t\t\t\t\t<div class=\"row\">\n\t\t\t\t\t\t\t\t\t\t\t\t\t\t\t\t\t\t\t<div class=\"col-12 col-md-6 col-lg-3\">\n\t\t\t\t\t\t\t\t\t\t\t<a class=\"download-item\" type=\"download\" href=\"https:\/\/www.capgemini.com\/es-es\/wp-content\/uploads\/sites\/16\/2022\/12\/NP-Capgemini-apoya-la-iniciativa-Verified-de-las-Naciones-Unidas-un-movimiento-de-solidaridad-mundial-para-promover-la-equidad-en-las-vacunas.pdf\" target=\"_blank\" rel=\"noopener noreferrer\" title=\"Abrir en una nueva ventana\">\n\t\t\t\t\t\t\t\t\t\t\t\t<div class=\"download-icon\"><\/div>\n\t\t\t\t\t\t\t\t\t\t\t\t<div class=\"download-details\">\n\t\t\t\t\t\t\t\t\t\t\t\t\t<div class=\"download-title\">Download press release<\/div>\n\t\t\t\t\t\t\t\t\t\t\t\t\t<div class=\"download-props\">112 KB  pdf<\/div>\n\t\t\t\t\t\t\t\t\t\t\t\t<\/div>\n\t\t\t\t\t\t\t\t\t\t\t<\/a>\n\t\t\t\t\t\t\t\t\t\t<\/div>\n\t\t\t\t\t\t\t\t\t\t\t\t\t\t\t\t\t\t<\/div>\n\t\t\t\t\t\t\t<\/div>\n\t\t\t\t\t\t\t\t\t\t\t\t\t\t\t\t\t\t\t<div class=\"hero-press-release-brand-image\">\n\t\t\t\t\t\t\t\t<img decoding=\"async\" loading=\"lazy\" src=\"https:\/\/www.capgemini.com\/es-es\/wp-content\/themes\/capgemini2025\/assets\/images\/capgemini-white.svg\" alt=\"Logo\" \/>\n\t\t\t\t\t\t\t<\/div>\n\t\t\t\t\t\t\t\t\t\t\t<\/div>\n\t\t\t\t<\/div>\n\t\t\t<\/header>\n\t\t<\/div>\n\t\t\n\n\n<section class=\"wp-block-cg-blocks-group undefined section section--article-content\"><div class=\"article-main-content\"><div class=\"container\"><div class=\"row\"><div class=\"col-12 col-md-1\"><nav class=\"article-social\"><ul class=\"social-nav\"><li class=\"ip-order-fb\"><a href=\"https:\/\/www.facebook.com\/sharer\/sharer.php?u=https:\/\/www.capgemini.com\/es-es\/?post_type=press-release&amp;p=531603\" target=\"_blank\" rel=\"noopener noreferrer\" title=\"abrir en una nueva ventana\"><i aria-hidden=\"true\" class=\"icon-fb\"><\/i><span class=\"sr-only\">Facebook<\/span><\/a><\/li><li class=\"ip-order-tw\"><a href=\"https:\/\/twitter.com\/intent\/tweet?url=https:\/\/www.capgemini.com\/es-es\/?post_type=press-release&amp;p=531603&amp;text=\" target=\"_blank\" rel=\"noopener noreferrer\" title=\"abrir en una nueva ventana\"><i aria-hidden=\"true\" class=\"icon-tw\"><\/i><span class=\"sr-only\">Twitter<\/span><\/a><\/li><li class=\"ip-order-li\"><a href=\"https:\/\/www.linkedin.com\/sharing\/share-offsite\/?url=https:\/\/www.capgemini.com\/es-es\/?post_type=press-release&amp;p=531603&amp;text=\" target=\"_blank\" rel=\"noopener noreferrer\" title=\"abrir en una nueva ventana\"><i aria-hidden=\"true\" class=\"icon-li\"><\/i><span class=\"sr-only\">Linkedin<\/span><\/a><\/li><\/ul><\/nav><\/div><div class=\"col-12 col-md-11 col-lg-10\"><div class=\"article-text article-quote-text\">\n<p><strong>Madrid, 21 de octubre 2021 \u2013 <\/strong><a href=\"https:\/\/www.capgemini.com\/es-es\/\"><strong>Capgemini<\/strong><\/a><strong> se ha unido a la iniciativa de las Naciones Unidas para ayudar a combatir la desinformaci\u00f3n como parte de su compromiso para garantizar el acceso equitativo a la vacunaci\u00f3n contra la COVID-19, especialmente en los pa\u00edses de bajos ingresos.<\/strong><\/p>\n\n\n\n<p>La iniciativa \u201cVerified\u201d fue lanzada por las Naciones Unidas en mayo de 2020 en respuesta a la pandemia, con el objetivo de promover y compartir informaci\u00f3n clara y basada en hechos, y ayudar a fomentar la solidaridad mundial. En 2020, la iniciativa lleg\u00f3 a mil millones de personas en 130 pa\u00edses, en 50 idiomas, trabajando con agencias de la ONU, personas influyentes, sociedad civil, empresas y plataformas de medios sociales.<\/p>\n\n\n\n<p>Capgemini hace una donaci\u00f3n de 1 mill\u00f3n de euros a la <a href=\"https:\/\/unfoundation.org\/\">Fundaci\u00f3n de las Naciones Unidas<\/a> y a la <a href=\"https:\/\/www.dasra.org\/\">Fundaci\u00f3n Impact<\/a> (India) para apoyar las campa\u00f1as de informaci\u00f3n \u201cVerified\u201d a nivel mundial y local. Estas campa\u00f1as son llevadas a cabo por el Departamento de Comunicaciones Globales de la ONU y se centran inicialmente en los pa\u00edses m\u00e1s afectados por la pandemia.<\/p>\n\n\n\n<p>En palabras de Aiman Ezzat, CEO del Grupo Capgemini:<em> \u201cLa falta de equidad en la vacunaci\u00f3n es uno de los mayores obst\u00e1culos del mundo para acabar con esta pandemia y recuperarse de la COVID-19\u201d.<\/em> <em>\u201cHoy en d\u00eda, la desinformaci\u00f3n y la falta de acceso a informaci\u00f3n de salud p\u00fablica con base cient\u00edfica en algunas regiones est\u00e1 impidiendo el acceso equitativo a la vacunaci\u00f3n. Como compa\u00f1\u00eda l\u00edder comprometida con las comunidades en las que vivimos y trabajamos, Capgemini se compromete a apoyar la iniciativa \u201cVerified\u201d.<\/em><\/p>\n\n\n\n<p><em>\u201cAcogemos con satisfacci\u00f3n la importante y generosa contribuci\u00f3n de Capgemini, as\u00ed como su confianza en nuestro trabajo\u201d, <\/em>explica Melissa Fleming, Secretaria General Adjunta de Comunicaciones Globales de las Naciones Unidas.<em> \u201cGarantizar que las personas de todo el mundo puedan acceder a informaci\u00f3n fiable y con base cient\u00edfica sobre las medidas sanitarias y las vacunas contra la COVID-19 ser\u00e1 la verdadera prueba de nuestra capacidad para superar juntos esta pandemia\u201d.<\/em><\/p>\n\n\n\n<p>Esta contribuci\u00f3n muestra el profundo compromiso de Capgemini para garantizar el acceso equitativo a las vacunas, pruebas y tratamientos de la COVID-19 en todo el mundo, desplegado a trav\u00e9s de la <a href=\"https:\/\/www.capgemini.com\/our-company\/our-corporate-social-responsibility-program\/social-response-unit\/\">Unidad de Respuesta Social<\/a> del Grupo. En mayo, Capgemini anunci\u00f3 una aportaci\u00f3n de <a href=\"https:\/\/www.capgemini.com\/news\/capgemini-supports-unicef-in-the-race-to-accelerate-the-covid-19-response\/\">2 millones de euros a UNICEF<\/a> para el Acelerador del Acceso a las Herramientas de COVID-19 (ACT-A), una colaboraci\u00f3n mundial que pretende acelerar el desarrollo, la producci\u00f3n y el acceso equitativo a las pruebas, los tratamientos y las vacunas de la COVID-19, centr\u00e1ndose en particular en la India y Brasil. En nombre del Mecanismo Mundial <a href=\"https:\/\/www.unicef.org\/supply\/covax-ensuring-global-equitable-access-covid-19-vaccines\">COVAX<\/a> (la vertiente de vacunas de ACT-A), UNICEF est\u00e1 dirigiendo la mayor operaci\u00f3n de adquisici\u00f3n y suministro de vacunas jam\u00e1s realizada, con el objetivo de conseguir que 2.000 millones de dosis de la vacuna contra la COVID-19 est\u00e9n disponibles para su distribuci\u00f3n a finales de 2021.<\/p>\n\n\n\n<p><strong>Acerca de Capgemini<\/strong><\/p>\n\n\n\n<p>Capgemini es un l\u00edder mundial que acompa\u00f1a a las empresas para transformar y gestionar su negocio aprovechando el poder de la tecnolog\u00eda. El Grupo se gu\u00eda cada d\u00eda por su prop\u00f3sito de liberar la energ\u00eda humana a trav\u00e9s de la tecnolog\u00eda para construir un futuro inclusivo y sostenible. Es una organizaci\u00f3n responsable y diversa que cuenta con 290.000 profesionales en cerca de 50 pa\u00edses. Con una s\u00f3lida trayectoria de 50 a\u00f1os y su gran conocimiento sectorial, Capgemini es reconocida por sus clientes por la capacidad de respuesta a las necesidades de su negocio, desde la estrategia y el dise\u00f1o hasta la gesti\u00f3n de operaciones, todo ello impulsado por la innovaci\u00f3n en \u00e1reas como el Cloud, los datos, la IA, la conectividad, el software y las plataformas y entornos digitales. En 2020, el Grupo registr\u00f3 unos ingresos globales de 16.000 millones de euros.<\/p>\n\n\n\n<p>GET THE FUTURE YOU WANT \u2013&nbsp; <a href=\"http:\/\/www.capgemini.com\/es-es\">www.capgemini.com\/es-es<\/a><\/p>\n\n\n<div class=\"wp-block-cg-blocks-cg-block-related-content\"><section class=\"relatedContentBlock\"><div class=\"container\"><div class=\"row\"><div class=\"content-title col-12 col-md-8\"><h2 class=\"related-content-heading\">Related News<\/h2><\/div><\/div><div class=\"row relatedContent\"><div class=\"col-lg-4 col-md-6 col-xs-12\">\n\t\t\t\t\t\t\t<div class=\"box\">\n\t\t\t\t\t\t\t\t<a aria-label=\"Saber m\u00e1s sobre Abierta la convocatoria de la VI edici\u00f3n de los Premios Retina ECO, organizados por PRISA Media en colaboraci\u00f3n con Capgemini\" href=\"https:\/\/www.capgemini.com\/es-es\/noticias\/notas-de-prensa\/abierta-la-convocatoria-de-la-vi-edicion-de-los-premios-retina-eco-organizados-por-prisa-media-en-colaboracion-con-capgemini\/\" class=\"anchorWrapper\">\n\t\t\t\t\t\t\t\t\t<span class=\"box-tag\"><span>Corporate news<\/span><\/span>\n\t\t\t\t\t\t\t\t\t<div class=\"box-title\"><h3 class=\"box-subtitle\">Abierta la convocatoria de la VI edici\u00f3n de los Premios Retina ECO, organizados por PRISA Media en colaboraci\u00f3n con Capgemini<\/h3><\/div>\n\t\t\t\t\t\t\t\t\t<div class=\"box-date\">\n\t\t\t\t\t\t\t\t\t\t<span>Mar 12, 2026<\/span>\n\t\t\t\t\t\t\t\t\t<\/div>\n\t\t\t\t\t\t\t\t\t<div class=\"box-bottom\">\n\t\t\t\t\t\t\t\t\t\t&lt;a class=&quot;link-download&quot; href=&quot;https:\/\/www.capgemini.com\/es-es\/wp-content\/uploads\/sites\/16\/2026\/03\/NP-Premios-Retina-2026.pdf&quot; aria-label=&quot;Download Press Release&quot; target=&quot;_blank&quot;  type=&quot;download&quot; title=&quot;Opens in a new window&quot;&gt;\n\t\t\t\t\t\t\t&lt;span&gt;Descargar nota de prensa&lt;\/span&gt;\n\t\t\t\t\t\t\t&lt;span&gt;265 KB PDF&lt;\/span&gt;\n\t\t\t\t\t\t&lt;\/a&gt;\n\t\t\t\t\t\t\t\t\t\t<a class=\"more\" aria-label=\"Saber m\u00e1s sobre Abierta la convocatoria de la VI edici\u00f3n de los Premios Retina ECO, organizados por PRISA Media en colaboraci\u00f3n con Capgemini\" href=\"https:\/\/www.capgemini.com\/es-es\/noticias\/notas-de-prensa\/abierta-la-convocatoria-de-la-vi-edicion-de-los-premios-retina-eco-organizados-por-prisa-media-en-colaboracion-con-capgemini\/\">Saber m\u00e1s sobre<\/a>\n\t\t\t\t\t\t\t\t\t<\/div>\n\t\t\t\t\t\t\t\t<\/a>\n\t\t\t\t\t\t\t<\/div>\n\t\t\t\t\t\t<\/div><div class=\"col-lg-4 col-md-6 col-xs-12\">\n\t\t\t\t\t\t\t<div class=\"box\">\n\t\t\t\t\t\t\t\t<a aria-label=\"Saber m\u00e1s sobre Capgemini adquirir\u00e1 Piterion, empresa independiente l\u00edder en gesti\u00f3n del ciclo de vida del producto y digitalizaci\u00f3n industrial\" href=\"https:\/\/www.capgemini.com\/es-es\/noticias\/notas-de-prensa\/capgemini-adquirira-piterion-empresa-independiente-lider-en-gestion-del-ciclo-de-vida-del-producto\/\" class=\"anchorWrapper\">\n\t\t\t\t\t\t\t\t\t<span class=\"box-tag\"><span>Corporate news<\/span><\/span>\n\t\t\t\t\t\t\t\t\t<div class=\"box-title\"><h3 class=\"box-subtitle\">Capgemini adquirir\u00e1 Piterion, empresa independiente l\u00edder en gesti\u00f3n del ciclo de vida del producto y digitalizaci\u00f3n industrial<\/h3><\/div>\n\t\t\t\t\t\t\t\t\t<div class=\"box-date\">\n\t\t\t\t\t\t\t\t\t\t<span>Mar 10, 2026<\/span>\n\t\t\t\t\t\t\t\t\t<\/div>\n\t\t\t\t\t\t\t\t\t<div class=\"box-bottom\">\n\t\t\t\t\t\t\t\t\t\t&lt;a class=&quot;link-download&quot; href=&quot;https:\/\/www.capgemini.com\/es-es\/wp-content\/uploads\/sites\/16\/2026\/03\/NP-Capgemini-adquirira-Piterion.pdf&quot; aria-label=&quot;Download Press Release&quot; target=&quot;_blank&quot;  type=&quot;download&quot; title=&quot;Opens in a new window&quot;&gt;\n\t\t\t\t\t\t\t&lt;span&gt;Descargar nota de prensa&lt;\/span&gt;\n\t\t\t\t\t\t\t&lt;span&gt;108 KB PDF&lt;\/span&gt;\n\t\t\t\t\t\t&lt;\/a&gt;\n\t\t\t\t\t\t\t\t\t\t<a class=\"more\" aria-label=\"Saber m\u00e1s sobre Capgemini adquirir\u00e1 Piterion, empresa independiente l\u00edder en gesti\u00f3n del ciclo de vida del producto y digitalizaci\u00f3n industrial\" href=\"https:\/\/www.capgemini.com\/es-es\/noticias\/notas-de-prensa\/capgemini-adquirira-piterion-empresa-independiente-lider-en-gestion-del-ciclo-de-vida-del-producto\/\">Saber m\u00e1s sobre<\/a>\n\t\t\t\t\t\t\t\t\t<\/div>\n\t\t\t\t\t\t\t\t<\/a>\n\t\t\t\t\t\t\t<\/div>\n\t\t\t\t\t\t<\/div><div class=\"col-lg-4 col-md-6 col-xs-12\">\n\t\t\t\t\t\t\t<div class=\"box\">\n\t\t\t\t\t\t\t\t<a aria-label=\"Saber m\u00e1s sobre Capgemini nombra a Laurent Perea nuevo Consejero Delegado de Capgemini en Espa\u00f1a\" href=\"https:\/\/www.capgemini.com\/es-es\/noticias\/notas-de-prensa\/capgemini-nombra-a-laurent-perea-nuevo-consejero-delegado-de-capgemini-en-espana\/\" class=\"anchorWrapper\">\n\t\t\t\t\t\t\t\t\t<span class=\"box-tag\"><span>Corporate news<\/span><\/span>\n\t\t\t\t\t\t\t\t\t<div class=\"box-title\"><h3 class=\"box-subtitle\">Capgemini nombra a Laurent Perea nuevo Consejero Delegado de Capgemini en Espa\u00f1a<\/h3><\/div>\n\t\t\t\t\t\t\t\t\t<div class=\"box-date\">\n\t\t\t\t\t\t\t\t\t\t<span>Jan 13, 2026<\/span>\n\t\t\t\t\t\t\t\t\t<\/div>\n\t\t\t\t\t\t\t\t\t<div class=\"box-bottom\">\n\t\t\t\t\t\t\t\t\t\t&lt;a class=&quot;link-download&quot; href=&quot;https:\/\/www.capgemini.com\/es-es\/wp-content\/uploads\/sites\/16\/2026\/01\/NP-Capgemini-nombra-a-Laurent-Perea-consejero-delegado-en-Espana.pdf&quot; aria-label=&quot;Download Press Release&quot; target=&quot;_blank&quot;  type=&quot;download&quot; title=&quot;Opens in a new window&quot;&gt;\n\t\t\t\t\t\t\t&lt;span&gt;Descargar nota de prensa&lt;\/span&gt;\n\t\t\t\t\t\t\t&lt;span&gt;107 KB PDF&lt;\/span&gt;\n\t\t\t\t\t\t&lt;\/a&gt;\n\t\t\t\t\t\t\t\t\t\t<a class=\"more\" aria-label=\"Saber m\u00e1s sobre Capgemini nombra a Laurent Perea nuevo Consejero Delegado de Capgemini en Espa\u00f1a\" href=\"https:\/\/www.capgemini.com\/es-es\/noticias\/notas-de-prensa\/capgemini-nombra-a-laurent-perea-nuevo-consejero-delegado-de-capgemini-en-espana\/\">Saber m\u00e1s sobre<\/a>\n\t\t\t\t\t\t\t\t\t<\/div>\n\t\t\t\t\t\t\t\t<\/a>\n\t\t\t\t\t\t\t<\/div>\n\t\t\t\t\t\t<\/div><\/div><\/div><\/section><\/div><\/div><\/div><\/div><\/div><\/div><\/section>\n","protected":false},"excerpt":{"rendered":"","protected":false},"author":336,"featured_media":0,"template":"","meta":{"cg_dt_proposed_to":[],"cg_seo_hreflang_relations":"[]","cg_seo_canonical_relation":"","cg_seo_hreflang_x_default_relation":"","cg_dt_approved_content":true,"cg_dt_mandatory_content":false,"cg_dt_notes":"","cg_dg_source_changed":false,"cg_dt_link_disabled":false,"footnotes":"","related_resource_url":"https:\/\/www.capgemini.com\/es-es\/wp-content\/uploads\/sites\/16\/2022\/12\/NP-Capgemini-apoya-la-iniciativa-Verified-de-las-Naciones-Unidas-un-movimiento-de-solidaridad-mundial-para-promover-la-equidad-en-las-vacunas.pdf","related_resource_id":531604,"related_resource_size":"112 KB","related_resource_type":"pdf","cg_author":0,"featured_focal_points":""},"tags":[],"press-release-type":[39],"brand":[30],"class_list":["post-531603","press-release","type-press-release","status-publish","hentry","press-release-type-corporate-news","brand-capgemini"],"yoast_head":"<!-- This site is optimized with the Yoast SEO Premium plugin v22.8 (Yoast SEO v22.8) - https:\/\/yoast.com\/wordpress\/plugins\/seo\/ -->\n<title>Capgemini apoya la iniciativa \u201cVerified\u201d de las Naciones Unidas, un movimiento de solidaridad mundial para promover la equidad en las vacunas - Capgemini Spain<\/title>\n<meta name=\"robots\" content=\"index, follow, max-snippet:-1, max-image-preview:large, max-video-preview:-1\" \/>\n<link rel=\"canonical\" href=\"https:\/\/www.capgemini.com\/es-es\/noticias\/notas-de-prensa\/capgemini-apoya-la-iniciativa-verified-de-las-naciones-unidas-un-movimiento-de-solidaridad-mundial-para-promover-la-equidad-en-las-vacunas\/\" \/>\n<meta property=\"og:locale\" content=\"es_ES\" \/>\n<meta property=\"og:type\" content=\"article\" \/>\n<meta property=\"og:title\" content=\"Capgemini apoya la iniciativa \u201cVerified\u201d de las Naciones Unidas, un movimiento de solidaridad mundial para promover la equidad en las vacunas\" \/>\n<meta property=\"og:url\" content=\"https:\/\/www.capgemini.com\/es-es\/noticias\/notas-de-prensa\/capgemini-apoya-la-iniciativa-verified-de-las-naciones-unidas-un-movimiento-de-solidaridad-mundial-para-promover-la-equidad-en-las-vacunas\/\" \/>\n<meta property=\"og:site_name\" content=\"Capgemini Spain\" \/>\n<meta property=\"article:modified_time\" content=\"2025-03-12T08:12:59+00:00\" \/>\n<meta property=\"og:image\" content=\"https:\/\/www.capgemini.com\/es-es\/wp-content\/uploads\/sites\/16\/2025\/10\/New-Web-preview-global.jpg\" \/>\n\t<meta property=\"og:image:width\" content=\"1200\" \/>\n\t<meta property=\"og:image:height\" content=\"627\" \/>\n\t<meta property=\"og:image:type\" content=\"image\/jpeg\" \/>\n<meta name=\"twitter:card\" content=\"summary_large_image\" \/>\n<script type=\"application\/ld+json\" class=\"yoast-schema-graph\">{\"@context\":\"https:\/\/schema.org\",\"@graph\":[{\"@type\":\"WebPage\",\"@id\":\"https:\/\/www.capgemini.com\/es-es\/noticias\/notas-de-prensa\/capgemini-apoya-la-iniciativa-verified-de-las-naciones-unidas-un-movimiento-de-solidaridad-mundial-para-promover-la-equidad-en-las-vacunas\/\",\"url\":\"https:\/\/www.capgemini.com\/es-es\/noticias\/notas-de-prensa\/capgemini-apoya-la-iniciativa-verified-de-las-naciones-unidas-un-movimiento-de-solidaridad-mundial-para-promover-la-equidad-en-las-vacunas\/\",\"name\":\"Capgemini apoya la iniciativa \u201cVerified\u201d de las Naciones Unidas, un movimiento de solidaridad mundial para promover la equidad en las vacunas - Capgemini Spain\",\"isPartOf\":{\"@id\":\"https:\/\/www.capgemini.com\/es-es\/#website\"},\"datePublished\":\"2021-10-21T10:19:00+00:00\",\"dateModified\":\"2025-03-12T08:12:59+00:00\",\"breadcrumb\":{\"@id\":\"https:\/\/www.capgemini.com\/es-es\/noticias\/notas-de-prensa\/capgemini-apoya-la-iniciativa-verified-de-las-naciones-unidas-un-movimiento-de-solidaridad-mundial-para-promover-la-equidad-en-las-vacunas\/#breadcrumb\"},\"inLanguage\":\"es-ES\",\"potentialAction\":[{\"@type\":\"ReadAction\",\"target\":[\"https:\/\/www.capgemini.com\/es-es\/noticias\/notas-de-prensa\/capgemini-apoya-la-iniciativa-verified-de-las-naciones-unidas-un-movimiento-de-solidaridad-mundial-para-promover-la-equidad-en-las-vacunas\/\"]}]},{\"@type\":\"BreadcrumbList\",\"@id\":\"https:\/\/www.capgemini.com\/es-es\/noticias\/notas-de-prensa\/capgemini-apoya-la-iniciativa-verified-de-las-naciones-unidas-un-movimiento-de-solidaridad-mundial-para-promover-la-equidad-en-las-vacunas\/#breadcrumb\",\"itemListElement\":[{\"@type\":\"ListItem\",\"position\":1,\"name\":\"Home\",\"item\":\"https:\/\/www.capgemini.com\/es-es\/\"},{\"@type\":\"ListItem\",\"position\":2,\"name\":\"Press Releases\",\"item\":\"https:\/\/www.capgemini.com\/es-es\/news\/\"},{\"@type\":\"ListItem\",\"position\":3,\"name\":\"Capgemini apoya la iniciativa \u201cVerified\u201d de las Naciones Unidas, un movimiento de solidaridad mundial para promover la equidad en las vacunas\"}]},{\"@type\":\"WebSite\",\"@id\":\"https:\/\/www.capgemini.com\/es-es\/#website\",\"url\":\"https:\/\/www.capgemini.com\/es-es\/\",\"name\":\"Capgemini Espa\u00f1a\",\"description\":\"Capgemini\",\"potentialAction\":[{\"@type\":\"SearchAction\",\"target\":{\"@type\":\"EntryPoint\",\"urlTemplate\":\"https:\/\/www.capgemini.com\/es-es\/?s={search_term_string}\"},\"query-input\":\"required name=search_term_string\"}],\"inLanguage\":\"es-ES\"}]}<\/script>\n<!-- \/ Yoast SEO Premium plugin. -->","yoast_head_json":{"title":"Capgemini apoya la iniciativa \u201cVerified\u201d de las Naciones Unidas, un movimiento de solidaridad mundial para promover la equidad en las vacunas - Capgemini Spain","robots":{"index":"index","follow":"follow","max-snippet":"max-snippet:-1","max-image-preview":"max-image-preview:large","max-video-preview":"max-video-preview:-1"},"canonical":"https:\/\/www.capgemini.com\/es-es\/noticias\/notas-de-prensa\/capgemini-apoya-la-iniciativa-verified-de-las-naciones-unidas-un-movimiento-de-solidaridad-mundial-para-promover-la-equidad-en-las-vacunas\/","og_locale":"es_ES","og_type":"article","og_title":"Capgemini apoya la iniciativa \u201cVerified\u201d de las Naciones Unidas, un movimiento de solidaridad mundial para promover la equidad en las vacunas","og_url":"https:\/\/www.capgemini.com\/es-es\/noticias\/notas-de-prensa\/capgemini-apoya-la-iniciativa-verified-de-las-naciones-unidas-un-movimiento-de-solidaridad-mundial-para-promover-la-equidad-en-las-vacunas\/","og_site_name":"Capgemini Spain","article_modified_time":"2025-03-12T08:12:59+00:00","og_image":[{"width":1200,"height":627,"url":"https:\/\/www.capgemini.com\/es-es\/wp-content\/uploads\/sites\/16\/2025\/10\/New-Web-preview-global.jpg","type":"image\/jpeg"}],"twitter_card":"summary_large_image","schema":{"@context":"https:\/\/schema.org","@graph":[{"@type":"WebPage","@id":"https:\/\/www.capgemini.com\/es-es\/noticias\/notas-de-prensa\/capgemini-apoya-la-iniciativa-verified-de-las-naciones-unidas-un-movimiento-de-solidaridad-mundial-para-promover-la-equidad-en-las-vacunas\/","url":"https:\/\/www.capgemini.com\/es-es\/noticias\/notas-de-prensa\/capgemini-apoya-la-iniciativa-verified-de-las-naciones-unidas-un-movimiento-de-solidaridad-mundial-para-promover-la-equidad-en-las-vacunas\/","name":"Capgemini apoya la iniciativa \u201cVerified\u201d de las Naciones Unidas, un movimiento de solidaridad mundial para promover la equidad en las vacunas - Capgemini Spain","isPartOf":{"@id":"https:\/\/www.capgemini.com\/es-es\/#website"},"datePublished":"2021-10-21T10:19:00+00:00","dateModified":"2025-03-12T08:12:59+00:00","breadcrumb":{"@id":"https:\/\/www.capgemini.com\/es-es\/noticias\/notas-de-prensa\/capgemini-apoya-la-iniciativa-verified-de-las-naciones-unidas-un-movimiento-de-solidaridad-mundial-para-promover-la-equidad-en-las-vacunas\/#breadcrumb"},"inLanguage":"es-ES","potentialAction":[{"@type":"ReadAction","target":["https:\/\/www.capgemini.com\/es-es\/noticias\/notas-de-prensa\/capgemini-apoya-la-iniciativa-verified-de-las-naciones-unidas-un-movimiento-de-solidaridad-mundial-para-promover-la-equidad-en-las-vacunas\/"]}]},{"@type":"BreadcrumbList","@id":"https:\/\/www.capgemini.com\/es-es\/noticias\/notas-de-prensa\/capgemini-apoya-la-iniciativa-verified-de-las-naciones-unidas-un-movimiento-de-solidaridad-mundial-para-promover-la-equidad-en-las-vacunas\/#breadcrumb","itemListElement":[{"@type":"ListItem","position":1,"name":"Home","item":"https:\/\/www.capgemini.com\/es-es\/"},{"@type":"ListItem","position":2,"name":"Press Releases","item":"https:\/\/www.capgemini.com\/es-es\/news\/"},{"@type":"ListItem","position":3,"name":"Capgemini apoya la iniciativa \u201cVerified\u201d de las Naciones Unidas, un movimiento de solidaridad mundial para promover la equidad en las vacunas"}]},{"@type":"WebSite","@id":"https:\/\/www.capgemini.com\/es-es\/#website","url":"https:\/\/www.capgemini.com\/es-es\/","name":"Capgemini Espa\u00f1a","description":"Capgemini","potentialAction":[{"@type":"SearchAction","target":{"@type":"EntryPoint","urlTemplate":"https:\/\/www.capgemini.com\/es-es\/?s={search_term_string}"},"query-input":"required name=search_term_string"}],"inLanguage":"es-ES"}]}},"parsely":{"version":"1.1.0","canonical_url":"https:\/\/capgemini.com\/es-es\/noticias\/notas-de-prensa\/capgemini-apoya-la-iniciativa-verified-de-las-naciones-unidas-un-movimiento-de-solidaridad-mundial-para-promover-la-equidad-en-las-vacunas\/","smart_links":{"inbound":0,"outbound":0},"traffic_boost_suggestions_count":0,"meta":{"@context":"https:\/\/schema.org","@type":"NewsArticle","headline":"Capgemini apoya la iniciativa \u201cVerified\u201d de las Naciones Unidas, un movimiento de solidaridad mundial para promover la equidad en las vacunas","url":"https:\/\/www.capgemini.com\/es-es\/noticias\/notas-de-prensa\/capgemini-apoya-la-iniciativa-verified-de-las-naciones-unidas-un-movimiento-de-solidaridad-mundial-para-promover-la-equidad-en-las-vacunas\/","mainEntityOfPage":{"@type":"WebPage","@id":"https:\/\/www.capgemini.com\/es-es\/noticias\/notas-de-prensa\/capgemini-apoya-la-iniciativa-verified-de-las-naciones-unidas-un-movimiento-de-solidaridad-mundial-para-promover-la-equidad-en-las-vacunas\/"},"thumbnailUrl":"","image":{"@type":"ImageObject","url":""},"articleSection":"Uncategorized","author":[],"creator":[],"publisher":{"@type":"Organization","name":"Capgemini Spain","logo":""},"keywords":[],"dateCreated":"2021-10-21T10:19:00Z","datePublished":"2021-10-21T10:19:00Z","dateModified":"2025-03-12T08:12:59Z"},"rendered":"<meta name=\"parsely-title\" content=\"Capgemini apoya la iniciativa \u201cVerified\u201d de las Naciones Unidas, un movimiento de solidaridad mundial para promover la equidad en las vacunas\" \/>\n<meta name=\"parsely-link\" content=\"https:\/\/www.capgemini.com\/es-es\/noticias\/notas-de-prensa\/capgemini-apoya-la-iniciativa-verified-de-las-naciones-unidas-un-movimiento-de-solidaridad-mundial-para-promover-la-equidad-en-las-vacunas\/\" \/>\n<meta name=\"parsely-type\" content=\"post\" \/>\n<meta name=\"parsely-pub-date\" content=\"2021-10-21T10:19:00Z\" \/>\n<meta name=\"parsely-section\" content=\"Uncategorized\" \/>","tracker_url":"https:\/\/cdn.parsely.com\/keys\/capgemini.com\/p.js"},"archive_status":false,"featured_image_src":"https:\/\/www.capgemini.com\/es-es\/wp-content\/themes\/capgemini2025\/assets\/images\/mockup.png","featured_image_alt":false,"jetpack_sharing_enabled":true,"distributor_meta":false,"distributor_terms":false,"distributor_media":false,"distributor_original_site_name":"Capgemini Spain","distributor_original_site_url":"https:\/\/www.capgemini.com\/es-es","push-errors":false,"tag_names":[],"_links":{"self":[{"href":"https:\/\/www.capgemini.com\/es-es\/wp-json\/wp\/v2\/press-release\/531603","targetHints":{"allow":["GET"]}}],"collection":[{"href":"https:\/\/www.capgemini.com\/es-es\/wp-json\/wp\/v2\/press-release"}],"about":[{"href":"https:\/\/www.capgemini.com\/es-es\/wp-json\/wp\/v2\/types\/press-release"}],"author":[{"embeddable":true,"href":"https:\/\/www.capgemini.com\/es-es\/wp-json\/wp\/v2\/users\/336"}],"version-history":[{"count":2,"href":"https:\/\/www.capgemini.com\/es-es\/wp-json\/wp\/v2\/press-release\/531603\/revisions"}],"predecessor-version":[{"id":568339,"href":"https:\/\/www.capgemini.com\/es-es\/wp-json\/wp\/v2\/press-release\/531603\/revisions\/568339"}],"wp:attachment":[{"href":"https:\/\/www.capgemini.com\/es-es\/wp-json\/wp\/v2\/media?parent=531603"}],"wp:term":[{"taxonomy":"post_tag","embeddable":true,"href":"https:\/\/www.capgemini.com\/es-es\/wp-json\/wp\/v2\/tags?post=531603"},{"taxonomy":"press-release-type","embeddable":true,"href":"https:\/\/www.capgemini.com\/es-es\/wp-json\/wp\/v2\/press-release-type?post=531603"},{"taxonomy":"brand","embeddable":true,"href":"https:\/\/www.capgemini.com\/es-es\/wp-json\/wp\/v2\/brand?post=531603"}],"curies":[{"name":"wp","href":"https:\/\/api.w.org\/{rel}","templated":true}]}}