{"id":531465,"date":"2022-05-10T08:58:00","date_gmt":"2022-05-10T08:58:00","guid":{"rendered":"https:\/\/www.capgemini.com\/es-es\/?post_type=press-release&#038;p=531465"},"modified":"2025-03-12T08:56:25","modified_gmt":"2025-03-12T07:56:25","slug":"capgemini-ha-sido-seleccionada-por-airbus-para-implementar-un-programa-de-transformacion-del-cloud-a-gran-escala-que-impulse-la-innovacion-y-la-sostenibilidad","status":"publish","type":"press-release","link":"https:\/\/www.capgemini.com\/es-es\/noticias\/notas-de-prensa\/capgemini-ha-sido-seleccionada-por-airbus-para-implementar-un-programa-de-transformacion-del-cloud-a-gran-escala-que-impulse-la-innovacion-y-la-sostenibilidad\/","title":{"rendered":"Capgemini ha sido seleccionada por Airbus para implementar un programa de transformaci\u00f3n del Cloud a gran escala que impulse la innovaci\u00f3n y la sostenibilidad"},"content":{"rendered":"\n<p><\/p>\n\n\n\t\t<div class=\"wp-block-cg-blocks-hero-press-release\">\n\t\t\t<header class=\"header-hero-press-release\" role=\"main\" id=\"main-content-press-release\">\n\t\t\t\t<div class=\"container\">\n\t\t\t\t\t<div class=\"hero-press-release\">\n\t\t\t\t\t\t<div class=\"hero-press-release-content-wrapper\">\n\t\t\t\t\t\t\t<div class=\"row\">\n\t\t\t\t\t\t\t\t<div class=\"col-12\">\n\t\t\t\t\t\t\t\t\t<div class=\"header-title\">\n\t\t\t\t\t\t\t\t\t\t<h1>\n\t\t\t\t\t\t\t\t\t\t\tCapgemini ha sido seleccionada por Airbus para implementar un programa de transformaci\u00f3n del Cloud a gran escala que impulse la innovaci\u00f3n y la sostenibilidad\t\t\t\t\t\t\t\t\t\t<\/h1>\n\t\t\t\t\t\t\t\t\t<\/div>\n\t\t\t\t\t\t\t\t\t<div class=\"header-description\">\n\t\t\t\t\t\t\t\t\t\t<p><\/p>\n\t\t\t\t\t\t\t\t\t<\/div>\n\t\t\t\t\t\t\t\t\t\t\t\t\t\t\t\t\t\t<div class=\"header-date\">\n\t\t\t\t\t\t\t\t\t\t<span>may. 10, 2022<\/span>\n\t\t\t\t\t\t\t\t\t<\/div>\n\t\t\t\t\t\t\t\t<\/div>\n\t\t\t\t\t\t\t<\/div>\n\t\t\t\t\t\t<\/div>\n\t\t\t\t\t\t\t\t\t\t\t\t\t<div class=\"hero-press-release-downloads\">\n\t\t\t\t\t\t\t\t<div class=\"row\">\n\t\t\t\t\t\t\t\t\t\t\t\t\t\t\t\t\t\t\t<div class=\"col-12 col-md-6 col-lg-3\">\n\t\t\t\t\t\t\t\t\t\t\t<a class=\"download-item\" type=\"download\" href=\"https:\/\/www.capgemini.com\/es-es\/wp-content\/uploads\/sites\/16\/2022\/12\/NP-Capgemini-ha-sido-seleccionada-por-Airbus-para-implementar-un-programa-de-transformacion-del-Cloud-a-gran-escala-que-impulse-la-innovacion-y-la-sostenibilida.pdf\" target=\"_blank\" rel=\"noopener noreferrer\" title=\"Abrir en una nueva ventana\">\n\t\t\t\t\t\t\t\t\t\t\t\t<div class=\"download-icon\"><\/div>\n\t\t\t\t\t\t\t\t\t\t\t\t<div class=\"download-details\">\n\t\t\t\t\t\t\t\t\t\t\t\t\t<div class=\"download-title\">Download press release<\/div>\n\t\t\t\t\t\t\t\t\t\t\t\t\t<div class=\"download-props\">91 KB  pdf<\/div>\n\t\t\t\t\t\t\t\t\t\t\t\t<\/div>\n\t\t\t\t\t\t\t\t\t\t\t<\/a>\n\t\t\t\t\t\t\t\t\t\t<\/div>\n\t\t\t\t\t\t\t\t\t\t\t\t\t\t\t\t\t\t<\/div>\n\t\t\t\t\t\t\t<\/div>\n\t\t\t\t\t\t\t\t\t\t\t\t\t\t\t\t\t\t\t<div class=\"hero-press-release-brand-image\">\n\t\t\t\t\t\t\t\t<img decoding=\"async\" loading=\"lazy\" src=\"https:\/\/www.capgemini.com\/es-es\/wp-content\/themes\/capgemini2025\/assets\/images\/capgemini-white.svg\" alt=\"Logo\" \/>\n\t\t\t\t\t\t\t<\/div>\n\t\t\t\t\t\t\t\t\t\t\t<\/div>\n\t\t\t\t<\/div>\n\t\t\t<\/header>\n\t\t<\/div>\n\t\t\n\n\n<section class=\"wp-block-cg-blocks-group undefined section section--article-content\"><div class=\"article-main-content\"><div class=\"container\"><div class=\"row\"><div class=\"col-12 col-md-1\"><nav class=\"article-social\"><ul class=\"social-nav\"><li class=\"ip-order-fb\"><a href=\"https:\/\/www.facebook.com\/sharer\/sharer.php?u=https:\/\/www.capgemini.com\/es-es\/?post_type=press-release&amp;p=531465\" target=\"_blank\" rel=\"noopener noreferrer\" title=\"abrir en una nueva ventana\"><i aria-hidden=\"true\" class=\"icon-fb\"><\/i><span class=\"sr-only\">Facebook<\/span><\/a><\/li><li class=\"ip-order-tw\"><a href=\"https:\/\/twitter.com\/intent\/tweet?url=https:\/\/www.capgemini.com\/es-es\/?post_type=press-release&amp;p=531465&amp;text=\" target=\"_blank\" rel=\"noopener noreferrer\" title=\"abrir en una nueva ventana\"><i aria-hidden=\"true\" class=\"icon-tw\"><\/i><span class=\"sr-only\">Twitter<\/span><\/a><\/li><li class=\"ip-order-li\"><a href=\"https:\/\/www.linkedin.com\/sharing\/share-offsite\/?url=https:\/\/www.capgemini.com\/es-es\/?post_type=press-release&amp;p=531465&amp;text=\" target=\"_blank\" rel=\"noopener noreferrer\" title=\"abrir en una nueva ventana\"><i aria-hidden=\"true\" class=\"icon-li\"><\/i><span class=\"sr-only\">Linkedin<\/span><\/a><\/li><\/ul><\/nav><\/div><div class=\"col-12 col-md-11 col-lg-10\"><div class=\"article-text article-quote-text\">\n<p><em>Capgemini adoptar\u00e1 un enfoque hol\u00edstico de \u201csostenibilidad por dise\u00f1o\u201d para que la funci\u00f3n de servicios en el Cloud alcance la neutralidad de carbono en 2024.<\/em><\/p>\n\n\n\n<p><strong>Madrid, 10 mayo, 2022 \u2013 <\/strong><a href=\"https:\/\/www.capgemini.com\"><strong>Capgemini<\/strong><\/a><strong> ha sido seleccionada por Airbus para llevar a cabo un programa de transformaci\u00f3n del Cloud para sus negocios globales de Aviones y Helic\u00f3pteros Comerciales. Como socio estrat\u00e9gico de Airbus, Capgemini proporcionar\u00e1 a partir de ahora un servicio totalmente integrado en la infraestructura Cloud para el negocio de Airbus..<\/strong><\/p>\n\n\n\n<p>Capgemini impulsar\u00e1 la transformaci\u00f3n de los servicios existentes a trav\u00e9s de la unificaci\u00f3n y la modernizaci\u00f3n, gestionando tanto los sistemas Cloud privados como los p\u00fablicos, as\u00ed como la infraestructura heredada, para lograr la flexibilidad necesaria que satisfaga cualquier necesidad futura de Aviones y Helic\u00f3pteros Comerciales de Airbus.<\/p>\n\n\n\n<p>Adem\u00e1s, Capgemini facilitar\u00e1 la actualizaci\u00f3n de las aplicaciones, trasladando el entorno a una soluci\u00f3n multi-h\u00edbrida en el Cloud. Se desplegar\u00e1 un modelo de \u201cpago por uso\u201d para apoyar la continuidad de la actividad de Airbus, permitiendo al mismo tiempo la flexibilidad.<\/p>\n\n\n\n<p>El programa de transformaci\u00f3n del Cloud h\u00edbrido acelerar\u00e1 nuevas funcionalidades a trav\u00e9s de lanzamientos punteros en los sistemas de TI de Airbus, mientras contribuye a la innovaci\u00f3n a escala para dar soporte a las actividades de producci\u00f3n y las cadenas de suministro de Airbus.<\/p>\n\n\n\n<p>El equipo t\u00e9cnico de Capgemini tambi\u00e9n apoyar\u00e1 al departamento de TI de Airbus en la aceleraci\u00f3n y ampliaci\u00f3n de su hoja de ruta de innovaci\u00f3n. Para ello, se establecer\u00e1 un fondo de innovaci\u00f3n conjunto con Airbus para financiar y probar tecnolog\u00edas emergentes para el negocio de Airbus -como el aprendizaje autom\u00e1tico y la Inteligencia Artificial- que apoyen el objetivo de la compa\u00f1\u00eda de mantenerse a la vanguardia de las tendencias tecnol\u00f3gicas.<\/p>\n\n\n\n<p>Para alinear la prestaci\u00f3n de servicios con los objetivos de sostenibilidad de Airbus, Capgemini proporcionar\u00e1 una plataforma Cloud e infraestructura de \u00faltima generaci\u00f3n, adoptando un enfoque hol\u00edstico de \u201csostenibilidad por dise\u00f1o\u201d que permita lograr una reducci\u00f3n del impacto del carbono de dicha infraestructura en todas las \u00e1reas de negocio. As\u00ed, se pondr\u00e1 en marcha una estrategia Cloud sostenible junto con un plan de acci\u00f3n, haciendo posible que la funci\u00f3n de servicios en el Cloud en los Aviones y Helic\u00f3pteros Comerciales de Airbus alcance la neutralidad de carbono en 2024.<\/p>\n\n\n\n<p><em>\u201c Para los l\u00edderes de la industria la innovaci\u00f3n y la sostenibilidad son las principales prioridades hoy en d\u00eda. Estamos decididos a acompa\u00f1ar los programas actuales y futuros de Airbus centrados en la sostenibilidad aeroespacial y las operaciones resilientes, reuniendo lo mejor de la experiencia de Capgemini en el Cloud junto con los habilitadores de la transformaci\u00f3n y la innovaci\u00f3n\u201d, afirma Nive Bhagat, CEO de los servicios de Cloud e infraestructura de Capgemini y miembro del Comit\u00e9 Ejecutivo del Grupo. \u201cEste acuerdo refleja la posici\u00f3n de Capgemini como socio clave para programas estrat\u00e9gicos de empresas globales que son a su vez l\u00edderes en su sector\u201d.<\/em><\/p>\n\n\n\n<p><strong>Sobre Capgemini<\/strong><\/p>\n\n\n\n<p>Capgemini es un l\u00edder mundial que acompa\u00f1a a las empresas para transformar y gestionar su negocio aprovechando el poder de la tecnolog\u00eda. El Grupo se gu\u00eda cada d\u00eda por su prop\u00f3sito de liberar la energ\u00eda humana a trav\u00e9s de la tecnolog\u00eda para construir un futuro inclusivo y sostenible. Es una organizaci\u00f3n responsable y diversa que cuenta con m\u00e1s de 340.000 profesionales en m\u00e1s de 50 pa\u00edses. Con una s\u00f3lida trayectoria de 55 a\u00f1os y su gran conocimiento sectorial, Capgemini es reconocida por sus clientes por la capacidad de respuesta a las necesidades de su negocio, desde la estrategia y el dise\u00f1o hasta la gesti\u00f3n de operaciones, todo ello impulsado por la innovaci\u00f3n en \u00e1reas como el Cloud, los datos, la IA, la conectividad, el software y las plataformas y entornos digitales. En 2021, el Grupo registr\u00f3 unos ingresos globales de 18.000 millones de euros.<\/p>\n\n\n\n<p>Get The Future You Want |&nbsp;<a href=\"http:\/\/www.capgemini.com#_blank\">www.capgemini.com\/es-es<\/a><\/p>\n\n\n<div class=\"wp-block-cg-blocks-cg-block-related-content\"><section class=\"relatedContentBlock\"><div class=\"container\"><div class=\"row\"><div class=\"content-title col-12 col-md-8\"><h2 class=\"related-content-heading\">Related News<\/h2><\/div><\/div><div class=\"row relatedContent\"><div class=\"col-lg-4 col-md-6 col-xs-12\">\n\t\t\t\t\t\t\t<div class=\"box\">\n\t\t\t\t\t\t\t\t<a aria-label=\"Saber m\u00e1s sobre Capgemini gana dos proyectos del CTTI de la Generalitat de Catalunya para impulsar su digitalizaci\u00f3n y explorar casos de uso innovadores de metaverso e IA\" href=\"https:\/\/www.capgemini.com\/es-es\/noticias\/notas-de-prensa\/capgemini-gana-dos-proyectos-del-ctti-de-la-generalitat-de-catalunya-para-impulsar-su-digitalizacion-y-explorar-casos-de-uso-innovadores-de-metaverso-e-ia\/\" class=\"anchorWrapper\">\n\t\t\t\t\t\t\t\t\t<span class=\"box-tag\"><span>Contract Win\/ Clients<\/span><\/span>\n\t\t\t\t\t\t\t\t\t<div class=\"box-title\"><h3 class=\"box-subtitle\">Capgemini gana dos proyectos del CTTI de la Generalitat de Catalunya para impulsar su digitalizaci\u00f3n y explorar casos de uso innovadores de metaverso e IA<\/h3><\/div>\n\t\t\t\t\t\t\t\t\t<div class=\"box-date\">\n\t\t\t\t\t\t\t\t\t\t<span>May 31, 2023<\/span>\n\t\t\t\t\t\t\t\t\t<\/div>\n\t\t\t\t\t\t\t\t\t<div class=\"box-bottom\">\n\t\t\t\t\t\t\t\t\t\t&lt;a class=&quot;link-download&quot; href=&quot;https:\/\/www.capgemini.com\/es-es\/wp-content\/uploads\/sites\/16\/2024\/09\/NP_Capgemini-gana-dos-contratos-del-CTTI_VF.pdf&quot; aria-label=&quot;Download Press Release&quot; target=&quot;_blank&quot;  type=&quot;download&quot; title=&quot;Opens in a new window&quot;&gt;\n\t\t\t\t\t\t\t&lt;span&gt;Descargar nota de prensa&lt;\/span&gt;\n\t\t\t\t\t\t\t&lt;span&gt;108 KB PDF&lt;\/span&gt;\n\t\t\t\t\t\t&lt;\/a&gt;\n\t\t\t\t\t\t\t\t\t\t<a class=\"more\" aria-label=\"Saber m\u00e1s sobre Capgemini gana dos proyectos del CTTI de la Generalitat de Catalunya para impulsar su digitalizaci\u00f3n y explorar casos de uso innovadores de metaverso e IA\" href=\"https:\/\/www.capgemini.com\/es-es\/noticias\/notas-de-prensa\/capgemini-gana-dos-proyectos-del-ctti-de-la-generalitat-de-catalunya-para-impulsar-su-digitalizacion-y-explorar-casos-de-uso-innovadores-de-metaverso-e-ia\/\">Saber m\u00e1s sobre<\/a>\n\t\t\t\t\t\t\t\t\t<\/div>\n\t\t\t\t\t\t\t\t<\/a>\n\t\t\t\t\t\t\t<\/div>\n\t\t\t\t\t\t<\/div><div class=\"col-lg-4 col-md-6 col-xs-12\">\n\t\t\t\t\t\t\t<div class=\"box\">\n\t\t\t\t\t\t\t\t<a aria-label=\"Saber m\u00e1s sobre El proyecto MAES en Espa\u00f1a: un consorcio liderado por Capgemini \u00a0para incrementar la eficiencia energ\u00e9tica y la seguridad en el sector ferroviario y de transporte vertical\" href=\"https:\/\/www.capgemini.com\/es-es\/noticias\/notas-de-prensa\/el-proyecto-maes-en-espana-un-consorcio-liderado-por-capgemini-para-incrementar-la-eficiencia-energetica-y-la-seguridad-en-el-sector-ferroviario-y-de-transporte-vertical\/\" class=\"anchorWrapper\">\n\t\t\t\t\t\t\t\t\t<span class=\"box-tag\"><span>Contract Win\/ Clients<\/span><\/span>\n\t\t\t\t\t\t\t\t\t<div class=\"box-title\"><h3 class=\"box-subtitle\">El proyecto MAES en Espa\u00f1a: un consorcio liderado por Capgemini \u00a0para incrementar la eficiencia energ\u00e9tica y la seguridad en el sector ferroviario y de transporte vertical<\/h3><\/div>\n\t\t\t\t\t\t\t\t\t<div class=\"box-date\">\n\t\t\t\t\t\t\t\t\t\t<span>Mar 29, 2023<\/span>\n\t\t\t\t\t\t\t\t\t<\/div>\n\t\t\t\t\t\t\t\t\t<div class=\"box-bottom\">\n\t\t\t\t\t\t\t\t\t\t&lt;a class=&quot;link-download&quot; href=&quot;https:\/\/www.capgemini.com\/es-es\/wp-content\/uploads\/sites\/16\/2024\/09\/Proyecto-MAES-en-Espana.pdf&quot; aria-label=&quot;Download Press Release&quot; target=&quot;_blank&quot;  type=&quot;download&quot; title=&quot;Opens in a new window&quot;&gt;\n\t\t\t\t\t\t\t&lt;span&gt;Descargar nota de prensa&lt;\/span&gt;\n\t\t\t\t\t\t\t&lt;span&gt;130 KB PDF&lt;\/span&gt;\n\t\t\t\t\t\t&lt;\/a&gt;\n\t\t\t\t\t\t\t\t\t\t<a class=\"more\" aria-label=\"Saber m\u00e1s sobre El proyecto MAES en Espa\u00f1a: un consorcio liderado por Capgemini \u00a0para incrementar la eficiencia energ\u00e9tica y la seguridad en el sector ferroviario y de transporte vertical\" href=\"https:\/\/www.capgemini.com\/es-es\/noticias\/notas-de-prensa\/el-proyecto-maes-en-espana-un-consorcio-liderado-por-capgemini-para-incrementar-la-eficiencia-energetica-y-la-seguridad-en-el-sector-ferroviario-y-de-transporte-vertical\/\">Saber m\u00e1s sobre<\/a>\n\t\t\t\t\t\t\t\t\t<\/div>\n\t\t\t\t\t\t\t\t<\/a>\n\t\t\t\t\t\t\t<\/div>\n\t\t\t\t\t\t<\/div><div class=\"col-lg-4 col-md-6 col-xs-12\">\n\t\t\t\t\t\t\t<div class=\"box\">\n\t\t\t\t\t\t\t\t<a aria-label=\"Saber m\u00e1s sobre Wallbox renueva con Capgemini en Espa\u00f1a para mejorar la experiencia de usuario final de su plataforma digital\" href=\"https:\/\/www.capgemini.com\/es-es\/noticias\/notas-de-prensa\/wallbox-renueva-con-capgemini-en-espana-para-mejorar-la-experiencia-de-usuario-final-de-su-plataforma-digital\/\" class=\"anchorWrapper\">\n\t\t\t\t\t\t\t\t\t<span class=\"box-tag\"><span>Contract Win\/ Clients<\/span><\/span>\n\t\t\t\t\t\t\t\t\t<div class=\"box-title\"><h3 class=\"box-subtitle\">Wallbox renueva con Capgemini en Espa\u00f1a para mejorar la experiencia de usuario final de su plataforma digital<\/h3><\/div>\n\t\t\t\t\t\t\t\t\t<div class=\"box-date\">\n\t\t\t\t\t\t\t\t\t\t<span>Feb 21, 2023<\/span>\n\t\t\t\t\t\t\t\t\t<\/div>\n\t\t\t\t\t\t\t\t\t<div class=\"box-bottom\">\n\t\t\t\t\t\t\t\t\t\t&lt;a class=&quot;link-download&quot; href=&quot;https:\/\/www.capgemini.com\/es-es\/wp-content\/uploads\/sites\/16\/2024\/09\/NP-Wallbox-renueva-con-Capgemini-en-Espana-para-mejorar-la-experiencia-de-usuario-final-de-su-plataforma-digital_VF-1.pdf&quot; aria-label=&quot;Download Press Release&quot; target=&quot;_blank&quot;  type=&quot;download&quot; title=&quot;Opens in a new window&quot;&gt;\n\t\t\t\t\t\t\t&lt;span&gt;Descargar nota de prensa&lt;\/span&gt;\n\t\t\t\t\t\t\t&lt;span&gt;109 KB PDF&lt;\/span&gt;\n\t\t\t\t\t\t&lt;\/a&gt;\n\t\t\t\t\t\t\t\t\t\t<a class=\"more\" aria-label=\"Saber m\u00e1s sobre Wallbox renueva con Capgemini en Espa\u00f1a para mejorar la experiencia de usuario final de su plataforma digital\" href=\"https:\/\/www.capgemini.com\/es-es\/noticias\/notas-de-prensa\/wallbox-renueva-con-capgemini-en-espana-para-mejorar-la-experiencia-de-usuario-final-de-su-plataforma-digital\/\">Saber m\u00e1s sobre<\/a>\n\t\t\t\t\t\t\t\t\t<\/div>\n\t\t\t\t\t\t\t\t<\/a>\n\t\t\t\t\t\t\t<\/div>\n\t\t\t\t\t\t<\/div><\/div><\/div><\/section><\/div><\/div><\/div><\/div><\/div><\/div><\/section>\n","protected":false},"excerpt":{"rendered":"","protected":false},"author":336,"featured_media":0,"template":"","meta":{"cg_dt_proposed_to":[],"cg_seo_hreflang_relations":"[]","cg_seo_canonical_relation":"","cg_seo_hreflang_x_default_relation":"","cg_dt_approved_content":true,"cg_dt_mandatory_content":false,"cg_dt_notes":"","cg_dg_source_changed":false,"cg_dt_link_disabled":false,"footnotes":"","related_resource_url":"https:\/\/www.capgemini.com\/es-es\/wp-content\/uploads\/sites\/16\/2022\/12\/NP-Capgemini-ha-sido-seleccionada-por-Airbus-para-implementar-un-programa-de-transformacion-del-Cloud-a-gran-escala-que-impulse-la-innovacion-y-la-sostenibilida.pdf","related_resource_id":531466,"related_resource_size":"91 KB","related_resource_type":"pdf","cg_author":0,"featured_focal_points":""},"tags":[],"press-release-type":[37],"brand":[30],"class_list":["post-531465","press-release","type-press-release","status-publish","hentry","press-release-type-contract-win-clients","brand-capgemini"],"yoast_head":"<!-- This site is optimized with the Yoast SEO Premium plugin v22.8 (Yoast SEO v22.8) - https:\/\/yoast.com\/wordpress\/plugins\/seo\/ -->\n<title>Capgemini ha sido seleccionada por Airbus para implementar un programa de transformaci\u00f3n del Cloud a gran escala que impulse la innovaci\u00f3n y la sostenibilidad - Capgemini Spain<\/title>\n<meta name=\"robots\" content=\"index, follow, max-snippet:-1, max-image-preview:large, max-video-preview:-1\" \/>\n<link rel=\"canonical\" href=\"https:\/\/www.capgemini.com\/es-es\/noticias\/notas-de-prensa\/capgemini-ha-sido-seleccionada-por-airbus-para-implementar-un-programa-de-transformacion-del-cloud-a-gran-escala-que-impulse-la-innovacion-y-la-sostenibilidad\/\" \/>\n<meta property=\"og:locale\" content=\"es_ES\" \/>\n<meta property=\"og:type\" content=\"article\" \/>\n<meta property=\"og:title\" content=\"Capgemini ha sido seleccionada por Airbus para implementar un programa de transformaci\u00f3n del Cloud a gran escala que impulse la innovaci\u00f3n y la sostenibilidad\" \/>\n<meta property=\"og:url\" content=\"https:\/\/www.capgemini.com\/es-es\/noticias\/notas-de-prensa\/capgemini-ha-sido-seleccionada-por-airbus-para-implementar-un-programa-de-transformacion-del-cloud-a-gran-escala-que-impulse-la-innovacion-y-la-sostenibilidad\/\" \/>\n<meta property=\"og:site_name\" content=\"Capgemini Spain\" \/>\n<meta property=\"article:modified_time\" content=\"2025-03-12T07:56:25+00:00\" \/>\n<meta property=\"og:image\" content=\"https:\/\/www.capgemini.com\/es-es\/wp-content\/uploads\/sites\/16\/2025\/10\/New-Web-preview-global.jpg\" \/>\n\t<meta property=\"og:image:width\" content=\"1200\" \/>\n\t<meta property=\"og:image:height\" content=\"627\" \/>\n\t<meta property=\"og:image:type\" content=\"image\/jpeg\" \/>\n<meta name=\"twitter:card\" content=\"summary_large_image\" \/>\n<script type=\"application\/ld+json\" class=\"yoast-schema-graph\">{\"@context\":\"https:\/\/schema.org\",\"@graph\":[{\"@type\":\"WebPage\",\"@id\":\"https:\/\/www.capgemini.com\/es-es\/noticias\/notas-de-prensa\/capgemini-ha-sido-seleccionada-por-airbus-para-implementar-un-programa-de-transformacion-del-cloud-a-gran-escala-que-impulse-la-innovacion-y-la-sostenibilidad\/\",\"url\":\"https:\/\/www.capgemini.com\/es-es\/noticias\/notas-de-prensa\/capgemini-ha-sido-seleccionada-por-airbus-para-implementar-un-programa-de-transformacion-del-cloud-a-gran-escala-que-impulse-la-innovacion-y-la-sostenibilidad\/\",\"name\":\"Capgemini ha sido seleccionada por Airbus para implementar un programa de transformaci\u00f3n del Cloud a gran escala que impulse la innovaci\u00f3n y la sostenibilidad - Capgemini Spain\",\"isPartOf\":{\"@id\":\"https:\/\/www.capgemini.com\/es-es\/#website\"},\"datePublished\":\"2022-05-10T08:58:00+00:00\",\"dateModified\":\"2025-03-12T07:56:25+00:00\",\"breadcrumb\":{\"@id\":\"https:\/\/www.capgemini.com\/es-es\/noticias\/notas-de-prensa\/capgemini-ha-sido-seleccionada-por-airbus-para-implementar-un-programa-de-transformacion-del-cloud-a-gran-escala-que-impulse-la-innovacion-y-la-sostenibilidad\/#breadcrumb\"},\"inLanguage\":\"es-ES\",\"potentialAction\":[{\"@type\":\"ReadAction\",\"target\":[\"https:\/\/www.capgemini.com\/es-es\/noticias\/notas-de-prensa\/capgemini-ha-sido-seleccionada-por-airbus-para-implementar-un-programa-de-transformacion-del-cloud-a-gran-escala-que-impulse-la-innovacion-y-la-sostenibilidad\/\"]}]},{\"@type\":\"BreadcrumbList\",\"@id\":\"https:\/\/www.capgemini.com\/es-es\/noticias\/notas-de-prensa\/capgemini-ha-sido-seleccionada-por-airbus-para-implementar-un-programa-de-transformacion-del-cloud-a-gran-escala-que-impulse-la-innovacion-y-la-sostenibilidad\/#breadcrumb\",\"itemListElement\":[{\"@type\":\"ListItem\",\"position\":1,\"name\":\"Home\",\"item\":\"https:\/\/www.capgemini.com\/es-es\/\"},{\"@type\":\"ListItem\",\"position\":2,\"name\":\"Press Releases\",\"item\":\"https:\/\/www.capgemini.com\/es-es\/news\/\"},{\"@type\":\"ListItem\",\"position\":3,\"name\":\"Capgemini ha sido seleccionada por Airbus para implementar un programa de transformaci\u00f3n del Cloud a gran escala que impulse la innovaci\u00f3n y la sostenibilidad\"}]},{\"@type\":\"WebSite\",\"@id\":\"https:\/\/www.capgemini.com\/es-es\/#website\",\"url\":\"https:\/\/www.capgemini.com\/es-es\/\",\"name\":\"Capgemini Espa\u00f1a\",\"description\":\"Capgemini\",\"potentialAction\":[{\"@type\":\"SearchAction\",\"target\":{\"@type\":\"EntryPoint\",\"urlTemplate\":\"https:\/\/www.capgemini.com\/es-es\/?s={search_term_string}\"},\"query-input\":\"required name=search_term_string\"}],\"inLanguage\":\"es-ES\"}]}<\/script>\n<!-- \/ Yoast SEO Premium plugin. -->","yoast_head_json":{"title":"Capgemini ha sido seleccionada por Airbus para implementar un programa de transformaci\u00f3n del Cloud a gran escala que impulse la innovaci\u00f3n y la sostenibilidad - Capgemini Spain","robots":{"index":"index","follow":"follow","max-snippet":"max-snippet:-1","max-image-preview":"max-image-preview:large","max-video-preview":"max-video-preview:-1"},"canonical":"https:\/\/www.capgemini.com\/es-es\/noticias\/notas-de-prensa\/capgemini-ha-sido-seleccionada-por-airbus-para-implementar-un-programa-de-transformacion-del-cloud-a-gran-escala-que-impulse-la-innovacion-y-la-sostenibilidad\/","og_locale":"es_ES","og_type":"article","og_title":"Capgemini ha sido seleccionada por Airbus para implementar un programa de transformaci\u00f3n del Cloud a gran escala que impulse la innovaci\u00f3n y la sostenibilidad","og_url":"https:\/\/www.capgemini.com\/es-es\/noticias\/notas-de-prensa\/capgemini-ha-sido-seleccionada-por-airbus-para-implementar-un-programa-de-transformacion-del-cloud-a-gran-escala-que-impulse-la-innovacion-y-la-sostenibilidad\/","og_site_name":"Capgemini Spain","article_modified_time":"2025-03-12T07:56:25+00:00","og_image":[{"width":1200,"height":627,"url":"https:\/\/www.capgemini.com\/es-es\/wp-content\/uploads\/sites\/16\/2025\/10\/New-Web-preview-global.jpg","type":"image\/jpeg"}],"twitter_card":"summary_large_image","schema":{"@context":"https:\/\/schema.org","@graph":[{"@type":"WebPage","@id":"https:\/\/www.capgemini.com\/es-es\/noticias\/notas-de-prensa\/capgemini-ha-sido-seleccionada-por-airbus-para-implementar-un-programa-de-transformacion-del-cloud-a-gran-escala-que-impulse-la-innovacion-y-la-sostenibilidad\/","url":"https:\/\/www.capgemini.com\/es-es\/noticias\/notas-de-prensa\/capgemini-ha-sido-seleccionada-por-airbus-para-implementar-un-programa-de-transformacion-del-cloud-a-gran-escala-que-impulse-la-innovacion-y-la-sostenibilidad\/","name":"Capgemini ha sido seleccionada por Airbus para implementar un programa de transformaci\u00f3n del Cloud a gran escala que impulse la innovaci\u00f3n y la sostenibilidad - Capgemini Spain","isPartOf":{"@id":"https:\/\/www.capgemini.com\/es-es\/#website"},"datePublished":"2022-05-10T08:58:00+00:00","dateModified":"2025-03-12T07:56:25+00:00","breadcrumb":{"@id":"https:\/\/www.capgemini.com\/es-es\/noticias\/notas-de-prensa\/capgemini-ha-sido-seleccionada-por-airbus-para-implementar-un-programa-de-transformacion-del-cloud-a-gran-escala-que-impulse-la-innovacion-y-la-sostenibilidad\/#breadcrumb"},"inLanguage":"es-ES","potentialAction":[{"@type":"ReadAction","target":["https:\/\/www.capgemini.com\/es-es\/noticias\/notas-de-prensa\/capgemini-ha-sido-seleccionada-por-airbus-para-implementar-un-programa-de-transformacion-del-cloud-a-gran-escala-que-impulse-la-innovacion-y-la-sostenibilidad\/"]}]},{"@type":"BreadcrumbList","@id":"https:\/\/www.capgemini.com\/es-es\/noticias\/notas-de-prensa\/capgemini-ha-sido-seleccionada-por-airbus-para-implementar-un-programa-de-transformacion-del-cloud-a-gran-escala-que-impulse-la-innovacion-y-la-sostenibilidad\/#breadcrumb","itemListElement":[{"@type":"ListItem","position":1,"name":"Home","item":"https:\/\/www.capgemini.com\/es-es\/"},{"@type":"ListItem","position":2,"name":"Press Releases","item":"https:\/\/www.capgemini.com\/es-es\/news\/"},{"@type":"ListItem","position":3,"name":"Capgemini ha sido seleccionada por Airbus para implementar un programa de transformaci\u00f3n del Cloud a gran escala que impulse la innovaci\u00f3n y la sostenibilidad"}]},{"@type":"WebSite","@id":"https:\/\/www.capgemini.com\/es-es\/#website","url":"https:\/\/www.capgemini.com\/es-es\/","name":"Capgemini Espa\u00f1a","description":"Capgemini","potentialAction":[{"@type":"SearchAction","target":{"@type":"EntryPoint","urlTemplate":"https:\/\/www.capgemini.com\/es-es\/?s={search_term_string}"},"query-input":"required name=search_term_string"}],"inLanguage":"es-ES"}]}},"parsely":{"version":"1.1.0","canonical_url":"https:\/\/capgemini.com\/es-es\/noticias\/notas-de-prensa\/capgemini-ha-sido-seleccionada-por-airbus-para-implementar-un-programa-de-transformacion-del-cloud-a-gran-escala-que-impulse-la-innovacion-y-la-sostenibilidad\/","smart_links":{"inbound":0,"outbound":0},"traffic_boost_suggestions_count":0,"meta":{"@context":"https:\/\/schema.org","@type":"NewsArticle","headline":"Capgemini ha sido seleccionada por Airbus para implementar un programa de transformaci\u00f3n del Cloud a gran escala que impulse la innovaci\u00f3n y la sostenibilidad","url":"https:\/\/www.capgemini.com\/es-es\/noticias\/notas-de-prensa\/capgemini-ha-sido-seleccionada-por-airbus-para-implementar-un-programa-de-transformacion-del-cloud-a-gran-escala-que-impulse-la-innovacion-y-la-sostenibilidad\/","mainEntityOfPage":{"@type":"WebPage","@id":"https:\/\/www.capgemini.com\/es-es\/noticias\/notas-de-prensa\/capgemini-ha-sido-seleccionada-por-airbus-para-implementar-un-programa-de-transformacion-del-cloud-a-gran-escala-que-impulse-la-innovacion-y-la-sostenibilidad\/"},"thumbnailUrl":"","image":{"@type":"ImageObject","url":""},"articleSection":"Uncategorized","author":[],"creator":[],"publisher":{"@type":"Organization","name":"Capgemini Spain","logo":""},"keywords":[],"dateCreated":"2022-05-10T08:58:00Z","datePublished":"2022-05-10T08:58:00Z","dateModified":"2025-03-12T07:56:25Z"},"rendered":"<meta name=\"parsely-title\" content=\"Capgemini ha sido seleccionada por Airbus para implementar un programa de transformaci\u00f3n del Cloud a gran escala que impulse la innovaci\u00f3n y la sostenibilidad\" \/>\n<meta name=\"parsely-link\" content=\"https:\/\/www.capgemini.com\/es-es\/noticias\/notas-de-prensa\/capgemini-ha-sido-seleccionada-por-airbus-para-implementar-un-programa-de-transformacion-del-cloud-a-gran-escala-que-impulse-la-innovacion-y-la-sostenibilidad\/\" \/>\n<meta name=\"parsely-type\" content=\"post\" \/>\n<meta name=\"parsely-pub-date\" content=\"2022-05-10T08:58:00Z\" \/>\n<meta name=\"parsely-section\" content=\"Uncategorized\" \/>","tracker_url":"https:\/\/cdn.parsely.com\/keys\/capgemini.com\/p.js"},"archive_status":false,"featured_image_src":"https:\/\/www.capgemini.com\/es-es\/wp-content\/themes\/capgemini2025\/assets\/images\/mockup.png","featured_image_alt":false,"jetpack_sharing_enabled":true,"distributor_meta":false,"distributor_terms":false,"distributor_media":false,"distributor_original_site_name":"Capgemini Spain","distributor_original_site_url":"https:\/\/www.capgemini.com\/es-es","push-errors":false,"tag_names":[],"_links":{"self":[{"href":"https:\/\/www.capgemini.com\/es-es\/wp-json\/wp\/v2\/press-release\/531465","targetHints":{"allow":["GET"]}}],"collection":[{"href":"https:\/\/www.capgemini.com\/es-es\/wp-json\/wp\/v2\/press-release"}],"about":[{"href":"https:\/\/www.capgemini.com\/es-es\/wp-json\/wp\/v2\/types\/press-release"}],"author":[{"embeddable":true,"href":"https:\/\/www.capgemini.com\/es-es\/wp-json\/wp\/v2\/users\/336"}],"version-history":[{"count":2,"href":"https:\/\/www.capgemini.com\/es-es\/wp-json\/wp\/v2\/press-release\/531465\/revisions"}],"predecessor-version":[{"id":568234,"href":"https:\/\/www.capgemini.com\/es-es\/wp-json\/wp\/v2\/press-release\/531465\/revisions\/568234"}],"wp:attachment":[{"href":"https:\/\/www.capgemini.com\/es-es\/wp-json\/wp\/v2\/media?parent=531465"}],"wp:term":[{"taxonomy":"post_tag","embeddable":true,"href":"https:\/\/www.capgemini.com\/es-es\/wp-json\/wp\/v2\/tags?post=531465"},{"taxonomy":"press-release-type","embeddable":true,"href":"https:\/\/www.capgemini.com\/es-es\/wp-json\/wp\/v2\/press-release-type?post=531465"},{"taxonomy":"brand","embeddable":true,"href":"https:\/\/www.capgemini.com\/es-es\/wp-json\/wp\/v2\/brand?post=531465"}],"curies":[{"name":"wp","href":"https:\/\/api.w.org\/{rel}","templated":true}]}}