{"id":531452,"date":"2022-05-30T08:51:00","date_gmt":"2022-05-30T08:51:00","guid":{"rendered":"https:\/\/www.capgemini.com\/es-es\/?post_type=press-release&#038;p=531452"},"modified":"2025-03-12T08:55:11","modified_gmt":"2025-03-12T07:55:11","slug":"capgemini-abre-nuevos-centros-especializados-en-servicios-de-ciberseguridad-y-cloud-en-malaga","status":"publish","type":"press-release","link":"https:\/\/www.capgemini.com\/es-es\/noticias\/notas-de-prensa\/capgemini-abre-nuevos-centros-especializados-en-servicios-de-ciberseguridad-y-cloud-en-malaga\/","title":{"rendered":"Capgemini abre nuevos Centros especializados en servicios de Ciberseguridad y Cloud en M\u00e1laga"},"content":{"rendered":"\n<p><\/p>\n\n\n\t\t<div class=\"wp-block-cg-blocks-hero-press-release\">\n\t\t\t<header class=\"header-hero-press-release\" role=\"main\" id=\"main-content-press-release\">\n\t\t\t\t<div class=\"container\">\n\t\t\t\t\t<div class=\"hero-press-release\">\n\t\t\t\t\t\t<div class=\"hero-press-release-content-wrapper\">\n\t\t\t\t\t\t\t<div class=\"row\">\n\t\t\t\t\t\t\t\t<div class=\"col-12\">\n\t\t\t\t\t\t\t\t\t<div class=\"header-title\">\n\t\t\t\t\t\t\t\t\t\t<h1>\n\t\t\t\t\t\t\t\t\t\t\tCapgemini abre nuevos Centros especializados en servicios de Ciberseguridad y Cloud en M\u00e1laga\t\t\t\t\t\t\t\t\t\t<\/h1>\n\t\t\t\t\t\t\t\t\t<\/div>\n\t\t\t\t\t\t\t\t\t<div class=\"header-description\">\n\t\t\t\t\t\t\t\t\t\t<p><\/p>\n\t\t\t\t\t\t\t\t\t<\/div>\n\t\t\t\t\t\t\t\t\t\t\t\t\t\t\t\t\t\t<div class=\"header-date\">\n\t\t\t\t\t\t\t\t\t\t<span>may. 30, 2022<\/span>\n\t\t\t\t\t\t\t\t\t<\/div>\n\t\t\t\t\t\t\t\t<\/div>\n\t\t\t\t\t\t\t<\/div>\n\t\t\t\t\t\t<\/div>\n\t\t\t\t\t\t\t\t\t\t\t\t\t<div class=\"hero-press-release-downloads\">\n\t\t\t\t\t\t\t\t<div class=\"row\">\n\t\t\t\t\t\t\t\t\t\t\t\t\t\t\t\t\t\t\t<div class=\"col-12 col-md-6 col-lg-3\">\n\t\t\t\t\t\t\t\t\t\t\t<a class=\"download-item\" type=\"download\" href=\"https:\/\/www.capgemini.com\/es-es\/wp-content\/uploads\/sites\/16\/2022\/12\/NP-Capgemini-abre-una-oficina-para-ofrecer-servicios-de-Ciberseguridad-y-Cloud-en-Malaga.v15.pdf\" target=\"_blank\" rel=\"noopener noreferrer\" title=\"Abrir en una nueva ventana\">\n\t\t\t\t\t\t\t\t\t\t\t\t<div class=\"download-icon\"><\/div>\n\t\t\t\t\t\t\t\t\t\t\t\t<div class=\"download-details\">\n\t\t\t\t\t\t\t\t\t\t\t\t\t<div class=\"download-title\">Download press release<\/div>\n\t\t\t\t\t\t\t\t\t\t\t\t\t<div class=\"download-props\">107 KB  pdf<\/div>\n\t\t\t\t\t\t\t\t\t\t\t\t<\/div>\n\t\t\t\t\t\t\t\t\t\t\t<\/a>\n\t\t\t\t\t\t\t\t\t\t<\/div>\n\t\t\t\t\t\t\t\t\t\t\t\t\t\t\t\t\t\t<\/div>\n\t\t\t\t\t\t\t<\/div>\n\t\t\t\t\t\t\t\t\t\t\t\t\t\t\t\t\t\t\t<div class=\"hero-press-release-brand-image\">\n\t\t\t\t\t\t\t\t<img decoding=\"async\" loading=\"lazy\" src=\"https:\/\/www.capgemini.com\/es-es\/wp-content\/themes\/capgemini2025\/assets\/images\/capgemini-white.svg\" alt=\"Logo\" \/>\n\t\t\t\t\t\t\t<\/div>\n\t\t\t\t\t\t\t\t\t\t\t<\/div>\n\t\t\t\t<\/div>\n\t\t\t<\/header>\n\t\t<\/div>\n\t\t\n\n\n<section class=\"wp-block-cg-blocks-group undefined section section--article-content\"><div class=\"article-main-content\"><div class=\"container\"><div class=\"row\"><div class=\"col-12 col-md-1\"><nav class=\"article-social\"><ul class=\"social-nav\"><li class=\"ip-order-fb\"><a href=\"https:\/\/www.facebook.com\/sharer\/sharer.php?u=https:\/\/www.capgemini.com\/es-es\/?post_type=press-release&amp;p=531452\" target=\"_blank\" rel=\"noopener noreferrer\" title=\"abrir en una nueva ventana\"><i aria-hidden=\"true\" class=\"icon-fb\"><\/i><span class=\"sr-only\">Facebook<\/span><\/a><\/li><li class=\"ip-order-tw\"><a href=\"https:\/\/twitter.com\/intent\/tweet?url=https:\/\/www.capgemini.com\/es-es\/?post_type=press-release&amp;p=531452&amp;text=\" target=\"_blank\" rel=\"noopener noreferrer\" title=\"abrir en una nueva ventana\"><i aria-hidden=\"true\" class=\"icon-tw\"><\/i><span class=\"sr-only\">Twitter<\/span><\/a><\/li><li class=\"ip-order-li\"><a href=\"https:\/\/www.linkedin.com\/sharing\/share-offsite\/?url=https:\/\/www.capgemini.com\/es-es\/?post_type=press-release&amp;p=531452&amp;text=\" target=\"_blank\" rel=\"noopener noreferrer\" title=\"abrir en una nueva ventana\"><i aria-hidden=\"true\" class=\"icon-li\"><\/i><span class=\"sr-only\">Linkedin<\/span><\/a><\/li><\/ul><\/nav><\/div><div class=\"col-12 col-md-11 col-lg-10\"><div class=\"article-text article-quote-text\">\n<p><strong>Paris, Madrid, 30 de mayo 2022 <\/strong>\u2013 <a href=\"https:\/\/www.capgemini.com\/es-es\/\"><strong>Capgemini<\/strong><\/a><strong> ha abierto una nueva oficina en M\u00e1laga con un centro especializado en Ciberdefensa (Cyber Defense&nbsp; Center, CDC por sus siglas en ingl\u00e9s) y un centro especializado en servicios Cloud. EL CDC reforzar\u00e1 la red internacional de <\/strong><a href=\"https:\/\/www.capgemini.com\/services\/cybersecurity\/defend\/\"><strong>Centros de Ciberdefensa<\/strong><\/a><a href=\"#_ftn1\" id=\"_ftnref1\"><strong>[1]<\/strong><\/a><strong> del Grupo con foco en servicios de ciberseguridad impulsados por soluciones de Inteligencia Artificial (IA), seguridad de ERP y &nbsp;respuesta a incidentes. <\/strong><strong>Adem\u00e1s, Capgemini prestar\u00e1 en M\u00e1laga <\/strong><strong>servicios especializados en tecnolog\u00eda cloud para ayudar a las empresas nacionales e internacionales a aprovechar las oportunidades que ofrece el cloud, en su camino hacia una industria inteligente.<\/strong><\/p>\n\n\n\n<p><strong>La nueva oficina est\u00e1 situada en el Parque Tecnol\u00f3gico de Andaluc\u00eda, en M\u00e1laga. El acto de inauguraci\u00f3n, que tuvo lugar el d\u00eda 30 de mayo, estuvo presidido por el Consejero de Transformaci\u00f3n Econ\u00f3mica, Industria, Conocimiento y Universidades de la Junta de Andaluc\u00eda, Rogelio Velasco, y cont\u00f3 con la presencia del alcalde de la ciudad, Francisco de la Torre, as\u00ed como del Consejero Delegado de Capgemini Espa\u00f1a, Luis Abad.<\/strong><\/p>\n\n\n\n<p>El CDC de M\u00e1laga de Capgemini se centrar\u00e1 en la prestaci\u00f3n de servicios de ciberseguridad de pr\u00f3xima generaci\u00f3n impulsados por soluciones de vanguardia, como la Inteligencia Artificial, para asegurar los entornos de Sistemas, Aplicaciones y Productos de Procesamiento de Datos. Adem\u00e1s, en respuesta a la creciente demanda de protecci\u00f3n a trav\u00e9s de estrategia <em>Zero Trust<\/em>, desde el centro se proporcionar\u00e1 servicios de Gesti\u00f3n de Acceso Privilegiado (PAM) y Gesti\u00f3n de Accesos e Identidades (IAM) con IA incorporada y los servicios de seguridad de la red, entre otros.<\/p>\n\n\n\n<p>Adem\u00e1s, la nueva oficina de M\u00e1laga proveer\u00e1 de servicios especializados en tecnolog\u00eda cloud para ayudar a las empresas a optimizar su negocio mediante la adopci\u00f3n del cloud para mejorar la experiencia del cliente, la gesti\u00f3n empresarial y la industria inteligente. En este sentido, dar\u00e1 servicio a clientes de sectores estrat\u00e9gicos, incluyendo todo tipo de infraestructuras cr\u00edticas para el funcionamiento de la sociedad (como energ\u00eda, sanidad, finanzas, defensa e industria).<\/p>\n\n\n\n<p>Nive Bhagat, CEO de Servicios Cloud e Infraestructura de Capgemini y miembro del Comit\u00e9 Ejecutivo del Grupo, explica: <em>\u201cCon la apertura de este nuevo centro en Espa\u00f1a, demostramos una vez m\u00e1s nuestro compromiso por ofrecer a nuestros clientes servicios innovadores en cloud y ciberseguridad, reforzando nuestro conocimiento global combinado con enfoques locales, y tecnolog\u00edas de vanguardia como la Inteligencia Artificial, estrategia Zero Trust e infraestructura como c\u00f3digo para maximizar y proteger sus negocios.\u201d<\/em><\/p>\n\n\n\n<p><em>\u201cLa apertura de este nuevo centro es un paso m\u00e1s en la estrategia de Capgemini en Espa\u00f1a para los pr\u00f3ximos a\u00f1os apalancados en servicios innovadores y de valor para acelerar la transformaci\u00f3n digital de nuestros clientes. Por otro lado, muestra nuestro compromiso con el desarrollo de talento digital en el mercado espa\u00f1ol ofreciendo oportunidades profesionales en un entorno internacional, innovador y diverso\u201d,<\/em> afirma Luis Abad, Consejero Delegado de Capgemini Espa\u00f1a.<\/p>\n\n\n\n<p><strong>NOTA PARA LOS EDITORES<\/strong><\/p>\n\n\n\n<p>EL CDC de M\u00e1laga y los otros CDC de Capgemini se valen de la experiencia global de Capgemini en servicios de alta calidad. Se enfocan en la protecci\u00f3n de datos y la informaci\u00f3n sobre amenazas para ayudar a las organizaciones de todo el mundo a asegurar sus procesos de transformaci\u00f3n digital y cloud, mejorando los recursos de TI y la seguridad operativa. La instalaci\u00f3n de M\u00e1laga desempe\u00f1ar\u00e1 un papel clave en la protecci\u00f3n de las infraestructuras cr\u00edticas en Espa\u00f1a, as\u00ed como de las de car\u00e1cter global.<\/p>\n\n\n\n<p>Este nuevo Centro de Ciberdefensa complementa la red actual de Capgemini que cuenta con catorce CDCs, entre los que se encuentran el CDC de Asturias (Espa\u00f1a), especializado en soluciones cloud e industriales; el CDC de Inverness (Reino Unido), especializado en soluciones farmac\u00e9uticas y forenses; el CDC de Europa del Este, Katowice (Polonia); el CDC de Toulouse (Francia), los CDC de Bangalore y de Mumbai (India), que son los CDC polivalentes del Grupo, siendo este el CDC de Mumbai el m\u00e1s grande del Grupo ya que tambi\u00e9n incluye la factor\u00eda de gesti\u00f3n de identidades y accesos (IAM); el CDC de San Diego (NA); as\u00ed como los CDC sat\u00e9lites en regiones importantes como Australia (Melbourne) y Europa (Par\u00eds en Francia; Utrecht en los Pa\u00edses Bajos).<\/p>\n\n\n\n<p><strong>Acerca de Capgemini<\/strong><\/p>\n\n\n\n<p>Capgemini es un l\u00edder mundial que acompa\u00f1a a las empresas para transformar y gestionar su negocio aprovechando el poder de la tecnolog\u00eda. El Grupo se gu\u00eda cada d\u00eda por su prop\u00f3sito de liberar la energ\u00eda humana a trav\u00e9s de la tecnolog\u00eda para construir un futuro inclusivo y sostenible. Es una organizaci\u00f3n responsable y diversa que cuenta con m\u00e1s de 340.000 profesionales en m\u00e1s de 50 pa\u00edses. Con una s\u00f3lida trayectoria de 55 a\u00f1os y su gran conocimiento sectorial, Capgemini es reconocida por sus clientes por la capacidad de respuesta a las necesidades de su negocio, desde la estrategia y el dise\u00f1o hasta la gesti\u00f3n de operaciones, todo ello impulsado por la innovaci\u00f3n en \u00e1reas como el Cloud, los datos, la IA, la conectividad, el software y las plataformas y entornos digitales. En 2021, el Grupo registr\u00f3 unos ingresos globales de 18.000 millones de euros.<\/p>\n\n\n\n<p>Get The Future You Want |&nbsp; <a href=\"https:\/\/www.capgemini.com\/es-es\/\">www.capgemini.com\/es-es\/<\/a><\/p>\n\n\n\n<p><a href=\"#_ftnref1\" id=\"_ftn1\">[1]<\/a> El enfoque de Capgemini Zero Trust proporciona un marco de seguridad basado en la protecci\u00f3n de datos y activos, los controles basados en pol\u00edticas, la gesti\u00f3n moderna de la identidad, las zonas de seguridad y el control de la red.<\/p>\n\n\n<div class=\"wp-block-cg-blocks-cg-block-related-content\"><section class=\"relatedContentBlock\"><div class=\"container\"><div class=\"row\"><div class=\"content-title col-12 col-md-8\"><h2 class=\"related-content-heading\">Related News<\/h2><\/div><\/div><div class=\"row relatedContent\"><div class=\"col-lg-4 col-md-6 col-xs-12\">\n\t\t\t\t\t\t\t<div class=\"box\">\n\t\t\t\t\t\t\t\t<a aria-label=\"Saber m\u00e1s sobre Abierta la convocatoria de la VI edici\u00f3n de los Premios Retina ECO, organizados por PRISA Media en colaboraci\u00f3n con Capgemini\" href=\"https:\/\/www.capgemini.com\/es-es\/noticias\/notas-de-prensa\/abierta-la-convocatoria-de-la-vi-edicion-de-los-premios-retina-eco-organizados-por-prisa-media-en-colaboracion-con-capgemini\/\" class=\"anchorWrapper\">\n\t\t\t\t\t\t\t\t\t<span class=\"box-tag\"><span>Corporate news<\/span><\/span>\n\t\t\t\t\t\t\t\t\t<div class=\"box-title\"><h3 class=\"box-subtitle\">Abierta la convocatoria de la VI edici\u00f3n de los Premios Retina ECO, organizados por PRISA Media en colaboraci\u00f3n con Capgemini<\/h3><\/div>\n\t\t\t\t\t\t\t\t\t<div class=\"box-date\">\n\t\t\t\t\t\t\t\t\t\t<span>Mar 12, 2026<\/span>\n\t\t\t\t\t\t\t\t\t<\/div>\n\t\t\t\t\t\t\t\t\t<div class=\"box-bottom\">\n\t\t\t\t\t\t\t\t\t\t&lt;a class=&quot;link-download&quot; href=&quot;https:\/\/www.capgemini.com\/es-es\/wp-content\/uploads\/sites\/16\/2026\/03\/NP-Premios-Retina-2026.pdf&quot; aria-label=&quot;Download Press Release&quot; target=&quot;_blank&quot;  type=&quot;download&quot; title=&quot;Opens in a new window&quot;&gt;\n\t\t\t\t\t\t\t&lt;span&gt;Descargar nota de prensa&lt;\/span&gt;\n\t\t\t\t\t\t\t&lt;span&gt;265 KB PDF&lt;\/span&gt;\n\t\t\t\t\t\t&lt;\/a&gt;\n\t\t\t\t\t\t\t\t\t\t<a class=\"more\" aria-label=\"Saber m\u00e1s sobre Abierta la convocatoria de la VI edici\u00f3n de los Premios Retina ECO, organizados por PRISA Media en colaboraci\u00f3n con Capgemini\" href=\"https:\/\/www.capgemini.com\/es-es\/noticias\/notas-de-prensa\/abierta-la-convocatoria-de-la-vi-edicion-de-los-premios-retina-eco-organizados-por-prisa-media-en-colaboracion-con-capgemini\/\">Saber m\u00e1s sobre<\/a>\n\t\t\t\t\t\t\t\t\t<\/div>\n\t\t\t\t\t\t\t\t<\/a>\n\t\t\t\t\t\t\t<\/div>\n\t\t\t\t\t\t<\/div><div class=\"col-lg-4 col-md-6 col-xs-12\">\n\t\t\t\t\t\t\t<div class=\"box\">\n\t\t\t\t\t\t\t\t<a aria-label=\"Saber m\u00e1s sobre Capgemini adquirir\u00e1 Piterion, empresa independiente l\u00edder en gesti\u00f3n del ciclo de vida del producto y digitalizaci\u00f3n industrial\" href=\"https:\/\/www.capgemini.com\/es-es\/noticias\/notas-de-prensa\/capgemini-adquirira-piterion-empresa-independiente-lider-en-gestion-del-ciclo-de-vida-del-producto\/\" class=\"anchorWrapper\">\n\t\t\t\t\t\t\t\t\t<span class=\"box-tag\"><span>Corporate news<\/span><\/span>\n\t\t\t\t\t\t\t\t\t<div class=\"box-title\"><h3 class=\"box-subtitle\">Capgemini adquirir\u00e1 Piterion, empresa independiente l\u00edder en gesti\u00f3n del ciclo de vida del producto y digitalizaci\u00f3n industrial<\/h3><\/div>\n\t\t\t\t\t\t\t\t\t<div class=\"box-date\">\n\t\t\t\t\t\t\t\t\t\t<span>Mar 10, 2026<\/span>\n\t\t\t\t\t\t\t\t\t<\/div>\n\t\t\t\t\t\t\t\t\t<div class=\"box-bottom\">\n\t\t\t\t\t\t\t\t\t\t&lt;a class=&quot;link-download&quot; href=&quot;https:\/\/www.capgemini.com\/es-es\/wp-content\/uploads\/sites\/16\/2026\/03\/NP-Capgemini-adquirira-Piterion.pdf&quot; aria-label=&quot;Download Press Release&quot; target=&quot;_blank&quot;  type=&quot;download&quot; title=&quot;Opens in a new window&quot;&gt;\n\t\t\t\t\t\t\t&lt;span&gt;Descargar nota de prensa&lt;\/span&gt;\n\t\t\t\t\t\t\t&lt;span&gt;108 KB PDF&lt;\/span&gt;\n\t\t\t\t\t\t&lt;\/a&gt;\n\t\t\t\t\t\t\t\t\t\t<a class=\"more\" aria-label=\"Saber m\u00e1s sobre Capgemini adquirir\u00e1 Piterion, empresa independiente l\u00edder en gesti\u00f3n del ciclo de vida del producto y digitalizaci\u00f3n industrial\" href=\"https:\/\/www.capgemini.com\/es-es\/noticias\/notas-de-prensa\/capgemini-adquirira-piterion-empresa-independiente-lider-en-gestion-del-ciclo-de-vida-del-producto\/\">Saber m\u00e1s sobre<\/a>\n\t\t\t\t\t\t\t\t\t<\/div>\n\t\t\t\t\t\t\t\t<\/a>\n\t\t\t\t\t\t\t<\/div>\n\t\t\t\t\t\t<\/div><div class=\"col-lg-4 col-md-6 col-xs-12\">\n\t\t\t\t\t\t\t<div class=\"box\">\n\t\t\t\t\t\t\t\t<a aria-label=\"Saber m\u00e1s sobre Capgemini nombra a Laurent Perea nuevo Consejero Delegado de Capgemini en Espa\u00f1a\" href=\"https:\/\/www.capgemini.com\/es-es\/noticias\/notas-de-prensa\/capgemini-nombra-a-laurent-perea-nuevo-consejero-delegado-de-capgemini-en-espana\/\" class=\"anchorWrapper\">\n\t\t\t\t\t\t\t\t\t<span class=\"box-tag\"><span>Corporate news<\/span><\/span>\n\t\t\t\t\t\t\t\t\t<div class=\"box-title\"><h3 class=\"box-subtitle\">Capgemini nombra a Laurent Perea nuevo Consejero Delegado de Capgemini en Espa\u00f1a<\/h3><\/div>\n\t\t\t\t\t\t\t\t\t<div class=\"box-date\">\n\t\t\t\t\t\t\t\t\t\t<span>Jan 13, 2026<\/span>\n\t\t\t\t\t\t\t\t\t<\/div>\n\t\t\t\t\t\t\t\t\t<div class=\"box-bottom\">\n\t\t\t\t\t\t\t\t\t\t&lt;a class=&quot;link-download&quot; href=&quot;https:\/\/www.capgemini.com\/es-es\/wp-content\/uploads\/sites\/16\/2026\/01\/NP-Capgemini-nombra-a-Laurent-Perea-consejero-delegado-en-Espana.pdf&quot; aria-label=&quot;Download Press Release&quot; target=&quot;_blank&quot;  type=&quot;download&quot; title=&quot;Opens in a new window&quot;&gt;\n\t\t\t\t\t\t\t&lt;span&gt;Descargar nota de prensa&lt;\/span&gt;\n\t\t\t\t\t\t\t&lt;span&gt;107 KB PDF&lt;\/span&gt;\n\t\t\t\t\t\t&lt;\/a&gt;\n\t\t\t\t\t\t\t\t\t\t<a class=\"more\" aria-label=\"Saber m\u00e1s sobre Capgemini nombra a Laurent Perea nuevo Consejero Delegado de Capgemini en Espa\u00f1a\" href=\"https:\/\/www.capgemini.com\/es-es\/noticias\/notas-de-prensa\/capgemini-nombra-a-laurent-perea-nuevo-consejero-delegado-de-capgemini-en-espana\/\">Saber m\u00e1s sobre<\/a>\n\t\t\t\t\t\t\t\t\t<\/div>\n\t\t\t\t\t\t\t\t<\/a>\n\t\t\t\t\t\t\t<\/div>\n\t\t\t\t\t\t<\/div><\/div><\/div><\/section><\/div><\/div><\/div><\/div><\/div><\/div><\/section>\n","protected":false},"excerpt":{"rendered":"","protected":false},"author":336,"featured_media":0,"template":"","meta":{"cg_dt_proposed_to":[],"cg_seo_hreflang_relations":"[]","cg_seo_canonical_relation":"","cg_seo_hreflang_x_default_relation":"","cg_dt_approved_content":true,"cg_dt_mandatory_content":false,"cg_dt_notes":"","cg_dg_source_changed":false,"cg_dt_link_disabled":false,"footnotes":"","related_resource_url":"https:\/\/www.capgemini.com\/es-es\/wp-content\/uploads\/sites\/16\/2022\/12\/NP-Capgemini-abre-una-oficina-para-ofrecer-servicios-de-Ciberseguridad-y-Cloud-en-Malaga.v15.pdf","related_resource_id":531453,"related_resource_size":"107 KB","related_resource_type":"pdf","cg_author":0,"featured_focal_points":""},"tags":[],"press-release-type":[39],"brand":[30],"class_list":["post-531452","press-release","type-press-release","status-publish","hentry","press-release-type-corporate-news","brand-capgemini"],"yoast_head":"<!-- This site is optimized with the Yoast SEO Premium plugin v22.8 (Yoast SEO v22.8) - https:\/\/yoast.com\/wordpress\/plugins\/seo\/ -->\n<title>Capgemini abre nuevos Centros especializados en servicios de Ciberseguridad y Cloud en M\u00e1laga - Capgemini Spain<\/title>\n<meta name=\"robots\" content=\"index, follow, max-snippet:-1, max-image-preview:large, max-video-preview:-1\" \/>\n<link rel=\"canonical\" href=\"https:\/\/www.capgemini.com\/es-es\/noticias\/notas-de-prensa\/capgemini-abre-nuevos-centros-especializados-en-servicios-de-ciberseguridad-y-cloud-en-malaga\/\" \/>\n<meta property=\"og:locale\" content=\"es_ES\" \/>\n<meta property=\"og:type\" content=\"article\" \/>\n<meta property=\"og:title\" content=\"Capgemini abre nuevos Centros especializados en servicios de Ciberseguridad y Cloud en M\u00e1laga\" \/>\n<meta property=\"og:url\" content=\"https:\/\/www.capgemini.com\/es-es\/noticias\/notas-de-prensa\/capgemini-abre-nuevos-centros-especializados-en-servicios-de-ciberseguridad-y-cloud-en-malaga\/\" \/>\n<meta property=\"og:site_name\" content=\"Capgemini Spain\" \/>\n<meta property=\"article:modified_time\" content=\"2025-03-12T07:55:11+00:00\" \/>\n<meta property=\"og:image\" content=\"https:\/\/www.capgemini.com\/es-es\/wp-content\/uploads\/sites\/16\/2025\/10\/New-Web-preview-global.jpg\" \/>\n\t<meta property=\"og:image:width\" content=\"1200\" \/>\n\t<meta property=\"og:image:height\" content=\"627\" \/>\n\t<meta property=\"og:image:type\" content=\"image\/jpeg\" \/>\n<meta name=\"twitter:card\" content=\"summary_large_image\" \/>\n<script type=\"application\/ld+json\" class=\"yoast-schema-graph\">{\"@context\":\"https:\/\/schema.org\",\"@graph\":[{\"@type\":\"WebPage\",\"@id\":\"https:\/\/www.capgemini.com\/es-es\/noticias\/notas-de-prensa\/capgemini-abre-nuevos-centros-especializados-en-servicios-de-ciberseguridad-y-cloud-en-malaga\/\",\"url\":\"https:\/\/www.capgemini.com\/es-es\/noticias\/notas-de-prensa\/capgemini-abre-nuevos-centros-especializados-en-servicios-de-ciberseguridad-y-cloud-en-malaga\/\",\"name\":\"Capgemini abre nuevos Centros especializados en servicios de Ciberseguridad y Cloud en M\u00e1laga - Capgemini Spain\",\"isPartOf\":{\"@id\":\"https:\/\/www.capgemini.com\/es-es\/#website\"},\"datePublished\":\"2022-05-30T08:51:00+00:00\",\"dateModified\":\"2025-03-12T07:55:11+00:00\",\"breadcrumb\":{\"@id\":\"https:\/\/www.capgemini.com\/es-es\/noticias\/notas-de-prensa\/capgemini-abre-nuevos-centros-especializados-en-servicios-de-ciberseguridad-y-cloud-en-malaga\/#breadcrumb\"},\"inLanguage\":\"es-ES\",\"potentialAction\":[{\"@type\":\"ReadAction\",\"target\":[\"https:\/\/www.capgemini.com\/es-es\/noticias\/notas-de-prensa\/capgemini-abre-nuevos-centros-especializados-en-servicios-de-ciberseguridad-y-cloud-en-malaga\/\"]}]},{\"@type\":\"BreadcrumbList\",\"@id\":\"https:\/\/www.capgemini.com\/es-es\/noticias\/notas-de-prensa\/capgemini-abre-nuevos-centros-especializados-en-servicios-de-ciberseguridad-y-cloud-en-malaga\/#breadcrumb\",\"itemListElement\":[{\"@type\":\"ListItem\",\"position\":1,\"name\":\"Home\",\"item\":\"https:\/\/www.capgemini.com\/es-es\/\"},{\"@type\":\"ListItem\",\"position\":2,\"name\":\"Press Releases\",\"item\":\"https:\/\/www.capgemini.com\/es-es\/news\/\"},{\"@type\":\"ListItem\",\"position\":3,\"name\":\"Capgemini abre nuevos Centros especializados en servicios de Ciberseguridad y Cloud en M\u00e1laga\"}]},{\"@type\":\"WebSite\",\"@id\":\"https:\/\/www.capgemini.com\/es-es\/#website\",\"url\":\"https:\/\/www.capgemini.com\/es-es\/\",\"name\":\"Capgemini Espa\u00f1a\",\"description\":\"Capgemini\",\"potentialAction\":[{\"@type\":\"SearchAction\",\"target\":{\"@type\":\"EntryPoint\",\"urlTemplate\":\"https:\/\/www.capgemini.com\/es-es\/?s={search_term_string}\"},\"query-input\":\"required name=search_term_string\"}],\"inLanguage\":\"es-ES\"}]}<\/script>\n<!-- \/ Yoast SEO Premium plugin. -->","yoast_head_json":{"title":"Capgemini abre nuevos Centros especializados en servicios de Ciberseguridad y Cloud en M\u00e1laga - Capgemini Spain","robots":{"index":"index","follow":"follow","max-snippet":"max-snippet:-1","max-image-preview":"max-image-preview:large","max-video-preview":"max-video-preview:-1"},"canonical":"https:\/\/www.capgemini.com\/es-es\/noticias\/notas-de-prensa\/capgemini-abre-nuevos-centros-especializados-en-servicios-de-ciberseguridad-y-cloud-en-malaga\/","og_locale":"es_ES","og_type":"article","og_title":"Capgemini abre nuevos Centros especializados en servicios de Ciberseguridad y Cloud en M\u00e1laga","og_url":"https:\/\/www.capgemini.com\/es-es\/noticias\/notas-de-prensa\/capgemini-abre-nuevos-centros-especializados-en-servicios-de-ciberseguridad-y-cloud-en-malaga\/","og_site_name":"Capgemini Spain","article_modified_time":"2025-03-12T07:55:11+00:00","og_image":[{"width":1200,"height":627,"url":"https:\/\/www.capgemini.com\/es-es\/wp-content\/uploads\/sites\/16\/2025\/10\/New-Web-preview-global.jpg","type":"image\/jpeg"}],"twitter_card":"summary_large_image","schema":{"@context":"https:\/\/schema.org","@graph":[{"@type":"WebPage","@id":"https:\/\/www.capgemini.com\/es-es\/noticias\/notas-de-prensa\/capgemini-abre-nuevos-centros-especializados-en-servicios-de-ciberseguridad-y-cloud-en-malaga\/","url":"https:\/\/www.capgemini.com\/es-es\/noticias\/notas-de-prensa\/capgemini-abre-nuevos-centros-especializados-en-servicios-de-ciberseguridad-y-cloud-en-malaga\/","name":"Capgemini abre nuevos Centros especializados en servicios de Ciberseguridad y Cloud en M\u00e1laga - Capgemini Spain","isPartOf":{"@id":"https:\/\/www.capgemini.com\/es-es\/#website"},"datePublished":"2022-05-30T08:51:00+00:00","dateModified":"2025-03-12T07:55:11+00:00","breadcrumb":{"@id":"https:\/\/www.capgemini.com\/es-es\/noticias\/notas-de-prensa\/capgemini-abre-nuevos-centros-especializados-en-servicios-de-ciberseguridad-y-cloud-en-malaga\/#breadcrumb"},"inLanguage":"es-ES","potentialAction":[{"@type":"ReadAction","target":["https:\/\/www.capgemini.com\/es-es\/noticias\/notas-de-prensa\/capgemini-abre-nuevos-centros-especializados-en-servicios-de-ciberseguridad-y-cloud-en-malaga\/"]}]},{"@type":"BreadcrumbList","@id":"https:\/\/www.capgemini.com\/es-es\/noticias\/notas-de-prensa\/capgemini-abre-nuevos-centros-especializados-en-servicios-de-ciberseguridad-y-cloud-en-malaga\/#breadcrumb","itemListElement":[{"@type":"ListItem","position":1,"name":"Home","item":"https:\/\/www.capgemini.com\/es-es\/"},{"@type":"ListItem","position":2,"name":"Press Releases","item":"https:\/\/www.capgemini.com\/es-es\/news\/"},{"@type":"ListItem","position":3,"name":"Capgemini abre nuevos Centros especializados en servicios de Ciberseguridad y Cloud en M\u00e1laga"}]},{"@type":"WebSite","@id":"https:\/\/www.capgemini.com\/es-es\/#website","url":"https:\/\/www.capgemini.com\/es-es\/","name":"Capgemini Espa\u00f1a","description":"Capgemini","potentialAction":[{"@type":"SearchAction","target":{"@type":"EntryPoint","urlTemplate":"https:\/\/www.capgemini.com\/es-es\/?s={search_term_string}"},"query-input":"required name=search_term_string"}],"inLanguage":"es-ES"}]}},"parsely":{"version":"1.1.0","canonical_url":"https:\/\/capgemini.com\/es-es\/noticias\/notas-de-prensa\/capgemini-abre-nuevos-centros-especializados-en-servicios-de-ciberseguridad-y-cloud-en-malaga\/","smart_links":{"inbound":0,"outbound":0},"traffic_boost_suggestions_count":0,"meta":{"@context":"https:\/\/schema.org","@type":"NewsArticle","headline":"Capgemini abre nuevos Centros especializados en servicios de Ciberseguridad y Cloud en M\u00e1laga","url":"https:\/\/www.capgemini.com\/es-es\/noticias\/notas-de-prensa\/capgemini-abre-nuevos-centros-especializados-en-servicios-de-ciberseguridad-y-cloud-en-malaga\/","mainEntityOfPage":{"@type":"WebPage","@id":"https:\/\/www.capgemini.com\/es-es\/noticias\/notas-de-prensa\/capgemini-abre-nuevos-centros-especializados-en-servicios-de-ciberseguridad-y-cloud-en-malaga\/"},"thumbnailUrl":"","image":{"@type":"ImageObject","url":""},"articleSection":"Uncategorized","author":[],"creator":[],"publisher":{"@type":"Organization","name":"Capgemini Spain","logo":""},"keywords":[],"dateCreated":"2022-05-30T08:51:00Z","datePublished":"2022-05-30T08:51:00Z","dateModified":"2025-03-12T07:55:11Z"},"rendered":"<meta name=\"parsely-title\" content=\"Capgemini abre nuevos Centros especializados en servicios de Ciberseguridad y Cloud en M\u00e1laga\" \/>\n<meta name=\"parsely-link\" content=\"https:\/\/www.capgemini.com\/es-es\/noticias\/notas-de-prensa\/capgemini-abre-nuevos-centros-especializados-en-servicios-de-ciberseguridad-y-cloud-en-malaga\/\" \/>\n<meta name=\"parsely-type\" content=\"post\" \/>\n<meta name=\"parsely-pub-date\" content=\"2022-05-30T08:51:00Z\" \/>\n<meta name=\"parsely-section\" content=\"Uncategorized\" \/>","tracker_url":"https:\/\/cdn.parsely.com\/keys\/capgemini.com\/p.js"},"archive_status":false,"featured_image_src":"https:\/\/www.capgemini.com\/es-es\/wp-content\/themes\/capgemini2025\/assets\/images\/mockup.png","featured_image_alt":false,"jetpack_sharing_enabled":true,"distributor_meta":false,"distributor_terms":false,"distributor_media":false,"distributor_original_site_name":"Capgemini Spain","distributor_original_site_url":"https:\/\/www.capgemini.com\/es-es","push-errors":false,"tag_names":[],"_links":{"self":[{"href":"https:\/\/www.capgemini.com\/es-es\/wp-json\/wp\/v2\/press-release\/531452","targetHints":{"allow":["GET"]}}],"collection":[{"href":"https:\/\/www.capgemini.com\/es-es\/wp-json\/wp\/v2\/press-release"}],"about":[{"href":"https:\/\/www.capgemini.com\/es-es\/wp-json\/wp\/v2\/types\/press-release"}],"author":[{"embeddable":true,"href":"https:\/\/www.capgemini.com\/es-es\/wp-json\/wp\/v2\/users\/336"}],"version-history":[{"count":2,"href":"https:\/\/www.capgemini.com\/es-es\/wp-json\/wp\/v2\/press-release\/531452\/revisions"}],"predecessor-version":[{"id":568227,"href":"https:\/\/www.capgemini.com\/es-es\/wp-json\/wp\/v2\/press-release\/531452\/revisions\/568227"}],"wp:attachment":[{"href":"https:\/\/www.capgemini.com\/es-es\/wp-json\/wp\/v2\/media?parent=531452"}],"wp:term":[{"taxonomy":"post_tag","embeddable":true,"href":"https:\/\/www.capgemini.com\/es-es\/wp-json\/wp\/v2\/tags?post=531452"},{"taxonomy":"press-release-type","embeddable":true,"href":"https:\/\/www.capgemini.com\/es-es\/wp-json\/wp\/v2\/press-release-type?post=531452"},{"taxonomy":"brand","embeddable":true,"href":"https:\/\/www.capgemini.com\/es-es\/wp-json\/wp\/v2\/brand?post=531452"}],"curies":[{"name":"wp","href":"https:\/\/api.w.org\/{rel}","templated":true}]}}