{"id":531426,"date":"2022-06-22T08:36:00","date_gmt":"2022-06-22T08:36:00","guid":{"rendered":"https:\/\/www.capgemini.com\/es-es\/?post_type=press-release&#038;p=531426"},"modified":"2025-03-12T08:51:44","modified_gmt":"2025-03-12T07:51:44","slug":"capgemini-y-orange-anuncian-que-bleu-comenzara-a-interactuar-con-los-clientes-a-finales-de-2022","status":"publish","type":"press-release","link":"https:\/\/www.capgemini.com\/es-es\/noticias\/notas-de-prensa\/capgemini-y-orange-anuncian-que-bleu-comenzara-a-interactuar-con-los-clientes-a-finales-de-2022\/","title":{"rendered":"Capgemini y Orange anuncian que Bleu comenzar\u00e1 a interactuar con los clientes a finales de 2022"},"content":{"rendered":"\n<p><\/p>\n\n\n\t\t<div class=\"wp-block-cg-blocks-hero-press-release\">\n\t\t\t<header class=\"header-hero-press-release\" role=\"main\" id=\"main-content-press-release\">\n\t\t\t\t<div class=\"container\">\n\t\t\t\t\t<div class=\"hero-press-release\">\n\t\t\t\t\t\t<div class=\"hero-press-release-content-wrapper\">\n\t\t\t\t\t\t\t<div class=\"row\">\n\t\t\t\t\t\t\t\t<div class=\"col-12\">\n\t\t\t\t\t\t\t\t\t<div class=\"header-title\">\n\t\t\t\t\t\t\t\t\t\t<h1>\n\t\t\t\t\t\t\t\t\t\t\tCapgemini y Orange anuncian que Bleu comenzar\u00e1 a interactuar con los clientes a finales de 2022\t\t\t\t\t\t\t\t\t\t<\/h1>\n\t\t\t\t\t\t\t\t\t<\/div>\n\t\t\t\t\t\t\t\t\t<div class=\"header-description\">\n\t\t\t\t\t\t\t\t\t\t<p><\/p>\n\t\t\t\t\t\t\t\t\t<\/div>\n\t\t\t\t\t\t\t\t\t\t\t\t\t\t\t\t\t\t<div class=\"header-date\">\n\t\t\t\t\t\t\t\t\t\t<span>jun. 22, 2022<\/span>\n\t\t\t\t\t\t\t\t\t<\/div>\n\t\t\t\t\t\t\t\t<\/div>\n\t\t\t\t\t\t\t<\/div>\n\t\t\t\t\t\t<\/div>\n\t\t\t\t\t\t\t\t\t\t\t\t\t<div class=\"hero-press-release-downloads\">\n\t\t\t\t\t\t\t\t<div class=\"row\">\n\t\t\t\t\t\t\t\t\t\t\t\t\t\t\t\t\t\t\t<div class=\"col-12 col-md-6 col-lg-3\">\n\t\t\t\t\t\t\t\t\t\t\t<a class=\"download-item\" type=\"download\" href=\"https:\/\/www.capgemini.com\/es-es\/wp-content\/uploads\/sites\/16\/2022\/12\/NP-Capgemini-y-Orange-anuncian-que-Bleu-comenzara-a-interactuar-con-los-clientes-a-finales-de-2022.pdf\" target=\"_blank\" rel=\"noopener noreferrer\" title=\"Abrir en una nueva ventana\">\n\t\t\t\t\t\t\t\t\t\t\t\t<div class=\"download-icon\"><\/div>\n\t\t\t\t\t\t\t\t\t\t\t\t<div class=\"download-details\">\n\t\t\t\t\t\t\t\t\t\t\t\t\t<div class=\"download-title\">Download press release<\/div>\n\t\t\t\t\t\t\t\t\t\t\t\t\t<div class=\"download-props\">156 KB  pdf<\/div>\n\t\t\t\t\t\t\t\t\t\t\t\t<\/div>\n\t\t\t\t\t\t\t\t\t\t\t<\/a>\n\t\t\t\t\t\t\t\t\t\t<\/div>\n\t\t\t\t\t\t\t\t\t\t\t\t\t\t\t\t\t\t<\/div>\n\t\t\t\t\t\t\t<\/div>\n\t\t\t\t\t\t\t\t\t\t\t\t\t\t\t\t\t\t\t<div class=\"hero-press-release-brand-image\">\n\t\t\t\t\t\t\t\t<img decoding=\"async\" loading=\"lazy\" src=\"https:\/\/www.capgemini.com\/es-es\/wp-content\/themes\/capgemini2025\/assets\/images\/capgemini-white.svg\" alt=\"Logo\" \/>\n\t\t\t\t\t\t\t<\/div>\n\t\t\t\t\t\t\t\t\t\t\t<\/div>\n\t\t\t\t<\/div>\n\t\t\t<\/header>\n\t\t<\/div>\n\t\t\n\n\n<section class=\"wp-block-cg-blocks-group undefined section section--article-content\"><div class=\"article-main-content\"><div class=\"container\"><div class=\"row\"><div class=\"col-12 col-md-1\"><nav class=\"article-social\"><ul class=\"social-nav\"><li class=\"ip-order-fb\"><a href=\"https:\/\/www.facebook.com\/sharer\/sharer.php?u=https:\/\/www.capgemini.com\/es-es\/?post_type=press-release&amp;p=531426\" target=\"_blank\" rel=\"noopener noreferrer\" title=\"abrir en una nueva ventana\"><i aria-hidden=\"true\" class=\"icon-fb\"><\/i><span class=\"sr-only\">Facebook<\/span><\/a><\/li><li class=\"ip-order-tw\"><a href=\"https:\/\/twitter.com\/intent\/tweet?url=https:\/\/www.capgemini.com\/es-es\/?post_type=press-release&amp;p=531426&amp;text=\" target=\"_blank\" rel=\"noopener noreferrer\" title=\"abrir en una nueva ventana\"><i aria-hidden=\"true\" class=\"icon-tw\"><\/i><span class=\"sr-only\">Twitter<\/span><\/a><\/li><li class=\"ip-order-li\"><a href=\"https:\/\/www.linkedin.com\/sharing\/share-offsite\/?url=https:\/\/www.capgemini.com\/es-es\/?post_type=press-release&amp;p=531426&amp;text=\" target=\"_blank\" rel=\"noopener noreferrer\" title=\"abrir en una nueva ventana\"><i aria-hidden=\"true\" class=\"icon-li\"><\/i><span class=\"sr-only\">Linkedin<\/span><\/a><\/li><\/ul><\/nav><\/div><div class=\"col-12 col-md-11 col-lg-10\"><div class=\"article-text article-quote-text\">\n<p><strong>Madrid, 29 de junio 2022 \u2013 <\/strong><a href=\"https:\/\/www.capgemini.com\/es-es\/\"><strong>Capgemini<\/strong><\/a><strong> y <\/strong><a href=\"https:\/\/www.orange.es\/\"><strong>Orange<\/strong><\/a><strong> han confirmado que esperan que Bleu, la futura &nbsp;<em>joint venture<\/em> que proporcionar\u00e1 servicios de confianza en el Cloud (\u201cCloud de Confiance\u201d<\/strong><a href=\"#_ftn1\" id=\"_ftnref1\"><strong>[1]<\/strong><\/a><strong>) para abordar las necesidades de organizaciones francesas espec\u00edficas, comience dar soporte a los clientes en la preparaci\u00f3n de su migraci\u00f3n a finales de 2022 (fecha sujeta a las aprobaciones regulatorias). Los primeros servicios de Bleu, incluidos Microsoft Azure y Microsoft 365, estar\u00e1n operativos en 2024.<\/strong><\/p>\n\n\n\n<p><strong>Avanzando seg\u00fan lo previsto: propuesto un futuro CEO<\/strong><\/p>\n\n\n\n<p>Desde el <a href=\"https:\/\/www.capgemini.com\/news\/capgemini-and-orange-announce-plan-to-create-bleu-a-company-to-provide-a-cloud-de-confiance-in-france\/\">anuncio de Bleu en mayo de 2021<\/a>, Capgemini y Orange han estado trabajando en estrecha colaboraci\u00f3n para confirmar el modelo objetivo, validar la soluci\u00f3n t\u00e9cnica con Microsoft e iniciar la fase de desarrollo. En paralelo, Capgemini y Orange est\u00e1n avanzando con ANSSI para garantizar que los servicios de Bleu Cloud est\u00e9n dise\u00f1ados para cumplir con los requisitos de SecNumCloud<a href=\"#_ftn2\" id=\"_ftnref2\">[2]<\/a>. Est\u00e1 previsto que la nueva empresa quede establecida en 2022, tras recibir las autorizaciones reglamentarias necesarias. Jean Coumaros, actual Director de Transformaci\u00f3n y miembro del Comit\u00e9 Ejecutivo del Grupo en Capgemini, ha sido propuesto por los dos accionistas como CEO de la futura <em>joint venture<\/em> Bleu.<\/p>\n\n\n\n<p><strong>Bleu comenzar\u00e1 a interactuar con el mercado a finales de 2022<\/strong><\/p>\n\n\n\n<p>Una vez establecida, Bleu promover\u00e1 sus servicios e invitar\u00e1 a los clientes a preparar su migraci\u00f3n al Cloud de confianza (\u201cCloud de Confiance\u201d) a trav\u00e9s del \u201cPrograma de Preparaci\u00f3n\u201d de Bleu. El objetivo de este programa, que contar\u00e1 con el apoyo de Capgemini, Orange y un ecosistema de futuros socios, ser\u00e1 garantizar que los clientes est\u00e9n preparados para la transici\u00f3n cuando la plataforma est\u00e9 disponible. Adem\u00e1s, permitir\u00e1 a las organizaciones formarse, iniciar tareas clave de preparaci\u00f3n y realizar ensayos y pruebas piloto.<\/p>\n\n\n\n<p><strong>La plataforma Cloud de Bleu estar\u00e1 disponible en 2024<\/strong><\/p>\n\n\n\n<p>En 2024 Bleu podr\u00e1 ofrecer servicios de Microsoft Azure y servicios b\u00e1sicos de Microsoft 365. La plataforma Bleu se lanzar\u00e1 en varios centros de datos distribuidos geogr\u00e1ficamente en Francia, cumpliendo con los requisitos de alta resiliencia y disponibilidad. Los procesos de actualizaci\u00f3n peri\u00f3dica garantizar\u00e1n que los clientes de Bleu se beneficien de la tecnolog\u00eda m\u00e1s avanzada proporcionada por Microsoft para Azure y Microsoft 365.<\/p>\n\n\n\n<p>\u201c<em>Desde el anuncio inicial de Bleu en mayo del a\u00f1o pasado, Capgemini y Orange han estado trabajado mano a mano para avanzar en los aspectos t\u00e9cnicos y normativos necesarios para hacer realidad este proyecto de confianza en el Cloud (\u201cCloud de Confiance\u201d)\u201d,<\/em> se\u00f1ala Aiman Ezzat, CEO del Grupo Capgemini. <em>\u201cBleu aporta una combinaci\u00f3n \u00fanica de beneficios para los clientes en t\u00e9rminos de seguridad, oferta de servicios y la m\u00e1s amplia gama en innovaci\u00f3n tecnol\u00f3gica. Ahora estamos expectantes ante la implementaci\u00f3n de los pr\u00f3ximos pasos previstos para que las organizaciones puedan preparar su migraci\u00f3n sin contratiempos\u201d.<\/em><\/p>\n\n\n\n<p><em>\u201cComo empresa francesa independiente, propiedad al 100% de accionistas franceses, Bleu contribuir\u00e1 con una propuesta de valor sin precedentes para el Estado franc\u00e9s y los operadores de infraestructuras cr\u00edticas. A partir de ahora, nuestra principal ambici\u00f3n con nuestro socio Capgemini es asegurarnos de que los clientes est\u00e9n preparados para beneficiarse de los servicios de Bleu tan pronto como la plataforma est\u00e9 disponible e inicien su transici\u00f3n con el mejor apoyo y orientaci\u00f3n. Este es el objetivo del Programa de Preparaci\u00f3n de Bleu. La confianza juega un importante papel en el &nbsp;valor que Orange ofrece y es un factor clave para el aumento del ecosistema del Cloud franc\u00e9s y europeo\u201d, <\/em>a\u00f1ade Christel Heydemann, CEO de Orange.<\/p>\n\n\n\n<p>Con esta asociaci\u00f3n \u00fanica, Bleu ofrecer\u00e1 Microsoft 365 y una amplia gama de servicios de Microsoft Azure, incluidos IaaS, PaaS y SaaS, en un entorno \u201cCloud de Confiance\u201d.<\/p>\n\n\n\n<p><strong>Notas para los editores<\/strong><strong>:<\/strong><\/p>\n\n\n\n<ul class=\"wp-block-list\">\n<li>Puede solicitar una biograf\u00eda y fotograf\u00eda de alta resoluci\u00f3n de Jean Coumaros.<\/li>\n\n\n\n<li>El 27 de mayo de 2021, Orange y Capgemini anunciaron su intenci\u00f3n de crear \u201cBleu\u201d, una nueva empresa que prestar\u00e1 servicios \u201dCloud de Confiance\u201d para responder a las necesidades del Estado franc\u00e9s, organismos p\u00fablicos, hospitales, autoridades regionales, Operadores de Importancia Vital (OIV) y Operadores de Servicios Esenciales (OSE).<\/li>\n<\/ul>\n\n\n\n<p>Una vez establecido, y sujeto a las aprobaciones regulatorias, Bleu ofrecer\u00e1 la tecnolog\u00eda de Microsoft, incluyendo las soluciones de colaboraci\u00f3n y productividad de Microsoft 365, y los servicios disponibles en la plataforma en el Cloud de Microsoft Azure.<\/p>\n\n\n\n<p><strong>Acerca de Capgemini<\/strong><\/p>\n\n\n\n<p>Capgemini es un l\u00edder mundial que acompa\u00f1a a las empresas para transformar y gestionar su negocio aprovechando el poder de la tecnolog\u00eda. El Grupo se gu\u00eda cada d\u00eda por su prop\u00f3sito de liberar la energ\u00eda humana a trav\u00e9s de la tecnolog\u00eda para construir un futuro inclusivo y sostenible. Es una organizaci\u00f3n responsable y diversa que cuenta con m\u00e1s de 340.000 profesionales en m\u00e1s de 50 pa\u00edses. Con una s\u00f3lida trayectoria de 55 a\u00f1os y su gran conocimiento sectorial, Capgemini es reconocida por sus clientes por la capacidad de respuesta a las necesidades de su negocio, desde la estrategia y el dise\u00f1o hasta la gesti\u00f3n de operaciones, todo ello impulsado por la innovaci\u00f3n en \u00e1reas como el Cloud, los datos, la IA, la conectividad, el software y las plataformas y entornos digitales. En 2021, el Grupo registr\u00f3 unos ingresos globales de 18.000 millones de euros.<\/p>\n\n\n\n<p>Get The Future You Want | <a href=\"http:\/\/www.capgemini.com\">www.capgemini.com<\/a><\/p>\n\n\n\n<p><strong>Acerca de Orange<\/strong><\/p>\n\n\n\n<p>Orange es uno de los principales operadores de telecomunicaciones del mundo, con unas ventas de 42.300 millones de euros en 2020 y 140.000 empleados en todo el mundo a 31 de marzo de 2021, incluidos 80.000 empleados en Francia. El Grupo tiene una base de clientes total de 262 millones en todo el mundo a 31 de marzo de 2021, incluidos 217 millones de clientes de telefon\u00eda m\u00f3vil y 22 millones de clientes de banda ancha fija. El Grupo est\u00e1 presente en 26 pa\u00edses. Orange es tambi\u00e9n un proveedor l\u00edder de servicios globales de TI y telecomunicaciones para empresas multinacionales, bajo la marca Orange Business Services. En diciembre de 2019, el Grupo present\u00f3 su nuevo plan estrat\u00e9gico \u201cEngage 2025\u201d, que, guiado por la responsabilidad social y medioambiental, pretende reinventar su modelo de operadora. Al tiempo que acelera en \u00e1reas de crecimiento y sit\u00faa los datos y la IA en el centro de su modelo de innovaci\u00f3n, el Grupo ser\u00e1 un empleador atractivo y responsable, adaptado a las profesiones emergentes.<\/p>\n\n\n\n<p>Orange cotiza en Euronext Par\u00eds (s\u00edmbolo ORA) y en la Bolsa de Nueva York (s\u00edmbolo ORAN).<\/p>\n\n\n\n<p>Para m\u00e1s informaci\u00f3n en Internet y en tu m\u00f3vil: <a href=\"http:\/\/www.orange.com\/\">www.orange.com<\/a>, <a href=\"http:\/\/www.orange-business.com\/\">www.orange-business.com<\/a> o para seguirnos en Twitter: @orangegrouppr.<\/p>\n\n\n\n<p>Orange y cualquier otro nombre de producto o servicio de Orange incluido en este material son marcas comerciales de Orange o Orange Brand Services Limited.<\/p>\n\n\n\n<p><a href=\"#_ftnref1\" id=\"_ftn1\">[1]<\/a> La etiqueta \u201cCloud de Confiance\u201d cumple con la doctrina del Cloud del Estado franc\u00e9s que exige la calificaci\u00f3n de SecNumCloud por parte de la Agencia Nacional de Ciberseguridad francesa (ANSSI), as\u00ed como el cumplimiento de las disposiciones legales.<\/p>\n\n\n\n<p><a href=\"#_ftnref2\" id=\"_ftn2\">[2]<\/a> SecNumCloud es un referente de la Agencia Nacional de Ciberseguridad de Francia (ANSSI) que permite calificar servicios en el Cloud demostrando un alto nivel de seguridad y confianza.<\/p>\n\n\n<div class=\"wp-block-cg-blocks-cg-block-related-content\"><section class=\"relatedContentBlock\"><div class=\"container\"><div class=\"row\"><div class=\"content-title col-12 col-md-8\"><h2 class=\"related-content-heading\">Related News<\/h2><\/div><\/div><div class=\"row relatedContent\"><div class=\"col-lg-4 col-md-6 col-xs-12\">\n\t\t\t\t\t\t\t<div class=\"box\">\n\t\t\t\t\t\t\t\t<a aria-label=\"Saber m\u00e1s sobre Abierta la convocatoria de la VI edici\u00f3n de los Premios Retina ECO, organizados por PRISA Media en colaboraci\u00f3n con Capgemini\" href=\"https:\/\/www.capgemini.com\/es-es\/noticias\/notas-de-prensa\/abierta-la-convocatoria-de-la-vi-edicion-de-los-premios-retina-eco-organizados-por-prisa-media-en-colaboracion-con-capgemini\/\" class=\"anchorWrapper\">\n\t\t\t\t\t\t\t\t\t<span class=\"box-tag\"><span>Corporate news<\/span><\/span>\n\t\t\t\t\t\t\t\t\t<div class=\"box-title\"><h3 class=\"box-subtitle\">Abierta la convocatoria de la VI edici\u00f3n de los Premios Retina ECO, organizados por PRISA Media en colaboraci\u00f3n con Capgemini<\/h3><\/div>\n\t\t\t\t\t\t\t\t\t<div class=\"box-date\">\n\t\t\t\t\t\t\t\t\t\t<span>Mar 12, 2026<\/span>\n\t\t\t\t\t\t\t\t\t<\/div>\n\t\t\t\t\t\t\t\t\t<div class=\"box-bottom\">\n\t\t\t\t\t\t\t\t\t\t&lt;a class=&quot;link-download&quot; href=&quot;https:\/\/www.capgemini.com\/es-es\/wp-content\/uploads\/sites\/16\/2026\/03\/NP-Premios-Retina-2026.pdf&quot; aria-label=&quot;Download Press Release&quot; target=&quot;_blank&quot;  type=&quot;download&quot; title=&quot;Opens in a new window&quot;&gt;\n\t\t\t\t\t\t\t&lt;span&gt;Descargar nota de prensa&lt;\/span&gt;\n\t\t\t\t\t\t\t&lt;span&gt;265 KB PDF&lt;\/span&gt;\n\t\t\t\t\t\t&lt;\/a&gt;\n\t\t\t\t\t\t\t\t\t\t<a class=\"more\" aria-label=\"Saber m\u00e1s sobre Abierta la convocatoria de la VI edici\u00f3n de los Premios Retina ECO, organizados por PRISA Media en colaboraci\u00f3n con Capgemini\" href=\"https:\/\/www.capgemini.com\/es-es\/noticias\/notas-de-prensa\/abierta-la-convocatoria-de-la-vi-edicion-de-los-premios-retina-eco-organizados-por-prisa-media-en-colaboracion-con-capgemini\/\">Saber m\u00e1s sobre<\/a>\n\t\t\t\t\t\t\t\t\t<\/div>\n\t\t\t\t\t\t\t\t<\/a>\n\t\t\t\t\t\t\t<\/div>\n\t\t\t\t\t\t<\/div><div class=\"col-lg-4 col-md-6 col-xs-12\">\n\t\t\t\t\t\t\t<div class=\"box\">\n\t\t\t\t\t\t\t\t<a aria-label=\"Saber m\u00e1s sobre Capgemini adquirir\u00e1 Piterion, empresa independiente l\u00edder en gesti\u00f3n del ciclo de vida del producto y digitalizaci\u00f3n industrial\" href=\"https:\/\/www.capgemini.com\/es-es\/noticias\/notas-de-prensa\/capgemini-adquirira-piterion-empresa-independiente-lider-en-gestion-del-ciclo-de-vida-del-producto\/\" class=\"anchorWrapper\">\n\t\t\t\t\t\t\t\t\t<span class=\"box-tag\"><span>Corporate news<\/span><\/span>\n\t\t\t\t\t\t\t\t\t<div class=\"box-title\"><h3 class=\"box-subtitle\">Capgemini adquirir\u00e1 Piterion, empresa independiente l\u00edder en gesti\u00f3n del ciclo de vida del producto y digitalizaci\u00f3n industrial<\/h3><\/div>\n\t\t\t\t\t\t\t\t\t<div class=\"box-date\">\n\t\t\t\t\t\t\t\t\t\t<span>Mar 10, 2026<\/span>\n\t\t\t\t\t\t\t\t\t<\/div>\n\t\t\t\t\t\t\t\t\t<div class=\"box-bottom\">\n\t\t\t\t\t\t\t\t\t\t&lt;a class=&quot;link-download&quot; href=&quot;https:\/\/www.capgemini.com\/es-es\/wp-content\/uploads\/sites\/16\/2026\/03\/NP-Capgemini-adquirira-Piterion.pdf&quot; aria-label=&quot;Download Press Release&quot; target=&quot;_blank&quot;  type=&quot;download&quot; title=&quot;Opens in a new window&quot;&gt;\n\t\t\t\t\t\t\t&lt;span&gt;Descargar nota de prensa&lt;\/span&gt;\n\t\t\t\t\t\t\t&lt;span&gt;108 KB PDF&lt;\/span&gt;\n\t\t\t\t\t\t&lt;\/a&gt;\n\t\t\t\t\t\t\t\t\t\t<a class=\"more\" aria-label=\"Saber m\u00e1s sobre Capgemini adquirir\u00e1 Piterion, empresa independiente l\u00edder en gesti\u00f3n del ciclo de vida del producto y digitalizaci\u00f3n industrial\" href=\"https:\/\/www.capgemini.com\/es-es\/noticias\/notas-de-prensa\/capgemini-adquirira-piterion-empresa-independiente-lider-en-gestion-del-ciclo-de-vida-del-producto\/\">Saber m\u00e1s sobre<\/a>\n\t\t\t\t\t\t\t\t\t<\/div>\n\t\t\t\t\t\t\t\t<\/a>\n\t\t\t\t\t\t\t<\/div>\n\t\t\t\t\t\t<\/div><div class=\"col-lg-4 col-md-6 col-xs-12\">\n\t\t\t\t\t\t\t<div class=\"box\">\n\t\t\t\t\t\t\t\t<a aria-label=\"Saber m\u00e1s sobre Capgemini nombra a Laurent Perea nuevo Consejero Delegado de Capgemini en Espa\u00f1a\" href=\"https:\/\/www.capgemini.com\/es-es\/noticias\/notas-de-prensa\/capgemini-nombra-a-laurent-perea-nuevo-consejero-delegado-de-capgemini-en-espana\/\" class=\"anchorWrapper\">\n\t\t\t\t\t\t\t\t\t<span class=\"box-tag\"><span>Corporate news<\/span><\/span>\n\t\t\t\t\t\t\t\t\t<div class=\"box-title\"><h3 class=\"box-subtitle\">Capgemini nombra a Laurent Perea nuevo Consejero Delegado de Capgemini en Espa\u00f1a<\/h3><\/div>\n\t\t\t\t\t\t\t\t\t<div class=\"box-date\">\n\t\t\t\t\t\t\t\t\t\t<span>Jan 13, 2026<\/span>\n\t\t\t\t\t\t\t\t\t<\/div>\n\t\t\t\t\t\t\t\t\t<div class=\"box-bottom\">\n\t\t\t\t\t\t\t\t\t\t&lt;a class=&quot;link-download&quot; href=&quot;https:\/\/www.capgemini.com\/es-es\/wp-content\/uploads\/sites\/16\/2026\/01\/NP-Capgemini-nombra-a-Laurent-Perea-consejero-delegado-en-Espana.pdf&quot; aria-label=&quot;Download Press Release&quot; target=&quot;_blank&quot;  type=&quot;download&quot; title=&quot;Opens in a new window&quot;&gt;\n\t\t\t\t\t\t\t&lt;span&gt;Descargar nota de prensa&lt;\/span&gt;\n\t\t\t\t\t\t\t&lt;span&gt;107 KB PDF&lt;\/span&gt;\n\t\t\t\t\t\t&lt;\/a&gt;\n\t\t\t\t\t\t\t\t\t\t<a class=\"more\" aria-label=\"Saber m\u00e1s sobre Capgemini nombra a Laurent Perea nuevo Consejero Delegado de Capgemini en Espa\u00f1a\" href=\"https:\/\/www.capgemini.com\/es-es\/noticias\/notas-de-prensa\/capgemini-nombra-a-laurent-perea-nuevo-consejero-delegado-de-capgemini-en-espana\/\">Saber m\u00e1s sobre<\/a>\n\t\t\t\t\t\t\t\t\t<\/div>\n\t\t\t\t\t\t\t\t<\/a>\n\t\t\t\t\t\t\t<\/div>\n\t\t\t\t\t\t<\/div><\/div><\/div><\/section><\/div><\/div><\/div><\/div><\/div><\/div><\/section>\n","protected":false},"excerpt":{"rendered":"","protected":false},"author":336,"featured_media":0,"template":"","meta":{"cg_dt_proposed_to":[],"cg_seo_hreflang_relations":"[]","cg_seo_canonical_relation":"","cg_seo_hreflang_x_default_relation":"","cg_dt_approved_content":true,"cg_dt_mandatory_content":false,"cg_dt_notes":"","cg_dg_source_changed":false,"cg_dt_link_disabled":false,"footnotes":"","related_resource_url":"https:\/\/www.capgemini.com\/es-es\/wp-content\/uploads\/sites\/16\/2022\/12\/NP-Capgemini-y-Orange-anuncian-que-Bleu-comenzara-a-interactuar-con-los-clientes-a-finales-de-2022.pdf","related_resource_id":531427,"related_resource_size":"156 KB","related_resource_type":"pdf","cg_author":0,"featured_focal_points":""},"tags":[],"press-release-type":[39,81],"brand":[30],"class_list":["post-531426","press-release","type-press-release","status-publish","hentry","press-release-type-corporate-news","press-release-type-partner-alliance","brand-capgemini"],"yoast_head":"<!-- This site is optimized with the Yoast SEO Premium plugin v22.8 (Yoast SEO v22.8) - https:\/\/yoast.com\/wordpress\/plugins\/seo\/ -->\n<title>Capgemini y Orange anuncian que Bleu comenzar\u00e1 a interactuar con los clientes a finales de 2022 - Capgemini Spain<\/title>\n<meta name=\"robots\" content=\"index, follow, max-snippet:-1, max-image-preview:large, max-video-preview:-1\" \/>\n<link rel=\"canonical\" href=\"https:\/\/www.capgemini.com\/es-es\/noticias\/notas-de-prensa\/capgemini-y-orange-anuncian-que-bleu-comenzara-a-interactuar-con-los-clientes-a-finales-de-2022\/\" \/>\n<meta property=\"og:locale\" content=\"es_ES\" \/>\n<meta property=\"og:type\" content=\"article\" \/>\n<meta property=\"og:title\" content=\"Capgemini y Orange anuncian que Bleu comenzar\u00e1 a interactuar con los clientes a finales de 2022\" \/>\n<meta property=\"og:url\" content=\"https:\/\/www.capgemini.com\/es-es\/noticias\/notas-de-prensa\/capgemini-y-orange-anuncian-que-bleu-comenzara-a-interactuar-con-los-clientes-a-finales-de-2022\/\" \/>\n<meta property=\"og:site_name\" content=\"Capgemini Spain\" \/>\n<meta property=\"article:modified_time\" content=\"2025-03-12T07:51:44+00:00\" \/>\n<meta property=\"og:image\" content=\"https:\/\/www.capgemini.com\/es-es\/wp-content\/uploads\/sites\/16\/2025\/10\/New-Web-preview-global.jpg\" \/>\n\t<meta property=\"og:image:width\" content=\"1200\" \/>\n\t<meta property=\"og:image:height\" content=\"627\" \/>\n\t<meta property=\"og:image:type\" content=\"image\/jpeg\" \/>\n<meta name=\"twitter:card\" content=\"summary_large_image\" \/>\n<meta name=\"twitter:label1\" content=\"Est. reading time\" \/>\n\t<meta name=\"twitter:data1\" content=\"6 minutes\" \/>\n<script type=\"application\/ld+json\" class=\"yoast-schema-graph\">{\"@context\":\"https:\/\/schema.org\",\"@graph\":[{\"@type\":\"WebPage\",\"@id\":\"https:\/\/www.capgemini.com\/es-es\/noticias\/notas-de-prensa\/capgemini-y-orange-anuncian-que-bleu-comenzara-a-interactuar-con-los-clientes-a-finales-de-2022\/\",\"url\":\"https:\/\/www.capgemini.com\/es-es\/noticias\/notas-de-prensa\/capgemini-y-orange-anuncian-que-bleu-comenzara-a-interactuar-con-los-clientes-a-finales-de-2022\/\",\"name\":\"Capgemini y Orange anuncian que Bleu comenzar\u00e1 a interactuar con los clientes a finales de 2022 - Capgemini Spain\",\"isPartOf\":{\"@id\":\"https:\/\/www.capgemini.com\/es-es\/#website\"},\"datePublished\":\"2022-06-22T08:36:00+00:00\",\"dateModified\":\"2025-03-12T07:51:44+00:00\",\"breadcrumb\":{\"@id\":\"https:\/\/www.capgemini.com\/es-es\/noticias\/notas-de-prensa\/capgemini-y-orange-anuncian-que-bleu-comenzara-a-interactuar-con-los-clientes-a-finales-de-2022\/#breadcrumb\"},\"inLanguage\":\"es-ES\",\"potentialAction\":[{\"@type\":\"ReadAction\",\"target\":[\"https:\/\/www.capgemini.com\/es-es\/noticias\/notas-de-prensa\/capgemini-y-orange-anuncian-que-bleu-comenzara-a-interactuar-con-los-clientes-a-finales-de-2022\/\"]}]},{\"@type\":\"BreadcrumbList\",\"@id\":\"https:\/\/www.capgemini.com\/es-es\/noticias\/notas-de-prensa\/capgemini-y-orange-anuncian-que-bleu-comenzara-a-interactuar-con-los-clientes-a-finales-de-2022\/#breadcrumb\",\"itemListElement\":[{\"@type\":\"ListItem\",\"position\":1,\"name\":\"Home\",\"item\":\"https:\/\/www.capgemini.com\/es-es\/\"},{\"@type\":\"ListItem\",\"position\":2,\"name\":\"Press Releases\",\"item\":\"https:\/\/www.capgemini.com\/es-es\/news\/\"},{\"@type\":\"ListItem\",\"position\":3,\"name\":\"Capgemini y Orange anuncian que Bleu comenzar\u00e1 a interactuar con los clientes a finales de 2022\"}]},{\"@type\":\"WebSite\",\"@id\":\"https:\/\/www.capgemini.com\/es-es\/#website\",\"url\":\"https:\/\/www.capgemini.com\/es-es\/\",\"name\":\"Capgemini Espa\u00f1a\",\"description\":\"Capgemini\",\"potentialAction\":[{\"@type\":\"SearchAction\",\"target\":{\"@type\":\"EntryPoint\",\"urlTemplate\":\"https:\/\/www.capgemini.com\/es-es\/?s={search_term_string}\"},\"query-input\":\"required name=search_term_string\"}],\"inLanguage\":\"es-ES\"}]}<\/script>\n<!-- \/ Yoast SEO Premium plugin. -->","yoast_head_json":{"title":"Capgemini y Orange anuncian que Bleu comenzar\u00e1 a interactuar con los clientes a finales de 2022 - Capgemini Spain","robots":{"index":"index","follow":"follow","max-snippet":"max-snippet:-1","max-image-preview":"max-image-preview:large","max-video-preview":"max-video-preview:-1"},"canonical":"https:\/\/www.capgemini.com\/es-es\/noticias\/notas-de-prensa\/capgemini-y-orange-anuncian-que-bleu-comenzara-a-interactuar-con-los-clientes-a-finales-de-2022\/","og_locale":"es_ES","og_type":"article","og_title":"Capgemini y Orange anuncian que Bleu comenzar\u00e1 a interactuar con los clientes a finales de 2022","og_url":"https:\/\/www.capgemini.com\/es-es\/noticias\/notas-de-prensa\/capgemini-y-orange-anuncian-que-bleu-comenzara-a-interactuar-con-los-clientes-a-finales-de-2022\/","og_site_name":"Capgemini Spain","article_modified_time":"2025-03-12T07:51:44+00:00","og_image":[{"width":1200,"height":627,"url":"https:\/\/www.capgemini.com\/es-es\/wp-content\/uploads\/sites\/16\/2025\/10\/New-Web-preview-global.jpg","type":"image\/jpeg"}],"twitter_card":"summary_large_image","twitter_misc":{"Est. reading time":"6 minutes"},"schema":{"@context":"https:\/\/schema.org","@graph":[{"@type":"WebPage","@id":"https:\/\/www.capgemini.com\/es-es\/noticias\/notas-de-prensa\/capgemini-y-orange-anuncian-que-bleu-comenzara-a-interactuar-con-los-clientes-a-finales-de-2022\/","url":"https:\/\/www.capgemini.com\/es-es\/noticias\/notas-de-prensa\/capgemini-y-orange-anuncian-que-bleu-comenzara-a-interactuar-con-los-clientes-a-finales-de-2022\/","name":"Capgemini y Orange anuncian que Bleu comenzar\u00e1 a interactuar con los clientes a finales de 2022 - Capgemini Spain","isPartOf":{"@id":"https:\/\/www.capgemini.com\/es-es\/#website"},"datePublished":"2022-06-22T08:36:00+00:00","dateModified":"2025-03-12T07:51:44+00:00","breadcrumb":{"@id":"https:\/\/www.capgemini.com\/es-es\/noticias\/notas-de-prensa\/capgemini-y-orange-anuncian-que-bleu-comenzara-a-interactuar-con-los-clientes-a-finales-de-2022\/#breadcrumb"},"inLanguage":"es-ES","potentialAction":[{"@type":"ReadAction","target":["https:\/\/www.capgemini.com\/es-es\/noticias\/notas-de-prensa\/capgemini-y-orange-anuncian-que-bleu-comenzara-a-interactuar-con-los-clientes-a-finales-de-2022\/"]}]},{"@type":"BreadcrumbList","@id":"https:\/\/www.capgemini.com\/es-es\/noticias\/notas-de-prensa\/capgemini-y-orange-anuncian-que-bleu-comenzara-a-interactuar-con-los-clientes-a-finales-de-2022\/#breadcrumb","itemListElement":[{"@type":"ListItem","position":1,"name":"Home","item":"https:\/\/www.capgemini.com\/es-es\/"},{"@type":"ListItem","position":2,"name":"Press Releases","item":"https:\/\/www.capgemini.com\/es-es\/news\/"},{"@type":"ListItem","position":3,"name":"Capgemini y Orange anuncian que Bleu comenzar\u00e1 a interactuar con los clientes a finales de 2022"}]},{"@type":"WebSite","@id":"https:\/\/www.capgemini.com\/es-es\/#website","url":"https:\/\/www.capgemini.com\/es-es\/","name":"Capgemini Espa\u00f1a","description":"Capgemini","potentialAction":[{"@type":"SearchAction","target":{"@type":"EntryPoint","urlTemplate":"https:\/\/www.capgemini.com\/es-es\/?s={search_term_string}"},"query-input":"required name=search_term_string"}],"inLanguage":"es-ES"}]}},"parsely":{"version":"1.1.0","canonical_url":"https:\/\/capgemini.com\/es-es\/noticias\/notas-de-prensa\/capgemini-y-orange-anuncian-que-bleu-comenzara-a-interactuar-con-los-clientes-a-finales-de-2022\/","smart_links":{"inbound":0,"outbound":0},"traffic_boost_suggestions_count":0,"meta":{"@context":"https:\/\/schema.org","@type":"NewsArticle","headline":"Capgemini y Orange anuncian que Bleu comenzar\u00e1 a interactuar con los clientes a finales de 2022","url":"https:\/\/www.capgemini.com\/es-es\/noticias\/notas-de-prensa\/capgemini-y-orange-anuncian-que-bleu-comenzara-a-interactuar-con-los-clientes-a-finales-de-2022\/","mainEntityOfPage":{"@type":"WebPage","@id":"https:\/\/www.capgemini.com\/es-es\/noticias\/notas-de-prensa\/capgemini-y-orange-anuncian-que-bleu-comenzara-a-interactuar-con-los-clientes-a-finales-de-2022\/"},"thumbnailUrl":"","image":{"@type":"ImageObject","url":""},"articleSection":"Uncategorized","author":[],"creator":[],"publisher":{"@type":"Organization","name":"Capgemini Spain","logo":""},"keywords":[],"dateCreated":"2022-06-22T08:36:00Z","datePublished":"2022-06-22T08:36:00Z","dateModified":"2025-03-12T07:51:44Z"},"rendered":"<meta name=\"parsely-title\" content=\"Capgemini y Orange anuncian que Bleu comenzar\u00e1 a interactuar con los clientes a finales de 2022\" \/>\n<meta name=\"parsely-link\" content=\"https:\/\/www.capgemini.com\/es-es\/noticias\/notas-de-prensa\/capgemini-y-orange-anuncian-que-bleu-comenzara-a-interactuar-con-los-clientes-a-finales-de-2022\/\" \/>\n<meta name=\"parsely-type\" content=\"post\" \/>\n<meta name=\"parsely-pub-date\" content=\"2022-06-22T08:36:00Z\" \/>\n<meta name=\"parsely-section\" content=\"Uncategorized\" \/>","tracker_url":"https:\/\/cdn.parsely.com\/keys\/capgemini.com\/p.js"},"archive_status":false,"featured_image_src":"https:\/\/www.capgemini.com\/es-es\/wp-content\/themes\/capgemini2025\/assets\/images\/mockup.png","featured_image_alt":false,"jetpack_sharing_enabled":true,"distributor_meta":false,"distributor_terms":false,"distributor_media":false,"distributor_original_site_name":"Capgemini Spain","distributor_original_site_url":"https:\/\/www.capgemini.com\/es-es","push-errors":false,"tag_names":[],"_links":{"self":[{"href":"https:\/\/www.capgemini.com\/es-es\/wp-json\/wp\/v2\/press-release\/531426","targetHints":{"allow":["GET"]}}],"collection":[{"href":"https:\/\/www.capgemini.com\/es-es\/wp-json\/wp\/v2\/press-release"}],"about":[{"href":"https:\/\/www.capgemini.com\/es-es\/wp-json\/wp\/v2\/types\/press-release"}],"author":[{"embeddable":true,"href":"https:\/\/www.capgemini.com\/es-es\/wp-json\/wp\/v2\/users\/336"}],"version-history":[{"count":2,"href":"https:\/\/www.capgemini.com\/es-es\/wp-json\/wp\/v2\/press-release\/531426\/revisions"}],"predecessor-version":[{"id":568204,"href":"https:\/\/www.capgemini.com\/es-es\/wp-json\/wp\/v2\/press-release\/531426\/revisions\/568204"}],"wp:attachment":[{"href":"https:\/\/www.capgemini.com\/es-es\/wp-json\/wp\/v2\/media?parent=531426"}],"wp:term":[{"taxonomy":"post_tag","embeddable":true,"href":"https:\/\/www.capgemini.com\/es-es\/wp-json\/wp\/v2\/tags?post=531426"},{"taxonomy":"press-release-type","embeddable":true,"href":"https:\/\/www.capgemini.com\/es-es\/wp-json\/wp\/v2\/press-release-type?post=531426"},{"taxonomy":"brand","embeddable":true,"href":"https:\/\/www.capgemini.com\/es-es\/wp-json\/wp\/v2\/brand?post=531426"}],"curies":[{"name":"wp","href":"https:\/\/api.w.org\/{rel}","templated":true}]}}