{"id":531413,"date":"2022-06-30T08:28:00","date_gmt":"2022-06-30T08:28:00","guid":{"rendered":"https:\/\/www.capgemini.com\/es-es\/?post_type=press-release&#038;p=531413"},"modified":"2025-03-12T08:49:50","modified_gmt":"2025-03-12T07:49:50","slug":"capgemini-y-la-universidad-de-oviedo-ponen-en-marcha-la-catedra-de-transformacion-digital-sostenible","status":"publish","type":"press-release","link":"https:\/\/www.capgemini.com\/es-es\/noticias\/notas-de-prensa\/capgemini-y-la-universidad-de-oviedo-ponen-en-marcha-la-catedra-de-transformacion-digital-sostenible\/","title":{"rendered":"Capgemini y la Universidad de Oviedo ponen en marcha la C\u00e1tedra de Transformaci\u00f3n Digital Sostenible"},"content":{"rendered":"\n<p><\/p>\n\n\n\t\t<div class=\"wp-block-cg-blocks-hero-press-release\">\n\t\t\t<header class=\"header-hero-press-release\" role=\"main\" id=\"main-content-press-release\">\n\t\t\t\t<div class=\"container\">\n\t\t\t\t\t<div class=\"hero-press-release\">\n\t\t\t\t\t\t<div class=\"hero-press-release-content-wrapper\">\n\t\t\t\t\t\t\t<div class=\"row\">\n\t\t\t\t\t\t\t\t<div class=\"col-12\">\n\t\t\t\t\t\t\t\t\t<div class=\"header-title\">\n\t\t\t\t\t\t\t\t\t\t<h1>\n\t\t\t\t\t\t\t\t\t\t\tCapgemini y la Universidad de Oviedo ponen en marcha la C\u00e1tedra de Transformaci\u00f3n Digital Sostenible\t\t\t\t\t\t\t\t\t\t<\/h1>\n\t\t\t\t\t\t\t\t\t<\/div>\n\t\t\t\t\t\t\t\t\t<div class=\"header-description\">\n\t\t\t\t\t\t\t\t\t\t<p><\/p>\n\t\t\t\t\t\t\t\t\t<\/div>\n\t\t\t\t\t\t\t\t\t\t\t\t\t\t\t\t\t\t<div class=\"header-date\">\n\t\t\t\t\t\t\t\t\t\t<span>jun. 30, 2022<\/span>\n\t\t\t\t\t\t\t\t\t<\/div>\n\t\t\t\t\t\t\t\t<\/div>\n\t\t\t\t\t\t\t<\/div>\n\t\t\t\t\t\t<\/div>\n\t\t\t\t\t\t\t\t\t\t\t\t\t<div class=\"hero-press-release-downloads\">\n\t\t\t\t\t\t\t\t<div class=\"row\">\n\t\t\t\t\t\t\t\t\t\t\t\t\t\t\t\t\t\t\t<div class=\"col-12 col-md-6 col-lg-3\">\n\t\t\t\t\t\t\t\t\t\t\t<a class=\"download-item\" type=\"download\" href=\"https:\/\/www.capgemini.com\/es-es\/wp-content\/uploads\/sites\/16\/2022\/12\/2022_06_30_Firma-Convenio-Capgemini.pdf\" target=\"_blank\" rel=\"noopener noreferrer\" title=\"Abrir en una nueva ventana\">\n\t\t\t\t\t\t\t\t\t\t\t\t<div class=\"download-icon\"><\/div>\n\t\t\t\t\t\t\t\t\t\t\t\t<div class=\"download-details\">\n\t\t\t\t\t\t\t\t\t\t\t\t\t<div class=\"download-title\">Download press release<\/div>\n\t\t\t\t\t\t\t\t\t\t\t\t\t<div class=\"download-props\">112 KB  pdf<\/div>\n\t\t\t\t\t\t\t\t\t\t\t\t<\/div>\n\t\t\t\t\t\t\t\t\t\t\t<\/a>\n\t\t\t\t\t\t\t\t\t\t<\/div>\n\t\t\t\t\t\t\t\t\t\t\t\t\t\t\t\t\t\t<\/div>\n\t\t\t\t\t\t\t<\/div>\n\t\t\t\t\t\t\t\t\t\t\t\t\t\t\t\t\t\t\t<div class=\"hero-press-release-brand-image\">\n\t\t\t\t\t\t\t\t<img decoding=\"async\" loading=\"lazy\" src=\"https:\/\/www.capgemini.com\/es-es\/wp-content\/themes\/capgemini2025\/assets\/images\/capgemini-white.svg\" alt=\"Logo\" \/>\n\t\t\t\t\t\t\t<\/div>\n\t\t\t\t\t\t\t\t\t\t\t<\/div>\n\t\t\t\t<\/div>\n\t\t\t<\/header>\n\t\t<\/div>\n\t\t\n\n\n<section class=\"wp-block-cg-blocks-group undefined section section--article-content\"><div class=\"article-main-content\"><div class=\"container\"><div class=\"row\"><div class=\"col-12 col-md-1\"><nav class=\"article-social\"><ul class=\"social-nav\"><li class=\"ip-order-fb\"><a href=\"https:\/\/www.facebook.com\/sharer\/sharer.php?u=https:\/\/www.capgemini.com\/es-es\/?post_type=press-release&amp;p=531413\" target=\"_blank\" rel=\"noopener noreferrer\" title=\"abrir en una nueva ventana\"><i aria-hidden=\"true\" class=\"icon-fb\"><\/i><span class=\"sr-only\">Facebook<\/span><\/a><\/li><li class=\"ip-order-tw\"><a href=\"https:\/\/twitter.com\/intent\/tweet?url=https:\/\/www.capgemini.com\/es-es\/?post_type=press-release&amp;p=531413&amp;text=\" target=\"_blank\" rel=\"noopener noreferrer\" title=\"abrir en una nueva ventana\"><i aria-hidden=\"true\" class=\"icon-tw\"><\/i><span class=\"sr-only\">Twitter<\/span><\/a><\/li><li class=\"ip-order-li\"><a href=\"https:\/\/www.linkedin.com\/sharing\/share-offsite\/?url=https:\/\/www.capgemini.com\/es-es\/?post_type=press-release&amp;p=531413&amp;text=\" target=\"_blank\" rel=\"noopener noreferrer\" title=\"abrir en una nueva ventana\"><i aria-hidden=\"true\" class=\"icon-li\"><\/i><span class=\"sr-only\">Linkedin<\/span><\/a><\/li><\/ul><\/nav><\/div><div class=\"col-12 col-md-11 col-lg-10\"><div class=\"article-text article-quote-text\">\n<h2 class=\"wp-block-heading\" id=\"h-la-catedra-llevara-a-cabo-diversas-sesiones-informativas-cursos-y-jornadas-que-sirvan-para-potenciar-la-cooperacion-educativa-y-las-competencias-en-ciencia-tecnologia-ingenieria-artes-y-matematicas-steam-especialmente-para-las-ninas\"><strong>La c\u00e1tedra llevar\u00e1 a cabo diversas sesiones informativas, cursos y jornadas que sirvan para potenciar la cooperaci\u00f3n educativa y las competencias en Ciencia, Tecnolog\u00eda, Ingenier\u00eda, Artes y Matem\u00e1ticas (STEAM), especialmente para las ni\u00f1as<\/strong><\/h2>\n\n\n\n<p><strong>Oviedo\/Uvi\u00e9u, 30 de junio de 2022<\/strong>. Capgemini y la Universidad de Oviedo han firmado esta ma\u00f1ana el Protocolo de Intenciones para la creaci\u00f3n de la C\u00e1tedra de Transformaci\u00f3n Digital Sostenible, a trav\u00e9s de la que ambas organizaciones reforzar\u00e1n su compromiso para alinear la formaci\u00f3n de los estudiantes a las necesidades del mercado laboral, y propiciar\u00e1n la cultura de la innovaci\u00f3n, la investigaci\u00f3n y la divulgaci\u00f3n. El documento fue suscrito por el rector de la Universidad de Oviedo, Ignacio Villaverde, y el consejero delegado de Capgemini Espa\u00f1a, Luis Abad,<\/p>\n\n\n\n<p>La c\u00e1tedra realizar\u00e1 diversas actividades formativas, de investigaci\u00f3n y divulgaci\u00f3n, que tendr\u00e1n por objetivo final lograr proyectos para la transformaci\u00f3n digital sostenible en los \u00e1mbitos regional, nacional, europeo o internacional. Adem\u00e1s, la c\u00e1tedra aportar\u00e1 un elevado componente pr\u00e1ctico a esta formaci\u00f3n, ya que llevar\u00e1 a cabo diversas sesiones informativas, cursos y jornadas que sirvan para potenciar la cooperaci\u00f3n educativa y las competencias en Ciencia, Tecnolog\u00eda, Ingenier\u00eda, Artes y Matem\u00e1ticas (STEAM), especialmente para las ni\u00f1as. Por otra parte, premiar\u00e1 proyectos de grado y m\u00e1ster o tesis doctorales, que presenten soluciones que ayuden a la Sostenibilidad Medioambiental o desarrollar\u00e1 otras iniciativas como laboratorios de innovaci\u00f3n, seminarios de especializaci\u00f3n, visitas a los centros de excelencia de Capgemini y jornadas de puertas abiertas. Con esta iniciativa, se da un fuerte impulso a la cultura de la innovaci\u00f3n y divulgaci\u00f3n, ya que se potenciar\u00e1 la participaci\u00f3n del alumnado de la Universidad de Oviedo en convocatorias de premios y hackathons que permitan resolver retos dirigidos a encontrar soluciones para la Transformaci\u00f3n Digital Sostenible.<\/p>\n\n\n\n<p>\u201cEstamos orgullosos de firmar este protocolo de intenciones que refuerza nuestro papel como un dinamizador importante del ecosistema universidad-empresa en el Principado de Asturias. Esto representa no solo una evidencia de nuestra apuesta incondicional por el talento, sino tambi\u00e9n de nuestro empe\u00f1o en convertir la innovaci\u00f3n en un vector de transformaci\u00f3n clave e imprescindible en la formaci\u00f3n de este talento\u201d, afirma Luis Abad, consejero delegado de Capgemini Espa\u00f1a.<\/p>\n\n\n\n<p>El rector de la Universidad de Oviedo, por su parte, agradeci\u00f3 a la empresa su apuesta por la formaci\u00f3n e hizo hincapi\u00e9 en la importancia de que \u201clas empresas cuenten con la instituci\u00f3n y con el tejido cient\u00edfico e innovador que podemos aportar\u201d. \u201cEs vital desarrollar este v\u00ednculo entre universidad y empresa, y m\u00e1s en este campo en el que resulta vital conocer de primera mano las necesidades que surgen en el \u00e1mbito laboral para poder avanzar por el buen camino en el campo acad\u00e9mico e investigador\u201d, dijo.<\/p>\n\n\n\n<p>Al acto tambi\u00e9n asistieron Javier de la Lama, vicepresidente y director de operaciones de Capgemini; Juan Luis Lara, director del centro de Asturias; Secundino Gonz\u00e1lez, delegado del rector para la Transformaci\u00f3n Digital; Jorge Garc\u00eda Garc\u00eda, director de \u00e1rea de Transferencia y C\u00e1tedras de Empresa y Benjam\u00edn L\u00f3pez P\u00e9rez, profesor del Departamento de Inform\u00e1tica.<\/p>\n\n\n\n<p><strong>M\u00e1s informaci\u00f3n:<\/strong><\/p>\n\n\n\n<p><a href=\"http:\/\/www.uniovi.es\">www.uniovi.es<\/a><\/p>\n\n\n<div class=\"wp-block-cg-blocks-cg-block-related-content\"><section class=\"relatedContentBlock\"><div class=\"container\"><div class=\"row\"><div class=\"content-title col-12 col-md-8\"><h2 class=\"related-content-heading\">Related News<\/h2><\/div><\/div><div class=\"row relatedContent\"><div class=\"col-lg-4 col-md-6 col-xs-12\">\n\t\t\t\t\t\t\t<div class=\"box\">\n\t\t\t\t\t\t\t\t<a aria-label=\"Saber m\u00e1s sobre Abierta la convocatoria de la VI edici\u00f3n de los Premios Retina ECO, organizados por PRISA Media en colaboraci\u00f3n con Capgemini\" href=\"https:\/\/www.capgemini.com\/es-es\/noticias\/notas-de-prensa\/abierta-la-convocatoria-de-la-vi-edicion-de-los-premios-retina-eco-organizados-por-prisa-media-en-colaboracion-con-capgemini\/\" class=\"anchorWrapper\">\n\t\t\t\t\t\t\t\t\t<span class=\"box-tag\"><span>Corporate news<\/span><\/span>\n\t\t\t\t\t\t\t\t\t<div class=\"box-title\"><h3 class=\"box-subtitle\">Abierta la convocatoria de la VI edici\u00f3n de los Premios Retina ECO, organizados por PRISA Media en colaboraci\u00f3n con Capgemini<\/h3><\/div>\n\t\t\t\t\t\t\t\t\t<div class=\"box-date\">\n\t\t\t\t\t\t\t\t\t\t<span>Mar 12, 2026<\/span>\n\t\t\t\t\t\t\t\t\t<\/div>\n\t\t\t\t\t\t\t\t\t<div class=\"box-bottom\">\n\t\t\t\t\t\t\t\t\t\t&lt;a class=&quot;link-download&quot; href=&quot;https:\/\/www.capgemini.com\/es-es\/wp-content\/uploads\/sites\/16\/2026\/03\/NP-Premios-Retina-2026.pdf&quot; aria-label=&quot;Download Press Release&quot; target=&quot;_blank&quot;  type=&quot;download&quot; title=&quot;Opens in a new window&quot;&gt;\n\t\t\t\t\t\t\t&lt;span&gt;Descargar nota de prensa&lt;\/span&gt;\n\t\t\t\t\t\t\t&lt;span&gt;265 KB PDF&lt;\/span&gt;\n\t\t\t\t\t\t&lt;\/a&gt;\n\t\t\t\t\t\t\t\t\t\t<a class=\"more\" aria-label=\"Saber m\u00e1s sobre Abierta la convocatoria de la VI edici\u00f3n de los Premios Retina ECO, organizados por PRISA Media en colaboraci\u00f3n con Capgemini\" href=\"https:\/\/www.capgemini.com\/es-es\/noticias\/notas-de-prensa\/abierta-la-convocatoria-de-la-vi-edicion-de-los-premios-retina-eco-organizados-por-prisa-media-en-colaboracion-con-capgemini\/\">Saber m\u00e1s sobre<\/a>\n\t\t\t\t\t\t\t\t\t<\/div>\n\t\t\t\t\t\t\t\t<\/a>\n\t\t\t\t\t\t\t<\/div>\n\t\t\t\t\t\t<\/div><div class=\"col-lg-4 col-md-6 col-xs-12\">\n\t\t\t\t\t\t\t<div class=\"box\">\n\t\t\t\t\t\t\t\t<a aria-label=\"Saber m\u00e1s sobre Capgemini adquirir\u00e1 Piterion, empresa independiente l\u00edder en gesti\u00f3n del ciclo de vida del producto y digitalizaci\u00f3n industrial\" href=\"https:\/\/www.capgemini.com\/es-es\/noticias\/notas-de-prensa\/capgemini-adquirira-piterion-empresa-independiente-lider-en-gestion-del-ciclo-de-vida-del-producto\/\" class=\"anchorWrapper\">\n\t\t\t\t\t\t\t\t\t<span class=\"box-tag\"><span>Corporate news<\/span><\/span>\n\t\t\t\t\t\t\t\t\t<div class=\"box-title\"><h3 class=\"box-subtitle\">Capgemini adquirir\u00e1 Piterion, empresa independiente l\u00edder en gesti\u00f3n del ciclo de vida del producto y digitalizaci\u00f3n industrial<\/h3><\/div>\n\t\t\t\t\t\t\t\t\t<div class=\"box-date\">\n\t\t\t\t\t\t\t\t\t\t<span>Mar 10, 2026<\/span>\n\t\t\t\t\t\t\t\t\t<\/div>\n\t\t\t\t\t\t\t\t\t<div class=\"box-bottom\">\n\t\t\t\t\t\t\t\t\t\t&lt;a class=&quot;link-download&quot; href=&quot;https:\/\/www.capgemini.com\/es-es\/wp-content\/uploads\/sites\/16\/2026\/03\/NP-Capgemini-adquirira-Piterion.pdf&quot; aria-label=&quot;Download Press Release&quot; target=&quot;_blank&quot;  type=&quot;download&quot; title=&quot;Opens in a new window&quot;&gt;\n\t\t\t\t\t\t\t&lt;span&gt;Descargar nota de prensa&lt;\/span&gt;\n\t\t\t\t\t\t\t&lt;span&gt;108 KB PDF&lt;\/span&gt;\n\t\t\t\t\t\t&lt;\/a&gt;\n\t\t\t\t\t\t\t\t\t\t<a class=\"more\" aria-label=\"Saber m\u00e1s sobre Capgemini adquirir\u00e1 Piterion, empresa independiente l\u00edder en gesti\u00f3n del ciclo de vida del producto y digitalizaci\u00f3n industrial\" href=\"https:\/\/www.capgemini.com\/es-es\/noticias\/notas-de-prensa\/capgemini-adquirira-piterion-empresa-independiente-lider-en-gestion-del-ciclo-de-vida-del-producto\/\">Saber m\u00e1s sobre<\/a>\n\t\t\t\t\t\t\t\t\t<\/div>\n\t\t\t\t\t\t\t\t<\/a>\n\t\t\t\t\t\t\t<\/div>\n\t\t\t\t\t\t<\/div><div class=\"col-lg-4 col-md-6 col-xs-12\">\n\t\t\t\t\t\t\t<div class=\"box\">\n\t\t\t\t\t\t\t\t<a aria-label=\"Saber m\u00e1s sobre Capgemini nombra a Laurent Perea nuevo Consejero Delegado de Capgemini en Espa\u00f1a\" href=\"https:\/\/www.capgemini.com\/es-es\/noticias\/notas-de-prensa\/capgemini-nombra-a-laurent-perea-nuevo-consejero-delegado-de-capgemini-en-espana\/\" class=\"anchorWrapper\">\n\t\t\t\t\t\t\t\t\t<span class=\"box-tag\"><span>Corporate news<\/span><\/span>\n\t\t\t\t\t\t\t\t\t<div class=\"box-title\"><h3 class=\"box-subtitle\">Capgemini nombra a Laurent Perea nuevo Consejero Delegado de Capgemini en Espa\u00f1a<\/h3><\/div>\n\t\t\t\t\t\t\t\t\t<div class=\"box-date\">\n\t\t\t\t\t\t\t\t\t\t<span>Jan 13, 2026<\/span>\n\t\t\t\t\t\t\t\t\t<\/div>\n\t\t\t\t\t\t\t\t\t<div class=\"box-bottom\">\n\t\t\t\t\t\t\t\t\t\t&lt;a class=&quot;link-download&quot; href=&quot;https:\/\/www.capgemini.com\/es-es\/wp-content\/uploads\/sites\/16\/2026\/01\/NP-Capgemini-nombra-a-Laurent-Perea-consejero-delegado-en-Espana.pdf&quot; aria-label=&quot;Download Press Release&quot; target=&quot;_blank&quot;  type=&quot;download&quot; title=&quot;Opens in a new window&quot;&gt;\n\t\t\t\t\t\t\t&lt;span&gt;Descargar nota de prensa&lt;\/span&gt;\n\t\t\t\t\t\t\t&lt;span&gt;107 KB PDF&lt;\/span&gt;\n\t\t\t\t\t\t&lt;\/a&gt;\n\t\t\t\t\t\t\t\t\t\t<a class=\"more\" aria-label=\"Saber m\u00e1s sobre Capgemini nombra a Laurent Perea nuevo Consejero Delegado de Capgemini en Espa\u00f1a\" href=\"https:\/\/www.capgemini.com\/es-es\/noticias\/notas-de-prensa\/capgemini-nombra-a-laurent-perea-nuevo-consejero-delegado-de-capgemini-en-espana\/\">Saber m\u00e1s sobre<\/a>\n\t\t\t\t\t\t\t\t\t<\/div>\n\t\t\t\t\t\t\t\t<\/a>\n\t\t\t\t\t\t\t<\/div>\n\t\t\t\t\t\t<\/div><\/div><\/div><\/section><\/div><\/div><\/div><\/div><\/div><\/div><\/section>\n","protected":false},"excerpt":{"rendered":"","protected":false},"author":336,"featured_media":0,"template":"","meta":{"cg_dt_proposed_to":[],"cg_seo_hreflang_relations":"[]","cg_seo_canonical_relation":"","cg_seo_hreflang_x_default_relation":"","cg_dt_approved_content":true,"cg_dt_mandatory_content":false,"cg_dt_notes":"","cg_dg_source_changed":false,"cg_dt_link_disabled":false,"footnotes":"","related_resource_url":"https:\/\/www.capgemini.com\/es-es\/wp-content\/uploads\/sites\/16\/2022\/12\/2022_06_30_Firma-Convenio-Capgemini.pdf","related_resource_id":531414,"related_resource_size":"112 KB","related_resource_type":"pdf","cg_author":0,"featured_focal_points":""},"tags":[],"press-release-type":[39,81],"brand":[30],"class_list":["post-531413","press-release","type-press-release","status-publish","hentry","press-release-type-corporate-news","press-release-type-partner-alliance","brand-capgemini"],"yoast_head":"<!-- This site is optimized with the Yoast SEO Premium plugin v22.8 (Yoast SEO v22.8) - https:\/\/yoast.com\/wordpress\/plugins\/seo\/ -->\n<title>Capgemini y la Universidad de Oviedo ponen en marcha la C\u00e1tedra de Transformaci\u00f3n Digital Sostenible - Capgemini Spain<\/title>\n<meta name=\"robots\" content=\"index, follow, max-snippet:-1, max-image-preview:large, max-video-preview:-1\" \/>\n<link rel=\"canonical\" href=\"https:\/\/www.capgemini.com\/es-es\/noticias\/notas-de-prensa\/capgemini-y-la-universidad-de-oviedo-ponen-en-marcha-la-catedra-de-transformacion-digital-sostenible\/\" \/>\n<meta property=\"og:locale\" content=\"es_ES\" \/>\n<meta property=\"og:type\" content=\"article\" \/>\n<meta property=\"og:title\" content=\"Capgemini y la Universidad de Oviedo ponen en marcha la C\u00e1tedra de Transformaci\u00f3n Digital Sostenible\" \/>\n<meta property=\"og:url\" content=\"https:\/\/www.capgemini.com\/es-es\/noticias\/notas-de-prensa\/capgemini-y-la-universidad-de-oviedo-ponen-en-marcha-la-catedra-de-transformacion-digital-sostenible\/\" \/>\n<meta property=\"og:site_name\" content=\"Capgemini Spain\" \/>\n<meta property=\"article:modified_time\" content=\"2025-03-12T07:49:50+00:00\" \/>\n<meta property=\"og:image\" content=\"https:\/\/www.capgemini.com\/es-es\/wp-content\/uploads\/sites\/16\/2025\/10\/New-Web-preview-global.jpg\" \/>\n\t<meta property=\"og:image:width\" content=\"1200\" \/>\n\t<meta property=\"og:image:height\" content=\"627\" \/>\n\t<meta property=\"og:image:type\" content=\"image\/jpeg\" \/>\n<meta name=\"twitter:card\" content=\"summary_large_image\" \/>\n<meta name=\"twitter:label1\" content=\"Est. reading time\" \/>\n\t<meta name=\"twitter:data1\" content=\"3 minutes\" \/>\n<script type=\"application\/ld+json\" class=\"yoast-schema-graph\">{\"@context\":\"https:\/\/schema.org\",\"@graph\":[{\"@type\":\"WebPage\",\"@id\":\"https:\/\/www.capgemini.com\/es-es\/noticias\/notas-de-prensa\/capgemini-y-la-universidad-de-oviedo-ponen-en-marcha-la-catedra-de-transformacion-digital-sostenible\/\",\"url\":\"https:\/\/www.capgemini.com\/es-es\/noticias\/notas-de-prensa\/capgemini-y-la-universidad-de-oviedo-ponen-en-marcha-la-catedra-de-transformacion-digital-sostenible\/\",\"name\":\"Capgemini y la Universidad de Oviedo ponen en marcha la C\u00e1tedra de Transformaci\u00f3n Digital Sostenible - Capgemini Spain\",\"isPartOf\":{\"@id\":\"https:\/\/www.capgemini.com\/es-es\/#website\"},\"datePublished\":\"2022-06-30T08:28:00+00:00\",\"dateModified\":\"2025-03-12T07:49:50+00:00\",\"breadcrumb\":{\"@id\":\"https:\/\/www.capgemini.com\/es-es\/noticias\/notas-de-prensa\/capgemini-y-la-universidad-de-oviedo-ponen-en-marcha-la-catedra-de-transformacion-digital-sostenible\/#breadcrumb\"},\"inLanguage\":\"es-ES\",\"potentialAction\":[{\"@type\":\"ReadAction\",\"target\":[\"https:\/\/www.capgemini.com\/es-es\/noticias\/notas-de-prensa\/capgemini-y-la-universidad-de-oviedo-ponen-en-marcha-la-catedra-de-transformacion-digital-sostenible\/\"]}]},{\"@type\":\"BreadcrumbList\",\"@id\":\"https:\/\/www.capgemini.com\/es-es\/noticias\/notas-de-prensa\/capgemini-y-la-universidad-de-oviedo-ponen-en-marcha-la-catedra-de-transformacion-digital-sostenible\/#breadcrumb\",\"itemListElement\":[{\"@type\":\"ListItem\",\"position\":1,\"name\":\"Home\",\"item\":\"https:\/\/www.capgemini.com\/es-es\/\"},{\"@type\":\"ListItem\",\"position\":2,\"name\":\"Press Releases\",\"item\":\"https:\/\/www.capgemini.com\/es-es\/news\/\"},{\"@type\":\"ListItem\",\"position\":3,\"name\":\"Capgemini y la Universidad de Oviedo ponen en marcha la C\u00e1tedra de Transformaci\u00f3n Digital Sostenible\"}]},{\"@type\":\"WebSite\",\"@id\":\"https:\/\/www.capgemini.com\/es-es\/#website\",\"url\":\"https:\/\/www.capgemini.com\/es-es\/\",\"name\":\"Capgemini Espa\u00f1a\",\"description\":\"Capgemini\",\"potentialAction\":[{\"@type\":\"SearchAction\",\"target\":{\"@type\":\"EntryPoint\",\"urlTemplate\":\"https:\/\/www.capgemini.com\/es-es\/?s={search_term_string}\"},\"query-input\":\"required name=search_term_string\"}],\"inLanguage\":\"es-ES\"}]}<\/script>\n<!-- \/ Yoast SEO Premium plugin. -->","yoast_head_json":{"title":"Capgemini y la Universidad de Oviedo ponen en marcha la C\u00e1tedra de Transformaci\u00f3n Digital Sostenible - Capgemini Spain","robots":{"index":"index","follow":"follow","max-snippet":"max-snippet:-1","max-image-preview":"max-image-preview:large","max-video-preview":"max-video-preview:-1"},"canonical":"https:\/\/www.capgemini.com\/es-es\/noticias\/notas-de-prensa\/capgemini-y-la-universidad-de-oviedo-ponen-en-marcha-la-catedra-de-transformacion-digital-sostenible\/","og_locale":"es_ES","og_type":"article","og_title":"Capgemini y la Universidad de Oviedo ponen en marcha la C\u00e1tedra de Transformaci\u00f3n Digital Sostenible","og_url":"https:\/\/www.capgemini.com\/es-es\/noticias\/notas-de-prensa\/capgemini-y-la-universidad-de-oviedo-ponen-en-marcha-la-catedra-de-transformacion-digital-sostenible\/","og_site_name":"Capgemini Spain","article_modified_time":"2025-03-12T07:49:50+00:00","og_image":[{"width":1200,"height":627,"url":"https:\/\/www.capgemini.com\/es-es\/wp-content\/uploads\/sites\/16\/2025\/10\/New-Web-preview-global.jpg","type":"image\/jpeg"}],"twitter_card":"summary_large_image","twitter_misc":{"Est. reading time":"3 minutes"},"schema":{"@context":"https:\/\/schema.org","@graph":[{"@type":"WebPage","@id":"https:\/\/www.capgemini.com\/es-es\/noticias\/notas-de-prensa\/capgemini-y-la-universidad-de-oviedo-ponen-en-marcha-la-catedra-de-transformacion-digital-sostenible\/","url":"https:\/\/www.capgemini.com\/es-es\/noticias\/notas-de-prensa\/capgemini-y-la-universidad-de-oviedo-ponen-en-marcha-la-catedra-de-transformacion-digital-sostenible\/","name":"Capgemini y la Universidad de Oviedo ponen en marcha la C\u00e1tedra de Transformaci\u00f3n Digital Sostenible - Capgemini Spain","isPartOf":{"@id":"https:\/\/www.capgemini.com\/es-es\/#website"},"datePublished":"2022-06-30T08:28:00+00:00","dateModified":"2025-03-12T07:49:50+00:00","breadcrumb":{"@id":"https:\/\/www.capgemini.com\/es-es\/noticias\/notas-de-prensa\/capgemini-y-la-universidad-de-oviedo-ponen-en-marcha-la-catedra-de-transformacion-digital-sostenible\/#breadcrumb"},"inLanguage":"es-ES","potentialAction":[{"@type":"ReadAction","target":["https:\/\/www.capgemini.com\/es-es\/noticias\/notas-de-prensa\/capgemini-y-la-universidad-de-oviedo-ponen-en-marcha-la-catedra-de-transformacion-digital-sostenible\/"]}]},{"@type":"BreadcrumbList","@id":"https:\/\/www.capgemini.com\/es-es\/noticias\/notas-de-prensa\/capgemini-y-la-universidad-de-oviedo-ponen-en-marcha-la-catedra-de-transformacion-digital-sostenible\/#breadcrumb","itemListElement":[{"@type":"ListItem","position":1,"name":"Home","item":"https:\/\/www.capgemini.com\/es-es\/"},{"@type":"ListItem","position":2,"name":"Press Releases","item":"https:\/\/www.capgemini.com\/es-es\/news\/"},{"@type":"ListItem","position":3,"name":"Capgemini y la Universidad de Oviedo ponen en marcha la C\u00e1tedra de Transformaci\u00f3n Digital Sostenible"}]},{"@type":"WebSite","@id":"https:\/\/www.capgemini.com\/es-es\/#website","url":"https:\/\/www.capgemini.com\/es-es\/","name":"Capgemini Espa\u00f1a","description":"Capgemini","potentialAction":[{"@type":"SearchAction","target":{"@type":"EntryPoint","urlTemplate":"https:\/\/www.capgemini.com\/es-es\/?s={search_term_string}"},"query-input":"required name=search_term_string"}],"inLanguage":"es-ES"}]}},"parsely":{"version":"1.1.0","canonical_url":"https:\/\/capgemini.com\/es-es\/noticias\/notas-de-prensa\/capgemini-y-la-universidad-de-oviedo-ponen-en-marcha-la-catedra-de-transformacion-digital-sostenible\/","smart_links":{"inbound":0,"outbound":0},"traffic_boost_suggestions_count":0,"meta":{"@context":"https:\/\/schema.org","@type":"NewsArticle","headline":"Capgemini y la Universidad de Oviedo ponen en marcha la C\u00e1tedra de Transformaci\u00f3n Digital Sostenible","url":"https:\/\/www.capgemini.com\/es-es\/noticias\/notas-de-prensa\/capgemini-y-la-universidad-de-oviedo-ponen-en-marcha-la-catedra-de-transformacion-digital-sostenible\/","mainEntityOfPage":{"@type":"WebPage","@id":"https:\/\/www.capgemini.com\/es-es\/noticias\/notas-de-prensa\/capgemini-y-la-universidad-de-oviedo-ponen-en-marcha-la-catedra-de-transformacion-digital-sostenible\/"},"thumbnailUrl":"","image":{"@type":"ImageObject","url":""},"articleSection":"Uncategorized","author":[],"creator":[],"publisher":{"@type":"Organization","name":"Capgemini Spain","logo":""},"keywords":[],"dateCreated":"2022-06-30T08:28:00Z","datePublished":"2022-06-30T08:28:00Z","dateModified":"2025-03-12T07:49:50Z"},"rendered":"<meta name=\"parsely-title\" content=\"Capgemini y la Universidad de Oviedo ponen en marcha la C\u00e1tedra de Transformaci\u00f3n Digital Sostenible\" \/>\n<meta name=\"parsely-link\" content=\"https:\/\/www.capgemini.com\/es-es\/noticias\/notas-de-prensa\/capgemini-y-la-universidad-de-oviedo-ponen-en-marcha-la-catedra-de-transformacion-digital-sostenible\/\" \/>\n<meta name=\"parsely-type\" content=\"post\" \/>\n<meta name=\"parsely-pub-date\" content=\"2022-06-30T08:28:00Z\" \/>\n<meta name=\"parsely-section\" content=\"Uncategorized\" \/>","tracker_url":"https:\/\/cdn.parsely.com\/keys\/capgemini.com\/p.js"},"archive_status":false,"featured_image_src":"https:\/\/www.capgemini.com\/es-es\/wp-content\/themes\/capgemini2025\/assets\/images\/mockup.png","featured_image_alt":false,"jetpack_sharing_enabled":true,"distributor_meta":false,"distributor_terms":false,"distributor_media":false,"distributor_original_site_name":"Capgemini Spain","distributor_original_site_url":"https:\/\/www.capgemini.com\/es-es","push-errors":false,"tag_names":[],"_links":{"self":[{"href":"https:\/\/www.capgemini.com\/es-es\/wp-json\/wp\/v2\/press-release\/531413","targetHints":{"allow":["GET"]}}],"collection":[{"href":"https:\/\/www.capgemini.com\/es-es\/wp-json\/wp\/v2\/press-release"}],"about":[{"href":"https:\/\/www.capgemini.com\/es-es\/wp-json\/wp\/v2\/types\/press-release"}],"author":[{"embeddable":true,"href":"https:\/\/www.capgemini.com\/es-es\/wp-json\/wp\/v2\/users\/336"}],"version-history":[{"count":2,"href":"https:\/\/www.capgemini.com\/es-es\/wp-json\/wp\/v2\/press-release\/531413\/revisions"}],"predecessor-version":[{"id":568193,"href":"https:\/\/www.capgemini.com\/es-es\/wp-json\/wp\/v2\/press-release\/531413\/revisions\/568193"}],"wp:attachment":[{"href":"https:\/\/www.capgemini.com\/es-es\/wp-json\/wp\/v2\/media?parent=531413"}],"wp:term":[{"taxonomy":"post_tag","embeddable":true,"href":"https:\/\/www.capgemini.com\/es-es\/wp-json\/wp\/v2\/tags?post=531413"},{"taxonomy":"press-release-type","embeddable":true,"href":"https:\/\/www.capgemini.com\/es-es\/wp-json\/wp\/v2\/press-release-type?post=531413"},{"taxonomy":"brand","embeddable":true,"href":"https:\/\/www.capgemini.com\/es-es\/wp-json\/wp\/v2\/brand?post=531413"}],"curies":[{"name":"wp","href":"https:\/\/api.w.org\/{rel}","templated":true}]}}