{"id":531377,"date":"2022-09-15T08:09:00","date_gmt":"2022-09-15T08:09:00","guid":{"rendered":"https:\/\/www.capgemini.com\/es-es\/?post_type=press-release&#038;p=531377"},"modified":"2025-03-12T08:45:20","modified_gmt":"2025-03-12T07:45:20","slug":"los-datos-son-la-clave-para-reducir-la-brecha-entre-la-ambicion-por-alcanzar-las-cero-emisiones-netas-y-la-accion","status":"publish","type":"press-release","link":"https:\/\/www.capgemini.com\/es-es\/noticias\/notas-de-prensa\/los-datos-son-la-clave-para-reducir-la-brecha-entre-la-ambicion-por-alcanzar-las-cero-emisiones-netas-y-la-accion\/","title":{"rendered":"Los datos son la clave para reducir la brecha entre la ambici\u00f3n por alcanzar las cero emisiones netas y la acci\u00f3n"},"content":{"rendered":"\n<p><\/p>\n\n\n\t\t<div class=\"wp-block-cg-blocks-hero-press-release\">\n\t\t\t<header class=\"header-hero-press-release\" role=\"main\" id=\"main-content-press-release\">\n\t\t\t\t<div class=\"container\">\n\t\t\t\t\t<div class=\"hero-press-release\">\n\t\t\t\t\t\t<div class=\"hero-press-release-content-wrapper\">\n\t\t\t\t\t\t\t<div class=\"row\">\n\t\t\t\t\t\t\t\t<div class=\"col-12\">\n\t\t\t\t\t\t\t\t\t<div class=\"header-title\">\n\t\t\t\t\t\t\t\t\t\t<h1>\n\t\t\t\t\t\t\t\t\t\t\tLos datos son la clave para reducir la brecha entre la ambici\u00f3n por alcanzar las cero emisiones netas y la acci\u00f3n\t\t\t\t\t\t\t\t\t\t<\/h1>\n\t\t\t\t\t\t\t\t\t<\/div>\n\t\t\t\t\t\t\t\t\t<div class=\"header-description\">\n\t\t\t\t\t\t\t\t\t\t<p><\/p>\n\t\t\t\t\t\t\t\t\t<\/div>\n\t\t\t\t\t\t\t\t\t\t\t\t\t\t\t\t\t\t<div class=\"header-date\">\n\t\t\t\t\t\t\t\t\t\t<span>sept. 15, 2022<\/span>\n\t\t\t\t\t\t\t\t\t<\/div>\n\t\t\t\t\t\t\t\t<\/div>\n\t\t\t\t\t\t\t<\/div>\n\t\t\t\t\t\t<\/div>\n\t\t\t\t\t\t\t\t\t\t\t\t\t<div class=\"hero-press-release-downloads\">\n\t\t\t\t\t\t\t\t<div class=\"row\">\n\t\t\t\t\t\t\t\t\t\t\t\t\t\t\t\t\t\t\t<div class=\"col-12 col-md-6 col-lg-3\">\n\t\t\t\t\t\t\t\t\t\t\t<a class=\"download-item\" type=\"download\" href=\"https:\/\/www.capgemini.com\/es-es\/wp-content\/uploads\/sites\/16\/2022\/12\/NP-Los-datos-son-la-clave-para-reducir-la-brecha-entre-la-ambicion-por-alcanzar-las-cero-emisiones-netas-y-la-accion.pdf\" target=\"_blank\" rel=\"noopener noreferrer\" title=\"Abrir en una nueva ventana\">\n\t\t\t\t\t\t\t\t\t\t\t\t<div class=\"download-icon\"><\/div>\n\t\t\t\t\t\t\t\t\t\t\t\t<div class=\"download-details\">\n\t\t\t\t\t\t\t\t\t\t\t\t\t<div class=\"download-title\">Download press release<\/div>\n\t\t\t\t\t\t\t\t\t\t\t\t\t<div class=\"download-props\">169 KB  pdf<\/div>\n\t\t\t\t\t\t\t\t\t\t\t\t<\/div>\n\t\t\t\t\t\t\t\t\t\t\t<\/a>\n\t\t\t\t\t\t\t\t\t\t<\/div>\n\t\t\t\t\t\t\t\t\t\t\t\t\t\t\t\t\t\t\t\t<div class=\"col-12 col-md-6 col-lg-3\">\n\t\t\t\t\t\t\t\t\t\t\t<a class=\"download-item\" type=\"download\" href=\"https:\/\/www.capgemini.com\/es-es\/wp-content\/uploads\/sites\/16\/2022\/12\/Final-Infographic-1-1.pdf\" target=\"_blank\" rel=\"noopener noreferrer\" title=\"Abrir en una nueva ventana\">\n\t\t\t\t\t\t\t\t\t\t\t\t<div class=\"download-icon\"><\/div>\n\t\t\t\t\t\t\t\t\t\t\t\t<div class=\"download-details\">\n\t\t\t\t\t\t\t\t\t\t\t\t\t<div class=\"download-title\">Download press release<\/div>\n\t\t\t\t\t\t\t\t\t\t\t\t\t<div class=\"download-props\">699 KB  pdf<\/div>\n\t\t\t\t\t\t\t\t\t\t\t\t<\/div>\n\t\t\t\t\t\t\t\t\t\t\t<\/a>\n\t\t\t\t\t\t\t\t\t\t<\/div>\n\t\t\t\t\t\t\t\t\t\t\t\t\t\t\t\t\t\t\t\t<div class=\"col-12 col-md-6\">\n\t\t\t\t\t\t\t\t\t\t\t<a class=\"download-item\" type=\"download\" href=\"https:\/\/www.capgemini.com\/es-es\/wp-content\/uploads\/sites\/16\/2022\/12\/Final-Web-Version-Report-1.pdf\" target=\"_blank\" rel=\"noopener noreferrer\" title=\"Abrir en una nueva ventana\">\n\t\t\t\t\t\t\t\t\t\t\t\t<div class=\"download-icon\"><\/div>\n\t\t\t\t\t\t\t\t\t\t\t\t<div class=\"download-details\">\n\t\t\t\t\t\t\t\t\t\t\t\t\t<div class=\"download-title\">Download press release<\/div>\n\t\t\t\t\t\t\t\t\t\t\t\t\t<div class=\"download-props\">13 MB  pdf<\/div>\n\t\t\t\t\t\t\t\t\t\t\t\t<\/div>\n\t\t\t\t\t\t\t\t\t\t\t<\/a>\n\t\t\t\t\t\t\t\t\t\t<\/div>\n\t\t\t\t\t\t\t\t\t\t\t\t\t\t\t\t\t\t<\/div>\n\t\t\t\t\t\t\t<\/div>\n\t\t\t\t\t\t\t\t\t\t\t\t\t\t\t\t\t\t\t<div class=\"hero-press-release-brand-image\">\n\t\t\t\t\t\t\t\t<img decoding=\"async\" loading=\"lazy\" src=\"https:\/\/www.capgemini.com\/es-es\/wp-content\/themes\/capgemini2025\/assets\/images\/capgemini-white.svg\" alt=\"Logo\" \/>\n\t\t\t\t\t\t\t<\/div>\n\t\t\t\t\t\t\t\t\t\t\t<\/div>\n\t\t\t\t<\/div>\n\t\t\t<\/header>\n\t\t<\/div>\n\t\t\n\n\n<section class=\"wp-block-cg-blocks-group undefined section section--article-content\"><div class=\"article-main-content\"><div class=\"container\"><div class=\"row\"><div class=\"col-12 col-md-1\"><nav class=\"article-social\"><ul class=\"social-nav\"><li class=\"ip-order-fb\"><a href=\"https:\/\/www.facebook.com\/sharer\/sharer.php?u=https:\/\/www.capgemini.com\/es-es\/?post_type=press-release&amp;p=531377\" target=\"_blank\" rel=\"noopener noreferrer\" title=\"abrir en una nueva ventana\"><i aria-hidden=\"true\" class=\"icon-fb\"><\/i><span class=\"sr-only\">Facebook<\/span><\/a><\/li><li class=\"ip-order-tw\"><a href=\"https:\/\/twitter.com\/intent\/tweet?url=https:\/\/www.capgemini.com\/es-es\/?post_type=press-release&amp;p=531377&amp;text=Los%20datos%20son%20la%20clave%20para%20reducir%20la%20brecha%20entre%20la%20ambici%C3%B3n%20por%20alcanzar%20las%20cero%20emisiones%20netas%20y%20la%20acci%C3%B3n\" target=\"_blank\" rel=\"noopener noreferrer\" title=\"abrir en una nueva ventana\"><i aria-hidden=\"true\" class=\"icon-tw\"><\/i><span class=\"sr-only\">Twitter<\/span><\/a><\/li><li class=\"ip-order-li\"><a href=\"https:\/\/www.linkedin.com\/sharing\/share-offsite\/?url=https:\/\/www.capgemini.com\/es-es\/?post_type=press-release&amp;p=531377&amp;text=Los%20datos%20son%20la%20clave%20para%20reducir%20la%20brecha%20entre%20la%20ambici%C3%B3n%20por%20alcanzar%20las%20cero%20emisiones%20netas%20y%20la%20acci%C3%B3n\" target=\"_blank\" rel=\"noopener noreferrer\" title=\"abrir en una nueva ventana\"><i aria-hidden=\"true\" class=\"icon-li\"><\/i><span class=\"sr-only\">Linkedin<\/span><\/a><\/li><\/ul><\/nav><\/div><div class=\"col-12 col-md-11 col-lg-10\"><div class=\"article-text article-quote-text\">\n<p><strong>Madrid, 15 de septiembre de 2022<\/strong> <strong>\u2013 Los datos de las emisiones deben utilizarse en todo su potencial para ayudar a las compa\u00f1\u00edas a alcanzar sus objetivos de cero emisiones netas<\/strong><a href=\"#_ftn1\" id=\"_ftnref1\">[1]<\/a><strong>. Sin embargo, el \u00faltimo informe del Instituto de Investigaci\u00f3n Capgemini, <\/strong><a href=\"https:\/\/www.capgemini.com\/insights\/research-library\/data-for-net-zero\/?utm_source=pr&amp;utm_medium=referral&amp;utm_content=insightsdata_none_none_pressrelease_none&amp;utm_campaign=AI_Analytics_data-for-net-zero\"><strong><em>Datos para alcanzar las cero emisiones netas: Por qu\u00e9 los datos son la clave para reducir la brecha entre la ambici\u00f3n de las cero emisiones netas y la acci\u00f3n<\/em><\/strong><\/a><strong>, concluye que, si bien la gran mayor\u00eda de las empresas reconoce el valor de los datos sobre emisiones (85%), la mitad de las organizaciones encuestadas afirma que sus equipos empresariales no est\u00e1n lo suficientemente bien equipados para utilizar estos datos en la toma de decisiones. Actualmente, las organizaciones utilizan datos de emisiones principalmente para medir el desempe\u00f1o de la sostenibilidad y rara vez para mejorar los procesos existentes o para predecir o prescribir las oportunidades de reducci\u00f3n de emisiones mediante t\u00e9cnicas de anal\u00edticas avanzadas. El desarrollo de una mejor gesti\u00f3n de los datos y de las capacidades de colaboraci\u00f3n de toda la industria ofrece a las compa\u00f1\u00edas una enorme oportunidad para que las organizaciones mejoren su huella de sostenibilidad en toda la cadena de valor.<\/strong><\/p>\n\n\n\n<p>El informe, que ha encuestado a m\u00e1s de 900 organizaciones que establecieron objetivos de cero emisiones netas, revela que m\u00e1s de la mitad (53%) de las que han integrado datos sobre emisiones en su toma de decisiones, ya han visto un progreso m\u00e1s r\u00e1pido hacia esos objetivos. Estos incluyen una reducci\u00f3n media de emisiones del 4,6% y una mayor transparencia.<\/p>\n\n\n\n<p>La gesti\u00f3n y la recopilaci\u00f3n de datos sobre las emisiones de alcance 3<a href=\"#_ftn2\" id=\"_ftnref2\">[2]<\/a> es especialmente complicado para la mayor\u00eda de las compa\u00f1\u00edas. De media, se calcula que las emisiones de alcance 3 representan hasta el 95% de la huella de carbono de una empresa<a href=\"#_ftn3\" id=\"_ftnref3\">[3]<\/a>, pero s\u00f3lo el 24% de las empresas informa tener unos niveles moderados o amplios conocimientos sobre qu\u00e9 proveedores representan la mayor parte de sus emisiones en esta categor\u00eda. Adem\u00e1s, menos de un tercio (30%) de las compa\u00f1\u00edas cuantifica las emisiones de los bienes y servicios adquiridos, y s\u00f3lo el 27% mide las emisiones del uso de los productos vendidos. Esto se debe en parte a la falta de confianza en los datos que las empresas recopilan, ya que a menudo se basan en estimaciones del sector y en datos de terceros. Otra raz\u00f3n es la falta de conocimientos sobre la contabilidad del carbono, lo que hace que muchas organizaciones no tengan la experiencia o la comprensi\u00f3n de c\u00f3mo medir las emisiones y c\u00f3mo aplicar estos datos a la toma de decisiones.<\/p>\n\n\n\n<p><strong>La capacitaci\u00f3n y la colaboraci\u00f3n son vitales para alcanzar el objetivo cero emisiones<\/strong><\/p>\n\n\n\n<p>El informe destaca que la colaboraci\u00f3n significativa con el ecosistema m\u00e1s amplio para proporcionar acceso a datos fiables sobre las emisiones es fundamental para avanzar en el camino hacia las cero emisiones netas de una organizaci\u00f3n. En la actualidad, menos de un tercio (32%) de las compa\u00f1\u00edas afirma que est\u00e1 participando en iniciativas de ecosistemas de datos para compartir la informaci\u00f3n derivada de las emisiones con entidades externas como ONGs, competidores, proveedores y clientes. Para alcanzar las cero emisiones netas, las organizaciones tendr\u00e1n que colaborar estrechamente con sus proveedores para ayudarles a mejorar sus capacidades para medir y gestionar sus emisiones.<\/p>\n\n\n\n<p>La investigaci\u00f3n de Capgemini tambi\u00e9n destaca la necesidad de contar con una base s\u00f3lida de gesti\u00f3n de datos que permita a las empresas recopilar, consolidar y optimizar los procedentes de m\u00faltiples fuentes como un par\u00e1metro clave para lograr el progreso hacia las cero emisiones netas de forma m\u00e1s eficiente y basado en datos. Para ello, es necesario establecer mecanismos que garanticen la responsabilidad de la descarbonizaci\u00f3n en toda la organizaci\u00f3n, definiendo unos KPI de carbono claros para los equipos empresariales y una mayor inversi\u00f3n en conocimientos de contabilidad del carbono.<\/p>\n\n\n\n<p>Adem\u00e1s, las organizaciones tienen que asegurarse de que los empleados de todos los niveles est\u00e1n integrados y equipados para desempe\u00f1ar sus funciones para alcanzar las cero emisiones netas. Sin embargo, muy pocas compa\u00f1\u00edas (7%) est\u00e1n invirtiendo en concienciar y capacitar a sus empleados sobre la sostenibilidad y el cambio clim\u00e1tico. Abordar esta cuesti\u00f3n podr\u00eda ayudar a paliar la escasez de competencias.<\/p>\n\n\n\n<p>Zhiwei Jiang, CEO de Insights y Datos en Capgemini y miembro del Comit\u00e9 Ejecutivo del Grupo, afirma: \u201c<em>Aunque las organizaciones y los gobiernos se hayan fijado objetivos para alcanzar las cero emisiones netas a cinco, diez o treinta a\u00f1os, eso no significa que la sostenibilidad sea un problema futuro. Nuestro planeta est\u00e1 en crisis ahora mismo. Y si se quiere hacer un seguimiento de su progreso; avanzar en una nueva regulaci\u00f3n o legislaci\u00f3n; responder a las demandas de los consumidores\u2026 los datos y la anal\u00edtica son el punto de entrada. Muy pocos est\u00e1n adoptando un enfoque realmente basado en los datos en su camino hacia estos objetivos. La colaboraci\u00f3n tambi\u00e9n desempe\u00f1a un papel fundamental en este sentido, ya sea a lo largo de la cadena de valor o a trav\u00e9s de alianzas globales para mejorar colectivamente los sistemas de gesti\u00f3n de emisiones. Las empresas tambi\u00e9n deben invertir en talento para la contabilidad del carbono y definir objetivos de emisi\u00f3n claros para poder pasar de la ambici\u00f3n a la acci\u00f3n<\/em>\u201c.<\/p>\n\n\n\n<p>Para obtener m\u00e1s informaci\u00f3n o descargar el informe, visite: <a href=\"https:\/\/www.capgemini.com\/insights\/research-library\/data-for-net-zero\/?utm_source=pr&amp;utm_medium=referral&amp;utm_content=insightsdata_none_none_pressrelease_none&amp;utm_campaign=AI_Analytics_data-for-net-zero\">enlace al informe<\/a>.<\/p>\n\n\n\n<p><strong>Acerca de Capgemini<\/strong><\/p>\n\n\n\n<p>Capgemini es un l\u00edder mundial que acompa\u00f1a a las empresas para transformar y gestionar su negocio aprovechando el poder de la tecnolog\u00eda. El Grupo se gu\u00eda cada d\u00eda por su prop\u00f3sito de liberar la energ\u00eda humana a trav\u00e9s de la tecnolog\u00eda para construir un futuro inclusivo y sostenible. Es una organizaci\u00f3n responsable y diversa que cuenta con m\u00e1s de 350.000 profesionales en m\u00e1s de 50 pa\u00edses. Con una s\u00f3lida trayectoria de 55 a\u00f1os y su gran conocimiento sectorial, Capgemini es reconocida por sus clientes por la capacidad de respuesta a las necesidades de su negocio, desde la estrategia y el dise\u00f1o hasta la gesti\u00f3n de operaciones, todo ello impulsado por la innovaci\u00f3n en \u00e1reas como el Cloud, los datos, la IA, la conectividad, el software y las plataformas y entornos digitales.<\/p>\n\n\n\n<p>En 2021, el Grupo registr\u00f3 unos ingresos globales de 18.000 millones de euros.<\/p>\n\n\n\n<p>Get The Future You Want |&nbsp; <a href=\"https:\/\/www.capgemini.com\/es-es\/\">www.capgemini.com\/es-es\/<\/a><\/p>\n\n\n\n<p><strong>Acerca del Instituto de Investigaci\u00f3n Capgemini<\/strong><\/p>\n\n\n\n<p>El Instituto de Investigaci\u00f3n Capgemini es el grupo de expertos interno de Capgemini sobre todo lo digital. El Instituto publica investigaciones sobre el impacto de las tecnolog\u00edas digitales en las grandes empresas tradicionales. El equipo se basa en la red mundial de expertos de Capgemini y trabaja en estrecha colaboraci\u00f3n con socios acad\u00e9micos y tecnol\u00f3gicos. El Instituto cuenta con centros de investigaci\u00f3n dedicados en India, Singapur, Reino Unido y Estados Unidos. Recientemente, ocup\u00f3 el puesto n\u00famero 1 en el mundo por la calidad de sus investigaciones realizadas por analistas independientes.<\/p>\n\n\n\n<p>Vis\u00edtanos en <a href=\"https:\/\/www.capgemini.com\/researchinstitute\/\">https:\/\/www.capgemini.com\/researchinstitute\/<\/a><\/p>\n\n\n\n<p><strong>Capgemini se enorgullece de apoyar la Semana del Clima de Nueva York<\/strong><\/p>\n\n\n\n<p>La <a href=\"https:\/\/www.climateweeknyc.org\/\">Semana del Clima de Nueva York<\/a> es el momento y el lugar donde el mundo se re\u00fane para mostrar acciones clim\u00e1ticas incre\u00edbles y debatir dar un paso m\u00e1s all\u00e1. Dirigida por la organizaci\u00f3n internacional sin \u00e1nimo de lucro <a href=\"https:\/\/www.theclimategroup.org\/\">Climate Group<\/a>, en colaboraci\u00f3n con las Naciones Unidas y la ciudad de Nueva York, la Semana del Clima de Nueva York re\u00fane anualmente a voces de todo el panorama internacional para debatir y poner en pr\u00e1ctica la acci\u00f3n clim\u00e1tica. Con m\u00e1s de 500 eventos que forman parte del programa oficial y albergando a los l\u00edderes m\u00e1s importantes del mundo empresarial y gubernamental, la Semana del Clima de Nueva York es una de las mayores cumbres clim\u00e1ticas anuales de este tipo para concienciar y atraer la participaci\u00f3n global.<\/p>\n\n\n\n<p><a href=\"#_ftnref1\" id=\"_ftn1\">[1]<\/a> Reconocemos que la definici\u00f3n de cero emisiones netas est\u00e1 evolucionando. A los efectos de esta encuesta, utilizamos la siguiente definici\u00f3n de cero emisiones netas, basada en la definici\u00f3n del t\u00e9rmino del IPCC en ese momento: \u201cPara una organizaci\u00f3n, ser \u201ccero emisiones netas\u201d significa reducir las emisiones de GEI (CO2, metano, \u00f3xido nitroso, etc.) a un nivel cercano a cero y extraer las emisiones residuales de la atm\u00f3sfera, en un per\u00edodo determinado\u201d. El informe tambi\u00e9n hace referencia al \u201cEst\u00e1ndar Corporativo Neto-Cero\u201d del SBTi que se introdujo en octubre de 2021 para definir los requisitos clave que deben cumplir los objetivos a cero emisiones netas para estar alineados con el objetivo de limitar el aumento de la temperatura global a 1,5\u00b0C. Las 900 organizaciones de nuestra encuesta han establecido objetivos de balance cero en un sentido amplio y no est\u00e1n necesariamente alineados con la \u201cNorma Corporativa de Balance Cero\u201d del SBTi.<\/p>\n\n\n\n<p><a href=\"#_ftnref2\" id=\"_ftn2\">[2]<\/a> Las emisiones de alcance tres consisten en emisiones ascendentes y descendentes. Las emisiones ascendentes proceden de fuentes indirectas de la cadena de suministro de una organizaci\u00f3n, como la compra de bienes y servicios, la distribuci\u00f3n y el transporte. Mientras tanto, las emisiones descendentes son las derivadas del uso de los productos vendidos y de su tratamiento al final de su vida \u00fatil.<\/p>\n\n\n\n<p><a href=\"#_ftnref3\" id=\"_ftn3\">[3]<\/a> CNBC, \u201cLos expertos del clima est\u00e1n preocupados por las emisiones de carbono m\u00e1s dif\u00edciles de captar por las empresas\u201d, agosto de 2021.<\/p>\n\n\n<div class=\"wp-block-cg-blocks-cg-block-related-content\"><section class=\"relatedContentBlock\"><div class=\"container\"><div class=\"row\"><div class=\"content-title col-12 col-md-8\"><h2 class=\"related-content-heading\">Related News<\/h2><\/div><\/div><div class=\"row relatedContent\"><div class=\"col-lg-4 col-md-6 col-xs-12\">\n\t\t\t\t\t\t\t<div class=\"box\">\n\t\t\t\t\t\t\t\t<a aria-label=\"Saber m\u00e1s sobre La reindustrializaci\u00f3n entra en una fase m\u00e1s selectiva y estrat\u00e9gica en Europa y Estados Unidos\" href=\"https:\/\/www.capgemini.com\/es-es\/noticias\/notas-de-prensa\/la-reindustrializacion-entra-en-una-fase-mas-selectiva-y-estrategica-en-europa-y-eeuu\/\" class=\"anchorWrapper\">\n\t\t\t\t\t\t\t\t\t<span class=\"box-tag\"><span>Reports<\/span><\/span>\n\t\t\t\t\t\t\t\t\t<div class=\"box-title\"><h3 class=\"box-subtitle\">La reindustrializaci\u00f3n entra en una fase m\u00e1s selectiva y estrat\u00e9gica en Europa y Estados Unidos<\/h3><\/div>\n\t\t\t\t\t\t\t\t\t<div class=\"box-date\">\n\t\t\t\t\t\t\t\t\t\t<span>Apr 23, 2026<\/span>\n\t\t\t\t\t\t\t\t\t<\/div>\n\t\t\t\t\t\t\t\t\t<div class=\"box-bottom\">\n\t\t\t\t\t\t\t\t\t\t&lt;a class=&quot;link-download&quot; href=&quot;https:\/\/www.capgemini.com\/es-es\/wp-content\/uploads\/sites\/16\/2026\/04\/NP-Reindustrializacion-Europa-y-US-2026.pdf&quot; aria-label=&quot;Download Press Release&quot; target=&quot;_blank&quot;  type=&quot;download&quot; title=&quot;Opens in a new window&quot;&gt;\n\t\t\t\t\t\t\t&lt;span&gt;Descargar nota de prensa&lt;\/span&gt;\n\t\t\t\t\t\t\t&lt;span&gt;163 KB PDF&lt;\/span&gt;\n\t\t\t\t\t\t&lt;\/a&gt;\n\t\t\t\t\t\t\t\t\t\t<a class=\"more\" aria-label=\"Saber m\u00e1s sobre La reindustrializaci\u00f3n entra en una fase m\u00e1s selectiva y estrat\u00e9gica en Europa y Estados Unidos\" href=\"https:\/\/www.capgemini.com\/es-es\/noticias\/notas-de-prensa\/la-reindustrializacion-entra-en-una-fase-mas-selectiva-y-estrategica-en-europa-y-eeuu\/\">Saber m\u00e1s sobre<\/a>\n\t\t\t\t\t\t\t\t\t<\/div>\n\t\t\t\t\t\t\t\t<\/a>\n\t\t\t\t\t\t\t<\/div>\n\t\t\t\t\t\t<\/div><div class=\"col-lg-4 col-md-6 col-xs-12\">\n\t\t\t\t\t\t\t<div class=\"box\">\n\t\t\t\t\t\t\t\t<a aria-label=\"Saber m\u00e1s sobre Dos tercios de las empresas consideran la IA f\u00edsica como una prioridad esencial para los pr\u00f3ximos tres a cinco a\u00f1os\" href=\"https:\/\/www.capgemini.com\/es-es\/noticias\/notas-de-prensa\/dos-tercios-de-las-empresas-consideran-la-ia-fisica-como-una-prioridad-esencial-para-proximos-anos\/\" class=\"anchorWrapper\">\n\t\t\t\t\t\t\t\t\t<span class=\"box-tag\"><span>Reports<\/span><\/span>\n\t\t\t\t\t\t\t\t\t<div class=\"box-title\"><h3 class=\"box-subtitle\">Dos tercios de las empresas consideran la IA f\u00edsica como una prioridad esencial para los pr\u00f3ximos tres a cinco a\u00f1os<\/h3><\/div>\n\t\t\t\t\t\t\t\t\t<div class=\"box-date\">\n\t\t\t\t\t\t\t\t\t\t<span>Apr 20, 2026<\/span>\n\t\t\t\t\t\t\t\t\t<\/div>\n\t\t\t\t\t\t\t\t\t<div class=\"box-bottom\">\n\t\t\t\t\t\t\t\t\t\t&lt;a class=&quot;link-download&quot; href=&quot;https:\/\/www.capgemini.com\/es-es\/wp-content\/uploads\/sites\/16\/2026\/04\/NP-IA-fisica.pdf&quot; aria-label=&quot;Download Press Release&quot; target=&quot;_blank&quot;  type=&quot;download&quot; title=&quot;Opens in a new window&quot;&gt;\n\t\t\t\t\t\t\t&lt;span&gt;Descargar nota de prensa&lt;\/span&gt;\n\t\t\t\t\t\t\t&lt;span&gt;162 KB PDF&lt;\/span&gt;\n\t\t\t\t\t\t&lt;\/a&gt;\n\t\t\t\t\t\t\t\t\t\t<a class=\"more\" aria-label=\"Saber m\u00e1s sobre Dos tercios de las empresas consideran la IA f\u00edsica como una prioridad esencial para los pr\u00f3ximos tres a cinco a\u00f1os\" href=\"https:\/\/www.capgemini.com\/es-es\/noticias\/notas-de-prensa\/dos-tercios-de-las-empresas-consideran-la-ia-fisica-como-una-prioridad-esencial-para-proximos-anos\/\">Saber m\u00e1s sobre<\/a>\n\t\t\t\t\t\t\t\t\t<\/div>\n\t\t\t\t\t\t\t\t<\/a>\n\t\t\t\t\t\t\t<\/div>\n\t\t\t\t\t\t<\/div><div class=\"col-lg-4 col-md-6 col-xs-12\">\n\t\t\t\t\t\t\t<div class=\"box\">\n\t\t\t\t\t\t\t\t<a aria-label=\"Saber m\u00e1s sobre El 85% de los clientes corporativos de los bancos tiene previsto colaborar con una entidad financiera no bancaria en el pr\u00f3ximo a\u00f1o, a medida que se intensifica la competencia con el capital privado\" href=\"https:\/\/www.capgemini.com\/es-es\/noticias\/notas-de-prensa\/85-of-banks-corporate-clients-plan-to-engage-with-a-non-bank-financial-institution-within-the-next-year-as-competition-with-private-capital-intensifies\/\" class=\"anchorWrapper\">\n\t\t\t\t\t\t\t\t\t<span class=\"box-tag\"><span>Reports<\/span><\/span>\n\t\t\t\t\t\t\t\t\t<div class=\"box-title\"><h3 class=\"box-subtitle\">El 85% de los clientes corporativos de los bancos tiene previsto colaborar con una entidad financiera no bancaria en el pr\u00f3ximo a\u00f1o, a medida que se intensifica la competencia con el capital privado<\/h3><\/div>\n\t\t\t\t\t\t\t\t\t<div class=\"box-date\">\n\t\t\t\t\t\t\t\t\t\t<span>Mar 16, 2026<\/span>\n\t\t\t\t\t\t\t\t\t<\/div>\n\t\t\t\t\t\t\t\t\t<div class=\"box-bottom\">\n\t\t\t\t\t\t\t\t\t\t&lt;a class=&quot;link-download&quot; href=&quot;https:\/\/www.capgemini.com\/es-es\/wp-content\/uploads\/sites\/16\/2026\/03\/NP-Informe-mundia-sobre-banca-corporativa-y-de-inversion.pdf&quot; aria-label=&quot;Download Press Release&quot; target=&quot;_blank&quot;  type=&quot;download&quot; title=&quot;Opens in a new window&quot;&gt;\n\t\t\t\t\t\t\t&lt;span&gt;Descargar nota de prensa&lt;\/span&gt;\n\t\t\t\t\t\t\t&lt;span&gt;153 KB PDF&lt;\/span&gt;\n\t\t\t\t\t\t&lt;\/a&gt;\n\t\t\t\t\t\t\t\t\t\t<a class=\"more\" aria-label=\"Saber m\u00e1s sobre El 85% de los clientes corporativos de los bancos tiene previsto colaborar con una entidad financiera no bancaria en el pr\u00f3ximo a\u00f1o, a medida que se intensifica la competencia con el capital privado\" href=\"https:\/\/www.capgemini.com\/es-es\/noticias\/notas-de-prensa\/85-of-banks-corporate-clients-plan-to-engage-with-a-non-bank-financial-institution-within-the-next-year-as-competition-with-private-capital-intensifies\/\">Saber m\u00e1s sobre<\/a>\n\t\t\t\t\t\t\t\t\t<\/div>\n\t\t\t\t\t\t\t\t<\/a>\n\t\t\t\t\t\t\t<\/div>\n\t\t\t\t\t\t<\/div><\/div><\/div><\/section><\/div><\/div><\/div><\/div><\/div><\/div><\/section>\n","protected":false},"excerpt":{"rendered":"","protected":false},"author":336,"featured_media":0,"template":"","meta":{"cg_dt_proposed_to":[],"cg_seo_hreflang_relations":"[]","cg_seo_canonical_relation":"","cg_seo_hreflang_x_default_relation":"","cg_dt_approved_content":true,"cg_dt_mandatory_content":false,"cg_dt_notes":"","cg_dg_source_changed":false,"cg_dt_link_disabled":false,"footnotes":"","related_resource_url":"https:\/\/www.capgemini.com\/es-es\/wp-content\/uploads\/sites\/16\/2022\/12\/NP-Los-datos-son-la-clave-para-reducir-la-brecha-entre-la-ambicion-por-alcanzar-las-cero-emisiones-netas-y-la-accion.pdf","related_resource_id":531378,"related_resource_size":"169 KB","related_resource_type":"pdf","cg_author":0,"featured_focal_points":""},"tags":[],"press-release-type":[87],"brand":[30],"class_list":["post-531377","press-release","type-press-release","status-publish","hentry","press-release-type-reports","brand-capgemini"],"yoast_head":"<!-- This site is optimized with the Yoast SEO Premium plugin v22.8 (Yoast SEO v22.8) - https:\/\/yoast.com\/wordpress\/plugins\/seo\/ -->\n<title>Los datos son la clave para reducir la brecha entre la ambici\u00f3n por alcanzar las cero emisiones netas y la acci\u00f3n - Capgemini Spain<\/title>\n<meta name=\"robots\" content=\"index, follow, max-snippet:-1, max-image-preview:large, max-video-preview:-1\" \/>\n<link rel=\"canonical\" href=\"https:\/\/www.capgemini.com\/es-es\/noticias\/notas-de-prensa\/los-datos-son-la-clave-para-reducir-la-brecha-entre-la-ambicion-por-alcanzar-las-cero-emisiones-netas-y-la-accion\/\" \/>\n<meta property=\"og:locale\" content=\"es_ES\" \/>\n<meta property=\"og:type\" content=\"article\" \/>\n<meta property=\"og:title\" content=\"Los datos son la clave para reducir la brecha entre la ambici\u00f3n por alcanzar las cero emisiones netas y la acci\u00f3n\" \/>\n<meta property=\"og:url\" content=\"https:\/\/www.capgemini.com\/es-es\/noticias\/notas-de-prensa\/los-datos-son-la-clave-para-reducir-la-brecha-entre-la-ambicion-por-alcanzar-las-cero-emisiones-netas-y-la-accion\/\" \/>\n<meta property=\"og:site_name\" content=\"Capgemini Spain\" \/>\n<meta property=\"article:modified_time\" content=\"2025-03-12T07:45:20+00:00\" \/>\n<meta property=\"og:image\" content=\"https:\/\/www.capgemini.com\/es-es\/wp-content\/uploads\/sites\/16\/2025\/10\/New-Web-preview-global.jpg\" \/>\n\t<meta property=\"og:image:width\" content=\"1200\" \/>\n\t<meta property=\"og:image:height\" content=\"627\" \/>\n\t<meta property=\"og:image:type\" content=\"image\/jpeg\" \/>\n<meta name=\"twitter:card\" content=\"summary_large_image\" \/>\n<script type=\"application\/ld+json\" class=\"yoast-schema-graph\">{\"@context\":\"https:\/\/schema.org\",\"@graph\":[{\"@type\":\"WebPage\",\"@id\":\"https:\/\/www.capgemini.com\/es-es\/noticias\/notas-de-prensa\/los-datos-son-la-clave-para-reducir-la-brecha-entre-la-ambicion-por-alcanzar-las-cero-emisiones-netas-y-la-accion\/\",\"url\":\"https:\/\/www.capgemini.com\/es-es\/noticias\/notas-de-prensa\/los-datos-son-la-clave-para-reducir-la-brecha-entre-la-ambicion-por-alcanzar-las-cero-emisiones-netas-y-la-accion\/\",\"name\":\"Los datos son la clave para reducir la brecha entre la ambici\u00f3n por alcanzar las cero emisiones netas y la acci\u00f3n - Capgemini Spain\",\"isPartOf\":{\"@id\":\"https:\/\/www.capgemini.com\/es-es\/#website\"},\"datePublished\":\"2022-09-15T08:09:00+00:00\",\"dateModified\":\"2025-03-12T07:45:20+00:00\",\"breadcrumb\":{\"@id\":\"https:\/\/www.capgemini.com\/es-es\/noticias\/notas-de-prensa\/los-datos-son-la-clave-para-reducir-la-brecha-entre-la-ambicion-por-alcanzar-las-cero-emisiones-netas-y-la-accion\/#breadcrumb\"},\"inLanguage\":\"es-ES\",\"potentialAction\":[{\"@type\":\"ReadAction\",\"target\":[\"https:\/\/www.capgemini.com\/es-es\/noticias\/notas-de-prensa\/los-datos-son-la-clave-para-reducir-la-brecha-entre-la-ambicion-por-alcanzar-las-cero-emisiones-netas-y-la-accion\/\"]}]},{\"@type\":\"BreadcrumbList\",\"@id\":\"https:\/\/www.capgemini.com\/es-es\/noticias\/notas-de-prensa\/los-datos-son-la-clave-para-reducir-la-brecha-entre-la-ambicion-por-alcanzar-las-cero-emisiones-netas-y-la-accion\/#breadcrumb\",\"itemListElement\":[{\"@type\":\"ListItem\",\"position\":1,\"name\":\"Home\",\"item\":\"https:\/\/www.capgemini.com\/es-es\/\"},{\"@type\":\"ListItem\",\"position\":2,\"name\":\"Press Releases\",\"item\":\"https:\/\/www.capgemini.com\/es-es\/news\/\"},{\"@type\":\"ListItem\",\"position\":3,\"name\":\"Los datos son la clave para reducir la brecha entre la ambici\u00f3n por alcanzar las cero emisiones netas y la acci\u00f3n\"}]},{\"@type\":\"WebSite\",\"@id\":\"https:\/\/www.capgemini.com\/es-es\/#website\",\"url\":\"https:\/\/www.capgemini.com\/es-es\/\",\"name\":\"Capgemini Espa\u00f1a\",\"description\":\"Capgemini\",\"potentialAction\":[{\"@type\":\"SearchAction\",\"target\":{\"@type\":\"EntryPoint\",\"urlTemplate\":\"https:\/\/www.capgemini.com\/es-es\/?s={search_term_string}\"},\"query-input\":\"required name=search_term_string\"}],\"inLanguage\":\"es-ES\"}]}<\/script>\n<!-- \/ Yoast SEO Premium plugin. -->","yoast_head_json":{"title":"Los datos son la clave para reducir la brecha entre la ambici\u00f3n por alcanzar las cero emisiones netas y la acci\u00f3n - Capgemini Spain","robots":{"index":"index","follow":"follow","max-snippet":"max-snippet:-1","max-image-preview":"max-image-preview:large","max-video-preview":"max-video-preview:-1"},"canonical":"https:\/\/www.capgemini.com\/es-es\/noticias\/notas-de-prensa\/los-datos-son-la-clave-para-reducir-la-brecha-entre-la-ambicion-por-alcanzar-las-cero-emisiones-netas-y-la-accion\/","og_locale":"es_ES","og_type":"article","og_title":"Los datos son la clave para reducir la brecha entre la ambici\u00f3n por alcanzar las cero emisiones netas y la acci\u00f3n","og_url":"https:\/\/www.capgemini.com\/es-es\/noticias\/notas-de-prensa\/los-datos-son-la-clave-para-reducir-la-brecha-entre-la-ambicion-por-alcanzar-las-cero-emisiones-netas-y-la-accion\/","og_site_name":"Capgemini Spain","article_modified_time":"2025-03-12T07:45:20+00:00","og_image":[{"width":1200,"height":627,"url":"https:\/\/www.capgemini.com\/es-es\/wp-content\/uploads\/sites\/16\/2025\/10\/New-Web-preview-global.jpg","type":"image\/jpeg"}],"twitter_card":"summary_large_image","schema":{"@context":"https:\/\/schema.org","@graph":[{"@type":"WebPage","@id":"https:\/\/www.capgemini.com\/es-es\/noticias\/notas-de-prensa\/los-datos-son-la-clave-para-reducir-la-brecha-entre-la-ambicion-por-alcanzar-las-cero-emisiones-netas-y-la-accion\/","url":"https:\/\/www.capgemini.com\/es-es\/noticias\/notas-de-prensa\/los-datos-son-la-clave-para-reducir-la-brecha-entre-la-ambicion-por-alcanzar-las-cero-emisiones-netas-y-la-accion\/","name":"Los datos son la clave para reducir la brecha entre la ambici\u00f3n por alcanzar las cero emisiones netas y la acci\u00f3n - Capgemini Spain","isPartOf":{"@id":"https:\/\/www.capgemini.com\/es-es\/#website"},"datePublished":"2022-09-15T08:09:00+00:00","dateModified":"2025-03-12T07:45:20+00:00","breadcrumb":{"@id":"https:\/\/www.capgemini.com\/es-es\/noticias\/notas-de-prensa\/los-datos-son-la-clave-para-reducir-la-brecha-entre-la-ambicion-por-alcanzar-las-cero-emisiones-netas-y-la-accion\/#breadcrumb"},"inLanguage":"es-ES","potentialAction":[{"@type":"ReadAction","target":["https:\/\/www.capgemini.com\/es-es\/noticias\/notas-de-prensa\/los-datos-son-la-clave-para-reducir-la-brecha-entre-la-ambicion-por-alcanzar-las-cero-emisiones-netas-y-la-accion\/"]}]},{"@type":"BreadcrumbList","@id":"https:\/\/www.capgemini.com\/es-es\/noticias\/notas-de-prensa\/los-datos-son-la-clave-para-reducir-la-brecha-entre-la-ambicion-por-alcanzar-las-cero-emisiones-netas-y-la-accion\/#breadcrumb","itemListElement":[{"@type":"ListItem","position":1,"name":"Home","item":"https:\/\/www.capgemini.com\/es-es\/"},{"@type":"ListItem","position":2,"name":"Press Releases","item":"https:\/\/www.capgemini.com\/es-es\/news\/"},{"@type":"ListItem","position":3,"name":"Los datos son la clave para reducir la brecha entre la ambici\u00f3n por alcanzar las cero emisiones netas y la acci\u00f3n"}]},{"@type":"WebSite","@id":"https:\/\/www.capgemini.com\/es-es\/#website","url":"https:\/\/www.capgemini.com\/es-es\/","name":"Capgemini Espa\u00f1a","description":"Capgemini","potentialAction":[{"@type":"SearchAction","target":{"@type":"EntryPoint","urlTemplate":"https:\/\/www.capgemini.com\/es-es\/?s={search_term_string}"},"query-input":"required name=search_term_string"}],"inLanguage":"es-ES"}]}},"parsely":{"version":"1.1.0","canonical_url":"https:\/\/capgemini.com\/es-es\/noticias\/notas-de-prensa\/los-datos-son-la-clave-para-reducir-la-brecha-entre-la-ambicion-por-alcanzar-las-cero-emisiones-netas-y-la-accion\/","smart_links":{"inbound":0,"outbound":0},"traffic_boost_suggestions_count":0,"meta":{"@context":"https:\/\/schema.org","@type":"NewsArticle","headline":"Los datos son la clave para reducir la brecha entre la ambici\u00f3n por alcanzar las cero emisiones netas y la acci\u00f3n","url":"https:\/\/www.capgemini.com\/es-es\/noticias\/notas-de-prensa\/los-datos-son-la-clave-para-reducir-la-brecha-entre-la-ambicion-por-alcanzar-las-cero-emisiones-netas-y-la-accion\/","mainEntityOfPage":{"@type":"WebPage","@id":"https:\/\/www.capgemini.com\/es-es\/noticias\/notas-de-prensa\/los-datos-son-la-clave-para-reducir-la-brecha-entre-la-ambicion-por-alcanzar-las-cero-emisiones-netas-y-la-accion\/"},"thumbnailUrl":"","image":{"@type":"ImageObject","url":""},"articleSection":"Uncategorized","author":[],"creator":[],"publisher":{"@type":"Organization","name":"Capgemini Spain","logo":""},"keywords":[],"dateCreated":"2022-09-15T08:09:00Z","datePublished":"2022-09-15T08:09:00Z","dateModified":"2025-03-12T07:45:20Z"},"rendered":"<meta name=\"parsely-title\" content=\"Los datos son la clave para reducir la brecha entre la ambici\u00f3n por alcanzar las cero emisiones netas y la acci\u00f3n\" \/>\n<meta name=\"parsely-link\" content=\"https:\/\/www.capgemini.com\/es-es\/noticias\/notas-de-prensa\/los-datos-son-la-clave-para-reducir-la-brecha-entre-la-ambicion-por-alcanzar-las-cero-emisiones-netas-y-la-accion\/\" \/>\n<meta name=\"parsely-type\" content=\"post\" \/>\n<meta name=\"parsely-pub-date\" content=\"2022-09-15T08:09:00Z\" \/>\n<meta name=\"parsely-section\" content=\"Uncategorized\" \/>","tracker_url":"https:\/\/cdn.parsely.com\/keys\/capgemini.com\/p.js"},"archive_status":false,"featured_image_src":"https:\/\/www.capgemini.com\/es-es\/wp-content\/themes\/capgemini2025\/assets\/images\/mockup.png","featured_image_alt":false,"jetpack_sharing_enabled":true,"distributor_meta":false,"distributor_terms":false,"distributor_media":false,"distributor_original_site_name":"Capgemini Spain","distributor_original_site_url":"https:\/\/www.capgemini.com\/es-es","push-errors":false,"tag_names":[],"_links":{"self":[{"href":"https:\/\/www.capgemini.com\/es-es\/wp-json\/wp\/v2\/press-release\/531377","targetHints":{"allow":["GET"]}}],"collection":[{"href":"https:\/\/www.capgemini.com\/es-es\/wp-json\/wp\/v2\/press-release"}],"about":[{"href":"https:\/\/www.capgemini.com\/es-es\/wp-json\/wp\/v2\/types\/press-release"}],"author":[{"embeddable":true,"href":"https:\/\/www.capgemini.com\/es-es\/wp-json\/wp\/v2\/users\/336"}],"version-history":[{"count":2,"href":"https:\/\/www.capgemini.com\/es-es\/wp-json\/wp\/v2\/press-release\/531377\/revisions"}],"predecessor-version":[{"id":568164,"href":"https:\/\/www.capgemini.com\/es-es\/wp-json\/wp\/v2\/press-release\/531377\/revisions\/568164"}],"wp:attachment":[{"href":"https:\/\/www.capgemini.com\/es-es\/wp-json\/wp\/v2\/media?parent=531377"}],"wp:term":[{"taxonomy":"post_tag","embeddable":true,"href":"https:\/\/www.capgemini.com\/es-es\/wp-json\/wp\/v2\/tags?post=531377"},{"taxonomy":"press-release-type","embeddable":true,"href":"https:\/\/www.capgemini.com\/es-es\/wp-json\/wp\/v2\/press-release-type?post=531377"},{"taxonomy":"brand","embeddable":true,"href":"https:\/\/www.capgemini.com\/es-es\/wp-json\/wp\/v2\/brand?post=531377"}],"curies":[{"name":"wp","href":"https:\/\/api.w.org\/{rel}","templated":true}]}}