{"id":865577,"date":"2024-08-30T08:35:00","date_gmt":"2024-08-30T08:35:00","guid":{"rendered":"https:\/\/www.capgemini.com\/de-de\/?post_type=press-release&#038;p=865577"},"modified":"2026-01-22T07:46:38","modified_gmt":"2026-01-22T07:46:38","slug":"capgemini-uebernahme-syniti","status":"publish","type":"press-release","link":"https:\/\/www.capgemini.com\/de-de\/news\/pressemitteilung\/capgemini-uebernahme-syniti\/","title":{"rendered":"Capgemini st\u00e4rkt seine Kompetenzen bei datengest\u00fctzten digitalen Transformationen mit der \u00dcbernahme von Syniti"},"content":{"rendered":"\t\t<div class=\"wp-block-cg-blocks-hero-press-release\">\n\t\t\t<header class=\"header-hero-press-release\" role=\"main\" id=\"main-content-press-release\">\n\t\t\t\t<div class=\"container\">\n\t\t\t\t\t<div class=\"hero-press-release\">\n\t\t\t\t\t\t<div class=\"hero-press-release-content-wrapper\">\n\t\t\t\t\t\t\t<div class=\"row\">\n\t\t\t\t\t\t\t\t<div class=\"col-12\">\n\t\t\t\t\t\t\t\t\t<div class=\"header-title\">\n\t\t\t\t\t\t\t\t\t\t<h1>\n\t\t\t\t\t\t\t\t\t\t\tCapgemini st\u00e4rkt seine Kompetenzen im Bereich datengest\u00fctzter digitaler Transformation mit der \u00dcbernahme von Syniti\t\t\t\t\t\t\t\t\t\t<\/h1>\n\t\t\t\t\t\t\t\t\t<\/div>\n\t\t\t\t\t\t\t\t\t<div class=\"header-description\">\n\t\t\t\t\t\t\t\t\t\t<p>Aus komplexen Datentransformationen, insbesondere im SAP-\u00d6kosystem, l\u00e4sst sich neue Wertsch\u00f6pfung erschlie\u00dfen. Durch die \u00dcbernahme kann Capgemini seine Kunden hier jetzt noch besser unterst\u00fctzen.<\/p>\n\t\t\t\t\t\t\t\t\t<\/div>\n\t\t\t\t\t\t\t\t\t\t\t\t\t\t\t\t\t\t<div class=\"header-date\">\n\t\t\t\t\t\t\t\t\t\t<span>Aug. 30, 2024<\/span>\n\t\t\t\t\t\t\t\t\t<\/div>\n\t\t\t\t\t\t\t\t<\/div>\n\t\t\t\t\t\t\t<\/div>\n\t\t\t\t\t\t<\/div>\n\t\t\t\t\t\t\t\t\t\t\t\t\t<div class=\"hero-press-release-downloads\">\n\t\t\t\t\t\t\t\t<div class=\"row\">\n\t\t\t\t\t\t\t\t\t\t\t\t\t\t\t\t\t\t\t<div class=\"col-12 col-md-6 col-lg-3\">\n\t\t\t\t\t\t\t\t\t\t\t<a class=\"download-item\" type=\"download\" href=\"https:\/\/www.capgemini.com\/wp-content\/uploads\/2024\/08\/08_27_Capgemini_acquisition_Syniti_ENG.pdf\" target=\"_blank\" rel=\"noopener noreferrer\" title=\"In neuem Fenster \u00f6ffnen\">\n\t\t\t\t\t\t\t\t\t\t\t\t<div class=\"download-icon\"><\/div>\n\t\t\t\t\t\t\t\t\t\t\t\t<div class=\"download-details\">\n\t\t\t\t\t\t\t\t\t\t\t\t\t<div class=\"download-title\">Download press release<\/div>\n\t\t\t\t\t\t\t\t\t\t\t\t\t<div class=\"download-props\">154 KB  pdf<\/div>\n\t\t\t\t\t\t\t\t\t\t\t\t<\/div>\n\t\t\t\t\t\t\t\t\t\t\t<\/a>\n\t\t\t\t\t\t\t\t\t\t<\/div>\n\t\t\t\t\t\t\t\t\t\t\t\t\t\t\t\t\t\t<\/div>\n\t\t\t\t\t\t\t<\/div>\n\t\t\t\t\t\t\t\t\t\t\t\t\t\t\t\t\t\t\t<div class=\"hero-press-release-brand-image\">\n\t\t\t\t\t\t\t\t<img decoding=\"async\" loading=\"lazy\" src=\"https:\/\/www.capgemini.com\/de-de\/wp-content\/themes\/capgemini2025\/assets\/images\/capgemini-white.svg\" alt=\"Markenlogo\" \/>\n\t\t\t\t\t\t\t<\/div>\n\t\t\t\t\t\t\t\t\t\t\t<\/div>\n\t\t\t\t<\/div>\n\t\t\t<\/header>\n\t\t<\/div>\n\t\t\n\n\n<section class=\"wp-block-cg-blocks-group undefined section section--article-content\"><div class=\"article-main-content\"><div class=\"container\"><div class=\"row\"><div class=\"col-12 col-md-1\"><nav class=\"article-social\"><ul class=\"social-nav\"><li class=\"ip-order-fb\"><a href=\"https:\/\/www.facebook.com\/sharer\/sharer.php?=http:\/\/capgeminiucwe.develop\/?post_type=press-release&amp;p=179\" target=\"_blank\" rel=\"noopener noreferrer\" title=\"In neuem Fenster \u00f6ffnen\"><i aria-hidden=\"true\" class=\"icon-fb\"><\/i><span class=\"sr-only\">Facebook<\/span><\/a><\/li><li class=\"ip-order-tw\"><a href=\"https:\/\/twitter.com\/intent\/tweet?=http:\/\/capgeminiucwe.develop\/?post_type=press-release&amp;p=179\" target=\"_blank\" rel=\"noopener noreferrer\" title=\"In neuem Fenster \u00f6ffnen\"><i aria-hidden=\"true\" class=\"icon-tw\"><\/i><span class=\"sr-only\">Twitter<\/span><\/a><\/li><li class=\"ip-order-li\"><a href=\"https:\/\/www.linkedin.com\/shareArticle?=http:\/\/capgeminiucwe.develop\/?post_type=press-release&amp;p=179\" target=\"_blank\" rel=\"noopener noreferrer\" title=\"In neuem Fenster \u00f6ffnen\"><i aria-hidden=\"true\" class=\"icon-li\"><\/i><span class=\"sr-only\">Linkedin<\/span><\/a><\/li><\/ul><\/nav><\/div><div class=\"col-12 col-md-11 col-lg-10\"><div class=\"article-text article-quote-text\">\n<p><strong>Berlin, 30. August 2024 &#8211; Capgemini hat eine Vereinbarung unterzeichnet zur \u00dcbernahme von Syniti, einem globalen f\u00fchrenden Anbieter von Software und Dienstleistungen f\u00fcr Unternehmensdaten-Management, einschlie\u00dflich Plattform- und Migrationsdiensten. Die Akquisition erweitert die Datenl\u00f6sungen der Gruppe f\u00fcr Kunden auf der ganzen Welt, insbesondere bei gro\u00df angelegten SAP-Transformationen, wie dem Wechsel zu SAP S\/4HANA.<\/strong><\/p>\n\n\n\n<p>Syniti hat seinen Hauptsitz in den USA und ist weltweit t\u00e4tig. Seit mehr als 15 Jahren stellt Syniti Daten in den Mittelpunkt digitaler Transformation. Das Team von mehr als 1.200 Experten ist auf das Management komplexer Datenqualit\u00e4ts-, Datenmigrations- und Data-Governance-Initiativen f\u00fcr einige der gr\u00f6\u00dften Unternehmen der Welt spezialisiert. Syniti verf\u00fcgt \u00fcber umfassende Erfahrung in Branchen wie Life Sciences, Luft- und Raumfahrt und Verteidigung, Fertigung, Konsumg\u00fcter und Einzelhandel sowie Automotive. Beispiele f\u00fcr gesch\u00e4ftskritische \u00dcbergangsprojekte, die Syniti unterst\u00fctzt, sind Fusionen und \u00dcbernahmen, ERP-Migration und -Konsolidierung, der Wechsel in die Cloud und Anforderungen an die Daten-Compliance.<\/p>\n\n\n\n<p>Die Transaktion soll in den kommenden Monaten abgeschlossen werden, vorbehaltlich beh\u00f6rdlicher Genehmigung und weiterer \u00fcblicher Bedingungen f\u00fcr eine derartige Transaktion. Lesen Sie <a href=\"https:\/\/www.capgemini.com\/news\/press-releases\/capgemini-to-reinforce-its-data-driven-digital-transformation-capabilities-with-acquisition-of-syniti\/\">hier weitere Informationen<\/a>.<\/p>\n\n\n\n<p><strong>\u00dcber Capgemini<\/strong><\/p>\n\n\n\n<p>Capgemini ist ein globaler Business- und Technologie-Transformationspartner f\u00fcr Organisationen. Das Unternehmen unterst\u00fctzt diese bei ihrer dualen Transformation f\u00fcr eine st\u00e4rker digitale und nachhaltige Welt \u2013 stets auf greifbare Fortschritte f\u00fcr die Gesellschaft bedacht. Capgemini ist eine verantwortungsbewusste, diverse Unternehmensgruppe mit einer \u00fcber 55-j\u00e4hrigen Geschichte und 340.000 Mitarbeitenden in mehr als 50 L\u00e4ndern. Kunden vertrauen auf Capgemini, um das Potenzial von Technologie f\u00fcr die ganze Breite ihrer Gesch\u00e4ftsanforderungen zu erschlie\u00dfen. Capgemini entwickelt mit seiner starken Strategie, Design- und Engineering-Expertise umfassende Services und End-to-End-L\u00f6sungen. Dabei nutzt das Unternehmen seine f\u00fchrende Kompetenz in den Bereichen KI, Cloud und Daten sowie profunde Branchenexpertise und sein Partner-\u00d6kosystem. Die Gruppe erzielte 2023 einen Umsatz von 22,5 Milliarden Euro.<\/p>\n\n\n\n<p>Get the future you want | <a href=\"http:\/\/www.capgemini.com\/de\">www.capgemini.com\/de<\/a><\/p>\n<\/div><\/div><\/div><\/div><\/div><\/section>\n\n\n<div class=\"wp-block-cg-blocks-cg-block-related-content\"><section class=\"relatedContentBlock\"><div class=\"container\"><div class=\"row\"><div class=\"content-title col-12 col-md-8\"><h2 class=\"related-content-heading\">Related news<\/h2><\/div><\/div><div class=\"row relatedContent\"><div class=\"col-lg-4 col-md-6 col-xs-12\">\n\t\t\t\t\t\t\t<div class=\"box\">\n\t\t\t\t\t\t\t\t<a aria-label=\"Mehr lesen Capgemini \u00fcbernimmt mit Piterion einen f\u00fchrenden unabh\u00e4ngigen Spezialisten f\u00fcr Product Lifecycle Management und industrielle Digitalisierung\" href=\"https:\/\/www.capgemini.com\/de-de\/news\/pressemitteilung\/capgemini-to-acquire-leading-independent-product-lifecycle-management-and-industrial-digitalization-specialist-piterion\/\" class=\"anchorWrapper\">\n\t\t\t\t\t\t\t\t\t<span class=\"box-tag\"><span>Corporate<\/span><\/span>\n\t\t\t\t\t\t\t\t\t<div class=\"box-title\"><h3 class=\"box-subtitle\">Capgemini \u00fcbernimmt mit Piterion einen f\u00fchrenden unabh\u00e4ngigen Spezialisten f\u00fcr Product Lifecycle Management und industrielle Digitalisierung<\/h3><\/div>\n\t\t\t\t\t\t\t\t\t<div class=\"box-date\">\n\t\t\t\t\t\t\t\t\t\t<span>Mar 9, 2026<\/span>\n\t\t\t\t\t\t\t\t\t<\/div>\n\t\t\t\t\t\t\t\t\t<div class=\"box-bottom\">\n\t\t\t\t\t\t\t\t\t\t&lt;a class=&quot;link-download&quot; href=&quot;https:\/\/www.capgemini.com\/de-de\/wp-content\/uploads\/sites\/8\/2026\/03\/2026-03-Capgemini_Piterion-Deutsch.pdf&quot; aria-label=&quot;Download Pressemitteilung&quot; target=&quot;_blank&quot;  type=&quot;download&quot; title=&quot;Opens in a new window&quot;&gt;\n\t\t\t\t\t\t\t&lt;span&gt;Download Pressemitteilung&lt;\/span&gt;\n\t\t\t\t\t\t\t&lt;span&gt;116 KB PDF&lt;\/span&gt;\n\t\t\t\t\t\t&lt;\/a&gt;\n\t\t\t\t\t\t\t\t\t\t<a class=\"more\" aria-label=\"Mehr lesen Capgemini \u00fcbernimmt mit Piterion einen f\u00fchrenden unabh\u00e4ngigen Spezialisten f\u00fcr Product Lifecycle Management und industrielle Digitalisierung\" href=\"https:\/\/www.capgemini.com\/de-de\/news\/pressemitteilung\/capgemini-to-acquire-leading-independent-product-lifecycle-management-and-industrial-digitalization-specialist-piterion\/\">Mehr lesen<\/a>\n\t\t\t\t\t\t\t\t\t<\/div>\n\t\t\t\t\t\t\t\t<\/a>\n\t\t\t\t\t\t\t<\/div>\n\t\t\t\t\t\t<\/div><div class=\"col-lg-4 col-md-6 col-xs-12\">\n\t\t\t\t\t\t\t<div class=\"box\">\n\t\t\t\t\t\t\t\t<a aria-label=\"Mehr lesen O2\u00a0Telef\u00f3nica erweitert die strategische Zusammenarbeit mit Capgemini bei der Transformation zum KI-gest\u00fctzten Unternehmen\" href=\"https:\/\/www.capgemini.com\/de-de\/news\/pressemitteilung\/o2-telefonica-erweitert-die-strategische-zusammenarbeit-mit-capgemini-bei-der-transformation-zum-ki-gestuetzten-unternehmen\/\" class=\"anchorWrapper\">\n\t\t\t\t\t\t\t\t\t<span class=\"box-tag\"><span>Corporate<\/span><\/span>\n\t\t\t\t\t\t\t\t\t<div class=\"box-title\"><h3 class=\"box-subtitle\">O2\u00a0Telef\u00f3nica erweitert die strategische Zusammenarbeit mit Capgemini bei der Transformation zum KI-gest\u00fctzten Unternehmen<\/h3><\/div>\n\t\t\t\t\t\t\t\t\t<div class=\"box-date\">\n\t\t\t\t\t\t\t\t\t\t<span>Dec 19, 2025<\/span>\n\t\t\t\t\t\t\t\t\t<\/div>\n\t\t\t\t\t\t\t\t\t<div class=\"box-bottom\">\n\t\t\t\t\t\t\t\t\t\t\n\t\t\t\t\t\t\t\t\t\t<a class=\"more\" aria-label=\"Mehr lesen O2\u00a0Telef\u00f3nica erweitert die strategische Zusammenarbeit mit Capgemini bei der Transformation zum KI-gest\u00fctzten Unternehmen\" href=\"https:\/\/www.capgemini.com\/de-de\/news\/pressemitteilung\/o2-telefonica-erweitert-die-strategische-zusammenarbeit-mit-capgemini-bei-der-transformation-zum-ki-gestuetzten-unternehmen\/\">Mehr lesen<\/a>\n\t\t\t\t\t\t\t\t\t<\/div>\n\t\t\t\t\t\t\t\t<\/a>\n\t\t\t\t\t\t\t<\/div>\n\t\t\t\t\t\t<\/div><div class=\"col-lg-4 col-md-6 col-xs-12\">\n\t\t\t\t\t\t\t<div class=\"box\">\n\t\t\t\t\t\t\t\t<a aria-label=\"Mehr lesen EZB schlie\u00dft Rahmenvereinbarung mit Giesecke+Devrient sowie den Partnern Nexi und Capgemini\" href=\"https:\/\/www.capgemini.com\/de-de\/news\/pressemitteilung\/ezb-rahmenvereinbarung-gieseckedevrient-nexi-capgemini\/\" class=\"anchorWrapper\">\n\t\t\t\t\t\t\t\t\t<span class=\"box-tag\"><span>Corporate<\/span><\/span>\n\t\t\t\t\t\t\t\t\t<div class=\"box-title\"><h3 class=\"box-subtitle\">EZB schlie\u00dft Rahmenvereinbarung mit Giesecke+Devrient sowie den Partnern Nexi und Capgemini<\/h3><\/div>\n\t\t\t\t\t\t\t\t\t<div class=\"box-date\">\n\t\t\t\t\t\t\t\t\t\t<span>Oct 2, 2025<\/span>\n\t\t\t\t\t\t\t\t\t<\/div>\n\t\t\t\t\t\t\t\t\t<div class=\"box-bottom\">\n\t\t\t\t\t\t\t\t\t\t&lt;a class=&quot;link-download&quot; href=&quot;https:\/\/www.capgemini.com\/de-de\/wp-content\/uploads\/sites\/8\/2025\/10\/pressemitteilung-gd-capgemini.pdf&quot; aria-label=&quot;Download Pressemitteilung&quot; target=&quot;_blank&quot;  type=&quot;download&quot; title=&quot;Opens in a new window&quot;&gt;\n\t\t\t\t\t\t\t&lt;span&gt;Download Pressemitteilung&lt;\/span&gt;\n\t\t\t\t\t\t\t&lt;span&gt;226 KB PDF&lt;\/span&gt;\n\t\t\t\t\t\t&lt;\/a&gt;\n\t\t\t\t\t\t\t\t\t\t<a class=\"more\" aria-label=\"Mehr lesen EZB schlie\u00dft Rahmenvereinbarung mit Giesecke+Devrient sowie den Partnern Nexi und Capgemini\" href=\"https:\/\/www.capgemini.com\/de-de\/news\/pressemitteilung\/ezb-rahmenvereinbarung-gieseckedevrient-nexi-capgemini\/\">Mehr lesen<\/a>\n\t\t\t\t\t\t\t\t\t<\/div>\n\t\t\t\t\t\t\t\t<\/a>\n\t\t\t\t\t\t\t<\/div>\n\t\t\t\t\t\t<\/div><\/div><\/div><\/section><\/div>","protected":false},"excerpt":{"rendered":"<p>Capgemini hat eine Vereinbarung unterzeichnet zur \u00dcbernahme von Syniti, einem globalen f\u00fchrenden Anbieter von Software und Dienstleistungen f\u00fcr Unternehmensdaten-Management, einschlie\u00dflich Plattform- und Migrationsdiensten. Die Akquisition erweitert die Datenl\u00f6sungen der Gruppe f\u00fcr Kunden auf der ganzen Welt, insbesondere bei gro\u00df angelegten SAP-Transformationen, wie dem Wechsel zu SAP S\/4HANA.<\/p>\n","protected":false},"author":202,"featured_media":0,"template":"","meta":{"cg_dt_proposed_to":[],"cg_seo_hreflang_relations":"[]","cg_seo_canonical_relation":"{\"uuid\":\"5daa18b3-9cf1-4337-90bd-10c25d5ca9ee\",\"blogId\":\"\",\"domain\":\"\",\"sitePath\":\"\",\"postLink\":\"\",\"postId\":null,\"isSaved\":true,\"isCrossLink\":false,\"hasCrossLink\":false}","cg_seo_hreflang_x_default_relation":"{\"uuid\":\"508c75d8-391d-4700-9baf-7ad39c63d2c8\",\"blogId\":\"\",\"domain\":\"\",\"sitePath\":\"\",\"postLink\":\"\",\"postId\":null,\"isSaved\":true,\"isCrossLink\":false,\"hasCrossLink\":false}","cg_dt_approved_content":true,"cg_dt_mandatory_content":false,"cg_dt_notes":"","cg_dg_source_changed":true,"cg_dt_link_disabled":false,"footnotes":"","related_resource_url":"https:\/\/www.capgemini.com\/wp-content\/uploads\/2024\/08\/08_27_Capgemini_acquisition_Syniti_ENG.pdf","related_resource_id":1051803,"related_resource_size":"154 KB","related_resource_type":"pdf","cg_author":0,"featured_focal_points":""},"tags":[737,13,736,526],"press-release-type":[39,57],"brand":[30],"class_list":["post-865577","press-release","type-press-release","status-publish","hentry","tag-akquisition","tag-digital-transformation","tag-syniti","tag-uebernahme","press-release-type-corporate-news","press-release-type-financial-news","brand-capgemini"],"yoast_head":"<!-- This site is optimized with the Yoast SEO Premium plugin v22.8 (Yoast SEO v22.8) - https:\/\/yoast.com\/wordpress\/plugins\/seo\/ -->\n<title>Capgemini st\u00e4rkt seine Kompetenzen bei datengest\u00fctzten digitalen Transformationen mit der \u00dcbernahme von Syniti - Capgemini<\/title>\n<meta name=\"robots\" content=\"index, follow, max-snippet:-1, max-image-preview:large, max-video-preview:-1\" \/>\n<link rel=\"canonical\" href=\"https:\/\/www.capgemini.com\/de-de\/news\/pressemitteilung\/capgemini-uebernahme-syniti\/\" \/>\n<meta property=\"og:locale\" content=\"de_DE\" \/>\n<meta property=\"og:type\" content=\"article\" \/>\n<meta property=\"og:title\" content=\"Capgemini st\u00e4rkt seine Kompetenzen bei datengest\u00fctzten digitalen Transformationen mit der \u00dcbernahme von Syniti - Capgemini\" \/>\n<meta property=\"og:description\" content=\"Capgemini hat eine Vereinbarung unterzeichnet zur \u00dcbernahme von Syniti, einem globalen f\u00fchrenden Anbieter von Software und Dienstleistungen f\u00fcr Unternehmensdaten-Management, einschlie\u00dflich Plattform- und Migrationsdiensten. Die Akquisition erweitert die Datenl\u00f6sungen der Gruppe f\u00fcr Kunden auf der ganzen Welt, insbesondere bei gro\u00df angelegten SAP-Transformationen, wie dem Wechsel zu SAP S\/4HANA.\" \/>\n<meta property=\"og:url\" content=\"https:\/\/www.capgemini.com\/de-de\/news\/pressemitteilung\/capgemini-uebernahme-syniti\/\" \/>\n<meta property=\"og:site_name\" content=\"Capgemini\" \/>\n<meta property=\"article:modified_time\" content=\"2026-01-22T07:46:38+00:00\" \/>\n<meta property=\"og:image\" content=\"https:\/\/www.capgemini.com\/de-de\/wp-content\/uploads\/sites\/8\/2025\/10\/New-Web-preview-global.jpg\" \/>\n\t<meta property=\"og:image:width\" content=\"1200\" \/>\n\t<meta property=\"og:image:height\" content=\"627\" \/>\n\t<meta property=\"og:image:type\" content=\"image\/jpeg\" \/>\n<meta name=\"twitter:card\" content=\"summary_large_image\" \/>\n<meta name=\"twitter:label1\" content=\"Est. reading time\" \/>\n\t<meta name=\"twitter:data1\" content=\"2 minutes\" \/>\n<script type=\"application\/ld+json\" class=\"yoast-schema-graph\">{\"@context\":\"https:\/\/schema.org\",\"@graph\":[{\"@type\":\"WebPage\",\"@id\":\"https:\/\/www.capgemini.com\/de-de\/news\/pressemitteilung\/capgemini-uebernahme-syniti\/\",\"url\":\"https:\/\/www.capgemini.com\/de-de\/news\/pressemitteilung\/capgemini-uebernahme-syniti\/\",\"name\":\"Capgemini st\u00e4rkt seine Kompetenzen bei datengest\u00fctzten digitalen Transformationen mit der \u00dcbernahme von Syniti - Capgemini\",\"isPartOf\":{\"@id\":\"https:\/\/www.capgemini.com\/de-de\/#website\"},\"datePublished\":\"2024-08-30T08:35:00+00:00\",\"dateModified\":\"2026-01-22T07:46:38+00:00\",\"breadcrumb\":{\"@id\":\"https:\/\/www.capgemini.com\/de-de\/news\/pressemitteilung\/capgemini-uebernahme-syniti\/#breadcrumb\"},\"inLanguage\":\"de-DE\",\"potentialAction\":[{\"@type\":\"ReadAction\",\"target\":[\"https:\/\/www.capgemini.com\/de-de\/news\/pressemitteilung\/capgemini-uebernahme-syniti\/\"]}]},{\"@type\":\"BreadcrumbList\",\"@id\":\"https:\/\/www.capgemini.com\/de-de\/news\/pressemitteilung\/capgemini-uebernahme-syniti\/#breadcrumb\",\"itemListElement\":[{\"@type\":\"ListItem\",\"position\":1,\"name\":\"Press Releases\",\"item\":\"https:\/\/www.capgemini.com\/de-de\/news\/\"},{\"@type\":\"ListItem\",\"position\":2,\"name\":\"Capgemini st\u00e4rkt seine Kompetenzen bei datengest\u00fctzten digitalen Transformationen mit der \u00dcbernahme von Syniti\"}]},{\"@type\":\"WebSite\",\"@id\":\"https:\/\/www.capgemini.com\/de-de\/#website\",\"url\":\"https:\/\/www.capgemini.com\/de-de\/\",\"name\":\"Capgemini Deutschland\",\"description\":\"Make it real\",\"potentialAction\":[{\"@type\":\"SearchAction\",\"target\":{\"@type\":\"EntryPoint\",\"urlTemplate\":\"https:\/\/www.capgemini.com\/de-de\/?s={search_term_string}\"},\"query-input\":\"required name=search_term_string\"}],\"inLanguage\":\"de-DE\"}]}<\/script>\n<!-- \/ Yoast SEO Premium plugin. -->","yoast_head_json":{"title":"Capgemini st\u00e4rkt seine Kompetenzen bei datengest\u00fctzten digitalen Transformationen mit der \u00dcbernahme von Syniti - Capgemini","robots":{"index":"index","follow":"follow","max-snippet":"max-snippet:-1","max-image-preview":"max-image-preview:large","max-video-preview":"max-video-preview:-1"},"canonical":"https:\/\/www.capgemini.com\/de-de\/news\/pressemitteilung\/capgemini-uebernahme-syniti\/","og_locale":"de_DE","og_type":"article","og_title":"Capgemini st\u00e4rkt seine Kompetenzen bei datengest\u00fctzten digitalen Transformationen mit der \u00dcbernahme von Syniti - Capgemini","og_description":"Capgemini hat eine Vereinbarung unterzeichnet zur \u00dcbernahme von Syniti, einem globalen f\u00fchrenden Anbieter von Software und Dienstleistungen f\u00fcr Unternehmensdaten-Management, einschlie\u00dflich Plattform- und Migrationsdiensten. Die Akquisition erweitert die Datenl\u00f6sungen der Gruppe f\u00fcr Kunden auf der ganzen Welt, insbesondere bei gro\u00df angelegten SAP-Transformationen, wie dem Wechsel zu SAP S\/4HANA.","og_url":"https:\/\/www.capgemini.com\/de-de\/news\/pressemitteilung\/capgemini-uebernahme-syniti\/","og_site_name":"Capgemini","article_modified_time":"2026-01-22T07:46:38+00:00","og_image":[{"width":1200,"height":627,"url":"https:\/\/www.capgemini.com\/de-de\/wp-content\/uploads\/sites\/8\/2025\/10\/New-Web-preview-global.jpg","type":"image\/jpeg"}],"twitter_card":"summary_large_image","twitter_misc":{"Est. reading time":"2 minutes"},"schema":{"@context":"https:\/\/schema.org","@graph":[{"@type":"WebPage","@id":"https:\/\/www.capgemini.com\/de-de\/news\/pressemitteilung\/capgemini-uebernahme-syniti\/","url":"https:\/\/www.capgemini.com\/de-de\/news\/pressemitteilung\/capgemini-uebernahme-syniti\/","name":"Capgemini st\u00e4rkt seine Kompetenzen bei datengest\u00fctzten digitalen Transformationen mit der \u00dcbernahme von Syniti - Capgemini","isPartOf":{"@id":"https:\/\/www.capgemini.com\/de-de\/#website"},"datePublished":"2024-08-30T08:35:00+00:00","dateModified":"2026-01-22T07:46:38+00:00","breadcrumb":{"@id":"https:\/\/www.capgemini.com\/de-de\/news\/pressemitteilung\/capgemini-uebernahme-syniti\/#breadcrumb"},"inLanguage":"de-DE","potentialAction":[{"@type":"ReadAction","target":["https:\/\/www.capgemini.com\/de-de\/news\/pressemitteilung\/capgemini-uebernahme-syniti\/"]}]},{"@type":"BreadcrumbList","@id":"https:\/\/www.capgemini.com\/de-de\/news\/pressemitteilung\/capgemini-uebernahme-syniti\/#breadcrumb","itemListElement":[{"@type":"ListItem","position":1,"name":"Press Releases","item":"https:\/\/www.capgemini.com\/de-de\/news\/"},{"@type":"ListItem","position":2,"name":"Capgemini st\u00e4rkt seine Kompetenzen bei datengest\u00fctzten digitalen Transformationen mit der \u00dcbernahme von Syniti"}]},{"@type":"WebSite","@id":"https:\/\/www.capgemini.com\/de-de\/#website","url":"https:\/\/www.capgemini.com\/de-de\/","name":"Capgemini Deutschland","description":"Make it real","potentialAction":[{"@type":"SearchAction","target":{"@type":"EntryPoint","urlTemplate":"https:\/\/www.capgemini.com\/de-de\/?s={search_term_string}"},"query-input":"required name=search_term_string"}],"inLanguage":"de-DE"}]}},"parsely":{"version":"1.1.0","canonical_url":"https:\/\/capgemini.com\/de-de\/news\/pressemitteilung\/capgemini-uebernahme-syniti\/","smart_links":{"inbound":0,"outbound":0},"traffic_boost_suggestions_count":0,"meta":{"@context":"https:\/\/schema.org","@type":"NewsArticle","headline":"Capgemini st\u00e4rkt seine Kompetenzen bei datengest\u00fctzten digitalen Transformationen mit der \u00dcbernahme von Syniti","url":"http:\/\/www.capgemini.com\/de-de\/news\/pressemitteilung\/capgemini-uebernahme-syniti\/","mainEntityOfPage":{"@type":"WebPage","@id":"http:\/\/www.capgemini.com\/de-de\/news\/pressemitteilung\/capgemini-uebernahme-syniti\/"},"thumbnailUrl":"","image":{"@type":"ImageObject","url":""},"articleSection":"Uncategorized","author":[],"creator":[],"publisher":{"@type":"Organization","name":"Capgemini","logo":""},"keywords":["akquisition","digital transformation","syniti","\u00fcbernahme"],"dateCreated":"2024-08-30T08:35:00Z","datePublished":"2024-08-30T08:35:00Z","dateModified":"2026-01-22T07:46:38Z"},"rendered":"<script type=\"application\/ld+json\" class=\"wp-parsely-metadata\">{\"@context\":\"https:\\\/\\\/schema.org\",\"@type\":\"NewsArticle\",\"headline\":\"Capgemini st\\u00e4rkt seine Kompetenzen bei datengest\\u00fctzten digitalen Transformationen mit der \\u00dcbernahme von Syniti\",\"url\":\"http:\\\/\\\/www.capgemini.com\\\/de-de\\\/news\\\/pressemitteilung\\\/capgemini-uebernahme-syniti\\\/\",\"mainEntityOfPage\":{\"@type\":\"WebPage\",\"@id\":\"http:\\\/\\\/www.capgemini.com\\\/de-de\\\/news\\\/pressemitteilung\\\/capgemini-uebernahme-syniti\\\/\"},\"thumbnailUrl\":\"\",\"image\":{\"@type\":\"ImageObject\",\"url\":\"\"},\"articleSection\":\"Uncategorized\",\"author\":[],\"creator\":[],\"publisher\":{\"@type\":\"Organization\",\"name\":\"Capgemini\",\"logo\":\"\"},\"keywords\":[\"akquisition\",\"digital transformation\",\"syniti\",\"\\u00fcbernahme\"],\"dateCreated\":\"2024-08-30T08:35:00Z\",\"datePublished\":\"2024-08-30T08:35:00Z\",\"dateModified\":\"2026-01-22T07:46:38Z\"}<\/script>","tracker_url":"https:\/\/cdn.parsely.com\/keys\/capgemini.com\/p.js"},"archive_status":false,"featured_image_src":"https:\/\/www.capgemini.com\/de-de\/wp-content\/themes\/capgemini2025\/assets\/images\/mockup.png","featured_image_alt":false,"jetpack_sharing_enabled":true,"distributor_meta":false,"distributor_terms":false,"distributor_media":false,"distributor_original_site_name":"Capgemini","distributor_original_site_url":"https:\/\/www.capgemini.com\/de-de","push-errors":false,"tag_names":["akquisition","Digital Transformation","Syniti","\u00fcbernahme"],"_links":{"self":[{"href":"https:\/\/www.capgemini.com\/de-de\/wp-json\/wp\/v2\/press-release\/865577","targetHints":{"allow":["GET"]}}],"collection":[{"href":"https:\/\/www.capgemini.com\/de-de\/wp-json\/wp\/v2\/press-release"}],"about":[{"href":"https:\/\/www.capgemini.com\/de-de\/wp-json\/wp\/v2\/types\/press-release"}],"author":[{"embeddable":true,"href":"https:\/\/www.capgemini.com\/de-de\/wp-json\/wp\/v2\/users\/202"}],"version-history":[{"count":9,"href":"https:\/\/www.capgemini.com\/de-de\/wp-json\/wp\/v2\/press-release\/865577\/revisions"}],"predecessor-version":[{"id":875512,"href":"https:\/\/www.capgemini.com\/de-de\/wp-json\/wp\/v2\/press-release\/865577\/revisions\/875512"}],"wp:attachment":[{"href":"https:\/\/www.capgemini.com\/de-de\/wp-json\/wp\/v2\/media?parent=865577"}],"wp:term":[{"taxonomy":"post_tag","embeddable":true,"href":"https:\/\/www.capgemini.com\/de-de\/wp-json\/wp\/v2\/tags?post=865577"},{"taxonomy":"press-release-type","embeddable":true,"href":"https:\/\/www.capgemini.com\/de-de\/wp-json\/wp\/v2\/press-release-type?post=865577"},{"taxonomy":"brand","embeddable":true,"href":"https:\/\/www.capgemini.com\/de-de\/wp-json\/wp\/v2\/brand?post=865577"}],"curies":[{"name":"wp","href":"https:\/\/api.w.org\/{rel}","templated":true}]}}