{"id":841024,"date":"2023-08-23T14:11:11","date_gmt":"2023-08-23T14:11:11","guid":{"rendered":"https:\/\/www.capgemini.com\/de-de\/?p=841024"},"modified":"2026-01-22T07:50:15","modified_gmt":"2026-01-22T07:50:15","slug":"wie-zukunftsfaehig-sind-unsere-kommunen-aufgestellt","status":"publish","type":"post","link":"https:\/\/www.capgemini.com\/de-de\/insights\/blog\/wie-zukunfstfaehig-sind-unsere-kommunen-aufgestellt\/","title":{"rendered":"Wie zukunftsf\u00e4hig sind unsere Kommunen aufgestellt?"},"content":{"rendered":"\n<header class=\"wp-block-cg-blocks-hero-blogs header-hero-blogs\"><div class=\"container\"><div class=\"hero-blogs\"><div class=\"hero-blogs-content-wrapper\"><div class=\"row\"><div class=\"col-12\"><div class=\"header-title\"><h1>Nachhaltigkeit und Digitalisierung: Wie zukunftsf\u00e4hig sind unsere Kommunen aufgestellt?<\/h1><\/div><\/div><\/div><\/div><div class=\"hero-blogs-bottom\"><div class=\"header-author\"><div class=\"author-img\"><img decoding=\"async\" src=\"https:\/\/www.capgemini.com\/de-de\/wp-content\/uploads\/sites\/8\/2022\/07\/Helge-Maas-transparent-1.png?w=200&amp;quality=10\" alt=\"\" loading=\"lazy\"\/><\/div><div class=\"author-name-date\"><h5 class=\"author-name\">Helge Maas<\/h5><h5 class=\"blog-date\">23. Aug. 2023<\/h5><\/div><\/div><div class=\"brand-image\"><img decoding=\"async\" loading=\"lazy\" src=\"\/wp-content\/themes\/capgemini2020\/assets\/images\/capgemini-invent-white.svg\" alt=\"capgemini-invent\"\/><\/div><\/div><\/div><\/div><\/header>\n\n\n\n<section class=\"wp-block-cg-blocks-intro-para undefined section section--intro\"><div class=\"intro-para\"><div class=\"container\"><div class=\"row\"><div class=\"col-12 col-md-1\"><nav class=\"article-social\"><ul class=\"social-nav\"><li class=\"ip-order-fb\"><a href=\"https:\/\/www.facebook.com\/sharer\/sharer.php?u=https:\/\/www.capgemini.com\/de-de\/insights\/blog\/wie-zukunfstfaehig-sind-unsere-kommunen-aufgestellt\/\" target=\"_blank\" rel=\"noopener noreferrer\" title=\"In neuem Fenster \u00f6ffnen\"><i aria-hidden=\"true\" class=\"icon-fb\"><\/i><span class=\"sr-only\">Facebook<\/span><\/a><\/li><li class=\"ip-order-li\"><a href=\"https:\/\/www.linkedin.com\/sharing\/share-offsite\/?url=https:\/\/www.capgemini.com\/de-de\/insights\/blog\/wie-zukunfstfaehig-sind-unsere-kommunen-aufgestellt\/\" target=\"_blank\" rel=\"noopener noreferrer\" title=\"In neuem Fenster \u00f6ffnen\"><i aria-hidden=\"true\" class=\"icon-li\"><\/i><span class=\"sr-only\">Linkedin<\/span><\/a><\/li><\/ul><\/nav><\/div><div class=\"col-12 col-md-11 col-lg-10\"><h2 class=\"intro-para-title\">Digitalisierung und Nachhaltigkeit sind Ausgangspunkt und Gegenstand dynamischer Transformationsprozesse mit gesamtgesellschaftlichen Auswirkungen. Gerade im Kontext kommunaler Dienstleistungen sind B\u00fcrger:innen vom Fortschritt der Digitalisierung und im Nachhaltigkeitsbereich betroffen. Um in Zukunft weiterhin effektiv ihren Auftrag erf\u00fcllen zu k\u00f6nnen, m\u00fcssen Kommunen sich an die neuen Rahmenbedingungen anpassen. <\/h2><\/div><\/div><\/div><\/div><\/section>\n\n\n\n<section class=\"wp-block-cg-blocks-group undefined section section--article-content\"><div class=\"article-main-content\"><div class=\"container\"><div class=\"row\"><div class=\"col-12 col-md-11 col-lg-10 offset-md-1 offset-lg-1\"><div class=\"article-text article-quote-text\">\n<p>Genau diese Herausforderungen und Potenziale hat Capgemini in Kooperation mit Co:Lab und der kommunalen Gemeinschaftsstelle f\u00fcr Verwaltungsmanagement (KGSt) im Rahmen einer Studie untersucht. Ziel war es den aktuellen Stand bei den Themen Nachhaltigkeit und Digitalisierung zu erfragen und die Zukunftsf\u00e4higkeit zu beurteilen. Es wurden Verwaltungsmitarbeitende von knapp 300 St\u00e4dten, Gemeinden und Kreisen befragt, um den <em>status quo<\/em> zu erheben sowie die folgenden Erfolgsfaktoren und Handlungsempfehlungen abzuleiten.<\/p>\n\n\n\n<figure class=\"wp-block-image size-large\"><img loading=\"lazy\" decoding=\"async\" height=\"576\" width=\"1024\" src=\"https:\/\/www.capgemini.com\/de-de\/wp-content\/uploads\/sites\/8\/2023\/08\/Screenshot-2023-08-08-121136.png?w=960\" alt=\"\" class=\"wp-image-841069\" srcset=\"https:\/\/www.capgemini.com\/de-de\/wp-content\/uploads\/sites\/8\/2023\/08\/Screenshot-2023-08-08-121136.png 1155w, https:\/\/www.capgemini.com\/de-de\/wp-content\/uploads\/sites\/8\/2023\/08\/Screenshot-2023-08-08-121136.png?resize=300,169 300w, https:\/\/www.capgemini.com\/de-de\/wp-content\/uploads\/sites\/8\/2023\/08\/Screenshot-2023-08-08-121136.png?resize=768,432 768w, https:\/\/www.capgemini.com\/de-de\/wp-content\/uploads\/sites\/8\/2023\/08\/Screenshot-2023-08-08-121136.png?resize=1024,576 1024w\" sizes=\"auto, (max-width: 1024px) 100vw, 1024px\" \/><\/figure>\n\n\n\n<p><\/p>\n\n\n\n<h2 class=\"wp-block-heading\" id=\"h-digitalisierung-und-nachhaltigkeit-mussen-hoher-priorisiert-und-strategisch-angegangen-werden\">Digitalisierung und Nachhaltigkeit m\u00fcssen h\u00f6her priorisiert und strategisch angegangen werden<\/h2>\n\n\n\n<p>Kommunen weisen der Digitalisierung und der Nachhaltigkeit einen hohen Stellenwert bei. Die wahrgenommene Bedeutung steht jedoch in gewisser Diskrepanz zum strategischen Angang der Themen, denn 60% verf\u00fcgen \u00fcber keine Digitalisierungs- und 30% \u00fcber keine Nachhaltigkeitsstrategie. Dar\u00fcber hinaus besteht kein einheitliches Verst\u00e4ndnis \u00fcber das Erstellen von Strategien. Existierende Digitalisierungsstrategien sind zu stark auf die reine Verwaltungsdigitalisierung fokussiert und lassen Betrachtungen im Kontext der Nachhaltigkeit au\u00dfer Acht. Jedoch ist die integrierte strategische Ausrichtung f\u00fcr Kommunen von enormer Bedeutung. Nur mit einer ausgereiften Strategie k\u00f6nnen Chancen realisiert und Prozesse effizienter gestaltet werden.<\/p>\n\n\n\n<h2 class=\"wp-block-heading\" id=\"h-zielgerichtete-strukturen-und-prozesse-mussen-in-den-kommunen-etabliert-werden\">Zielgerichtete Strukturen und Prozesse m\u00fcssen in den Kommunen etabliert werden<\/h2>\n\n\n\n<p>Zu wenig Kommunen verf\u00fcgen \u00fcber definierte Strukturen und Prozesse in Bezug auf Nachhaltigkeit und Digitalisierung. Die Einbettung dieser Themen in das Verwaltungshandeln ist ein wichtiger Faktor f\u00fcr die Zukunftsf\u00e4higkeit, denn so k\u00f6nnen beide konstant in das Handeln und Entscheiden einflie\u00dfen. Doch selbst bei Kommunen mit bestehenden Strukturen und Prozessen mangelt es h\u00e4ufig an der f\u00e4cher\u00fcbergreifenden Betrachtung. Obwohl 78% der Kommunen in Digitalisierungsvorhaben Potenziale f\u00fcr das Erreichen von Nachhaltigkeitszielen sehen, betrachten nur 39% beide Felder gemeinsam. So bleiben Handlungspotenziale und m\u00f6gliche positive Synergien ungenutzt.<\/p>\n\n\n\n<h2 class=\"wp-block-heading has-large-font-size\" id=\"h-kommunen-wunschen-sich-mehr-und-transparentere-finanzielle-unterstutzung-durch-bund-und-lander\">Kommunen w\u00fcnschen sich mehr und transparentere finanzielle Unterst\u00fctzung durch Bund und L\u00e4nder<\/h2>\n\n\n\n<p>Kommunen brauchen ad\u00e4quaten finanziellen Handlungsspielraum, um erfolgreich digitale und nachhaltige Transformationsprozesse durchf\u00fchren zu k\u00f6nnen. Die Umfrage zeigt: weit \u00fcber die H\u00e4lfte der Befragten f\u00fchlt sich nicht angemessen \u00fcber F\u00f6rderprogramme informiert. Bund und L\u00e4nder m\u00fcssen zudem den Zugang vereinfachen.<\/p>\n\n\n\n<h2 class=\"wp-block-heading\" id=\"h-der-bund-muss-klare-rahmenbedingungen-fur-die-nachhaltigkeit-und-digitalisierung-setzen\">Der Bund muss klare Rahmenbedingungen f\u00fcr die Nachhaltigkeit und Digitalisierung setzen<\/h2>\n\n\n\n<p>Auch abseits von F\u00f6rderprogrammen ist der Zugang zu verl\u00e4sslichen, aktuellen und kontext- sowie zielgruppenspezifischen Informationen essenziell. Um sich erfolgreich zu entwickeln, m\u00fcssen die Kommunen Zugriff auf ein verl\u00e4ssliches Orientierungsframework haben. Reduzierte Komplexit\u00e4t in der Ausgestaltung des F\u00f6rderwesens, verl\u00e4ssliche Informationen und Kommunikation dieser und ein klarer, jedoch flexibler Rahmen, entlasten bei der Informationssuche, steigern den tats\u00e4chlichen Abruf von F\u00f6rderungen und beg\u00fcnstigen Planbarkeit und Umsetzung von neuen Vorhaben.<\/p>\n\n\n\n<h2 class=\"wp-block-heading\" id=\"h-was-ist-nun-zu-tun\">Was ist nun zu tun?<\/h2>\n\n\n\n<figure class=\"wp-block-image size-large\"><img loading=\"lazy\" decoding=\"async\" height=\"574\" width=\"1024\" src=\"https:\/\/www.capgemini.com\/de-de\/wp-content\/uploads\/sites\/8\/2023\/08\/Screenshot-2023-08-08-142502.png?w=960\" alt=\"\" class=\"wp-image-841083\" srcset=\"https:\/\/www.capgemini.com\/de-de\/wp-content\/uploads\/sites\/8\/2023\/08\/Screenshot-2023-08-08-142502.png 1157w, https:\/\/www.capgemini.com\/de-de\/wp-content\/uploads\/sites\/8\/2023\/08\/Screenshot-2023-08-08-142502.png?resize=300,168 300w, https:\/\/www.capgemini.com\/de-de\/wp-content\/uploads\/sites\/8\/2023\/08\/Screenshot-2023-08-08-142502.png?resize=768,431 768w, https:\/\/www.capgemini.com\/de-de\/wp-content\/uploads\/sites\/8\/2023\/08\/Screenshot-2023-08-08-142502.png?resize=1024,574 1024w\" sizes=\"auto, (max-width: 1024px) 100vw, 1024px\" \/><\/figure>\n\n\n\n<p>Basierend auf den Erkenntnissen zu den vier aufgef\u00fchrten Handlungsfeldern Information, Strategie, Strukturen und F\u00f6rderprogramme haben wir <strong>acht konkrete Empfehlungen<\/strong> an Bund und L\u00e4nder sowie Kommunen abgeleitet. Sie zielen darauf ab, die Defizite m\u00f6glichst effizient aufzuholen, damit zuk\u00fcnftige Potenziale besser realisiert werden k\u00f6nnen.<\/p>\n\n\n\n<ol class=\"wp-block-list\">\n<li>Kommunen m\u00fcssen zur fr\u00fchzeitigen <strong>Identifikation relevanter Trends und Potenziale<\/strong> bef\u00e4higt werden.<\/li>\n\n\n\n<li><strong>Lokales Wissen<\/strong> und <strong>Ideentr\u00e4ger<\/strong> vor Ort m\u00fcssen st\u00e4rker eingebunden werden.<\/li>\n\n\n\n<li>Konsequentes <strong>Zusammendenken von Digitalisierung und Nachhaltigkeit<\/strong> ist unabdingbar.<\/li>\n\n\n\n<li>Klare <strong>Verantwortlichkeiten f\u00fcr Digitalisierung und Nachhaltigkeit<\/strong> m\u00fcssen geschaffen werden.<\/li>\n\n\n\n<li><strong>Verwaltungsdigitalisierung und Smart City sind zusammengeh\u00f6rige Belange<\/strong> und m\u00fcssen integriert betrachtet werden.<\/li>\n\n\n\n<li>F\u00fcr wirksame F\u00f6rderungen sind <strong>realistische und evaluierbare Rahmenbedingungen<\/strong> essenziell.<\/li>\n\n\n\n<li>Es gilt Strategien <strong>systematisch und partizipativ<\/strong> zu erarbeiten.<\/li>\n\n\n\n<li>Bund und L\u00e4nder m\u00fcssen <strong>zielgruppenspezifisch kommunizieren<\/strong>.<\/li>\n<\/ol>\n\n\n\n<blockquote class=\"wp-block-quote has-medium-font-size is-layout-flow wp-block-quote-is-layout-flow\">\n<p><\/p>\n<cite>\u201eDie Zeit dr\u00e4ngt, Digitalisierung und Nachhaltigkeit m\u00fcssen auf allen Ebenen h\u00f6her priorisiert und strategisch angegangen werden! Bund und L\u00e4nder m\u00fcssen hierf\u00fcr klare Rahmenbedingungen f\u00fcr die Kommunen festlegen. Dazu z\u00e4hlt auch der notwendige finanzielle Handlungsspielraum f\u00fcr Kommunen, um systematisch digitale und nachhaltige Transformationsprojekte erfolgreich durchf\u00fchren zu k\u00f6nnen.\u201c \u2013 Dr. Helge Maas, Director \u2013 Sustainability Lead Public Sector \u2013 Capgemini Invent<\/cite><\/blockquote>\n\n\n\n<p>Vielen Dank an die Co-Autoren: Kristina Harst, Malte Lorenz und Lukas Witte<\/p>\n\n\n\n<div class=\"wp-block-buttons is-layout-flex wp-block-buttons-is-layout-flex\">\n<div class=\"wp-block-button\"><a class=\"wp-block-button__link wp-element-button\" href=\"https:\/\/colab-digital.de\/wp-content\/uploads\/2023\/07\/Studie_Zukunftsfaehigkeit-Kommunen_final-Web.pdf\" target=\"_blank\" rel=\"noreferrer noopener\">Zur Studie<\/a><\/div>\n<\/div>\n<\/div><\/div><\/div><\/div><\/div><\/section>\n\n\n\n<section class=\"wp-block-cg-blocks-wrapper-people-slider section section--expert-slider wrapper-people-slider undefined\"><div class=\"container\"><div class=\"content-title\"><h2 data-maxlength=\"34\" class=\"people-heading-title\">Autor<\/h2><\/div><\/div><div class=\"slider slider-boxed\"><div class=\"container\"><div class=\"slider-window\"><div class=\"slider-list\">\t\t<div class=\"slide\">\n\t\t\t<div class=\"box\">\n\t\t\t\t<div class=\"row\">\n\t\t\t\t\t<div class=\"col-md-6 col-lg-4 box-img-wrapper\">\n\t\t\t\t\t\t<img decoding=\"async\" loading=\"lazy\" src=\"https:\/\/www.capgemini.com\/de-de\/wp-content\/uploads\/sites\/8\/2022\/06\/Helge-Maas-transparent.png\" alt=\"Dr. Helge Maas\"\/>\n\t\t\t\t\t<\/div>\n\t\t\t\t\t<div class=\"col-md-6 col-lg-8 box-inner\">\n\t\t\t\t\t\t<div class=\"row title-social-media-header\">\n\t\t\t\t\t\t\t<div class=\"col-md-12 col-lg-6 mbl-social-icon\">\n\t\t\t\t\t\t\t\t<ul class=\"social-nav\">\n\t\t\t\t\t\t\t\t\t\t\t\t\t\t\t\t\t\t\t\t\t\t\t\t\t\t\t\t\t\t\t\t\t\t\t\t\t\t\t\t\t\t\t\t\t\t\t\t\t\t\t\t\t\t\t<li><a aria-label=\"Linkedin\" target=\"_blank\" title=\"In neuem Fenster \u00f6ffnen\" href=\"https:\/\/de.linkedin.com\/in\/dr-helge-maas-21a406168\"><i aria-hidden=\"true\" class=\"icon-li\"><\/i><\/a><\/li>\n\t\t\t\t\t\t\t\t\t\t\t\t\t\t\t\t\t<\/ul>\n\t\t\t\t\t\t\t<\/div>\n\t\t\t\t\t\t\t<div class=\"col-md-12 col-lg-6 box-container\">\n\t\t\t\t\t\t\t\t<div class=\"box-title\">\n\t\t\t\t\t\t\t\t\t<h3 class=\"people-profile-title\">Dr. Helge Maas<\/h3>\n\t\t\t\t\t\t\t\t<\/div>\n\t\t\t\t\t\t\t\t\t\t\t\t\t\t\t\t\t<span>Senior Director | Sustainability Lead Public Sector Germany, Capgemini Invent<\/span>\n\t\t\t\t\t\t\t\t\t\t\t\t\t\t\t<\/div>\n\t\t\t\t\t\t\t<div class=\"col-md-12 col-lg-6 social-box-container dkt-social-icon\">\n\t\t\t\t\t\t\t\t<ul class=\"social-nav\">\n\t\t\t\t\t\t\t\t\t\t\t\t\t\t\t\t\t\t\t\t\t\t\t\t\t\t\t\t\t\t\t\t\t\t\t\t\t\t\t\t\t\t\t\t\t\t\t\t\t\t\t\t\t\t\t<li><a aria-label=\"Linkedin\" target=\"_blank\" title=\"In neuem Fenster \u00f6ffnen\" href=\"https:\/\/de.linkedin.com\/in\/dr-helge-maas-21a406168\"><i aria-hidden=\"true\" class=\"icon-li\"><\/i><\/a><\/li>\n\t\t\t\t\t\t\t\t\t\t\t\t\t\t\t\t\t<\/ul>\n\t\t\t\t\t\t\t<\/div>\n\t\t\t\t\t\t<\/div>\n\t\t\t\t\t\t\t\t\t\t\t\t\t<div class=\"people-info\">Helge Maas ist Sustainability Lead f\u00fcr den Public Sector bei Capgemini in Deutschland und ber\u00e4t die \u00f6ffentliche Hand seit \u00fcber 14 Jahren zu den Themen Nachhaltigkeit und Digitalisierung. Er unterst\u00fctzt Kommunen, Beh\u00f6rden und Ministerien dabei, ihre ambitionierten Nachhaltigkeits- und Digitalisierungsziele zu erreichen sowie gesetzliche Vorgaben einzuhalten. Hierzu geh\u00f6rt unter anderem die Durchf\u00fchrung von Bestandsaufnahmen, die partizipative Erstellung von Ma\u00dfnahmenpl\u00e4nen sowie die Schaffung nachhaltig tragf\u00e4higer Strukturen. <\/div>\n\t\t\t\t\t\t\t\t\t\t\t<\/div>\n\t\t\t\t<\/div>\n\t\t\t<\/div>\n\t\t\t\t\t<\/div>\n\t\t<\/div><\/div><\/div><div class=\"slider-nav\"><button class=\"slider-prev inactive\" aria-label=\"Slider-previous\" tabindex=\"-1\"><\/button><ul class=\"slider-paginator\"><\/ul><button class=\"slider-next\" aria-label=\"Slider-next\"><\/button><\/div><\/div><\/section>\n\n\n\n<p><\/p>\n\n\n\n<section class=\"wp-block-cg-blocks-call-to-action undefined call-to-action-block is-style-cg-secondary-3\"><div class=\"container\"><div class=\"call-to-action-block-content-wrapper has-description\"><div class=\"text-wrapper has-description\"><h3 class=\"title\" data-maxlength=\"144\">Blog-Updates per Mail?<\/h3><p class=\"description\" data-maxlength=\"210\">Abonnieren Sie unseren Newsletter und erhalten Sie alle zwei Monate eine Auswahl der besten Blogartikel.<\/p><\/div><div class=\"button-wrapper has-description\"><a class=\"cta-btn action-valid\" data-bs-toggle=\"modal\" data-bs-target=\"#CTA8a45928e_bb7f_4615_b632_ab7f778bf353\" data-maxlength=\"24\" tabindex=\"0\" href=\"#\"> Zur Anmeldung <\/a><\/div><div class=\"modal cta-frontend-modal-wrapper\" id=\"CTA8a45928e_bb7f_4615_b632_ab7f778bf353\"><div class=\"modal-dialog modal-lg modal-dialog-centered modal-dialog-scrollable cta-frontend-modal\"><div class=\"modal-content\"><div class=\"modal-header\"><button type=\"button\" class=\"btn-close\" data-bs-dismiss=\"modal\" aria-label=\"close\"> <\/button><\/div><div class=\"modal-body\"> <h4 class=\"form-title\">Blog per E-Mail abonnieren<\/h4>\t\t<div class=\"mf_forms__container \">\n\t\t\t\t\t\t\t\t<form id=\"mf_form_877289_1110085631\" class=\"mf_form__form row needs-validation\" action=\"\" method=\"post\" enctype=\"multipart\/form-data\" data-nosnippet>\n\n\t\t\t\t<div class=\"mf-field-wrapper form-floating col-sm-12\"><input type=\"email\" class=\"form-control\" id=\"_mf_877289_7367_689524521\" name=\"_mf_877289_7367\" placeholder=\"E-Mail (Pflichtfeld)\" required \/><label for=\"_mf_877289_7367_689524521\" class=\"form-label\">E-Mail (Pflichtfeld) <span class=\"star-required\">*<\/span><\/label><div class=\"invalid-feedback-frm\" role=\"alert\">E-Mail (Pflichtfeld) ist ung\u00fcltig.<\/div><\/div><div class=\"mf-field-wrapper form-floating col-sm-12\"><input type=\"text\" class=\"form-control\" id=\"_mf_877289_273_59132760\" name=\"_mf_877289_273\" placeholder=\"Unternehmen \/ Organisation\"  \/><label for=\"_mf_877289_273_59132760\" class=\"form-label\">Unternehmen \/ Organisation (optional)<\/label><\/div><div class=\"mf-field-wrapper  col-sm-12\">\n\t\t<div class=\"form-check checkbox-controls\">\n\n\t\t\t<input type=\"checkbox\" id=\"_mf_877289_1637_1286649742\" class=\"form-check-input\"\n\t\t\t\tname=\"_mf_877289_1637[]\"\n\t\t\t\tvalue=\"1\"\n\t\t\t\trequired\n\t\t\t>\n\n\t\t\t<label for=\"_mf_877289_1637_1286649742\" class=\"form-check-label consent-text\">\n\t\t\t\tIch bin damit einverstanden, dass die von mir angegebenen Daten zum Zwecke der Bearbeitung meines Anliegens von der Capgemini Service SAS gespeichert und wie in den <a href=\"\/de-de\/nutzungsbedingungen\/\">Nutzungsbedingungen<\/a> und der <a href=\"\/de-de\/datenschutzerklaerung\/\">Datenschutzerkl\u00e4rung<\/a> beschrieben, verarbeitet werden. &nbsp;\t\t\t<\/label>\n\n\t\t<\/div>\n\t\t<\/div>\t\t\t<div class=\"mf_field mf_field--recaptcha\">\n\t\t\t\t<div class=\"g-recaptcha\" data-sitekey=\"6Lc3OpIUAAAAADY4ErEHF0HF6Tr7vuknduDU-fbl\"><\/div>\n\t\t\t<\/div>\n\t\t\t\n\t\t\t<div class=\"mf_field mf_field--submit\" >\n\t\t\t\t<div class=\"slide-button-background button-background\">\n\t\t\t\t\t<label for=\"slider-submit-_mf_877289_6321\" class=\"slide-text\">\n\t\t\t\t\t\tSlide to submit\t\t\t\t\t<\/label>\n\t\t\t\t\t<input\n\t\t\t\t\t\tid=\"slider-submit-_mf_877289_6321\"\n\t\t\t\t\t\ttype=\"range\"\n\t\t\t\t\t\tclass=\"mf_field__input slider-frm-btn\"\n\t\t\t\t\t\trel=\"_mf_877289_6321\"\n\t\t\t\t\t\tmin=\"0\"\n\t\t\t\t\t\tmax=\"100\"\n\t\t\t\t\t\tvalue=\"0\"\n\t\t\t\t\t\taria-label=\"Slide to submit\"\n\t\t\t\t\t\taria-describedby=\"slide-instruction-_mf_877289_6321\"\n\t\t\t\t\t\taria-valuenow=\"0\"\n\t\t\t\t\t\taria-valuemin=\"0\"\n\t\t\t\t\t\taria-valuemax=\"100\"\n\t\t\t\t\t\taria-orientation=\"horizontal\"\n\t\t\t\t\t\trole=\"slider\"\n\t\t\t\t\t\ttabindex=\"0\"\n\t\t\t\t\t\/>\n\t\t\t\t\t<span id=\"slide-instruction-_mf_877289_6321\" class=\"sr-only\">\n\t\t\t\t\t\tVerwenden Sie die rechte Pfeiltaste, um zu schieben, oder ziehen Sie mit dem Finger nach rechts. Wenn Sie 100 Prozent erreichen, wird das Formular abgeschickt.\t\t\t\t\t<\/span>\n\t\t\t\t\t<!-- Mobile-only submit button fallback -->\n\t\t\t\t\t<button type=\"submit\" class=\"mf-mobile-submit-btn\" disabled>\n\t\t\t\t\t\t<span class=\"sr-only\">Wenn Sie einen Screenreader oder VoiceOver verwenden, tippen Sie zweimal auf diese Schaltfl\u00e4che, um das Formular zu senden.<\/span>\n\t\t\t\t\t\tSlide to submit\t\t\t\t\t<\/button>\n\t\t\t\t<\/div>\n\t\t\t\t<input type=\"hidden\" name=\"submit_btn_txt\" class=\"submit_btn_txt\" value=\"Slide to submit\"\/>\n\t\t\t\t<input type=\"hidden\" name=\"submitted_state_txt\" class=\"submitted_state_txt\" value=\"Submitted\"\/>\n\t\t\t<\/div>\n\t\t\t\t\t\t<input type=\"hidden\" name=\"form_id\" data-validate=\"number\" class=\"mf_form__id\" value=\"877289\" \/>\n\t\t\t\t<input type=\"hidden\" name=\"form_title\" class=\"mf_form__title\" value=\"anmeldung-capgemini-blog\" \/>\n\t\t\t\t<input type=\"hidden\" name=\"wp_rest_nonce\" class=\"mf_form__wp_rest_nonce\" value=\"b4f51024df\" \/>\n\n\t\t\t\t<input type=\"hidden\" name=\"mf_form_conditional_logic\" class=\"mf_form__title conditional_logic\" value=\"\" \/>\n\t\t\t\t\n\t\t\t\t<input type=\"hidden\" name=\"mf_form_fields_country_dpo_field\" class=\"mf_form__title conditional_logic mf_form_fields_country_dpo_field\" value=\"\" \/>\n\n\t\t\t\t<!-- Anti-spam field -->\n\t\t\t\t<input type=\"text\" \n\t\t\t\t\tname=\"website_url\" \n\t\t\t\t\tclass=\"mf_field__url\" \n\t\t\t\t\tautocomplete=\"off\"\n\t\t\t\t\ttabindex=\"-1\"\n\t\t\t\t\taria-hidden=\"true\"\n\t\t\t\t\tstyle=\"position:absolute;left:-9999px;width:1px;height:1px;opacity:0;pointer-events:none;\" \n\t\t\t\t\/>\n\t\t\t<\/form>\n\n\t\t\t<div class=\"mf_form__success\" tabindex=\"0\" role=\"alert\">\n\t\t\t\tVielen Dank. Wir haben Sie in unseren E-Mail-Verteiler aufgenommen.<\/p>\n\t\t\t<\/div>\n\t\t\t<div class=\"mf_form__errors\">\n\t\t\t\t<p>Es tut uns leid, die \u00dcbermittlung des Formulars ist fehlgeschlagen. Bitte versuchen Sie es erneut.<\/p>\n\t\t\t<\/div>\n\t\t\t\t<\/div>\n\n\t\t<script>\n\t\t\twindow.MF_CONFIG877289 = {\"877289\":{\"errors\":[],\"redirect\":\"\"}};\n\t\t<\/script>\n\t<\/div><\/div><\/div><\/div><\/div><\/div><\/section>\n","protected":false},"excerpt":{"rendered":"<p>Umfrage \u00fcber die Diskrepanz zwischen Stellenwert und Umsetzung bei Nachhaltigkeit und Digitalisierung.<\/p>\n","protected":false},"author":590,"featured_media":841735,"comment_status":"closed","ping_status":"closed","sticky":false,"template":"","format":"standard","meta":{"cg_dt_proposed_to":[],"cg_seo_hreflang_relations":"[]","cg_seo_canonical_relation":"{\"uuid\":\"0211dd2e-9e9b-479f-bdb5-4a5d91103783\",\"blogId\":\"\",\"domain\":\"\",\"sitePath\":\"\",\"postLink\":\"\",\"postId\":null,\"isSaved\":true,\"isCrossLink\":false,\"hasCrossLink\":false}","cg_seo_hreflang_x_default_relation":"{\"uuid\":\"eb6e1128-aacd-4fa8-8895-56a7246e24fe\",\"blogId\":\"\",\"domain\":\"\",\"sitePath\":\"\",\"postLink\":\"\",\"postId\":null,\"isSaved\":true,\"isCrossLink\":false,\"hasCrossLink\":false}","cg_dt_approved_content":true,"cg_dt_mandatory_content":false,"cg_dt_notes":"","cg_dg_source_changed":false,"cg_dt_link_disabled":false,"_yoast_wpseo_primary_brand":"220","_jetpack_memberships_contains_paid_content":false,"footnotes":"","featured_focal_points":"{\"x\":0.49,\"y\":0.52}"},"categories":[3,4],"tags":[501,17,229],"brand":[220],"service":[],"industry":[119],"partners":[],"blog-topic":[156],"content-group":[],"class_list":["post-841024","post","type-post","status-publish","format-standard","has-post-thumbnail","hentry","category-innovation","category-people","tag-digitalisierung","tag-innovation","tag-public-sector","brand-capgemini-invent","industry-public-sector","blog-topic-sustainability"],"yoast_head":"<!-- This site is optimized with the Yoast SEO Premium plugin v22.8 (Yoast SEO v22.8) - https:\/\/yoast.com\/wordpress\/plugins\/seo\/ -->\n<title>Wie zukunftsf\u00e4hig sind unsere Kommunen aufgestellt? - Capgemini<\/title>\n<meta name=\"description\" content=\"Unsere Umfrage macht deutlich: es besteht eine starke Diskrepanz zwischen Stellenwert und Umsetzung bei Nachhaltigkeit und Digitalisierung.\" \/>\n<meta name=\"robots\" content=\"index, follow, max-snippet:-1, max-image-preview:large, max-video-preview:-1\" \/>\n<link rel=\"canonical\" href=\"https:\/\/www.capgemini.com\/de-de\/insights\/blog\/wie-zukunfstfaehig-sind-unsere-kommunen-aufgestellt\/\" \/>\n<meta property=\"og:locale\" content=\"de_DE\" \/>\n<meta property=\"og:type\" content=\"article\" \/>\n<meta property=\"og:title\" content=\"Wie zukunftsf\u00e4hig sind unsere Kommunen aufgestellt? - Capgemini\" \/>\n<meta property=\"og:description\" content=\"Unsere Umfrage macht deutlich: es besteht eine starke Diskrepanz zwischen Stellenwert und Umsetzung bei Nachhaltigkeit und Digitalisierung.\" \/>\n<meta property=\"og:url\" content=\"https:\/\/www.capgemini.com\/de-de\/insights\/blog\/wie-zukunfstfaehig-sind-unsere-kommunen-aufgestellt\/\" \/>\n<meta property=\"og:site_name\" content=\"Capgemini\" \/>\n<meta property=\"article:published_time\" content=\"2023-08-23T14:11:11+00:00\" \/>\n<meta property=\"article:modified_time\" content=\"2026-01-22T07:50:15+00:00\" \/>\n<meta property=\"og:image\" content=\"https:\/\/www.capgemini.com\/de-de\/wp-content\/uploads\/sites\/8\/2025\/10\/New-Web-preview-global.jpg\" \/>\n\t<meta property=\"og:image:width\" content=\"1200\" \/>\n\t<meta property=\"og:image:height\" content=\"627\" \/>\n\t<meta property=\"og:image:type\" content=\"image\/jpeg\" \/>\n<meta name=\"author\" content=\"Helge Maas\" \/>\n<meta name=\"twitter:card\" content=\"summary_large_image\" \/>\n<meta name=\"twitter:label1\" content=\"Written by\" \/>\n\t<meta name=\"twitter:data1\" content=\"maximilianschmidl\" \/>\n\t<meta name=\"twitter:label2\" content=\"Est. reading time\" \/>\n\t<meta name=\"twitter:data2\" content=\"9 minutes\" \/>\n<script type=\"application\/ld+json\" class=\"yoast-schema-graph\">{\"@context\":\"https:\/\/schema.org\",\"@graph\":[{\"@type\":\"WebPage\",\"@id\":\"https:\/\/www.capgemini.com\/de-de\/insights\/blog\/wie-zukunfstfaehig-sind-unsere-kommunen-aufgestellt\/\",\"url\":\"https:\/\/www.capgemini.com\/de-de\/insights\/blog\/wie-zukunfstfaehig-sind-unsere-kommunen-aufgestellt\/\",\"name\":\"Wie zukunftsf\u00e4hig sind unsere Kommunen aufgestellt? - Capgemini\",\"isPartOf\":{\"@id\":\"https:\/\/www.capgemini.com\/de-de\/#website\"},\"primaryImageOfPage\":{\"@id\":\"https:\/\/www.capgemini.com\/de-de\/insights\/blog\/wie-zukunfstfaehig-sind-unsere-kommunen-aufgestellt\/#primaryimage\"},\"image\":{\"@id\":\"https:\/\/www.capgemini.com\/de-de\/insights\/blog\/wie-zukunfstfaehig-sind-unsere-kommunen-aufgestellt\/#primaryimage\"},\"thumbnailUrl\":\"https:\/\/www.capgemini.com\/de-de\/wp-content\/uploads\/sites\/8\/2023\/08\/Digitale-Kommunen-1.jpg\",\"datePublished\":\"2023-08-23T14:11:11+00:00\",\"dateModified\":\"2026-01-22T07:50:15+00:00\",\"author\":{\"@id\":\"https:\/\/www.capgemini.com\/de-de\/#\/schema\/person\/fc44f59ee1995b125dbc27515d69206f\"},\"description\":\"Unsere Umfrage macht deutlich: es besteht eine starke Diskrepanz zwischen Stellenwert und Umsetzung bei Nachhaltigkeit und Digitalisierung.\",\"inLanguage\":\"de-DE\",\"potentialAction\":[{\"@type\":\"ReadAction\",\"target\":[\"https:\/\/www.capgemini.com\/de-de\/insights\/blog\/wie-zukunfstfaehig-sind-unsere-kommunen-aufgestellt\/\"]}]},{\"@type\":\"ImageObject\",\"inLanguage\":\"de-DE\",\"@id\":\"https:\/\/www.capgemini.com\/de-de\/insights\/blog\/wie-zukunfstfaehig-sind-unsere-kommunen-aufgestellt\/#primaryimage\",\"url\":\"https:\/\/www.capgemini.com\/de-de\/wp-content\/uploads\/sites\/8\/2023\/08\/Digitale-Kommunen-1.jpg\",\"contentUrl\":\"https:\/\/www.capgemini.com\/de-de\/wp-content\/uploads\/sites\/8\/2023\/08\/Digitale-Kommunen-1.jpg\",\"width\":7952,\"height\":5304},{\"@type\":\"WebSite\",\"@id\":\"https:\/\/www.capgemini.com\/de-de\/#website\",\"url\":\"https:\/\/www.capgemini.com\/de-de\/\",\"name\":\"Capgemini Deutschland\",\"description\":\"Make it real\",\"potentialAction\":[{\"@type\":\"SearchAction\",\"target\":{\"@type\":\"EntryPoint\",\"urlTemplate\":\"https:\/\/www.capgemini.com\/de-de\/?s={search_term_string}\"},\"query-input\":\"required name=search_term_string\"}],\"inLanguage\":\"de-DE\"},{\"@type\":\"Person\",\"@id\":\"https:\/\/www.capgemini.com\/de-de\/#\/schema\/person\/fc44f59ee1995b125dbc27515d69206f\",\"name\":\"maximilianschmidl\",\"url\":\"https:\/\/www.capgemini.com\/de-de\/author\/maximilianschmidl\/\"}]}<\/script>\n<!-- \/ Yoast SEO Premium plugin. -->","yoast_head_json":{"title":"Wie zukunftsf\u00e4hig sind unsere Kommunen aufgestellt? - Capgemini","description":"Unsere Umfrage macht deutlich: es besteht eine starke Diskrepanz zwischen Stellenwert und Umsetzung bei Nachhaltigkeit und Digitalisierung.","robots":{"index":"index","follow":"follow","max-snippet":"max-snippet:-1","max-image-preview":"max-image-preview:large","max-video-preview":"max-video-preview:-1"},"canonical":"https:\/\/www.capgemini.com\/de-de\/insights\/blog\/wie-zukunfstfaehig-sind-unsere-kommunen-aufgestellt\/","og_locale":"de_DE","og_type":"article","og_title":"Wie zukunftsf\u00e4hig sind unsere Kommunen aufgestellt? - Capgemini","og_description":"Unsere Umfrage macht deutlich: es besteht eine starke Diskrepanz zwischen Stellenwert und Umsetzung bei Nachhaltigkeit und Digitalisierung.","og_url":"https:\/\/www.capgemini.com\/de-de\/insights\/blog\/wie-zukunfstfaehig-sind-unsere-kommunen-aufgestellt\/","og_site_name":"Capgemini","article_published_time":"2023-08-23T14:11:11+00:00","article_modified_time":"2026-01-22T07:50:15+00:00","og_image":[{"width":1200,"height":627,"url":"https:\/\/www.capgemini.com\/de-de\/wp-content\/uploads\/sites\/8\/2025\/10\/New-Web-preview-global.jpg","type":"image\/jpeg"}],"author":"Helge Maas","twitter_card":"summary_large_image","twitter_misc":{"Written by":"maximilianschmidl","Est. reading time":"9 minutes"},"schema":{"@context":"https:\/\/schema.org","@graph":[{"@type":"WebPage","@id":"https:\/\/www.capgemini.com\/de-de\/insights\/blog\/wie-zukunfstfaehig-sind-unsere-kommunen-aufgestellt\/","url":"https:\/\/www.capgemini.com\/de-de\/insights\/blog\/wie-zukunfstfaehig-sind-unsere-kommunen-aufgestellt\/","name":"Wie zukunftsf\u00e4hig sind unsere Kommunen aufgestellt? - Capgemini","isPartOf":{"@id":"https:\/\/www.capgemini.com\/de-de\/#website"},"primaryImageOfPage":{"@id":"https:\/\/www.capgemini.com\/de-de\/insights\/blog\/wie-zukunfstfaehig-sind-unsere-kommunen-aufgestellt\/#primaryimage"},"image":{"@id":"https:\/\/www.capgemini.com\/de-de\/insights\/blog\/wie-zukunfstfaehig-sind-unsere-kommunen-aufgestellt\/#primaryimage"},"thumbnailUrl":"https:\/\/www.capgemini.com\/de-de\/wp-content\/uploads\/sites\/8\/2023\/08\/Digitale-Kommunen-1.jpg","datePublished":"2023-08-23T14:11:11+00:00","dateModified":"2026-01-22T07:50:15+00:00","author":{"@id":"https:\/\/www.capgemini.com\/de-de\/#\/schema\/person\/fc44f59ee1995b125dbc27515d69206f"},"description":"Unsere Umfrage macht deutlich: es besteht eine starke Diskrepanz zwischen Stellenwert und Umsetzung bei Nachhaltigkeit und Digitalisierung.","inLanguage":"de-DE","potentialAction":[{"@type":"ReadAction","target":["https:\/\/www.capgemini.com\/de-de\/insights\/blog\/wie-zukunfstfaehig-sind-unsere-kommunen-aufgestellt\/"]}]},{"@type":"ImageObject","inLanguage":"de-DE","@id":"https:\/\/www.capgemini.com\/de-de\/insights\/blog\/wie-zukunfstfaehig-sind-unsere-kommunen-aufgestellt\/#primaryimage","url":"https:\/\/www.capgemini.com\/de-de\/wp-content\/uploads\/sites\/8\/2023\/08\/Digitale-Kommunen-1.jpg","contentUrl":"https:\/\/www.capgemini.com\/de-de\/wp-content\/uploads\/sites\/8\/2023\/08\/Digitale-Kommunen-1.jpg","width":7952,"height":5304},{"@type":"WebSite","@id":"https:\/\/www.capgemini.com\/de-de\/#website","url":"https:\/\/www.capgemini.com\/de-de\/","name":"Capgemini Deutschland","description":"Make it real","potentialAction":[{"@type":"SearchAction","target":{"@type":"EntryPoint","urlTemplate":"https:\/\/www.capgemini.com\/de-de\/?s={search_term_string}"},"query-input":"required name=search_term_string"}],"inLanguage":"de-DE"},{"@type":"Person","@id":"https:\/\/www.capgemini.com\/de-de\/#\/schema\/person\/fc44f59ee1995b125dbc27515d69206f","name":"maximilianschmidl","url":"https:\/\/www.capgemini.com\/de-de\/author\/maximilianschmidl\/"}]}},"blog_topic_info":[{"id":156,"name":"Sustainability"}],"taxonomy_info":{"category":[{"id":3,"name":"Innovation","slug":"innovation"},{"id":4,"name":"People","slug":"people"}],"post_tag":[{"id":501,"name":"Digitalisierung","slug":"digitalisierung"},{"id":17,"name":"Innovation","slug":"innovation"},{"id":229,"name":"Public Sector","slug":"public-sector"}],"brand":[{"id":220,"name":"Capgemini Invent","slug":"capgemini-invent"}],"industry":[{"id":119,"name":"Public Sector","slug":"public-sector"}],"blog-topic":[{"id":156,"name":"Sustainability","slug":"sustainability"}]},"parsely":{"version":"1.1.0","canonical_url":"https:\/\/capgemini.com\/de-de\/insights\/blog\/wie-zukunfstfaehig-sind-unsere-kommunen-aufgestellt\/","smart_links":{"inbound":0,"outbound":0},"traffic_boost_suggestions_count":0,"meta":{"@context":"https:\/\/schema.org","@type":"NewsArticle","headline":"Wie zukunftsf\u00e4hig sind unsere Kommunen aufgestellt?","url":"http:\/\/www.capgemini.com\/de-de\/insights\/blog\/wie-zukunfstfaehig-sind-unsere-kommunen-aufgestellt\/","mainEntityOfPage":{"@type":"WebPage","@id":"http:\/\/www.capgemini.com\/de-de\/insights\/blog\/wie-zukunfstfaehig-sind-unsere-kommunen-aufgestellt\/"},"thumbnailUrl":"https:\/\/www.capgemini.com\/de-de\/wp-content\/uploads\/sites\/8\/2023\/08\/Digitale-Kommunen-1.jpg?w=150&h=150&crop=1","image":{"@type":"ImageObject","url":"https:\/\/www.capgemini.com\/de-de\/wp-content\/uploads\/sites\/8\/2023\/08\/Digitale-Kommunen-1.jpg"},"articleSection":"Innovation","author":[],"creator":[],"publisher":{"@type":"Organization","name":"Capgemini","logo":""},"keywords":["digitalisierung","innovation","public sector"],"dateCreated":"2023-08-23T14:11:11Z","datePublished":"2023-08-23T14:11:11Z","dateModified":"2026-01-22T07:50:15Z"},"rendered":"<script type=\"application\/ld+json\" class=\"wp-parsely-metadata\">{\"@context\":\"https:\\\/\\\/schema.org\",\"@type\":\"NewsArticle\",\"headline\":\"Wie zukunftsf\\u00e4hig sind unsere Kommunen aufgestellt?\",\"url\":\"http:\\\/\\\/www.capgemini.com\\\/de-de\\\/insights\\\/blog\\\/wie-zukunfstfaehig-sind-unsere-kommunen-aufgestellt\\\/\",\"mainEntityOfPage\":{\"@type\":\"WebPage\",\"@id\":\"http:\\\/\\\/www.capgemini.com\\\/de-de\\\/insights\\\/blog\\\/wie-zukunfstfaehig-sind-unsere-kommunen-aufgestellt\\\/\"},\"thumbnailUrl\":\"https:\\\/\\\/www.capgemini.com\\\/de-de\\\/wp-content\\\/uploads\\\/sites\\\/8\\\/2023\\\/08\\\/Digitale-Kommunen-1.jpg?w=150&h=150&crop=1\",\"image\":{\"@type\":\"ImageObject\",\"url\":\"https:\\\/\\\/www.capgemini.com\\\/de-de\\\/wp-content\\\/uploads\\\/sites\\\/8\\\/2023\\\/08\\\/Digitale-Kommunen-1.jpg\"},\"articleSection\":\"Innovation\",\"author\":[],\"creator\":[],\"publisher\":{\"@type\":\"Organization\",\"name\":\"Capgemini\",\"logo\":\"\"},\"keywords\":[\"digitalisierung\",\"innovation\",\"public sector\"],\"dateCreated\":\"2023-08-23T14:11:11Z\",\"datePublished\":\"2023-08-23T14:11:11Z\",\"dateModified\":\"2026-01-22T07:50:15Z\"}<\/script>","tracker_url":"https:\/\/cdn.parsely.com\/keys\/capgemini.com\/p.js"},"jetpack_featured_media_url":"https:\/\/www.capgemini.com\/de-de\/wp-content\/uploads\/sites\/8\/2023\/08\/Digitale-Kommunen-1.jpg","archive_status":false,"featured_image_src":"https:\/\/www.capgemini.com\/de-de\/wp-content\/uploads\/sites\/8\/2023\/08\/Digitale-Kommunen-1.jpg","featured_image_alt":"","jetpack_sharing_enabled":true,"distributor_meta":false,"distributor_terms":false,"distributor_media":false,"distributor_original_site_name":"Capgemini","distributor_original_site_url":"https:\/\/www.capgemini.com\/de-de","push-errors":false,"featured_image_url":"https:\/\/www.capgemini.com\/de-de\/wp-content\/uploads\/sites\/8\/2023\/08\/Digitale-Kommunen-1.jpg","author_title":"Dr. Helge Maas","author_thumbnail_url":"https:\/\/www.capgemini.com\/de-de\/wp-content\/uploads\/sites\/8\/2022\/06\/Helge-Maas-transparent.png?w=555","author_thumbnail_alt":"","_links":{"self":[{"href":"https:\/\/www.capgemini.com\/de-de\/wp-json\/wp\/v2\/posts\/841024","targetHints":{"allow":["GET"]}}],"collection":[{"href":"https:\/\/www.capgemini.com\/de-de\/wp-json\/wp\/v2\/posts"}],"about":[{"href":"https:\/\/www.capgemini.com\/de-de\/wp-json\/wp\/v2\/types\/post"}],"author":[{"embeddable":true,"href":"https:\/\/www.capgemini.com\/de-de\/wp-json\/wp\/v2\/users\/590"}],"replies":[{"embeddable":true,"href":"https:\/\/www.capgemini.com\/de-de\/wp-json\/wp\/v2\/comments?post=841024"}],"version-history":[{"count":19,"href":"https:\/\/www.capgemini.com\/de-de\/wp-json\/wp\/v2\/posts\/841024\/revisions"}],"predecessor-version":[{"id":874913,"href":"https:\/\/www.capgemini.com\/de-de\/wp-json\/wp\/v2\/posts\/841024\/revisions\/874913"}],"wp:featuredmedia":[{"embeddable":true,"href":"https:\/\/www.capgemini.com\/de-de\/wp-json\/wp\/v2\/media\/841735"}],"wp:attachment":[{"href":"https:\/\/www.capgemini.com\/de-de\/wp-json\/wp\/v2\/media?parent=841024"}],"wp:term":[{"taxonomy":"category","embeddable":true,"href":"https:\/\/www.capgemini.com\/de-de\/wp-json\/wp\/v2\/categories?post=841024"},{"taxonomy":"post_tag","embeddable":true,"href":"https:\/\/www.capgemini.com\/de-de\/wp-json\/wp\/v2\/tags?post=841024"},{"taxonomy":"brand","embeddable":true,"href":"https:\/\/www.capgemini.com\/de-de\/wp-json\/wp\/v2\/brand?post=841024"},{"taxonomy":"service","embeddable":true,"href":"https:\/\/www.capgemini.com\/de-de\/wp-json\/wp\/v2\/service?post=841024"},{"taxonomy":"industry","embeddable":true,"href":"https:\/\/www.capgemini.com\/de-de\/wp-json\/wp\/v2\/industry?post=841024"},{"taxonomy":"partners","embeddable":true,"href":"https:\/\/www.capgemini.com\/de-de\/wp-json\/wp\/v2\/partners?post=841024"},{"taxonomy":"blog-topic","embeddable":true,"href":"https:\/\/www.capgemini.com\/de-de\/wp-json\/wp\/v2\/blog-topic?post=841024"},{"taxonomy":"content-group","embeddable":true,"href":"https:\/\/www.capgemini.com\/de-de\/wp-json\/wp\/v2\/content-group?post=841024"}],"curies":[{"name":"wp","href":"https:\/\/api.w.org\/{rel}","templated":true}]}}