{"id":527350,"date":"2021-06-29T06:57:00","date_gmt":"2021-06-29T06:57:00","guid":{"rendered":"https:\/\/www.capgemini.com\/de-de\/?p=527350"},"modified":"2025-03-04T12:42:10","modified_gmt":"2025-03-04T12:42:10","slug":"barrierefreiheit-durch-software","status":"publish","type":"post","link":"https:\/\/www.capgemini.com\/de-de\/insights\/blog\/barrierefreiheit-durch-software\/","title":{"rendered":"Barrierefreiheit durch Software: Die Zukunft des UX-Designs"},"content":{"rendered":"\n<header class=\"wp-block-cg-blocks-hero-blogs header-hero-blogs\"><div class=\"container\"><div class=\"hero-blogs\"><div class=\"hero-blogs-content-wrapper\"><div class=\"row\"><div class=\"col-12\"><div class=\"header-title\"><h1>Barrierefreiheit durch Software: Die Zukunft des UX-Designs<\/h1><\/div><\/div><\/div><\/div><div class=\"hero-blogs-bottom\"><div class=\"header-author\"><div class=\"author-img\"><img decoding=\"async\" src=\"https:\/\/www.capgemini.com\/de-de\/wp-content\/uploads\/sites\/8\/2022\/07\/Spade_Thumbnail_03.jpg?w=200?w=200&amp;quality=10\" alt=\"Capgemini Karriere\" loading=\"lazy\"\/><\/div><div class=\"author-name-date\"><h5 class=\"author-name\">Capgemini Karriere<\/h5><h5 class=\"blog-date\">29. Juni 2021<\/h5><\/div><\/div><div class=\"brand-image\"> <\/div><\/div><\/div><\/div><\/header>\n\n\n\n<section class=\"wp-block-cg-blocks-intro-para undefined section section--intro\"><div class=\"intro-para\"><div class=\"container\"><div class=\"row\"><div class=\"col-12 col-md-1\"><nav class=\"article-social\"><ul class=\"social-nav\"><li class=\"ip-order-fb\"><a href=\"https:\/\/www.facebook.com\/sharer\/sharer.php?u=https:\/\/www.capgemini.com\/de-de\/insights\/blog\/barrierefreiheit-durch-software\/\" target=\"_blank\" rel=\"noopener noreferrer\" title=\"In neuem Fenster \u00f6ffnen\"><i aria-hidden=\"true\" class=\"icon-fb\"><\/i><span class=\"sr-only\">Facebook<\/span><\/a><\/li><li class=\"ip-order-li\"><a href=\"https:\/\/www.linkedin.com\/sharing\/share-offsite\/?url=https:\/\/www.capgemini.com\/de-de\/insights\/blog\/barrierefreiheit-durch-software\/\" target=\"_blank\" rel=\"noopener noreferrer\" title=\"In neuem Fenster \u00f6ffnen\"><i aria-hidden=\"true\" class=\"icon-li\"><\/i><span class=\"sr-only\">Linkedin<\/span><\/a><\/li><\/ul><\/nav><\/div><div class=\"col-12 col-md-11 col-lg-10\"><h2 class=\"intro-para-title\">Wer User-Bed\u00fcrfnisse ernst nimmt, bereitet der digitalen Inklusion automatisch den Weg, meint Nico Maikowski. Ein Interview \u00fcber Teilhabe, Idealismus und die Anforderungen an zeitgem\u00e4\u00dfes UX-Design.<\/h2><p class=\"intro-para-content\">Nico Maikowski ist seit 2018 Senior UX Expert am Capgemini-Standort N\u00fcrnberg und coached Kolleg*innen zu den Voraussetzungen und M\u00f6glichkeiten von barrierefreier Software. F\u00fcr Nico ist digitale Inklusion kein Nischenthema, sondern die Voraussetzung daf\u00fcr, dass Kunden weiterhin gro\u00dfe Zielgruppen erreichen. Im Gespr\u00e4ch erz\u00e4hlt er, was Capgemini-Bewerber*innen \u00fcber Barrierefreiheit in der Software- und Webentwicklung wissen m\u00fcssen. <\/p><\/div><\/div><\/div><\/div><\/section>\n\n\n\n<section class=\"wp-block-cg-blocks-group undefined section section--article-content\"><div class=\"article-main-content\"><div class=\"container\"><div class=\"row\"><div class=\"col-12 col-md-11 col-lg-10 offset-md-1 offset-lg-1\"><div class=\"article-text article-quote-text\">\n<h2 class=\"wp-block-heading\" id=\"h-barrierefreiheit-durch-software-wen-betrifft-digitale-inklusion\"><strong>Barrierefreiheit durch Software: Wen betrifft digitale Inklusion?<\/strong><\/h2>\n\n\n\n<h3 class=\"wp-block-heading\" id=\"h-eine-provokante-frage-nico-ist-digitale-inklusion-eine-mode-oder-ein-zukunftsthema\"><strong>Eine provokante Frage, Nico: Ist digitale Inklusion eine Mode oder ein Zukunftsthema?<\/strong><\/h3>\n\n\n\n<p>Absolut keine Mode! Das Web ist von Anfang an als inklusive Plattform gedacht gewesen, die jedem Menschen die digitale Partizipation erm\u00f6glichen soll. \u201eThe power of the WWW is in its universality. Access by everyone regardless of disability is an essential aspect.\u201c Das sagte Tim Berners Lee, einer der Pioniere, die das WWW aufgebaut haben. Menschen mit Behinderung sind also eine ganz normale Nutzergruppe, die berechtigte eigene Anspr\u00fcche an Software haben. Diesen Anspr\u00fcchen wollen wir im UX-Design langfristig begegnen.<\/p>\n\n\n\n<h3 class=\"wp-block-heading\" id=\"h-wann-ist-software-barrierefrei\"><strong>Wann ist Software barrierefrei?<\/strong><\/h3>\n\n\n\n<p>Jede Nutzer*innengruppe wird von individuellen Barrieren behindert. Deshalb brauchen geh\u00f6rlose Menschen etwa Texte in Videos, sehbehinderte Menschen hingegen einen Screenreader, der den Bildschirm vorliest. Auch Sprachanwendungen m\u00fcssen inklusiv sein. Voice Interfaces wie Alexa sind zum Beispiel f\u00fcr Menschen mit Sprachfehlern oder auch Dialekten schwer zu benutzen.<\/p>\n\n\n\n<h2 class=\"wp-block-heading\" id=\"h-barrierefreiheit-zwischen-software-und-gesetz\"><strong>Barrierefreiheit zwischen Software und Gesetz<\/strong><\/h2>\n\n\n\n<h3 class=\"wp-block-heading\" id=\"h-welche-gesetze-oder-richtlinien-regeln-digitale-inklusion-und-barrierefreie-softwareentwicklung\"><strong>Welche Gesetze oder Richtlinien regeln digitale Inklusion und barrierefreie Softwareentwicklung?<\/strong><\/h3>\n\n\n\n<p>Da ist zuallererst das Europ\u00e4ische Barrierefreiheitsgesetz, das bislang vor allem f\u00fcr Beh\u00f6rden gilt und aktuell in deutsches Recht umgesetzt wird. Aber auch Unternehmen werden auf dieser Grundlage immer st\u00e4rker gesetzlich gefordert werden, insbesondere in den Bereichen Onlinehandel, Banken, und mehr. Hier muss bis zum Jahr 2030 Barrierefreiheit erreicht werden.<\/p>\n\n\n\n<h3 class=\"wp-block-heading\" id=\"h-das-erhoht-den-druck-auf-unternehmen-inklusives-design-zu-implementieren-nicht-wahr\"><strong>Das erh\u00f6ht den Druck auf Unternehmen, inklusives Design zu implementieren, nicht wahr?<\/strong><\/h3>\n\n\n\n<p>Dies ist die Intention der EU. Insofern halte ich digitale Inklusion f\u00fcr eine der wichtigsten Zukunftsentwicklungen. Barrierefreiheit betrifft jedoch nicht nur Menschen mit Behinderung, sondern auch die Silver Ager, Menschen die zwischen 50 und 60 Jahre alt sind. Die sind digital h\u00e4ufig fit, verlieren aber zum Beispiel an Seh- oder H\u00f6rkraft. Von solchen Nutzer*innen gibt es in naher Zukunft bekanntlich sehr viele mehr. Deshalb versuchen wir bei Capgemini so viel <a href=\"https:\/\/www.capgemini.com\/de-de\/insights\/blog\/corporate-social-responsibility-digitale-inklusion\/\"><strong>Aufkl\u00e4rungs- und Integrationsarbeit<\/strong><\/a> zu leisten wie m\u00f6glich.<\/p>\n\n\n\n<h2 class=\"wp-block-heading\" id=\"h-der-prozess-barrierefreier-softwareentwicklung\"><strong>Der Prozess barrierefreier Softwareentwicklung<\/strong><\/h2>\n\n\n\n<h3 class=\"wp-block-heading\" id=\"h-wie-gehst-du-vor-wenn-du-eine-software-barrierefrei-umsetzt\"><strong>Wie gehst du vor, wenn du eine Software barrierefrei umsetzt?<\/strong><\/h3>\n\n\n\n<p>Zu Beginn versuche ich zu verstehen, welche Zielgruppen ich erreichen will. Gerade <a href=\"https:\/\/www.capgemini.com\/de-de\/karriere\/karrierewege\/branchen\/it-jobs-public-sector\/\"><strong>im \u00f6ffentlichen Sektor<\/strong><\/a> m\u00fcssen wir dabei die Anforderungen von Menschen mit Behinderung schon in der Konzeptphase bedenken. Bestimmte Aspekte der Barrierefreiheit betreffen aber noch viel mehr Personen. 10 Prozent aller M\u00e4nner haben etwa eine Rot-Gr\u00fcn-Schw\u00e4che. Deshalb umfasst barrierefreie Softwareentwicklung auch solche Basics wie zum Beispiel den Kontrast von Texten zu Farben.<\/p>\n\n\n\n<h3 class=\"wp-block-heading\" id=\"h-in-welchen-programmiersprachen-mit-welchen-tools-und-technologien-realisieren-ux-designer-digitale-inklusion\"><strong>In welchen Programmiersprachen, mit welchen Tools und Technologien realisieren UX Designer digitale Inklusion?<\/strong><\/h3>\n\n\n\n<p>Grunds\u00e4tzlich sind alle Sprachen mit den Inklusions-Zielen kompatibel, auch weil die <a href=\"https:\/\/www.w3.org\/WAI\/standards-guidelines\/wcag\/\" target=\"_blank\" rel=\"noreferrer noopener\"><strong>WCAG (Web Accessibility Guidelines)<\/strong><\/a> keine spezifischen Regeln vorschreiben. Die geltende europ\u00e4ische Richtlinie 2016\/2102 ist da strenger. Am Ende kommt es aber vor allem darauf an, die Anforderungen an Barrierefreiheit klar zu formulieren und in der Software umzusetzen. Durch HTML5 ist das im Web-Bereich besonders einfach. Wer in HTML5 gut programmiert, erf\u00fcllt schon die wichtigsten Anforderungen an Barrierefreiheit.<\/p>\n\n\n\n<h3 class=\"wp-block-heading\" id=\"h-und-wie-wird-inklusives-design-bei-capgemini-getestet\"><strong>Und wie wird inklusives Design bei Capgemini getestet?<\/strong><\/h3>\n\n\n\n<p>Es gibt Browser-Plug-Ins und Tools, die w\u00e4hrend der Entwicklungsphase bereits automatisiert testen. In einem agilen Umfeld garantieren Sie ein Minimum an Nutzerfreundlichkeit. Kurz vor dem Release machen wir dann summative Tests und gehen eine Liste mit klaren Vorgaben durch. Empfehlenswert ist au\u00dferdem, die Software auch durch Nutzer*innen aus der Zielgruppe testen zu lassen.<\/p>\n\n\n\n<h3 class=\"wp-block-heading\" id=\"h-lasst-barrierefreiheit-sich-auch-im-nachhinein-noch-erreichen-etwa-wenn-eine-bestehende-website-ein-inklusives-design-bekommen-soll\"><strong>L\u00e4sst Barrierefreiheit sich auch im Nachhinein noch erreichen? Etwa wenn eine bestehende Website ein inklusives Design bekommen soll?<\/strong><\/h3>\n\n\n\n<p>An diesem Punkt wird Barrierefreiheit eigentlich zu sp\u00e4t ber\u00fccksichtigt. Es ist dann sehr viel aufw\u00e4ndiger, ein befriedigendes Ergebnis zu erzielen und zum Beispiel die Anforderungen eines Abnahme-Siegels zu erf\u00fcllen.<\/p>\n\n\n\n<h2 class=\"wp-block-heading\" id=\"h-die-capgemini-perspektive-auf-barrierefreie-softwareentwicklung\"><strong>Die Capgemini-Perspektive auf barrierefreie Softwareentwicklung<\/strong><\/h2>\n\n\n\n<h3 class=\"wp-block-heading\" id=\"h-wie-positioniert-sich-capgemini-beim-thema-barrierefreiheit-von-software\"><strong>Wie positioniert sich Capgemini beim Thema Barrierefreiheit von Software?<\/strong><\/h3>\n\n\n\n<p>Bei <a href=\"https:\/\/www.capgemini.com\/de-de\/unternehmen\/wer-wir-sind\/werte-ethik\/\"><strong>Capgemini legen wir Wert<\/strong><\/a> darauf, dass alle Mitarbeitenden f\u00fcr das Thema sensibilisiert sind. Die Kolleg*innen im UX- oder Public-Bereich bringen das notwendige Wissen und eine grundlegende Zertifizierung mit. Genau diese Expertise geben wir ja an unsere Kunden weiter. Aber auch die Kolleg*innen aus anderen Bereichen achten darauf, dass inklusives Design mitgedacht wird.<\/p>\n\n\n\n<h3 class=\"wp-block-heading\" id=\"h-jeder-tragt-personlich-verantwortung-fur-digitale-inklusion\"><strong>Jeder tr\u00e4gt pers\u00f6nlich Verantwortung f\u00fcr digitale Inklusion?<\/strong><\/h3>\n\n\n\n<p>Ja, aber Capgemini setzt auch die passenden Rahmenbedingungen. Als unser Team in <strong><a href=\"https:\/\/www.capgemini.com\/de-de\/karriere\/lets-connect\/it-jobs-deutschland\/\">N\u00fcrnberg<\/a><\/strong> ein neues Office bezogen hat, achtete Capgemini sehr genau darauf, wie viel echte Barrierefreiheit wir brauchen, um in der Lage zu sein, auch digitale Barrierefreiheit herzustellen. Da gibt es nat\u00fcrlich viele Parameter, die weit \u00fcber Software hinausgehen.<\/p>\n\n\n\n<h3 class=\"wp-block-heading\" id=\"h-du-argumentierst-fur-eine-ganzheitliche-barrierefreie-software-definition-wie-holst-du-deine-kolleg-innen-mit-an-bord\"><strong>Du argumentierst f\u00fcr eine ganzheitliche, barrierefreie Software Definition. Wie holst du deine Kolleg*innen mit an Bord?<\/strong><\/h3>\n\n\n\n<p>Ich selbst biete <a href=\"https:\/\/www.capgemini.com\/de-de\/karriere\/warum-capgemini\/weiterbildung\/\"><strong>interne Trainings<\/strong><\/a> zur Accessibility an, um meine Kolleg*innen zu sensibilisieren. Ich richte mich auch an unsere Entwickler*innen, denn digitale Inklusion ist nicht nur f\u00fcr die UX relevant. Bei diesen Schulungen setzen wir unter anderem kleine Pappbrillen auf, die den grauen Star simulieren. Dann erfahren die Kolleg*innen am eigenen Leib, was es bedeutet, nicht alle Erfordernisse zu erf\u00fcllen, die eine Software an ihre Benutzer*innen stellt. Danach denken sie Barrierefreiheit bei der Softwareentwicklung bewusster mit.<\/p>\n\n\n\n<h3 class=\"wp-block-heading\" id=\"h-tragst-du-das-thema-barrierefreie-software-auch-uber-die-grenzen-des-unternehmens-hinaus\"><strong>Tr\u00e4gst du das Thema barrierefreie Software auch \u00fcber die Grenzen des Unternehmens hinaus?<\/strong><\/h3>\n\n\n\n<p>Wir halten Gastvortr\u00e4ge an Universit\u00e4ten. Wir wollen auf die Erfahrung von Menschen mit besonderen Bed\u00fcrfnissen \u2013 visuelle, sprachliche und kognitive \u2013 aufmerksam machen. So bereiten wir die n\u00e4chste Arbeitnehmer*innen-Generation darauf vor, dass sie eine barrierefreie Softwaredefinition verinnerlicht. Dieses Engagement lohnt sich: <a href=\"https:\/\/www.capgemini.com\/de-de\/insights\/blog\/online-vorstellungsgespraech-tipps\/\"><strong>In Bewerbungsgespr\u00e4chen<\/strong><\/a> haben die meisten Kandidat*innen, die ich kennenlerne, von digitaler Inklusion schon geh\u00f6rt.<\/p>\n\n\n\n<h3 class=\"wp-block-heading\" id=\"h-du-bist-ein-botschafter-fur-digitale-inklusion-aber-wo-holst-du-dir-deine-impulse\"><strong>Du bist ein Botschafter f\u00fcr digitale Inklusion, aber wo holst du dir deine Impulse?<\/strong><\/h3>\n\n\n\n<p>Als Mitglied der <a href=\"https:\/\/www.germanupa.de\/\" target=\"_blank\" rel=\"noreferrer noopener\"><strong>German UPA<\/strong><\/a>, dem Berufsverband der UX und Usability Professionals, engagiere ich mich im Arbeitskreis Barrierefreiheit. Oder durch die Teilnahme am Hackathon des Bayerischen Staatsministeriums f\u00fcr Digitales #codebarrierefrei im Juni 2021, bei dem wir mit unserem Wissen innovativen Ideen zur Umsetzung verhelfen. Unsere allgemeinere Aufgabe besteht aber darin, den \u00dcberblick \u00fcber Plug-Ins, Softwares und Trends zu behalten. Dieses Knowhow gebe ich dann bei Capgemini nach innen weiter.<\/p>\n\n\n\n<h2 class=\"wp-block-heading\" id=\"h-hier-durfen-sich-bewerber-innen-fur-digitale-inklusion-begeistern\"><strong>Hier d\u00fcrfen sich Bewerber*innen f\u00fcr digitale Inklusion begeistern<\/strong><\/h2>\n\n\n\n<h3 class=\"wp-block-heading\" id=\"h-ist-capgemini-als-arbeitgeber-offen-fur-idealist-innen-und-weltverbesserer\"><strong>Ist Capgemini als Arbeitgeber offen f\u00fcr Idealist*innen und Weltverbesserer?<\/strong><\/h3>\n\n\n\n<p>Idealismus spielt immer eine gro\u00dfe Rolle. Wie einfach es oft w\u00e4re, sehr viel weniger Menschen auszugrenzen! Manchmal m\u00fcssen wir nur zwei kleine \u00c4nderungen ber\u00fccksichtigen, um gigantische Erleichterungen zu erzielen. Wenn wir dann positives Feedback bekommen \u2013 das ist f\u00fcr uns in der UX ein emotionaler Erfolg.<\/p>\n\n\n\n<h3 class=\"wp-block-heading\" id=\"h-welche-erfahrungen-mit-barrierefreier-softwareentwicklung-sollten-bewerber-innen-mitbringen\"><strong>Welche Erfahrungen mit barrierefreier Softwareentwicklung sollten Bewerber*innen mitbringen?<\/strong><\/h3>\n\n\n\n<p>Digitale Inklusion ist immer noch so speziell, dass wir umfassende Kompetenzen gar nicht richtig voraussetzen k\u00f6nnen. Das W3C-Zertifikat bringen Bewerber*innen im Idealfall mit. Wichtiger sind uns jedoch UX-Kenntnisse, ein Verst\u00e4ndnis daf\u00fcr, wie ich Nutzer*innen einbinde. Das ist die Grundlage von Inklusion.<\/p>\n\n\n\n<p>In meinem Team haben wir zwei Kolleginnen, die ohne Vorkenntnisse \u00fcber Barrierefreiheit gestartet sind. Wer grunds\u00e4tzlich wei\u00df, worum es bei Barrierefreiheit und Inklusion geht und wie einige der Zielgruppen aussehen, findet sich bei uns zurecht. Die wichtigsten Erfahrungen <a href=\"https:\/\/www.capgemini.com\/de-de\/karriere\/warum-capgemini\/weiterbildung\/\"><strong>sammeln wir bei Capgemini sowieso im Job<\/strong><\/a>.<\/p>\n\n\n\n<h3 class=\"wp-block-heading\" id=\"h-nico-vielen-dank-dass-du-uns-die-schnittstelle-zwischen-barrierefreiheit-und-software-gezeigt-hast\"><strong>Nico, vielen Dank, dass du uns die Schnittstelle zwischen Barrierefreiheit und Software gezeigt hast.<\/strong><\/h3>\n\n\n\n<p><strong>Wollen auch Sie allen Menschen das volle Potenzial von Software und World Wide Web er\u00f6ffnen? Dann bewerben Sie sich jetzt als <a href=\"https:\/\/www.capgemini.com\/de-de\/jobs\/ux-ui-designer-w-m\/\" target=\"_blank\" rel=\"noreferrer noopener\">UX\/UI Designer (w\/m\/d) bei Capgemini<\/a>. In unserem <a href=\"https:\/\/www.capgemini.com\/de-de\/jobs\/?search_term=public+sector\" target=\"_blank\" rel=\"noreferrer noopener\">Job-Portal<\/a> finden Sie viele weitere Public Sector-Stellen. Leisten Sie mit Ihren Erfahrungen einen positiven Beitrag zu der Arbeit unseres Teams.<\/strong><\/p>\n<\/div><\/div><\/div><\/div><\/div><\/section>\n","protected":false},"excerpt":{"rendered":"","protected":false},"author":103,"featured_media":527352,"comment_status":"open","ping_status":"closed","sticky":false,"template":"","format":"standard","meta":{"cg_dt_proposed_to":[],"cg_seo_hreflang_relations":"[]","cg_seo_canonical_relation":"{\"uuid\":\"847596d1-f03e-478e-8db1-5c3b4ba41df5\",\"blogId\":\"\",\"domain\":\"\",\"sitePath\":\"\",\"postLink\":\"\",\"postId\":null,\"isSaved\":true,\"isCrossLink\":false,\"hasCrossLink\":false}","cg_seo_hreflang_x_default_relation":"{\"uuid\":\"4a9d2476-2e82-4e62-a253-40206a4c1716\",\"blogId\":\"\",\"domain\":\"\",\"sitePath\":\"\",\"postLink\":\"\",\"postId\":null,\"isSaved\":true,\"isCrossLink\":false,\"hasCrossLink\":false}","cg_dt_approved_content":true,"cg_dt_mandatory_content":false,"cg_dt_notes":"","cg_dg_source_changed":false,"cg_dt_link_disabled":false,"_yoast_wpseo_primary_brand":"","_jetpack_memberships_contains_paid_content":false,"footnotes":"","featured_focal_points":""},"categories":[372],"tags":[311],"brand":[],"service":[],"industry":[],"partners":[],"blog-topic":[423],"content-group":[],"class_list":["post-527350","post","type-post","status-publish","format-standard","has-post-thumbnail","hentry","category-karriere","tag-karriere","blog-topic-karriere-bei-capgemini"],"yoast_head":"<!-- This site is optimized with the Yoast SEO Premium plugin v22.8 (Yoast SEO v22.8) - https:\/\/yoast.com\/wordpress\/plugins\/seo\/ -->\n<title>Barrierefreie Software: Capgemini f\u00f6rdert digitale Inklusion<\/title>\n<meta name=\"description\" content=\"Informiere dich, warum barrierefreie Software zu den wichtigen Themen f\u00fcr UX-Designer geh\u00f6rt. Ergreife die Chance zur digitalen Inklusion.\" \/>\n<meta name=\"robots\" content=\"index, follow, max-snippet:-1, max-image-preview:large, max-video-preview:-1\" \/>\n<link rel=\"canonical\" href=\"https:\/\/www.capgemini.com\/de-de\/insights\/blog\/barrierefreiheit-durch-software\/\" \/>\n<meta property=\"og:locale\" content=\"de_DE\" \/>\n<meta property=\"og:type\" content=\"article\" \/>\n<meta property=\"og:title\" content=\"Barrierefreie Software: Capgemini f\u00f6rdert digitale Inklusion\" \/>\n<meta property=\"og:description\" content=\"Informiere dich, warum barrierefreie Software zu den wichtigen Themen f\u00fcr UX-Designer geh\u00f6rt. Ergreife die Chance zur digitalen Inklusion.\" \/>\n<meta property=\"og:url\" content=\"https:\/\/www.capgemini.com\/de-de\/insights\/blog\/barrierefreiheit-durch-software\/\" \/>\n<meta property=\"og:site_name\" content=\"Capgemini\" \/>\n<meta property=\"article:published_time\" content=\"2021-06-29T06:57:00+00:00\" \/>\n<meta property=\"article:modified_time\" content=\"2025-03-04T12:42:10+00:00\" \/>\n<meta property=\"og:image\" content=\"https:\/\/www.capgemini.com\/de-de\/wp-content\/uploads\/sites\/8\/2022\/04\/MicrosoftTeams-image-4-1.jpg\" \/>\n\t<meta property=\"og:image:width\" content=\"1200\" \/>\n\t<meta property=\"og:image:height\" content=\"800\" \/>\n\t<meta property=\"og:image:type\" content=\"image\/jpeg\" \/>\n<meta name=\"author\" content=\"Capgemini Karriere\" \/>\n<meta name=\"twitter:card\" content=\"summary_large_image\" \/>\n<meta name=\"twitter:label1\" content=\"Written by\" \/>\n\t<meta name=\"twitter:data1\" content=\"Sai Kiran\" \/>\n\t<meta name=\"twitter:label2\" content=\"Est. reading time\" \/>\n\t<meta name=\"twitter:data2\" content=\"1 minute\" \/>\n<script type=\"application\/ld+json\" class=\"yoast-schema-graph\">{\"@context\":\"https:\/\/schema.org\",\"@graph\":[{\"@type\":\"WebPage\",\"@id\":\"https:\/\/www.capgemini.com\/de-de\/insights\/blog\/barrierefreiheit-durch-software\/\",\"url\":\"https:\/\/www.capgemini.com\/de-de\/insights\/blog\/barrierefreiheit-durch-software\/\",\"name\":\"Barrierefreie Software: Capgemini f\u00f6rdert digitale Inklusion\",\"isPartOf\":{\"@id\":\"https:\/\/www.capgemini.com\/de-de\/#website\"},\"primaryImageOfPage\":{\"@id\":\"https:\/\/www.capgemini.com\/de-de\/insights\/blog\/barrierefreiheit-durch-software\/#primaryimage\"},\"image\":{\"@id\":\"https:\/\/www.capgemini.com\/de-de\/insights\/blog\/barrierefreiheit-durch-software\/#primaryimage\"},\"thumbnailUrl\":\"https:\/\/www.capgemini.com\/de-de\/wp-content\/uploads\/sites\/8\/2022\/04\/MicrosoftTeams-image-4-1.jpg\",\"datePublished\":\"2021-06-29T06:57:00+00:00\",\"dateModified\":\"2025-03-04T12:42:10+00:00\",\"author\":{\"@id\":\"https:\/\/www.capgemini.com\/de-de\/#\/schema\/person\/e18c469582cc4e2dd2649041406912d2\"},\"description\":\"Informiere dich, warum barrierefreie Software zu den wichtigen Themen f\u00fcr UX-Designer geh\u00f6rt. Ergreife die Chance zur digitalen Inklusion.\",\"inLanguage\":\"de-DE\",\"potentialAction\":[{\"@type\":\"ReadAction\",\"target\":[\"https:\/\/www.capgemini.com\/de-de\/insights\/blog\/barrierefreiheit-durch-software\/\"]}]},{\"@type\":\"ImageObject\",\"inLanguage\":\"de-DE\",\"@id\":\"https:\/\/www.capgemini.com\/de-de\/insights\/blog\/barrierefreiheit-durch-software\/#primaryimage\",\"url\":\"https:\/\/www.capgemini.com\/de-de\/wp-content\/uploads\/sites\/8\/2022\/04\/MicrosoftTeams-image-4-1.jpg\",\"contentUrl\":\"https:\/\/www.capgemini.com\/de-de\/wp-content\/uploads\/sites\/8\/2022\/04\/MicrosoftTeams-image-4-1.jpg\",\"width\":1200,\"height\":800},{\"@type\":\"WebSite\",\"@id\":\"https:\/\/www.capgemini.com\/de-de\/#website\",\"url\":\"https:\/\/www.capgemini.com\/de-de\/\",\"name\":\"Capgemini Deutschland\",\"description\":\"Make it real\",\"potentialAction\":[{\"@type\":\"SearchAction\",\"target\":{\"@type\":\"EntryPoint\",\"urlTemplate\":\"https:\/\/www.capgemini.com\/de-de\/?s={search_term_string}\"},\"query-input\":\"required name=search_term_string\"}],\"inLanguage\":\"de-DE\"},{\"@type\":\"Person\",\"@id\":\"https:\/\/www.capgemini.com\/de-de\/#\/schema\/person\/e18c469582cc4e2dd2649041406912d2\",\"name\":\"Sai Kiran\",\"url\":\"https:\/\/www.capgemini.com\/de-de\/author\/saikiranb\/\"}]}<\/script>\n<!-- \/ Yoast SEO Premium plugin. -->","yoast_head_json":{"title":"Barrierefreie Software: Capgemini f\u00f6rdert digitale Inklusion","description":"Informiere dich, warum barrierefreie Software zu den wichtigen Themen f\u00fcr UX-Designer geh\u00f6rt. Ergreife die Chance zur digitalen Inklusion.","robots":{"index":"index","follow":"follow","max-snippet":"max-snippet:-1","max-image-preview":"max-image-preview:large","max-video-preview":"max-video-preview:-1"},"canonical":"https:\/\/www.capgemini.com\/de-de\/insights\/blog\/barrierefreiheit-durch-software\/","og_locale":"de_DE","og_type":"article","og_title":"Barrierefreie Software: Capgemini f\u00f6rdert digitale Inklusion","og_description":"Informiere dich, warum barrierefreie Software zu den wichtigen Themen f\u00fcr UX-Designer geh\u00f6rt. Ergreife die Chance zur digitalen Inklusion.","og_url":"https:\/\/www.capgemini.com\/de-de\/insights\/blog\/barrierefreiheit-durch-software\/","og_site_name":"Capgemini","article_published_time":"2021-06-29T06:57:00+00:00","article_modified_time":"2025-03-04T12:42:10+00:00","og_image":[{"width":1200,"height":800,"url":"https:\/\/www.capgemini.com\/de-de\/wp-content\/uploads\/sites\/8\/2022\/04\/MicrosoftTeams-image-4-1.jpg","type":"image\/jpeg"}],"author":"Capgemini Karriere","twitter_card":"summary_large_image","twitter_misc":{"Written by":"Sai Kiran","Est. reading time":"1 minute"},"schema":{"@context":"https:\/\/schema.org","@graph":[{"@type":"WebPage","@id":"https:\/\/www.capgemini.com\/de-de\/insights\/blog\/barrierefreiheit-durch-software\/","url":"https:\/\/www.capgemini.com\/de-de\/insights\/blog\/barrierefreiheit-durch-software\/","name":"Barrierefreie Software: Capgemini f\u00f6rdert digitale Inklusion","isPartOf":{"@id":"https:\/\/www.capgemini.com\/de-de\/#website"},"primaryImageOfPage":{"@id":"https:\/\/www.capgemini.com\/de-de\/insights\/blog\/barrierefreiheit-durch-software\/#primaryimage"},"image":{"@id":"https:\/\/www.capgemini.com\/de-de\/insights\/blog\/barrierefreiheit-durch-software\/#primaryimage"},"thumbnailUrl":"https:\/\/www.capgemini.com\/de-de\/wp-content\/uploads\/sites\/8\/2022\/04\/MicrosoftTeams-image-4-1.jpg","datePublished":"2021-06-29T06:57:00+00:00","dateModified":"2025-03-04T12:42:10+00:00","author":{"@id":"https:\/\/www.capgemini.com\/de-de\/#\/schema\/person\/e18c469582cc4e2dd2649041406912d2"},"description":"Informiere dich, warum barrierefreie Software zu den wichtigen Themen f\u00fcr UX-Designer geh\u00f6rt. Ergreife die Chance zur digitalen Inklusion.","inLanguage":"de-DE","potentialAction":[{"@type":"ReadAction","target":["https:\/\/www.capgemini.com\/de-de\/insights\/blog\/barrierefreiheit-durch-software\/"]}]},{"@type":"ImageObject","inLanguage":"de-DE","@id":"https:\/\/www.capgemini.com\/de-de\/insights\/blog\/barrierefreiheit-durch-software\/#primaryimage","url":"https:\/\/www.capgemini.com\/de-de\/wp-content\/uploads\/sites\/8\/2022\/04\/MicrosoftTeams-image-4-1.jpg","contentUrl":"https:\/\/www.capgemini.com\/de-de\/wp-content\/uploads\/sites\/8\/2022\/04\/MicrosoftTeams-image-4-1.jpg","width":1200,"height":800},{"@type":"WebSite","@id":"https:\/\/www.capgemini.com\/de-de\/#website","url":"https:\/\/www.capgemini.com\/de-de\/","name":"Capgemini Deutschland","description":"Make it real","potentialAction":[{"@type":"SearchAction","target":{"@type":"EntryPoint","urlTemplate":"https:\/\/www.capgemini.com\/de-de\/?s={search_term_string}"},"query-input":"required name=search_term_string"}],"inLanguage":"de-DE"},{"@type":"Person","@id":"https:\/\/www.capgemini.com\/de-de\/#\/schema\/person\/e18c469582cc4e2dd2649041406912d2","name":"Sai Kiran","url":"https:\/\/www.capgemini.com\/de-de\/author\/saikiranb\/"}]}},"blog_topic_info":[{"id":423,"name":"Karriere bei Capgemini"}],"taxonomy_info":{"category":[{"id":372,"name":"Karriere","slug":"karriere"}],"post_tag":[{"id":311,"name":"Karriere","slug":"karriere"}],"blog-topic":[{"id":423,"name":"Karriere bei Capgemini","slug":"karriere-bei-capgemini"}]},"parsely":{"version":"1.1.0","canonical_url":"https:\/\/capgemini.com\/de-de\/insights\/blog\/barrierefreiheit-durch-software\/","smart_links":{"inbound":0,"outbound":0},"traffic_boost_suggestions_count":0,"meta":{"@context":"https:\/\/schema.org","@type":"NewsArticle","headline":"Barrierefreiheit durch Software: Die Zukunft des UX-Designs","url":"http:\/\/www.capgemini.com\/de-de\/insights\/blog\/barrierefreiheit-durch-software\/","mainEntityOfPage":{"@type":"WebPage","@id":"http:\/\/www.capgemini.com\/de-de\/insights\/blog\/barrierefreiheit-durch-software\/"},"thumbnailUrl":"https:\/\/www.capgemini.com\/de-de\/wp-content\/uploads\/sites\/8\/2022\/04\/MicrosoftTeams-image-4-1.jpg?w=150&h=150&crop=1","image":{"@type":"ImageObject","url":"https:\/\/www.capgemini.com\/de-de\/wp-content\/uploads\/sites\/8\/2022\/04\/MicrosoftTeams-image-4-1.jpg"},"articleSection":"Karriere","author":[],"creator":[],"publisher":{"@type":"Organization","name":"Capgemini","logo":""},"keywords":["karriere"],"dateCreated":"2021-06-29T06:57:00Z","datePublished":"2021-06-29T06:57:00Z","dateModified":"2025-03-04T12:42:10Z"},"rendered":"<script type=\"application\/ld+json\" class=\"wp-parsely-metadata\">{\"@context\":\"https:\\\/\\\/schema.org\",\"@type\":\"NewsArticle\",\"headline\":\"Barrierefreiheit durch Software: Die Zukunft des UX-Designs\",\"url\":\"http:\\\/\\\/www.capgemini.com\\\/de-de\\\/insights\\\/blog\\\/barrierefreiheit-durch-software\\\/\",\"mainEntityOfPage\":{\"@type\":\"WebPage\",\"@id\":\"http:\\\/\\\/www.capgemini.com\\\/de-de\\\/insights\\\/blog\\\/barrierefreiheit-durch-software\\\/\"},\"thumbnailUrl\":\"https:\\\/\\\/www.capgemini.com\\\/de-de\\\/wp-content\\\/uploads\\\/sites\\\/8\\\/2022\\\/04\\\/MicrosoftTeams-image-4-1.jpg?w=150&h=150&crop=1\",\"image\":{\"@type\":\"ImageObject\",\"url\":\"https:\\\/\\\/www.capgemini.com\\\/de-de\\\/wp-content\\\/uploads\\\/sites\\\/8\\\/2022\\\/04\\\/MicrosoftTeams-image-4-1.jpg\"},\"articleSection\":\"Karriere\",\"author\":[],\"creator\":[],\"publisher\":{\"@type\":\"Organization\",\"name\":\"Capgemini\",\"logo\":\"\"},\"keywords\":[\"karriere\"],\"dateCreated\":\"2021-06-29T06:57:00Z\",\"datePublished\":\"2021-06-29T06:57:00Z\",\"dateModified\":\"2025-03-04T12:42:10Z\"}<\/script>","tracker_url":"https:\/\/cdn.parsely.com\/keys\/capgemini.com\/p.js"},"jetpack_featured_media_url":"https:\/\/www.capgemini.com\/de-de\/wp-content\/uploads\/sites\/8\/2022\/04\/MicrosoftTeams-image-4-1.jpg","archive_status":false,"featured_image_src":"https:\/\/www.capgemini.com\/de-de\/wp-content\/uploads\/sites\/8\/2022\/04\/MicrosoftTeams-image-4-1.jpg","featured_image_alt":"","jetpack_sharing_enabled":true,"distributor_meta":false,"distributor_terms":false,"distributor_media":false,"distributor_original_site_name":"Capgemini","distributor_original_site_url":"https:\/\/www.capgemini.com\/de-de","push-errors":false,"featured_image_url":"https:\/\/www.capgemini.com\/de-de\/wp-content\/uploads\/sites\/8\/2022\/04\/MicrosoftTeams-image-4-1.jpg","author_title":"Capgemini Karriere","author_thumbnail_url":"https:\/\/www.capgemini.com\/de-de\/wp-content\/uploads\/sites\/8\/2022\/07\/Spade_Thumbnail_03.jpg?w=200","author_thumbnail_alt":"Capgemini Karriere","_links":{"self":[{"href":"https:\/\/www.capgemini.com\/de-de\/wp-json\/wp\/v2\/posts\/527350","targetHints":{"allow":["GET"]}}],"collection":[{"href":"https:\/\/www.capgemini.com\/de-de\/wp-json\/wp\/v2\/posts"}],"about":[{"href":"https:\/\/www.capgemini.com\/de-de\/wp-json\/wp\/v2\/types\/post"}],"author":[{"embeddable":true,"href":"https:\/\/www.capgemini.com\/de-de\/wp-json\/wp\/v2\/users\/103"}],"replies":[{"embeddable":true,"href":"https:\/\/www.capgemini.com\/de-de\/wp-json\/wp\/v2\/comments?post=527350"}],"version-history":[{"count":8,"href":"https:\/\/www.capgemini.com\/de-de\/wp-json\/wp\/v2\/posts\/527350\/revisions"}],"predecessor-version":[{"id":875099,"href":"https:\/\/www.capgemini.com\/de-de\/wp-json\/wp\/v2\/posts\/527350\/revisions\/875099"}],"wp:featuredmedia":[{"embeddable":true,"href":"https:\/\/www.capgemini.com\/de-de\/wp-json\/wp\/v2\/media\/527352"}],"wp:attachment":[{"href":"https:\/\/www.capgemini.com\/de-de\/wp-json\/wp\/v2\/media?parent=527350"}],"wp:term":[{"taxonomy":"category","embeddable":true,"href":"https:\/\/www.capgemini.com\/de-de\/wp-json\/wp\/v2\/categories?post=527350"},{"taxonomy":"post_tag","embeddable":true,"href":"https:\/\/www.capgemini.com\/de-de\/wp-json\/wp\/v2\/tags?post=527350"},{"taxonomy":"brand","embeddable":true,"href":"https:\/\/www.capgemini.com\/de-de\/wp-json\/wp\/v2\/brand?post=527350"},{"taxonomy":"service","embeddable":true,"href":"https:\/\/www.capgemini.com\/de-de\/wp-json\/wp\/v2\/service?post=527350"},{"taxonomy":"industry","embeddable":true,"href":"https:\/\/www.capgemini.com\/de-de\/wp-json\/wp\/v2\/industry?post=527350"},{"taxonomy":"partners","embeddable":true,"href":"https:\/\/www.capgemini.com\/de-de\/wp-json\/wp\/v2\/partners?post=527350"},{"taxonomy":"blog-topic","embeddable":true,"href":"https:\/\/www.capgemini.com\/de-de\/wp-json\/wp\/v2\/blog-topic?post=527350"},{"taxonomy":"content-group","embeddable":true,"href":"https:\/\/www.capgemini.com\/de-de\/wp-json\/wp\/v2\/content-group?post=527350"}],"curies":[{"name":"wp","href":"https:\/\/api.w.org\/{rel}","templated":true}]}}