{"id":702702,"date":"2024-02-14T12:54:20","date_gmt":"2024-02-14T12:54:20","guid":{"rendered":"https:\/\/www.capgemini.com\/ca-fr\/?post_type=press-release&#038;p=702702"},"modified":"2025-03-30T04:20:27","modified_gmt":"2025-03-30T04:20:27","slug":"renouvellement-du-mandat-de-directeur-general-daiman-ezzat-a-lissue-de-lassemblee-generale-2024","status":"publish","type":"press-release","link":"https:\/\/www.capgemini.com\/ca-fr\/actualites\/communiques-de-presse\/renouvellement-du-mandat-de-directeur-general-daiman-ezzat-a-lissue-de-lassemblee-generale-2024\/","title":{"rendered":"Renouvellement du mandat de Directeur g\u00e9n\u00e9ral d\u2019Aiman Ezzat \u00e0 l\u2019issue de l\u2019assembl\u00e9e g\u00e9n\u00e9rale 2024"},"content":{"rendered":"\t\t<div class=\"wp-block-cg-blocks-hero-press-release\">\n\t\t\t<header class=\"header-hero-press-release\" role=\"main\" id=\"main-content-press-release\">\n\t\t\t\t<div class=\"container\">\n\t\t\t\t\t<div class=\"hero-press-release\">\n\t\t\t\t\t\t<div class=\"hero-press-release-content-wrapper\">\n\t\t\t\t\t\t\t<div class=\"row\">\n\t\t\t\t\t\t\t\t<div class=\"col-12\">\n\t\t\t\t\t\t\t\t\t<div class=\"header-title\">\n\t\t\t\t\t\t\t\t\t\t<h1>\n\t\t\t\t\t\t\t\t\t\t\tRenouvellement du mandat de Directeur g\u00e9n\u00e9ral d\u2019Aiman Ezzat \u00e0 l\u2019issue de l\u2019assembl\u00e9e g\u00e9n\u00e9rale 2024\t\t\t\t\t\t\t\t\t\t<\/h1>\n\t\t\t\t\t\t\t\t\t<\/div>\n\t\t\t\t\t\t\t\t\t<div class=\"header-description\">\n\t\t\t\t\t\t\t\t\t\t<p><\/p>\n\t\t\t\t\t\t\t\t\t<\/div>\n\t\t\t\t\t\t\t\t\t\t\t\t\t\t\t\t\t\t<div class=\"header-date\">\n\t\t\t\t\t\t\t\t\t\t<span>f\u00e9vr. 14, 2024<\/span>\n\t\t\t\t\t\t\t\t\t<\/div>\n\t\t\t\t\t\t\t\t<\/div>\n\t\t\t\t\t\t\t<\/div>\n\t\t\t\t\t\t<\/div>\n\t\t\t\t\t\t\t\t\t\t\t\t\t<div class=\"hero-press-release-downloads\">\n\t\t\t\t\t\t\t\t<div class=\"row\">\n\t\t\t\t\t\t\t\t\t\t\t\t\t\t\t\t\t\t\t<div class=\"col-12 col-md-6 col-lg-3\">\n\t\t\t\t\t\t\t\t\t\t\t<a class=\"download-item\" type=\"download\" href=\"https:\/\/www.capgemini.com\/fr-fr\/wp-content\/uploads\/sites\/6\/2024\/02\/02_13-CP_Composition_du_Conseil_Capgemini.pdf\" target=\"_blank\" rel=\"noopener noreferrer\" title=\"Ouvrir dans une nouvelle fen\u00eatre\">\n\t\t\t\t\t\t\t\t\t\t\t\t<div class=\"download-icon\"><\/div>\n\t\t\t\t\t\t\t\t\t\t\t\t<div class=\"download-details\">\n\t\t\t\t\t\t\t\t\t\t\t\t\t<div class=\"download-title\">Download press release<\/div>\n\t\t\t\t\t\t\t\t\t\t\t\t\t<div class=\"download-props\">100 KB  pdf<\/div>\n\t\t\t\t\t\t\t\t\t\t\t\t<\/div>\n\t\t\t\t\t\t\t\t\t\t\t<\/a>\n\t\t\t\t\t\t\t\t\t\t<\/div>\n\t\t\t\t\t\t\t\t\t\t\t\t\t\t\t\t\t\t<\/div>\n\t\t\t\t\t\t\t<\/div>\n\t\t\t\t\t\t\t\t\t\t\t\t\t\t\t\t\t<\/div>\n\t\t\t\t<\/div>\n\t\t\t<\/header>\n\t\t<\/div>\n\t\t\n\n\n<section class=\"wp-block-cg-blocks-group undefined section section--article-content\"><div class=\"article-main-content\"><div class=\"container\"><div class=\"row\"><div class=\"col-12 col-md-1\"><nav class=\"article-social\"><ul class=\"social-nav\"><li class=\"ip-order-fb\"><a href=\"https:\/\/www.facebook.com\/sharer\/sharer.php?u=https:\/\/www.capgemini.com\/?post_type=press-release&amp;p=992016\" target=\"_blank\" rel=\"noopener noreferrer\" title=\"Ouvrir dans une nouvelle fen\u00eatre\"><i aria-hidden=\"true\" class=\"icon-fb\"><\/i><span class=\"sr-only\">Facebook<\/span><\/a><\/li><li class=\"ip-order-tw\"><a href=\"https:\/\/twitter.com\/intent\/tweet?url=https:\/\/www.capgemini.com\/?post_type=press-release&amp;p=992016&amp;text=Renewal%20of%20Aiman%20Ezzat%20as%20Chief%20Executive%20Officer%20after%20the%202024%20Shareholders%E2%80%99%20Meeting\" target=\"_blank\" rel=\"noopener noreferrer\" title=\"Ouvrir dans une nouvelle fen\u00eatre\"><i aria-hidden=\"true\" class=\"icon-tw\"><\/i><span class=\"sr-only\">Twitter<\/span><\/a><\/li><li class=\"ip-order-li\"><a href=\"https:\/\/www.linkedin.com\/shareArticle?url=https:\/\/www.capgemini.com\/?post_type=press-release&amp;p=992016&amp;text=Renewal%20of%20Aiman%20Ezzat%20as%20Chief%20Executive%20Officer%20after%20the%202024%20Shareholders%E2%80%99%20Meeting\" target=\"_blank\" rel=\"noopener noreferrer\" title=\"Ouvrir dans une nouvelle fen\u00eatre\"><i aria-hidden=\"true\" class=\"icon-li\"><\/i><span class=\"sr-only\">Linkedin<\/span><\/a><\/li><\/ul><\/nav><\/div><div class=\"col-12 col-md-11 col-lg-10\"><div class=\"article-text article-quote-text\">\n<p><strong>Paris, le 14 f\u00e9vrier 2024 \u2013 Le Conseil d\u2019Administration de <\/strong><a href=\"http:\/\/www.capgemini.com\"><strong>Capgemini<\/strong><\/a><strong> SE, r\u00e9uni le 13 f\u00e9vrier 2024, a d\u00e9cid\u00e9 de proposer \u00e0 l\u2019Assembl\u00e9e g\u00e9n\u00e9rale du 16 mai 2024 le renouvellement du mandat d\u2019administrateur de M. Aiman Ezzat pour une dur\u00e9e de quatre ans et a exprim\u00e9 son intention de confirmer M. Ezzat dans ses fonctions de Directeur g\u00e9n\u00e9ral \u00e0 l\u2019issue de cette m\u00eame Assembl\u00e9e.<\/strong><\/p>\n\n\n\n<p>Le Conseil d\u2019Administration s\u2019est prononc\u00e9 unanimement sur ce choix sur proposition du Comit\u00e9 Ethique et Gouvernance, r\u00e9affirmant ainsi son soutien \u00e0 M. Aiman Ezzat pour la poursuite de la mise en \u0153uvre de la strat\u00e9gie du Groupe.<\/p>\n\n\n\n<p>Le Conseil a \u00e9galement d\u00e9cid\u00e9 de proposer lors de cette m\u00eame Assembl\u00e9e le renouvellement des mandats de Mmes Si\u00e2n Herbert-Jones et Belen Moscoso del Prado en tant qu\u2019administrateur pour une dur\u00e9e de quatre ans. Mmes Herbert-Jones et Moscoso del Prado sont consid\u00e9r\u00e9es comme ind\u00e9pendantes au regard des crit\u00e8res du Code AFEP-MEDEF auquel la Soci\u00e9t\u00e9 se r\u00e9f\u00e8re.<\/p>\n\n\n\n<p>Dans l\u2019hypoth\u00e8se de l\u2019approbation de ces r\u00e9solutions par l\u2019Assembl\u00e9e g\u00e9n\u00e9rale du 16 mai 2024, la composition du Conseil d\u2019Administration serait ainsi de 15 administrateurs, dont deux administrateurs repr\u00e9sentant les salari\u00e9s et un administrateur repr\u00e9sentant les salari\u00e9s actionnaires. Il compterait parmi ses membres 83&nbsp;% d\u2019administrateurs d\u2019ind\u00e9pendants<a href=\"#_ftn1\" id=\"_ftnref1\"><sup>[1]<\/sup><\/a>, 40&nbsp;% d\u2019administrateurs ayant des profils internationaux et 42&nbsp;% de femmes<sup>1<\/sup>.<\/p>\n\n\n\n<h4 class=\"wp-block-heading\" id=\"h-a-propos-de-capgemini\">\u00c0 propos de Capgemini<\/h4>\n\n\n\n<p>Capgemini, partenaire de la transformation business et technologique de ses clients, les accompagne dans leur transition vers un monde plus digital et durable, tout en cr\u00e9ant un impact positif pour la soci\u00e9t\u00e9. Le Groupe, responsable et multiculturel, rassemble 340&nbsp;000 collaborateurs dans plus de 50&nbsp;pays. Depuis plus de 55 ans, ses clients lui font confiance pour r\u00e9pondre \u00e0 l\u2019ensemble de leurs besoins gr\u00e2ce \u00e0 la technologie. Capgemini propose des services et solutions de bout en bout, allant de la strat\u00e9gie et du design jusqu\u2019\u00e0 l\u2019ing\u00e9nierie, en tirant parti de ses comp\u00e9tences de pointe en intelligence artificielle, en cloud, et en data, ainsi que de son expertise sectorielle et de son \u00e9cosyst\u00e8me de partenaires. Le Groupe a r\u00e9alis\u00e9 un chiffre d\u2019affaires de 22,5 milliards d\u2019euros en 2023.<\/p>\n\n\n\n<p><em>Get The Future You Want<\/em><sup>*<\/sup> | <a href=\"http:\/\/www.capgemini.com\">www.capgemini.com<\/a><\/p>\n\n\n\n<p><em>*Capgemini, le futur que vous voulez<\/em><\/p>\n\n\n\n<hr class=\"wp-block-separator has-alpha-channel-opacity\"\/>\n\n\n\n<p><a href=\"#_ftnref1\" id=\"_ftn1\">[1]<\/a> Les administrateurs repr\u00e9sentant les salari\u00e9s et les salari\u00e9s actionnaires ne sont pas pris en compte pour le calcul de ce pourcentage, conform\u00e9ment aux dispositions du Code AFEP-MEDEF et du Code de commerce.<\/p>\n<\/div><\/div><\/div><\/div><\/div><\/section>\n\n\n<div class=\"wp-block-cg-blocks-cg-block-related-content\"><section class=\"relatedContentBlock\"><div class=\"container\"><div class=\"row\"><div class=\"content-title col-12 col-md-8\"><h2 class=\"related-content-heading\">Sur le m\u00eame sujet<\/h2><\/div><\/div><div class=\"row relatedContent\"><div class=\"col-lg-4 col-md-6 col-xs-12\">\n\t\t\t\t\t\t\t<div class=\"box\">\n\t\t\t\t\t\t\t\t<a aria-label=\"Lire la suite Capgemini d\u00e9veloppe une solution d\u2019IA agentique pour soutenir l\u2019UNICEF et l\u2019aider \u00e0 am\u00e9liorer l\u2019acc\u00e8s des jeunes aux carri\u00e8res vertes\" href=\"https:\/\/www.capgemini.com\/ca-fr\/actualites\/communiques-de-presse\/capgemini-developpe-une-solution-d-ia-agentique-pour-soutenir-lunicef-dans-lamelioration-de-lacces-des-jeunes-aux-carrieres-vertes\/\" class=\"anchorWrapper\">\n\t\t\t\t\t\t\t\t\t<span class=\"box-tag\"><span>Actualit\u00e9s du Groupe<\/span><\/span>\n\t\t\t\t\t\t\t\t\t<div class=\"box-title\"><h3 class=\"box-subtitle\">Capgemini d\u00e9veloppe une solution d\u2019IA agentique pour soutenir l\u2019UNICEF et l\u2019aider \u00e0 am\u00e9liorer l\u2019acc\u00e8s des jeunes aux carri\u00e8res vertes<\/h3><\/div>\n\t\t\t\t\t\t\t\t\t<div class=\"box-date\">\n\t\t\t\t\t\t\t\t\t\t<span>Mar 19, 2026<\/span>\n\t\t\t\t\t\t\t\t\t<\/div>\n\t\t\t\t\t\t\t\t\t<div class=\"box-bottom\">\n\t\t\t\t\t\t\t\t\t\t&lt;a class=&quot;link-download&quot; href=&quot;https:\/\/www.capgemini.com\/wp-content\/uploads\/2025\/12\/12_02_Capgemini-news-alert_GDSC-2025.pdf&quot; aria-label=&quot;T\u00e9l\u00e9charger le communiqu\u00e9 de presse&quot; target=&quot;_blank&quot;  type=&quot;download&quot; title=&quot;Opens in a new window&quot;&gt;\n\t\t\t\t\t\t\t&lt;span&gt;T\u00e9l\u00e9charger le communiqu\u00e9 de presse&lt;\/span&gt;\n\t\t\t\t\t\t\t&lt;span&gt;163 KB PDF&lt;\/span&gt;\n\t\t\t\t\t\t&lt;\/a&gt;\n\t\t\t\t\t\t\t\t\t\t<a class=\"more\" aria-label=\"Lire la suite Capgemini d\u00e9veloppe une solution d\u2019IA agentique pour soutenir l\u2019UNICEF et l\u2019aider \u00e0 am\u00e9liorer l\u2019acc\u00e8s des jeunes aux carri\u00e8res vertes\" href=\"https:\/\/www.capgemini.com\/ca-fr\/actualites\/communiques-de-presse\/capgemini-developpe-une-solution-d-ia-agentique-pour-soutenir-lunicef-dans-lamelioration-de-lacces-des-jeunes-aux-carrieres-vertes\/\">Lire la suite<\/a>\n\t\t\t\t\t\t\t\t\t<\/div>\n\t\t\t\t\t\t\t\t<\/a>\n\t\t\t\t\t\t\t<\/div>\n\t\t\t\t\t\t<\/div><div class=\"col-lg-4 col-md-6 col-xs-12\">\n\t\t\t\t\t\t\t<div class=\"box\">\n\t\t\t\t\t\t\t\t<a aria-label=\"Lire la suite Capgemini finalise l\u2019acquisition de WNS et cr\u00e9e un leader mondial des Op\u00e9rations Intelligentes bas\u00e9es sur l\u2019IA agentique\" href=\"https:\/\/www.capgemini.com\/ca-fr\/actualites\/communiques-de-presse\/capgemini-finalise-lacquisition-de-wns-et-cree-un-leader-mondial-des-operations-intelligentes-basees-sur-lia-agentique\/\" class=\"anchorWrapper\">\n\t\t\t\t\t\t\t\t\t<span class=\"box-tag\"><span>Actualit\u00e9s du Groupe<\/span><\/span>\n\t\t\t\t\t\t\t\t\t<div class=\"box-title\"><h3 class=\"box-subtitle\">Capgemini finalise l\u2019acquisition de WNS et cr\u00e9e un leader mondial des Op\u00e9rations Intelligentes bas\u00e9es sur l\u2019IA agentique<\/h3><\/div>\n\t\t\t\t\t\t\t\t\t<div class=\"box-date\">\n\t\t\t\t\t\t\t\t\t\t<span>Oct 17, 2025<\/span>\n\t\t\t\t\t\t\t\t\t<\/div>\n\t\t\t\t\t\t\t\t\t<div class=\"box-bottom\">\n\t\t\t\t\t\t\t\t\t\t&lt;a class=&quot;link-download&quot; href=&quot;https:\/\/www.capgemini.com\/fr-fr\/wp-content\/uploads\/sites\/6\/2025\/10\/Capgemini_-_2025-10-17_-_Capgemini_finalise_lacquisition_de_WNS.pdf&quot; aria-label=&quot;T\u00e9l\u00e9charger le communiqu\u00e9 de presse&quot; target=&quot;_blank&quot;  type=&quot;download&quot; title=&quot;Opens in a new window&quot;&gt;\n\t\t\t\t\t\t\t&lt;span&gt;T\u00e9l\u00e9charger le communiqu\u00e9 de presse&lt;\/span&gt;\n\t\t\t\t\t\t\t&lt;span&gt;114 KB PDF&lt;\/span&gt;\n\t\t\t\t\t\t&lt;\/a&gt;\n\t\t\t\t\t\t\t\t\t\t<a class=\"more\" aria-label=\"Lire la suite Capgemini finalise l\u2019acquisition de WNS et cr\u00e9e un leader mondial des Op\u00e9rations Intelligentes bas\u00e9es sur l\u2019IA agentique\" href=\"https:\/\/www.capgemini.com\/ca-fr\/actualites\/communiques-de-presse\/capgemini-finalise-lacquisition-de-wns-et-cree-un-leader-mondial-des-operations-intelligentes-basees-sur-lia-agentique\/\">Lire la suite<\/a>\n\t\t\t\t\t\t\t\t\t<\/div>\n\t\t\t\t\t\t\t\t<\/a>\n\t\t\t\t\t\t\t<\/div>\n\t\t\t\t\t\t<\/div><div class=\"col-lg-4 col-md-6 col-xs-12\">\n\t\t\t\t\t\t\t<div class=\"box\">\n\t\t\t\t\t\t\t\t<a aria-label=\"Lire la suite Capgemini signe un accord portant sur l\u2019acquisition de WNS pour cr\u00e9er un leader mondial des Op\u00e9rations Intelligentes bas\u00e9es sur l\u2019IA agentique\" href=\"https:\/\/www.capgemini.com\/ca-fr\/actualites\/communiques-de-presse\/capgemini-signe-un-accord-portant-sur-lacquisition-de-wns-pour-creer-un-leader-mondial-des-operations-intelligentes-basees-sur-lia-agentique\/\" class=\"anchorWrapper\">\n\t\t\t\t\t\t\t\t\t<span class=\"box-tag\"><span>Actualit\u00e9s du Groupe<\/span><\/span>\n\t\t\t\t\t\t\t\t\t<div class=\"box-title\"><h3 class=\"box-subtitle\">Capgemini signe un accord portant sur l\u2019acquisition de WNS pour cr\u00e9er un leader mondial des Op\u00e9rations Intelligentes bas\u00e9es sur l\u2019IA agentique<\/h3><\/div>\n\t\t\t\t\t\t\t\t\t<div class=\"box-date\">\n\t\t\t\t\t\t\t\t\t\t<span>Jul 7, 2025<\/span>\n\t\t\t\t\t\t\t\t\t<\/div>\n\t\t\t\t\t\t\t\t\t<div class=\"box-bottom\">\n\t\t\t\t\t\t\t\t\t\t&lt;a class=&quot;link-download&quot; href=&quot;https:\/\/www.capgemini.com\/fr-fr\/wp-content\/uploads\/sites\/6\/2025\/07\/Capgemini_-_2025-07-07_-_Acquisition_de_WNS_pour_creer_un_leader_mondial_en_Operations_Intelligentes.pdf&quot; aria-label=&quot;T\u00e9l\u00e9charger le communiqu\u00e9 de presse&quot; target=&quot;_blank&quot;  type=&quot;download&quot; title=&quot;Opens in a new window&quot;&gt;\n\t\t\t\t\t\t\t&lt;span&gt;T\u00e9l\u00e9charger le communiqu\u00e9 de presse&lt;\/span&gt;\n\t\t\t\t\t\t\t&lt;span&gt;302 KB PDF&lt;\/span&gt;\n\t\t\t\t\t\t&lt;\/a&gt;\n\t\t\t\t\t\t\t\t\t\t<a class=\"more\" aria-label=\"Lire la suite Capgemini signe un accord portant sur l\u2019acquisition de WNS pour cr\u00e9er un leader mondial des Op\u00e9rations Intelligentes bas\u00e9es sur l\u2019IA agentique\" href=\"https:\/\/www.capgemini.com\/ca-fr\/actualites\/communiques-de-presse\/capgemini-signe-un-accord-portant-sur-lacquisition-de-wns-pour-creer-un-leader-mondial-des-operations-intelligentes-basees-sur-lia-agentique\/\">Lire la suite<\/a>\n\t\t\t\t\t\t\t\t\t<\/div>\n\t\t\t\t\t\t\t\t<\/a>\n\t\t\t\t\t\t\t<\/div>\n\t\t\t\t\t\t<\/div><\/div><\/div><\/section><\/div>","protected":false},"excerpt":{"rendered":"<p>Le Conseil d\u2019Administration s\u2019est prononc\u00e9 unanimement sur ce choix sur proposition du Comit\u00e9 Ethique et Gouvernance, r\u00e9affirmant ainsi son soutien \u00e0 M. Aiman Ezzat pour la poursuite de la mise en \u0153uvre de la strat\u00e9gie du Groupe.<\/p>\n","protected":false},"author":23,"featured_media":702703,"template":"","meta":{"cg_dt_proposed_to":[],"cg_seo_hreflang_relations":"[]","cg_seo_canonical_relation":"","cg_seo_hreflang_x_default_relation":"{\"uuid\":\"9083cb47-7685-4e12-a2ab-f8614adccfe9\",\"blogId\":\"\",\"domain\":\"\",\"sitePath\":\"\",\"postLink\":\"\",\"postId\":null,\"isSaved\":true,\"isCrossLink\":false,\"hasCrossLink\":false}","cg_dt_approved_content":true,"cg_dt_mandatory_content":false,"cg_dt_notes":"","cg_dg_source_changed":true,"cg_dt_link_disabled":false,"footnotes":"","related_resource_url":"https:\/\/www.capgemini.com\/fr-fr\/wp-content\/uploads\/sites\/6\/2024\/02\/02_13-CP_Composition_du_Conseil_Capgemini.pdf","related_resource_id":743122,"related_resource_size":"100 KB","related_resource_type":"pdf","cg_author":0,"featured_focal_points":""},"tags":[],"press-release-type":[241],"brand":[],"class_list":["post-702702","press-release","type-press-release","status-publish","has-post-thumbnail","hentry","press-release-type-actualites-groupe"],"yoast_head":"<!-- This site is optimized with the Yoast SEO Premium plugin v22.8 (Yoast SEO v22.8) - https:\/\/yoast.com\/wordpress\/plugins\/seo\/ -->\n<title>Renouvellement du mandat de Directeur g\u00e9n\u00e9ral d\u2019Aiman Ezzat \u00e0 l\u2019issue de l\u2019assembl\u00e9e g\u00e9n\u00e9rale 2024 - Capgemini Canada French<\/title>\n<meta name=\"robots\" content=\"index, follow, max-snippet:-1, max-image-preview:large, max-video-preview:-1\" \/>\n<link rel=\"canonical\" href=\"https:\/\/www.capgemini.com\/ca-fr\/actualites\/communiques-de-presse\/renouvellement-du-mandat-de-directeur-general-daiman-ezzat-a-lissue-de-lassemblee-generale-2024\/\" \/>\n<meta property=\"og:locale\" content=\"fr_FR\" \/>\n<meta property=\"og:type\" content=\"article\" \/>\n<meta property=\"og:title\" content=\"Renouvellement du mandat de Directeur g\u00e9n\u00e9ral d\u2019Aiman Ezzat \u00e0 l\u2019issue de l\u2019assembl\u00e9e g\u00e9n\u00e9rale 2024\" \/>\n<meta property=\"og:description\" content=\"Le Conseil d\u2019Administration s\u2019est prononc\u00e9 unanimement sur ce choix sur proposition du Comit\u00e9 Ethique et Gouvernance, r\u00e9affirmant ainsi son soutien \u00e0 M. Aiman Ezzat pour la poursuite de la mise en \u0153uvre de la strat\u00e9gie du Groupe.\" \/>\n<meta property=\"og:url\" content=\"https:\/\/www.capgemini.com\/ca-fr\/actualites\/communiques-de-presse\/renouvellement-du-mandat-de-directeur-general-daiman-ezzat-a-lissue-de-lassemblee-generale-2024\/\" \/>\n<meta property=\"og:site_name\" content=\"Capgemini Canada French\" \/>\n<meta property=\"article:modified_time\" content=\"2025-03-30T04:20:27+00:00\" \/>\n<meta property=\"og:image\" content=\"https:\/\/www.capgemini.com\/ca-fr\/wp-content\/uploads\/sites\/21\/2025\/10\/New-Web-preview-global.jpg\" \/>\n\t<meta property=\"og:image:width\" content=\"1200\" \/>\n\t<meta property=\"og:image:height\" content=\"627\" \/>\n\t<meta property=\"og:image:type\" content=\"image\/jpeg\" \/>\n<meta name=\"twitter:card\" content=\"summary_large_image\" \/>\n<meta name=\"twitter:label1\" content=\"Est. reading time\" \/>\n\t<meta name=\"twitter:data1\" content=\"1 minute\" \/>\n<script type=\"application\/ld+json\" class=\"yoast-schema-graph\">{\"@context\":\"https:\/\/schema.org\",\"@graph\":[{\"@type\":\"WebPage\",\"@id\":\"https:\/\/www.capgemini.com\/ca-fr\/actualites\/communiques-de-presse\/renouvellement-du-mandat-de-directeur-general-daiman-ezzat-a-lissue-de-lassemblee-generale-2024\/\",\"url\":\"https:\/\/www.capgemini.com\/ca-fr\/actualites\/communiques-de-presse\/renouvellement-du-mandat-de-directeur-general-daiman-ezzat-a-lissue-de-lassemblee-generale-2024\/\",\"name\":\"Renouvellement du mandat de Directeur g\u00e9n\u00e9ral d\u2019Aiman Ezzat \u00e0 l\u2019issue de l\u2019assembl\u00e9e g\u00e9n\u00e9rale 2024 - Capgemini Canada French\",\"isPartOf\":{\"@id\":\"https:\/\/www.capgemini.com\/ca-fr\/#website\"},\"primaryImageOfPage\":{\"@id\":\"https:\/\/www.capgemini.com\/ca-fr\/actualites\/communiques-de-presse\/renouvellement-du-mandat-de-directeur-general-daiman-ezzat-a-lissue-de-lassemblee-generale-2024\/#primaryimage\"},\"image\":{\"@id\":\"https:\/\/www.capgemini.com\/ca-fr\/actualites\/communiques-de-presse\/renouvellement-du-mandat-de-directeur-general-daiman-ezzat-a-lissue-de-lassemblee-generale-2024\/#primaryimage\"},\"thumbnailUrl\":\"https:\/\/www.capgemini.com\/ca-fr\/wp-content\/uploads\/sites\/21\/2024\/02\/Capgemini_announcements_results_v2.jpg\",\"datePublished\":\"2024-02-14T12:54:20+00:00\",\"dateModified\":\"2025-03-30T04:20:27+00:00\",\"breadcrumb\":{\"@id\":\"https:\/\/www.capgemini.com\/ca-fr\/actualites\/communiques-de-presse\/renouvellement-du-mandat-de-directeur-general-daiman-ezzat-a-lissue-de-lassemblee-generale-2024\/#breadcrumb\"},\"inLanguage\":\"fr-FR\",\"potentialAction\":[{\"@type\":\"ReadAction\",\"target\":[\"https:\/\/www.capgemini.com\/ca-fr\/actualites\/communiques-de-presse\/renouvellement-du-mandat-de-directeur-general-daiman-ezzat-a-lissue-de-lassemblee-generale-2024\/\"]}]},{\"@type\":\"ImageObject\",\"inLanguage\":\"fr-FR\",\"@id\":\"https:\/\/www.capgemini.com\/ca-fr\/actualites\/communiques-de-presse\/renouvellement-du-mandat-de-directeur-general-daiman-ezzat-a-lissue-de-lassemblee-generale-2024\/#primaryimage\",\"url\":\"https:\/\/www.capgemini.com\/ca-fr\/wp-content\/uploads\/sites\/21\/2024\/02\/Capgemini_announcements_results_v2.jpg\",\"contentUrl\":\"https:\/\/www.capgemini.com\/ca-fr\/wp-content\/uploads\/sites\/21\/2024\/02\/Capgemini_announcements_results_v2.jpg\",\"width\":2880,\"height\":1800},{\"@type\":\"BreadcrumbList\",\"@id\":\"https:\/\/www.capgemini.com\/ca-fr\/actualites\/communiques-de-presse\/renouvellement-du-mandat-de-directeur-general-daiman-ezzat-a-lissue-de-lassemblee-generale-2024\/#breadcrumb\",\"itemListElement\":[{\"@type\":\"ListItem\",\"position\":1,\"name\":\"Home\",\"item\":\"https:\/\/www.capgemini.com\/ca-fr\/\"},{\"@type\":\"ListItem\",\"position\":2,\"name\":\"Press Releases\",\"item\":\"https:\/\/www.capgemini.com\/ca-fr\/news\/\"},{\"@type\":\"ListItem\",\"position\":3,\"name\":\"Renouvellement du mandat de Directeur g\u00e9n\u00e9ral d\u2019Aiman Ezzat \u00e0 l\u2019issue de l\u2019assembl\u00e9e g\u00e9n\u00e9rale 2024\"}]},{\"@type\":\"WebSite\",\"@id\":\"https:\/\/www.capgemini.com\/ca-fr\/#website\",\"url\":\"https:\/\/www.capgemini.com\/ca-fr\/\",\"name\":\"Capgemini Canada French\",\"description\":\"Capgemini\",\"potentialAction\":[{\"@type\":\"SearchAction\",\"target\":{\"@type\":\"EntryPoint\",\"urlTemplate\":\"https:\/\/www.capgemini.com\/ca-fr\/?s={search_term_string}\"},\"query-input\":\"required name=search_term_string\"}],\"inLanguage\":\"fr-FR\"}]}<\/script>\n<!-- \/ Yoast SEO Premium plugin. -->","yoast_head_json":{"title":"Renouvellement du mandat de Directeur g\u00e9n\u00e9ral d\u2019Aiman Ezzat \u00e0 l\u2019issue de l\u2019assembl\u00e9e g\u00e9n\u00e9rale 2024 - Capgemini Canada French","robots":{"index":"index","follow":"follow","max-snippet":"max-snippet:-1","max-image-preview":"max-image-preview:large","max-video-preview":"max-video-preview:-1"},"canonical":"https:\/\/www.capgemini.com\/ca-fr\/actualites\/communiques-de-presse\/renouvellement-du-mandat-de-directeur-general-daiman-ezzat-a-lissue-de-lassemblee-generale-2024\/","og_locale":"fr_FR","og_type":"article","og_title":"Renouvellement du mandat de Directeur g\u00e9n\u00e9ral d\u2019Aiman Ezzat \u00e0 l\u2019issue de l\u2019assembl\u00e9e g\u00e9n\u00e9rale 2024","og_description":"Le Conseil d\u2019Administration s\u2019est prononc\u00e9 unanimement sur ce choix sur proposition du Comit\u00e9 Ethique et Gouvernance, r\u00e9affirmant ainsi son soutien \u00e0 M. Aiman Ezzat pour la poursuite de la mise en \u0153uvre de la strat\u00e9gie du Groupe.","og_url":"https:\/\/www.capgemini.com\/ca-fr\/actualites\/communiques-de-presse\/renouvellement-du-mandat-de-directeur-general-daiman-ezzat-a-lissue-de-lassemblee-generale-2024\/","og_site_name":"Capgemini Canada French","article_modified_time":"2025-03-30T04:20:27+00:00","og_image":[{"width":1200,"height":627,"url":"https:\/\/www.capgemini.com\/ca-fr\/wp-content\/uploads\/sites\/21\/2025\/10\/New-Web-preview-global.jpg","type":"image\/jpeg"}],"twitter_card":"summary_large_image","twitter_misc":{"Est. reading time":"1 minute"},"schema":{"@context":"https:\/\/schema.org","@graph":[{"@type":"WebPage","@id":"https:\/\/www.capgemini.com\/ca-fr\/actualites\/communiques-de-presse\/renouvellement-du-mandat-de-directeur-general-daiman-ezzat-a-lissue-de-lassemblee-generale-2024\/","url":"https:\/\/www.capgemini.com\/ca-fr\/actualites\/communiques-de-presse\/renouvellement-du-mandat-de-directeur-general-daiman-ezzat-a-lissue-de-lassemblee-generale-2024\/","name":"Renouvellement du mandat de Directeur g\u00e9n\u00e9ral d\u2019Aiman Ezzat \u00e0 l\u2019issue de l\u2019assembl\u00e9e g\u00e9n\u00e9rale 2024 - Capgemini Canada French","isPartOf":{"@id":"https:\/\/www.capgemini.com\/ca-fr\/#website"},"primaryImageOfPage":{"@id":"https:\/\/www.capgemini.com\/ca-fr\/actualites\/communiques-de-presse\/renouvellement-du-mandat-de-directeur-general-daiman-ezzat-a-lissue-de-lassemblee-generale-2024\/#primaryimage"},"image":{"@id":"https:\/\/www.capgemini.com\/ca-fr\/actualites\/communiques-de-presse\/renouvellement-du-mandat-de-directeur-general-daiman-ezzat-a-lissue-de-lassemblee-generale-2024\/#primaryimage"},"thumbnailUrl":"https:\/\/www.capgemini.com\/ca-fr\/wp-content\/uploads\/sites\/21\/2024\/02\/Capgemini_announcements_results_v2.jpg","datePublished":"2024-02-14T12:54:20+00:00","dateModified":"2025-03-30T04:20:27+00:00","breadcrumb":{"@id":"https:\/\/www.capgemini.com\/ca-fr\/actualites\/communiques-de-presse\/renouvellement-du-mandat-de-directeur-general-daiman-ezzat-a-lissue-de-lassemblee-generale-2024\/#breadcrumb"},"inLanguage":"fr-FR","potentialAction":[{"@type":"ReadAction","target":["https:\/\/www.capgemini.com\/ca-fr\/actualites\/communiques-de-presse\/renouvellement-du-mandat-de-directeur-general-daiman-ezzat-a-lissue-de-lassemblee-generale-2024\/"]}]},{"@type":"ImageObject","inLanguage":"fr-FR","@id":"https:\/\/www.capgemini.com\/ca-fr\/actualites\/communiques-de-presse\/renouvellement-du-mandat-de-directeur-general-daiman-ezzat-a-lissue-de-lassemblee-generale-2024\/#primaryimage","url":"https:\/\/www.capgemini.com\/ca-fr\/wp-content\/uploads\/sites\/21\/2024\/02\/Capgemini_announcements_results_v2.jpg","contentUrl":"https:\/\/www.capgemini.com\/ca-fr\/wp-content\/uploads\/sites\/21\/2024\/02\/Capgemini_announcements_results_v2.jpg","width":2880,"height":1800},{"@type":"BreadcrumbList","@id":"https:\/\/www.capgemini.com\/ca-fr\/actualites\/communiques-de-presse\/renouvellement-du-mandat-de-directeur-general-daiman-ezzat-a-lissue-de-lassemblee-generale-2024\/#breadcrumb","itemListElement":[{"@type":"ListItem","position":1,"name":"Home","item":"https:\/\/www.capgemini.com\/ca-fr\/"},{"@type":"ListItem","position":2,"name":"Press Releases","item":"https:\/\/www.capgemini.com\/ca-fr\/news\/"},{"@type":"ListItem","position":3,"name":"Renouvellement du mandat de Directeur g\u00e9n\u00e9ral d\u2019Aiman Ezzat \u00e0 l\u2019issue de l\u2019assembl\u00e9e g\u00e9n\u00e9rale 2024"}]},{"@type":"WebSite","@id":"https:\/\/www.capgemini.com\/ca-fr\/#website","url":"https:\/\/www.capgemini.com\/ca-fr\/","name":"Capgemini Canada French","description":"Capgemini","potentialAction":[{"@type":"SearchAction","target":{"@type":"EntryPoint","urlTemplate":"https:\/\/www.capgemini.com\/ca-fr\/?s={search_term_string}"},"query-input":"required name=search_term_string"}],"inLanguage":"fr-FR"}]}},"parsely":{"version":"1.1.0","canonical_url":"https:\/\/capgemini.com\/ca-fr\/actualites\/communiques-de-presse\/renouvellement-du-mandat-de-directeur-general-daiman-ezzat-a-lissue-de-lassemblee-generale-2024\/","smart_links":{"inbound":0,"outbound":0},"traffic_boost_suggestions_count":0,"meta":{"@context":"https:\/\/schema.org","@type":"NewsArticle","headline":"Renouvellement du mandat de Directeur g\u00e9n\u00e9ral d\u2019Aiman Ezzat \u00e0 l\u2019issue de l\u2019assembl\u00e9e g\u00e9n\u00e9rale 2024","url":"https:\/\/www.capgemini.com\/ca-fr\/actualites\/communiques-de-presse\/renouvellement-du-mandat-de-directeur-general-daiman-ezzat-a-lissue-de-lassemblee-generale-2024\/","mainEntityOfPage":{"@type":"WebPage","@id":"https:\/\/www.capgemini.com\/ca-fr\/actualites\/communiques-de-presse\/renouvellement-du-mandat-de-directeur-general-daiman-ezzat-a-lissue-de-lassemblee-generale-2024\/"},"thumbnailUrl":"https:\/\/www.capgemini.com\/ca-fr\/wp-content\/uploads\/sites\/21\/2024\/02\/Capgemini_announcements_results_v2.jpg?w=150&h=150&crop=1","image":{"@type":"ImageObject","url":"https:\/\/www.capgemini.com\/ca-fr\/wp-content\/uploads\/sites\/21\/2024\/02\/Capgemini_announcements_results_v2.jpg"},"articleSection":"Uncategorized","author":[],"creator":[],"publisher":{"@type":"Organization","name":"Capgemini Canada French","logo":""},"keywords":[],"dateCreated":"2024-02-14T12:54:20Z","datePublished":"2024-02-14T12:54:20Z","dateModified":"2025-03-30T04:20:27Z"},"rendered":"<meta name=\"parsely-title\" content=\"Renouvellement du mandat de Directeur g\u00e9n\u00e9ral d\u2019Aiman Ezzat \u00e0 l\u2019issue de l\u2019assembl\u00e9e g\u00e9n\u00e9rale 2024\" \/>\n<meta name=\"parsely-link\" content=\"https:\/\/www.capgemini.com\/ca-fr\/actualites\/communiques-de-presse\/renouvellement-du-mandat-de-directeur-general-daiman-ezzat-a-lissue-de-lassemblee-generale-2024\/\" \/>\n<meta name=\"parsely-type\" content=\"post\" \/>\n<meta name=\"parsely-image-url\" content=\"https:\/\/www.capgemini.com\/ca-fr\/wp-content\/uploads\/sites\/21\/2024\/02\/Capgemini_announcements_results_v2.jpg?w=150&amp;h=150&amp;crop=1\" \/>\n<meta name=\"parsely-pub-date\" content=\"2024-02-14T12:54:20Z\" \/>\n<meta name=\"parsely-section\" content=\"Uncategorized\" \/>","tracker_url":"https:\/\/cdn.parsely.com\/keys\/capgemini.com\/p.js"},"archive_status":false,"featured_image_src":"https:\/\/www.capgemini.com\/ca-fr\/wp-content\/uploads\/sites\/21\/2024\/02\/Capgemini_announcements_results_v2.jpg","featured_image_alt":"","jetpack_sharing_enabled":true,"distributor_meta":false,"distributor_terms":false,"distributor_media":false,"distributor_original_site_name":"Capgemini Canada French","distributor_original_site_url":"https:\/\/www.capgemini.com\/ca-fr","push-errors":false,"tag_names":[],"_links":{"self":[{"href":"https:\/\/www.capgemini.com\/ca-fr\/wp-json\/wp\/v2\/press-release\/702702","targetHints":{"allow":["GET"]}}],"collection":[{"href":"https:\/\/www.capgemini.com\/ca-fr\/wp-json\/wp\/v2\/press-release"}],"about":[{"href":"https:\/\/www.capgemini.com\/ca-fr\/wp-json\/wp\/v2\/types\/press-release"}],"author":[{"embeddable":true,"href":"https:\/\/www.capgemini.com\/ca-fr\/wp-json\/wp\/v2\/users\/23"}],"version-history":[{"count":3,"href":"https:\/\/www.capgemini.com\/ca-fr\/wp-json\/wp\/v2\/press-release\/702702\/revisions"}],"predecessor-version":[{"id":707378,"href":"https:\/\/www.capgemini.com\/ca-fr\/wp-json\/wp\/v2\/press-release\/702702\/revisions\/707378"}],"wp:featuredmedia":[{"embeddable":true,"href":"https:\/\/www.capgemini.com\/ca-fr\/wp-json\/wp\/v2\/media\/702703"}],"wp:attachment":[{"href":"https:\/\/www.capgemini.com\/ca-fr\/wp-json\/wp\/v2\/media?parent=702702"}],"wp:term":[{"taxonomy":"post_tag","embeddable":true,"href":"https:\/\/www.capgemini.com\/ca-fr\/wp-json\/wp\/v2\/tags?post=702702"},{"taxonomy":"press-release-type","embeddable":true,"href":"https:\/\/www.capgemini.com\/ca-fr\/wp-json\/wp\/v2\/press-release-type?post=702702"},{"taxonomy":"brand","embeddable":true,"href":"https:\/\/www.capgemini.com\/ca-fr\/wp-json\/wp\/v2\/brand?post=702702"}],"curies":[{"name":"wp","href":"https:\/\/api.w.org\/{rel}","templated":true}]}}