{"id":702701,"date":"2024-02-14T12:54:20","date_gmt":"2024-02-14T12:54:20","guid":{"rendered":"https:\/\/www.capgemini.com\/ca-fr\/?post_type=press-release&#038;p=702701"},"modified":"2025-03-30T04:20:46","modified_gmt":"2025-03-30T04:20:46","slug":"capgemini-realise-une-nouvelle-performance-record-en-2023","status":"publish","type":"press-release","link":"https:\/\/www.capgemini.com\/ca-fr\/actualites\/communiques-de-presse\/capgemini-realise-une-nouvelle-performance-record-en-2023\/","title":{"rendered":"Capgemini r\u00e9alise une nouvelle performance record en 2023"},"content":{"rendered":"\t\t<div class=\"wp-block-cg-blocks-hero-press-release\">\n\t\t\t<header class=\"header-hero-press-release\" role=\"main\" id=\"main-content-press-release\">\n\t\t\t\t<div class=\"container\">\n\t\t\t\t\t<div class=\"hero-press-release\">\n\t\t\t\t\t\t<div class=\"hero-press-release-content-wrapper\">\n\t\t\t\t\t\t\t<div class=\"row\">\n\t\t\t\t\t\t\t\t<div class=\"col-12\">\n\t\t\t\t\t\t\t\t\t<div class=\"header-title\">\n\t\t\t\t\t\t\t\t\t\t<h1>\n\t\t\t\t\t\t\t\t\t\t\tCapgemini r\u00e9alise une nouvelle performance record en 2023\t\t\t\t\t\t\t\t\t\t<\/h1>\n\t\t\t\t\t\t\t\t\t<\/div>\n\t\t\t\t\t\t\t\t\t<div class=\"header-description\">\n\t\t\t\t\t\t\t\t\t\t<p><\/p>\n\t\t\t\t\t\t\t\t\t<\/div>\n\t\t\t\t\t\t\t\t\t\t\t\t\t\t\t\t\t\t<div class=\"header-date\">\n\t\t\t\t\t\t\t\t\t\t<span>f\u00e9vr. 14, 2024<\/span>\n\t\t\t\t\t\t\t\t\t<\/div>\n\t\t\t\t\t\t\t\t<\/div>\n\t\t\t\t\t\t\t<\/div>\n\t\t\t\t\t\t<\/div>\n\t\t\t\t\t\t\t\t\t\t\t\t\t<div class=\"hero-press-release-downloads\">\n\t\t\t\t\t\t\t\t<div class=\"row\">\n\t\t\t\t\t\t\t\t\t\t\t\t\t\t\t\t\t\t\t<div class=\"col-12 col-md-6 col-lg-3\">\n\t\t\t\t\t\t\t\t\t\t\t<a class=\"download-item\" type=\"download\" href=\"https:\/\/www.capgemini.com\/fr-fr\/wp-content\/uploads\/sites\/6\/2024\/02\/Capgemini_-_2024-02-14_-_2023_Resultats_Annuels_2023.pdf\" target=\"_blank\" rel=\"noopener noreferrer\" title=\"Ouvrir dans une nouvelle fen\u00eatre\">\n\t\t\t\t\t\t\t\t\t\t\t\t<div class=\"download-icon\"><\/div>\n\t\t\t\t\t\t\t\t\t\t\t\t<div class=\"download-details\">\n\t\t\t\t\t\t\t\t\t\t\t\t\t<div class=\"download-title\">Download press release<\/div>\n\t\t\t\t\t\t\t\t\t\t\t\t\t<div class=\"download-props\">340 KB  pdf<\/div>\n\t\t\t\t\t\t\t\t\t\t\t\t<\/div>\n\t\t\t\t\t\t\t\t\t\t\t<\/a>\n\t\t\t\t\t\t\t\t\t\t<\/div>\n\t\t\t\t\t\t\t\t\t\t\t\t\t\t\t\t\t\t\t\t<div class=\"col-12 col-md-6 col-lg-3\">\n\t\t\t\t\t\t\t\t\t\t\t<a class=\"download-item\" type=\"download\" href=\"https:\/\/www.capgemini.com\/fr-fr\/wp-content\/uploads\/sites\/6\/2024\/02\/Capgemini_infographie-2023_T4_FR.pdf\" target=\"_blank\" rel=\"noopener noreferrer\" title=\"Ouvrir dans une nouvelle fen\u00eatre\">\n\t\t\t\t\t\t\t\t\t\t\t\t<div class=\"download-icon\"><\/div>\n\t\t\t\t\t\t\t\t\t\t\t\t<div class=\"download-details\">\n\t\t\t\t\t\t\t\t\t\t\t\t\t<div class=\"download-title\">T\u00e9l\u00e9charger le FY23 infographie<\/div>\n\t\t\t\t\t\t\t\t\t\t\t\t\t<div class=\"download-props\">131 KB  pdf<\/div>\n\t\t\t\t\t\t\t\t\t\t\t\t<\/div>\n\t\t\t\t\t\t\t\t\t\t\t<\/a>\n\t\t\t\t\t\t\t\t\t\t<\/div>\n\t\t\t\t\t\t\t\t\t\t\t\t\t\t\t\t\t\t\t\t<div class=\"col-12 col-md-6\">\n\t\t\t\t\t\t\t\t\t\t\t<a class=\"download-item\" type=\"download\" href=\"https:\/\/www.capgemini.com\/fr-fr\/wp-content\/uploads\/sites\/6\/2024\/02\/Capgemini_infographie_ESG_2023_FR.pdf\" target=\"_blank\" rel=\"noopener noreferrer\" title=\"Ouvrir dans une nouvelle fen\u00eatre\">\n\t\t\t\t\t\t\t\t\t\t\t\t<div class=\"download-icon\"><\/div>\n\t\t\t\t\t\t\t\t\t\t\t\t<div class=\"download-details\">\n\t\t\t\t\t\t\t\t\t\t\t\t\t<div class=\"download-title\">T\u00e9l\u00e9charger le ESG infographie<\/div>\n\t\t\t\t\t\t\t\t\t\t\t\t\t<div class=\"download-props\">225 KB  pdf<\/div>\n\t\t\t\t\t\t\t\t\t\t\t\t<\/div>\n\t\t\t\t\t\t\t\t\t\t\t<\/a>\n\t\t\t\t\t\t\t\t\t\t<\/div>\n\t\t\t\t\t\t\t\t\t\t\t\t\t\t\t\t\t\t<\/div>\n\t\t\t\t\t\t\t<\/div>\n\t\t\t\t\t\t\t\t\t\t\t\t\t\t\t\t\t<\/div>\n\t\t\t\t<\/div>\n\t\t\t<\/header>\n\t\t<\/div>\n\t\t\n\n\n<section class=\"wp-block-cg-blocks-group undefined section section--article-content\"><div class=\"article-main-content\"><div class=\"container\"><div class=\"row\"><div class=\"col-12 col-md-1\"><nav class=\"article-social\"><ul class=\"social-nav\"><li class=\"ip-order-fb\"><a href=\"https:\/\/www.facebook.com\/sharer\/sharer.php?u=https:\/\/www.capgemini.com\/fr-fr\/?post_type=press-release&amp;p=743124\" target=\"_blank\" rel=\"noopener noreferrer\" title=\"Ouvrir dans une nouvelle fen\u00eatre\"><i aria-hidden=\"true\" class=\"icon-fb\"><\/i><span class=\"sr-only\">Facebook<\/span><\/a><\/li><li class=\"ip-order-tw\"><a href=\"https:\/\/twitter.com\/intent\/tweet?url=https:\/\/www.capgemini.com\/fr-fr\/?post_type=press-release&amp;p=743124&amp;text=Capgemini%20r%C3%A9alise%20une%20nouvelle%20performance%20record%20en%202023\" target=\"_blank\" rel=\"noopener noreferrer\" title=\"Ouvrir dans une nouvelle fen\u00eatre\"><i aria-hidden=\"true\" class=\"icon-tw\"><\/i><span class=\"sr-only\">Twitter<\/span><\/a><\/li><li class=\"ip-order-li\"><a href=\"https:\/\/www.linkedin.com\/sharing\/share-offsite\/?url=https:\/\/www.capgemini.com\/fr-fr\/?post_type=press-release&amp;p=743124&amp;text=Capgemini%20r%C3%A9alise%20une%20nouvelle%20performance%20record%20en%202023\" target=\"_blank\" rel=\"noopener noreferrer\" title=\"Ouvrir dans une nouvelle fen\u00eatre\"><i aria-hidden=\"true\" class=\"icon-li\"><\/i><span class=\"sr-only\">Linkedin<\/span><\/a><\/li><\/ul><\/nav><\/div><div class=\"col-12 col-md-11 col-lg-10\"><div class=\"article-text article-quote-text\">\n<ul class=\"wp-block-list\">\n<li><strong>Chiffre d\u2019affaires de 22&nbsp;522 millions d\u2019euros, en hausse de +2,4%<\/strong><\/li>\n\n\n\n<li><strong>Croissance \u00e0 taux de change constants<sup>* <\/sup>de +4,4% sur l\u2019ann\u00e9e et de -0,2% au 4<sup>\u00e8me<\/sup>&nbsp;trimestre<\/strong><\/li>\n\n\n\n<li><strong>Taux de marge op\u00e9rationnelle<\/strong>&nbsp;<strong>de 13,3%, en progression de 30 points de base<\/strong><\/li>\n\n\n\n<li><strong>Hausse de +7% du r\u00e9sultat net part du Groupe et de +8&nbsp;% du r\u00e9sultat normalis\u00e9 par action<\/strong><\/li>\n\n\n\n<li><strong><em>Free cash-flow <\/em>organique<a id=\"_ftnref1\" href=\"#_ftn1\">*<\/a><\/strong> <strong>de 1&nbsp;963 millions d\u2019euros<\/strong><\/li>\n\n\n\n<li><strong>Proposition d\u2019un dividende de 3,40 euros par action<\/strong><\/li>\n<\/ul>\n\n\n\n<p><strong><em>Paris, le 14 f\u00e9vrier 2024<\/em> \u2013 <\/strong>R\u00e9uni le 13 f\u00e9vrier \u00e0 Paris sous la pr\u00e9sidence de Paul Hermelin, le Conseil d\u2019Administration de Capgemini SE a examin\u00e9 et arr\u00eat\u00e9 les comptes<a id=\"_ftnref1\" href=\"#_ftn1\">[1]<\/a> du groupe Capgemini pour l\u2019exercice clos le 31 d\u00e9cembre 2023.<\/p>\n\n\n\n<section class=\"wp-block-cg-blocks-intro-para-video section section--info-2cols section--insights section-video\"><div class=\"bg-color video-align-right\"><div class=\"container\"><div class=\"row video-align-left\"><div class=\"col-md-12\"><div class=\"video-align-left row box box--4 box--mini\"><div class=\"col-md-3\"><h4 data-maxlength=\"34\">R\u00e9sultats pour l&#8217;ann\u00e9e 2023<\/h4><div class=\"video-info\"><p data-maxlength=\"68\">Capgemini r\u00e9alise une nouvelle performance record en 2023<\/p><\/div><\/div><div class=\"col-md-8 box-img-wrapper\"><div class=\"video-box\"><div class=\"video-wrapper\"><iframe title=\"video-section\" src=\"https:\/\/www.youtube.com\/embed\/esDfszNOvDo\" frameborder=\"0\" rel=\"0\" allow=\"accelerometer; autoplay; encrypted-media; gyroscope; picture-in-picture\" allowfullscreen><\/iframe><\/div><\/div><\/div><div class=\"col-md-1\"><\/div><\/div><\/div><\/div><\/div><\/div><\/section>\n\n\n\n<p>Pour Aiman Ezzat, Directeur g\u00e9n\u00e9ral du groupe Capgemini : \u00ab&nbsp;<em>2023 a \u00e9t\u00e9 une nouvelle ann\u00e9e de croissance pour le Groupe, marqu\u00e9e par une am\u00e9lioration de notre profitabilit\u00e9 et un cash-flow \u00e9lev\u00e9, dans un contexte de ralentissement de notre secteur. Nos r\u00e9sultats t\u00e9moignent ainsi de la force de notre positionnement, de notre agilit\u00e9 et de notre r\u00e9silience.<\/em><\/p>\n\n\n\n<p><em>La valeur que nous apportons \u00e0 nos clients en tant que partenaire de leur transformation business et technologique est aujourd\u2019hui reconnue. En 2023, le Groupe a poursuivi ses investissements pour renforcer ses comp\u00e9tences et d\u00e9velopper des solutions pour les accompagner dans cette transition vers une \u00e9conomie toujours plus digitale et durable.<\/em><\/p>\n\n\n\n<p><em>C\u2019est notamment le cas en IA g\u00e9n\u00e9rative, enjeu fondamental pour toutes les grandes organisations. Nous sommes aujourd&#8217;hui un acteur majeur dans ce domaine. Nous permettons \u00e0 nos clients d&#8217;explorer, tester et d\u00e9ployer \u00e0 l&#8217;\u00e9chelle de leurs organisations des solutions qui cr\u00e9ent une valeur incontestable. Dans le cadre de notre plan d&#8217;investissement de deux milliards d&#8217;euros annonc\u00e9 en juillet dernier, nous continuons \u00e0 renforcer nos \u00e9quipes et \u00e0 les faire monter en comp\u00e9tences, \u00e0 investir dans des solutions, et \u00e0 nous appuyer sur un vaste \u00e9cosyst\u00e8me de partenaires technologiques tels que Microsoft, Google, AWS, Salesforce ou encore Mistral AI.<\/em><\/p>\n\n\n\n<p><em>S\u2019agissant de nos offres de d\u00e9veloppement durable, nous avons l\u00e0 aussi intensifi\u00e9 nos efforts en 2023. Nous aidons nos clients \u00e0 acc\u00e9l\u00e9rer chaque \u00e9tape de leur transition vers le z\u00e9ro \u00e9missions nettes, de la d\u00e9finition de leur strat\u00e9gie, \u00e0 l\u2019adaptation de leur business model et leur capacit\u00e9 \u00e0 concevoir des produits et des services durables. 2023 a \u00e9galement \u00e9t\u00e9 une ann\u00e9e importante en termes d&#8217;ESG, avec des actions majeures men\u00e9es en faveur d\u2019un monde plus durable et inclusif.<\/em><\/p>\n\n\n\n<p><em>Le Groupe est bien arm\u00e9 pour continuer d\u2019am\u00e9liorer sa performance en 2024 alors que l\u2019environnement devrait rester peu porteur au premier semestre. Cette ann\u00e9e encore, le Groupe pr\u00e9voit de cro\u00eetre, avec un point bas de la croissance au premier trimestre, de renforcer sa marge op\u00e9rationnelle et de maintenir \u00e0 un niveau \u00e9lev\u00e9 sa g\u00e9n\u00e9ration de free cash-flow. <\/em><em>\u00bb<\/em><\/p>\n\n\n\n<h4 class=\"wp-block-heading\" id=\"h-chiffres-cles\">CHIFFRES CL\u00c9S<\/h4>\n\n\n\n<figure class=\"wp-block-image aligncenter size-full\"><img decoding=\"async\" src=\"https:\/\/www.capgemini.com\/fr-fr\/wp-content\/uploads\/sites\/6\/2024\/02\/FY-result-2023-FR-01.png\" alt=\"\" class=\"wp-image-743128\"\/><\/figure>\n\n\n\n<p><\/p>\n\n\n\n<p>En 2023, Capgemini a r\u00e9alis\u00e9 une solide performance malgr\u00e9 un contexte \u00e9conomique morose, avec des r\u00e9sultats sup\u00e9rieurs ou en ligne avec ses objectifs financiers pour l&#8217;exercice.<\/p>\n\n\n\n<p>Apr\u00e8s deux ann\u00e9es de croissance record, la persistance des pressions macro\u00e9conomiques et le regain des tensions g\u00e9opolitiques ont entra\u00een\u00e9 en 2023 une d\u00e9c\u00e9l\u00e9ration du march\u00e9 progressive et conforme \u00e0 nos attentes. Capgemini a r\u00e9alis\u00e9 un <strong>chiffre d\u2019affaires <\/strong>de 22&nbsp;522 millions d\u2019euros, en progression de +2,4% en donn\u00e9es publi\u00e9es par rapport \u00e0 l\u2019exercice 2022. Cela repr\u00e9sente une croissance de +4,4% \u00e0 taux de change constants<em><sup>*<\/sup><\/em>, qui s\u2019inscrit dans la fourchette de +4% \u00e0 +7% vis\u00e9e pour l\u2019ann\u00e9e. L\u2019impact des acquisitions sur la croissance \u00e9tant de +0,5 point, la croissance organique<em><sup>* <\/sup><\/em>du Groupe (c\u2019est-\u00e0-dire corrig\u00e9e des effets de p\u00e9rim\u00e8tre et de taux de change) s\u2019\u00e9l\u00e8ve \u00e0 +3,9%.<\/p>\n\n\n\n<p>Les <strong>prises de commandes <\/strong>s\u2019\u00e9l\u00e8vent \u00e0 23&nbsp;887 millions d\u2019euros, en hausse de +2,6% \u00e0 taux de change constants par rapport \u00e0 2022. Le ratio \u00ab <em>book-to-bill<\/em> \u00bb s\u2019\u00e9tablit ainsi \u00e0 1,06 pour l\u2019exercice 2023, et \u00e0 1,18 pour le 4<sup>\u00e8me<\/sup> trimestre. Cela refl\u00e8te une dynamique commerciale soutenue malgr\u00e9 l&#8217;allongement des cycles de d\u00e9cision.<\/p>\n\n\n\n<p>Les grandes entreprises et organisations ont maintenu leurs ambitions digitales et de d\u00e9veloppement durable, en donnant toutefois la priorit\u00e9 au renforcement de leur agilit\u00e9 op\u00e9rationnelle et de leur rentabilit\u00e9. Cela se traduit par une forte demande pour des programmes de transformation avec un retour sur investissement rapide, qui s&#8217;appuient sur les services \u00e0 forte valeur ajout\u00e9e propos\u00e9s par le Groupe, en particulier dans le domaine de l\u2019<em>Intelligent Industry<\/em>, ainsi que ceux bas\u00e9s sur le <em>Cloud<\/em>, la <em>Data et<\/em> l&#8217;Intelligence Artificielle<em>.<\/em><\/p>\n\n\n\n<p>Cette \u00e9volution continue du portefeuille d\u2019offres de Capgemini vers des services plus cr\u00e9ateurs de valeur, associ\u00e9e au renforcement de l&#8217;efficacit\u00e9 op\u00e9rationnelle, s&#8217;est traduite par une augmentation de 40 points de base de la marge brute en d\u00e9pit des pressions inflationnistes et du ralentissement de la croissance.<\/p>\n\n\n\n<p>En cons\u00e9quence, la <strong>marge op\u00e9rationnelle<\/strong><em><sup>* <\/sup><\/em>atteint 13,3% du chiffre d\u2019affaires, soit 2&nbsp;991&nbsp;millions d\u2019euros, en hausse de +4% en valeur par rapport \u00e0 2022. Cette am\u00e9lioration de 30 points de base est sup\u00e9rieure \u00e0 l&#8217;objectif d\u2019une progression de 0 \u00e0 20&nbsp;points de base fix\u00e9 pour 2023.<\/p>\n\n\n\n<p>Les <strong>autres produits et charges op\u00e9rationnels<\/strong> repr\u00e9sentent une charge nette de 645 millions d\u2019euros, contre 474 millions d\u2019euros en 2022. Cette hausse s&#8217;explique principalement par une augmentation de 97&nbsp;millions d&#8217;euros des charges de restructuration, et par une \u00e9volution de la pratique de place prescrite par l\u2019Autorit\u00e9 des normes comptables (ANC) qui a entra\u00een\u00e9 une charge suppl\u00e9mentaire de 63 millions d&#8217;euros &#8211; sans impact sur la tr\u00e9sorerie &#8211; li\u00e9e au plan annuel d&#8217;actionnariat salari\u00e9 (ESOP).<\/p>\n\n\n\n<p>Le <strong>r\u00e9sultat d\u2019exploitation<\/strong> de Capgemini s\u2019\u00e9tablit \u00e0 2&nbsp;346 millions d\u2019euros, soit 10,4% du chiffre d\u2019affaires, contre 2 393 millions d\u2019euros en 2022.<\/p>\n\n\n\n<p>Le <strong>r\u00e9sultat financier <\/strong>repr\u00e9sente une charge de 42 millions d\u2019euros, contre 129 millions d\u2019euros en 2022, cette \u00e9volution refl\u00e9tant principalement l\u2019augmentation des int\u00e9r\u00eats per\u00e7us dans un contexte de hausse des taux.<\/p>\n\n\n\n<p>La <strong>charge d\u2019imp\u00f4t <\/strong>s\u2019\u00e9l\u00e8ve \u00e0 626 millions d\u2019euros contre 710 millions d\u2019euros en 2022. Le taux effectif d\u2019imp\u00f4t baisse l\u00e9g\u00e8rement \u00e0 27,2%, contre 28,1% en 2022 (hors la charge d\u2019imp\u00f4t de 73 millions d\u2019euros li\u00e9e \u00e0 l\u2019effet de la r\u00e9forme fiscale am\u00e9ricaine).<\/p>\n\n\n\n<p>Apr\u00e8s la prise en compte du r\u00e9sultat des entreprises associ\u00e9es et des int\u00e9r\u00eats minoritaires, le <strong>r\u00e9sultat net part du Groupe <\/strong>s\u2019inscrit en hausse de +7% sur un an pour atteindre 1&nbsp;663 millions d\u2019euros. Le <strong>b\u00e9n\u00e9fice par action (non dilu\u00e9)<\/strong> progresse \u00e9galement de +7% \u00e0 9,70 euros. <strong>Le r\u00e9sultat normalis\u00e9 par action<\/strong>*atteint 12,44 euros, compar\u00e9 \u00e0 11,09 euros en 2022 et 11,52 euros avant reconnaissance de la charge d\u2019imp\u00f4t li\u00e9e \u00e0 l\u2019effet de la r\u00e9forme fiscale am\u00e9ricaine.<\/p>\n\n\n\n<p><strong>Le <em>free cash-flow<\/em> organique<\/strong><em><sup>* <\/sup><\/em>s\u2019\u00e9l\u00e8ve \u00e0 1&nbsp;963 millions d\u2019euros, un montant sup\u00e9rieur \u00e0 l\u2019objectif d\u2019\u00ab&nbsp;environ 1,8&nbsp;milliard d\u2019euros&nbsp;\u00bb fix\u00e9 pour l\u2019exercice. En 2023, Capgemini a consacr\u00e9 \u00e0 ses op\u00e9rations de croissance externe un montant de 343 millions d\u2019euros. Le Groupe a vers\u00e9 559&nbsp;millions d\u2019euros de dividendes (correspondant \u00e0 3,25&nbsp;euros par action) et allou\u00e9 883&nbsp;millions d\u2019euros hors frais aux programmes de rachats d\u2019actions. Enfin, le 10<sup>\u00e8me <\/sup>plan d\u2019actionnariat salari\u00e9, qui a rencontr\u00e9 un fort succ\u00e8s et ainsi contribu\u00e9 \u00e0 maintenir l\u2019actionnariat salari\u00e9 entre 8 et 9% du capital, a donn\u00e9 lieu \u00e0 une augmentation de capital d\u2019un montant brut de 467 millions d\u2019euros.<\/p>\n\n\n\n<p>Le Conseil d\u2019Administration a d\u00e9cid\u00e9 de proposer \u00e0 l\u2019Assembl\u00e9e G\u00e9n\u00e9rale du 16 mai 2024 le versement d\u2019un dividende de 3,40 euros par action. Le taux de distribution du r\u00e9sultat net, part du Groupe, s\u2019\u00e9tablirait ainsi \u00e0 35% conform\u00e9ment \u00e0 la politique historique de distribution du Groupe.<\/p>\n\n\n\n<h4 class=\"wp-block-heading\" id=\"h-evolution-de-l-activite-par-regions\">\u00c9VOLUTION DE L\u2019ACTIVIT\u00c9 PAR R\u00c9GIONS<\/h4>\n\n\n\n<p>A taux de change constants, l\u2019activit\u00e9 de la r\u00e9gion <strong>Royaume-Uni et Irlande <\/strong>(12% du chiffre d\u2019affaires du Groupe) a conserv\u00e9 en 2023 une dynamique solide avec une croissance de +7,9%. Cette performance a \u00e9t\u00e9 principalement aliment\u00e9e par le Secteur Public ainsi que les secteurs des Biens de Consommation &amp; Commerce et de l\u2019Industrie, tandis que les activit\u00e9s des Services Financiers et des TMT sont rest\u00e9es quasiment stables par rapport \u00e0 2022. Le taux de marge op\u00e9rationnelle a atteint un niveau record de 18,6&nbsp;%, contre 18,0% en 2022.<\/p>\n\n\n\n<p>L\u2019activit\u00e9 de la r\u00e9gion <strong>Reste de l\u2019Europe <\/strong>(30% du Groupe) est \u00e9galement rest\u00e9e bien orient\u00e9e avec une croissance de +7,6%, port\u00e9e pour l\u2019essentiel par le Secteur Public et l\u2019Industrie. Le secteur \u00c9nergie &amp; <em>Utilities<\/em> s\u2019est aussi montr\u00e9 dynamique, tandis que la croissance des Services Financiers a \u00e9t\u00e9 limit\u00e9e. Le taux de marge op\u00e9rationnelle s\u2019est \u00e9tabli \u00e0 11,7% contre 11,6% l\u2019ann\u00e9e pr\u00e9c\u00e9dente.<\/p>\n\n\n\n<p>La <strong>France<\/strong> (20% du Groupe) a enregistr\u00e9 une hausse de chiffre d\u2019affaires de +6,1%, port\u00e9 en premier lieu par une forte croissance dans les secteurs de l\u2019Industrie et des Biens de Consommation &amp; Commerce. Le secteur des TMT est le seul en repli en 2023. Le taux de marge op\u00e9rationnelle s\u2019est am\u00e9lior\u00e9 de 50 points de base par rapport \u00e0 l\u2019ann\u00e9e pr\u00e9c\u00e9dente, pour atteindre 12,6%.<\/p>\n\n\n\n<p>\u00c0 l\u2019inverse, le chiffre d\u2019affaires de la r\u00e9gion <strong>Am\u00e9rique du Nord <\/strong>(29% du Groupe) s\u2019est inscrit en l\u00e9ger recul de -1,3%. Le secteur de l\u2019Industrie et celui des Services enregistrent une croissance solide. La baisse du chiffre d&#8217;affaires a \u00e9t\u00e9 particuli\u00e8rement visible dans les secteurs des TMT et des Biens de consommation &amp; Commerce, mais plus limit\u00e9e dans celui des Services Financiers. Le taux de marge op\u00e9rationnelle de la r\u00e9gion s\u2019est \u00e9lev\u00e9 \u00e0 15,6% comme en 2022.<\/p>\n\n\n\n<p>Enfin le chiffre d\u2019affaires de la r\u00e9gion <strong>Asie-Pacifique et Am\u00e9rique latine <\/strong>(9% du Groupe) a affich\u00e9 une croissance de +4,6%. Cette croissance a \u00e9t\u00e9 principalement port\u00e9e par la r\u00e9gion Asie-Pacifique au sein de laquelle les secteurs des Biens de consommation &amp; Commerce, des Services, de l\u2019Industrie et le Secteur Public ont connu des taux de croissance \u00e0 deux chiffres. Le secteur des Services Financiers est rest\u00e9 pratiquement stable tandis que celui des TMT a enregistr\u00e9 un repli important. Le taux de marge op\u00e9rationnelle a nettement progress\u00e9 pour atteindre 12,2%, contre 10,6% un an plus t\u00f4t.<\/p>\n\n\n\n<h4 class=\"wp-block-heading\" id=\"h-evolution-de-l-activite-par-metiers\">\u00c9VOLUTION DE L\u2019ACTIVIT\u00c9 PAR M\u00c9TIERS<\/h4>\n\n\n\n<p>A taux de change constants, le chiffre d&#8217;affaires total<sup>*<\/sup> des activit\u00e9s de conseil en <strong>Strat\u00e9gie &amp; Transformation<\/strong> (9% du chiffre d\u2019affaires du Groupe) a affich\u00e9 une hausse de +8,6% en 2023. Cette dynamique toujours soutenue illustre la force du positionnement du groupe en tant que partenaire strat\u00e9gique des ambitions num\u00e9riques et durables de ses clients.<\/p>\n\n\n\n<p>Les services en <strong>Applications &amp; Technologie<\/strong> (62% du Groupe et c\u0153ur d\u2019activit\u00e9 de Capgemini) ont vu leur chiffre d\u2019affaires total progresser de +4,5%.<\/p>\n\n\n\n<p>Enfin, les services d\u2019<strong>Op\u00e9rations&nbsp;<\/strong>et d\u2019<strong>Ing\u00e9nierie<\/strong>&nbsp;(29% du Groupe) ont enregistr\u00e9 une croissance de leur chiffre d\u2019affaires total de +2,8%.<\/p>\n\n\n\n<h4 class=\"wp-block-heading\" id=\"h-evolution-de-l-activite-au-4-eme-trimestre\">\u00c9VOLUTION DE L\u2019ACTIVIT\u00c9 AU 4<sup>\u00e8me<\/sup> TRIMESTRE<\/h4>\n\n\n\n<p>Comme pr\u00e9vu, la d\u00e9c\u00e9l\u00e9ration progressive de la croissance du chiffre d&#8217;affaires de Capgemini, observ\u00e9e depuis le d\u00e9but de l&#8217;ann\u00e9e, s&#8217;est poursuivie au 4<sup>\u00e8me<\/sup> trimestre. Le chiffre d\u2019affaires du Groupe s\u2019\u00e9l\u00e8ve \u00e0 5 616 millions d\u2019euros, quasi-stable \u00e0 -0,2% \u00e0 taux de change constants et \u00e0 -0,9% en organique.<\/p>\n\n\n\n<p>A taux de change constants, l\u2019activit\u00e9 de la r\u00e9gion Royaume-Uni et Irlande a progress\u00e9 de +2,7%, soutenue par une croissance assez g\u00e9n\u00e9ralis\u00e9e mais frein\u00e9e par un ralentissement marqu\u00e9 dans les secteurs des Services Financiers et des TMT. La croissance du chiffre d&#8217;affaires de la r\u00e9gion Reste de l&#8217;Europe, qui s&#8217;est \u00e9galement \u00e9lev\u00e9e \u00e0 +2,7%, a \u00e9t\u00e9 tir\u00e9e par la solide dynamique du secteur <a>\u00c9<\/a>nergie &amp; <em>Utilities <\/em>et du Secteur Public. En France, les secteurs de l\u2019Industrie et \u00c9nergie &amp; <em>Utilities <\/em>ont fait progresser le chiffre d\u2019affaires de +2,5%. Avec un chiffre d&#8217;affaires en baisse de -6,6% sur un an, la d\u00e9c\u00e9l\u00e9ration de la r\u00e9gion Am\u00e9rique du Nord par rapport aux taux de croissance du 3<sup>\u00e8me<\/sup> trimestre (-4,0% sur un an) est en ligne avec la moyenne du Groupe, les plus fortes baisses de chiffre d&#8217;affaires \u00e9tant enregistr\u00e9es dans les secteurs des Biens de Consommation &amp; Commerce et des TMT. Enfin, le chiffre d&#8217;affaires de la r\u00e9gion Asie-Pacifique et Am\u00e9rique latine a progress\u00e9 de +1,1% malgr\u00e9 le recul visible des secteurs des Services Financiers et des TMT, gr\u00e2ce \u00e0 une croissance solide dans la plupart des autres secteurs.<\/p>\n\n\n\n<p>Au 4<sup>\u00e8me <\/sup>trimestre 2023, les prises de commandes ont enregistr\u00e9 une hausse de +1,7% \u00e0 taux de change constants pour atteindre 6&nbsp;643 millions d\u2019euros, correspondant \u00e0 un ratio \u00ab <em>book-to-bill<\/em> \u00bb de 1,18.<\/p>\n\n\n\n<h4 class=\"wp-block-heading\" id=\"h-evolution-des-effectifs\">\u00c9VOLUTION DES EFFECTIFS<\/h4>\n\n\n\n<p>Au 31 d\u00e9cembre 2023, l\u2019effectif total du Groupe s\u2019\u00e9tablit \u00e0 340&nbsp;400&nbsp;personnes, en baisse de 5% sur un an.<\/p>\n\n\n\n<p>L\u2019effectif <em>onshore<\/em> d\u00e9cro\u00eet l\u00e9g\u00e8rement pour s\u2019\u00e9tablir \u00e0 145&nbsp;800 personnes, soit une baisse de 2% sur un an, et l\u2019effectif <em>offshore<\/em> recule de 7% \u00e0 194&nbsp;600 collaborateurs \u2013 soit 57% de l\u2019effectif total.<\/p>\n\n\n\n<h4 class=\"wp-block-heading\" id=\"h-bilan\">BILAN<\/h4>\n\n\n\n<p>Capgemini a poursuivi le renforcement de sa structure financi\u00e8re en 2023 gr\u00e2ce \u00e0 sa forte g\u00e9n\u00e9ration de tr\u00e9sorerie.<\/p>\n\n\n\n<p>Au 31 d\u00e9cembre 2023, le Groupe dispose d\u2019une tr\u00e9sorerie et d\u2019actifs de gestion de tr\u00e9sorerie pour un montant total de 3,7 milliards d\u2019euros. Compte tenu d\u2019un encours de dettes financi\u00e8res de 5,7 milliards d\u2019euros et des instruments d\u00e9riv\u00e9s, l\u2019endettement net<sup>* <\/sup>du Groupe s\u2019inscrit en baisse \u00e0 2,0 milliards d\u2019euros, contre 2,6 milliards d\u2019euros fin 2022.<\/p>\n\n\n\n<h4 class=\"wp-block-heading\" id=\"h-developpement-durable\">D\u00c9VELOPPEMENT DURABLE<\/h4>\n\n\n\n<p>En ligne avec les engagements de sa <a href=\"https:\/\/investors.capgemini.com\/en\/esg-policy\/\" target=\"_blank\" rel=\"noreferrer noopener\">Politique ESG (Environnement, Social et Gouvernance) <\/a>pr\u00e9sent\u00e9e en d\u00e9cembre 2021, Capgemini a poursuivi ses progr\u00e8s notables en mati\u00e8re de d\u00e9veloppement durable en 2023.<\/p>\n\n\n\n<p>En premier lieu, le Groupe a de nouveau renforc\u00e9 sa position de leader engag\u00e9 dans la promotion de la diversit\u00e9 et de l&#8217;inclusion dans ses diff\u00e9rentes dimensions. Concernant plus sp\u00e9cifiquement la diversit\u00e9 de genre, la repr\u00e9sentation des femmes au sein de l\u2019effectif total de Capgemini atteint 38,8% \u00e0 fin 2023, soit une progression de 1 point sur un an et de pr\u00e8s de 6 points depuis 2019. La proportion de femmes au sein des leaders ex\u00e9cutifs du Groupe progresse \u00e0 26,2%, soit une hausse de 1,8 point sur un an et de plus de 9 points depuis 2019.<\/p>\n\n\n\n<p>En ce qui concerne le d\u00e9veloppement de son capital humain, 17,8 millions d\u2019heures de formation ont \u00e9t\u00e9 dispens\u00e9es aux collaborateurs de Capgemini en 2023 contre 17,4 millions d\u2019heures en 2022. Le nombre moyen d\u2019heures de formation par collaborateur atteint 53,8 heures, soit une hausse de 5% par rapport \u00e0 l\u2019exercice pr\u00e9c\u00e9dent conform\u00e9ment \u00e0 l\u2019engagement du Groupe.<\/p>\n\n\n\n<p>Dans le domaine de l\u2019inclusion num\u00e9rique, l\u2019impact de Capgemini a significativement augment\u00e9 en 2023. Parmi les projets ayant touch\u00e9 le plus de nouveaux b\u00e9n\u00e9ficiaires, le programme Pi Lab permet aux enseignants et \u00e9tudiants indiens d&#8217;acqu\u00e9rir des comp\u00e9tences digitales au travers d\u2019une plateforme technologique facile d\u2019acc\u00e8s. Les diff\u00e9rents programmes et partenariats de Capgemini avec des organisations non gouvernementales de premier plan ont b\u00e9n\u00e9fici\u00e9 \u00e0 pr\u00e8s de 2,5 millions de personnes en 2023, portant ainsi le nombre cumul\u00e9 de b\u00e9n\u00e9ficiaires \u00e0 4,4 millions depuis 2018.<\/p>\n\n\n\n<p>Sur le plan environnemental, rappelons que Capgemini s&#8217;est fix\u00e9 en 2022 des objectifs ambitieux \u00e0 court terme (2030) et \u00e0 long terme (2040) concernant son empreinte carbone. Ces objectifs impliquent notamment une r\u00e9duction de 90% de l&#8217;ensemble de ses \u00e9missions (Scope 1, 2 et 3) d&#8217;ici 2040 pour atteindre ses objectifs \u00ab&nbsp;z\u00e9ro \u00e9missions nettes&nbsp;\u00bb tels que valid\u00e9s par le SBTi (<em>Science-Based Targets initiative<\/em>). \u00c0 fin 2023, les \u00e9missions totales de carbone du Groupe (Scope 1, 2 &amp; 3) ont recul\u00e9 de 30% par rapport \u00e0 2019, ann\u00e9e de r\u00e9f\u00e9rence. En ce qui concerne l\u2019objectif de neutralit\u00e9 carbone sur ses propres op\u00e9rations d\u2019ici 2025, les \u00e9missions de carbone op\u00e9rationnelles<a href=\"#_ftn2\" id=\"_ftnref2\"><sup>[2]<\/sup><\/a> de Capgemini sont en baisse de 47% depuis 2019, et de 75% net de cr\u00e9dits carbone de haute qualit\u00e9. Parmi les autres progr\u00e8s tangibles r\u00e9alis\u00e9s en 2023, la part des \u00e9nergies renouvelables dans la consommation d&#8217;\u00e9lectricit\u00e9 du Groupe a atteint 96% contre 88% en 2022.<\/p>\n\n\n\n<p>En reconnaissance de sa performance ESG soutenue, le maintien du Groupe dans le <em>Dow Jones Sustainability Index (DJSI)<\/em> Europe a \u00e9t\u00e9 confirm\u00e9 en fin d&#8217;ann\u00e9e. Capgemini a \u00e9galement maintenu sa position sur la &#8220;liste A&#8221; du CDP (<em>Carbon Disclosure Project<\/em>) dans son \u00e9valuation 2023, publi\u00e9e d\u00e9but f\u00e9vrier 2024.<\/p>\n\n\n\n<h4 class=\"wp-block-heading\" id=\"h-perspectives\">PERSPECTIVES<\/h4>\n\n\n\n<p>Pour l\u2019exercice 2024, le Groupe vise les objectifs financiers suivants :<\/p>\n\n\n\n<ul class=\"wp-block-list\">\n<li>Une croissance \u00e0 taux de change constants du chiffre d\u2019affaires comprise entre 0% et +3% ;<\/li>\n\n\n\n<li>Une marge op\u00e9rationnelle comprise entre 13,3% et 13,6% ;<\/li>\n\n\n\n<li>Une g\u00e9n\u00e9ration de <em>free cash-flow<\/em> organique d\u2019environ 1,9 milliard d\u2019euros.<\/li>\n<\/ul>\n\n\n\n<p>L\u2019impact des variations de p\u00e9rim\u00e8tre sur la croissance devrait \u00eatre minime en bas de la fourchette vis\u00e9e et jusqu\u2019\u00e0 1 point en haut de fourchette.<\/p>\n\n\n\n<h4 class=\"wp-block-heading\" id=\"h-conference-telephonique\">CONF\u00c9RENCE T\u00c9L\u00c9PHONIQUE<\/h4>\n\n\n\n<p>Aiman Ezzat, Directeur g\u00e9n\u00e9ral, accompagn\u00e9 de Nive Bhagat, Directrice financi\u00e8re, et d\u2019Olivier Sevillia, Directeur g\u00e9n\u00e9ral adjoint, commenteront cette publication au cours d\u2019une conf\u00e9rence t\u00e9l\u00e9phonique qui se d\u00e9roulera en anglais ce jour \u00e0 <strong>8h00 heure de Paris (CET).<\/strong> Cette conf\u00e9rence t\u00e9l\u00e9phonique sera accessible par webcast, en direct et en rediffusion pendant un an, depuis ce <a href=\"https:\/\/edge.media-server.com\/mmc\/p\/y7vzeyp3\/\" target=\"_blank\" rel=\"noreferrer noopener\">lien<\/a>.<\/p>\n\n\n\n<p>L\u2019ensemble des documents relatifs \u00e0 cette publication sera mis en ligne sur le site internet d\u00e9di\u00e9 aux investisseurs de Capgemini \u00e0 l\u2019adresse <a href=\"https:\/\/investors.capgemini.com\/en\/\" target=\"_blank\" rel=\"noreferrer noopener\">https:\/\/investors.capgemini.com\/en\/<\/a>.<\/p>\n\n\n\n<h4 class=\"wp-block-heading\" id=\"h-calendrier-previsionnel\">CALENDRIER PR\u00c9VISIONNEL<\/h4>\n\n\n\n<p>30 avril 2024&nbsp;&nbsp;&nbsp;&nbsp;&nbsp;&nbsp;&nbsp; Chiffre d\u2019affaires du 1<sup>er<\/sup> trimestre 2024<\/p>\n\n\n\n<p>16 mai 2024&nbsp;&nbsp;&nbsp;&nbsp;&nbsp;&nbsp;&nbsp;&nbsp; Assembl\u00e9e G\u00e9n\u00e9rale<\/p>\n\n\n\n<p>26 juillet 2024&nbsp;&nbsp;&nbsp;&nbsp;&nbsp; R\u00e9sultats du 1<sup>er<\/sup> semestre 2024<\/p>\n\n\n\n<p>Le calendrier relatif au paiement du dividende qui sera soumis \u00e0 l\u2019approbation de l\u2019Assembl\u00e9e G\u00e9n\u00e9rale serait le suivant :<\/p>\n\n\n\n<p>29 mai 2024&nbsp;&nbsp;&nbsp;&nbsp;&nbsp;&nbsp;&nbsp;&nbsp; D\u00e9tachement du coupon sur Euronext Paris<\/p>\n\n\n\n<p>31 mai 2024&nbsp;&nbsp;&nbsp;&nbsp;&nbsp;&nbsp;&nbsp;&nbsp; Mise en paiement du dividende<\/p>\n\n\n\n<h4 class=\"wp-block-heading\" id=\"h-avertissement\">AVERTISSEMENT<\/h4>\n\n\n\n<p>Le pr\u00e9sent communiqu\u00e9 de presse est susceptible de contenir des informations prospectives. Ces informations peuvent comprendre des projections, des estimations, des hypoth\u00e8ses, des informations concernant des projets, des objectifs, des intentions et\/ou des attentes portant sur des r\u00e9sultats financiers futurs, des \u00e9v\u00e8nements, des op\u00e9rations, le d\u00e9veloppement de services et de produits futurs, ainsi que des informations relatives \u00e0 des performances ou \u00e0 des \u00e9v\u00e8nements futurs. Ces informations prospectives sont g\u00e9n\u00e9ralement reconnaissables \u00e0 l\u2019emploi des termes \u00ab s\u2019attendre \u00e0 \u00bb, \u00ab anticiper \u00bb, \u00ab penser que \u00bb, \u00ab avoir l\u2019intention de \u00bb, \u00ab estimer \u00bb, \u00ab pr\u00e9voir \u00bb, \u00ab projeter \u00bb, \u00ab pourrait \u00bb, \u00ab devrait \u00bb ou \u00e0 l\u2019emploi de la forme n\u00e9gative de ces termes et \u00e0 d\u2019autres expressions de m\u00eame nature. La direction de Capgemini consid\u00e8re actuellement que ces informations prospectives traduisent des attentes raisonnables ; la soci\u00e9t\u00e9 alerte cependant les investisseurs sur le fait que ces informations prospectives sont soumises \u00e0 des risques et incertitudes (y compris, notamment, les risques identifi\u00e9s dans le Document d\u2019Enregistrement Universel de Capgemini, disponible sur le site internet de Capgemini), \u00e9tant donn\u00e9 qu\u2019elles ont trait \u00e0 des \u00e9v\u00e8nements futurs et d\u00e9pendent des circonstances futures dont la r\u00e9alisation est incertaine et qui peuvent diff\u00e9rer de ceux anticip\u00e9s, souvent difficilement pr\u00e9visibles et g\u00e9n\u00e9ralement en dehors du contr\u00f4le de Capgemini. Les r\u00e9sultats et les \u00e9v\u00e8nements r\u00e9els sont susceptibles de diff\u00e9rer significativement, de ceux qui sont exprim\u00e9s, impliqu\u00e9s ou projet\u00e9s dans les informations prospectives. Les informations prospectives ne donnent aucune garantie de r\u00e9alisation d\u2019\u00e9v\u00e8nements ou de r\u00e9sultats futurs et n\u2019ont pas cette vocation. Capgemini ne prend aucun engagement de mettre \u00e0 jour ou de r\u00e9viser les informations prospectives sous r\u00e9serve de ses obligations l\u00e9gales.<\/p>\n\n\n\n<p>Le pr\u00e9sent communiqu\u00e9 de presse ne constitue pas une offre d\u2019instruments financiers au public et ne contient pas d\u2019invitation ou d\u2019incitation \u00e0 investir dans des instruments financiers en France, aux \u00c9tats-Unis ou n\u2019importe quel autre pays.<strong><\/strong><\/p>\n\n\n\n<h4 class=\"wp-block-heading\" id=\"h-a-propos-de-capgemini\">\u00c0 PROPOS DE CAPGEMINI<\/h4>\n\n\n\n<p>Capgemini, partenaire de la transformation business et technologique de ses clients, les accompagne dans leur transition vers un monde plus digital et durable, tout en cr\u00e9ant un impact positif pour la soci\u00e9t\u00e9. Le Groupe, responsable et multiculturel, rassemble 340 000 collaborateurs dans plus de 50 pays. Depuis plus de 55 ans, ses clients lui font confiance pour r\u00e9pondre \u00e0 l\u2019ensemble de leurs besoins gr\u00e2ce \u00e0 la technologie. Capgemini propose des services et solutions de bout en bout, allant de la strat\u00e9gie et du design jusqu\u2019\u00e0 l\u2019ing\u00e9nierie, en tirant parti de ses comp\u00e9tences de pointe en intelligence artificielle, en cloud, et en data, ainsi que de son expertise sectorielle et de son \u00e9cosyst\u00e8me de partenaires. Le Groupe a r\u00e9alis\u00e9 un chiffre d\u2019affaires de 22,5 milliards d\u2019euros en 2023.<em><\/em><\/p>\n\n\n\n<p><em>Get the Future You Want<sup>*<\/sup><\/em><sup> <\/sup>| <a href=\"http:\/\/www.capgemini.com\/#_blank\">www.capgemini.com<\/a><\/p>\n\n\n\n<p><em>*Capgemini, le futur que vous voulez<\/em><\/p>\n\n\n\n<hr class=\"wp-block-separator has-alpha-channel-opacity\"\/>\n\n\n\n<h3 class=\"wp-block-heading\" id=\"h-annexes-3\">ANNEXES<a id=\"_ftnref3\" href=\"#_ftn3\">[3]<\/a><\/h3>\n\n\n\n<h4 class=\"wp-block-heading\" id=\"h-taxonomie-metiers\">TAXONOMIE M\u00c9TIERS<\/h4>\n\n\n\n<ul class=\"wp-block-list\">\n<li><strong>Strat\u00e9gie &amp; Transformation <\/strong>comprend l\u2019ensemble des activit\u00e9s de conseil en strat\u00e9gie, innovation et accompagnement de la transformation.<\/li>\n\n\n\n<li><strong>Applications &amp; Technologie <\/strong>regroupe les activit\u00e9s des \u00ab Services applicatifs \u00bb ainsi que les activit\u00e9s connexes, notamment les services de proximit\u00e9 en technologie.<\/li>\n\n\n\n<li><strong>Op\u00e9rations &amp; Ing\u00e9nierie<\/strong> recouvre les autres activit\u00e9s du Groupe, \u00e0 savoir : les <em>Business Services<\/em> (comprenant le <em>Business Process Outsourcing<\/em> et les services transactionnels), l\u2019ensemble des Services d\u2019infrastructure et de <em>Cloud<\/em> et les Services de R&amp;D et d\u2019Ing\u00e9nierie.<\/li>\n<\/ul>\n\n\n\n<h4 class=\"wp-block-heading\" id=\"h-definitions\">D\u00c9FINITIONS<\/h4>\n\n\n\n<p>La <strong>croissance organique <\/strong>du chiffre d\u2019affaires est la croissance calcul\u00e9e <strong>\u00e0 taux de change et p\u00e9rim\u00e8tre constants<\/strong>. Le p\u00e9rim\u00e8tre et les taux de change utilis\u00e9s sont ceux de l\u2019exercice publi\u00e9. Ce sont \u00e9galement les taux de change de l\u2019exercice publi\u00e9 qui sont utilis\u00e9s dans le calcul de la <strong>croissance \u00e0 taux de change constants<\/strong>.<\/p>\n\n\n\n<figure class=\"wp-block-image aligncenter size-full\"><img decoding=\"async\" src=\"https:\/\/www.capgemini.com\/fr-fr\/wp-content\/uploads\/sites\/6\/2024\/02\/FY-result-2023-FR-02.png\" alt=\"\" class=\"wp-image-743130\"\/><\/figure>\n\n\n\n<p>Pour l\u2019\u00e9volution de l\u2019activit\u00e9 par m\u00e9tier, conform\u00e9ment aux indicateurs internes de performance op\u00e9rationnelle, la croissance \u00e0 taux de change constants est calcul\u00e9e sur la base du <strong>chiffre d\u2019affaires total<\/strong>, c\u2019est-\u00e0-dire avant \u00e9limination des facturations inter-m\u00e9tiers. Le Groupe consid\u00e8re en effet que cela est plus repr\u00e9sentatif du niveau d\u2019activit\u00e9 par m\u00e9tier car, avec l\u2019\u00e9volution de son activit\u00e9, le Groupe constate un nombre croissant de contrats dont la mise en \u0153uvre requiert la combinaison de diff\u00e9rentes expertises m\u00e9tiers entra\u00eenant une augmentation des flux de facturation inter-m\u00e9tiers.<\/p>\n\n\n\n<p>La <strong>marge op\u00e9rationnelle<\/strong>, un des principaux indicateurs de la performance du Groupe est la diff\u00e9rence entre le chiffre d\u2019affaires et les charges op\u00e9rationnelles. Elle est calcul\u00e9e avant les \u00ab autres produits et charges op\u00e9rationnels \u00bb qui comprennent les amortissements des actifs incorporels reconnus dans le cadre des regroupements d\u2019entreprises, les charges li\u00e9es \u00e0 la r\u00e9mun\u00e9ration en action (y compris les charges sociales et contributions patronales) et au plan d\u2019actionnariat salari\u00e9, ainsi que des charges ou produits non r\u00e9currents, notamment les d\u00e9pr\u00e9ciations des \u00e9carts d\u2019acquisition, les \u00e9carts d\u2019acquisition n\u00e9gatifs, les plus ou moins-values de cession de soci\u00e9t\u00e9s consolid\u00e9es ou d\u2019activit\u00e9s, les charges de restructuration aff\u00e9rentes \u00e0 des plans approuv\u00e9s par les organes de Direction du Groupe, les co\u00fbts d\u2019acquisition et d\u2019int\u00e9gration des soci\u00e9t\u00e9s acquises par le Groupe y compris les compl\u00e9ments de prix incluant des conditions de pr\u00e9sence, ainsi que les effets des r\u00e9ductions, des liquidations et des transferts des r\u00e9gimes de retraites \u00e0 prestations d\u00e9finies.<\/p>\n\n\n\n<p>Le r\u00e9sultat net normalis\u00e9 correspond au r\u00e9sultat net (part du Groupe) corrig\u00e9 des impacts des \u00e9l\u00e9ments reconnus en \u00ab autres produits et charges op\u00e9rationnels \u00bb, net d\u2019imp\u00f4t calcul\u00e9 sur la base du taux effectif d\u2019imp\u00f4t. Le <strong>r\u00e9sultat normalis\u00e9 par action <\/strong>est calcul\u00e9 comme un r\u00e9sultat de base par action, c&#8217;est-\u00e0-dire hors dilution.<\/p>\n\n\n\n<p>Le <strong><em>free cash-flow<\/em> organique <\/strong>se d\u00e9finit comme le flux de tr\u00e9sorerie li\u00e9 \u00e0 l\u2019activit\u00e9 diminu\u00e9 des investissements en immobilisations incorporelles et corporelles (nets des cessions), des remboursements des dettes de loyers et ajust\u00e9 des int\u00e9r\u00eats financiers pay\u00e9s et re\u00e7us.<\/p>\n\n\n\n<p>L\u2019<strong>endettement net <\/strong>(ou la <strong>tr\u00e9sorerie nette<\/strong>) comprend (i) la tr\u00e9sorerie qui figure dans le tableau des flux de tr\u00e9sorerie et qui est compos\u00e9e de la tr\u00e9sorerie et \u00e9quivalents de tr\u00e9sorerie (placements \u00e0 court terme et banques) diminu\u00e9s des d\u00e9couverts bancaires, ainsi que (ii) des actifs de gestion de tr\u00e9sorerie (actifs pr\u00e9sent\u00e9s s\u00e9par\u00e9ment dans l\u2019\u00e9tat de la situation financi\u00e8re du fait de leurs caract\u00e9ristiques), diminu\u00e9s (iii) des dettes financi\u00e8res \u00e0 court et long terme et tient \u00e9galement compte (iv) de l\u2019impact des instruments de couverture lorsqu\u2019ils se rapportent \u00e0 des dettes financi\u00e8res, des pr\u00eats et emprunts intragroupes, et \u00e0 des actions propres.<\/p>\n\n\n\n<h4 class=\"wp-block-heading\" id=\"h-evolution-de-l-activite-par-region\">\u00c9VOLUTION DE L\u2019ACTIVIT\u00c9 PAR R\u00c9GION<\/h4>\n\n\n\n<figure class=\"wp-block-image aligncenter size-full\"><img decoding=\"async\" src=\"https:\/\/www.capgemini.com\/fr-fr\/wp-content\/uploads\/sites\/6\/2024\/02\/FY-result-2023-FR-03.png\" alt=\"\" class=\"wp-image-743131\"\/><\/figure>\n\n\n\n<div style=\"height:20px\" aria-hidden=\"true\" class=\"wp-block-spacer\"><\/div>\n\n\n\n<h4 class=\"wp-block-heading\" id=\"h-evolution-de-l-activite-par-metier\">\u00c9VOLUTION DE L\u2019ACTIVIT\u00c9 PAR M\u00c9TIER<\/h4>\n\n\n\n<figure class=\"wp-block-image aligncenter size-full\"><img decoding=\"async\" src=\"https:\/\/www.capgemini.com\/fr-fr\/wp-content\/uploads\/sites\/6\/2024\/02\/FY-result-2023-FR-04.png\" alt=\"\" class=\"wp-image-743132\"\/><\/figure>\n\n\n\n<div style=\"height:20px\" aria-hidden=\"true\" class=\"wp-block-spacer\"><\/div>\n\n\n\n<h4 class=\"wp-block-heading\" id=\"h-compte-de-resultat-synthetique-et-marge-operationnelle\">COMPTE DE R\u00c9SULTAT SYNTH\u00c9TIQUE ET MARGE OP\u00c9RATIONNELLE<\/h4>\n\n\n\n<figure class=\"wp-block-image aligncenter size-full\"><img decoding=\"async\" src=\"https:\/\/www.capgemini.com\/fr-fr\/wp-content\/uploads\/sites\/6\/2024\/02\/FY-result-2023-FR-05.png\" alt=\"\" class=\"wp-image-743133\"\/><\/figure>\n\n\n\n<div style=\"height:20px\" aria-hidden=\"true\" class=\"wp-block-spacer\"><\/div>\n\n\n\n<h4 class=\"wp-block-heading\" id=\"h-resultat-normalise-et-resultat-dilue-par-action\">R\u00c9SULTAT NORMALIS\u00c9 ET R\u00c9SULTAT DILU\u00c9 PAR ACTION<\/h4>\n\n\n\n<figure class=\"wp-block-image aligncenter size-full\"><img decoding=\"async\" src=\"https:\/\/www.capgemini.com\/fr-fr\/wp-content\/uploads\/sites\/6\/2024\/02\/FY-result-2023-FR-06.png\" alt=\"\" class=\"wp-image-743134\"\/><\/figure>\n\n\n\n<p>Le Groupe a reconnu en 2022 une charge d\u2019imp\u00f4t de 73 millions d\u2019euros li\u00e9e \u00e0 l\u2019effet de la r\u00e9forme fiscale am\u00e9ricaine. En tenant compte du nombre moyen d\u2019actions en circulation, cela repr\u00e9sente un montant de 0,43&nbsp;euro par action. Ajust\u00e9 de ce charge, le r\u00e9sultat normalis\u00e9 par action s\u2019\u00e9tablissait donc \u00e0 11,52 euros.<\/p>\n\n\n\n<h4 class=\"wp-block-heading\" id=\"h-variation-de-tresorerie-et-free-cash-flow-organique\">VARIATION DE TR\u00c9SORERIE ET <em>FREE CASH-FLOW<\/em> ORGANIQUE<\/h4>\n\n\n\n<figure class=\"wp-block-image aligncenter size-full\"><img decoding=\"async\" src=\"https:\/\/www.capgemini.com\/fr-fr\/wp-content\/uploads\/sites\/6\/2024\/02\/FY-result-2023-FR-07.png\" alt=\"\" class=\"wp-image-743135\"\/><\/figure>\n\n\n\n<div style=\"height:20px\" aria-hidden=\"true\" class=\"wp-block-spacer\"><\/div>\n\n\n\n<h4 class=\"wp-block-heading\" id=\"h-endettement-net\">ENDETTEMENT NET<\/h4>\n\n\n\n<figure class=\"wp-block-image aligncenter size-full\"><img decoding=\"async\" src=\"https:\/\/www.capgemini.com\/fr-fr\/wp-content\/uploads\/sites\/6\/2024\/02\/FY-result-2023-FR-08.png\" alt=\"\" class=\"wp-image-743136\"\/><\/figure>\n\n\n\n<div style=\"height:20px\" aria-hidden=\"true\" class=\"wp-block-spacer\"><\/div>\n\n\n\n<h4 class=\"wp-block-heading\" id=\"h-performance-esg\">PERFORMANCE ESG<\/h4>\n\n\n\n<figure class=\"wp-block-image aligncenter size-full\"><img decoding=\"async\" src=\"https:\/\/www.capgemini.com\/fr-fr\/wp-content\/uploads\/sites\/6\/2024\/02\/FY-result-2023-FR-09.png\" alt=\"\" class=\"wp-image-743137\"\/><\/figure>\n\n\n\n<p>Note 1 : Dans le tableau ci-dessus, les donn\u00e9es pour 2023 peuvent inclure des estimations et certaines donn\u00e9es historiques sont retrait\u00e9es pour assurer la comparabilit\u00e9.<\/p>\n\n\n\n<p>Note2&nbsp;: En 2023, les \u00e9missions li\u00e9es au d\u00e9placements quotidiens et professionnels des collaborateurs ont augment\u00e9 par rapport \u00e0 2022 sous l\u2019effet du retour progressif au bureau et aux voyages post-pand\u00e9mie.<\/p>\n\n\n\n<hr class=\"wp-block-separator has-alpha-channel-opacity\"\/>\n\n\n\n<p><a href=\"#_ftnref1\" id=\"_ftn1\">[1]<\/a> Les comptes consolid\u00e9s ont \u00e9t\u00e9 audit\u00e9s et le rapport de certification est en cours d\u2019\u00e9mission.<\/p>\n\n\n\n<p><a href=\"#_ftnref2\" id=\"_ftn2\">[2]<\/a> Correspondant aux Scopes 1 et 2, et au Scope 3 incluant&nbsp;les \u00e9missions li\u00e9es aux d\u00e9placements quotidiens et professionnels des collaborateurs mais excluant celles provenant des biens et services acquis.<\/p>\n\n\n\n<p><a id=\"_ftn3\" href=\"#_ftnref3\">[3]<\/a> Dans ces annexes, l\u2019arrondi d\u2019une somme peut \u00eatre diff\u00e9rent de la somme des arrondis.<\/p>\n\n\n\n<p><a id=\"_ftn1\" href=\"#_ftnref1\">*<\/a> Les termes et indicateurs alternatifs de performance marqu\u00e9s d\u2019un (*) sont d\u00e9finis et\/ou r\u00e9concili\u00e9s en annexe de ce communiqu\u00e9.<\/p>\n<\/div><\/div><\/div><\/div><\/div><\/section>\n\n\n<div class=\"wp-block-cg-blocks-cg-block-related-content\"><section class=\"relatedContentBlock\"><div class=\"container\"><div class=\"row\"><div class=\"content-title col-12 col-md-8\"><h2 class=\"related-content-heading\">Autres publications<\/h2><\/div><\/div><div class=\"row relatedContent\"><div class=\"col-lg-4 col-md-6 col-xs-12\">\n\t\t\t\t\t\t\t<div class=\"box\">\n\t\t\t\t\t\t\t\t<a aria-label=\"Lire la suite R\u00e9sultats de l\u2019ann\u00e9e 2025\" href=\"https:\/\/www.capgemini.com\/ca-fr\/actualites\/communiques-de-presse\/resultats-de-lannee-2025\/\" class=\"anchorWrapper\">\n\t\t\t\t\t\t\t\t\t<span class=\"box-tag\"><span>Actualit\u00e9s financi\u00e8res<\/span><\/span>\n\t\t\t\t\t\t\t\t\t<div class=\"box-title\"><h3 class=\"box-subtitle\">R\u00e9sultats de l\u2019ann\u00e9e 2025<\/h3><\/div>\n\t\t\t\t\t\t\t\t\t<div class=\"box-date\">\n\t\t\t\t\t\t\t\t\t\t<span>Feb 13, 2026<\/span>\n\t\t\t\t\t\t\t\t\t<\/div>\n\t\t\t\t\t\t\t\t\t<div class=\"box-bottom\">\n\t\t\t\t\t\t\t\t\t\t&lt;a class=&quot;link-download&quot; href=&quot;https:\/\/www.capgemini.com\/fr-fr\/wp-content\/uploads\/sites\/6\/2026\/02\/Capgemini_-_2026-02-13-_-2025_Resultats_Annuels.pdf&quot; aria-label=&quot;T\u00e9l\u00e9charger le communiqu\u00e9 de presse&quot; target=&quot;_blank&quot;  type=&quot;download&quot; title=&quot;Opens in a new window&quot;&gt;\n\t\t\t\t\t\t\t&lt;span&gt;T\u00e9l\u00e9charger le communiqu\u00e9 de presse&lt;\/span&gt;\n\t\t\t\t\t\t\t&lt;span&gt;343 KB PDF&lt;\/span&gt;\n\t\t\t\t\t\t&lt;\/a&gt;\n\t\t\t\t\t\t\t\t\t\t<a class=\"more\" aria-label=\"Lire la suite R\u00e9sultats de l\u2019ann\u00e9e 2025\" href=\"https:\/\/www.capgemini.com\/ca-fr\/actualites\/communiques-de-presse\/resultats-de-lannee-2025\/\">Lire la suite<\/a>\n\t\t\t\t\t\t\t\t\t<\/div>\n\t\t\t\t\t\t\t\t<\/a>\n\t\t\t\t\t\t\t<\/div>\n\t\t\t\t\t\t<\/div><div class=\"col-lg-4 col-md-6 col-xs-12\">\n\t\t\t\t\t\t\t<div class=\"box\">\n\t\t\t\t\t\t\t\t<a aria-label=\"Lire la suite Chiffre d\u2019affaires de Capgemini au 3\u00e8me trimestre 2025\" href=\"https:\/\/www.capgemini.com\/ca-fr\/actualites\/communiques-de-presse\/chiffre-daffaires-de-capgemini-au-3eme-trimestre-2025\/\" class=\"anchorWrapper\">\n\t\t\t\t\t\t\t\t\t<span class=\"box-tag\"><span>Actualit\u00e9s financi\u00e8res<\/span><\/span>\n\t\t\t\t\t\t\t\t\t<div class=\"box-title\"><h3 class=\"box-subtitle\">Chiffre d\u2019affaires de Capgemini au 3\u00e8me trimestre 2025<\/h3><\/div>\n\t\t\t\t\t\t\t\t\t<div class=\"box-date\">\n\t\t\t\t\t\t\t\t\t\t<span>Oct 28, 2025<\/span>\n\t\t\t\t\t\t\t\t\t<\/div>\n\t\t\t\t\t\t\t\t\t<div class=\"box-bottom\">\n\t\t\t\t\t\t\t\t\t\t&lt;a class=&quot;link-download&quot; href=&quot;https:\/\/www.capgemini.com\/fr-fr\/wp-content\/uploads\/sites\/6\/2025\/10\/Capgemini_-_2025-10-28_-Chiffre_d_affaires_du_3eme_trimestre_2025.pdf&quot; aria-label=&quot;T\u00e9l\u00e9charger le communiqu\u00e9 de presse&quot; target=&quot;_blank&quot;  type=&quot;download&quot; title=&quot;Opens in a new window&quot;&gt;\n\t\t\t\t\t\t\t&lt;span&gt;T\u00e9l\u00e9charger le communiqu\u00e9 de presse&lt;\/span&gt;\n\t\t\t\t\t\t\t&lt;span&gt;374 KB PDF&lt;\/span&gt;\n\t\t\t\t\t\t&lt;\/a&gt;\n\t\t\t\t\t\t\t\t\t\t<a class=\"more\" aria-label=\"Lire la suite Chiffre d\u2019affaires de Capgemini au 3\u00e8me trimestre 2025\" href=\"https:\/\/www.capgemini.com\/ca-fr\/actualites\/communiques-de-presse\/chiffre-daffaires-de-capgemini-au-3eme-trimestre-2025\/\">Lire la suite<\/a>\n\t\t\t\t\t\t\t\t\t<\/div>\n\t\t\t\t\t\t\t\t<\/a>\n\t\t\t\t\t\t\t<\/div>\n\t\t\t\t\t\t<\/div><div class=\"col-lg-4 col-md-6 col-xs-12\">\n\t\t\t\t\t\t\t<div class=\"box\">\n\t\t\t\t\t\t\t\t<a aria-label=\"Lire la suite Capgemini\u00a0: r\u00e9sultats du 1er semestre 2025\" href=\"https:\/\/www.capgemini.com\/ca-fr\/actualites\/communiques-de-presse\/capgemini-resultats-du-1er-semestre-2025\/\" class=\"anchorWrapper\">\n\t\t\t\t\t\t\t\t\t<span class=\"box-tag\"><span>Actualit\u00e9s financi\u00e8res<\/span><\/span>\n\t\t\t\t\t\t\t\t\t<div class=\"box-title\"><h3 class=\"box-subtitle\">Capgemini\u00a0: r\u00e9sultats du 1er semestre 2025<\/h3><\/div>\n\t\t\t\t\t\t\t\t\t<div class=\"box-date\">\n\t\t\t\t\t\t\t\t\t\t<span>Jul 30, 2025<\/span>\n\t\t\t\t\t\t\t\t\t<\/div>\n\t\t\t\t\t\t\t\t\t<div class=\"box-bottom\">\n\t\t\t\t\t\t\t\t\t\t&lt;a class=&quot;link-download&quot; href=&quot;https:\/\/www.capgemini.com\/fr-fr\/wp-content\/uploads\/sites\/6\/2025\/07\/Capgemini_-_2025-07-30_-_Resultats_du_1er_semestre_2025.pdf&quot; aria-label=&quot;T\u00e9l\u00e9charger le communiqu\u00e9 de presse&quot; target=&quot;_blank&quot;  type=&quot;download&quot; title=&quot;Opens in a new window&quot;&gt;\n\t\t\t\t\t\t\t&lt;span&gt;T\u00e9l\u00e9charger le communiqu\u00e9 de presse&lt;\/span&gt;\n\t\t\t\t\t\t\t&lt;span&gt;415 KB PDF&lt;\/span&gt;\n\t\t\t\t\t\t&lt;\/a&gt;\n\t\t\t\t\t\t\t\t\t\t<a class=\"more\" aria-label=\"Lire la suite Capgemini\u00a0: r\u00e9sultats du 1er semestre 2025\" href=\"https:\/\/www.capgemini.com\/ca-fr\/actualites\/communiques-de-presse\/capgemini-resultats-du-1er-semestre-2025\/\">Lire la suite<\/a>\n\t\t\t\t\t\t\t\t\t<\/div>\n\t\t\t\t\t\t\t\t<\/a>\n\t\t\t\t\t\t\t<\/div>\n\t\t\t\t\t\t<\/div><\/div><\/div><\/section><\/div>","protected":false},"excerpt":{"rendered":"<p>Chiffre d\u2019affaires de 22\u00a0522 millions d\u2019euros, en hausse de +2,4%<\/p>\n","protected":false},"author":33,"featured_media":0,"template":"","meta":{"cg_dt_proposed_to":[],"cg_seo_hreflang_relations":"[]","cg_seo_canonical_relation":"","cg_seo_hreflang_x_default_relation":"{\"uuid\":\"6c97290d-b74e-4743-b32a-b5b36403255d\",\"blogId\":\"\",\"domain\":\"\",\"sitePath\":\"\",\"postLink\":\"\",\"postId\":null,\"isSaved\":true,\"isCrossLink\":false,\"hasCrossLink\":false}","cg_dt_approved_content":true,"cg_dt_mandatory_content":false,"cg_dt_notes":"","cg_dg_source_changed":true,"cg_dt_link_disabled":false,"footnotes":"","related_resource_url":"https:\/\/www.capgemini.com\/fr-fr\/wp-content\/uploads\/sites\/6\/2024\/02\/Capgemini_-_2024-02-14_-_2023_Resultats_Annuels_2023.pdf","related_resource_id":743141,"related_resource_size":"340 KB","related_resource_type":"pdf","cg_author":0,"featured_focal_points":""},"tags":[],"press-release-type":[240],"brand":[],"class_list":["post-702701","press-release","type-press-release","status-publish","hentry","press-release-type-actualites-financieres"],"yoast_head":"<!-- This site is optimized with the Yoast SEO Premium plugin v22.8 (Yoast SEO v22.8) - https:\/\/yoast.com\/wordpress\/plugins\/seo\/ -->\n<title>Capgemini r\u00e9alise une nouvelle performance record en 2023 - Capgemini Canada French<\/title>\n<meta name=\"robots\" content=\"index, follow, max-snippet:-1, max-image-preview:large, max-video-preview:-1\" \/>\n<link rel=\"canonical\" href=\"https:\/\/www.capgemini.com\/ca-fr\/actualites\/communiques-de-presse\/capgemini-realise-une-nouvelle-performance-record-en-2023\/\" \/>\n<meta property=\"og:locale\" content=\"fr_FR\" \/>\n<meta property=\"og:type\" content=\"article\" \/>\n<meta property=\"og:title\" content=\"Capgemini r\u00e9alise une nouvelle performance record en 2023\" \/>\n<meta property=\"og:description\" content=\"Chiffre d\u2019affaires de 22\u00a0522 millions d\u2019euros, en hausse de +2,4%\" \/>\n<meta property=\"og:url\" content=\"https:\/\/www.capgemini.com\/ca-fr\/actualites\/communiques-de-presse\/capgemini-realise-une-nouvelle-performance-record-en-2023\/\" \/>\n<meta property=\"og:site_name\" content=\"Capgemini Canada French\" \/>\n<meta property=\"article:modified_time\" content=\"2025-03-30T04:20:46+00:00\" \/>\n<meta property=\"og:image\" content=\"https:\/\/www.capgemini.com\/ca-fr\/wp-content\/uploads\/sites\/21\/2025\/10\/New-Web-preview-global.jpg\" \/>\n\t<meta property=\"og:image:width\" content=\"1200\" \/>\n\t<meta property=\"og:image:height\" content=\"627\" \/>\n\t<meta property=\"og:image:type\" content=\"image\/jpeg\" \/>\n<meta name=\"twitter:card\" content=\"summary_large_image\" \/>\n<meta name=\"twitter:label1\" content=\"Est. reading time\" \/>\n\t<meta name=\"twitter:data1\" content=\"23 minutes\" \/>\n<script type=\"application\/ld+json\" class=\"yoast-schema-graph\">{\"@context\":\"https:\/\/schema.org\",\"@graph\":[{\"@type\":\"WebPage\",\"@id\":\"https:\/\/www.capgemini.com\/ca-fr\/actualites\/communiques-de-presse\/capgemini-realise-une-nouvelle-performance-record-en-2023\/\",\"url\":\"https:\/\/www.capgemini.com\/ca-fr\/actualites\/communiques-de-presse\/capgemini-realise-une-nouvelle-performance-record-en-2023\/\",\"name\":\"Capgemini r\u00e9alise une nouvelle performance record en 2023 - Capgemini Canada French\",\"isPartOf\":{\"@id\":\"https:\/\/www.capgemini.com\/ca-fr\/#website\"},\"primaryImageOfPage\":{\"@id\":\"https:\/\/www.capgemini.com\/ca-fr\/actualites\/communiques-de-presse\/capgemini-realise-une-nouvelle-performance-record-en-2023\/#primaryimage\"},\"image\":{\"@id\":\"https:\/\/www.capgemini.com\/ca-fr\/actualites\/communiques-de-presse\/capgemini-realise-une-nouvelle-performance-record-en-2023\/#primaryimage\"},\"thumbnailUrl\":\"https:\/\/www.capgemini.com\/fr-fr\/wp-content\/uploads\/sites\/6\/2024\/02\/FY-result-2023-FR-01.png\",\"datePublished\":\"2024-02-14T12:54:20+00:00\",\"dateModified\":\"2025-03-30T04:20:46+00:00\",\"breadcrumb\":{\"@id\":\"https:\/\/www.capgemini.com\/ca-fr\/actualites\/communiques-de-presse\/capgemini-realise-une-nouvelle-performance-record-en-2023\/#breadcrumb\"},\"inLanguage\":\"fr-FR\",\"potentialAction\":[{\"@type\":\"ReadAction\",\"target\":[\"https:\/\/www.capgemini.com\/ca-fr\/actualites\/communiques-de-presse\/capgemini-realise-une-nouvelle-performance-record-en-2023\/\"]}]},{\"@type\":\"ImageObject\",\"inLanguage\":\"fr-FR\",\"@id\":\"https:\/\/www.capgemini.com\/ca-fr\/actualites\/communiques-de-presse\/capgemini-realise-une-nouvelle-performance-record-en-2023\/#primaryimage\",\"url\":\"https:\/\/www.capgemini.com\/fr-fr\/wp-content\/uploads\/sites\/6\/2024\/02\/FY-result-2023-FR-01.png\",\"contentUrl\":\"https:\/\/www.capgemini.com\/fr-fr\/wp-content\/uploads\/sites\/6\/2024\/02\/FY-result-2023-FR-01.png\"},{\"@type\":\"BreadcrumbList\",\"@id\":\"https:\/\/www.capgemini.com\/ca-fr\/actualites\/communiques-de-presse\/capgemini-realise-une-nouvelle-performance-record-en-2023\/#breadcrumb\",\"itemListElement\":[{\"@type\":\"ListItem\",\"position\":1,\"name\":\"Home\",\"item\":\"https:\/\/www.capgemini.com\/ca-fr\/\"},{\"@type\":\"ListItem\",\"position\":2,\"name\":\"Press Releases\",\"item\":\"https:\/\/www.capgemini.com\/ca-fr\/news\/\"},{\"@type\":\"ListItem\",\"position\":3,\"name\":\"Capgemini r\u00e9alise une nouvelle performance record en 2023\"}]},{\"@type\":\"WebSite\",\"@id\":\"https:\/\/www.capgemini.com\/ca-fr\/#website\",\"url\":\"https:\/\/www.capgemini.com\/ca-fr\/\",\"name\":\"Capgemini Canada French\",\"description\":\"Capgemini\",\"potentialAction\":[{\"@type\":\"SearchAction\",\"target\":{\"@type\":\"EntryPoint\",\"urlTemplate\":\"https:\/\/www.capgemini.com\/ca-fr\/?s={search_term_string}\"},\"query-input\":\"required name=search_term_string\"}],\"inLanguage\":\"fr-FR\"}]}<\/script>\n<!-- \/ Yoast SEO Premium plugin. -->","yoast_head_json":{"title":"Capgemini r\u00e9alise une nouvelle performance record en 2023 - Capgemini Canada French","robots":{"index":"index","follow":"follow","max-snippet":"max-snippet:-1","max-image-preview":"max-image-preview:large","max-video-preview":"max-video-preview:-1"},"canonical":"https:\/\/www.capgemini.com\/ca-fr\/actualites\/communiques-de-presse\/capgemini-realise-une-nouvelle-performance-record-en-2023\/","og_locale":"fr_FR","og_type":"article","og_title":"Capgemini r\u00e9alise une nouvelle performance record en 2023","og_description":"Chiffre d\u2019affaires de 22\u00a0522 millions d\u2019euros, en hausse de +2,4%","og_url":"https:\/\/www.capgemini.com\/ca-fr\/actualites\/communiques-de-presse\/capgemini-realise-une-nouvelle-performance-record-en-2023\/","og_site_name":"Capgemini Canada French","article_modified_time":"2025-03-30T04:20:46+00:00","og_image":[{"width":1200,"height":627,"url":"https:\/\/www.capgemini.com\/ca-fr\/wp-content\/uploads\/sites\/21\/2025\/10\/New-Web-preview-global.jpg","type":"image\/jpeg"}],"twitter_card":"summary_large_image","twitter_misc":{"Est. reading time":"23 minutes"},"schema":{"@context":"https:\/\/schema.org","@graph":[{"@type":"WebPage","@id":"https:\/\/www.capgemini.com\/ca-fr\/actualites\/communiques-de-presse\/capgemini-realise-une-nouvelle-performance-record-en-2023\/","url":"https:\/\/www.capgemini.com\/ca-fr\/actualites\/communiques-de-presse\/capgemini-realise-une-nouvelle-performance-record-en-2023\/","name":"Capgemini r\u00e9alise une nouvelle performance record en 2023 - Capgemini Canada French","isPartOf":{"@id":"https:\/\/www.capgemini.com\/ca-fr\/#website"},"primaryImageOfPage":{"@id":"https:\/\/www.capgemini.com\/ca-fr\/actualites\/communiques-de-presse\/capgemini-realise-une-nouvelle-performance-record-en-2023\/#primaryimage"},"image":{"@id":"https:\/\/www.capgemini.com\/ca-fr\/actualites\/communiques-de-presse\/capgemini-realise-une-nouvelle-performance-record-en-2023\/#primaryimage"},"thumbnailUrl":"https:\/\/www.capgemini.com\/fr-fr\/wp-content\/uploads\/sites\/6\/2024\/02\/FY-result-2023-FR-01.png","datePublished":"2024-02-14T12:54:20+00:00","dateModified":"2025-03-30T04:20:46+00:00","breadcrumb":{"@id":"https:\/\/www.capgemini.com\/ca-fr\/actualites\/communiques-de-presse\/capgemini-realise-une-nouvelle-performance-record-en-2023\/#breadcrumb"},"inLanguage":"fr-FR","potentialAction":[{"@type":"ReadAction","target":["https:\/\/www.capgemini.com\/ca-fr\/actualites\/communiques-de-presse\/capgemini-realise-une-nouvelle-performance-record-en-2023\/"]}]},{"@type":"ImageObject","inLanguage":"fr-FR","@id":"https:\/\/www.capgemini.com\/ca-fr\/actualites\/communiques-de-presse\/capgemini-realise-une-nouvelle-performance-record-en-2023\/#primaryimage","url":"https:\/\/www.capgemini.com\/fr-fr\/wp-content\/uploads\/sites\/6\/2024\/02\/FY-result-2023-FR-01.png","contentUrl":"https:\/\/www.capgemini.com\/fr-fr\/wp-content\/uploads\/sites\/6\/2024\/02\/FY-result-2023-FR-01.png"},{"@type":"BreadcrumbList","@id":"https:\/\/www.capgemini.com\/ca-fr\/actualites\/communiques-de-presse\/capgemini-realise-une-nouvelle-performance-record-en-2023\/#breadcrumb","itemListElement":[{"@type":"ListItem","position":1,"name":"Home","item":"https:\/\/www.capgemini.com\/ca-fr\/"},{"@type":"ListItem","position":2,"name":"Press Releases","item":"https:\/\/www.capgemini.com\/ca-fr\/news\/"},{"@type":"ListItem","position":3,"name":"Capgemini r\u00e9alise une nouvelle performance record en 2023"}]},{"@type":"WebSite","@id":"https:\/\/www.capgemini.com\/ca-fr\/#website","url":"https:\/\/www.capgemini.com\/ca-fr\/","name":"Capgemini Canada French","description":"Capgemini","potentialAction":[{"@type":"SearchAction","target":{"@type":"EntryPoint","urlTemplate":"https:\/\/www.capgemini.com\/ca-fr\/?s={search_term_string}"},"query-input":"required name=search_term_string"}],"inLanguage":"fr-FR"}]}},"parsely":{"version":"1.1.0","canonical_url":"https:\/\/capgemini.com\/ca-fr\/actualites\/communiques-de-presse\/capgemini-realise-une-nouvelle-performance-record-en-2023\/","smart_links":{"inbound":0,"outbound":0},"traffic_boost_suggestions_count":0,"meta":{"@context":"https:\/\/schema.org","@type":"NewsArticle","headline":"Capgemini r\u00e9alise une nouvelle performance record en 2023","url":"https:\/\/www.capgemini.com\/ca-fr\/actualites\/communiques-de-presse\/capgemini-realise-une-nouvelle-performance-record-en-2023\/","mainEntityOfPage":{"@type":"WebPage","@id":"https:\/\/www.capgemini.com\/ca-fr\/actualites\/communiques-de-presse\/capgemini-realise-une-nouvelle-performance-record-en-2023\/"},"thumbnailUrl":"","image":{"@type":"ImageObject","url":""},"articleSection":"Uncategorized","author":[],"creator":[],"publisher":{"@type":"Organization","name":"Capgemini Canada French","logo":""},"keywords":[],"dateCreated":"2024-02-14T12:54:20Z","datePublished":"2024-02-14T12:54:20Z","dateModified":"2025-03-30T04:20:46Z"},"rendered":"<meta name=\"parsely-title\" content=\"Capgemini r\u00e9alise une nouvelle performance record en 2023\" \/>\n<meta name=\"parsely-link\" content=\"https:\/\/www.capgemini.com\/ca-fr\/actualites\/communiques-de-presse\/capgemini-realise-une-nouvelle-performance-record-en-2023\/\" \/>\n<meta name=\"parsely-type\" content=\"post\" \/>\n<meta name=\"parsely-pub-date\" content=\"2024-02-14T12:54:20Z\" \/>\n<meta name=\"parsely-section\" content=\"Uncategorized\" \/>","tracker_url":"https:\/\/cdn.parsely.com\/keys\/capgemini.com\/p.js"},"archive_status":false,"featured_image_src":"https:\/\/www.capgemini.com\/ca-fr\/wp-content\/themes\/capgemini2025\/assets\/images\/mockup.png","featured_image_alt":false,"jetpack_sharing_enabled":true,"distributor_meta":false,"distributor_terms":false,"distributor_media":false,"distributor_original_site_name":"Capgemini Canada French","distributor_original_site_url":"https:\/\/www.capgemini.com\/ca-fr","push-errors":false,"tag_names":[],"_links":{"self":[{"href":"https:\/\/www.capgemini.com\/ca-fr\/wp-json\/wp\/v2\/press-release\/702701","targetHints":{"allow":["GET"]}}],"collection":[{"href":"https:\/\/www.capgemini.com\/ca-fr\/wp-json\/wp\/v2\/press-release"}],"about":[{"href":"https:\/\/www.capgemini.com\/ca-fr\/wp-json\/wp\/v2\/types\/press-release"}],"author":[{"embeddable":true,"href":"https:\/\/www.capgemini.com\/ca-fr\/wp-json\/wp\/v2\/users\/33"}],"version-history":[{"count":2,"href":"https:\/\/www.capgemini.com\/ca-fr\/wp-json\/wp\/v2\/press-release\/702701\/revisions"}],"predecessor-version":[{"id":707379,"href":"https:\/\/www.capgemini.com\/ca-fr\/wp-json\/wp\/v2\/press-release\/702701\/revisions\/707379"}],"wp:attachment":[{"href":"https:\/\/www.capgemini.com\/ca-fr\/wp-json\/wp\/v2\/media?parent=702701"}],"wp:term":[{"taxonomy":"post_tag","embeddable":true,"href":"https:\/\/www.capgemini.com\/ca-fr\/wp-json\/wp\/v2\/tags?post=702701"},{"taxonomy":"press-release-type","embeddable":true,"href":"https:\/\/www.capgemini.com\/ca-fr\/wp-json\/wp\/v2\/press-release-type?post=702701"},{"taxonomy":"brand","embeddable":true,"href":"https:\/\/www.capgemini.com\/ca-fr\/wp-json\/wp\/v2\/brand?post=702701"}],"curies":[{"name":"wp","href":"https:\/\/api.w.org\/{rel}","templated":true}]}}