{"id":699042,"date":"2023-05-16T18:30:00","date_gmt":"2023-05-16T18:30:00","guid":{"rendered":"https:\/\/www.capgemini.com\/fr-fr\/?post_type=press-release&#038;p=718642"},"modified":"2025-03-30T04:30:11","modified_gmt":"2025-03-30T04:30:11","slug":"assemblee-generale-du-16-mai-2023","status":"publish","type":"press-release","link":"https:\/\/www.capgemini.com\/ca-fr\/actualites\/communiques-de-presse\/assemblee-generale-du-16-mai-2023\/","title":{"rendered":"Assembl\u00e9e g\u00e9n\u00e9rale du 16 mai 2023"},"content":{"rendered":"\t\t<div class=\"wp-block-cg-blocks-hero-press-release\">\n\t\t\t<header class=\"header-hero-press-release\" role=\"main\" id=\"main-content-press-release\">\n\t\t\t\t<div class=\"container\">\n\t\t\t\t\t<div class=\"hero-press-release\">\n\t\t\t\t\t\t<div class=\"hero-press-release-content-wrapper\">\n\t\t\t\t\t\t\t<div class=\"row\">\n\t\t\t\t\t\t\t\t<div class=\"col-12\">\n\t\t\t\t\t\t\t\t\t<div class=\"header-title\">\n\t\t\t\t\t\t\t\t\t\t<h1>\n\t\t\t\t\t\t\t\t\t\t\tAssembl\u00e9e g\u00e9n\u00e9rale du 16 mai 2023\t\t\t\t\t\t\t\t\t\t<\/h1>\n\t\t\t\t\t\t\t\t\t<\/div>\n\t\t\t\t\t\t\t\t\t<div class=\"header-description\">\n\t\t\t\t\t\t\t\t\t\t<p><\/p>\n\t\t\t\t\t\t\t\t\t<\/div>\n\t\t\t\t\t\t\t\t\t\t\t\t\t\t\t\t\t\t<div class=\"header-date\">\n\t\t\t\t\t\t\t\t\t\t<span>mai 16, 2023<\/span>\n\t\t\t\t\t\t\t\t\t<\/div>\n\t\t\t\t\t\t\t\t<\/div>\n\t\t\t\t\t\t\t<\/div>\n\t\t\t\t\t\t<\/div>\n\t\t\t\t\t\t\t\t\t\t\t\t\t<div class=\"hero-press-release-downloads\">\n\t\t\t\t\t\t\t\t<div class=\"row\">\n\t\t\t\t\t\t\t\t\t\t\t\t\t\t\t\t\t\t\t<div class=\"col-12 col-md-6 col-lg-3\">\n\t\t\t\t\t\t\t\t\t\t\t<a class=\"download-item\" type=\"download\" href=\"https:\/\/www.capgemini.com\/fr-fr\/wp-content\/uploads\/sites\/6\/2023\/05\/Capgemini_-_2023-05-16_-_Assemblee_Generale_2023.pdf\" target=\"_blank\" rel=\"noopener noreferrer\" title=\"Ouvrir dans une nouvelle fen\u00eatre\">\n\t\t\t\t\t\t\t\t\t\t\t\t<div class=\"download-icon\"><\/div>\n\t\t\t\t\t\t\t\t\t\t\t\t<div class=\"download-details\">\n\t\t\t\t\t\t\t\t\t\t\t\t\t<div class=\"download-title\">Download press release<\/div>\n\t\t\t\t\t\t\t\t\t\t\t\t\t<div class=\"download-props\">236 KB  pdf<\/div>\n\t\t\t\t\t\t\t\t\t\t\t\t<\/div>\n\t\t\t\t\t\t\t\t\t\t\t<\/a>\n\t\t\t\t\t\t\t\t\t\t<\/div>\n\t\t\t\t\t\t\t\t\t\t\t\t\t\t\t\t\t\t<\/div>\n\t\t\t\t\t\t\t<\/div>\n\t\t\t\t\t\t\t\t\t\t\t\t\t\t\t\t\t<\/div>\n\t\t\t\t<\/div>\n\t\t\t<\/header>\n\t\t<\/div>\n\t\t\n\n\n<section class=\"wp-block-cg-blocks-group undefined section section--article-content\"><div class=\"article-main-content\"><div class=\"container\"><div class=\"row\"><div class=\"col-12 col-md-1\"><nav class=\"article-social\"><ul class=\"social-nav\"><li class=\"ip-order-fb\"><a href=\"https:\/\/www.facebook.com\/sharer\/sharer.php?=http:\/\/capgeminiucwe.develop\/?post_type=press-release&amp;p=179\" target=\"_blank\" rel=\"noopener noreferrer\" title=\"Ouvrir dans une nouvelle fen\u00eatre\"><i aria-hidden=\"true\" class=\"icon-fb\"><\/i><span class=\"sr-only\">Facebook<\/span><\/a><\/li><li class=\"ip-order-tw\"><a href=\"https:\/\/twitter.com\/intent\/tweet?=http:\/\/capgeminiucwe.develop\/?post_type=press-release&amp;p=179\" target=\"_blank\" rel=\"noopener noreferrer\" title=\"Ouvrir dans une nouvelle fen\u00eatre\"><i aria-hidden=\"true\" class=\"icon-tw\"><\/i><span class=\"sr-only\">Twitter<\/span><\/a><\/li><li class=\"ip-order-li\"><a href=\"https:\/\/www.linkedin.com\/shareArticle?=http:\/\/capgeminiucwe.develop\/?post_type=press-release&amp;p=179\" target=\"_blank\" rel=\"noopener noreferrer\" title=\"Ouvrir dans une nouvelle fen\u00eatre\"><i aria-hidden=\"true\" class=\"icon-li\"><\/i><span class=\"sr-only\">Linkedin<\/span><\/a><\/li><\/ul><\/nav><\/div><div class=\"col-12 col-md-11 col-lg-10\"><div class=\"article-text article-quote-text\">\n<p><strong>Paris, le 16 mai 2023 \u2013 L\u2019Assembl\u00e9e G\u00e9n\u00e9rale des actionnaires de Capgemini SE, tenue ce jour au Pavillon Gabriel \u00e0 Paris, a adopt\u00e9 l\u2019ensemble des r\u00e9solutions soumises au vote.<\/strong><\/p>\n\n\n\n<p>L\u2019Assembl\u00e9e G\u00e9n\u00e9rale de la Soci\u00e9t\u00e9 s\u2019est r\u00e9unie en pr\u00e9sentiel tout en \u00e9tant retransmise en direct sur le site internet de la Soci\u00e9t\u00e9.<\/p>\n\n\n\n<p>Les actionnaires ont adopt\u00e9 la proposition de distribution d\u2019un dividende de 3,25 euros par action au titre de l\u2019exercice 2022, qui sera mis en paiement \u00e0 partir du 1<sup>er<\/sup> juin 2023, avec une date de d\u00e9tachement du coupon fix\u00e9e au 30 mai 2023.<\/p>\n\n\n\n<p>En ce qui concerne la composition du Conseil d\u2019Administration de la Soci\u00e9t\u00e9, Mme Xiaoqun Clever a fait part de son souhait de ne pas renouveler son mandat pour des raisons personnelles. Mme Tanja Rueckert a, quant \u00e0 elle, d\u00e9cid\u00e9 de se retirer du Conseil d&#8217;Administration suite \u00e0 une \u00e9volution de ses responsabilit\u00e9s au sein de Bosch, avec effet \u00e0 l&#8217;issue de l&#8217;Assembl\u00e9e G\u00e9n\u00e9rale du 16 mai 2023. Le Conseil d\u2019Administration a remerci\u00e9 chaleureusement Mmes Clever et Rueckert pour leurs contributions respectives aux travaux du Conseil et de ses Comit\u00e9s durant leur mandat.<\/p>\n\n\n\n<p>L\u2019Assembl\u00e9e G\u00e9n\u00e9rale a approuv\u00e9 la nomination de deux nouvelles administratrices&nbsp;:<\/p>\n\n\n\n<ul class=\"wp-block-list\">\n<li>Mme Megan Clarken<a id=\"_ftnref1\" href=\"#_ftn1\">[1]<\/a> a \u00e9t\u00e9 nomm\u00e9e membre du Conseil d\u2019Administration pour une dur\u00e9e de quatre ans. De nationalit\u00e9 n\u00e9o-z\u00e9landaise, Mme Megan Clarken est <em>Chief Executive Officer<\/em> d\u2019une entreprise technologique mondiale. Tout au long de sa carri\u00e8re, elle a acquis une solide expertise en mati\u00e8re de technologies, de donn\u00e9es et de transformation num\u00e9rique ainsi qu\u2019une exp\u00e9rience dans les secteurs des m\u00e9dias et du commerce de d\u00e9tail. Elle apportera \u00e9galement au Conseil ses comp\u00e9tences en mati\u00e8re d\u2019inclusion et de diversit\u00e9 ainsi que sa connaissance des march\u00e9s aux Etats-Unis et en Asie-Pacifique. Le Conseil a indiqu\u00e9 consid\u00e9rer Mme Clarken comme administratrice ind\u00e9pendante au regard des crit\u00e8res du Code AFEP-MEDEF auquel la Soci\u00e9t\u00e9 se r\u00e9f\u00e8re&nbsp;;<\/li>\n\n\n\n<li>Mme Ulrica Fearn<a href=\"#_ftn2\" id=\"_ftnref2\">[2]<\/a> a \u00e9t\u00e9 nomm\u00e9e membre du Conseil d\u2019Administration pour une dur\u00e9e de quatre ans. De nationalit\u00e9 su\u00e9doise, Mme Ulrica Fearn a acquis tout au long de sa carri\u00e8re une solide exp\u00e9rience financi\u00e8re dans le cadre de multiples postes au sein d\u2019entreprises internationales majeures dans des secteurs qui s\u2019appuient sur la technologie pour leur transformation durable (\u00e9nergie, t\u00e9l\u00e9communication, biens de consommation et commerce). Le Conseil a indiqu\u00e9 consid\u00e9rer Mme Fearn comme administratrice ind\u00e9pendante au regard des crit\u00e8res du Code AFEP-MEDEF auquel la Soci\u00e9t\u00e9 se r\u00e9f\u00e8re.<\/li>\n<\/ul>\n\n\n\n<p>A l\u2019issue de cette Assembl\u00e9e G\u00e9n\u00e9rale, le Conseil d\u2019Administration de Capgemini SE compte ainsi 15&nbsp;administrateurs<a href=\"#_ftn3\" id=\"_ftnref3\">[3]<\/a>, dont deux administrateurs repr\u00e9sentant les salari\u00e9s. Il compte parmi ses membres 83&nbsp;% d\u2019administrateurs d\u2019ind\u00e9pendants<a href=\"#_ftn4\" id=\"_ftnref4\">[4]<\/a>, 40 % d\u2019administrateurs ayant des profils internationaux et 42 % de femmes<a href=\"#_ftn5\" id=\"_ftnref5\">[5]<\/a>. Cette composition refl\u00e8te l\u2019ambition renouvel\u00e9e du Conseil d\u2019enrichir la diversit\u00e9 de ses profils, notamment en termes d\u2019internationalisation, et d\u2019approfondir son expertise sectorielle.<\/p>\n\n\n\n<p>L\u2019Assembl\u00e9e G\u00e9n\u00e9rale a approuv\u00e9 les \u00e9l\u00e9ments de r\u00e9mun\u00e9ration et les avantages vers\u00e9s ou attribu\u00e9s au titre de l\u2019exercice 2022 \u00e0 M. Paul Hermelin, Pr\u00e9sident du Conseil, et \u00e0 M. Aiman Ezzat, Directeur g\u00e9n\u00e9ral. Le rapport sur la r\u00e9mun\u00e9ration des mandataires sociaux ainsi que les diff\u00e9rentes politiques de r\u00e9mun\u00e9ration des dirigeants mandataires sociaux et des administrateurs pour l\u2019exercice 2023 ont \u00e9galement \u00e9t\u00e9 approuv\u00e9s.<\/p>\n\n\n\n<p>Enfin, l\u2019Assembl\u00e9e G\u00e9n\u00e9rale a exprim\u00e9 un vote favorable sur l\u2019ensemble des d\u00e9l\u00e9gations financi\u00e8res consenties au Conseil d\u2019Administration.<\/p>\n\n\n\n<p>Le r\u00e9sultat d\u00e9taill\u00e9 des votes par r\u00e9solution ainsi que la retransmission int\u00e9grale de l\u2019Assembl\u00e9e G\u00e9n\u00e9rale sont disponibles sur le site internet de la Soci\u00e9t\u00e9&nbsp;: <a href=\"https:\/\/investors.capgemini.com\/fr\/event\/assemblee-generale-2023\/\">https:\/\/investors.capgemini.com\/fr\/event\/assemblee-generale-2023\/.<\/a><\/p>\n\n\n\n<p><strong>AVERTISSEMENT<\/strong><\/p>\n\n\n\n<p>Le pr\u00e9sent communiqu\u00e9 de presse est susceptible de contenir des informations prospectives. Ces informations peuvent comprendre des projections, des estimations, des hypoth\u00e8ses, des informations concernant des projets, des objectifs, des intentions et\/ou des attentes portant sur des r\u00e9sultats financiers futurs, des \u00e9v\u00e8nements, des op\u00e9rations, le d\u00e9veloppement de services et de produits futurs, ainsi que des informations relatives \u00e0 des performances ou \u00e0 des \u00e9v\u00e8nements futurs. Ces informations prospectives sont g\u00e9n\u00e9ralement reconnaissables \u00e0 l\u2019emploi des termes \u00ab&nbsp;s\u2019attendre \u00e0&nbsp;\u00bb, \u00ab&nbsp;anticiper&nbsp;\u00bb, \u00ab&nbsp;penser que&nbsp;\u00bb, \u00ab&nbsp;avoir l\u2019intention de&nbsp;\u00bb, \u00ab&nbsp;estimer&nbsp;\u00bb, \u00ab&nbsp;pr\u00e9voir&nbsp;\u00bb, \u00ab&nbsp;projeter&nbsp;\u00bb, \u00ab&nbsp;pourrait&nbsp;\u00bb, \u00ab&nbsp;devrait&nbsp;\u00bb ou \u00e0 l\u2019emploi de la forme n\u00e9gative de ces termes et \u00e0 d\u2019autres expressions de m\u00eame nature. La direction de Capgemini consid\u00e8re actuellement que ces informations prospectives traduisent des attentes raisonnables&nbsp;; la soci\u00e9t\u00e9 alerte cependant les investisseurs sur le fait que ces informations prospectives sont soumises \u00e0 des risques et incertitudes (y compris, notamment, les risques identifi\u00e9s dans le Document d\u2019Enregistrement Universel de Capgemini, disponible sur le site internet de Capgemini), \u00e9tant donn\u00e9 qu\u2019elles ont trait \u00e0 des \u00e9v\u00e8nements futurs et d\u00e9pendent des circonstances futures dont la r\u00e9alisation est incertaine et qui peuvent diff\u00e9rer de ceux anticip\u00e9s, souvent difficilement pr\u00e9visibles et g\u00e9n\u00e9ralement en dehors du contr\u00f4le de Capgemini. Les r\u00e9sultats et les \u00e9v\u00e8nements r\u00e9els sont susceptibles de diff\u00e9rer significativement, de ceux qui sont exprim\u00e9s, impliqu\u00e9s ou projet\u00e9s dans les informations prospectives. Les informations prospectives ne donnent aucune garantie de r\u00e9alisation d\u2019\u00e9v\u00e8nements ou de r\u00e9sultats futurs et n\u2019ont pas cette vocation. Capgemini ne prend aucun engagement de mettre \u00e0 jour ou de r\u00e9viser les informations prospectives sous r\u00e9serve de ses obligations l\u00e9gales.<\/p>\n\n\n\n<p>Le pr\u00e9sent communiqu\u00e9 de presse ne constitue pas une offre d\u2019instruments financiers au public et ne contient pas d\u2019invitation ou d\u2019incitation \u00e0 investir dans des instruments financiers en France, aux \u00c9tats-Unis ou n\u2019importe quel autre pays.<\/p>\n\n\n\n<p><strong><span style=\"text-decoration: underline;\">ANNEXE 1<\/span><\/strong><\/p>\n\n\n\n<p><strong>BIOGRAPHIES<\/strong><\/p>\n\n\n\n<p><strong>Biographie de Mme Megan Clarken<\/strong><\/p>\n\n\n\n<p>Mme Megan Clarken est <em>Chief Executive Officer <\/em>de Criteo.<\/p>\n\n\n\n<p>De nationalit\u00e9 n\u00e9o-z\u00e9landaise, Mme Megan Clarken a occup\u00e9 des postes de direction pour de grands \u00e9diteurs et fournisseurs de technologie en ligne en Australie, avant de rejoindre Nielsen en 2004. De 2004 \u00e0 2019, Mme Clarken y a occup\u00e9 de nombreux postes de direction, tant au niveau commercial qu&#8217;au niveau de la direction des produits, notamment en tant que directrice commerciale de Nielsen Global Media et d\u2019autres fonctions de gestion dans les r\u00e9gions Asie-Pacifique, Moyen-Orient et Afrique. Pendant les 15 ann\u00e9es pass\u00e9es au sein de Nielsen Global Media, Mme Clarken a largement \u0153uvr\u00e9 pour la diversit\u00e9 et l\u2019inclusion.<\/p>\n\n\n\n<p>Nomm\u00e9e <em>Chief Executive Officer<\/em> de Criteo S.A. le 25 novembre 2019, Mme Clarken si\u00e8ge au Conseil d\u2019Administration de cette soci\u00e9t\u00e9 depuis ao\u00fbt 2020.<\/p>\n\n\n\n<p><strong>Biographie de Mme Ulrica Fearn<\/strong><\/p>\n\n\n\n<p>Depuis le 1<sup>er<\/sup> janvier 2023, Mme Ulrica Fearn est Directrice Financi\u00e8re du groupe Carlsberg.<\/p>\n\n\n\n<p>Avant de rejoindre Carlsberg, elle occupait le poste de Directrice Financi\u00e8re d\u2019Equinor, une soci\u00e9t\u00e9 \u00e9nerg\u00e9tique norv\u00e9gienne majeure. Auparavant, elle \u00e9tait Directrice Financi\u00e8re de BT Plc., une entreprise de t\u00e9l\u00e9communications britannique. Elle a d\u00e9but\u00e9 sa carri\u00e8re au sein de Diageo, o\u00f9 elle a pass\u00e9 pr\u00e8s de 20 ans \u00e0 occuper divers postes de direction financi\u00e8re et d&#8217;autres postes de gestion en Europe, dans la r\u00e9gion Asie-Pacifique et aux \u00c9tats-Unis.<\/p>\n\n\n\n<p>De nationalit\u00e9 su\u00e9doise, Mme Fearn est titulaire d\u2019une ma\u00eetrise en commerce et finance de l\u2019Universit\u00e9 de Halmstad (Su\u00e8de).<\/p>\n\n\n\n<p><\/p>\n\n\n\n<p><strong><span style=\"text-decoration: underline;\">ANNEXE 2<\/span><\/strong><\/p>\n\n\n\n<p><strong>Composition du Conseil d\u2019Administration de Capgemini SE et de ses comit\u00e9s \u00e0 l\u2019issue de l\u2019Assembl\u00e9e G\u00e9n\u00e9rale du 16 mai 2023<\/strong><\/p>\n\n\n\n<h5 class=\"wp-block-heading\" id=\"h-composition-du-conseil-nbsp\"><strong>Composition du Conseil&nbsp;:<\/strong><\/h5>\n\n\n\n<p>Paul Hermelin \u2013 <em>Pr\u00e9sident du Conseil d\u2019Administration<\/em><\/p>\n\n\n\n<p>Fr\u00e9d\u00e9ric Oud\u00e9a \u2013 <em>Administrateur R\u00e9f\u00e9rent et Vice-Pr\u00e9sident<\/em><\/p>\n\n\n\n<p>Megan Clarken<\/p>\n\n\n\n<p>Aiman Ezzat \u2013 <em>Directeur g\u00e9n\u00e9ral<\/em><\/p>\n\n\n\n<p>Ulrica Fearn<\/p>\n\n\n\n<p>Maria Ferraro<\/p>\n\n\n\n<p>Pierre Goulaieff \u2013 <em>Administrateur repr\u00e9sentant les salari\u00e9s<\/em><\/p>\n\n\n\n<p>Si\u00e2n Herbert-Jones<\/p>\n\n\n\n<p>Herv\u00e9 Jeannin \u2013 <em>Administrateur repr\u00e9sentant les salari\u00e9s<\/em><\/p>\n\n\n\n<p>Belen Moscoso del Prado<\/p>\n\n\n\n<p>Xavier Musca<\/p>\n\n\n\n<p>Patrick Pouyann\u00e9<\/p>\n\n\n\n<p>Olivier Roussat<\/p>\n\n\n\n<p>Kurt Sievers Lucia Sinapi Thomas \u2013 <em>Administrateur repr\u00e9sentant les salari\u00e9s actionnaires<\/em><\/p>\n\n\n\n<p><\/p>\n\n\n\n<p>Le Conseil d\u2019Administration a d\u00e9cid\u00e9 de modifier la composition de ses comit\u00e9s comme suit&nbsp;:<\/p>\n\n\n\n<p><strong>Comit\u00e9 d\u2019Audit et des Risques<\/strong>&nbsp;: Xavier Musca (Pr\u00e9sident), Ulrica Fearn, Maria Ferraro, Si\u00e2n Herbert-Jones.<\/p>\n\n\n\n<p><strong>Comit\u00e9 des R\u00e9mun\u00e9rations<\/strong>&nbsp;: Patrick Pouyann\u00e9 (Pr\u00e9sident), Pierre Goulaieff, Belen Moscoso del Prado, Kurt Sievers, Lucia Sinapi-Thomas.<\/p>\n\n\n\n<p><strong>Comit\u00e9 Ethique et Gouvernance<\/strong>&nbsp;: Fr\u00e9d\u00e9ric Oud\u00e9a (Pr\u00e9sident), Si\u00e2n Herbert Jones, Xavier Musca, Patrick Pouyann\u00e9.<\/p>\n\n\n\n<p><strong>Comit\u00e9 Strat\u00e9gie et RSE<\/strong>&nbsp;: Paul Hermelin (Pr\u00e9sident), Megan Clarken, Aiman Ezzat, Herv\u00e9 Jeannin, Olivier Roussat, Kurt Sievers.<\/p>\n\n\n\n<hr class=\"wp-block-separator has-alpha-channel-opacity\"\/>\n\n\n\n<p><a href=\"#_ftnref1\" id=\"_ftn1\">[1]<\/a> Biographie de Mme Megan Clarken en annexe.<\/p>\n\n\n\n<p><a href=\"#_ftnref2\" id=\"_ftn2\">[2]<\/a> Biographie de Mme Ulrica Fearn en annexe.<\/p>\n\n\n\n<p><a href=\"#_ftnref3\" id=\"_ftn3\">[3]<\/a> Voir la composition du Conseil d\u2019Administration et de ses comit\u00e9s en annexe de ce communiqu\u00e9<\/p>\n\n\n\n<p><a href=\"#_ftnref4\" id=\"_ftn4\">[4]<\/a> Les administrateurs repr\u00e9sentant les salari\u00e9s et les salari\u00e9s actionnaires ne sont pas pris en compte pour le calcul de ce pourcentage, conform\u00e9ment aux dispositions du Code AFEP-MEDEF<\/p>\n\n\n\n<p><a href=\"#_ftnref5\" id=\"_ftn5\">[5]<\/a> Les administrateurs repr\u00e9sentant les salari\u00e9s et les salari\u00e9s actionnaires ne sont pas pris en compte pour le calcul de ce pourcentage, conform\u00e9ment aux dispositions du Code de Commerce actuellement en vigueur<\/p>\n<\/div><\/div><\/div><\/div><\/div><\/section>\n\n\n<div class=\"wp-block-cg-blocks-cg-block-related-content\"><section class=\"relatedContentBlock\"><div class=\"container\"><div class=\"row\"><div class=\"content-title col-12 col-md-8\"><h2 class=\"related-content-heading\">Related news<\/h2><\/div><\/div><div class=\"row relatedContent\"><div class=\"col-lg-4 col-md-6 col-xs-12\">\n\t\t\t\t\t\t\t<div class=\"box\">\n\t\t\t\t\t\t\t\t<a aria-label=\"Lire la suite Capgemini d\u00e9veloppe une solution d\u2019IA agentique pour soutenir l\u2019UNICEF et l\u2019aider \u00e0 am\u00e9liorer l\u2019acc\u00e8s des jeunes aux carri\u00e8res vertes\" href=\"https:\/\/www.capgemini.com\/ca-fr\/actualites\/communiques-de-presse\/capgemini-developpe-une-solution-d-ia-agentique-pour-soutenir-lunicef-dans-lamelioration-de-lacces-des-jeunes-aux-carrieres-vertes\/\" class=\"anchorWrapper\">\n\t\t\t\t\t\t\t\t\t<span class=\"box-tag\"><span>Actualit\u00e9s du Groupe<\/span><\/span>\n\t\t\t\t\t\t\t\t\t<div class=\"box-title\"><h3 class=\"box-subtitle\">Capgemini d\u00e9veloppe une solution d\u2019IA agentique pour soutenir l\u2019UNICEF et l\u2019aider \u00e0 am\u00e9liorer l\u2019acc\u00e8s des jeunes aux carri\u00e8res vertes<\/h3><\/div>\n\t\t\t\t\t\t\t\t\t<div class=\"box-date\">\n\t\t\t\t\t\t\t\t\t\t<span>Mar 19, 2026<\/span>\n\t\t\t\t\t\t\t\t\t<\/div>\n\t\t\t\t\t\t\t\t\t<div class=\"box-bottom\">\n\t\t\t\t\t\t\t\t\t\t&lt;a class=&quot;link-download&quot; href=&quot;https:\/\/www.capgemini.com\/wp-content\/uploads\/2025\/12\/12_02_Capgemini-news-alert_GDSC-2025.pdf&quot; aria-label=&quot;T\u00e9l\u00e9charger le communiqu\u00e9 de presse&quot; target=&quot;_blank&quot;  type=&quot;download&quot; title=&quot;Opens in a new window&quot;&gt;\n\t\t\t\t\t\t\t&lt;span&gt;T\u00e9l\u00e9charger le communiqu\u00e9 de presse&lt;\/span&gt;\n\t\t\t\t\t\t\t&lt;span&gt;163 KB PDF&lt;\/span&gt;\n\t\t\t\t\t\t&lt;\/a&gt;\n\t\t\t\t\t\t\t\t\t\t<a class=\"more\" aria-label=\"Lire la suite Capgemini d\u00e9veloppe une solution d\u2019IA agentique pour soutenir l\u2019UNICEF et l\u2019aider \u00e0 am\u00e9liorer l\u2019acc\u00e8s des jeunes aux carri\u00e8res vertes\" href=\"https:\/\/www.capgemini.com\/ca-fr\/actualites\/communiques-de-presse\/capgemini-developpe-une-solution-d-ia-agentique-pour-soutenir-lunicef-dans-lamelioration-de-lacces-des-jeunes-aux-carrieres-vertes\/\">Lire la suite<\/a>\n\t\t\t\t\t\t\t\t\t<\/div>\n\t\t\t\t\t\t\t\t<\/a>\n\t\t\t\t\t\t\t<\/div>\n\t\t\t\t\t\t<\/div><div class=\"col-lg-4 col-md-6 col-xs-12\">\n\t\t\t\t\t\t\t<div class=\"box\">\n\t\t\t\t\t\t\t\t<a aria-label=\"Lire la suite Capgemini finalise l\u2019acquisition de WNS et cr\u00e9e un leader mondial des Op\u00e9rations Intelligentes bas\u00e9es sur l\u2019IA agentique\" href=\"https:\/\/www.capgemini.com\/ca-fr\/actualites\/communiques-de-presse\/capgemini-finalise-lacquisition-de-wns-et-cree-un-leader-mondial-des-operations-intelligentes-basees-sur-lia-agentique\/\" class=\"anchorWrapper\">\n\t\t\t\t\t\t\t\t\t<span class=\"box-tag\"><span>Actualit\u00e9s du Groupe<\/span><\/span>\n\t\t\t\t\t\t\t\t\t<div class=\"box-title\"><h3 class=\"box-subtitle\">Capgemini finalise l\u2019acquisition de WNS et cr\u00e9e un leader mondial des Op\u00e9rations Intelligentes bas\u00e9es sur l\u2019IA agentique<\/h3><\/div>\n\t\t\t\t\t\t\t\t\t<div class=\"box-date\">\n\t\t\t\t\t\t\t\t\t\t<span>Oct 17, 2025<\/span>\n\t\t\t\t\t\t\t\t\t<\/div>\n\t\t\t\t\t\t\t\t\t<div class=\"box-bottom\">\n\t\t\t\t\t\t\t\t\t\t&lt;a class=&quot;link-download&quot; href=&quot;https:\/\/www.capgemini.com\/fr-fr\/wp-content\/uploads\/sites\/6\/2025\/10\/Capgemini_-_2025-10-17_-_Capgemini_finalise_lacquisition_de_WNS.pdf&quot; aria-label=&quot;T\u00e9l\u00e9charger le communiqu\u00e9 de presse&quot; target=&quot;_blank&quot;  type=&quot;download&quot; title=&quot;Opens in a new window&quot;&gt;\n\t\t\t\t\t\t\t&lt;span&gt;T\u00e9l\u00e9charger le communiqu\u00e9 de presse&lt;\/span&gt;\n\t\t\t\t\t\t\t&lt;span&gt;114 KB PDF&lt;\/span&gt;\n\t\t\t\t\t\t&lt;\/a&gt;\n\t\t\t\t\t\t\t\t\t\t<a class=\"more\" aria-label=\"Lire la suite Capgemini finalise l\u2019acquisition de WNS et cr\u00e9e un leader mondial des Op\u00e9rations Intelligentes bas\u00e9es sur l\u2019IA agentique\" href=\"https:\/\/www.capgemini.com\/ca-fr\/actualites\/communiques-de-presse\/capgemini-finalise-lacquisition-de-wns-et-cree-un-leader-mondial-des-operations-intelligentes-basees-sur-lia-agentique\/\">Lire la suite<\/a>\n\t\t\t\t\t\t\t\t\t<\/div>\n\t\t\t\t\t\t\t\t<\/a>\n\t\t\t\t\t\t\t<\/div>\n\t\t\t\t\t\t<\/div><div class=\"col-lg-4 col-md-6 col-xs-12\">\n\t\t\t\t\t\t\t<div class=\"box\">\n\t\t\t\t\t\t\t\t<a aria-label=\"Lire la suite Capgemini signe un accord portant sur l\u2019acquisition de WNS pour cr\u00e9er un leader mondial des Op\u00e9rations Intelligentes bas\u00e9es sur l\u2019IA agentique\" href=\"https:\/\/www.capgemini.com\/ca-fr\/actualites\/communiques-de-presse\/capgemini-signe-un-accord-portant-sur-lacquisition-de-wns-pour-creer-un-leader-mondial-des-operations-intelligentes-basees-sur-lia-agentique\/\" class=\"anchorWrapper\">\n\t\t\t\t\t\t\t\t\t<span class=\"box-tag\"><span>Actualit\u00e9s du Groupe<\/span><\/span>\n\t\t\t\t\t\t\t\t\t<div class=\"box-title\"><h3 class=\"box-subtitle\">Capgemini signe un accord portant sur l\u2019acquisition de WNS pour cr\u00e9er un leader mondial des Op\u00e9rations Intelligentes bas\u00e9es sur l\u2019IA agentique<\/h3><\/div>\n\t\t\t\t\t\t\t\t\t<div class=\"box-date\">\n\t\t\t\t\t\t\t\t\t\t<span>Jul 7, 2025<\/span>\n\t\t\t\t\t\t\t\t\t<\/div>\n\t\t\t\t\t\t\t\t\t<div class=\"box-bottom\">\n\t\t\t\t\t\t\t\t\t\t&lt;a class=&quot;link-download&quot; href=&quot;https:\/\/www.capgemini.com\/fr-fr\/wp-content\/uploads\/sites\/6\/2025\/07\/Capgemini_-_2025-07-07_-_Acquisition_de_WNS_pour_creer_un_leader_mondial_en_Operations_Intelligentes.pdf&quot; aria-label=&quot;T\u00e9l\u00e9charger le communiqu\u00e9 de presse&quot; target=&quot;_blank&quot;  type=&quot;download&quot; title=&quot;Opens in a new window&quot;&gt;\n\t\t\t\t\t\t\t&lt;span&gt;T\u00e9l\u00e9charger le communiqu\u00e9 de presse&lt;\/span&gt;\n\t\t\t\t\t\t\t&lt;span&gt;302 KB PDF&lt;\/span&gt;\n\t\t\t\t\t\t&lt;\/a&gt;\n\t\t\t\t\t\t\t\t\t\t<a class=\"more\" aria-label=\"Lire la suite Capgemini signe un accord portant sur l\u2019acquisition de WNS pour cr\u00e9er un leader mondial des Op\u00e9rations Intelligentes bas\u00e9es sur l\u2019IA agentique\" href=\"https:\/\/www.capgemini.com\/ca-fr\/actualites\/communiques-de-presse\/capgemini-signe-un-accord-portant-sur-lacquisition-de-wns-pour-creer-un-leader-mondial-des-operations-intelligentes-basees-sur-lia-agentique\/\">Lire la suite<\/a>\n\t\t\t\t\t\t\t\t\t<\/div>\n\t\t\t\t\t\t\t\t<\/a>\n\t\t\t\t\t\t\t<\/div>\n\t\t\t\t\t\t<\/div><\/div><\/div><\/section><\/div>","protected":false},"excerpt":{"rendered":"<p>L\u2019Assembl\u00e9e G\u00e9n\u00e9rale des actionnaires de Capgemini SE, tenue ce jour au Pavillon Gabriel \u00e0 Paris, a adopt\u00e9 l\u2019ensemble des r\u00e9solutions soumises au vote.<\/p>\n","protected":false},"author":202,"featured_media":0,"template":"","meta":{"cg_dt_proposed_to":[],"cg_seo_hreflang_relations":"[]","cg_seo_canonical_relation":"","cg_seo_hreflang_x_default_relation":"{\"uuid\":\"841516c7-6137-45c3-9b85-49b14efe74a8\",\"blogId\":\"\",\"domain\":\"\",\"sitePath\":\"\",\"postLink\":\"\",\"postId\":null,\"isSaved\":true,\"isCrossLink\":false,\"hasCrossLink\":false}","cg_dt_approved_content":true,"cg_dt_mandatory_content":false,"cg_dt_notes":"","cg_dg_source_changed":true,"cg_dt_link_disabled":false,"footnotes":"","related_resource_url":"https:\/\/www.capgemini.com\/fr-fr\/wp-content\/uploads\/sites\/6\/2023\/05\/Capgemini_-_2023-05-16_-_Assemblee_Generale_2023.pdf","related_resource_id":718652,"related_resource_size":"236 KB","related_resource_type":"pdf","cg_author":0,"featured_focal_points":""},"tags":[],"press-release-type":[241],"brand":[],"class_list":["post-699042","press-release","type-press-release","status-publish","hentry","press-release-type-actualites-groupe"],"yoast_head":"<!-- This site is optimized with the Yoast SEO Premium plugin v22.8 (Yoast SEO v22.8) - https:\/\/yoast.com\/wordpress\/plugins\/seo\/ -->\n<title>Assembl\u00e9e g\u00e9n\u00e9rale du 16 mai 2023 - Capgemini Canada French<\/title>\n<meta name=\"robots\" content=\"index, follow, max-snippet:-1, max-image-preview:large, max-video-preview:-1\" \/>\n<link rel=\"canonical\" href=\"https:\/\/www.capgemini.com\/ca-fr\/actualites\/communiques-de-presse\/assemblee-generale-du-16-mai-2023\/\" \/>\n<meta property=\"og:locale\" content=\"fr_FR\" \/>\n<meta property=\"og:type\" content=\"article\" \/>\n<meta property=\"og:title\" content=\"Assembl\u00e9e g\u00e9n\u00e9rale du 16 mai 2023\" \/>\n<meta property=\"og:description\" content=\"L\u2019Assembl\u00e9e G\u00e9n\u00e9rale des actionnaires de Capgemini SE, tenue ce jour au Pavillon Gabriel \u00e0 Paris, a adopt\u00e9 l\u2019ensemble des r\u00e9solutions soumises au vote.\" \/>\n<meta property=\"og:url\" content=\"https:\/\/www.capgemini.com\/ca-fr\/actualites\/communiques-de-presse\/assemblee-generale-du-16-mai-2023\/\" \/>\n<meta property=\"og:site_name\" content=\"Capgemini Canada French\" \/>\n<meta property=\"article:modified_time\" content=\"2025-03-30T04:30:11+00:00\" \/>\n<meta property=\"og:image\" content=\"https:\/\/www.capgemini.com\/ca-fr\/wp-content\/uploads\/sites\/21\/2023\/01\/Niraj-3-3.jpg\" \/>\n\t<meta property=\"og:image:width\" content=\"800\" \/>\n\t<meta property=\"og:image:height\" content=\"1067\" \/>\n\t<meta property=\"og:image:type\" content=\"image\/jpeg\" \/>\n<meta name=\"twitter:card\" content=\"summary_large_image\" \/>\n<meta name=\"twitter:label1\" content=\"Est. reading time\" \/>\n\t<meta name=\"twitter:data1\" content=\"7 minutes\" \/>\n<script type=\"application\/ld+json\" class=\"yoast-schema-graph\">{\"@context\":\"https:\/\/schema.org\",\"@graph\":[{\"@type\":\"WebPage\",\"@id\":\"https:\/\/www.capgemini.com\/ca-fr\/actualites\/communiques-de-presse\/assemblee-generale-du-16-mai-2023\/\",\"url\":\"https:\/\/www.capgemini.com\/ca-fr\/actualites\/communiques-de-presse\/assemblee-generale-du-16-mai-2023\/\",\"name\":\"Assembl\u00e9e g\u00e9n\u00e9rale du 16 mai 2023 - Capgemini Canada French\",\"isPartOf\":{\"@id\":\"https:\/\/www.capgemini.com\/ca-fr\/#website\"},\"datePublished\":\"2023-05-16T18:30:00+00:00\",\"dateModified\":\"2025-03-30T04:30:11+00:00\",\"breadcrumb\":{\"@id\":\"https:\/\/www.capgemini.com\/ca-fr\/actualites\/communiques-de-presse\/assemblee-generale-du-16-mai-2023\/#breadcrumb\"},\"inLanguage\":\"fr-FR\",\"potentialAction\":[{\"@type\":\"ReadAction\",\"target\":[\"https:\/\/www.capgemini.com\/ca-fr\/actualites\/communiques-de-presse\/assemblee-generale-du-16-mai-2023\/\"]}]},{\"@type\":\"BreadcrumbList\",\"@id\":\"https:\/\/www.capgemini.com\/ca-fr\/actualites\/communiques-de-presse\/assemblee-generale-du-16-mai-2023\/#breadcrumb\",\"itemListElement\":[{\"@type\":\"ListItem\",\"position\":1,\"name\":\"Home\",\"item\":\"https:\/\/www.capgemini.com\/ca-fr\/\"},{\"@type\":\"ListItem\",\"position\":2,\"name\":\"Press Releases\",\"item\":\"https:\/\/www.capgemini.com\/ca-fr\/news\/\"},{\"@type\":\"ListItem\",\"position\":3,\"name\":\"Assembl\u00e9e g\u00e9n\u00e9rale du 16 mai 2023\"}]},{\"@type\":\"WebSite\",\"@id\":\"https:\/\/www.capgemini.com\/ca-fr\/#website\",\"url\":\"https:\/\/www.capgemini.com\/ca-fr\/\",\"name\":\"Capgemini Canada French\",\"description\":\"Capgemini\",\"potentialAction\":[{\"@type\":\"SearchAction\",\"target\":{\"@type\":\"EntryPoint\",\"urlTemplate\":\"https:\/\/www.capgemini.com\/ca-fr\/?s={search_term_string}\"},\"query-input\":\"required name=search_term_string\"}],\"inLanguage\":\"fr-FR\"}]}<\/script>\n<!-- \/ Yoast SEO Premium plugin. -->","yoast_head_json":{"title":"Assembl\u00e9e g\u00e9n\u00e9rale du 16 mai 2023 - Capgemini Canada French","robots":{"index":"index","follow":"follow","max-snippet":"max-snippet:-1","max-image-preview":"max-image-preview:large","max-video-preview":"max-video-preview:-1"},"canonical":"https:\/\/www.capgemini.com\/ca-fr\/actualites\/communiques-de-presse\/assemblee-generale-du-16-mai-2023\/","og_locale":"fr_FR","og_type":"article","og_title":"Assembl\u00e9e g\u00e9n\u00e9rale du 16 mai 2023","og_description":"L\u2019Assembl\u00e9e G\u00e9n\u00e9rale des actionnaires de Capgemini SE, tenue ce jour au Pavillon Gabriel \u00e0 Paris, a adopt\u00e9 l\u2019ensemble des r\u00e9solutions soumises au vote.","og_url":"https:\/\/www.capgemini.com\/ca-fr\/actualites\/communiques-de-presse\/assemblee-generale-du-16-mai-2023\/","og_site_name":"Capgemini Canada French","article_modified_time":"2025-03-30T04:30:11+00:00","og_image":[{"width":800,"height":1067,"url":"https:\/\/www.capgemini.com\/ca-fr\/wp-content\/uploads\/sites\/21\/2023\/01\/Niraj-3-3.jpg","type":"image\/jpeg"}],"twitter_card":"summary_large_image","twitter_misc":{"Est. reading time":"7 minutes"},"schema":{"@context":"https:\/\/schema.org","@graph":[{"@type":"WebPage","@id":"https:\/\/www.capgemini.com\/ca-fr\/actualites\/communiques-de-presse\/assemblee-generale-du-16-mai-2023\/","url":"https:\/\/www.capgemini.com\/ca-fr\/actualites\/communiques-de-presse\/assemblee-generale-du-16-mai-2023\/","name":"Assembl\u00e9e g\u00e9n\u00e9rale du 16 mai 2023 - Capgemini Canada French","isPartOf":{"@id":"https:\/\/www.capgemini.com\/ca-fr\/#website"},"datePublished":"2023-05-16T18:30:00+00:00","dateModified":"2025-03-30T04:30:11+00:00","breadcrumb":{"@id":"https:\/\/www.capgemini.com\/ca-fr\/actualites\/communiques-de-presse\/assemblee-generale-du-16-mai-2023\/#breadcrumb"},"inLanguage":"fr-FR","potentialAction":[{"@type":"ReadAction","target":["https:\/\/www.capgemini.com\/ca-fr\/actualites\/communiques-de-presse\/assemblee-generale-du-16-mai-2023\/"]}]},{"@type":"BreadcrumbList","@id":"https:\/\/www.capgemini.com\/ca-fr\/actualites\/communiques-de-presse\/assemblee-generale-du-16-mai-2023\/#breadcrumb","itemListElement":[{"@type":"ListItem","position":1,"name":"Home","item":"https:\/\/www.capgemini.com\/ca-fr\/"},{"@type":"ListItem","position":2,"name":"Press Releases","item":"https:\/\/www.capgemini.com\/ca-fr\/news\/"},{"@type":"ListItem","position":3,"name":"Assembl\u00e9e g\u00e9n\u00e9rale du 16 mai 2023"}]},{"@type":"WebSite","@id":"https:\/\/www.capgemini.com\/ca-fr\/#website","url":"https:\/\/www.capgemini.com\/ca-fr\/","name":"Capgemini Canada French","description":"Capgemini","potentialAction":[{"@type":"SearchAction","target":{"@type":"EntryPoint","urlTemplate":"https:\/\/www.capgemini.com\/ca-fr\/?s={search_term_string}"},"query-input":"required name=search_term_string"}],"inLanguage":"fr-FR"}]}},"parsely":{"version":"1.1.0","canonical_url":"https:\/\/capgemini.com\/ca-fr\/actualites\/communiques-de-presse\/assemblee-generale-du-16-mai-2023\/","smart_links":{"inbound":0,"outbound":0},"traffic_boost_suggestions_count":0,"meta":{"@context":"https:\/\/schema.org","@type":"NewsArticle","headline":"Assembl\u00e9e g\u00e9n\u00e9rale du 16 mai 2023","url":"https:\/\/www.capgemini.com\/ca-fr\/actualites\/communiques-de-presse\/assemblee-generale-du-16-mai-2023\/","mainEntityOfPage":{"@type":"WebPage","@id":"https:\/\/www.capgemini.com\/ca-fr\/actualites\/communiques-de-presse\/assemblee-generale-du-16-mai-2023\/"},"thumbnailUrl":"","image":{"@type":"ImageObject","url":""},"articleSection":"Uncategorized","author":[],"creator":[],"publisher":{"@type":"Organization","name":"Capgemini Canada French","logo":""},"keywords":[],"dateCreated":"2023-05-16T18:30:00Z","datePublished":"2023-05-16T18:30:00Z","dateModified":"2025-03-30T04:30:11Z"},"rendered":"<meta name=\"parsely-title\" content=\"Assembl\u00e9e g\u00e9n\u00e9rale du 16 mai 2023\" \/>\n<meta name=\"parsely-link\" content=\"https:\/\/www.capgemini.com\/ca-fr\/actualites\/communiques-de-presse\/assemblee-generale-du-16-mai-2023\/\" \/>\n<meta name=\"parsely-type\" content=\"post\" \/>\n<meta name=\"parsely-pub-date\" content=\"2023-05-16T18:30:00Z\" \/>\n<meta name=\"parsely-section\" content=\"Uncategorized\" \/>","tracker_url":"https:\/\/cdn.parsely.com\/keys\/capgemini.com\/p.js"},"archive_status":false,"featured_image_src":"https:\/\/www.capgemini.com\/ca-fr\/wp-content\/themes\/capgemini2025\/assets\/images\/mockup.png","featured_image_alt":false,"jetpack_sharing_enabled":true,"distributor_meta":false,"distributor_terms":false,"distributor_media":false,"distributor_original_site_name":"Capgemini Canada French","distributor_original_site_url":"https:\/\/www.capgemini.com\/ca-fr","push-errors":false,"tag_names":[],"_links":{"self":[{"href":"https:\/\/www.capgemini.com\/ca-fr\/wp-json\/wp\/v2\/press-release\/699042","targetHints":{"allow":["GET"]}}],"collection":[{"href":"https:\/\/www.capgemini.com\/ca-fr\/wp-json\/wp\/v2\/press-release"}],"about":[{"href":"https:\/\/www.capgemini.com\/ca-fr\/wp-json\/wp\/v2\/types\/press-release"}],"author":[{"embeddable":true,"href":"https:\/\/www.capgemini.com\/ca-fr\/wp-json\/wp\/v2\/users\/202"}],"version-history":[{"count":5,"href":"https:\/\/www.capgemini.com\/ca-fr\/wp-json\/wp\/v2\/press-release\/699042\/revisions"}],"predecessor-version":[{"id":707397,"href":"https:\/\/www.capgemini.com\/ca-fr\/wp-json\/wp\/v2\/press-release\/699042\/revisions\/707397"}],"wp:attachment":[{"href":"https:\/\/www.capgemini.com\/ca-fr\/wp-json\/wp\/v2\/media?parent=699042"}],"wp:term":[{"taxonomy":"post_tag","embeddable":true,"href":"https:\/\/www.capgemini.com\/ca-fr\/wp-json\/wp\/v2\/tags?post=699042"},{"taxonomy":"press-release-type","embeddable":true,"href":"https:\/\/www.capgemini.com\/ca-fr\/wp-json\/wp\/v2\/press-release-type?post=699042"},{"taxonomy":"brand","embeddable":true,"href":"https:\/\/www.capgemini.com\/ca-fr\/wp-json\/wp\/v2\/brand?post=699042"}],"curies":[{"name":"wp","href":"https:\/\/api.w.org\/{rel}","templated":true}]}}