{"id":696392,"date":"2022-07-01T08:00:00","date_gmt":"2022-07-01T08:00:00","guid":{"rendered":"https:\/\/www.capgemini.com\/ca-fr\/?post_type=press-release&#038;p=682466"},"modified":"2023-11-09T09:14:17","modified_gmt":"2023-11-09T09:14:17","slug":"declaration-de-capgemini-2","status":"publish","type":"press-release","link":"https:\/\/www.capgemini.com\/ca-fr\/actualites\/communiques-de-presse\/declaration-de-capgemini-2\/","title":{"rendered":"D\u00e9claration de Capgemini"},"content":{"rendered":"\t\t<div class=\"wp-block-cg-blocks-hero-press-release\">\n\t\t\t<header class=\"header-hero-press-release\" role=\"main\" id=\"main-content-press-release\">\n\t\t\t\t<div class=\"container\">\n\t\t\t\t\t<div class=\"hero-press-release\">\n\t\t\t\t\t\t<div class=\"hero-press-release-content-wrapper\">\n\t\t\t\t\t\t\t<div class=\"row\">\n\t\t\t\t\t\t\t\t<div class=\"col-12\">\n\t\t\t\t\t\t\t\t\t<div class=\"header-title\">\n\t\t\t\t\t\t\t\t\t\t<h1>\n\t\t\t\t\t\t\t\t\t\t\tD\u00e9claration de Capgemini\t\t\t\t\t\t\t\t\t\t<\/h1>\n\t\t\t\t\t\t\t\t\t<\/div>\n\t\t\t\t\t\t\t\t\t<div class=\"header-description\">\n\t\t\t\t\t\t\t\t\t\t<p><\/p>\n\t\t\t\t\t\t\t\t\t<\/div>\n\t\t\t\t\t\t\t\t\t\t\t\t\t\t\t\t\t\t<div class=\"header-date\">\n\t\t\t\t\t\t\t\t\t\t<span>juil. 1, 2022<\/span>\n\t\t\t\t\t\t\t\t\t<\/div>\n\t\t\t\t\t\t\t\t<\/div>\n\t\t\t\t\t\t\t<\/div>\n\t\t\t\t\t\t<\/div>\n\t\t\t\t\t\t\t\t\t\t\t\t\t<div class=\"hero-press-release-downloads\">\n\t\t\t\t\t\t\t\t<div class=\"row\">\n\t\t\t\t\t\t\t\t\t\t\t\t\t\t\t\t\t\t\t<div class=\"col-12 col-md-6 col-lg-3\">\n\t\t\t\t\t\t\t\t\t\t\t<a class=\"download-item\" type=\"download\" href=\"https:\/\/www.capgemini.com\/fr-fr\/wp-content\/uploads\/sites\/6\/2022\/07\/07_01_-_Declaration_de_Capgemini.pdf\" target=\"_blank\" rel=\"noopener noreferrer\" title=\"Ouvrir dans une nouvelle fen\u00eatre\">\n\t\t\t\t\t\t\t\t\t\t\t\t<div class=\"download-icon\"><\/div>\n\t\t\t\t\t\t\t\t\t\t\t\t<div class=\"download-details\">\n\t\t\t\t\t\t\t\t\t\t\t\t\t<div class=\"download-title\">Communiqu\u00e9 de presse<\/div>\n\t\t\t\t\t\t\t\t\t\t\t\t\t<div class=\"download-props\">87 Ko  pdf<\/div>\n\t\t\t\t\t\t\t\t\t\t\t\t<\/div>\n\t\t\t\t\t\t\t\t\t\t\t<\/a>\n\t\t\t\t\t\t\t\t\t\t<\/div>\n\t\t\t\t\t\t\t\t\t\t\t\t\t\t\t\t\t\t<\/div>\n\t\t\t\t\t\t\t<\/div>\n\t\t\t\t\t\t\t\t\t\t\t\t\t\t\t\t\t<\/div>\n\t\t\t\t<\/div>\n\t\t\t<\/header>\n\t\t<\/div>\n\t\t\n\n\n<section class=\"wp-block-cg-blocks-intro-para undefined section section--intro\"><div class=\"intro-para\"><div class=\"container\"><div class=\"row\"><div class=\"col-12 col-md-1\"><nav class=\"article-social\"><ul class=\"social-nav\"><li class=\"ip-order-fb\"><a href=\"https:\/\/www.facebook.com\/sharer\/sharer.php?u=https:\/\/www.capgemini.com\/fr-fr\/actualites\/communiques-de-presse\/declaration-de-capgemini\/\" target=\"_blank\" rel=\"noopener noreferrer\" title=\"Ouvrir dans une nouvelle fen\u00eatre\"><i aria-hidden=\"true\" class=\"icon-fb\"><\/i><span class=\"sr-only\">Facebook<\/span><\/a><\/li><li class=\"ip-order-li\"><a href=\"https:\/\/www.linkedin.com\/sharing\/share-offsite\/?url=https:\/\/www.capgemini.com\/fr-fr\/actualites\/communiques-de-presse\/declaration-de-capgemini\/\" target=\"_blank\" rel=\"noopener noreferrer\" title=\"Ouvrir dans une nouvelle fen\u00eatre\"><i aria-hidden=\"true\" class=\"icon-li\"><\/i><span class=\"sr-only\">Linkedin<\/span><\/a><\/li><\/ul><\/nav><\/div><div class=\"col-12 col-md-11 col-lg-10\"><h2 class=\"intro-para-title\">Paris, le 1<sup>er<\/sup>\u00a0juillet 2022 \u2013\u00a0Compte tenu de rumeurs qui circulent actuellement, Capgemini r\u00e9affirme la position d\u00e9j\u00e0 exprim\u00e9e publiquement \u00e0 l\u2019\u00e9gard d\u2019Atos, et qui s\u2019applique \u00e9galement \u00e0 toute entit\u00e9 potentiellement issue du groupe Atos ainsi qu\u2019\u00e0 ses diff\u00e9rentes activit\u00e9s :<\/h2><p class=\"intro-para-content\">&#8211; le Groupe n\u2019a aucune intention d\u2019acqu\u00e9rir ou d\u2019\u00eatre impliqu\u00e9 dans ces actifs\u00a0;<br>&#8211; le Groupe n\u2019a aucune discussion avec Atos, un tiers ou le gouvernement fran\u00e7ais \u00e0 ce sujet.<br><br>La direction de Capgemini estime que ces actifs ne sont pas align\u00e9s avec la strat\u00e9gie et le plan de d\u00e9veloppement du Groupe et cette position est soutenue \u00e0 l\u2019unanimit\u00e9 par le Conseil d\u2019administration.<\/p><\/div><\/div><\/div><\/div><\/section>\n\n\n\n<section class=\"wp-block-cg-blocks-group undefined section section--article-content\"><div class=\"article-main-content\"><div class=\"container\"><div class=\"row\"><div class=\"col-12 col-md-11 col-lg-10 offset-md-1 offset-lg-1\"><div class=\"article-text article-quote-text\"><\/div><\/div><\/div><\/div><\/div><\/section>\n\n\n<div class=\"wp-block-cg-blocks-cg-block-related-content\"><section class=\"relatedContentBlock\"><div class=\"container\"><div class=\"row\"><div class=\"content-title col-12 col-md-8\"><h2 class=\"related-content-heading\">Autres Actualit\u00e9s du Groupe<\/h2><\/div><\/div><div class=\"row relatedContent\"><div class=\"col-lg-4 col-md-6 col-xs-12\">\n\t\t\t\t\t\t\t<div class=\"box\">\n\t\t\t\t\t\t\t\t<a aria-label=\"Lire la suite Capgemini d\u00e9veloppe une solution d\u2019IA agentique pour soutenir l\u2019UNICEF et l\u2019aider \u00e0 am\u00e9liorer l\u2019acc\u00e8s des jeunes aux carri\u00e8res vertes\" href=\"https:\/\/www.capgemini.com\/ca-fr\/actualites\/communiques-de-presse\/capgemini-developpe-une-solution-d-ia-agentique-pour-soutenir-lunicef-dans-lamelioration-de-lacces-des-jeunes-aux-carrieres-vertes\/\" class=\"anchorWrapper\">\n\t\t\t\t\t\t\t\t\t<span class=\"box-tag\"><span>Actualit\u00e9s du Groupe<\/span><\/span>\n\t\t\t\t\t\t\t\t\t<div class=\"box-title\"><h3 class=\"box-subtitle\">Capgemini d\u00e9veloppe une solution d\u2019IA agentique pour soutenir l\u2019UNICEF et l\u2019aider \u00e0 am\u00e9liorer l\u2019acc\u00e8s des jeunes aux carri\u00e8res vertes<\/h3><\/div>\n\t\t\t\t\t\t\t\t\t<div class=\"box-date\">\n\t\t\t\t\t\t\t\t\t\t<span>Mar 19, 2026<\/span>\n\t\t\t\t\t\t\t\t\t<\/div>\n\t\t\t\t\t\t\t\t\t<div class=\"box-bottom\">\n\t\t\t\t\t\t\t\t\t\t&lt;a class=&quot;link-download&quot; href=&quot;https:\/\/www.capgemini.com\/wp-content\/uploads\/2025\/12\/12_02_Capgemini-news-alert_GDSC-2025.pdf&quot; aria-label=&quot;T\u00e9l\u00e9charger le communiqu\u00e9 de presse&quot; target=&quot;_blank&quot;  type=&quot;download&quot; title=&quot;Opens in a new window&quot;&gt;\n\t\t\t\t\t\t\t&lt;span&gt;T\u00e9l\u00e9charger le communiqu\u00e9 de presse&lt;\/span&gt;\n\t\t\t\t\t\t\t&lt;span&gt;163 KB PDF&lt;\/span&gt;\n\t\t\t\t\t\t&lt;\/a&gt;\n\t\t\t\t\t\t\t\t\t\t<a class=\"more\" aria-label=\"Lire la suite Capgemini d\u00e9veloppe une solution d\u2019IA agentique pour soutenir l\u2019UNICEF et l\u2019aider \u00e0 am\u00e9liorer l\u2019acc\u00e8s des jeunes aux carri\u00e8res vertes\" href=\"https:\/\/www.capgemini.com\/ca-fr\/actualites\/communiques-de-presse\/capgemini-developpe-une-solution-d-ia-agentique-pour-soutenir-lunicef-dans-lamelioration-de-lacces-des-jeunes-aux-carrieres-vertes\/\">Lire la suite<\/a>\n\t\t\t\t\t\t\t\t\t<\/div>\n\t\t\t\t\t\t\t\t<\/a>\n\t\t\t\t\t\t\t<\/div>\n\t\t\t\t\t\t<\/div><div class=\"col-lg-4 col-md-6 col-xs-12\">\n\t\t\t\t\t\t\t<div class=\"box\">\n\t\t\t\t\t\t\t\t<a aria-label=\"Lire la suite Capgemini finalise l\u2019acquisition de WNS et cr\u00e9e un leader mondial des Op\u00e9rations Intelligentes bas\u00e9es sur l\u2019IA agentique\" href=\"https:\/\/www.capgemini.com\/ca-fr\/actualites\/communiques-de-presse\/capgemini-finalise-lacquisition-de-wns-et-cree-un-leader-mondial-des-operations-intelligentes-basees-sur-lia-agentique\/\" class=\"anchorWrapper\">\n\t\t\t\t\t\t\t\t\t<span class=\"box-tag\"><span>Actualit\u00e9s du Groupe<\/span><\/span>\n\t\t\t\t\t\t\t\t\t<div class=\"box-title\"><h3 class=\"box-subtitle\">Capgemini finalise l\u2019acquisition de WNS et cr\u00e9e un leader mondial des Op\u00e9rations Intelligentes bas\u00e9es sur l\u2019IA agentique<\/h3><\/div>\n\t\t\t\t\t\t\t\t\t<div class=\"box-date\">\n\t\t\t\t\t\t\t\t\t\t<span>Oct 17, 2025<\/span>\n\t\t\t\t\t\t\t\t\t<\/div>\n\t\t\t\t\t\t\t\t\t<div class=\"box-bottom\">\n\t\t\t\t\t\t\t\t\t\t&lt;a class=&quot;link-download&quot; href=&quot;https:\/\/www.capgemini.com\/fr-fr\/wp-content\/uploads\/sites\/6\/2025\/10\/Capgemini_-_2025-10-17_-_Capgemini_finalise_lacquisition_de_WNS.pdf&quot; aria-label=&quot;T\u00e9l\u00e9charger le communiqu\u00e9 de presse&quot; target=&quot;_blank&quot;  type=&quot;download&quot; title=&quot;Opens in a new window&quot;&gt;\n\t\t\t\t\t\t\t&lt;span&gt;T\u00e9l\u00e9charger le communiqu\u00e9 de presse&lt;\/span&gt;\n\t\t\t\t\t\t\t&lt;span&gt;114 KB PDF&lt;\/span&gt;\n\t\t\t\t\t\t&lt;\/a&gt;\n\t\t\t\t\t\t\t\t\t\t<a class=\"more\" aria-label=\"Lire la suite Capgemini finalise l\u2019acquisition de WNS et cr\u00e9e un leader mondial des Op\u00e9rations Intelligentes bas\u00e9es sur l\u2019IA agentique\" href=\"https:\/\/www.capgemini.com\/ca-fr\/actualites\/communiques-de-presse\/capgemini-finalise-lacquisition-de-wns-et-cree-un-leader-mondial-des-operations-intelligentes-basees-sur-lia-agentique\/\">Lire la suite<\/a>\n\t\t\t\t\t\t\t\t\t<\/div>\n\t\t\t\t\t\t\t\t<\/a>\n\t\t\t\t\t\t\t<\/div>\n\t\t\t\t\t\t<\/div><div class=\"col-lg-4 col-md-6 col-xs-12\">\n\t\t\t\t\t\t\t<div class=\"box\">\n\t\t\t\t\t\t\t\t<a aria-label=\"Lire la suite Capgemini signe un accord portant sur l\u2019acquisition de WNS pour cr\u00e9er un leader mondial des Op\u00e9rations Intelligentes bas\u00e9es sur l\u2019IA agentique\" href=\"https:\/\/www.capgemini.com\/ca-fr\/actualites\/communiques-de-presse\/capgemini-signe-un-accord-portant-sur-lacquisition-de-wns-pour-creer-un-leader-mondial-des-operations-intelligentes-basees-sur-lia-agentique\/\" class=\"anchorWrapper\">\n\t\t\t\t\t\t\t\t\t<span class=\"box-tag\"><span>Actualit\u00e9s du Groupe<\/span><\/span>\n\t\t\t\t\t\t\t\t\t<div class=\"box-title\"><h3 class=\"box-subtitle\">Capgemini signe un accord portant sur l\u2019acquisition de WNS pour cr\u00e9er un leader mondial des Op\u00e9rations Intelligentes bas\u00e9es sur l\u2019IA agentique<\/h3><\/div>\n\t\t\t\t\t\t\t\t\t<div class=\"box-date\">\n\t\t\t\t\t\t\t\t\t\t<span>Jul 7, 2025<\/span>\n\t\t\t\t\t\t\t\t\t<\/div>\n\t\t\t\t\t\t\t\t\t<div class=\"box-bottom\">\n\t\t\t\t\t\t\t\t\t\t&lt;a class=&quot;link-download&quot; href=&quot;https:\/\/www.capgemini.com\/fr-fr\/wp-content\/uploads\/sites\/6\/2025\/07\/Capgemini_-_2025-07-07_-_Acquisition_de_WNS_pour_creer_un_leader_mondial_en_Operations_Intelligentes.pdf&quot; aria-label=&quot;T\u00e9l\u00e9charger le communiqu\u00e9 de presse&quot; target=&quot;_blank&quot;  type=&quot;download&quot; title=&quot;Opens in a new window&quot;&gt;\n\t\t\t\t\t\t\t&lt;span&gt;T\u00e9l\u00e9charger le communiqu\u00e9 de presse&lt;\/span&gt;\n\t\t\t\t\t\t\t&lt;span&gt;302 KB PDF&lt;\/span&gt;\n\t\t\t\t\t\t&lt;\/a&gt;\n\t\t\t\t\t\t\t\t\t\t<a class=\"more\" aria-label=\"Lire la suite Capgemini signe un accord portant sur l\u2019acquisition de WNS pour cr\u00e9er un leader mondial des Op\u00e9rations Intelligentes bas\u00e9es sur l\u2019IA agentique\" href=\"https:\/\/www.capgemini.com\/ca-fr\/actualites\/communiques-de-presse\/capgemini-signe-un-accord-portant-sur-lacquisition-de-wns-pour-creer-un-leader-mondial-des-operations-intelligentes-basees-sur-lia-agentique\/\">Lire la suite<\/a>\n\t\t\t\t\t\t\t\t\t<\/div>\n\t\t\t\t\t\t\t\t<\/a>\n\t\t\t\t\t\t\t<\/div>\n\t\t\t\t\t\t<\/div><\/div><\/div><\/section><\/div>","protected":false},"excerpt":{"rendered":"<p>Compte tenu de rumeurs qui circulent actuellement, Capgemini r\u00e9affirme la position d\u00e9j\u00e0 exprim\u00e9e publiquement \u00e0 l\u2019\u00e9gard d\u2019Atos, et qui s\u2019applique \u00e9galement \u00e0 toute entit\u00e9 potentiellement issue du groupe Atos ainsi qu\u2019\u00e0 ses diff\u00e9rentes activit\u00e9s.<\/p>\n","protected":false},"author":236,"featured_media":0,"template":"","meta":{"cg_dt_proposed_to":[],"cg_seo_hreflang_relations":"[]","cg_seo_canonical_relation":"{\"uuid\":\"17dd9a70-6652-4ad5-acfd-0b473a8a29ae\",\"blogId\":\"\",\"domain\":\"\",\"sitePath\":\"\",\"postLink\":\"\",\"postId\":null,\"isSaved\":true,\"isCrossLink\":false,\"hasCrossLink\":false}","cg_seo_hreflang_x_default_relation":"{\"uuid\":\"3a12ff34-395e-4183-b3ea-d89e0e433dfb\",\"blogId\":\"\",\"domain\":\"\",\"sitePath\":\"\",\"postLink\":\"\",\"postId\":null,\"isSaved\":true,\"isCrossLink\":false,\"hasCrossLink\":false}","cg_dt_approved_content":true,"cg_dt_mandatory_content":false,"cg_dt_notes":"","cg_dg_source_changed":false,"cg_dt_link_disabled":false,"footnotes":"","related_resource_url":"https:\/\/www.capgemini.com\/fr-fr\/wp-content\/uploads\/sites\/6\/2022\/07\/07_01_-_Declaration_de_Capgemini.pdf","related_resource_id":682470,"related_resource_size":"87 Ko","related_resource_type":"pdf","cg_author":0,"featured_focal_points":""},"tags":[],"press-release-type":[241],"brand":[],"class_list":["post-696392","press-release","type-press-release","status-publish","hentry","press-release-type-actualites-groupe"],"yoast_head":"<!-- This site is optimized with the Yoast SEO Premium plugin v22.8 (Yoast SEO v22.8) - https:\/\/yoast.com\/wordpress\/plugins\/seo\/ -->\n<title>D\u00e9claration de Capgemini - Capgemini Canada French<\/title>\n<meta name=\"description\" content=\"Compte tenu de rumeurs qui circulent actuellement, Capgemini r\u00e9affirme la position d\u00e9j\u00e0 exprim\u00e9e publiquement \u00e0 l\u2019\u00e9gard d\u2019Atos, et qui s\u2019applique \u00e9galement \u00e0 toute entit\u00e9 potentiellement issue du groupe Atos.\" \/>\n<meta name=\"robots\" content=\"index, follow, max-snippet:-1, max-image-preview:large, max-video-preview:-1\" \/>\n<link rel=\"canonical\" href=\"https:\/\/www.capgemini.com\/fr-fr\/actualites\/communiques-de-presse\/declaration-de-capgemini\/\" \/>\n<meta property=\"og:locale\" content=\"fr_FR\" \/>\n<meta property=\"og:type\" content=\"article\" \/>\n<meta property=\"og:title\" content=\"D\u00e9claration de Capgemini\" \/>\n<meta property=\"og:description\" content=\"Compte tenu de rumeurs qui circulent actuellement, Capgemini r\u00e9affirme la position d\u00e9j\u00e0 exprim\u00e9e publiquement \u00e0 l\u2019\u00e9gard d\u2019Atos, et qui s\u2019applique \u00e9galement \u00e0 toute entit\u00e9 potentiellement issue du groupe Atos.\" \/>\n<meta property=\"og:url\" content=\"https:\/\/www.capgemini.com\/ca-fr\/actualites\/communiques-de-presse\/declaration-de-capgemini-2\/\" \/>\n<meta property=\"og:site_name\" content=\"Capgemini Canada French\" \/>\n<meta property=\"article:modified_time\" content=\"2023-11-09T09:14:17+00:00\" \/>\n<meta property=\"og:image\" content=\"https:\/\/www.capgemini.com\/ca-fr\/wp-content\/uploads\/sites\/21\/2025\/10\/New-Web-preview-global.jpg\" \/>\n\t<meta property=\"og:image:width\" content=\"1200\" \/>\n\t<meta property=\"og:image:height\" content=\"627\" \/>\n\t<meta property=\"og:image:type\" content=\"image\/jpeg\" \/>\n<meta name=\"twitter:card\" content=\"summary_large_image\" \/>\n<script type=\"application\/ld+json\" class=\"yoast-schema-graph\">{\"@context\":\"https:\/\/schema.org\",\"@graph\":[{\"@type\":\"WebPage\",\"@id\":\"https:\/\/www.capgemini.com\/ca-fr\/actualites\/communiques-de-presse\/declaration-de-capgemini-2\/\",\"url\":\"https:\/\/www.capgemini.com\/ca-fr\/actualites\/communiques-de-presse\/declaration-de-capgemini-2\/\",\"name\":\"D\u00e9claration de Capgemini - Capgemini Canada French\",\"isPartOf\":{\"@id\":\"https:\/\/www.capgemini.com\/ca-fr\/#website\"},\"datePublished\":\"2022-07-01T08:00:00+00:00\",\"dateModified\":\"2023-11-09T09:14:17+00:00\",\"description\":\"Compte tenu de rumeurs qui circulent actuellement, Capgemini r\u00e9affirme la position d\u00e9j\u00e0 exprim\u00e9e publiquement \u00e0 l\u2019\u00e9gard d\u2019Atos, et qui s\u2019applique \u00e9galement \u00e0 toute entit\u00e9 potentiellement issue du groupe Atos.\",\"breadcrumb\":{\"@id\":\"https:\/\/www.capgemini.com\/ca-fr\/actualites\/communiques-de-presse\/declaration-de-capgemini-2\/#breadcrumb\"},\"inLanguage\":\"fr-FR\",\"potentialAction\":[{\"@type\":\"ReadAction\",\"target\":[\"https:\/\/www.capgemini.com\/ca-fr\/actualites\/communiques-de-presse\/declaration-de-capgemini-2\/\"]}]},{\"@type\":\"BreadcrumbList\",\"@id\":\"https:\/\/www.capgemini.com\/ca-fr\/actualites\/communiques-de-presse\/declaration-de-capgemini-2\/#breadcrumb\",\"itemListElement\":[{\"@type\":\"ListItem\",\"position\":1,\"name\":\"Home\",\"item\":\"https:\/\/www.capgemini.com\/ca-fr\/\"},{\"@type\":\"ListItem\",\"position\":2,\"name\":\"Press Releases\",\"item\":\"https:\/\/www.capgemini.com\/ca-fr\/news\/\"},{\"@type\":\"ListItem\",\"position\":3,\"name\":\"D\u00e9claration de Capgemini\"}]},{\"@type\":\"WebSite\",\"@id\":\"https:\/\/www.capgemini.com\/ca-fr\/#website\",\"url\":\"https:\/\/www.capgemini.com\/ca-fr\/\",\"name\":\"Capgemini Canada French\",\"description\":\"Capgemini\",\"potentialAction\":[{\"@type\":\"SearchAction\",\"target\":{\"@type\":\"EntryPoint\",\"urlTemplate\":\"https:\/\/www.capgemini.com\/ca-fr\/?s={search_term_string}\"},\"query-input\":\"required name=search_term_string\"}],\"inLanguage\":\"fr-FR\"}]}<\/script>\n<!-- \/ Yoast SEO Premium plugin. -->","yoast_head_json":{"title":"D\u00e9claration de Capgemini - Capgemini Canada French","description":"Compte tenu de rumeurs qui circulent actuellement, Capgemini r\u00e9affirme la position d\u00e9j\u00e0 exprim\u00e9e publiquement \u00e0 l\u2019\u00e9gard d\u2019Atos, et qui s\u2019applique \u00e9galement \u00e0 toute entit\u00e9 potentiellement issue du groupe Atos.","robots":{"index":"index","follow":"follow","max-snippet":"max-snippet:-1","max-image-preview":"max-image-preview:large","max-video-preview":"max-video-preview:-1"},"canonical":"https:\/\/www.capgemini.com\/fr-fr\/actualites\/communiques-de-presse\/declaration-de-capgemini\/","og_locale":"fr_FR","og_type":"article","og_title":"D\u00e9claration de Capgemini","og_description":"Compte tenu de rumeurs qui circulent actuellement, Capgemini r\u00e9affirme la position d\u00e9j\u00e0 exprim\u00e9e publiquement \u00e0 l\u2019\u00e9gard d\u2019Atos, et qui s\u2019applique \u00e9galement \u00e0 toute entit\u00e9 potentiellement issue du groupe Atos.","og_url":"https:\/\/www.capgemini.com\/ca-fr\/actualites\/communiques-de-presse\/declaration-de-capgemini-2\/","og_site_name":"Capgemini Canada French","article_modified_time":"2023-11-09T09:14:17+00:00","og_image":[{"width":1200,"height":627,"url":"https:\/\/www.capgemini.com\/ca-fr\/wp-content\/uploads\/sites\/21\/2025\/10\/New-Web-preview-global.jpg","type":"image\/jpeg"}],"twitter_card":"summary_large_image","schema":{"@context":"https:\/\/schema.org","@graph":[{"@type":"WebPage","@id":"https:\/\/www.capgemini.com\/ca-fr\/actualites\/communiques-de-presse\/declaration-de-capgemini-2\/","url":"https:\/\/www.capgemini.com\/ca-fr\/actualites\/communiques-de-presse\/declaration-de-capgemini-2\/","name":"D\u00e9claration de Capgemini - Capgemini Canada French","isPartOf":{"@id":"https:\/\/www.capgemini.com\/ca-fr\/#website"},"datePublished":"2022-07-01T08:00:00+00:00","dateModified":"2023-11-09T09:14:17+00:00","description":"Compte tenu de rumeurs qui circulent actuellement, Capgemini r\u00e9affirme la position d\u00e9j\u00e0 exprim\u00e9e publiquement \u00e0 l\u2019\u00e9gard d\u2019Atos, et qui s\u2019applique \u00e9galement \u00e0 toute entit\u00e9 potentiellement issue du groupe Atos.","breadcrumb":{"@id":"https:\/\/www.capgemini.com\/ca-fr\/actualites\/communiques-de-presse\/declaration-de-capgemini-2\/#breadcrumb"},"inLanguage":"fr-FR","potentialAction":[{"@type":"ReadAction","target":["https:\/\/www.capgemini.com\/ca-fr\/actualites\/communiques-de-presse\/declaration-de-capgemini-2\/"]}]},{"@type":"BreadcrumbList","@id":"https:\/\/www.capgemini.com\/ca-fr\/actualites\/communiques-de-presse\/declaration-de-capgemini-2\/#breadcrumb","itemListElement":[{"@type":"ListItem","position":1,"name":"Home","item":"https:\/\/www.capgemini.com\/ca-fr\/"},{"@type":"ListItem","position":2,"name":"Press Releases","item":"https:\/\/www.capgemini.com\/ca-fr\/news\/"},{"@type":"ListItem","position":3,"name":"D\u00e9claration de Capgemini"}]},{"@type":"WebSite","@id":"https:\/\/www.capgemini.com\/ca-fr\/#website","url":"https:\/\/www.capgemini.com\/ca-fr\/","name":"Capgemini Canada French","description":"Capgemini","potentialAction":[{"@type":"SearchAction","target":{"@type":"EntryPoint","urlTemplate":"https:\/\/www.capgemini.com\/ca-fr\/?s={search_term_string}"},"query-input":"required name=search_term_string"}],"inLanguage":"fr-FR"}]}},"parsely":{"version":"1.1.0","canonical_url":"https:\/\/capgemini.com\/ca-fr\/actualites\/communiques-de-presse\/declaration-de-capgemini-2\/","smart_links":{"inbound":0,"outbound":0},"traffic_boost_suggestions_count":0,"meta":{"@context":"https:\/\/schema.org","@type":"NewsArticle","headline":"D\u00e9claration de Capgemini","url":"https:\/\/www.capgemini.com\/ca-fr\/actualites\/communiques-de-presse\/declaration-de-capgemini-2\/","mainEntityOfPage":{"@type":"WebPage","@id":"https:\/\/www.capgemini.com\/ca-fr\/actualites\/communiques-de-presse\/declaration-de-capgemini-2\/"},"thumbnailUrl":"","image":{"@type":"ImageObject","url":""},"articleSection":"Uncategorized","author":[],"creator":[],"publisher":{"@type":"Organization","name":"Capgemini Canada French","logo":""},"keywords":[],"dateCreated":"2022-07-01T08:00:00Z","datePublished":"2022-07-01T08:00:00Z","dateModified":"2023-11-09T09:14:17Z"},"rendered":"<meta name=\"parsely-title\" content=\"D\u00e9claration de Capgemini\" \/>\n<meta name=\"parsely-link\" content=\"https:\/\/www.capgemini.com\/ca-fr\/actualites\/communiques-de-presse\/declaration-de-capgemini-2\/\" \/>\n<meta name=\"parsely-type\" content=\"post\" \/>\n<meta name=\"parsely-pub-date\" content=\"2022-07-01T08:00:00Z\" \/>\n<meta name=\"parsely-section\" content=\"Uncategorized\" \/>","tracker_url":"https:\/\/cdn.parsely.com\/keys\/capgemini.com\/p.js"},"archive_status":false,"featured_image_src":"https:\/\/www.capgemini.com\/ca-fr\/wp-content\/themes\/capgemini2025\/assets\/images\/mockup.png","featured_image_alt":false,"jetpack_sharing_enabled":true,"distributor_meta":false,"distributor_terms":false,"distributor_media":false,"distributor_original_site_name":"Capgemini Canada French","distributor_original_site_url":"https:\/\/www.capgemini.com\/ca-fr","push-errors":false,"tag_names":[],"_links":{"self":[{"href":"https:\/\/www.capgemini.com\/ca-fr\/wp-json\/wp\/v2\/press-release\/696392","targetHints":{"allow":["GET"]}}],"collection":[{"href":"https:\/\/www.capgemini.com\/ca-fr\/wp-json\/wp\/v2\/press-release"}],"about":[{"href":"https:\/\/www.capgemini.com\/ca-fr\/wp-json\/wp\/v2\/types\/press-release"}],"author":[{"embeddable":true,"href":"https:\/\/www.capgemini.com\/ca-fr\/wp-json\/wp\/v2\/users\/236"}],"version-history":[{"count":6,"href":"https:\/\/www.capgemini.com\/ca-fr\/wp-json\/wp\/v2\/press-release\/696392\/revisions"}],"predecessor-version":[{"id":707107,"href":"https:\/\/www.capgemini.com\/ca-fr\/wp-json\/wp\/v2\/press-release\/696392\/revisions\/707107"}],"wp:attachment":[{"href":"https:\/\/www.capgemini.com\/ca-fr\/wp-json\/wp\/v2\/media?parent=696392"}],"wp:term":[{"taxonomy":"post_tag","embeddable":true,"href":"https:\/\/www.capgemini.com\/ca-fr\/wp-json\/wp\/v2\/tags?post=696392"},{"taxonomy":"press-release-type","embeddable":true,"href":"https:\/\/www.capgemini.com\/ca-fr\/wp-json\/wp\/v2\/press-release-type?post=696392"},{"taxonomy":"brand","embeddable":true,"href":"https:\/\/www.capgemini.com\/ca-fr\/wp-json\/wp\/v2\/brand?post=696392"}],"curies":[{"name":"wp","href":"https:\/\/api.w.org\/{rel}","templated":true}]}}