{"id":3726,"date":"2019-05-24T17:45:00","date_gmt":"2019-05-24T17:45:00","guid":{"rendered":"https:\/\/www.capgemini.com\/ca-fr\/?post_type=press-release&#038;p=3726"},"modified":"2025-03-30T06:32:36","modified_gmt":"2025-03-30T06:32:36","slug":"assemblee-generale-du-23-mai-2019","status":"publish","type":"press-release","link":"https:\/\/www.capgemini.com\/ca-fr\/actualites\/communiques-de-presse\/assemblee-generale-du-23-mai-2019\/","title":{"rendered":"Assembl\u00e9e g\u00e9n\u00e9rale du 23 mai 2019"},"content":{"rendered":"\n<p><\/p>\n\n\n\t\t<div class=\"wp-block-cg-blocks-hero-press-release\">\n\t\t\t<header class=\"header-hero-press-release\" role=\"main\" id=\"main-content-press-release\">\n\t\t\t\t<div class=\"container\">\n\t\t\t\t\t<div class=\"hero-press-release\">\n\t\t\t\t\t\t<div class=\"hero-press-release-content-wrapper\">\n\t\t\t\t\t\t\t<div class=\"row\">\n\t\t\t\t\t\t\t\t<div class=\"col-12\">\n\t\t\t\t\t\t\t\t\t<div class=\"header-title\">\n\t\t\t\t\t\t\t\t\t\t<h1>\n\t\t\t\t\t\t\t\t\t\t\tAssembl\u00e9e g\u00e9n\u00e9rale du 23 mai 2019\t\t\t\t\t\t\t\t\t\t<\/h1>\n\t\t\t\t\t\t\t\t\t<\/div>\n\t\t\t\t\t\t\t\t\t<div class=\"header-description\">\n\t\t\t\t\t\t\t\t\t\t<p><\/p>\n\t\t\t\t\t\t\t\t\t<\/div>\n\t\t\t\t\t\t\t\t\t\t\t\t\t\t\t\t\t\t<div class=\"header-date\">\n\t\t\t\t\t\t\t\t\t\t<span>mai 24, 2019<\/span>\n\t\t\t\t\t\t\t\t\t<\/div>\n\t\t\t\t\t\t\t\t<\/div>\n\t\t\t\t\t\t\t<\/div>\n\t\t\t\t\t\t<\/div>\n\t\t\t\t\t\t\t\t\t\t\t\t\t<div class=\"hero-press-release-downloads\">\n\t\t\t\t\t\t\t\t<div class=\"row\">\n\t\t\t\t\t\t\t\t\t\t\t\t\t\t\t\t\t\t\t<div class=\"col-12 col-md-6 col-lg-3\">\n\t\t\t\t\t\t\t\t\t\t\t<a class=\"download-item\" type=\"download\" href=\"https:\/\/www.capgemini.com\/ca-fr\/wp-content\/uploads\/sites\/21\/2022\/11\/2019_05_24_Capgemini_Assemblee-Generale-des-Actionnaires-du-23mai2019.pdf\" target=\"_blank\" rel=\"noopener noreferrer\" title=\"Ouvrir dans une nouvelle fen\u00eatre\">\n\t\t\t\t\t\t\t\t\t\t\t\t<div class=\"download-icon\"><\/div>\n\t\t\t\t\t\t\t\t\t\t\t\t<div class=\"download-details\">\n\t\t\t\t\t\t\t\t\t\t\t\t\t<div class=\"download-title\">Download press release<\/div>\n\t\t\t\t\t\t\t\t\t\t\t\t\t<div class=\"download-props\">197 KB  pdf<\/div>\n\t\t\t\t\t\t\t\t\t\t\t\t<\/div>\n\t\t\t\t\t\t\t\t\t\t\t<\/a>\n\t\t\t\t\t\t\t\t\t\t<\/div>\n\t\t\t\t\t\t\t\t\t\t\t\t\t\t\t\t\t\t<\/div>\n\t\t\t\t\t\t\t<\/div>\n\t\t\t\t\t\t\t\t\t\t\t\t\t\t\t\t\t<\/div>\n\t\t\t\t<\/div>\n\t\t\t<\/header>\n\t\t<\/div>\n\t\t\n\n\n<section class=\"wp-block-cg-blocks-intro-para undefined section section--intro\"><div class=\"intro-para\"><div class=\"container\"><div class=\"row\"><div class=\"col-12 col-md-1\"><nav class=\"article-social\"><ul class=\"social-nav\"><li class=\"ip-order-fb\"><a href=\"https:\/\/www.facebook.com\/sharer\/sharer.php?u=https:\/\/www.capgemini.com\/ca-fr\/actualites\/communiques-de-presse\/assemblee-generale-du-23-mai-2019\/\" target=\"_blank\" rel=\"noopener noreferrer\" title=\"Ouvrir dans une nouvelle fen\u00eatre\"><i aria-hidden=\"true\" class=\"icon-fb\"><\/i><span class=\"sr-only\">Facebook<\/span><\/a><\/li><li class=\"ip-order-li\"><a href=\"https:\/\/www.linkedin.com\/sharing\/share-offsite\/?url=https:\/\/www.capgemini.com\/ca-fr\/actualites\/communiques-de-presse\/assemblee-generale-du-23-mai-2019\/\" target=\"_blank\" rel=\"noopener noreferrer\" title=\"Ouvrir dans une nouvelle fen\u00eatre\"><i aria-hidden=\"true\" class=\"icon-li\"><\/i><span class=\"sr-only\">Linkedin<\/span><\/a><\/li><\/ul><\/nav><\/div><div class=\"col-12 col-md-11 col-lg-10\"><h2 class=\"intro-para-title\"><strong>Paris, le 24 mai 2019 \u2013 L\u2019Assembl\u00e9e G\u00e9n\u00e9rale des actionnaires de Capgemini SE tenue hier au Pavillon Gabriel \u00e0 Paris a adopt\u00e9 l\u2019ensemble des 17 r\u00e9solutions qui \u00e9taient soumises au vote dont la nomination de Mme Xiaoqun Clever en qualit\u00e9 de membre du Conseil d\u2019Administration et la ratification de la cooptation de Mme Laura Desmond en tant qu\u2019administrateur \u00e0 compter du 1<sup>er<\/sup> janvier 2019.<\/strong><\/h2><\/div><\/div><\/div><\/div><\/section>\n\n\n\n<section class=\"wp-block-cg-blocks-group undefined section section--article-content\"><div class=\"article-main-content\"><div class=\"container\"><div class=\"row\"><div class=\"col-12 col-md-11 col-lg-10 offset-md-1 offset-lg-1\"><div class=\"article-text article-quote-text\">\n<p>L\u2019Assembl\u00e9e G\u00e9n\u00e9rale a \u00e9t\u00e9 l\u2019occasion pour Paul Hermelin, Pr\u00e9sident-directeur g\u00e9n\u00e9ral du groupe Capgemini de r\u00e9affirmer l\u2019ambition du Groupe : \u00ab <em>Nous avons atteint tous nos objectifs, et d\u00e9montr\u00e9 notre capacit\u00e9 \u00e0 conjuguer croissance soutenue et progression de notre rentabilit\u00e9. Cette belle performance a pu \u00eatre r\u00e9alis\u00e9e alors m\u00eame que nous engagions des travaux de transformation majeurs autour de deux axes strat\u00e9giques<\/em>, <em>port\u00e9s par les deux Directeurs g\u00e9n\u00e9raux d\u00e9l\u00e9gu\u00e9s du Groupe, Thierry Delaporte et Aiman Ezzat.<\/em><em> Nous avons cr\u00e9\u00e9 une gamme de solutions dynamiques qui nous positionne sur les segments de march\u00e9 les plus porteurs comme le cloud, la cybers\u00e9curit\u00e9, ou l\u2019intelligence artificielle. Nous avons fait \u00e9voluer notre organisation pour mettre l\u2019int\u00e9gralit\u00e9 de nos comp\u00e9tences \u00e0 la disposition de chaque client avec une forte expertise sectorielle et une pr\u00e9sence mondiale. <\/em><em>La transition manag\u00e9riale se d\u00e9roule dans de bonnes conditions et selon le calendrier annonc\u00e9 lors de l\u2019Assembl\u00e9e G\u00e9n\u00e9rale de 2017<\/em><em>. N<\/em><em>ous abordons ainsi les ann\u00e9es \u00e0 venir avec ambition et confiance.&nbsp;\u00bb<\/em><\/p>\n\n\n\n<p>Les actionnaires ont adopt\u00e9 la distribution d\u2019un dividende de 1,70 euro par action au titre de l\u2019exercice 2018, qui sera mis en paiement \u00e0 partir du 7 juin 2019, avec une date de d\u00e9tachement du coupon fix\u00e9e au 5 juin 2019.<\/p>\n\n\n\n<p>L\u2019Assembl\u00e9e G\u00e9n\u00e9rale a approuv\u00e9 les r\u00e9solutions portant sur la composition du Conseil, exprimant ainsi le soutien r\u00e9it\u00e9r\u00e9 des actionnaires du Groupe \u00e0 l\u2019ambition du Conseil de poursuivre son internationalisation, d\u2019approfondir son expertise sectorielle et d\u2019enrichir la diversit\u00e9 des profils, ambition engag\u00e9e depuis plusieurs ann\u00e9es&nbsp;:<\/p>\n\n\n\n<ul class=\"wp-block-list\">\n<li>La nomination de Mme Xiaoqun Clever, de nationalit\u00e9 allemande, en qualit\u00e9 d\u2019administrateur pour un mandat d\u2019une dur\u00e9e de quatre ans. Mme Xiaoqun Clever a acquis, au cours d\u2019une brillante carri\u00e8re dans l\u2019industrie du logiciel et de la donn\u00e9e, une solide exp\u00e9rience dans le domaine de la transformation digitale et la valorisation des donn\u00e9es. Sa parfaite connaissance des march\u00e9s en Asie et en Europe centrale sera en outre un atout pr\u00e9cieux pour le d\u00e9veloppement du Groupe dans des g\u00e9ographies cl\u00e9s pour son avenir.<\/li>\n\n\n\n<li>La ratification de la cooptation<a href=\"#_ftn2\" id=\"_ftnref2\">[1]<\/a> de Mme Laura Desmond, de nationalit\u00e9 am\u00e9ricaine, en tant qu\u2019administrateur, membre du Comit\u00e9 Strat\u00e9gie et RSE, \u00e0 compter du 1er janvier 2019 et jusqu\u2019\u00e0 l\u2019Assembl\u00e9e G\u00e9n\u00e9rale de 2020. Fondatrice et PDG d\u2019Eagle Vista Partners, une soci\u00e9t\u00e9 de conseil strat\u00e9gique et d\u2019investissement sp\u00e9cialis\u00e9e dans le marketing et les technologies digitales, et \u00e9galement membre du Conseil d\u2019Administration d\u2019Adobe depuis 2012, Mme Laura Desmond apportera au Conseil d\u2019Administration de Capgemini SE sa vaste exp\u00e9rience dans les domaines des <em>data analytics<\/em> et du marketing digital acquise en tant que cadre dirigeant et administrateur d\u2019acteurs cl\u00e9s de l\u2019industrie servant des clients de premier plan.<\/li>\n<\/ul>\n\n\n\n<p>Le Conseil a indiqu\u00e9 consid\u00e9rer Mme Xiaoqun Clever et Mme Laura Desmond comme administrateurs ind\u00e9pendants au regard des crit\u00e8res du Code AFEP-MEDEF auquel la Soci\u00e9t\u00e9 se r\u00e9f\u00e8re.<\/p>\n\n\n\n<p>A l\u2019issue de cette Assembl\u00e9e G\u00e9n\u00e9rale, le Conseil d\u2019Administration de Capgemini SE compte 14 administrateurs<a href=\"#_ftn4\" id=\"_ftnref4\">[2]<\/a>, dont deux administrateurs repr\u00e9sentant les salari\u00e9s. Il compte parmi ses membres 82% d\u2019administrateurs d\u2019ind\u00e9pendants<a href=\"#_ftn5\" id=\"_ftnref5\"><sup>[3]<\/sup><\/a>, 29% d\u2019administrateurs ayant des profils internationaux et 50% de femmes<a href=\"#_ftn6\" id=\"_ftnref6\"><sup>[4]<\/sup><\/a>.<\/p>\n\n\n\n<p>L\u2019Assembl\u00e9e G\u00e9n\u00e9rale a approuv\u00e9 les \u00e9l\u00e9ments de r\u00e9mun\u00e9ration et les avantages vers\u00e9s ou attribu\u00e9s au titre de l\u2019exercice 2018 \u00e0 M. Paul Hermelin, Pr\u00e9sident-directeur g\u00e9n\u00e9ral ainsi qu\u2019aux deux Directeurs g\u00e9n\u00e9raux d\u00e9l\u00e9gu\u00e9s, M. Thierry Delaporte et M. Aiman Ezzat. Les principes et crit\u00e8res de d\u00e9termination, de r\u00e9partition et d\u2019attribution des \u00e9l\u00e9ments fixes et variables, composant la r\u00e9mun\u00e9ration totale attribuables au titre de l\u2019exercice 2019 au Pr\u00e9sident-directeur g\u00e9n\u00e9ral et aux deux Directeurs g\u00e9n\u00e9raux d\u00e9l\u00e9gu\u00e9s ont \u00e9galement \u00e9t\u00e9 approuv\u00e9s.<\/p>\n\n\n\n<p>Enfin, l\u2019Assembl\u00e9e G\u00e9n\u00e9rale a exprim\u00e9 un vote favorable sur l\u2019ensemble des d\u00e9l\u00e9gations financi\u00e8res consenties au Conseil d\u2019Administration.<\/p>\n\n\n\n<p>Le r\u00e9sultat d\u00e9taill\u00e9 des votes par r\u00e9solution est disponible sur le site de Capgemini&nbsp;: <a href=\"https:\/\/investors.capgemini.com\/fr\/event\/assembl%C3%A9e-g%C3%A9n%C3%A9rale-2019\/\">ici<\/a>.<\/p>\n\n\n\n<p><strong>\u00c0 propos de Capgemini<\/strong><\/p>\n\n\n\n<p>Capgemini est un leader mondial du conseil, des services informatiques et de la transformation num\u00e9rique. A la pointe de l\u2019innovation, le Groupe aide ses clients \u00e0 saisir l\u2019ensemble des opportunit\u00e9s que pr\u00e9sentent le cloud, le digital et les plateformes. Fort de 50&nbsp;ans d\u2019exp\u00e9rience et d\u2019une grande expertise des diff\u00e9rents secteurs d\u2019activit\u00e9, il accompagne les entreprises et organisations dans la r\u00e9alisation de leurs ambitions, de la d\u00e9finition de leur strat\u00e9gie \u00e0 la mise en \u0153uvre de leurs op\u00e9rations. Pour Capgemini, ce sont les hommes et les femmes qui donnent toute sa valeur \u00e0 la technologie. R\u00e9solument multiculturel, le Groupe compte plus de 200&nbsp;000 collaborateurs pr\u00e9sents dans plus de 40 pays. Il a r\u00e9alis\u00e9 un chiffre d\u2019affaires de 13,2&nbsp;milliards d\u2019euros en 2018.<\/p>\n\n\n\n<p>Plus d\u2019informations sur <a href=\"http:\/\/www.capgemini.com\">www.capgemini.com<\/a>. <em>People matter, results count<\/em>.<\/p>\n\n\n\n<p><strong>AVERTISSEMENT<\/strong><\/p>\n\n\n\n<p>Le pr\u00e9sent communiqu\u00e9 de presse est susceptible de contenir des informations prospectives. Ces informations peuvent comprendre des projections, des estimations, des hypoth\u00e8ses, des informations concernant des projets, des objectifs, des intentions et\/ou des attentes portant sur des r\u00e9sultats financiers futurs, des \u00e9v\u00e8nements, des op\u00e9rations, le d\u00e9veloppement de services et de produits futurs, ainsi que des informations relatives \u00e0 des performances ou \u00e0 des \u00e9v\u00e8nements futurs. Ces informations prospectives sont g\u00e9n\u00e9ralement reconnaissables \u00e0 l\u2019emploi des termes \u00ab&nbsp;s\u2019attendre \u00e0&nbsp;\u00bb, \u00ab&nbsp;anticiper&nbsp;\u00bb, \u00ab&nbsp;penser que&nbsp;\u00bb, \u00ab&nbsp;avoir l\u2019intention de&nbsp;\u00bb, \u00ab&nbsp;estimer&nbsp;\u00bb, \u00ab&nbsp;pr\u00e9voir&nbsp;\u00bb, \u00ab&nbsp;projeter&nbsp;\u00bb, \u00ab&nbsp;pourrait&nbsp;\u00bb, \u00ab&nbsp;devrait&nbsp;\u00bb ou \u00e0 l\u2019emploi de la forme n\u00e9gative de ces termes et \u00e0 d\u2019autres expressions de m\u00eame nature. La direction de Capgemini consid\u00e8re actuellement que ces informations prospectives traduisent des attentes raisonnables&nbsp;; la soci\u00e9t\u00e9 alerte cependant les investisseurs sur le fait que ces informations prospectives sont soumises \u00e0 des risques et incertitudes (y compris, notamment, les risques identifi\u00e9s dans le Document de R\u00e9f\u00e9rence de Capgemini, disponible sur le site internet de Capgemini), \u00e9tant donn\u00e9 qu\u2019elles ont trait \u00e0 des \u00e9v\u00e8nements futurs et d\u00e9pendent des circonstances futures dont la r\u00e9alisation est incertaine et qui peuvent diff\u00e9rer de ceux anticip\u00e9s, souvent difficilement pr\u00e9visibles et g\u00e9n\u00e9ralement en dehors du contr\u00f4le de Capgemini. Les r\u00e9sultats et les \u00e9v\u00e8nements r\u00e9els sont susceptibles de diff\u00e9rer significativement, de ceux qui sont exprim\u00e9s, impliqu\u00e9s ou projet\u00e9s dans les informations prospectives. Les informations prospectives ne donnent aucune garantie de r\u00e9alisation d\u2019\u00e9v\u00e8nements ou de r\u00e9sultats futurs et n\u2019ont pas cette vocation. Capgemini ne prend aucun engagement de mettre \u00e0 jour ou de r\u00e9viser les informations prospectives sous r\u00e9serve de ses obligations l\u00e9gales.<\/p>\n\n\n\n<p>Le pr\u00e9sent communiqu\u00e9 de presse ne constitue pas une offre d\u2019instruments financiers au public et ne contient pas d\u2019invitation ou d\u2019incitation \u00e0 investir dans des instruments financiers en France, aux \u00c9tats-Unis ou n\u2019importe quel autre pays.<\/p>\n\n\n\n<p><strong>Biographies:<\/strong><\/p>\n\n\n\n<p><strong>Xiaoqun Clever<\/strong><\/p>\n\n\n\n<p>Mme Xiaoqun Clever, de nationalit\u00e9 allemande, est titulaire d\u2019un Executive MBA de l\u2019Universit\u00e9 de West Florida (\u00c9tats-Unis) et dipl\u00f4m\u00e9e de l\u2019Institut de technologie de Karlsruhe (Allemagne) en informatique et marketing international. Elle a \u00e9galement \u00e9tudi\u00e9 l\u2019informatique et la technologie \u00e0 l\u2019Universit\u00e9 TsingHua de P\u00e9kin (Chine).<\/p>\n\n\n\n<p>Mme Xiaoqun Clever a plus de 20 ans d\u2019exp\u00e9rience en tant que responsable technologique. N\u00e9e en Chine, elle a occup\u00e9 divers postes de direction dans des entreprises internationales. Elle a notamment pass\u00e9 16 ans chez SAP&nbsp;SE o\u00f9 elle a occup\u00e9 diff\u00e9rents postes dont celui de Directeur de la Technologie et de l\u2019Innovation (de 2006 \u00e0 2009), de Vice-Pr\u00e9sident senior, <em>Design<\/em> &amp; Nouvelles Applications (de 2009 \u00e0 2012) et Vice-Pr\u00e9sident Ex\u00e9cutif &amp; Pr\u00e9sident de <em>Labs<\/em> en Chine (de 2012 \u00e0 2013). De 2014 \u00e0 2015, elle a \u00e9t\u00e9 Directeur de la Technologie de ProSiebenSat.1 Media&nbsp;SE, un groupe de m\u00e9dias allemand. Par la suite, elle a \u00e9t\u00e9 Directeur de la Technologie et des Donn\u00e9es et membre de la direction du groupe Ringier, un groupe de m\u00e9dias international bas\u00e9 \u00e0 Zurich, Suisse (de janvier 2016 \u00e0 f\u00e9vrier 2019).<\/p>\n\n\n\n<p>Mme Xiaoqun Clever est membre du Conseil de Surveillance d\u2019Allianz Elementar Versicherungs AG et d\u2019Allianz Elementar Lebensverischerungs AG (depuis 2015) ainsi que de Maxingvest SE (depuis 2017).<\/p>\n\n\n\n<p><strong>Laura Desmond<\/strong><\/p>\n\n\n\n<p>Mme Laura Desmond est citoyenne am\u00e9ricaine et r\u00e9side \u00e0 Chicago. Elle est dipl\u00f4m\u00e9e (B.B.A.) en marketing de l\u2019Universit\u00e9 de l\u2019Iowa.<\/p>\n\n\n\n<p>Mme Laura Desmond a \u00e9t\u00e9 Directrice g\u00e9n\u00e9rale du groupe Starcom MediaVest (SMG) en Am\u00e9rique latine, la branche de conseil m\u00e9dias du groupe Publicis, de 2000 \u00e0 2002, et Directrice g\u00e9n\u00e9rale de MediaVest, bas\u00e9e \u00e0 New York, de 2003 \u00e0 2007. Elle a \u00e9t\u00e9 Directrice g\u00e9n\u00e9rale de la r\u00e9gion Am\u00e9riques de SMG de 2007 \u00e0 2008, couvrant les \u00c9tats- Unis, le Canada et l\u2019Am\u00e9rique latine. De 2008 \u00e0 d\u00e9cembre 2016, elle a exerc\u00e9 la fonction de Directrice g\u00e9n\u00e9rale monde du groupe Starcom MediaVest (SMG). De d\u00e9cembre 2016 \u00e0 d\u00e9cembre 2017, elle a occup\u00e9 le poste de <em>Chief Revenue Officer<\/em> de Publicis Groupe.<\/p>\n\n\n\n<p>Mme Laura Desmond si\u00e8ge par ailleurs au Conseil d\u2019Administration de Adobe Systems (depuis 2012), Syniverse Technologies (depuis 2016) et est Administrateur R\u00e9f\u00e9rent de Double Verify (depuis 2017). Elle est la Fondatrice et Directrice g\u00e9n\u00e9rale de Eagle Vista Partners, soci\u00e9t\u00e9 de conseil strat\u00e9gique et d\u2019investissement sp\u00e9cialis\u00e9e dans le marketing et les technologiques digitales, bas\u00e9e \u00e0 Chicago.<\/p>\n\n\n\n<p>Mme Laura Desmond a \u00e9t\u00e9 coopt\u00e9e par le Conseil d\u2019Administration de Capgemini SE avec effet au 1<sup>er<\/sup> janvier 2019 et est membre du Comit\u00e9 Strat\u00e9gie et Investissement (renomm\u00e9 Comit\u00e9 Strat\u00e9gie et RSE en mars 2019) depuis cette date.<\/p>\n\n\n\n<p><strong>Composition du Conseil d\u2019Administration de Capgemini SE <\/strong><strong>\u00e0 l\u2019issue de l\u2019Assembl\u00e9e G\u00e9n\u00e9rale du 23 mai 2019<\/strong><\/p>\n\n\n\n<p>Paul Hermelin \u2013 <em>Pr\u00e9sident-directeur g\u00e9n\u00e9ral<\/em><\/p>\n\n\n\n<p>Daniel Bernard \u2013 <em>Vice-Pr\u00e9sident<\/em><\/p>\n\n\n\n<p>Anne Bouverot<\/p>\n\n\n\n<p>Laura Desmond<\/p>\n\n\n\n<p>Laurence Dors<\/p>\n\n\n\n<p>Xiaoqun Clever<\/p>\n\n\n\n<p>Robert Fretel \u2013 <em>Administrateur repr\u00e9sentant les salari\u00e9s<\/em><\/p>\n\n\n\n<p>Si\u00e2n Herbert-Jones<\/p>\n\n\n\n<p>Kevin Masters \u2013 <em>Administrateur repr\u00e9sentant les salari\u00e9s<\/em><\/p>\n\n\n\n<p>Xavier Musca<\/p>\n\n\n\n<p>Fr\u00e9d\u00e9ric Oud\u00e9a<\/p>\n\n\n\n<p>Patrick Pouyann\u00e9<\/p>\n\n\n\n<p>Pierre Pringuet \u2013 <em>Administrateur R\u00e9f\u00e9rent<\/em><\/p>\n\n\n\n<p>Lucia Sinapi-Thomas \u2013 <em>Administrateur repr\u00e9sentant les salari\u00e9s actionnaires<\/em><\/p>\n\n\n\n<p><a href=\"#_ftnref2\" id=\"_ftn2\">[1]<\/a> Cooptation faite \u00e0 titre provisoire par le Conseil d\u2019Administration du <a href=\"https:\/\/www.capgemini.com\/ca-fr\/news\/le-conseil-dadministration-de-capgemini-coopte-laura-desmond-en-qualite-dadministrateur\/\">5 d\u00e9cembre 2018<\/a> sur le mandat laiss\u00e9 vacant par Mme&nbsp;Carole Ferrand, pour la dur\u00e9e restant \u00e0 courir du mandat de cette derni\u00e8re, soit jusqu\u2019\u00e0 l\u2019Assembl\u00e9e G\u00e9n\u00e9rale de 2020 appel\u00e9e \u00e0 statuer sur les comptes de l\u2019exercice clos le 31 d\u00e9cembre 2019. Pour rappel, Mme Carole Ferrand a quitt\u00e9 le Conseil d\u2019Administration le 28 mai 2018.<\/p>\n\n\n\n<p><a href=\"#_ftnref4\" id=\"_ftn4\">[2]<\/a> Composition du Conseil d\u2019Administration en annexe.<\/p>\n\n\n\n<p><a href=\"#_ftnref5\" id=\"_ftn5\">[3]<\/a> Les administrateurs repr\u00e9sentant les salari\u00e9s et les salari\u00e9s actionnaires ne sont pas pris en compte pour le calcul de ce pourcentage, conform\u00e9ment aux dispositions du Code AFEP-MEDEF.<\/p>\n\n\n\n<p><a href=\"#_ftnref6\" id=\"_ftn6\">[4]<\/a> Les deux administrateurs repr\u00e9sentant les salari\u00e9s ne sont pas pris en compte pour le calcul de ce pourcentage, conform\u00e9ment aux dispositions de l\u2019article L.225-27 du Code de Commerce.<\/p>\n\n\n<div class=\"wp-block-cg-blocks-cg-block-related-content\"><section class=\"relatedContentBlock\"><div class=\"container\"><div class=\"row\"><div class=\"content-title col-12 col-md-8\"><h2 class=\"related-content-heading\">Related News<\/h2><\/div><\/div><div class=\"row relatedContent\"><div class=\"col-lg-4 col-md-6 col-xs-12\">\n\t\t\t\t\t\t\t<div class=\"box\">\n\t\t\t\t\t\t\t\t<a aria-label=\"Lire la suite Capgemini et McDonald\u2019s renouvellent leur partenariat strat\u00e9gique avec un accord mondial pluriannuel ax\u00e9 sur le d\u00e9ploiement de plateformes modernes et \u00e9volutives\" href=\"https:\/\/www.capgemini.com\/ca-fr\/actualites\/communiques-de-presse\/capgemini-et-mcdonalds-renouvellent-leur-partenariat-strategique-avec-un-accord-mondial-pluriannuel-axe-sur-le-deploiement-de-plateformes-modernes-et-evolutives\/\" class=\"anchorWrapper\">\n\t\t\t\t\t\t\t\t\t<span class=\"box-tag\"><span>Actualit\u00e9s client<\/span><\/span>\n\t\t\t\t\t\t\t\t\t<div class=\"box-title\"><h3 class=\"box-subtitle\">Capgemini et McDonald\u2019s renouvellent leur partenariat strat\u00e9gique avec un accord mondial pluriannuel ax\u00e9 sur le d\u00e9ploiement de plateformes modernes et \u00e9volutives<\/h3><\/div>\n\t\t\t\t\t\t\t\t\t<div class=\"box-date\">\n\t\t\t\t\t\t\t\t\t\t<span>Apr 15, 2026<\/span>\n\t\t\t\t\t\t\t\t\t<\/div>\n\t\t\t\t\t\t\t\t\t<div class=\"box-bottom\">\n\t\t\t\t\t\t\t\t\t\t&lt;a class=&quot;link-download&quot; href=&quot;https:\/\/www.capgemini.com\/fr-fr\/wp-content\/uploads\/sites\/6\/2026\/03\/2026_03_05_McDonalds_Capgemini_Press-Release_FR.pdf&quot; aria-label=&quot;T\u00e9l\u00e9charger le communiqu\u00e9 de presse&quot; target=&quot;_blank&quot;  type=&quot;download&quot; title=&quot;Opens in a new window&quot;&gt;\n\t\t\t\t\t\t\t&lt;span&gt;T\u00e9l\u00e9charger le communiqu\u00e9 de presse&lt;\/span&gt;\n\t\t\t\t\t\t\t&lt;span&gt;142 KB PDF&lt;\/span&gt;\n\t\t\t\t\t\t&lt;\/a&gt;\n\t\t\t\t\t\t\t\t\t\t<a class=\"more\" aria-label=\"Lire la suite Capgemini et McDonald\u2019s renouvellent leur partenariat strat\u00e9gique avec un accord mondial pluriannuel ax\u00e9 sur le d\u00e9ploiement de plateformes modernes et \u00e9volutives\" href=\"https:\/\/www.capgemini.com\/ca-fr\/actualites\/communiques-de-presse\/capgemini-et-mcdonalds-renouvellent-leur-partenariat-strategique-avec-un-accord-mondial-pluriannuel-axe-sur-le-deploiement-de-plateformes-modernes-et-evolutives\/\">Lire la suite<\/a>\n\t\t\t\t\t\t\t\t\t<\/div>\n\t\t\t\t\t\t\t\t<\/a>\n\t\t\t\t\t\t\t<\/div>\n\t\t\t\t\t\t<\/div><div class=\"col-lg-4 col-md-6 col-xs-12\">\n\t\t\t\t\t\t\t<div class=\"box\">\n\t\t\t\t\t\t\t\t<a aria-label=\"Lire la suite Capgemini et OpenAI unissent leurs forces pour acc\u00e9l\u00e9rer la nouvelle \u00e8re de transformation des entreprises par l\u2019IA avec la Frontier Alliance\" href=\"https:\/\/www.capgemini.com\/ca-fr\/actualites\/communiques-de-presse\/partenariat-avec-openai\/\" class=\"anchorWrapper\">\n\t\t\t\t\t\t\t\t\t<span class=\"box-tag\"><span>Partenariats<\/span><\/span>\n\t\t\t\t\t\t\t\t\t<div class=\"box-title\"><h3 class=\"box-subtitle\">Capgemini et OpenAI unissent leurs forces pour acc\u00e9l\u00e9rer la nouvelle \u00e8re de transformation des entreprises par l\u2019IA avec la Frontier Alliance<\/h3><\/div>\n\t\t\t\t\t\t\t\t\t<div class=\"box-date\">\n\t\t\t\t\t\t\t\t\t\t<span>Mar 22, 2026<\/span>\n\t\t\t\t\t\t\t\t\t<\/div>\n\t\t\t\t\t\t\t\t\t<div class=\"box-bottom\">\n\t\t\t\t\t\t\t\t\t\t&lt;a class=&quot;link-download&quot; href=&quot;https:\/\/www.capgemini.com\/wp-content\/uploads\/2026\/02\/02_23_Capgemini-News-Alert_OpenAI-Frontier-Alliance.pdf&quot; aria-label=&quot;T\u00e9l\u00e9charger le communiqu\u00e9 de presse&quot; target=&quot;_blank&quot;  type=&quot;download&quot; title=&quot;Opens in a new window&quot;&gt;\n\t\t\t\t\t\t\t&lt;span&gt;T\u00e9l\u00e9charger le communiqu\u00e9 de presse&lt;\/span&gt;\n\t\t\t\t\t\t\t&lt;span&gt;132 KB PDF&lt;\/span&gt;\n\t\t\t\t\t\t&lt;\/a&gt;\n\t\t\t\t\t\t\t\t\t\t<a class=\"more\" aria-label=\"Lire la suite Capgemini et OpenAI unissent leurs forces pour acc\u00e9l\u00e9rer la nouvelle \u00e8re de transformation des entreprises par l\u2019IA avec la Frontier Alliance\" href=\"https:\/\/www.capgemini.com\/ca-fr\/actualites\/communiques-de-presse\/partenariat-avec-openai\/\">Lire la suite<\/a>\n\t\t\t\t\t\t\t\t\t<\/div>\n\t\t\t\t\t\t\t\t<\/a>\n\t\t\t\t\t\t\t<\/div>\n\t\t\t\t\t\t<\/div><div class=\"col-lg-4 col-md-6 col-xs-12\">\n\t\t\t\t\t\t\t<div class=\"box\">\n\t\t\t\t\t\t\t\t<a aria-label=\"Lire la suite Capgemini d\u00e9veloppe une solution d\u2019IA agentique pour soutenir l\u2019UNICEF et l\u2019aider \u00e0 am\u00e9liorer l\u2019acc\u00e8s des jeunes aux carri\u00e8res vertes\" href=\"https:\/\/www.capgemini.com\/ca-fr\/actualites\/communiques-de-presse\/capgemini-developpe-une-solution-d-ia-agentique-pour-soutenir-lunicef-dans-lamelioration-de-lacces-des-jeunes-aux-carrieres-vertes\/\" class=\"anchorWrapper\">\n\t\t\t\t\t\t\t\t\t<span class=\"box-tag\"><span>Actualit\u00e9s du Groupe<\/span><\/span>\n\t\t\t\t\t\t\t\t\t<div class=\"box-title\"><h3 class=\"box-subtitle\">Capgemini d\u00e9veloppe une solution d\u2019IA agentique pour soutenir l\u2019UNICEF et l\u2019aider \u00e0 am\u00e9liorer l\u2019acc\u00e8s des jeunes aux carri\u00e8res vertes<\/h3><\/div>\n\t\t\t\t\t\t\t\t\t<div class=\"box-date\">\n\t\t\t\t\t\t\t\t\t\t<span>Mar 19, 2026<\/span>\n\t\t\t\t\t\t\t\t\t<\/div>\n\t\t\t\t\t\t\t\t\t<div class=\"box-bottom\">\n\t\t\t\t\t\t\t\t\t\t&lt;a class=&quot;link-download&quot; href=&quot;https:\/\/www.capgemini.com\/wp-content\/uploads\/2025\/12\/12_02_Capgemini-news-alert_GDSC-2025.pdf&quot; aria-label=&quot;T\u00e9l\u00e9charger le communiqu\u00e9 de presse&quot; target=&quot;_blank&quot;  type=&quot;download&quot; title=&quot;Opens in a new window&quot;&gt;\n\t\t\t\t\t\t\t&lt;span&gt;T\u00e9l\u00e9charger le communiqu\u00e9 de presse&lt;\/span&gt;\n\t\t\t\t\t\t\t&lt;span&gt;163 KB PDF&lt;\/span&gt;\n\t\t\t\t\t\t&lt;\/a&gt;\n\t\t\t\t\t\t\t\t\t\t<a class=\"more\" aria-label=\"Lire la suite Capgemini d\u00e9veloppe une solution d\u2019IA agentique pour soutenir l\u2019UNICEF et l\u2019aider \u00e0 am\u00e9liorer l\u2019acc\u00e8s des jeunes aux carri\u00e8res vertes\" href=\"https:\/\/www.capgemini.com\/ca-fr\/actualites\/communiques-de-presse\/capgemini-developpe-une-solution-d-ia-agentique-pour-soutenir-lunicef-dans-lamelioration-de-lacces-des-jeunes-aux-carrieres-vertes\/\">Lire la suite<\/a>\n\t\t\t\t\t\t\t\t\t<\/div>\n\t\t\t\t\t\t\t\t<\/a>\n\t\t\t\t\t\t\t<\/div>\n\t\t\t\t\t\t<\/div><\/div><\/div><\/section><\/div><\/div><\/div><\/div><\/div><\/div><\/section>\n","protected":false},"excerpt":{"rendered":"","protected":false},"author":336,"featured_media":0,"template":"","meta":{"cg_dt_proposed_to":[],"cg_seo_hreflang_relations":"[]","cg_seo_canonical_relation":"","cg_seo_hreflang_x_default_relation":"{\"uuid\":\"51ac17a4-2bb8-4c90-8a9f-3d31159fa4fd\",\"blogId\":\"\",\"domain\":\"\",\"sitePath\":\"\",\"postLink\":\"\",\"postId\":null,\"isSaved\":true,\"isCrossLink\":false,\"hasCrossLink\":false}","cg_dt_approved_content":true,"cg_dt_mandatory_content":false,"cg_dt_notes":"","cg_dg_source_changed":false,"cg_dt_link_disabled":false,"footnotes":"","related_resource_url":"https:\/\/www.capgemini.com\/ca-fr\/wp-content\/uploads\/sites\/21\/2022\/11\/2019_05_24_Capgemini_Assemblee-Generale-des-Actionnaires-du-23mai2019.pdf","related_resource_id":3727,"related_resource_size":"197 KB","related_resource_type":"pdf","cg_author":0,"featured_focal_points":""},"tags":[],"press-release-type":[],"brand":[],"class_list":["post-3726","press-release","type-press-release","status-publish","hentry"],"yoast_head":"<!-- This site is optimized with the Yoast SEO Premium plugin v22.8 (Yoast SEO v22.8) - https:\/\/yoast.com\/wordpress\/plugins\/seo\/ -->\n<title>Assembl\u00e9e g\u00e9n\u00e9rale du 23 mai 2019 - Capgemini Canada French<\/title>\n<meta name=\"robots\" content=\"index, follow, max-snippet:-1, max-image-preview:large, max-video-preview:-1\" \/>\n<link rel=\"canonical\" href=\"https:\/\/www.capgemini.com\/ca-fr\/actualites\/communiques-de-presse\/assemblee-generale-du-23-mai-2019\/\" \/>\n<meta property=\"og:locale\" content=\"fr_FR\" \/>\n<meta property=\"og:type\" content=\"article\" \/>\n<meta property=\"og:title\" content=\"Assembl\u00e9e g\u00e9n\u00e9rale du 23 mai 2019\" \/>\n<meta property=\"og:url\" content=\"https:\/\/www.capgemini.com\/ca-fr\/actualites\/communiques-de-presse\/assemblee-generale-du-23-mai-2019\/\" \/>\n<meta property=\"og:site_name\" content=\"Capgemini Canada French\" \/>\n<meta property=\"article:modified_time\" content=\"2025-03-30T06:32:36+00:00\" \/>\n<meta property=\"og:image\" content=\"https:\/\/www.capgemini.com\/ca-fr\/wp-content\/uploads\/sites\/21\/2025\/10\/New-Web-preview-global.jpg\" \/>\n\t<meta property=\"og:image:width\" content=\"1200\" \/>\n\t<meta property=\"og:image:height\" content=\"627\" \/>\n\t<meta property=\"og:image:type\" content=\"image\/jpeg\" \/>\n<meta name=\"twitter:card\" content=\"summary_large_image\" \/>\n<script type=\"application\/ld+json\" class=\"yoast-schema-graph\">{\"@context\":\"https:\/\/schema.org\",\"@graph\":[{\"@type\":\"WebPage\",\"@id\":\"https:\/\/www.capgemini.com\/ca-fr\/actualites\/communiques-de-presse\/assemblee-generale-du-23-mai-2019\/\",\"url\":\"https:\/\/www.capgemini.com\/ca-fr\/actualites\/communiques-de-presse\/assemblee-generale-du-23-mai-2019\/\",\"name\":\"Assembl\u00e9e g\u00e9n\u00e9rale du 23 mai 2019 - Capgemini Canada French\",\"isPartOf\":{\"@id\":\"https:\/\/www.capgemini.com\/ca-fr\/#website\"},\"datePublished\":\"2019-05-24T17:45:00+00:00\",\"dateModified\":\"2025-03-30T06:32:36+00:00\",\"breadcrumb\":{\"@id\":\"https:\/\/www.capgemini.com\/ca-fr\/actualites\/communiques-de-presse\/assemblee-generale-du-23-mai-2019\/#breadcrumb\"},\"inLanguage\":\"fr-FR\",\"potentialAction\":[{\"@type\":\"ReadAction\",\"target\":[\"https:\/\/www.capgemini.com\/ca-fr\/actualites\/communiques-de-presse\/assemblee-generale-du-23-mai-2019\/\"]}]},{\"@type\":\"BreadcrumbList\",\"@id\":\"https:\/\/www.capgemini.com\/ca-fr\/actualites\/communiques-de-presse\/assemblee-generale-du-23-mai-2019\/#breadcrumb\",\"itemListElement\":[{\"@type\":\"ListItem\",\"position\":1,\"name\":\"Home\",\"item\":\"https:\/\/www.capgemini.com\/ca-fr\/\"},{\"@type\":\"ListItem\",\"position\":2,\"name\":\"Press Releases\",\"item\":\"https:\/\/www.capgemini.com\/ca-fr\/news\/\"},{\"@type\":\"ListItem\",\"position\":3,\"name\":\"Assembl\u00e9e g\u00e9n\u00e9rale du 23 mai 2019\"}]},{\"@type\":\"WebSite\",\"@id\":\"https:\/\/www.capgemini.com\/ca-fr\/#website\",\"url\":\"https:\/\/www.capgemini.com\/ca-fr\/\",\"name\":\"Capgemini Canada French\",\"description\":\"Capgemini\",\"potentialAction\":[{\"@type\":\"SearchAction\",\"target\":{\"@type\":\"EntryPoint\",\"urlTemplate\":\"https:\/\/www.capgemini.com\/ca-fr\/?s={search_term_string}\"},\"query-input\":\"required name=search_term_string\"}],\"inLanguage\":\"fr-FR\"}]}<\/script>\n<!-- \/ Yoast SEO Premium plugin. -->","yoast_head_json":{"title":"Assembl\u00e9e g\u00e9n\u00e9rale du 23 mai 2019 - Capgemini Canada French","robots":{"index":"index","follow":"follow","max-snippet":"max-snippet:-1","max-image-preview":"max-image-preview:large","max-video-preview":"max-video-preview:-1"},"canonical":"https:\/\/www.capgemini.com\/ca-fr\/actualites\/communiques-de-presse\/assemblee-generale-du-23-mai-2019\/","og_locale":"fr_FR","og_type":"article","og_title":"Assembl\u00e9e g\u00e9n\u00e9rale du 23 mai 2019","og_url":"https:\/\/www.capgemini.com\/ca-fr\/actualites\/communiques-de-presse\/assemblee-generale-du-23-mai-2019\/","og_site_name":"Capgemini Canada French","article_modified_time":"2025-03-30T06:32:36+00:00","og_image":[{"width":1200,"height":627,"url":"https:\/\/www.capgemini.com\/ca-fr\/wp-content\/uploads\/sites\/21\/2025\/10\/New-Web-preview-global.jpg","type":"image\/jpeg"}],"twitter_card":"summary_large_image","schema":{"@context":"https:\/\/schema.org","@graph":[{"@type":"WebPage","@id":"https:\/\/www.capgemini.com\/ca-fr\/actualites\/communiques-de-presse\/assemblee-generale-du-23-mai-2019\/","url":"https:\/\/www.capgemini.com\/ca-fr\/actualites\/communiques-de-presse\/assemblee-generale-du-23-mai-2019\/","name":"Assembl\u00e9e g\u00e9n\u00e9rale du 23 mai 2019 - Capgemini Canada French","isPartOf":{"@id":"https:\/\/www.capgemini.com\/ca-fr\/#website"},"datePublished":"2019-05-24T17:45:00+00:00","dateModified":"2025-03-30T06:32:36+00:00","breadcrumb":{"@id":"https:\/\/www.capgemini.com\/ca-fr\/actualites\/communiques-de-presse\/assemblee-generale-du-23-mai-2019\/#breadcrumb"},"inLanguage":"fr-FR","potentialAction":[{"@type":"ReadAction","target":["https:\/\/www.capgemini.com\/ca-fr\/actualites\/communiques-de-presse\/assemblee-generale-du-23-mai-2019\/"]}]},{"@type":"BreadcrumbList","@id":"https:\/\/www.capgemini.com\/ca-fr\/actualites\/communiques-de-presse\/assemblee-generale-du-23-mai-2019\/#breadcrumb","itemListElement":[{"@type":"ListItem","position":1,"name":"Home","item":"https:\/\/www.capgemini.com\/ca-fr\/"},{"@type":"ListItem","position":2,"name":"Press Releases","item":"https:\/\/www.capgemini.com\/ca-fr\/news\/"},{"@type":"ListItem","position":3,"name":"Assembl\u00e9e g\u00e9n\u00e9rale du 23 mai 2019"}]},{"@type":"WebSite","@id":"https:\/\/www.capgemini.com\/ca-fr\/#website","url":"https:\/\/www.capgemini.com\/ca-fr\/","name":"Capgemini Canada French","description":"Capgemini","potentialAction":[{"@type":"SearchAction","target":{"@type":"EntryPoint","urlTemplate":"https:\/\/www.capgemini.com\/ca-fr\/?s={search_term_string}"},"query-input":"required name=search_term_string"}],"inLanguage":"fr-FR"}]}},"parsely":{"version":"1.1.0","canonical_url":"https:\/\/capgemini.com\/ca-fr\/actualites\/communiques-de-presse\/assemblee-generale-du-23-mai-2019\/","smart_links":{"inbound":0,"outbound":0},"traffic_boost_suggestions_count":0,"meta":{"@context":"https:\/\/schema.org","@type":"NewsArticle","headline":"Assembl\u00e9e g\u00e9n\u00e9rale du 23 mai 2019","url":"https:\/\/www.capgemini.com\/ca-fr\/actualites\/communiques-de-presse\/assemblee-generale-du-23-mai-2019\/","mainEntityOfPage":{"@type":"WebPage","@id":"https:\/\/www.capgemini.com\/ca-fr\/actualites\/communiques-de-presse\/assemblee-generale-du-23-mai-2019\/"},"thumbnailUrl":"","image":{"@type":"ImageObject","url":""},"articleSection":"Uncategorized","author":[],"creator":[],"publisher":{"@type":"Organization","name":"Capgemini Canada French","logo":""},"keywords":[],"dateCreated":"2019-05-24T17:45:00Z","datePublished":"2019-05-24T17:45:00Z","dateModified":"2025-03-30T06:32:36Z"},"rendered":"<meta name=\"parsely-title\" content=\"Assembl\u00e9e g\u00e9n\u00e9rale du 23 mai 2019\" \/>\n<meta name=\"parsely-link\" content=\"https:\/\/www.capgemini.com\/ca-fr\/actualites\/communiques-de-presse\/assemblee-generale-du-23-mai-2019\/\" \/>\n<meta name=\"parsely-type\" content=\"post\" \/>\n<meta name=\"parsely-pub-date\" content=\"2019-05-24T17:45:00Z\" \/>\n<meta name=\"parsely-section\" content=\"Uncategorized\" \/>","tracker_url":"https:\/\/cdn.parsely.com\/keys\/capgemini.com\/p.js"},"archive_status":false,"featured_image_src":"https:\/\/www.capgemini.com\/ca-fr\/wp-content\/themes\/capgemini2025\/assets\/images\/mockup.png","featured_image_alt":false,"jetpack_sharing_enabled":true,"distributor_meta":false,"distributor_terms":false,"distributor_media":false,"distributor_original_site_name":"Capgemini Canada French","distributor_original_site_url":"https:\/\/www.capgemini.com\/ca-fr","push-errors":false,"tag_names":[],"_links":{"self":[{"href":"https:\/\/www.capgemini.com\/ca-fr\/wp-json\/wp\/v2\/press-release\/3726","targetHints":{"allow":["GET"]}}],"collection":[{"href":"https:\/\/www.capgemini.com\/ca-fr\/wp-json\/wp\/v2\/press-release"}],"about":[{"href":"https:\/\/www.capgemini.com\/ca-fr\/wp-json\/wp\/v2\/types\/press-release"}],"author":[{"embeddable":true,"href":"https:\/\/www.capgemini.com\/ca-fr\/wp-json\/wp\/v2\/users\/336"}],"version-history":[{"count":5,"href":"https:\/\/www.capgemini.com\/ca-fr\/wp-json\/wp\/v2\/press-release\/3726\/revisions"}],"predecessor-version":[{"id":707781,"href":"https:\/\/www.capgemini.com\/ca-fr\/wp-json\/wp\/v2\/press-release\/3726\/revisions\/707781"}],"wp:attachment":[{"href":"https:\/\/www.capgemini.com\/ca-fr\/wp-json\/wp\/v2\/media?parent=3726"}],"wp:term":[{"taxonomy":"post_tag","embeddable":true,"href":"https:\/\/www.capgemini.com\/ca-fr\/wp-json\/wp\/v2\/tags?post=3726"},{"taxonomy":"press-release-type","embeddable":true,"href":"https:\/\/www.capgemini.com\/ca-fr\/wp-json\/wp\/v2\/press-release-type?post=3726"},{"taxonomy":"brand","embeddable":true,"href":"https:\/\/www.capgemini.com\/ca-fr\/wp-json\/wp\/v2\/brand?post=3726"}],"curies":[{"name":"wp","href":"https:\/\/api.w.org\/{rel}","templated":true}]}}