{"id":3413,"date":"2020-06-24T14:32:00","date_gmt":"2020-06-24T14:32:00","guid":{"rendered":"https:\/\/www.capgemini.com\/ca-fr\/?post_type=press-release&#038;p=3413"},"modified":"2025-03-30T06:01:38","modified_gmt":"2025-03-30T06:01:38","slug":"anne-lebel-rejoint-capgemini-en-tant-que-directrice-des-ressources-humaines-du-groupe","status":"publish","type":"press-release","link":"https:\/\/www.capgemini.com\/ca-fr\/actualites\/communiques-de-presse\/anne-lebel-rejoint-capgemini-en-tant-que-directrice-des-ressources-humaines-du-groupe\/","title":{"rendered":"Anne Lebel rejoint Capgemini en tant que directrice des Ressources Humaines du Groupe"},"content":{"rendered":"\n<p><\/p>\n\n\n\t\t<div class=\"wp-block-cg-blocks-hero-press-release\">\n\t\t\t<header class=\"header-hero-press-release\" role=\"main\" id=\"main-content-press-release\">\n\t\t\t\t<div class=\"container\">\n\t\t\t\t\t<div class=\"hero-press-release\">\n\t\t\t\t\t\t<div class=\"hero-press-release-content-wrapper\">\n\t\t\t\t\t\t\t<div class=\"row\">\n\t\t\t\t\t\t\t\t<div class=\"col-12\">\n\t\t\t\t\t\t\t\t\t<div class=\"header-title\">\n\t\t\t\t\t\t\t\t\t\t<h1>\n\t\t\t\t\t\t\t\t\t\t\tAnne Lebel rejoint Capgemini en tant que directrice des Ressources Humaines du Groupe\t\t\t\t\t\t\t\t\t\t<\/h1>\n\t\t\t\t\t\t\t\t\t<\/div>\n\t\t\t\t\t\t\t\t\t<div class=\"header-description\">\n\t\t\t\t\t\t\t\t\t\t<p><\/p>\n\t\t\t\t\t\t\t\t\t<\/div>\n\t\t\t\t\t\t\t\t\t\t\t\t\t\t\t\t\t\t<div class=\"header-date\">\n\t\t\t\t\t\t\t\t\t\t<span>juin 24, 2020<\/span>\n\t\t\t\t\t\t\t\t\t<\/div>\n\t\t\t\t\t\t\t\t<\/div>\n\t\t\t\t\t\t\t<\/div>\n\t\t\t\t\t\t<\/div>\n\t\t\t\t\t\t\t\t\t\t\t\t\t<div class=\"hero-press-release-downloads\">\n\t\t\t\t\t\t\t\t<div class=\"row\">\n\t\t\t\t\t\t\t\t\t\t\t\t\t\t\t\t\t\t\t<div class=\"col-12 col-md-6 col-lg-3\">\n\t\t\t\t\t\t\t\t\t\t\t<a class=\"download-item\" type=\"download\" href=\"https:\/\/www.capgemini.com\/ca-fr\/wp-content\/uploads\/sites\/21\/2022\/11\/2020_06_24_Capgemini_DRH_Anne-Lebel_FR-2.pdf\" target=\"_blank\" rel=\"noopener noreferrer\" title=\"Ouvrir dans une nouvelle fen\u00eatre\">\n\t\t\t\t\t\t\t\t\t\t\t\t<div class=\"download-icon\"><\/div>\n\t\t\t\t\t\t\t\t\t\t\t\t<div class=\"download-details\">\n\t\t\t\t\t\t\t\t\t\t\t\t\t<div class=\"download-title\">Download press release<\/div>\n\t\t\t\t\t\t\t\t\t\t\t\t\t<div class=\"download-props\">112 KB  pdf<\/div>\n\t\t\t\t\t\t\t\t\t\t\t\t<\/div>\n\t\t\t\t\t\t\t\t\t\t\t<\/a>\n\t\t\t\t\t\t\t\t\t\t<\/div>\n\t\t\t\t\t\t\t\t\t\t\t\t\t\t\t\t\t\t<\/div>\n\t\t\t\t\t\t\t<\/div>\n\t\t\t\t\t\t\t\t\t\t\t\t\t\t\t\t\t<\/div>\n\t\t\t\t<\/div>\n\t\t\t<\/header>\n\t\t<\/div>\n\t\t\n\n\n<section class=\"wp-block-cg-blocks-intro-para undefined section section--intro\"><div class=\"intro-para\"><div class=\"container\"><div class=\"row\"><div class=\"col-12 col-md-1\"><nav class=\"article-social\"><ul class=\"social-nav\"><li class=\"ip-order-fb\"><a href=\"https:\/\/www.facebook.com\/sharer\/sharer.php?u=https:\/\/www.capgemini.com\/ca-fr\/actualites\/communiques-de-presse\/anne-lebel-rejoint-capgemini-en-tant-que-directrice-des-ressources-humaines-du-groupe\/\" target=\"_blank\" rel=\"noopener noreferrer\" title=\"Ouvrir dans une nouvelle fen\u00eatre\"><i aria-hidden=\"true\" class=\"icon-fb\"><\/i><span class=\"sr-only\">Facebook<\/span><\/a><\/li><li class=\"ip-order-li\"><a href=\"https:\/\/www.linkedin.com\/sharing\/share-offsite\/?url=https:\/\/www.capgemini.com\/ca-fr\/actualites\/communiques-de-presse\/anne-lebel-rejoint-capgemini-en-tant-que-directrice-des-ressources-humaines-du-groupe\/\" target=\"_blank\" rel=\"noopener noreferrer\" title=\"Ouvrir dans une nouvelle fen\u00eatre\"><i aria-hidden=\"true\" class=\"icon-li\"><\/i><span class=\"sr-only\">Linkedin<\/span><\/a><\/li><\/ul><\/nav><\/div><div class=\"col-12 col-md-11 col-lg-10\"><h2 class=\"intro-para-title\"><strong>Paris, le 24 juin 2020 \u2013 <\/strong><a href=\"https:\/\/www.capgemini.com\/ca-fr\/\"><strong>Capgemini<\/strong><\/a> <strong>annonce la nomination d\u2019Anne Lebel au poste de directrice des Ressources Humaines du Groupe \u00e0 compter du 20 juillet 2020. A ce titre, elle est \u00e9galement membre du Comit\u00e9 de Direction g\u00e9n\u00e9rale de Capgemini. Forte d\u2019un parcours professionnel de plus de 20 ans, Anne apporte au Groupe une solide exp\u00e9rience internationale en mati\u00e8re de gestion de talents et de d\u00e9veloppement de leadership. Elle succ\u00e8de \u00e0 Hubert Giraud, qui a r\u00e9cemment pris une nouvelle fonction au sein d\u2019Altran \u2013 soci\u00e9t\u00e9 qui a rejoint le Groupe le 1<sup>er<\/sup> avril dernier. Anne Lebel rendra compte \u00e0 Aiman Ezzat, directeur g\u00e9n\u00e9ral du groupe Capgemini.<\/strong><\/h2><\/div><\/div><\/div><\/div><\/section>\n\n\n\n<section class=\"wp-block-cg-blocks-group undefined section section--article-content\"><div class=\"article-main-content\"><div class=\"container\"><div class=\"row\"><div class=\"col-12 col-md-11 col-lg-10 offset-md-1 offset-lg-1\"><div class=\"article-text article-quote-text\">\n<p>\u00c0 propos de cette nomination, Aiman Ezzat d\u00e9clare :<em> \u00ab&nbsp;Chez Capgemini, nous pensons que ce sont les hommes et les femmes qui donnent toute sa valeur \u00e0 la technologie \u2013 nos 270 000 collaborateurs sont au c\u0153ur de tous nos projets. Le Groupe a connu une expansion rapide ces derni\u00e8res ann\u00e9es, notamment en ayant accueilli 50 000 coll\u00e8gues d\u2019Altran au cours de ces derniers mois. Anne apporte une solide exp\u00e9rience en d\u00e9veloppement des talents et en gestion du changement au sein de larges \u00e9quipes internationales. Sur ces bases, elle contribuera \u00e0 renforcer le d\u00e9ploiement d\u2019une culture agile et inclusive au sein du Groupe, \u00e0 d\u00e9velopper les comp\u00e9tences de l\u2019ensemble de ses collaborateurs, et \u00e0 attirer les talents de demain pour r\u00e9pondre \u00e0 l\u2019\u00e9volution des besoins de nos clients dans ce monde num\u00e9rique. Je suis ravi d\u2019accueillir Anne au sein du Groupe.&nbsp;\u00bb<\/em><\/p>\n\n\n\n<p><strong>Biographie de Anne Lebel<\/strong><\/p>\n\n\n\n<figure class=\"wp-block-image alignleft\"><img decoding=\"async\" src=\"https:\/\/www.capgemini.com\/ca-fr\/wp-content\/uploads\/sites\/2\/2020\/06\/Anne-Lebel.jpg?w=194\" alt=\"\" class=\"wp-image-154926\"\/><\/figure>\n\n\n\n<p>Avant de rejoindre Capgemini, Anne Lebel \u00e9tait directrice ressources humaines et <em>corporate culture<\/em> et membre du comit\u00e9 de direction g\u00e9n\u00e9rale de Natixis.<\/p>\n\n\n\n<p>Anne Lebel d\u00e9bute sa carri\u00e8re en 1987 chez Bossard Consultants en tant que consultante en organisation et conduite du changement. En 1997, elle rejoint Schering Plough France, en tant que responsable des ressources humaines et de la formation en France, avant de prendre la responsabilit\u00e9 de projets d\u2019organisation et de d\u00e9veloppement RH en Europe.<\/p>\n\n\n\n<p>En 2004, elle entre chez Serono France, en tant que directrice des ressources humaines en France. En 2008, Anne Lebel rejoint Allianz Global Corporate &amp; Specialty en tant que directrice des ressources humaines pour la France, l\u2019Italie et l\u2019Espagne, puis pour l\u2019Europe et l\u2019Asie. Elle est nomm\u00e9e directrice des ressources humaines monde en 2012.<\/p>\n\n\n\n<p>Anne Lebel rejoint Natixis 2016 en tant que membre du comit\u00e9 de direction g\u00e9n\u00e9rale et directrice ressources humaines. En 2019 elle prend \u00e9galement en charge la responsabilit\u00e9 de la <em>corporate culture<\/em> de Natixis.<\/p>\n\n\n\n<p>Anne Lebel est \u00e9galement administrateur r\u00e9f\u00e9rent ind\u00e9pendant au sein du conseil d\u2019administration de Nexans. Elle est dipl\u00f4m\u00e9e de l\u2019Institut d\u2019Etudes Politiques de Strasbourg et de l\u2019Institut d\u2019Administration des Entreprises (IAE) Paris.<\/p>\n\n\n\n<p><strong>\u00c0 propos de Capgemini<\/strong><\/p>\n\n\n\n<p>Capgemini est un leader mondial du conseil, de la transformation num\u00e9rique, des services technologiques et d\u2019ing\u00e9nierie. A la pointe de l\u2019innovation, le Groupe aide ses clients \u00e0 saisir l\u2019ensemble des opportunit\u00e9s que pr\u00e9sentent le cloud, le digital et les plateformes. Fort de plus de 50 ans d\u2019exp\u00e9rience et d\u2019une grande expertise des diff\u00e9rents secteurs d\u2019activit\u00e9, il accompagne les entreprises et organisations dans la r\u00e9alisation de leurs ambitions, de la d\u00e9finition de leur strat\u00e9gie \u00e0 la mise en \u0153uvre de leurs op\u00e9rations. Pour Capgemini, ce sont les hommes et les femmes qui donnent toute sa valeur \u00e0 la technologie. R\u00e9solument multiculturel, le Groupe compte aujourd\u2019hui 270 000 collaborateurs pr\u00e9sents dans pr\u00e8s de 50 pays. Avec Altran, le Groupe a r\u00e9alis\u00e9 un chiffre d\u2019affaires combin\u00e9 de 17 milliards d\u2019euros en 2019.<\/p>\n\n\n\n<p>Plus d\u2019informations sur <a href=\"http:\/\/www.capgemini.com\">www.capgemini.com<\/a>. <em>People matter, results count<\/em><em>.<\/em><\/p>\n\n\n<div class=\"wp-block-cg-blocks-cg-block-related-content\"><section class=\"relatedContentBlock\"><div class=\"container\"><div class=\"row\"><div class=\"content-title col-12 col-md-8\"><h2 class=\"related-content-heading\">Related News<\/h2><\/div><\/div><div class=\"row relatedContent\"><div class=\"col-lg-4 col-md-6 col-xs-12\">\n\t\t\t\t\t\t\t<div class=\"box\">\n\t\t\t\t\t\t\t\t<a aria-label=\"Lire la suite Chiffre d\u2019affaires du 1er trimestre 2026\" href=\"https:\/\/www.capgemini.com\/ca-fr\/actualites\/communiques-de-presse\/chiffre-daffaires-du-1er-trimestre-2026\/\" class=\"anchorWrapper\">\n\t\t\t\t\t\t\t\t\t<span class=\"box-tag\"><span>Actualit\u00e9s financi\u00e8res<\/span><\/span>\n\t\t\t\t\t\t\t\t\t<div class=\"box-title\"><h3 class=\"box-subtitle\">Chiffre d\u2019affaires du 1er trimestre 2026<\/h3><\/div>\n\t\t\t\t\t\t\t\t\t<div class=\"box-date\">\n\t\t\t\t\t\t\t\t\t\t<span>Apr 30, 2026<\/span>\n\t\t\t\t\t\t\t\t\t<\/div>\n\t\t\t\t\t\t\t\t\t<div class=\"box-bottom\">\n\t\t\t\t\t\t\t\t\t\t&lt;a class=&quot;link-download&quot; href=&quot;https:\/\/www.capgemini.com\/fr-fr\/wp-content\/uploads\/sites\/6\/2026\/04\/Capgemini_-_2026-04-30_-_Chiffre_d_affaires_du_1er_trimestre_2026.pdf&quot; aria-label=&quot;T\u00e9l\u00e9charger le communiqu\u00e9 de presse&quot; target=&quot;_blank&quot;  type=&quot;download&quot; title=&quot;Opens in a new window&quot;&gt;\n\t\t\t\t\t\t\t&lt;span&gt;T\u00e9l\u00e9charger le communiqu\u00e9 de presse&lt;\/span&gt;\n\t\t\t\t\t\t\t&lt;span&gt;237 KB PDF&lt;\/span&gt;\n\t\t\t\t\t\t&lt;\/a&gt;\n\t\t\t\t\t\t\t\t\t\t<a class=\"more\" aria-label=\"Lire la suite Chiffre d\u2019affaires du 1er trimestre 2026\" href=\"https:\/\/www.capgemini.com\/ca-fr\/actualites\/communiques-de-presse\/chiffre-daffaires-du-1er-trimestre-2026\/\">Lire la suite<\/a>\n\t\t\t\t\t\t\t\t\t<\/div>\n\t\t\t\t\t\t\t\t<\/a>\n\t\t\t\t\t\t\t<\/div>\n\t\t\t\t\t\t<\/div><div class=\"col-lg-4 col-md-6 col-xs-12\">\n\t\t\t\t\t\t\t<div class=\"box\">\n\t\t\t\t\t\t\t\t<a aria-label=\"Lire la suite Capgemini et McDonald\u2019s renouvellent leur partenariat strat\u00e9gique avec un accord mondial pluriannuel ax\u00e9 sur le d\u00e9ploiement de plateformes modernes et \u00e9volutives\" href=\"https:\/\/www.capgemini.com\/ca-fr\/actualites\/communiques-de-presse\/capgemini-et-mcdonalds-renouvellent-leur-partenariat-strategique-avec-un-accord-mondial-pluriannuel-axe-sur-le-deploiement-de-plateformes-modernes-et-evolutives\/\" class=\"anchorWrapper\">\n\t\t\t\t\t\t\t\t\t<span class=\"box-tag\"><span>Actualit\u00e9s client<\/span><\/span>\n\t\t\t\t\t\t\t\t\t<div class=\"box-title\"><h3 class=\"box-subtitle\">Capgemini et McDonald\u2019s renouvellent leur partenariat strat\u00e9gique avec un accord mondial pluriannuel ax\u00e9 sur le d\u00e9ploiement de plateformes modernes et \u00e9volutives<\/h3><\/div>\n\t\t\t\t\t\t\t\t\t<div class=\"box-date\">\n\t\t\t\t\t\t\t\t\t\t<span>Apr 15, 2026<\/span>\n\t\t\t\t\t\t\t\t\t<\/div>\n\t\t\t\t\t\t\t\t\t<div class=\"box-bottom\">\n\t\t\t\t\t\t\t\t\t\t&lt;a class=&quot;link-download&quot; href=&quot;https:\/\/www.capgemini.com\/fr-fr\/wp-content\/uploads\/sites\/6\/2026\/03\/2026_03_05_McDonalds_Capgemini_Press-Release_FR.pdf&quot; aria-label=&quot;T\u00e9l\u00e9charger le communiqu\u00e9 de presse&quot; target=&quot;_blank&quot;  type=&quot;download&quot; title=&quot;Opens in a new window&quot;&gt;\n\t\t\t\t\t\t\t&lt;span&gt;T\u00e9l\u00e9charger le communiqu\u00e9 de presse&lt;\/span&gt;\n\t\t\t\t\t\t\t&lt;span&gt;142 KB PDF&lt;\/span&gt;\n\t\t\t\t\t\t&lt;\/a&gt;\n\t\t\t\t\t\t\t\t\t\t<a class=\"more\" aria-label=\"Lire la suite Capgemini et McDonald\u2019s renouvellent leur partenariat strat\u00e9gique avec un accord mondial pluriannuel ax\u00e9 sur le d\u00e9ploiement de plateformes modernes et \u00e9volutives\" href=\"https:\/\/www.capgemini.com\/ca-fr\/actualites\/communiques-de-presse\/capgemini-et-mcdonalds-renouvellent-leur-partenariat-strategique-avec-un-accord-mondial-pluriannuel-axe-sur-le-deploiement-de-plateformes-modernes-et-evolutives\/\">Lire la suite<\/a>\n\t\t\t\t\t\t\t\t\t<\/div>\n\t\t\t\t\t\t\t\t<\/a>\n\t\t\t\t\t\t\t<\/div>\n\t\t\t\t\t\t<\/div><div class=\"col-lg-4 col-md-6 col-xs-12\">\n\t\t\t\t\t\t\t<div class=\"box\">\n\t\t\t\t\t\t\t\t<a aria-label=\"Lire la suite Capgemini et OpenAI unissent leurs forces pour acc\u00e9l\u00e9rer la nouvelle \u00e8re de transformation des entreprises par l\u2019IA avec la Frontier Alliance\" href=\"https:\/\/www.capgemini.com\/ca-fr\/actualites\/communiques-de-presse\/partenariat-avec-openai\/\" class=\"anchorWrapper\">\n\t\t\t\t\t\t\t\t\t<span class=\"box-tag\"><span>Partenariats<\/span><\/span>\n\t\t\t\t\t\t\t\t\t<div class=\"box-title\"><h3 class=\"box-subtitle\">Capgemini et OpenAI unissent leurs forces pour acc\u00e9l\u00e9rer la nouvelle \u00e8re de transformation des entreprises par l\u2019IA avec la Frontier Alliance<\/h3><\/div>\n\t\t\t\t\t\t\t\t\t<div class=\"box-date\">\n\t\t\t\t\t\t\t\t\t\t<span>Mar 22, 2026<\/span>\n\t\t\t\t\t\t\t\t\t<\/div>\n\t\t\t\t\t\t\t\t\t<div class=\"box-bottom\">\n\t\t\t\t\t\t\t\t\t\t&lt;a class=&quot;link-download&quot; href=&quot;https:\/\/www.capgemini.com\/wp-content\/uploads\/2026\/02\/02_23_Capgemini-News-Alert_OpenAI-Frontier-Alliance.pdf&quot; aria-label=&quot;T\u00e9l\u00e9charger le communiqu\u00e9 de presse&quot; target=&quot;_blank&quot;  type=&quot;download&quot; title=&quot;Opens in a new window&quot;&gt;\n\t\t\t\t\t\t\t&lt;span&gt;T\u00e9l\u00e9charger le communiqu\u00e9 de presse&lt;\/span&gt;\n\t\t\t\t\t\t\t&lt;span&gt;132 KB PDF&lt;\/span&gt;\n\t\t\t\t\t\t&lt;\/a&gt;\n\t\t\t\t\t\t\t\t\t\t<a class=\"more\" aria-label=\"Lire la suite Capgemini et OpenAI unissent leurs forces pour acc\u00e9l\u00e9rer la nouvelle \u00e8re de transformation des entreprises par l\u2019IA avec la Frontier Alliance\" href=\"https:\/\/www.capgemini.com\/ca-fr\/actualites\/communiques-de-presse\/partenariat-avec-openai\/\">Lire la suite<\/a>\n\t\t\t\t\t\t\t\t\t<\/div>\n\t\t\t\t\t\t\t\t<\/a>\n\t\t\t\t\t\t\t<\/div>\n\t\t\t\t\t\t<\/div><\/div><\/div><\/section><\/div><\/div><\/div><\/div><\/div><\/div><\/section>\n","protected":false},"excerpt":{"rendered":"","protected":false},"author":336,"featured_media":0,"template":"","meta":{"cg_dt_proposed_to":[],"cg_seo_hreflang_relations":"[]","cg_seo_canonical_relation":"","cg_seo_hreflang_x_default_relation":"{\"uuid\":\"94719b54-de8d-4486-8829-bbbf95fe5abf\",\"blogId\":\"\",\"domain\":\"\",\"sitePath\":\"\",\"postLink\":\"\",\"postId\":null,\"isSaved\":true,\"isCrossLink\":false,\"hasCrossLink\":false}","cg_dt_approved_content":true,"cg_dt_mandatory_content":false,"cg_dt_notes":"","cg_dg_source_changed":false,"cg_dt_link_disabled":false,"footnotes":"","related_resource_url":"https:\/\/www.capgemini.com\/ca-fr\/wp-content\/uploads\/sites\/21\/2022\/11\/2020_06_24_Capgemini_DRH_Anne-Lebel_FR-2.pdf","related_resource_id":3414,"related_resource_size":"112 KB","related_resource_type":"pdf","cg_author":0,"featured_focal_points":""},"tags":[],"press-release-type":[],"brand":[],"class_list":["post-3413","press-release","type-press-release","status-publish","hentry"],"yoast_head":"<!-- This site is optimized with the Yoast SEO Premium plugin v22.8 (Yoast SEO v22.8) - https:\/\/yoast.com\/wordpress\/plugins\/seo\/ -->\n<title>Anne Lebel rejoint Capgemini en tant que directrice des Ressources Humaines du Groupe - Capgemini Canada French<\/title>\n<meta name=\"robots\" content=\"index, follow, max-snippet:-1, max-image-preview:large, max-video-preview:-1\" \/>\n<link rel=\"canonical\" href=\"https:\/\/www.capgemini.com\/ca-fr\/actualites\/communiques-de-presse\/anne-lebel-rejoint-capgemini-en-tant-que-directrice-des-ressources-humaines-du-groupe\/\" \/>\n<meta property=\"og:locale\" content=\"fr_FR\" \/>\n<meta property=\"og:type\" content=\"article\" \/>\n<meta property=\"og:title\" content=\"Anne Lebel rejoint Capgemini en tant que directrice des Ressources Humaines du Groupe\" \/>\n<meta property=\"og:url\" content=\"https:\/\/www.capgemini.com\/ca-fr\/actualites\/communiques-de-presse\/anne-lebel-rejoint-capgemini-en-tant-que-directrice-des-ressources-humaines-du-groupe\/\" \/>\n<meta property=\"og:site_name\" content=\"Capgemini Canada French\" \/>\n<meta property=\"article:modified_time\" content=\"2025-03-30T06:01:38+00:00\" \/>\n<meta property=\"og:image\" content=\"https:\/\/www.capgemini.com\/ca-fr\/wp-content\/uploads\/sites\/2\/2020\/06\/Anne-Lebel.jpg?w=194\" \/>\n<meta name=\"twitter:card\" content=\"summary_large_image\" \/>\n<meta name=\"twitter:label1\" content=\"Est. reading time\" \/>\n\t<meta name=\"twitter:data1\" content=\"4 minutes\" \/>\n<script type=\"application\/ld+json\" class=\"yoast-schema-graph\">{\"@context\":\"https:\/\/schema.org\",\"@graph\":[{\"@type\":\"WebPage\",\"@id\":\"https:\/\/www.capgemini.com\/ca-fr\/actualites\/communiques-de-presse\/anne-lebel-rejoint-capgemini-en-tant-que-directrice-des-ressources-humaines-du-groupe\/\",\"url\":\"https:\/\/www.capgemini.com\/ca-fr\/actualites\/communiques-de-presse\/anne-lebel-rejoint-capgemini-en-tant-que-directrice-des-ressources-humaines-du-groupe\/\",\"name\":\"Anne Lebel rejoint Capgemini en tant que directrice des Ressources Humaines du Groupe - Capgemini Canada French\",\"isPartOf\":{\"@id\":\"https:\/\/www.capgemini.com\/ca-fr\/#website\"},\"primaryImageOfPage\":{\"@id\":\"https:\/\/www.capgemini.com\/ca-fr\/actualites\/communiques-de-presse\/anne-lebel-rejoint-capgemini-en-tant-que-directrice-des-ressources-humaines-du-groupe\/#primaryimage\"},\"image\":{\"@id\":\"https:\/\/www.capgemini.com\/ca-fr\/actualites\/communiques-de-presse\/anne-lebel-rejoint-capgemini-en-tant-que-directrice-des-ressources-humaines-du-groupe\/#primaryimage\"},\"thumbnailUrl\":\"https:\/\/www.capgemini.com\/ca-fr\/wp-content\/uploads\/sites\/2\/2020\/06\/Anne-Lebel.jpg?w=194\",\"datePublished\":\"2020-06-24T14:32:00+00:00\",\"dateModified\":\"2025-03-30T06:01:38+00:00\",\"breadcrumb\":{\"@id\":\"https:\/\/www.capgemini.com\/ca-fr\/actualites\/communiques-de-presse\/anne-lebel-rejoint-capgemini-en-tant-que-directrice-des-ressources-humaines-du-groupe\/#breadcrumb\"},\"inLanguage\":\"fr-FR\",\"potentialAction\":[{\"@type\":\"ReadAction\",\"target\":[\"https:\/\/www.capgemini.com\/ca-fr\/actualites\/communiques-de-presse\/anne-lebel-rejoint-capgemini-en-tant-que-directrice-des-ressources-humaines-du-groupe\/\"]}]},{\"@type\":\"ImageObject\",\"inLanguage\":\"fr-FR\",\"@id\":\"https:\/\/www.capgemini.com\/ca-fr\/actualites\/communiques-de-presse\/anne-lebel-rejoint-capgemini-en-tant-que-directrice-des-ressources-humaines-du-groupe\/#primaryimage\",\"url\":\"https:\/\/www.capgemini.com\/ca-fr\/wp-content\/uploads\/sites\/2\/2020\/06\/Anne-Lebel.jpg?w=194\",\"contentUrl\":\"https:\/\/www.capgemini.com\/ca-fr\/wp-content\/uploads\/sites\/2\/2020\/06\/Anne-Lebel.jpg?w=194\"},{\"@type\":\"BreadcrumbList\",\"@id\":\"https:\/\/www.capgemini.com\/ca-fr\/actualites\/communiques-de-presse\/anne-lebel-rejoint-capgemini-en-tant-que-directrice-des-ressources-humaines-du-groupe\/#breadcrumb\",\"itemListElement\":[{\"@type\":\"ListItem\",\"position\":1,\"name\":\"Home\",\"item\":\"https:\/\/www.capgemini.com\/ca-fr\/\"},{\"@type\":\"ListItem\",\"position\":2,\"name\":\"Press Releases\",\"item\":\"https:\/\/www.capgemini.com\/ca-fr\/news\/\"},{\"@type\":\"ListItem\",\"position\":3,\"name\":\"Anne Lebel rejoint Capgemini en tant que directrice des Ressources Humaines du Groupe\"}]},{\"@type\":\"WebSite\",\"@id\":\"https:\/\/www.capgemini.com\/ca-fr\/#website\",\"url\":\"https:\/\/www.capgemini.com\/ca-fr\/\",\"name\":\"Capgemini Canada French\",\"description\":\"Capgemini\",\"potentialAction\":[{\"@type\":\"SearchAction\",\"target\":{\"@type\":\"EntryPoint\",\"urlTemplate\":\"https:\/\/www.capgemini.com\/ca-fr\/?s={search_term_string}\"},\"query-input\":\"required name=search_term_string\"}],\"inLanguage\":\"fr-FR\"}]}<\/script>\n<!-- \/ Yoast SEO Premium plugin. -->","yoast_head_json":{"title":"Anne Lebel rejoint Capgemini en tant que directrice des Ressources Humaines du Groupe - Capgemini Canada French","robots":{"index":"index","follow":"follow","max-snippet":"max-snippet:-1","max-image-preview":"max-image-preview:large","max-video-preview":"max-video-preview:-1"},"canonical":"https:\/\/www.capgemini.com\/ca-fr\/actualites\/communiques-de-presse\/anne-lebel-rejoint-capgemini-en-tant-que-directrice-des-ressources-humaines-du-groupe\/","og_locale":"fr_FR","og_type":"article","og_title":"Anne Lebel rejoint Capgemini en tant que directrice des Ressources Humaines du Groupe","og_url":"https:\/\/www.capgemini.com\/ca-fr\/actualites\/communiques-de-presse\/anne-lebel-rejoint-capgemini-en-tant-que-directrice-des-ressources-humaines-du-groupe\/","og_site_name":"Capgemini Canada French","article_modified_time":"2025-03-30T06:01:38+00:00","og_image":[{"url":"https:\/\/www.capgemini.com\/ca-fr\/wp-content\/uploads\/sites\/2\/2020\/06\/Anne-Lebel.jpg?w=194"}],"twitter_card":"summary_large_image","twitter_misc":{"Est. reading time":"4 minutes"},"schema":{"@context":"https:\/\/schema.org","@graph":[{"@type":"WebPage","@id":"https:\/\/www.capgemini.com\/ca-fr\/actualites\/communiques-de-presse\/anne-lebel-rejoint-capgemini-en-tant-que-directrice-des-ressources-humaines-du-groupe\/","url":"https:\/\/www.capgemini.com\/ca-fr\/actualites\/communiques-de-presse\/anne-lebel-rejoint-capgemini-en-tant-que-directrice-des-ressources-humaines-du-groupe\/","name":"Anne Lebel rejoint Capgemini en tant que directrice des Ressources Humaines du Groupe - Capgemini Canada French","isPartOf":{"@id":"https:\/\/www.capgemini.com\/ca-fr\/#website"},"primaryImageOfPage":{"@id":"https:\/\/www.capgemini.com\/ca-fr\/actualites\/communiques-de-presse\/anne-lebel-rejoint-capgemini-en-tant-que-directrice-des-ressources-humaines-du-groupe\/#primaryimage"},"image":{"@id":"https:\/\/www.capgemini.com\/ca-fr\/actualites\/communiques-de-presse\/anne-lebel-rejoint-capgemini-en-tant-que-directrice-des-ressources-humaines-du-groupe\/#primaryimage"},"thumbnailUrl":"https:\/\/www.capgemini.com\/ca-fr\/wp-content\/uploads\/sites\/2\/2020\/06\/Anne-Lebel.jpg?w=194","datePublished":"2020-06-24T14:32:00+00:00","dateModified":"2025-03-30T06:01:38+00:00","breadcrumb":{"@id":"https:\/\/www.capgemini.com\/ca-fr\/actualites\/communiques-de-presse\/anne-lebel-rejoint-capgemini-en-tant-que-directrice-des-ressources-humaines-du-groupe\/#breadcrumb"},"inLanguage":"fr-FR","potentialAction":[{"@type":"ReadAction","target":["https:\/\/www.capgemini.com\/ca-fr\/actualites\/communiques-de-presse\/anne-lebel-rejoint-capgemini-en-tant-que-directrice-des-ressources-humaines-du-groupe\/"]}]},{"@type":"ImageObject","inLanguage":"fr-FR","@id":"https:\/\/www.capgemini.com\/ca-fr\/actualites\/communiques-de-presse\/anne-lebel-rejoint-capgemini-en-tant-que-directrice-des-ressources-humaines-du-groupe\/#primaryimage","url":"https:\/\/www.capgemini.com\/ca-fr\/wp-content\/uploads\/sites\/2\/2020\/06\/Anne-Lebel.jpg?w=194","contentUrl":"https:\/\/www.capgemini.com\/ca-fr\/wp-content\/uploads\/sites\/2\/2020\/06\/Anne-Lebel.jpg?w=194"},{"@type":"BreadcrumbList","@id":"https:\/\/www.capgemini.com\/ca-fr\/actualites\/communiques-de-presse\/anne-lebel-rejoint-capgemini-en-tant-que-directrice-des-ressources-humaines-du-groupe\/#breadcrumb","itemListElement":[{"@type":"ListItem","position":1,"name":"Home","item":"https:\/\/www.capgemini.com\/ca-fr\/"},{"@type":"ListItem","position":2,"name":"Press Releases","item":"https:\/\/www.capgemini.com\/ca-fr\/news\/"},{"@type":"ListItem","position":3,"name":"Anne Lebel rejoint Capgemini en tant que directrice des Ressources Humaines du Groupe"}]},{"@type":"WebSite","@id":"https:\/\/www.capgemini.com\/ca-fr\/#website","url":"https:\/\/www.capgemini.com\/ca-fr\/","name":"Capgemini Canada French","description":"Capgemini","potentialAction":[{"@type":"SearchAction","target":{"@type":"EntryPoint","urlTemplate":"https:\/\/www.capgemini.com\/ca-fr\/?s={search_term_string}"},"query-input":"required name=search_term_string"}],"inLanguage":"fr-FR"}]}},"parsely":{"version":"1.1.0","canonical_url":"https:\/\/capgemini.com\/ca-fr\/actualites\/communiques-de-presse\/anne-lebel-rejoint-capgemini-en-tant-que-directrice-des-ressources-humaines-du-groupe\/","smart_links":{"inbound":0,"outbound":0},"traffic_boost_suggestions_count":0,"meta":{"@context":"https:\/\/schema.org","@type":"NewsArticle","headline":"Anne Lebel rejoint Capgemini en tant que directrice des Ressources Humaines du Groupe","url":"https:\/\/www.capgemini.com\/ca-fr\/actualites\/communiques-de-presse\/anne-lebel-rejoint-capgemini-en-tant-que-directrice-des-ressources-humaines-du-groupe\/","mainEntityOfPage":{"@type":"WebPage","@id":"https:\/\/www.capgemini.com\/ca-fr\/actualites\/communiques-de-presse\/anne-lebel-rejoint-capgemini-en-tant-que-directrice-des-ressources-humaines-du-groupe\/"},"thumbnailUrl":"","image":{"@type":"ImageObject","url":""},"articleSection":"Uncategorized","author":[],"creator":[],"publisher":{"@type":"Organization","name":"Capgemini Canada French","logo":""},"keywords":[],"dateCreated":"2020-06-24T14:32:00Z","datePublished":"2020-06-24T14:32:00Z","dateModified":"2025-03-30T06:01:38Z"},"rendered":"<meta name=\"parsely-title\" content=\"Anne Lebel rejoint Capgemini en tant que directrice des Ressources Humaines du Groupe\" \/>\n<meta name=\"parsely-link\" content=\"https:\/\/www.capgemini.com\/ca-fr\/actualites\/communiques-de-presse\/anne-lebel-rejoint-capgemini-en-tant-que-directrice-des-ressources-humaines-du-groupe\/\" \/>\n<meta name=\"parsely-type\" content=\"post\" \/>\n<meta name=\"parsely-pub-date\" content=\"2020-06-24T14:32:00Z\" \/>\n<meta name=\"parsely-section\" content=\"Uncategorized\" \/>","tracker_url":"https:\/\/cdn.parsely.com\/keys\/capgemini.com\/p.js"},"archive_status":false,"featured_image_src":"https:\/\/www.capgemini.com\/ca-fr\/wp-content\/themes\/capgemini2025\/assets\/images\/mockup.png","featured_image_alt":false,"jetpack_sharing_enabled":true,"distributor_meta":false,"distributor_terms":false,"distributor_media":false,"distributor_original_site_name":"Capgemini Canada French","distributor_original_site_url":"https:\/\/www.capgemini.com\/ca-fr","push-errors":false,"tag_names":[],"_links":{"self":[{"href":"https:\/\/www.capgemini.com\/ca-fr\/wp-json\/wp\/v2\/press-release\/3413","targetHints":{"allow":["GET"]}}],"collection":[{"href":"https:\/\/www.capgemini.com\/ca-fr\/wp-json\/wp\/v2\/press-release"}],"about":[{"href":"https:\/\/www.capgemini.com\/ca-fr\/wp-json\/wp\/v2\/types\/press-release"}],"author":[{"embeddable":true,"href":"https:\/\/www.capgemini.com\/ca-fr\/wp-json\/wp\/v2\/users\/336"}],"version-history":[{"count":4,"href":"https:\/\/www.capgemini.com\/ca-fr\/wp-json\/wp\/v2\/press-release\/3413\/revisions"}],"predecessor-version":[{"id":707681,"href":"https:\/\/www.capgemini.com\/ca-fr\/wp-json\/wp\/v2\/press-release\/3413\/revisions\/707681"}],"wp:attachment":[{"href":"https:\/\/www.capgemini.com\/ca-fr\/wp-json\/wp\/v2\/media?parent=3413"}],"wp:term":[{"taxonomy":"post_tag","embeddable":true,"href":"https:\/\/www.capgemini.com\/ca-fr\/wp-json\/wp\/v2\/tags?post=3413"},{"taxonomy":"press-release-type","embeddable":true,"href":"https:\/\/www.capgemini.com\/ca-fr\/wp-json\/wp\/v2\/press-release-type?post=3413"},{"taxonomy":"brand","embeddable":true,"href":"https:\/\/www.capgemini.com\/ca-fr\/wp-json\/wp\/v2\/brand?post=3413"}],"curies":[{"name":"wp","href":"https:\/\/api.w.org\/{rel}","templated":true}]}}