{"id":3403,"date":"2020-07-09T14:26:00","date_gmt":"2020-07-09T14:26:00","guid":{"rendered":"https:\/\/www.capgemini.com\/ca-fr\/?post_type=press-release&#038;p=3403"},"modified":"2025-03-30T06:00:46","modified_gmt":"2025-03-30T06:00:46","slug":"capgemini-developpe-un-centre-de-mission-pour-cartographier-les-sources-de-co%e2%82%82-a-lechelle-planetaire","status":"publish","type":"press-release","link":"https:\/\/www.capgemini.com\/ca-fr\/actualites\/communiques-de-presse\/capgemini-developpe-un-centre-de-mission-pour-cartographier-les-sources-de-co%E2%82%82-a-lechelle-planetaire\/","title":{"rendered":"Capgemini d\u00e9veloppe un centre de mission pour cartographier les sources de CO\u2082 \u00e0 l\u2019\u00e9chelle plan\u00e9taire"},"content":{"rendered":"\n<p><\/p>\n\n\n\t\t<div class=\"wp-block-cg-blocks-hero-press-release\">\n\t\t\t<header class=\"header-hero-press-release\" role=\"main\" id=\"main-content-press-release\">\n\t\t\t\t<div class=\"container\">\n\t\t\t\t\t<div class=\"hero-press-release\">\n\t\t\t\t\t\t<div class=\"hero-press-release-content-wrapper\">\n\t\t\t\t\t\t\t<div class=\"row\">\n\t\t\t\t\t\t\t\t<div class=\"col-12\">\n\t\t\t\t\t\t\t\t\t<div class=\"header-title\">\n\t\t\t\t\t\t\t\t\t\t<h1>\n\t\t\t\t\t\t\t\t\t\t\tCapgemini d\u00e9veloppe un centre de mission pour cartographier les sources de CO\u2082 \u00e0 l\u2019\u00e9chelle plan\u00e9taire \t\t\t\t\t\t\t\t\t\t<\/h1>\n\t\t\t\t\t\t\t\t\t<\/div>\n\t\t\t\t\t\t\t\t\t<div class=\"header-description\">\n\t\t\t\t\t\t\t\t\t\t<p><\/p>\n\t\t\t\t\t\t\t\t\t<\/div>\n\t\t\t\t\t\t\t\t\t\t\t\t\t\t\t\t\t\t<div class=\"header-date\">\n\t\t\t\t\t\t\t\t\t\t<span>juil. 9, 2020<\/span>\n\t\t\t\t\t\t\t\t\t<\/div>\n\t\t\t\t\t\t\t\t<\/div>\n\t\t\t\t\t\t\t<\/div>\n\t\t\t\t\t\t<\/div>\n\t\t\t\t\t\t\t\t\t\t\t\t\t<div class=\"hero-press-release-downloads\">\n\t\t\t\t\t\t\t\t<div class=\"row\">\n\t\t\t\t\t\t\t\t\t\t\t\t\t\t\t\t\t\t\t<div class=\"col-12 col-md-6 col-lg-3\">\n\t\t\t\t\t\t\t\t\t\t\t<a class=\"download-item\" type=\"download\" href=\"https:\/\/www.capgemini.com\/ca-fr\/wp-content\/uploads\/sites\/21\/2022\/11\/2020_07_09_Capgemini_press-release_MicroCarb_FR-1.pdf\" target=\"_blank\" rel=\"noopener noreferrer\" title=\"Ouvrir dans une nouvelle fen\u00eatre\">\n\t\t\t\t\t\t\t\t\t\t\t\t<div class=\"download-icon\"><\/div>\n\t\t\t\t\t\t\t\t\t\t\t\t<div class=\"download-details\">\n\t\t\t\t\t\t\t\t\t\t\t\t\t<div class=\"download-title\">Download press release<\/div>\n\t\t\t\t\t\t\t\t\t\t\t\t\t<div class=\"download-props\">172 KB  pdf<\/div>\n\t\t\t\t\t\t\t\t\t\t\t\t<\/div>\n\t\t\t\t\t\t\t\t\t\t\t<\/a>\n\t\t\t\t\t\t\t\t\t\t<\/div>\n\t\t\t\t\t\t\t\t\t\t\t\t\t\t\t\t\t\t<\/div>\n\t\t\t\t\t\t\t<\/div>\n\t\t\t\t\t\t\t\t\t\t\t\t\t\t\t\t\t<\/div>\n\t\t\t\t<\/div>\n\t\t\t<\/header>\n\t\t<\/div>\n\t\t\n\n\n<section class=\"wp-block-cg-blocks-intro-para undefined section section--intro\"><div class=\"intro-para\"><div class=\"container\"><div class=\"row\"><div class=\"col-12 col-md-1\"><nav class=\"article-social\"><ul class=\"social-nav\"><li class=\"ip-order-fb\"><a href=\"https:\/\/www.facebook.com\/sharer\/sharer.php?u=https:\/\/www.capgemini.com\/ca-fr\/actualites\/communiques-de-presse\/capgemini-developpe-un-centre-de-mission-pour-cartographier-les-sources-de-co%E2%82%82-a-lechelle-planetaire\/\" target=\"_blank\" rel=\"noopener noreferrer\" title=\"Ouvrir dans une nouvelle fen\u00eatre\"><i aria-hidden=\"true\" class=\"icon-fb\"><\/i><span class=\"sr-only\">Facebook<\/span><\/a><\/li><li class=\"ip-order-li\"><a href=\"https:\/\/www.linkedin.com\/sharing\/share-offsite\/?url=https:\/\/www.capgemini.com\/ca-fr\/actualites\/communiques-de-presse\/capgemini-developpe-un-centre-de-mission-pour-cartographier-les-sources-de-co%E2%82%82-a-lechelle-planetaire\/\" target=\"_blank\" rel=\"noopener noreferrer\" title=\"Ouvrir dans une nouvelle fen\u00eatre\"><i aria-hidden=\"true\" class=\"icon-li\"><\/i><span class=\"sr-only\">Linkedin<\/span><\/a><\/li><\/ul><\/nav><\/div><div class=\"col-12 col-md-11 col-lg-10\"><h2 class=\"intro-para-title\"><strong>Paris, le 09 juillet 2020 \u2013 Le <\/strong><a href=\"https:\/\/cnes.fr\/fr\"><strong>CNES<\/strong><\/a><strong> (Centre National d\u2019Etudes Spatiales) missionne <\/strong><a href=\"https:\/\/www.capgemini.com\/ca-fr\/\"><strong>Capgemini<\/strong><\/a><strong> pour le d\u00e9veloppement, la qualification, la validation et la maintenance du Centre de Mission<a href=\"#_ftn1\">[1]<\/a> MicroCarb. L\u2019objet de la mission spatiale MicroCarb, dont le satellite porte le m\u00eame nom, est la mesure en continu de la concentration atmosph\u00e9rique en CO\u2082, le gaz \u00e0 effet de serre principal responsable du r\u00e9chauffement climatique. Elle permettra de cartographier les sources et puits de CO\u2082 \u00e0 l\u2019\u00e9chelle plan\u00e9taire.<\/strong><\/h2><\/div><\/div><\/div><\/div><\/section>\n\n\n\n<section class=\"wp-block-cg-blocks-group undefined section section--article-content\"><div class=\"article-main-content\"><div class=\"container\"><div class=\"row\"><div class=\"col-12 col-md-11 col-lg-10 offset-md-1 offset-lg-1\"><div class=\"article-text article-quote-text\">\n<p>La mission MicroCarb est la premi\u00e8re mission europ\u00e9enne issue d\u2019un partenariat entre le CNES, UKSA (United Kingdom Space Agency, l\u2019agence spatiale britannique) et EUMETSAT (Organisation europ\u00e9enne pour l\u2019exploitation des satellites m\u00e9t\u00e9orologiques localis\u00e9e en Allemagne) au travers d\u2019une contribution H2020<a href=\"#_ftn2\">[2]<\/a> de l\u2019Union Europ\u00e9enne. Elle va permettre une meilleure compr\u00e9hension des \u00e9changes de carbone au niveau de la surface terrestre, gr\u00e2ce \u00e0 un instrument de mesure innovant&nbsp;: un spectrom\u00e8tre \u00e0 r\u00e9seau capable de mesurer la concentration atmosph\u00e9rique en CO\u2082 sur l\u2019ensemble du globe avec une grande pr\u00e9cision. Le satellite MicroCarb dont le lancement est pr\u00e9vu fin 2021 utilisera la lumi\u00e8re solaire refl\u00e9t\u00e9e sur la surface terrestre pour alimenter son instrument en signal<a href=\"#_ftn3\">[3]<\/a>.<\/p>\n\n\n\n<p><strong>Les \u00e9quipes du secteur spatial de Capgemini mobilis\u00e9es<\/strong><\/p>\n\n\n\n<p>Dans le cadre d\u2019un appel d\u2019offre portant sur le d\u00e9veloppement du Centre de Mission MicroCarb, un dispositif innovant a \u00e9t\u00e9 propos\u00e9 au CNES par Capgemini pour r\u00e9pondre aux exigences particuli\u00e8res de cette mission scientifique. Elle demande en effet de la flexibilit\u00e9 dans la d\u00e9finition des m\u00e9thodes de programmation et dans les algorithmes de traitement des donn\u00e9es, mais aussi de la r\u00e9activit\u00e9 pour leur mise en \u0153uvre. Capgemini a propos\u00e9 une approche optimisant les produits issus du patrimoine d\u2019outils g\u00e9n\u00e9riques utilis\u00e9s par EUMETSAT et le CNES pour le catalogue et le traitement des donn\u00e9es, tout en garantissant une coh\u00e9rence au niveau de l\u2019architecture globale du syst\u00e8me informatique du CNES.<\/p>\n\n\n\n<p>L\u2019int\u00e9gration et le d\u00e9ploiement des d\u00e9veloppements sp\u00e9cifiques relatifs \u00e0 la programmation du satellite, la mise au point de mod\u00e8les de calculs et le traitement des donn\u00e9es spatiales, r\u00e9alis\u00e9s par les \u00e9quipes du projet se font sur une plateforme Devops<a href=\"#_ftn4\">[4]<\/a> partag\u00e9e et install\u00e9e dans l\u2019environnement informatique du CNES. Ces activit\u00e9s se poursuivront pendant une ann\u00e9e, lors de la phase de recette en vol<a href=\"#_ftn5\">[5]<\/a> apr\u00e8s le lancement du satellite. L\u2019\u00e9quipe projet de Capgemini est constitu\u00e9e d\u2019une quinzaine d\u2019experts qui maitrisent les exigences du secteur spatial tout en comprenant les besoins de la communaut\u00e9 scientifique.<\/p>\n\n\n\n<p><strong>MicroCarb, pr\u00e9curseur des missions de connaissance des flux de CO\u2082<\/strong><\/p>\n\n\n\n<p>Ce satellite est le premier maillon de la r\u00e9ponse de l\u2019Europe \u00e0 la mise en place d\u2019un dispositif de suivi de l\u2019\u00e9volution de la concentration de ce gaz \u00e0 l\u2019\u00e9chelle plan\u00e9taire. A ce jour, les quantit\u00e9s de CO\u2082 absorb\u00e9es et \u00e9mises dans certaines r\u00e9gions du globe restent inconnues. Ces informations sont pourtant cruciales pour comprendre les origines et l\u2019impact du d\u00e9r\u00e8glement climatique. C\u2019est pourquoi les b\u00e9n\u00e9fices attendus de la mission MicroCarb sont d\u2019abord d\u2019ordre scientifique. Il s\u2019agit d\u2019une part d\u2019enrichir l\u2019information sur les flux de CO\u2082 et d\u2019autre part de comprendre le fonctionnement du cycle du carbone et les comportements des grands \u00e9cosyst\u00e8mes, comme celui de l\u2019Amazonie ou des oc\u00e9ans, dans le contexte de changement climatique.<\/p>\n\n\n\n<p>Capgemini participe d\u00e9j\u00e0 \u00e0 l\u2019exploitation des donn\u00e9es de la mission Biomass<a href=\"#_ftn6\">[6]<\/a> dans le cadre du programme Living Planet<a href=\"#_ftn7\">[7]<\/a> par le d\u00e9veloppement d\u2019une plateforme d\u2019analyse de donn\u00e9es (MAAP<a href=\"#_ftn8\">[8]<\/a>) \u00e0 destination de la communaut\u00e9 scientifique internationale. Capgemini confirme son ambition de contribuer aux missions spatiales et scientifiques autour de l\u2019environnement et du climat.<\/p>\n\n\n\n<p>Simon Baillarin, chef du service en charge des d\u00e9veloppements de centres de mission d\u2019Observation de la terre au CNES&nbsp;d\u00e9clare : \u00ab <em>Capgemini est un partenaire reconnu pour nos activit\u00e9s de traitement de donn\u00e9es satellite et de big data dans de nombreux&nbsp;projets scientifiques et environnementaux comme par exemple Sentinel, THEIA ou encore Taranis<\/em> \u00bb.<\/p>\n\n\n\n<p>J\u00e9r\u00f4me Ponton, responsable du Compte CNES chez Capgemini France, pr\u00e9cise&nbsp;: \u00ab&nbsp;<em>Nous sommes tr\u00e8s heureux que le CNES nous ait renouvel\u00e9 sa confiance pour cette mission qui rev\u00eat une importance essentielle au regard des pr\u00e9occupations actuelles sur le changement climatique. Nos \u00e9quipes apportent une exp\u00e9rience de plus de trente ans sur les projets spatiaux scientifiques les plus innovants d\u2019observation de la Terre<\/em>.&nbsp;\u00bb<\/p>\n\n\n\n<p>Dans le cadre d\u2019une convention entre l\u2019<a href=\"https:\/\/anr.fr\/fr\/\">Agence Nationale de la Recherche<\/a> (ANR) et le CNES, le projet MicroCarb est financ\u00e9 par le <a href=\"https:\/\/www.gouvernement.fr\/le-programme-d-investissements-d-avenir\">Programme d\u2019Investissement d\u2019Avenir<\/a> lanc\u00e9 par l\u2019Etat.&nbsp; Le CNES assure la ma\u00eetrise d\u2019ouvrage des d\u00e9veloppements.<\/p>\n\n\n\n<p><strong>\u00c0 propos de Capgemini<\/strong><\/p>\n\n\n\n<p>Capgemini est un leader mondial du conseil, de la transformation num\u00e9rique, des services technologiques et d\u2019ing\u00e9nierie. A la pointe de l\u2019innovation, le Groupe aide ses clients \u00e0 saisir l\u2019ensemble des opportunit\u00e9s que pr\u00e9sentent le cloud, le digital et les plateformes. Fort de plus de 50 ans d\u2019exp\u00e9rience et d\u2019une grande expertise des diff\u00e9rents secteurs d\u2019activit\u00e9, il accompagne les entreprises et organisations dans la r\u00e9alisation de leurs ambitions, de la d\u00e9finition de leur strat\u00e9gie \u00e0 la mise en \u0153uvre de leurs op\u00e9rations. Pour Capgemini, ce sont les hommes et les femmes qui donnent toute sa valeur \u00e0 la technologie. R\u00e9solument multiculturel, le Groupe compte aujourd\u2019hui 270 000 collaborateurs pr\u00e9sents dans pr\u00e8s de 50 pays. Avec Altran, le Groupe a r\u00e9alis\u00e9 un chiffre d\u2019affaires combin\u00e9 de 17 milliards d\u2019euros en 2019.<\/p>\n\n\n\n<p>Plus d\u2019informations sur <a href=\"https:\/\/www.capgemini.com\/ca-fr\/#_blank\">www.capgemini.com<\/a>. <em>People matter, results count.<\/em><\/p>\n\n\n\n<ol class=\"wp-block-list\">\n<li>Ensemble des syst\u00e8mes d\u00e9di\u00e9s au contr\u00f4le et \u00e0 la planification des instruments ou charges utiles des satellites, ainsi qu\u2019au traitement de leurs donn\u00e9es.<\/li>\n\n\n\n<li>H2020 est le programme cadre de l\u2019Union Europ\u00e9enne pour la recherche et l\u2019innovation <a href=\"https:\/\/www.horizon2020.gouv.fr\/\">https:\/\/www.horizon2020.gouv.fr\/<\/a><\/li>\n\n\n\n<li>La mesure du CO\u2082 sera r\u00e9alis\u00e9e par un instrument embarqu\u00e9 dans un satellite en orbite basse. Cet instrument est un spectrom\u00e8tre qui analyse l\u2019infrarouge court de la lumi\u00e8re solaire refl\u00e9t\u00e9e sur la surface terrestre. Des algorithmes d\u00e9termineront ensuite la quantit\u00e9 de CO\u2082 en fonction de la proportion de lumi\u00e8re r\u00e9fl\u00e9chie. Moins la lumi\u00e8re est r\u00e9fl\u00e9chie, plus l\u2019atmosph\u00e8re est charg\u00e9e en CO\u2082.<\/li>\n\n\n\n<li>Contraction des termes \u201cd\u00e9veloppement\u201d et \u201cop\u00e9rations\u201d d\u00e9signant un concept d\u2019ing\u00e9nierie informatique et une pratique technique visant \u00e0 l\u2019unification du d\u00e9veloppement logiciel (dev) et de l\u2019administration des infrastructures informatiques (ops), notamment l\u2019administration syst\u00e8me.<\/li>\n\n\n\n<li>Une fois en orbite le satellite subit une derni\u00e8re phase, dite de recette en vol, afin de valider son positionnement orbital, le bon \u00e9tat de ses syst\u00e8mes et de v\u00e9rifier le bon fonctionnement des instruments avant sa mise en service<\/li>\n\n\n\n<li>Biomass : Mission scientifique de satellite d\u2019Observation de la Terre de l\u2019Agence Spatiale Europ\u00e9enne (ESA) pour d\u00e9terminer la distribution et l\u2019\u00e9volution de la biomasse v\u00e9g\u00e9tale \u00e0 l\u2019\u00e9chelle du globe<\/li>\n\n\n\n<li>Le programme <a href=\"https:\/\/www.esa.int\/Applications\/Observing_the_Earth\/The_Living_Planet_Programme\">Living Planet&nbsp;<\/a>rassemble l\u2019ensemble des missions spatiales de l\u2019Agence spatiale europ\u00e9enne (ESA) destin\u00e9es \u00e0 l\u2019observation de la Terre depuis l\u2019espace.<\/li>\n\n\n\n<li>MAAP pour \u00ab Multi Mission Algorithm and Analysis Platform \u00bb est un projet collaboratif entre la NASA et l\u2019ESA.<\/li>\n<\/ol>\n\n\n<div class=\"wp-block-cg-blocks-cg-block-related-content\"><section class=\"relatedContentBlock\"><div class=\"container\"><div class=\"row\"><div class=\"content-title col-12 col-md-8\"><h2 class=\"related-content-heading\">Related News<\/h2><\/div><\/div><div class=\"row relatedContent\"><div class=\"col-lg-4 col-md-6 col-xs-12\">\n\t\t\t\t\t\t\t<div class=\"box\">\n\t\t\t\t\t\t\t\t<a aria-label=\"Lire la suite Chiffre d\u2019affaires du 1er trimestre 2026\" href=\"https:\/\/www.capgemini.com\/ca-fr\/actualites\/communiques-de-presse\/chiffre-daffaires-du-1er-trimestre-2026\/\" class=\"anchorWrapper\">\n\t\t\t\t\t\t\t\t\t<span class=\"box-tag\"><span>Actualit\u00e9s financi\u00e8res<\/span><\/span>\n\t\t\t\t\t\t\t\t\t<div class=\"box-title\"><h3 class=\"box-subtitle\">Chiffre d\u2019affaires du 1er trimestre 2026<\/h3><\/div>\n\t\t\t\t\t\t\t\t\t<div class=\"box-date\">\n\t\t\t\t\t\t\t\t\t\t<span>Apr 30, 2026<\/span>\n\t\t\t\t\t\t\t\t\t<\/div>\n\t\t\t\t\t\t\t\t\t<div class=\"box-bottom\">\n\t\t\t\t\t\t\t\t\t\t&lt;a class=&quot;link-download&quot; href=&quot;https:\/\/www.capgemini.com\/fr-fr\/wp-content\/uploads\/sites\/6\/2026\/04\/Capgemini_-_2026-04-30_-_Chiffre_d_affaires_du_1er_trimestre_2026.pdf&quot; aria-label=&quot;T\u00e9l\u00e9charger le communiqu\u00e9 de presse&quot; target=&quot;_blank&quot;  type=&quot;download&quot; title=&quot;Opens in a new window&quot;&gt;\n\t\t\t\t\t\t\t&lt;span&gt;T\u00e9l\u00e9charger le communiqu\u00e9 de presse&lt;\/span&gt;\n\t\t\t\t\t\t\t&lt;span&gt;237 KB PDF&lt;\/span&gt;\n\t\t\t\t\t\t&lt;\/a&gt;\n\t\t\t\t\t\t\t\t\t\t<a class=\"more\" aria-label=\"Lire la suite Chiffre d\u2019affaires du 1er trimestre 2026\" href=\"https:\/\/www.capgemini.com\/ca-fr\/actualites\/communiques-de-presse\/chiffre-daffaires-du-1er-trimestre-2026\/\">Lire la suite<\/a>\n\t\t\t\t\t\t\t\t\t<\/div>\n\t\t\t\t\t\t\t\t<\/a>\n\t\t\t\t\t\t\t<\/div>\n\t\t\t\t\t\t<\/div><div class=\"col-lg-4 col-md-6 col-xs-12\">\n\t\t\t\t\t\t\t<div class=\"box\">\n\t\t\t\t\t\t\t\t<a aria-label=\"Lire la suite Capgemini et McDonald\u2019s renouvellent leur partenariat strat\u00e9gique avec un accord mondial pluriannuel ax\u00e9 sur le d\u00e9ploiement de plateformes modernes et \u00e9volutives\" href=\"https:\/\/www.capgemini.com\/ca-fr\/actualites\/communiques-de-presse\/capgemini-et-mcdonalds-renouvellent-leur-partenariat-strategique-avec-un-accord-mondial-pluriannuel-axe-sur-le-deploiement-de-plateformes-modernes-et-evolutives\/\" class=\"anchorWrapper\">\n\t\t\t\t\t\t\t\t\t<span class=\"box-tag\"><span>Actualit\u00e9s client<\/span><\/span>\n\t\t\t\t\t\t\t\t\t<div class=\"box-title\"><h3 class=\"box-subtitle\">Capgemini et McDonald\u2019s renouvellent leur partenariat strat\u00e9gique avec un accord mondial pluriannuel ax\u00e9 sur le d\u00e9ploiement de plateformes modernes et \u00e9volutives<\/h3><\/div>\n\t\t\t\t\t\t\t\t\t<div class=\"box-date\">\n\t\t\t\t\t\t\t\t\t\t<span>Apr 15, 2026<\/span>\n\t\t\t\t\t\t\t\t\t<\/div>\n\t\t\t\t\t\t\t\t\t<div class=\"box-bottom\">\n\t\t\t\t\t\t\t\t\t\t&lt;a class=&quot;link-download&quot; href=&quot;https:\/\/www.capgemini.com\/fr-fr\/wp-content\/uploads\/sites\/6\/2026\/03\/2026_03_05_McDonalds_Capgemini_Press-Release_FR.pdf&quot; aria-label=&quot;T\u00e9l\u00e9charger le communiqu\u00e9 de presse&quot; target=&quot;_blank&quot;  type=&quot;download&quot; title=&quot;Opens in a new window&quot;&gt;\n\t\t\t\t\t\t\t&lt;span&gt;T\u00e9l\u00e9charger le communiqu\u00e9 de presse&lt;\/span&gt;\n\t\t\t\t\t\t\t&lt;span&gt;142 KB PDF&lt;\/span&gt;\n\t\t\t\t\t\t&lt;\/a&gt;\n\t\t\t\t\t\t\t\t\t\t<a class=\"more\" aria-label=\"Lire la suite Capgemini et McDonald\u2019s renouvellent leur partenariat strat\u00e9gique avec un accord mondial pluriannuel ax\u00e9 sur le d\u00e9ploiement de plateformes modernes et \u00e9volutives\" href=\"https:\/\/www.capgemini.com\/ca-fr\/actualites\/communiques-de-presse\/capgemini-et-mcdonalds-renouvellent-leur-partenariat-strategique-avec-un-accord-mondial-pluriannuel-axe-sur-le-deploiement-de-plateformes-modernes-et-evolutives\/\">Lire la suite<\/a>\n\t\t\t\t\t\t\t\t\t<\/div>\n\t\t\t\t\t\t\t\t<\/a>\n\t\t\t\t\t\t\t<\/div>\n\t\t\t\t\t\t<\/div><div class=\"col-lg-4 col-md-6 col-xs-12\">\n\t\t\t\t\t\t\t<div class=\"box\">\n\t\t\t\t\t\t\t\t<a aria-label=\"Lire la suite Capgemini et OpenAI unissent leurs forces pour acc\u00e9l\u00e9rer la nouvelle \u00e8re de transformation des entreprises par l\u2019IA avec la Frontier Alliance\" href=\"https:\/\/www.capgemini.com\/ca-fr\/actualites\/communiques-de-presse\/partenariat-avec-openai\/\" class=\"anchorWrapper\">\n\t\t\t\t\t\t\t\t\t<span class=\"box-tag\"><span>Partenariats<\/span><\/span>\n\t\t\t\t\t\t\t\t\t<div class=\"box-title\"><h3 class=\"box-subtitle\">Capgemini et OpenAI unissent leurs forces pour acc\u00e9l\u00e9rer la nouvelle \u00e8re de transformation des entreprises par l\u2019IA avec la Frontier Alliance<\/h3><\/div>\n\t\t\t\t\t\t\t\t\t<div class=\"box-date\">\n\t\t\t\t\t\t\t\t\t\t<span>Mar 22, 2026<\/span>\n\t\t\t\t\t\t\t\t\t<\/div>\n\t\t\t\t\t\t\t\t\t<div class=\"box-bottom\">\n\t\t\t\t\t\t\t\t\t\t&lt;a class=&quot;link-download&quot; href=&quot;https:\/\/www.capgemini.com\/wp-content\/uploads\/2026\/02\/02_23_Capgemini-News-Alert_OpenAI-Frontier-Alliance.pdf&quot; aria-label=&quot;T\u00e9l\u00e9charger le communiqu\u00e9 de presse&quot; target=&quot;_blank&quot;  type=&quot;download&quot; title=&quot;Opens in a new window&quot;&gt;\n\t\t\t\t\t\t\t&lt;span&gt;T\u00e9l\u00e9charger le communiqu\u00e9 de presse&lt;\/span&gt;\n\t\t\t\t\t\t\t&lt;span&gt;132 KB PDF&lt;\/span&gt;\n\t\t\t\t\t\t&lt;\/a&gt;\n\t\t\t\t\t\t\t\t\t\t<a class=\"more\" aria-label=\"Lire la suite Capgemini et OpenAI unissent leurs forces pour acc\u00e9l\u00e9rer la nouvelle \u00e8re de transformation des entreprises par l\u2019IA avec la Frontier Alliance\" href=\"https:\/\/www.capgemini.com\/ca-fr\/actualites\/communiques-de-presse\/partenariat-avec-openai\/\">Lire la suite<\/a>\n\t\t\t\t\t\t\t\t\t<\/div>\n\t\t\t\t\t\t\t\t<\/a>\n\t\t\t\t\t\t\t<\/div>\n\t\t\t\t\t\t<\/div><\/div><\/div><\/section><\/div><\/div><\/div><\/div><\/div><\/div><\/section>\n","protected":false},"excerpt":{"rendered":"","protected":false},"author":336,"featured_media":0,"template":"","meta":{"cg_dt_proposed_to":[],"cg_seo_hreflang_relations":"[]","cg_seo_canonical_relation":"","cg_seo_hreflang_x_default_relation":"{\"uuid\":\"2b07d1b6-c1dc-483c-8e81-cc5f6b5cb5c6\",\"blogId\":\"\",\"domain\":\"\",\"sitePath\":\"\",\"postLink\":\"\",\"postId\":null,\"isSaved\":true,\"isCrossLink\":false,\"hasCrossLink\":false}","cg_dt_approved_content":true,"cg_dt_mandatory_content":false,"cg_dt_notes":"","cg_dg_source_changed":false,"cg_dt_link_disabled":false,"footnotes":"","related_resource_url":"https:\/\/www.capgemini.com\/ca-fr\/wp-content\/uploads\/sites\/21\/2022\/11\/2020_07_09_Capgemini_press-release_MicroCarb_FR-1.pdf","related_resource_id":3404,"related_resource_size":"172 KB","related_resource_type":"pdf","cg_author":0,"featured_focal_points":""},"tags":[],"press-release-type":[],"brand":[],"class_list":["post-3403","press-release","type-press-release","status-publish","hentry"],"yoast_head":"<!-- This site is optimized with the Yoast SEO Premium plugin v22.8 (Yoast SEO v22.8) - https:\/\/yoast.com\/wordpress\/plugins\/seo\/ -->\n<title>Capgemini d\u00e9veloppe un centre de mission pour cartographier les sources de CO\u2082 \u00e0 l\u2019\u00e9chelle plan\u00e9taire - Capgemini Canada French<\/title>\n<meta name=\"robots\" content=\"index, follow, max-snippet:-1, max-image-preview:large, max-video-preview:-1\" \/>\n<link rel=\"canonical\" href=\"https:\/\/www.capgemini.com\/ca-fr\/actualites\/communiques-de-presse\/capgemini-developpe-un-centre-de-mission-pour-cartographier-les-sources-de-co\u2082-a-lechelle-planetaire\/\" \/>\n<meta property=\"og:locale\" content=\"fr_FR\" \/>\n<meta property=\"og:type\" content=\"article\" \/>\n<meta property=\"og:title\" content=\"Capgemini d\u00e9veloppe un centre de mission pour cartographier les sources de CO\u2082 \u00e0 l\u2019\u00e9chelle plan\u00e9taire\" \/>\n<meta property=\"og:url\" content=\"https:\/\/www.capgemini.com\/ca-fr\/actualites\/communiques-de-presse\/capgemini-developpe-un-centre-de-mission-pour-cartographier-les-sources-de-co\u2082-a-lechelle-planetaire\/\" \/>\n<meta property=\"og:site_name\" content=\"Capgemini Canada French\" \/>\n<meta property=\"article:modified_time\" content=\"2025-03-30T06:00:46+00:00\" \/>\n<meta property=\"og:image\" content=\"https:\/\/www.capgemini.com\/ca-fr\/wp-content\/uploads\/sites\/21\/2025\/10\/New-Web-preview-global.jpg\" \/>\n\t<meta property=\"og:image:width\" content=\"1200\" \/>\n\t<meta property=\"og:image:height\" content=\"627\" \/>\n\t<meta property=\"og:image:type\" content=\"image\/jpeg\" \/>\n<meta name=\"twitter:card\" content=\"summary_large_image\" \/>\n<script type=\"application\/ld+json\" class=\"yoast-schema-graph\">{\"@context\":\"https:\/\/schema.org\",\"@graph\":[{\"@type\":\"WebPage\",\"@id\":\"https:\/\/www.capgemini.com\/ca-fr\/actualites\/communiques-de-presse\/capgemini-developpe-un-centre-de-mission-pour-cartographier-les-sources-de-co%E2%82%82-a-lechelle-planetaire\/\",\"url\":\"https:\/\/www.capgemini.com\/ca-fr\/actualites\/communiques-de-presse\/capgemini-developpe-un-centre-de-mission-pour-cartographier-les-sources-de-co%E2%82%82-a-lechelle-planetaire\/\",\"name\":\"Capgemini d\u00e9veloppe un centre de mission pour cartographier les sources de CO\u2082 \u00e0 l\u2019\u00e9chelle plan\u00e9taire - Capgemini Canada French\",\"isPartOf\":{\"@id\":\"https:\/\/www.capgemini.com\/ca-fr\/#website\"},\"datePublished\":\"2020-07-09T14:26:00+00:00\",\"dateModified\":\"2025-03-30T06:00:46+00:00\",\"breadcrumb\":{\"@id\":\"https:\/\/www.capgemini.com\/ca-fr\/actualites\/communiques-de-presse\/capgemini-developpe-un-centre-de-mission-pour-cartographier-les-sources-de-co%E2%82%82-a-lechelle-planetaire\/#breadcrumb\"},\"inLanguage\":\"fr-FR\",\"potentialAction\":[{\"@type\":\"ReadAction\",\"target\":[\"https:\/\/www.capgemini.com\/ca-fr\/actualites\/communiques-de-presse\/capgemini-developpe-un-centre-de-mission-pour-cartographier-les-sources-de-co%E2%82%82-a-lechelle-planetaire\/\"]}]},{\"@type\":\"BreadcrumbList\",\"@id\":\"https:\/\/www.capgemini.com\/ca-fr\/actualites\/communiques-de-presse\/capgemini-developpe-un-centre-de-mission-pour-cartographier-les-sources-de-co%E2%82%82-a-lechelle-planetaire\/#breadcrumb\",\"itemListElement\":[{\"@type\":\"ListItem\",\"position\":1,\"name\":\"Home\",\"item\":\"https:\/\/www.capgemini.com\/ca-fr\/\"},{\"@type\":\"ListItem\",\"position\":2,\"name\":\"Press Releases\",\"item\":\"https:\/\/www.capgemini.com\/ca-fr\/news\/\"},{\"@type\":\"ListItem\",\"position\":3,\"name\":\"Capgemini d\u00e9veloppe un centre de mission pour cartographier les sources de CO\u2082 \u00e0 l\u2019\u00e9chelle plan\u00e9taire\"}]},{\"@type\":\"WebSite\",\"@id\":\"https:\/\/www.capgemini.com\/ca-fr\/#website\",\"url\":\"https:\/\/www.capgemini.com\/ca-fr\/\",\"name\":\"Capgemini Canada French\",\"description\":\"Capgemini\",\"potentialAction\":[{\"@type\":\"SearchAction\",\"target\":{\"@type\":\"EntryPoint\",\"urlTemplate\":\"https:\/\/www.capgemini.com\/ca-fr\/?s={search_term_string}\"},\"query-input\":\"required name=search_term_string\"}],\"inLanguage\":\"fr-FR\"}]}<\/script>\n<!-- \/ Yoast SEO Premium plugin. -->","yoast_head_json":{"title":"Capgemini d\u00e9veloppe un centre de mission pour cartographier les sources de CO\u2082 \u00e0 l\u2019\u00e9chelle plan\u00e9taire - Capgemini Canada French","robots":{"index":"index","follow":"follow","max-snippet":"max-snippet:-1","max-image-preview":"max-image-preview:large","max-video-preview":"max-video-preview:-1"},"canonical":"https:\/\/www.capgemini.com\/ca-fr\/actualites\/communiques-de-presse\/capgemini-developpe-un-centre-de-mission-pour-cartographier-les-sources-de-co\u2082-a-lechelle-planetaire\/","og_locale":"fr_FR","og_type":"article","og_title":"Capgemini d\u00e9veloppe un centre de mission pour cartographier les sources de CO\u2082 \u00e0 l\u2019\u00e9chelle plan\u00e9taire","og_url":"https:\/\/www.capgemini.com\/ca-fr\/actualites\/communiques-de-presse\/capgemini-developpe-un-centre-de-mission-pour-cartographier-les-sources-de-co\u2082-a-lechelle-planetaire\/","og_site_name":"Capgemini Canada French","article_modified_time":"2025-03-30T06:00:46+00:00","og_image":[{"width":1200,"height":627,"url":"https:\/\/www.capgemini.com\/ca-fr\/wp-content\/uploads\/sites\/21\/2025\/10\/New-Web-preview-global.jpg","type":"image\/jpeg"}],"twitter_card":"summary_large_image","schema":{"@context":"https:\/\/schema.org","@graph":[{"@type":"WebPage","@id":"https:\/\/www.capgemini.com\/ca-fr\/actualites\/communiques-de-presse\/capgemini-developpe-un-centre-de-mission-pour-cartographier-les-sources-de-co%E2%82%82-a-lechelle-planetaire\/","url":"https:\/\/www.capgemini.com\/ca-fr\/actualites\/communiques-de-presse\/capgemini-developpe-un-centre-de-mission-pour-cartographier-les-sources-de-co%E2%82%82-a-lechelle-planetaire\/","name":"Capgemini d\u00e9veloppe un centre de mission pour cartographier les sources de CO\u2082 \u00e0 l\u2019\u00e9chelle plan\u00e9taire - Capgemini Canada French","isPartOf":{"@id":"https:\/\/www.capgemini.com\/ca-fr\/#website"},"datePublished":"2020-07-09T14:26:00+00:00","dateModified":"2025-03-30T06:00:46+00:00","breadcrumb":{"@id":"https:\/\/www.capgemini.com\/ca-fr\/actualites\/communiques-de-presse\/capgemini-developpe-un-centre-de-mission-pour-cartographier-les-sources-de-co%E2%82%82-a-lechelle-planetaire\/#breadcrumb"},"inLanguage":"fr-FR","potentialAction":[{"@type":"ReadAction","target":["https:\/\/www.capgemini.com\/ca-fr\/actualites\/communiques-de-presse\/capgemini-developpe-un-centre-de-mission-pour-cartographier-les-sources-de-co%E2%82%82-a-lechelle-planetaire\/"]}]},{"@type":"BreadcrumbList","@id":"https:\/\/www.capgemini.com\/ca-fr\/actualites\/communiques-de-presse\/capgemini-developpe-un-centre-de-mission-pour-cartographier-les-sources-de-co%E2%82%82-a-lechelle-planetaire\/#breadcrumb","itemListElement":[{"@type":"ListItem","position":1,"name":"Home","item":"https:\/\/www.capgemini.com\/ca-fr\/"},{"@type":"ListItem","position":2,"name":"Press Releases","item":"https:\/\/www.capgemini.com\/ca-fr\/news\/"},{"@type":"ListItem","position":3,"name":"Capgemini d\u00e9veloppe un centre de mission pour cartographier les sources de CO\u2082 \u00e0 l\u2019\u00e9chelle plan\u00e9taire"}]},{"@type":"WebSite","@id":"https:\/\/www.capgemini.com\/ca-fr\/#website","url":"https:\/\/www.capgemini.com\/ca-fr\/","name":"Capgemini Canada French","description":"Capgemini","potentialAction":[{"@type":"SearchAction","target":{"@type":"EntryPoint","urlTemplate":"https:\/\/www.capgemini.com\/ca-fr\/?s={search_term_string}"},"query-input":"required name=search_term_string"}],"inLanguage":"fr-FR"}]}},"parsely":{"version":"1.1.0","canonical_url":"https:\/\/capgemini.com\/ca-fr\/actualites\/communiques-de-presse\/capgemini-developpe-un-centre-de-mission-pour-cartographier-les-sources-de-co%E2%82%82-a-lechelle-planetaire\/","smart_links":{"inbound":0,"outbound":0},"traffic_boost_suggestions_count":0,"meta":{"@context":"https:\/\/schema.org","@type":"NewsArticle","headline":"Capgemini d\u00e9veloppe un centre de mission pour cartographier les sources de CO\u2082 \u00e0 l\u2019\u00e9chelle plan\u00e9taire","url":"https:\/\/www.capgemini.com\/ca-fr\/actualites\/communiques-de-presse\/capgemini-developpe-un-centre-de-mission-pour-cartographier-les-sources-de-co%E2%82%82-a-lechelle-planetaire\/","mainEntityOfPage":{"@type":"WebPage","@id":"https:\/\/www.capgemini.com\/ca-fr\/actualites\/communiques-de-presse\/capgemini-developpe-un-centre-de-mission-pour-cartographier-les-sources-de-co%E2%82%82-a-lechelle-planetaire\/"},"thumbnailUrl":"","image":{"@type":"ImageObject","url":""},"articleSection":"Uncategorized","author":[],"creator":[],"publisher":{"@type":"Organization","name":"Capgemini Canada French","logo":""},"keywords":[],"dateCreated":"2020-07-09T14:26:00Z","datePublished":"2020-07-09T14:26:00Z","dateModified":"2025-03-30T06:00:46Z"},"rendered":"<meta name=\"parsely-title\" content=\"Capgemini d\u00e9veloppe un centre de mission pour cartographier les sources de CO\u2082 \u00e0 l\u2019\u00e9chelle plan\u00e9taire\" \/>\n<meta name=\"parsely-link\" content=\"https:\/\/www.capgemini.com\/ca-fr\/actualites\/communiques-de-presse\/capgemini-developpe-un-centre-de-mission-pour-cartographier-les-sources-de-co%E2%82%82-a-lechelle-planetaire\/\" \/>\n<meta name=\"parsely-type\" content=\"post\" \/>\n<meta name=\"parsely-pub-date\" content=\"2020-07-09T14:26:00Z\" \/>\n<meta name=\"parsely-section\" content=\"Uncategorized\" \/>","tracker_url":"https:\/\/cdn.parsely.com\/keys\/capgemini.com\/p.js"},"archive_status":false,"featured_image_src":"https:\/\/www.capgemini.com\/ca-fr\/wp-content\/themes\/capgemini2025\/assets\/images\/mockup.png","featured_image_alt":false,"jetpack_sharing_enabled":true,"distributor_meta":false,"distributor_terms":false,"distributor_media":false,"distributor_original_site_name":"Capgemini Canada French","distributor_original_site_url":"https:\/\/www.capgemini.com\/ca-fr","push-errors":false,"tag_names":[],"_links":{"self":[{"href":"https:\/\/www.capgemini.com\/ca-fr\/wp-json\/wp\/v2\/press-release\/3403","targetHints":{"allow":["GET"]}}],"collection":[{"href":"https:\/\/www.capgemini.com\/ca-fr\/wp-json\/wp\/v2\/press-release"}],"about":[{"href":"https:\/\/www.capgemini.com\/ca-fr\/wp-json\/wp\/v2\/types\/press-release"}],"author":[{"embeddable":true,"href":"https:\/\/www.capgemini.com\/ca-fr\/wp-json\/wp\/v2\/users\/336"}],"version-history":[{"count":4,"href":"https:\/\/www.capgemini.com\/ca-fr\/wp-json\/wp\/v2\/press-release\/3403\/revisions"}],"predecessor-version":[{"id":707678,"href":"https:\/\/www.capgemini.com\/ca-fr\/wp-json\/wp\/v2\/press-release\/3403\/revisions\/707678"}],"wp:attachment":[{"href":"https:\/\/www.capgemini.com\/ca-fr\/wp-json\/wp\/v2\/media?parent=3403"}],"wp:term":[{"taxonomy":"post_tag","embeddable":true,"href":"https:\/\/www.capgemini.com\/ca-fr\/wp-json\/wp\/v2\/tags?post=3403"},{"taxonomy":"press-release-type","embeddable":true,"href":"https:\/\/www.capgemini.com\/ca-fr\/wp-json\/wp\/v2\/press-release-type?post=3403"},{"taxonomy":"brand","embeddable":true,"href":"https:\/\/www.capgemini.com\/ca-fr\/wp-json\/wp\/v2\/brand?post=3403"}],"curies":[{"name":"wp","href":"https:\/\/api.w.org\/{rel}","templated":true}]}}