{"id":3378,"date":"2020-09-16T14:12:00","date_gmt":"2020-09-16T14:12:00","guid":{"rendered":"https:\/\/www.capgemini.com\/ca-fr\/?post_type=press-release&#038;p=3378"},"modified":"2025-03-30T05:58:31","modified_gmt":"2025-03-30T05:58:31","slug":"capgemini-accompagne-lagence-spatiale-europeenne-dans-lexploration-des-donnees-dobservation-des-forets-depuis-lespace","status":"publish","type":"press-release","link":"https:\/\/www.capgemini.com\/ca-fr\/actualites\/communiques-de-presse\/capgemini-accompagne-lagence-spatiale-europeenne-dans-lexploration-des-donnees-dobservation-des-forets-depuis-lespace\/","title":{"rendered":"Capgemini accompagne l\u2019Agence Spatiale Europ\u00e9enne dans l\u2019exploration des donn\u00e9es d\u2019observation des for\u00eats depuis l\u2019espace"},"content":{"rendered":"\n<p><\/p>\n\n\n\t\t<div class=\"wp-block-cg-blocks-hero-press-release\">\n\t\t\t<header class=\"header-hero-press-release\" role=\"main\" id=\"main-content-press-release\">\n\t\t\t\t<div class=\"container\">\n\t\t\t\t\t<div class=\"hero-press-release\">\n\t\t\t\t\t\t<div class=\"hero-press-release-content-wrapper\">\n\t\t\t\t\t\t\t<div class=\"row\">\n\t\t\t\t\t\t\t\t<div class=\"col-12\">\n\t\t\t\t\t\t\t\t\t<div class=\"header-title\">\n\t\t\t\t\t\t\t\t\t\t<h1>\n\t\t\t\t\t\t\t\t\t\t\tCapgemini accompagne l\u2019Agence Spatiale Europ\u00e9enne dans l\u2019exploration des donn\u00e9es d\u2019observation des for\u00eats depuis l\u2019espace\t\t\t\t\t\t\t\t\t\t<\/h1>\n\t\t\t\t\t\t\t\t\t<\/div>\n\t\t\t\t\t\t\t\t\t<div class=\"header-description\">\n\t\t\t\t\t\t\t\t\t\t<p><\/p>\n\t\t\t\t\t\t\t\t\t<\/div>\n\t\t\t\t\t\t\t\t\t\t\t\t\t\t\t\t\t\t<div class=\"header-date\">\n\t\t\t\t\t\t\t\t\t\t<span>sept. 16, 2020<\/span>\n\t\t\t\t\t\t\t\t\t<\/div>\n\t\t\t\t\t\t\t\t<\/div>\n\t\t\t\t\t\t\t<\/div>\n\t\t\t\t\t\t<\/div>\n\t\t\t\t\t\t\t\t\t\t\t\t\t<div class=\"hero-press-release-downloads\">\n\t\t\t\t\t\t\t\t<div class=\"row\">\n\t\t\t\t\t\t\t\t\t\t\t\t\t\t\t\t\t\t\t<div class=\"col-12 col-md-6 col-lg-3\">\n\t\t\t\t\t\t\t\t\t\t\t<a class=\"download-item\" type=\"download\" href=\"https:\/\/www.capgemini.com\/ca-fr\/wp-content\/uploads\/sites\/21\/2022\/11\/2020_09_16_Capgemini_MAAP_BIOMASS_ESA_FR.pdf\" target=\"_blank\" rel=\"noopener noreferrer\" title=\"Ouvrir dans une nouvelle fen\u00eatre\">\n\t\t\t\t\t\t\t\t\t\t\t\t<div class=\"download-icon\"><\/div>\n\t\t\t\t\t\t\t\t\t\t\t\t<div class=\"download-details\">\n\t\t\t\t\t\t\t\t\t\t\t\t\t<div class=\"download-title\">Download press release<\/div>\n\t\t\t\t\t\t\t\t\t\t\t\t\t<div class=\"download-props\">125 KB  pdf<\/div>\n\t\t\t\t\t\t\t\t\t\t\t\t<\/div>\n\t\t\t\t\t\t\t\t\t\t\t<\/a>\n\t\t\t\t\t\t\t\t\t\t<\/div>\n\t\t\t\t\t\t\t\t\t\t\t\t\t\t\t\t\t\t<\/div>\n\t\t\t\t\t\t\t<\/div>\n\t\t\t\t\t\t\t\t\t\t\t\t\t\t\t\t\t<\/div>\n\t\t\t\t<\/div>\n\t\t\t<\/header>\n\t\t<\/div>\n\t\t\n\n\n<section class=\"wp-block-cg-blocks-intro-para undefined section section--intro\"><div class=\"intro-para\"><div class=\"container\"><div class=\"row\"><div class=\"col-12 col-md-1\"><nav class=\"article-social\"><ul class=\"social-nav\"><li class=\"ip-order-fb\"><a href=\"https:\/\/www.facebook.com\/sharer\/sharer.php?u=https:\/\/www.capgemini.com\/ca-fr\/actualites\/communiques-de-presse\/capgemini-accompagne-lagence-spatiale-europeenne-dans-lexploration-des-donnees-dobservation-des-forets-depuis-lespace\/\" target=\"_blank\" rel=\"noopener noreferrer\" title=\"Ouvrir dans une nouvelle fen\u00eatre\"><i aria-hidden=\"true\" class=\"icon-fb\"><\/i><span class=\"sr-only\">Facebook<\/span><\/a><\/li><li class=\"ip-order-li\"><a href=\"https:\/\/www.linkedin.com\/sharing\/share-offsite\/?url=https:\/\/www.capgemini.com\/ca-fr\/actualites\/communiques-de-presse\/capgemini-accompagne-lagence-spatiale-europeenne-dans-lexploration-des-donnees-dobservation-des-forets-depuis-lespace\/\" target=\"_blank\" rel=\"noopener noreferrer\" title=\"Ouvrir dans une nouvelle fen\u00eatre\"><i aria-hidden=\"true\" class=\"icon-li\"><\/i><span class=\"sr-only\">Linkedin<\/span><\/a><\/li><\/ul><\/nav><\/div><div class=\"col-12 col-md-11 col-lg-10\"><h2 class=\"intro-para-title\"><strong>Paris, le 16 septembre 2020 \u2013 <\/strong><a href=\"https:\/\/www.esa.int\/\"><strong>L\u2019Agence spatiale europ\u00e9enne<\/strong><\/a><strong> (ESA) a fait appel \u00e0 <\/strong><a href=\"https:\/\/www.capgemini.com\/ca-fr\"><strong>Capgemini<\/strong><\/a><strong> pour d\u00e9velopper la version pilote de la MAAP<\/strong><a href=\"#_ftn1\"><sup>[1]<\/sup><\/a><strong>, une plateforme d\u2019analyse de donn\u00e9es renseignant la biomasse a\u00e9rienne (arbres et arbustes) \u00e0 destination de la communaut\u00e9 scientifique internationale. Elle a \u00e9t\u00e9 cr\u00e9\u00e9e dans le cadre de la <\/strong><a href=\"https:\/\/www.esa.int\/Applications\/Observing_the_Earth\/The_Living_Planet_Programme\/Earth_Explorers\/Biomass\"><strong>mission Biomass<\/strong><\/a><strong> qui vise \u00e0 explorer la surface de la Terre et \u00e0 mesurer la biomasse foresti\u00e8re. Les donn\u00e9es recueillies et trait\u00e9es par la MAAP serviront notamment \u00e0 \u00e9tablir une cartographie plus pr\u00e9cise des for\u00eats \u00e0 l\u2019\u00e9chelle du globe. En ligne de mire, une gestion durable de ces derni\u00e8res et une meilleure compr\u00e9hension du climat de notre plan\u00e8te.<\/strong><\/h2><\/div><\/div><\/div><\/div><\/section>\n\n\n\n<section class=\"wp-block-cg-blocks-group undefined section section--article-content\"><div class=\"article-main-content\"><div class=\"container\"><div class=\"row\"><div class=\"col-12 col-md-11 col-lg-10 offset-md-1 offset-lg-1\"><div class=\"article-text article-quote-text\">\n<p>Cette plateforme permettra pour la premi\u00e8re fois \u00e0 la communaut\u00e9 internationale sp\u00e9cialis\u00e9e dans l\u2019observation de la terre d\u2019acc\u00e9der rapidement aux centaines de m\u00e9gabits de donn\u00e9es terrain, aux donn\u00e9es embarqu\u00e9es et aux donn\u00e9es issues du satellite BIOMASS dont le lancement est pr\u00e9vu en 2022 par l\u2019ESA et d\u2019autres missions d\u2019observation terrestre de l\u2019ESA.<\/p>\n\n\n\n<p>https:\/\/youtube.com\/watch?v=i8NX8L41_xo%3Ffeature%3Doembed%26enablejsapi%3D1%26origin%3Dhttps%253A%252F%252Fwww.capgemini.com<\/p>\n\n\n\n<p>Depuis 2017, Capgemini d\u00e9veloppe la plateforme et la version pilote de la MAAP d\u00e9livre d\u00e9sormais les outils de visualisation et de param\u00e9trage qui permettent au panel de scientifiques d\u2019observation de la terre de pouvoir cr\u00e9er, modifier et valider leurs propres algorithmes et de les partager facilement avec les autres experts de la communaut\u00e9. Il s\u2019agit de d\u2019une plateforme interop\u00e9rable entre l\u2019ESA et la NASA<a href=\"#_ftn2\" id=\"_ftnref2\">[2]<\/a> en mesure de fournir un acc\u00e8s rapide et fiable \u00e0 la donn\u00e9e. Les scientifiques du monde entier pourront ainsi b\u00e9n\u00e9ficier d\u2019un acc\u00e8s commun aux donn\u00e9es issues des missions d\u2019observation et de surveillance des for\u00eats pour une recherche collective approfondie.<\/p>\n\n\n\n<p>Cela est rendu possible par un environnement de travail virtuel et collaboratif, dot\u00e9 de puissantes capacit\u00e9s de stockage et de calcul. D\u00e9velopp\u00e9e en partenariat avec Aresys, soci\u00e9t\u00e9 italienne sp\u00e9cialis\u00e9e dans l\u2019observation de la terre, la plateforme <em>open source<\/em> est adoss\u00e9e de fa\u00e7on s\u00e9curis\u00e9e \u00e0 une infrastructure de cloud public, et pr\u00e9sente toutes les fonctionnalit\u00e9s de partage et de collaboration requises (r\u00e9seaux sociaux, wiki, forums, FAQ, actualit\u00e9s\u2026).<\/p>\n\n\n\n<p>Bjorn Frommknecht, Responsable des donn\u00e9es utiles des Segments Sol<a href=\"#_ftn3\" id=\"_ftnref3\"><em><strong>[3]<\/strong><\/em><\/a> au sein de l\u2019ESA, d\u00e9clare : \u00ab&nbsp;<em>Biomass est notre septi\u00e8me <\/em><a href=\"https:\/\/www.futura-sciences.com\/sciences\/actualites\/astronautique-trois-missions-observation-terre-competition-esa-44159\/\"><em>mission d\u2019exploration<\/em><\/a><em> de la <\/em><a href=\"https:\/\/www.futura-sciences.com\/planete\/definitions\/structure-terre-terre-4725\/\"><em>Terre<\/em><\/a><em> dans le cadre du programme The Living Planet <\/em><a href=\"#_ftn4\" id=\"_ftnref4\"><sup><em>[1]<\/em><\/sup><\/a><em>. Notre MAAP a \u00e9t\u00e9 lanc\u00e9e en 2017 pour \u00e9tudier la faisabilit\u00e9 d\u2019un Segment Sol d\u00e9di\u00e9 \u00e0 l\u2019exploration de la donn\u00e9e. L\u2019objectif est de d\u00e9velopper une connaissance approfondie de notre plan\u00e8te, qui se trouve impact\u00e9e par de nombreux \u00e9v\u00e9nements li\u00e9s au changement climatique. Pour cela, nous avons besoin de disposer de donn\u00e9es satellitaires pr\u00e9cises qui serviront \u00e0 de nombreuses applications soci\u00e9tales pour prot\u00e9ger et pr\u00e9server notre environnement. Anim\u00e9s par une culture de l\u2019excellence, nous savions que nous pourrions compter sur Capgemini pour nous accompagner dans la cr\u00e9ation et la mise \u00e0 disposition d\u2019une plateforme correspondant aux besoins de la communaut\u00e9 scientifique.<\/em>&nbsp;\u00bb<\/p>\n\n\n\n<p>Nicolas Chanteloup, \u00e0 la t\u00eate du secteur industrie, automobile, a\u00e9rospatial et sant\u00e9 chez Capgemini en France, pr\u00e9cise&nbsp;: \u00ab&nbsp;<em>Ce projet s\u2019appuie d\u2019abord sur notre expertise m\u00e9tier autour du traitement et de l\u2019interpr\u00e9tation de l\u2019imagerie radar. Elle met aussi en exergue notre exp\u00e9rience en mati\u00e8re de d\u00e9veloppement de technologies de pointe et d\u2019analyse de larges volumes de donn\u00e9es. Le r\u00e9sultat est la cr\u00e9ation d\u2019une plateforme particuli\u00e8rement fiable et enti\u00e8rement interop\u00e9rable. Cette phase de d\u00e9veloppement, qui a dur\u00e9 30 mois, nous a permis de travailler aux c\u00f4t\u00e9s des \u00e9quipes de l\u2019ESA et de la NASA pour assurer le succ\u00e8s d\u2019un projet critique pour la connaissance des enjeux climatiques, ce qui constitue un motif de fiert\u00e9 suppl\u00e9mentaire <\/em>\u00bb.<\/p>\n\n\n\n<p>La mission BIOMASS en d\u00e9tails&nbsp;:<\/p>\n\n\n\n<ul class=\"wp-block-list\">\n<li>Date de lancement du satellite&nbsp;: octobre 2022, \u00e0 bord du lanceur Vega d\u2019Arianespace, pour atteindre l\u2019altitude de 666 kilom\u00e8tres<\/li>\n\n\n\n<li>Son syst\u00e8me de t\u00e9l\u00e9communications transmet les donn\u00e9es vers les&nbsp;<a href=\"https:\/\/fr.wikipedia.org\/wiki\/Station_terrienne\">stations terriennes<\/a>avec un d\u00e9bit de 310 \u00e0 520 m\u00e9gabits par seconde.<\/li>\n\n\n\n<li>Dur\u00e9e&nbsp;: 5 ans pour \u00eatre en mesure d\u2019observer jusqu\u2019\u00e0 8 cycles de croissance<\/li>\n\n\n\n<li>Objectif&nbsp;: quantifier et cartographier le carbone contenu dans les for\u00eats des milieux tropicaux, avec une r\u00e9solution de 50 \u00e0 100 m\u00e8tres<\/li>\n\n\n\n<li>Il doit permettre d\u2019\u00e9tudier l\u2019\u00e9volution du carbone dans le temps et la perte d\u2019absorption du dioxyde de carbone g\u00e9n\u00e9r\u00e9e par la d\u00e9forestation.<\/li>\n\n\n\n<li>Il pourra \u00e9galement visualiser les troncs \u00e0 travers la canop\u00e9e, o\u00f9 est stock\u00e9 l\u2019essentiel de la biomasse, et r\u00e9aliser par \u00ab&nbsp;topographie&nbsp;\u00bb une cartographie de l\u2019habitat et des sols, o\u00f9 se situe une partie de la biodiversit\u00e9.<\/li>\n\n\n\n<li>Enfin, Biomass fournira une carte 3D des for\u00eats.<\/li>\n<\/ul>\n\n\n\n<p>Pour acc\u00e9der \u00e0 la phototh\u00e8que de la mission de l\u2019ESA&nbsp;: cliquer <a href=\"https:\/\/www.esa.int\/ESA_Multimedia\/Missions\/Biomass\/(result_type)\/images\">ici<\/a>.<\/p>\n\n\n\n<p>Pour voir la vid\u00e9o de pr\u00e9sentation&nbsp;: cliquer <a href=\"https:\/\/www.youtube.com\/watch?v=i8NX8L41_xo&amp;feature=youtu.be\">ici<\/a>.<\/p>\n\n\n\n<p><strong>\u00c0 propos de Capgemini<\/strong><\/p>\n\n\n\n<p>Capgemini est un leader mondial du conseil, de la transformation num\u00e9rique, des services technologiques et d\u2019ing\u00e9nierie. A la pointe de l\u2019innovation, le Groupe aide ses clients \u00e0 saisir l\u2019ensemble des opportunit\u00e9s que pr\u00e9sentent le cloud, le digital et les plateformes. Fort de plus de 50 ans d\u2019exp\u00e9rience et d\u2019une grande expertise des diff\u00e9rents secteurs d\u2019activit\u00e9, il accompagne les entreprises et organisations dans la r\u00e9alisation de leurs ambitions, de la d\u00e9finition de leur strat\u00e9gie \u00e0 la mise en \u0153uvre de leurs op\u00e9rations. Pour Capgemini, ce sont les hommes et les femmes qui donnent toute sa valeur \u00e0 la technologie. R\u00e9solument multiculturel, le Groupe compte aujourd\u2019hui 270 000 collaborateurs pr\u00e9sents dans pr\u00e8s de 50 pays. Avec Altran, le Groupe a r\u00e9alis\u00e9 un chiffre d\u2019affaires combin\u00e9 de 17 milliards d\u2019euros en 2019.<\/p>\n\n\n\n<p>Plus d\u2019informations sur <a href=\"http:\/\/www.capgemini.com\">www.capgemini.com<\/a>. <em>People matter, results count.<\/em><\/p>\n\n\n\n<p><a href=\"#_ftnref1\">[1]<\/a> Multi-Mission Algorithm and Analysis Platform<\/p>\n\n\n\n<p><a href=\"#_ftnref2\" id=\"_ftn2\">[2]<\/a> National Aeronautics and Space Administration&nbsp;: <a href=\"https:\/\/www.nasa.gov\/\">https:\/\/www.nasa.gov\/<\/a><\/p>\n\n\n\n<p><a href=\"#_ftnref3\" id=\"_ftn3\">[3]<\/a> Le Segment Sol comprend toutes les infrastructures terrestres qui permettent aussi bien de contr\u00f4ler le satellite sur son orbite que de recueillir et d\u2019exploiter les donn\u00e9es de ses instruments.<\/p>\n\n\n\n<p><a href=\"#_ftnref4\" id=\"_ftn4\">[1]<\/a> The Living Planet&nbsp;: <a href=\"https:\/\/www.esa.int\/Applications\/Observing_the_Earth\/The_Living_Planet_Programme\">https:\/\/www.esa.int\/Applications\/Observing_the_Earth\/The_Living_Planet_Programme<\/a><\/p>\n\n\n<div class=\"wp-block-cg-blocks-cg-block-related-content\"><section class=\"relatedContentBlock\"><div class=\"container\"><div class=\"row\"><div class=\"content-title col-12 col-md-8\"><h2 class=\"related-content-heading\">Related News<\/h2><\/div><\/div><div class=\"row relatedContent\"><div class=\"col-lg-4 col-md-6 col-xs-12\">\n\t\t\t\t\t\t\t<div class=\"box\">\n\t\t\t\t\t\t\t\t<a aria-label=\"Lire la suite Chiffre d\u2019affaires du 1er trimestre 2026\" href=\"https:\/\/www.capgemini.com\/ca-fr\/actualites\/communiques-de-presse\/chiffre-daffaires-du-1er-trimestre-2026\/\" class=\"anchorWrapper\">\n\t\t\t\t\t\t\t\t\t<span class=\"box-tag\"><span>Actualit\u00e9s financi\u00e8res<\/span><\/span>\n\t\t\t\t\t\t\t\t\t<div class=\"box-title\"><h3 class=\"box-subtitle\">Chiffre d\u2019affaires du 1er trimestre 2026<\/h3><\/div>\n\t\t\t\t\t\t\t\t\t<div class=\"box-date\">\n\t\t\t\t\t\t\t\t\t\t<span>Apr 30, 2026<\/span>\n\t\t\t\t\t\t\t\t\t<\/div>\n\t\t\t\t\t\t\t\t\t<div class=\"box-bottom\">\n\t\t\t\t\t\t\t\t\t\t&lt;a class=&quot;link-download&quot; href=&quot;https:\/\/www.capgemini.com\/fr-fr\/wp-content\/uploads\/sites\/6\/2026\/04\/Capgemini_-_2026-04-30_-_Chiffre_d_affaires_du_1er_trimestre_2026.pdf&quot; aria-label=&quot;T\u00e9l\u00e9charger le communiqu\u00e9 de presse&quot; target=&quot;_blank&quot;  type=&quot;download&quot; title=&quot;Opens in a new window&quot;&gt;\n\t\t\t\t\t\t\t&lt;span&gt;T\u00e9l\u00e9charger le communiqu\u00e9 de presse&lt;\/span&gt;\n\t\t\t\t\t\t\t&lt;span&gt;237 KB PDF&lt;\/span&gt;\n\t\t\t\t\t\t&lt;\/a&gt;\n\t\t\t\t\t\t\t\t\t\t<a class=\"more\" aria-label=\"Lire la suite Chiffre d\u2019affaires du 1er trimestre 2026\" href=\"https:\/\/www.capgemini.com\/ca-fr\/actualites\/communiques-de-presse\/chiffre-daffaires-du-1er-trimestre-2026\/\">Lire la suite<\/a>\n\t\t\t\t\t\t\t\t\t<\/div>\n\t\t\t\t\t\t\t\t<\/a>\n\t\t\t\t\t\t\t<\/div>\n\t\t\t\t\t\t<\/div><div class=\"col-lg-4 col-md-6 col-xs-12\">\n\t\t\t\t\t\t\t<div class=\"box\">\n\t\t\t\t\t\t\t\t<a aria-label=\"Lire la suite Capgemini et McDonald\u2019s renouvellent leur partenariat strat\u00e9gique avec un accord mondial pluriannuel ax\u00e9 sur le d\u00e9ploiement de plateformes modernes et \u00e9volutives\" href=\"https:\/\/www.capgemini.com\/ca-fr\/actualites\/communiques-de-presse\/capgemini-et-mcdonalds-renouvellent-leur-partenariat-strategique-avec-un-accord-mondial-pluriannuel-axe-sur-le-deploiement-de-plateformes-modernes-et-evolutives\/\" class=\"anchorWrapper\">\n\t\t\t\t\t\t\t\t\t<span class=\"box-tag\"><span>Actualit\u00e9s client<\/span><\/span>\n\t\t\t\t\t\t\t\t\t<div class=\"box-title\"><h3 class=\"box-subtitle\">Capgemini et McDonald\u2019s renouvellent leur partenariat strat\u00e9gique avec un accord mondial pluriannuel ax\u00e9 sur le d\u00e9ploiement de plateformes modernes et \u00e9volutives<\/h3><\/div>\n\t\t\t\t\t\t\t\t\t<div class=\"box-date\">\n\t\t\t\t\t\t\t\t\t\t<span>Apr 15, 2026<\/span>\n\t\t\t\t\t\t\t\t\t<\/div>\n\t\t\t\t\t\t\t\t\t<div class=\"box-bottom\">\n\t\t\t\t\t\t\t\t\t\t&lt;a class=&quot;link-download&quot; href=&quot;https:\/\/www.capgemini.com\/fr-fr\/wp-content\/uploads\/sites\/6\/2026\/03\/2026_03_05_McDonalds_Capgemini_Press-Release_FR.pdf&quot; aria-label=&quot;T\u00e9l\u00e9charger le communiqu\u00e9 de presse&quot; target=&quot;_blank&quot;  type=&quot;download&quot; title=&quot;Opens in a new window&quot;&gt;\n\t\t\t\t\t\t\t&lt;span&gt;T\u00e9l\u00e9charger le communiqu\u00e9 de presse&lt;\/span&gt;\n\t\t\t\t\t\t\t&lt;span&gt;142 KB PDF&lt;\/span&gt;\n\t\t\t\t\t\t&lt;\/a&gt;\n\t\t\t\t\t\t\t\t\t\t<a class=\"more\" aria-label=\"Lire la suite Capgemini et McDonald\u2019s renouvellent leur partenariat strat\u00e9gique avec un accord mondial pluriannuel ax\u00e9 sur le d\u00e9ploiement de plateformes modernes et \u00e9volutives\" href=\"https:\/\/www.capgemini.com\/ca-fr\/actualites\/communiques-de-presse\/capgemini-et-mcdonalds-renouvellent-leur-partenariat-strategique-avec-un-accord-mondial-pluriannuel-axe-sur-le-deploiement-de-plateformes-modernes-et-evolutives\/\">Lire la suite<\/a>\n\t\t\t\t\t\t\t\t\t<\/div>\n\t\t\t\t\t\t\t\t<\/a>\n\t\t\t\t\t\t\t<\/div>\n\t\t\t\t\t\t<\/div><div class=\"col-lg-4 col-md-6 col-xs-12\">\n\t\t\t\t\t\t\t<div class=\"box\">\n\t\t\t\t\t\t\t\t<a aria-label=\"Lire la suite Capgemini et OpenAI unissent leurs forces pour acc\u00e9l\u00e9rer la nouvelle \u00e8re de transformation des entreprises par l\u2019IA avec la Frontier Alliance\" href=\"https:\/\/www.capgemini.com\/ca-fr\/actualites\/communiques-de-presse\/partenariat-avec-openai\/\" class=\"anchorWrapper\">\n\t\t\t\t\t\t\t\t\t<span class=\"box-tag\"><span>Partenariats<\/span><\/span>\n\t\t\t\t\t\t\t\t\t<div class=\"box-title\"><h3 class=\"box-subtitle\">Capgemini et OpenAI unissent leurs forces pour acc\u00e9l\u00e9rer la nouvelle \u00e8re de transformation des entreprises par l\u2019IA avec la Frontier Alliance<\/h3><\/div>\n\t\t\t\t\t\t\t\t\t<div class=\"box-date\">\n\t\t\t\t\t\t\t\t\t\t<span>Mar 22, 2026<\/span>\n\t\t\t\t\t\t\t\t\t<\/div>\n\t\t\t\t\t\t\t\t\t<div class=\"box-bottom\">\n\t\t\t\t\t\t\t\t\t\t&lt;a class=&quot;link-download&quot; href=&quot;https:\/\/www.capgemini.com\/wp-content\/uploads\/2026\/02\/02_23_Capgemini-News-Alert_OpenAI-Frontier-Alliance.pdf&quot; aria-label=&quot;T\u00e9l\u00e9charger le communiqu\u00e9 de presse&quot; target=&quot;_blank&quot;  type=&quot;download&quot; title=&quot;Opens in a new window&quot;&gt;\n\t\t\t\t\t\t\t&lt;span&gt;T\u00e9l\u00e9charger le communiqu\u00e9 de presse&lt;\/span&gt;\n\t\t\t\t\t\t\t&lt;span&gt;132 KB PDF&lt;\/span&gt;\n\t\t\t\t\t\t&lt;\/a&gt;\n\t\t\t\t\t\t\t\t\t\t<a class=\"more\" aria-label=\"Lire la suite Capgemini et OpenAI unissent leurs forces pour acc\u00e9l\u00e9rer la nouvelle \u00e8re de transformation des entreprises par l\u2019IA avec la Frontier Alliance\" href=\"https:\/\/www.capgemini.com\/ca-fr\/actualites\/communiques-de-presse\/partenariat-avec-openai\/\">Lire la suite<\/a>\n\t\t\t\t\t\t\t\t\t<\/div>\n\t\t\t\t\t\t\t\t<\/a>\n\t\t\t\t\t\t\t<\/div>\n\t\t\t\t\t\t<\/div><\/div><\/div><\/section><\/div><\/div><\/div><\/div><\/div><\/div><\/section>\n","protected":false},"excerpt":{"rendered":"","protected":false},"author":336,"featured_media":0,"template":"","meta":{"cg_dt_proposed_to":[],"cg_seo_hreflang_relations":"[]","cg_seo_canonical_relation":"","cg_seo_hreflang_x_default_relation":"{\"uuid\":\"81b75339-8364-4649-aeb2-f14d629ce8d2\",\"blogId\":\"\",\"domain\":\"\",\"sitePath\":\"\",\"postLink\":\"\",\"postId\":null,\"isSaved\":true,\"isCrossLink\":false,\"hasCrossLink\":false}","cg_dt_approved_content":true,"cg_dt_mandatory_content":false,"cg_dt_notes":"","cg_dg_source_changed":false,"cg_dt_link_disabled":false,"footnotes":"","related_resource_url":"https:\/\/www.capgemini.com\/ca-fr\/wp-content\/uploads\/sites\/21\/2022\/11\/2020_09_16_Capgemini_MAAP_BIOMASS_ESA_FR.pdf","related_resource_id":3379,"related_resource_size":"125 KB","related_resource_type":"pdf","cg_author":0,"featured_focal_points":""},"tags":[],"press-release-type":[],"brand":[],"class_list":["post-3378","press-release","type-press-release","status-publish","hentry"],"yoast_head":"<!-- This site is optimized with the Yoast SEO Premium plugin v22.8 (Yoast SEO v22.8) - https:\/\/yoast.com\/wordpress\/plugins\/seo\/ -->\n<title>Capgemini accompagne l\u2019Agence Spatiale Europ\u00e9enne dans l\u2019exploration des donn\u00e9es d\u2019observation des for\u00eats depuis l\u2019espace - Capgemini Canada French<\/title>\n<meta name=\"robots\" content=\"index, follow, max-snippet:-1, max-image-preview:large, max-video-preview:-1\" \/>\n<link rel=\"canonical\" href=\"https:\/\/www.capgemini.com\/ca-fr\/actualites\/communiques-de-presse\/capgemini-accompagne-lagence-spatiale-europeenne-dans-lexploration-des-donnees-dobservation-des-forets-depuis-lespace\/\" \/>\n<meta property=\"og:locale\" content=\"fr_FR\" \/>\n<meta property=\"og:type\" content=\"article\" \/>\n<meta property=\"og:title\" content=\"Capgemini accompagne l\u2019Agence Spatiale Europ\u00e9enne dans l\u2019exploration des donn\u00e9es d\u2019observation des for\u00eats depuis l\u2019espace\" \/>\n<meta property=\"og:url\" content=\"https:\/\/www.capgemini.com\/ca-fr\/actualites\/communiques-de-presse\/capgemini-accompagne-lagence-spatiale-europeenne-dans-lexploration-des-donnees-dobservation-des-forets-depuis-lespace\/\" \/>\n<meta property=\"og:site_name\" content=\"Capgemini Canada French\" \/>\n<meta property=\"article:modified_time\" content=\"2025-03-30T05:58:31+00:00\" \/>\n<meta property=\"og:image\" content=\"https:\/\/www.capgemini.com\/ca-fr\/wp-content\/uploads\/sites\/21\/2025\/10\/New-Web-preview-global.jpg\" \/>\n\t<meta property=\"og:image:width\" content=\"1200\" \/>\n\t<meta property=\"og:image:height\" content=\"627\" \/>\n\t<meta property=\"og:image:type\" content=\"image\/jpeg\" \/>\n<meta name=\"twitter:card\" content=\"summary_large_image\" \/>\n<script type=\"application\/ld+json\" class=\"yoast-schema-graph\">{\"@context\":\"https:\/\/schema.org\",\"@graph\":[{\"@type\":\"WebPage\",\"@id\":\"https:\/\/www.capgemini.com\/ca-fr\/actualites\/communiques-de-presse\/capgemini-accompagne-lagence-spatiale-europeenne-dans-lexploration-des-donnees-dobservation-des-forets-depuis-lespace\/\",\"url\":\"https:\/\/www.capgemini.com\/ca-fr\/actualites\/communiques-de-presse\/capgemini-accompagne-lagence-spatiale-europeenne-dans-lexploration-des-donnees-dobservation-des-forets-depuis-lespace\/\",\"name\":\"Capgemini accompagne l\u2019Agence Spatiale Europ\u00e9enne dans l\u2019exploration des donn\u00e9es d\u2019observation des for\u00eats depuis l\u2019espace - Capgemini Canada French\",\"isPartOf\":{\"@id\":\"https:\/\/www.capgemini.com\/ca-fr\/#website\"},\"datePublished\":\"2020-09-16T14:12:00+00:00\",\"dateModified\":\"2025-03-30T05:58:31+00:00\",\"breadcrumb\":{\"@id\":\"https:\/\/www.capgemini.com\/ca-fr\/actualites\/communiques-de-presse\/capgemini-accompagne-lagence-spatiale-europeenne-dans-lexploration-des-donnees-dobservation-des-forets-depuis-lespace\/#breadcrumb\"},\"inLanguage\":\"fr-FR\",\"potentialAction\":[{\"@type\":\"ReadAction\",\"target\":[\"https:\/\/www.capgemini.com\/ca-fr\/actualites\/communiques-de-presse\/capgemini-accompagne-lagence-spatiale-europeenne-dans-lexploration-des-donnees-dobservation-des-forets-depuis-lespace\/\"]}]},{\"@type\":\"BreadcrumbList\",\"@id\":\"https:\/\/www.capgemini.com\/ca-fr\/actualites\/communiques-de-presse\/capgemini-accompagne-lagence-spatiale-europeenne-dans-lexploration-des-donnees-dobservation-des-forets-depuis-lespace\/#breadcrumb\",\"itemListElement\":[{\"@type\":\"ListItem\",\"position\":1,\"name\":\"Home\",\"item\":\"https:\/\/www.capgemini.com\/ca-fr\/\"},{\"@type\":\"ListItem\",\"position\":2,\"name\":\"Press Releases\",\"item\":\"https:\/\/www.capgemini.com\/ca-fr\/news\/\"},{\"@type\":\"ListItem\",\"position\":3,\"name\":\"Capgemini accompagne l\u2019Agence Spatiale Europ\u00e9enne dans l\u2019exploration des donn\u00e9es d\u2019observation des for\u00eats depuis l\u2019espace\"}]},{\"@type\":\"WebSite\",\"@id\":\"https:\/\/www.capgemini.com\/ca-fr\/#website\",\"url\":\"https:\/\/www.capgemini.com\/ca-fr\/\",\"name\":\"Capgemini Canada French\",\"description\":\"Capgemini\",\"potentialAction\":[{\"@type\":\"SearchAction\",\"target\":{\"@type\":\"EntryPoint\",\"urlTemplate\":\"https:\/\/www.capgemini.com\/ca-fr\/?s={search_term_string}\"},\"query-input\":\"required name=search_term_string\"}],\"inLanguage\":\"fr-FR\"}]}<\/script>\n<!-- \/ Yoast SEO Premium plugin. -->","yoast_head_json":{"title":"Capgemini accompagne l\u2019Agence Spatiale Europ\u00e9enne dans l\u2019exploration des donn\u00e9es d\u2019observation des for\u00eats depuis l\u2019espace - Capgemini Canada French","robots":{"index":"index","follow":"follow","max-snippet":"max-snippet:-1","max-image-preview":"max-image-preview:large","max-video-preview":"max-video-preview:-1"},"canonical":"https:\/\/www.capgemini.com\/ca-fr\/actualites\/communiques-de-presse\/capgemini-accompagne-lagence-spatiale-europeenne-dans-lexploration-des-donnees-dobservation-des-forets-depuis-lespace\/","og_locale":"fr_FR","og_type":"article","og_title":"Capgemini accompagne l\u2019Agence Spatiale Europ\u00e9enne dans l\u2019exploration des donn\u00e9es d\u2019observation des for\u00eats depuis l\u2019espace","og_url":"https:\/\/www.capgemini.com\/ca-fr\/actualites\/communiques-de-presse\/capgemini-accompagne-lagence-spatiale-europeenne-dans-lexploration-des-donnees-dobservation-des-forets-depuis-lespace\/","og_site_name":"Capgemini Canada French","article_modified_time":"2025-03-30T05:58:31+00:00","og_image":[{"width":1200,"height":627,"url":"https:\/\/www.capgemini.com\/ca-fr\/wp-content\/uploads\/sites\/21\/2025\/10\/New-Web-preview-global.jpg","type":"image\/jpeg"}],"twitter_card":"summary_large_image","schema":{"@context":"https:\/\/schema.org","@graph":[{"@type":"WebPage","@id":"https:\/\/www.capgemini.com\/ca-fr\/actualites\/communiques-de-presse\/capgemini-accompagne-lagence-spatiale-europeenne-dans-lexploration-des-donnees-dobservation-des-forets-depuis-lespace\/","url":"https:\/\/www.capgemini.com\/ca-fr\/actualites\/communiques-de-presse\/capgemini-accompagne-lagence-spatiale-europeenne-dans-lexploration-des-donnees-dobservation-des-forets-depuis-lespace\/","name":"Capgemini accompagne l\u2019Agence Spatiale Europ\u00e9enne dans l\u2019exploration des donn\u00e9es d\u2019observation des for\u00eats depuis l\u2019espace - Capgemini Canada French","isPartOf":{"@id":"https:\/\/www.capgemini.com\/ca-fr\/#website"},"datePublished":"2020-09-16T14:12:00+00:00","dateModified":"2025-03-30T05:58:31+00:00","breadcrumb":{"@id":"https:\/\/www.capgemini.com\/ca-fr\/actualites\/communiques-de-presse\/capgemini-accompagne-lagence-spatiale-europeenne-dans-lexploration-des-donnees-dobservation-des-forets-depuis-lespace\/#breadcrumb"},"inLanguage":"fr-FR","potentialAction":[{"@type":"ReadAction","target":["https:\/\/www.capgemini.com\/ca-fr\/actualites\/communiques-de-presse\/capgemini-accompagne-lagence-spatiale-europeenne-dans-lexploration-des-donnees-dobservation-des-forets-depuis-lespace\/"]}]},{"@type":"BreadcrumbList","@id":"https:\/\/www.capgemini.com\/ca-fr\/actualites\/communiques-de-presse\/capgemini-accompagne-lagence-spatiale-europeenne-dans-lexploration-des-donnees-dobservation-des-forets-depuis-lespace\/#breadcrumb","itemListElement":[{"@type":"ListItem","position":1,"name":"Home","item":"https:\/\/www.capgemini.com\/ca-fr\/"},{"@type":"ListItem","position":2,"name":"Press Releases","item":"https:\/\/www.capgemini.com\/ca-fr\/news\/"},{"@type":"ListItem","position":3,"name":"Capgemini accompagne l\u2019Agence Spatiale Europ\u00e9enne dans l\u2019exploration des donn\u00e9es d\u2019observation des for\u00eats depuis l\u2019espace"}]},{"@type":"WebSite","@id":"https:\/\/www.capgemini.com\/ca-fr\/#website","url":"https:\/\/www.capgemini.com\/ca-fr\/","name":"Capgemini Canada French","description":"Capgemini","potentialAction":[{"@type":"SearchAction","target":{"@type":"EntryPoint","urlTemplate":"https:\/\/www.capgemini.com\/ca-fr\/?s={search_term_string}"},"query-input":"required name=search_term_string"}],"inLanguage":"fr-FR"}]}},"parsely":{"version":"1.1.0","canonical_url":"https:\/\/capgemini.com\/ca-fr\/actualites\/communiques-de-presse\/capgemini-accompagne-lagence-spatiale-europeenne-dans-lexploration-des-donnees-dobservation-des-forets-depuis-lespace\/","smart_links":{"inbound":0,"outbound":0},"traffic_boost_suggestions_count":0,"meta":{"@context":"https:\/\/schema.org","@type":"NewsArticle","headline":"Capgemini accompagne l\u2019Agence Spatiale Europ\u00e9enne dans l\u2019exploration des donn\u00e9es d\u2019observation des for\u00eats depuis l\u2019espace","url":"https:\/\/www.capgemini.com\/ca-fr\/actualites\/communiques-de-presse\/capgemini-accompagne-lagence-spatiale-europeenne-dans-lexploration-des-donnees-dobservation-des-forets-depuis-lespace\/","mainEntityOfPage":{"@type":"WebPage","@id":"https:\/\/www.capgemini.com\/ca-fr\/actualites\/communiques-de-presse\/capgemini-accompagne-lagence-spatiale-europeenne-dans-lexploration-des-donnees-dobservation-des-forets-depuis-lespace\/"},"thumbnailUrl":"","image":{"@type":"ImageObject","url":""},"articleSection":"Uncategorized","author":[],"creator":[],"publisher":{"@type":"Organization","name":"Capgemini Canada French","logo":""},"keywords":[],"dateCreated":"2020-09-16T14:12:00Z","datePublished":"2020-09-16T14:12:00Z","dateModified":"2025-03-30T05:58:31Z"},"rendered":"<meta name=\"parsely-title\" content=\"Capgemini accompagne l\u2019Agence Spatiale Europ\u00e9enne dans l\u2019exploration des donn\u00e9es d\u2019observation des for\u00eats depuis l\u2019espace\" \/>\n<meta name=\"parsely-link\" content=\"https:\/\/www.capgemini.com\/ca-fr\/actualites\/communiques-de-presse\/capgemini-accompagne-lagence-spatiale-europeenne-dans-lexploration-des-donnees-dobservation-des-forets-depuis-lespace\/\" \/>\n<meta name=\"parsely-type\" content=\"post\" \/>\n<meta name=\"parsely-pub-date\" content=\"2020-09-16T14:12:00Z\" \/>\n<meta name=\"parsely-section\" content=\"Uncategorized\" \/>","tracker_url":"https:\/\/cdn.parsely.com\/keys\/capgemini.com\/p.js"},"archive_status":false,"featured_image_src":"https:\/\/www.capgemini.com\/ca-fr\/wp-content\/themes\/capgemini2025\/assets\/images\/mockup.png","featured_image_alt":false,"jetpack_sharing_enabled":true,"distributor_meta":false,"distributor_terms":false,"distributor_media":false,"distributor_original_site_name":"Capgemini Canada French","distributor_original_site_url":"https:\/\/www.capgemini.com\/ca-fr","push-errors":false,"tag_names":[],"_links":{"self":[{"href":"https:\/\/www.capgemini.com\/ca-fr\/wp-json\/wp\/v2\/press-release\/3378","targetHints":{"allow":["GET"]}}],"collection":[{"href":"https:\/\/www.capgemini.com\/ca-fr\/wp-json\/wp\/v2\/press-release"}],"about":[{"href":"https:\/\/www.capgemini.com\/ca-fr\/wp-json\/wp\/v2\/types\/press-release"}],"author":[{"embeddable":true,"href":"https:\/\/www.capgemini.com\/ca-fr\/wp-json\/wp\/v2\/users\/336"}],"version-history":[{"count":4,"href":"https:\/\/www.capgemini.com\/ca-fr\/wp-json\/wp\/v2\/press-release\/3378\/revisions"}],"predecessor-version":[{"id":707671,"href":"https:\/\/www.capgemini.com\/ca-fr\/wp-json\/wp\/v2\/press-release\/3378\/revisions\/707671"}],"wp:attachment":[{"href":"https:\/\/www.capgemini.com\/ca-fr\/wp-json\/wp\/v2\/media?parent=3378"}],"wp:term":[{"taxonomy":"post_tag","embeddable":true,"href":"https:\/\/www.capgemini.com\/ca-fr\/wp-json\/wp\/v2\/tags?post=3378"},{"taxonomy":"press-release-type","embeddable":true,"href":"https:\/\/www.capgemini.com\/ca-fr\/wp-json\/wp\/v2\/press-release-type?post=3378"},{"taxonomy":"brand","embeddable":true,"href":"https:\/\/www.capgemini.com\/ca-fr\/wp-json\/wp\/v2\/brand?post=3378"}],"curies":[{"name":"wp","href":"https:\/\/api.w.org\/{rel}","templated":true}]}}