{"id":3350,"date":"2020-10-05T13:55:00","date_gmt":"2020-10-05T13:55:00","guid":{"rendered":"https:\/\/www.capgemini.com\/ca-fr\/?post_type=press-release&#038;p=3350"},"modified":"2025-03-30T05:55:51","modified_gmt":"2025-03-30T05:55:51","slug":"capgemini-presente-capgemini-reconnu-par-nelsonhall-comme-leader-dans-son-rapport-neat-cloud-based-hr-transformation","status":"publish","type":"press-release","link":"https:\/\/www.capgemini.com\/ca-fr\/actualites\/communiques-de-presse\/capgemini-presente-capgemini-reconnu-par-nelsonhall-comme-leader-dans-son-rapport-neat-cloud-based-hr-transformation\/","title":{"rendered":"Capgemini reconnu par NelsonHall comme \u00ab Leader \u00bb dans son rapport NEAT \u00ab Cloud-based HR transformation \u00bb"},"content":{"rendered":"\n<p><\/p>\n\n\n\t\t<div class=\"wp-block-cg-blocks-hero-press-release\">\n\t\t\t<header class=\"header-hero-press-release\" role=\"main\" id=\"main-content-press-release\">\n\t\t\t\t<div class=\"container\">\n\t\t\t\t\t<div class=\"hero-press-release\">\n\t\t\t\t\t\t<div class=\"hero-press-release-content-wrapper\">\n\t\t\t\t\t\t\t<div class=\"row\">\n\t\t\t\t\t\t\t\t<div class=\"col-12\">\n\t\t\t\t\t\t\t\t\t<div class=\"header-title\">\n\t\t\t\t\t\t\t\t\t\t<h1>\n\t\t\t\t\t\t\t\t\t\t\tCapgemini reconnu par NelsonHall comme \u00ab Leader \u00bb dans son rapport NEAT \u00ab Cloud-based HR transformation \u00bb\t\t\t\t\t\t\t\t\t\t<\/h1>\n\t\t\t\t\t\t\t\t\t<\/div>\n\t\t\t\t\t\t\t\t\t<div class=\"header-description\">\n\t\t\t\t\t\t\t\t\t\t<p><\/p>\n\t\t\t\t\t\t\t\t\t<\/div>\n\t\t\t\t\t\t\t\t\t\t\t\t\t\t\t\t\t\t<div class=\"header-date\">\n\t\t\t\t\t\t\t\t\t\t<span>oct. 5, 2020<\/span>\n\t\t\t\t\t\t\t\t\t<\/div>\n\t\t\t\t\t\t\t\t<\/div>\n\t\t\t\t\t\t\t<\/div>\n\t\t\t\t\t\t<\/div>\n\t\t\t\t\t\t\t\t\t\t\t\t\t<div class=\"hero-press-release-downloads\">\n\t\t\t\t\t\t\t\t<div class=\"row\">\n\t\t\t\t\t\t\t\t\t\t\t\t\t\t\t\t\t\t\t<div class=\"col-12 col-md-6 col-lg-3\">\n\t\t\t\t\t\t\t\t\t\t\t<a class=\"download-item\" type=\"download\" href=\"https:\/\/www.capgemini.com\/ca-fr\/wp-content\/uploads\/sites\/21\/2022\/11\/2020_10_01_Capgemini_NelsonHall-for-Cloud-Based-HR-Transformation_News-A....pdf\" target=\"_blank\" rel=\"noopener noreferrer\" title=\"Ouvrir dans une nouvelle fen\u00eatre\">\n\t\t\t\t\t\t\t\t\t\t\t\t<div class=\"download-icon\"><\/div>\n\t\t\t\t\t\t\t\t\t\t\t\t<div class=\"download-details\">\n\t\t\t\t\t\t\t\t\t\t\t\t\t<div class=\"download-title\">Download press release<\/div>\n\t\t\t\t\t\t\t\t\t\t\t\t\t<div class=\"download-props\">183 KB  pdf<\/div>\n\t\t\t\t\t\t\t\t\t\t\t\t<\/div>\n\t\t\t\t\t\t\t\t\t\t\t<\/a>\n\t\t\t\t\t\t\t\t\t\t<\/div>\n\t\t\t\t\t\t\t\t\t\t\t\t\t\t\t\t\t\t<\/div>\n\t\t\t\t\t\t\t<\/div>\n\t\t\t\t\t\t\t\t\t\t\t\t\t\t\t\t\t<\/div>\n\t\t\t\t<\/div>\n\t\t\t<\/header>\n\t\t<\/div>\n\t\t\n\n\n<section class=\"wp-block-cg-blocks-intro-para undefined section section--intro\"><div class=\"intro-para\"><div class=\"container\"><div class=\"row\"><div class=\"col-12 col-md-1\"><nav class=\"article-social\"><ul class=\"social-nav\"><li class=\"ip-order-fb\"><a href=\"https:\/\/www.facebook.com\/sharer\/sharer.php?u=https:\/\/www.capgemini.com\/ca-fr\/actualites\/communiques-de-presse\/capgemini-presente-capgemini-reconnu-par-nelsonhall-comme-leader-dans-son-rapport-neat-cloud-based-hr-transformation\/\" target=\"_blank\" rel=\"noopener noreferrer\" title=\"Ouvrir dans une nouvelle fen\u00eatre\"><i aria-hidden=\"true\" class=\"icon-fb\"><\/i><span class=\"sr-only\">Facebook<\/span><\/a><\/li><li class=\"ip-order-li\"><a href=\"https:\/\/www.linkedin.com\/sharing\/share-offsite\/?url=https:\/\/www.capgemini.com\/ca-fr\/actualites\/communiques-de-presse\/capgemini-presente-capgemini-reconnu-par-nelsonhall-comme-leader-dans-son-rapport-neat-cloud-based-hr-transformation\/\" target=\"_blank\" rel=\"noopener noreferrer\" title=\"Ouvrir dans une nouvelle fen\u00eatre\"><i aria-hidden=\"true\" class=\"icon-li\"><\/i><span class=\"sr-only\">Linkedin<\/span><\/a><\/li><\/ul><\/nav><\/div><div class=\"col-12 col-md-11 col-lg-10\"><h2 class=\"intro-para-title\">Paris, le 1er octobre 2020 \u2013 Capgemini annonce\u00a0 avoir \u00e9t\u00e9 reconnu comme \u00ab\u00a0Leader\u00a0\u00bb dans le rapport de NelsonHall sur l\u2019outil d\u2019\u00e9valuation des fournisseurs (NEAT) pour la transformation des ressources humaines bas\u00e9e sur le cloud. Capgemini a \u00e9t\u00e9 identifi\u00e9 comme un leader sur les segments de march\u00e9 \u00ab\u00a0global\u00a0\u00bb et \u00ab\u00a0multi-pays\u00a0\u00bb, ce qui refl\u00e8te sa capacit\u00e9 \u00e0 apporter des avantages imm\u00e9diats \u00e0 ses clients pour la transformation des ressources humaines bas\u00e9e sur le cloud dans son ensemble, ainsi qu\u2019\u00e0 r\u00e9pondre aux besoins futurs de ses clients.<\/h2><\/div><\/div><\/div><\/div><\/section>\n\n\n\n<section class=\"wp-block-cg-blocks-group undefined section section--article-content\"><div class=\"article-main-content\"><div class=\"container\"><div class=\"row\"><div class=\"col-12 col-md-11 col-lg-10 offset-md-1 offset-lg-1\"><div class=\"article-text article-quote-text\"><div class=\"wp-block-cg-blocks-cg-block-related-content\"><section class=\"relatedContentBlock\"><div class=\"container\"><div class=\"row\"><div class=\"content-title col-12 col-md-8\"><h2 class=\"related-content-heading\">Related News<\/h2><\/div><\/div><div class=\"row relatedContent\"><div class=\"col-lg-4 col-md-6 col-xs-12\">\n\t\t\t\t\t\t\t<div class=\"box\">\n\t\t\t\t\t\t\t\t<a aria-label=\"Lire la suite Capgemini et McDonald\u2019s renouvellent leur partenariat strat\u00e9gique avec un accord mondial pluriannuel ax\u00e9 sur le d\u00e9ploiement de plateformes modernes et \u00e9volutives\" href=\"https:\/\/www.capgemini.com\/ca-fr\/actualites\/communiques-de-presse\/capgemini-et-mcdonalds-renouvellent-leur-partenariat-strategique-avec-un-accord-mondial-pluriannuel-axe-sur-le-deploiement-de-plateformes-modernes-et-evolutives\/\" class=\"anchorWrapper\">\n\t\t\t\t\t\t\t\t\t<span class=\"box-tag\"><span>Actualit\u00e9s client<\/span><\/span>\n\t\t\t\t\t\t\t\t\t<div class=\"box-title\"><h3 class=\"box-subtitle\">Capgemini et McDonald\u2019s renouvellent leur partenariat strat\u00e9gique avec un accord mondial pluriannuel ax\u00e9 sur le d\u00e9ploiement de plateformes modernes et \u00e9volutives<\/h3><\/div>\n\t\t\t\t\t\t\t\t\t<div class=\"box-date\">\n\t\t\t\t\t\t\t\t\t\t<span>Apr 15, 2026<\/span>\n\t\t\t\t\t\t\t\t\t<\/div>\n\t\t\t\t\t\t\t\t\t<div class=\"box-bottom\">\n\t\t\t\t\t\t\t\t\t\t&lt;a class=&quot;link-download&quot; href=&quot;https:\/\/www.capgemini.com\/fr-fr\/wp-content\/uploads\/sites\/6\/2026\/03\/2026_03_05_McDonalds_Capgemini_Press-Release_FR.pdf&quot; aria-label=&quot;T\u00e9l\u00e9charger le communiqu\u00e9 de presse&quot; target=&quot;_blank&quot;  type=&quot;download&quot; title=&quot;Opens in a new window&quot;&gt;\n\t\t\t\t\t\t\t&lt;span&gt;T\u00e9l\u00e9charger le communiqu\u00e9 de presse&lt;\/span&gt;\n\t\t\t\t\t\t\t&lt;span&gt;142 KB PDF&lt;\/span&gt;\n\t\t\t\t\t\t&lt;\/a&gt;\n\t\t\t\t\t\t\t\t\t\t<a class=\"more\" aria-label=\"Lire la suite Capgemini et McDonald\u2019s renouvellent leur partenariat strat\u00e9gique avec un accord mondial pluriannuel ax\u00e9 sur le d\u00e9ploiement de plateformes modernes et \u00e9volutives\" href=\"https:\/\/www.capgemini.com\/ca-fr\/actualites\/communiques-de-presse\/capgemini-et-mcdonalds-renouvellent-leur-partenariat-strategique-avec-un-accord-mondial-pluriannuel-axe-sur-le-deploiement-de-plateformes-modernes-et-evolutives\/\">Lire la suite<\/a>\n\t\t\t\t\t\t\t\t\t<\/div>\n\t\t\t\t\t\t\t\t<\/a>\n\t\t\t\t\t\t\t<\/div>\n\t\t\t\t\t\t<\/div><div class=\"col-lg-4 col-md-6 col-xs-12\">\n\t\t\t\t\t\t\t<div class=\"box\">\n\t\t\t\t\t\t\t\t<a aria-label=\"Lire la suite Capgemini et OpenAI unissent leurs forces pour acc\u00e9l\u00e9rer la nouvelle \u00e8re de transformation des entreprises par l\u2019IA avec la Frontier Alliance\" href=\"https:\/\/www.capgemini.com\/ca-fr\/actualites\/communiques-de-presse\/partenariat-avec-openai\/\" class=\"anchorWrapper\">\n\t\t\t\t\t\t\t\t\t<span class=\"box-tag\"><span>Partenariats<\/span><\/span>\n\t\t\t\t\t\t\t\t\t<div class=\"box-title\"><h3 class=\"box-subtitle\">Capgemini et OpenAI unissent leurs forces pour acc\u00e9l\u00e9rer la nouvelle \u00e8re de transformation des entreprises par l\u2019IA avec la Frontier Alliance<\/h3><\/div>\n\t\t\t\t\t\t\t\t\t<div class=\"box-date\">\n\t\t\t\t\t\t\t\t\t\t<span>Mar 22, 2026<\/span>\n\t\t\t\t\t\t\t\t\t<\/div>\n\t\t\t\t\t\t\t\t\t<div class=\"box-bottom\">\n\t\t\t\t\t\t\t\t\t\t&lt;a class=&quot;link-download&quot; href=&quot;https:\/\/www.capgemini.com\/wp-content\/uploads\/2026\/02\/02_23_Capgemini-News-Alert_OpenAI-Frontier-Alliance.pdf&quot; aria-label=&quot;T\u00e9l\u00e9charger le communiqu\u00e9 de presse&quot; target=&quot;_blank&quot;  type=&quot;download&quot; title=&quot;Opens in a new window&quot;&gt;\n\t\t\t\t\t\t\t&lt;span&gt;T\u00e9l\u00e9charger le communiqu\u00e9 de presse&lt;\/span&gt;\n\t\t\t\t\t\t\t&lt;span&gt;132 KB PDF&lt;\/span&gt;\n\t\t\t\t\t\t&lt;\/a&gt;\n\t\t\t\t\t\t\t\t\t\t<a class=\"more\" aria-label=\"Lire la suite Capgemini et OpenAI unissent leurs forces pour acc\u00e9l\u00e9rer la nouvelle \u00e8re de transformation des entreprises par l\u2019IA avec la Frontier Alliance\" href=\"https:\/\/www.capgemini.com\/ca-fr\/actualites\/communiques-de-presse\/partenariat-avec-openai\/\">Lire la suite<\/a>\n\t\t\t\t\t\t\t\t\t<\/div>\n\t\t\t\t\t\t\t\t<\/a>\n\t\t\t\t\t\t\t<\/div>\n\t\t\t\t\t\t<\/div><div class=\"col-lg-4 col-md-6 col-xs-12\">\n\t\t\t\t\t\t\t<div class=\"box\">\n\t\t\t\t\t\t\t\t<a aria-label=\"Lire la suite Capgemini d\u00e9veloppe une solution d\u2019IA agentique pour soutenir l\u2019UNICEF et l\u2019aider \u00e0 am\u00e9liorer l\u2019acc\u00e8s des jeunes aux carri\u00e8res vertes\" href=\"https:\/\/www.capgemini.com\/ca-fr\/actualites\/communiques-de-presse\/capgemini-developpe-une-solution-d-ia-agentique-pour-soutenir-lunicef-dans-lamelioration-de-lacces-des-jeunes-aux-carrieres-vertes\/\" class=\"anchorWrapper\">\n\t\t\t\t\t\t\t\t\t<span class=\"box-tag\"><span>Actualit\u00e9s du Groupe<\/span><\/span>\n\t\t\t\t\t\t\t\t\t<div class=\"box-title\"><h3 class=\"box-subtitle\">Capgemini d\u00e9veloppe une solution d\u2019IA agentique pour soutenir l\u2019UNICEF et l\u2019aider \u00e0 am\u00e9liorer l\u2019acc\u00e8s des jeunes aux carri\u00e8res vertes<\/h3><\/div>\n\t\t\t\t\t\t\t\t\t<div class=\"box-date\">\n\t\t\t\t\t\t\t\t\t\t<span>Mar 19, 2026<\/span>\n\t\t\t\t\t\t\t\t\t<\/div>\n\t\t\t\t\t\t\t\t\t<div class=\"box-bottom\">\n\t\t\t\t\t\t\t\t\t\t&lt;a class=&quot;link-download&quot; href=&quot;https:\/\/www.capgemini.com\/wp-content\/uploads\/2025\/12\/12_02_Capgemini-news-alert_GDSC-2025.pdf&quot; aria-label=&quot;T\u00e9l\u00e9charger le communiqu\u00e9 de presse&quot; target=&quot;_blank&quot;  type=&quot;download&quot; title=&quot;Opens in a new window&quot;&gt;\n\t\t\t\t\t\t\t&lt;span&gt;T\u00e9l\u00e9charger le communiqu\u00e9 de presse&lt;\/span&gt;\n\t\t\t\t\t\t\t&lt;span&gt;163 KB PDF&lt;\/span&gt;\n\t\t\t\t\t\t&lt;\/a&gt;\n\t\t\t\t\t\t\t\t\t\t<a class=\"more\" aria-label=\"Lire la suite Capgemini d\u00e9veloppe une solution d\u2019IA agentique pour soutenir l\u2019UNICEF et l\u2019aider \u00e0 am\u00e9liorer l\u2019acc\u00e8s des jeunes aux carri\u00e8res vertes\" href=\"https:\/\/www.capgemini.com\/ca-fr\/actualites\/communiques-de-presse\/capgemini-developpe-une-solution-d-ia-agentique-pour-soutenir-lunicef-dans-lamelioration-de-lacces-des-jeunes-aux-carrieres-vertes\/\">Lire la suite<\/a>\n\t\t\t\t\t\t\t\t\t<\/div>\n\t\t\t\t\t\t\t\t<\/a>\n\t\t\t\t\t\t\t<\/div>\n\t\t\t\t\t\t<\/div><\/div><\/div><\/section><\/div><\/div><\/div><\/div><\/div><\/div><\/section>\n","protected":false},"excerpt":{"rendered":"","protected":false},"author":336,"featured_media":0,"template":"","meta":{"cg_dt_proposed_to":[],"cg_seo_hreflang_relations":"[]","cg_seo_canonical_relation":"","cg_seo_hreflang_x_default_relation":"{\"uuid\":\"27185deb-6447-451b-8e78-f70f40972ccb\",\"blogId\":\"\",\"domain\":\"\",\"sitePath\":\"\",\"postLink\":\"\",\"postId\":null,\"isSaved\":true,\"isCrossLink\":false,\"hasCrossLink\":false}","cg_dt_approved_content":true,"cg_dt_mandatory_content":false,"cg_dt_notes":"","cg_dg_source_changed":false,"cg_dt_link_disabled":false,"footnotes":"","related_resource_url":"https:\/\/www.capgemini.com\/ca-fr\/wp-content\/uploads\/sites\/21\/2022\/11\/2020_10_01_Capgemini_NelsonHall-for-Cloud-Based-HR-Transformation_News-A....pdf","related_resource_id":3351,"related_resource_size":"183 KB","related_resource_type":"pdf","cg_author":0,"featured_focal_points":""},"tags":[],"press-release-type":[],"brand":[],"class_list":["post-3350","press-release","type-press-release","status-publish","hentry"],"yoast_head":"<!-- This site is optimized with the Yoast SEO Premium plugin v22.8 (Yoast SEO v22.8) - https:\/\/yoast.com\/wordpress\/plugins\/seo\/ -->\n<title>Capgemini reconnu par NelsonHall comme \u00ab Leader \u00bb dans son rapport NEAT \u00ab Cloud-based HR transformation \u00bb - Capgemini Canada French<\/title>\n<meta name=\"robots\" content=\"index, follow, max-snippet:-1, max-image-preview:large, max-video-preview:-1\" \/>\n<link rel=\"canonical\" href=\"https:\/\/www.capgemini.com\/ca-fr\/actualites\/communiques-de-presse\/capgemini-presente-capgemini-reconnu-par-nelsonhall-comme-leader-dans-son-rapport-neat-cloud-based-hr-transformation\/\" \/>\n<meta property=\"og:locale\" content=\"fr_FR\" \/>\n<meta property=\"og:type\" content=\"article\" \/>\n<meta property=\"og:title\" content=\"Capgemini reconnu par NelsonHall comme \u00ab Leader \u00bb dans son rapport NEAT \u00ab Cloud-based HR transformation \u00bb\" \/>\n<meta property=\"og:url\" content=\"https:\/\/www.capgemini.com\/ca-fr\/actualites\/communiques-de-presse\/capgemini-presente-capgemini-reconnu-par-nelsonhall-comme-leader-dans-son-rapport-neat-cloud-based-hr-transformation\/\" \/>\n<meta property=\"og:site_name\" content=\"Capgemini Canada French\" \/>\n<meta property=\"article:modified_time\" content=\"2025-03-30T05:55:51+00:00\" \/>\n<meta property=\"og:image\" content=\"https:\/\/www.capgemini.com\/ca-fr\/wp-content\/uploads\/sites\/21\/2025\/10\/New-Web-preview-global.jpg\" \/>\n\t<meta property=\"og:image:width\" content=\"1200\" \/>\n\t<meta property=\"og:image:height\" content=\"627\" \/>\n\t<meta property=\"og:image:type\" content=\"image\/jpeg\" \/>\n<meta name=\"twitter:card\" content=\"summary_large_image\" \/>\n<script type=\"application\/ld+json\" class=\"yoast-schema-graph\">{\"@context\":\"https:\/\/schema.org\",\"@graph\":[{\"@type\":\"WebPage\",\"@id\":\"https:\/\/www.capgemini.com\/ca-fr\/actualites\/communiques-de-presse\/capgemini-presente-capgemini-reconnu-par-nelsonhall-comme-leader-dans-son-rapport-neat-cloud-based-hr-transformation\/\",\"url\":\"https:\/\/www.capgemini.com\/ca-fr\/actualites\/communiques-de-presse\/capgemini-presente-capgemini-reconnu-par-nelsonhall-comme-leader-dans-son-rapport-neat-cloud-based-hr-transformation\/\",\"name\":\"Capgemini reconnu par NelsonHall comme \u00ab Leader \u00bb dans son rapport NEAT \u00ab Cloud-based HR transformation \u00bb - Capgemini Canada French\",\"isPartOf\":{\"@id\":\"https:\/\/www.capgemini.com\/ca-fr\/#website\"},\"datePublished\":\"2020-10-05T13:55:00+00:00\",\"dateModified\":\"2025-03-30T05:55:51+00:00\",\"breadcrumb\":{\"@id\":\"https:\/\/www.capgemini.com\/ca-fr\/actualites\/communiques-de-presse\/capgemini-presente-capgemini-reconnu-par-nelsonhall-comme-leader-dans-son-rapport-neat-cloud-based-hr-transformation\/#breadcrumb\"},\"inLanguage\":\"fr-FR\",\"potentialAction\":[{\"@type\":\"ReadAction\",\"target\":[\"https:\/\/www.capgemini.com\/ca-fr\/actualites\/communiques-de-presse\/capgemini-presente-capgemini-reconnu-par-nelsonhall-comme-leader-dans-son-rapport-neat-cloud-based-hr-transformation\/\"]}]},{\"@type\":\"BreadcrumbList\",\"@id\":\"https:\/\/www.capgemini.com\/ca-fr\/actualites\/communiques-de-presse\/capgemini-presente-capgemini-reconnu-par-nelsonhall-comme-leader-dans-son-rapport-neat-cloud-based-hr-transformation\/#breadcrumb\",\"itemListElement\":[{\"@type\":\"ListItem\",\"position\":1,\"name\":\"Home\",\"item\":\"https:\/\/www.capgemini.com\/ca-fr\/\"},{\"@type\":\"ListItem\",\"position\":2,\"name\":\"Press Releases\",\"item\":\"https:\/\/www.capgemini.com\/ca-fr\/news\/\"},{\"@type\":\"ListItem\",\"position\":3,\"name\":\"Capgemini reconnu par NelsonHall comme \u00ab Leader \u00bb dans son rapport NEAT \u00ab Cloud-based HR transformation \u00bb\"}]},{\"@type\":\"WebSite\",\"@id\":\"https:\/\/www.capgemini.com\/ca-fr\/#website\",\"url\":\"https:\/\/www.capgemini.com\/ca-fr\/\",\"name\":\"Capgemini Canada French\",\"description\":\"Capgemini\",\"potentialAction\":[{\"@type\":\"SearchAction\",\"target\":{\"@type\":\"EntryPoint\",\"urlTemplate\":\"https:\/\/www.capgemini.com\/ca-fr\/?s={search_term_string}\"},\"query-input\":\"required name=search_term_string\"}],\"inLanguage\":\"fr-FR\"}]}<\/script>\n<!-- \/ Yoast SEO Premium plugin. -->","yoast_head_json":{"title":"Capgemini reconnu par NelsonHall comme \u00ab Leader \u00bb dans son rapport NEAT \u00ab Cloud-based HR transformation \u00bb - Capgemini Canada French","robots":{"index":"index","follow":"follow","max-snippet":"max-snippet:-1","max-image-preview":"max-image-preview:large","max-video-preview":"max-video-preview:-1"},"canonical":"https:\/\/www.capgemini.com\/ca-fr\/actualites\/communiques-de-presse\/capgemini-presente-capgemini-reconnu-par-nelsonhall-comme-leader-dans-son-rapport-neat-cloud-based-hr-transformation\/","og_locale":"fr_FR","og_type":"article","og_title":"Capgemini reconnu par NelsonHall comme \u00ab Leader \u00bb dans son rapport NEAT \u00ab Cloud-based HR transformation \u00bb","og_url":"https:\/\/www.capgemini.com\/ca-fr\/actualites\/communiques-de-presse\/capgemini-presente-capgemini-reconnu-par-nelsonhall-comme-leader-dans-son-rapport-neat-cloud-based-hr-transformation\/","og_site_name":"Capgemini Canada French","article_modified_time":"2025-03-30T05:55:51+00:00","og_image":[{"width":1200,"height":627,"url":"https:\/\/www.capgemini.com\/ca-fr\/wp-content\/uploads\/sites\/21\/2025\/10\/New-Web-preview-global.jpg","type":"image\/jpeg"}],"twitter_card":"summary_large_image","schema":{"@context":"https:\/\/schema.org","@graph":[{"@type":"WebPage","@id":"https:\/\/www.capgemini.com\/ca-fr\/actualites\/communiques-de-presse\/capgemini-presente-capgemini-reconnu-par-nelsonhall-comme-leader-dans-son-rapport-neat-cloud-based-hr-transformation\/","url":"https:\/\/www.capgemini.com\/ca-fr\/actualites\/communiques-de-presse\/capgemini-presente-capgemini-reconnu-par-nelsonhall-comme-leader-dans-son-rapport-neat-cloud-based-hr-transformation\/","name":"Capgemini reconnu par NelsonHall comme \u00ab Leader \u00bb dans son rapport NEAT \u00ab Cloud-based HR transformation \u00bb - Capgemini Canada French","isPartOf":{"@id":"https:\/\/www.capgemini.com\/ca-fr\/#website"},"datePublished":"2020-10-05T13:55:00+00:00","dateModified":"2025-03-30T05:55:51+00:00","breadcrumb":{"@id":"https:\/\/www.capgemini.com\/ca-fr\/actualites\/communiques-de-presse\/capgemini-presente-capgemini-reconnu-par-nelsonhall-comme-leader-dans-son-rapport-neat-cloud-based-hr-transformation\/#breadcrumb"},"inLanguage":"fr-FR","potentialAction":[{"@type":"ReadAction","target":["https:\/\/www.capgemini.com\/ca-fr\/actualites\/communiques-de-presse\/capgemini-presente-capgemini-reconnu-par-nelsonhall-comme-leader-dans-son-rapport-neat-cloud-based-hr-transformation\/"]}]},{"@type":"BreadcrumbList","@id":"https:\/\/www.capgemini.com\/ca-fr\/actualites\/communiques-de-presse\/capgemini-presente-capgemini-reconnu-par-nelsonhall-comme-leader-dans-son-rapport-neat-cloud-based-hr-transformation\/#breadcrumb","itemListElement":[{"@type":"ListItem","position":1,"name":"Home","item":"https:\/\/www.capgemini.com\/ca-fr\/"},{"@type":"ListItem","position":2,"name":"Press Releases","item":"https:\/\/www.capgemini.com\/ca-fr\/news\/"},{"@type":"ListItem","position":3,"name":"Capgemini reconnu par NelsonHall comme \u00ab Leader \u00bb dans son rapport NEAT \u00ab Cloud-based HR transformation \u00bb"}]},{"@type":"WebSite","@id":"https:\/\/www.capgemini.com\/ca-fr\/#website","url":"https:\/\/www.capgemini.com\/ca-fr\/","name":"Capgemini Canada French","description":"Capgemini","potentialAction":[{"@type":"SearchAction","target":{"@type":"EntryPoint","urlTemplate":"https:\/\/www.capgemini.com\/ca-fr\/?s={search_term_string}"},"query-input":"required name=search_term_string"}],"inLanguage":"fr-FR"}]}},"parsely":{"version":"1.1.0","canonical_url":"https:\/\/capgemini.com\/ca-fr\/actualites\/communiques-de-presse\/capgemini-presente-capgemini-reconnu-par-nelsonhall-comme-leader-dans-son-rapport-neat-cloud-based-hr-transformation\/","smart_links":{"inbound":0,"outbound":0},"traffic_boost_suggestions_count":0,"meta":{"@context":"https:\/\/schema.org","@type":"NewsArticle","headline":"Capgemini reconnu par NelsonHall comme \u00ab Leader \u00bb dans son rapport NEAT \u00ab Cloud-based HR transformation \u00bb","url":"https:\/\/www.capgemini.com\/ca-fr\/actualites\/communiques-de-presse\/capgemini-presente-capgemini-reconnu-par-nelsonhall-comme-leader-dans-son-rapport-neat-cloud-based-hr-transformation\/","mainEntityOfPage":{"@type":"WebPage","@id":"https:\/\/www.capgemini.com\/ca-fr\/actualites\/communiques-de-presse\/capgemini-presente-capgemini-reconnu-par-nelsonhall-comme-leader-dans-son-rapport-neat-cloud-based-hr-transformation\/"},"thumbnailUrl":"","image":{"@type":"ImageObject","url":""},"articleSection":"Uncategorized","author":[],"creator":[],"publisher":{"@type":"Organization","name":"Capgemini Canada French","logo":""},"keywords":[],"dateCreated":"2020-10-05T13:55:00Z","datePublished":"2020-10-05T13:55:00Z","dateModified":"2025-03-30T05:55:51Z"},"rendered":"<meta name=\"parsely-title\" content=\"Capgemini reconnu par NelsonHall comme \u00ab Leader \u00bb dans son rapport NEAT \u00ab Cloud-based HR transformation \u00bb\" \/>\n<meta name=\"parsely-link\" content=\"https:\/\/www.capgemini.com\/ca-fr\/actualites\/communiques-de-presse\/capgemini-presente-capgemini-reconnu-par-nelsonhall-comme-leader-dans-son-rapport-neat-cloud-based-hr-transformation\/\" \/>\n<meta name=\"parsely-type\" content=\"post\" \/>\n<meta name=\"parsely-pub-date\" content=\"2020-10-05T13:55:00Z\" \/>\n<meta name=\"parsely-section\" content=\"Uncategorized\" \/>","tracker_url":"https:\/\/cdn.parsely.com\/keys\/capgemini.com\/p.js"},"archive_status":false,"featured_image_src":"https:\/\/www.capgemini.com\/ca-fr\/wp-content\/themes\/capgemini2025\/assets\/images\/mockup.png","featured_image_alt":false,"jetpack_sharing_enabled":true,"distributor_meta":false,"distributor_terms":false,"distributor_media":false,"distributor_original_site_name":"Capgemini Canada French","distributor_original_site_url":"https:\/\/www.capgemini.com\/ca-fr","push-errors":false,"tag_names":[],"_links":{"self":[{"href":"https:\/\/www.capgemini.com\/ca-fr\/wp-json\/wp\/v2\/press-release\/3350","targetHints":{"allow":["GET"]}}],"collection":[{"href":"https:\/\/www.capgemini.com\/ca-fr\/wp-json\/wp\/v2\/press-release"}],"about":[{"href":"https:\/\/www.capgemini.com\/ca-fr\/wp-json\/wp\/v2\/types\/press-release"}],"author":[{"embeddable":true,"href":"https:\/\/www.capgemini.com\/ca-fr\/wp-json\/wp\/v2\/users\/336"}],"version-history":[{"count":5,"href":"https:\/\/www.capgemini.com\/ca-fr\/wp-json\/wp\/v2\/press-release\/3350\/revisions"}],"predecessor-version":[{"id":707662,"href":"https:\/\/www.capgemini.com\/ca-fr\/wp-json\/wp\/v2\/press-release\/3350\/revisions\/707662"}],"wp:attachment":[{"href":"https:\/\/www.capgemini.com\/ca-fr\/wp-json\/wp\/v2\/media?parent=3350"}],"wp:term":[{"taxonomy":"post_tag","embeddable":true,"href":"https:\/\/www.capgemini.com\/ca-fr\/wp-json\/wp\/v2\/tags?post=3350"},{"taxonomy":"press-release-type","embeddable":true,"href":"https:\/\/www.capgemini.com\/ca-fr\/wp-json\/wp\/v2\/press-release-type?post=3350"},{"taxonomy":"brand","embeddable":true,"href":"https:\/\/www.capgemini.com\/ca-fr\/wp-json\/wp\/v2\/brand?post=3350"}],"curies":[{"name":"wp","href":"https:\/\/api.w.org\/{rel}","templated":true}]}}