{"id":3279,"date":"2020-11-25T13:15:00","date_gmt":"2020-11-25T13:15:00","guid":{"rendered":"https:\/\/www.capgemini.com\/ca-fr\/?post_type=press-release&#038;p=3279"},"modified":"2025-03-30T05:49:29","modified_gmt":"2025-03-30T05:49:29","slug":"saur-confie-a-capgemini-la-mise-en-place-et-le-deploiement-de-son-data-digital-center","status":"publish","type":"press-release","link":"https:\/\/www.capgemini.com\/ca-fr\/actualites\/communiques-de-presse\/saur-confie-a-capgemini-la-mise-en-place-et-le-deploiement-de-son-data-digital-center\/","title":{"rendered":"Saur acc\u00e9l\u00e8re sa transformation digitale avec Capgemini pour r\u00e9pondre aux enjeux de la gestion de l\u2019eau \u00e0 l\u2019heure de l\u2019urgence \u00e9cologique"},"content":{"rendered":"\n<p><\/p>\n\n\n\t\t<div class=\"wp-block-cg-blocks-hero-press-release\">\n\t\t\t<header class=\"header-hero-press-release\" role=\"main\" id=\"main-content-press-release\">\n\t\t\t\t<div class=\"container\">\n\t\t\t\t\t<div class=\"hero-press-release\">\n\t\t\t\t\t\t<div class=\"hero-press-release-content-wrapper\">\n\t\t\t\t\t\t\t<div class=\"row\">\n\t\t\t\t\t\t\t\t<div class=\"col-12\">\n\t\t\t\t\t\t\t\t\t<div class=\"header-title\">\n\t\t\t\t\t\t\t\t\t\t<h1>\n\t\t\t\t\t\t\t\t\t\t\tSaur acc\u00e9l\u00e8re sa transformation digitale avec Capgemini pour r\u00e9pondre aux enjeux de la gestion de l\u2019eau \u00e0 l\u2019heure de l\u2019urgence \u00e9cologique\t\t\t\t\t\t\t\t\t\t<\/h1>\n\t\t\t\t\t\t\t\t\t<\/div>\n\t\t\t\t\t\t\t\t\t<div class=\"header-description\">\n\t\t\t\t\t\t\t\t\t\t<p><\/p>\n\t\t\t\t\t\t\t\t\t<\/div>\n\t\t\t\t\t\t\t\t\t\t\t\t\t\t\t\t\t\t<div class=\"header-date\">\n\t\t\t\t\t\t\t\t\t\t<span>nov. 25, 2020<\/span>\n\t\t\t\t\t\t\t\t\t<\/div>\n\t\t\t\t\t\t\t\t<\/div>\n\t\t\t\t\t\t\t<\/div>\n\t\t\t\t\t\t<\/div>\n\t\t\t\t\t\t\t\t\t\t\t\t\t<div class=\"hero-press-release-downloads\">\n\t\t\t\t\t\t\t\t<div class=\"row\">\n\t\t\t\t\t\t\t\t\t\t\t\t\t\t\t\t\t\t\t<div class=\"col-12 col-md-6 col-lg-3\">\n\t\t\t\t\t\t\t\t\t\t\t<a class=\"download-item\" type=\"download\" href=\"https:\/\/www.capgemini.com\/ca-fr\/wp-content\/uploads\/sites\/21\/2022\/11\/20_11_25_CP-Saur-Capgemini-DDC_FR_.pdf\" target=\"_blank\" rel=\"noopener noreferrer\" title=\"Ouvrir dans une nouvelle fen\u00eatre\">\n\t\t\t\t\t\t\t\t\t\t\t\t<div class=\"download-icon\"><\/div>\n\t\t\t\t\t\t\t\t\t\t\t\t<div class=\"download-details\">\n\t\t\t\t\t\t\t\t\t\t\t\t\t<div class=\"download-title\">Download press release<\/div>\n\t\t\t\t\t\t\t\t\t\t\t\t\t<div class=\"download-props\">135 KB  pdf<\/div>\n\t\t\t\t\t\t\t\t\t\t\t\t<\/div>\n\t\t\t\t\t\t\t\t\t\t\t<\/a>\n\t\t\t\t\t\t\t\t\t\t<\/div>\n\t\t\t\t\t\t\t\t\t\t\t\t\t\t\t\t\t\t<\/div>\n\t\t\t\t\t\t\t<\/div>\n\t\t\t\t\t\t\t\t\t\t\t\t\t\t\t\t\t<\/div>\n\t\t\t\t<\/div>\n\t\t\t<\/header>\n\t\t<\/div>\n\t\t\n\n\n<section class=\"wp-block-cg-blocks-intro-para undefined section section--intro\"><div class=\"intro-para\"><div class=\"container\"><div class=\"row\"><div class=\"col-12 col-md-1\"><nav class=\"article-social\"><ul class=\"social-nav\"><li class=\"ip-order-fb\"><a href=\"https:\/\/www.facebook.com\/sharer\/sharer.php?u=https:\/\/www.capgemini.com\/ca-fr\/actualites\/communiques-de-presse\/saur-confie-a-capgemini-la-mise-en-place-et-le-deploiement-de-son-data-digital-center\/\" target=\"_blank\" rel=\"noopener noreferrer\" title=\"Ouvrir dans une nouvelle fen\u00eatre\"><i aria-hidden=\"true\" class=\"icon-fb\"><\/i><span class=\"sr-only\">Facebook<\/span><\/a><\/li><li class=\"ip-order-li\"><a href=\"https:\/\/www.linkedin.com\/sharing\/share-offsite\/?url=https:\/\/www.capgemini.com\/ca-fr\/actualites\/communiques-de-presse\/saur-confie-a-capgemini-la-mise-en-place-et-le-deploiement-de-son-data-digital-center\/\" target=\"_blank\" rel=\"noopener noreferrer\" title=\"Ouvrir dans une nouvelle fen\u00eatre\"><i aria-hidden=\"true\" class=\"icon-li\"><\/i><span class=\"sr-only\">Linkedin<\/span><\/a><\/li><\/ul><\/nav><\/div><div class=\"col-12 col-md-11 col-lg-10\"><h2 class=\"intro-para-title\"><strong>Paris, le 25 novembre 2020 \u2013 <\/strong><a href=\"https:\/\/www.saur.com\/\"><strong>Saur<\/strong><\/a><strong>, l\u2019un des acteurs majeurs de la gestion de l\u2019eau en France, confie \u00e0 <\/strong><a href=\"http:\/\/www.capgemini.com\/\"><strong>Capgemini<\/strong><\/a> <strong>la mise en place et le d\u00e9ploiement de son \u00ab\u00a0Data &amp; Digital Center\u00a0\u00bb, une usine digitale d\u00e9di\u00e9e \u00e0 l\u2019industrialisation d\u2019innovations dans le domaine du digital et de la <em>data<\/em>.<\/strong><\/h2><\/div><\/div><\/div><\/div><\/section>\n\n\n\n<section class=\"wp-block-cg-blocks-group undefined section section--article-content\"><div class=\"article-main-content\"><div class=\"container\"><div class=\"row\"><div class=\"col-12 col-md-11 col-lg-10 offset-md-1 offset-lg-1\"><div class=\"article-text article-quote-text\">\n<p>La collaboration entre Capgemini et Saur a pour vocation d\u2019acc\u00e9l\u00e9rer les projets digitaux et d\u2019impulser de nouveaux modes de fonctionnement. En effet, dans le cadre de son projet de transformation, Saur souhaite se doter des capacit\u00e9s lui permettant \u00e0 la fois de d\u00e9livrer et d\u2019industrialiser les projets technologiques innovants pour am\u00e9liorer sa performance commerciale, son excellence op\u00e9rationnelle, et digitaliser ses m\u00e9tiers.<\/p>\n\n\n\n<p>Cette \u2018usine digitale\u2019 s\u2019est constitu\u00e9e en f\u00e9vrier 2020 pour une dur\u00e9e de trois ans et mobilise pr\u00e8s de 90 collaborateurs de Capgemini et de Saur issus de tous les m\u00e9tiers&nbsp;: conseil en transformation, d\u00e9veloppement d\u2019applications m\u00e9tiers et sp\u00e9cialistes de l\u2019exp\u00e9rience client, sp\u00e9cialistes du traitement de donn\u00e9es, ing\u00e9nierie et informatique industrielle. Cette \u00e9quipe pluridisciplinaire travaille en mode agile en suivant la m\u00e9thodologie SAFe<a href=\"#_ftn1\" id=\"_ftnref1\">[1]<\/a> pour inventer, d\u00e9ployer et industrialiser des solutions r\u00e9pondant aux grands enjeux du march\u00e9 de Saur marqu\u00e9 par les d\u00e9fis environnementaux et sanitaires li\u00e9s \u00e0 l\u2019eau : plus de digital et d\u2019innovation, plus d\u2019interaction avec les consommateurs, plus de performance et de valeur ajout\u00e9e et un acc\u00e8s \u00e0 la donn\u00e9e transparent, simple et s\u00e9curis\u00e9.<\/p>\n\n\n\n<p>L\u2019objectif est de mettre \u00e0 disposition de tous \u2013 collectivit\u00e9s, industriels et consommateurs \u2013 des outils nouveaux leur permettant de devenir acteurs et non plus simples consommateurs de l\u2019eau au niveau d\u2019un territoire.<\/p>\n\n\n\n<p><strong>Premiers services d\u00e9livr\u00e9s par l\u2019usine digitale pour am\u00e9liorer la gestion de l\u2019eau<\/strong><\/p>\n\n\n\n<p>L\u2019un des premiers services pr\u00eats \u00e0 \u00eatre d\u00e9ploy\u00e9s depuis juillet 2020 concerne la gestion des volumes d\u2019eau \u00e0 traiter par les stations d\u2019\u00e9puration g\u00e9r\u00e9es par Saur. L\u2019exploitation des donn\u00e9es issues des usines et leur croisement avec des donn\u00e9es externes (comme notamment la m\u00e9t\u00e9o) par des outils de type <em>machine learning<a href=\"#_ftn2\" id=\"_ftnref2\"><strong>[2]<\/strong><\/a><\/em> permet d\u2019anticiper les volumes et de calibrer les stations pour une gestion optimale de l\u2019eau. D\u2019autres nouveaux services en cours de d\u00e9ploiement sont li\u00e9s \u00e0 la s\u00e9cheresse et la pr\u00e9servation de la ressource.<\/p>\n\n\n\n<p><strong>De la data au client final<\/strong><\/p>\n\n\n\n<p>Le p\u00e9rim\u00e8tre de la collaboration comprend \u00e9galement la d\u00e9finition de l\u2019architecture globale du syst\u00e8me d\u2019information de Saur et la refonte de la relation avec les consommateurs gr\u00e2ce au d\u00e9veloppement d\u2019applications et de sites web proposant des services nouveaux et revisit\u00e9s.<\/p>\n\n\n\n<p><em>\u00ab La donn\u00e9e et les technologies num\u00e9riques sont au c\u0153ur de la d\u00e9fense de l\u2019eau dans laquelle s\u2019est engag\u00e9 Saur, tant d\u2019un point de vue environnemental que sanitaire. Les acteurs du num\u00e9rique ont un r\u00f4le important \u00e0 jouer dans cette bataille dont la r\u00e9ussite conditionne notre mode de vie \u00e0 court et moyen terme&nbsp;\u00bb,<\/em> d\u00e9clare Alice Guehennec, Directrice du Digital et des SI de Saur.<\/p>\n\n\n\n<p>\u00ab&nbsp;<em>Capgemini a plac\u00e9 la lutte contre le changement climatique au c\u0153ur de ses priorit\u00e9s et ce projet illustre notre engagement aux c\u00f4t\u00e9s de nos clients pour les aider \u00e0 r\u00e9duire leur empreinte environnementale. Nous sommes ravis de mettre l\u2019ensemble de nos expertises au service de Saur dans cette \u00e9tape strat\u00e9gique de transformation et de les aider \u00e0 atteindre leurs objectifs m\u00e9tiers<\/em>.&nbsp;\u00bb explique David Torrin, responsable du secteur Utilities chez Capgemini en France.<\/p>\n\n\n\n<p><strong>\u00c0<\/strong><strong> propos de Saur<\/strong><\/p>\n\n\n\n<p>Acteur des services de l\u2019eau, Saur accompagne les collectivit\u00e9s locales et les industriels dans leurs projets li\u00e9s \u00e0 l\u2019eau (ing\u00e9nierie, travaux, exploitation) et leur transition \u00e9cologique. Le Groupe s\u2019est donn\u00e9 pour mission d\u2019offrir la m\u00eame qualit\u00e9 de service aux petites communes qu\u2019aux grandes m\u00e9tropoles avec, \u00e0 la cl\u00e9, un engagement inscrit dans son ADN : la d\u00e9fense de l\u2019eau. Afin que la ressource et les \u00e9quilibres environnementaux soient pr\u00e9serv\u00e9s, afin que l\u2019eau soit disponible et sanitairement s\u00fbre, afin qu\u2019elle stimule notre capacit\u00e9 \u00e0 innover. Chiffres cl\u00e9s 2019 : 10 000 collaborateurs dont 1 000 nouveaux d\u00e9fenseurs de l\u2019eau par an, 12,5 millions de consommateurs dans le monde, 20 000 installations monitor\u00e9es en temps r\u00e9el, 1,5 milliard \u20ac de chiffre d\u2019affaires net.<\/p>\n\n\n\n<p><strong>\u00c0 propos de Capgemini<\/strong><\/p>\n\n\n\n<p>Capgemini est un leader mondial du conseil, de la transformation num\u00e9rique, des services technologiques et d\u2019ing\u00e9nierie. A la pointe de l\u2019innovation, le Groupe aide ses clients \u00e0 saisir l\u2019ensemble des opportunit\u00e9s que pr\u00e9sentent le cloud, le digital et les plateformes. Fort de plus de 50 ans d\u2019exp\u00e9rience et d\u2019une grande expertise des diff\u00e9rents secteurs d\u2019activit\u00e9, il accompagne les entreprises et organisations dans la r\u00e9alisation de leurs ambitions, de la d\u00e9finition de leur strat\u00e9gie \u00e0 la mise en \u0153uvre de leurs op\u00e9rations. Responsable et multiculturel, avec 265&nbsp;000 personnes dans pr\u00e8s de 50 pays, le Groupe a pour raison d\u2019\u00eatre de lib\u00e9rer les \u00e9nergies humaines par la technologie pour un avenir inclusif et durable. Avec Altran, le Groupe a r\u00e9alis\u00e9 un chiffre d\u2019affaires combin\u00e9 de 17 milliards d\u2019euros en 2019.<\/p>\n\n\n\n<p>Plus d\u2019informations sur <a href=\"http:\/\/www.capgemini.com\/#_blank\">www.capgemini.com<\/a>.<\/p>\n\n\n\n<p><a href=\"#_ftnref1\" id=\"_ftn1\">[1]<\/a> SAFe\u00ae est l\u2019acronyme de Scaled Agile Framework\u00ae. Il s\u2019agit d\u2019un framework reprenant les bonnes pratiques, valeurs et principes du Lean, de l\u2019agile et du DevOps. Pour plus d\u2019informations&nbsp;: <a href=\"https:\/\/www.capgemini.com\/ca-fr\/agile-a-lechelle\/\">https:\/\/www.capgemini.com\/ca-fr\/agile-a-lechelle\/<\/a><\/p>\n\n\n\n<p><a href=\"#_ftnref2\" id=\"_ftn2\">[2]<\/a> Le <em>Machine learning <\/em>ou apprentissage automatique est un champs un champ d\u2019\u00e9tude de l\u2019intelligence artificielle qui se fonde sur des approches math\u00e9matiques et statistiques pour donner aux&nbsp;ordinateurs&nbsp;la capacit\u00e9 d\u2019\u00ab&nbsp;apprendre&nbsp;\u00bb \u00e0 partir de donn\u00e9es. Cf. <a href=\"https:\/\/fr.wikipedia.org\/wiki\/Apprentissage_automatique\">https:\/\/fr.wikipedia.org\/wiki\/Apprentissage_automatique<\/a><\/p>\n\n\n<div class=\"wp-block-cg-blocks-cg-block-related-content\"><section class=\"relatedContentBlock\"><div class=\"container\"><div class=\"row\"><div class=\"content-title col-12 col-md-8\"><h2 class=\"related-content-heading\">Related News<\/h2><\/div><\/div><div class=\"row relatedContent\"><div class=\"col-lg-4 col-md-6 col-xs-12\">\n\t\t\t\t\t\t\t<div class=\"box\">\n\t\t\t\t\t\t\t\t<a aria-label=\"Lire la suite Chiffre d\u2019affaires du 1er trimestre 2026\" href=\"https:\/\/www.capgemini.com\/ca-fr\/actualites\/communiques-de-presse\/chiffre-daffaires-du-1er-trimestre-2026\/\" class=\"anchorWrapper\">\n\t\t\t\t\t\t\t\t\t<span class=\"box-tag\"><span>Actualit\u00e9s financi\u00e8res<\/span><\/span>\n\t\t\t\t\t\t\t\t\t<div class=\"box-title\"><h3 class=\"box-subtitle\">Chiffre d\u2019affaires du 1er trimestre 2026<\/h3><\/div>\n\t\t\t\t\t\t\t\t\t<div class=\"box-date\">\n\t\t\t\t\t\t\t\t\t\t<span>Apr 30, 2026<\/span>\n\t\t\t\t\t\t\t\t\t<\/div>\n\t\t\t\t\t\t\t\t\t<div class=\"box-bottom\">\n\t\t\t\t\t\t\t\t\t\t&lt;a class=&quot;link-download&quot; href=&quot;https:\/\/www.capgemini.com\/fr-fr\/wp-content\/uploads\/sites\/6\/2026\/04\/Capgemini_-_2026-04-30_-_Chiffre_d_affaires_du_1er_trimestre_2026.pdf&quot; aria-label=&quot;T\u00e9l\u00e9charger le communiqu\u00e9 de presse&quot; target=&quot;_blank&quot;  type=&quot;download&quot; title=&quot;Opens in a new window&quot;&gt;\n\t\t\t\t\t\t\t&lt;span&gt;T\u00e9l\u00e9charger le communiqu\u00e9 de presse&lt;\/span&gt;\n\t\t\t\t\t\t\t&lt;span&gt;237 KB PDF&lt;\/span&gt;\n\t\t\t\t\t\t&lt;\/a&gt;\n\t\t\t\t\t\t\t\t\t\t<a class=\"more\" aria-label=\"Lire la suite Chiffre d\u2019affaires du 1er trimestre 2026\" href=\"https:\/\/www.capgemini.com\/ca-fr\/actualites\/communiques-de-presse\/chiffre-daffaires-du-1er-trimestre-2026\/\">Lire la suite<\/a>\n\t\t\t\t\t\t\t\t\t<\/div>\n\t\t\t\t\t\t\t\t<\/a>\n\t\t\t\t\t\t\t<\/div>\n\t\t\t\t\t\t<\/div><div class=\"col-lg-4 col-md-6 col-xs-12\">\n\t\t\t\t\t\t\t<div class=\"box\">\n\t\t\t\t\t\t\t\t<a aria-label=\"Lire la suite Capgemini et McDonald\u2019s renouvellent leur partenariat strat\u00e9gique avec un accord mondial pluriannuel ax\u00e9 sur le d\u00e9ploiement de plateformes modernes et \u00e9volutives\" href=\"https:\/\/www.capgemini.com\/ca-fr\/actualites\/communiques-de-presse\/capgemini-et-mcdonalds-renouvellent-leur-partenariat-strategique-avec-un-accord-mondial-pluriannuel-axe-sur-le-deploiement-de-plateformes-modernes-et-evolutives\/\" class=\"anchorWrapper\">\n\t\t\t\t\t\t\t\t\t<span class=\"box-tag\"><span>Actualit\u00e9s client<\/span><\/span>\n\t\t\t\t\t\t\t\t\t<div class=\"box-title\"><h3 class=\"box-subtitle\">Capgemini et McDonald\u2019s renouvellent leur partenariat strat\u00e9gique avec un accord mondial pluriannuel ax\u00e9 sur le d\u00e9ploiement de plateformes modernes et \u00e9volutives<\/h3><\/div>\n\t\t\t\t\t\t\t\t\t<div class=\"box-date\">\n\t\t\t\t\t\t\t\t\t\t<span>Apr 15, 2026<\/span>\n\t\t\t\t\t\t\t\t\t<\/div>\n\t\t\t\t\t\t\t\t\t<div class=\"box-bottom\">\n\t\t\t\t\t\t\t\t\t\t&lt;a class=&quot;link-download&quot; href=&quot;https:\/\/www.capgemini.com\/fr-fr\/wp-content\/uploads\/sites\/6\/2026\/03\/2026_03_05_McDonalds_Capgemini_Press-Release_FR.pdf&quot; aria-label=&quot;T\u00e9l\u00e9charger le communiqu\u00e9 de presse&quot; target=&quot;_blank&quot;  type=&quot;download&quot; title=&quot;Opens in a new window&quot;&gt;\n\t\t\t\t\t\t\t&lt;span&gt;T\u00e9l\u00e9charger le communiqu\u00e9 de presse&lt;\/span&gt;\n\t\t\t\t\t\t\t&lt;span&gt;142 KB PDF&lt;\/span&gt;\n\t\t\t\t\t\t&lt;\/a&gt;\n\t\t\t\t\t\t\t\t\t\t<a class=\"more\" aria-label=\"Lire la suite Capgemini et McDonald\u2019s renouvellent leur partenariat strat\u00e9gique avec un accord mondial pluriannuel ax\u00e9 sur le d\u00e9ploiement de plateformes modernes et \u00e9volutives\" href=\"https:\/\/www.capgemini.com\/ca-fr\/actualites\/communiques-de-presse\/capgemini-et-mcdonalds-renouvellent-leur-partenariat-strategique-avec-un-accord-mondial-pluriannuel-axe-sur-le-deploiement-de-plateformes-modernes-et-evolutives\/\">Lire la suite<\/a>\n\t\t\t\t\t\t\t\t\t<\/div>\n\t\t\t\t\t\t\t\t<\/a>\n\t\t\t\t\t\t\t<\/div>\n\t\t\t\t\t\t<\/div><div class=\"col-lg-4 col-md-6 col-xs-12\">\n\t\t\t\t\t\t\t<div class=\"box\">\n\t\t\t\t\t\t\t\t<a aria-label=\"Lire la suite Capgemini et OpenAI unissent leurs forces pour acc\u00e9l\u00e9rer la nouvelle \u00e8re de transformation des entreprises par l\u2019IA avec la Frontier Alliance\" href=\"https:\/\/www.capgemini.com\/ca-fr\/actualites\/communiques-de-presse\/partenariat-avec-openai\/\" class=\"anchorWrapper\">\n\t\t\t\t\t\t\t\t\t<span class=\"box-tag\"><span>Partenariats<\/span><\/span>\n\t\t\t\t\t\t\t\t\t<div class=\"box-title\"><h3 class=\"box-subtitle\">Capgemini et OpenAI unissent leurs forces pour acc\u00e9l\u00e9rer la nouvelle \u00e8re de transformation des entreprises par l\u2019IA avec la Frontier Alliance<\/h3><\/div>\n\t\t\t\t\t\t\t\t\t<div class=\"box-date\">\n\t\t\t\t\t\t\t\t\t\t<span>Mar 22, 2026<\/span>\n\t\t\t\t\t\t\t\t\t<\/div>\n\t\t\t\t\t\t\t\t\t<div class=\"box-bottom\">\n\t\t\t\t\t\t\t\t\t\t&lt;a class=&quot;link-download&quot; href=&quot;https:\/\/www.capgemini.com\/wp-content\/uploads\/2026\/02\/02_23_Capgemini-News-Alert_OpenAI-Frontier-Alliance.pdf&quot; aria-label=&quot;T\u00e9l\u00e9charger le communiqu\u00e9 de presse&quot; target=&quot;_blank&quot;  type=&quot;download&quot; title=&quot;Opens in a new window&quot;&gt;\n\t\t\t\t\t\t\t&lt;span&gt;T\u00e9l\u00e9charger le communiqu\u00e9 de presse&lt;\/span&gt;\n\t\t\t\t\t\t\t&lt;span&gt;132 KB PDF&lt;\/span&gt;\n\t\t\t\t\t\t&lt;\/a&gt;\n\t\t\t\t\t\t\t\t\t\t<a class=\"more\" aria-label=\"Lire la suite Capgemini et OpenAI unissent leurs forces pour acc\u00e9l\u00e9rer la nouvelle \u00e8re de transformation des entreprises par l\u2019IA avec la Frontier Alliance\" href=\"https:\/\/www.capgemini.com\/ca-fr\/actualites\/communiques-de-presse\/partenariat-avec-openai\/\">Lire la suite<\/a>\n\t\t\t\t\t\t\t\t\t<\/div>\n\t\t\t\t\t\t\t\t<\/a>\n\t\t\t\t\t\t\t<\/div>\n\t\t\t\t\t\t<\/div><\/div><\/div><\/section><\/div><\/div><\/div><\/div><\/div><\/div><\/section>\n","protected":false},"excerpt":{"rendered":"","protected":false},"author":336,"featured_media":0,"template":"","meta":{"cg_dt_proposed_to":[],"cg_seo_hreflang_relations":"[]","cg_seo_canonical_relation":"","cg_seo_hreflang_x_default_relation":"{\"uuid\":\"d1697d0a-ac71-4b22-b9f8-25900fe6fda0\",\"blogId\":\"\",\"domain\":\"\",\"sitePath\":\"\",\"postLink\":\"\",\"postId\":null,\"isSaved\":true,\"isCrossLink\":false,\"hasCrossLink\":false}","cg_dt_approved_content":true,"cg_dt_mandatory_content":false,"cg_dt_notes":"","cg_dg_source_changed":false,"cg_dt_link_disabled":false,"footnotes":"","related_resource_url":"https:\/\/www.capgemini.com\/ca-fr\/wp-content\/uploads\/sites\/21\/2022\/11\/20_11_25_CP-Saur-Capgemini-DDC_FR_.pdf","related_resource_id":3280,"related_resource_size":"135 KB","related_resource_type":"pdf","cg_author":0,"featured_focal_points":""},"tags":[],"press-release-type":[],"brand":[],"class_list":["post-3279","press-release","type-press-release","status-publish","hentry"],"yoast_head":"<!-- This site is optimized with the Yoast SEO Premium plugin v22.8 (Yoast SEO v22.8) - https:\/\/yoast.com\/wordpress\/plugins\/seo\/ -->\n<title>Saur acc\u00e9l\u00e8re sa transformation digitale avec Capgemini pour r\u00e9pondre aux enjeux de la gestion de l\u2019eau \u00e0 l\u2019heure de l\u2019urgence \u00e9cologique - Capgemini Canada French<\/title>\n<meta name=\"robots\" content=\"index, follow, max-snippet:-1, max-image-preview:large, max-video-preview:-1\" \/>\n<link rel=\"canonical\" href=\"https:\/\/www.capgemini.com\/ca-fr\/actualites\/communiques-de-presse\/saur-confie-a-capgemini-la-mise-en-place-et-le-deploiement-de-son-data-digital-center\/\" \/>\n<meta property=\"og:locale\" content=\"fr_FR\" \/>\n<meta property=\"og:type\" content=\"article\" \/>\n<meta property=\"og:title\" content=\"Saur acc\u00e9l\u00e8re sa transformation digitale avec Capgemini pour r\u00e9pondre aux enjeux de la gestion de l\u2019eau \u00e0 l\u2019heure de l\u2019urgence \u00e9cologique\" \/>\n<meta property=\"og:url\" content=\"https:\/\/www.capgemini.com\/ca-fr\/actualites\/communiques-de-presse\/saur-confie-a-capgemini-la-mise-en-place-et-le-deploiement-de-son-data-digital-center\/\" \/>\n<meta property=\"og:site_name\" content=\"Capgemini Canada French\" \/>\n<meta property=\"article:modified_time\" content=\"2025-03-30T05:49:29+00:00\" \/>\n<meta property=\"og:image\" content=\"https:\/\/www.capgemini.com\/ca-fr\/wp-content\/uploads\/sites\/21\/2025\/10\/New-Web-preview-global.jpg\" \/>\n\t<meta property=\"og:image:width\" content=\"1200\" \/>\n\t<meta property=\"og:image:height\" content=\"627\" \/>\n\t<meta property=\"og:image:type\" content=\"image\/jpeg\" \/>\n<meta name=\"twitter:card\" content=\"summary_large_image\" \/>\n<script type=\"application\/ld+json\" class=\"yoast-schema-graph\">{\"@context\":\"https:\/\/schema.org\",\"@graph\":[{\"@type\":\"WebPage\",\"@id\":\"https:\/\/www.capgemini.com\/ca-fr\/actualites\/communiques-de-presse\/saur-confie-a-capgemini-la-mise-en-place-et-le-deploiement-de-son-data-digital-center\/\",\"url\":\"https:\/\/www.capgemini.com\/ca-fr\/actualites\/communiques-de-presse\/saur-confie-a-capgemini-la-mise-en-place-et-le-deploiement-de-son-data-digital-center\/\",\"name\":\"Saur acc\u00e9l\u00e8re sa transformation digitale avec Capgemini pour r\u00e9pondre aux enjeux de la gestion de l\u2019eau \u00e0 l\u2019heure de l\u2019urgence \u00e9cologique - Capgemini Canada French\",\"isPartOf\":{\"@id\":\"https:\/\/www.capgemini.com\/ca-fr\/#website\"},\"datePublished\":\"2020-11-25T13:15:00+00:00\",\"dateModified\":\"2025-03-30T05:49:29+00:00\",\"breadcrumb\":{\"@id\":\"https:\/\/www.capgemini.com\/ca-fr\/actualites\/communiques-de-presse\/saur-confie-a-capgemini-la-mise-en-place-et-le-deploiement-de-son-data-digital-center\/#breadcrumb\"},\"inLanguage\":\"fr-FR\",\"potentialAction\":[{\"@type\":\"ReadAction\",\"target\":[\"https:\/\/www.capgemini.com\/ca-fr\/actualites\/communiques-de-presse\/saur-confie-a-capgemini-la-mise-en-place-et-le-deploiement-de-son-data-digital-center\/\"]}]},{\"@type\":\"BreadcrumbList\",\"@id\":\"https:\/\/www.capgemini.com\/ca-fr\/actualites\/communiques-de-presse\/saur-confie-a-capgemini-la-mise-en-place-et-le-deploiement-de-son-data-digital-center\/#breadcrumb\",\"itemListElement\":[{\"@type\":\"ListItem\",\"position\":1,\"name\":\"Home\",\"item\":\"https:\/\/www.capgemini.com\/ca-fr\/\"},{\"@type\":\"ListItem\",\"position\":2,\"name\":\"Press Releases\",\"item\":\"https:\/\/www.capgemini.com\/ca-fr\/news\/\"},{\"@type\":\"ListItem\",\"position\":3,\"name\":\"Saur acc\u00e9l\u00e8re sa transformation digitale avec Capgemini pour r\u00e9pondre aux enjeux de la gestion de l\u2019eau \u00e0 l\u2019heure de l\u2019urgence \u00e9cologique\"}]},{\"@type\":\"WebSite\",\"@id\":\"https:\/\/www.capgemini.com\/ca-fr\/#website\",\"url\":\"https:\/\/www.capgemini.com\/ca-fr\/\",\"name\":\"Capgemini Canada French\",\"description\":\"Capgemini\",\"potentialAction\":[{\"@type\":\"SearchAction\",\"target\":{\"@type\":\"EntryPoint\",\"urlTemplate\":\"https:\/\/www.capgemini.com\/ca-fr\/?s={search_term_string}\"},\"query-input\":\"required name=search_term_string\"}],\"inLanguage\":\"fr-FR\"}]}<\/script>\n<!-- \/ Yoast SEO Premium plugin. -->","yoast_head_json":{"title":"Saur acc\u00e9l\u00e8re sa transformation digitale avec Capgemini pour r\u00e9pondre aux enjeux de la gestion de l\u2019eau \u00e0 l\u2019heure de l\u2019urgence \u00e9cologique - Capgemini Canada French","robots":{"index":"index","follow":"follow","max-snippet":"max-snippet:-1","max-image-preview":"max-image-preview:large","max-video-preview":"max-video-preview:-1"},"canonical":"https:\/\/www.capgemini.com\/ca-fr\/actualites\/communiques-de-presse\/saur-confie-a-capgemini-la-mise-en-place-et-le-deploiement-de-son-data-digital-center\/","og_locale":"fr_FR","og_type":"article","og_title":"Saur acc\u00e9l\u00e8re sa transformation digitale avec Capgemini pour r\u00e9pondre aux enjeux de la gestion de l\u2019eau \u00e0 l\u2019heure de l\u2019urgence \u00e9cologique","og_url":"https:\/\/www.capgemini.com\/ca-fr\/actualites\/communiques-de-presse\/saur-confie-a-capgemini-la-mise-en-place-et-le-deploiement-de-son-data-digital-center\/","og_site_name":"Capgemini Canada French","article_modified_time":"2025-03-30T05:49:29+00:00","og_image":[{"width":1200,"height":627,"url":"https:\/\/www.capgemini.com\/ca-fr\/wp-content\/uploads\/sites\/21\/2025\/10\/New-Web-preview-global.jpg","type":"image\/jpeg"}],"twitter_card":"summary_large_image","schema":{"@context":"https:\/\/schema.org","@graph":[{"@type":"WebPage","@id":"https:\/\/www.capgemini.com\/ca-fr\/actualites\/communiques-de-presse\/saur-confie-a-capgemini-la-mise-en-place-et-le-deploiement-de-son-data-digital-center\/","url":"https:\/\/www.capgemini.com\/ca-fr\/actualites\/communiques-de-presse\/saur-confie-a-capgemini-la-mise-en-place-et-le-deploiement-de-son-data-digital-center\/","name":"Saur acc\u00e9l\u00e8re sa transformation digitale avec Capgemini pour r\u00e9pondre aux enjeux de la gestion de l\u2019eau \u00e0 l\u2019heure de l\u2019urgence \u00e9cologique - Capgemini Canada French","isPartOf":{"@id":"https:\/\/www.capgemini.com\/ca-fr\/#website"},"datePublished":"2020-11-25T13:15:00+00:00","dateModified":"2025-03-30T05:49:29+00:00","breadcrumb":{"@id":"https:\/\/www.capgemini.com\/ca-fr\/actualites\/communiques-de-presse\/saur-confie-a-capgemini-la-mise-en-place-et-le-deploiement-de-son-data-digital-center\/#breadcrumb"},"inLanguage":"fr-FR","potentialAction":[{"@type":"ReadAction","target":["https:\/\/www.capgemini.com\/ca-fr\/actualites\/communiques-de-presse\/saur-confie-a-capgemini-la-mise-en-place-et-le-deploiement-de-son-data-digital-center\/"]}]},{"@type":"BreadcrumbList","@id":"https:\/\/www.capgemini.com\/ca-fr\/actualites\/communiques-de-presse\/saur-confie-a-capgemini-la-mise-en-place-et-le-deploiement-de-son-data-digital-center\/#breadcrumb","itemListElement":[{"@type":"ListItem","position":1,"name":"Home","item":"https:\/\/www.capgemini.com\/ca-fr\/"},{"@type":"ListItem","position":2,"name":"Press Releases","item":"https:\/\/www.capgemini.com\/ca-fr\/news\/"},{"@type":"ListItem","position":3,"name":"Saur acc\u00e9l\u00e8re sa transformation digitale avec Capgemini pour r\u00e9pondre aux enjeux de la gestion de l\u2019eau \u00e0 l\u2019heure de l\u2019urgence \u00e9cologique"}]},{"@type":"WebSite","@id":"https:\/\/www.capgemini.com\/ca-fr\/#website","url":"https:\/\/www.capgemini.com\/ca-fr\/","name":"Capgemini Canada French","description":"Capgemini","potentialAction":[{"@type":"SearchAction","target":{"@type":"EntryPoint","urlTemplate":"https:\/\/www.capgemini.com\/ca-fr\/?s={search_term_string}"},"query-input":"required name=search_term_string"}],"inLanguage":"fr-FR"}]}},"parsely":{"version":"1.1.0","canonical_url":"https:\/\/capgemini.com\/ca-fr\/actualites\/communiques-de-presse\/saur-confie-a-capgemini-la-mise-en-place-et-le-deploiement-de-son-data-digital-center\/","smart_links":{"inbound":0,"outbound":0},"traffic_boost_suggestions_count":0,"meta":{"@context":"https:\/\/schema.org","@type":"NewsArticle","headline":"Saur acc\u00e9l\u00e8re sa transformation digitale avec Capgemini pour r\u00e9pondre aux enjeux de la gestion de l\u2019eau \u00e0 l\u2019heure de l\u2019urgence \u00e9cologique","url":"https:\/\/www.capgemini.com\/ca-fr\/actualites\/communiques-de-presse\/saur-confie-a-capgemini-la-mise-en-place-et-le-deploiement-de-son-data-digital-center\/","mainEntityOfPage":{"@type":"WebPage","@id":"https:\/\/www.capgemini.com\/ca-fr\/actualites\/communiques-de-presse\/saur-confie-a-capgemini-la-mise-en-place-et-le-deploiement-de-son-data-digital-center\/"},"thumbnailUrl":"","image":{"@type":"ImageObject","url":""},"articleSection":"Uncategorized","author":[],"creator":[],"publisher":{"@type":"Organization","name":"Capgemini Canada French","logo":""},"keywords":[],"dateCreated":"2020-11-25T13:15:00Z","datePublished":"2020-11-25T13:15:00Z","dateModified":"2025-03-30T05:49:29Z"},"rendered":"<meta name=\"parsely-title\" content=\"Saur acc\u00e9l\u00e8re sa transformation digitale avec Capgemini pour r\u00e9pondre aux enjeux de la gestion de l\u2019eau \u00e0 l\u2019heure de l\u2019urgence \u00e9cologique\" \/>\n<meta name=\"parsely-link\" content=\"https:\/\/www.capgemini.com\/ca-fr\/actualites\/communiques-de-presse\/saur-confie-a-capgemini-la-mise-en-place-et-le-deploiement-de-son-data-digital-center\/\" \/>\n<meta name=\"parsely-type\" content=\"post\" \/>\n<meta name=\"parsely-pub-date\" content=\"2020-11-25T13:15:00Z\" \/>\n<meta name=\"parsely-section\" content=\"Uncategorized\" \/>","tracker_url":"https:\/\/cdn.parsely.com\/keys\/capgemini.com\/p.js"},"archive_status":false,"featured_image_src":"https:\/\/www.capgemini.com\/ca-fr\/wp-content\/themes\/capgemini2025\/assets\/images\/mockup.png","featured_image_alt":false,"jetpack_sharing_enabled":true,"distributor_meta":false,"distributor_terms":false,"distributor_media":false,"distributor_original_site_name":"Capgemini Canada French","distributor_original_site_url":"https:\/\/www.capgemini.com\/ca-fr","push-errors":false,"tag_names":[],"_links":{"self":[{"href":"https:\/\/www.capgemini.com\/ca-fr\/wp-json\/wp\/v2\/press-release\/3279","targetHints":{"allow":["GET"]}}],"collection":[{"href":"https:\/\/www.capgemini.com\/ca-fr\/wp-json\/wp\/v2\/press-release"}],"about":[{"href":"https:\/\/www.capgemini.com\/ca-fr\/wp-json\/wp\/v2\/types\/press-release"}],"author":[{"embeddable":true,"href":"https:\/\/www.capgemini.com\/ca-fr\/wp-json\/wp\/v2\/users\/336"}],"version-history":[{"count":4,"href":"https:\/\/www.capgemini.com\/ca-fr\/wp-json\/wp\/v2\/press-release\/3279\/revisions"}],"predecessor-version":[{"id":707640,"href":"https:\/\/www.capgemini.com\/ca-fr\/wp-json\/wp\/v2\/press-release\/3279\/revisions\/707640"}],"wp:attachment":[{"href":"https:\/\/www.capgemini.com\/ca-fr\/wp-json\/wp\/v2\/media?parent=3279"}],"wp:term":[{"taxonomy":"post_tag","embeddable":true,"href":"https:\/\/www.capgemini.com\/ca-fr\/wp-json\/wp\/v2\/tags?post=3279"},{"taxonomy":"press-release-type","embeddable":true,"href":"https:\/\/www.capgemini.com\/ca-fr\/wp-json\/wp\/v2\/press-release-type?post=3279"},{"taxonomy":"brand","embeddable":true,"href":"https:\/\/www.capgemini.com\/ca-fr\/wp-json\/wp\/v2\/brand?post=3279"}],"curies":[{"name":"wp","href":"https:\/\/api.w.org\/{rel}","templated":true}]}}