{"id":3202,"date":"2021-02-17T12:29:00","date_gmt":"2021-02-17T12:29:00","guid":{"rendered":"https:\/\/www.capgemini.com\/ca-fr\/?post_type=press-release&#038;p=3202"},"modified":"2025-03-30T05:41:49","modified_gmt":"2025-03-30T05:41:49","slug":"une-solide-performance-en-2020-confirmant-la-resilience-et-lagilite-du-groupe","status":"publish","type":"press-release","link":"https:\/\/www.capgemini.com\/ca-fr\/actualites\/communiques-de-presse\/une-solide-performance-en-2020-confirmant-la-resilience-et-lagilite-du-groupe\/","title":{"rendered":"Une solide performance en 2020, confirmant la r\u00e9silience et l\u2019agilit\u00e9 du Groupe"},"content":{"rendered":"\n<p><\/p>\n\n\n\t\t<div class=\"wp-block-cg-blocks-hero-press-release\">\n\t\t\t<header class=\"header-hero-press-release\" role=\"main\" id=\"main-content-press-release\">\n\t\t\t\t<div class=\"container\">\n\t\t\t\t\t<div class=\"hero-press-release\">\n\t\t\t\t\t\t<div class=\"hero-press-release-content-wrapper\">\n\t\t\t\t\t\t\t<div class=\"row\">\n\t\t\t\t\t\t\t\t<div class=\"col-12\">\n\t\t\t\t\t\t\t\t\t<div class=\"header-title\">\n\t\t\t\t\t\t\t\t\t\t<h1>\n\t\t\t\t\t\t\t\t\t\t\tUne solide performance en 2020, confirmant la r\u00e9silience et l\u2019agilit\u00e9 du Groupe\t\t\t\t\t\t\t\t\t\t<\/h1>\n\t\t\t\t\t\t\t\t\t<\/div>\n\t\t\t\t\t\t\t\t\t<div class=\"header-description\">\n\t\t\t\t\t\t\t\t\t\t<p><\/p>\n\t\t\t\t\t\t\t\t\t<\/div>\n\t\t\t\t\t\t\t\t\t\t\t\t\t\t\t\t\t\t<div class=\"header-date\">\n\t\t\t\t\t\t\t\t\t\t<span>f\u00e9vr. 17, 2021<\/span>\n\t\t\t\t\t\t\t\t\t<\/div>\n\t\t\t\t\t\t\t\t<\/div>\n\t\t\t\t\t\t\t<\/div>\n\t\t\t\t\t\t<\/div>\n\t\t\t\t\t\t\t\t\t\t\t\t\t<div class=\"hero-press-release-downloads\">\n\t\t\t\t\t\t\t\t<div class=\"row\">\n\t\t\t\t\t\t\t\t\t\t\t\t\t\t\t\t\t\t\t<div class=\"col-12 col-md-6 col-lg-3\">\n\t\t\t\t\t\t\t\t\t\t\t<a class=\"download-item\" type=\"download\" href=\"https:\/\/www.capgemini.com\/ca-fr\/wp-content\/uploads\/sites\/21\/2022\/11\/Capgemini_-_2021-02-17_-_Resultats_2020.pdf\" target=\"_blank\" rel=\"noopener noreferrer\" title=\"Ouvrir dans une nouvelle fen\u00eatre\">\n\t\t\t\t\t\t\t\t\t\t\t\t<div class=\"download-icon\"><\/div>\n\t\t\t\t\t\t\t\t\t\t\t\t<div class=\"download-details\">\n\t\t\t\t\t\t\t\t\t\t\t\t\t<div class=\"download-title\">Download press release<\/div>\n\t\t\t\t\t\t\t\t\t\t\t\t\t<div class=\"download-props\">278 KB  pdf<\/div>\n\t\t\t\t\t\t\t\t\t\t\t\t<\/div>\n\t\t\t\t\t\t\t\t\t\t\t<\/a>\n\t\t\t\t\t\t\t\t\t\t<\/div>\n\t\t\t\t\t\t\t\t\t\t\t\t\t\t\t\t\t\t\t\t<div class=\"col-12 col-md-6 col-lg-3\">\n\t\t\t\t\t\t\t\t\t\t\t<a class=\"download-item\" type=\"download\" href=\"https:\/\/www.capgemini.com\/ca-fr\/wp-content\/uploads\/sites\/21\/2022\/11\/2021_02_17_Infographie_T4_2020_Capgemini.pdf\" target=\"_blank\" rel=\"noopener noreferrer\" title=\"Ouvrir dans une nouvelle fen\u00eatre\">\n\t\t\t\t\t\t\t\t\t\t\t\t<div class=\"download-icon\"><\/div>\n\t\t\t\t\t\t\t\t\t\t\t\t<div class=\"download-details\">\n\t\t\t\t\t\t\t\t\t\t\t\t\t<div class=\"download-title\">Download press release<\/div>\n\t\t\t\t\t\t\t\t\t\t\t\t\t<div class=\"download-props\">93 KB  pdf<\/div>\n\t\t\t\t\t\t\t\t\t\t\t\t<\/div>\n\t\t\t\t\t\t\t\t\t\t\t<\/a>\n\t\t\t\t\t\t\t\t\t\t<\/div>\n\t\t\t\t\t\t\t\t\t\t\t\t\t\t\t\t\t\t\t\t<div class=\"col-12 col-md-6\">\n\t\t\t\t\t\t\t\t\t\t\t<a class=\"download-item\" type=\"download\" href=\"https:\/\/www.capgemini.com\/ca-fr\/wp-content\/uploads\/sites\/21\/2022\/11\/2021_02_17_Infographie_Resultats2020_Capgemini.pdf\" target=\"_blank\" rel=\"noopener noreferrer\" title=\"Ouvrir dans une nouvelle fen\u00eatre\">\n\t\t\t\t\t\t\t\t\t\t\t\t<div class=\"download-icon\"><\/div>\n\t\t\t\t\t\t\t\t\t\t\t\t<div class=\"download-details\">\n\t\t\t\t\t\t\t\t\t\t\t\t\t<div class=\"download-title\">Download press release<\/div>\n\t\t\t\t\t\t\t\t\t\t\t\t\t<div class=\"download-props\">111 KB  pdf<\/div>\n\t\t\t\t\t\t\t\t\t\t\t\t<\/div>\n\t\t\t\t\t\t\t\t\t\t\t<\/a>\n\t\t\t\t\t\t\t\t\t\t<\/div>\n\t\t\t\t\t\t\t\t\t\t\t\t\t\t\t\t\t\t<\/div>\n\t\t\t\t\t\t\t<\/div>\n\t\t\t\t\t\t\t\t\t\t\t\t\t\t\t\t\t<\/div>\n\t\t\t\t<\/div>\n\t\t\t<\/header>\n\t\t<\/div>\n\t\t\n\n\n<section class=\"wp-block-cg-blocks-intro-para undefined section section--intro\"><div class=\"intro-para\"><div class=\"container\"><div class=\"row\"><div class=\"col-12 col-md-1\"><nav class=\"article-social\"><ul class=\"social-nav\"><li class=\"ip-order-fb\"><a href=\"https:\/\/www.facebook.com\/sharer\/sharer.php?u=https:\/\/www.capgemini.com\/ca-fr\/actualites\/communiques-de-presse\/une-solide-performance-en-2020-confirmant-la-resilience-et-lagilite-du-groupe\/\" target=\"_blank\" rel=\"noopener noreferrer\" title=\"Ouvrir dans une nouvelle fen\u00eatre\"><i aria-hidden=\"true\" class=\"icon-fb\"><\/i><span class=\"sr-only\">Facebook<\/span><\/a><\/li><li class=\"ip-order-li\"><a href=\"https:\/\/www.linkedin.com\/sharing\/share-offsite\/?url=https:\/\/www.capgemini.com\/ca-fr\/actualites\/communiques-de-presse\/une-solide-performance-en-2020-confirmant-la-resilience-et-lagilite-du-groupe\/\" target=\"_blank\" rel=\"noopener noreferrer\" title=\"Ouvrir dans une nouvelle fen\u00eatre\"><i aria-hidden=\"true\" class=\"icon-li\"><\/i><span class=\"sr-only\">Linkedin<\/span><\/a><\/li><\/ul><\/nav><\/div><div class=\"col-12 col-md-11 col-lg-10\"><h2 class=\"intro-para-title\"><strong><em>Paris, le 17 f\u00e9vrier 2021 \u2013<\/em><\/strong> R\u00e9uni ce jour \u00e0 Paris sous la pr\u00e9sidence de Paul Hermelin, le Conseil d\u2019Administration de Capgemini SE a examin\u00e9 et arr\u00eat\u00e9 les comptes<a href=\"#_ftn1\">[1]<\/a> du groupe Capgemini pour l\u2019exercice clos le 31 d\u00e9cembre 2020.<\/h2><\/div><\/div><\/div><\/div><\/section>\n\n\n\n<section class=\"wp-block-cg-blocks-group undefined section section--article-content\"><div class=\"article-main-content\"><div class=\"container\"><div class=\"row\"><div class=\"col-12 col-md-11 col-lg-10 offset-md-1 offset-lg-1\"><div class=\"article-text article-quote-text\">\n<p>https:\/\/youtube.com\/watch?v=IpJrRYL8TG0%3Ffeature%3Doembed%26enablejsapi%3D1%26origin%3Dhttps%253A%252F%252Fwww.capgemini.com<\/p>\n\n\n\n<p>Pour Aiman Ezzat, Directeur g\u00e9n\u00e9ral du groupe Capgemini : \u00ab <em>Capgemini r\u00e9alise en 2020 une solide performance. Nous avons su rebondir d\u00e8s le troisi\u00e8me trimestre comme nous l\u2019avions anticip\u00e9 et cette am\u00e9lioration a continu\u00e9 au quatri\u00e8me trimestre, ce qui nous permet d\u2019\u00eatre dans la fourchette haute de notre objectif de chiffre d\u2019affaires sur l\u2019ann\u00e9e. Nous avons par ailleurs d\u00e9pass\u00e9 nos objectifs de marge op\u00e9rationnelle et de g\u00e9n\u00e9ration de cash. En 2020, nous faisons la d\u00e9monstration de la r\u00e9silience et de l\u2019agilit\u00e9 du Groupe.<\/em><\/p>\n\n\n\n<p><em>Je souhaite remercier les 270 000 collaborateurs du Groupe qui ont su s\u2019adapter tr\u00e8s rapidement dans un contexte de t\u00e9l\u00e9travail g\u00e9n\u00e9ralis\u00e9 et garantir la qualit\u00e9 des projets r\u00e9alis\u00e9s pour nos clients. Je me r\u00e9jouis de la mobilisation sans pr\u00e9c\u00e9dent de nos \u00e9quipes qui ont fait preuve de solidarit\u00e9 et d\u2019initiatives pour lutter contre cette pand\u00e9mie.<\/em><\/p>\n\n\n\n<p><em>Cette crise sanitaire a clairement acc\u00e9l\u00e9r\u00e9 le besoin en transformation digitale des entreprises de tous les secteurs. Dans ce contexte, nous avons su nous positionner comme un de leurs partenaires privil\u00e9gi\u00e9s. Nos services li\u00e9s au digital et au cloud ont continu\u00e9 de fortement augmenter avec une croissance de 15%.<\/em><\/p>\n\n\n\n<p><em>Nous allons poursuivre dans la m\u00eame direction en 2021 en nous appuyant sur nos fondamentaux, en b\u00e9n\u00e9ficiant \u00e0 plein de toute la valeur que nous apporte Altran dans le domaine de l\u2019Intelligent Industry et en d\u00e9veloppant l\u2019intimit\u00e9 avec les \u00ab&nbsp;CxOs&nbsp;\u00bb de nos clients sur l\u2019ensemble de leurs besoins de transformation. Par ailleurs, engag\u00e9s sur un objectif \u00ab z\u00e9ro \u00e9mission nette \u00bb d\u2019ici 2030, nous allons aussi proposer des offres concr\u00e8tes \u00e0 nos clients pour les aider \u00e0 atteindre leurs propres objectifs de r\u00e9duction d\u2019\u00e9mission de carbone. J\u2019ai en effet la ferme conviction que la technologie est un levier incontournable pour apporter des solutions concr\u00e8tes dans ce domaine et j\u2019ai l\u2019ambition que notre Groupe devienne un acteur majeur de la transition \u00e9cologique. <\/em>\u00bb<\/p>\n\n\n\n<h2 class=\"wp-block-heading\" id=\"h-chiffres-cles\"><strong>CHIFFRES CL\u00c9S<\/strong><\/h2>\n\n\n\n<figure class=\"wp-block-image\"><img decoding=\"async\" src=\"https:\/\/www.capgemini.com\/ca-fr\/wp-content\/uploads\/sites\/2\/2021\/02\/fy-1.jpg?w=881\" alt=\"\" class=\"wp-image-165807\"\/><\/figure>\n\n\n\n<p>Capgemini a fait preuve d\u2019une remarquable agilit\u00e9 en 2020 pour s\u2019adapter rapidement \u00e0 un contexte de crise sans pr\u00e9c\u00e9dent tout en proc\u00e9dant \u00e0 l\u2019acquisition et l\u2019int\u00e9gration d\u2019Altran, et d\u00e9livre des r\u00e9sultats en ligne ou sup\u00e9rieurs aux objectifs fix\u00e9s lors de la publication des r\u00e9sultats du 1<sup>er<\/sup> semestre 2020.<\/p>\n\n\n\n<p>Le Groupe a finalis\u00e9 l\u2019acquisition d\u2019Altran Technologies (\u00ab Altran \u00bb), consolid\u00e9e depuis le 1<sup>er<\/sup> avril 2020, ce qui positionne Capgemini comme le partenaire de r\u00e9f\u00e9rence dans la transformation digitale des entreprises industrielles et de technologie. Capgemini a \u00e9galement su faire face aux cons\u00e9quences de la crise li\u00e9e \u00e0 la pand\u00e9mie, et sa performance d\u00e9montre la forte r\u00e9silience de ses op\u00e9rations et de son mod\u00e8le financier.<\/p>\n\n\n\n<p>Capgemini a ainsi r\u00e9alis\u00e9 en 2020 un <strong>chiffre d\u2019affaires<\/strong> de 15 848 millions d\u2019euros, en progression de 12,2% en donn\u00e9es publi\u00e9es par rapport \u00e0 l\u2019exercice 2019. Cela repr\u00e9sente une croissance de 13,7% \u00e0 taux de change constants<sup>*<\/sup>, dans le haut de la fourchette de +12,5% \u00e0 +14,0% vis\u00e9e. La croissance organique<sup>*<\/sup> du Groupe, c\u2019est-\u00e0-dire hors impact des devises et des variations de p\u00e9rim\u00e8tre, enregistre une contraction contenue \u00e0 -3,2% sur l\u2019ensemble de l\u2019exercice.<\/p>\n\n\n\n<p>L\u2019am\u00e9lioration visible de l\u2019activit\u00e9 du Groupe d\u00e8s le 3<sup>\u00e8me<\/sup> trimestre 2020 s\u2019est en effet prolong\u00e9e au 4<sup>\u00e8me<\/sup> trimestre sur les principaux secteurs et r\u00e9gions du Groupe, aussi bien en termes de croissance \u00e0 taux de changes constants (+20,8%) que sur une base organique (-2,4%).<\/p>\n\n\n\n<p>Cette performance d\u00e9montre que la diversification sectorielle et g\u00e9ographique de la base de clients de Capgemini, combin\u00e9e \u00e0 la qualit\u00e9 du portefeuille d\u2019offres d\u00e9velopp\u00e9 ces derni\u00e8res ann\u00e9es, ont consid\u00e9rablement renforc\u00e9 la r\u00e9silience des activit\u00e9s du Groupe. En particulier, les services li\u00e9s au <strong>Digital <\/strong>et au<strong> Cloud<\/strong><a href=\"#_ftn1\">[1]<\/a> ont conserv\u00e9 une dynamique soutenue avec une croissance d\u2019environ 15% \u00e0 taux de change constants sur l\u2019ensemble de l\u2019exercice, dans un contexte de crise qui a incit\u00e9 les clients \u00e0 donner la priorit\u00e9 aux projets critiques de transformation digitale. Ainsi les services li\u00e9s au Digital et au Cloud ont repr\u00e9sent\u00e9 autour de 65% de l\u2019activit\u00e9 du Groupe au 4<sup>\u00e8me<\/sup> trimestre 2020.<\/p>\n\n\n\n<p>Les <strong>prises de commandes<\/strong> s\u2019\u00e9l\u00e8vent \u00e0 16&nbsp;892 millions d\u2019euros pour l\u2019exercice 2020, en hausse de +13% \u00e0 taux de change constants par rapport \u00e0 2019. Le ratio de \u00ab&nbsp;<em>book-to-bill<\/em>&nbsp;\u00bb atteint 107%, illustrant la bonne tenue de l\u2019activit\u00e9 commerciale dans le contexte de la pand\u00e9mie. Au 4<sup>\u00e8me<\/sup> trimestre 2020, les prises de commandes sont en hausse de +15% \u00e0 taux de change constants pour atteindre 5 155 millions d\u2019euros, ce qui repr\u00e9sente un ratio \u00ab book-to-bill \u00bb de 121% et refl\u00e8te un niveau de demande client prometteur pour les trimestres \u00e0 venir.<\/p>\n\n\n\n<p>La <strong>marge op\u00e9rationnelle<\/strong><sup>*<\/sup> progresse de +8% en valeur \u00e0 1 879 millions d\u2019euros, soit un taux de 11,9% du chiffre d\u2019affaires. La contraction du taux de marge op\u00e9rationnelle par rapport \u00e0 l\u2019exercice 2019 est ainsi contenue \u00e0 40 points de base, une performance meilleure qu\u2019attendue puisque le Groupe visait une contraction comprise entre 60 et 90 points de base. Le Groupe d\u00e9montre ainsi le renforcement tr\u00e8s significatif de la r\u00e9silience de son mod\u00e8le op\u00e9rationnel depuis la crise de 2008-2009.<\/p>\n\n\n\n<p>Les <strong>autres produits et charges op\u00e9rationnels<\/strong> repr\u00e9sentent une charge nette de 377 millions d\u2019euros, en hausse de 69 millions d\u2019euros par rapport \u00e0 2019. Cette hausse s\u2019explique par la consolidation des autres charges<\/p>\n\n\n\n<p>op\u00e9rationnelles propres \u00e0 Altran mais aussi aux co\u00fbts d\u2019acquisition et d\u2019int\u00e9gration y aff\u00e9rant, qui n\u2019est que partiellement compens\u00e9e par la comptabilisation d\u2019une plus-value r\u00e9alis\u00e9e lors de la cession d\u2019Odigo intervenue en fin d\u2019ann\u00e9e.<\/p>\n\n\n\n<p>En cons\u00e9quence, le <strong>r\u00e9sultat d\u2019exploitation<\/strong> de Capgemini s\u2019inscrit en hausse de +5% \u00e0 1 502 millions d\u2019euros, soit 9,5% du chiffre d\u2019affaires.<\/p>\n\n\n\n<p>Le <strong>r\u00e9sultat financier<\/strong> repr\u00e9sente une charge de 147 millions d\u2019euros contre 79 millions d\u2019euros en 2019. Cette hausse est li\u00e9e aux co\u00fbts du financement mis en place pour l\u2019acquisition d\u2019Altran et de la dette auparavant port\u00e9e par cette soci\u00e9t\u00e9.<\/p>\n\n\n\n<p>La charge d\u2019<strong>imp\u00f4t <\/strong>s\u2019\u00e9l\u00e8ve \u00e0 400 millions d\u2019euros repr\u00e9sentant un taux effectif d\u2019imp\u00f4t de 29,5%. Hors \u00e9l\u00e9ments exceptionnels, le taux effectif d\u2019imp\u00f4t s\u2019\u00e9tablirait \u00e0 33,0% contre 32,6% en 2019.<\/p>\n\n\n\n<p>Le <strong>r\u00e9sultat net part du Groupe<\/strong> enregistre une hausse de 12% sur un an pour s\u2019\u00e9tablir \u00e0 957 millions d\u2019euros. Le <strong>b\u00e9n\u00e9fice par action (non dilu\u00e9)<\/strong> est en hausse de 11% sur un an \u00e0 5,71 euros tandis que le <strong>r\u00e9sultat normalis\u00e9 par action<\/strong><sup>*<\/sup> progresse de 14% \u00e0 7,28 euros. Hors impact transitoire de la r\u00e9forme fiscale aux Etats-Unis, le r\u00e9sultat normalis\u00e9 par action progresse de 7% \u00e0 7,23&nbsp;euros.<\/p>\n\n\n\n<p>La g\u00e9n\u00e9ration de <strong><em>free cash-flow <\/em>organique<\/strong><sup>*<\/sup> a atteint un niveau remarquable \u00e0 1&nbsp;119&nbsp;millions d\u2019euros, d\u00e9passant largement les 900 millions d\u2019euros vis\u00e9s pour l\u2019ann\u00e9e 2020. Retrait\u00e9 du d\u00e9nouement du programme de factoring d\u2019Altran pour 225 millions d\u2019euros, ce montant est en hausse par rapport au niveau record de 1&nbsp;288&nbsp;millions d\u2019euros atteint en 2019 ce qui t\u00e9moigne de la force du mod\u00e8le \u00e9conomique du Groupe.<\/p>\n\n\n\n<p>Capgemini a consacr\u00e9 en 2020 un montant net de 2&nbsp;999 millions d\u2019euros \u00e0 ses op\u00e9rations de croissance externe. Ce montant correspond pour l\u2019essentiel au montant d\u00e9bours\u00e9 sur l\u2019exercice 2020 dans le cadre de l\u2019acquisition d\u2019Altran (cf. section sp\u00e9cifique ci-dessous) diminu\u00e9 du montant net re\u00e7u lors de la cession d\u2019Odigo. Le 7<sup>\u00e8me<\/sup> plan d\u2019actionnariat salari\u00e9 a donn\u00e9 lieu \u00e0 une augmentation de capital d\u2019un montant brut de 279 millions d\u2019euros. Par ailleurs le Groupe a vers\u00e9 226&nbsp;millions d\u2019euros de dividendes (correspondant \u00e0 1,35 euro par action, apr\u00e8s r\u00e9duction de 29% par rapport \u00e0 la proposition initiale d\u00e9cid\u00e9e par le Conseil d\u2019administration dans le cadre des mesures de solidarit\u00e9) et allou\u00e9 519 millions d\u2019euros aux rachats d\u2019actions.<\/p>\n\n\n\n<p>Le Conseil d\u2019Administration a d\u00e9cid\u00e9 de proposer \u00e0 l\u2019Assembl\u00e9e G\u00e9n\u00e9rale du 20 mai 2021 le versement d\u2019un dividende de 1,95 euro par action. Le taux de distribution du r\u00e9sultat net, part du Groupe, s\u2019\u00e9tablirait ainsi \u00e0 35% conform\u00e9ment \u00e0 la politique de distribution du Groupe.<\/p>\n\n\n\n<h2 class=\"wp-block-heading\" id=\"h-evolution-de-l-activite-par-region\"><strong>\u00c9VOLUTION DE L\u2019ACTIVIT\u00c9 PAR REGION<\/strong><\/h2>\n\n\n\n<figure class=\"wp-block-image\"><img decoding=\"async\" src=\"https:\/\/www.capgemini.com\/ca-fr\/wp-content\/uploads\/sites\/2\/2021\/02\/fy-2.jpg?w=907\" alt=\"\" class=\"wp-image-165808\"\/><\/figure>\n\n\n\n<ul class=\"wp-block-list\">\n<li><strong>Au 4<sup>\u00e8me<\/sup> trimestre&nbsp;:<\/strong><\/li>\n<\/ul>\n\n\n\n<p>Le chiffre d\u2019affaires du 4<sup>\u00e8me<\/sup> trimestre s\u2019\u00e9tablit \u00e0 4 259 millions d\u2019euros, soit une hausse de +20,8% \u00e0 taux de change constants par rapport \u00e0 la m\u00eame p\u00e9riode en 2019, refl\u00e9tant en premier lieu l\u2019int\u00e9gration d\u2019Altran dans le p\u00e9rim\u00e8tre de consolidation.<\/p>\n\n\n\n<p>Capgemini enregistre une nouvelle am\u00e9lioration s\u00e9quentielle, en ligne avec ses attentes, de la croissance annuelle \u00e0 taux de change constants. L\u2019\u00e9volution des croissances \u00e0 taux de change constants par r\u00e9gion, d\u00e9taill\u00e9es dans le tableau ci-dessus, refl\u00e8te les dynamiques organiques sous-jacentes (i.e. \u00e0 taux de change et p\u00e9rim\u00e8tre constants).<\/p>\n\n\n\n<p>Ainsi, au 4<sup>\u00e8me<\/sup> trimestre 2020, par rapport \u00e0 la m\u00eame p\u00e9riode de 2019 et sur une base organique, la r\u00e9gion <strong>Royaume-Uni et Irlande<\/strong> (10% du chiffre d\u2019affaires du Groupe au 4<sup>\u00e8me<\/sup> trimestre 2020) a renou\u00e9 avec la croissance. La r\u00e9gion <strong>Am\u00e9rique du Nord<\/strong> (29% du Groupe) a poursuivi son redressement avec une contraction d\u00e9sormais modeste de son activit\u00e9. La <strong>France <\/strong>(23% du Groupe) a enregistr\u00e9 la contraction organique la plus marqu\u00e9e, mais a \u00e9galement poursuivi l\u2019am\u00e9lioration engag\u00e9e au trimestre pr\u00e9c\u00e9dent. Enfin la r\u00e9gion <strong>Reste de l\u2019Europe<\/strong> (31% du Groupe) est rest\u00e9e quasi stable, tandis que la r\u00e9gion <strong>Asie-Pacifique et Am\u00e9rique latine<\/strong> (7% du Groupe) affiche une croissance organique toujours solide, bien qu\u2019en retrait par rapport au 3<sup>\u00e8me<\/sup> trimestre.<\/p>\n\n\n\n<p>Si la performance des secteurs est rest\u00e9e contrast\u00e9e, la plupart ont enregistr\u00e9 une nouvelle am\u00e9lioration s\u00e9quentielle de leur activit\u00e9 au cours du 4<sup>\u00e8me<\/sup> trimestre. Ainsi, sur une base organique&nbsp;: les Services financiers (24% du chiffre d\u2019affaires du Groupe au 4<sup>\u00e8me<\/sup> trimestre 2020) ont vu leur croissance se renforcer par rapport \u00e0 celle enregistr\u00e9e au 3<sup>\u00e8me<\/sup> trimestre. Les TMT (T\u00e9l\u00e9coms, M\u00e9dia et Technologie, 13% du Groupe) ont \u00e9galement poursuivi leur redressement en retrouvant une l\u00e9g\u00e8re croissance positive au cours du dernier trimestre de l\u2019ann\u00e9e, tandis que le secteur public (13% du Groupe) a maintenu pour sa part une croissance tr\u00e8s dynamique. Les secteurs des Biens de consommation (12% du Groupe) et de l\u2019Energie et Utilities (10% du Groupe) ont enregistr\u00e9 au 4<sup>\u00e8me<\/sup> trimestre une contraction de leur activit\u00e9 moins importante que celles qu\u2019ils avaient subies lors des deux trimestres pr\u00e9c\u00e9dents. Enfin, l\u2019Industrie (22% du Groupe) et les Services (6% du Groupe, qui recouvrent notamment les transports et le tourisme), affichent toujours un recul de leur activit\u00e9 au 4<sup>\u00e8me<\/sup> trimestre.<\/p>\n\n\n\n<ul class=\"wp-block-list\">\n<li><strong>Sur l\u2019ensemble de l\u2019ann\u00e9e :<\/strong><\/li>\n<\/ul>\n\n\n\n<p>Le chiffre d\u2019affaires de la r\u00e9gion <strong>Am\u00e9rique du Nord<\/strong> affiche une hausse de +7,9% \u00e0 taux de change constants. Cette progression est port\u00e9e par la contribution d\u2019Altran au chiffre d\u2019affaires, principalement visible dans le secteur des TMT. Les Services financiers ont \u00e9t\u00e9 particuli\u00e8rement dynamiques en fin d\u2019ann\u00e9e et affichent une croissance organique pour l\u2019ensemble de l\u2019exercice. Le taux de marge op\u00e9rationnelle poursuit son am\u00e9lioration pour s\u2019\u00e9tablir \u00e0 14,8%, contre 13,9% en 2019.<\/p>\n\n\n\n<p>La r\u00e9gion <strong>Royaume-Uni &amp; Irlande<\/strong> enregistre une progression de son chiffre d\u2019affaires de +6,7% \u00e0 taux de change constants, sous l\u2019effet de l\u2019int\u00e9gration d\u2019Altran (dans l\u2019Industrie et les TMT) et de la robuste dynamique maintenue au cours de l\u2019exercice dans le secteur public sur une base organique. Le taux de marge op\u00e9rationnelle de la r\u00e9gion progresse encore \u00e0 15,5% contre 15,2% un an plus t\u00f4t.<\/p>\n\n\n\n<p>La <strong>France<\/strong> voit son chiffre d\u2019affaires progresser de +14,2% \u00e0 taux de change constants sur la p\u00e9riode avec la consolidation du chiffre d\u2019affaires d\u2019Altran, particuli\u00e8rement sensible dans l\u2019Industrie, les TMT et le secteur Energie &amp; <em>Utilities<\/em>. Sur une base organique, l\u2019Industrie a \u00e9t\u00e9 le secteur le plus affect\u00e9 par le ralentissement de l\u2019activit\u00e9 au cours de l\u2019ann\u00e9e \u00e9coul\u00e9e. A l\u2019inverse, le secteur public a maintenu une croissance solide tout au long de l\u2019ann\u00e9e. Au sein du Groupe, la France est la r\u00e9gion qui enregistre l\u2019impact le plus sensible de la pand\u00e9mie, notamment du fait d\u2019un mix de secteurs et de m\u00e9tiers d\u00e9favorable. Elle enregistre une contraction marqu\u00e9e de son chiffre d\u2019affaires en 2020 \u00e0 p\u00e9rim\u00e8tre constant, ainsi que de sa marge op\u00e9rationnelle qui recule de 3,4 points par rapport \u00e0 l\u2019ann\u00e9e pr\u00e9c\u00e9dente pour s\u2019\u00e9tablir \u00e0 8,7%.<\/p>\n\n\n\n<p>La r\u00e9gion <strong>Reste de l\u2019Europe<\/strong> affiche, avec l\u2019apport du chiffre d\u2019affaires d\u2019Altran, une progression de +23,7% \u00e0 taux de change constants. L\u2019activit\u00e9 est rest\u00e9e quasi-stable en 2020 sur une base organique, soutenue par un Secteur public et des TMT bien orient\u00e9s. La r\u00e9gion enregistre un l\u00e9ger tassement de sa marge op\u00e9rationnelle, qui s\u2019\u00e9l\u00e8ve \u00e0 11,4% contre 11,8% un an plus t\u00f4t.<\/p>\n\n\n\n<p>Enfin, la r\u00e9gion <strong>Asie-Pacifique et Am\u00e9rique latine<\/strong> reste dynamique avec une hausse de +12,2% de son chiffre d\u2019affaires \u00e0 taux de change constants, une performance d\u2019autant plus notable que l\u2019impact de l\u2019int\u00e9gration d\u2019Altran est plus limit\u00e9 dans cette r\u00e9gion. La r\u00e9gion enregistre \u00e0 nouveau une belle croissance organique, principalement port\u00e9e par le dynamisme des Services financiers, ainsi que des Services et des TMT dans une moindre mesure. Le taux de marge op\u00e9rationnelle de la r\u00e9gion s\u2019inscrit en progression sensible \u00e0 13,0% contre 11,2% en 2019.<\/p>\n\n\n\n<h2 class=\"wp-block-heading\" id=\"h-evolution-de-l-activite-par-metier\"><strong>EVOLUTION DE L\u2019ACTIVIT\u00c9 PAR M\u00c9TIER<\/strong><\/h2>\n\n\n\n<figure class=\"wp-block-image\"><img decoding=\"async\" src=\"https:\/\/www.capgemini.com\/ca-fr\/wp-content\/uploads\/sites\/2\/2021\/02\/fy-3.jpg?w=900\" alt=\"\" class=\"wp-image-165809\"\/><\/figure>\n\n\n\n<ul class=\"wp-block-list\">\n<li><strong>Au 4<sup>\u00e8me<\/sup> trimestre&nbsp;:<\/strong><\/li>\n<\/ul>\n\n\n\n<p>Les taux de croissance annuels de chacun des m\u00e9tiers du Groupe ont poursuivi leur am\u00e9lioration s\u00e9quentielle au 4<sup>\u00e8me<\/sup> trimestre sur une base organique, c\u2019est-\u00e0-dire \u00e0 taux de change et p\u00e9rim\u00e8tre constants.<\/p>\n\n\n\n<p>Ainsi sur une base organique&nbsp;: l\u2019activit\u00e9 de conseil en <strong>Strat\u00e9gie<\/strong> et <strong>Transformation<\/strong> (7% du chiffre d\u2019affaires du Groupe au 4<sup>\u00e8me<\/sup> trimestre 2020) enregistre une moindre contraction de son chiffre d\u2019affaires total<sup>*<\/sup> que lors des deux trimestres pr\u00e9c\u00e9dents. Les services d\u2019<strong>Applications<\/strong> et de <strong>Technologie<\/strong> (60% du Groupe), qui constituent le c\u0153ur de l\u2019activit\u00e9 du Groupe, enregistrent un nouveau renforcement s\u00e9quentiel avec une activit\u00e9 quasiment stable. Les m\u00e9tiers d\u2019<strong>Op\u00e9rations<\/strong> et d\u2019<strong>Ing\u00e9nierie<\/strong> (33% du Groupe) poursuivent \u00e9galement leur redressement, port\u00e9s par une acc\u00e9l\u00e9ration de la croissance tant dans les services d\u2019Op\u00e9rations (les services d\u2019infrastructure et de cloud, et les <em>Business <\/em>Services) que dans les m\u00e9tiers d\u2019Ing\u00e9nierie qui voient leur recul se r\u00e9duire tr\u00e8s progressivement.<\/p>\n\n\n\n<ul class=\"wp-block-list\">\n<li><strong>Sur l\u2019ensemble de l\u2019ann\u00e9e :<\/strong><\/li>\n<\/ul>\n\n\n\n<p>Les activit\u00e9s de conseil en <strong>Strat\u00e9gie<\/strong> et <strong>Transformation<\/strong>, ont b\u00e9n\u00e9fici\u00e9 de l\u2019int\u00e9gration des services de conseil \u00e0 forte valeur ajout\u00e9e d\u00e9velopp\u00e9s par Altran ces derni\u00e8res ann\u00e9es et enregistrent ainsi une hausse de +11,0% \u00e0 taux de change constants de leur chiffre d\u2019affaires total.<\/p>\n\n\n\n<p>Les services d\u2019<strong>Applications <\/strong>et de<strong> Technologie<\/strong> voient leur chiffre d\u2019affaires total reculer l\u00e9g\u00e8rement, de -0,2% \u00e0 taux de change constants. L\u2019impact de l\u2019acquisition d\u2019Altran sur la croissance \u00e0 taux de change constants est limit\u00e9 dans cette ligne de service.<\/p>\n\n\n\n<p>Enfin, le chiffre d\u2019affaires total des services d\u2019<strong>Op\u00e9rations<\/strong> et d\u2019<strong>Ing\u00e9nierie<\/strong> affiche une croissance de +55,5% \u00e0 taux de change constants avec l\u2019int\u00e9gration d\u2019Altran, dont l\u2019essentiel des activit\u00e9s rel\u00e8vent de l\u2019Ing\u00e9nierie.<\/p>\n\n\n\n<h2 class=\"wp-block-heading\" id=\"h-evolution-des-effectifs\"><strong>\u00c9VOLUTION DES EFFECTIFS<\/strong><\/h2>\n\n\n\n<p>Au 31 d\u00e9cembre 2020, l\u2019effectif total du Groupe s\u2019\u00e9tablit \u00e0 269 800 personnes, en hausse de +23% sur un an principalement sous l\u2019effet de l\u2019int\u00e9gration des collaborateurs d\u2019Altran. Les effectifs <em>offshore<\/em> repr\u00e9sentent plus de 145 000 collaborateurs, soit 54% de l\u2019effectif total.<\/p>\n\n\n\n<p>Apr\u00e8s avoir enregistr\u00e9 une l\u00e9g\u00e8re baisse de ses effectifs au cours des 2<sup>\u00e8me<\/sup> et 3<sup>\u00e8me<\/sup> trimestres, le Groupe a renou\u00e9 avec des recrutements nets positifs au 4<sup>\u00e8me<\/sup> trimestre 2020.<\/p>\n\n\n\n<h2 class=\"wp-block-heading\" id=\"h-bilan\"><strong>BILAN<\/strong><\/h2>\n\n\n\n<p>La structure du bilan de Capgemini a sensiblement \u00e9volu\u00e9 au cours de l\u2019exercice \u00e9coul\u00e9 avec l\u2019acquisition d\u2019Altran, pour une valeur d\u2019entreprise de 5,2 milliards d\u2019euros.<\/p>\n\n\n\n<p>L\u2019acquisition des titres Altran ayant \u00e9t\u00e9 effectu\u00e9e en deux \u00e9tapes distinctes (avant et apr\u00e8s la prise de contr\u00f4le intervenue le 13 mars 2020), cette transaction a contribu\u00e9 en 2020 pour 2,6 milliards d\u2019euros \u00e0 la hausse des \u00e9carts d\u2019acquisition (9,8 milliards d\u2019euros \u00e0 la cl\u00f4ture contre 7,7 milliards d\u2019euros \u00e0 l\u2019ouverture), \u00e0 la comptabilisation de nouveaux actifs incorporels pour 0,5 milliard d\u2019euros (1,1 milliards d\u2019euros \u00e0 la cl\u00f4ture contre 0,6 milliard d\u2019euros \u00e0 l\u2019ouverture) et \u00e0 la baisse des capitaux propres pour 2,1 milliards d\u2019euros (6,1 milliards d\u2019euros \u00e0 la cl\u00f4ture contre 8,4 milliards d\u2019euros \u00e0 l\u2019ouverture).<\/p>\n\n\n\n<p>Le financement de l\u2019acquisition d\u2019Altran a \u00e9t\u00e9 r\u00e9alis\u00e9 conform\u00e9ment au plan pr\u00e9sent\u00e9 en juin 2019, \u00e0 hauteur de 5,4 milliards d\u2019euros (couvrant 3,7 milliards d\u2019euros pour l\u2019achat des titres et 1,7 milliard d\u2019euros de dette brute port\u00e9e par Altran). Capgemini a mobilis\u00e9 sa tr\u00e9sorerie disponible pour environ 1,0 milliard d\u2019euros (dont 0,4&nbsp;milliard d\u2019euros pour l\u2019achat d\u2019un bloc de titres r\u00e9alis\u00e9 en 2019) et a proc\u00e9d\u00e9 \u00e0 des \u00e9missions obligataires pour le solde.<\/p>\n\n\n\n<p>Le Groupe a ainsi \u00e9mis en avril 2020 un emprunt obligataire multi-tranches pour un total de 3,5 milliards d\u2019euros dont 2,8 milliards d\u2019euros ont \u00e9t\u00e9 utilis\u00e9s pour le financement de l\u2019acquisition<a href=\"#_ftn1\">[1]<\/a>. Puis, le refinancement des pr\u00eats \u00e0 terme d\u2019Altran a \u00e9t\u00e9 effectu\u00e9 en juin 2020 au travers d\u2019une seconde \u00e9mission obligataire multi-tranches pour un montant de 1,6 milliard d\u2019euros. Ces op\u00e9rations de refinancement ont permis de porter \u00e0 6 ans la maturit\u00e9 moyenne de la dette obligataire du Groupe, qui pr\u00e9sente un co\u00fbt moyen faible de 1,8%.<\/p>\n\n\n\n<p>Au 31 d\u00e9cembre 2020, le Groupe dispose \u00e0 son bilan d\u2019une tr\u00e9sorerie et d\u2019actifs de gestion de tr\u00e9sorerie pour un montant total de 3,2&nbsp;milliards d\u2019euros. Compte tenu de la dette financi\u00e8re de 8,1 milliards d\u2019euros et des instruments d\u00e9riv\u00e9s, l\u2019endettement net<sup>*<\/sup> du Groupe au 31 d\u00e9cembre 2020 s\u2019\u00e9l\u00e8ve \u00e0 4,9 milliards d\u2019euros, contre 0,6 milliard d\u2019euros au 31 d\u00e9cembre 2019. Les effets combin\u00e9s de la g\u00e9n\u00e9ration de free cash-flow organique plus importante qu\u2019anticip\u00e9e et du produit de cession d\u2019Odigo ont contribu\u00e9 \u00e0 r\u00e9duire l\u2019impact de l\u2019acquisition d\u2019Altran sur l\u2019endettement net du Groupe.<\/p>\n\n\n\n<h2 class=\"wp-block-heading\" id=\"h-acquisition-et-integration-d-altran-technologies\"><strong>ACQUISITION ET INTEGRATION D\u2019ALTRAN TECHNOLOGIES<\/strong><\/h2>\n\n\n\n<p>Pour m\u00e9moire, apr\u00e8s la prise de contr\u00f4le d\u2019Altran intervenue le 13 mars 2020, Capgemini a effectu\u00e9 une nouvelle ouverture de l\u2019offre publique d\u2019achat amicale dont le succ\u00e8s a permis la mise en \u0153uvre en avril 2020 d\u2019une proc\u00e9dure de retrait obligatoire portant sur les actions Altran non encore d\u00e9tenues. A l\u2019issue de cette proc\u00e9dure, Capgemini d\u00e9tient 100% du capital et des droits de vote de la soci\u00e9t\u00e9 Altran Technologies, qui est enti\u00e8rement int\u00e9gr\u00e9e dans le p\u00e9rim\u00e8tre de consolidation de Capgemini depuis le 1<sup>er<\/sup> avril 2020.<\/p>\n\n\n\n<p>Engag\u00e9 d\u00e8s la prise de contr\u00f4le effective d\u2019Altran, le processus d\u2019int\u00e9gration se d\u00e9roule conform\u00e9ment aux attentes du Groupe et a notamment conduit \u00e0 la mise en place au 1<sup>er<\/sup> janvier 2021 d\u2019une organisation op\u00e9rationnelle int\u00e9gr\u00e9e. Par ailleurs Capgemini a lanc\u00e9 au second semestre 2020 ses trois premi\u00e8res offres dans le domaine de l\u2019\u00ab&nbsp;<em>Intelligent Industry<\/em>&nbsp;\u00bb ax\u00e9es sur la&nbsp;<a href=\"https:\/\/www.capgemini.com\/ca-fr\/news\/capgemini-devoile-une-premiere-serie-doffres-dediees-a-l-intelligent-industry-autour-de-la-5g-et-de-ledge-permettant-la-transformation-des-entreprises-par-les-donnees\/\">5G et l\u2019<em>Edge computing<\/em><\/a>, la&nbsp;<a href=\"https:\/\/www.capgemini.com\/ca-fr\/news\/capgemini-lance-sa-deuxieme-serie-doffres-dediees-a-l-intelligent-industry\/\">validation et la v\u00e9rification des syst\u00e8mes de pilotage autonomes<\/a>&nbsp;et la&nbsp;<a href=\"https:\/\/www.capgemini.com\/ca-fr\/service\/intelligent-industry\/la-rd-basee-sur-les-donnees-dans-les-sciences-de-la-vie\/\">R&amp;D bas\u00e9e sur les donn\u00e9es pour les sciences de la vie<\/a>.<\/p>\n\n\n\n<p>Comme annonc\u00e9 lors de la publication des r\u00e9sultats du 1<sup>er<\/sup> semestre 2020, Capgemini estime \u00eatre en mesure d\u2019atteindre d\u00e8s juin 2021, en rythme annualis\u00e9, les deux tiers des synergies de co\u00fbts et de mod\u00e8les op\u00e9rationnels estim\u00e9es entre 70 et 100&nbsp;millions d\u2019euros avant imp\u00f4ts en ann\u00e9e pleine. De m\u00eame, le Groupe est confiant dans sa capacit\u00e9 \u00e0 r\u00e9aliser les synergies commerciales annonc\u00e9es lors de l\u2019acquisition, soit un chiffre d\u2019affaires annuel additionnel compris entre 200 et 350 millions d\u2019euros \u00e0 un horizon de 3 ans.<\/p>\n\n\n\n<h2 class=\"wp-block-heading\" id=\"h-responsabilite-sociale-et-environnementale\"><strong>RESPONSABILITE SOCIALE ET ENVIRONNEMENTALE<\/strong><\/h2>\n\n\n\n<p>Dans un contexte \u00e9conomique et sanitaire sans pr\u00e9c\u00e9dent, Capgemini a eu \u00e0 c\u0153ur de renforcer ses ambitions et initiatives en mati\u00e8re de responsabilit\u00e9 sociale et environnementale.<\/p>\n\n\n\n<p>Plus que jamais conscient de la n\u00e9cessit\u00e9 d\u2019agir pour faire face au changement climatique, le Groupe a ainsi annonc\u00e9 en juillet 2020 son engagement d\u2019atteindre la neutralit\u00e9 carbone de ses op\u00e9rations au plus tard en 2025, et l\u2019objectif \u00ab z\u00e9ro \u00e9mission nette \u00bb d\u2019ici 2030. Ces objectifs ont \u00e9t\u00e9 valid\u00e9s par l\u2019organisation \u00ab <em>Science-Based Targets initiative<\/em> \u00bb comme \u00e9tant align\u00e9s sur le sc\u00e9nario d\u2019un r\u00e9chauffement climatique limit\u00e9 \u00e0 1,5 \u00b0C d\u2019ici 2050. L\u2019objectif pr\u00e9c\u00e9dent de Capgemini, fix\u00e9 en 2015, visait \u00e0 r\u00e9duire les \u00e9missions de carbone de 30% par collaborateur \u00e0 l\u2019horizon 2030, et a \u00e9t\u00e9 atteint d\u00e8s janvier 2020 avec pr\u00e8s d\u2019une d\u00e9cennie d\u2019avance. De plus, Capgemini s\u2019est fix\u00e9 comme objectif une r\u00e9duction des \u00e9missions de carbone de ses clients \u00e0 hauteur de 10&nbsp;millions de tonnes \u00e0 horizon 2030, soit plus de 20 fois les propres \u00e9missions du Groupe.<\/p>\n\n\n\n<p>Par ailleurs, le Groupe a veill\u00e9 \u00e0 pr\u00e9server ses employ\u00e9s, tant en termes de pr\u00e9cautions sanitaires mises en place que de mesures destin\u00e9es \u00e0 montrer son soutien et sa solidarit\u00e9. A ce titre, Capgemini a notamment maintenu les mesures de promotion et d\u2019ajustement salarial d\u00e9cid\u00e9es avant la pand\u00e9mie, et n\u2019a pas proc\u00e9d\u00e9 \u00e0 des ajustements significatifs de ses effectifs<em> onshore<\/em> ou <em>offshore<\/em>. En parall\u00e8le, le Groupe a accentu\u00e9 ses efforts en mati\u00e8re d\u2019engagement envers ses collaborateurs au travers de Pulse, son dispositif d\u2019\u00e9coute en continu, qui inclut des questions fr\u00e9quentes sur le sentiment de bien-\u00eatre et de suret\u00e9 psychologique. Cette d\u00e9marche a \u00e9t\u00e9 accompagn\u00e9e par la mise en place d\u2019un programme d\u00e9nomm\u00e9 <em>Connected Managers<\/em>, visant \u00e0 partager les meilleurs pratiques notamment en mati\u00e8re de soutien des collaborateurs et de maintien du lien social, ainsi que par le renforcement de la gestion individuelle et locale des risques psycho-sociaux.<\/p>\n\n\n\n<p>Le Groupe s\u2019est \u00e9galement associ\u00e9 en juin 2020 avec Coursera, acteur mondial de la formation en ligne, pour lancer NEXT, une plateforme d\u2019apprentissage num\u00e9rique qui permet \u00e0 l\u2019ensemble de ses collaborateurs d\u2019acc\u00e9der \u00e0 plus de 4 000 cours dispens\u00e9s par les meilleures universit\u00e9s et organismes de formation. Cette initiative majeure en mati\u00e8re de formation \u2013 pilier fondamental du Groupe dans sa strat\u00e9gie de gestion du capital humain \u2013 permettra \u00e0 tous ses employ\u00e9s non seulement de renforcer leurs comp\u00e9tences dans un environnement en constante \u00e9volution, mais \u00e9galement de construire leur propre parcours de d\u00e9veloppement professionnel et personnel.<\/p>\n\n\n\n<p>Enfin, Capgemini a poursuivi ses progr\u00e8s en 2020 au regard des autres piliers de sa strat\u00e9gie en mati\u00e8re de responsabilit\u00e9 sociale&nbsp;: la part des femmes dans ses effectifs mondiaux s\u2019\u00e9l\u00e8ve \u00e0 33,7% \u00e0 fin 2020 (34,9% sur le p\u00e9rim\u00e8tre hors Altran, soit une progression de pr\u00e8s de 2 points par rapport \u00e0 2019), et 28% au sein de son Comit\u00e9 Ex\u00e9cutif (en progression de 4 points depuis 2018). Par ailleurs, plus de 300&nbsp;000 personnes ont b\u00e9n\u00e9fici\u00e9 l\u2019ann\u00e9e derni\u00e8re des initiatives du Groupe en mati\u00e8re d\u2019inclusion digitale.<\/p>\n\n\n\n<h2 class=\"wp-block-heading\" id=\"h-perspectives\"><strong>PERSPECTIVES<\/strong><\/h2>\n\n\n\n<p>Dans un environnement qui s\u2019am\u00e9liore mais reste incertain, le Groupe vise pour 2021&nbsp;:<\/p>\n\n\n\n<ul class=\"wp-block-list\">\n<li>Une croissance \u00e0 taux de change constants comprise entre +7,0% et +9,0% ;<\/li>\n\n\n\n<li>Une marge op\u00e9rationnelle comprise entre 12,2% et 12,4%, soit au niveau de 2019 ;<\/li>\n\n\n\n<li>Une g\u00e9n\u00e9ration de free cash-flow organique sup\u00e9rieure \u00e0&nbsp;1&nbsp;300&nbsp;millions d\u2019euros.<\/li>\n<\/ul>\n\n\n\n<p>La contribution des variations de p\u00e9rim\u00e8tre \u00e0 la croissance est estim\u00e9e \u00e0 environ 4,5 points.<\/p>\n\n\n\n<h2 class=\"wp-block-heading\" id=\"h-conference-telephonique\"><strong>CONF\u00c9RENCE T\u00c9L\u00c9PHONIQUE<\/strong><\/h2>\n\n\n\n<p>Aiman Ezzat, Directeur g\u00e9n\u00e9ral, et Carole Ferrand, Directeur financier, commenteront cette publication au cours d\u2019une conf\u00e9rence t\u00e9l\u00e9phonique qui se d\u00e9roulera en anglais <strong>ce jour \u00e0 18h45 heure de Paris&nbsp;(CET)<\/strong>. Cette conf\u00e9rence t\u00e9l\u00e9phonique sera accessible par webcast, en direct et en rediffusion pendant un an, depuis ce <a href=\"https:\/\/edge.media-server.com\/mmc\/p\/22ctjp2q\">lien<\/a>.<\/p>\n\n\n\n<p>L\u2019ensemble des documents relatifs \u00e0 cette publication sera mis en ligne sur le site internet d\u00e9di\u00e9 aux investisseurs de Capgemini \u00e0 l\u2019adresse <a href=\"https:\/\/investors.capgemini.com\/fr\/\">https:\/\/investors.capgemini.com\/fr\/<\/a>.<\/p>\n\n\n\n<h2 class=\"wp-block-heading\" id=\"h-calendrier-previsionnel\"><strong>CALENDRIER PR\u00c9VISIONNEL<\/strong><\/h2>\n\n\n\n<p>31 mars 2021 \u2013&nbsp; <em>Capital Markets Day<\/em><\/p>\n\n\n\n<p>29 avril 2021 \u2013 Chiffre d\u2019affaires du 1<sup>er<\/sup> trimestre 2021<\/p>\n\n\n\n<p>20 mai 2021 \u2013 Assembl\u00e9 G\u00e9n\u00e9rale Mixte<\/p>\n\n\n\n<p>28 juillet 2021 \u2013 R\u00e9sultats du 1<sup>er<\/sup> semestre 2021<\/p>\n\n\n\n<p>Le calendrier relatif au paiement du dividende qui est soumis \u00e0 l\u2019approbation de l\u2019Assembl\u00e9e G\u00e9n\u00e9rale serait :<\/p>\n\n\n\n<p>2 juin 2021 \u2013 D\u00e9tachement du coupon sur Euronext Paris<\/p>\n\n\n\n<p>4 juin 2021 \u2013 Mise en paiement du dividende<\/p>\n\n\n\n<h2 class=\"wp-block-heading\" id=\"h-avertissement\"><strong>AVERTISSEMENT<\/strong><\/h2>\n\n\n\n<p>Le pr\u00e9sent communiqu\u00e9 de presse est susceptible de contenir des informations prospectives. Ces informations peuvent comprendre des projections, des estimations, des hypoth\u00e8ses, des informations concernant des projets, des objectifs, des intentions et\/ou des attentes portant sur des r\u00e9sultats financiers futurs, des \u00e9v\u00e8nements, des op\u00e9rations, le d\u00e9veloppement de services et de produits futurs, ainsi que des informations relatives \u00e0 des performances ou \u00e0 des \u00e9v\u00e8nements futurs. Ces informations prospectives sont g\u00e9n\u00e9ralement reconnaissables \u00e0 l\u2019emploi des termes \u00ab&nbsp;s\u2019attendre \u00e0&nbsp;\u00bb, \u00ab&nbsp;anticiper&nbsp;\u00bb, \u00ab&nbsp;penser que&nbsp;\u00bb, \u00ab&nbsp;avoir l\u2019intention de&nbsp;\u00bb, \u00ab&nbsp;estimer&nbsp;\u00bb, \u00ab&nbsp;pr\u00e9voir&nbsp;\u00bb, \u00ab&nbsp;projeter&nbsp;\u00bb, \u00ab&nbsp;pourrait&nbsp;\u00bb, \u00ab&nbsp;devrait&nbsp;\u00bb ou \u00e0 l\u2019emploi de la forme n\u00e9gative de ces termes et \u00e0 d\u2019autres expressions de m\u00eame nature. La direction de Capgemini consid\u00e8re actuellement que ces informations prospectives traduisent des attentes raisonnables&nbsp;; la soci\u00e9t\u00e9 alerte cependant les investisseurs sur le fait que ces informations prospectives sont soumises \u00e0 des risques et&nbsp; incertitudes (y compris, notamment, les risques identifi\u00e9s dans le Document d\u2019Enregistrement Universel de Capgemini, disponible sur le site internet de Capgemini), \u00e9tant donn\u00e9 qu\u2019elles ont trait \u00e0 des \u00e9v\u00e8nements futurs et d\u00e9pendent des circonstances futures dont la r\u00e9alisation est incertaine et qui peuvent diff\u00e9rer de ceux anticip\u00e9s, souvent difficilement pr\u00e9visibles et g\u00e9n\u00e9ralement en dehors du contr\u00f4le de Capgemini. Les r\u00e9sultats et les \u00e9v\u00e8nements r\u00e9els sont susceptibles de diff\u00e9rer significativement, de ceux qui sont exprim\u00e9s, impliqu\u00e9s ou projet\u00e9s dans les informations prospectives. Les informations prospectives ne donnent aucune garantie de r\u00e9alisation d\u2019\u00e9v\u00e8nements ou de r\u00e9sultats futurs et n\u2019ont pas cette vocation. Capgemini ne prend aucun engagement de mettre \u00e0 jour ou de r\u00e9viser les informations prospectives sous r\u00e9serve de ses obligations l\u00e9gales.<\/p>\n\n\n\n<p>Le pr\u00e9sent communiqu\u00e9 de presse ne constitue pas une offre d\u2019instruments financiers au public et ne contient pas d\u2019invitation ou d\u2019incitation \u00e0 investir dans des instruments financiers en France, aux \u00c9tats-Unis ou n\u2019importe quel autre pays.<\/p>\n\n\n\n<h2 class=\"wp-block-heading\" id=\"h-a-propos-de-capgemini\"><strong>\u00c0 PROPOS DE CAPGEMINI<\/strong><\/h2>\n\n\n\n<p>Capgemini est un leader mondial, responsable et multiculturel, regroupant 270 000 personnes dans pr\u00e8s de 50 pays. Partenaire strat\u00e9gique des entreprises pour la transformation de leurs activit\u00e9s en tirant profit de toute la puissance de la technologie, le Groupe est guid\u00e9 au quotidien par sa raison d\u2019\u00eatre : lib\u00e9rer les \u00e9nergies humaines par la technologie pour un avenir inclusif et durable. Fort de plus de 50 ans d\u2019exp\u00e9rience et d\u2019une grande expertise des diff\u00e9rents secteurs d\u2019activit\u00e9, Capgemini est reconnu par ses clients pour r\u00e9pondre \u00e0 l\u2019ensemble de leurs besoins, de la strat\u00e9gie et du design jusqu\u2019au management des op\u00e9rations, en tirant parti des innovations dans les domaines en perp\u00e9tuelle \u00e9volution du cloud, de la data, de l\u2019Intelligence Artificielle, de la connectivit\u00e9, des logiciels, de l\u2019ing\u00e9nierie digitale et des plateformes. Le Groupe a r\u00e9alis\u00e9 un chiffre d\u2019affaires de 16 milliards d\u2019euros en 2020.<\/p>\n\n\n\n<p><em>Get the Future You Want <\/em><a href=\"#_ftn1\">**<\/a> | &lt;a href=&#8221;http:\/\/www.capgemini.com\/#_bl<\/p>\n\n\n<div class=\"wp-block-cg-blocks-cg-block-related-content\"><section class=\"relatedContentBlock\"><div class=\"container\"><div class=\"row\"><div class=\"content-title col-12 col-md-8\"><h2 class=\"related-content-heading\">Related News<\/h2><\/div><\/div><div class=\"row relatedContent\"><div class=\"col-lg-4 col-md-6 col-xs-12\">\n\t\t\t\t\t\t\t<div class=\"box\">\n\t\t\t\t\t\t\t\t<a aria-label=\"Lire la suite Chiffre d\u2019affaires du 1er trimestre 2026\" href=\"https:\/\/www.capgemini.com\/ca-fr\/actualites\/communiques-de-presse\/chiffre-daffaires-du-1er-trimestre-2026\/\" class=\"anchorWrapper\">\n\t\t\t\t\t\t\t\t\t<span class=\"box-tag\"><span>Actualit\u00e9s financi\u00e8res<\/span><\/span>\n\t\t\t\t\t\t\t\t\t<div class=\"box-title\"><h3 class=\"box-subtitle\">Chiffre d\u2019affaires du 1er trimestre 2026<\/h3><\/div>\n\t\t\t\t\t\t\t\t\t<div class=\"box-date\">\n\t\t\t\t\t\t\t\t\t\t<span>Apr 30, 2026<\/span>\n\t\t\t\t\t\t\t\t\t<\/div>\n\t\t\t\t\t\t\t\t\t<div class=\"box-bottom\">\n\t\t\t\t\t\t\t\t\t\t&lt;a class=&quot;link-download&quot; href=&quot;https:\/\/www.capgemini.com\/fr-fr\/wp-content\/uploads\/sites\/6\/2026\/04\/Capgemini_-_2026-04-30_-_Chiffre_d_affaires_du_1er_trimestre_2026.pdf&quot; aria-label=&quot;T\u00e9l\u00e9charger le communiqu\u00e9 de presse&quot; target=&quot;_blank&quot;  type=&quot;download&quot; title=&quot;Opens in a new window&quot;&gt;\n\t\t\t\t\t\t\t&lt;span&gt;T\u00e9l\u00e9charger le communiqu\u00e9 de presse&lt;\/span&gt;\n\t\t\t\t\t\t\t&lt;span&gt;237 KB PDF&lt;\/span&gt;\n\t\t\t\t\t\t&lt;\/a&gt;\n\t\t\t\t\t\t\t\t\t\t<a class=\"more\" aria-label=\"Lire la suite Chiffre d\u2019affaires du 1er trimestre 2026\" href=\"https:\/\/www.capgemini.com\/ca-fr\/actualites\/communiques-de-presse\/chiffre-daffaires-du-1er-trimestre-2026\/\">Lire la suite<\/a>\n\t\t\t\t\t\t\t\t\t<\/div>\n\t\t\t\t\t\t\t\t<\/a>\n\t\t\t\t\t\t\t<\/div>\n\t\t\t\t\t\t<\/div><div class=\"col-lg-4 col-md-6 col-xs-12\">\n\t\t\t\t\t\t\t<div class=\"box\">\n\t\t\t\t\t\t\t\t<a aria-label=\"Lire la suite Capgemini et McDonald\u2019s renouvellent leur partenariat strat\u00e9gique avec un accord mondial pluriannuel ax\u00e9 sur le d\u00e9ploiement de plateformes modernes et \u00e9volutives\" href=\"https:\/\/www.capgemini.com\/ca-fr\/actualites\/communiques-de-presse\/capgemini-et-mcdonalds-renouvellent-leur-partenariat-strategique-avec-un-accord-mondial-pluriannuel-axe-sur-le-deploiement-de-plateformes-modernes-et-evolutives\/\" class=\"anchorWrapper\">\n\t\t\t\t\t\t\t\t\t<span class=\"box-tag\"><span>Actualit\u00e9s client<\/span><\/span>\n\t\t\t\t\t\t\t\t\t<div class=\"box-title\"><h3 class=\"box-subtitle\">Capgemini et McDonald\u2019s renouvellent leur partenariat strat\u00e9gique avec un accord mondial pluriannuel ax\u00e9 sur le d\u00e9ploiement de plateformes modernes et \u00e9volutives<\/h3><\/div>\n\t\t\t\t\t\t\t\t\t<div class=\"box-date\">\n\t\t\t\t\t\t\t\t\t\t<span>Apr 15, 2026<\/span>\n\t\t\t\t\t\t\t\t\t<\/div>\n\t\t\t\t\t\t\t\t\t<div class=\"box-bottom\">\n\t\t\t\t\t\t\t\t\t\t&lt;a class=&quot;link-download&quot; href=&quot;https:\/\/www.capgemini.com\/fr-fr\/wp-content\/uploads\/sites\/6\/2026\/03\/2026_03_05_McDonalds_Capgemini_Press-Release_FR.pdf&quot; aria-label=&quot;T\u00e9l\u00e9charger le communiqu\u00e9 de presse&quot; target=&quot;_blank&quot;  type=&quot;download&quot; title=&quot;Opens in a new window&quot;&gt;\n\t\t\t\t\t\t\t&lt;span&gt;T\u00e9l\u00e9charger le communiqu\u00e9 de presse&lt;\/span&gt;\n\t\t\t\t\t\t\t&lt;span&gt;142 KB PDF&lt;\/span&gt;\n\t\t\t\t\t\t&lt;\/a&gt;\n\t\t\t\t\t\t\t\t\t\t<a class=\"more\" aria-label=\"Lire la suite Capgemini et McDonald\u2019s renouvellent leur partenariat strat\u00e9gique avec un accord mondial pluriannuel ax\u00e9 sur le d\u00e9ploiement de plateformes modernes et \u00e9volutives\" href=\"https:\/\/www.capgemini.com\/ca-fr\/actualites\/communiques-de-presse\/capgemini-et-mcdonalds-renouvellent-leur-partenariat-strategique-avec-un-accord-mondial-pluriannuel-axe-sur-le-deploiement-de-plateformes-modernes-et-evolutives\/\">Lire la suite<\/a>\n\t\t\t\t\t\t\t\t\t<\/div>\n\t\t\t\t\t\t\t\t<\/a>\n\t\t\t\t\t\t\t<\/div>\n\t\t\t\t\t\t<\/div><div class=\"col-lg-4 col-md-6 col-xs-12\">\n\t\t\t\t\t\t\t<div class=\"box\">\n\t\t\t\t\t\t\t\t<a aria-label=\"Lire la suite Capgemini et OpenAI unissent leurs forces pour acc\u00e9l\u00e9rer la nouvelle \u00e8re de transformation des entreprises par l\u2019IA avec la Frontier Alliance\" href=\"https:\/\/www.capgemini.com\/ca-fr\/actualites\/communiques-de-presse\/partenariat-avec-openai\/\" class=\"anchorWrapper\">\n\t\t\t\t\t\t\t\t\t<span class=\"box-tag\"><span>Partenariats<\/span><\/span>\n\t\t\t\t\t\t\t\t\t<div class=\"box-title\"><h3 class=\"box-subtitle\">Capgemini et OpenAI unissent leurs forces pour acc\u00e9l\u00e9rer la nouvelle \u00e8re de transformation des entreprises par l\u2019IA avec la Frontier Alliance<\/h3><\/div>\n\t\t\t\t\t\t\t\t\t<div class=\"box-date\">\n\t\t\t\t\t\t\t\t\t\t<span>Mar 22, 2026<\/span>\n\t\t\t\t\t\t\t\t\t<\/div>\n\t\t\t\t\t\t\t\t\t<div class=\"box-bottom\">\n\t\t\t\t\t\t\t\t\t\t&lt;a class=&quot;link-download&quot; href=&quot;https:\/\/www.capgemini.com\/wp-content\/uploads\/2026\/02\/02_23_Capgemini-News-Alert_OpenAI-Frontier-Alliance.pdf&quot; aria-label=&quot;T\u00e9l\u00e9charger le communiqu\u00e9 de presse&quot; target=&quot;_blank&quot;  type=&quot;download&quot; title=&quot;Opens in a new window&quot;&gt;\n\t\t\t\t\t\t\t&lt;span&gt;T\u00e9l\u00e9charger le communiqu\u00e9 de presse&lt;\/span&gt;\n\t\t\t\t\t\t\t&lt;span&gt;132 KB PDF&lt;\/span&gt;\n\t\t\t\t\t\t&lt;\/a&gt;\n\t\t\t\t\t\t\t\t\t\t<a class=\"more\" aria-label=\"Lire la suite Capgemini et OpenAI unissent leurs forces pour acc\u00e9l\u00e9rer la nouvelle \u00e8re de transformation des entreprises par l\u2019IA avec la Frontier Alliance\" href=\"https:\/\/www.capgemini.com\/ca-fr\/actualites\/communiques-de-presse\/partenariat-avec-openai\/\">Lire la suite<\/a>\n\t\t\t\t\t\t\t\t\t<\/div>\n\t\t\t\t\t\t\t\t<\/a>\n\t\t\t\t\t\t\t<\/div>\n\t\t\t\t\t\t<\/div><\/div><\/div><\/section><\/div><\/div><\/div><\/div><\/div><\/div><\/section>\n","protected":false},"excerpt":{"rendered":"","protected":false},"author":336,"featured_media":0,"template":"","meta":{"cg_dt_proposed_to":[],"cg_seo_hreflang_relations":"[]","cg_seo_canonical_relation":"","cg_seo_hreflang_x_default_relation":"{\"uuid\":\"f0c07a2e-c529-4995-894d-96a4c58c1656\",\"blogId\":\"\",\"domain\":\"\",\"sitePath\":\"\",\"postLink\":\"\",\"postId\":null,\"isSaved\":true,\"isCrossLink\":false,\"hasCrossLink\":false}","cg_dt_approved_content":true,"cg_dt_mandatory_content":false,"cg_dt_notes":"","cg_dg_source_changed":false,"cg_dt_link_disabled":false,"footnotes":"","related_resource_url":"https:\/\/www.capgemini.com\/ca-fr\/wp-content\/uploads\/sites\/21\/2022\/11\/Capgemini_-_2021-02-17_-_Resultats_2020.pdf","related_resource_id":3203,"related_resource_size":"278 KB","related_resource_type":"pdf","cg_author":0,"featured_focal_points":""},"tags":[],"press-release-type":[],"brand":[],"class_list":["post-3202","press-release","type-press-release","status-publish","hentry"],"yoast_head":"<!-- This site is optimized with the Yoast SEO Premium plugin v22.8 (Yoast SEO v22.8) - https:\/\/yoast.com\/wordpress\/plugins\/seo\/ -->\n<title>Une solide performance en 2020, confirmant la r\u00e9silience et l\u2019agilit\u00e9 du Groupe - Capgemini Canada French<\/title>\n<meta name=\"robots\" content=\"index, follow, max-snippet:-1, max-image-preview:large, max-video-preview:-1\" \/>\n<link rel=\"canonical\" href=\"https:\/\/www.capgemini.com\/ca-fr\/actualites\/communiques-de-presse\/une-solide-performance-en-2020-confirmant-la-resilience-et-lagilite-du-groupe\/\" \/>\n<meta property=\"og:locale\" content=\"fr_FR\" \/>\n<meta property=\"og:type\" content=\"article\" \/>\n<meta property=\"og:title\" content=\"Une solide performance en 2020, confirmant la r\u00e9silience et l\u2019agilit\u00e9 du Groupe\" \/>\n<meta property=\"og:url\" content=\"https:\/\/www.capgemini.com\/ca-fr\/actualites\/communiques-de-presse\/une-solide-performance-en-2020-confirmant-la-resilience-et-lagilite-du-groupe\/\" \/>\n<meta property=\"og:site_name\" content=\"Capgemini Canada French\" \/>\n<meta property=\"article:modified_time\" content=\"2025-03-30T05:41:49+00:00\" \/>\n<meta property=\"og:image\" content=\"https:\/\/www.capgemini.com\/ca-fr\/wp-content\/uploads\/sites\/2\/2021\/02\/fy-1.jpg?w=881\" \/>\n<meta name=\"twitter:card\" content=\"summary_large_image\" \/>\n<meta name=\"twitter:label1\" content=\"Est. reading time\" \/>\n\t<meta name=\"twitter:data1\" content=\"23 minutes\" \/>\n<script type=\"application\/ld+json\" class=\"yoast-schema-graph\">{\"@context\":\"https:\/\/schema.org\",\"@graph\":[{\"@type\":\"WebPage\",\"@id\":\"https:\/\/www.capgemini.com\/ca-fr\/actualites\/communiques-de-presse\/une-solide-performance-en-2020-confirmant-la-resilience-et-lagilite-du-groupe\/\",\"url\":\"https:\/\/www.capgemini.com\/ca-fr\/actualites\/communiques-de-presse\/une-solide-performance-en-2020-confirmant-la-resilience-et-lagilite-du-groupe\/\",\"name\":\"Une solide performance en 2020, confirmant la r\u00e9silience et l\u2019agilit\u00e9 du Groupe - Capgemini Canada French\",\"isPartOf\":{\"@id\":\"https:\/\/www.capgemini.com\/ca-fr\/#website\"},\"primaryImageOfPage\":{\"@id\":\"https:\/\/www.capgemini.com\/ca-fr\/actualites\/communiques-de-presse\/une-solide-performance-en-2020-confirmant-la-resilience-et-lagilite-du-groupe\/#primaryimage\"},\"image\":{\"@id\":\"https:\/\/www.capgemini.com\/ca-fr\/actualites\/communiques-de-presse\/une-solide-performance-en-2020-confirmant-la-resilience-et-lagilite-du-groupe\/#primaryimage\"},\"thumbnailUrl\":\"https:\/\/www.capgemini.com\/ca-fr\/wp-content\/uploads\/sites\/2\/2021\/02\/fy-1.jpg?w=881\",\"datePublished\":\"2021-02-17T12:29:00+00:00\",\"dateModified\":\"2025-03-30T05:41:49+00:00\",\"breadcrumb\":{\"@id\":\"https:\/\/www.capgemini.com\/ca-fr\/actualites\/communiques-de-presse\/une-solide-performance-en-2020-confirmant-la-resilience-et-lagilite-du-groupe\/#breadcrumb\"},\"inLanguage\":\"fr-FR\",\"potentialAction\":[{\"@type\":\"ReadAction\",\"target\":[\"https:\/\/www.capgemini.com\/ca-fr\/actualites\/communiques-de-presse\/une-solide-performance-en-2020-confirmant-la-resilience-et-lagilite-du-groupe\/\"]}]},{\"@type\":\"ImageObject\",\"inLanguage\":\"fr-FR\",\"@id\":\"https:\/\/www.capgemini.com\/ca-fr\/actualites\/communiques-de-presse\/une-solide-performance-en-2020-confirmant-la-resilience-et-lagilite-du-groupe\/#primaryimage\",\"url\":\"https:\/\/www.capgemini.com\/ca-fr\/wp-content\/uploads\/sites\/2\/2021\/02\/fy-1.jpg?w=881\",\"contentUrl\":\"https:\/\/www.capgemini.com\/ca-fr\/wp-content\/uploads\/sites\/2\/2021\/02\/fy-1.jpg?w=881\"},{\"@type\":\"BreadcrumbList\",\"@id\":\"https:\/\/www.capgemini.com\/ca-fr\/actualites\/communiques-de-presse\/une-solide-performance-en-2020-confirmant-la-resilience-et-lagilite-du-groupe\/#breadcrumb\",\"itemListElement\":[{\"@type\":\"ListItem\",\"position\":1,\"name\":\"Home\",\"item\":\"https:\/\/www.capgemini.com\/ca-fr\/\"},{\"@type\":\"ListItem\",\"position\":2,\"name\":\"Press Releases\",\"item\":\"https:\/\/www.capgemini.com\/ca-fr\/news\/\"},{\"@type\":\"ListItem\",\"position\":3,\"name\":\"Une solide performance en 2020, confirmant la r\u00e9silience et l\u2019agilit\u00e9 du Groupe\"}]},{\"@type\":\"WebSite\",\"@id\":\"https:\/\/www.capgemini.com\/ca-fr\/#website\",\"url\":\"https:\/\/www.capgemini.com\/ca-fr\/\",\"name\":\"Capgemini Canada French\",\"description\":\"Capgemini\",\"potentialAction\":[{\"@type\":\"SearchAction\",\"target\":{\"@type\":\"EntryPoint\",\"urlTemplate\":\"https:\/\/www.capgemini.com\/ca-fr\/?s={search_term_string}\"},\"query-input\":\"required name=search_term_string\"}],\"inLanguage\":\"fr-FR\"}]}<\/script>\n<!-- \/ Yoast SEO Premium plugin. -->","yoast_head_json":{"title":"Une solide performance en 2020, confirmant la r\u00e9silience et l\u2019agilit\u00e9 du Groupe - Capgemini Canada French","robots":{"index":"index","follow":"follow","max-snippet":"max-snippet:-1","max-image-preview":"max-image-preview:large","max-video-preview":"max-video-preview:-1"},"canonical":"https:\/\/www.capgemini.com\/ca-fr\/actualites\/communiques-de-presse\/une-solide-performance-en-2020-confirmant-la-resilience-et-lagilite-du-groupe\/","og_locale":"fr_FR","og_type":"article","og_title":"Une solide performance en 2020, confirmant la r\u00e9silience et l\u2019agilit\u00e9 du Groupe","og_url":"https:\/\/www.capgemini.com\/ca-fr\/actualites\/communiques-de-presse\/une-solide-performance-en-2020-confirmant-la-resilience-et-lagilite-du-groupe\/","og_site_name":"Capgemini Canada French","article_modified_time":"2025-03-30T05:41:49+00:00","og_image":[{"url":"https:\/\/www.capgemini.com\/ca-fr\/wp-content\/uploads\/sites\/2\/2021\/02\/fy-1.jpg?w=881"}],"twitter_card":"summary_large_image","twitter_misc":{"Est. reading time":"23 minutes"},"schema":{"@context":"https:\/\/schema.org","@graph":[{"@type":"WebPage","@id":"https:\/\/www.capgemini.com\/ca-fr\/actualites\/communiques-de-presse\/une-solide-performance-en-2020-confirmant-la-resilience-et-lagilite-du-groupe\/","url":"https:\/\/www.capgemini.com\/ca-fr\/actualites\/communiques-de-presse\/une-solide-performance-en-2020-confirmant-la-resilience-et-lagilite-du-groupe\/","name":"Une solide performance en 2020, confirmant la r\u00e9silience et l\u2019agilit\u00e9 du Groupe - Capgemini Canada French","isPartOf":{"@id":"https:\/\/www.capgemini.com\/ca-fr\/#website"},"primaryImageOfPage":{"@id":"https:\/\/www.capgemini.com\/ca-fr\/actualites\/communiques-de-presse\/une-solide-performance-en-2020-confirmant-la-resilience-et-lagilite-du-groupe\/#primaryimage"},"image":{"@id":"https:\/\/www.capgemini.com\/ca-fr\/actualites\/communiques-de-presse\/une-solide-performance-en-2020-confirmant-la-resilience-et-lagilite-du-groupe\/#primaryimage"},"thumbnailUrl":"https:\/\/www.capgemini.com\/ca-fr\/wp-content\/uploads\/sites\/2\/2021\/02\/fy-1.jpg?w=881","datePublished":"2021-02-17T12:29:00+00:00","dateModified":"2025-03-30T05:41:49+00:00","breadcrumb":{"@id":"https:\/\/www.capgemini.com\/ca-fr\/actualites\/communiques-de-presse\/une-solide-performance-en-2020-confirmant-la-resilience-et-lagilite-du-groupe\/#breadcrumb"},"inLanguage":"fr-FR","potentialAction":[{"@type":"ReadAction","target":["https:\/\/www.capgemini.com\/ca-fr\/actualites\/communiques-de-presse\/une-solide-performance-en-2020-confirmant-la-resilience-et-lagilite-du-groupe\/"]}]},{"@type":"ImageObject","inLanguage":"fr-FR","@id":"https:\/\/www.capgemini.com\/ca-fr\/actualites\/communiques-de-presse\/une-solide-performance-en-2020-confirmant-la-resilience-et-lagilite-du-groupe\/#primaryimage","url":"https:\/\/www.capgemini.com\/ca-fr\/wp-content\/uploads\/sites\/2\/2021\/02\/fy-1.jpg?w=881","contentUrl":"https:\/\/www.capgemini.com\/ca-fr\/wp-content\/uploads\/sites\/2\/2021\/02\/fy-1.jpg?w=881"},{"@type":"BreadcrumbList","@id":"https:\/\/www.capgemini.com\/ca-fr\/actualites\/communiques-de-presse\/une-solide-performance-en-2020-confirmant-la-resilience-et-lagilite-du-groupe\/#breadcrumb","itemListElement":[{"@type":"ListItem","position":1,"name":"Home","item":"https:\/\/www.capgemini.com\/ca-fr\/"},{"@type":"ListItem","position":2,"name":"Press Releases","item":"https:\/\/www.capgemini.com\/ca-fr\/news\/"},{"@type":"ListItem","position":3,"name":"Une solide performance en 2020, confirmant la r\u00e9silience et l\u2019agilit\u00e9 du Groupe"}]},{"@type":"WebSite","@id":"https:\/\/www.capgemini.com\/ca-fr\/#website","url":"https:\/\/www.capgemini.com\/ca-fr\/","name":"Capgemini Canada French","description":"Capgemini","potentialAction":[{"@type":"SearchAction","target":{"@type":"EntryPoint","urlTemplate":"https:\/\/www.capgemini.com\/ca-fr\/?s={search_term_string}"},"query-input":"required name=search_term_string"}],"inLanguage":"fr-FR"}]}},"parsely":{"version":"1.1.0","canonical_url":"https:\/\/capgemini.com\/ca-fr\/actualites\/communiques-de-presse\/une-solide-performance-en-2020-confirmant-la-resilience-et-lagilite-du-groupe\/","smart_links":{"inbound":0,"outbound":0},"traffic_boost_suggestions_count":0,"meta":{"@context":"https:\/\/schema.org","@type":"NewsArticle","headline":"Une solide performance en 2020, confirmant la r\u00e9silience et l\u2019agilit\u00e9 du Groupe","url":"https:\/\/www.capgemini.com\/ca-fr\/actualites\/communiques-de-presse\/une-solide-performance-en-2020-confirmant-la-resilience-et-lagilite-du-groupe\/","mainEntityOfPage":{"@type":"WebPage","@id":"https:\/\/www.capgemini.com\/ca-fr\/actualites\/communiques-de-presse\/une-solide-performance-en-2020-confirmant-la-resilience-et-lagilite-du-groupe\/"},"thumbnailUrl":"","image":{"@type":"ImageObject","url":""},"articleSection":"Uncategorized","author":[],"creator":[],"publisher":{"@type":"Organization","name":"Capgemini Canada French","logo":""},"keywords":[],"dateCreated":"2021-02-17T12:29:00Z","datePublished":"2021-02-17T12:29:00Z","dateModified":"2025-03-30T05:41:49Z"},"rendered":"<meta name=\"parsely-title\" content=\"Une solide performance en 2020, confirmant la r\u00e9silience et l\u2019agilit\u00e9 du Groupe\" \/>\n<meta name=\"parsely-link\" content=\"https:\/\/www.capgemini.com\/ca-fr\/actualites\/communiques-de-presse\/une-solide-performance-en-2020-confirmant-la-resilience-et-lagilite-du-groupe\/\" \/>\n<meta name=\"parsely-type\" content=\"post\" \/>\n<meta name=\"parsely-pub-date\" content=\"2021-02-17T12:29:00Z\" \/>\n<meta name=\"parsely-section\" content=\"Uncategorized\" \/>","tracker_url":"https:\/\/cdn.parsely.com\/keys\/capgemini.com\/p.js"},"archive_status":false,"featured_image_src":"https:\/\/www.capgemini.com\/ca-fr\/wp-content\/themes\/capgemini2025\/assets\/images\/mockup.png","featured_image_alt":false,"jetpack_sharing_enabled":true,"distributor_meta":false,"distributor_terms":false,"distributor_media":false,"distributor_original_site_name":"Capgemini Canada French","distributor_original_site_url":"https:\/\/www.capgemini.com\/ca-fr","push-errors":false,"tag_names":[],"_links":{"self":[{"href":"https:\/\/www.capgemini.com\/ca-fr\/wp-json\/wp\/v2\/press-release\/3202","targetHints":{"allow":["GET"]}}],"collection":[{"href":"https:\/\/www.capgemini.com\/ca-fr\/wp-json\/wp\/v2\/press-release"}],"about":[{"href":"https:\/\/www.capgemini.com\/ca-fr\/wp-json\/wp\/v2\/types\/press-release"}],"author":[{"embeddable":true,"href":"https:\/\/www.capgemini.com\/ca-fr\/wp-json\/wp\/v2\/users\/336"}],"version-history":[{"count":4,"href":"https:\/\/www.capgemini.com\/ca-fr\/wp-json\/wp\/v2\/press-release\/3202\/revisions"}],"predecessor-version":[{"id":707615,"href":"https:\/\/www.capgemini.com\/ca-fr\/wp-json\/wp\/v2\/press-release\/3202\/revisions\/707615"}],"wp:attachment":[{"href":"https:\/\/www.capgemini.com\/ca-fr\/wp-json\/wp\/v2\/media?parent=3202"}],"wp:term":[{"taxonomy":"post_tag","embeddable":true,"href":"https:\/\/www.capgemini.com\/ca-fr\/wp-json\/wp\/v2\/tags?post=3202"},{"taxonomy":"press-release-type","embeddable":true,"href":"https:\/\/www.capgemini.com\/ca-fr\/wp-json\/wp\/v2\/press-release-type?post=3202"},{"taxonomy":"brand","embeddable":true,"href":"https:\/\/www.capgemini.com\/ca-fr\/wp-json\/wp\/v2\/brand?post=3202"}],"curies":[{"name":"wp","href":"https:\/\/api.w.org\/{rel}","templated":true}]}}