{"id":3136,"date":"2021-03-31T11:53:00","date_gmt":"2021-03-31T11:53:00","guid":{"rendered":"https:\/\/www.capgemini.com\/ca-fr\/?post_type=press-release&#038;p=3136"},"modified":"2025-03-30T05:34:49","modified_gmt":"2025-03-30T05:34:49","slug":"capgemini-annonce-de-nouvelles-ambitions-a-moyen-terme-et-tient-aujourdhui-son-capital-markets-day-2021","status":"publish","type":"press-release","link":"https:\/\/www.capgemini.com\/ca-fr\/actualites\/communiques-de-presse\/capgemini-annonce-de-nouvelles-ambitions-a-moyen-terme-et-tient-aujourdhui-son-capital-markets-day-2021\/","title":{"rendered":"Capgemini annonce de nouvelles ambitions \u00e0 moyen terme et tient aujourd\u2019hui son Capital markets day 2021"},"content":{"rendered":"\n<p><\/p>\n\n\n\t\t<div class=\"wp-block-cg-blocks-hero-press-release\">\n\t\t\t<header class=\"header-hero-press-release\" role=\"main\" id=\"main-content-press-release\">\n\t\t\t\t<div class=\"container\">\n\t\t\t\t\t<div class=\"hero-press-release\">\n\t\t\t\t\t\t<div class=\"hero-press-release-content-wrapper\">\n\t\t\t\t\t\t\t<div class=\"row\">\n\t\t\t\t\t\t\t\t<div class=\"col-12\">\n\t\t\t\t\t\t\t\t\t<div class=\"header-title\">\n\t\t\t\t\t\t\t\t\t\t<h1>\n\t\t\t\t\t\t\t\t\t\t\tCapgemini annonce de nouvelles ambitions \u00e0 moyen terme et tient aujourd\u2019hui son Capital markets day 2021\t\t\t\t\t\t\t\t\t\t<\/h1>\n\t\t\t\t\t\t\t\t\t<\/div>\n\t\t\t\t\t\t\t\t\t<div class=\"header-description\">\n\t\t\t\t\t\t\t\t\t\t<p><\/p>\n\t\t\t\t\t\t\t\t\t<\/div>\n\t\t\t\t\t\t\t\t\t\t\t\t\t\t\t\t\t\t<div class=\"header-date\">\n\t\t\t\t\t\t\t\t\t\t<span>mars 31, 2021<\/span>\n\t\t\t\t\t\t\t\t\t<\/div>\n\t\t\t\t\t\t\t\t<\/div>\n\t\t\t\t\t\t\t<\/div>\n\t\t\t\t\t\t<\/div>\n\t\t\t\t\t\t\t\t\t\t\t\t\t<div class=\"hero-press-release-downloads\">\n\t\t\t\t\t\t\t\t<div class=\"row\">\n\t\t\t\t\t\t\t\t\t\t\t\t\t\t\t\t\t\t\t<div class=\"col-12 col-md-6 col-lg-3\">\n\t\t\t\t\t\t\t\t\t\t\t<a class=\"download-item\" type=\"download\" href=\"https:\/\/www.capgemini.com\/ca-fr\/wp-content\/uploads\/sites\/21\/2022\/11\/Capgemini_-_2021-03-31_-_Nouvelles_ambitions_moyen_terme_et_journee_Investisseurs_2021-1.pdf\" target=\"_blank\" rel=\"noopener noreferrer\" title=\"Ouvrir dans une nouvelle fen\u00eatre\">\n\t\t\t\t\t\t\t\t\t\t\t\t<div class=\"download-icon\"><\/div>\n\t\t\t\t\t\t\t\t\t\t\t\t<div class=\"download-details\">\n\t\t\t\t\t\t\t\t\t\t\t\t\t<div class=\"download-title\">Download press release<\/div>\n\t\t\t\t\t\t\t\t\t\t\t\t\t<div class=\"download-props\">155 KB  pdf<\/div>\n\t\t\t\t\t\t\t\t\t\t\t\t<\/div>\n\t\t\t\t\t\t\t\t\t\t\t<\/a>\n\t\t\t\t\t\t\t\t\t\t<\/div>\n\t\t\t\t\t\t\t\t\t\t\t\t\t\t\t\t\t\t<\/div>\n\t\t\t\t\t\t\t<\/div>\n\t\t\t\t\t\t\t\t\t\t\t\t\t\t\t\t\t<\/div>\n\t\t\t\t<\/div>\n\t\t\t<\/header>\n\t\t<\/div>\n\t\t\n\n\n<section class=\"wp-block-cg-blocks-intro-para undefined section section--intro\"><div class=\"intro-para\"><div class=\"container\"><div class=\"row\"><div class=\"col-12 col-md-1\"><nav class=\"article-social\"><ul class=\"social-nav\"><li class=\"ip-order-fb\"><a href=\"https:\/\/www.facebook.com\/sharer\/sharer.php?u=https:\/\/www.capgemini.com\/ca-fr\/actualites\/communiques-de-presse\/capgemini-annonce-de-nouvelles-ambitions-a-moyen-terme-et-tient-aujourdhui-son-capital-markets-day-2021\/\" target=\"_blank\" rel=\"noopener noreferrer\" title=\"Ouvrir dans une nouvelle fen\u00eatre\"><i aria-hidden=\"true\" class=\"icon-fb\"><\/i><span class=\"sr-only\">Facebook<\/span><\/a><\/li><li class=\"ip-order-li\"><a href=\"https:\/\/www.linkedin.com\/sharing\/share-offsite\/?url=https:\/\/www.capgemini.com\/ca-fr\/actualites\/communiques-de-presse\/capgemini-annonce-de-nouvelles-ambitions-a-moyen-terme-et-tient-aujourdhui-son-capital-markets-day-2021\/\" target=\"_blank\" rel=\"noopener noreferrer\" title=\"Ouvrir dans une nouvelle fen\u00eatre\"><i aria-hidden=\"true\" class=\"icon-li\"><\/i><span class=\"sr-only\">Linkedin<\/span><\/a><\/li><\/ul><\/nav><\/div><div class=\"col-12 col-md-11 col-lg-10\"><h2 class=\"intro-para-title\"><strong><em>Paris, le 31 mars 2021<\/em> \u2013 <\/strong><a href=\"https:\/\/www.capgemini.com\/ca-fr\/\"><strong>Capgemini<\/strong><\/a><strong> annonce aujourd\u2019hui sa nouvelle ambition financi\u00e8re \u00e0 moyen terme. Le Groupe tiendra cet apr\u00e8s-midi, un <em>Capital Markets Day<\/em> virtuel d\u00e9di\u00e9 aux analystes financiers et aux investisseurs institutionnels, au cours duquel il exposera ses orientations strat\u00e9giques.<\/strong><\/h2><\/div><\/div><\/div><\/div><\/section>\n\n\n\n<section class=\"wp-block-cg-blocks-group undefined section section--article-content\"><div class=\"article-main-content\"><div class=\"container\"><div class=\"row\"><div class=\"col-12 col-md-11 col-lg-10 offset-md-1 offset-lg-1\"><div class=\"article-text article-quote-text\">\n<p>Aiman Ezzat, Directeur g\u00e9n\u00e9ral du groupe Capgemini, a d\u00e9clar\u00e9 : <em>\u00ab&nbsp;Ces derni\u00e8res ann\u00e9es, le Groupe a am\u00e9lior\u00e9 son profil de performance tout en d\u00e9montrant sa r\u00e9silience et son agilit\u00e9. Capgemini est aujourd\u2019hui reconnu comme un leader de la transformation num\u00e9rique, avec des r\u00e9f\u00e9rences de premier plan dans le Cloud, la Data et l\u2019intelligence artificielle.<\/em><\/p>\n\n\n\n<p><em>Le Groupe est id\u00e9alement positionn\u00e9 pour tirer parti de l\u2019expansion rapide de l\u2019utilisation de la technologie dans ses secteurs d\u2019activit\u00e9s. Nous entrons dans cette nouvelle phase avec l\u2019ambition de d\u00e9livrer une croissance plus soutenue. Nous voulons devenir le partenaire strat\u00e9gique des \u00e9quipes dirigeantes des entreprises dans nos secteurs cibles, en nous appuyant sur notre statut de leader dans l\u2019Intelligent Industry et sur notre forte position dans tous les domaines de la relation client (Customer First). &nbsp;<\/em><\/p>\n\n\n\n<p><em>Je suis particuli\u00e8rement fier de notre engagement en mati\u00e8re d\u2019ESG<a href=\"#_ftn1\" id=\"_ftnref1\"><strong>[1]<\/strong><\/a> qui est une priorit\u00e9 majeure pour le Groupe. Je suis confiant dans l\u2019avenir de Capgemini et sa capacit\u00e9 \u00e0 assurer une croissance durable et rentable fond\u00e9e sur notre passion pour les clients, notre excellence op\u00e9rationnelle et technologique et l\u2019\u00e9nergie de nos talents. \u00bb<\/em><\/p>\n\n\n\n<p><strong>Priorit\u00e9s en termes de croissance<\/strong><\/p>\n\n\n\n<p>La strat\u00e9gie de croissance durable du Groupe repose sur une approche sectorielle renforc\u00e9e afin de cr\u00e9er plus de valeur pour ses clients. Cette croissance s\u2019appuiera en particulier sur l\u2019acc\u00e9l\u00e9ration de la demande dans les domaines <em>Intelligent Industry&nbsp;<\/em>(produits et syst\u00e8mes intelligents, op\u00e9rations intelligentes, plateformes et \u00e9cosyst\u00e8mes intelligents) et <em>Customer First<\/em> (gestion de la relation entre les entreprises et leurs clients dans toutes ses dimensions).<\/p>\n\n\n\n<p>Par ailleurs, l\u2019adoption rapide du Cloud et l\u2019utilisation de la donn\u00e9e et de l\u2019intelligence artificielle constitueront des leviers de croissance significatifs pour l\u2019ensemble du portefeuille d\u2019offres du Groupe.<\/p>\n\n\n\n<p><strong>Priorit\u00e9s en termes de profitabilit\u00e9<\/strong><\/p>\n\n\n\n<p>Capgemini maintiendra une stricte discipline dans l\u2019ex\u00e9cution de son plan d\u2019action et entend accro\u00eetre sa marge op\u00e9rationnelle. La profitabilit\u00e9 du Groupe b\u00e9n\u00e9ficiera en premier lieu du surcro\u00eet de valeur ajout\u00e9e apport\u00e9 par un portefeuille d\u2019offres innovantes et sp\u00e9cifiques \u00e0 chaque secteur.<\/p>\n\n\n\n<p>L\u2019\u00e9mergence de nouveaux mod\u00e8les de travail hybrides permettra \u00e0 Capgemini de mettre en \u0153uvre son nouvel environnement op\u00e9rationnel, appel\u00e9 le <em>New Normal<\/em>, conduisant \u00e0 des \u00e9conomies de co\u00fbts suppl\u00e9mentaires ainsi qu\u2019\u00e0 un d\u00e9ploiement plus efficace de ses ressources.<\/p>\n\n\n\n<p>Le Groupe profitera \u00e9galement des synergies li\u00e9es \u00e0 l\u2019int\u00e9gration d\u2019Altran et de la poursuite de ses efforts en mati\u00e8re d\u2019industrialisation et d\u2019automatisation.<\/p>\n\n\n\n<p><strong>Ambitions \u00e0 moyen terme<\/strong><\/p>\n\n\n\n<p>Apr\u00e8s avoir am\u00e9lior\u00e9 de mani\u00e8re significative son profil de croissance et de marge depuis 2014, le Groupe se fixe de nouvelles ambitions financi\u00e8res pour le moyen terme :<\/p>\n\n\n\n<ul class=\"wp-block-list\">\n<li>R\u00e9aliser une croissance annuelle moyenne du chiffre d\u2019affaires de +7% \u00e0 +9% \u00e0 taux de change constants entre 2020 et 2025&nbsp;;<\/li>\n\n\n\n<li>Atteindre une marge op\u00e9rationnelle de 14% d\u2019ici 2025.<\/li>\n<\/ul>\n\n\n\n<p><strong><em>Capital Markets Day<\/em><\/strong><\/p>\n\n\n\n<p>Au cours du <em>Capital Markets Day<\/em>, Aiman Ezzat, Directeur g\u00e9n\u00e9ral et Carole Ferrand, Directrice financi\u00e8re, accompagn\u00e9s d\u2019autres membres du Comit\u00e9 Ex\u00e9cutif du Groupe, exposeront les ambitions strat\u00e9giques, op\u00e9rationnelles et financi\u00e8res \u00e0 l\u2019horizon 2025. Les priorit\u00e9s du Groupe en mati\u00e8re Environnementale, Sociale et de Gouvernance (ESG) seront \u00e9galement pr\u00e9sent\u00e9es.<\/p>\n\n\n\n<p>En outre, le Groupe organisera deux sessions d\u00e9di\u00e9es aux services d\u2019ing\u00e9nierie et de R&amp;D d\u2019une part, et \u00e0 l\u2019<em>Intelligent Industry <\/em>d\u2019autre part. Avec l\u2019acquisition d\u2019Altran, le Groupe a chang\u00e9 de taille et affirm\u00e9 sa position de leader sur ces march\u00e9s prometteurs.<\/p>\n\n\n\n<p>Cet \u00e9v\u00e9nement virtuel d\u00e9di\u00e9 aux analystes financiers et aux investisseurs institutionnels d\u00e9butera ce jour \u00e0 14h00. Tous les supports de pr\u00e9sentation, ainsi que la retransmission (en direct et en diff\u00e9r\u00e9) des interventions du Directeur g\u00e9n\u00e9ral et de la Directrice financi\u00e8re, seront disponibles sur le site Investisseurs de Capgemini \u00e0 l\u2019adresse suivante : <a href=\"https:\/\/investors.capgemini.com\/fr\/\">https:\/\/investors.capgemini.com\/fr\/<\/a>.<\/p>\n\n\n\n<h5 class=\"wp-block-heading\" id=\"h-calendrier-previsionnel\">CALENDRIER PR\u00c9VISIONNEL<\/h5>\n\n\n\n<p>29 avril 2021&nbsp;&nbsp;&nbsp;&nbsp;&nbsp;&nbsp;&nbsp;&nbsp; Chiffre d\u2019affaires du 1<sup>er<\/sup> trimestre 2021<\/p>\n\n\n\n<p>20 mai 2021&nbsp;&nbsp;&nbsp;&nbsp;&nbsp;&nbsp;&nbsp;&nbsp;&nbsp; Assembl\u00e9e G\u00e9n\u00e9rale (\u00e0 huis clos)<\/p>\n\n\n\n<p>28 juillet 2021&nbsp;&nbsp;&nbsp;&nbsp;&nbsp;&nbsp; R\u00e9sultats du 1<sup>er<\/sup> semestre 2021<\/p>\n\n\n\n<h5 class=\"wp-block-heading\" id=\"h-avertissement\">AVERTISSEMENT<\/h5>\n\n\n\n<p>Le pr\u00e9sent communiqu\u00e9 de presse est susceptible de contenir des informations prospectives. Ces informations peuvent comprendre des projections, des estimations, des hypoth\u00e8ses, des informations concernant des projets, des objectifs, des intentions et\/ou des attentes portant sur des r\u00e9sultats financiers futurs, des \u00e9v\u00e8nements, des op\u00e9rations, le d\u00e9veloppement de services et de produits futurs, ainsi que des informations relatives \u00e0 des performances ou \u00e0 des \u00e9v\u00e8nements futurs. Ces informations prospectives sont g\u00e9n\u00e9ralement reconnaissables \u00e0 l\u2019emploi des termes \u00ab&nbsp;s\u2019attendre \u00e0&nbsp;\u00bb, \u00ab&nbsp;anticiper&nbsp;\u00bb, \u00ab&nbsp;penser que&nbsp;\u00bb, \u00ab&nbsp;avoir l\u2019intention de&nbsp;\u00bb, \u00ab&nbsp;estimer&nbsp;\u00bb, \u00ab&nbsp;pr\u00e9voir&nbsp;\u00bb, \u00ab&nbsp;projeter&nbsp;\u00bb, \u00ab&nbsp;pourrait&nbsp;\u00bb, \u00ab&nbsp;devrait&nbsp;\u00bb ou \u00e0 l\u2019emploi de la forme n\u00e9gative de ces termes et \u00e0 d\u2019autres expressions de m\u00eame nature. La direction de Capgemini consid\u00e8re actuellement que ces informations prospectives traduisent des attentes raisonnables&nbsp;; la soci\u00e9t\u00e9 alerte cependant les investisseurs sur le fait que ces informations prospectives sont soumises \u00e0 des risques et&nbsp; incertitudes (y compris, notamment, les risques identifi\u00e9s dans le Document d\u2019Enregistrement Universel de Capgemini, disponible sur le site internet de Capgemini), \u00e9tant donn\u00e9 qu\u2019elles ont trait \u00e0 des \u00e9v\u00e8nements futurs et d\u00e9pendent des circonstances futures dont la r\u00e9alisation est incertaine et qui peuvent diff\u00e9rer de ceux anticip\u00e9s, souvent difficilement pr\u00e9visibles et g\u00e9n\u00e9ralement en dehors du contr\u00f4le de Capgemini. Les r\u00e9sultats et les \u00e9v\u00e8nements r\u00e9els sont susceptibles de diff\u00e9rer significativement, de ceux qui sont exprim\u00e9s, impliqu\u00e9s ou projet\u00e9s dans les informations prospectives. Les informations prospectives ne donnent aucune garantie de r\u00e9alisation d\u2019\u00e9v\u00e8nements ou de r\u00e9sultats futurs et n\u2019ont pas cette vocation. Capgemini ne prend aucun engagement de mettre \u00e0 jour ou de r\u00e9viser les informations prospectives sous r\u00e9serve de ses obligations l\u00e9gales.<\/p>\n\n\n\n<p>Le pr\u00e9sent communiqu\u00e9 de presse ne constitue pas une offre d\u2019instruments financiers au public et ne contient pas d\u2019invitation ou d\u2019incitation \u00e0 investir dans des instruments financiers en France, aux \u00c9tats-Unis ou n\u2019importe quel autre pays.<\/p>\n\n\n\n<h5 class=\"wp-block-heading\" id=\"h-a-propos-de-capgemini\">\u00c0 PROPOS DE CAPGEMINI<\/h5>\n\n\n\n<p>Capgemini est un leader mondial, responsable et multiculturel, regroupant 270 000 personnes dans pr\u00e8s de 50 pays. Partenaire strat\u00e9gique des entreprises pour la transformation de leurs activit\u00e9s en tirant profit de toute la puissance de la technologie, le Groupe est guid\u00e9 au quotidien par sa raison d\u2019\u00eatre : lib\u00e9rer les \u00e9nergies humaines par la technologie pour un avenir inclusif et durable. Fort de plus de 50 ans d\u2019exp\u00e9rience et d\u2019une grande expertise des diff\u00e9rents secteurs d\u2019activit\u00e9, Capgemini est reconnu par ses clients pour r\u00e9pondre \u00e0 l\u2019ensemble de leurs besoins, de la strat\u00e9gie et du design jusqu\u2019au management des op\u00e9rations, en tirant parti des innovations dans les domaines en perp\u00e9tuelle \u00e9volution du cloud, de la data, de l\u2019Intelligence Artificielle, de la connectivit\u00e9, des logiciels, de l\u2019ing\u00e9nierie digitale et des plateformes. Le Groupe a r\u00e9alis\u00e9 un chiffre d\u2019affaires de 16 milliards d\u2019euros en 2020.<\/p>\n\n\n\n<p><em>Get the Future You Want<sup>*<\/sup><\/em> | <a href=\"http:\/\/www.capgemini.com\/#_blank\">www.capgemini.com<\/a><\/p>\n\n\n\n<p><em>*Capgemini, le futur que vous voulez<\/em><\/p>\n\n\n\n<p><a href=\"#_ftnref1\" id=\"_ftn1\">[1]<\/a> Environnement, Social et Gouvernance<\/p>\n\n\n<div class=\"wp-block-cg-blocks-cg-block-related-content\"><section class=\"relatedContentBlock\"><div class=\"container\"><div class=\"row\"><div class=\"content-title col-12 col-md-8\"><h2 class=\"related-content-heading\">Related News<\/h2><\/div><\/div><div class=\"row relatedContent\"><div class=\"col-lg-4 col-md-6 col-xs-12\">\n\t\t\t\t\t\t\t<div class=\"box\">\n\t\t\t\t\t\t\t\t<a aria-label=\"Lire la suite Chiffre d\u2019affaires du 1er trimestre 2026\" href=\"https:\/\/www.capgemini.com\/ca-fr\/actualites\/communiques-de-presse\/chiffre-daffaires-du-1er-trimestre-2026\/\" class=\"anchorWrapper\">\n\t\t\t\t\t\t\t\t\t<span class=\"box-tag\"><span>Actualit\u00e9s financi\u00e8res<\/span><\/span>\n\t\t\t\t\t\t\t\t\t<div class=\"box-title\"><h3 class=\"box-subtitle\">Chiffre d\u2019affaires du 1er trimestre 2026<\/h3><\/div>\n\t\t\t\t\t\t\t\t\t<div class=\"box-date\">\n\t\t\t\t\t\t\t\t\t\t<span>Apr 30, 2026<\/span>\n\t\t\t\t\t\t\t\t\t<\/div>\n\t\t\t\t\t\t\t\t\t<div class=\"box-bottom\">\n\t\t\t\t\t\t\t\t\t\t&lt;a class=&quot;link-download&quot; href=&quot;https:\/\/www.capgemini.com\/fr-fr\/wp-content\/uploads\/sites\/6\/2026\/04\/Capgemini_-_2026-04-30_-_Chiffre_d_affaires_du_1er_trimestre_2026.pdf&quot; aria-label=&quot;T\u00e9l\u00e9charger le communiqu\u00e9 de presse&quot; target=&quot;_blank&quot;  type=&quot;download&quot; title=&quot;Opens in a new window&quot;&gt;\n\t\t\t\t\t\t\t&lt;span&gt;T\u00e9l\u00e9charger le communiqu\u00e9 de presse&lt;\/span&gt;\n\t\t\t\t\t\t\t&lt;span&gt;237 KB PDF&lt;\/span&gt;\n\t\t\t\t\t\t&lt;\/a&gt;\n\t\t\t\t\t\t\t\t\t\t<a class=\"more\" aria-label=\"Lire la suite Chiffre d\u2019affaires du 1er trimestre 2026\" href=\"https:\/\/www.capgemini.com\/ca-fr\/actualites\/communiques-de-presse\/chiffre-daffaires-du-1er-trimestre-2026\/\">Lire la suite<\/a>\n\t\t\t\t\t\t\t\t\t<\/div>\n\t\t\t\t\t\t\t\t<\/a>\n\t\t\t\t\t\t\t<\/div>\n\t\t\t\t\t\t<\/div><div class=\"col-lg-4 col-md-6 col-xs-12\">\n\t\t\t\t\t\t\t<div class=\"box\">\n\t\t\t\t\t\t\t\t<a aria-label=\"Lire la suite Capgemini et McDonald\u2019s renouvellent leur partenariat strat\u00e9gique avec un accord mondial pluriannuel ax\u00e9 sur le d\u00e9ploiement de plateformes modernes et \u00e9volutives\" href=\"https:\/\/www.capgemini.com\/ca-fr\/actualites\/communiques-de-presse\/capgemini-et-mcdonalds-renouvellent-leur-partenariat-strategique-avec-un-accord-mondial-pluriannuel-axe-sur-le-deploiement-de-plateformes-modernes-et-evolutives\/\" class=\"anchorWrapper\">\n\t\t\t\t\t\t\t\t\t<span class=\"box-tag\"><span>Actualit\u00e9s client<\/span><\/span>\n\t\t\t\t\t\t\t\t\t<div class=\"box-title\"><h3 class=\"box-subtitle\">Capgemini et McDonald\u2019s renouvellent leur partenariat strat\u00e9gique avec un accord mondial pluriannuel ax\u00e9 sur le d\u00e9ploiement de plateformes modernes et \u00e9volutives<\/h3><\/div>\n\t\t\t\t\t\t\t\t\t<div class=\"box-date\">\n\t\t\t\t\t\t\t\t\t\t<span>Apr 15, 2026<\/span>\n\t\t\t\t\t\t\t\t\t<\/div>\n\t\t\t\t\t\t\t\t\t<div class=\"box-bottom\">\n\t\t\t\t\t\t\t\t\t\t&lt;a class=&quot;link-download&quot; href=&quot;https:\/\/www.capgemini.com\/fr-fr\/wp-content\/uploads\/sites\/6\/2026\/03\/2026_03_05_McDonalds_Capgemini_Press-Release_FR.pdf&quot; aria-label=&quot;T\u00e9l\u00e9charger le communiqu\u00e9 de presse&quot; target=&quot;_blank&quot;  type=&quot;download&quot; title=&quot;Opens in a new window&quot;&gt;\n\t\t\t\t\t\t\t&lt;span&gt;T\u00e9l\u00e9charger le communiqu\u00e9 de presse&lt;\/span&gt;\n\t\t\t\t\t\t\t&lt;span&gt;142 KB PDF&lt;\/span&gt;\n\t\t\t\t\t\t&lt;\/a&gt;\n\t\t\t\t\t\t\t\t\t\t<a class=\"more\" aria-label=\"Lire la suite Capgemini et McDonald\u2019s renouvellent leur partenariat strat\u00e9gique avec un accord mondial pluriannuel ax\u00e9 sur le d\u00e9ploiement de plateformes modernes et \u00e9volutives\" href=\"https:\/\/www.capgemini.com\/ca-fr\/actualites\/communiques-de-presse\/capgemini-et-mcdonalds-renouvellent-leur-partenariat-strategique-avec-un-accord-mondial-pluriannuel-axe-sur-le-deploiement-de-plateformes-modernes-et-evolutives\/\">Lire la suite<\/a>\n\t\t\t\t\t\t\t\t\t<\/div>\n\t\t\t\t\t\t\t\t<\/a>\n\t\t\t\t\t\t\t<\/div>\n\t\t\t\t\t\t<\/div><div class=\"col-lg-4 col-md-6 col-xs-12\">\n\t\t\t\t\t\t\t<div class=\"box\">\n\t\t\t\t\t\t\t\t<a aria-label=\"Lire la suite Capgemini et OpenAI unissent leurs forces pour acc\u00e9l\u00e9rer la nouvelle \u00e8re de transformation des entreprises par l\u2019IA avec la Frontier Alliance\" href=\"https:\/\/www.capgemini.com\/ca-fr\/actualites\/communiques-de-presse\/partenariat-avec-openai\/\" class=\"anchorWrapper\">\n\t\t\t\t\t\t\t\t\t<span class=\"box-tag\"><span>Partenariats<\/span><\/span>\n\t\t\t\t\t\t\t\t\t<div class=\"box-title\"><h3 class=\"box-subtitle\">Capgemini et OpenAI unissent leurs forces pour acc\u00e9l\u00e9rer la nouvelle \u00e8re de transformation des entreprises par l\u2019IA avec la Frontier Alliance<\/h3><\/div>\n\t\t\t\t\t\t\t\t\t<div class=\"box-date\">\n\t\t\t\t\t\t\t\t\t\t<span>Mar 22, 2026<\/span>\n\t\t\t\t\t\t\t\t\t<\/div>\n\t\t\t\t\t\t\t\t\t<div class=\"box-bottom\">\n\t\t\t\t\t\t\t\t\t\t&lt;a class=&quot;link-download&quot; href=&quot;https:\/\/www.capgemini.com\/wp-content\/uploads\/2026\/02\/02_23_Capgemini-News-Alert_OpenAI-Frontier-Alliance.pdf&quot; aria-label=&quot;T\u00e9l\u00e9charger le communiqu\u00e9 de presse&quot; target=&quot;_blank&quot;  type=&quot;download&quot; title=&quot;Opens in a new window&quot;&gt;\n\t\t\t\t\t\t\t&lt;span&gt;T\u00e9l\u00e9charger le communiqu\u00e9 de presse&lt;\/span&gt;\n\t\t\t\t\t\t\t&lt;span&gt;132 KB PDF&lt;\/span&gt;\n\t\t\t\t\t\t&lt;\/a&gt;\n\t\t\t\t\t\t\t\t\t\t<a class=\"more\" aria-label=\"Lire la suite Capgemini et OpenAI unissent leurs forces pour acc\u00e9l\u00e9rer la nouvelle \u00e8re de transformation des entreprises par l\u2019IA avec la Frontier Alliance\" href=\"https:\/\/www.capgemini.com\/ca-fr\/actualites\/communiques-de-presse\/partenariat-avec-openai\/\">Lire la suite<\/a>\n\t\t\t\t\t\t\t\t\t<\/div>\n\t\t\t\t\t\t\t\t<\/a>\n\t\t\t\t\t\t\t<\/div>\n\t\t\t\t\t\t<\/div><\/div><\/div><\/section><\/div><\/div><\/div><\/div><\/div><\/div><\/section>\n","protected":false},"excerpt":{"rendered":"","protected":false},"author":336,"featured_media":0,"template":"","meta":{"cg_dt_proposed_to":[],"cg_seo_hreflang_relations":"[]","cg_seo_canonical_relation":"","cg_seo_hreflang_x_default_relation":"{\"uuid\":\"24bddc60-591b-4964-b942-2acda6480623\",\"blogId\":\"\",\"domain\":\"\",\"sitePath\":\"\",\"postLink\":\"\",\"postId\":null,\"isSaved\":true,\"isCrossLink\":false,\"hasCrossLink\":false}","cg_dt_approved_content":true,"cg_dt_mandatory_content":false,"cg_dt_notes":"","cg_dg_source_changed":false,"cg_dt_link_disabled":false,"footnotes":"","related_resource_url":"https:\/\/www.capgemini.com\/ca-fr\/wp-content\/uploads\/sites\/21\/2022\/11\/Capgemini_-_2021-03-31_-_Nouvelles_ambitions_moyen_terme_et_journee_Investisseurs_2021-1.pdf","related_resource_id":3137,"related_resource_size":"155 KB","related_resource_type":"pdf","cg_author":0,"featured_focal_points":""},"tags":[],"press-release-type":[],"brand":[],"class_list":["post-3136","press-release","type-press-release","status-publish","hentry"],"yoast_head":"<!-- This site is optimized with the Yoast SEO Premium plugin v22.8 (Yoast SEO v22.8) - https:\/\/yoast.com\/wordpress\/plugins\/seo\/ -->\n<title>Capgemini annonce de nouvelles ambitions \u00e0 moyen terme et tient aujourd\u2019hui son Capital markets day 2021 - Capgemini Canada French<\/title>\n<meta name=\"robots\" content=\"index, follow, max-snippet:-1, max-image-preview:large, max-video-preview:-1\" \/>\n<link rel=\"canonical\" href=\"https:\/\/www.capgemini.com\/ca-fr\/actualites\/communiques-de-presse\/capgemini-annonce-de-nouvelles-ambitions-a-moyen-terme-et-tient-aujourdhui-son-capital-markets-day-2021\/\" \/>\n<meta property=\"og:locale\" content=\"fr_FR\" \/>\n<meta property=\"og:type\" content=\"article\" \/>\n<meta property=\"og:title\" content=\"Capgemini annonce de nouvelles ambitions \u00e0 moyen terme et tient aujourd\u2019hui son Capital markets day 2021\" \/>\n<meta property=\"og:url\" content=\"https:\/\/www.capgemini.com\/ca-fr\/actualites\/communiques-de-presse\/capgemini-annonce-de-nouvelles-ambitions-a-moyen-terme-et-tient-aujourdhui-son-capital-markets-day-2021\/\" \/>\n<meta property=\"og:site_name\" content=\"Capgemini Canada French\" \/>\n<meta property=\"article:modified_time\" content=\"2025-03-30T05:34:49+00:00\" \/>\n<meta property=\"og:image\" content=\"https:\/\/www.capgemini.com\/ca-fr\/wp-content\/uploads\/sites\/21\/2025\/10\/New-Web-preview-global.jpg\" \/>\n\t<meta property=\"og:image:width\" content=\"1200\" \/>\n\t<meta property=\"og:image:height\" content=\"627\" \/>\n\t<meta property=\"og:image:type\" content=\"image\/jpeg\" \/>\n<meta name=\"twitter:card\" content=\"summary_large_image\" \/>\n<script type=\"application\/ld+json\" class=\"yoast-schema-graph\">{\"@context\":\"https:\/\/schema.org\",\"@graph\":[{\"@type\":\"WebPage\",\"@id\":\"https:\/\/www.capgemini.com\/ca-fr\/actualites\/communiques-de-presse\/capgemini-annonce-de-nouvelles-ambitions-a-moyen-terme-et-tient-aujourdhui-son-capital-markets-day-2021\/\",\"url\":\"https:\/\/www.capgemini.com\/ca-fr\/actualites\/communiques-de-presse\/capgemini-annonce-de-nouvelles-ambitions-a-moyen-terme-et-tient-aujourdhui-son-capital-markets-day-2021\/\",\"name\":\"Capgemini annonce de nouvelles ambitions \u00e0 moyen terme et tient aujourd\u2019hui son Capital markets day 2021 - Capgemini Canada French\",\"isPartOf\":{\"@id\":\"https:\/\/www.capgemini.com\/ca-fr\/#website\"},\"datePublished\":\"2021-03-31T11:53:00+00:00\",\"dateModified\":\"2025-03-30T05:34:49+00:00\",\"breadcrumb\":{\"@id\":\"https:\/\/www.capgemini.com\/ca-fr\/actualites\/communiques-de-presse\/capgemini-annonce-de-nouvelles-ambitions-a-moyen-terme-et-tient-aujourdhui-son-capital-markets-day-2021\/#breadcrumb\"},\"inLanguage\":\"fr-FR\",\"potentialAction\":[{\"@type\":\"ReadAction\",\"target\":[\"https:\/\/www.capgemini.com\/ca-fr\/actualites\/communiques-de-presse\/capgemini-annonce-de-nouvelles-ambitions-a-moyen-terme-et-tient-aujourdhui-son-capital-markets-day-2021\/\"]}]},{\"@type\":\"BreadcrumbList\",\"@id\":\"https:\/\/www.capgemini.com\/ca-fr\/actualites\/communiques-de-presse\/capgemini-annonce-de-nouvelles-ambitions-a-moyen-terme-et-tient-aujourdhui-son-capital-markets-day-2021\/#breadcrumb\",\"itemListElement\":[{\"@type\":\"ListItem\",\"position\":1,\"name\":\"Home\",\"item\":\"https:\/\/www.capgemini.com\/ca-fr\/\"},{\"@type\":\"ListItem\",\"position\":2,\"name\":\"Press Releases\",\"item\":\"https:\/\/www.capgemini.com\/ca-fr\/news\/\"},{\"@type\":\"ListItem\",\"position\":3,\"name\":\"Capgemini annonce de nouvelles ambitions \u00e0 moyen terme et tient aujourd\u2019hui son Capital markets day 2021\"}]},{\"@type\":\"WebSite\",\"@id\":\"https:\/\/www.capgemini.com\/ca-fr\/#website\",\"url\":\"https:\/\/www.capgemini.com\/ca-fr\/\",\"name\":\"Capgemini Canada French\",\"description\":\"Capgemini\",\"potentialAction\":[{\"@type\":\"SearchAction\",\"target\":{\"@type\":\"EntryPoint\",\"urlTemplate\":\"https:\/\/www.capgemini.com\/ca-fr\/?s={search_term_string}\"},\"query-input\":\"required name=search_term_string\"}],\"inLanguage\":\"fr-FR\"}]}<\/script>\n<!-- \/ Yoast SEO Premium plugin. -->","yoast_head_json":{"title":"Capgemini annonce de nouvelles ambitions \u00e0 moyen terme et tient aujourd\u2019hui son Capital markets day 2021 - Capgemini Canada French","robots":{"index":"index","follow":"follow","max-snippet":"max-snippet:-1","max-image-preview":"max-image-preview:large","max-video-preview":"max-video-preview:-1"},"canonical":"https:\/\/www.capgemini.com\/ca-fr\/actualites\/communiques-de-presse\/capgemini-annonce-de-nouvelles-ambitions-a-moyen-terme-et-tient-aujourdhui-son-capital-markets-day-2021\/","og_locale":"fr_FR","og_type":"article","og_title":"Capgemini annonce de nouvelles ambitions \u00e0 moyen terme et tient aujourd\u2019hui son Capital markets day 2021","og_url":"https:\/\/www.capgemini.com\/ca-fr\/actualites\/communiques-de-presse\/capgemini-annonce-de-nouvelles-ambitions-a-moyen-terme-et-tient-aujourdhui-son-capital-markets-day-2021\/","og_site_name":"Capgemini Canada French","article_modified_time":"2025-03-30T05:34:49+00:00","og_image":[{"width":1200,"height":627,"url":"https:\/\/www.capgemini.com\/ca-fr\/wp-content\/uploads\/sites\/21\/2025\/10\/New-Web-preview-global.jpg","type":"image\/jpeg"}],"twitter_card":"summary_large_image","schema":{"@context":"https:\/\/schema.org","@graph":[{"@type":"WebPage","@id":"https:\/\/www.capgemini.com\/ca-fr\/actualites\/communiques-de-presse\/capgemini-annonce-de-nouvelles-ambitions-a-moyen-terme-et-tient-aujourdhui-son-capital-markets-day-2021\/","url":"https:\/\/www.capgemini.com\/ca-fr\/actualites\/communiques-de-presse\/capgemini-annonce-de-nouvelles-ambitions-a-moyen-terme-et-tient-aujourdhui-son-capital-markets-day-2021\/","name":"Capgemini annonce de nouvelles ambitions \u00e0 moyen terme et tient aujourd\u2019hui son Capital markets day 2021 - Capgemini Canada French","isPartOf":{"@id":"https:\/\/www.capgemini.com\/ca-fr\/#website"},"datePublished":"2021-03-31T11:53:00+00:00","dateModified":"2025-03-30T05:34:49+00:00","breadcrumb":{"@id":"https:\/\/www.capgemini.com\/ca-fr\/actualites\/communiques-de-presse\/capgemini-annonce-de-nouvelles-ambitions-a-moyen-terme-et-tient-aujourdhui-son-capital-markets-day-2021\/#breadcrumb"},"inLanguage":"fr-FR","potentialAction":[{"@type":"ReadAction","target":["https:\/\/www.capgemini.com\/ca-fr\/actualites\/communiques-de-presse\/capgemini-annonce-de-nouvelles-ambitions-a-moyen-terme-et-tient-aujourdhui-son-capital-markets-day-2021\/"]}]},{"@type":"BreadcrumbList","@id":"https:\/\/www.capgemini.com\/ca-fr\/actualites\/communiques-de-presse\/capgemini-annonce-de-nouvelles-ambitions-a-moyen-terme-et-tient-aujourdhui-son-capital-markets-day-2021\/#breadcrumb","itemListElement":[{"@type":"ListItem","position":1,"name":"Home","item":"https:\/\/www.capgemini.com\/ca-fr\/"},{"@type":"ListItem","position":2,"name":"Press Releases","item":"https:\/\/www.capgemini.com\/ca-fr\/news\/"},{"@type":"ListItem","position":3,"name":"Capgemini annonce de nouvelles ambitions \u00e0 moyen terme et tient aujourd\u2019hui son Capital markets day 2021"}]},{"@type":"WebSite","@id":"https:\/\/www.capgemini.com\/ca-fr\/#website","url":"https:\/\/www.capgemini.com\/ca-fr\/","name":"Capgemini Canada French","description":"Capgemini","potentialAction":[{"@type":"SearchAction","target":{"@type":"EntryPoint","urlTemplate":"https:\/\/www.capgemini.com\/ca-fr\/?s={search_term_string}"},"query-input":"required name=search_term_string"}],"inLanguage":"fr-FR"}]}},"parsely":{"version":"1.1.0","canonical_url":"https:\/\/capgemini.com\/ca-fr\/actualites\/communiques-de-presse\/capgemini-annonce-de-nouvelles-ambitions-a-moyen-terme-et-tient-aujourdhui-son-capital-markets-day-2021\/","smart_links":{"inbound":0,"outbound":0},"traffic_boost_suggestions_count":0,"meta":{"@context":"https:\/\/schema.org","@type":"NewsArticle","headline":"Capgemini annonce de nouvelles ambitions \u00e0 moyen terme et tient aujourd\u2019hui son Capital markets day 2021","url":"https:\/\/www.capgemini.com\/ca-fr\/actualites\/communiques-de-presse\/capgemini-annonce-de-nouvelles-ambitions-a-moyen-terme-et-tient-aujourdhui-son-capital-markets-day-2021\/","mainEntityOfPage":{"@type":"WebPage","@id":"https:\/\/www.capgemini.com\/ca-fr\/actualites\/communiques-de-presse\/capgemini-annonce-de-nouvelles-ambitions-a-moyen-terme-et-tient-aujourdhui-son-capital-markets-day-2021\/"},"thumbnailUrl":"","image":{"@type":"ImageObject","url":""},"articleSection":"Uncategorized","author":[],"creator":[],"publisher":{"@type":"Organization","name":"Capgemini Canada French","logo":""},"keywords":[],"dateCreated":"2021-03-31T11:53:00Z","datePublished":"2021-03-31T11:53:00Z","dateModified":"2025-03-30T05:34:49Z"},"rendered":"<meta name=\"parsely-title\" content=\"Capgemini annonce de nouvelles ambitions \u00e0 moyen terme et tient aujourd\u2019hui son Capital markets day 2021\" \/>\n<meta name=\"parsely-link\" content=\"https:\/\/www.capgemini.com\/ca-fr\/actualites\/communiques-de-presse\/capgemini-annonce-de-nouvelles-ambitions-a-moyen-terme-et-tient-aujourdhui-son-capital-markets-day-2021\/\" \/>\n<meta name=\"parsely-type\" content=\"post\" \/>\n<meta name=\"parsely-pub-date\" content=\"2021-03-31T11:53:00Z\" \/>\n<meta name=\"parsely-section\" content=\"Uncategorized\" \/>","tracker_url":"https:\/\/cdn.parsely.com\/keys\/capgemini.com\/p.js"},"archive_status":false,"featured_image_src":"https:\/\/www.capgemini.com\/ca-fr\/wp-content\/themes\/capgemini2025\/assets\/images\/mockup.png","featured_image_alt":false,"jetpack_sharing_enabled":true,"distributor_meta":false,"distributor_terms":false,"distributor_media":false,"distributor_original_site_name":"Capgemini Canada French","distributor_original_site_url":"https:\/\/www.capgemini.com\/ca-fr","push-errors":false,"tag_names":[],"_links":{"self":[{"href":"https:\/\/www.capgemini.com\/ca-fr\/wp-json\/wp\/v2\/press-release\/3136","targetHints":{"allow":["GET"]}}],"collection":[{"href":"https:\/\/www.capgemini.com\/ca-fr\/wp-json\/wp\/v2\/press-release"}],"about":[{"href":"https:\/\/www.capgemini.com\/ca-fr\/wp-json\/wp\/v2\/types\/press-release"}],"author":[{"embeddable":true,"href":"https:\/\/www.capgemini.com\/ca-fr\/wp-json\/wp\/v2\/users\/336"}],"version-history":[{"count":5,"href":"https:\/\/www.capgemini.com\/ca-fr\/wp-json\/wp\/v2\/press-release\/3136\/revisions"}],"predecessor-version":[{"id":707593,"href":"https:\/\/www.capgemini.com\/ca-fr\/wp-json\/wp\/v2\/press-release\/3136\/revisions\/707593"}],"wp:attachment":[{"href":"https:\/\/www.capgemini.com\/ca-fr\/wp-json\/wp\/v2\/media?parent=3136"}],"wp:term":[{"taxonomy":"post_tag","embeddable":true,"href":"https:\/\/www.capgemini.com\/ca-fr\/wp-json\/wp\/v2\/tags?post=3136"},{"taxonomy":"press-release-type","embeddable":true,"href":"https:\/\/www.capgemini.com\/ca-fr\/wp-json\/wp\/v2\/press-release-type?post=3136"},{"taxonomy":"brand","embeddable":true,"href":"https:\/\/www.capgemini.com\/ca-fr\/wp-json\/wp\/v2\/brand?post=3136"}],"curies":[{"name":"wp","href":"https:\/\/api.w.org\/{rel}","templated":true}]}}