{"id":3071,"date":"2021-05-20T11:18:00","date_gmt":"2021-05-20T11:18:00","guid":{"rendered":"https:\/\/www.capgemini.com\/ca-fr\/?post_type=press-release&#038;p=3071"},"modified":"2025-03-30T05:28:24","modified_gmt":"2025-03-30T05:28:24","slug":"assemblee-generale-du-20-mai-2021","status":"publish","type":"press-release","link":"https:\/\/www.capgemini.com\/ca-fr\/actualites\/communiques-de-presse\/assemblee-generale-du-20-mai-2021\/","title":{"rendered":"Assembl\u00e9e g\u00e9n\u00e9rale du 20 mai 2021"},"content":{"rendered":"\n<p><\/p>\n\n\n\t\t<div class=\"wp-block-cg-blocks-hero-press-release\">\n\t\t\t<header class=\"header-hero-press-release\" role=\"main\" id=\"main-content-press-release\">\n\t\t\t\t<div class=\"container\">\n\t\t\t\t\t<div class=\"hero-press-release\">\n\t\t\t\t\t\t<div class=\"hero-press-release-content-wrapper\">\n\t\t\t\t\t\t\t<div class=\"row\">\n\t\t\t\t\t\t\t\t<div class=\"col-12\">\n\t\t\t\t\t\t\t\t\t<div class=\"header-title\">\n\t\t\t\t\t\t\t\t\t\t<h1>\n\t\t\t\t\t\t\t\t\t\t\tAssembl\u00e9e g\u00e9n\u00e9rale du 20 mai 2021\t\t\t\t\t\t\t\t\t\t<\/h1>\n\t\t\t\t\t\t\t\t\t<\/div>\n\t\t\t\t\t\t\t\t\t<div class=\"header-description\">\n\t\t\t\t\t\t\t\t\t\t<p><\/p>\n\t\t\t\t\t\t\t\t\t<\/div>\n\t\t\t\t\t\t\t\t\t\t\t\t\t\t\t\t\t\t<div class=\"header-date\">\n\t\t\t\t\t\t\t\t\t\t<span>mai 20, 2021<\/span>\n\t\t\t\t\t\t\t\t\t<\/div>\n\t\t\t\t\t\t\t\t<\/div>\n\t\t\t\t\t\t\t<\/div>\n\t\t\t\t\t\t<\/div>\n\t\t\t\t\t\t\t\t\t\t\t\t\t<div class=\"hero-press-release-downloads\">\n\t\t\t\t\t\t\t\t<div class=\"row\">\n\t\t\t\t\t\t\t\t\t\t\t\t\t\t\t\t\t\t\t<div class=\"col-12 col-md-6 col-lg-3\">\n\t\t\t\t\t\t\t\t\t\t\t<a class=\"download-item\" type=\"download\" href=\"https:\/\/www.capgemini.com\/ca-fr\/wp-content\/uploads\/sites\/21\/2022\/11\/COMMUNIQUE-DE-PRESSE-4.pdf\" target=\"_blank\" rel=\"noopener noreferrer\" title=\"Ouvrir dans une nouvelle fen\u00eatre\">\n\t\t\t\t\t\t\t\t\t\t\t\t<div class=\"download-icon\"><\/div>\n\t\t\t\t\t\t\t\t\t\t\t\t<div class=\"download-details\">\n\t\t\t\t\t\t\t\t\t\t\t\t\t<div class=\"download-title\">Download press release<\/div>\n\t\t\t\t\t\t\t\t\t\t\t\t\t<div class=\"download-props\">137 KB  pdf<\/div>\n\t\t\t\t\t\t\t\t\t\t\t\t<\/div>\n\t\t\t\t\t\t\t\t\t\t\t<\/a>\n\t\t\t\t\t\t\t\t\t\t<\/div>\n\t\t\t\t\t\t\t\t\t\t\t\t\t\t\t\t\t\t<\/div>\n\t\t\t\t\t\t\t<\/div>\n\t\t\t\t\t\t\t\t\t\t\t\t\t\t\t\t\t<\/div>\n\t\t\t\t<\/div>\n\t\t\t<\/header>\n\t\t<\/div>\n\t\t\n\n\n<section class=\"wp-block-cg-blocks-intro-para undefined section section--intro\"><div class=\"intro-para\"><div class=\"container\"><div class=\"row\"><div class=\"col-12 col-md-1\"><nav class=\"article-social\"><ul class=\"social-nav\"><li class=\"ip-order-fb\"><a href=\"https:\/\/www.facebook.com\/sharer\/sharer.php?u=https:\/\/www.capgemini.com\/ca-fr\/actualites\/communiques-de-presse\/assemblee-generale-du-20-mai-2021\/\" target=\"_blank\" rel=\"noopener noreferrer\" title=\"Ouvrir dans une nouvelle fen\u00eatre\"><i aria-hidden=\"true\" class=\"icon-fb\"><\/i><span class=\"sr-only\">Facebook<\/span><\/a><\/li><li class=\"ip-order-li\"><a href=\"https:\/\/www.linkedin.com\/sharing\/share-offsite\/?url=https:\/\/www.capgemini.com\/ca-fr\/actualites\/communiques-de-presse\/assemblee-generale-du-20-mai-2021\/\" target=\"_blank\" rel=\"noopener noreferrer\" title=\"Ouvrir dans une nouvelle fen\u00eatre\"><i aria-hidden=\"true\" class=\"icon-li\"><\/i><span class=\"sr-only\">Linkedin<\/span><\/a><\/li><\/ul><\/nav><\/div><div class=\"col-12 col-md-11 col-lg-10\"><h2 class=\"intro-para-title\"><strong>Paris, le 20 mai 2021 \u2013 L\u2019Assembl\u00e9e G\u00e9n\u00e9rale des actionnaires de Capgemini SE, tenue ce jour \u00e0 huis clos, a adopt\u00e9 l\u2019ensemble des r\u00e9solutions soumises au vote.<\/strong><\/h2><\/div><\/div><\/div><\/div><\/section>\n\n\n\n<section class=\"wp-block-cg-blocks-group undefined section section--article-content\"><div class=\"article-main-content\"><div class=\"container\"><div class=\"row\"><div class=\"col-12 col-md-11 col-lg-10 offset-md-1 offset-lg-1\"><div class=\"article-text article-quote-text\">\n<p>Conform\u00e9ment aux mesures d\u2019urgence adopt\u00e9es par le Gouvernement pour freiner la propagation du Covid-19, l\u2019Assembl\u00e9e G\u00e9n\u00e9rale de la Soci\u00e9t\u00e9 s\u2019est tenue ce jour \u00e0 huis clos, sans la pr\u00e9sence physique des actionnaires, avec une retransmission en direct sur le site internet de la Soci\u00e9t\u00e9. Un moment d\u2019\u00e9change en direct avec les actionnaires a permis de r\u00e9pondre aux questions pos\u00e9es avant l\u2019Assembl\u00e9e ainsi que durant l\u2019Assembl\u00e9e directement depuis l\u2019interface de retransmission. L\u2019int\u00e9gralit\u00e9 du vote a eu lieu par correspondance et les actionnaires ont adopt\u00e9 l\u2019ensemble des r\u00e9solutions pr\u00e9sent\u00e9es avec un quorum de 76%.<\/p>\n\n\n\n<p>A l\u2019occasion de l\u2019Assembl\u00e9e G\u00e9n\u00e9rale, les actionnaires ont adopt\u00e9 la distribution d\u2019un dividende de 1,95 euro par action au titre de l\u2019exercice 2020, qui sera mis en paiement \u00e0 partir du 4 juin 2021, avec une date de d\u00e9tachement du coupon fix\u00e9e au 2 juin 2021.<\/p>\n\n\n\n<p>L\u2019Assembl\u00e9e G\u00e9n\u00e9rale a approuv\u00e9 les r\u00e9solutions portant sur la composition du Conseil d\u2019Administration&nbsp;:<\/p>\n\n\n\n<ul class=\"wp-block-list\">\n<li>Tanja Rueckert<a href=\"#_ftn1\" id=\"_ftnref1\">[1]<\/a>, Pr\u00e9sidente du <em>Board of Management<\/em> de Bosch Building Technologies, a \u00e9t\u00e9 nomm\u00e9e membre du Conseil d\u2019Administration pour une dur\u00e9e de quatre ans. De nationalit\u00e9 allemande, elle apporte au Conseil sa solide exp\u00e9rience dans le secteur des logiciels en tant que dirigeante d\u2019unit\u00e9s op\u00e9rationnelles de groupes internationaux et son expertise dans des domaines tels que l\u2019Internet des Objets (IoT), l\u2019intelligence artificielle et la transformation digitale. Le Conseil a indiqu\u00e9 consid\u00e9rer Tanja Rueckert comme administratrice ind\u00e9pendante au regard des crit\u00e8res du Code AFEP-MEDEF auquel la Soci\u00e9t\u00e9 se r\u00e9f\u00e8re&nbsp;;<\/li>\n\n\n\n<li>Kurt Sievers<a href=\"#_ftn2\" id=\"_ftnref2\">[2]<\/a>, Pr\u00e9sident-directeur g\u00e9n\u00e9ral et Directeur Ex\u00e9cutif de NXP Semiconductors N.V., a \u00e9t\u00e9 nomm\u00e9 membre du Conseil d\u2019Administration pour une dur\u00e9e de quatre ans. De nationalit\u00e9 allemande, il apporte au Conseil son exp\u00e9rience en tant que dirigeant d\u2019un groupe international leader dans l\u2019industrie des semi-conducteurs, au c\u0153ur du d\u00e9veloppement de l\u2019Industrie Intelligente, et son expertise du secteur automobile, de la technologie et de l\u2019intelligence artificielle ainsi que sa connaissance de l\u2019Am\u00e9rique du Nord et de la gouvernance am\u00e9ricaine. Le Conseil a indiqu\u00e9 consid\u00e9rer Kurt Sievers comme administrateur ind\u00e9pendant au regard des crit\u00e8res du Code AFEP-MEDEF auquel la Soci\u00e9t\u00e9 se r\u00e9f\u00e8re&nbsp;;<\/li>\n\n\n\n<li>Le mandat de Patrick Pouyann\u00e9, administrateur ind\u00e9pendant, a \u00e9galement \u00e9t\u00e9 renouvel\u00e9 pour une dur\u00e9e de quatre ans.<\/li>\n<\/ul>\n\n\n\n<p>A l\u2019issue de cette Assembl\u00e9e G\u00e9n\u00e9rale, le Conseil d\u2019Administration de Capgemini SE compte ainsi 14 administrateurs<a href=\"#_ftn3\" id=\"_ftnref3\">[3]<\/a>, dont 2 administrateurs repr\u00e9sentant les salari\u00e9s. Il compte parmi ses membres 82% d\u2019administrateurs d\u2019ind\u00e9pendants<a href=\"#_ftn4\" id=\"_ftnref4\"><sup>[4]<\/sup><\/a>, 43% d\u2019administrateurs ayant des profils internationaux et 45% de femmes<a href=\"#_ftn5\" id=\"_ftnref5\">[5]<\/a>. Cette composition refl\u00e8te l\u2019ambition renouvel\u00e9e du Conseil de poursuivre son internationalisation, d\u2019approfondir son expertise sectorielle et d\u2019enrichir la diversit\u00e9 de ses profils.<\/p>\n\n\n\n<p>Le Conseil d\u2019Administration a remerci\u00e9 chaleureusement Mme Anne Bouverot et MM. Daniel Bernard et Pierre Pringuet pour leurs contributions aux travaux du Conseil et de ses comit\u00e9s durant leur mandat, et a notamment salu\u00e9 le r\u00f4le jou\u00e9 par le Vice-Pr\u00e9sident et l\u2019Administrateur R\u00e9f\u00e9rent dans la pr\u00e9paration de la succession manag\u00e9riale intervenue en mai 2020.<\/p>\n\n\n\n<p>En outre, le Conseil d\u2019Administration, r\u00e9uni \u00e0 l\u2019issue de l\u2019Assembl\u00e9e G\u00e9n\u00e9rale, a d\u00e9cid\u00e9 de nommer M. Fr\u00e9d\u00e9ric Oud\u00e9a Administrateur R\u00e9f\u00e9rent et Pr\u00e9sident du Comit\u00e9 Ethique et Gouvernance en remplacement de M. Pierre Pringuet, dont le mandat est arriv\u00e9 \u00e0 \u00e9ch\u00e9ance \u00e0 l\u2019issue de l\u2019Assembl\u00e9e G\u00e9n\u00e9rale. M. Fr\u00e9d\u00e9ric Oud\u00e9a a \u00e9galement \u00e9t\u00e9 nomm\u00e9 Vice-Pr\u00e9sident du Conseil d\u2019administration en remplacement de M. Daniel Bernard dont le mandat est arriv\u00e9 \u00e0 \u00e9ch\u00e9ance \u00e0 l\u2019issue de l\u2019Assembl\u00e9e G\u00e9n\u00e9rale.<\/p>\n\n\n\n<p>L\u2019Assembl\u00e9e G\u00e9n\u00e9rale a approuv\u00e9 les \u00e9l\u00e9ments de r\u00e9mun\u00e9ration et les avantages vers\u00e9s ou attribu\u00e9s au titre de l\u2019exercice 2020 \u00e0 M. Paul Hermelin, Pr\u00e9sident-directeur g\u00e9n\u00e9ral puis Pr\u00e9sident du Conseil et \u00e0 M. Aiman Ezzat, Directeur g\u00e9n\u00e9ral d\u00e9l\u00e9gu\u00e9 puis Directeur g\u00e9n\u00e9ral. Le rapport sur la r\u00e9mun\u00e9ration des mandataires sociaux ainsi que les diff\u00e9rentes politiques de r\u00e9mun\u00e9ration 2021 des dirigeants mandataires sociaux et des administrateurs ont \u00e9galement \u00e9t\u00e9 approuv\u00e9s.<\/p>\n\n\n\n<p>Enfin, l\u2019Assembl\u00e9e G\u00e9n\u00e9rale a exprim\u00e9 un vote favorable sur l\u2019ensemble des d\u00e9l\u00e9gations financi\u00e8res consenties au Conseil d\u2019Administration.<\/p>\n\n\n\n<p>Le r\u00e9sultat d\u00e9taill\u00e9 des votes par r\u00e9solution ainsi que la retransmission int\u00e9grale de l\u2019Assembl\u00e9e G\u00e9n\u00e9rale sont disponibles sur le site internet de la Soci\u00e9t\u00e9&nbsp;:<\/p>\n\n\n\n<figure class=\"wp-block-embed is-type-wp-embed is-provider-capgemini-investors-fr wp-block-embed-capgemini-investors-fr\"><div class=\"wp-block-embed__wrapper\">\n<blockquote class=\"wp-embedded-content\" data-secret=\"brIQoLTD1V\"><a href=\"https:\/\/investors.capgemini.com\/fr\/event\/assembl%c3%a9e-g%c3%a9n%c3%a9rale-2021\/\">Assembl\u00e9e g\u00e9n\u00e9rale 2021<\/a><\/blockquote><iframe loading=\"lazy\" class=\"wp-embedded-content\" sandbox=\"allow-scripts\" security=\"restricted\" style=\"position: absolute; clip: rect(1px, 1px, 1px, 1px);\" title=\"\u00ab\u00a0Assembl\u00e9e g\u00e9n\u00e9rale 2021\u00a0\u00bb &#8212; Capgemini Investors FR\" src=\"https:\/\/investors.capgemini.com\/fr\/event\/assembl%c3%a9e-g%c3%a9n%c3%a9rale-2021\/embed\/#?secret=HDZqvCMXdX#?secret=brIQoLTD1V\" data-secret=\"brIQoLTD1V\" width=\"600\" height=\"338\" frameborder=\"0\" marginwidth=\"0\" marginheight=\"0\" scrolling=\"no\"><\/iframe>\n<\/div><\/figure>\n\n\n\n<h4 class=\"wp-block-heading\" id=\"h-a-propos-de-capgemini\">\u00c0 propos de Capgemini<\/h4>\n\n\n\n<p>Capgemini est un leader mondial, responsable et multiculturel, regroupant 270 000 personnes dans pr\u00e8s de 50 pays. Partenaire strat\u00e9gique des entreprises pour la transformation de leurs activit\u00e9s en tirant profit de toute la puissance de la technologie, le Groupe est guid\u00e9 au quotidien par sa raison d\u2019\u00eatre : lib\u00e9rer les \u00e9nergies humaines par la technologie pour un avenir inclusif et durable. Fort de plus de 50 ans d\u2019exp\u00e9rience et d\u2019une grande expertise des diff\u00e9rents secteurs d\u2019activit\u00e9, Capgemini est reconnu par ses clients pour r\u00e9pondre \u00e0 l\u2019ensemble de leurs besoins, de la strat\u00e9gie et du design jusqu\u2019au management des op\u00e9rations, en tirant parti des innovations dans les domaines en perp\u00e9tuelle \u00e9volution du cloud, de la data, de l\u2019Intelligence Artificielle, de la connectivit\u00e9, des logiciels, de l\u2019ing\u00e9nierie digitale et des plateformes. Le Groupe a r\u00e9alis\u00e9 un chiffre d\u2019affaires de 16 milliards d\u2019euros en 2020.<\/p>\n\n\n\n<p><em>Get the Future You Want<\/em>* | <a href=\"http:\/\/www.capgemini.com\">www.capgemini.com<\/a><\/p>\n\n\n\n<p>*Capgemini, le futur que vous voulez<\/p>\n\n\n\n<h4 class=\"wp-block-heading\" id=\"h-avertissement\">AVERTISSEMENT<\/h4>\n\n\n\n<p>Le pr\u00e9sent communiqu\u00e9 de presse est susceptible de contenir des informations prospectives. Ces informations peuvent comprendre des projections, des estimations, des hypoth\u00e8ses, des informations concernant des projets, des objectifs, des intentions et\/ou des attentes portant sur des r\u00e9sultats financiers futurs, des \u00e9v\u00e8nements, des op\u00e9rations, le d\u00e9veloppement de services et de produits futurs, ainsi que des informations relatives \u00e0 des performances ou \u00e0 des \u00e9v\u00e8nements futurs. Ces informations prospectives sont g\u00e9n\u00e9ralement reconnaissables \u00e0 l\u2019emploi des termes \u00ab s\u2019attendre \u00e0 \u00bb, \u00ab anticiper \u00bb, \u00ab penser que \u00bb, \u00ab avoir l\u2019intention de \u00bb, \u00ab estimer \u00bb, \u00ab pr\u00e9voir \u00bb, \u00ab projeter \u00bb, \u00ab pourrait \u00bb, \u00ab devrait \u00bb ou \u00e0 l\u2019emploi de la forme n\u00e9gative de ces termes et \u00e0 d\u2019autres expressions de m\u00eame nature. La direction de Capgemini consid\u00e8re actuellement que ces informations prospectives traduisent des attentes raisonnables ; la soci\u00e9t\u00e9 alerte cependant les investisseurs sur le fait que ces informations prospectives sont soumises \u00e0 des risques et incertitudes (y compris, notamment, les risques identifi\u00e9s dans le Document de R\u00e9f\u00e9rence de Capgemini, disponible sur le site internet de Capgemini), \u00e9tant donn\u00e9 qu\u2019elles ont trait \u00e0 des \u00e9v\u00e8nements futurs et d\u00e9pendent des circonstances futures dont la r\u00e9alisation est incertaine et qui peuvent diff\u00e9rer de ceux anticip\u00e9s, souvent difficilement pr\u00e9visibles et g\u00e9n\u00e9ralement en dehors du contr\u00f4le de Capgemini. Les r\u00e9sultats et les \u00e9v\u00e8nements r\u00e9els sont susceptibles de diff\u00e9rer significativement, de ceux qui sont exprim\u00e9s, impliqu\u00e9s ou projet\u00e9s dans les informations prospectives. Les informations prospectives ne donnent aucune garantie de r\u00e9alisation d\u2019\u00e9v\u00e8nements ou de r\u00e9sultats futurs et n\u2019ont pas cette vocation. Capgemini ne prend aucun engagement de mettre \u00e0 jour ou de r\u00e9viser les informations prospectives sous r\u00e9serve de ses obligations l\u00e9gales.<\/p>\n\n\n\n<p>Le pr\u00e9sent communiqu\u00e9 de presse ne constitue pas une offre d\u2019instruments financiers au public et ne contient pas d\u2019invitation ou d\u2019incitation \u00e0 investir dans des instruments financiers en France, aux \u00c9tats-Unis ou n\u2019importe quel autre pays.<\/p>\n\n\n\n<p><a href=\"#_ftnref1\" id=\"_ftn1\">[1]<\/a> Voir la biographie de Tanja Rueckert dans le <a href=\"https:\/\/www.capgemini.com\/ca-fr\/news\/evolutions-dans-la-composition-du-conseil-dadministration-de-capgemini-proposees-a-lassemblee-generale-2021-qui-se-tiendra-a-huis-clos\/#:~:text=Dans%20l'hypoth%C3%A8se%20de%20l,administrateur%20repr%C3%A9sentant%20les%20salari%C3%A9s%20actionnaires.\">communiqu\u00e9 de presse du 18 mars 2021<\/a>.<\/p>\n\n\n\n<p><a href=\"#_ftnref2\" id=\"_ftn2\">[2]<\/a> Voir la biographie de Kurt Sievers dans le <a href=\"https:\/\/www.capgemini.com\/ca-fr\/news\/evolutions-dans-la-composition-du-conseil-dadministration-de-capgemini-proposees-a-lassemblee-generale-2021-qui-se-tiendra-a-huis-clos\/#:~:text=Dans%20l'hypoth%C3%A8se%20de%20l,administrateur%20repr%C3%A9sentant%20les%20salari%C3%A9s%20actionnaires.\">communiqu\u00e9 de presse du 18 mars 2021<\/a>.<\/p>\n\n\n\n<p><a href=\"#_ftnref3\" id=\"_ftn3\">[3]<\/a> Composition du Conseil d\u2019Administration et de ses comit\u00e9s en annexe.<\/p>\n\n\n\n<p><a href=\"#_ftnref4\" id=\"_ftn4\">[4]<\/a> Les administrateurs repr\u00e9sentant les salari\u00e9s et les salari\u00e9s actionnaires ne sont pas pris en compte pour le calcul de ce pourcentage, conform\u00e9ment aux dispositions du Code AFEP-MEDEF.<\/p>\n\n\n\n<p><a href=\"#_ftnref5\" id=\"_ftn5\">[5]<\/a> Les administrateurs repr\u00e9sentant les salari\u00e9s et les salari\u00e9s actionnaires ne sont pas pris en compte pour le calcul de ce pourcentage, conform\u00e9ment aux dispositions du Code de Commerce actuellement en vigueur.<\/p>\n\n\n<div class=\"wp-block-cg-blocks-cg-block-related-content\"><section class=\"relatedContentBlock\"><div class=\"container\"><div class=\"row\"><div class=\"content-title col-12 col-md-8\"><h2 class=\"related-content-heading\">Related News<\/h2><\/div><\/div><div class=\"row relatedContent\"><div class=\"col-lg-4 col-md-6 col-xs-12\">\n\t\t\t\t\t\t\t<div class=\"box\">\n\t\t\t\t\t\t\t\t<a aria-label=\"Lire la suite Chiffre d\u2019affaires du 1er trimestre 2026\" href=\"https:\/\/www.capgemini.com\/ca-fr\/actualites\/communiques-de-presse\/chiffre-daffaires-du-1er-trimestre-2026\/\" class=\"anchorWrapper\">\n\t\t\t\t\t\t\t\t\t<span class=\"box-tag\"><span>Actualit\u00e9s financi\u00e8res<\/span><\/span>\n\t\t\t\t\t\t\t\t\t<div class=\"box-title\"><h3 class=\"box-subtitle\">Chiffre d\u2019affaires du 1er trimestre 2026<\/h3><\/div>\n\t\t\t\t\t\t\t\t\t<div class=\"box-date\">\n\t\t\t\t\t\t\t\t\t\t<span>Apr 30, 2026<\/span>\n\t\t\t\t\t\t\t\t\t<\/div>\n\t\t\t\t\t\t\t\t\t<div class=\"box-bottom\">\n\t\t\t\t\t\t\t\t\t\t&lt;a class=&quot;link-download&quot; href=&quot;https:\/\/www.capgemini.com\/fr-fr\/wp-content\/uploads\/sites\/6\/2026\/04\/Capgemini_-_2026-04-30_-_Chiffre_d_affaires_du_1er_trimestre_2026.pdf&quot; aria-label=&quot;T\u00e9l\u00e9charger le communiqu\u00e9 de presse&quot; target=&quot;_blank&quot;  type=&quot;download&quot; title=&quot;Opens in a new window&quot;&gt;\n\t\t\t\t\t\t\t&lt;span&gt;T\u00e9l\u00e9charger le communiqu\u00e9 de presse&lt;\/span&gt;\n\t\t\t\t\t\t\t&lt;span&gt;237 KB PDF&lt;\/span&gt;\n\t\t\t\t\t\t&lt;\/a&gt;\n\t\t\t\t\t\t\t\t\t\t<a class=\"more\" aria-label=\"Lire la suite Chiffre d\u2019affaires du 1er trimestre 2026\" href=\"https:\/\/www.capgemini.com\/ca-fr\/actualites\/communiques-de-presse\/chiffre-daffaires-du-1er-trimestre-2026\/\">Lire la suite<\/a>\n\t\t\t\t\t\t\t\t\t<\/div>\n\t\t\t\t\t\t\t\t<\/a>\n\t\t\t\t\t\t\t<\/div>\n\t\t\t\t\t\t<\/div><div class=\"col-lg-4 col-md-6 col-xs-12\">\n\t\t\t\t\t\t\t<div class=\"box\">\n\t\t\t\t\t\t\t\t<a aria-label=\"Lire la suite Capgemini et McDonald\u2019s renouvellent leur partenariat strat\u00e9gique avec un accord mondial pluriannuel ax\u00e9 sur le d\u00e9ploiement de plateformes modernes et \u00e9volutives\" href=\"https:\/\/www.capgemini.com\/ca-fr\/actualites\/communiques-de-presse\/capgemini-et-mcdonalds-renouvellent-leur-partenariat-strategique-avec-un-accord-mondial-pluriannuel-axe-sur-le-deploiement-de-plateformes-modernes-et-evolutives\/\" class=\"anchorWrapper\">\n\t\t\t\t\t\t\t\t\t<span class=\"box-tag\"><span>Actualit\u00e9s client<\/span><\/span>\n\t\t\t\t\t\t\t\t\t<div class=\"box-title\"><h3 class=\"box-subtitle\">Capgemini et McDonald\u2019s renouvellent leur partenariat strat\u00e9gique avec un accord mondial pluriannuel ax\u00e9 sur le d\u00e9ploiement de plateformes modernes et \u00e9volutives<\/h3><\/div>\n\t\t\t\t\t\t\t\t\t<div class=\"box-date\">\n\t\t\t\t\t\t\t\t\t\t<span>Apr 15, 2026<\/span>\n\t\t\t\t\t\t\t\t\t<\/div>\n\t\t\t\t\t\t\t\t\t<div class=\"box-bottom\">\n\t\t\t\t\t\t\t\t\t\t&lt;a class=&quot;link-download&quot; href=&quot;https:\/\/www.capgemini.com\/fr-fr\/wp-content\/uploads\/sites\/6\/2026\/03\/2026_03_05_McDonalds_Capgemini_Press-Release_FR.pdf&quot; aria-label=&quot;T\u00e9l\u00e9charger le communiqu\u00e9 de presse&quot; target=&quot;_blank&quot;  type=&quot;download&quot; title=&quot;Opens in a new window&quot;&gt;\n\t\t\t\t\t\t\t&lt;span&gt;T\u00e9l\u00e9charger le communiqu\u00e9 de presse&lt;\/span&gt;\n\t\t\t\t\t\t\t&lt;span&gt;142 KB PDF&lt;\/span&gt;\n\t\t\t\t\t\t&lt;\/a&gt;\n\t\t\t\t\t\t\t\t\t\t<a class=\"more\" aria-label=\"Lire la suite Capgemini et McDonald\u2019s renouvellent leur partenariat strat\u00e9gique avec un accord mondial pluriannuel ax\u00e9 sur le d\u00e9ploiement de plateformes modernes et \u00e9volutives\" href=\"https:\/\/www.capgemini.com\/ca-fr\/actualites\/communiques-de-presse\/capgemini-et-mcdonalds-renouvellent-leur-partenariat-strategique-avec-un-accord-mondial-pluriannuel-axe-sur-le-deploiement-de-plateformes-modernes-et-evolutives\/\">Lire la suite<\/a>\n\t\t\t\t\t\t\t\t\t<\/div>\n\t\t\t\t\t\t\t\t<\/a>\n\t\t\t\t\t\t\t<\/div>\n\t\t\t\t\t\t<\/div><div class=\"col-lg-4 col-md-6 col-xs-12\">\n\t\t\t\t\t\t\t<div class=\"box\">\n\t\t\t\t\t\t\t\t<a aria-label=\"Lire la suite Capgemini et OpenAI unissent leurs forces pour acc\u00e9l\u00e9rer la nouvelle \u00e8re de transformation des entreprises par l\u2019IA avec la Frontier Alliance\" href=\"https:\/\/www.capgemini.com\/ca-fr\/actualites\/communiques-de-presse\/partenariat-avec-openai\/\" class=\"anchorWrapper\">\n\t\t\t\t\t\t\t\t\t<span class=\"box-tag\"><span>Partenariats<\/span><\/span>\n\t\t\t\t\t\t\t\t\t<div class=\"box-title\"><h3 class=\"box-subtitle\">Capgemini et OpenAI unissent leurs forces pour acc\u00e9l\u00e9rer la nouvelle \u00e8re de transformation des entreprises par l\u2019IA avec la Frontier Alliance<\/h3><\/div>\n\t\t\t\t\t\t\t\t\t<div class=\"box-date\">\n\t\t\t\t\t\t\t\t\t\t<span>Mar 22, 2026<\/span>\n\t\t\t\t\t\t\t\t\t<\/div>\n\t\t\t\t\t\t\t\t\t<div class=\"box-bottom\">\n\t\t\t\t\t\t\t\t\t\t&lt;a class=&quot;link-download&quot; href=&quot;https:\/\/www.capgemini.com\/wp-content\/uploads\/2026\/02\/02_23_Capgemini-News-Alert_OpenAI-Frontier-Alliance.pdf&quot; aria-label=&quot;T\u00e9l\u00e9charger le communiqu\u00e9 de presse&quot; target=&quot;_blank&quot;  type=&quot;download&quot; title=&quot;Opens in a new window&quot;&gt;\n\t\t\t\t\t\t\t&lt;span&gt;T\u00e9l\u00e9charger le communiqu\u00e9 de presse&lt;\/span&gt;\n\t\t\t\t\t\t\t&lt;span&gt;132 KB PDF&lt;\/span&gt;\n\t\t\t\t\t\t&lt;\/a&gt;\n\t\t\t\t\t\t\t\t\t\t<a class=\"more\" aria-label=\"Lire la suite Capgemini et OpenAI unissent leurs forces pour acc\u00e9l\u00e9rer la nouvelle \u00e8re de transformation des entreprises par l\u2019IA avec la Frontier Alliance\" href=\"https:\/\/www.capgemini.com\/ca-fr\/actualites\/communiques-de-presse\/partenariat-avec-openai\/\">Lire la suite<\/a>\n\t\t\t\t\t\t\t\t\t<\/div>\n\t\t\t\t\t\t\t\t<\/a>\n\t\t\t\t\t\t\t<\/div>\n\t\t\t\t\t\t<\/div><\/div><\/div><\/section><\/div><\/div><\/div><\/div><\/div><\/div><\/section>\n","protected":false},"excerpt":{"rendered":"","protected":false},"author":336,"featured_media":0,"template":"","meta":{"cg_dt_proposed_to":[],"cg_seo_hreflang_relations":"[]","cg_seo_canonical_relation":"","cg_seo_hreflang_x_default_relation":"{\"uuid\":\"bd2e04ba-d7e4-4add-ab4a-0e1b0e9305ac\",\"blogId\":\"\",\"domain\":\"\",\"sitePath\":\"\",\"postLink\":\"\",\"postId\":null,\"isSaved\":true,\"isCrossLink\":false,\"hasCrossLink\":false}","cg_dt_approved_content":true,"cg_dt_mandatory_content":false,"cg_dt_notes":"","cg_dg_source_changed":false,"cg_dt_link_disabled":false,"footnotes":"","related_resource_url":"https:\/\/www.capgemini.com\/ca-fr\/wp-content\/uploads\/sites\/21\/2022\/11\/COMMUNIQUE-DE-PRESSE-4.pdf","related_resource_id":3072,"related_resource_size":"137 KB","related_resource_type":"pdf","cg_author":0,"featured_focal_points":""},"tags":[],"press-release-type":[],"brand":[],"class_list":["post-3071","press-release","type-press-release","status-publish","hentry"],"yoast_head":"<!-- This site is optimized with the Yoast SEO Premium plugin v22.8 (Yoast SEO v22.8) - https:\/\/yoast.com\/wordpress\/plugins\/seo\/ -->\n<title>Assembl\u00e9e g\u00e9n\u00e9rale du 20 mai 2021 - Capgemini Canada French<\/title>\n<meta name=\"robots\" content=\"index, follow, max-snippet:-1, max-image-preview:large, max-video-preview:-1\" \/>\n<link rel=\"canonical\" href=\"https:\/\/www.capgemini.com\/ca-fr\/actualites\/communiques-de-presse\/assemblee-generale-du-20-mai-2021\/\" \/>\n<meta property=\"og:locale\" content=\"fr_FR\" \/>\n<meta property=\"og:type\" content=\"article\" \/>\n<meta property=\"og:title\" content=\"Assembl\u00e9e g\u00e9n\u00e9rale du 20 mai 2021\" \/>\n<meta property=\"og:url\" content=\"https:\/\/www.capgemini.com\/ca-fr\/actualites\/communiques-de-presse\/assemblee-generale-du-20-mai-2021\/\" \/>\n<meta property=\"og:site_name\" content=\"Capgemini Canada French\" \/>\n<meta property=\"article:modified_time\" content=\"2025-03-30T05:28:24+00:00\" \/>\n<meta property=\"og:image\" content=\"https:\/\/www.capgemini.com\/ca-fr\/wp-content\/uploads\/sites\/21\/2025\/10\/New-Web-preview-global.jpg\" \/>\n\t<meta property=\"og:image:width\" content=\"1200\" \/>\n\t<meta property=\"og:image:height\" content=\"627\" \/>\n\t<meta property=\"og:image:type\" content=\"image\/jpeg\" \/>\n<meta name=\"twitter:card\" content=\"summary_large_image\" \/>\n<script type=\"application\/ld+json\" class=\"yoast-schema-graph\">{\"@context\":\"https:\/\/schema.org\",\"@graph\":[{\"@type\":\"WebPage\",\"@id\":\"https:\/\/www.capgemini.com\/ca-fr\/actualites\/communiques-de-presse\/assemblee-generale-du-20-mai-2021\/\",\"url\":\"https:\/\/www.capgemini.com\/ca-fr\/actualites\/communiques-de-presse\/assemblee-generale-du-20-mai-2021\/\",\"name\":\"Assembl\u00e9e g\u00e9n\u00e9rale du 20 mai 2021 - Capgemini Canada French\",\"isPartOf\":{\"@id\":\"https:\/\/www.capgemini.com\/ca-fr\/#website\"},\"datePublished\":\"2021-05-20T11:18:00+00:00\",\"dateModified\":\"2025-03-30T05:28:24+00:00\",\"breadcrumb\":{\"@id\":\"https:\/\/www.capgemini.com\/ca-fr\/actualites\/communiques-de-presse\/assemblee-generale-du-20-mai-2021\/#breadcrumb\"},\"inLanguage\":\"fr-FR\",\"potentialAction\":[{\"@type\":\"ReadAction\",\"target\":[\"https:\/\/www.capgemini.com\/ca-fr\/actualites\/communiques-de-presse\/assemblee-generale-du-20-mai-2021\/\"]}]},{\"@type\":\"BreadcrumbList\",\"@id\":\"https:\/\/www.capgemini.com\/ca-fr\/actualites\/communiques-de-presse\/assemblee-generale-du-20-mai-2021\/#breadcrumb\",\"itemListElement\":[{\"@type\":\"ListItem\",\"position\":1,\"name\":\"Home\",\"item\":\"https:\/\/www.capgemini.com\/ca-fr\/\"},{\"@type\":\"ListItem\",\"position\":2,\"name\":\"Press Releases\",\"item\":\"https:\/\/www.capgemini.com\/ca-fr\/news\/\"},{\"@type\":\"ListItem\",\"position\":3,\"name\":\"Assembl\u00e9e g\u00e9n\u00e9rale du 20 mai 2021\"}]},{\"@type\":\"WebSite\",\"@id\":\"https:\/\/www.capgemini.com\/ca-fr\/#website\",\"url\":\"https:\/\/www.capgemini.com\/ca-fr\/\",\"name\":\"Capgemini Canada French\",\"description\":\"Capgemini\",\"potentialAction\":[{\"@type\":\"SearchAction\",\"target\":{\"@type\":\"EntryPoint\",\"urlTemplate\":\"https:\/\/www.capgemini.com\/ca-fr\/?s={search_term_string}\"},\"query-input\":\"required name=search_term_string\"}],\"inLanguage\":\"fr-FR\"}]}<\/script>\n<!-- \/ Yoast SEO Premium plugin. -->","yoast_head_json":{"title":"Assembl\u00e9e g\u00e9n\u00e9rale du 20 mai 2021 - Capgemini Canada French","robots":{"index":"index","follow":"follow","max-snippet":"max-snippet:-1","max-image-preview":"max-image-preview:large","max-video-preview":"max-video-preview:-1"},"canonical":"https:\/\/www.capgemini.com\/ca-fr\/actualites\/communiques-de-presse\/assemblee-generale-du-20-mai-2021\/","og_locale":"fr_FR","og_type":"article","og_title":"Assembl\u00e9e g\u00e9n\u00e9rale du 20 mai 2021","og_url":"https:\/\/www.capgemini.com\/ca-fr\/actualites\/communiques-de-presse\/assemblee-generale-du-20-mai-2021\/","og_site_name":"Capgemini Canada French","article_modified_time":"2025-03-30T05:28:24+00:00","og_image":[{"width":1200,"height":627,"url":"https:\/\/www.capgemini.com\/ca-fr\/wp-content\/uploads\/sites\/21\/2025\/10\/New-Web-preview-global.jpg","type":"image\/jpeg"}],"twitter_card":"summary_large_image","schema":{"@context":"https:\/\/schema.org","@graph":[{"@type":"WebPage","@id":"https:\/\/www.capgemini.com\/ca-fr\/actualites\/communiques-de-presse\/assemblee-generale-du-20-mai-2021\/","url":"https:\/\/www.capgemini.com\/ca-fr\/actualites\/communiques-de-presse\/assemblee-generale-du-20-mai-2021\/","name":"Assembl\u00e9e g\u00e9n\u00e9rale du 20 mai 2021 - Capgemini Canada French","isPartOf":{"@id":"https:\/\/www.capgemini.com\/ca-fr\/#website"},"datePublished":"2021-05-20T11:18:00+00:00","dateModified":"2025-03-30T05:28:24+00:00","breadcrumb":{"@id":"https:\/\/www.capgemini.com\/ca-fr\/actualites\/communiques-de-presse\/assemblee-generale-du-20-mai-2021\/#breadcrumb"},"inLanguage":"fr-FR","potentialAction":[{"@type":"ReadAction","target":["https:\/\/www.capgemini.com\/ca-fr\/actualites\/communiques-de-presse\/assemblee-generale-du-20-mai-2021\/"]}]},{"@type":"BreadcrumbList","@id":"https:\/\/www.capgemini.com\/ca-fr\/actualites\/communiques-de-presse\/assemblee-generale-du-20-mai-2021\/#breadcrumb","itemListElement":[{"@type":"ListItem","position":1,"name":"Home","item":"https:\/\/www.capgemini.com\/ca-fr\/"},{"@type":"ListItem","position":2,"name":"Press Releases","item":"https:\/\/www.capgemini.com\/ca-fr\/news\/"},{"@type":"ListItem","position":3,"name":"Assembl\u00e9e g\u00e9n\u00e9rale du 20 mai 2021"}]},{"@type":"WebSite","@id":"https:\/\/www.capgemini.com\/ca-fr\/#website","url":"https:\/\/www.capgemini.com\/ca-fr\/","name":"Capgemini Canada French","description":"Capgemini","potentialAction":[{"@type":"SearchAction","target":{"@type":"EntryPoint","urlTemplate":"https:\/\/www.capgemini.com\/ca-fr\/?s={search_term_string}"},"query-input":"required name=search_term_string"}],"inLanguage":"fr-FR"}]}},"parsely":{"version":"1.1.0","canonical_url":"https:\/\/capgemini.com\/ca-fr\/actualites\/communiques-de-presse\/assemblee-generale-du-20-mai-2021\/","smart_links":{"inbound":0,"outbound":0},"traffic_boost_suggestions_count":0,"meta":{"@context":"https:\/\/schema.org","@type":"NewsArticle","headline":"Assembl\u00e9e g\u00e9n\u00e9rale du 20 mai 2021","url":"https:\/\/www.capgemini.com\/ca-fr\/actualites\/communiques-de-presse\/assemblee-generale-du-20-mai-2021\/","mainEntityOfPage":{"@type":"WebPage","@id":"https:\/\/www.capgemini.com\/ca-fr\/actualites\/communiques-de-presse\/assemblee-generale-du-20-mai-2021\/"},"thumbnailUrl":"","image":{"@type":"ImageObject","url":""},"articleSection":"Uncategorized","author":[],"creator":[],"publisher":{"@type":"Organization","name":"Capgemini Canada French","logo":""},"keywords":[],"dateCreated":"2021-05-20T11:18:00Z","datePublished":"2021-05-20T11:18:00Z","dateModified":"2025-03-30T05:28:24Z"},"rendered":"<meta name=\"parsely-title\" content=\"Assembl\u00e9e g\u00e9n\u00e9rale du 20 mai 2021\" \/>\n<meta name=\"parsely-link\" content=\"https:\/\/www.capgemini.com\/ca-fr\/actualites\/communiques-de-presse\/assemblee-generale-du-20-mai-2021\/\" \/>\n<meta name=\"parsely-type\" content=\"post\" \/>\n<meta name=\"parsely-pub-date\" content=\"2021-05-20T11:18:00Z\" \/>\n<meta name=\"parsely-section\" content=\"Uncategorized\" \/>","tracker_url":"https:\/\/cdn.parsely.com\/keys\/capgemini.com\/p.js"},"archive_status":false,"featured_image_src":"https:\/\/www.capgemini.com\/ca-fr\/wp-content\/themes\/capgemini2025\/assets\/images\/mockup.png","featured_image_alt":false,"jetpack_sharing_enabled":true,"distributor_meta":false,"distributor_terms":false,"distributor_media":false,"distributor_original_site_name":"Capgemini Canada French","distributor_original_site_url":"https:\/\/www.capgemini.com\/ca-fr","push-errors":false,"tag_names":[],"_links":{"self":[{"href":"https:\/\/www.capgemini.com\/ca-fr\/wp-json\/wp\/v2\/press-release\/3071","targetHints":{"allow":["GET"]}}],"collection":[{"href":"https:\/\/www.capgemini.com\/ca-fr\/wp-json\/wp\/v2\/press-release"}],"about":[{"href":"https:\/\/www.capgemini.com\/ca-fr\/wp-json\/wp\/v2\/types\/press-release"}],"author":[{"embeddable":true,"href":"https:\/\/www.capgemini.com\/ca-fr\/wp-json\/wp\/v2\/users\/336"}],"version-history":[{"count":5,"href":"https:\/\/www.capgemini.com\/ca-fr\/wp-json\/wp\/v2\/press-release\/3071\/revisions"}],"predecessor-version":[{"id":707572,"href":"https:\/\/www.capgemini.com\/ca-fr\/wp-json\/wp\/v2\/press-release\/3071\/revisions\/707572"}],"wp:attachment":[{"href":"https:\/\/www.capgemini.com\/ca-fr\/wp-json\/wp\/v2\/media?parent=3071"}],"wp:term":[{"taxonomy":"post_tag","embeddable":true,"href":"https:\/\/www.capgemini.com\/ca-fr\/wp-json\/wp\/v2\/tags?post=3071"},{"taxonomy":"press-release-type","embeddable":true,"href":"https:\/\/www.capgemini.com\/ca-fr\/wp-json\/wp\/v2\/press-release-type?post=3071"},{"taxonomy":"brand","embeddable":true,"href":"https:\/\/www.capgemini.com\/ca-fr\/wp-json\/wp\/v2\/brand?post=3071"}],"curies":[{"name":"wp","href":"https:\/\/api.w.org\/{rel}","templated":true}]}}