{"id":711154,"date":"2026-03-13T03:23:31","date_gmt":"2026-03-13T03:23:31","guid":{"rendered":"https:\/\/www.capgemini.com\/ca-fr\/?p=711154&#038;preview=true&#038;preview_id=711154"},"modified":"2026-03-13T03:24:00","modified_gmt":"2026-03-13T03:24:00","slug":"cybersecurite-assises-de-la-cybers-2025-lheure-du-retour-aux-fondamentaux","status":"publish","type":"post","link":"https:\/\/www.capgemini.com\/ca-fr\/perspectives\/blog\/cybersecurite-assises-de-la-cybers-2025-lheure-du-retour-aux-fondamentaux\/","title":{"rendered":"Assises de la cybers\u00e9curit\u00e9 2025\u00a0: l\u2019heure du retour aux fondamentaux"},"content":{"rendered":"\n<header class=\"wp-block-cg-blocks-hero-blogs header-hero-blogs\"><div class=\"container\"><div class=\"hero-blogs\"><div class=\"hero-blogs-content-wrapper\"><div class=\"row\"><div class=\"col-12\"><div class=\"header-title\"><h1>Assises de la cybers\u00e9curit\u00e9 2025\u00a0: l\u2019heure du retour aux fondamentaux<\/h1><\/div><\/div><\/div><\/div><div class=\"hero-blogs-bottom\"><div class=\"header-author\"><div class=\"author-img\"><img decoding=\"async\" src=\"https:\/\/www.capgemini.com\/ca-fr\/wp-content\/uploads\/sites\/21\/2026\/03\/Vincent-Laurens.png?w=200&amp;quality=10\" alt=\"\" loading=\"lazy\"\/><\/div><div class=\"author-name-date\"><h5 class=\"author-name\">Vincent Laurens<\/h5><h5 class=\"blog-date\">20 octobre 2025<\/h5><\/div><\/div><div class=\"brand-image\"><\/div><\/div><\/div><\/div><\/header>\n\n\n\n<section class=\"wp-block-cg-blocks-intro-para section section--intro\"><div class=\"intro-para\"><div class=\"container\"><div class=\"row\"><div class=\"col-12 col-md-2\"><nav class=\"article-social\"><ul class=\"social-nav\"><li class=\"ip-order-fb\"><a href=\"https:\/\/www.facebook.com\/sharer\/sharer.php?u=https:\/\/www.capgemini.com\/ca-fr\/?p=711154\" target=\"_blank\" rel=\"noopener noreferrer\" title=\"Ouvrir dans une nouvelle fen\u00eatre\"><i aria-hidden=\"true\" class=\"icon-fb\"><\/i><span class=\"sr-only\">Facebook<\/span><\/a><\/li><li class=\"ip-order-li\"><a href=\"https:\/\/www.linkedin.com\/sharing\/share-offsite\/?url=https:\/\/www.capgemini.com\/ca-fr\/?p=711154\" target=\"_blank\" rel=\"noopener noreferrer\" title=\"Ouvrir dans une nouvelle fen\u00eatre\"><i aria-hidden=\"true\" class=\"icon-li\"><\/i><span class=\"sr-only\">Linkedin<\/span><\/a><\/li><\/ul><\/nav><\/div><div class=\"col-12 col-md-8\"><h2 class=\"intro-para-title\">La cybers\u00e9curit\u00e9 rassemble en France une communaut\u00e9 extr\u00eamement vivace, soud\u00e9e, comp\u00e9tente, qui est \u00e0 la fois soutenue et aiguillonn\u00e9e par un r\u00e9gulateur, l\u2019ANSSI, tr\u00e8s impliqu\u00e9 et proactif. <\/h2><p class=\"intro-para-content\">Comme chaque ann\u00e9e, les Assises de la cybers\u00e9curit\u00e9 de Monaco ont permis \u00e0 ces professionnels de se retrouver, et leurs \u00e9changes nourris et approfondis sont un r\u00e9v\u00e9lateur de premi\u00e8re main des tendances et de l\u2019\u00e9tat de l\u2019art de la discipline.<\/p><\/div><\/div><\/div><\/div><\/section>\n\n\n\n<section class=\"wp-block-cg-blocks-group section section--article-content\"><div class=\"article-main-content\"><div class=\"container\"><div class=\"grid-container\"><div><div class=\"article-text article-quote-text\">\n<p>Bien entendu, le contexte qui structure de la cybers\u00e9curit\u00e9 reste \u2013 et restera sans doute longtemps \u2013 inchang\u00e9&nbsp;: tensions g\u00e9opolitiques exacerb\u00e9es, professionnalisation des cybercriminels, pression r\u00e9glementaire, p\u00e9nurie de comp\u00e9tences. \u00c0 ces invariants, d\u00e9sormais assimil\u00e9s, s\u2019est ajout\u00e9e cette ann\u00e9e la dimension macro\u00e9conomique. Tr\u00e8s pr\u00e9sente dans les conversations, la r\u00e9duction des co\u00fbts fait maintenant partie int\u00e9grante de l\u2019\u00e9quation cyber.<\/p>\n\n\n\n<p>Parall\u00e8lement, l\u2019offre se r\u00e9v\u00e8le toujours aussi foisonnante. Loin de la consolidation annonc\u00e9e depuis des ann\u00e9es, la cybers\u00e9curit\u00e9 semble engendrer toujours plus de startups, d\u2019\u00e9diteurs et de solutions, o\u00f9 l\u2019IA est devenue incontournable. Que ce soit pour affiner la d\u00e9tection, renforcer la r\u00e9ponse, automatiser les processus ou accro\u00eetre l\u2019efficacit\u00e9 op\u00e9rationnelle, <a href=\"https:\/\/www.capgemini.com\/fr-fr\/perspectives\/blog\/cybersecurite-les-dilemnes-ia-genai\/\">l\u2019IA \u2013 classique ou g\u00e9n\u00e9rative \u2013 s\u2019invite \u00e0 chaque \u00e9tape du dispositif cyber<\/a>, m\u00eame si, faute d\u2019un recul suffisant, son apport reste difficile \u00e0 quantifier pr\u00e9cis\u00e9ment.<\/p>\n\n\n\n<p>Ainsi, les organisations sont parfaitement conscientes des menaces et savent donc tr\u00e8s bien ce qu\u2019elles auraient \u00e0 faire. Mais, aux prises avec une offre pl\u00e9thorique, un calendrier r\u00e9glementaire contraignant et des moyens en berne, elles peinent souvent \u00e0 d\u00e9finir la marche \u00e0 suivre. C\u2019est certainement ce qui explique un retour tr\u00e8s net aux fondamentaux&nbsp;: entre l\u2019urgence et la perplexit\u00e9, l\u2019enjeu est clairement d\u2019adresser les principaux risques de la mani\u00e8re la plus efficace et la plus efficiente possible.<\/p>\n\n\n\n<p>Ce pragmatisme appara\u00eet comme la ligne directrice qui sous-tend les grandes tendances que l\u2019on a pu observer aux <a href=\"https:\/\/www.capgemini.com\/fr-fr\/actualites\/evenements\/les-assises-de-la-cybersecurite\/\">Assises de Monaco<\/a>, \u00e0 savoir&nbsp;:<\/p>\n\n\n\n<ul class=\"wp-block-list\">\n<li><strong>la servicisation<\/strong>&nbsp;: la fonction cyber se r\u00e9organise en centres de services pour rationaliser son fonctionnement, gagner en agilit\u00e9 et optimiser la gestion et la disponibilit\u00e9 de ses comp\u00e9tences, voire r\u00e9duire ses co\u00fbts en transf\u00e9rant certaines capacit\u00e9s \u00e0 des structures offshore&nbsp;;<\/li>\n\n\n\n<li><strong>la plateformisation<\/strong>&nbsp;: pour rationaliser l\u2019outillage, consolider les investissements et passer les solutions \u00e0 l\u2019\u00e9chelle, les plateformes cyber que proposent certains grands \u00e9diteurs suscitent un int\u00e9r\u00eat croissant. S\u2019il n\u2019y aura jamais de r\u00e9ponse d\u00e9finitive \u00e0 l\u2019\u00e9ternel d\u00e9bat entre solutions int\u00e9gr\u00e9es et best-of-breed \u2013 tout d\u00e9pend du contexte, du m\u00e9tier et des moyens dont on dispose \u2013, la plateformisation n\u2019en est pas moins une vraie opportunit\u00e9 pour aller vite et couvrir l\u2019essentiel des menaces \u00e0 moindre co\u00fbt.<\/li>\n\n\n\n<li><strong>la souverainisation<\/strong>&nbsp;: exception culturelle oblige, les organisations tendent \u00e0 privil\u00e9gier des solutions fran\u00e7aises ou, du moins, op\u00e9r\u00e9es en France. Il faut cependant prendre garde \u00e0 ne pas surpond\u00e9rer cet aspect et \u00e0 toujours le mettre en balance avec les autres crit\u00e8res de d\u00e9cision cyber. De la m\u00eame fa\u00e7on, on doit veiller \u00e0 ce que l\u2019imp\u00e9ratif de conformit\u00e9 n\u2019aille pas jusqu\u2019\u00e0 supplanter la s\u00e9curit\u00e9, que ce soit en termes d\u2019investissements ou m\u00eame de choix lorsque les besoins ne sont pas align\u00e9s.<\/li>\n<\/ul>\n\n\n\n<p>Cette recherche pragmatique d\u2019une efficience maximale marque un tournant dans le monde de la cybers\u00e9curit\u00e9 et, peut-\u00eatre, un changement d\u2019\u00e8re. Un cycle semble s\u2019achever&nbsp;\u2013 celui de la prise de conscience des enjeux, de la maturation des concepts et des solutions cl\u00e9s (<a href=\"https:\/\/www.capgemini.com\/fr-fr\/perspectives\/blog\/cybersecurite-csma-avenir-des-strategies-zero-trust\/\">Zero Trust<\/a>, SIEM, <a href=\"https:\/\/www.capgemini.com\/fr-fr\/perspectives\/blog\/cloud-et-cybersecurite-zero-trust-la-recette-de-la-securite-des-applications-dans-le-cloud\/\">CNAPP<\/a>, <a href=\"https:\/\/www.capgemini.com\/fr-fr\/perspectives\/blog\/innovation-cybermenace-quantique-passer-a-laction\/\">Post Quantum Cryptographie<\/a>\u2026) et de l\u2019exp\u00e9rimentation tous azimuts \u2013 et un autre s\u2019ouvrir&nbsp;: celui de la consolidation, de la rationalisation et de l\u2019industrialisation des d\u00e9fenses face \u00e0 des menaces, certes multiples et \u00e9volutives, mais d\u00e9sormais bien appr\u00e9hend\u00e9es. En 2025, la cybers\u00e9curit\u00e9 n\u2019a d\u2019autre choix que de se banaliser, de se consum\u00e9riser, pour devenir aussi omnipr\u00e9sente et permanente que le risque qu\u2019elle est charg\u00e9e de combattre.<\/p>\n<\/div><\/div><\/div><\/div><\/div><\/section>\n\n\n\n<section class=\" section section--expert-slider wrapper-people-slider wp-block-cg-blocks-wrapper-people-slider\"><div class=\"container\"><div class=\"row\"><div class=\"content-title col-12 col-md-8\"><h2 data-maxlength=\"34\" class=\"people-heading-title\">Notre expert<\/h2><\/div><\/div><\/div><div class=\"slider slider-boxed\"><div class=\"container\"><div class=\"slider-window\"><div class=\"slider-list\">\t\t<div class=\"slide\">\n\t\t\t<div class=\"box\">\n\t\t\t\t<div class=\"row\">\n\t\t\t\t\t<div class=\"col-md-6 col-lg-4 box-img-wrapper\">\n\t\t\t\t\t\t<img decoding=\"async\" loading=\"lazy\" src=\"https:\/\/www.capgemini.com\/ca-fr\/wp-content\/uploads\/sites\/21\/2026\/03\/Vincent-Laurens.png\" alt=\"Vincent Laurens\"\/>\n\t\t\t\t\t<\/div>\n\t\t\t\t\t<div class=\"col-md-6 col-lg-8 box-inner\">\n\t\t\t\t\t\t<div class=\"row title-social-media-header\">\n\t\t\t\t\t\t\t<div class=\"col-md-12 col-lg-6 mbl-social-icon\">\n\t\t\t\t\t\t\t\t<ul class=\"social-nav\">\n\t\t\t\t\t\t\t\t\t\t\t\t\t\t\t\t\t\t\t\t\t\t\t\t\t\t\t\t\t\t\t\t\t\t\t\t\t\t\t\t\t\t\t\t\t\t\t\t\t\t\t\t\t\t\t<li><a aria-label=\"Linkedin\" target=\"_blank\" title=\"Ouvrir dans une nouvelle fen\u00eatre\" href=\"https:\/\/www.linkedin.com\/in\/vincent-laurens-90b6195\/\"><i aria-hidden=\"true\" class=\"icon-li\"><\/i><\/a><\/li>\n\t\t\t\t\t\t\t\t\t\t\t\t\t\t\t\t\t<\/ul>\n\t\t\t\t\t\t\t<\/div>\n\t\t\t\t\t\t\t<div class=\"col-md-12 col-lg-6 box-container\">\n\t\t\t\t\t\t\t\t<div class=\"box-title\">\n\t\t\t\t\t\t\t\t\t<h3 class=\"people-profile-title\">Vincent Laurens<\/h3>\n\t\t\t\t\t\t\t\t<\/div>\n\t\t\t\t\t\t\t\t\t\t\t\t\t\t\t\t\t<span>Directeur du d\u00e9veloppement Cyber pour la r\u00e9gion Europe du Sud, Capgemini<\/span>\n\t\t\t\t\t\t\t\t\t\t\t\t\t\t\t<\/div>\n\t\t\t\t\t\t\t<div class=\"col-md-12 col-lg-6 social-box-container dkt-social-icon\">\n\t\t\t\t\t\t\t\t<ul class=\"social-nav\">\n\t\t\t\t\t\t\t\t\t\t\t\t\t\t\t\t\t\t\t\t\t\t\t\t\t\t\t\t\t\t\t\t\t\t\t\t\t\t\t\t\t\t\t\t\t\t\t\t\t\t\t\t\t\t\t<li><a aria-label=\"Linkedin\" target=\"_blank\" title=\"Ouvrir dans une nouvelle fen\u00eatre\" href=\"https:\/\/www.linkedin.com\/in\/vincent-laurens-90b6195\/\"><i aria-hidden=\"true\" class=\"icon-li\"><\/i><\/a><\/li>\n\t\t\t\t\t\t\t\t\t\t\t\t\t\t\t\t\t<\/ul>\n\t\t\t\t\t\t\t<\/div>\n\t\t\t\t\t\t<\/div>\n\t\t\t\t\t\t\t\t\t\t\t\t\t<div class=\"people-info\">Vincent a d\u00e9but\u00e9 sa carri\u00e8re en s\u00e9curit\u00e9 informatique dans les ann\u00e9es 90, travaillant avec diverses organisations, y compris des services de renseignement et des industries sp\u00e9cialis\u00e9es. En 2013, Vincent a rejoint Sogeti au Luxembourg, puis est devenu vice-pr\u00e9sident mondial de la cybers\u00e9curit\u00e9 en 2018. Depuis 2022, Vincent est vice-pr\u00e9sident et strat\u00e8ge mondial de la s\u00e9curit\u00e9 chez Devo, et en 2024, il a rejoint Capgemini pour diriger la cybers\u00e9curit\u00e9 dans la r\u00e9gion SCE. Depuis 2019, il est \u00e9galement administrateur non ex\u00e9cutif pour plusieurs start-ups technologiques et conseille des dirigeants et des conseils d&#8217;administration en cybers\u00e9curit\u00e9.<\/div>\n\t\t\t\t\t\t\t\t\t\t\t<\/div>\n\t\t\t\t<\/div>\n\t\t\t<\/div>\n\t\t\t\t\t<\/div>\n\t\t<\/div><\/div><\/div><div class=\"slider-nav\"><button class=\"slider-prev inactive\" aria-label=\"Curseur pr\u00e9c\u00e9dent\" tabindex=\"-1\"><\/button><ul class=\"slider-paginator\"><\/ul><button class=\"slider-next\" aria-label=\"Curseur suivant\"><\/button><\/div><\/div><\/section>\n\n\n<section class=\"section section--expert-perspectives\"><div class=\"container\"><div class=\"row\"><div class=\"content-title col-12 col-md-8\"><h2 class=\"expert-heading\">Sujets associ\u00e9s<\/h2><\/div><\/div><div class=\"expert-prospective-container\"><div class=\"row\"><div class=\"col-12 col-md-4 row-space\"><div class=\"box\"><div class=\"box-img-wrapper\"><a href=\"https:\/\/www.capgemini.com\/ca-fr\/perspectives\/blog\/cybersecurite-renforcer-sa-cybersecurite-4-scenarios-pour-preparer-votre-organisation\/\" aria-label=\"Renforcer sa cybers\u00e9curit\u00e9 en 2026 : 4 sc\u00e9narios pour pr\u00e9parer votre organisation\" tabindex=\"-1\"><img decoding=\"async\" class=\"box-img\" alt=\"\" src=\"https:\/\/www.capgemini.com\/ca-fr\/wp-content\/uploads\/sites\/21\/2026\/03\/Image-generique-article-blog-gestion-de-crises-cyber.jpg?w=600&#038;quality=70\" style=\"object-position: 50% 50%; object-fit: cover;\" loading=\"lazy\" \/><\/a><\/div><div class=\"box-inner\"><div class=\"box-tag\">Cybers\u00e9curit\u00e9<\/div><a class=\"content-box-title\" href=\"https:\/\/www.capgemini.com\/ca-fr\/perspectives\/blog\/cybersecurite-renforcer-sa-cybersecurite-4-scenarios-pour-preparer-votre-organisation\/\" aria-label=\"Renforcer sa cybers\u00e9curit\u00e9 en 2026 : 4 sc\u00e9narios pour pr\u00e9parer votre organisation\"><h3 class=\"expert-subtitle\">Renforcer sa cybers\u00e9curit\u00e9 en 2026 : 4 sc\u00e9narios pour pr\u00e9parer votre organisation<\/h3><\/a><div class=\"box-bottom\">\n\t\t   <div class=\"box-logo\"><img decoding=\"async\" class=\"light\" loading=\"lazy\" alt=\"Capgemini\" src=\"https:\/\/www.capgemini.com\/ca-fr\/wp-content\/themes\/capgemini2025\/assets\/images\/cg-logo-blue.svg\" \/><img decoding=\"async\" class=\"dark\" loading=\"lazy\" alt=\"Capgemini\" src=\"https:\/\/www.capgemini.com\/ca-fr\/wp-content\/themes\/capgemini2025\/assets\/images\/cg-logo-white.svg\" \/><\/div><div class=\"date-name-info\"><div class=\"author-text\">Capgemini<\/div><div class=\"date-text\">mars 12, 2026<\/div><\/div><\/div><\/div><\/div><\/div><div class=\"col-12 col-md-4 row-space\"><div class=\"box\"><div class=\"box-img-wrapper\"><a href=\"https:\/\/www.capgemini.com\/ca-fr\/perspectives\/blog\/cybersecurite-iam-le-chainon-manquant-de-la-cybersecurite-strategique-des-entreprises\/\" aria-label=\"IAM, le cha\u00eenon manquant de la cybers\u00e9curit\u00e9 strat\u00e9gique des entreprises\" tabindex=\"-1\"><img decoding=\"async\" class=\"box-img\" alt=\"\" src=\"https:\/\/www.capgemini.com\/ca-fr\/wp-content\/uploads\/sites\/21\/2026\/03\/IAM-cyber.jpg?w=600&#038;quality=70\" style=\"object-position: 50% 50%; object-fit: cover;\" loading=\"lazy\" \/><\/a><\/div><div class=\"box-inner\"><div class=\"box-tag\">Cybers\u00e9curit\u00e9<\/div><a class=\"content-box-title\" href=\"https:\/\/www.capgemini.com\/ca-fr\/perspectives\/blog\/cybersecurite-iam-le-chainon-manquant-de-la-cybersecurite-strategique-des-entreprises\/\" aria-label=\"IAM, le cha\u00eenon manquant de la cybers\u00e9curit\u00e9 strat\u00e9gique des entreprises\"><h3 class=\"expert-subtitle\">IAM, le cha\u00eenon manquant de la cybers\u00e9curit\u00e9 strat\u00e9gique des entreprises<\/h3><\/a><div class=\"box-bottom\">\n\t\t   <div class=\"box-logo\"><img decoding=\"async\" class=\"\" loading=\"lazy\" alt=\"\" src=\"https:\/\/www.capgemini.com\/ca-fr\/wp-content\/uploads\/sites\/21\/2026\/03\/Sebastien-Baule.jpg?w=705\" \/><\/div><div class=\"date-name-info\"><div class=\"author-text\">S\u00e9bastien Baule<\/div><div class=\"date-text\">mars 12, 2026<\/div><\/div><\/div><\/div><\/div><\/div><div class=\"col-12 col-md-4 row-space\"><div class=\"box\"><div class=\"box-img-wrapper\"><a href=\"https:\/\/www.capgemini.com\/ca-fr\/perspectives\/blog\/menace-quantique-entreprises-regardent-ailleurs\/\" aria-label=\"La menace quantique se pr\u00e9cise, les entreprises regardent ailleurs\" tabindex=\"-1\"><img decoding=\"async\" class=\"box-img\" alt=\"\" src=\"https:\/\/www.capgemini.com\/ca-fr\/wp-content\/uploads\/sites\/21\/2026\/03\/2025-FR-Blog-Cybermenace-Quantique-2.jpg?w=600&#038;quality=70\" style=\"object-position: 50% 50%; object-fit: cover;\" loading=\"lazy\" \/><\/a><\/div><div class=\"box-inner\"><div class=\"box-tag\">Cybers\u00e9curit\u00e9, Innovation<\/div><a class=\"content-box-title\" href=\"https:\/\/www.capgemini.com\/ca-fr\/perspectives\/blog\/menace-quantique-entreprises-regardent-ailleurs\/\" aria-label=\"La menace quantique se pr\u00e9cise, les entreprises regardent ailleurs\"><h3 class=\"expert-subtitle\">La menace quantique se pr\u00e9cise, les entreprises regardent ailleurs<\/h3><\/a><div class=\"box-bottom\">\n\t\t   <div class=\"box-logo\"><img decoding=\"async\" class=\"light\" loading=\"lazy\" alt=\"Capgemini\" src=\"https:\/\/www.capgemini.com\/ca-fr\/wp-content\/themes\/capgemini2025\/assets\/images\/cg-logo-blue.svg\" \/><img decoding=\"async\" class=\"dark\" loading=\"lazy\" alt=\"Capgemini\" src=\"https:\/\/www.capgemini.com\/ca-fr\/wp-content\/themes\/capgemini2025\/assets\/images\/cg-logo-white.svg\" \/><\/div><div class=\"date-name-info\"><div class=\"author-text\">Capgemini<\/div><div class=\"date-text\">mars 12, 2026<\/div><\/div><\/div><\/div><\/div><\/div><\/div><\/div><\/div><\/section>\n\n<section class=\"latest-insights layout-even layout-even-all-purple-cards \"><div class=\"container\"><div class=\"insight-title\"><h2 class=\"latest-insight-title\"><\/h2><\/div><div class=\"layout-two-card cards-normal\">\n                                <div class=\"row align-items-center\"><div class=\"card-image-wrapper\">\n                                <div class=\"card-image\" data-image-url=\"https:\/\/www.capgemini.com\/ca-fr\/perspectives\/publications\/trajectoires\/\">\n\t\t\t\t\t\t\t\t\t\t\t\t\t\t\t\t\t<picture>\n\t\t\t\t\t\t\t\t\t\t\t\t\t\t\t\t\t\t\t<source srcset=\"https:\/\/www.capgemini.com\/ca-fr\/wp-content\/uploads\/sites\/21\/2026\/03\/ObjectifTech-Trajectoires-WebsiteBanner_4608c2.jpg?w=800&#038;quality=70 1x, https:\/\/www.capgemini.com\/ca-fr\/wp-content\/uploads\/sites\/21\/2026\/03\/ObjectifTech-Trajectoires-WebsiteBanner_4608c2.jpg?w=800&#038;quality=70 2x\"\n\t\t\t\t\t\t\t\t\t\t\t\t\t\t\t\t\t\t\t\t\tmedia=\"(min-width: 1500px)\"\/>\n\t\t\t\t\t\t\t\t\t\t\t\t\t\t\t\t\t\t\t\t\t<source srcset=\"https:\/\/www.capgemini.com\/ca-fr\/wp-content\/uploads\/sites\/21\/2026\/03\/ObjectifTech-Trajectoires-WebsiteBanner_4608c2.jpg?w=800&#038;quality=70 1x, https:\/\/www.capgemini.com\/ca-fr\/wp-content\/uploads\/sites\/21\/2026\/03\/ObjectifTech-Trajectoires-WebsiteBanner_4608c2.jpg?w=800&#038;quality=70 2x\"\n\t\t\t\t\t\t\t\t\t\t\t\t\t\t\t\t\t\t\t\t\t\t\t\t\tmedia=\"(min-width: 992px)\"\/>\n\t\t\t\t\t\t\t\t\t\t\t\t\t\t\t\t\t\t\t\t\t<source srcset=\"https:\/\/www.capgemini.com\/ca-fr\/wp-content\/uploads\/sites\/21\/2026\/03\/ObjectifTech-Trajectoires-WebsiteBanner_4608c2.jpg?w=800&#038;quality=70 1x, https:\/\/www.capgemini.com\/ca-fr\/wp-content\/uploads\/sites\/21\/2026\/03\/ObjectifTech-Trajectoires-WebsiteBanner_4608c2.jpg?w=800&#038;quality=70 2x\"\n\t\t\t\t\t\t\t\t\t\t\t\t\t\t\t\t\t\t\t\t\t\t\t\t\tmedia=\"(min-width: 768px)\"\/>\n\t\t\t\t\t\t\t\t\t\t\t\t\t\t\t\t\t\t\t\t\t<source srcset=\"https:\/\/www.capgemini.com\/ca-fr\/wp-content\/uploads\/sites\/21\/2026\/03\/ObjectifTech-Trajectoires-WebsiteBanner_4608c2.jpg?w=350&#038;quality=70 1x, https:\/\/www.capgemini.com\/ca-fr\/wp-content\/uploads\/sites\/21\/2026\/03\/ObjectifTech-Trajectoires-WebsiteBanner_4608c2.jpg?w=700&#038;quality=70 2x\"\n\t\t\t\t\t\t\t\t\t\t\t\t\t\t\t\t\t\t\t\t\t\t\t\t\tmedia=\"(min-width: 0)\"\/>\n\t\t\t\t\t\t\t\t\t\t\t\t\t\t\t\t\t\t\t\t\t<img decoding=\"async\" loading=\"lazy\" src=\"https:\/\/www.capgemini.com\/ca-fr\/wp-content\/uploads\/sites\/21\/2026\/03\/ObjectifTech-Trajectoires-WebsiteBanner_4608c2.jpg\" alt=\"\" style=\"object-position: 49% 47%; object-fit: cover;\">\n\t\t\t\t\t\t\t\t\t\t\t\t\t\t\t\t\t\t<\/picture>\n                                <\/div>\n                            <\/div><div class=\"col-12 col-lg-4 d-md-none d-lg-block\"><\/div><div class=\"col-12 col-md-6 col-lg-4\">\n                           <a href=\"https:\/\/www.capgemini.com\/ca-fr\/perspectives\/publications\/trajectoires\/\" aria-label=\"Trajectoires\" class=\"card-link-holder\">\n                            <div class=\"insight-card insight-card-center\">\n                                <div class=\"card-tag\">Podcasts<\/div>\n                                <h3 class=\"card-title\">Trajectoires<\/h3>\n                                <div class=\"insight-card-footer\">\n                                    <img decoding=\"async\" loading=\"lazy\" src=\"\" alt=\"\" class=\"light\">\n\t\t\t\t\t\t\t\t\t<img decoding=\"async\" loading=\"lazy\" src=\"\" alt=\"\" class=\"dark\">\n                                <\/div>\n                            <\/div>\n                            <\/a>\n                        <\/div>\n                    <div class=\"col-12 col-md-6 col-lg-4\">\n                            <a href=\"https:\/\/www.capgemini.com\/ca-fr\/perspectives\/publications\/capgemini-fier-detre-nobel-international-partner\/\" aria-label=\"Capgemini, fier d\u2019\u00eatre nobel international partner\" class=\"card-link-holder\">\n                            <div class=\"insight-card insight-card-start\">\n                                <div class=\"card-tag\"><\/div>\n                                <h3 class=\"card-title\">Capgemini, fier d\u2019\u00eatre nobel international partner<\/h3>\n                                <div class=\"insight-card-footer\">\n                                    <img decoding=\"async\" loading=\"lazy\" src=\"\" alt=\"\" class=\"light\">\n                                    <img decoding=\"async\" loading=\"lazy\" src=\"\" alt=\"\" class=\"dark\">\n                                <\/div>\n                            <\/div>\n                            <\/a>\n                        <\/div>\n                    <\/div>\n                    <\/div><\/div><\/section>\n\n\n\t\t<section\n\t\t\tclass=\"section section--lifeatcap-learning section--event-slider-careerInvent \">\n\n\t\t\t<div class=\"container\">\n\t\t\t\t<div class='career-invent-header'>\n\t\t\t\t\t\t\t\t\t\t\t\t\t\t<\/div>\n\t\t\t<\/div>\n\n\t\t\t<div class=\"slider slider-fader 1e861684-c597-48e8-90c7-a563afc6b9a4\">\n\t\t\t\t\t\t\t\t<div\n\t\t\t\t\tclass=\"slider-list \">\n\t\t\t\t\t\t\t\t\t\t\t<div\n\t\t\t\t\t\t\tclass=\"slide active \">\n\t\t\t\t\t\t\t<div\n\t\t\t\t\t\t\t\tclass=\"slide-bg-wrapper wp-block-cg-blocks-career-invent is-style-sapphire2\">\n\t\t\t\t\t\t\t\t<div class=\"bgImagesection\">\n\t\t\t\t\t\t\t\t\t\t\t\t\t\t\t\t\t\t\t<div class=\"bgColor\"><\/div>\n\t\t\t\t\t\t\t\t\t\n\t\t\t\t\t\t\t\t\t<div class=\"container slide-info-wrapper\">\n\t\t\t\t\t\t\t\t\t\t<div class=\"row\">\n\t\t\t\t\t\t\t\t\t\t\t<div\n\t\t\t\t\t\t\t\t\t\t\t\tclass=\"col-md-6 col-sm-12 box-inner \">\n\t\t\t\t\t\t\t\t\t\t\t\t\t\t\t\t\t\t\t\t\t\t\t\t\t<div class=\"bgColor\"><\/div>\n\t\t\t\t\t\t\t\t\t\t\t\t\t\t\t\t\t\t\t\t\t\t\t\t\t\t\t\t\t\t\t\t\t\t\t\t\t<div\n\t\t\t\t\t\t\t\t\t\t\t\t\t\tclass=\"content-title \">\n\t\t\t\t\t\t\t\t\t\t\t\t\t\t<h3 class=\"explore-header\"\n\t\t\t\t\t\t\t\t\t\t\t\t\t\t\tdata-maxlength=\"68\"\n\t\t\t\t\t\t\t\t\t\t\t\t\t\t\ttitle=\"Cybers\u00e9curit\u00e9\">\n\t\t\t\t\t\t\t\t\t\t\t\t\t\t\tCybers\u00e9curit\u00e9\t\t\t\t\t\t\t\t\t\t\t\t\t\t<\/h3>\n\t\t\t\t\t\t\t\t\t\t\t\t\t<\/div>\n\t\t\t\t\t\t\t\t\t\t\t\t\n\t\t\t\t\t\t\t\t\t\t\t\t\t\t\t\t\t\t\t\t\t\t\t\t\t\t\t\t\t\t\t\t\t\t\t\t\t\t\t<div\n\t\t\t\t\t\t\t\t\t\t\t\t\t\t\tclass=\"box-title \">\n\t\t\t\t\t\t\t\t\t\t\t\t\t\t\t<h4 data-maxlength=\"144\"\n\t\t\t\t\t\t\t\t\t\t\t\t\t\t\t\ttitle=\"Passer du risque et du co\u00fbt \u00e0 la r\u00e9silience et aux opportunit\u00e9s.\"\n\t\t\t\t\t\t\t\t\t\t\t\t\t\t\t\tstyle=\"white-space: pre-wrap;\">\n\t\t\t\t\t\t\t\t\t\t\t\t\t\t\t\tPasser du risque et du co\u00fbt \u00e0 la r\u00e9silience et aux opportunit\u00e9s.\t\t\t\t\t\t\t\t\t\t\t\t\t\t\t<\/h4>\n\t\t\t\t\t\t\t\t\t\t\t\t\t\t<\/div>\n\t\t\t\t\t\t\t\t\t\t\t\t\t\t\t\t\t\t\t\t\t\t\t\t\t\n\t\t\t\t\t\t\t\t\t\t\t\t\t\t\t\t\t\t\t\t\t\t\t\t\t<div >\n\t\t\t\t\t\t\t\t\t\t\t\t\t\t\t\t\t\t\t\t\t\t\t\t\t\t\t<\/div>\n\t\t\t\t\t\t\t\t\t\t\t\t\n\t\t\t\t\t\t\t\t\t\t\t\t\t\t\t\t\t\t\t\t\t\t\t\t\t\t\t\t\t\t\t\t\t\t\t\t\t<div class=\"btnDiv\"> <a class=\"more2\" data-maxlength=\"24\" aria-label=\"En savoir plus A propos Cybers\u00e9curit\u00e9\"\n\t\t\t\t\t\t\t\t\t\t\t\t\t\t tabindex=\"0\" href=\"\/ca-fr\/services\/cybersecurite\/\"\n\t\t\t\t\t\t\t\t\t\t\t\t\t\t\ttarget=\"\">\n\t\t\t\t\t\t\t\t\t\t\t\t\t\tEn savoir plus\t\t\t\t\t\t\t\t\t\t\t\t\t<\/a> <\/div>\n\t\t\t\t\t\t\t\t\t\t\t\t\t\t\t\t\t\t\t\t\t\t\t\t\t\n\n\n\t\t\t\t\t\t\t\t\t\t\t<\/div>\n\n\t\t\t\t\t\t\t\t\t\t\t<div class=\"col-md-6 col-sm-12 text-right box-img-wrapper escaper escaper-right\">\n\t\t\t\t\t\t\t\t\t\t\t\t\n\n\t\t\t\t\t\t\t\t\t\t\t\t<picture>\n\t\t\t\t\t\t\t\t\t\t\t\t\t<source\n\t\t\t\t\t\t\t\t\t\t\t\t\t\tsrcset=\"https:\/\/www.capgemini.com\/wp-content\/uploads\/2025\/10\/Cyber-resilience-web-banner_b688e9.jpg?w=1200&amp;quality=90 1x, https:\/\/www.capgemini.com\/wp-content\/uploads\/2025\/10\/Cyber-resilience-web-banner_b688e9.jpg?w=1200&amp;quality=90 2x\"\n\t\t\t\t\t\t\t\t\t\t\t\t\t\tmedia=\"(min-width: 1500px)\" \/>\n\t\t\t\t\t\t\t\t\t\t\t\t\t<source\n\t\t\t\t\t\t\t\t\t\t\t\t\t\tsrcset=\"https:\/\/www.capgemini.com\/wp-content\/uploads\/2025\/10\/Cyber-resilience-web-banner_b688e9.jpg?w=600&amp;quality=90 1x, https:\/\/www.capgemini.com\/wp-content\/uploads\/2025\/10\/Cyber-resilience-web-banner_b688e9.jpg?w=1200&amp;quality=90 2x\"\n\t\t\t\t\t\t\t\t\t\t\t\t\t\tmedia=\"(min-width: 992px)\" \/>\n\t\t\t\t\t\t\t\t\t\t\t\t\t<source\n\t\t\t\t\t\t\t\t\t\t\t\t\t\tsrcset=\"https:\/\/www.capgemini.com\/wp-content\/uploads\/2025\/10\/Cyber-resilience-web-banner_b688e9.jpg?w=400&amp;quality=90 1x, https:\/\/www.capgemini.com\/wp-content\/uploads\/2025\/10\/Cyber-resilience-web-banner_b688e9.jpg?w=800&amp;quality=90 2x\"\n\t\t\t\t\t\t\t\t\t\t\t\t\t\tmedia=\"(min-width: 768px)\" \/>\n\t\t\t\t\t\t\t\t\t\t\t\t\t<source\n\t\t\t\t\t\t\t\t\t\t\t\t\t\tsrcset=\"https:\/\/www.capgemini.com\/wp-content\/uploads\/2025\/10\/Cyber-resilience-web-banner_b688e9.jpg?w=400&amp;quality=90 1x, https:\/\/www.capgemini.com\/wp-content\/uploads\/2025\/10\/Cyber-resilience-web-banner_b688e9.jpg?w=800&amp;quality=90 2x\"\n\t\t\t\t\t\t\t\t\t\t\t\t\t\tmedia=\"(min-width: 0)\" \/>\n\n\n\t\t\t\t\t\t\t\t\t\t\t\t\t<img loading=\"lazy\" class=\"box-img\"\n\t\t\t\t\t\t\t\t\t\t\t\t\t\tsrc=\"https:\/\/www.capgemini.com\/wp-content\/uploads\/2025\/10\/Cyber-resilience-web-banner_b688e9.jpg\"\n\t\t\t\t\t\t\t\t\t\t\t\t\t\tstyle=\"\n\t\t\t\t\t\t\t\t\t\t\t\t\t\tobject-position: 50% 50%; object-fit: cover;\t\t\t\t\t\t\t\t\t\t\t\t\t\t\t\t\t\" alt=\"\" \/>\n\n\t\t\t\t\t\t\t\t\t\t\t\t<\/picture>\n\t\t\t\t\t\t\t\t\t\t\t\t<!-- <img decoding=\"async\" class=\"box-img\" src=\"\n\t\t\t\t\t\t\t\t\t\t\t\t\t\t\t\t\t\t\t\t\t\t\t\t\t\t\t\"\n\t\t\t\t\t\t\t\t\t\t\tstyle=\"\n\t\t\t\t\t\t\t\t\t\t\t\t\t\t\t\t\t\t\t\t\t\t\t\t\t\" alt=\"\"\n\t\t\t\t\t\t\t\t\t\t\/> -->\n\t\t\t\t\t\t\t\t\t\t\t<\/div>\n\t\t\t\t\t\t\t\t\t\t<\/div>\n\t\t\t\t\t\t\t\t\t<\/div>\n\t\t\t\t\t\t\t\t<\/div>\n\t\t\t\t\t\t\t\t<div class=\"\">\n\t\t\t\t\t\t\t\t<\/div>\n\t\t\t\t\t\t\t\t<div class=\"slide-reveal\"><\/div>\n\t\t\t\t\t\t\t<\/div>\n\t\t\t\t\t\t<\/div>\n\t\t\t\t\t\n\t\t\t\t<\/div>\n\n\t\t\t\t\n\t\t\t<\/div>\n\n\t\t<\/section>\n\n\t\t","protected":false},"excerpt":{"rendered":"<p>Ce que les Assises de la Cybers\u00e9curit\u00e9 2025 r\u00e9v\u00e8lent sur l\u2019avenir du secteur.<\/p>\n","protected":false},"author":166,"featured_media":1000001180270,"comment_status":"open","ping_status":"closed","sticky":false,"template":"","format":"standard","meta":{"cg_dt_proposed_to":[],"cg_seo_hreflang_relations":"[]","cg_seo_canonical_relation":"","cg_seo_hreflang_x_default_relation":"","cg_dt_approved_content":true,"cg_dt_mandatory_content":false,"cg_dt_notes":"","cg_dg_source_changed":false,"cg_dt_link_disabled":false,"_yoast_wpseo_primary_brand":"58","_jetpack_memberships_contains_paid_content":false,"footnotes":"","featured_focal_points":""},"categories":[399,313],"tags":[185],"brand":[58],"service":[187],"industry":[],"partners":[],"blog-topic":[246],"content-group":[],"class_list":["post-711154","post","type-post","status-publish","format-standard","has-post-thumbnail","hentry","category-innovation","category-transformation","tag-cybersecurite","brand-capgemini","service-cybersecurite","blog-topic-cybersecurite"],"yoast_head":"<!-- This site is optimized with the Yoast SEO Premium plugin v22.8 (Yoast SEO v22.8) - https:\/\/yoast.com\/wordpress\/plugins\/seo\/ -->\n<title>Assises de la cybers\u00e9curit\u00e9 2025\u00a0: l\u2019heure du retour aux fondamentaux - Capgemini Canada French<\/title>\n<meta name=\"description\" content=\"Au-del\u00e0 des technologies, les Assises ont mis en lumi\u00e8re une conviction partag\u00e9e : la cybers\u00e9curit\u00e9 doit animer la strat\u00e9gie d&#039;entreprise et l&#039;ensemble des m\u00e9tiers.\" \/>\n<meta name=\"robots\" content=\"index, follow, max-snippet:-1, max-image-preview:large, max-video-preview:-1\" \/>\n<link rel=\"canonical\" href=\"https:\/\/www.capgemini.com\/ca-fr\/perspectives\/blog\/cybersecurite-assises-de-la-cybers-2025-lheure-du-retour-aux-fondamentaux\/\" \/>\n<meta property=\"og:locale\" content=\"fr_FR\" \/>\n<meta property=\"og:type\" content=\"article\" \/>\n<meta property=\"og:title\" content=\"Assises de la cybers\u00e9curit\u00e9 2025\u00a0: l\u2019heure du retour aux fondamentaux\" \/>\n<meta property=\"og:description\" content=\"Au-del\u00e0 des technologies, les Assises ont mis en lumi\u00e8re une conviction partag\u00e9e : la cybers\u00e9curit\u00e9 doit animer la strat\u00e9gie d&#039;entreprise et l&#039;ensemble des m\u00e9tiers.\" \/>\n<meta property=\"og:url\" content=\"https:\/\/www.capgemini.com\/ca-fr\/perspectives\/blog\/cybersecurite-assises-de-la-cybers-2025-lheure-du-retour-aux-fondamentaux\/\" \/>\n<meta property=\"og:site_name\" content=\"Capgemini Canada French\" \/>\n<meta property=\"article:published_time\" content=\"2026-03-13T03:23:31+00:00\" \/>\n<meta property=\"article:modified_time\" content=\"2026-03-13T03:24:00+00:00\" \/>\n<meta property=\"og:image\" content=\"https:\/\/www.capgemini.com\/ca-fr\/wp-content\/uploads\/sites\/21\/2025\/10\/New-Web-preview-global.jpg\" \/>\n\t<meta property=\"og:image:width\" content=\"1200\" \/>\n\t<meta property=\"og:image:height\" content=\"627\" \/>\n\t<meta property=\"og:image:type\" content=\"image\/jpeg\" \/>\n<meta name=\"author\" content=\"Vincent Laurens\" \/>\n<meta name=\"twitter:card\" content=\"summary_large_image\" \/>\n<meta name=\"twitter:creator\" content=\"@anne.gautier@capgemini.com\" \/>\n<meta name=\"twitter:label1\" content=\"Written by\" \/>\n\t<meta name=\"twitter:data1\" content=\"anne.gautier@capgemini.com\" \/>\n\t<meta name=\"twitter:label2\" content=\"Est. reading time\" \/>\n\t<meta name=\"twitter:data2\" content=\"4 minutes\" \/>\n<script type=\"application\/ld+json\" class=\"yoast-schema-graph\">{\"@context\":\"https:\/\/schema.org\",\"@graph\":[{\"@type\":\"WebPage\",\"@id\":\"https:\/\/www.capgemini.com\/ca-fr\/perspectives\/blog\/cybersecurite-assises-de-la-cybers-2025-lheure-du-retour-aux-fondamentaux\/\",\"url\":\"https:\/\/www.capgemini.com\/ca-fr\/perspectives\/blog\/cybersecurite-assises-de-la-cybers-2025-lheure-du-retour-aux-fondamentaux\/\",\"name\":\"Assises de la cybers\u00e9curit\u00e9 2025\u00a0: l\u2019heure du retour aux fondamentaux - Capgemini Canada French\",\"isPartOf\":{\"@id\":\"https:\/\/www.capgemini.com\/ca-fr\/#website\"},\"primaryImageOfPage\":{\"@id\":\"https:\/\/www.capgemini.com\/ca-fr\/perspectives\/blog\/cybersecurite-assises-de-la-cybers-2025-lheure-du-retour-aux-fondamentaux\/#primaryimage\"},\"image\":{\"@id\":\"https:\/\/www.capgemini.com\/ca-fr\/perspectives\/blog\/cybersecurite-assises-de-la-cybers-2025-lheure-du-retour-aux-fondamentaux\/#primaryimage\"},\"thumbnailUrl\":\"https:\/\/www.capgemini.com\/wp-content\/uploads\/2025\/12\/Cyber-resilience-web-banner.jpg\",\"datePublished\":\"2026-03-13T03:23:31+00:00\",\"dateModified\":\"2026-03-13T03:24:00+00:00\",\"author\":{\"@id\":\"https:\/\/www.capgemini.com\/ca-fr\/#\/schema\/person\/816b44b24d8e4a4d607a37f64955250e\"},\"description\":\"Au-del\u00e0 des technologies, les Assises ont mis en lumi\u00e8re une conviction partag\u00e9e : la cybers\u00e9curit\u00e9 doit animer la strat\u00e9gie d'entreprise et l'ensemble des m\u00e9tiers.\",\"breadcrumb\":{\"@id\":\"https:\/\/www.capgemini.com\/ca-fr\/perspectives\/blog\/cybersecurite-assises-de-la-cybers-2025-lheure-du-retour-aux-fondamentaux\/#breadcrumb\"},\"inLanguage\":\"fr-FR\",\"potentialAction\":[{\"@type\":\"ReadAction\",\"target\":[\"https:\/\/www.capgemini.com\/ca-fr\/perspectives\/blog\/cybersecurite-assises-de-la-cybers-2025-lheure-du-retour-aux-fondamentaux\/\"]}]},{\"@type\":\"ImageObject\",\"inLanguage\":\"fr-FR\",\"@id\":\"https:\/\/www.capgemini.com\/ca-fr\/perspectives\/blog\/cybersecurite-assises-de-la-cybers-2025-lheure-du-retour-aux-fondamentaux\/#primaryimage\",\"url\":\"https:\/\/www.capgemini.com\/wp-content\/uploads\/2025\/12\/Cyber-resilience-web-banner.jpg\",\"contentUrl\":\"https:\/\/www.capgemini.com\/wp-content\/uploads\/2025\/12\/Cyber-resilience-web-banner.jpg\"},{\"@type\":\"BreadcrumbList\",\"@id\":\"https:\/\/www.capgemini.com\/ca-fr\/perspectives\/blog\/cybersecurite-assises-de-la-cybers-2025-lheure-du-retour-aux-fondamentaux\/#breadcrumb\",\"itemListElement\":[{\"@type\":\"ListItem\",\"position\":1,\"name\":\"Home\",\"item\":\"https:\/\/www.capgemini.com\/ca-fr\/\"},{\"@type\":\"ListItem\",\"position\":2,\"name\":\"Assises de la cybers\u00e9curit\u00e9 2025\u00a0: l\u2019heure du retour aux fondamentaux\"}]},{\"@type\":\"WebSite\",\"@id\":\"https:\/\/www.capgemini.com\/ca-fr\/#website\",\"url\":\"https:\/\/www.capgemini.com\/ca-fr\/\",\"name\":\"Capgemini Canada French\",\"description\":\"Capgemini\",\"potentialAction\":[{\"@type\":\"SearchAction\",\"target\":{\"@type\":\"EntryPoint\",\"urlTemplate\":\"https:\/\/www.capgemini.com\/ca-fr\/?s={search_term_string}\"},\"query-input\":\"required name=search_term_string\"}],\"inLanguage\":\"fr-FR\"},{\"@type\":\"Person\",\"@id\":\"https:\/\/www.capgemini.com\/ca-fr\/#\/schema\/person\/816b44b24d8e4a4d607a37f64955250e\",\"name\":\"anne.gautier@capgemini.com\",\"image\":{\"@type\":\"ImageObject\",\"inLanguage\":\"fr-FR\",\"@id\":\"https:\/\/www.capgemini.com\/ca-fr\/#\/schema\/person\/image\/\",\"url\":\"https:\/\/secure.gravatar.com\/avatar\/9cf8db67f802b2b625289f43572819f2084fdf161e0a56a41faa409247bd2750?s=96&d=mm&r=g\",\"contentUrl\":\"https:\/\/secure.gravatar.com\/avatar\/9cf8db67f802b2b625289f43572819f2084fdf161e0a56a41faa409247bd2750?s=96&d=mm&r=g\",\"caption\":\"anne.gautier@capgemini.com\"},\"sameAs\":[\"https:\/\/x.com\/anne.gautier@capgemini.com\",\"anne.gautier@capgemini.com\"],\"url\":\"https:\/\/www.capgemini.com\/ca-fr\/author\/anne-gautiercapgemini-com\/\"}]}<\/script>\n<!-- \/ Yoast SEO Premium plugin. -->","yoast_head_json":{"title":"Assises de la cybers\u00e9curit\u00e9 2025\u00a0: l\u2019heure du retour aux fondamentaux - Capgemini Canada French","description":"Au-del\u00e0 des technologies, les Assises ont mis en lumi\u00e8re une conviction partag\u00e9e : la cybers\u00e9curit\u00e9 doit animer la strat\u00e9gie d'entreprise et l'ensemble des m\u00e9tiers.","robots":{"index":"index","follow":"follow","max-snippet":"max-snippet:-1","max-image-preview":"max-image-preview:large","max-video-preview":"max-video-preview:-1"},"canonical":"https:\/\/www.capgemini.com\/ca-fr\/perspectives\/blog\/cybersecurite-assises-de-la-cybers-2025-lheure-du-retour-aux-fondamentaux\/","og_locale":"fr_FR","og_type":"article","og_title":"Assises de la cybers\u00e9curit\u00e9 2025\u00a0: l\u2019heure du retour aux fondamentaux","og_description":"Au-del\u00e0 des technologies, les Assises ont mis en lumi\u00e8re une conviction partag\u00e9e : la cybers\u00e9curit\u00e9 doit animer la strat\u00e9gie d'entreprise et l'ensemble des m\u00e9tiers.","og_url":"https:\/\/www.capgemini.com\/ca-fr\/perspectives\/blog\/cybersecurite-assises-de-la-cybers-2025-lheure-du-retour-aux-fondamentaux\/","og_site_name":"Capgemini Canada French","article_published_time":"2026-03-13T03:23:31+00:00","article_modified_time":"2026-03-13T03:24:00+00:00","og_image":[{"width":1200,"height":627,"url":"https:\/\/www.capgemini.com\/ca-fr\/wp-content\/uploads\/sites\/21\/2025\/10\/New-Web-preview-global.jpg","type":"image\/jpeg"}],"author":"Vincent Laurens","twitter_card":"summary_large_image","twitter_creator":"@anne.gautier@capgemini.com","twitter_misc":{"Written by":"anne.gautier@capgemini.com","Est. reading time":"4 minutes"},"schema":{"@context":"https:\/\/schema.org","@graph":[{"@type":"WebPage","@id":"https:\/\/www.capgemini.com\/ca-fr\/perspectives\/blog\/cybersecurite-assises-de-la-cybers-2025-lheure-du-retour-aux-fondamentaux\/","url":"https:\/\/www.capgemini.com\/ca-fr\/perspectives\/blog\/cybersecurite-assises-de-la-cybers-2025-lheure-du-retour-aux-fondamentaux\/","name":"Assises de la cybers\u00e9curit\u00e9 2025\u00a0: l\u2019heure du retour aux fondamentaux - Capgemini Canada French","isPartOf":{"@id":"https:\/\/www.capgemini.com\/ca-fr\/#website"},"primaryImageOfPage":{"@id":"https:\/\/www.capgemini.com\/ca-fr\/perspectives\/blog\/cybersecurite-assises-de-la-cybers-2025-lheure-du-retour-aux-fondamentaux\/#primaryimage"},"image":{"@id":"https:\/\/www.capgemini.com\/ca-fr\/perspectives\/blog\/cybersecurite-assises-de-la-cybers-2025-lheure-du-retour-aux-fondamentaux\/#primaryimage"},"thumbnailUrl":"https:\/\/www.capgemini.com\/wp-content\/uploads\/2025\/12\/Cyber-resilience-web-banner.jpg","datePublished":"2026-03-13T03:23:31+00:00","dateModified":"2026-03-13T03:24:00+00:00","author":{"@id":"https:\/\/www.capgemini.com\/ca-fr\/#\/schema\/person\/816b44b24d8e4a4d607a37f64955250e"},"description":"Au-del\u00e0 des technologies, les Assises ont mis en lumi\u00e8re une conviction partag\u00e9e : la cybers\u00e9curit\u00e9 doit animer la strat\u00e9gie d'entreprise et l'ensemble des m\u00e9tiers.","breadcrumb":{"@id":"https:\/\/www.capgemini.com\/ca-fr\/perspectives\/blog\/cybersecurite-assises-de-la-cybers-2025-lheure-du-retour-aux-fondamentaux\/#breadcrumb"},"inLanguage":"fr-FR","potentialAction":[{"@type":"ReadAction","target":["https:\/\/www.capgemini.com\/ca-fr\/perspectives\/blog\/cybersecurite-assises-de-la-cybers-2025-lheure-du-retour-aux-fondamentaux\/"]}]},{"@type":"ImageObject","inLanguage":"fr-FR","@id":"https:\/\/www.capgemini.com\/ca-fr\/perspectives\/blog\/cybersecurite-assises-de-la-cybers-2025-lheure-du-retour-aux-fondamentaux\/#primaryimage","url":"https:\/\/www.capgemini.com\/wp-content\/uploads\/2025\/12\/Cyber-resilience-web-banner.jpg","contentUrl":"https:\/\/www.capgemini.com\/wp-content\/uploads\/2025\/12\/Cyber-resilience-web-banner.jpg"},{"@type":"BreadcrumbList","@id":"https:\/\/www.capgemini.com\/ca-fr\/perspectives\/blog\/cybersecurite-assises-de-la-cybers-2025-lheure-du-retour-aux-fondamentaux\/#breadcrumb","itemListElement":[{"@type":"ListItem","position":1,"name":"Home","item":"https:\/\/www.capgemini.com\/ca-fr\/"},{"@type":"ListItem","position":2,"name":"Assises de la cybers\u00e9curit\u00e9 2025\u00a0: l\u2019heure du retour aux fondamentaux"}]},{"@type":"WebSite","@id":"https:\/\/www.capgemini.com\/ca-fr\/#website","url":"https:\/\/www.capgemini.com\/ca-fr\/","name":"Capgemini Canada French","description":"Capgemini","potentialAction":[{"@type":"SearchAction","target":{"@type":"EntryPoint","urlTemplate":"https:\/\/www.capgemini.com\/ca-fr\/?s={search_term_string}"},"query-input":"required name=search_term_string"}],"inLanguage":"fr-FR"},{"@type":"Person","@id":"https:\/\/www.capgemini.com\/ca-fr\/#\/schema\/person\/816b44b24d8e4a4d607a37f64955250e","name":"anne.gautier@capgemini.com","image":{"@type":"ImageObject","inLanguage":"fr-FR","@id":"https:\/\/www.capgemini.com\/ca-fr\/#\/schema\/person\/image\/","url":"https:\/\/secure.gravatar.com\/avatar\/9cf8db67f802b2b625289f43572819f2084fdf161e0a56a41faa409247bd2750?s=96&d=mm&r=g","contentUrl":"https:\/\/secure.gravatar.com\/avatar\/9cf8db67f802b2b625289f43572819f2084fdf161e0a56a41faa409247bd2750?s=96&d=mm&r=g","caption":"anne.gautier@capgemini.com"},"sameAs":["https:\/\/x.com\/anne.gautier@capgemini.com","anne.gautier@capgemini.com"],"url":"https:\/\/www.capgemini.com\/ca-fr\/author\/anne-gautiercapgemini-com\/"}]}},"blog_topic_info":[{"id":246,"name":"Cybers\u00e9curit\u00e9"}],"taxonomy_info":{"category":[{"id":399,"name":"Innovation","slug":"innovation"},{"id":313,"name":"Transformation","slug":"transformation"}],"post_tag":[{"id":185,"name":"Cybers\u00e9curit\u00e9","slug":"cybersecurite"}],"brand":[{"id":58,"name":"Capgemini","slug":"capgemini"}],"service":[{"id":187,"name":"Cybersecurit\u00e9","slug":"cybersecurite"}],"blog-topic":[{"id":246,"name":"Cybers\u00e9curit\u00e9","slug":"cybersecurite"}],"following_users":[{"id":312,"name":"anne.gautier@capgemini.com","slug":"anne-gautiercapgemini-com"},{"id":391,"name":"vikramjanugade","slug":"vikramjanugade"}]},"parsely":{"version":"1.1.0","canonical_url":"https:\/\/capgemini.com\/ca-fr\/perspectives\/blog\/cybersecurite-assises-de-la-cybers-2025-lheure-du-retour-aux-fondamentaux\/","smart_links":{"inbound":0,"outbound":0},"traffic_boost_suggestions_count":0,"meta":{"@context":"https:\/\/schema.org","@type":"NewsArticle","headline":"Assises de la cybers\u00e9curit\u00e9 2025\u00a0: l\u2019heure du retour aux fondamentaux","url":"https:\/\/www.capgemini.com\/ca-fr\/perspectives\/blog\/cybersecurite-assises-de-la-cybers-2025-lheure-du-retour-aux-fondamentaux\/","mainEntityOfPage":{"@type":"WebPage","@id":"https:\/\/www.capgemini.com\/ca-fr\/perspectives\/blog\/cybersecurite-assises-de-la-cybers-2025-lheure-du-retour-aux-fondamentaux\/"},"thumbnailUrl":"https:\/\/www.capgemini.com\/wp-content\/uploads\/2025\/12\/Cyber-resilience-web-banner.jpg?w=150&h=150&crop=1","image":{"@type":"ImageObject","url":"https:\/\/www.capgemini.com\/wp-content\/uploads\/2025\/12\/Cyber-resilience-web-banner.jpg"},"articleSection":"Innovation","author":[],"creator":[],"publisher":{"@type":"Organization","name":"Capgemini Canada French","logo":""},"keywords":["cybers\u00e9curit\u00e9"],"dateCreated":"2026-03-13T03:23:31Z","datePublished":"2026-03-13T03:23:31Z","dateModified":"2026-03-13T03:24:00Z"},"rendered":"<meta name=\"parsely-title\" content=\"Assises de la cybers\u00e9curit\u00e9 2025\u00a0: l\u2019heure du retour aux fondamentaux\" \/>\n<meta name=\"parsely-link\" content=\"https:\/\/www.capgemini.com\/ca-fr\/perspectives\/blog\/cybersecurite-assises-de-la-cybers-2025-lheure-du-retour-aux-fondamentaux\/\" \/>\n<meta name=\"parsely-type\" content=\"post\" \/>\n<meta name=\"parsely-image-url\" content=\"https:\/\/www.capgemini.com\/wp-content\/uploads\/2025\/12\/Cyber-resilience-web-banner.jpg?w=150&amp;h=150&amp;crop=1\" \/>\n<meta name=\"parsely-pub-date\" content=\"2026-03-13T03:23:31Z\" \/>\n<meta name=\"parsely-section\" content=\"Innovation\" \/>\n<meta name=\"parsely-tags\" content=\"cybers\u00e9curit\u00e9\" \/>","tracker_url":"https:\/\/cdn.parsely.com\/keys\/capgemini.com\/p.js"},"jetpack_featured_media_url":"https:\/\/www.capgemini.com\/wp-content\/uploads\/2025\/12\/Cyber-resilience-web-banner.jpg","archive_status":false,"featured_image_src":"https:\/\/www.capgemini.com\/wp-content\/uploads\/2025\/12\/Cyber-resilience-web-banner.jpg","featured_image_alt":"","jetpack_sharing_enabled":true,"distributor_meta":false,"distributor_terms":false,"distributor_media":false,"distributor_original_site_name":"Capgemini Canada French","distributor_original_site_url":"https:\/\/www.capgemini.com\/ca-fr","push-errors":false,"featured_image_url":"https:\/\/www.capgemini.com\/wp-content\/uploads\/2025\/12\/Cyber-resilience-web-banner.jpg","author_title":"Vincent Laurens","author_thumbnail_url":"https:\/\/www.capgemini.com\/ca-fr\/wp-content\/uploads\/sites\/21\/2026\/03\/Vincent-Laurens.png?w=310","author_thumbnail_alt":"","_links":{"self":[{"href":"https:\/\/www.capgemini.com\/ca-fr\/wp-json\/wp\/v2\/posts\/711154","targetHints":{"allow":["GET"]}}],"collection":[{"href":"https:\/\/www.capgemini.com\/ca-fr\/wp-json\/wp\/v2\/posts"}],"about":[{"href":"https:\/\/www.capgemini.com\/ca-fr\/wp-json\/wp\/v2\/types\/post"}],"author":[{"embeddable":true,"href":"https:\/\/www.capgemini.com\/ca-fr\/wp-json\/wp\/v2\/users\/166"}],"replies":[{"embeddable":true,"href":"https:\/\/www.capgemini.com\/ca-fr\/wp-json\/wp\/v2\/comments?post=711154"}],"version-history":[{"count":1,"href":"https:\/\/www.capgemini.com\/ca-fr\/wp-json\/wp\/v2\/posts\/711154\/revisions"}],"predecessor-version":[{"id":711156,"href":"https:\/\/www.capgemini.com\/ca-fr\/wp-json\/wp\/v2\/posts\/711154\/revisions\/711156"}],"wp:featuredmedia":[{"embeddable":true,"href":"https:\/\/www.capgemini.com\/ca-fr\/wp-json\/"}],"wp:attachment":[{"href":"https:\/\/www.capgemini.com\/ca-fr\/wp-json\/wp\/v2\/media?parent=711154"}],"wp:term":[{"taxonomy":"category","embeddable":true,"href":"https:\/\/www.capgemini.com\/ca-fr\/wp-json\/wp\/v2\/categories?post=711154"},{"taxonomy":"post_tag","embeddable":true,"href":"https:\/\/www.capgemini.com\/ca-fr\/wp-json\/wp\/v2\/tags?post=711154"},{"taxonomy":"brand","embeddable":true,"href":"https:\/\/www.capgemini.com\/ca-fr\/wp-json\/wp\/v2\/brand?post=711154"},{"taxonomy":"service","embeddable":true,"href":"https:\/\/www.capgemini.com\/ca-fr\/wp-json\/wp\/v2\/service?post=711154"},{"taxonomy":"industry","embeddable":true,"href":"https:\/\/www.capgemini.com\/ca-fr\/wp-json\/wp\/v2\/industry?post=711154"},{"taxonomy":"partners","embeddable":true,"href":"https:\/\/www.capgemini.com\/ca-fr\/wp-json\/wp\/v2\/partners?post=711154"},{"taxonomy":"blog-topic","embeddable":true,"href":"https:\/\/www.capgemini.com\/ca-fr\/wp-json\/wp\/v2\/blog-topic?post=711154"},{"taxonomy":"content-group","embeddable":true,"href":"https:\/\/www.capgemini.com\/ca-fr\/wp-json\/wp\/v2\/content-group?post=711154"}],"curies":[{"name":"wp","href":"https:\/\/api.w.org\/{rel}","templated":true}]}}