{"id":632592,"date":"2023-03-31T18:52:00","date_gmt":"2023-03-31T18:52:00","guid":{"rendered":"https:\/\/www.capgemini.com\/br-pt\/?post_type=press-release&#038;p=632592"},"modified":"2025-03-26T06:01:59","modified_gmt":"2025-03-26T06:01:59","slug":"a-transformacao-sustentavel-que-queremos","status":"publish","type":"press-release","link":"https:\/\/www.capgemini.com\/br-pt\/noticias\/press-release\/a-transformacao-sustentavel-que-queremos\/","title":{"rendered":"A transforma\u00e7\u00e3o sustent\u00e1vel que queremos"},"content":{"rendered":"\t\t<div class=\"wp-block-cg-blocks-hero-press-release\">\n\t\t\t<header class=\"header-hero-press-release\" role=\"main\" id=\"main-content-press-release\">\n\t\t\t\t<div class=\"container\">\n\t\t\t\t\t<div class=\"hero-press-release\">\n\t\t\t\t\t\t<div class=\"hero-press-release-content-wrapper\">\n\t\t\t\t\t\t\t<div class=\"row\">\n\t\t\t\t\t\t\t\t<div class=\"col-12\">\n\t\t\t\t\t\t\t\t\t<div class=\"header-title\">\n\t\t\t\t\t\t\t\t\t\t<h1>\n\t\t\t\t\t\t\t\t\t\t\tA transforma\u00e7\u00e3o sustent\u00e1vel que queremos\t\t\t\t\t\t\t\t\t\t<\/h1>\n\t\t\t\t\t\t\t\t\t<\/div>\n\t\t\t\t\t\t\t\t\t<div class=\"header-description\">\n\t\t\t\t\t\t\t\t\t\t<p><\/p>\n\t\t\t\t\t\t\t\t\t<\/div>\n\t\t\t\t\t\t\t\t\t\t\t\t\t\t\t\t\t\t<div class=\"header-date\">\n\t\t\t\t\t\t\t\t\t\t<span>mar. 31, 2023<\/span>\n\t\t\t\t\t\t\t\t\t<\/div>\n\t\t\t\t\t\t\t\t<\/div>\n\t\t\t\t\t\t\t<\/div>\n\t\t\t\t\t\t<\/div>\n\t\t\t\t\t\t\t\t\t\t\t\t\t\t\t\t\t\t\t<div class=\"hero-press-release-brand-image\">\n\t\t\t\t\t\t\t\t<img decoding=\"async\" loading=\"lazy\" src=\"https:\/\/www.capgemini.com\/br-pt\/wp-content\/themes\/capgemini2025\/assets\/images\/capgemini-white.svg\" alt=\"Logotipo da marca\" \/>\n\t\t\t\t\t\t\t<\/div>\n\t\t\t\t\t\t\t\t\t\t\t<\/div>\n\t\t\t\t<\/div>\n\t\t\t<\/header>\n\t\t<\/div>\n\t\t\n\n\n<section class=\"wp-block-cg-blocks-group undefined section section--article-content\"><div class=\"article-main-content\"><div class=\"container\"><div class=\"row\"><div class=\"col-12 col-md-1\"><nav class=\"article-social\"><ul class=\"social-nav\"><li class=\"ip-order-fb\"><a href=\"https:\/\/www.facebook.com\/sharer\/sharer.php?u=https:\/\/www.capgemini.com\/br-pt\/?post_type=press-release&amp;p=632582\" target=\"_blank\" rel=\"noopener noreferrer\" title=\"Abre em uma nova janela\"><i aria-hidden=\"true\" class=\"icon-fb\"><\/i><span class=\"sr-only\">Facebook<\/span><\/a><\/li><li class=\"ip-order-tw\"><a href=\"https:\/\/twitter.com\/intent\/tweet?url=https:\/\/www.capgemini.com\/br-pt\/?post_type=press-release&amp;p=632582&amp;text=Capgemini%20recebe%20o%20Pr%C3%AAmio%20%E2%80%9CMicrosoft%20Partner%20of%20the%20Year%202023%E2%80%9D%20em%20seis%20categorias\" target=\"_blank\" rel=\"noopener noreferrer\" title=\"Abre em uma nova janela\"><i aria-hidden=\"true\" class=\"icon-tw\"><\/i><span class=\"sr-only\">Twitter<\/span><\/a><\/li><li class=\"ip-order-li\"><a href=\"https:\/\/www.linkedin.com\/sharing\/share-offsite\/?url=https:\/\/www.capgemini.com\/br-pt\/?post_type=press-release&amp;p=632582&amp;text=Capgemini%20recebe%20o%20Pr%C3%AAmio%20%E2%80%9CMicrosoft%20Partner%20of%20the%20Year%202023%E2%80%9D%20em%20seis%20categorias\" target=\"_blank\" rel=\"noopener noreferrer\" title=\"Abre em uma nova janela\"><i aria-hidden=\"true\" class=\"icon-li\"><\/i><span class=\"sr-only\">Linkedin<\/span><\/a><\/li><\/ul><\/nav><\/div><div class=\"col-12 col-md-11 col-lg-10\"><div class=\"article-text article-quote-text\">\n<h2 class=\"wp-block-heading\" id=\"h-por-juliana-almeida-vice-presidente-de-iniciativas-estrategicas-e-parcerias-na-capgemini-brasil\">Por Juliana Almeida &#8211; Vice-Presidente de Iniciativas Estrat\u00e9gicas e Parcerias na Capgemini Brasil<\/h2>\n\n\n\n<p>A sustentabilidade \u00e9 vista como um custo na sua empresa? Qual \u00e9 a pegada de carbono da sua opera\u00e7\u00e3o? O empenho da sua equipe \u00e9 o mesmo no projeto de um novo produto e em uma iniciativa relacionada \u00e0 sustentabilidade? Se voc\u00ea ficou em d\u00favida sobre essas quest\u00f5es, \u00e9 hora de uma mudan\u00e7a urgente de&nbsp;<em>mindset.<\/em><\/p>\n\n\n\n<p>Nos \u00faltimos anos a sustentabilidade foi integrada \u00e0s estrat\u00e9gias de neg\u00f3cios, mas poucas organiza\u00e7\u00f5es evolu\u00edram a ponto de atingir a maturidade nas pr\u00e1ticas ESG, como mostra o estudo \u201c<a href=\"https:\/\/www.capgemini.com\/insights\/research-library\/sustainability-trends\/\" target=\"_blank\" rel=\"noreferrer noopener nofollow\"><em>A World in Balance: Porque ambi\u00e7\u00f5es de sustentabilidade n\u00e3o est\u00e3o sendo traduzidas em a\u00e7\u00f5es<\/em><\/a><em>\u201d,<\/em>&nbsp;feito pelo&nbsp;<a href=\"https:\/\/www.capgemini.com\/insights\/research-institute\/\" target=\"_blank\" rel=\"noreferrer noopener nofollow\">Capgemini Research Institute<\/a>. Embora as empresas reconhe\u00e7am a urg\u00eancia das mudan\u00e7as clim\u00e1ticas, pouco fazem nesse sentido.<\/p>\n\n\n\n<p>Ainda h\u00e1 muitas incertezas em rela\u00e7\u00e3o a esse tema. Apenas 21% dos executivos consultados na pesquisa acreditam que o modelo de neg\u00f3cios da sustentabilidade \u00e9 claro. E mais da metade considera a sustentabilidade uma obriga\u00e7\u00e3o.<\/p>\n\n\n\n<p>Mas o momento atual requer uma dose de ousadia para enfrentar as demandas que envolvem todo o ecossistema de neg\u00f3cios e que devem se intensificar nos pr\u00f3ximos anos. Estamos falando desde desafios relacionados \u00e0s mudan\u00e7as de comportamento do consumidor, com as novas gera\u00e7\u00f5es bastante envolvidas com a causa ESG, at\u00e9 o fim dos v\u00ednculos com fornecedores de risco. A escassez de mat\u00e9ria prima e o impacto das mudan\u00e7as clim\u00e1ticas nas opera\u00e7\u00f5es, entre outros fatores, v\u00e3o determinar a transi\u00e7\u00e3o para novos modelos de neg\u00f3cios, como a economia circular. Temos \u00e0 vista um ambiente regulat\u00f3rio mais desafiador e n\u00e3o podemos esquecer dos investidores, cada vez mais interessados em neg\u00f3cios com desempenho sustent\u00e1vel e capazes de mitigar os riscos clim\u00e1ticos.<\/p>\n\n\n\n<p>Isso mostra que sustentabilidade e lucratividade n\u00e3o est\u00e3o em lados opostos. Nosso estudo indica que empresas com alta maturidade em sustentabilidade alcan\u00e7am receitas at\u00e9 9 pontos percentuais maiores que os concorrentes. Numa vis\u00e3o de longo prazo, acreditamos que sustentabilidade e m\u00e9tricas financeiras podem andar de m\u00e3os dadas, sem falar em outros benef\u00edcios agregados como impacto positivo na sociedade, preserva\u00e7\u00e3o do meio ambiente, efici\u00eancia operacional e energ\u00e9tica.<\/p>\n\n\n\n<p>A Capgemini tem um longo hist\u00f3rico de compromissos nos tr\u00eas pilares ESG, inclusive com reconhecimentos e premia\u00e7\u00f5es globais. Somos guiados por 8 compromissos que permeiam nossas a\u00e7\u00f5es e projetos em todo o mundo. Em rela\u00e7\u00e3o ao meio ambiente, por exemplo, nossa meta \u00e9 atuar nas mudan\u00e7as clim\u00e1ticas sendo net zero business at\u00e9 2030, al\u00e9m de apoiar a transi\u00e7\u00e3o econ\u00f4mica de baixo carbono, ajudando os clientes a cumprirem seus compromissos ambientais. No pilar social, desenvolver nossos talentos, priorizando a diversidade e a inclus\u00e3o. Do ponto de vista da governan\u00e7a, buscar manter os altos padr\u00f5es \u00e9ticos, al\u00e9m de proteger e assegurar dados, infraestrutura e identidade.<\/p>\n\n\n\n<p>\u00c9 nesse cen\u00e1rio que colocamos nosso foco para trabalhar com clientes, parceiros e comunidades a fim de acelerar a transi\u00e7\u00e3o para a sustentabilidade e encontrar solu\u00e7\u00f5es para os desafios da sociedade. Para executar uma miss\u00e3o t\u00e3o nobre, temos parceiros totalmente comprometido com o desenvolvimento sustent\u00e1vel do mercado com o qual estamos investindo para ter a\u00e7\u00f5es espec\u00edficas que apoiam nossa miss\u00e3o de apoiar clientes, parceiros e cadeia de forma geral na acelera\u00e7\u00e3o de sua jornada ESG.<\/p>\n\n\n\n<p>Esse m\u00eas, demos um passo importante no compromisso junto as metas de sustentabilidade, em parceria com a Microsoft. No dia 8 de mar\u00e7o inauguramos nossa \u201cJornada interativa de solu\u00e7\u00f5es de Sustentabilidade\u201d, que conta com demo interativa e ficar\u00e1 exposta at\u00e9 junho de 2023, no Microsoft Technology Center (MTC), em S\u00e3o Paulo, para experimenta\u00e7\u00e3o de empresas convidadas pela Capgemini e Microsoft.<\/p>\n\n\n\n<p>O Microsoft Technology Center \u00e9 um espa\u00e7o idealizado para apresenta\u00e7\u00e3o e experimenta\u00e7\u00e3o de inova\u00e7\u00f5es e ter esse piloto lan\u00e7ado no Brasil nos enche de orgulho. Nesse espa\u00e7o ser\u00e1 poss\u00edvel entender, na pr\u00e1tica, solu\u00e7\u00f5es capazes de apoiar toda a jornada rumo ao Net Zero considerando a pegada de carbono de toda a cadeia de suprimentos, desde a concep\u00e7\u00e3o dos produtos at\u00e9 o descarte final ou reuso, sempre com o acompanhamento de indicadores.<\/p>\n\n\n\n<p>Para se ter uma ideia, s\u00e3o solu\u00e7\u00f5es de opera\u00e7\u00f5es sustent\u00e1veis com plataformas de dados que suportam a simula\u00e7\u00e3o de ajustes na cadeia produtiva, abordagens de computa\u00e7\u00e3o de borda e nuvem para a redu\u00e7\u00e3o das emiss\u00f5es dos data centers, com otimiza\u00e7\u00e3o de custos do parque tecnol\u00f3gico que permitem ganhos de produtividade das esteiras de desenvolvimento. Tamb\u00e9m ser\u00e1 poss\u00edvel experimentar programas de acompanhamento e medi\u00e7\u00e3o do impacto de a\u00e7\u00f5es sociais e conformidade de produtos e fornecedores. O mais interessante \u00e9 a possibilidade de visualizar tudo isso de forma conectada com a estrat\u00e9gia ESG, levando em conta fatores essenciais como rentabilidade, retorno de investimento e longevidade dos neg\u00f3cios. O espa\u00e7o tamb\u00e9m estar\u00e1 dispon\u00edvel para reuni\u00f5es estrat\u00e9gicas, imers\u00f5es e workshops de produtos verdes.<\/p>\n\n\n\n<p>A Microsoft tamb\u00e9m possui s\u00e9rios compromissos ambientais at\u00e9 2030, como a meta de se tornar carbono negativo, zero desperd\u00edcio e \u00e1gua positiva.<\/p>\n\n\n\n<p>J\u00e1 somos parceiros globais h\u00e1 25 anos, com mais de 2 mil clientes atendidos em conjunto, e acreditamos no poder da tecnologia para melhorar a efici\u00eancia dos neg\u00f3cios, diminuir custos, reduzir a emiss\u00e3o de carbono e muito mais.<\/p>\n\n\n\n<p>Essa \u00e9 uma conquista muito importante para n\u00f3s e todo o mercado. Afinal, chegamos num ponto de virada, em que todas as organiza\u00e7\u00f5es ter\u00e3o de fazer a sua parte na jornada rumo \u00e0 sustentabilidade. Queremos ajudar executivos C-level, cada um na sua expertise, a construir metas ating\u00edveis, sempre com vis\u00e3o colaborativa.<\/p>\n\n\n\n<p>Na Capgemini, acreditamos que a sustentabilidade n\u00e3o pode ser apenas um projeto de compliance de curto prazo, mas uma iniciativa robusta, assim como um programa de transforma\u00e7\u00e3o digital, envolvendo do board ao time operacional, do modelo de neg\u00f3cios ao design de produtos. Convido voc\u00ea a conhecer a Jornada de Solu\u00e7\u00f5es de Sustentabilidade para dar o start na transforma\u00e7\u00e3o sustent\u00e1vel e assim garantir o futuro do seu neg\u00f3cio, do planeta e das pr\u00f3ximas gera\u00e7\u00f5es.<\/p>\n\n\n\n<div class=\"wp-block-buttons is-layout-flex wp-block-buttons-is-layout-flex\">\n<div class=\"wp-block-button\"><a class=\"wp-block-button__link wp-element-button\" href=\"https:\/\/www.capgemini.com\/br-pt\/servicos\/jornada-interativa-de-solucoes-de-sustentabilidade-no-mtc\/\" target=\"_blank\" rel=\"noreferrer noopener\">Saiba mais<\/a><\/div>\n<\/div>\n\n\n<div class=\"wp-block-cg-blocks-cg-block-related-content\"><section class=\"relatedContentBlock\"><div class=\"container\"><div class=\"row\"><div class=\"content-title col-12 col-md-8\"><h2 class=\"related-content-heading\">Related News<\/h2><\/div><\/div><div class=\"row relatedContent\"><div class=\"col-lg-4 col-md-6 col-xs-12\">\n\t\t\t\t\t\t\t<div class=\"box\">\n\t\t\t\t\t\t\t\t<a aria-label=\"Leia mais sobre Capgemini apresenta o Google Cloud AI Enterprise Hub para acelerar a transforma\u00e7\u00e3o empresarial da IA Ag\u00eantica\" href=\"https:\/\/www.capgemini.com\/br-pt\/noticias\/press-release\/capgemini-apresenta-o-google-cloud-ai-enterprise-hub-para-acelerar-a-transformacao-empresarial-da-ia-agentica\/\" class=\"anchorWrapper\">\n\t\t\t\t\t\t\t\t\t<span class=\"box-tag\"><span>Corporate news<\/span><\/span>\n\t\t\t\t\t\t\t\t\t<div class=\"box-title\"><h3 class=\"box-subtitle\">Capgemini apresenta o Google Cloud AI Enterprise Hub para acelerar a transforma\u00e7\u00e3o empresarial da IA Ag\u00eantica<\/h3><\/div>\n\t\t\t\t\t\t\t\t\t<div class=\"box-date\">\n\t\t\t\t\t\t\t\t\t\t<span>Apr 24, 2026<\/span>\n\t\t\t\t\t\t\t\t\t<\/div>\n\t\t\t\t\t\t\t\t\t<div class=\"box-bottom\">\n\t\t\t\t\t\t\t\t\t\t&lt;a class=&quot;link-download&quot; href=&quot;https:\/\/www.capgemini.com\/br-pt\/wp-content\/uploads\/sites\/12\/2026\/04\/PR-PORT_Google-Cloud-AI-Enterprise-Hub-23Abr2026.docx.pdf&quot; aria-label=&quot;Baixar comunicado de imprensa&quot; target=&quot;_blank&quot;  type=&quot;download&quot; title=&quot;Opens in a new window&quot;&gt;\n\t\t\t\t\t\t\t&lt;span&gt;Baixar comunicado de imprensa&lt;\/span&gt;\n\t\t\t\t\t\t\t&lt;span&gt;243 KB PDF&lt;\/span&gt;\n\t\t\t\t\t\t&lt;\/a&gt;\n\t\t\t\t\t\t\t\t\t\t<a class=\"more\" aria-label=\"Leia mais sobre Capgemini apresenta o Google Cloud AI Enterprise Hub para acelerar a transforma\u00e7\u00e3o empresarial da IA Ag\u00eantica\" href=\"https:\/\/www.capgemini.com\/br-pt\/noticias\/press-release\/capgemini-apresenta-o-google-cloud-ai-enterprise-hub-para-acelerar-a-transformacao-empresarial-da-ia-agentica\/\">Leia mais sobre<\/a>\n\t\t\t\t\t\t\t\t\t<\/div>\n\t\t\t\t\t\t\t\t<\/a>\n\t\t\t\t\t\t\t<\/div>\n\t\t\t\t\t\t<\/div><div class=\"col-lg-4 col-md-6 col-xs-12\">\n\t\t\t\t\t\t\t<div class=\"box\">\n\t\t\t\t\t\t\t\t<a aria-label=\"Leia mais sobre Resultados completo do ano de 2025\" href=\"https:\/\/www.capgemini.com\/br-pt\/noticias\/press-release\/resultados-completo-do-ano-de-2025\/\" class=\"anchorWrapper\">\n\t\t\t\t\t\t\t\t\t<span class=\"box-tag\"><span>Financial news<\/span><\/span>\n\t\t\t\t\t\t\t\t\t<div class=\"box-title\"><h3 class=\"box-subtitle\">Resultados completo do ano de 2025<\/h3><\/div>\n\t\t\t\t\t\t\t\t\t<div class=\"box-date\">\n\t\t\t\t\t\t\t\t\t\t<span>Mar 18, 2026<\/span>\n\t\t\t\t\t\t\t\t\t<\/div>\n\t\t\t\t\t\t\t\t\t<div class=\"box-bottom\">\n\t\t\t\t\t\t\t\t\t\t&lt;a class=&quot;link-download&quot; href=&quot;https:\/\/www.capgemini.com\/wp-content\/uploads\/2026\/02\/Capgemini_-_2026-02-13-_-2025_Annual_Results.pdf&quot; aria-label=&quot;Baixar comunicado de imprensa&quot; target=&quot;_blank&quot;  type=&quot;download&quot; title=&quot;Opens in a new window&quot;&gt;\n\t\t\t\t\t\t\t&lt;span&gt;Baixar comunicado de imprensa&lt;\/span&gt;\n\t\t\t\t\t\t\t&lt;span&gt;309 KB PDF&lt;\/span&gt;\n\t\t\t\t\t\t&lt;\/a&gt;\n\t\t\t\t\t\t\t\t\t\t<a class=\"more\" aria-label=\"Leia mais sobre Resultados completo do ano de 2025\" href=\"https:\/\/www.capgemini.com\/br-pt\/noticias\/press-release\/resultados-completo-do-ano-de-2025\/\">Leia mais sobre<\/a>\n\t\t\t\t\t\t\t\t\t<\/div>\n\t\t\t\t\t\t\t\t<\/a>\n\t\t\t\t\t\t\t<\/div>\n\t\t\t\t\t\t<\/div><div class=\"col-lg-4 col-md-6 col-xs-12\">\n\t\t\t\t\t\t\t<div class=\"box\">\n\t\t\t\t\t\t\t\t<a aria-label=\"Leia mais sobre Capgemini ir\u00e1 adquirir a Piterion, l\u00edder em gest\u00e3o de ciclo de vida de produtos e digitaliza\u00e7\u00e3o industrial\" href=\"https:\/\/www.capgemini.com\/br-pt\/noticias\/press-release\/capgemini-ira-adquirir-a-piterion-lider-em-gestao-de-ciclo-de-vida-de-produtos-e-digitalizacao-industrial\/\" class=\"anchorWrapper\">\n\t\t\t\t\t\t\t\t\t<span class=\"box-tag\"><span>Corporate news<\/span><\/span>\n\t\t\t\t\t\t\t\t\t<div class=\"box-title\"><h3 class=\"box-subtitle\">Capgemini ir\u00e1 adquirir a Piterion, l\u00edder em gest\u00e3o de ciclo de vida de produtos e digitaliza\u00e7\u00e3o industrial<\/h3><\/div>\n\t\t\t\t\t\t\t\t\t<div class=\"box-date\">\n\t\t\t\t\t\t\t\t\t\t<span>Mar 12, 2026<\/span>\n\t\t\t\t\t\t\t\t\t<\/div>\n\t\t\t\t\t\t\t\t\t<div class=\"box-bottom\">\n\t\t\t\t\t\t\t\t\t\t&lt;a class=&quot;link-download&quot; href=&quot;https:\/\/www.capgemini.com\/br-pt\/wp-content\/uploads\/sites\/12\/2026\/03\/PR-PORT_Piterion-acquisition-09Mar2026.pdf&quot; aria-label=&quot;Baixar comunicado de imprensa&quot; target=&quot;_blank&quot;  type=&quot;download&quot; title=&quot;Opens in a new window&quot;&gt;\n\t\t\t\t\t\t\t&lt;span&gt;Baixar comunicado de imprensa&lt;\/span&gt;\n\t\t\t\t\t\t\t&lt;span&gt;231 KB PDF&lt;\/span&gt;\n\t\t\t\t\t\t&lt;\/a&gt;\n\t\t\t\t\t\t\t\t\t\t<a class=\"more\" aria-label=\"Leia mais sobre Capgemini ir\u00e1 adquirir a Piterion, l\u00edder em gest\u00e3o de ciclo de vida de produtos e digitaliza\u00e7\u00e3o industrial\" href=\"https:\/\/www.capgemini.com\/br-pt\/noticias\/press-release\/capgemini-ira-adquirir-a-piterion-lider-em-gestao-de-ciclo-de-vida-de-produtos-e-digitalizacao-industrial\/\">Leia mais sobre<\/a>\n\t\t\t\t\t\t\t\t\t<\/div>\n\t\t\t\t\t\t\t\t<\/a>\n\t\t\t\t\t\t\t<\/div>\n\t\t\t\t\t\t<\/div><\/div><\/div><\/section><\/div><\/div><\/div><\/div><\/div><\/div><\/section>\n","protected":false},"excerpt":{"rendered":"<p>Leia o artigo de Juliana Almeida, Vice-Presidente de Iniciativas Estrat\u00e9gicas e Parcerias na Capgemini Brasil sobre transforma\u00e7\u00e3o sustent\u00e1vel<\/p>\n","protected":false},"author":588,"featured_media":0,"template":"","meta":{"cg_dt_proposed_to":[],"cg_seo_hreflang_relations":"[]","cg_seo_canonical_relation":"","cg_seo_hreflang_x_default_relation":"{\"uuid\":\"0ac3cdcc-ec8f-4227-a4e6-1394b7a85a17\",\"blogId\":\"\",\"domain\":\"\",\"sitePath\":\"\",\"postLink\":\"\",\"postId\":null,\"isSaved\":true,\"isCrossLink\":false,\"hasCrossLink\":false}","cg_dt_approved_content":true,"cg_dt_mandatory_content":false,"cg_dt_notes":"","cg_dg_source_changed":false,"cg_dt_link_disabled":false,"footnotes":"","related_resource_url":"","related_resource_id":0,"related_resource_size":"","related_resource_type":"","cg_author":0,"featured_focal_points":""},"tags":[],"press-release-type":[],"brand":[80],"class_list":["post-632592","press-release","type-press-release","status-publish","hentry","brand-capgemini"],"yoast_head":"<!-- This site is optimized with the Yoast SEO Premium plugin v22.8 (Yoast SEO v22.8) - https:\/\/yoast.com\/wordpress\/plugins\/seo\/ -->\n<title>A transforma\u00e7\u00e3o sustent\u00e1vel que queremos - Capgemini Brasil<\/title>\n<meta name=\"description\" content=\"Leia o artigo de Juliana Almeida, Vice-Presidente de Iniciativas Estrat\u00e9gicas e Parcerias na Capgemini Brasil sobre transforma\u00e7\u00e3o sustent\u00e1vel\" \/>\n<meta name=\"robots\" content=\"index, follow, max-snippet:-1, max-image-preview:large, max-video-preview:-1\" \/>\n<link rel=\"canonical\" href=\"https:\/\/www.capgemini.com\/br-pt\/noticias\/press-release\/a-transformacao-sustentavel-que-queremos\/\" \/>\n<meta property=\"og:locale\" content=\"pt_BR\" \/>\n<meta property=\"og:type\" content=\"article\" \/>\n<meta property=\"og:title\" content=\"A transforma\u00e7\u00e3o sustent\u00e1vel que queremos\" \/>\n<meta property=\"og:description\" content=\"Leia o artigo de Juliana Almeida, Vice-Presidente de Iniciativas Estrat\u00e9gicas e Parcerias na Capgemini Brasil sobre transforma\u00e7\u00e3o sustent\u00e1vel\" \/>\n<meta property=\"og:url\" content=\"https:\/\/www.capgemini.com\/br-pt\/noticias\/press-release\/a-transformacao-sustentavel-que-queremos\/\" \/>\n<meta property=\"og:site_name\" content=\"Capgemini Brasil\" \/>\n<meta property=\"article:modified_time\" content=\"2025-03-26T06:01:59+00:00\" \/>\n<meta property=\"og:image\" content=\"https:\/\/www.capgemini.com\/br-pt\/wp-content\/uploads\/sites\/12\/2025\/10\/New-Web-preview-global.jpg\" \/>\n\t<meta property=\"og:image:width\" content=\"1200\" \/>\n\t<meta property=\"og:image:height\" content=\"627\" \/>\n\t<meta property=\"og:image:type\" content=\"image\/jpeg\" \/>\n<meta name=\"twitter:card\" content=\"summary_large_image\" \/>\n<script type=\"application\/ld+json\" class=\"yoast-schema-graph\">{\"@context\":\"https:\/\/schema.org\",\"@graph\":[{\"@type\":\"WebPage\",\"@id\":\"https:\/\/www.capgemini.com\/br-pt\/noticias\/press-release\/a-transformacao-sustentavel-que-queremos\/\",\"url\":\"https:\/\/www.capgemini.com\/br-pt\/noticias\/press-release\/a-transformacao-sustentavel-que-queremos\/\",\"name\":\"A transforma\u00e7\u00e3o sustent\u00e1vel que queremos - Capgemini Brasil\",\"isPartOf\":{\"@id\":\"https:\/\/www.capgemini.com\/br-pt\/#website\"},\"datePublished\":\"2023-03-31T18:52:00+00:00\",\"dateModified\":\"2025-03-26T06:01:59+00:00\",\"description\":\"Leia o artigo de Juliana Almeida, Vice-Presidente de Iniciativas Estrat\u00e9gicas e Parcerias na Capgemini Brasil sobre transforma\u00e7\u00e3o sustent\u00e1vel\",\"breadcrumb\":{\"@id\":\"https:\/\/www.capgemini.com\/br-pt\/noticias\/press-release\/a-transformacao-sustentavel-que-queremos\/#breadcrumb\"},\"inLanguage\":\"pt-BR\",\"potentialAction\":[{\"@type\":\"ReadAction\",\"target\":[\"https:\/\/www.capgemini.com\/br-pt\/noticias\/press-release\/a-transformacao-sustentavel-que-queremos\/\"]}]},{\"@type\":\"BreadcrumbList\",\"@id\":\"https:\/\/www.capgemini.com\/br-pt\/noticias\/press-release\/a-transformacao-sustentavel-que-queremos\/#breadcrumb\",\"itemListElement\":[{\"@type\":\"ListItem\",\"position\":1,\"name\":\"Home\",\"item\":\"https:\/\/www.capgemini.com\/br-pt\/\"},{\"@type\":\"ListItem\",\"position\":2,\"name\":\"Press Releases\",\"item\":\"https:\/\/www.capgemini.com\/br-pt\/news\/\"},{\"@type\":\"ListItem\",\"position\":3,\"name\":\"A transforma\u00e7\u00e3o sustent\u00e1vel que queremos\"}]},{\"@type\":\"WebSite\",\"@id\":\"https:\/\/www.capgemini.com\/br-pt\/#website\",\"url\":\"https:\/\/www.capgemini.com\/br-pt\/\",\"name\":\"Capgemini Brasil\",\"description\":\"Capgemini\",\"potentialAction\":[{\"@type\":\"SearchAction\",\"target\":{\"@type\":\"EntryPoint\",\"urlTemplate\":\"https:\/\/www.capgemini.com\/br-pt\/?s={search_term_string}\"},\"query-input\":\"required name=search_term_string\"}],\"inLanguage\":\"pt-BR\"}]}<\/script>\n<!-- \/ Yoast SEO Premium plugin. -->","yoast_head_json":{"title":"A transforma\u00e7\u00e3o sustent\u00e1vel que queremos - Capgemini Brasil","description":"Leia o artigo de Juliana Almeida, Vice-Presidente de Iniciativas Estrat\u00e9gicas e Parcerias na Capgemini Brasil sobre transforma\u00e7\u00e3o sustent\u00e1vel","robots":{"index":"index","follow":"follow","max-snippet":"max-snippet:-1","max-image-preview":"max-image-preview:large","max-video-preview":"max-video-preview:-1"},"canonical":"https:\/\/www.capgemini.com\/br-pt\/noticias\/press-release\/a-transformacao-sustentavel-que-queremos\/","og_locale":"pt_BR","og_type":"article","og_title":"A transforma\u00e7\u00e3o sustent\u00e1vel que queremos","og_description":"Leia o artigo de Juliana Almeida, Vice-Presidente de Iniciativas Estrat\u00e9gicas e Parcerias na Capgemini Brasil sobre transforma\u00e7\u00e3o sustent\u00e1vel","og_url":"https:\/\/www.capgemini.com\/br-pt\/noticias\/press-release\/a-transformacao-sustentavel-que-queremos\/","og_site_name":"Capgemini Brasil","article_modified_time":"2025-03-26T06:01:59+00:00","og_image":[{"width":1200,"height":627,"url":"https:\/\/www.capgemini.com\/br-pt\/wp-content\/uploads\/sites\/12\/2025\/10\/New-Web-preview-global.jpg","type":"image\/jpeg"}],"twitter_card":"summary_large_image","schema":{"@context":"https:\/\/schema.org","@graph":[{"@type":"WebPage","@id":"https:\/\/www.capgemini.com\/br-pt\/noticias\/press-release\/a-transformacao-sustentavel-que-queremos\/","url":"https:\/\/www.capgemini.com\/br-pt\/noticias\/press-release\/a-transformacao-sustentavel-que-queremos\/","name":"A transforma\u00e7\u00e3o sustent\u00e1vel que queremos - Capgemini Brasil","isPartOf":{"@id":"https:\/\/www.capgemini.com\/br-pt\/#website"},"datePublished":"2023-03-31T18:52:00+00:00","dateModified":"2025-03-26T06:01:59+00:00","description":"Leia o artigo de Juliana Almeida, Vice-Presidente de Iniciativas Estrat\u00e9gicas e Parcerias na Capgemini Brasil sobre transforma\u00e7\u00e3o sustent\u00e1vel","breadcrumb":{"@id":"https:\/\/www.capgemini.com\/br-pt\/noticias\/press-release\/a-transformacao-sustentavel-que-queremos\/#breadcrumb"},"inLanguage":"pt-BR","potentialAction":[{"@type":"ReadAction","target":["https:\/\/www.capgemini.com\/br-pt\/noticias\/press-release\/a-transformacao-sustentavel-que-queremos\/"]}]},{"@type":"BreadcrumbList","@id":"https:\/\/www.capgemini.com\/br-pt\/noticias\/press-release\/a-transformacao-sustentavel-que-queremos\/#breadcrumb","itemListElement":[{"@type":"ListItem","position":1,"name":"Home","item":"https:\/\/www.capgemini.com\/br-pt\/"},{"@type":"ListItem","position":2,"name":"Press Releases","item":"https:\/\/www.capgemini.com\/br-pt\/news\/"},{"@type":"ListItem","position":3,"name":"A transforma\u00e7\u00e3o sustent\u00e1vel que queremos"}]},{"@type":"WebSite","@id":"https:\/\/www.capgemini.com\/br-pt\/#website","url":"https:\/\/www.capgemini.com\/br-pt\/","name":"Capgemini Brasil","description":"Capgemini","potentialAction":[{"@type":"SearchAction","target":{"@type":"EntryPoint","urlTemplate":"https:\/\/www.capgemini.com\/br-pt\/?s={search_term_string}"},"query-input":"required name=search_term_string"}],"inLanguage":"pt-BR"}]}},"parsely":{"version":"1.1.0","canonical_url":"https:\/\/capgemini.com\/br-pt\/noticias\/press-release\/a-transformacao-sustentavel-que-queremos\/","smart_links":{"inbound":0,"outbound":0},"traffic_boost_suggestions_count":0,"meta":{"@context":"https:\/\/schema.org","@type":"NewsArticle","headline":"A transforma\u00e7\u00e3o sustent\u00e1vel que queremos","url":"https:\/\/www.capgemini.com\/br-pt\/noticias\/press-release\/a-transformacao-sustentavel-que-queremos\/","mainEntityOfPage":{"@type":"WebPage","@id":"https:\/\/www.capgemini.com\/br-pt\/noticias\/press-release\/a-transformacao-sustentavel-que-queremos\/"},"thumbnailUrl":"","image":{"@type":"ImageObject","url":""},"articleSection":"Uncategorized","author":[],"creator":[],"publisher":{"@type":"Organization","name":"Capgemini Brasil","logo":""},"keywords":[],"dateCreated":"2023-03-31T18:52:00Z","datePublished":"2023-03-31T18:52:00Z","dateModified":"2025-03-26T06:01:59Z"},"rendered":"<meta name=\"parsely-title\" content=\"A transforma\u00e7\u00e3o sustent\u00e1vel que queremos\" \/>\n<meta name=\"parsely-link\" content=\"https:\/\/www.capgemini.com\/br-pt\/noticias\/press-release\/a-transformacao-sustentavel-que-queremos\/\" \/>\n<meta name=\"parsely-type\" content=\"post\" \/>\n<meta name=\"parsely-pub-date\" content=\"2023-03-31T18:52:00Z\" \/>\n<meta name=\"parsely-section\" content=\"Uncategorized\" \/>","tracker_url":"https:\/\/cdn.parsely.com\/keys\/capgemini.com\/p.js"},"archive_status":false,"featured_image_src":"https:\/\/www.capgemini.com\/br-pt\/wp-content\/themes\/capgemini2025\/assets\/images\/mockup.png","featured_image_alt":false,"distributor_meta":false,"distributor_terms":false,"distributor_media":false,"distributor_original_site_name":"Capgemini Brasil","distributor_original_site_url":"https:\/\/www.capgemini.com\/br-pt","push-errors":false,"tag_names":[],"_links":{"self":[{"href":"https:\/\/www.capgemini.com\/br-pt\/wp-json\/wp\/v2\/press-release\/632592","targetHints":{"allow":["GET"]}}],"collection":[{"href":"https:\/\/www.capgemini.com\/br-pt\/wp-json\/wp\/v2\/press-release"}],"about":[{"href":"https:\/\/www.capgemini.com\/br-pt\/wp-json\/wp\/v2\/types\/press-release"}],"author":[{"embeddable":true,"href":"https:\/\/www.capgemini.com\/br-pt\/wp-json\/wp\/v2\/users\/588"}],"version-history":[{"count":8,"href":"https:\/\/www.capgemini.com\/br-pt\/wp-json\/wp\/v2\/press-release\/632592\/revisions"}],"predecessor-version":[{"id":640383,"href":"https:\/\/www.capgemini.com\/br-pt\/wp-json\/wp\/v2\/press-release\/632592\/revisions\/640383"}],"wp:attachment":[{"href":"https:\/\/www.capgemini.com\/br-pt\/wp-json\/wp\/v2\/media?parent=632592"}],"wp:term":[{"taxonomy":"post_tag","embeddable":true,"href":"https:\/\/www.capgemini.com\/br-pt\/wp-json\/wp\/v2\/tags?post=632592"},{"taxonomy":"press-release-type","embeddable":true,"href":"https:\/\/www.capgemini.com\/br-pt\/wp-json\/wp\/v2\/press-release-type?post=632592"},{"taxonomy":"brand","embeddable":true,"href":"https:\/\/www.capgemini.com\/br-pt\/wp-json\/wp\/v2\/brand?post=632592"}],"curies":[{"name":"wp","href":"https:\/\/api.w.org\/{rel}","templated":true}]}}