{"id":1716,"date":"2021-02-28T16:12:00","date_gmt":"2021-02-28T16:12:00","guid":{"rendered":"https:\/\/www.capgemini.com\/br-pt\/?post_type=press-release&#038;p=1716"},"modified":"2025-03-26T06:15:47","modified_gmt":"2025-03-26T06:15:47","slug":"silvio-dantas-e-nomeado-diretor-do-applied-innovation-exchange-da-capgemini-no-brasil","status":"publish","type":"press-release","link":"https:\/\/www.capgemini.com\/br-pt\/noticias\/press-release\/silvio-dantas-e-nomeado-diretor-do-applied-innovation-exchange-da-capgemini-no-brasil\/","title":{"rendered":"Silvio Dantas \u00e9 nomeado diretor do Applied Innovation Exchange da Capgemini no Brasil"},"content":{"rendered":"\n<p><\/p>\n\n\n\t\t<div class=\"wp-block-cg-blocks-hero-press-release\">\n\t\t\t<header class=\"header-hero-press-release\" role=\"main\" id=\"main-content-press-release\">\n\t\t\t\t<div class=\"container\">\n\t\t\t\t\t<div class=\"hero-press-release\">\n\t\t\t\t\t\t<div class=\"hero-press-release-content-wrapper\">\n\t\t\t\t\t\t\t<div class=\"row\">\n\t\t\t\t\t\t\t\t<div class=\"col-12\">\n\t\t\t\t\t\t\t\t\t<div class=\"header-title\">\n\t\t\t\t\t\t\t\t\t\t<h1>\n\t\t\t\t\t\t\t\t\t\t\tSilvio Dantas \u00e9 nomeado diretor do Applied Innovation Exchange da Capgemini no Brasil\t\t\t\t\t\t\t\t\t\t<\/h1>\n\t\t\t\t\t\t\t\t\t<\/div>\n\t\t\t\t\t\t\t\t\t<div class=\"header-description\">\n\t\t\t\t\t\t\t\t\t\t<p><\/p>\n\t\t\t\t\t\t\t\t\t<\/div>\n\t\t\t\t\t\t\t\t\t\t\t\t\t\t\t\t\t\t<div class=\"header-date\">\n\t\t\t\t\t\t\t\t\t\t<span>fev. 28, 2021<\/span>\n\t\t\t\t\t\t\t\t\t<\/div>\n\t\t\t\t\t\t\t\t<\/div>\n\t\t\t\t\t\t\t<\/div>\n\t\t\t\t\t\t<\/div>\n\t\t\t\t\t\t\t\t\t\t\t\t\t\t\t\t\t<\/div>\n\t\t\t\t<\/div>\n\t\t\t<\/header>\n\t\t<\/div>\n\t\t\n\n\n<section class=\"wp-block-cg-blocks-group undefined section section--article-content\"><div class=\"article-main-content\"><div class=\"container\"><div class=\"row\"><div class=\"col-12 col-md-1\"><nav class=\"article-social\"><ul class=\"social-nav\"><li class=\"ip-order-fb\"><a href=\"https:\/\/www.facebook.com\/sharer\/sharer.php?u=https:\/\/www.capgemini.com\/br-pt\/?post_type=press-release&amp;p=1716\" target=\"_blank\" rel=\"noopener noreferrer\" title=\"Abre em uma nova janela\"><i aria-hidden=\"true\" class=\"icon-fb\"><\/i><span class=\"sr-only\">Facebook<\/span><\/a><\/li><li class=\"ip-order-tw\"><a href=\"https:\/\/twitter.com\/intent\/tweet?url=https:\/\/www.capgemini.com\/br-pt\/?post_type=press-release&amp;p=1716&amp;text=\" target=\"_blank\" rel=\"noopener noreferrer\" title=\"Abre em uma nova janela\"><i aria-hidden=\"true\" class=\"icon-tw\"><\/i><span class=\"sr-only\">Twitter<\/span><\/a><\/li><li class=\"ip-order-li\"><a href=\"https:\/\/www.linkedin.com\/sharing\/share-offsite\/?url=https:\/\/www.capgemini.com\/br-pt\/?post_type=press-release&amp;p=1716&amp;text=\" target=\"_blank\" rel=\"noopener noreferrer\" title=\"Abre em uma nova janela\"><i aria-hidden=\"true\" class=\"icon-li\"><\/i><span class=\"sr-only\">Linkedin<\/span><\/a><\/li><\/ul><\/nav><\/div><div class=\"col-12 col-md-11 col-lg-10\"><div class=\"article-text article-quote-text\">\n<p><strong>S\u00e3o Paulo, 26 de fevereiro de 2021&nbsp;\u2013 A Capgemini nomeou &nbsp;Silvio Dantas <\/strong><strong>como seu novo diretor do<\/strong> <strong><a href=\"https:\/\/www.capgemini.com\/service\/applied-innovation-exchange\/\">Applied Innovation Exchange<\/a> (AIE) no Brasil, <\/strong><strong>um ecossistema de inova\u00e7\u00e3o aplicada que concebe novos modelos e solu\u00e7\u00f5es disruptivas de neg\u00f3cios com foco na resposta aos desafios e oportunidades dos clientes. Com larga experi\u00eancia em posi\u00e7\u00f5es de lideran\u00e7a estrat\u00e9gica centradas na inova\u00e7\u00e3o, Dantas refor\u00e7a o foco da Capgemini em seus servi\u00e7os de e seu ecossistema de inova\u00e7\u00e3o ap\u00f3s a recente cria\u00e7\u00e3o da AIE local, com sede em S\u00e3o Paulo.<\/strong><\/p>\n\n\n\n<p><em>\u201cA chegada de Silvio refor\u00e7a nosso foco em inova\u00e7\u00e3o aplicada no pa\u00eds, com base no ecossistema e na profunda expertise da equipe do AIE no Brasil. Sob sua lideran\u00e7a, o AIE ser\u00e1 uma refer\u00eancia para as ind\u00fastrias locais por antecipar tend\u00eancias e ao oferecer as solu\u00e7\u00f5es mais avan\u00e7adas e inovadoras, customizadas para os desafios de neg\u00f3cios de nossos clientes<\/em>\u201d, afirma Maurizio Mondani, CEO da Capgemini no Brasil.<\/p>\n\n\n\n<p>\u201c<em>Criaremos <\/em><em>a melhor jornada do cliente ao identificar, priorizar e executar os desafios e oportunidades que os clientes nos trazem, alinhados com o objetivo de endere\u00e7\u00e1-los por meio da inova\u00e7\u00e3o aplicada. A sinergia dos 21 AIEs ao redor do Mundo e sua expertise, al\u00e9m das estruturas de inova\u00e7\u00e3o integradas aos clientes, permitem uma cobertura abrangente de diferentes segmentos da ind\u00fastria e com base em solu\u00e7\u00f5es tecnol\u00f3gicas agn\u00f3sticas. Minha equipe no Brasil ser\u00e1 respons\u00e1vel pela conex\u00e3o entre este ecossistema global e nossos clientes, visando acelerar o processo de transforma\u00e7\u00e3o digital com a melhor experi\u00eancia, design e tecnologia, bem como uma estrat\u00e9gia bem definida de gera\u00e7\u00e3o de valor para o neg\u00f3cio<\/em>\u201d, afirmou Silvio Dantas, Diretor do AIE no Brasil.<\/p>\n\n\n\n<p>A partir da grande pluralidade de recursos que comp\u00f5em o ecossistema global dos AIEs, integrados com as compet\u00eancias da Capgemini em tecnologias transformacionais, como Cloud, Data e Analytics, intelig\u00eancia artificial e Customer and Employee Experience, a Capgemini \u00e9 um parceiro estrat\u00e9gico para acelerar programas de inova\u00e7\u00e3o aplicada no mercado, independentemente do mercado ou tecnologia.<\/p>\n\n\n\n<p><strong>Biografia de Silvio Dantas<\/strong><\/p>\n\n\n\n<p>Silvio Dantas \u00e9 graduado em Tecnologia pela Universidade Mackenzie, com MBA em Gest\u00e3o Estrat\u00e9gica e Econ\u00f4mica de Neg\u00f3cios pela Funda\u00e7\u00e3o Get\u00falio Vargas (FGV). Ele \u00e9 certificado em Estrat\u00e9gia e Inova\u00e7\u00e3o pela MIT Sloan School of Management em Boston (Estados Unidos) e cursou a Singularity University no Vale do Sil\u00edcio (Estados Unidos), al\u00e9m de possuir certificados adicionais em PMP (Project Management Professional), Agile e Design Thinking. Dantas trabalhou na EDS\/HP de 2002 a 2011 e na IBM de 2011 a 2017. Em seguida, trabalhou na Wipro (2017) e na Volkswagen (2017 a 2019), na qual foi L\u00edder em digitaliza\u00e7\u00e3o e novas tecnologias. Nos \u00faltimos 2 anos, ele retornou \u00e0 IBM como l\u00edder de inova\u00e7\u00e3o antes de ingressar na Capgemini.<\/p>\n\n\n<div class=\"wp-block-cg-blocks-cg-block-related-content\"><section class=\"relatedContentBlock\"><div class=\"container\"><div class=\"row\"><div class=\"content-title col-12 col-md-8\"><h2 class=\"related-content-heading\">Related News<\/h2><\/div><\/div><div class=\"row relatedContent\"><div class=\"col-lg-4 col-md-6 col-xs-12\">\n\t\t\t\t\t\t\t<div class=\"box\">\n\t\t\t\t\t\t\t\t<a aria-label=\"Leia mais sobre Capgemini apresenta o Google Cloud AI Enterprise Hub para acelerar a transforma\u00e7\u00e3o empresarial da IA Ag\u00eantica\" href=\"https:\/\/www.capgemini.com\/br-pt\/noticias\/press-release\/capgemini-apresenta-o-google-cloud-ai-enterprise-hub-para-acelerar-a-transformacao-empresarial-da-ia-agentica\/\" class=\"anchorWrapper\">\n\t\t\t\t\t\t\t\t\t<span class=\"box-tag\"><span>Corporate news<\/span><\/span>\n\t\t\t\t\t\t\t\t\t<div class=\"box-title\"><h3 class=\"box-subtitle\">Capgemini apresenta o Google Cloud AI Enterprise Hub para acelerar a transforma\u00e7\u00e3o empresarial da IA Ag\u00eantica<\/h3><\/div>\n\t\t\t\t\t\t\t\t\t<div class=\"box-date\">\n\t\t\t\t\t\t\t\t\t\t<span>Apr 24, 2026<\/span>\n\t\t\t\t\t\t\t\t\t<\/div>\n\t\t\t\t\t\t\t\t\t<div class=\"box-bottom\">\n\t\t\t\t\t\t\t\t\t\t&lt;a class=&quot;link-download&quot; href=&quot;https:\/\/www.capgemini.com\/br-pt\/wp-content\/uploads\/sites\/12\/2026\/04\/PR-PORT_Google-Cloud-AI-Enterprise-Hub-23Abr2026.docx.pdf&quot; aria-label=&quot;Baixar comunicado de imprensa&quot; target=&quot;_blank&quot;  type=&quot;download&quot; title=&quot;Opens in a new window&quot;&gt;\n\t\t\t\t\t\t\t&lt;span&gt;Baixar comunicado de imprensa&lt;\/span&gt;\n\t\t\t\t\t\t\t&lt;span&gt;243 KB PDF&lt;\/span&gt;\n\t\t\t\t\t\t&lt;\/a&gt;\n\t\t\t\t\t\t\t\t\t\t<a class=\"more\" aria-label=\"Leia mais sobre Capgemini apresenta o Google Cloud AI Enterprise Hub para acelerar a transforma\u00e7\u00e3o empresarial da IA Ag\u00eantica\" href=\"https:\/\/www.capgemini.com\/br-pt\/noticias\/press-release\/capgemini-apresenta-o-google-cloud-ai-enterprise-hub-para-acelerar-a-transformacao-empresarial-da-ia-agentica\/\">Leia mais sobre<\/a>\n\t\t\t\t\t\t\t\t\t<\/div>\n\t\t\t\t\t\t\t\t<\/a>\n\t\t\t\t\t\t\t<\/div>\n\t\t\t\t\t\t<\/div><div class=\"col-lg-4 col-md-6 col-xs-12\">\n\t\t\t\t\t\t\t<div class=\"box\">\n\t\t\t\t\t\t\t\t<a aria-label=\"Leia mais sobre Resultados completo do ano de 2025\" href=\"https:\/\/www.capgemini.com\/br-pt\/noticias\/press-release\/resultados-completo-do-ano-de-2025\/\" class=\"anchorWrapper\">\n\t\t\t\t\t\t\t\t\t<span class=\"box-tag\"><span>Financial news<\/span><\/span>\n\t\t\t\t\t\t\t\t\t<div class=\"box-title\"><h3 class=\"box-subtitle\">Resultados completo do ano de 2025<\/h3><\/div>\n\t\t\t\t\t\t\t\t\t<div class=\"box-date\">\n\t\t\t\t\t\t\t\t\t\t<span>Mar 18, 2026<\/span>\n\t\t\t\t\t\t\t\t\t<\/div>\n\t\t\t\t\t\t\t\t\t<div class=\"box-bottom\">\n\t\t\t\t\t\t\t\t\t\t&lt;a class=&quot;link-download&quot; href=&quot;https:\/\/www.capgemini.com\/wp-content\/uploads\/2026\/02\/Capgemini_-_2026-02-13-_-2025_Annual_Results.pdf&quot; aria-label=&quot;Baixar comunicado de imprensa&quot; target=&quot;_blank&quot;  type=&quot;download&quot; title=&quot;Opens in a new window&quot;&gt;\n\t\t\t\t\t\t\t&lt;span&gt;Baixar comunicado de imprensa&lt;\/span&gt;\n\t\t\t\t\t\t\t&lt;span&gt;309 KB PDF&lt;\/span&gt;\n\t\t\t\t\t\t&lt;\/a&gt;\n\t\t\t\t\t\t\t\t\t\t<a class=\"more\" aria-label=\"Leia mais sobre Resultados completo do ano de 2025\" href=\"https:\/\/www.capgemini.com\/br-pt\/noticias\/press-release\/resultados-completo-do-ano-de-2025\/\">Leia mais sobre<\/a>\n\t\t\t\t\t\t\t\t\t<\/div>\n\t\t\t\t\t\t\t\t<\/a>\n\t\t\t\t\t\t\t<\/div>\n\t\t\t\t\t\t<\/div><div class=\"col-lg-4 col-md-6 col-xs-12\">\n\t\t\t\t\t\t\t<div class=\"box\">\n\t\t\t\t\t\t\t\t<a aria-label=\"Leia mais sobre Capgemini ir\u00e1 adquirir a Piterion, l\u00edder em gest\u00e3o de ciclo de vida de produtos e digitaliza\u00e7\u00e3o industrial\" href=\"https:\/\/www.capgemini.com\/br-pt\/noticias\/press-release\/capgemini-ira-adquirir-a-piterion-lider-em-gestao-de-ciclo-de-vida-de-produtos-e-digitalizacao-industrial\/\" class=\"anchorWrapper\">\n\t\t\t\t\t\t\t\t\t<span class=\"box-tag\"><span>Corporate news<\/span><\/span>\n\t\t\t\t\t\t\t\t\t<div class=\"box-title\"><h3 class=\"box-subtitle\">Capgemini ir\u00e1 adquirir a Piterion, l\u00edder em gest\u00e3o de ciclo de vida de produtos e digitaliza\u00e7\u00e3o industrial<\/h3><\/div>\n\t\t\t\t\t\t\t\t\t<div class=\"box-date\">\n\t\t\t\t\t\t\t\t\t\t<span>Mar 12, 2026<\/span>\n\t\t\t\t\t\t\t\t\t<\/div>\n\t\t\t\t\t\t\t\t\t<div class=\"box-bottom\">\n\t\t\t\t\t\t\t\t\t\t&lt;a class=&quot;link-download&quot; href=&quot;https:\/\/www.capgemini.com\/br-pt\/wp-content\/uploads\/sites\/12\/2026\/03\/PR-PORT_Piterion-acquisition-09Mar2026.pdf&quot; aria-label=&quot;Baixar comunicado de imprensa&quot; target=&quot;_blank&quot;  type=&quot;download&quot; title=&quot;Opens in a new window&quot;&gt;\n\t\t\t\t\t\t\t&lt;span&gt;Baixar comunicado de imprensa&lt;\/span&gt;\n\t\t\t\t\t\t\t&lt;span&gt;231 KB PDF&lt;\/span&gt;\n\t\t\t\t\t\t&lt;\/a&gt;\n\t\t\t\t\t\t\t\t\t\t<a class=\"more\" aria-label=\"Leia mais sobre Capgemini ir\u00e1 adquirir a Piterion, l\u00edder em gest\u00e3o de ciclo de vida de produtos e digitaliza\u00e7\u00e3o industrial\" href=\"https:\/\/www.capgemini.com\/br-pt\/noticias\/press-release\/capgemini-ira-adquirir-a-piterion-lider-em-gestao-de-ciclo-de-vida-de-produtos-e-digitalizacao-industrial\/\">Leia mais sobre<\/a>\n\t\t\t\t\t\t\t\t\t<\/div>\n\t\t\t\t\t\t\t\t<\/a>\n\t\t\t\t\t\t\t<\/div>\n\t\t\t\t\t\t<\/div><\/div><\/div><\/section><\/div><\/div><\/div><\/div><\/div><\/div><\/section>\n","protected":false},"excerpt":{"rendered":"<p>A Capgemini nomeou \u00a0Silvio Dantas como seu novo diretor do Applied Innovation Exchange (AIE) no Brasil um ecossistema de inova\u00e7\u00e3o aplicada.<\/p>\n","protected":false},"author":563,"featured_media":0,"template":"","meta":{"cg_dt_proposed_to":[],"cg_seo_hreflang_relations":"[]","cg_seo_canonical_relation":"","cg_seo_hreflang_x_default_relation":"{\"uuid\":\"3b8adcc4-2bfd-4e26-a13e-572c5de1ff0d\",\"blogId\":\"\",\"domain\":\"\",\"sitePath\":\"\",\"postLink\":\"\",\"postId\":null,\"isSaved\":false,\"isCrossLink\":false,\"hasCrossLink\":false}","cg_dt_approved_content":true,"cg_dt_mandatory_content":false,"cg_dt_notes":"","cg_dg_source_changed":false,"cg_dt_link_disabled":false,"footnotes":"","related_resource_url":"","related_resource_id":0,"related_resource_size":"","related_resource_type":"","cg_author":0,"featured_focal_points":""},"tags":[],"press-release-type":[],"brand":[],"class_list":["post-1716","press-release","type-press-release","status-publish","hentry"],"yoast_head":"<!-- This site is optimized with the Yoast SEO Premium plugin v22.8 (Yoast SEO v22.8) - https:\/\/yoast.com\/wordpress\/plugins\/seo\/ -->\n<title>Silvio Dantas, \u00e9 o novo diretor de AIE da Capgemini Brasil<\/title>\n<meta name=\"description\" content=\"A Capgemini nomeou \u00a0Silvio Dantas como seu novo diretor do Applied Innovation Exchange (AIE) no Brasil um ecossistema de inova\u00e7\u00e3o aplicada.\" \/>\n<meta name=\"robots\" content=\"index, follow, max-snippet:-1, max-image-preview:large, max-video-preview:-1\" \/>\n<link rel=\"canonical\" href=\"https:\/\/www.capgemini.com\/br-pt\/noticias\/press-release\/silvio-dantas-e-nomeado-diretor-do-applied-innovation-exchange-da-capgemini-no-brasil\/\" \/>\n<meta property=\"og:locale\" content=\"pt_BR\" \/>\n<meta property=\"og:type\" content=\"article\" \/>\n<meta property=\"og:title\" content=\"Silvio Dantas \u00e9 nomeado diretor do Applied Innovation Exchange da Capgemini no Brasil\" \/>\n<meta property=\"og:description\" content=\"A Capgemini nomeou \u00a0Silvio Dantas como seu novo diretor do Applied Innovation Exchange (AIE) no Brasil um ecossistema de inova\u00e7\u00e3o aplicada.\" \/>\n<meta property=\"og:url\" content=\"https:\/\/www.capgemini.com\/br-pt\/noticias\/press-release\/silvio-dantas-e-nomeado-diretor-do-applied-innovation-exchange-da-capgemini-no-brasil\/\" \/>\n<meta property=\"og:site_name\" content=\"Capgemini Brasil\" \/>\n<meta property=\"article:modified_time\" content=\"2025-03-26T06:15:47+00:00\" \/>\n<meta property=\"og:image\" content=\"https:\/\/www.capgemini.com\/br-pt\/wp-content\/uploads\/sites\/12\/2025\/10\/New-Web-preview-global.jpg\" \/>\n\t<meta property=\"og:image:width\" content=\"1200\" \/>\n\t<meta property=\"og:image:height\" content=\"627\" \/>\n\t<meta property=\"og:image:type\" content=\"image\/jpeg\" \/>\n<meta name=\"twitter:card\" content=\"summary_large_image\" \/>\n<meta name=\"twitter:label1\" content=\"Est. reading time\" \/>\n\t<meta name=\"twitter:data1\" content=\"3 minutes\" \/>\n<script type=\"application\/ld+json\" class=\"yoast-schema-graph\">{\"@context\":\"https:\/\/schema.org\",\"@graph\":[{\"@type\":\"WebPage\",\"@id\":\"https:\/\/www.capgemini.com\/br-pt\/noticias\/press-release\/silvio-dantas-e-nomeado-diretor-do-applied-innovation-exchange-da-capgemini-no-brasil\/\",\"url\":\"https:\/\/www.capgemini.com\/br-pt\/noticias\/press-release\/silvio-dantas-e-nomeado-diretor-do-applied-innovation-exchange-da-capgemini-no-brasil\/\",\"name\":\"Silvio Dantas, \u00e9 o novo diretor de AIE da Capgemini Brasil\",\"isPartOf\":{\"@id\":\"https:\/\/www.capgemini.com\/br-pt\/#website\"},\"datePublished\":\"2021-02-28T16:12:00+00:00\",\"dateModified\":\"2025-03-26T06:15:47+00:00\",\"description\":\"A Capgemini nomeou \u00a0Silvio Dantas como seu novo diretor do Applied Innovation Exchange (AIE) no Brasil um ecossistema de inova\u00e7\u00e3o aplicada.\",\"breadcrumb\":{\"@id\":\"https:\/\/www.capgemini.com\/br-pt\/noticias\/press-release\/silvio-dantas-e-nomeado-diretor-do-applied-innovation-exchange-da-capgemini-no-brasil\/#breadcrumb\"},\"inLanguage\":\"pt-BR\",\"potentialAction\":[{\"@type\":\"ReadAction\",\"target\":[\"https:\/\/www.capgemini.com\/br-pt\/noticias\/press-release\/silvio-dantas-e-nomeado-diretor-do-applied-innovation-exchange-da-capgemini-no-brasil\/\"]}]},{\"@type\":\"BreadcrumbList\",\"@id\":\"https:\/\/www.capgemini.com\/br-pt\/noticias\/press-release\/silvio-dantas-e-nomeado-diretor-do-applied-innovation-exchange-da-capgemini-no-brasil\/#breadcrumb\",\"itemListElement\":[{\"@type\":\"ListItem\",\"position\":1,\"name\":\"Home\",\"item\":\"https:\/\/www.capgemini.com\/br-pt\/\"},{\"@type\":\"ListItem\",\"position\":2,\"name\":\"Press Releases\",\"item\":\"https:\/\/www.capgemini.com\/br-pt\/news\/\"},{\"@type\":\"ListItem\",\"position\":3,\"name\":\"Silvio Dantas \u00e9 nomeado diretor do Applied Innovation Exchange da Capgemini no Brasil\"}]},{\"@type\":\"WebSite\",\"@id\":\"https:\/\/www.capgemini.com\/br-pt\/#website\",\"url\":\"https:\/\/www.capgemini.com\/br-pt\/\",\"name\":\"Capgemini Brasil\",\"description\":\"Capgemini\",\"potentialAction\":[{\"@type\":\"SearchAction\",\"target\":{\"@type\":\"EntryPoint\",\"urlTemplate\":\"https:\/\/www.capgemini.com\/br-pt\/?s={search_term_string}\"},\"query-input\":\"required name=search_term_string\"}],\"inLanguage\":\"pt-BR\"}]}<\/script>\n<!-- \/ Yoast SEO Premium plugin. -->","yoast_head_json":{"title":"Silvio Dantas, \u00e9 o novo diretor de AIE da Capgemini Brasil","description":"A Capgemini nomeou \u00a0Silvio Dantas como seu novo diretor do Applied Innovation Exchange (AIE) no Brasil um ecossistema de inova\u00e7\u00e3o aplicada.","robots":{"index":"index","follow":"follow","max-snippet":"max-snippet:-1","max-image-preview":"max-image-preview:large","max-video-preview":"max-video-preview:-1"},"canonical":"https:\/\/www.capgemini.com\/br-pt\/noticias\/press-release\/silvio-dantas-e-nomeado-diretor-do-applied-innovation-exchange-da-capgemini-no-brasil\/","og_locale":"pt_BR","og_type":"article","og_title":"Silvio Dantas \u00e9 nomeado diretor do Applied Innovation Exchange da Capgemini no Brasil","og_description":"A Capgemini nomeou \u00a0Silvio Dantas como seu novo diretor do Applied Innovation Exchange (AIE) no Brasil um ecossistema de inova\u00e7\u00e3o aplicada.","og_url":"https:\/\/www.capgemini.com\/br-pt\/noticias\/press-release\/silvio-dantas-e-nomeado-diretor-do-applied-innovation-exchange-da-capgemini-no-brasil\/","og_site_name":"Capgemini Brasil","article_modified_time":"2025-03-26T06:15:47+00:00","og_image":[{"width":1200,"height":627,"url":"https:\/\/www.capgemini.com\/br-pt\/wp-content\/uploads\/sites\/12\/2025\/10\/New-Web-preview-global.jpg","type":"image\/jpeg"}],"twitter_card":"summary_large_image","twitter_misc":{"Est. reading time":"3 minutes"},"schema":{"@context":"https:\/\/schema.org","@graph":[{"@type":"WebPage","@id":"https:\/\/www.capgemini.com\/br-pt\/noticias\/press-release\/silvio-dantas-e-nomeado-diretor-do-applied-innovation-exchange-da-capgemini-no-brasil\/","url":"https:\/\/www.capgemini.com\/br-pt\/noticias\/press-release\/silvio-dantas-e-nomeado-diretor-do-applied-innovation-exchange-da-capgemini-no-brasil\/","name":"Silvio Dantas, \u00e9 o novo diretor de AIE da Capgemini Brasil","isPartOf":{"@id":"https:\/\/www.capgemini.com\/br-pt\/#website"},"datePublished":"2021-02-28T16:12:00+00:00","dateModified":"2025-03-26T06:15:47+00:00","description":"A Capgemini nomeou \u00a0Silvio Dantas como seu novo diretor do Applied Innovation Exchange (AIE) no Brasil um ecossistema de inova\u00e7\u00e3o aplicada.","breadcrumb":{"@id":"https:\/\/www.capgemini.com\/br-pt\/noticias\/press-release\/silvio-dantas-e-nomeado-diretor-do-applied-innovation-exchange-da-capgemini-no-brasil\/#breadcrumb"},"inLanguage":"pt-BR","potentialAction":[{"@type":"ReadAction","target":["https:\/\/www.capgemini.com\/br-pt\/noticias\/press-release\/silvio-dantas-e-nomeado-diretor-do-applied-innovation-exchange-da-capgemini-no-brasil\/"]}]},{"@type":"BreadcrumbList","@id":"https:\/\/www.capgemini.com\/br-pt\/noticias\/press-release\/silvio-dantas-e-nomeado-diretor-do-applied-innovation-exchange-da-capgemini-no-brasil\/#breadcrumb","itemListElement":[{"@type":"ListItem","position":1,"name":"Home","item":"https:\/\/www.capgemini.com\/br-pt\/"},{"@type":"ListItem","position":2,"name":"Press Releases","item":"https:\/\/www.capgemini.com\/br-pt\/news\/"},{"@type":"ListItem","position":3,"name":"Silvio Dantas \u00e9 nomeado diretor do Applied Innovation Exchange da Capgemini no Brasil"}]},{"@type":"WebSite","@id":"https:\/\/www.capgemini.com\/br-pt\/#website","url":"https:\/\/www.capgemini.com\/br-pt\/","name":"Capgemini Brasil","description":"Capgemini","potentialAction":[{"@type":"SearchAction","target":{"@type":"EntryPoint","urlTemplate":"https:\/\/www.capgemini.com\/br-pt\/?s={search_term_string}"},"query-input":"required name=search_term_string"}],"inLanguage":"pt-BR"}]}},"parsely":{"version":"1.1.0","canonical_url":"https:\/\/capgemini.com\/br-pt\/noticias\/press-release\/silvio-dantas-e-nomeado-diretor-do-applied-innovation-exchange-da-capgemini-no-brasil\/","smart_links":{"inbound":0,"outbound":0},"traffic_boost_suggestions_count":0,"meta":{"@context":"https:\/\/schema.org","@type":"NewsArticle","headline":"Silvio Dantas \u00e9 nomeado diretor do Applied Innovation Exchange da Capgemini no Brasil","url":"https:\/\/www.capgemini.com\/br-pt\/noticias\/press-release\/silvio-dantas-e-nomeado-diretor-do-applied-innovation-exchange-da-capgemini-no-brasil\/","mainEntityOfPage":{"@type":"WebPage","@id":"https:\/\/www.capgemini.com\/br-pt\/noticias\/press-release\/silvio-dantas-e-nomeado-diretor-do-applied-innovation-exchange-da-capgemini-no-brasil\/"},"thumbnailUrl":"","image":{"@type":"ImageObject","url":""},"articleSection":"Uncategorized","author":[],"creator":[],"publisher":{"@type":"Organization","name":"Capgemini Brasil","logo":""},"keywords":[],"dateCreated":"2021-02-28T16:12:00Z","datePublished":"2021-02-28T16:12:00Z","dateModified":"2025-03-26T06:15:47Z"},"rendered":"<meta name=\"parsely-title\" content=\"Silvio Dantas \u00e9 nomeado diretor do Applied Innovation Exchange da Capgemini no Brasil\" \/>\n<meta name=\"parsely-link\" content=\"https:\/\/www.capgemini.com\/br-pt\/noticias\/press-release\/silvio-dantas-e-nomeado-diretor-do-applied-innovation-exchange-da-capgemini-no-brasil\/\" \/>\n<meta name=\"parsely-type\" content=\"post\" \/>\n<meta name=\"parsely-pub-date\" content=\"2021-02-28T16:12:00Z\" \/>\n<meta name=\"parsely-section\" content=\"Uncategorized\" \/>","tracker_url":"https:\/\/cdn.parsely.com\/keys\/capgemini.com\/p.js"},"archive_status":false,"featured_image_src":"https:\/\/www.capgemini.com\/br-pt\/wp-content\/themes\/capgemini2025\/assets\/images\/mockup.png","featured_image_alt":false,"distributor_meta":false,"distributor_terms":false,"distributor_media":false,"distributor_original_site_name":"Capgemini Brasil","distributor_original_site_url":"https:\/\/www.capgemini.com\/br-pt","push-errors":false,"tag_names":[],"_links":{"self":[{"href":"https:\/\/www.capgemini.com\/br-pt\/wp-json\/wp\/v2\/press-release\/1716","targetHints":{"allow":["GET"]}}],"collection":[{"href":"https:\/\/www.capgemini.com\/br-pt\/wp-json\/wp\/v2\/press-release"}],"about":[{"href":"https:\/\/www.capgemini.com\/br-pt\/wp-json\/wp\/v2\/types\/press-release"}],"author":[{"embeddable":true,"href":"https:\/\/www.capgemini.com\/br-pt\/wp-json\/wp\/v2\/users\/563"}],"version-history":[{"count":4,"href":"https:\/\/www.capgemini.com\/br-pt\/wp-json\/wp\/v2\/press-release\/1716\/revisions"}],"predecessor-version":[{"id":640425,"href":"https:\/\/www.capgemini.com\/br-pt\/wp-json\/wp\/v2\/press-release\/1716\/revisions\/640425"}],"wp:attachment":[{"href":"https:\/\/www.capgemini.com\/br-pt\/wp-json\/wp\/v2\/media?parent=1716"}],"wp:term":[{"taxonomy":"post_tag","embeddable":true,"href":"https:\/\/www.capgemini.com\/br-pt\/wp-json\/wp\/v2\/tags?post=1716"},{"taxonomy":"press-release-type","embeddable":true,"href":"https:\/\/www.capgemini.com\/br-pt\/wp-json\/wp\/v2\/press-release-type?post=1716"},{"taxonomy":"brand","embeddable":true,"href":"https:\/\/www.capgemini.com\/br-pt\/wp-json\/wp\/v2\/brand?post=1716"}],"curies":[{"name":"wp","href":"https:\/\/api.w.org\/{rel}","templated":true}]}}