{"id":1651,"date":"2021-02-28T15:24:00","date_gmt":"2021-02-28T15:24:00","guid":{"rendered":"https:\/\/www.capgemini.com\/br-pt\/?post_type=press-release&#038;p=1651"},"modified":"2025-03-26T06:16:37","modified_gmt":"2025-03-26T06:16:37","slug":"2021-o-ano-dos-mega-vazamentos","status":"publish","type":"press-release","link":"https:\/\/www.capgemini.com\/br-pt\/noticias\/press-release\/2021-o-ano-dos-mega-vazamentos\/","title":{"rendered":"2021: O ano dos mega vazamentos?"},"content":{"rendered":"\n<p><\/p>\n\n\n\t\t<div class=\"wp-block-cg-blocks-hero-press-release\">\n\t\t\t<header class=\"header-hero-press-release\" role=\"main\" id=\"main-content-press-release\">\n\t\t\t\t<div class=\"container\">\n\t\t\t\t\t<div class=\"hero-press-release\">\n\t\t\t\t\t\t<div class=\"hero-press-release-content-wrapper\">\n\t\t\t\t\t\t\t<div class=\"row\">\n\t\t\t\t\t\t\t\t<div class=\"col-12\">\n\t\t\t\t\t\t\t\t\t<div class=\"header-title\">\n\t\t\t\t\t\t\t\t\t\t<h1>\n\t\t\t\t\t\t\t\t\t\t\t2021: O ano dos mega vazamentos?\t\t\t\t\t\t\t\t\t\t<\/h1>\n\t\t\t\t\t\t\t\t\t<\/div>\n\t\t\t\t\t\t\t\t\t<div class=\"header-description\">\n\t\t\t\t\t\t\t\t\t\t<p><\/p>\n\t\t\t\t\t\t\t\t\t<\/div>\n\t\t\t\t\t\t\t\t\t\t\t\t\t\t\t\t\t\t<div class=\"header-date\">\n\t\t\t\t\t\t\t\t\t\t<span>fev. 28, 2021<\/span>\n\t\t\t\t\t\t\t\t\t<\/div>\n\t\t\t\t\t\t\t\t<\/div>\n\t\t\t\t\t\t\t<\/div>\n\t\t\t\t\t\t<\/div>\n\t\t\t\t\t\t\t\t\t\t\t\t\t\t\t\t\t<\/div>\n\t\t\t\t<\/div>\n\t\t\t<\/header>\n\t\t<\/div>\n\t\t\n\n\n<section class=\"wp-block-cg-blocks-group undefined section section--article-content\"><div class=\"article-main-content\"><div class=\"container\"><div class=\"row\"><div class=\"col-12 col-md-1\"><nav class=\"article-social\"><ul class=\"social-nav\"><li class=\"ip-order-fb\"><a href=\"https:\/\/www.facebook.com\/sharer\/sharer.php?u=https:\/\/www.capgemini.com\/br-pt\/?post_type=press-release&amp;p=1651\" target=\"_blank\" rel=\"noopener noreferrer\" title=\"Abre em uma nova janela\"><i aria-hidden=\"true\" class=\"icon-fb\"><\/i><span class=\"sr-only\">Facebook<\/span><\/a><\/li><li class=\"ip-order-tw\"><a href=\"https:\/\/twitter.com\/intent\/tweet?url=https:\/\/www.capgemini.com\/br-pt\/?post_type=press-release&amp;p=1651&amp;text=\" target=\"_blank\" rel=\"noopener noreferrer\" title=\"Abre em uma nova janela\"><i aria-hidden=\"true\" class=\"icon-tw\"><\/i><span class=\"sr-only\">Twitter<\/span><\/a><\/li><li class=\"ip-order-li\"><a href=\"https:\/\/www.linkedin.com\/sharing\/share-offsite\/?url=https:\/\/www.capgemini.com\/br-pt\/?post_type=press-release&amp;p=1651&amp;text=\" target=\"_blank\" rel=\"noopener noreferrer\" title=\"Abre em uma nova janela\"><i aria-hidden=\"true\" class=\"icon-li\"><\/i><span class=\"sr-only\">Linkedin<\/span><\/a><\/li><\/ul><\/nav><\/div><div class=\"col-12 col-md-11 col-lg-10\"><div class=\"article-text article-quote-text\">\n<h3 class=\"wp-block-heading\" id=\"h-leonardo-carissimi\">Leonardo Car\u00edssimi<\/h3>\n\n\n\n<p>Nos \u00faltimos doze meses, vivenciamos uma acelera\u00e7\u00e3o sem precedentes na Transforma\u00e7\u00e3o Digital dos neg\u00f3cios. Em decorr\u00eancia da pandemia Covid-19 a Transforma\u00e7\u00e3o Digital deixou de ser um item de diferencia\u00e7\u00e3o e inova\u00e7\u00e3o das empresas no mercado e passou a ser um tema de sobreviv\u00eancia para muitos neg\u00f3cios. Al\u00e9m disso, neste per\u00edodo de tempo muitas empresas adotaram o Home Office de forma massiva. De forma similar \u00e0 Transforma\u00e7\u00e3o Digital, este tema n\u00e3o \u00e9 novidade mas sofreu por um impulso especial em tempos de Covid-19. Ainda, pelas mesmas raz\u00f5es, este foi o ano da explos\u00e3o definitiva do com\u00e9rcio eletr\u00f4nico, das redes sociais, dos aplicativos de investimentos, dos jogos online, das plataformas de streaming, e das criptomoedas.<\/p>\n\n\n\n<p>Em resumo, nos \u00faltimos doze meses o mundo todo passou por uma acelera\u00e7\u00e3o brutal na digitaliza\u00e7\u00e3o. Ser\u00e1 que estamos preparados para isso, como sociedade, do ponto de vista de seguran\u00e7a cibern\u00e9tica?<\/p>\n\n\n\n<p>As recentes not\u00edcias de mega vazamentos de dados ligam um importante sinal de alerta: talvez n\u00e3o estejamos.<\/p>\n\n\n\n<p>Mas, ent\u00e3o, o que fazer?<\/p>\n\n\n\n<p>Abaixo apresentamos cinco pontos que consideramos fundamentais para responder aos desafios de ciber seguran\u00e7a atuais:<\/p>\n\n\n\n<ul class=\"wp-block-list\">\n<li><strong>Identifique os riscos ao neg\u00f3cio:<\/strong> A seguran\u00e7a cibern\u00e9tica deve ser tratada como um tema de neg\u00f3cios. Da mesma forma que as quest\u00f5es de responsabilidade social, ambiental e governan\u00e7a, os temas de seguran\u00e7a cibern\u00e9tica devem ser entendidos como parte da estrat\u00e9gia do neg\u00f3cio. Nunca deveria ser tratado como um item de custo dentro do or\u00e7amento de Tecnologia; mas esta pr\u00e1tica foi observada nas empresas nos \u00faltimos 20 anos, e ainda \u00e9. Mas n\u00e3o \u00e9 mais aceit\u00e1vel, \u00e9 definitivamente pauta de diretoria, um tema relevante para o neg\u00f3cio. E, sendo assim, antes de mais nada, \u00e9 fundamental avaliar o n\u00edvel de maturidade do Programa de Seguran\u00e7a Cibern\u00e9tica do neg\u00f3cio. Identificar os riscos, avalia-los e tomar decis\u00f5es acerca de quais s\u00e3o aceit\u00e1veis e quais n\u00e3o s\u00e3o; quais devem ser mitigados, como e quando; e executar a\u00e7\u00f5es emergenciais para mitiga\u00e7\u00e3o dos riscos considerados excessivamente altos para o neg\u00f3cio. E assegurar que o Programas de Seguran\u00e7a Cibern\u00e9tica funcione de forma permanente fazendo uma gest\u00e3o adequada dos riscos.<\/li>\n<\/ul>\n\n\n\n<ul class=\"wp-block-list\">\n<li><strong>Gest\u00e3o de Identidades: <\/strong>Um tema recorrente quando fazemos avalia\u00e7\u00f5es de riscos em nossos clientes \u00e9 a Gest\u00e3o de Identidades. A complexidade e o dinamismo dos processos e sistemas nos neg\u00f3cios atuais torna bastante desafiador o controle de quem acessa qual dado, e porqu\u00ea. Mas o acesso n\u00e3o autorizado sempre esteve na origem de muitos vazamentos, fraudes, e outros ciber incidentes graves. Por isso uma Gest\u00e3o de Identidades falha representa um alto risco para o neg\u00f3cio. Recomenda-se mapear as fun\u00e7\u00f5es do neg\u00f3cio e suas necessidades de acesso a dados; perfis de acesso aos sistemas; definir processos de concess\u00e3o, altera\u00e7\u00e3o, revoga\u00e7\u00e3o de acesso; e automatizar de forma eficiente estes mapeamentos e processos.<\/li>\n<\/ul>\n\n\n\n<ul class=\"wp-block-list\">\n<li><strong>Seguran\u00e7a das suas Aplica\u00e7\u00f5es: <\/strong>Conforme comentamos no in\u00edcio do texto, o desafio atual da seguran\u00e7a cibern\u00e9tica \u00e9 a acelera\u00e7\u00e3o sem precedentes da Transforma\u00e7\u00e3o Digital, e o aumento exponencial de uso de sistemas online \u2013 com\u00e9rcio eletr\u00f4nico, jogos, aplicativos mais diversos. Ent\u00e3o, a seguran\u00e7a dos aplicativos \u00e9 chave. As press\u00f5es dos neg\u00f3cios por processos \u00e1geis e r\u00e1pida oferta de servi\u00e7os e funcionalidades n\u00e3o podem impactar a qualidade e a seguran\u00e7a dos aplicativos e servi\u00e7os online disponibilizados. A seguran\u00e7a deve ser parte integrante da esteira de desenvolvimento, e avaliar os riscos, as funcionalidades de seguran\u00e7a incorporadas, as vulnerabilidades do c\u00f3digo e arquitetura das aplica\u00e7\u00f5es nos diferentes est\u00e1gios do processo. Inclusive com o produto pronto e j\u00e1 dispon\u00edvel, por meio de varreduras de vulnerabilidades peri\u00f3dicas.<\/li>\n<\/ul>\n\n\n\n<ul class=\"wp-block-list\">\n<li><strong>Seguran\u00e7a na Nuvem: <\/strong>De forma similar, onde temos r\u00e1pida migra\u00e7\u00e3o de cargas de dados e aplica\u00e7\u00f5es para ambientes de nuvem p\u00fablica, temos riscos de n\u00e3o estar atuando com a arquitetura, funcionalidades e controles de seguran\u00e7a mais adequados para este ambiente. N\u00e3o que a nuvem p\u00fablica seja insegura! Mas, observa-se que muitos neg\u00f3cios n\u00e3o t\u00eam claras as suas responsabilidades em termos de seguran\u00e7a neste ambiente, considerando que alguns controles cr\u00edticos de seguran\u00e7a s\u00e3o automaticamente tratadas pelo provedor de nuvem, quando na realidade \u00e9 responsabilidade do neg\u00f3cio. Importante fazer uma an\u00e1lise caso a caso de responsabilidades \u2013 o que inclui considerar qual modelo de servi\u00e7o contratado: IaaS, PaaS ou SaaS. A regra geral \u00e9 o que \u00e9 conhecido como Modelo de Responsabilidade Compartilhada, em que os clientes s\u00e3o respons\u00e1veis \u200b\u200bpor escolher como seus dados s\u00e3o tratados NA nuvem, e o provedor \u00e9 respons\u00e1vel pela seguran\u00e7a DA nuvem.<\/li>\n<\/ul>\n\n\n\n<ul class=\"wp-block-list\">\n<li><strong>Opera\u00e7\u00f5es de Seguran\u00e7a: <\/strong>Um outro item que merece destaque \u00e9 o de manter opera\u00e7\u00f5es de seguran\u00e7a cibern\u00e9tica adequadas ao tamanho do neg\u00f3cio. Assegurar que controles e ferramentas adotadas para mitigar os riscos estejam funcionamento e eficazes: coletar e monitorar logs, identificar eventos suspeitos, aplicar t\u00e9cnicas de intelig\u00eancia de amea\u00e7as, gerir de forma eficaz as solu\u00e7\u00f5es de seguran\u00e7a perimetral, solu\u00e7\u00f5es de seguran\u00e7a de endpoints (antiv\u00edrus, Data Loss Prevention, entre outras), solu\u00e7\u00f5es de seguran\u00e7a de bancos dados, e assim por diante. Estas opera\u00e7\u00f5es tipicamente v\u00e3o requerer cobertura em regime 24\u00d77 e podem ser desafiadoras para times enxutos de seguran\u00e7a cibern\u00e9tica das empresas, mas felizmente h\u00e1 um mercado maduro e importante globalmente para presta\u00e7\u00e3o de Servi\u00e7os Gerenciados de Seguran\u00e7a que pode apoiar.<\/li>\n<\/ul>\n\n\n\n<p>Vale lembrar que este ano de 2021 \u00e9 justamente o ano em que no Brasil a Lei Geral de Prote\u00e7\u00e3o de Dados (LGPD) vai entrar em vigor em sua totalidade, incluindo aplica\u00e7\u00e3o de san\u00e7\u00f5es administrativas e multas. Ou seja, a inobserv\u00e2ncia de boas pr\u00e1ticas de governan\u00e7a de riscos cibern\u00e9ticos e de privacidade passar\u00e1 a ter novas consequ\u00eancias (e bem tang\u00edveis) para os neg\u00f3cios: multas milion\u00e1rias, suspens\u00e3o de opera\u00e7\u00f5es, danos \u00e0 imagem, entre outas. N\u00e3o respeitar os direitos dos titulares de dados e negligenciar a seguran\u00e7a cibern\u00e9tica vai custar caro. N\u00e3o que hoje j\u00e1 n\u00e3o custe caro! Mas uma nova avenida, regulat\u00f3ria, se abre para potencializar o impacto econ\u00f4mico de ciber incidentes que envolvam vazamento de dados pessoais<\/p>\n\n\n<div class=\"wp-block-cg-blocks-cg-block-related-content\"><section class=\"relatedContentBlock\"><div class=\"container\"><div class=\"row\"><div class=\"content-title col-12 col-md-8\"><h2 class=\"related-content-heading\">Related News<\/h2><\/div><\/div><div class=\"row relatedContent\"><div class=\"col-lg-4 col-md-6 col-xs-12\">\n\t\t\t\t\t\t\t<div class=\"box\">\n\t\t\t\t\t\t\t\t<a aria-label=\"Leia mais sobre Capgemini apresenta o Google Cloud AI Enterprise Hub para acelerar a transforma\u00e7\u00e3o empresarial da IA Ag\u00eantica\" href=\"https:\/\/www.capgemini.com\/br-pt\/noticias\/press-release\/capgemini-apresenta-o-google-cloud-ai-enterprise-hub-para-acelerar-a-transformacao-empresarial-da-ia-agentica\/\" class=\"anchorWrapper\">\n\t\t\t\t\t\t\t\t\t<span class=\"box-tag\"><span>Corporate news<\/span><\/span>\n\t\t\t\t\t\t\t\t\t<div class=\"box-title\"><h3 class=\"box-subtitle\">Capgemini apresenta o Google Cloud AI Enterprise Hub para acelerar a transforma\u00e7\u00e3o empresarial da IA Ag\u00eantica<\/h3><\/div>\n\t\t\t\t\t\t\t\t\t<div class=\"box-date\">\n\t\t\t\t\t\t\t\t\t\t<span>Apr 24, 2026<\/span>\n\t\t\t\t\t\t\t\t\t<\/div>\n\t\t\t\t\t\t\t\t\t<div class=\"box-bottom\">\n\t\t\t\t\t\t\t\t\t\t&lt;a class=&quot;link-download&quot; href=&quot;https:\/\/www.capgemini.com\/br-pt\/wp-content\/uploads\/sites\/12\/2026\/04\/PR-PORT_Google-Cloud-AI-Enterprise-Hub-23Abr2026.docx.pdf&quot; aria-label=&quot;Baixar comunicado de imprensa&quot; target=&quot;_blank&quot;  type=&quot;download&quot; title=&quot;Opens in a new window&quot;&gt;\n\t\t\t\t\t\t\t&lt;span&gt;Baixar comunicado de imprensa&lt;\/span&gt;\n\t\t\t\t\t\t\t&lt;span&gt;243 KB PDF&lt;\/span&gt;\n\t\t\t\t\t\t&lt;\/a&gt;\n\t\t\t\t\t\t\t\t\t\t<a class=\"more\" aria-label=\"Leia mais sobre Capgemini apresenta o Google Cloud AI Enterprise Hub para acelerar a transforma\u00e7\u00e3o empresarial da IA Ag\u00eantica\" href=\"https:\/\/www.capgemini.com\/br-pt\/noticias\/press-release\/capgemini-apresenta-o-google-cloud-ai-enterprise-hub-para-acelerar-a-transformacao-empresarial-da-ia-agentica\/\">Leia mais sobre<\/a>\n\t\t\t\t\t\t\t\t\t<\/div>\n\t\t\t\t\t\t\t\t<\/a>\n\t\t\t\t\t\t\t<\/div>\n\t\t\t\t\t\t<\/div><div class=\"col-lg-4 col-md-6 col-xs-12\">\n\t\t\t\t\t\t\t<div class=\"box\">\n\t\t\t\t\t\t\t\t<a aria-label=\"Leia mais sobre Resultados completo do ano de 2025\" href=\"https:\/\/www.capgemini.com\/br-pt\/noticias\/press-release\/resultados-completo-do-ano-de-2025\/\" class=\"anchorWrapper\">\n\t\t\t\t\t\t\t\t\t<span class=\"box-tag\"><span>Financial news<\/span><\/span>\n\t\t\t\t\t\t\t\t\t<div class=\"box-title\"><h3 class=\"box-subtitle\">Resultados completo do ano de 2025<\/h3><\/div>\n\t\t\t\t\t\t\t\t\t<div class=\"box-date\">\n\t\t\t\t\t\t\t\t\t\t<span>Mar 18, 2026<\/span>\n\t\t\t\t\t\t\t\t\t<\/div>\n\t\t\t\t\t\t\t\t\t<div class=\"box-bottom\">\n\t\t\t\t\t\t\t\t\t\t&lt;a class=&quot;link-download&quot; href=&quot;https:\/\/www.capgemini.com\/wp-content\/uploads\/2026\/02\/Capgemini_-_2026-02-13-_-2025_Annual_Results.pdf&quot; aria-label=&quot;Baixar comunicado de imprensa&quot; target=&quot;_blank&quot;  type=&quot;download&quot; title=&quot;Opens in a new window&quot;&gt;\n\t\t\t\t\t\t\t&lt;span&gt;Baixar comunicado de imprensa&lt;\/span&gt;\n\t\t\t\t\t\t\t&lt;span&gt;309 KB PDF&lt;\/span&gt;\n\t\t\t\t\t\t&lt;\/a&gt;\n\t\t\t\t\t\t\t\t\t\t<a class=\"more\" aria-label=\"Leia mais sobre Resultados completo do ano de 2025\" href=\"https:\/\/www.capgemini.com\/br-pt\/noticias\/press-release\/resultados-completo-do-ano-de-2025\/\">Leia mais sobre<\/a>\n\t\t\t\t\t\t\t\t\t<\/div>\n\t\t\t\t\t\t\t\t<\/a>\n\t\t\t\t\t\t\t<\/div>\n\t\t\t\t\t\t<\/div><div class=\"col-lg-4 col-md-6 col-xs-12\">\n\t\t\t\t\t\t\t<div class=\"box\">\n\t\t\t\t\t\t\t\t<a aria-label=\"Leia mais sobre Capgemini ir\u00e1 adquirir a Piterion, l\u00edder em gest\u00e3o de ciclo de vida de produtos e digitaliza\u00e7\u00e3o industrial\" href=\"https:\/\/www.capgemini.com\/br-pt\/noticias\/press-release\/capgemini-ira-adquirir-a-piterion-lider-em-gestao-de-ciclo-de-vida-de-produtos-e-digitalizacao-industrial\/\" class=\"anchorWrapper\">\n\t\t\t\t\t\t\t\t\t<span class=\"box-tag\"><span>Corporate news<\/span><\/span>\n\t\t\t\t\t\t\t\t\t<div class=\"box-title\"><h3 class=\"box-subtitle\">Capgemini ir\u00e1 adquirir a Piterion, l\u00edder em gest\u00e3o de ciclo de vida de produtos e digitaliza\u00e7\u00e3o industrial<\/h3><\/div>\n\t\t\t\t\t\t\t\t\t<div class=\"box-date\">\n\t\t\t\t\t\t\t\t\t\t<span>Mar 12, 2026<\/span>\n\t\t\t\t\t\t\t\t\t<\/div>\n\t\t\t\t\t\t\t\t\t<div class=\"box-bottom\">\n\t\t\t\t\t\t\t\t\t\t&lt;a class=&quot;link-download&quot; href=&quot;https:\/\/www.capgemini.com\/br-pt\/wp-content\/uploads\/sites\/12\/2026\/03\/PR-PORT_Piterion-acquisition-09Mar2026.pdf&quot; aria-label=&quot;Baixar comunicado de imprensa&quot; target=&quot;_blank&quot;  type=&quot;download&quot; title=&quot;Opens in a new window&quot;&gt;\n\t\t\t\t\t\t\t&lt;span&gt;Baixar comunicado de imprensa&lt;\/span&gt;\n\t\t\t\t\t\t\t&lt;span&gt;231 KB PDF&lt;\/span&gt;\n\t\t\t\t\t\t&lt;\/a&gt;\n\t\t\t\t\t\t\t\t\t\t<a class=\"more\" aria-label=\"Leia mais sobre Capgemini ir\u00e1 adquirir a Piterion, l\u00edder em gest\u00e3o de ciclo de vida de produtos e digitaliza\u00e7\u00e3o industrial\" href=\"https:\/\/www.capgemini.com\/br-pt\/noticias\/press-release\/capgemini-ira-adquirir-a-piterion-lider-em-gestao-de-ciclo-de-vida-de-produtos-e-digitalizacao-industrial\/\">Leia mais sobre<\/a>\n\t\t\t\t\t\t\t\t\t<\/div>\n\t\t\t\t\t\t\t\t<\/a>\n\t\t\t\t\t\t\t<\/div>\n\t\t\t\t\t\t<\/div><\/div><\/div><\/section><\/div><\/div><\/div><\/div><\/div><\/div><\/section>\n","protected":false},"excerpt":{"rendered":"","protected":false},"author":563,"featured_media":0,"template":"","meta":{"cg_dt_proposed_to":[],"cg_seo_hreflang_relations":"[]","cg_seo_canonical_relation":"","cg_seo_hreflang_x_default_relation":"{\"uuid\":\"59e09af1-ec10-469a-b4f1-62b7c8ba5e1d\",\"blogId\":\"\",\"domain\":\"\",\"sitePath\":\"\",\"postLink\":\"\",\"postId\":null,\"isSaved\":false,\"isCrossLink\":false,\"hasCrossLink\":false}","cg_dt_approved_content":true,"cg_dt_mandatory_content":false,"cg_dt_notes":"","cg_dg_source_changed":false,"cg_dt_link_disabled":false,"footnotes":"","related_resource_url":"","related_resource_id":0,"related_resource_size":"","related_resource_type":"","cg_author":0,"featured_focal_points":""},"tags":[],"press-release-type":[],"brand":[],"class_list":["post-1651","press-release","type-press-release","status-publish","hentry"],"yoast_head":"<!-- This site is optimized with the Yoast SEO Premium plugin v22.8 (Yoast SEO v22.8) - https:\/\/yoast.com\/wordpress\/plugins\/seo\/ -->\n<title>2021: O ano dos mega vazamentos? - Capgemini Brasil<\/title>\n<meta name=\"robots\" content=\"index, follow, max-snippet:-1, max-image-preview:large, max-video-preview:-1\" \/>\n<link rel=\"canonical\" href=\"https:\/\/www.capgemini.com\/br-pt\/noticias\/press-release\/2021-o-ano-dos-mega-vazamentos\/\" \/>\n<meta property=\"og:locale\" content=\"pt_BR\" \/>\n<meta property=\"og:type\" content=\"article\" \/>\n<meta property=\"og:title\" content=\"2021: O ano dos mega vazamentos?\" \/>\n<meta property=\"og:url\" content=\"https:\/\/www.capgemini.com\/br-pt\/noticias\/press-release\/2021-o-ano-dos-mega-vazamentos\/\" \/>\n<meta property=\"og:site_name\" content=\"Capgemini Brasil\" \/>\n<meta property=\"article:modified_time\" content=\"2025-03-26T06:16:37+00:00\" \/>\n<meta property=\"og:image\" content=\"https:\/\/www.capgemini.com\/br-pt\/wp-content\/uploads\/sites\/12\/2025\/10\/New-Web-preview-global.jpg\" \/>\n\t<meta property=\"og:image:width\" content=\"1200\" \/>\n\t<meta property=\"og:image:height\" content=\"627\" \/>\n\t<meta property=\"og:image:type\" content=\"image\/jpeg\" \/>\n<meta name=\"twitter:card\" content=\"summary_large_image\" \/>\n<meta name=\"twitter:label1\" content=\"Est. reading time\" \/>\n\t<meta name=\"twitter:data1\" content=\"6 minutes\" \/>\n<script type=\"application\/ld+json\" class=\"yoast-schema-graph\">{\"@context\":\"https:\/\/schema.org\",\"@graph\":[{\"@type\":\"WebPage\",\"@id\":\"https:\/\/www.capgemini.com\/br-pt\/noticias\/press-release\/2021-o-ano-dos-mega-vazamentos\/\",\"url\":\"https:\/\/www.capgemini.com\/br-pt\/noticias\/press-release\/2021-o-ano-dos-mega-vazamentos\/\",\"name\":\"2021: O ano dos mega vazamentos? - Capgemini Brasil\",\"isPartOf\":{\"@id\":\"https:\/\/www.capgemini.com\/br-pt\/#website\"},\"datePublished\":\"2021-02-28T15:24:00+00:00\",\"dateModified\":\"2025-03-26T06:16:37+00:00\",\"breadcrumb\":{\"@id\":\"https:\/\/www.capgemini.com\/br-pt\/noticias\/press-release\/2021-o-ano-dos-mega-vazamentos\/#breadcrumb\"},\"inLanguage\":\"pt-BR\",\"potentialAction\":[{\"@type\":\"ReadAction\",\"target\":[\"https:\/\/www.capgemini.com\/br-pt\/noticias\/press-release\/2021-o-ano-dos-mega-vazamentos\/\"]}]},{\"@type\":\"BreadcrumbList\",\"@id\":\"https:\/\/www.capgemini.com\/br-pt\/noticias\/press-release\/2021-o-ano-dos-mega-vazamentos\/#breadcrumb\",\"itemListElement\":[{\"@type\":\"ListItem\",\"position\":1,\"name\":\"Home\",\"item\":\"https:\/\/www.capgemini.com\/br-pt\/\"},{\"@type\":\"ListItem\",\"position\":2,\"name\":\"Press Releases\",\"item\":\"https:\/\/www.capgemini.com\/br-pt\/news\/\"},{\"@type\":\"ListItem\",\"position\":3,\"name\":\"2021: O ano dos mega vazamentos?\"}]},{\"@type\":\"WebSite\",\"@id\":\"https:\/\/www.capgemini.com\/br-pt\/#website\",\"url\":\"https:\/\/www.capgemini.com\/br-pt\/\",\"name\":\"Capgemini Brasil\",\"description\":\"Capgemini\",\"potentialAction\":[{\"@type\":\"SearchAction\",\"target\":{\"@type\":\"EntryPoint\",\"urlTemplate\":\"https:\/\/www.capgemini.com\/br-pt\/?s={search_term_string}\"},\"query-input\":\"required name=search_term_string\"}],\"inLanguage\":\"pt-BR\"}]}<\/script>\n<!-- \/ Yoast SEO Premium plugin. -->","yoast_head_json":{"title":"2021: O ano dos mega vazamentos? - Capgemini Brasil","robots":{"index":"index","follow":"follow","max-snippet":"max-snippet:-1","max-image-preview":"max-image-preview:large","max-video-preview":"max-video-preview:-1"},"canonical":"https:\/\/www.capgemini.com\/br-pt\/noticias\/press-release\/2021-o-ano-dos-mega-vazamentos\/","og_locale":"pt_BR","og_type":"article","og_title":"2021: O ano dos mega vazamentos?","og_url":"https:\/\/www.capgemini.com\/br-pt\/noticias\/press-release\/2021-o-ano-dos-mega-vazamentos\/","og_site_name":"Capgemini Brasil","article_modified_time":"2025-03-26T06:16:37+00:00","og_image":[{"width":1200,"height":627,"url":"https:\/\/www.capgemini.com\/br-pt\/wp-content\/uploads\/sites\/12\/2025\/10\/New-Web-preview-global.jpg","type":"image\/jpeg"}],"twitter_card":"summary_large_image","twitter_misc":{"Est. reading time":"6 minutes"},"schema":{"@context":"https:\/\/schema.org","@graph":[{"@type":"WebPage","@id":"https:\/\/www.capgemini.com\/br-pt\/noticias\/press-release\/2021-o-ano-dos-mega-vazamentos\/","url":"https:\/\/www.capgemini.com\/br-pt\/noticias\/press-release\/2021-o-ano-dos-mega-vazamentos\/","name":"2021: O ano dos mega vazamentos? - Capgemini Brasil","isPartOf":{"@id":"https:\/\/www.capgemini.com\/br-pt\/#website"},"datePublished":"2021-02-28T15:24:00+00:00","dateModified":"2025-03-26T06:16:37+00:00","breadcrumb":{"@id":"https:\/\/www.capgemini.com\/br-pt\/noticias\/press-release\/2021-o-ano-dos-mega-vazamentos\/#breadcrumb"},"inLanguage":"pt-BR","potentialAction":[{"@type":"ReadAction","target":["https:\/\/www.capgemini.com\/br-pt\/noticias\/press-release\/2021-o-ano-dos-mega-vazamentos\/"]}]},{"@type":"BreadcrumbList","@id":"https:\/\/www.capgemini.com\/br-pt\/noticias\/press-release\/2021-o-ano-dos-mega-vazamentos\/#breadcrumb","itemListElement":[{"@type":"ListItem","position":1,"name":"Home","item":"https:\/\/www.capgemini.com\/br-pt\/"},{"@type":"ListItem","position":2,"name":"Press Releases","item":"https:\/\/www.capgemini.com\/br-pt\/news\/"},{"@type":"ListItem","position":3,"name":"2021: O ano dos mega vazamentos?"}]},{"@type":"WebSite","@id":"https:\/\/www.capgemini.com\/br-pt\/#website","url":"https:\/\/www.capgemini.com\/br-pt\/","name":"Capgemini Brasil","description":"Capgemini","potentialAction":[{"@type":"SearchAction","target":{"@type":"EntryPoint","urlTemplate":"https:\/\/www.capgemini.com\/br-pt\/?s={search_term_string}"},"query-input":"required name=search_term_string"}],"inLanguage":"pt-BR"}]}},"parsely":{"version":"1.1.0","canonical_url":"https:\/\/capgemini.com\/br-pt\/noticias\/press-release\/2021-o-ano-dos-mega-vazamentos\/","smart_links":{"inbound":0,"outbound":0},"traffic_boost_suggestions_count":0,"meta":{"@context":"https:\/\/schema.org","@type":"NewsArticle","headline":"2021: O ano dos mega vazamentos?","url":"https:\/\/www.capgemini.com\/br-pt\/noticias\/press-release\/2021-o-ano-dos-mega-vazamentos\/","mainEntityOfPage":{"@type":"WebPage","@id":"https:\/\/www.capgemini.com\/br-pt\/noticias\/press-release\/2021-o-ano-dos-mega-vazamentos\/"},"thumbnailUrl":"","image":{"@type":"ImageObject","url":""},"articleSection":"Uncategorized","author":[],"creator":[],"publisher":{"@type":"Organization","name":"Capgemini Brasil","logo":""},"keywords":[],"dateCreated":"2021-02-28T15:24:00Z","datePublished":"2021-02-28T15:24:00Z","dateModified":"2025-03-26T06:16:37Z"},"rendered":"<meta name=\"parsely-title\" content=\"2021: O ano dos mega vazamentos?\" \/>\n<meta name=\"parsely-link\" content=\"https:\/\/www.capgemini.com\/br-pt\/noticias\/press-release\/2021-o-ano-dos-mega-vazamentos\/\" \/>\n<meta name=\"parsely-type\" content=\"post\" \/>\n<meta name=\"parsely-pub-date\" content=\"2021-02-28T15:24:00Z\" \/>\n<meta name=\"parsely-section\" content=\"Uncategorized\" \/>","tracker_url":"https:\/\/cdn.parsely.com\/keys\/capgemini.com\/p.js"},"archive_status":false,"featured_image_src":"https:\/\/www.capgemini.com\/br-pt\/wp-content\/themes\/capgemini2025\/assets\/images\/mockup.png","featured_image_alt":false,"distributor_meta":false,"distributor_terms":false,"distributor_media":false,"distributor_original_site_name":"Capgemini Brasil","distributor_original_site_url":"https:\/\/www.capgemini.com\/br-pt","push-errors":false,"tag_names":[],"_links":{"self":[{"href":"https:\/\/www.capgemini.com\/br-pt\/wp-json\/wp\/v2\/press-release\/1651","targetHints":{"allow":["GET"]}}],"collection":[{"href":"https:\/\/www.capgemini.com\/br-pt\/wp-json\/wp\/v2\/press-release"}],"about":[{"href":"https:\/\/www.capgemini.com\/br-pt\/wp-json\/wp\/v2\/types\/press-release"}],"author":[{"embeddable":true,"href":"https:\/\/www.capgemini.com\/br-pt\/wp-json\/wp\/v2\/users\/563"}],"version-history":[{"count":2,"href":"https:\/\/www.capgemini.com\/br-pt\/wp-json\/wp\/v2\/press-release\/1651\/revisions"}],"predecessor-version":[{"id":640428,"href":"https:\/\/www.capgemini.com\/br-pt\/wp-json\/wp\/v2\/press-release\/1651\/revisions\/640428"}],"wp:attachment":[{"href":"https:\/\/www.capgemini.com\/br-pt\/wp-json\/wp\/v2\/media?parent=1651"}],"wp:term":[{"taxonomy":"post_tag","embeddable":true,"href":"https:\/\/www.capgemini.com\/br-pt\/wp-json\/wp\/v2\/tags?post=1651"},{"taxonomy":"press-release-type","embeddable":true,"href":"https:\/\/www.capgemini.com\/br-pt\/wp-json\/wp\/v2\/press-release-type?post=1651"},{"taxonomy":"brand","embeddable":true,"href":"https:\/\/www.capgemini.com\/br-pt\/wp-json\/wp\/v2\/brand?post=1651"}],"curies":[{"name":"wp","href":"https:\/\/api.w.org\/{rel}","templated":true}]}}