{"id":1623,"date":"2021-05-28T15:01:00","date_gmt":"2021-05-28T15:01:00","guid":{"rendered":"https:\/\/www.capgemini.com\/br-pt\/?post_type=press-release&#038;p=1623"},"modified":"2025-03-26T06:12:10","modified_gmt":"2025-03-26T06:12:10","slug":"capgemini-planeja-contratar-750-profissionais-no-brasil","status":"publish","type":"press-release","link":"https:\/\/www.capgemini.com\/br-pt\/noticias\/press-release\/capgemini-planeja-contratar-750-profissionais-no-brasil\/","title":{"rendered":"Capgemini planeja contratar 750 profissionais no Brasil"},"content":{"rendered":"\n<p><\/p>\n\n\n\t\t<div class=\"wp-block-cg-blocks-hero-press-release\">\n\t\t\t<header class=\"header-hero-press-release\" role=\"main\" id=\"main-content-press-release\">\n\t\t\t\t<div class=\"container\">\n\t\t\t\t\t<div class=\"hero-press-release\">\n\t\t\t\t\t\t<div class=\"hero-press-release-content-wrapper\">\n\t\t\t\t\t\t\t<div class=\"row\">\n\t\t\t\t\t\t\t\t<div class=\"col-12\">\n\t\t\t\t\t\t\t\t\t<div class=\"header-title\">\n\t\t\t\t\t\t\t\t\t\t<h1>\n\t\t\t\t\t\t\t\t\t\t\tCapgemini planeja contratar 750 profissionais no Brasil\t\t\t\t\t\t\t\t\t\t<\/h1>\n\t\t\t\t\t\t\t\t\t<\/div>\n\t\t\t\t\t\t\t\t\t<div class=\"header-description\">\n\t\t\t\t\t\t\t\t\t\t<p><\/p>\n\t\t\t\t\t\t\t\t\t<\/div>\n\t\t\t\t\t\t\t\t\t\t\t\t\t\t\t\t\t\t<div class=\"header-date\">\n\t\t\t\t\t\t\t\t\t\t<span>mai. 28, 2021<\/span>\n\t\t\t\t\t\t\t\t\t<\/div>\n\t\t\t\t\t\t\t\t<\/div>\n\t\t\t\t\t\t\t<\/div>\n\t\t\t\t\t\t<\/div>\n\t\t\t\t\t\t\t\t\t\t\t\t\t\t\t\t\t<\/div>\n\t\t\t\t<\/div>\n\t\t\t<\/header>\n\t\t<\/div>\n\t\t\n\n\n<section class=\"wp-block-cg-blocks-group undefined section section--article-content\"><div class=\"article-main-content\"><div class=\"container\"><div class=\"row\"><div class=\"col-12 col-md-1\"><nav class=\"article-social\"><ul class=\"social-nav\"><li class=\"ip-order-fb\"><a href=\"https:\/\/www.facebook.com\/sharer\/sharer.php?u=https:\/\/www.capgemini.com\/br-pt\/?post_type=press-release&amp;p=1623\" target=\"_blank\" rel=\"noopener noreferrer\" title=\"Abre em uma nova janela\"><i aria-hidden=\"true\" class=\"icon-fb\"><\/i><span class=\"sr-only\">Facebook<\/span><\/a><\/li><li class=\"ip-order-tw\"><a href=\"https:\/\/twitter.com\/intent\/tweet?url=https:\/\/www.capgemini.com\/br-pt\/?post_type=press-release&amp;p=1623&amp;text=\" target=\"_blank\" rel=\"noopener noreferrer\" title=\"Abre em uma nova janela\"><i aria-hidden=\"true\" class=\"icon-tw\"><\/i><span class=\"sr-only\">Twitter<\/span><\/a><\/li><li class=\"ip-order-li\"><a href=\"https:\/\/www.linkedin.com\/sharing\/share-offsite\/?url=https:\/\/www.capgemini.com\/br-pt\/?post_type=press-release&amp;p=1623&amp;text=\" target=\"_blank\" rel=\"noopener noreferrer\" title=\"Abre em uma nova janela\"><i aria-hidden=\"true\" class=\"icon-li\"><\/i><span class=\"sr-only\">Linkedin<\/span><\/a><\/li><\/ul><\/nav><\/div><div class=\"col-12 col-md-11 col-lg-10\"><div class=\"article-text article-quote-text\">\n<h2 class=\"wp-block-heading\" id=\"h-a-empresa-esta-procurando-recrutar-600-consultores-de-tecnologia-experientes-e-150-jovens-talentos-das-principais-instituicoes-tecnicas-de-ensino-durante-2021\"><strong><em>A empresa est\u00e1 procurando recrutar 600 consultores de tecnologia experientes e 150 jovens talentos das principais institui\u00e7\u00f5es t\u00e9cnicas de ensino durante 2021<\/em><\/strong><\/h2>\n\n\n\n<p>S\u00e3o Paulo, 28 de maio de 2021 \u2013 A&nbsp;Capgemini&nbsp;no Brasil planeja contratar 750 novos membros para sua equipe durante o ano de 2021.&nbsp;Dentre elas, 600 vagas s\u00e3o destinadas para profissionais experientes, especializados em diversas tecnologias de demanda, como nuvem e dados. Outras 150 vagas s\u00e3o para jovens talentos das principais institui\u00e7\u00f5es de tecnologia do Brasil, que buscam ingressar nessa ind\u00fastria em constante evolu\u00e7\u00e3o.<\/p>\n\n\n\n<p>Embora o modelo de trabalho para esses novos funcion\u00e1rios permane\u00e7a 100% remoto por enquanto, a Capgemini adotar\u00e1 um modelo h\u00edbrido no futuro. A empresa conta com instala\u00e7\u00f5es inovadoras como os Centros de Colabora\u00e7\u00e3o no Brasil, que s\u00e3o espa\u00e7os criados para se adaptar ao novo ambiente de trabalho h\u00edbrido e projetados para atividades colaborativas e reuni\u00f5es de equipe, com clientes e parceiros.<\/p>\n\n\n\n<p><em>\u201cVemos um imenso potencial no talento da regi\u00e3o e estamos empenhados em proporcionar muitas oportunidades de aprender e crescer, para que possam progredir na carreira e alcan\u00e7ar o futuro que desejam na Capgemini. Apostamos fortemente na aprendizagem e desenvolvimento cont\u00ednuo dos nossos colaboradores. Com parceiros l\u00edderes da ind\u00fastria de conte\u00fado como Coursera, Plural Site (no \u00e2mbito t\u00e9cnico) e TED, temos uma das mais completas plataformas de treinamento e capacita\u00e7\u00e3o do mercado\u201d<\/em>, disse M\u00e9rcia Gerbase, diretora de Gest\u00e3o de Talentos da Capgemini Brasil.<\/p>\n\n\n\n<p>Os candidatos interessados \u200b\u200bpodem consultar o <a href=\"mailto:career%20portal\">portal de carreiras<\/a> da empresa e indicar o cargo de interesse ou enviar curr\u00edculo para <a href=\"mailto:recrutment.br@capgemini.com\">recrutment.br@capgemini.com<\/a>.<\/p>\n\n\n<div class=\"wp-block-cg-blocks-cg-block-related-content\"><section class=\"relatedContentBlock\"><div class=\"container\"><div class=\"row\"><div class=\"content-title col-12 col-md-8\"><h2 class=\"related-content-heading\">Related News<\/h2><\/div><\/div><div class=\"row relatedContent\"><div class=\"col-lg-4 col-md-6 col-xs-12\">\n\t\t\t\t\t\t\t<div class=\"box\">\n\t\t\t\t\t\t\t\t<a aria-label=\"Leia mais sobre Capgemini apresenta o Google Cloud AI Enterprise Hub para acelerar a transforma\u00e7\u00e3o empresarial da IA Ag\u00eantica\" href=\"https:\/\/www.capgemini.com\/br-pt\/noticias\/press-release\/capgemini-apresenta-o-google-cloud-ai-enterprise-hub-para-acelerar-a-transformacao-empresarial-da-ia-agentica\/\" class=\"anchorWrapper\">\n\t\t\t\t\t\t\t\t\t<span class=\"box-tag\"><span>Corporate news<\/span><\/span>\n\t\t\t\t\t\t\t\t\t<div class=\"box-title\"><h3 class=\"box-subtitle\">Capgemini apresenta o Google Cloud AI Enterprise Hub para acelerar a transforma\u00e7\u00e3o empresarial da IA Ag\u00eantica<\/h3><\/div>\n\t\t\t\t\t\t\t\t\t<div class=\"box-date\">\n\t\t\t\t\t\t\t\t\t\t<span>Apr 24, 2026<\/span>\n\t\t\t\t\t\t\t\t\t<\/div>\n\t\t\t\t\t\t\t\t\t<div class=\"box-bottom\">\n\t\t\t\t\t\t\t\t\t\t&lt;a class=&quot;link-download&quot; href=&quot;https:\/\/www.capgemini.com\/br-pt\/wp-content\/uploads\/sites\/12\/2026\/04\/PR-PORT_Google-Cloud-AI-Enterprise-Hub-23Abr2026.docx.pdf&quot; aria-label=&quot;Baixar comunicado de imprensa&quot; target=&quot;_blank&quot;  type=&quot;download&quot; title=&quot;Opens in a new window&quot;&gt;\n\t\t\t\t\t\t\t&lt;span&gt;Baixar comunicado de imprensa&lt;\/span&gt;\n\t\t\t\t\t\t\t&lt;span&gt;243 KB PDF&lt;\/span&gt;\n\t\t\t\t\t\t&lt;\/a&gt;\n\t\t\t\t\t\t\t\t\t\t<a class=\"more\" aria-label=\"Leia mais sobre Capgemini apresenta o Google Cloud AI Enterprise Hub para acelerar a transforma\u00e7\u00e3o empresarial da IA Ag\u00eantica\" href=\"https:\/\/www.capgemini.com\/br-pt\/noticias\/press-release\/capgemini-apresenta-o-google-cloud-ai-enterprise-hub-para-acelerar-a-transformacao-empresarial-da-ia-agentica\/\">Leia mais sobre<\/a>\n\t\t\t\t\t\t\t\t\t<\/div>\n\t\t\t\t\t\t\t\t<\/a>\n\t\t\t\t\t\t\t<\/div>\n\t\t\t\t\t\t<\/div><div class=\"col-lg-4 col-md-6 col-xs-12\">\n\t\t\t\t\t\t\t<div class=\"box\">\n\t\t\t\t\t\t\t\t<a aria-label=\"Leia mais sobre Resultados completo do ano de 2025\" href=\"https:\/\/www.capgemini.com\/br-pt\/noticias\/press-release\/resultados-completo-do-ano-de-2025\/\" class=\"anchorWrapper\">\n\t\t\t\t\t\t\t\t\t<span class=\"box-tag\"><span>Financial news<\/span><\/span>\n\t\t\t\t\t\t\t\t\t<div class=\"box-title\"><h3 class=\"box-subtitle\">Resultados completo do ano de 2025<\/h3><\/div>\n\t\t\t\t\t\t\t\t\t<div class=\"box-date\">\n\t\t\t\t\t\t\t\t\t\t<span>Mar 18, 2026<\/span>\n\t\t\t\t\t\t\t\t\t<\/div>\n\t\t\t\t\t\t\t\t\t<div class=\"box-bottom\">\n\t\t\t\t\t\t\t\t\t\t&lt;a class=&quot;link-download&quot; href=&quot;https:\/\/www.capgemini.com\/wp-content\/uploads\/2026\/02\/Capgemini_-_2026-02-13-_-2025_Annual_Results.pdf&quot; aria-label=&quot;Baixar comunicado de imprensa&quot; target=&quot;_blank&quot;  type=&quot;download&quot; title=&quot;Opens in a new window&quot;&gt;\n\t\t\t\t\t\t\t&lt;span&gt;Baixar comunicado de imprensa&lt;\/span&gt;\n\t\t\t\t\t\t\t&lt;span&gt;309 KB PDF&lt;\/span&gt;\n\t\t\t\t\t\t&lt;\/a&gt;\n\t\t\t\t\t\t\t\t\t\t<a class=\"more\" aria-label=\"Leia mais sobre Resultados completo do ano de 2025\" href=\"https:\/\/www.capgemini.com\/br-pt\/noticias\/press-release\/resultados-completo-do-ano-de-2025\/\">Leia mais sobre<\/a>\n\t\t\t\t\t\t\t\t\t<\/div>\n\t\t\t\t\t\t\t\t<\/a>\n\t\t\t\t\t\t\t<\/div>\n\t\t\t\t\t\t<\/div><div class=\"col-lg-4 col-md-6 col-xs-12\">\n\t\t\t\t\t\t\t<div class=\"box\">\n\t\t\t\t\t\t\t\t<a aria-label=\"Leia mais sobre Capgemini ir\u00e1 adquirir a Piterion, l\u00edder em gest\u00e3o de ciclo de vida de produtos e digitaliza\u00e7\u00e3o industrial\" href=\"https:\/\/www.capgemini.com\/br-pt\/noticias\/press-release\/capgemini-ira-adquirir-a-piterion-lider-em-gestao-de-ciclo-de-vida-de-produtos-e-digitalizacao-industrial\/\" class=\"anchorWrapper\">\n\t\t\t\t\t\t\t\t\t<span class=\"box-tag\"><span>Corporate news<\/span><\/span>\n\t\t\t\t\t\t\t\t\t<div class=\"box-title\"><h3 class=\"box-subtitle\">Capgemini ir\u00e1 adquirir a Piterion, l\u00edder em gest\u00e3o de ciclo de vida de produtos e digitaliza\u00e7\u00e3o industrial<\/h3><\/div>\n\t\t\t\t\t\t\t\t\t<div class=\"box-date\">\n\t\t\t\t\t\t\t\t\t\t<span>Mar 12, 2026<\/span>\n\t\t\t\t\t\t\t\t\t<\/div>\n\t\t\t\t\t\t\t\t\t<div class=\"box-bottom\">\n\t\t\t\t\t\t\t\t\t\t&lt;a class=&quot;link-download&quot; href=&quot;https:\/\/www.capgemini.com\/br-pt\/wp-content\/uploads\/sites\/12\/2026\/03\/PR-PORT_Piterion-acquisition-09Mar2026.pdf&quot; aria-label=&quot;Baixar comunicado de imprensa&quot; target=&quot;_blank&quot;  type=&quot;download&quot; title=&quot;Opens in a new window&quot;&gt;\n\t\t\t\t\t\t\t&lt;span&gt;Baixar comunicado de imprensa&lt;\/span&gt;\n\t\t\t\t\t\t\t&lt;span&gt;231 KB PDF&lt;\/span&gt;\n\t\t\t\t\t\t&lt;\/a&gt;\n\t\t\t\t\t\t\t\t\t\t<a class=\"more\" aria-label=\"Leia mais sobre Capgemini ir\u00e1 adquirir a Piterion, l\u00edder em gest\u00e3o de ciclo de vida de produtos e digitaliza\u00e7\u00e3o industrial\" href=\"https:\/\/www.capgemini.com\/br-pt\/noticias\/press-release\/capgemini-ira-adquirir-a-piterion-lider-em-gestao-de-ciclo-de-vida-de-produtos-e-digitalizacao-industrial\/\">Leia mais sobre<\/a>\n\t\t\t\t\t\t\t\t\t<\/div>\n\t\t\t\t\t\t\t\t<\/a>\n\t\t\t\t\t\t\t<\/div>\n\t\t\t\t\t\t<\/div><\/div><\/div><\/section><\/div><\/div><\/div><\/div><\/div><\/div><\/section>\n","protected":false},"excerpt":{"rendered":"","protected":false},"author":563,"featured_media":0,"template":"","meta":{"cg_dt_proposed_to":[],"cg_seo_hreflang_relations":"[]","cg_seo_canonical_relation":"","cg_seo_hreflang_x_default_relation":"{\"uuid\":\"cdf96c18-064c-4935-a2d7-ed4cf3d56478\",\"blogId\":\"\",\"domain\":\"\",\"sitePath\":\"\",\"postLink\":\"\",\"postId\":null,\"isSaved\":false,\"isCrossLink\":false,\"hasCrossLink\":false}","cg_dt_approved_content":true,"cg_dt_mandatory_content":false,"cg_dt_notes":"","cg_dg_source_changed":false,"cg_dt_link_disabled":false,"footnotes":"","related_resource_url":"","related_resource_id":0,"related_resource_size":"","related_resource_type":"","cg_author":0,"featured_focal_points":""},"tags":[],"press-release-type":[],"brand":[],"class_list":["post-1623","press-release","type-press-release","status-publish","hentry"],"yoast_head":"<!-- This site is optimized with the Yoast SEO Premium plugin v22.8 (Yoast SEO v22.8) - https:\/\/yoast.com\/wordpress\/plugins\/seo\/ -->\n<title>Capgemini planeja contratar 750 profissionais no Brasil - Capgemini Brasil<\/title>\n<meta name=\"robots\" content=\"index, follow, max-snippet:-1, max-image-preview:large, max-video-preview:-1\" \/>\n<link rel=\"canonical\" href=\"https:\/\/www.capgemini.com\/br-pt\/noticias\/press-release\/capgemini-planeja-contratar-750-profissionais-no-brasil\/\" \/>\n<meta property=\"og:locale\" content=\"pt_BR\" \/>\n<meta property=\"og:type\" content=\"article\" \/>\n<meta property=\"og:title\" content=\"Capgemini planeja contratar 750 profissionais no Brasil\" \/>\n<meta property=\"og:url\" content=\"https:\/\/www.capgemini.com\/br-pt\/noticias\/press-release\/capgemini-planeja-contratar-750-profissionais-no-brasil\/\" \/>\n<meta property=\"og:site_name\" content=\"Capgemini Brasil\" \/>\n<meta property=\"article:modified_time\" content=\"2025-03-26T06:12:10+00:00\" \/>\n<meta property=\"og:image\" content=\"https:\/\/www.capgemini.com\/br-pt\/wp-content\/uploads\/sites\/12\/2025\/10\/New-Web-preview-global.jpg\" \/>\n\t<meta property=\"og:image:width\" content=\"1200\" \/>\n\t<meta property=\"og:image:height\" content=\"627\" \/>\n\t<meta property=\"og:image:type\" content=\"image\/jpeg\" \/>\n<meta name=\"twitter:card\" content=\"summary_large_image\" \/>\n<meta name=\"twitter:label1\" content=\"Est. reading time\" \/>\n\t<meta name=\"twitter:data1\" content=\"2 minutes\" \/>\n<script type=\"application\/ld+json\" class=\"yoast-schema-graph\">{\"@context\":\"https:\/\/schema.org\",\"@graph\":[{\"@type\":\"WebPage\",\"@id\":\"https:\/\/www.capgemini.com\/br-pt\/noticias\/press-release\/capgemini-planeja-contratar-750-profissionais-no-brasil\/\",\"url\":\"https:\/\/www.capgemini.com\/br-pt\/noticias\/press-release\/capgemini-planeja-contratar-750-profissionais-no-brasil\/\",\"name\":\"Capgemini planeja contratar 750 profissionais no Brasil - Capgemini Brasil\",\"isPartOf\":{\"@id\":\"https:\/\/www.capgemini.com\/br-pt\/#website\"},\"datePublished\":\"2021-05-28T15:01:00+00:00\",\"dateModified\":\"2025-03-26T06:12:10+00:00\",\"breadcrumb\":{\"@id\":\"https:\/\/www.capgemini.com\/br-pt\/noticias\/press-release\/capgemini-planeja-contratar-750-profissionais-no-brasil\/#breadcrumb\"},\"inLanguage\":\"pt-BR\",\"potentialAction\":[{\"@type\":\"ReadAction\",\"target\":[\"https:\/\/www.capgemini.com\/br-pt\/noticias\/press-release\/capgemini-planeja-contratar-750-profissionais-no-brasil\/\"]}]},{\"@type\":\"BreadcrumbList\",\"@id\":\"https:\/\/www.capgemini.com\/br-pt\/noticias\/press-release\/capgemini-planeja-contratar-750-profissionais-no-brasil\/#breadcrumb\",\"itemListElement\":[{\"@type\":\"ListItem\",\"position\":1,\"name\":\"Home\",\"item\":\"https:\/\/www.capgemini.com\/br-pt\/\"},{\"@type\":\"ListItem\",\"position\":2,\"name\":\"Press Releases\",\"item\":\"https:\/\/www.capgemini.com\/br-pt\/news\/\"},{\"@type\":\"ListItem\",\"position\":3,\"name\":\"Capgemini planeja contratar 750 profissionais no Brasil\"}]},{\"@type\":\"WebSite\",\"@id\":\"https:\/\/www.capgemini.com\/br-pt\/#website\",\"url\":\"https:\/\/www.capgemini.com\/br-pt\/\",\"name\":\"Capgemini Brasil\",\"description\":\"Capgemini\",\"potentialAction\":[{\"@type\":\"SearchAction\",\"target\":{\"@type\":\"EntryPoint\",\"urlTemplate\":\"https:\/\/www.capgemini.com\/br-pt\/?s={search_term_string}\"},\"query-input\":\"required name=search_term_string\"}],\"inLanguage\":\"pt-BR\"}]}<\/script>\n<!-- \/ Yoast SEO Premium plugin. -->","yoast_head_json":{"title":"Capgemini planeja contratar 750 profissionais no Brasil - Capgemini Brasil","robots":{"index":"index","follow":"follow","max-snippet":"max-snippet:-1","max-image-preview":"max-image-preview:large","max-video-preview":"max-video-preview:-1"},"canonical":"https:\/\/www.capgemini.com\/br-pt\/noticias\/press-release\/capgemini-planeja-contratar-750-profissionais-no-brasil\/","og_locale":"pt_BR","og_type":"article","og_title":"Capgemini planeja contratar 750 profissionais no Brasil","og_url":"https:\/\/www.capgemini.com\/br-pt\/noticias\/press-release\/capgemini-planeja-contratar-750-profissionais-no-brasil\/","og_site_name":"Capgemini Brasil","article_modified_time":"2025-03-26T06:12:10+00:00","og_image":[{"width":1200,"height":627,"url":"https:\/\/www.capgemini.com\/br-pt\/wp-content\/uploads\/sites\/12\/2025\/10\/New-Web-preview-global.jpg","type":"image\/jpeg"}],"twitter_card":"summary_large_image","twitter_misc":{"Est. reading time":"2 minutes"},"schema":{"@context":"https:\/\/schema.org","@graph":[{"@type":"WebPage","@id":"https:\/\/www.capgemini.com\/br-pt\/noticias\/press-release\/capgemini-planeja-contratar-750-profissionais-no-brasil\/","url":"https:\/\/www.capgemini.com\/br-pt\/noticias\/press-release\/capgemini-planeja-contratar-750-profissionais-no-brasil\/","name":"Capgemini planeja contratar 750 profissionais no Brasil - Capgemini Brasil","isPartOf":{"@id":"https:\/\/www.capgemini.com\/br-pt\/#website"},"datePublished":"2021-05-28T15:01:00+00:00","dateModified":"2025-03-26T06:12:10+00:00","breadcrumb":{"@id":"https:\/\/www.capgemini.com\/br-pt\/noticias\/press-release\/capgemini-planeja-contratar-750-profissionais-no-brasil\/#breadcrumb"},"inLanguage":"pt-BR","potentialAction":[{"@type":"ReadAction","target":["https:\/\/www.capgemini.com\/br-pt\/noticias\/press-release\/capgemini-planeja-contratar-750-profissionais-no-brasil\/"]}]},{"@type":"BreadcrumbList","@id":"https:\/\/www.capgemini.com\/br-pt\/noticias\/press-release\/capgemini-planeja-contratar-750-profissionais-no-brasil\/#breadcrumb","itemListElement":[{"@type":"ListItem","position":1,"name":"Home","item":"https:\/\/www.capgemini.com\/br-pt\/"},{"@type":"ListItem","position":2,"name":"Press Releases","item":"https:\/\/www.capgemini.com\/br-pt\/news\/"},{"@type":"ListItem","position":3,"name":"Capgemini planeja contratar 750 profissionais no Brasil"}]},{"@type":"WebSite","@id":"https:\/\/www.capgemini.com\/br-pt\/#website","url":"https:\/\/www.capgemini.com\/br-pt\/","name":"Capgemini Brasil","description":"Capgemini","potentialAction":[{"@type":"SearchAction","target":{"@type":"EntryPoint","urlTemplate":"https:\/\/www.capgemini.com\/br-pt\/?s={search_term_string}"},"query-input":"required name=search_term_string"}],"inLanguage":"pt-BR"}]}},"parsely":{"version":"1.1.0","canonical_url":"https:\/\/capgemini.com\/br-pt\/noticias\/press-release\/capgemini-planeja-contratar-750-profissionais-no-brasil\/","smart_links":{"inbound":0,"outbound":0},"traffic_boost_suggestions_count":0,"meta":{"@context":"https:\/\/schema.org","@type":"NewsArticle","headline":"Capgemini planeja contratar 750 profissionais no Brasil","url":"https:\/\/www.capgemini.com\/br-pt\/noticias\/press-release\/capgemini-planeja-contratar-750-profissionais-no-brasil\/","mainEntityOfPage":{"@type":"WebPage","@id":"https:\/\/www.capgemini.com\/br-pt\/noticias\/press-release\/capgemini-planeja-contratar-750-profissionais-no-brasil\/"},"thumbnailUrl":"","image":{"@type":"ImageObject","url":""},"articleSection":"Uncategorized","author":[],"creator":[],"publisher":{"@type":"Organization","name":"Capgemini Brasil","logo":""},"keywords":[],"dateCreated":"2021-05-28T15:01:00Z","datePublished":"2021-05-28T15:01:00Z","dateModified":"2025-03-26T06:12:10Z"},"rendered":"<meta name=\"parsely-title\" content=\"Capgemini planeja contratar 750 profissionais no Brasil\" \/>\n<meta name=\"parsely-link\" content=\"https:\/\/www.capgemini.com\/br-pt\/noticias\/press-release\/capgemini-planeja-contratar-750-profissionais-no-brasil\/\" \/>\n<meta name=\"parsely-type\" content=\"post\" \/>\n<meta name=\"parsely-pub-date\" content=\"2021-05-28T15:01:00Z\" \/>\n<meta name=\"parsely-section\" content=\"Uncategorized\" \/>","tracker_url":"https:\/\/cdn.parsely.com\/keys\/capgemini.com\/p.js"},"archive_status":false,"featured_image_src":"https:\/\/www.capgemini.com\/br-pt\/wp-content\/themes\/capgemini2025\/assets\/images\/mockup.png","featured_image_alt":false,"distributor_meta":false,"distributor_terms":false,"distributor_media":false,"distributor_original_site_name":"Capgemini Brasil","distributor_original_site_url":"https:\/\/www.capgemini.com\/br-pt","push-errors":false,"tag_names":[],"_links":{"self":[{"href":"https:\/\/www.capgemini.com\/br-pt\/wp-json\/wp\/v2\/press-release\/1623","targetHints":{"allow":["GET"]}}],"collection":[{"href":"https:\/\/www.capgemini.com\/br-pt\/wp-json\/wp\/v2\/press-release"}],"about":[{"href":"https:\/\/www.capgemini.com\/br-pt\/wp-json\/wp\/v2\/types\/press-release"}],"author":[{"embeddable":true,"href":"https:\/\/www.capgemini.com\/br-pt\/wp-json\/wp\/v2\/users\/563"}],"version-history":[{"count":2,"href":"https:\/\/www.capgemini.com\/br-pt\/wp-json\/wp\/v2\/press-release\/1623\/revisions"}],"predecessor-version":[{"id":640412,"href":"https:\/\/www.capgemini.com\/br-pt\/wp-json\/wp\/v2\/press-release\/1623\/revisions\/640412"}],"wp:attachment":[{"href":"https:\/\/www.capgemini.com\/br-pt\/wp-json\/wp\/v2\/media?parent=1623"}],"wp:term":[{"taxonomy":"post_tag","embeddable":true,"href":"https:\/\/www.capgemini.com\/br-pt\/wp-json\/wp\/v2\/tags?post=1623"},{"taxonomy":"press-release-type","embeddable":true,"href":"https:\/\/www.capgemini.com\/br-pt\/wp-json\/wp\/v2\/press-release-type?post=1623"},{"taxonomy":"brand","embeddable":true,"href":"https:\/\/www.capgemini.com\/br-pt\/wp-json\/wp\/v2\/brand?post=1623"}],"curies":[{"name":"wp","href":"https:\/\/api.w.org\/{rel}","templated":true}]}}