{"id":1601,"date":"2021-08-12T14:46:00","date_gmt":"2021-08-12T14:46:00","guid":{"rendered":"https:\/\/www.capgemini.com\/br-pt\/?post_type=press-release&#038;p=1601"},"modified":"2025-03-26T06:09:45","modified_gmt":"2025-03-26T06:09:45","slug":"capgemini-eleva-todas-as-suas-metas-financeiras-para-2021-com-base-em-seu-forte-impulso-de-crescimento","status":"publish","type":"press-release","link":"https:\/\/www.capgemini.com\/br-pt\/noticias\/press-release\/capgemini-eleva-todas-as-suas-metas-financeiras-para-2021-com-base-em-seu-forte-impulso-de-crescimento\/","title":{"rendered":"Capgemini eleva todas as suas metas financeiras para 2021 com base em seu forte impulso de crescimento"},"content":{"rendered":"\n<p><\/p>\n\n\n\t\t<div class=\"wp-block-cg-blocks-hero-press-release\">\n\t\t\t<header class=\"header-hero-press-release\" role=\"main\" id=\"main-content-press-release\">\n\t\t\t\t<div class=\"container\">\n\t\t\t\t\t<div class=\"hero-press-release\">\n\t\t\t\t\t\t<div class=\"hero-press-release-content-wrapper\">\n\t\t\t\t\t\t\t<div class=\"row\">\n\t\t\t\t\t\t\t\t<div class=\"col-12\">\n\t\t\t\t\t\t\t\t\t<div class=\"header-title\">\n\t\t\t\t\t\t\t\t\t\t<h1>\n\t\t\t\t\t\t\t\t\t\t\tCapgemini eleva todas as suas metas financeiras para 2021 com base em seu forte impulso de crescimento\t\t\t\t\t\t\t\t\t\t<\/h1>\n\t\t\t\t\t\t\t\t\t<\/div>\n\t\t\t\t\t\t\t\t\t<div class=\"header-description\">\n\t\t\t\t\t\t\t\t\t\t<p><\/p>\n\t\t\t\t\t\t\t\t\t<\/div>\n\t\t\t\t\t\t\t\t\t\t\t\t\t\t\t\t\t\t<div class=\"header-date\">\n\t\t\t\t\t\t\t\t\t\t<span>ago. 12, 2021<\/span>\n\t\t\t\t\t\t\t\t\t<\/div>\n\t\t\t\t\t\t\t\t<\/div>\n\t\t\t\t\t\t\t<\/div>\n\t\t\t\t\t\t<\/div>\n\t\t\t\t\t\t\t\t\t\t\t\t\t\t\t\t\t<\/div>\n\t\t\t\t<\/div>\n\t\t\t<\/header>\n\t\t<\/div>\n\t\t\n\n\n<section class=\"wp-block-cg-blocks-group undefined section section--article-content\"><div class=\"article-main-content\"><div class=\"container\"><div class=\"row\"><div class=\"col-12 col-md-1\"><nav class=\"article-social\"><ul class=\"social-nav\"><li class=\"ip-order-fb\"><a href=\"https:\/\/www.facebook.com\/sharer\/sharer.php?u=https:\/\/www.capgemini.com\/br-pt\/?post_type=press-release&amp;p=1601\" target=\"_blank\" rel=\"noopener noreferrer\" title=\"Abre em uma nova janela\"><i aria-hidden=\"true\" class=\"icon-fb\"><\/i><span class=\"sr-only\">Facebook<\/span><\/a><\/li><li class=\"ip-order-tw\"><a href=\"https:\/\/twitter.com\/intent\/tweet?url=https:\/\/www.capgemini.com\/br-pt\/?post_type=press-release&amp;p=1601&amp;text=\" target=\"_blank\" rel=\"noopener noreferrer\" title=\"Abre em uma nova janela\"><i aria-hidden=\"true\" class=\"icon-tw\"><\/i><span class=\"sr-only\">Twitter<\/span><\/a><\/li><li class=\"ip-order-li\"><a href=\"https:\/\/www.linkedin.com\/sharing\/share-offsite\/?url=https:\/\/www.capgemini.com\/br-pt\/?post_type=press-release&amp;p=1601&amp;text=\" target=\"_blank\" rel=\"noopener noreferrer\" title=\"Abre em uma nova janela\"><i aria-hidden=\"true\" class=\"icon-li\"><\/i><span class=\"sr-only\">Linkedin<\/span><\/a><\/li><\/ul><\/nav><\/div><div class=\"col-12 col-md-11 col-lg-10\"><div class=\"article-text article-quote-text\">\n<p><strong>Paris, 03 de agosto de 2021 \u2013 O Conselho de Administra\u00e7\u00e3o da Capgemini SE, presidido por Paul Hermelin, se reuniu em 27 de julho de 2021 em Paris para revisar e adotar as contas\u00b9 do Grupo Capgemini para o primeiro semestre de 2021.<\/strong><\/p>\n\n\n\n<p>Aiman \u200b\u200bEzzat, CEO do Grupo Capgemini, disse: \u201c<em>A Capgemini apresentou um excelente desempenho no primeiro semestre de 2021. O crescimento org\u00e2nico acelerou significativamente no segundo trimestre, atingindo 12,9%, e a margem operacional do primeiro semestre melhorou consideravelmente.<\/em><\/p>\n\n\n\n<p><em>Gostaria mais uma vez de prestar homenagem aos nossos 290.000 colaboradores que continuamente criam valor para os nossos clientes, em um contexto que continua desafiador em v\u00e1rias regi\u00f5es.<\/em><\/p>\n\n\n\n<p><em>Esses resultados s\u00e3o sustentados por dois fatores: uma acelera\u00e7\u00e3o estrutural na demanda dos clientes por tecnologia e a relev\u00e2ncia do nosso direcionamento estrat\u00e9gico, conforme adiantado durante nosso Capital Markets Day 2021. Eles tamb\u00e9m exemplificam nosso modelo de crescimento com base em nossa intimidade com clientes estrat\u00e9gicos, o sucesso de nossas ofertas inovadoras, relacionamentos profundos com nossos parceiros de tecnologia e investimentos significativos em capital humano. Estamos desenvolvendo novas solu\u00e7\u00f5es para ajudar nossos clientes a reduzir sua pegada de carbono e acabamos de lan\u00e7ar nossa primeira oferta de TI sustent\u00e1vel.<\/em><\/p>\n\n\n\n<p><em>Diante desse excelente desempenho e das perspectivas bastante s\u00f3lidas para o segundo semestre do ano, decidimos aumentar significativamente nossas metas de crescimento, margem operacional e fluxo de caixa livre para 2021<\/em>\u201d.<\/p>\n\n\n\n<p><strong>Principais atuantes no 1\u00ba semestre<\/strong><\/p>\n\n\n\n<p>A Capgemini gerou <strong>receitas<\/strong> de \u20ac8.711 milh\u00f5es no primeiro semestre de 2021. Ap\u00f3s um primeiro trimestre j\u00e1 marcado por um crescimento acima do esperado, o Grupo acelerou fortemente no segundo trimestre. O crescimento org\u00e2nico* (ou seja, ajustado para o escopo do Grupo e impactos das taxas de c\u00e2mbio) foi de +12,9%, em compara\u00e7\u00e3o com +1,7% no trimestre anterior, com a atividade do 2\u00ba trimestre excedendo significativamente os n\u00edveis pr\u00e9-crise.<\/p>\n\n\n\n<p>Para todo o primeiro semestre, o crescimento do Grupo atingiu +14,9% em dados publicados, +17,9% nas taxas de c\u00e2mbio constantes e +7,1% organicamente. Os <strong>Servi\u00e7os Digitais<\/strong> e em <strong>Nuvem<\/strong> sustentaram esse desempenho, respondendo por cerca de dois ter\u00e7os da atividade\u00b2 e registrando um forte crescimento anual de dois d\u00edgitos a taxas de c\u00e2mbio constantes no primeiro semestre.<\/p>\n\n\n\n<p>As <strong>reservas<\/strong> totalizaram \u20ac9.128 milh\u00f5es nos primeiros seis meses de 2021, um aumento de +20% a c\u00e2mbio constante em rela\u00e7\u00e3o ao ano anterior. O \u00edndice book-to-bill atingiu 105% no primeiro semestre e 111% no segundo trimestre, demonstrando o bom momento de neg\u00f3cios do Grupo.<\/p>\n\n\n\n<p>A <strong>margem operacional<\/strong>* \u00e9 de \u20ac1.042 milh\u00f5es, ou 12,0% das receitas, um aumento de 28% ou 120 pontos-base ano-a-ano.<\/p>\n\n\n\n<p><strong>Outras receitas e despesas operacionais<\/strong> representam uma despesa l\u00edquida de \u20ac230 milh\u00f5es, uma redu\u00e7\u00e3o de \u20ac11 milh\u00f5es em rela\u00e7\u00e3o ao ano anterior.<\/p>\n\n\n\n<p>O <strong>lucro operacional<\/strong> da Capgemini \u00e9, portanto, +41% para \u20ac812 milh\u00f5es, ou 9,3% das receitas.<\/p>\n\n\n\n<p>A <strong>despesa financeira l\u00edquida<\/strong> \u00e9 de \u20ac85 milh\u00f5es, um aumento de \u20ac21 milh\u00f5es no primeiro semestre de 2020 com a aquisi\u00e7\u00e3o da Altran.<\/p>\n\n\n\n<p>A <strong>despesa com imposto de renda<\/strong> \u00e9 de \u20ac282 milh\u00f5es e inclui gastos fiscais excepcionais\u00b3 de \u20ac56 milh\u00f5es, em compara\u00e7\u00e3o com \u20ac26 milh\u00f5es no ano passado. Ajustado por essas despesas, a taxa efetiva de imposto \u00e9 de 31,0%, em compara\u00e7\u00e3o com 34,6% no primeiro semestre de 2020 e 33,0% no ano fiscal de 2020.<\/p>\n\n\n\n<p><strong>O lucro l\u00edquido (participa\u00e7\u00e3o do Grupo)<\/strong> aumentou 42% ano-a-ano para \u20ac443 milh\u00f5es nos primeiros seis meses de 2021. <strong>O lucro b\u00e1sico por a\u00e7\u00e3o<\/strong> aumentou 42% ano-a-ano para \u20ac2,63, enquanto o <strong>lucro normalizado por a\u00e7\u00e3o<\/strong>* aumentou 28% para \u20ac3,58. O lucro normalizado por a\u00e7\u00e3o ajustado para despesas fiscais excepcionais aumentou 32% para \u20ac3,91.<\/p>\n\n\n\n<p>O Grupo gerou <strong>fluxo de caixa livre org\u00e2nico<\/strong>* de \u20ac429 milh\u00f5es, em compara\u00e7\u00e3o com \u20ac106 milh\u00f5es no mesmo per\u00edodo em 2020.<\/p>\n\n\n\n<p>O retorno aos acionistas totalizou \u20ac329 milh\u00f5es no primeiro semestre de 2021, correspondendo ao pagamento de dividendos (\u20ac 1,95 por a\u00e7\u00e3o). Al\u00e9m disso, o Grupo desembolsou um montante l\u00edquido de \u20ac70 milh\u00f5es em transa\u00e7\u00f5es externas de crescimento durante o per\u00edodo.<\/p>\n\n\n\n<p><strong>Opera\u00e7\u00e3o por regi\u00e3o<\/strong><\/p>\n\n\n\n<p>As mudan\u00e7as no escopo do Grupo tiveram um impacto significativo no primeiro trimestre de 2021 (+22,5 pontos no n\u00edvel do Grupo), principalmente devido \u00e0 aquisi\u00e7\u00e3o da Altran, consolidada a partir de 1 de abril de 2020.<\/p>\n\n\n\n<p>Dado o impacto muito limitado das mudan\u00e7as de escopo no segundo trimestre (-0,5 pontos no n\u00edvel do Grupo, devido \u00e0 aliena\u00e7\u00e3o da Odigo em 30 de dezembro de 2020), as taxas de crescimento de moeda constante s\u00e3o muito mais representativas do que tend\u00eancias org\u00e2nicas subjacentes (ou seja, no escopo constante do Grupo e taxas de c\u00e2mbio).<\/p>\n\n\n\n<ul class=\"wp-block-list\">\n<li><strong>2\u00ba trimestre de 2021:<\/strong><\/li>\n<\/ul>\n\n\n\n<p>O crescimento org\u00e2nico em todas as regi\u00f5es do Grupo aumentou significativamente no primeiro trimestre de 2021. Em particular, a Fran\u00e7a registrou a acelera\u00e7\u00e3o mais r\u00e1pida, relatando um crescimento org\u00e2nico no segundo trimestre bem acima de 10%. Esta acelera\u00e7\u00e3o tamb\u00e9m \u00e9 vis\u00edvel em todos os setores do Grupo, mas especialmente naqueles fortemente atingidos pela crise da sa\u00fade: Bens de Consumo, Servi\u00e7os (incluindo transporte, hotelaria e restaura\u00e7\u00e3o) e Manufatura. O \u00faltimo setor teve uma forte recupera\u00e7\u00e3o, retornando no segundo trimestre a um n\u00edvel de atividade compar\u00e1vel ao per\u00edodo pr\u00e9-crise, assim como o setor de bens de consumo no primeiro trimestre.<\/p>\n\n\n\n<p>Com taxas de c\u00e2mbio constantes, as regi\u00f5es do Resto da Europa (Pa\u00edses fora da UE \u2013 31% das receitas do Grupo), Reino Unido e Irlanda (12% das receitas do Grupo) e \u00c1sia-Pac\u00edfico e Am\u00e9rica Latina (7% das receitas do Grupo) cresceram significativamente acima de 10%, enquanto a Fran\u00e7a (21% das receitas do Grupo) e a Am\u00e9rica do Norte (29% das receitas do Grupo) relataram um alto crescimento de um d\u00edgito.<\/p>\n\n\n\n<p>Essas tend\u00eancias regionais foram relativamente alimentadas pelas setoriais globais. Com taxas de c\u00e2mbio constantes, o alto crescimento de dois d\u00edgitos em <strong>Bens de Consumo<\/strong> (13% das receitas do Grupo), <strong>Manufatura<\/strong>(25% das receitas do Grupo, tamb\u00e9m incluindo Ci\u00eancias da Vida), <strong>Servi\u00e7os<\/strong> (5% das receitas do Grupo) e <strong>Setor P\u00fablico<\/strong> (14 % das receitas do Grupo). Em seguida vieram os <strong>Servi\u00e7os Financeiros<\/strong> (22% das receitas do Grupo) e o setor de <strong>TMT<\/strong> (Telecom, M\u00eddia e Tecnologia, 13% das receitas do Grupo). Apenas o panorama do setor de <strong>Energia e Servi\u00e7os P\u00fablicos<\/strong> (8% das receitas do Grupo) ficou significativamente aqu\u00e9m do resto do Grupo.<\/p>\n\n\n\n<ul class=\"wp-block-list\">\n<li><strong>Primeiro semestre de 2021:<\/strong><\/li>\n<\/ul>\n\n\n\n<p>Dada a magnitude da acelera\u00e7\u00e3o do segundo trimestre, as tend\u00eancias de atividade detalhadas acima tamb\u00e9m se aplicam a todo o semestre. Todas as regi\u00f5es do Grupo relataram taxas de crescimento de dois d\u00edgitos ano-a-ano, a taxas de c\u00e2mbio constantes. Este desempenho leva em considera\u00e7\u00e3o o impacto da consolida\u00e7\u00e3o da Altran, que, no entanto, est\u00e1 limitada ao primeiro trimestre, conforme explicado acima.<\/p>\n\n\n\n<p>As receitas na <strong>Am\u00e9rica do Norte<\/strong>, portanto, cresceram +12,3% a taxas de c\u00e2mbio constantes, projetadas principalmente pelo impulso org\u00e2nico subjacente dos setores de Bens de Consumo e Manufatura. A taxa de margem operacional melhorou ainda mais para 15,7%, de 14,4% no primeiro semestre de 2020.<\/p>\n\n\n\n<p>O dinamismo foi ainda mais forte na regi\u00e3o do <strong>Reino Unido e Irlanda<\/strong>, com um crescimento da atividade de +18,5% a c\u00e2mbio constante. O crescimento org\u00e2nico do Setor P\u00fablico e Servi\u00e7os Financeiros permaneceu din\u00e2mico no semestre, com Bens de Consumo acelerando de forma constante. A margem operacional atingiu um n\u00edvel recorde de 17,6%, em compara\u00e7\u00e3o com 14,3% um ano antes.<\/p>\n\n\n\n<p>As receitas da <strong>Fran\u00e7a<\/strong> cresceram +16,2% a c\u00e2mbio constante. O Setor P\u00fablico e os Bens de Consumo foram os que mais contribu\u00edram para o crescimento org\u00e2nico no per\u00edodo, enquanto a Ind\u00fastria da Manufatura encerrou o per\u00edodo com forte dinamismo. A margem operacional melhorou 60 pontos base ano-a-ano para 7,5%.<\/p>\n\n\n\n<p>A regi\u00e3o do <strong>Resto da Europa<\/strong> cresceu +23,7% a c\u00e2mbio constante. Os setores de manufatura, bens de consumo e TMT relataram a tend\u00eancia org\u00e2nica mais forte. A margem operacional aumentou significativamente para 11,5% de 10,2% um ano atr\u00e1s.<\/p>\n\n\n\n<p>Finalmente, a regi\u00e3o da <strong>\u00c1sia-Pac\u00edfico e Am\u00e9rica Latina<\/strong> relatou um crescimento de receita de +21,3% a taxas de c\u00e2mbio constantes. Organicamente, os setores de Servi\u00e7os Financeiros, Bens de Consumo, TMT e Manufatura relataram um crescimento de dois d\u00edgitos. A regi\u00e3o relatou um aumento de 2 pontos em sua margem operacional para 12,5%, de 10,5% no primeiro semestre de 2020.<\/p>\n\n\n\n<p><strong>Opera\u00e7\u00f5es por neg\u00f3cios<\/strong><\/p>\n\n\n\n<p>Todas as linhas de neg\u00f3cios do Grupo tamb\u00e9m mostraram um aumento adicional no crescimento org\u00e2nico da receita total* em compara\u00e7\u00e3o com o primeiro trimestre. Em particular, o crescimento org\u00e2nico teve um forte aumento de dois d\u00edgitos em servi\u00e7os de <strong>Estrat\u00e9gia e Transforma\u00e7\u00e3o<\/strong> (8% das receitas do Grupo) e servi\u00e7os de <strong>Aplicativos e Tecnologia<\/strong> (61% das receitas do Grupo e core business da Capgemini), mas tamb\u00e9m em servi\u00e7os de Engenharia, que tiveram um retorno robusto ao crescimento, com n\u00edveis de atividade durante o segundo trimestre compar\u00e1veis \u200b\u200bcom o per\u00edodo pr\u00e9-crise. Este excelente desempenho, combinado com um forte crescimento org\u00e2nico em servi\u00e7os de infraestrutura e nuvem, bem como em servi\u00e7os empresariais (antes do impacto do desinvestimento da Odigo), trouxe o crescimento org\u00e2nico em servi\u00e7os de <strong>Opera\u00e7\u00f5es e Engenharia<\/strong> (31% das receitas do Grupo) para +10%, em compara\u00e7\u00e3o com 7,7% a taxas de c\u00e2mbio constantes.<\/p>\n\n\n\n<ul class=\"wp-block-list\">\n<li><strong>H1 2021:<\/strong><\/li>\n<\/ul>\n\n\n\n<p>Para todo o primeiro semestre e com o c\u00e2mbio constante, os servi\u00e7os de consultoria em <strong>Estrat\u00e9gia e Transforma\u00e7\u00e3o<\/strong> registraram um aumento de +27,3% nas receitas totais. A receita total de <strong>Aplicativos e Tecnologia<\/strong> aumentou +10,1%. Por fim, as receitas totais de <strong>Opera\u00e7\u00f5es e Engenharia<\/strong> cresceram +33,6% a taxas de c\u00e2mbio constantes com o impacto no primeiro trimestre da consolida\u00e7\u00e3o da Altran, que fornece principalmente servi\u00e7os de Engenharia.<\/p>\n\n\n\n<p><strong>Total de funcion\u00e1rios<\/strong><\/p>\n\n\n\n<p>Em 30 de junho de 2021, o quadro de funcion\u00e1rios total do Grupo era de 289.500, +9,2% ano-a-ano, com 163.200 funcion\u00e1rios em centros externos (56% do quadro de funcion\u00e1rios total do Grupo, 3 pontos acima do que em 30 de junho de 2020).<\/p>\n\n\n\n<p><strong>Balan\u00e7o patrimonial<\/strong><\/p>\n\n\n\n<p>A estrutura do balan\u00e7o patrimonial da Capgemini estava relativamente inalterada no primeiro semestre de 2021.<\/p>\n\n\n\n<p>&nbsp;Em 30 de junho de 2021, o Grupo tinha caixa, equivalentes e ativos de gest\u00e3o de caixa de \u20ac2,9 bilh\u00f5es. Ap\u00f3s contabilizar empr\u00e9stimos de quase \u20ac7,8 bilh\u00f5es, a d\u00edvida l\u00edquida* da Capgemini \u00e9 de \u20ac4,8 bilh\u00f5es em 30 de junho de 2021, em compara\u00e7\u00e3o com \u20ac6,0 bilh\u00f5es em 30 de junho de 2020 e \u20ac4,9 bilh\u00f5es em 31 de dezembro de 2020.<\/p>\n\n\n\n<p><strong>Panorama<\/strong><\/p>\n\n\n\n<p>Dado a confirma\u00e7\u00e3o do impulso mais forte do que o esperado, o Grupo est\u00e1 aumentando todas as suas metas para o ano fiscal e agora tem como objetivo em 2021:<\/p>\n\n\n\n<ul class=\"wp-block-list\">\n<li>Crescimento em moeda constante de +12,0% para +13,0%, em vez de +7,0% para +9,0% anteriormente;<\/li>\n\n\n\n<li>Margem operacional de 12,5% a 12,7%, em vez de 12,2% a 12,4%;<\/li>\n\n\n\n<li>Fluxo de caixa livre org\u00e2nico acima de \u20ac1.500 milh\u00f5es, em compara\u00e7\u00e3o com \u20ac1.300 milh\u00f5es.<\/li>\n<\/ul>\n\n\n\n<p>A contribui\u00e7\u00e3o inorg\u00e2nica para o crescimento foi antecipada em 5,0 pontos (4,5 pontos anteriormente).<\/p>\n\n\n\n<p><strong>Confer\u00eancia de apresenta\u00e7\u00e3o<\/strong><\/p>\n\n\n\n<p>Aiman \u200b\u200bEzzat, CEO e Carole Ferrand, CFO, apresentaram este comunicado \u00e0 imprensa durante uma teleconfer\u00eancia em ingl\u00eas, realizada em 28 de julho, \u00e0s 7h, hor\u00e1rio de Paris (CET). A grava\u00e7\u00e3o estar\u00e1 dispon\u00edvel pelo per\u00edodo de um ano.<\/p>\n\n\n\n<p>Todos os documentos relacionados a esta publica\u00e7\u00e3o est\u00e3o dispon\u00edveis no site de investidores da Capgemini, no link <a href=\"https:\/\/investors.capgemini.com\/en\/\">https:\/\/investors.capgemini.com\/en\/<\/a>.<\/p>\n\n\n\n<p><strong>Calend\u00e1rio provis\u00f3rio<br><\/strong>28 de outubro de 2021 \u2013 Receitas do terceiro trimestre de 2021<br>14 de fevereiro de 2022 \u2013 Resultados do ano fiscal de 2021<br>28 de abril de 2022 \u2013 Receitas do primeiro trimestre de 2022<br>Assembleia Geral \u2013 19 de maio de 2022<\/p>\n\n\n\n<p><strong>Aviso legal<\/strong><\/p>\n\n\n\n<p>Este comunicado \u00e0 imprensa pode conter declara\u00e7\u00f5es prospectivas. Essas declara\u00e7\u00f5es podem incluir proje\u00e7\u00f5es, estimativas, suposi\u00e7\u00f5es, declara\u00e7\u00f5es sobre planos, objetivos, inten\u00e7\u00f5es e\/ou expectativas com rela\u00e7\u00e3o a resultados financeiros futuros, eventos, opera\u00e7\u00f5es e servi\u00e7os e desenvolvimento de produtos, bem como declara\u00e7\u00f5es sobre desempenho ou eventos futuros. As declara\u00e7\u00f5es prospectivas s\u00e3o geralmente identificadas pelas palavras \u201cespera\u201d, \u201cantecipa\u201d, \u201cacredita\u201d, \u201cpretende\u201d, \u201cestima\u201d, \u201cplaneja\u201d, \u201cprojeta\u201d, \u201cpode\u201d, \u201cfaria\u201d, \u201cdeveria\u201d ou os negativos desses termos e express\u00f5es semelhantes. Embora a administra\u00e7\u00e3o da Capgemini atualmente acredite que as expectativas refletidas em tais declara\u00e7\u00f5es prospectivas sejam razo\u00e1veis, os investidores s\u00e3o advertidos de que as declara\u00e7\u00f5es prospectivas est\u00e3o sujeitas a v\u00e1rios riscos e incertezas (incluindo, sem limita\u00e7\u00e3o, riscos identificados no Documento de Registro Universal da Capgemini dispon\u00edvel no site da Capgemini \u2013 tradu\u00e7\u00e3o livre para \u201cUniversal Registration Document\u201d), porque se referem a eventos futuros e dependem de circunst\u00e2ncias futuras que podem ou n\u00e3o ocorrer e podem ser diferentes das antecipadas, muitas das quais s\u00e3o dif\u00edceis de prever e geralmente est\u00e3o fora do controle da Capgemini. Os resultados e desenvolvimentos reais podem diferir materialmente daqueles expressos, impl\u00edcitos ou projetados por declara\u00e7\u00f5es prospectivas. As declara\u00e7\u00f5es prospectivas n\u00e3o t\u00eam como objetivo e n\u00e3o oferecem nenhuma garantia ou conforto quanto a eventos ou resultados futuros. Exceto conforme exigido pela legisla\u00e7\u00e3o aplic\u00e1vel, a Capgemini n\u00e3o assume qualquer obriga\u00e7\u00e3o de atualizar ou revisar qualquer declara\u00e7\u00e3o prospectiva.<\/p>\n\n\n\n<p>Este comunicado \u00e0 imprensa n\u00e3o cont\u00e9m ou constitui uma oferta de valores mobili\u00e1rios para venda ou um convite ou incentivo para investir em valores mobili\u00e1rios na Fran\u00e7a, nos Estados Unidos ou em qualquer outra jurisdi\u00e7\u00e3o.<\/p>\n\n\n\n<p>*Os termos e medidas alternativas de desempenho marcados com um (*) s\u00e3o definidos e\/ou reconciliados no <a href=\"https:\/\/www.capgemini.com\/news\/capgemini-raises-all-its-financial-targets-for-2021-building-on-its-strong-growth-momentum\/\">ap\u00eandice<\/a> deste comunicado \u00e0 imprensa.<\/p>\n\n\n\n<p>\u00b9Os procedimentos de revis\u00e3o limitada sobre as demonstra\u00e7\u00f5es financeiras consolidadas intermedi\u00e1rias foram conclu\u00eddos. Os auditores est\u00e3o em processo de emiss\u00e3o de seu relat\u00f3rio.<\/p>\n\n\n\n<p>\u00b2\u00c2mbito do grupo excluindo a Altran.<\/p>\n\n\n<div class=\"wp-block-cg-blocks-cg-block-related-content\"><section class=\"relatedContentBlock\"><div class=\"container\"><div class=\"row\"><div class=\"content-title col-12 col-md-8\"><h2 class=\"related-content-heading\">Related News<\/h2><\/div><\/div><div class=\"row relatedContent\"><div class=\"col-lg-4 col-md-6 col-xs-12\">\n\t\t\t\t\t\t\t<div class=\"box\">\n\t\t\t\t\t\t\t\t<a aria-label=\"Leia mais sobre Capgemini apresenta o Google Cloud AI Enterprise Hub para acelerar a transforma\u00e7\u00e3o empresarial da IA Ag\u00eantica\" href=\"https:\/\/www.capgemini.com\/br-pt\/noticias\/press-release\/capgemini-apresenta-o-google-cloud-ai-enterprise-hub-para-acelerar-a-transformacao-empresarial-da-ia-agentica\/\" class=\"anchorWrapper\">\n\t\t\t\t\t\t\t\t\t<span class=\"box-tag\"><span>Corporate news<\/span><\/span>\n\t\t\t\t\t\t\t\t\t<div class=\"box-title\"><h3 class=\"box-subtitle\">Capgemini apresenta o Google Cloud AI Enterprise Hub para acelerar a transforma\u00e7\u00e3o empresarial da IA Ag\u00eantica<\/h3><\/div>\n\t\t\t\t\t\t\t\t\t<div class=\"box-date\">\n\t\t\t\t\t\t\t\t\t\t<span>Apr 24, 2026<\/span>\n\t\t\t\t\t\t\t\t\t<\/div>\n\t\t\t\t\t\t\t\t\t<div class=\"box-bottom\">\n\t\t\t\t\t\t\t\t\t\t&lt;a class=&quot;link-download&quot; href=&quot;https:\/\/www.capgemini.com\/br-pt\/wp-content\/uploads\/sites\/12\/2026\/04\/PR-PORT_Google-Cloud-AI-Enterprise-Hub-23Abr2026.docx.pdf&quot; aria-label=&quot;Baixar comunicado de imprensa&quot; target=&quot;_blank&quot;  type=&quot;download&quot; title=&quot;Opens in a new window&quot;&gt;\n\t\t\t\t\t\t\t&lt;span&gt;Baixar comunicado de imprensa&lt;\/span&gt;\n\t\t\t\t\t\t\t&lt;span&gt;243 KB PDF&lt;\/span&gt;\n\t\t\t\t\t\t&lt;\/a&gt;\n\t\t\t\t\t\t\t\t\t\t<a class=\"more\" aria-label=\"Leia mais sobre Capgemini apresenta o Google Cloud AI Enterprise Hub para acelerar a transforma\u00e7\u00e3o empresarial da IA Ag\u00eantica\" href=\"https:\/\/www.capgemini.com\/br-pt\/noticias\/press-release\/capgemini-apresenta-o-google-cloud-ai-enterprise-hub-para-acelerar-a-transformacao-empresarial-da-ia-agentica\/\">Leia mais sobre<\/a>\n\t\t\t\t\t\t\t\t\t<\/div>\n\t\t\t\t\t\t\t\t<\/a>\n\t\t\t\t\t\t\t<\/div>\n\t\t\t\t\t\t<\/div><div class=\"col-lg-4 col-md-6 col-xs-12\">\n\t\t\t\t\t\t\t<div class=\"box\">\n\t\t\t\t\t\t\t\t<a aria-label=\"Leia mais sobre Resultados completo do ano de 2025\" href=\"https:\/\/www.capgemini.com\/br-pt\/noticias\/press-release\/resultados-completo-do-ano-de-2025\/\" class=\"anchorWrapper\">\n\t\t\t\t\t\t\t\t\t<span class=\"box-tag\"><span>Financial news<\/span><\/span>\n\t\t\t\t\t\t\t\t\t<div class=\"box-title\"><h3 class=\"box-subtitle\">Resultados completo do ano de 2025<\/h3><\/div>\n\t\t\t\t\t\t\t\t\t<div class=\"box-date\">\n\t\t\t\t\t\t\t\t\t\t<span>Mar 18, 2026<\/span>\n\t\t\t\t\t\t\t\t\t<\/div>\n\t\t\t\t\t\t\t\t\t<div class=\"box-bottom\">\n\t\t\t\t\t\t\t\t\t\t&lt;a class=&quot;link-download&quot; href=&quot;https:\/\/www.capgemini.com\/wp-content\/uploads\/2026\/02\/Capgemini_-_2026-02-13-_-2025_Annual_Results.pdf&quot; aria-label=&quot;Baixar comunicado de imprensa&quot; target=&quot;_blank&quot;  type=&quot;download&quot; title=&quot;Opens in a new window&quot;&gt;\n\t\t\t\t\t\t\t&lt;span&gt;Baixar comunicado de imprensa&lt;\/span&gt;\n\t\t\t\t\t\t\t&lt;span&gt;309 KB PDF&lt;\/span&gt;\n\t\t\t\t\t\t&lt;\/a&gt;\n\t\t\t\t\t\t\t\t\t\t<a class=\"more\" aria-label=\"Leia mais sobre Resultados completo do ano de 2025\" href=\"https:\/\/www.capgemini.com\/br-pt\/noticias\/press-release\/resultados-completo-do-ano-de-2025\/\">Leia mais sobre<\/a>\n\t\t\t\t\t\t\t\t\t<\/div>\n\t\t\t\t\t\t\t\t<\/a>\n\t\t\t\t\t\t\t<\/div>\n\t\t\t\t\t\t<\/div><div class=\"col-lg-4 col-md-6 col-xs-12\">\n\t\t\t\t\t\t\t<div class=\"box\">\n\t\t\t\t\t\t\t\t<a aria-label=\"Leia mais sobre Capgemini ir\u00e1 adquirir a Piterion, l\u00edder em gest\u00e3o de ciclo de vida de produtos e digitaliza\u00e7\u00e3o industrial\" href=\"https:\/\/www.capgemini.com\/br-pt\/noticias\/press-release\/capgemini-ira-adquirir-a-piterion-lider-em-gestao-de-ciclo-de-vida-de-produtos-e-digitalizacao-industrial\/\" class=\"anchorWrapper\">\n\t\t\t\t\t\t\t\t\t<span class=\"box-tag\"><span>Corporate news<\/span><\/span>\n\t\t\t\t\t\t\t\t\t<div class=\"box-title\"><h3 class=\"box-subtitle\">Capgemini ir\u00e1 adquirir a Piterion, l\u00edder em gest\u00e3o de ciclo de vida de produtos e digitaliza\u00e7\u00e3o industrial<\/h3><\/div>\n\t\t\t\t\t\t\t\t\t<div class=\"box-date\">\n\t\t\t\t\t\t\t\t\t\t<span>Mar 12, 2026<\/span>\n\t\t\t\t\t\t\t\t\t<\/div>\n\t\t\t\t\t\t\t\t\t<div class=\"box-bottom\">\n\t\t\t\t\t\t\t\t\t\t&lt;a class=&quot;link-download&quot; href=&quot;https:\/\/www.capgemini.com\/br-pt\/wp-content\/uploads\/sites\/12\/2026\/03\/PR-PORT_Piterion-acquisition-09Mar2026.pdf&quot; aria-label=&quot;Baixar comunicado de imprensa&quot; target=&quot;_blank&quot;  type=&quot;download&quot; title=&quot;Opens in a new window&quot;&gt;\n\t\t\t\t\t\t\t&lt;span&gt;Baixar comunicado de imprensa&lt;\/span&gt;\n\t\t\t\t\t\t\t&lt;span&gt;231 KB PDF&lt;\/span&gt;\n\t\t\t\t\t\t&lt;\/a&gt;\n\t\t\t\t\t\t\t\t\t\t<a class=\"more\" aria-label=\"Leia mais sobre Capgemini ir\u00e1 adquirir a Piterion, l\u00edder em gest\u00e3o de ciclo de vida de produtos e digitaliza\u00e7\u00e3o industrial\" href=\"https:\/\/www.capgemini.com\/br-pt\/noticias\/press-release\/capgemini-ira-adquirir-a-piterion-lider-em-gestao-de-ciclo-de-vida-de-produtos-e-digitalizacao-industrial\/\">Leia mais sobre<\/a>\n\t\t\t\t\t\t\t\t\t<\/div>\n\t\t\t\t\t\t\t\t<\/a>\n\t\t\t\t\t\t\t<\/div>\n\t\t\t\t\t\t<\/div><\/div><\/div><\/section><\/div><\/div><\/div><\/div><\/div><\/div><\/section>\n","protected":false},"excerpt":{"rendered":"","protected":false},"author":563,"featured_media":0,"template":"","meta":{"cg_dt_proposed_to":[],"cg_seo_hreflang_relations":"[]","cg_seo_canonical_relation":"","cg_seo_hreflang_x_default_relation":"{\"uuid\":\"32c250cc-36af-4d11-b4eb-3ce94e06e325\",\"blogId\":\"\",\"domain\":\"\",\"sitePath\":\"\",\"postLink\":\"\",\"postId\":null,\"isSaved\":false,\"isCrossLink\":false,\"hasCrossLink\":false}","cg_dt_approved_content":true,"cg_dt_mandatory_content":false,"cg_dt_notes":"","cg_dg_source_changed":false,"cg_dt_link_disabled":false,"footnotes":"","related_resource_url":"","related_resource_id":0,"related_resource_size":"","related_resource_type":"","cg_author":0,"featured_focal_points":""},"tags":[],"press-release-type":[],"brand":[],"class_list":["post-1601","press-release","type-press-release","status-publish","hentry"],"yoast_head":"<!-- This site is optimized with the Yoast SEO Premium plugin v22.8 (Yoast SEO v22.8) - https:\/\/yoast.com\/wordpress\/plugins\/seo\/ -->\n<title>Capgemini eleva todas as suas metas financeiras para 2021 com base em seu forte impulso de crescimento - Capgemini Brasil<\/title>\n<meta name=\"robots\" content=\"index, follow, max-snippet:-1, max-image-preview:large, max-video-preview:-1\" \/>\n<link rel=\"canonical\" href=\"https:\/\/www.capgemini.com\/br-pt\/noticias\/press-release\/capgemini-eleva-todas-as-suas-metas-financeiras-para-2021-com-base-em-seu-forte-impulso-de-crescimento\/\" \/>\n<meta property=\"og:locale\" content=\"pt_BR\" \/>\n<meta property=\"og:type\" content=\"article\" \/>\n<meta property=\"og:title\" content=\"Capgemini eleva todas as suas metas financeiras para 2021 com base em seu forte impulso de crescimento\" \/>\n<meta property=\"og:url\" content=\"https:\/\/www.capgemini.com\/br-pt\/noticias\/press-release\/capgemini-eleva-todas-as-suas-metas-financeiras-para-2021-com-base-em-seu-forte-impulso-de-crescimento\/\" \/>\n<meta property=\"og:site_name\" content=\"Capgemini Brasil\" \/>\n<meta property=\"article:modified_time\" content=\"2025-03-26T06:09:45+00:00\" \/>\n<meta property=\"og:image\" content=\"https:\/\/www.capgemini.com\/br-pt\/wp-content\/uploads\/sites\/12\/2025\/10\/New-Web-preview-global.jpg\" \/>\n\t<meta property=\"og:image:width\" content=\"1200\" \/>\n\t<meta property=\"og:image:height\" content=\"627\" \/>\n\t<meta property=\"og:image:type\" content=\"image\/jpeg\" \/>\n<meta name=\"twitter:card\" content=\"summary_large_image\" \/>\n<meta name=\"twitter:label1\" content=\"Est. reading time\" \/>\n\t<meta name=\"twitter:data1\" content=\"12 minutes\" \/>\n<script type=\"application\/ld+json\" class=\"yoast-schema-graph\">{\"@context\":\"https:\/\/schema.org\",\"@graph\":[{\"@type\":\"WebPage\",\"@id\":\"https:\/\/www.capgemini.com\/br-pt\/noticias\/press-release\/capgemini-eleva-todas-as-suas-metas-financeiras-para-2021-com-base-em-seu-forte-impulso-de-crescimento\/\",\"url\":\"https:\/\/www.capgemini.com\/br-pt\/noticias\/press-release\/capgemini-eleva-todas-as-suas-metas-financeiras-para-2021-com-base-em-seu-forte-impulso-de-crescimento\/\",\"name\":\"Capgemini eleva todas as suas metas financeiras para 2021 com base em seu forte impulso de crescimento - Capgemini Brasil\",\"isPartOf\":{\"@id\":\"https:\/\/www.capgemini.com\/br-pt\/#website\"},\"datePublished\":\"2021-08-12T14:46:00+00:00\",\"dateModified\":\"2025-03-26T06:09:45+00:00\",\"breadcrumb\":{\"@id\":\"https:\/\/www.capgemini.com\/br-pt\/noticias\/press-release\/capgemini-eleva-todas-as-suas-metas-financeiras-para-2021-com-base-em-seu-forte-impulso-de-crescimento\/#breadcrumb\"},\"inLanguage\":\"pt-BR\",\"potentialAction\":[{\"@type\":\"ReadAction\",\"target\":[\"https:\/\/www.capgemini.com\/br-pt\/noticias\/press-release\/capgemini-eleva-todas-as-suas-metas-financeiras-para-2021-com-base-em-seu-forte-impulso-de-crescimento\/\"]}]},{\"@type\":\"BreadcrumbList\",\"@id\":\"https:\/\/www.capgemini.com\/br-pt\/noticias\/press-release\/capgemini-eleva-todas-as-suas-metas-financeiras-para-2021-com-base-em-seu-forte-impulso-de-crescimento\/#breadcrumb\",\"itemListElement\":[{\"@type\":\"ListItem\",\"position\":1,\"name\":\"Home\",\"item\":\"https:\/\/www.capgemini.com\/br-pt\/\"},{\"@type\":\"ListItem\",\"position\":2,\"name\":\"Press Releases\",\"item\":\"https:\/\/www.capgemini.com\/br-pt\/news\/\"},{\"@type\":\"ListItem\",\"position\":3,\"name\":\"Capgemini eleva todas as suas metas financeiras para 2021 com base em seu forte impulso de crescimento\"}]},{\"@type\":\"WebSite\",\"@id\":\"https:\/\/www.capgemini.com\/br-pt\/#website\",\"url\":\"https:\/\/www.capgemini.com\/br-pt\/\",\"name\":\"Capgemini Brasil\",\"description\":\"Capgemini\",\"potentialAction\":[{\"@type\":\"SearchAction\",\"target\":{\"@type\":\"EntryPoint\",\"urlTemplate\":\"https:\/\/www.capgemini.com\/br-pt\/?s={search_term_string}\"},\"query-input\":\"required name=search_term_string\"}],\"inLanguage\":\"pt-BR\"}]}<\/script>\n<!-- \/ Yoast SEO Premium plugin. -->","yoast_head_json":{"title":"Capgemini eleva todas as suas metas financeiras para 2021 com base em seu forte impulso de crescimento - Capgemini Brasil","robots":{"index":"index","follow":"follow","max-snippet":"max-snippet:-1","max-image-preview":"max-image-preview:large","max-video-preview":"max-video-preview:-1"},"canonical":"https:\/\/www.capgemini.com\/br-pt\/noticias\/press-release\/capgemini-eleva-todas-as-suas-metas-financeiras-para-2021-com-base-em-seu-forte-impulso-de-crescimento\/","og_locale":"pt_BR","og_type":"article","og_title":"Capgemini eleva todas as suas metas financeiras para 2021 com base em seu forte impulso de crescimento","og_url":"https:\/\/www.capgemini.com\/br-pt\/noticias\/press-release\/capgemini-eleva-todas-as-suas-metas-financeiras-para-2021-com-base-em-seu-forte-impulso-de-crescimento\/","og_site_name":"Capgemini Brasil","article_modified_time":"2025-03-26T06:09:45+00:00","og_image":[{"width":1200,"height":627,"url":"https:\/\/www.capgemini.com\/br-pt\/wp-content\/uploads\/sites\/12\/2025\/10\/New-Web-preview-global.jpg","type":"image\/jpeg"}],"twitter_card":"summary_large_image","twitter_misc":{"Est. reading time":"12 minutes"},"schema":{"@context":"https:\/\/schema.org","@graph":[{"@type":"WebPage","@id":"https:\/\/www.capgemini.com\/br-pt\/noticias\/press-release\/capgemini-eleva-todas-as-suas-metas-financeiras-para-2021-com-base-em-seu-forte-impulso-de-crescimento\/","url":"https:\/\/www.capgemini.com\/br-pt\/noticias\/press-release\/capgemini-eleva-todas-as-suas-metas-financeiras-para-2021-com-base-em-seu-forte-impulso-de-crescimento\/","name":"Capgemini eleva todas as suas metas financeiras para 2021 com base em seu forte impulso de crescimento - Capgemini Brasil","isPartOf":{"@id":"https:\/\/www.capgemini.com\/br-pt\/#website"},"datePublished":"2021-08-12T14:46:00+00:00","dateModified":"2025-03-26T06:09:45+00:00","breadcrumb":{"@id":"https:\/\/www.capgemini.com\/br-pt\/noticias\/press-release\/capgemini-eleva-todas-as-suas-metas-financeiras-para-2021-com-base-em-seu-forte-impulso-de-crescimento\/#breadcrumb"},"inLanguage":"pt-BR","potentialAction":[{"@type":"ReadAction","target":["https:\/\/www.capgemini.com\/br-pt\/noticias\/press-release\/capgemini-eleva-todas-as-suas-metas-financeiras-para-2021-com-base-em-seu-forte-impulso-de-crescimento\/"]}]},{"@type":"BreadcrumbList","@id":"https:\/\/www.capgemini.com\/br-pt\/noticias\/press-release\/capgemini-eleva-todas-as-suas-metas-financeiras-para-2021-com-base-em-seu-forte-impulso-de-crescimento\/#breadcrumb","itemListElement":[{"@type":"ListItem","position":1,"name":"Home","item":"https:\/\/www.capgemini.com\/br-pt\/"},{"@type":"ListItem","position":2,"name":"Press Releases","item":"https:\/\/www.capgemini.com\/br-pt\/news\/"},{"@type":"ListItem","position":3,"name":"Capgemini eleva todas as suas metas financeiras para 2021 com base em seu forte impulso de crescimento"}]},{"@type":"WebSite","@id":"https:\/\/www.capgemini.com\/br-pt\/#website","url":"https:\/\/www.capgemini.com\/br-pt\/","name":"Capgemini Brasil","description":"Capgemini","potentialAction":[{"@type":"SearchAction","target":{"@type":"EntryPoint","urlTemplate":"https:\/\/www.capgemini.com\/br-pt\/?s={search_term_string}"},"query-input":"required name=search_term_string"}],"inLanguage":"pt-BR"}]}},"parsely":{"version":"1.1.0","canonical_url":"https:\/\/capgemini.com\/br-pt\/noticias\/press-release\/capgemini-eleva-todas-as-suas-metas-financeiras-para-2021-com-base-em-seu-forte-impulso-de-crescimento\/","smart_links":{"inbound":0,"outbound":0},"traffic_boost_suggestions_count":0,"meta":{"@context":"https:\/\/schema.org","@type":"NewsArticle","headline":"Capgemini eleva todas as suas metas financeiras para 2021 com base em seu forte impulso de crescimento","url":"https:\/\/www.capgemini.com\/br-pt\/noticias\/press-release\/capgemini-eleva-todas-as-suas-metas-financeiras-para-2021-com-base-em-seu-forte-impulso-de-crescimento\/","mainEntityOfPage":{"@type":"WebPage","@id":"https:\/\/www.capgemini.com\/br-pt\/noticias\/press-release\/capgemini-eleva-todas-as-suas-metas-financeiras-para-2021-com-base-em-seu-forte-impulso-de-crescimento\/"},"thumbnailUrl":"","image":{"@type":"ImageObject","url":""},"articleSection":"Uncategorized","author":[],"creator":[],"publisher":{"@type":"Organization","name":"Capgemini Brasil","logo":""},"keywords":[],"dateCreated":"2021-08-12T14:46:00Z","datePublished":"2021-08-12T14:46:00Z","dateModified":"2025-03-26T06:09:45Z"},"rendered":"<meta name=\"parsely-title\" content=\"Capgemini eleva todas as suas metas financeiras para 2021 com base em seu forte impulso de crescimento\" \/>\n<meta name=\"parsely-link\" content=\"https:\/\/www.capgemini.com\/br-pt\/noticias\/press-release\/capgemini-eleva-todas-as-suas-metas-financeiras-para-2021-com-base-em-seu-forte-impulso-de-crescimento\/\" \/>\n<meta name=\"parsely-type\" content=\"post\" \/>\n<meta name=\"parsely-pub-date\" content=\"2021-08-12T14:46:00Z\" \/>\n<meta name=\"parsely-section\" content=\"Uncategorized\" \/>","tracker_url":"https:\/\/cdn.parsely.com\/keys\/capgemini.com\/p.js"},"archive_status":false,"featured_image_src":"https:\/\/www.capgemini.com\/br-pt\/wp-content\/themes\/capgemini2025\/assets\/images\/mockup.png","featured_image_alt":false,"distributor_meta":false,"distributor_terms":false,"distributor_media":false,"distributor_original_site_name":"Capgemini Brasil","distributor_original_site_url":"https:\/\/www.capgemini.com\/br-pt","push-errors":false,"tag_names":[],"_links":{"self":[{"href":"https:\/\/www.capgemini.com\/br-pt\/wp-json\/wp\/v2\/press-release\/1601","targetHints":{"allow":["GET"]}}],"collection":[{"href":"https:\/\/www.capgemini.com\/br-pt\/wp-json\/wp\/v2\/press-release"}],"about":[{"href":"https:\/\/www.capgemini.com\/br-pt\/wp-json\/wp\/v2\/types\/press-release"}],"author":[{"embeddable":true,"href":"https:\/\/www.capgemini.com\/br-pt\/wp-json\/wp\/v2\/users\/563"}],"version-history":[{"count":2,"href":"https:\/\/www.capgemini.com\/br-pt\/wp-json\/wp\/v2\/press-release\/1601\/revisions"}],"predecessor-version":[{"id":640403,"href":"https:\/\/www.capgemini.com\/br-pt\/wp-json\/wp\/v2\/press-release\/1601\/revisions\/640403"}],"wp:attachment":[{"href":"https:\/\/www.capgemini.com\/br-pt\/wp-json\/wp\/v2\/media?parent=1601"}],"wp:term":[{"taxonomy":"post_tag","embeddable":true,"href":"https:\/\/www.capgemini.com\/br-pt\/wp-json\/wp\/v2\/tags?post=1601"},{"taxonomy":"press-release-type","embeddable":true,"href":"https:\/\/www.capgemini.com\/br-pt\/wp-json\/wp\/v2\/press-release-type?post=1601"},{"taxonomy":"brand","embeddable":true,"href":"https:\/\/www.capgemini.com\/br-pt\/wp-json\/wp\/v2\/brand?post=1601"}],"curies":[{"name":"wp","href":"https:\/\/api.w.org\/{rel}","templated":true}]}}