{"id":633375,"date":"2023-06-29T16:32:00","date_gmt":"2023-06-29T16:32:00","guid":{"rendered":"https:\/\/www.capgemini.com\/br-pt\/?p=633375"},"modified":"2025-03-26T05:19:28","modified_gmt":"2025-03-26T05:19:28","slug":"bancos-aceleram-a-migracao-para-cloud","status":"publish","type":"post","link":"https:\/\/www.capgemini.com\/br-pt\/insights\/perspectivas-dos-especialistas\/bancos-aceleram-a-migracao-para-cloud\/","title":{"rendered":"Bancos aceleram a migra\u00e7\u00e3o para cloud"},"content":{"rendered":"\t\t<div class=\"wp-block-cg-blocks-hero-press-release\">\n\t\t\t<header class=\"header-hero-press-release\" role=\"main\" id=\"main-content-press-release\">\n\t\t\t\t<div class=\"container\">\n\t\t\t\t\t<div class=\"hero-press-release\">\n\t\t\t\t\t\t<div class=\"hero-press-release-content-wrapper\">\n\t\t\t\t\t\t\t<div class=\"row\">\n\t\t\t\t\t\t\t\t<div class=\"col-12\">\n\t\t\t\t\t\t\t\t\t<div class=\"header-title\">\n\t\t\t\t\t\t\t\t\t\t<h1>\n\t\t\t\t\t\t\t\t\t\t\tBancos aceleram a migra\u00e7\u00e3o para cloud\t\t\t\t\t\t\t\t\t\t<\/h1>\n\t\t\t\t\t\t\t\t\t<\/div>\n\t\t\t\t\t\t\t\t\t<div class=\"header-description\">\n\t\t\t\t\t\t\t\t\t\t<p><\/p>\n\t\t\t\t\t\t\t\t\t<\/div>\n\t\t\t\t\t\t\t\t\t\t\t\t\t\t\t\t\t\t<div class=\"header-date\">\n\t\t\t\t\t\t\t\t\t\t<span>jun. 29, 2023<\/span>\n\t\t\t\t\t\t\t\t\t<\/div>\n\t\t\t\t\t\t\t\t<\/div>\n\t\t\t\t\t\t\t<\/div>\n\t\t\t\t\t\t<\/div>\n\t\t\t\t\t\t\t\t\t\t\t\t\t\t\t\t\t<\/div>\n\t\t\t\t<\/div>\n\t\t\t<\/header>\n\t\t<\/div>\n\t\t\n\n\n<section class=\"wp-block-cg-blocks-group undefined section section--article-content\"><div class=\"article-main-content\"><div class=\"container\"><div class=\"row\"><div class=\"col-12 col-md-1\"><nav class=\"article-social\"><ul class=\"social-nav\"><li class=\"ip-order-fb\"><a href=\"https:\/\/www.facebook.com\/sharer\/sharer.php?=http:\/\/capgeminiucwe.develop\/?post_type=press-release&amp;p=179\" target=\"_blank\" rel=\"noopener noreferrer\" title=\"Abre em uma nova janela\"><i aria-hidden=\"true\" class=\"icon-fb\"><\/i><span class=\"sr-only\">Facebook<\/span><\/a><\/li><li class=\"ip-order-tw\"><a href=\"https:\/\/twitter.com\/intent\/tweet?=http:\/\/capgeminiucwe.develop\/?post_type=press-release&amp;p=179\" target=\"_blank\" rel=\"noopener noreferrer\" title=\"Abre em uma nova janela\"><i aria-hidden=\"true\" class=\"icon-tw\"><\/i><span class=\"sr-only\">Twitter<\/span><\/a><\/li><li class=\"ip-order-li\"><a href=\"https:\/\/www.linkedin.com\/shareArticle?=http:\/\/capgeminiucwe.develop\/?post_type=press-release&amp;p=179\" target=\"_blank\" rel=\"noopener noreferrer\" title=\"Abre em uma nova janela\"><i aria-hidden=\"true\" class=\"icon-li\"><\/i><span class=\"sr-only\">Linkedin<\/span><\/a><\/li><\/ul><\/nav><\/div><div class=\"col-12 col-md-11 col-lg-10\"><div class=\"article-text article-quote-text\">\n<h2 class=\"wp-block-heading\" id=\"h-executivos-compartilharam-estrategias-e-aprendizados-essenciais-para-tirar-proveito-da-nuvem-investimento-nao-e-apenas-em-tecnologia-mas-tambem-uma-mudanca-cultural\">Executivos compartilharam estrat\u00e9gias e aprendizados essenciais para tirar proveito da nuvem. Investimento n\u00e3o \u00e9 apenas em tecnologia, mas tamb\u00e9m uma mudan\u00e7a cultural.<\/h2>\n\n\n\n<p>A tecnologia tem papel fundamental para impulsionar o dia a dia dos bancos e promover a experi\u00eancia para o cliente. Nesse cen\u00e1rio, a atua\u00e7\u00e3o dos CIOs ganha cada vez mais protagonismo na estrat\u00e9gia das organiza\u00e7\u00f5es. No segundo dia do Febraban Tech 2023, um painel \u2013 com modera\u00e7\u00e3o de Marisa Reghini Ferreira Mattos, Vice-Presidente de Neg\u00f3cios Digitais e Tecnologia do Banco do Brasil \u2013, reuniu executivos dos principais bancos do pa\u00eds para discutir seu papel, oportunidades e temas quentes de tecnologia.&nbsp;<\/p>\n\n\n\n<p>Ricardo Guerra, CIO do Ita\u00fa Unibanco, falou sobre as habilidades importantes na fun\u00e7\u00e3o. \u201cSempre foi necess\u00e1rio ter dom\u00ednio t\u00e9cnico, mas hoje \u00e9 preciso estar ainda mais aberto para novos aprendizados, porque a tecnologia avan\u00e7a muito r\u00e1pido. Hoje \u00e9 diferente a forma de codificar e de trabalhar dados, por exemplo. \u00c9 preciso usar mais GPU do que CPU\u201d, afirmou.&nbsp;<\/p>\n\n\n\n<p>Outra mudan\u00e7a relevante que os profissionais de TI est\u00e3o passando \u00e9 a necessidade de estarem mais pr\u00f3ximos do cliente e aplicar os conhecimentos tecnol\u00f3gicos para resolver problemas de neg\u00f3cios.<\/p>\n\n\n\n<blockquote class=\"wp-block-quote is-layout-flow wp-block-quote-is-layout-flow\">\n<p> \u201cIsso n\u00e3o \u00e9 t\u00e3o \u00f3bvio. Antes o profissional de TI recebia um pedido e precisava fazer, mas hoje ele \u00e9 influenciador, \u00e9 l\u00edder para trabalhar em equipe e desenvolver os projetos. A cada ano aumenta a necessidade de incorporar novas skills, como compet\u00eancias de neg\u00f3cios\u201d, disse Guerra.<\/p>\n<\/blockquote>\n\n\n\n<p>Luis Bittencourt, CIO do Santander Brasil e CEO da F1RST Digital Services, concorda com essa mudan\u00e7a de perspectiva sobre a \u00e1rea de TI, que j\u00e1 foi considerada&nbsp; \u201ccommodity\u201d, mas hoje est\u00e1 no centro dos neg\u00f3cios das empresas.<\/p>\n\n\n\n<blockquote class=\"wp-block-quote is-layout-flow wp-block-quote-is-layout-flow\">\n<p> \u201cO CIO e toda lideran\u00e7a t\u00eam de ser habilitadores de todas as \u00e1reas de neg\u00f3cios, que n\u00e3o conseguem tra\u00e7ar estrat\u00e9gias e atender clientes sem tecnologia. Hoje tecnologia e neg\u00f3cios s\u00e3o uma coisa s\u00f3\u201d.&nbsp;<\/p>\n<\/blockquote>\n\n\n\n<p>J\u00e1 Edilson Reis, CIO e Diretor-Executivo do Bradesco, destacou a import\u00e2ncia de os executivos fomentarem a inova\u00e7\u00e3o e apontarem caminhos alternativos para a tecnologia encurtar prazos de entrega. \u201cFizemos uma pesquisa interna que mostrou que as diversas \u00e1reas da empresa esperam agilidade da \u00e1rea de tecnologia\u201d, afirmou.&nbsp;<\/p>\n\n\n\n<p>As quest\u00f5es de g\u00eanero tamb\u00e9m rondam com mais frequ\u00eancia a \u00e1rea de tecnologia. \u201cA participa\u00e7\u00e3o feminina no mercado de TI ainda \u00e9 muito pequena, mas h\u00e1 um movimento de expans\u00e3o nos \u00faltimos anos\u201d, disse Adriana Salgueiro, Vice-Presidente de Tecnologia e Digital da Caixa Econ\u00f4mica Federal. Para ela, as organiza\u00e7\u00f5es precisam avan\u00e7ar nas pol\u00edticas de diversidade e equidade de g\u00eanero para gerar mais oportunidades em posi\u00e7\u00f5es de lideran\u00e7a. \u00c9 preciso ter mais refer\u00eancias femininas \u2013 como as atuais presidentes da Caixa e do Banco do Brasil \u2013 para inspirar e incentivar as mulheres. \u201cEssa n\u00e3o \u00e9 uma luta individual, mas coletiva\u201d&nbsp;<\/p>\n\n\n\n<p><strong>Open Finance<\/strong><\/p>\n\n\n\n<p>Outro tema discutido entre os CIOs foi o Open Finance, que n\u00e3o tem sido um desafio trivial.&nbsp;<\/p>\n\n\n\n<blockquote class=\"wp-block-quote is-layout-flow wp-block-quote-is-layout-flow\">\n<p>\u201cEstamos superando as diversas etapas de implementa\u00e7\u00e3o. Mas \u00e9 um modelo completamente diferente do que est\u00e1vamos acostumados. Estamos conhecendo muito melhor o cliente e isso requer estrutura\u00e7\u00e3o de neg\u00f3cio e de tecnologia diferentes. O aprendizado leva tempo, mas o Open Finance veio para ficar\u201d, disse Ricardo Guerra, do Ita\u00fa.&nbsp;<\/p>\n<\/blockquote>\n\n\n\n<p>Reis, do Bradesco, contou que o principal desafio foi \u2013 e continua sendo \u2013&nbsp; tecnol\u00f3gico, especialmente em rela\u00e7\u00e3o \u00e0 interoperabilidade. \u201cMas estamos indo num caminho bom do ponto de vista da tecnologia\u201d, afirmou. Outro obst\u00e1culo a ser vencido \u00e9 mostrar claramente para o cliente os benef\u00edcios de compartilhar seus dados pessoais. \u201cIsso ainda n\u00e3o aconteceu. A taxa de renova\u00e7\u00e3o de consentimento no mercado ainda est\u00e1 em 4%. Precisamos encontrar o caminho para gerar valor para o cliente\u201d.<\/p>\n\n\n\n<p>Cloud \u00e9 outro tema desafiador para os executivos. Christian Flemming, CTO e COO do BTG Pactual, compartilhou a experi\u00eancia da empresa de criar um banco digital 100% na nuvem. Entre os desafios, disse o executivo, foi preciso uma \u201cvirada de chave\u201d de infraestrutura e desenvolvimento, seguran\u00e7a de dados e custos, que podem ser reduzidos desde que a nuvem seja usada com profici\u00eancia. \u201cA nuvem agrega valor e traz escalabilidade. \u00c9 uma mudan\u00e7a de patamar da ind\u00fastria financeira\u201d, afirmou.<\/p>\n\n\n\n<p><strong>IA Generativa no centro do debate<\/strong><\/p>\n\n\n\n<p>A IA Generativa chegou para mudar o jogo dos neg\u00f3cios e \u00e9 assunto presente nas conversas dos executivos, que tamb\u00e9m est\u00e3o aprendendo sobre riscos e oportunidades.&nbsp;<\/p>\n\n\n\n<p>\u201cO mundo vai se transformar com IA Generativa, que pode ser algo positivo, mas tamb\u00e9m trazer algumas quest\u00f5es desconfort\u00e1veis. Por outro lado, estamos no lugar certo, na \u00e1rea de tecnologia, vivendo esse momento incr\u00edvel\u201d, afirmou Bittencourt, do Santander. Para ele, IA Generativa vai habilitar as pessoas a serem mais produtivas.<\/p>\n\n\n\n<p>\u201cDiversas fun\u00e7\u00f5es v\u00e3o surgir a partir do momento em que a IA come\u00e7ar a fazer trabalho de humanos. A partir desse escopo teremos oportunidade para gerar conte\u00fados de texto, v\u00eddeo e c\u00f3digos, que s\u00e3o os usos mais \u00f3bvios. Precisaremos descobrir outros usos capazes de impactar a experi\u00eancia do cliente\u201d, disse Guerra, do Ita\u00fa.<\/p>\n\n\n\n<p>Para Adriana, da Caixa, a IA Generativa vai desafiar as estruturas dos bancos. \u201cAinda n\u00e3o temos muita dimens\u00e3o do que vai acontecer, mas podemos alavancar as possibilidades de uso da AI Generativa no relacionamento com cliente, hiperpersonaliza\u00e7\u00e3o e oferta de servi\u00e7os digitais. Temos ainda possibilidades de parcerias, com marketplaces, por exemplo, na jornada e centralidade dos clientes. A IA vai se disseminar nas organiza\u00e7\u00f5es, com foco em efici\u00eancia nas \u00e1reas de neg\u00f3cio e tecnologia\u201d.&nbsp; No entanto, afirmou, o uso massificado desse tipo de solu\u00e7\u00e3o gera pontos de aten\u00e7\u00e3o em rela\u00e7\u00e3o ao vazamento de dados e limites da propriedade intelectual. \u201cMas esses receios tendem a diminuir com o tempo\u201d.<\/p>\n\n\n\n<p>\u201cO ser humano nunca vai deixar de ser o capit\u00e3o. Ganhamos um aliado poderoso com a IA Generativa para criar inova\u00e7\u00e3o. Ainda estamos arranhando a superf\u00edcie do que \u00e9 poss\u00edvel fazer com essa tecnologia\u201d, destacou Flemming, do BTG Pactual.<\/p>\n\n\n\n<p>O aprendizado no Bradesco, um dos pioneiros a usar Intelig\u00eancia Artificial com a BIA, indica que, com o tempo, a criatividade se torna mais importante que o conhecimento t\u00e9cnico. \u201cAt\u00e9 ent\u00e3o era preciso ter hard skills para lidar com as tecnologias. Mas hoje com linguagem natural, por exemplo, \u00e9 muito mais f\u00e1cil, todo mundo entende. Com a IA Generativa, profiss\u00f5es ser\u00e3o repensadas e n\u00f3s teremos que trabalhar de forma diferente para atender as novas expectativas do cliente. O futuro est\u00e1 cada vez mais pr\u00f3ximo e j\u00e1 estamos dentro disso\u201d, afirmou Reis, do Bradesco, lembrando que \u00e9 preciso estar atento tamb\u00e9m \u00e0s quest\u00f5es \u00e9ticas.&nbsp;<\/p>\n<\/div><\/div><\/div><\/div><\/div><\/section>\n\n\n<div class=\"wp-block-cg-blocks-cg-block-related-content\"><section class=\"relatedContentBlock\"><div class=\"container\"><div class=\"row\"><div class=\"content-title col-12 col-md-8\"><h2 class=\"related-content-heading\">Conte\u00fado relacionado<\/h2><\/div><\/div><div class=\"row relatedContent\"><div class=\"col-lg-4 col-md-6 col-xs-12\">\n\t\t\t\t\t\t\t<div class=\"box\">\n\t\t\t\t\t\t\t\t<a aria-label=\"Leia mais sobre Os cinco imperativos estrat\u00e9gicos de ciberseguran\u00e7a para 2026\" href=\"https:\/\/www.capgemini.com\/br-pt\/insights\/perspectivas-dos-especialistas\/os-cinco-imperativos-estrategicos-de-ciberseguranca-para-2026\/\" class=\"anchorWrapper\">\n\t\t\t\t\t\t\t\t\t<span class=\"box-tag\"><span><\/span><\/span>\n\t\t\t\t\t\t\t\t\t<div class=\"box-title\"><h3 class=\"box-subtitle\">Os cinco imperativos estrat\u00e9gicos de ciberseguran\u00e7a para 2026<\/h3><\/div>\n\t\t\t\t\t\t\t\t\t<div class=\"box-date\">\n\t\t\t\t\t\t\t\t\t\t<span>Mar 17, 2026<\/span>\n\t\t\t\t\t\t\t\t\t<\/div>\n\t\t\t\t\t\t\t\t\t<div class=\"box-bottom\">\n\t\t\t\t\t\t\t\t\t\t\n\t\t\t\t\t\t\t\t\t\t<a class=\"more\" aria-label=\"Leia mais sobre Os cinco imperativos estrat\u00e9gicos de ciberseguran\u00e7a para 2026\" href=\"https:\/\/www.capgemini.com\/br-pt\/insights\/perspectivas-dos-especialistas\/os-cinco-imperativos-estrategicos-de-ciberseguranca-para-2026\/\">Leia mais sobre<\/a>\n\t\t\t\t\t\t\t\t\t<\/div>\n\t\t\t\t\t\t\t\t<\/a>\n\t\t\t\t\t\t\t<\/div>\n\t\t\t\t\t\t<\/div><div class=\"col-lg-4 col-md-6 col-xs-12\">\n\t\t\t\t\t\t\t<div class=\"box\">\n\t\t\t\t\t\t\t\t<a aria-label=\"Leia mais sobre Redes Aut\u00f4nomas: o novo cap\u00edtulo da engenharia de telecom no Brasil\" href=\"https:\/\/www.capgemini.com\/br-pt\/insights\/perspectivas-dos-especialistas\/redes-autonomas-o-novo-capitulo-da-engenharia-de-telecom-no-brasil\/\" class=\"anchorWrapper\">\n\t\t\t\t\t\t\t\t\t<span class=\"box-tag\"><span><\/span><\/span>\n\t\t\t\t\t\t\t\t\t<div class=\"box-title\"><h3 class=\"box-subtitle\">Redes Aut\u00f4nomas: o novo cap\u00edtulo da engenharia de telecom no Brasil<\/h3><\/div>\n\t\t\t\t\t\t\t\t\t<div class=\"box-date\">\n\t\t\t\t\t\t\t\t\t\t<span>Mar 4, 2026<\/span>\n\t\t\t\t\t\t\t\t\t<\/div>\n\t\t\t\t\t\t\t\t\t<div class=\"box-bottom\">\n\t\t\t\t\t\t\t\t\t\t\n\t\t\t\t\t\t\t\t\t\t<a class=\"more\" aria-label=\"Leia mais sobre Redes Aut\u00f4nomas: o novo cap\u00edtulo da engenharia de telecom no Brasil\" href=\"https:\/\/www.capgemini.com\/br-pt\/insights\/perspectivas-dos-especialistas\/redes-autonomas-o-novo-capitulo-da-engenharia-de-telecom-no-brasil\/\">Leia mais sobre<\/a>\n\t\t\t\t\t\t\t\t\t<\/div>\n\t\t\t\t\t\t\t\t<\/a>\n\t\t\t\t\t\t\t<\/div>\n\t\t\t\t\t\t<\/div><div class=\"col-lg-4 col-md-6 col-xs-12\">\n\t\t\t\t\t\t\t<div class=\"box\">\n\t\t\t\t\t\t\t\t<a aria-label=\"Leia mais sobre Orquestrar, decidir, transformar: IA a servi\u00e7o do neg\u00f3cio com Capgemini &#038; Microsoft\" href=\"https:\/\/www.capgemini.com\/br-pt\/insights\/perspectivas-dos-especialistas\/orquestrar-decidir-transformar-ia-a-servico-do-negocio-com-capgemini-microsoft\/\" class=\"anchorWrapper\">\n\t\t\t\t\t\t\t\t\t<span class=\"box-tag\"><span><\/span><\/span>\n\t\t\t\t\t\t\t\t\t<div class=\"box-title\"><h3 class=\"box-subtitle\">Orquestrar, decidir, transformar: IA a servi\u00e7o do neg\u00f3cio com Capgemini &#038; Microsoft<\/h3><\/div>\n\t\t\t\t\t\t\t\t\t<div class=\"box-date\">\n\t\t\t\t\t\t\t\t\t\t<span>Feb 4, 2026<\/span>\n\t\t\t\t\t\t\t\t\t<\/div>\n\t\t\t\t\t\t\t\t\t<div class=\"box-bottom\">\n\t\t\t\t\t\t\t\t\t\t\n\t\t\t\t\t\t\t\t\t\t<a class=\"more\" aria-label=\"Leia mais sobre Orquestrar, decidir, transformar: IA a servi\u00e7o do neg\u00f3cio com Capgemini &#038; Microsoft\" href=\"https:\/\/www.capgemini.com\/br-pt\/insights\/perspectivas-dos-especialistas\/orquestrar-decidir-transformar-ia-a-servico-do-negocio-com-capgemini-microsoft\/\">Leia mais sobre<\/a>\n\t\t\t\t\t\t\t\t\t<\/div>\n\t\t\t\t\t\t\t\t<\/a>\n\t\t\t\t\t\t\t<\/div>\n\t\t\t\t\t\t<\/div><\/div><\/div><\/section><\/div>","protected":false},"excerpt":{"rendered":"<p>Executivos compartilharam estrat\u00e9gias e aprendizados essenciais para tirar proveito da migra\u00e7\u00e3o para cloud.<\/p>\n","protected":false},"author":588,"featured_media":0,"comment_status":"open","ping_status":"closed","sticky":false,"template":"","format":"standard","meta":{"cg_dt_proposed_to":[],"cg_seo_hreflang_relations":"[]","cg_seo_canonical_relation":"","cg_seo_hreflang_x_default_relation":"{\"uuid\":\"3566153a-1707-47bf-82da-3768087c77c1\",\"blogId\":\"\",\"domain\":\"\",\"sitePath\":\"\",\"postLink\":\"\",\"postId\":null,\"isSaved\":false,\"isCrossLink\":false,\"hasCrossLink\":false}","cg_dt_approved_content":true,"cg_dt_mandatory_content":false,"cg_dt_notes":"","cg_dg_source_changed":false,"cg_dt_link_disabled":false,"_yoast_wpseo_primary_brand":"","footnotes":"","featured_focal_points":""},"categories":[1],"tags":[191,192,193],"brand":[],"service":[],"industry":[],"partners":[],"blog-topic":[133],"content-group":[],"class_list":["post-633375","post","type-post","status-publish","format-standard","hentry","category-uncategorized","tag-cloud","tag-migracao","tag-nuvem","blog-topic-experts"],"yoast_head":"<!-- This site is optimized with the Yoast SEO Premium plugin v22.8 (Yoast SEO v22.8) - https:\/\/yoast.com\/wordpress\/plugins\/seo\/ -->\n<title>Bancos aceleram a migra\u00e7\u00e3o para cloud<\/title>\n<meta name=\"description\" content=\"Executivos compartilharam estrat\u00e9gias e aprendizados essenciais para tirar proveito da migra\u00e7\u00e3o para cloud.\" \/>\n<meta name=\"robots\" content=\"index, follow, max-snippet:-1, max-image-preview:large, max-video-preview:-1\" \/>\n<link rel=\"canonical\" href=\"https:\/\/www.capgemini.com\/br-pt\/insights\/perspectivas-dos-especialistas\/bancos-aceleram-a-migracao-para-cloud\/\" \/>\n<meta property=\"og:locale\" content=\"pt_BR\" \/>\n<meta property=\"og:type\" content=\"article\" \/>\n<meta property=\"og:title\" content=\"Bancos aceleram a migra\u00e7\u00e3o para cloud\" \/>\n<meta property=\"og:description\" content=\"Executivos compartilharam estrat\u00e9gias e aprendizados essenciais para tirar proveito da migra\u00e7\u00e3o para cloud.\" \/>\n<meta property=\"og:url\" content=\"https:\/\/www.capgemini.com\/br-pt\/insights\/perspectivas-dos-especialistas\/bancos-aceleram-a-migracao-para-cloud\/\" \/>\n<meta property=\"og:site_name\" content=\"Capgemini Brasil\" \/>\n<meta property=\"article:published_time\" content=\"2023-06-29T16:32:00+00:00\" \/>\n<meta property=\"article:modified_time\" content=\"2025-03-26T05:19:28+00:00\" \/>\n<meta property=\"og:image\" content=\"https:\/\/www.capgemini.com\/br-pt\/wp-content\/uploads\/sites\/12\/2025\/10\/New-Web-preview-global.jpg\" \/>\n\t<meta property=\"og:image:width\" content=\"1200\" \/>\n\t<meta property=\"og:image:height\" content=\"627\" \/>\n\t<meta property=\"og:image:type\" content=\"image\/jpeg\" \/>\n<meta name=\"author\" content=\"bruna.lima@capgemini.com\" \/>\n<meta name=\"twitter:card\" content=\"summary_large_image\" \/>\n<meta name=\"twitter:label1\" content=\"Written by\" \/>\n\t<meta name=\"twitter:data1\" content=\"bruna.lima@capgemini.com\" \/>\n<script type=\"application\/ld+json\" class=\"yoast-schema-graph\">{\"@context\":\"https:\/\/schema.org\",\"@graph\":[{\"@type\":\"WebPage\",\"@id\":\"https:\/\/www.capgemini.com\/br-pt\/insights\/perspectivas-dos-especialistas\/bancos-aceleram-a-migracao-para-cloud\/\",\"url\":\"https:\/\/www.capgemini.com\/br-pt\/insights\/perspectivas-dos-especialistas\/bancos-aceleram-a-migracao-para-cloud\/\",\"name\":\"Bancos aceleram a migra\u00e7\u00e3o para cloud\",\"isPartOf\":{\"@id\":\"https:\/\/www.capgemini.com\/br-pt\/#website\"},\"datePublished\":\"2023-06-29T16:32:00+00:00\",\"dateModified\":\"2025-03-26T05:19:28+00:00\",\"author\":{\"@id\":\"https:\/\/www.capgemini.com\/br-pt\/#\/schema\/person\/8621f2a45cd493cbf89cfb65fafc663d\"},\"description\":\"Executivos compartilharam estrat\u00e9gias e aprendizados essenciais para tirar proveito da migra\u00e7\u00e3o para cloud.\",\"breadcrumb\":{\"@id\":\"https:\/\/www.capgemini.com\/br-pt\/insights\/perspectivas-dos-especialistas\/bancos-aceleram-a-migracao-para-cloud\/#breadcrumb\"},\"inLanguage\":\"pt-BR\",\"potentialAction\":[{\"@type\":\"ReadAction\",\"target\":[\"https:\/\/www.capgemini.com\/br-pt\/insights\/perspectivas-dos-especialistas\/bancos-aceleram-a-migracao-para-cloud\/\"]}]},{\"@type\":\"BreadcrumbList\",\"@id\":\"https:\/\/www.capgemini.com\/br-pt\/insights\/perspectivas-dos-especialistas\/bancos-aceleram-a-migracao-para-cloud\/#breadcrumb\",\"itemListElement\":[{\"@type\":\"ListItem\",\"position\":1,\"name\":\"Home\",\"item\":\"https:\/\/www.capgemini.com\/br-pt\/\"},{\"@type\":\"ListItem\",\"position\":2,\"name\":\"Bancos aceleram a migra\u00e7\u00e3o para cloud\"}]},{\"@type\":\"WebSite\",\"@id\":\"https:\/\/www.capgemini.com\/br-pt\/#website\",\"url\":\"https:\/\/www.capgemini.com\/br-pt\/\",\"name\":\"Capgemini Brasil\",\"description\":\"Capgemini\",\"potentialAction\":[{\"@type\":\"SearchAction\",\"target\":{\"@type\":\"EntryPoint\",\"urlTemplate\":\"https:\/\/www.capgemini.com\/br-pt\/?s={search_term_string}\"},\"query-input\":\"required name=search_term_string\"}],\"inLanguage\":\"pt-BR\"},{\"@type\":\"Person\",\"@id\":\"https:\/\/www.capgemini.com\/br-pt\/#\/schema\/person\/8621f2a45cd493cbf89cfb65fafc663d\",\"name\":\"bruna.lima@capgemini.com\",\"image\":{\"@type\":\"ImageObject\",\"inLanguage\":\"pt-BR\",\"@id\":\"https:\/\/www.capgemini.com\/br-pt\/#\/schema\/person\/image\/\",\"url\":\"https:\/\/secure.gravatar.com\/avatar\/dbebb8c16fe9c2fd30419174f8a75c4a09a040e49c1769e8a572c8134412df7d?s=96&d=mm&r=g\",\"contentUrl\":\"https:\/\/secure.gravatar.com\/avatar\/dbebb8c16fe9c2fd30419174f8a75c4a09a040e49c1769e8a572c8134412df7d?s=96&d=mm&r=g\",\"caption\":\"bruna.lima@capgemini.com\"},\"url\":\"https:\/\/www.capgemini.com\/br-pt\/author\/bruna-limacapgemini-com\/\"}]}<\/script>\n<!-- \/ Yoast SEO Premium plugin. -->","yoast_head_json":{"title":"Bancos aceleram a migra\u00e7\u00e3o para cloud","description":"Executivos compartilharam estrat\u00e9gias e aprendizados essenciais para tirar proveito da migra\u00e7\u00e3o para cloud.","robots":{"index":"index","follow":"follow","max-snippet":"max-snippet:-1","max-image-preview":"max-image-preview:large","max-video-preview":"max-video-preview:-1"},"canonical":"https:\/\/www.capgemini.com\/br-pt\/insights\/perspectivas-dos-especialistas\/bancos-aceleram-a-migracao-para-cloud\/","og_locale":"pt_BR","og_type":"article","og_title":"Bancos aceleram a migra\u00e7\u00e3o para cloud","og_description":"Executivos compartilharam estrat\u00e9gias e aprendizados essenciais para tirar proveito da migra\u00e7\u00e3o para cloud.","og_url":"https:\/\/www.capgemini.com\/br-pt\/insights\/perspectivas-dos-especialistas\/bancos-aceleram-a-migracao-para-cloud\/","og_site_name":"Capgemini Brasil","article_published_time":"2023-06-29T16:32:00+00:00","article_modified_time":"2025-03-26T05:19:28+00:00","og_image":[{"width":1200,"height":627,"url":"https:\/\/www.capgemini.com\/br-pt\/wp-content\/uploads\/sites\/12\/2025\/10\/New-Web-preview-global.jpg","type":"image\/jpeg"}],"author":"bruna.lima@capgemini.com","twitter_card":"summary_large_image","twitter_misc":{"Written by":"bruna.lima@capgemini.com"},"schema":{"@context":"https:\/\/schema.org","@graph":[{"@type":"WebPage","@id":"https:\/\/www.capgemini.com\/br-pt\/insights\/perspectivas-dos-especialistas\/bancos-aceleram-a-migracao-para-cloud\/","url":"https:\/\/www.capgemini.com\/br-pt\/insights\/perspectivas-dos-especialistas\/bancos-aceleram-a-migracao-para-cloud\/","name":"Bancos aceleram a migra\u00e7\u00e3o para cloud","isPartOf":{"@id":"https:\/\/www.capgemini.com\/br-pt\/#website"},"datePublished":"2023-06-29T16:32:00+00:00","dateModified":"2025-03-26T05:19:28+00:00","author":{"@id":"https:\/\/www.capgemini.com\/br-pt\/#\/schema\/person\/8621f2a45cd493cbf89cfb65fafc663d"},"description":"Executivos compartilharam estrat\u00e9gias e aprendizados essenciais para tirar proveito da migra\u00e7\u00e3o para cloud.","breadcrumb":{"@id":"https:\/\/www.capgemini.com\/br-pt\/insights\/perspectivas-dos-especialistas\/bancos-aceleram-a-migracao-para-cloud\/#breadcrumb"},"inLanguage":"pt-BR","potentialAction":[{"@type":"ReadAction","target":["https:\/\/www.capgemini.com\/br-pt\/insights\/perspectivas-dos-especialistas\/bancos-aceleram-a-migracao-para-cloud\/"]}]},{"@type":"BreadcrumbList","@id":"https:\/\/www.capgemini.com\/br-pt\/insights\/perspectivas-dos-especialistas\/bancos-aceleram-a-migracao-para-cloud\/#breadcrumb","itemListElement":[{"@type":"ListItem","position":1,"name":"Home","item":"https:\/\/www.capgemini.com\/br-pt\/"},{"@type":"ListItem","position":2,"name":"Bancos aceleram a migra\u00e7\u00e3o para cloud"}]},{"@type":"WebSite","@id":"https:\/\/www.capgemini.com\/br-pt\/#website","url":"https:\/\/www.capgemini.com\/br-pt\/","name":"Capgemini Brasil","description":"Capgemini","potentialAction":[{"@type":"SearchAction","target":{"@type":"EntryPoint","urlTemplate":"https:\/\/www.capgemini.com\/br-pt\/?s={search_term_string}"},"query-input":"required name=search_term_string"}],"inLanguage":"pt-BR"},{"@type":"Person","@id":"https:\/\/www.capgemini.com\/br-pt\/#\/schema\/person\/8621f2a45cd493cbf89cfb65fafc663d","name":"bruna.lima@capgemini.com","image":{"@type":"ImageObject","inLanguage":"pt-BR","@id":"https:\/\/www.capgemini.com\/br-pt\/#\/schema\/person\/image\/","url":"https:\/\/secure.gravatar.com\/avatar\/dbebb8c16fe9c2fd30419174f8a75c4a09a040e49c1769e8a572c8134412df7d?s=96&d=mm&r=g","contentUrl":"https:\/\/secure.gravatar.com\/avatar\/dbebb8c16fe9c2fd30419174f8a75c4a09a040e49c1769e8a572c8134412df7d?s=96&d=mm&r=g","caption":"bruna.lima@capgemini.com"},"url":"https:\/\/www.capgemini.com\/br-pt\/author\/bruna-limacapgemini-com\/"}]}},"blog_topic_info":[{"id":133,"name":"experts"}],"taxonomy_info":{"category":[{"id":1,"name":"Uncategorized","slug":"uncategorized"}],"post_tag":[{"id":191,"name":"cloud","slug":"cloud"},{"id":192,"name":"migra\u00e7\u00e3o","slug":"migracao"},{"id":193,"name":"nuvem","slug":"nuvem"}],"blog-topic":[{"id":133,"name":"experts","slug":"experts"}],"following_users":[{"id":37,"name":"automator","slug":"automator"},{"id":111,"name":"bruna.lima@capgemini.com","slug":"bruna-limacapgemini-com"}]},"parsely":{"version":"1.1.0","canonical_url":"https:\/\/capgemini.com\/br-pt\/insights\/perspectivas-dos-especialistas\/bancos-aceleram-a-migracao-para-cloud\/","smart_links":{"inbound":0,"outbound":0},"traffic_boost_suggestions_count":0,"meta":{"@context":"https:\/\/schema.org","@type":"NewsArticle","headline":"Bancos aceleram a migra\u00e7\u00e3o para cloud","url":"https:\/\/www.capgemini.com\/br-pt\/insights\/perspectivas-dos-especialistas\/bancos-aceleram-a-migracao-para-cloud\/","mainEntityOfPage":{"@type":"WebPage","@id":"https:\/\/www.capgemini.com\/br-pt\/insights\/perspectivas-dos-especialistas\/bancos-aceleram-a-migracao-para-cloud\/"},"thumbnailUrl":"","image":{"@type":"ImageObject","url":""},"articleSection":"Uncategorized","author":[],"creator":[],"publisher":{"@type":"Organization","name":"Capgemini Brasil","logo":""},"keywords":["cloud","migra\u00e7\u00e3o","nuvem"],"dateCreated":"2023-06-29T16:32:00Z","datePublished":"2023-06-29T16:32:00Z","dateModified":"2025-03-26T05:19:28Z"},"rendered":"<meta name=\"parsely-title\" content=\"Bancos aceleram a migra\u00e7\u00e3o para cloud\" \/>\n<meta name=\"parsely-link\" content=\"https:\/\/www.capgemini.com\/br-pt\/insights\/perspectivas-dos-especialistas\/bancos-aceleram-a-migracao-para-cloud\/\" \/>\n<meta name=\"parsely-type\" content=\"post\" \/>\n<meta name=\"parsely-pub-date\" content=\"2023-06-29T16:32:00Z\" \/>\n<meta name=\"parsely-section\" content=\"Uncategorized\" \/>\n<meta name=\"parsely-tags\" content=\"cloud,migra\u00e7\u00e3o,nuvem\" \/>","tracker_url":"https:\/\/cdn.parsely.com\/keys\/capgemini.com\/p.js"},"jetpack_featured_media_url":"","archive_status":false,"featured_image_src":"https:\/\/www.capgemini.com\/br-pt\/wp-content\/themes\/capgemini2025\/assets\/images\/mockup.png","featured_image_alt":false,"distributor_meta":false,"distributor_terms":false,"distributor_media":false,"distributor_original_site_name":"Capgemini Brasil","distributor_original_site_url":"https:\/\/www.capgemini.com\/br-pt","push-errors":false,"featured_image_url":"https:\/\/www.capgemini.com\/br-pt\/wp-content\/themes\/capgemini2025\/assets\/images\/mockup.png","_links":{"self":[{"href":"https:\/\/www.capgemini.com\/br-pt\/wp-json\/wp\/v2\/posts\/633375","targetHints":{"allow":["GET"]}}],"collection":[{"href":"https:\/\/www.capgemini.com\/br-pt\/wp-json\/wp\/v2\/posts"}],"about":[{"href":"https:\/\/www.capgemini.com\/br-pt\/wp-json\/wp\/v2\/types\/post"}],"author":[{"embeddable":true,"href":"https:\/\/www.capgemini.com\/br-pt\/wp-json\/wp\/v2\/users\/588"}],"replies":[{"embeddable":true,"href":"https:\/\/www.capgemini.com\/br-pt\/wp-json\/wp\/v2\/comments?post=633375"}],"version-history":[{"count":8,"href":"https:\/\/www.capgemini.com\/br-pt\/wp-json\/wp\/v2\/posts\/633375\/revisions"}],"predecessor-version":[{"id":640328,"href":"https:\/\/www.capgemini.com\/br-pt\/wp-json\/wp\/v2\/posts\/633375\/revisions\/640328"}],"wp:attachment":[{"href":"https:\/\/www.capgemini.com\/br-pt\/wp-json\/wp\/v2\/media?parent=633375"}],"wp:term":[{"taxonomy":"category","embeddable":true,"href":"https:\/\/www.capgemini.com\/br-pt\/wp-json\/wp\/v2\/categories?post=633375"},{"taxonomy":"post_tag","embeddable":true,"href":"https:\/\/www.capgemini.com\/br-pt\/wp-json\/wp\/v2\/tags?post=633375"},{"taxonomy":"brand","embeddable":true,"href":"https:\/\/www.capgemini.com\/br-pt\/wp-json\/wp\/v2\/brand?post=633375"},{"taxonomy":"service","embeddable":true,"href":"https:\/\/www.capgemini.com\/br-pt\/wp-json\/wp\/v2\/service?post=633375"},{"taxonomy":"industry","embeddable":true,"href":"https:\/\/www.capgemini.com\/br-pt\/wp-json\/wp\/v2\/industry?post=633375"},{"taxonomy":"partners","embeddable":true,"href":"https:\/\/www.capgemini.com\/br-pt\/wp-json\/wp\/v2\/partners?post=633375"},{"taxonomy":"blog-topic","embeddable":true,"href":"https:\/\/www.capgemini.com\/br-pt\/wp-json\/wp\/v2\/blog-topic?post=633375"},{"taxonomy":"content-group","embeddable":true,"href":"https:\/\/www.capgemini.com\/br-pt\/wp-json\/wp\/v2\/content-group?post=633375"}],"curies":[{"name":"wp","href":"https:\/\/api.w.org\/{rel}","templated":true}]}}