{"id":632933,"date":"2024-01-23T23:30:46","date_gmt":"2024-01-23T23:30:46","guid":{"rendered":"https:\/\/www.capgemini.com\/br-pt\/?p=632933"},"modified":"2025-03-26T05:13:40","modified_gmt":"2025-03-26T05:13:40","slug":"empresas-lancam-sementes-da-transformacao-social","status":"publish","type":"post","link":"https:\/\/www.capgemini.com\/br-pt\/insights\/perspectivas-dos-especialistas\/empresas-lancam-sementes-da-transformacao-social\/","title":{"rendered":"Empresas lan\u00e7am sementes da transforma\u00e7\u00e3o social"},"content":{"rendered":"\t\t<div class=\"wp-block-cg-blocks-hero-press-release\">\n\t\t\t<header class=\"header-hero-press-release\" role=\"main\" id=\"main-content-press-release\">\n\t\t\t\t<div class=\"container\">\n\t\t\t\t\t<div class=\"hero-press-release\">\n\t\t\t\t\t\t<div class=\"hero-press-release-content-wrapper\">\n\t\t\t\t\t\t\t<div class=\"row\">\n\t\t\t\t\t\t\t\t<div class=\"col-12\">\n\t\t\t\t\t\t\t\t\t<div class=\"header-title\">\n\t\t\t\t\t\t\t\t\t\t<h1>\n\t\t\t\t\t\t\t\t\t\t\tEmpresas lan\u00e7am sementes da transforma\u00e7\u00e3o social\t\t\t\t\t\t\t\t\t\t<\/h1>\n\t\t\t\t\t\t\t\t\t<\/div>\n\t\t\t\t\t\t\t\t\t<div class=\"header-description\">\n\t\t\t\t\t\t\t\t\t\t<p><\/p>\n\t\t\t\t\t\t\t\t\t<\/div>\n\t\t\t\t\t\t\t\t\t\t\t\t\t\t\t\t\t\t<div class=\"header-date\">\n\t\t\t\t\t\t\t\t\t\t<span>jan. 23, 2024<\/span>\n\t\t\t\t\t\t\t\t\t<\/div>\n\t\t\t\t\t\t\t\t<\/div>\n\t\t\t\t\t\t\t<\/div>\n\t\t\t\t\t\t<\/div>\n\t\t\t\t\t\t\t\t\t\t\t\t\t\t\t\t\t\t\t<div class=\"hero-press-release-brand-image\">\n\t\t\t\t\t\t\t\t<img decoding=\"async\" loading=\"lazy\" src=\"https:\/\/www.capgemini.com\/br-pt\/wp-content\/themes\/capgemini2025\/assets\/images\/capgemini-white.svg\" alt=\"Logotipo da marca\" \/>\n\t\t\t\t\t\t\t<\/div>\n\t\t\t\t\t\t\t\t\t\t\t<\/div>\n\t\t\t\t<\/div>\n\t\t\t<\/header>\n\t\t<\/div>\n\t\t\n\n\n<section class=\"wp-block-cg-blocks-group undefined section section--article-content\"><div class=\"article-main-content\"><div class=\"container\"><div class=\"row\"><div class=\"col-12 col-md-1\"><nav class=\"article-social\"><ul class=\"social-nav\"><li class=\"ip-order-fb\"><a href=\"https:\/\/www.facebook.com\/sharer\/sharer.php?=http:\/\/capgeminiucwe.develop\/?post_type=press-release&amp;p=179\" target=\"_blank\" rel=\"noopener noreferrer\" title=\"Abre em uma nova janela\"><i aria-hidden=\"true\" class=\"icon-fb\"><\/i><span class=\"sr-only\">Facebook<\/span><\/a><\/li><li class=\"ip-order-tw\"><a href=\"https:\/\/twitter.com\/intent\/tweet?=http:\/\/capgeminiucwe.develop\/?post_type=press-release&amp;p=179\" target=\"_blank\" rel=\"noopener noreferrer\" title=\"Abre em uma nova janela\"><i aria-hidden=\"true\" class=\"icon-tw\"><\/i><span class=\"sr-only\">Twitter<\/span><\/a><\/li><li class=\"ip-order-li\"><a href=\"https:\/\/www.linkedin.com\/shareArticle?=http:\/\/capgeminiucwe.develop\/?post_type=press-release&amp;p=179\" target=\"_blank\" rel=\"noopener noreferrer\" title=\"Abre em uma nova janela\"><i aria-hidden=\"true\" class=\"icon-li\"><\/i><span class=\"sr-only\">Linkedin<\/span><\/a><\/li><\/ul><\/nav><\/div><div class=\"col-12 col-md-11 col-lg-10\"><div class=\"article-text article-quote-text\">\n<h2 class=\"wp-block-heading\" id=\"h-novo-modelo-corporativo-guiado-pelo-esg-traz-nova-uma-visao-para-questoes-sociais-dentro-das-empresas-que-precisam-sair-do-discurso-e-criar-acoes-efetivas\">Novo modelo corporativo guiado pelo ESG traz nova uma vis\u00e3o para quest\u00f5es sociais dentro das empresas, que precisam sair do discurso e criar a\u00e7\u00f5es efetivas<\/h2>\n\n\n\n<p>Nos \u00faltimos tempos, a responsabilidade social corporativa passou por mudan\u00e7as significativas, acompanhando o novo modelo corporativo que tem o ESG como norte. Inclus\u00e3o, diversidade e equidade hoje est\u00e3o mais presentes no dia a dia das organiza\u00e7\u00f5es. No mercado financeiro n\u00e3o \u00e9 diferente e a pauta social ganha relev\u00e2ncia considerando as necessidades dos diversos stakeholders \u2013 lideran\u00e7as, funcion\u00e1rios, clientes, parceiros e comunidades.&nbsp;<\/p>\n\n\n\n<p>No terceiro e \u00faltimo do Febraban Tech 2023, o painel \u201cO compromisso social como dever\u201d reuniu esses diferentes agentes que est\u00e3o colaborando para lan\u00e7ar uma semente de transforma\u00e7\u00e3o.<\/p>\n\n\n\n<blockquote class=\"wp-block-quote is-layout-flow wp-block-quote-is-layout-flow\">\n<p>\u201cDiversidade \u00e9 convidar para a festa, inclus\u00e3o \u00e9 chamar para dan\u00e7ar!\u201d. A frase de Vern\u0101 Myers, executiva na Netflix, tem inspirado Glaucimar Peticov, Diretora-Executiva e CCO do Bradesco, na constru\u00e7\u00e3o de a\u00e7\u00f5es mais conectadas \u00e0s atuais preocupa\u00e7\u00f5es que envolvem o \u201cS\u201d do ESG.<\/p>\n\n\n\n<p>\u201cPrecisamos quebrar os preconceitos que nos acompanham h\u00e1 muito tempo. O Brasil \u00e9 o palco ideal para chamar as pessoas para dan\u00e7ar. Ali\u00e1s, cada um pode escolher a m\u00fasica que quer dan\u00e7ar, ou seja, fazer as escolhas na sua carreira, por exemplo\u201d, afirmou.<\/p>\n<\/blockquote>\n\n\n\n<p>Para ela, as empresas precisam eliminar o estilo de comando e controle e serem mais inspiracionais. Al\u00e9m disso, criar, de fato, um ambiente plural e que acolha as diferen\u00e7as, porque s\u00e3o elas que v\u00e3o impulsionar a inova\u00e7\u00e3o t\u00e3o necess\u00e1ria para desenvolver os neg\u00f3cios. \u201cPrecisamos construir uma consci\u00eancia mais cidad\u00e3\u201d, afirmou a executiva do Bradesco.<\/p>\n\n\n\n<p>\u201cDiversidade \u00e9 respeitar a cultura de cada local onde estamos presentes\u201d, afirmou Jos\u00e9 Ricardo Sasseron, Vice-Presidente de Governo e Sustentabilidade Empresarial do Banco do Brasil. Segundo ele, isso n\u00e3o se aplica apenas aos funcion\u00e1rios, mas aos clientes pessoas f\u00edsicas e corporativos de todos os portes \u2013 do pequeno ao grande agricultor, por exemplo. Cada grupo tem as suas caracter\u00edsticas e necessidades espec\u00edficas.<\/p>\n\n\n\n<p>De acordo com Sasseron, o banco possui 42% das mulheres nos n\u00edveis mais baixos de lideran\u00e7a. A meta \u00e9 levar essas profissionais para os cargos mais altos nos pr\u00f3ximos anos. Ele citou ainda outras a\u00e7\u00f5es internas do Banco do Brasil, a exemplo do comit\u00ea executivo de diversidade para combater a discrimina\u00e7\u00e3o, em especial do p\u00fablico LGBTQIA+, para mostrar que \u00e9 preciso aceitar as pessoas como elas s\u00e3o.<\/p>\n\n\n\n<p>J\u00e1 Cristina Pinho, Membro do Conselho de Administra\u00e7\u00e3o do Instituto Brasileiro de Governan\u00e7a Corporativa (IBGC), contou que a entidade possui um programa por meio do qual estimula as organiza\u00e7\u00f5es a terem mulheres pretas sem seus conselhos. \u201cIsso \u00e9 importante porque existe um vi\u00e9s na sociedade que desqualifica as mulheres e, por isso, elas n\u00e3o est\u00e3o representadas nas lideran\u00e7as. As empresas precisam, primeiro, identificar esses vieses e depois partir para a a\u00e7\u00e3o\u201d.&nbsp;<\/p>\n\n\n\n<p>Com um fala sincera e potente, Preto Zez\u00e9 afirmou que todos t\u00eam a responsabilidade para eliminar os preconceitos arraigados no pa\u00eds. \u201c\u00c9 preciso parar de achar que as pautas de cada grupo [negros, mulheres, LGBTS, etc.] s\u00e3o um problema apenas desses grupos. Precisamos virar essa chave. A luta \u00e9 de todos\u201d.&nbsp;<\/p>\n\n\n\n<p>Segundo ele \u2013 que \u00e9 uma das maiores lideran\u00e7as das favelas brasileiras e que esteve \u00e0 frente da Central \u00danica das Favelas (CUFA) at\u00e9 mar\u00e7o de 2023, produtor art\u00edstico e musical e conselheiro de v\u00e1rias empresas, inclusive bancos \u2013 \u00e9 preciso avan\u00e7ar na agenda social, que muitas vezes vira um jogo de empurra-empurra dentro da empresa e com poucas ou t\u00edmidas a\u00e7\u00f5es concretas.<\/p>\n\n\n\n<h2 class=\"wp-block-heading\" id=\"h-do-relatorio-para-a-pratica\"><strong>Do relat\u00f3rio para a pr\u00e1tica<\/strong><\/h2>\n\n\n\n<p>De que forma as organiza\u00e7\u00f5es podem tirar as inten\u00e7\u00f5es do papel e transform\u00e1-las em a\u00e7\u00f5es efetivas?<\/p>\n\n\n\n<p>\u201cN\u00e3o h\u00e1 um \u00fanico caminho, mas v\u00e1rios\u201d, afirmou Glaucimar, do Bradesco. \u201cMas isso leva tempo, o resultado n\u00e3o \u00e9 r\u00e1pido porque estamos falando de uma mudan\u00e7a de comportamento, de mindset\u201d. Nesse sentido, o Bradesco tem investido na capacita\u00e7\u00e3o da equipe, com treinamentos via universidade corporativa, para aprimorar compet\u00eancias comportamentais. Segundo ela, \u00e9 fundamental que a empresa identifique o que precisa fazer e para onde ir na pauta social, e depois desenhar esses caminhos. \u201cN\u00e3o pode deixar isso solto, sen\u00e3o nada acontece\u201d.&nbsp;<\/p>\n\n\n\n<p>Sasseron conta que o fato de o Banco do Brasil ter uma mulher na presid\u00eancia e quatro na vice- presid\u00eancia \u00e9 uma maneira da alta administra\u00e7\u00e3o dar o exemplo para toda a companhia. Segundo ele, muitos funcion\u00e1rios do banco se auto-organizaram em grupos e o banco t\u00eam apoiado e dado visibilidade a essas iniciativas.&nbsp; S\u00e3o grupos de pessoas negras, LGBT e mulheres, por exemplo. \u201cInclusive o grupo das mulheres \u00e9 liderado pela nossa vice-presidente de tecnologia\u201d.&nbsp;&nbsp;<\/p>\n\n\n\n<p>Para Cristina, do IBGC, as companhias precisam incorporar, na sua matriz de risco, o risco de n\u00e3o ter um ambiente de diversidade.<\/p>\n\n\n\n<h2 class=\"wp-block-heading\" id=\"h-sementes-da-transformacao-nbsp\"><strong>Sementes da transforma\u00e7\u00e3o&nbsp;<\/strong><\/h2>\n\n\n\n<p>Para fora dos muros da empresa, Tatiana Monteiro de Barros, Fundadora do Movimento Uni\u00e3o BR, contou que v\u00e1rias organiza\u00e7\u00f5es&nbsp; t\u00eam se engajado no apoio efetivo \u00e0s causas sociais de maneiras diferentes. O Movimento Uni\u00e3o BR faz a ponte entre quem precisa e quem deseja ajudar, especialmente em situa\u00e7\u00f5es emergenciais, como no caso da pandemia e cat\u00e1strofes naturais. A entidade n\u00e3o recebe doa\u00e7\u00f5es em dinheiro, apenas em produtos.<\/p>\n\n\n\n<p>A entidade j\u00e1 recebeu apoio de grandes ind\u00fastrias e bancos para, por exemplo, levar usinas de oxig\u00eanio para Manaus na pandemia, distribuir geladeiras e fog\u00f5es para as pessoas afetadas pelas fortes chuvas no litoral paulista ou direcionar parte dos funcion\u00e1rios para consertar o ar-condicionado de um hospital. \u201c\u00c9 preciso escutar o que as comunidades precisam. Muitas empresas ainda pensam apenas em doar cestas b\u00e1sicas, mas nem toda comunidade tem esse tipo de necessidade. \u00c9 preciso estar conectado com quem est\u00e1 na ponta, quem vai receber ajuda\u201d, alertou.&nbsp;<\/p>\n\n\n\n<blockquote class=\"wp-block-quote is-layout-flow wp-block-quote-is-layout-flow\">\n<p>\u201cHoje somos desafiados a fazer a mudan\u00e7a. Por isso chega de falar das desgra\u00e7as e vamos construir pontes para discutir como mudar. Acredito que podemos fazer um Brasil melhor\u201d, disse Preto Zez\u00e9.<\/p>\n<\/blockquote>\n<\/div><\/div><\/div><\/div><\/div><\/section>\n\n\n<div class=\"wp-block-cg-blocks-cg-block-related-content\"><section class=\"relatedContentBlock\"><div class=\"container\"><div class=\"row\"><div class=\"content-title col-12 col-md-8\"><h2 class=\"related-content-heading\">Conte\u00fado relacionado<\/h2><\/div><\/div><div class=\"row relatedContent\"><div class=\"col-lg-4 col-md-6 col-xs-12\">\n\t\t\t\t\t\t\t<div class=\"box\">\n\t\t\t\t\t\t\t\t<a aria-label=\"Leia mais sobre Os cinco imperativos estrat\u00e9gicos de ciberseguran\u00e7a para 2026\" href=\"https:\/\/www.capgemini.com\/br-pt\/insights\/perspectivas-dos-especialistas\/os-cinco-imperativos-estrategicos-de-ciberseguranca-para-2026\/\" class=\"anchorWrapper\">\n\t\t\t\t\t\t\t\t\t<span class=\"box-tag\"><span><\/span><\/span>\n\t\t\t\t\t\t\t\t\t<div class=\"box-title\"><h3 class=\"box-subtitle\">Os cinco imperativos estrat\u00e9gicos de ciberseguran\u00e7a para 2026<\/h3><\/div>\n\t\t\t\t\t\t\t\t\t<div class=\"box-date\">\n\t\t\t\t\t\t\t\t\t\t<span>Mar 17, 2026<\/span>\n\t\t\t\t\t\t\t\t\t<\/div>\n\t\t\t\t\t\t\t\t\t<div class=\"box-bottom\">\n\t\t\t\t\t\t\t\t\t\t\n\t\t\t\t\t\t\t\t\t\t<a class=\"more\" aria-label=\"Leia mais sobre Os cinco imperativos estrat\u00e9gicos de ciberseguran\u00e7a para 2026\" href=\"https:\/\/www.capgemini.com\/br-pt\/insights\/perspectivas-dos-especialistas\/os-cinco-imperativos-estrategicos-de-ciberseguranca-para-2026\/\">Leia mais sobre<\/a>\n\t\t\t\t\t\t\t\t\t<\/div>\n\t\t\t\t\t\t\t\t<\/a>\n\t\t\t\t\t\t\t<\/div>\n\t\t\t\t\t\t<\/div><div class=\"col-lg-4 col-md-6 col-xs-12\">\n\t\t\t\t\t\t\t<div class=\"box\">\n\t\t\t\t\t\t\t\t<a aria-label=\"Leia mais sobre Redes Aut\u00f4nomas: o novo cap\u00edtulo da engenharia de telecom no Brasil\" href=\"https:\/\/www.capgemini.com\/br-pt\/insights\/perspectivas-dos-especialistas\/redes-autonomas-o-novo-capitulo-da-engenharia-de-telecom-no-brasil\/\" class=\"anchorWrapper\">\n\t\t\t\t\t\t\t\t\t<span class=\"box-tag\"><span><\/span><\/span>\n\t\t\t\t\t\t\t\t\t<div class=\"box-title\"><h3 class=\"box-subtitle\">Redes Aut\u00f4nomas: o novo cap\u00edtulo da engenharia de telecom no Brasil<\/h3><\/div>\n\t\t\t\t\t\t\t\t\t<div class=\"box-date\">\n\t\t\t\t\t\t\t\t\t\t<span>Mar 4, 2026<\/span>\n\t\t\t\t\t\t\t\t\t<\/div>\n\t\t\t\t\t\t\t\t\t<div class=\"box-bottom\">\n\t\t\t\t\t\t\t\t\t\t\n\t\t\t\t\t\t\t\t\t\t<a class=\"more\" aria-label=\"Leia mais sobre Redes Aut\u00f4nomas: o novo cap\u00edtulo da engenharia de telecom no Brasil\" href=\"https:\/\/www.capgemini.com\/br-pt\/insights\/perspectivas-dos-especialistas\/redes-autonomas-o-novo-capitulo-da-engenharia-de-telecom-no-brasil\/\">Leia mais sobre<\/a>\n\t\t\t\t\t\t\t\t\t<\/div>\n\t\t\t\t\t\t\t\t<\/a>\n\t\t\t\t\t\t\t<\/div>\n\t\t\t\t\t\t<\/div><div class=\"col-lg-4 col-md-6 col-xs-12\">\n\t\t\t\t\t\t\t<div class=\"box\">\n\t\t\t\t\t\t\t\t<a aria-label=\"Leia mais sobre Orquestrar, decidir, transformar: IA a servi\u00e7o do neg\u00f3cio com Capgemini &#038; Microsoft\" href=\"https:\/\/www.capgemini.com\/br-pt\/insights\/perspectivas-dos-especialistas\/orquestrar-decidir-transformar-ia-a-servico-do-negocio-com-capgemini-microsoft\/\" class=\"anchorWrapper\">\n\t\t\t\t\t\t\t\t\t<span class=\"box-tag\"><span><\/span><\/span>\n\t\t\t\t\t\t\t\t\t<div class=\"box-title\"><h3 class=\"box-subtitle\">Orquestrar, decidir, transformar: IA a servi\u00e7o do neg\u00f3cio com Capgemini &#038; Microsoft<\/h3><\/div>\n\t\t\t\t\t\t\t\t\t<div class=\"box-date\">\n\t\t\t\t\t\t\t\t\t\t<span>Feb 4, 2026<\/span>\n\t\t\t\t\t\t\t\t\t<\/div>\n\t\t\t\t\t\t\t\t\t<div class=\"box-bottom\">\n\t\t\t\t\t\t\t\t\t\t\n\t\t\t\t\t\t\t\t\t\t<a class=\"more\" aria-label=\"Leia mais sobre Orquestrar, decidir, transformar: IA a servi\u00e7o do neg\u00f3cio com Capgemini &#038; Microsoft\" href=\"https:\/\/www.capgemini.com\/br-pt\/insights\/perspectivas-dos-especialistas\/orquestrar-decidir-transformar-ia-a-servico-do-negocio-com-capgemini-microsoft\/\">Leia mais sobre<\/a>\n\t\t\t\t\t\t\t\t\t<\/div>\n\t\t\t\t\t\t\t\t<\/a>\n\t\t\t\t\t\t\t<\/div>\n\t\t\t\t\t\t<\/div><\/div><\/div><\/section><\/div>","protected":false},"excerpt":{"rendered":"<p>Artigo sobre novo modelo corporativo guiado pelo ESG que traz nova uma vis\u00e3o para transforma\u00e7\u00e3o social dentro das empresas. Leia agora.<\/p>\n","protected":false},"author":588,"featured_media":0,"comment_status":"open","ping_status":"closed","sticky":false,"template":"","format":"standard","meta":{"cg_dt_proposed_to":[],"cg_seo_hreflang_relations":"[]","cg_seo_canonical_relation":"","cg_seo_hreflang_x_default_relation":"{\"uuid\":\"01d257a7-cabd-4eff-bfb0-d684c5c865eb\",\"blogId\":\"\",\"domain\":\"\",\"sitePath\":\"\",\"postLink\":\"\",\"postId\":null,\"isSaved\":true,\"isCrossLink\":false,\"hasCrossLink\":false}","cg_dt_approved_content":true,"cg_dt_mandatory_content":false,"cg_dt_notes":"","cg_dg_source_changed":false,"cg_dt_link_disabled":false,"_yoast_wpseo_primary_brand":"80","footnotes":"","featured_focal_points":""},"categories":[1],"tags":[159],"brand":[80],"service":[],"industry":[],"partners":[],"blog-topic":[119],"content-group":[],"class_list":["post-632933","post","type-post","status-publish","format-standard","hentry","category-uncategorized","tag-transformacao-social","brand-capgemini","blog-topic-expert-perspective"],"yoast_head":"<!-- This site is optimized with the Yoast SEO Premium plugin v22.8 (Yoast SEO v22.8) - https:\/\/yoast.com\/wordpress\/plugins\/seo\/ -->\n<title>Empresas lan\u00e7am sementes da transforma\u00e7\u00e3o social - Capgemini Brasil<\/title>\n<meta name=\"description\" content=\"Artigo sobre novo modelo corporativo guiado pelo ESG que traz nova uma vis\u00e3o para transforma\u00e7\u00e3o social dentro das empresas. Leia agora.\" \/>\n<meta name=\"robots\" content=\"index, follow, max-snippet:-1, max-image-preview:large, max-video-preview:-1\" \/>\n<link rel=\"canonical\" href=\"https:\/\/www.capgemini.com\/br-pt\/insights\/perspectivas-dos-especialistas\/empresas-lancam-sementes-da-transformacao-social\/\" \/>\n<meta property=\"og:locale\" content=\"pt_BR\" \/>\n<meta property=\"og:type\" content=\"article\" \/>\n<meta property=\"og:title\" content=\"Empresas lan\u00e7am sementes da transforma\u00e7\u00e3o social\" \/>\n<meta property=\"og:description\" content=\"Artigo sobre novo modelo corporativo guiado pelo ESG que traz nova uma vis\u00e3o para transforma\u00e7\u00e3o social dentro das empresas. Leia agora.\" \/>\n<meta property=\"og:url\" content=\"https:\/\/www.capgemini.com\/br-pt\/insights\/perspectivas-dos-especialistas\/empresas-lancam-sementes-da-transformacao-social\/\" \/>\n<meta property=\"og:site_name\" content=\"Capgemini Brasil\" \/>\n<meta property=\"article:published_time\" content=\"2024-01-23T23:30:46+00:00\" \/>\n<meta property=\"article:modified_time\" content=\"2025-03-26T05:13:40+00:00\" \/>\n<meta property=\"og:image\" content=\"https:\/\/www.capgemini.com\/br-pt\/wp-content\/uploads\/sites\/12\/2025\/10\/New-Web-preview-global.jpg\" \/>\n\t<meta property=\"og:image:width\" content=\"1200\" \/>\n\t<meta property=\"og:image:height\" content=\"627\" \/>\n\t<meta property=\"og:image:type\" content=\"image\/jpeg\" \/>\n<meta name=\"author\" content=\"bruna.lima@capgemini.com\" \/>\n<meta name=\"twitter:card\" content=\"summary_large_image\" \/>\n<meta name=\"twitter:label1\" content=\"Written by\" \/>\n\t<meta name=\"twitter:data1\" content=\"bruna.lima@capgemini.com\" \/>\n<script type=\"application\/ld+json\" class=\"yoast-schema-graph\">{\"@context\":\"https:\/\/schema.org\",\"@graph\":[{\"@type\":\"WebPage\",\"@id\":\"https:\/\/www.capgemini.com\/br-pt\/insights\/perspectivas-dos-especialistas\/empresas-lancam-sementes-da-transformacao-social\/\",\"url\":\"https:\/\/www.capgemini.com\/br-pt\/insights\/perspectivas-dos-especialistas\/empresas-lancam-sementes-da-transformacao-social\/\",\"name\":\"Empresas lan\u00e7am sementes da transforma\u00e7\u00e3o social - Capgemini Brasil\",\"isPartOf\":{\"@id\":\"https:\/\/www.capgemini.com\/br-pt\/#website\"},\"datePublished\":\"2024-01-23T23:30:46+00:00\",\"dateModified\":\"2025-03-26T05:13:40+00:00\",\"author\":{\"@id\":\"https:\/\/www.capgemini.com\/br-pt\/#\/schema\/person\/8621f2a45cd493cbf89cfb65fafc663d\"},\"description\":\"Artigo sobre novo modelo corporativo guiado pelo ESG que traz nova uma vis\u00e3o para transforma\u00e7\u00e3o social dentro das empresas. Leia agora.\",\"breadcrumb\":{\"@id\":\"https:\/\/www.capgemini.com\/br-pt\/insights\/perspectivas-dos-especialistas\/empresas-lancam-sementes-da-transformacao-social\/#breadcrumb\"},\"inLanguage\":\"pt-BR\",\"potentialAction\":[{\"@type\":\"ReadAction\",\"target\":[\"https:\/\/www.capgemini.com\/br-pt\/insights\/perspectivas-dos-especialistas\/empresas-lancam-sementes-da-transformacao-social\/\"]}]},{\"@type\":\"BreadcrumbList\",\"@id\":\"https:\/\/www.capgemini.com\/br-pt\/insights\/perspectivas-dos-especialistas\/empresas-lancam-sementes-da-transformacao-social\/#breadcrumb\",\"itemListElement\":[{\"@type\":\"ListItem\",\"position\":1,\"name\":\"Home\",\"item\":\"https:\/\/www.capgemini.com\/br-pt\/\"},{\"@type\":\"ListItem\",\"position\":2,\"name\":\"Empresas lan\u00e7am sementes da transforma\u00e7\u00e3o social\"}]},{\"@type\":\"WebSite\",\"@id\":\"https:\/\/www.capgemini.com\/br-pt\/#website\",\"url\":\"https:\/\/www.capgemini.com\/br-pt\/\",\"name\":\"Capgemini Brasil\",\"description\":\"Capgemini\",\"potentialAction\":[{\"@type\":\"SearchAction\",\"target\":{\"@type\":\"EntryPoint\",\"urlTemplate\":\"https:\/\/www.capgemini.com\/br-pt\/?s={search_term_string}\"},\"query-input\":\"required name=search_term_string\"}],\"inLanguage\":\"pt-BR\"},{\"@type\":\"Person\",\"@id\":\"https:\/\/www.capgemini.com\/br-pt\/#\/schema\/person\/8621f2a45cd493cbf89cfb65fafc663d\",\"name\":\"bruna.lima@capgemini.com\",\"image\":{\"@type\":\"ImageObject\",\"inLanguage\":\"pt-BR\",\"@id\":\"https:\/\/www.capgemini.com\/br-pt\/#\/schema\/person\/image\/\",\"url\":\"https:\/\/secure.gravatar.com\/avatar\/dbebb8c16fe9c2fd30419174f8a75c4a09a040e49c1769e8a572c8134412df7d?s=96&d=mm&r=g\",\"contentUrl\":\"https:\/\/secure.gravatar.com\/avatar\/dbebb8c16fe9c2fd30419174f8a75c4a09a040e49c1769e8a572c8134412df7d?s=96&d=mm&r=g\",\"caption\":\"bruna.lima@capgemini.com\"},\"url\":\"https:\/\/www.capgemini.com\/br-pt\/author\/bruna-limacapgemini-com\/\"}]}<\/script>\n<!-- \/ Yoast SEO Premium plugin. -->","yoast_head_json":{"title":"Empresas lan\u00e7am sementes da transforma\u00e7\u00e3o social - Capgemini Brasil","description":"Artigo sobre novo modelo corporativo guiado pelo ESG que traz nova uma vis\u00e3o para transforma\u00e7\u00e3o social dentro das empresas. Leia agora.","robots":{"index":"index","follow":"follow","max-snippet":"max-snippet:-1","max-image-preview":"max-image-preview:large","max-video-preview":"max-video-preview:-1"},"canonical":"https:\/\/www.capgemini.com\/br-pt\/insights\/perspectivas-dos-especialistas\/empresas-lancam-sementes-da-transformacao-social\/","og_locale":"pt_BR","og_type":"article","og_title":"Empresas lan\u00e7am sementes da transforma\u00e7\u00e3o social","og_description":"Artigo sobre novo modelo corporativo guiado pelo ESG que traz nova uma vis\u00e3o para transforma\u00e7\u00e3o social dentro das empresas. Leia agora.","og_url":"https:\/\/www.capgemini.com\/br-pt\/insights\/perspectivas-dos-especialistas\/empresas-lancam-sementes-da-transformacao-social\/","og_site_name":"Capgemini Brasil","article_published_time":"2024-01-23T23:30:46+00:00","article_modified_time":"2025-03-26T05:13:40+00:00","og_image":[{"width":1200,"height":627,"url":"https:\/\/www.capgemini.com\/br-pt\/wp-content\/uploads\/sites\/12\/2025\/10\/New-Web-preview-global.jpg","type":"image\/jpeg"}],"author":"bruna.lima@capgemini.com","twitter_card":"summary_large_image","twitter_misc":{"Written by":"bruna.lima@capgemini.com"},"schema":{"@context":"https:\/\/schema.org","@graph":[{"@type":"WebPage","@id":"https:\/\/www.capgemini.com\/br-pt\/insights\/perspectivas-dos-especialistas\/empresas-lancam-sementes-da-transformacao-social\/","url":"https:\/\/www.capgemini.com\/br-pt\/insights\/perspectivas-dos-especialistas\/empresas-lancam-sementes-da-transformacao-social\/","name":"Empresas lan\u00e7am sementes da transforma\u00e7\u00e3o social - Capgemini Brasil","isPartOf":{"@id":"https:\/\/www.capgemini.com\/br-pt\/#website"},"datePublished":"2024-01-23T23:30:46+00:00","dateModified":"2025-03-26T05:13:40+00:00","author":{"@id":"https:\/\/www.capgemini.com\/br-pt\/#\/schema\/person\/8621f2a45cd493cbf89cfb65fafc663d"},"description":"Artigo sobre novo modelo corporativo guiado pelo ESG que traz nova uma vis\u00e3o para transforma\u00e7\u00e3o social dentro das empresas. Leia agora.","breadcrumb":{"@id":"https:\/\/www.capgemini.com\/br-pt\/insights\/perspectivas-dos-especialistas\/empresas-lancam-sementes-da-transformacao-social\/#breadcrumb"},"inLanguage":"pt-BR","potentialAction":[{"@type":"ReadAction","target":["https:\/\/www.capgemini.com\/br-pt\/insights\/perspectivas-dos-especialistas\/empresas-lancam-sementes-da-transformacao-social\/"]}]},{"@type":"BreadcrumbList","@id":"https:\/\/www.capgemini.com\/br-pt\/insights\/perspectivas-dos-especialistas\/empresas-lancam-sementes-da-transformacao-social\/#breadcrumb","itemListElement":[{"@type":"ListItem","position":1,"name":"Home","item":"https:\/\/www.capgemini.com\/br-pt\/"},{"@type":"ListItem","position":2,"name":"Empresas lan\u00e7am sementes da transforma\u00e7\u00e3o social"}]},{"@type":"WebSite","@id":"https:\/\/www.capgemini.com\/br-pt\/#website","url":"https:\/\/www.capgemini.com\/br-pt\/","name":"Capgemini Brasil","description":"Capgemini","potentialAction":[{"@type":"SearchAction","target":{"@type":"EntryPoint","urlTemplate":"https:\/\/www.capgemini.com\/br-pt\/?s={search_term_string}"},"query-input":"required name=search_term_string"}],"inLanguage":"pt-BR"},{"@type":"Person","@id":"https:\/\/www.capgemini.com\/br-pt\/#\/schema\/person\/8621f2a45cd493cbf89cfb65fafc663d","name":"bruna.lima@capgemini.com","image":{"@type":"ImageObject","inLanguage":"pt-BR","@id":"https:\/\/www.capgemini.com\/br-pt\/#\/schema\/person\/image\/","url":"https:\/\/secure.gravatar.com\/avatar\/dbebb8c16fe9c2fd30419174f8a75c4a09a040e49c1769e8a572c8134412df7d?s=96&d=mm&r=g","contentUrl":"https:\/\/secure.gravatar.com\/avatar\/dbebb8c16fe9c2fd30419174f8a75c4a09a040e49c1769e8a572c8134412df7d?s=96&d=mm&r=g","caption":"bruna.lima@capgemini.com"},"url":"https:\/\/www.capgemini.com\/br-pt\/author\/bruna-limacapgemini-com\/"}]}},"blog_topic_info":[{"id":119,"name":"expert perspective"}],"taxonomy_info":{"category":[{"id":1,"name":"Uncategorized","slug":"uncategorized"}],"post_tag":[{"id":159,"name":"transforma\u00e7\u00e3o social","slug":"transformacao-social"}],"brand":[{"id":80,"name":"Capgemini","slug":"capgemini"}],"blog-topic":[{"id":119,"name":"expert perspective","slug":"expert-perspective"}],"following_users":[{"id":37,"name":"automator","slug":"automator"},{"id":111,"name":"bruna.lima@capgemini.com","slug":"bruna-limacapgemini-com"}]},"parsely":{"version":"1.1.0","canonical_url":"https:\/\/capgemini.com\/br-pt\/insights\/perspectivas-dos-especialistas\/empresas-lancam-sementes-da-transformacao-social\/","smart_links":{"inbound":0,"outbound":0},"traffic_boost_suggestions_count":0,"meta":{"@context":"https:\/\/schema.org","@type":"NewsArticle","headline":"Empresas lan\u00e7am sementes da transforma\u00e7\u00e3o social","url":"https:\/\/www.capgemini.com\/br-pt\/insights\/perspectivas-dos-especialistas\/empresas-lancam-sementes-da-transformacao-social\/","mainEntityOfPage":{"@type":"WebPage","@id":"https:\/\/www.capgemini.com\/br-pt\/insights\/perspectivas-dos-especialistas\/empresas-lancam-sementes-da-transformacao-social\/"},"thumbnailUrl":"","image":{"@type":"ImageObject","url":""},"articleSection":"Uncategorized","author":[],"creator":[],"publisher":{"@type":"Organization","name":"Capgemini Brasil","logo":""},"keywords":["transforma\u00e7\u00e3o social"],"dateCreated":"2024-01-23T23:30:46Z","datePublished":"2024-01-23T23:30:46Z","dateModified":"2025-03-26T05:13:40Z"},"rendered":"<meta name=\"parsely-title\" content=\"Empresas lan\u00e7am sementes da transforma\u00e7\u00e3o social\" \/>\n<meta name=\"parsely-link\" content=\"https:\/\/www.capgemini.com\/br-pt\/insights\/perspectivas-dos-especialistas\/empresas-lancam-sementes-da-transformacao-social\/\" \/>\n<meta name=\"parsely-type\" content=\"post\" \/>\n<meta name=\"parsely-pub-date\" content=\"2024-01-23T23:30:46Z\" \/>\n<meta name=\"parsely-section\" content=\"Uncategorized\" \/>\n<meta name=\"parsely-tags\" content=\"transforma\u00e7\u00e3o social\" \/>","tracker_url":"https:\/\/cdn.parsely.com\/keys\/capgemini.com\/p.js"},"jetpack_featured_media_url":"","archive_status":false,"featured_image_src":"https:\/\/www.capgemini.com\/br-pt\/wp-content\/themes\/capgemini2025\/assets\/images\/mockup.png","featured_image_alt":false,"distributor_meta":false,"distributor_terms":false,"distributor_media":false,"distributor_original_site_name":"Capgemini Brasil","distributor_original_site_url":"https:\/\/www.capgemini.com\/br-pt","push-errors":false,"featured_image_url":"https:\/\/www.capgemini.com\/br-pt\/wp-content\/themes\/capgemini2025\/assets\/images\/mockup.png","_links":{"self":[{"href":"https:\/\/www.capgemini.com\/br-pt\/wp-json\/wp\/v2\/posts\/632933","targetHints":{"allow":["GET"]}}],"collection":[{"href":"https:\/\/www.capgemini.com\/br-pt\/wp-json\/wp\/v2\/posts"}],"about":[{"href":"https:\/\/www.capgemini.com\/br-pt\/wp-json\/wp\/v2\/types\/post"}],"author":[{"embeddable":true,"href":"https:\/\/www.capgemini.com\/br-pt\/wp-json\/wp\/v2\/users\/588"}],"replies":[{"embeddable":true,"href":"https:\/\/www.capgemini.com\/br-pt\/wp-json\/wp\/v2\/comments?post=632933"}],"version-history":[{"count":4,"href":"https:\/\/www.capgemini.com\/br-pt\/wp-json\/wp\/v2\/posts\/632933\/revisions"}],"predecessor-version":[{"id":640312,"href":"https:\/\/www.capgemini.com\/br-pt\/wp-json\/wp\/v2\/posts\/632933\/revisions\/640312"}],"wp:attachment":[{"href":"https:\/\/www.capgemini.com\/br-pt\/wp-json\/wp\/v2\/media?parent=632933"}],"wp:term":[{"taxonomy":"category","embeddable":true,"href":"https:\/\/www.capgemini.com\/br-pt\/wp-json\/wp\/v2\/categories?post=632933"},{"taxonomy":"post_tag","embeddable":true,"href":"https:\/\/www.capgemini.com\/br-pt\/wp-json\/wp\/v2\/tags?post=632933"},{"taxonomy":"brand","embeddable":true,"href":"https:\/\/www.capgemini.com\/br-pt\/wp-json\/wp\/v2\/brand?post=632933"},{"taxonomy":"service","embeddable":true,"href":"https:\/\/www.capgemini.com\/br-pt\/wp-json\/wp\/v2\/service?post=632933"},{"taxonomy":"industry","embeddable":true,"href":"https:\/\/www.capgemini.com\/br-pt\/wp-json\/wp\/v2\/industry?post=632933"},{"taxonomy":"partners","embeddable":true,"href":"https:\/\/www.capgemini.com\/br-pt\/wp-json\/wp\/v2\/partners?post=632933"},{"taxonomy":"blog-topic","embeddable":true,"href":"https:\/\/www.capgemini.com\/br-pt\/wp-json\/wp\/v2\/blog-topic?post=632933"},{"taxonomy":"content-group","embeddable":true,"href":"https:\/\/www.capgemini.com\/br-pt\/wp-json\/wp\/v2\/content-group?post=632933"}],"curies":[{"name":"wp","href":"https:\/\/api.w.org\/{rel}","templated":true}]}}