{"id":836765,"date":"2021-07-29T23:22:00","date_gmt":"2021-07-29T23:22:00","guid":{"rendered":"https:\/\/www.capgemini.com\/be-en\/?post_type=press-release&#038;p=836765"},"modified":"2025-03-27T04:32:33","modified_gmt":"2025-03-27T04:32:33","slug":"capgemini-choisi-par-un-grand-constructeur-automobile-allemand-pour-accelerer-la-transformation-cloud-de-son-environnement-applicatif","status":"publish","type":"press-release","link":"https:\/\/www.capgemini.com\/be-en\/news\/press-releases\/capgemini-choisi-par-un-grand-constructeur-automobile-allemand-pour-accelerer-la-transformation-cloud-de-son-environnement-applicatif\/","title":{"rendered":"Capgemini choisi par un grand constructeur automobile allemand pour acc\u00e9l\u00e9rer la transformation cloud de son environnement applicatif"},"content":{"rendered":"\n<p><\/p>\n\n\n\t\t<div class=\"wp-block-cg-blocks-hero-press-release\">\n\t\t\t<header class=\"header-hero-press-release\" role=\"main\" id=\"main-content-press-release\">\n\t\t\t\t<div class=\"container\">\n\t\t\t\t\t<div class=\"hero-press-release\">\n\t\t\t\t\t\t<div class=\"hero-press-release-content-wrapper\">\n\t\t\t\t\t\t\t<div class=\"row\">\n\t\t\t\t\t\t\t\t<div class=\"col-12\">\n\t\t\t\t\t\t\t\t\t<div class=\"header-title\">\n\t\t\t\t\t\t\t\t\t\t<h1>\n\t\t\t\t\t\t\t\t\t\t\tCapgemini choisi par un grand constructeur automobile allemand pour acc\u00e9l\u00e9rer la transformation cloud de son environnement applicatif\t\t\t\t\t\t\t\t\t\t<\/h1>\n\t\t\t\t\t\t\t\t\t<\/div>\n\t\t\t\t\t\t\t\t\t<div class=\"header-description\">\n\t\t\t\t\t\t\t\t\t\t<p><\/p>\n\t\t\t\t\t\t\t\t\t<\/div>\n\t\t\t\t\t\t\t\t\t\t\t\t\t\t\t\t\t\t<div class=\"header-date\">\n\t\t\t\t\t\t\t\t\t\t<span>Jul 29, 2021<\/span>\n\t\t\t\t\t\t\t\t\t<\/div>\n\t\t\t\t\t\t\t\t<\/div>\n\t\t\t\t\t\t\t<\/div>\n\t\t\t\t\t\t<\/div>\n\t\t\t\t\t\t\t\t\t\t\t\t\t<div class=\"hero-press-release-downloads\">\n\t\t\t\t\t\t\t\t<div class=\"row\">\n\t\t\t\t\t\t\t\t\t\t\t\t\t\t\t\t\t\t\t<div class=\"col-12 col-md-6 col-lg-3\">\n\t\t\t\t\t\t\t\t\t\t\t<a class=\"download-item\" type=\"download\" href=\"https:\/\/www.capgemini.com\/be-en\/wp-content\/uploads\/sites\/14\/2023\/02\/2021_07_29_-Capgemini_Mercedes-BenzAG_contract_extension_FR.pdf\" target=\"_blank\" rel=\"noopener noreferrer\" title=\"Opens in a new window\">\n\t\t\t\t\t\t\t\t\t\t\t\t<div class=\"download-icon\"><\/div>\n\t\t\t\t\t\t\t\t\t\t\t\t<div class=\"download-details\">\n\t\t\t\t\t\t\t\t\t\t\t\t\t<div class=\"download-title\">Download press release<\/div>\n\t\t\t\t\t\t\t\t\t\t\t\t\t<div class=\"download-props\">124 KB  pdf<\/div>\n\t\t\t\t\t\t\t\t\t\t\t\t<\/div>\n\t\t\t\t\t\t\t\t\t\t\t<\/a>\n\t\t\t\t\t\t\t\t\t\t<\/div>\n\t\t\t\t\t\t\t\t\t\t\t\t\t\t\t\t\t\t<\/div>\n\t\t\t\t\t\t\t<\/div>\n\t\t\t\t\t\t\t\t\t\t\t\t\t\t\t\t\t<\/div>\n\t\t\t\t<\/div>\n\t\t\t<\/header>\n\t\t<\/div>\n\t\t\n\n\n<section class=\"wp-block-cg-blocks-group undefined section section--article-content\"><div class=\"article-main-content\"><div class=\"container\"><div class=\"row\"><div class=\"col-12 col-md-1\"><nav class=\"article-social\"><ul class=\"social-nav\"><li class=\"ip-order-fb\"><a href=\"https:\/\/www.facebook.com\/sharer\/sharer.php?u=https:\/\/www.capgemini.com\/be-en\/?post_type=press-release&amp;p=836765\" target=\"_blank\" rel=\"noopener noreferrer\" title=\"opens in a new window\"><i aria-hidden=\"true\" class=\"icon-fb\"><\/i><span class=\"sr-only\">Facebook<\/span><\/a><\/li><li class=\"ip-order-tw\"><a href=\"https:\/\/twitter.com\/intent\/tweet?url=https:\/\/www.capgemini.com\/be-en\/?post_type=press-release&amp;p=836765&amp;text=\" target=\"_blank\" rel=\"noopener noreferrer\" title=\"opens in a new window\"><i aria-hidden=\"true\" class=\"icon-tw\"><\/i><span class=\"sr-only\">Twitter<\/span><\/a><\/li><li class=\"ip-order-li\"><a href=\"https:\/\/www.linkedin.com\/sharing\/share-offsite\/?url=https:\/\/www.capgemini.com\/be-en\/?post_type=press-release&amp;p=836765&amp;text=\" target=\"_blank\" rel=\"noopener noreferrer\" title=\"opens in a new window\"><i aria-hidden=\"true\" class=\"icon-li\"><\/i><span class=\"sr-only\">Linkedin<\/span><\/a><\/li><\/ul><\/nav><\/div><div class=\"col-12 col-md-11 col-lg-10\"><div class=\"article-text article-quote-text\">\n<p><strong>Paris, le 29 juillet 2021 \u2013 <\/strong><a href=\"https:\/\/www.capgemini.com\/fr-fr\/\"><strong>Capgemini<\/strong><\/a><strong>, partenaire strat\u00e9gique des plus grands constructeurs automobiles, annonce l\u2019 extension jusqu\u2019en 2024 du contrat avec Mercedes-Benz AG portant sur le d\u00e9veloppement et la maintenance de l\u2019application centrale <em>Electric\/Electronic Product Data Management (EE-PDM) <\/em>dans un environnement R&amp;D. L\u2019application EE-PDM est utilis\u00e9e pour le d\u00e9veloppement et la documentation des composants \u00e9lectroniques des v\u00e9hicules et a \u00e9t\u00e9 mise en \u0153uvre par une \u00e9quipe internationale d\u2019experts de Capgemini sur une p\u00e9riode de plusieurs ann\u00e9es. Dans le cadre de cette extension de contrat, Capgemini va accompagner le constructeur automobile dans la migration de l\u2019application vers le cloud et l\u2019acc\u00e9l\u00e9ration de sa transformation vers un environnement de microservices DevOps.<\/strong><\/p>\n\n\n\n<p>Cette extension fait suite \u00e0 la <a href=\"https:\/\/www.capgemini.com\/client-story\/software-development-in-the-fast-lane\/\">transformation<\/a> r\u00e9ussie de l\u2019application EE-PDM gr\u00e2ce \u00e0 la mise en place d\u2019un mod\u00e8le de <em>delivery<\/em> distribu\u00e9 agile. Elle permettra de faire \u00e9voluer l\u2019application au rythme rapide des nouvelles exigences et de favoriser la collaboration entre les diff\u00e9rents d\u00e9partements en les int\u00e9grant au process. L\u2019objectif du constructeur automobile leader est de mettre en place un processus de d\u00e9ploiement plus souple et plus efficace gr\u00e2ce \u00e0 une d\u00e9marche d\u2019innovation, qui permettra de garantir un d\u00e9lai minimal entre les mises \u00e0 jour des applications et une mise sur le march\u00e9 plus rapide des composants \u00e9lectroniques. Pour atteindre cet objectif et soutenir la strat\u00e9gie <em>#TwiceAsFast<\/em> du client visant \u00e0 rationaliser ses processus informatiques, Capgemini s\u2019appuiera sur sa forte expertise en mati\u00e8re de technologie cloud, d\u2019architecture microservices et de DevOps.<\/p>\n\n\n\n<p>Au total, cinq \u00e9quipes, bas\u00e9es en Allemagne et en Inde, travailleront en mode agile pour faire \u00e9voluer l\u2019application jusqu\u2019en 2024, avec option d\u2019extension du contrat dans le futur. Capgemini est le fournisseur strat\u00e9gique du leader automobile et assure le d\u00e9veloppement et la maintenance de l\u2019application EE-PDM avec un mod\u00e8le \u00e9prouv\u00e9 depuis 2008.<\/p>\n\n\n\n<p><em>\u00ab&nbsp;Depuis le d\u00e9but de notre collaboration pour le d\u00e9veloppement de l\u2019application EE-PDM, l\u2019\u00e9volution de la conception de v\u00e9hicules s\u2019est acc\u00e9l\u00e9r\u00e9e du fait de la digitalisation,<\/em>&nbsp;\u00bb d\u00e9clare Michael Schulte, directeur g\u00e9n\u00e9ral de la <em>Strategic Business Unit<\/em> Europe du Nord de Capgemini et membre du Comit\u00e9 de Direction g\u00e9n\u00e9rale du Groupe. <em>\u00ab&nbsp;La transformation vers le cloud et l\u2019\u00e9volution vers les microservices feront passer l\u2019application au niveau sup\u00e9rieur, acc\u00e9l\u00e9rant rapidit\u00e9 et flexibilit\u00e9, deux facteurs cruciaux pour l\u2019industrie automobile d\u2019aujourd\u2019hui.&nbsp;\u00bb<\/em><\/p>\n\n\n\n<p><strong>\u00c0 propos de Capgemini<\/strong><\/p>\n\n\n\n<p>Capgemini est un leader mondial, responsable et multiculturel, regroupant 290 000 personnes dans pr\u00e8s de 50 pays. Partenaire strat\u00e9gique des entreprises pour la transformation de leurs activit\u00e9s en tirant profit de toute la puissance de la technologie, le Groupe est guid\u00e9 au quotidien par sa raison d\u2019\u00eatre : lib\u00e9rer les \u00e9nergies humaines par la technologie pour un avenir inclusif et durable. Fort de plus de 50 ans d\u2019exp\u00e9rience et d\u2019une grande expertise des diff\u00e9rents secteurs d\u2019activit\u00e9, Capgemini est reconnu par ses clients pour r\u00e9pondre \u00e0 l\u2019ensemble de leurs besoins, de la strat\u00e9gie et du design jusqu\u2019au management des op\u00e9rations, en tirant parti des innovations dans les domaines en perp\u00e9tuelle \u00e9volution du cloud, de la data, de l\u2019Intelligence Artificielle, de la connectivit\u00e9, des logiciels, de l\u2019ing\u00e9nierie digitale et des plateformes. Le Groupe a r\u00e9alis\u00e9 un chiffre d\u2019affaires de 16 milliards d\u2019euros en 2020.<\/p>\n\n\n\n<p><em>Get The Future You Want*<\/em> \u2013 <a href=\"http:\/\/www.capgemini.com\/#_blank\">www.capgemini.com<\/a>.<\/p>\n\n\n\n<p><em>*R\u00e9alisez le futur que vous voulez<\/em><\/p>\n\n\n<div class=\"wp-block-cg-blocks-cg-block-related-content\"><section class=\"relatedContentBlock\"><div class=\"container\"><div class=\"row\"><div class=\"content-title col-12 col-md-8\"><h2 class=\"related-content-heading\">Related News<\/h2><\/div><\/div><div class=\"row relatedContent\"><div class=\"col-lg-4 col-md-6 col-xs-12\">\n\t\t\t\t\t\t\t<div class=\"box\">\n\t\t\t\t\t\t\t\t<a aria-label=\"Read more about Q1 2026 revenues\" href=\"https:\/\/www.capgemini.com\/be-en\/news\/press-releases\/q1-2026-revenues\/\" class=\"anchorWrapper\">\n\t\t\t\t\t\t\t\t\t<span class=\"box-tag\"><span>Financial news<\/span><\/span>\n\t\t\t\t\t\t\t\t\t<div class=\"box-title\"><h3 class=\"box-subtitle\">Q1 2026 revenues<\/h3><\/div>\n\t\t\t\t\t\t\t\t\t<div class=\"box-date\">\n\t\t\t\t\t\t\t\t\t\t<span>Apr 30, 2026<\/span>\n\t\t\t\t\t\t\t\t\t<\/div>\n\t\t\t\t\t\t\t\t\t<div class=\"box-bottom\">\n\t\t\t\t\t\t\t\t\t\t&lt;a class=&quot;link-download&quot; href=&quot;https:\/\/www.capgemini.com\/be-en\/wp-content\/uploads\/sites\/14\/2026\/04\/Capgemini_-_2026-04-30-_-2026_Q1_Revenues.pdf&quot; aria-label=&quot;Download Press Release&quot; target=&quot;_blank&quot;  type=&quot;download&quot; title=&quot;Opens in a new window&quot;&gt;\n\t\t\t\t\t\t\t&lt;span&gt;Download press release&lt;\/span&gt;\n\t\t\t\t\t\t\t&lt;span&gt;209 KB PDF&lt;\/span&gt;\n\t\t\t\t\t\t&lt;\/a&gt;\n\t\t\t\t\t\t\t\t\t\t<a class=\"more\" aria-label=\"Read more about Q1 2026 revenues\" href=\"https:\/\/www.capgemini.com\/be-en\/news\/press-releases\/q1-2026-revenues\/\">Read more about<\/a>\n\t\t\t\t\t\t\t\t\t<\/div>\n\t\t\t\t\t\t\t\t<\/a>\n\t\t\t\t\t\t\t<\/div>\n\t\t\t\t\t\t<\/div><div class=\"col-lg-4 col-md-6 col-xs-12\">\n\t\t\t\t\t\t\t<div class=\"box\">\n\t\t\t\t\t\t\t\t<a aria-label=\"Read more about Capgemini unveils Google Cloud AI Enterprise Hub to accelerate agentic AI enterprise transformation\" href=\"https:\/\/www.capgemini.com\/be-en\/news\/press-releases\/capgemini-unveils-google-cloud-ai-enterprise-hub-to-accelerate-agentic-ai-enterprise-transformation\/\" class=\"anchorWrapper\">\n\t\t\t\t\t\t\t\t\t<span class=\"box-tag\"><span>Partners<\/span><\/span>\n\t\t\t\t\t\t\t\t\t<div class=\"box-title\"><h3 class=\"box-subtitle\">Capgemini unveils Google Cloud AI Enterprise Hub to accelerate agentic AI enterprise transformation<\/h3><\/div>\n\t\t\t\t\t\t\t\t\t<div class=\"box-date\">\n\t\t\t\t\t\t\t\t\t\t<span>Apr 23, 2026<\/span>\n\t\t\t\t\t\t\t\t\t<\/div>\n\t\t\t\t\t\t\t\t\t<div class=\"box-bottom\">\n\t\t\t\t\t\t\t\t\t\t&lt;a class=&quot;link-download&quot; href=&quot;https:\/\/www.capgemini.com\/be-en\/wp-content\/uploads\/sites\/14\/2026\/04\/04_23_Capgemini-news-alert_Google-Cloud-AI-Enterprise-Hub.pdf&quot; aria-label=&quot;Download Press Release&quot; target=&quot;_blank&quot;  type=&quot;download&quot; title=&quot;Opens in a new window&quot;&gt;\n\t\t\t\t\t\t\t&lt;span&gt;Download press release&lt;\/span&gt;\n\t\t\t\t\t\t\t&lt;span&gt;143 KB PDF&lt;\/span&gt;\n\t\t\t\t\t\t&lt;\/a&gt;\n\t\t\t\t\t\t\t\t\t\t<a class=\"more\" aria-label=\"Read more about Capgemini unveils Google Cloud AI Enterprise Hub to accelerate agentic AI enterprise transformation\" href=\"https:\/\/www.capgemini.com\/be-en\/news\/press-releases\/capgemini-unveils-google-cloud-ai-enterprise-hub-to-accelerate-agentic-ai-enterprise-transformation\/\">Read more about<\/a>\n\t\t\t\t\t\t\t\t\t<\/div>\n\t\t\t\t\t\t\t\t<\/a>\n\t\t\t\t\t\t\t<\/div>\n\t\t\t\t\t\t<\/div><div class=\"col-lg-4 col-md-6 col-xs-12\">\n\t\t\t\t\t\t\t<div class=\"box\">\n\t\t\t\t\t\t\t\t<a aria-label=\"Read more about Reindustrialization moves into a more selective, strategic phase in Europe and the US\" href=\"https:\/\/www.capgemini.com\/be-en\/news\/press-releases\/reindustrialization-moves-into-a-more-selective-strategic-phase-in-europe-and-the-us\/\" class=\"anchorWrapper\">\n\t\t\t\t\t\t\t\t\t<span class=\"box-tag\"><span>Reports<\/span><\/span>\n\t\t\t\t\t\t\t\t\t<div class=\"box-title\"><h3 class=\"box-subtitle\">Reindustrialization moves into a more selective, strategic phase in Europe and the US<\/h3><\/div>\n\t\t\t\t\t\t\t\t\t<div class=\"box-date\">\n\t\t\t\t\t\t\t\t\t\t<span>Apr 20, 2026<\/span>\n\t\t\t\t\t\t\t\t\t<\/div>\n\t\t\t\t\t\t\t\t\t<div class=\"box-bottom\">\n\t\t\t\t\t\t\t\t\t\t&lt;a class=&quot;link-download&quot; href=&quot;https:\/\/www.capgemini.com\/be-en\/wp-content\/uploads\/sites\/14\/2026\/04\/2026_04_20_Capgemini_Reindustrialization-of-Europe-and-the-US-report_3e-edition_press-release.pdf&quot; aria-label=&quot;Download Press Release&quot; target=&quot;_blank&quot;  type=&quot;download&quot; title=&quot;Opens in a new window&quot;&gt;\n\t\t\t\t\t\t\t&lt;span&gt;Download press release&lt;\/span&gt;\n\t\t\t\t\t\t\t&lt;span&gt;152 KB PDF&lt;\/span&gt;\n\t\t\t\t\t\t&lt;\/a&gt;\n\t\t\t\t\t\t\t\t\t\t<a class=\"more\" aria-label=\"Read more about Reindustrialization moves into a more selective, strategic phase in Europe and the US\" href=\"https:\/\/www.capgemini.com\/be-en\/news\/press-releases\/reindustrialization-moves-into-a-more-selective-strategic-phase-in-europe-and-the-us\/\">Read more about<\/a>\n\t\t\t\t\t\t\t\t\t<\/div>\n\t\t\t\t\t\t\t\t<\/a>\n\t\t\t\t\t\t\t<\/div>\n\t\t\t\t\t\t<\/div><\/div><\/div><\/section><\/div><\/div><\/div><\/div><\/div><\/div><\/section>\n","protected":false},"excerpt":{"rendered":"","protected":false},"author":336,"featured_media":0,"template":"","meta":{"cg_dt_proposed_to":[],"_eb_attr":"","cg_seo_hreflang_relations":"[]","cg_seo_canonical_relation":"","cg_seo_hreflang_x_default_relation":"","cg_dt_approved_content":true,"cg_dt_mandatory_content":false,"cg_dt_notes":"","cg_dg_source_changed":false,"cg_dt_link_disabled":false,"footnotes":"","related_resource_url":"https:\/\/www.capgemini.com\/be-en\/wp-content\/uploads\/sites\/14\/2023\/02\/2021_07_29_-Capgemini_Mercedes-BenzAG_contract_extension_FR.pdf","related_resource_id":836766,"related_resource_size":"124 KB","related_resource_type":"pdf","cg_author":0,"featured_focal_points":""},"tags":[],"press-release-type":[],"brand":[],"class_list":["post-836765","press-release","type-press-release","status-publish","hentry"],"yoast_head":"<!-- This site is optimized with the Yoast SEO Premium plugin v22.8 (Yoast SEO v22.8) - https:\/\/yoast.com\/wordpress\/plugins\/seo\/ -->\n<title>Capgemini choisi par un grand constructeur automobile allemand pour acc\u00e9l\u00e9rer la transformation cloud de son environnement applicatif - Capgemini Belgium<\/title>\n<meta name=\"robots\" content=\"index, follow, max-snippet:-1, max-image-preview:large, max-video-preview:-1\" \/>\n<link rel=\"canonical\" href=\"https:\/\/www.capgemini.com\/be-en\/news\/press-releases\/capgemini-choisi-par-un-grand-constructeur-automobile-allemand-pour-accelerer-la-transformation-cloud-de-son-environnement-applicatif\/\" \/>\n<meta property=\"og:locale\" content=\"en_US\" \/>\n<meta property=\"og:type\" content=\"article\" \/>\n<meta property=\"og:title\" content=\"Capgemini choisi par un grand constructeur automobile allemand pour acc\u00e9l\u00e9rer la transformation cloud de son environnement applicatif\" \/>\n<meta property=\"og:url\" content=\"https:\/\/www.capgemini.com\/be-en\/news\/press-releases\/capgemini-choisi-par-un-grand-constructeur-automobile-allemand-pour-accelerer-la-transformation-cloud-de-son-environnement-applicatif\/\" \/>\n<meta property=\"og:site_name\" content=\"Capgemini Belgium\" \/>\n<meta property=\"article:modified_time\" content=\"2025-03-27T04:32:33+00:00\" \/>\n<meta property=\"og:image\" content=\"https:\/\/www.capgemini.com\/be-en\/wp-content\/uploads\/sites\/14\/2025\/10\/New-Web-preview-global.jpg\" \/>\n\t<meta property=\"og:image:width\" content=\"1200\" \/>\n\t<meta property=\"og:image:height\" content=\"627\" \/>\n\t<meta property=\"og:image:type\" content=\"image\/jpeg\" \/>\n<meta name=\"twitter:card\" content=\"summary_large_image\" \/>\n<script type=\"application\/ld+json\" class=\"yoast-schema-graph\">{\"@context\":\"https:\/\/schema.org\",\"@graph\":[{\"@type\":\"WebPage\",\"@id\":\"https:\/\/www.capgemini.com\/be-en\/news\/press-releases\/capgemini-choisi-par-un-grand-constructeur-automobile-allemand-pour-accelerer-la-transformation-cloud-de-son-environnement-applicatif\/\",\"url\":\"https:\/\/www.capgemini.com\/be-en\/news\/press-releases\/capgemini-choisi-par-un-grand-constructeur-automobile-allemand-pour-accelerer-la-transformation-cloud-de-son-environnement-applicatif\/\",\"name\":\"Capgemini choisi par un grand constructeur automobile allemand pour acc\u00e9l\u00e9rer la transformation cloud de son environnement applicatif - Capgemini Belgium\",\"isPartOf\":{\"@id\":\"https:\/\/www.capgemini.com\/be-en\/#website\"},\"datePublished\":\"2021-07-29T23:22:00+00:00\",\"dateModified\":\"2025-03-27T04:32:33+00:00\",\"breadcrumb\":{\"@id\":\"https:\/\/www.capgemini.com\/be-en\/news\/press-releases\/capgemini-choisi-par-un-grand-constructeur-automobile-allemand-pour-accelerer-la-transformation-cloud-de-son-environnement-applicatif\/#breadcrumb\"},\"inLanguage\":\"en-US\",\"potentialAction\":[{\"@type\":\"ReadAction\",\"target\":[\"https:\/\/www.capgemini.com\/be-en\/news\/press-releases\/capgemini-choisi-par-un-grand-constructeur-automobile-allemand-pour-accelerer-la-transformation-cloud-de-son-environnement-applicatif\/\"]}]},{\"@type\":\"BreadcrumbList\",\"@id\":\"https:\/\/www.capgemini.com\/be-en\/news\/press-releases\/capgemini-choisi-par-un-grand-constructeur-automobile-allemand-pour-accelerer-la-transformation-cloud-de-son-environnement-applicatif\/#breadcrumb\",\"itemListElement\":[{\"@type\":\"ListItem\",\"position\":1,\"name\":\"Press Releases\",\"item\":\"https:\/\/www.capgemini.com\/be-en\/news\/\"},{\"@type\":\"ListItem\",\"position\":2,\"name\":\"Capgemini choisi par un grand constructeur automobile allemand pour acc\u00e9l\u00e9rer la transformation cloud de son environnement applicatif\"}]},{\"@type\":\"WebSite\",\"@id\":\"https:\/\/www.capgemini.com\/be-en\/#website\",\"url\":\"https:\/\/www.capgemini.com\/be-en\/\",\"name\":\"Capgemini Belgium\",\"description\":\"Capgemini\",\"potentialAction\":[{\"@type\":\"SearchAction\",\"target\":{\"@type\":\"EntryPoint\",\"urlTemplate\":\"https:\/\/www.capgemini.com\/be-en\/?s={search_term_string}\"},\"query-input\":\"required name=search_term_string\"}],\"inLanguage\":\"en-US\"}]}<\/script>\n<!-- \/ Yoast SEO Premium plugin. -->","yoast_head_json":{"title":"Capgemini choisi par un grand constructeur automobile allemand pour acc\u00e9l\u00e9rer la transformation cloud de son environnement applicatif - Capgemini Belgium","robots":{"index":"index","follow":"follow","max-snippet":"max-snippet:-1","max-image-preview":"max-image-preview:large","max-video-preview":"max-video-preview:-1"},"canonical":"https:\/\/www.capgemini.com\/be-en\/news\/press-releases\/capgemini-choisi-par-un-grand-constructeur-automobile-allemand-pour-accelerer-la-transformation-cloud-de-son-environnement-applicatif\/","og_locale":"en_US","og_type":"article","og_title":"Capgemini choisi par un grand constructeur automobile allemand pour acc\u00e9l\u00e9rer la transformation cloud de son environnement applicatif","og_url":"https:\/\/www.capgemini.com\/be-en\/news\/press-releases\/capgemini-choisi-par-un-grand-constructeur-automobile-allemand-pour-accelerer-la-transformation-cloud-de-son-environnement-applicatif\/","og_site_name":"Capgemini Belgium","article_modified_time":"2025-03-27T04:32:33+00:00","og_image":[{"width":1200,"height":627,"url":"https:\/\/www.capgemini.com\/be-en\/wp-content\/uploads\/sites\/14\/2025\/10\/New-Web-preview-global.jpg","type":"image\/jpeg"}],"twitter_card":"summary_large_image","schema":{"@context":"https:\/\/schema.org","@graph":[{"@type":"WebPage","@id":"https:\/\/www.capgemini.com\/be-en\/news\/press-releases\/capgemini-choisi-par-un-grand-constructeur-automobile-allemand-pour-accelerer-la-transformation-cloud-de-son-environnement-applicatif\/","url":"https:\/\/www.capgemini.com\/be-en\/news\/press-releases\/capgemini-choisi-par-un-grand-constructeur-automobile-allemand-pour-accelerer-la-transformation-cloud-de-son-environnement-applicatif\/","name":"Capgemini choisi par un grand constructeur automobile allemand pour acc\u00e9l\u00e9rer la transformation cloud de son environnement applicatif - Capgemini Belgium","isPartOf":{"@id":"https:\/\/www.capgemini.com\/be-en\/#website"},"datePublished":"2021-07-29T23:22:00+00:00","dateModified":"2025-03-27T04:32:33+00:00","breadcrumb":{"@id":"https:\/\/www.capgemini.com\/be-en\/news\/press-releases\/capgemini-choisi-par-un-grand-constructeur-automobile-allemand-pour-accelerer-la-transformation-cloud-de-son-environnement-applicatif\/#breadcrumb"},"inLanguage":"en-US","potentialAction":[{"@type":"ReadAction","target":["https:\/\/www.capgemini.com\/be-en\/news\/press-releases\/capgemini-choisi-par-un-grand-constructeur-automobile-allemand-pour-accelerer-la-transformation-cloud-de-son-environnement-applicatif\/"]}]},{"@type":"BreadcrumbList","@id":"https:\/\/www.capgemini.com\/be-en\/news\/press-releases\/capgemini-choisi-par-un-grand-constructeur-automobile-allemand-pour-accelerer-la-transformation-cloud-de-son-environnement-applicatif\/#breadcrumb","itemListElement":[{"@type":"ListItem","position":1,"name":"Press Releases","item":"https:\/\/www.capgemini.com\/be-en\/news\/"},{"@type":"ListItem","position":2,"name":"Capgemini choisi par un grand constructeur automobile allemand pour acc\u00e9l\u00e9rer la transformation cloud de son environnement applicatif"}]},{"@type":"WebSite","@id":"https:\/\/www.capgemini.com\/be-en\/#website","url":"https:\/\/www.capgemini.com\/be-en\/","name":"Capgemini Belgium","description":"Capgemini","potentialAction":[{"@type":"SearchAction","target":{"@type":"EntryPoint","urlTemplate":"https:\/\/www.capgemini.com\/be-en\/?s={search_term_string}"},"query-input":"required name=search_term_string"}],"inLanguage":"en-US"}]}},"parsely":{"version":"1.1.0","canonical_url":"https:\/\/capgemini.com\/be-en\/news\/press-releases\/capgemini-choisi-par-un-grand-constructeur-automobile-allemand-pour-accelerer-la-transformation-cloud-de-son-environnement-applicatif\/","smart_links":{"inbound":0,"outbound":0},"traffic_boost_suggestions_count":0,"meta":{"@context":"https:\/\/schema.org","@type":"NewsArticle","headline":"Capgemini choisi par un grand constructeur automobile allemand pour acc\u00e9l\u00e9rer la transformation cloud de son environnement applicatif","url":"https:\/\/www.capgemini.com\/be-en\/news\/press-releases\/capgemini-choisi-par-un-grand-constructeur-automobile-allemand-pour-accelerer-la-transformation-cloud-de-son-environnement-applicatif\/","mainEntityOfPage":{"@type":"WebPage","@id":"https:\/\/www.capgemini.com\/be-en\/news\/press-releases\/capgemini-choisi-par-un-grand-constructeur-automobile-allemand-pour-accelerer-la-transformation-cloud-de-son-environnement-applicatif\/"},"thumbnailUrl":"","image":{"@type":"ImageObject","url":""},"articleSection":"Uncategorized","author":[],"creator":[],"publisher":{"@type":"Organization","name":"Capgemini Belgium","logo":""},"keywords":[],"dateCreated":"2021-07-29T23:22:00Z","datePublished":"2021-07-29T23:22:00Z","dateModified":"2025-03-27T04:32:33Z"},"rendered":"<meta name=\"parsely-title\" content=\"Capgemini choisi par un grand constructeur automobile allemand pour acc\u00e9l\u00e9rer la transformation cloud de son environnement applicatif\" \/>\n<meta name=\"parsely-link\" content=\"https:\/\/www.capgemini.com\/be-en\/news\/press-releases\/capgemini-choisi-par-un-grand-constructeur-automobile-allemand-pour-accelerer-la-transformation-cloud-de-son-environnement-applicatif\/\" \/>\n<meta name=\"parsely-type\" content=\"post\" \/>\n<meta name=\"parsely-pub-date\" content=\"2021-07-29T23:22:00Z\" \/>\n<meta name=\"parsely-section\" content=\"Uncategorized\" \/>","tracker_url":"https:\/\/cdn.parsely.com\/keys\/capgemini.com\/p.js"},"archive_status":false,"featured_image_src":"https:\/\/www.capgemini.com\/be-en\/wp-content\/themes\/capgemini2025\/assets\/images\/mockup.png","featured_image_alt":false,"jetpack_sharing_enabled":true,"distributor_meta":false,"distributor_terms":false,"distributor_media":false,"distributor_original_site_name":"Capgemini Belgium","distributor_original_site_url":"https:\/\/www.capgemini.com\/be-en","push-errors":false,"tag_names":[],"_links":{"self":[{"href":"https:\/\/www.capgemini.com\/be-en\/wp-json\/wp\/v2\/press-release\/836765","targetHints":{"allow":["GET"]}}],"collection":[{"href":"https:\/\/www.capgemini.com\/be-en\/wp-json\/wp\/v2\/press-release"}],"about":[{"href":"https:\/\/www.capgemini.com\/be-en\/wp-json\/wp\/v2\/types\/press-release"}],"author":[{"embeddable":true,"href":"https:\/\/www.capgemini.com\/be-en\/wp-json\/wp\/v2\/users\/336"}],"version-history":[{"count":2,"href":"https:\/\/www.capgemini.com\/be-en\/wp-json\/wp\/v2\/press-release\/836765\/revisions"}],"predecessor-version":[{"id":871797,"href":"https:\/\/www.capgemini.com\/be-en\/wp-json\/wp\/v2\/press-release\/836765\/revisions\/871797"}],"wp:attachment":[{"href":"https:\/\/www.capgemini.com\/be-en\/wp-json\/wp\/v2\/media?parent=836765"}],"wp:term":[{"taxonomy":"post_tag","embeddable":true,"href":"https:\/\/www.capgemini.com\/be-en\/wp-json\/wp\/v2\/tags?post=836765"},{"taxonomy":"press-release-type","embeddable":true,"href":"https:\/\/www.capgemini.com\/be-en\/wp-json\/wp\/v2\/press-release-type?post=836765"},{"taxonomy":"brand","embeddable":true,"href":"https:\/\/www.capgemini.com\/be-en\/wp-json\/wp\/v2\/brand?post=836765"}],"curies":[{"name":"wp","href":"https:\/\/api.w.org\/{rel}","templated":true}]}}