{"id":111182,"date":"2021-06-25T14:43:00","date_gmt":"2021-06-25T14:43:00","guid":{"rendered":"https:\/\/www.capgemini.com\/au-en\/?post_type=press-release&#038;p=111182"},"modified":"2025-02-10T05:40:09","modified_gmt":"2025-02-10T05:40:09","slug":"skatteverket-och-kronofogden-valjer-capgemini-for-nytt-ramavtal-avseende-uppdragstjanster-inom-applikationsomradet","status":"publish","type":"press-release","link":"https:\/\/www.capgemini.com\/au-en\/news\/press-releases\/skatteverket-och-kronofogden-valjer-capgemini-for-nytt-ramavtal-avseende-uppdragstjanster-inom-applikationsomradet\/","title":{"rendered":"Skatteverket och Kronofogden v\u00e4ljer Capgemini f\u00f6r nytt ramavtal avseende uppdragstj\u00e4nster inom applikationsomr\u00e5det"},"content":{"rendered":"\n<p class=\"wp-block-paragraph\"><\/p>\n\n\n\t\t<div class=\"wp-block-cg-blocks-hero-press-release\">\n\t\t\t<header class=\"header-hero-press-release\" role=\"main\" id=\"main-content-press-release\">\n\t\t\t\t<div class=\"container\">\n\t\t\t\t\t<div class=\"hero-press-release\">\n\t\t\t\t\t\t<div class=\"hero-press-release-content-wrapper\">\n\t\t\t\t\t\t\t<div class=\"row\">\n\t\t\t\t\t\t\t\t<div class=\"col-12\">\n\t\t\t\t\t\t\t\t\t<div class=\"header-title\">\n\t\t\t\t\t\t\t\t\t\t<h1>\n\t\t\t\t\t\t\t\t\t\t\tSkatteverket och Kronofogden v\u00e4ljer Capgemini f\u00f6r nytt ramavtal avseende uppdragstj\u00e4nster inom applikationsomr\u00e5det\t\t\t\t\t\t\t\t\t\t<\/h1>\n\t\t\t\t\t\t\t\t\t<\/div>\n\t\t\t\t\t\t\t\t\t<div class=\"header-description\">\n\t\t\t\t\t\t\t\t\t\t<p><\/p>\n\t\t\t\t\t\t\t\t\t<\/div>\n\t\t\t\t\t\t\t\t\t\t\t\t\t\t\t\t\t\t<div class=\"header-date\">\n\t\t\t\t\t\t\t\t\t\t<span>Jun 25, 2021<\/span>\n\t\t\t\t\t\t\t\t\t<\/div>\n\t\t\t\t\t\t\t\t<\/div>\n\t\t\t\t\t\t\t<\/div>\n\t\t\t\t\t\t<\/div>\n\t\t\t\t\t\t\t\t\t\t\t\t\t\t\t\t\t<\/div>\n\t\t\t\t<\/div>\n\t\t\t<\/header>\n\t\t<\/div>\n\t\t\n\n\n<section class=\"wp-block-cg-blocks-intro-para undefined section section--intro\"><div class=\"intro-para\"><div class=\"container\"><div class=\"row\"><div class=\"col-12 col-md-1\"><nav class=\"article-social\"><ul class=\"social-nav\"><li class=\"ip-order-fb\"><a href=\"https:\/\/www.facebook.com\/sharer\/sharer.php?u=https:\/\/www.capgemini.com\/au-en\/news\/press-releases\/skatteverket-och-kronofogden-valjer-capgemini-for-nytt-ramavtal-avseende-uppdragstjanster-inom-applikationsomradet\/\" target=\"_blank\" rel=\"noopener noreferrer\" title=\"opens in a new window\"><i aria-hidden=\"true\" class=\"icon-fb\"><\/i><span class=\"sr-only\">Facebook<\/span><\/a><\/li><li class=\"ip-order-tw\"><a href=\"https:\/\/twitter.com\/intent\/tweet?url=https:\/\/www.capgemini.com\/au-en\/news\/press-releases\/skatteverket-och-kronofogden-valjer-capgemini-for-nytt-ramavtal-avseende-uppdragstjanster-inom-applikationsomradet\/&amp;text=Skatteverket och Kronofogden v\u00e4ljer Capgemini f\u00f6r nytt ramavtal avseende uppdragstj\u00e4nster inom applikationsomr\u00e5det\" target=\"_blank\" rel=\"noopener noreferrer\" title=\"opens in a new window\"><i aria-hidden=\"true\" class=\"icon-tw\"><\/i><span class=\"sr-only\">Twitter<\/span><\/a><\/li><li class=\"ip-order-li\"><a href=\"https:\/\/www.linkedin.com\/sharing\/share-offsite\/?url=https:\/\/www.capgemini.com\/au-en\/news\/press-releases\/skatteverket-och-kronofogden-valjer-capgemini-for-nytt-ramavtal-avseende-uppdragstjanster-inom-applikationsomradet\/&amp;text=Skatteverket och Kronofogden v\u00e4ljer Capgemini f\u00f6r nytt ramavtal avseende uppdragstj\u00e4nster inom applikationsomr\u00e5det\" target=\"_blank\" rel=\"noopener noreferrer\" title=\"opens in a new window\"><i aria-hidden=\"true\" class=\"icon-li\"><\/i><span class=\"sr-only\">Linkedin<\/span><\/a><\/li><\/ul><\/nav><\/div><div class=\"col-12 col-md-11 col-lg-10\"><h2 class=\"intro-para-title\"><strong>Stockholm, 25 June, 2021 \u2013 Skatteverket och Kronofogden har valt <a href=\"https:\/\/www.capgemini.com\/au-en\/\">Capgemini Sverige<\/a> AB som en av fyra huvudleverant\u00f6rer avseende uppdragstj\u00e4nster inom applikationsomr\u00e5det. Ramavtalet g\u00e4ller i 2 \u00e5r med m\u00f6jlighet till f\u00f6rl\u00e4ngning i ytterligare 2 \u00e5r.\u00a0 Efter mer \u00e4n ett decennium av n\u00e4ra samarbete forts\u00e4tter Capgemini vara en tydlig digitaliseringspartner f\u00f6r framtiden.<\/strong><\/h2><\/div><\/div><\/div><\/div><\/section>\n\n\n\n<section class=\"wp-block-cg-blocks-group undefined section section--article-content\"><div class=\"article-main-content\"><div class=\"container\"><div class=\"row\"><div class=\"col-12 col-md-11 col-lg-10 offset-md-1 offset-lg-1\"><div class=\"article-text article-quote-text\">\n<p class=\"wp-block-paragraph\">Avtalet omfattar hela Sverige, men utf\u00f6randet av uppdragstj\u00e4nsterna \u00e4r till st\u00f6rsta del koncentrerat till Solna\/Sundbyberg. Vissa tj\u00e4nster utf\u00f6rs \u00e4ven i G\u00f6teborg, Ume\u00e5, Visby, V\u00e4ster\u00e5s och \u00d6stersund.<\/p>\n\n\n\n<p class=\"wp-block-paragraph\">Ramavtalet inkluderar olika former av uppdrag, fr\u00e5n analys och f\u00f6rstudier till agila team samt kompetensf\u00f6rs\u00f6rjnings- och utvecklingsuppdrag, men \u00e4ven andra typer av uppdrag som omfattas av avtalet. Samarbetet t\u00e4cker kompetensomr\u00e5den inom bland annat ledning och styrning, system- och webbutveckling, analys och design samt arkitektur och s\u00e4kerhet.<\/p>\n\n\n\n<p class=\"wp-block-paragraph\"><em>\u2012 <\/em><em>Vi har varit partner till Skatteverket och Kronofogden i mer \u00e4n 14 \u00e5r och det \u00e4r med stolthet och \u00f6dmjukhet vi tackar f\u00f6r det f\u00f6rnyade f\u00f6rtroendet. Vi ser fram emot att forts\u00e4tta vara en del av Skatteverket och Kronofogdens f\u00e4rd mot \u00f6kad digitalisering och f\u00f6rnyelse under de n\u00e4stkommande \u00e5ren, s\u00e4ger <\/em>Lars Kullberg, Aff\u00e4rsomr\u00e5deschef f\u00f6r Offentlig sektor p\u00e5 Capgemini i Sverige.<\/p>\n\n\n\n<p class=\"wp-block-paragraph\"><strong>Om Capgemini<\/strong><\/p>\n\n\n\n<p class=\"wp-block-paragraph\">Capgemini \u00e4r v\u00e4rldsledande n\u00e4r det g\u00e4ller att hj\u00e4lpa kunder att driva och utveckla sina verksamheter genom den potential och de m\u00f6jligheter som skapas av teknik. Koncernen har som ledstj\u00e4rna att med teknikens hj\u00e4lp frig\u00f6ra m\u00e4nsklig energi som kan anv\u00e4ndas till att bygga en h\u00e5llbar och inkluderande framtid. Organisationen pr\u00e4glas av m\u00e5ngfald och ansvar och har 270 000 medarbetare i n\u00e4stan 50 l\u00e4nder. Med 50 \u00e5rs erfarenhet och djup branschexpertis \u00e4r Capgemini en trygg partner som kan hantera hela bredden av kundernas aff\u00e4r, fr\u00e5n strategi till drift, och alltid i takt med den senaste utvecklingen f\u00f6r innovationsomr\u00e5den som molnet, data, AI, uppkopplade enheter, mjukvara, digital ingenj\u00f6rskonst och nya plattformar. Koncernen rapporterade globala int\u00e4kter p\u00e5 16 miljarder Euro f\u00f6r 2020.<\/p>\n\n\n\n<p class=\"wp-block-paragraph\">Get the Future You Want | <a href=\"http:\/\/www.capgemini.com\">www.capgemini.com<\/a><\/p>\n\n\n<div class=\"wp-block-cg-blocks-cg-block-related-content\"><section class=\"relatedContentBlock\"><div class=\"container\"><div class=\"row\"><div class=\"content-title col-12 col-md-8\"><h2 class=\"related-content-heading\">Related News<\/h2><\/div><\/div><div class=\"row relatedContent\"><div class=\"col-lg-4 col-md-6 col-xs-12\">\n\t\t\t\t\t\t\t<div class=\"box\">\n\t\t\t\t\t\t\t\t<a aria-label=\"Read more about Capgemini upgrades its 2026 outlook\" href=\"https:\/\/www.capgemini.com\/au-en\/news\/press-releases\/capgemini-upgrades-its-2026-outlook\/\" class=\"anchorWrapper\">\n\t\t\t\t\t\t\t\t\t<span class=\"box-tag\"><span>Financial news<\/span><\/span>\n\t\t\t\t\t\t\t\t\t<div class=\"box-title\"><h3 class=\"box-subtitle\">Capgemini upgrades its 2026 outlook<\/h3><\/div>\n\t\t\t\t\t\t\t\t\t<div class=\"box-date\">\n\t\t\t\t\t\t\t\t\t\t<span>Jul 30, 2026<\/span>\n\t\t\t\t\t\t\t\t\t<\/div>\n\t\t\t\t\t\t\t\t<\/a>\n\t\t\t\t\t\t\t\t<div class=\"box-bottom\">\n\t\t\t\t\t\t\t\t\t<a class=\"link-download\" href=\"https:\/\/www.capgemini.com\/wp-content\/uploads\/2026\/07\/Capgemini_-_2026-07-30_-_2026_Half-year_Results.pdf\" aria-label=\"Download Press Release\" target=\"_blank\" rel=\"noopener noreferrer\" title=\"Opens in a new window\">\n\t\t\t\t\t\t\t<span>Download press release<\/span>\n\t\t\t\t\t\t\t<span>262 KB PDF<\/span>\n\t\t\t\t\t\t<\/a>\n\t\t\t\t\t\t\t\t\t<a class=\"more\" aria-label=\"Read more about Capgemini upgrades its 2026 outlook\" href=\"https:\/\/www.capgemini.com\/au-en\/news\/press-releases\/capgemini-upgrades-its-2026-outlook\/\">Read more about<\/a>\n\t\t\t\t\t\t\t\t<\/div>\n\t\t\t\t\t\t\t<\/div>\n\t\t\t\t\t\t<\/div><div class=\"col-lg-4 col-md-6 col-xs-12\">\n\t\t\t\t\t\t\t<div class=\"box\">\n\t\t\t\t\t\t\t\t<a aria-label=\"Read more about Capgemini named by Gartner\u00ae as a Market Shaper in the Gartner\u00ae Emerging Market Quadrant for \u2018Physical AI Services \u2013 Established Vendors\u2019\" href=\"https:\/\/www.capgemini.com\/au-en\/news\/press-releases\/capgemini-named-by-gartner-as-a-market-shaper-in-the-gartner-emerging-market-quadrant-for-physical-ai-services-established-vendors\/\" class=\"anchorWrapper\">\n\t\t\t\t\t\t\t\t\t<span class=\"box-tag\"><span>Awards and recognition<\/span><\/span>\n\t\t\t\t\t\t\t\t\t<div class=\"box-title\"><h3 class=\"box-subtitle\">Capgemini named by Gartner\u00ae as a Market Shaper in the Gartner\u00ae Emerging Market Quadrant for \u2018Physical AI Services \u2013 Established Vendors\u2019<\/h3><\/div>\n\t\t\t\t\t\t\t\t\t<div class=\"box-date\">\n\t\t\t\t\t\t\t\t\t\t<span>Jul 17, 2026<\/span>\n\t\t\t\t\t\t\t\t\t<\/div>\n\t\t\t\t\t\t\t\t<\/a>\n\t\t\t\t\t\t\t\t<div class=\"box-bottom\">\n\t\t\t\t\t\t\t\t\t<a class=\"link-download\" href=\"https:\/\/www.capgemini.com\/wp-content\/uploads\/2026\/07\/260716_Physical-AI-Gartner-recognition-Capgemini.pdf\" aria-label=\"Download Press Release\" target=\"_blank\" rel=\"noopener noreferrer\" title=\"Opens in a new window\">\n\t\t\t\t\t\t\t<span>Download press release<\/span>\n\t\t\t\t\t\t\t<span>131 KB PDF<\/span>\n\t\t\t\t\t\t<\/a>\n\t\t\t\t\t\t\t\t\t<a class=\"more\" aria-label=\"Read more about Capgemini named by Gartner\u00ae as a Market Shaper in the Gartner\u00ae Emerging Market Quadrant for \u2018Physical AI Services \u2013 Established Vendors\u2019\" href=\"https:\/\/www.capgemini.com\/au-en\/news\/press-releases\/capgemini-named-by-gartner-as-a-market-shaper-in-the-gartner-emerging-market-quadrant-for-physical-ai-services-established-vendors\/\">Read more about<\/a>\n\t\t\t\t\t\t\t\t<\/div>\n\t\t\t\t\t\t\t<\/div>\n\t\t\t\t\t\t<\/div><div class=\"col-lg-4 col-md-6 col-xs-12\">\n\t\t\t\t\t\t\t<div class=\"box\">\n\t\t\t\t\t\t\t\t<a aria-label=\"Read more about Capgemini and the Tour de France bring fans personalized, AI-powered insights with \u2018Inside My Race\u2019\" href=\"https:\/\/www.capgemini.com\/au-en\/news\/press-releases\/capgemini-and-the-tour-de-france-bring-fans-personalized-ai-powered-insights-with-inside-my-race\/\" class=\"anchorWrapper\">\n\t\t\t\t\t\t\t\t\t<span class=\"box-tag\"><span>Sponsorship news<\/span><\/span>\n\t\t\t\t\t\t\t\t\t<div class=\"box-title\"><h3 class=\"box-subtitle\">Capgemini and the Tour de France bring fans personalized, AI-powered insights with \u2018Inside My Race\u2019<\/h3><\/div>\n\t\t\t\t\t\t\t\t\t<div class=\"box-date\">\n\t\t\t\t\t\t\t\t\t\t<span>Jul 2, 2026<\/span>\n\t\t\t\t\t\t\t\t\t<\/div>\n\t\t\t\t\t\t\t\t<\/a>\n\t\t\t\t\t\t\t\t<div class=\"box-bottom\">\n\t\t\t\t\t\t\t\t\t<a class=\"link-download\" href=\"https:\/\/www.capgemini.com\/wp-content\/uploads\/2026\/07\/07_02_Joint-Press-Release_Capgemini_TdF_Inside-My-Race.pdf\" aria-label=\"Download Press Release\" target=\"_blank\" rel=\"noopener noreferrer\" title=\"Opens in a new window\">\n\t\t\t\t\t\t\t<span>Download press release<\/span>\n\t\t\t\t\t\t\t<span>149 KB PDF<\/span>\n\t\t\t\t\t\t<\/a>\n\t\t\t\t\t\t\t\t\t<a class=\"more\" aria-label=\"Read more about Capgemini and the Tour de France bring fans personalized, AI-powered insights with \u2018Inside My Race\u2019\" href=\"https:\/\/www.capgemini.com\/au-en\/news\/press-releases\/capgemini-and-the-tour-de-france-bring-fans-personalized-ai-powered-insights-with-inside-my-race\/\">Read more about<\/a>\n\t\t\t\t\t\t\t\t<\/div>\n\t\t\t\t\t\t\t<\/div>\n\t\t\t\t\t\t<\/div><\/div><\/div><\/section><\/div><\/div><\/div><\/div><\/div><\/div><\/section>\n","protected":false},"excerpt":{"rendered":"","protected":false},"author":336,"featured_media":0,"template":"","meta":{"cg_dt_proposed_to":[],"cg_seo_hreflang_relations":"[]","cg_seo_canonical_relation":"{\"uuid\":\"82d5d754-4a7d-4dc5-8590-237e15a3a201\",\"blogId\":\"\",\"domain\":\"\",\"sitePath\":\"\",\"postLink\":\"\",\"postId\":null,\"isSaved\":false,\"isCrossLink\":false,\"hasCrossLink\":false}","cg_seo_hreflang_x_default_relation":"{\"uuid\":\"e2411716-901f-4c2b-982e-92e3f84dcef3\",\"blogId\":\"\",\"domain\":\"\",\"sitePath\":\"\",\"postLink\":\"\",\"postId\":null,\"isSaved\":false,\"isCrossLink\":false,\"hasCrossLink\":false}","cg_dt_approved_content":true,"cg_dt_mandatory_content":false,"cg_dt_notes":"","cg_dg_source_changed":false,"cg_dt_link_disabled":false,"footnotes":"","related_resource_url":"","related_resource_id":0,"related_resource_size":"","related_resource_type":"","cg_author":0,"featured_focal_points":""},"tags":[],"press-release-type":[],"brand":[],"class_list":["post-111182","press-release","type-press-release","status-publish","hentry"],"yoast_head":"<!-- This site is optimized with the Yoast SEO Premium plugin v27.7 (Yoast SEO v27.8) - https:\/\/yoast.com\/product\/yoast-seo-premium-wordpress\/ -->\n<title>Skatteverket och Kronofogden v\u00e4ljer Capgemini f\u00f6r nytt ramavtal avseende uppdragstj\u00e4nster inom applikationsomr\u00e5det - Capgemini Australia<\/title>\n<meta name=\"robots\" content=\"index, follow, max-snippet:-1, max-image-preview:large, max-video-preview:-1\" \/>\n<link rel=\"canonical\" href=\"https:\/\/www.capgemini.com\/au-en\/news\/press-releases\/skatteverket-och-kronofogden-valjer-capgemini-for-nytt-ramavtal-avseende-uppdragstjanster-inom-applikationsomradet\/\" \/>\n<meta property=\"og:locale\" content=\"en_US\" \/>\n<meta property=\"og:type\" content=\"article\" \/>\n<meta property=\"og:title\" content=\"Skatteverket och Kronofogden v\u00e4ljer Capgemini f\u00f6r nytt ramavtal avseende uppdragstj\u00e4nster inom applikationsomr\u00e5det\" \/>\n<meta property=\"og:url\" content=\"https:\/\/www.capgemini.com\/au-en\/news\/press-releases\/skatteverket-och-kronofogden-valjer-capgemini-for-nytt-ramavtal-avseende-uppdragstjanster-inom-applikationsomradet\/\" \/>\n<meta property=\"og:site_name\" content=\"Capgemini Australia\" \/>\n<meta property=\"article:modified_time\" content=\"2025-02-10T05:40:09+00:00\" \/>\n<meta name=\"twitter:card\" content=\"summary_large_image\" \/>\n<meta name=\"twitter:label1\" content=\"Est. reading time\" \/>\n\t<meta name=\"twitter:data1\" content=\"2 minutes\" \/>\n<script type=\"application\/ld+json\" class=\"yoast-schema-graph\">{\"@context\":\"https:\\\/\\\/schema.org\",\"@graph\":[{\"@type\":\"WebPage\",\"@id\":\"https:\\\/\\\/www.capgemini.com\\\/au-en\\\/news\\\/press-releases\\\/skatteverket-och-kronofogden-valjer-capgemini-for-nytt-ramavtal-avseende-uppdragstjanster-inom-applikationsomradet\\\/\",\"url\":\"https:\\\/\\\/www.capgemini.com\\\/au-en\\\/news\\\/press-releases\\\/skatteverket-och-kronofogden-valjer-capgemini-for-nytt-ramavtal-avseende-uppdragstjanster-inom-applikationsomradet\\\/\",\"name\":\"Skatteverket och Kronofogden v\u00e4ljer Capgemini f\u00f6r nytt ramavtal avseende uppdragstj\u00e4nster inom applikationsomr\u00e5det - Capgemini Australia\",\"isPartOf\":{\"@id\":\"https:\\\/\\\/www.capgemini.com\\\/au-en\\\/#website\"},\"datePublished\":\"2021-06-25T14:43:00+00:00\",\"dateModified\":\"2025-02-10T05:40:09+00:00\",\"breadcrumb\":{\"@id\":\"https:\\\/\\\/www.capgemini.com\\\/au-en\\\/news\\\/press-releases\\\/skatteverket-och-kronofogden-valjer-capgemini-for-nytt-ramavtal-avseende-uppdragstjanster-inom-applikationsomradet\\\/#breadcrumb\"},\"inLanguage\":\"en-US\",\"potentialAction\":[{\"@type\":\"ReadAction\",\"target\":[\"https:\\\/\\\/www.capgemini.com\\\/au-en\\\/news\\\/press-releases\\\/skatteverket-och-kronofogden-valjer-capgemini-for-nytt-ramavtal-avseende-uppdragstjanster-inom-applikationsomradet\\\/\"]}]},{\"@type\":\"BreadcrumbList\",\"@id\":\"https:\\\/\\\/www.capgemini.com\\\/au-en\\\/news\\\/press-releases\\\/skatteverket-och-kronofogden-valjer-capgemini-for-nytt-ramavtal-avseende-uppdragstjanster-inom-applikationsomradet\\\/#breadcrumb\",\"itemListElement\":[{\"@type\":\"ListItem\",\"position\":1,\"name\":\"Home\",\"item\":\"https:\\\/\\\/www.capgemini.com\\\/au-en\\\/\"},{\"@type\":\"ListItem\",\"position\":2,\"name\":\"Skatteverket och Kronofogden v\u00e4ljer Capgemini f\u00f6r nytt ramavtal avseende uppdragstj\u00e4nster inom applikationsomr\u00e5det\"}]},{\"@type\":\"WebSite\",\"@id\":\"https:\\\/\\\/www.capgemini.com\\\/au-en\\\/#website\",\"url\":\"https:\\\/\\\/www.capgemini.com\\\/au-en\\\/\",\"name\":\"Capgemini Australia\",\"description\":\"Capgemini\",\"potentialAction\":[{\"@type\":\"SearchAction\",\"target\":{\"@type\":\"EntryPoint\",\"urlTemplate\":\"https:\\\/\\\/www.capgemini.com\\\/au-en\\\/?s={search_term_string}\"},\"query-input\":{\"@type\":\"PropertyValueSpecification\",\"valueRequired\":true,\"valueName\":\"search_term_string\"}}],\"inLanguage\":\"en-US\"}]}<\/script>\n<!-- \/ Yoast SEO Premium plugin. -->","yoast_head_json":{"title":"Skatteverket och Kronofogden v\u00e4ljer Capgemini f\u00f6r nytt ramavtal avseende uppdragstj\u00e4nster inom applikationsomr\u00e5det - Capgemini Australia","robots":{"index":"index","follow":"follow","max-snippet":"max-snippet:-1","max-image-preview":"max-image-preview:large","max-video-preview":"max-video-preview:-1"},"canonical":"https:\/\/www.capgemini.com\/au-en\/news\/press-releases\/skatteverket-och-kronofogden-valjer-capgemini-for-nytt-ramavtal-avseende-uppdragstjanster-inom-applikationsomradet\/","og_locale":"en_US","og_type":"article","og_title":"Skatteverket och Kronofogden v\u00e4ljer Capgemini f\u00f6r nytt ramavtal avseende uppdragstj\u00e4nster inom applikationsomr\u00e5det","og_url":"https:\/\/www.capgemini.com\/au-en\/news\/press-releases\/skatteverket-och-kronofogden-valjer-capgemini-for-nytt-ramavtal-avseende-uppdragstjanster-inom-applikationsomradet\/","og_site_name":"Capgemini Australia","article_modified_time":"2025-02-10T05:40:09+00:00","twitter_card":"summary_large_image","twitter_misc":{"Est. reading time":"2 minutes"},"schema":{"@context":"https:\/\/schema.org","@graph":[{"@type":"WebPage","@id":"https:\/\/www.capgemini.com\/au-en\/news\/press-releases\/skatteverket-och-kronofogden-valjer-capgemini-for-nytt-ramavtal-avseende-uppdragstjanster-inom-applikationsomradet\/","url":"https:\/\/www.capgemini.com\/au-en\/news\/press-releases\/skatteverket-och-kronofogden-valjer-capgemini-for-nytt-ramavtal-avseende-uppdragstjanster-inom-applikationsomradet\/","name":"Skatteverket och Kronofogden v\u00e4ljer Capgemini f\u00f6r nytt ramavtal avseende uppdragstj\u00e4nster inom applikationsomr\u00e5det - Capgemini Australia","isPartOf":{"@id":"https:\/\/www.capgemini.com\/au-en\/#website"},"datePublished":"2021-06-25T14:43:00+00:00","dateModified":"2025-02-10T05:40:09+00:00","breadcrumb":{"@id":"https:\/\/www.capgemini.com\/au-en\/news\/press-releases\/skatteverket-och-kronofogden-valjer-capgemini-for-nytt-ramavtal-avseende-uppdragstjanster-inom-applikationsomradet\/#breadcrumb"},"inLanguage":"en-US","potentialAction":[{"@type":"ReadAction","target":["https:\/\/www.capgemini.com\/au-en\/news\/press-releases\/skatteverket-och-kronofogden-valjer-capgemini-for-nytt-ramavtal-avseende-uppdragstjanster-inom-applikationsomradet\/"]}]},{"@type":"BreadcrumbList","@id":"https:\/\/www.capgemini.com\/au-en\/news\/press-releases\/skatteverket-och-kronofogden-valjer-capgemini-for-nytt-ramavtal-avseende-uppdragstjanster-inom-applikationsomradet\/#breadcrumb","itemListElement":[{"@type":"ListItem","position":1,"name":"Home","item":"https:\/\/www.capgemini.com\/au-en\/"},{"@type":"ListItem","position":2,"name":"Skatteverket och Kronofogden v\u00e4ljer Capgemini f\u00f6r nytt ramavtal avseende uppdragstj\u00e4nster inom applikationsomr\u00e5det"}]},{"@type":"WebSite","@id":"https:\/\/www.capgemini.com\/au-en\/#website","url":"https:\/\/www.capgemini.com\/au-en\/","name":"Capgemini Australia","description":"Capgemini","potentialAction":[{"@type":"SearchAction","target":{"@type":"EntryPoint","urlTemplate":"https:\/\/www.capgemini.com\/au-en\/?s={search_term_string}"},"query-input":{"@type":"PropertyValueSpecification","valueRequired":true,"valueName":"search_term_string"}}],"inLanguage":"en-US"}]}},"parsely":{"version":"1.1.0","canonical_url":"https:\/\/capgemini.com\/au-en\/news\/press-releases\/skatteverket-och-kronofogden-valjer-capgemini-for-nytt-ramavtal-avseende-uppdragstjanster-inom-applikationsomradet\/","smart_links":{"inbound":0,"outbound":0},"traffic_boost_suggestions_count":0,"meta":{"@context":"https:\/\/schema.org","@type":"NewsArticle","headline":"Skatteverket och Kronofogden v\u00e4ljer Capgemini f\u00f6r nytt ramavtal avseende uppdragstj\u00e4nster inom applikationsomr\u00e5det","url":"https:\/\/www.capgemini.com\/au-en\/news\/press-releases\/skatteverket-och-kronofogden-valjer-capgemini-for-nytt-ramavtal-avseende-uppdragstjanster-inom-applikationsomradet\/","mainEntityOfPage":{"@type":"WebPage","@id":"https:\/\/www.capgemini.com\/au-en\/news\/press-releases\/skatteverket-och-kronofogden-valjer-capgemini-for-nytt-ramavtal-avseende-uppdragstjanster-inom-applikationsomradet\/"},"thumbnailUrl":"","image":{"@type":"ImageObject","url":""},"articleSection":"Uncategorized","author":[],"creator":[],"publisher":{"@type":"Organization","name":"Capgemini Australia","logo":""},"keywords":[],"dateCreated":"2021-06-25T14:43:00Z","datePublished":"2021-06-25T14:43:00Z","dateModified":"2025-02-10T05:40:09Z"},"rendered":"<meta name=\"parsely-title\" content=\"Skatteverket och Kronofogden v\u00e4ljer Capgemini f\u00f6r nytt ramavtal avseende uppdragstj\u00e4nster inom applikationsomr\u00e5det\" \/>\n<meta name=\"parsely-link\" content=\"https:\/\/www.capgemini.com\/au-en\/news\/press-releases\/skatteverket-och-kronofogden-valjer-capgemini-for-nytt-ramavtal-avseende-uppdragstjanster-inom-applikationsomradet\/\" \/>\n<meta name=\"parsely-type\" content=\"post\" \/>\n<meta name=\"parsely-pub-date\" content=\"2021-06-25T14:43:00Z\" \/>\n<meta name=\"parsely-section\" content=\"Uncategorized\" \/>","tracker_url":"https:\/\/cdn.parsely.com\/keys\/capgemini.com\/p.js"},"archive_status":false,"featured_image_src":"https:\/\/www.capgemini.com\/au-en\/wp-content\/themes\/capgemini2025\/assets\/images\/mockup.png","featured_image_alt":false,"jetpack_sharing_enabled":true,"distributor_meta":false,"distributor_terms":false,"distributor_media":false,"distributor_original_site_name":"Capgemini Australia","distributor_original_site_url":"https:\/\/www.capgemini.com\/au-en","push-errors":false,"tag_names":[],"_links":{"self":[{"href":"https:\/\/www.capgemini.com\/au-en\/wp-json\/wp\/v2\/press-release\/111182","targetHints":{"allow":["GET"]}}],"collection":[{"href":"https:\/\/www.capgemini.com\/au-en\/wp-json\/wp\/v2\/press-release"}],"about":[{"href":"https:\/\/www.capgemini.com\/au-en\/wp-json\/wp\/v2\/types\/press-release"}],"author":[{"embeddable":true,"href":"https:\/\/www.capgemini.com\/au-en\/wp-json\/wp\/v2\/users\/336"}],"version-history":[{"count":2,"href":"https:\/\/www.capgemini.com\/au-en\/wp-json\/wp\/v2\/press-release\/111182\/revisions"}],"predecessor-version":[{"id":531377,"href":"https:\/\/www.capgemini.com\/au-en\/wp-json\/wp\/v2\/press-release\/111182\/revisions\/531377"}],"wp:attachment":[{"href":"https:\/\/www.capgemini.com\/au-en\/wp-json\/wp\/v2\/media?parent=111182"}],"wp:term":[{"taxonomy":"post_tag","embeddable":true,"href":"https:\/\/www.capgemini.com\/au-en\/wp-json\/wp\/v2\/tags?post=111182"},{"taxonomy":"press-release-type","embeddable":true,"href":"https:\/\/www.capgemini.com\/au-en\/wp-json\/wp\/v2\/press-release-type?post=111182"},{"taxonomy":"brand","embeddable":true,"href":"https:\/\/www.capgemini.com\/au-en\/wp-json\/wp\/v2\/brand?post=111182"}],"curies":[{"name":"wp","href":"https:\/\/api.w.org\/{rel}","templated":true}]}}