{"id":1394,"date":"2019-12-03T13:27:00","date_gmt":"2019-12-03T13:27:00","guid":{"rendered":"https:\/\/www.capgemini.com\/at-de\/?post_type=press-release&#038;p=1394"},"modified":"2026-01-20T08:47:25","modified_gmt":"2026-01-20T08:47:25","slug":"capgemini-beim-world-climate-summit-2019","status":"publish","type":"press-release","link":"https:\/\/www.capgemini.com\/at-de\/news\/press-releases\/capgemini-beim-world-climate-summit-2019\/","title":{"rendered":"Capgemini beim World Climate Summit 2019"},"content":{"rendered":"\t\t<div class=\"wp-block-cg-blocks-hero-press-release\">\n\t\t\t<header class=\"header-hero-press-release\" role=\"main\" id=\"main-content-press-release\">\n\t\t\t\t<div class=\"container\">\n\t\t\t\t\t<div class=\"hero-press-release\">\n\t\t\t\t\t\t<div class=\"hero-press-release-content-wrapper\">\n\t\t\t\t\t\t\t<div class=\"row\">\n\t\t\t\t\t\t\t\t<div class=\"col-12\">\n\t\t\t\t\t\t\t\t\t<div class=\"header-title\">\n\t\t\t\t\t\t\t\t\t\t<h1>\n\t\t\t\t\t\t\t\t\t\t\tCapgemini beim World Climate Summit 2019\t\t\t\t\t\t\t\t\t\t<\/h1>\n\t\t\t\t\t\t\t\t\t<\/div>\n\t\t\t\t\t\t\t\t\t<div class=\"header-description\">\n\t\t\t\t\t\t\t\t\t\t<p><\/p>\n\t\t\t\t\t\t\t\t\t<\/div>\n\t\t\t\t\t\t\t\t\t\t\t\t\t\t\t\t\t\t<div class=\"header-date\">\n\t\t\t\t\t\t\t\t\t\t<span>Dec 3, 2019<\/span>\n\t\t\t\t\t\t\t\t\t<\/div>\n\t\t\t\t\t\t\t\t<\/div>\n\t\t\t\t\t\t\t<\/div>\n\t\t\t\t\t\t<\/div>\n\t\t\t\t\t\t\t\t\t\t\t\t\t<div class=\"hero-press-release-downloads\">\n\t\t\t\t\t\t\t\t<div class=\"row\">\n\t\t\t\t\t\t\t\t\t\t\t\t\t\t\t\t\t\t\t<div class=\"col-12 col-md-6 col-lg-3\">\n\t\t\t\t\t\t\t\t\t\t\t<a class=\"download-item\" type=\"download\" href=\"https:\/\/www.capgemini.com\/at-de\/wp-content\/uploads\/sites\/11\/2021\/09\/News_Capgemini_World-Climate-Summit.pdf\" target=\"_blank\" rel=\"noopener noreferrer\" title=\"Opens in a new window\">\n\t\t\t\t\t\t\t\t\t\t\t\t<div class=\"download-icon\"><\/div>\n\t\t\t\t\t\t\t\t\t\t\t\t<div class=\"download-details\">\n\t\t\t\t\t\t\t\t\t\t\t\t\t<div class=\"download-title\">Download press release<\/div>\n\t\t\t\t\t\t\t\t\t\t\t\t\t<div class=\"download-props\">102 KB  pdf<\/div>\n\t\t\t\t\t\t\t\t\t\t\t\t<\/div>\n\t\t\t\t\t\t\t\t\t\t\t<\/a>\n\t\t\t\t\t\t\t\t\t\t<\/div>\n\t\t\t\t\t\t\t\t\t\t\t\t\t\t\t\t\t\t\t\t<div class=\"col-12 col-md-6 col-lg-3\">\n\t\t\t\t\t\t\t\t\t\t\t<a class=\"download-item\" type=\"download\" href=\"https:\/\/www.capgemini.com\/at-de\/wp-content\/uploads\/sites\/11\/2021\/09\/POV_Capgemini_Sustainable-Business-Revolution-2030.pdf\" target=\"_blank\" rel=\"noopener noreferrer\" title=\"Opens in a new window\">\n\t\t\t\t\t\t\t\t\t\t\t\t<div class=\"download-icon\"><\/div>\n\t\t\t\t\t\t\t\t\t\t\t\t<div class=\"download-details\">\n\t\t\t\t\t\t\t\t\t\t\t\t\t<div class=\"download-title\">Download press release<\/div>\n\t\t\t\t\t\t\t\t\t\t\t\t\t<div class=\"download-props\">2 MB  pdf<\/div>\n\t\t\t\t\t\t\t\t\t\t\t\t<\/div>\n\t\t\t\t\t\t\t\t\t\t\t<\/a>\n\t\t\t\t\t\t\t\t\t\t<\/div>\n\t\t\t\t\t\t\t\t\t\t\t\t\t\t\t\t\t\t<\/div>\n\t\t\t\t\t\t\t<\/div>\n\t\t\t\t\t\t\t\t\t\t\t\t\t\t\t\t\t<\/div>\n\t\t\t\t<\/div>\n\t\t\t<\/header>\n\t\t<\/div>\n\t\t\n\n\n<section class=\"wp-block-cg-blocks-group undefined section section--article-content section--story-content article-body\"><div class=\"article-main-content\"><div class=\"container\"><div class=\"row\"><div class=\"col-12 col-md-11 col-lg-10 offset-md-1 offset-lg-1\"><div class=\"article-text article-quote-text\">\n<p><strong>Wie k\u00f6nnen und m\u00fcssen sich Unternehmen im globalen Wirtschaftssystem in den n\u00e4chsten Jahren ver\u00e4ndern, um die Ziele des Weltklimarates der Vereinten Nationen zu erreichen? Capgemini Invent gibt Einblicke in diese Fragestellungen und unterst\u00fctzt als globaler Partner den World Climate Summit, der am 8. Dezember in Madrid stattfindet. Im Mittelpunkt der Diskussionen stehen Strategien zur Reduzierung der Treibhausgasemissionen um 45 Prozent bis 2030 \u2013 und Klimaneutralit\u00e4t bis zur Mitte des Jahrhunderts.<\/strong><\/p>\n\n\n\n<p>F\u00fchrungskr\u00e4fte aus der gesamten Capgemini-Gruppe nehmen an Podiumsdiskussionen zu den Themen Elektrifizierung der Mobilit\u00e4t und den Aufbau von Smart Cities teil. Cyril Garcia, CEO von Capgemini Invent, h\u00e4lt zudem die Abschlussrede mit dem Titel \u201cBusiness for 2030 \u2013 Bridging the gap in Finance and Technical Capacity to Meet the Challenges of Climate Change\u201d.<\/p>\n\n\n\n<p>Im Rahmen des Gipfels wird Capgemini Invent auch den k\u00fcrzlich ver\u00f6ffentlichten Point of View \u201e<a href=\"https:\/\/www.capgemini.com\/de-de\/resources\/the-sustainable-business-revolution-2030\">Sustainable Business Revolution 2030<\/a>\u201c vorstellen, der sich mit dem Klimawandel und den Herausforderungen f\u00fcr Unternehmen befasst.<\/p>\n\n\n\n<p><strong>\u00dcbersicht der teilnehmenden Sprecher von Capgemini beim Weltklimagipfel am 8. Dezember 2019:<\/strong><\/p>\n\n\n\n<p>Building Smart Cities \u2013 The Role of Net-Zero Technologies<br>10.00 \u2013 11.00 Uhr<br>Sprecher: Florent Andrillon, Energy Transition Global Lead, Capgemini Invent<\/p>\n\n\n\n<p>Electrifying Mobility \u2013 On the Road towards Zero-Emission Transportation<br>13.30 \u2013 14.30 Uhr<br>Sprecher: Markus Winkler, Group Head of Automotive &amp; Mobility, Capgemini Group<\/p>\n\n\n\n<p>Abschlussveranstaltung: Business for 2030 \u2013 Bridging the Gap in Finance and Technical Capacity Necessary to Meet the Challenges of Climate Change<br>17.00 \u2013 18.00 Uhr<br>Keynote: Cyril Garcia, CEO, Capgemini Invent<\/p>\n\n\n\n<p><em>Den vollst\u00e4ndigen englischsprachigen News Alert finden Sie unten sowie zum Download f\u00fcr Sie bereitgestellt (oben rechts).<\/em><\/p>\n\n\n\n<p>NEWS ALERT<\/p>\n\n\n\n<p><strong>World Climate Summit 2019: Capgemini to present its insights on how organizations must innovate toward the Net-Zero Economy<\/strong><\/p>\n\n\n\n<p><strong><a href=\"https:\/\/www.capgemini.com\/service\/invent\/\">Capgemini Invent<\/a>, part of the <a href=\"https:\/\/www.capgemini.com\/\">Capgemini Group<\/a>, will present its insights on how businesses can transform the way they operate within the global economic system in the coming decade, to meet the United Nations Intergovernmental Panel on Climate Change (IPCC) targets. As its first global partner, Capgemini Invent will be joined by other international organizations at the <a href=\"https:\/\/www.capgemini.com\/events\/wcs-2019\/\">World Climate Summit<\/a> in Madrid, on December 8, 2019. Discussions will focus on strategies to achieve a 45% reduction in greenhouse gas emissions by 2030 \u2013 and net zero emissions by the middle of this century.<\/strong><\/p>\n\n\n\n<p>Executives from across the Capgemini Group will be participating in panel discussions around electrifying mobility and building smarter cities, and Capgemini Invent\u2019s CEO, Cyril Garcia, will provide the closing keynote on \u201cBusiness for 2030 \u2013 Bridging the gap in Finance and Technical Capacity to Meet the Challenges of Climate Change.\u201d<\/p>\n\n\n\n<p><em>\u201eNo organization will thrive in the decades beyond 2030 without having sustainability embedded in their core, so we need to start designing and building ecosystems with interlinked technology platforms that share information today, not tomorrow,\u201d<\/em> said Cyril Garcia, CEO of Capgemini Invent and member of the Group Executive Board. <em>\u201cThe scale of the transformation required to tackle climate change across every business sector is significant and delivering the needed reductions in carbon emissions must go well beyond incremental efficiency. It will involve radical business reinvention. Achieving this will demand new thinking, new strategies, innovative new business models, and the adoption of new technologies, interlinked platforms and partner ecosystems. This is all feasible, but there is no time to waste.\u201d<\/em><\/p>\n\n\n\n<p>During the summit Capgemini Invent will also share its recently published paper on \u201c<a href=\"https:\/\/www.capgemini.com\/resources\/the-sustainable-business-revolution-2030\/\">Sustainable Business Revolution 2030<\/a>\u201d which looks at the climate emergency and the challenge for businesses; reinventing business models by doing things differently with technology; why ecosystems are needed; and a vision for the automotive, energy and mobility sectors for 2030. The paper includes a series of case studies from Capgemini Group client work that has been addressing these sustainability issues. For example, SK Group, a telecommunications conglomerate, worked with Capgemini Invent on a future vision looking at a 30-year horizon:<\/p>\n\n\n\n<p>Ian Huh, Senior Vice President of SK Telecom, said: <em>\u201cEnergy, connectivity and data are coming together like never before and SK Group is determined to seize the opportunities that this presents. Capgemini Invent\u2019s research and proposals for transformative future innovation at SK Group reached into every corner of the energy value chain, from demand response and energy efficiency to battery networks in homes, microgrids and exponential connectivity in a world where energy demand is expected to triple through to 2050. We identified a gameboard of multiple areas of transformation with the opportunity to ignite new business models, which will inform SK\u2019s innovation efforts in 2020 and beyond.\u201d<\/em><\/p>\n\n\n\n<p>Speakers from the Capgemini Group will participate in the following panels during the summit:<\/p>\n\n\n\n<p><strong>Building Smart Cities \u2013 The Role of Net- Zero Technologies<\/strong><br>Hours: 10:00 \u2013 11:00<br><strong>Speaker: Florent Andrillon, Energy Transition Global Lead, Capgemini Invent<\/strong><\/p>\n\n\n\n<p><strong>Electrifying Mobility \u2013 On the Road towards Zero-Emission Transportation<\/strong><br>Hours: 13:30 \u2013 14:30<br><strong>Speaker: Markus Winkler, Group Head of Automotive &amp; Mobility, Capgemini Group<\/strong><\/p>\n\n\n\n<p><strong>Closing Session: Business for 2030 \u2013 Bridging the Gap in Finance and Technical Capacity Necessary to Meet the Challenges of Climate Change<\/strong><br>Hours: 17:00 \u2013 18:00<br><strong>Keynote: Cyril Garcia, CEO, Capgemini Invent<\/strong><\/p>\n\n\n\n<p><strong>About Capgemini Invent<\/strong><br>As the digital innovation, consulting and transformation brand of the Capgemini Group, Capgemini Invent helps CxOs envision and build what\u2019s next for their organizations. Located in more than 30 offices and 25 creative studios around the world, its 7,000+ strong team combines strategy, technology, data science and creative design with deep industry expertise and insights, to develop new digital solutions and business models of the future.<br>Capgemini Invent is an integral part of Capgemini, a global leader in consulting, technology services and digital transformation. The Group is at the forefront of innovation to address the entire breadth of clients\u2019 opportunities in the evolving world of cloud, digital and platforms. Building on its strong 50-year heritage and deep industry-specific expertise, Capgemini enables organizations to realize their business ambitions through an array of services from strategy to operations. Capgemini is driven by the conviction that the business value of technology comes from and through people. It is a multicultural company of over 200,000 team members in more than 40 countries. The Group reported 2018 global revenues of EUR 13.2 billion. People matter, results count.<\/p>\n\n\n\n<p>Visit us at <a href=\"http:\/\/www.capgemini.com\/invent\">www.capgemini.com\/invent<\/a>.<\/p>\n\n\n<div class=\"wp-block-cg-blocks-cg-block-related-content\"><section class=\"relatedContentBlock\"><div class=\"container\"><div class=\"row\"><div class=\"content-title col-12 col-md-8\"><h2 class=\"related-content-heading\">Related News<\/h2><\/div><\/div><div class=\"row relatedContent\"><div class=\"col-lg-4 col-md-6 col-xs-12\">\n\t\t\t\t\t\t\t<div class=\"box\">\n\t\t\t\t\t\t\t\t<a aria-label=\"Read more about Reindustrialisierung tritt in Europa und den USA in selektivere, strategischere Phase ein\" href=\"https:\/\/www.capgemini.com\/at-de\/news\/press-releases\/reindustrialisierung-tritt-in-europa-und-den-usa-in-selektivere-strategischere-phase-ein\/\" class=\"anchorWrapper\">\n\t\t\t\t\t\t\t\t\t<span class=\"box-tag\"><span>Reports<\/span><\/span>\n\t\t\t\t\t\t\t\t\t<div class=\"box-title\"><h3 class=\"box-subtitle\">Reindustrialisierung tritt in Europa und den USA in selektivere, strategischere Phase ein<\/h3><\/div>\n\t\t\t\t\t\t\t\t\t<div class=\"box-date\">\n\t\t\t\t\t\t\t\t\t\t<span>Apr 22, 2026<\/span>\n\t\t\t\t\t\t\t\t\t<\/div>\n\t\t\t\t\t\t\t\t\t<div class=\"box-bottom\">\n\t\t\t\t\t\t\t\t\t\t\n\t\t\t\t\t\t\t\t\t\t<a class=\"more\" aria-label=\"Read more about Reindustrialisierung tritt in Europa und den USA in selektivere, strategischere Phase ein\" href=\"https:\/\/www.capgemini.com\/at-de\/news\/press-releases\/reindustrialisierung-tritt-in-europa-und-den-usa-in-selektivere-strategischere-phase-ein\/\">Read more about<\/a>\n\t\t\t\t\t\t\t\t\t<\/div>\n\t\t\t\t\t\t\t\t<\/a>\n\t\t\t\t\t\t\t<\/div>\n\t\t\t\t\t\t<\/div><div class=\"col-lg-4 col-md-6 col-xs-12\">\n\t\t\t\t\t\t\t<div class=\"box\">\n\t\t\t\t\t\t\t\t<a aria-label=\"Read more about Unternehmen sehen \u201aPhysical AI\u2018 als Wendepunkt f\u00fcr Robotereinsatz\" href=\"https:\/\/www.capgemini.com\/at-de\/news\/press-releases\/unternehmen-sehen-physical-ai-als-wendepunkt-fur-robotereinsatz\/\" class=\"anchorWrapper\">\n\t\t\t\t\t\t\t\t\t<span class=\"box-tag\"><span>Reports<\/span><\/span>\n\t\t\t\t\t\t\t\t\t<div class=\"box-title\"><h3 class=\"box-subtitle\">Unternehmen sehen \u201aPhysical AI\u2018 als Wendepunkt f\u00fcr Robotereinsatz<\/h3><\/div>\n\t\t\t\t\t\t\t\t\t<div class=\"box-date\">\n\t\t\t\t\t\t\t\t\t\t<span>Apr 20, 2026<\/span>\n\t\t\t\t\t\t\t\t\t<\/div>\n\t\t\t\t\t\t\t\t\t<div class=\"box-bottom\">\n\t\t\t\t\t\t\t\t\t\t&lt;a class=&quot;link-download&quot; href=&quot;https:\/\/www.capgemini.com\/at-de\/wp-content\/uploads\/sites\/11\/2026\/04\/20260420__Physical-AI-CRI-Report.pdf&quot; aria-label=&quot;Download Press Release&quot; target=&quot;_blank&quot;  type=&quot;download&quot; title=&quot;Opens in a new window&quot;&gt;\n\t\t\t\t\t\t\t&lt;span&gt;Download press release&lt;\/span&gt;\n\t\t\t\t\t\t\t&lt;span&gt;174 KB PDF&lt;\/span&gt;\n\t\t\t\t\t\t&lt;\/a&gt;\n\t\t\t\t\t\t\t\t\t\t<a class=\"more\" aria-label=\"Read more about Unternehmen sehen \u201aPhysical AI\u2018 als Wendepunkt f\u00fcr Robotereinsatz\" href=\"https:\/\/www.capgemini.com\/at-de\/news\/press-releases\/unternehmen-sehen-physical-ai-als-wendepunkt-fur-robotereinsatz\/\">Read more about<\/a>\n\t\t\t\t\t\t\t\t\t<\/div>\n\t\t\t\t\t\t\t\t<\/a>\n\t\t\t\t\t\t\t<\/div>\n\t\t\t\t\t\t<\/div><div class=\"col-lg-4 col-md-6 col-xs-12\">\n\t\t\t\t\t\t\t<div class=\"box\">\n\t\t\t\t\t\t\t\t<a aria-label=\"Read more about Studie: 85 Prozent der Firmenkunden wenden sich k\u00fcnftig an Nicht-Banken, Private Capital versch\u00e4rft den Wettbewerb\" href=\"https:\/\/www.capgemini.com\/at-de\/news\/press-releases\/studie-85-prozent-der-firmenkunden-wenden-sich-kunftig-an-nicht-banken-private-capital-verscharft-den-wettbewerb\/\" class=\"anchorWrapper\">\n\t\t\t\t\t\t\t\t\t<span class=\"box-tag\"><span>Reports<\/span><\/span>\n\t\t\t\t\t\t\t\t\t<div class=\"box-title\"><h3 class=\"box-subtitle\">Studie: 85 Prozent der Firmenkunden wenden sich k\u00fcnftig an Nicht-Banken, Private Capital versch\u00e4rft den Wettbewerb<\/h3><\/div>\n\t\t\t\t\t\t\t\t\t<div class=\"box-date\">\n\t\t\t\t\t\t\t\t\t\t<span>Mar 17, 2026<\/span>\n\t\t\t\t\t\t\t\t\t<\/div>\n\t\t\t\t\t\t\t\t\t<div class=\"box-bottom\">\n\t\t\t\t\t\t\t\t\t\t\n\t\t\t\t\t\t\t\t\t\t<a class=\"more\" aria-label=\"Read more about Studie: 85 Prozent der Firmenkunden wenden sich k\u00fcnftig an Nicht-Banken, Private Capital versch\u00e4rft den Wettbewerb\" href=\"https:\/\/www.capgemini.com\/at-de\/news\/press-releases\/studie-85-prozent-der-firmenkunden-wenden-sich-kunftig-an-nicht-banken-private-capital-verscharft-den-wettbewerb\/\">Read more about<\/a>\n\t\t\t\t\t\t\t\t\t<\/div>\n\t\t\t\t\t\t\t\t<\/a>\n\t\t\t\t\t\t\t<\/div>\n\t\t\t\t\t\t<\/div><\/div><\/div><\/section><\/div><\/div><\/div><\/div><\/div><\/div><\/section>\n","protected":false},"excerpt":{"rendered":"","protected":false},"author":39,"featured_media":0,"template":"","meta":{"cg_dt_proposed_to":[],"cg_seo_hreflang_relations":"[]","cg_seo_canonical_relation":"","cg_seo_hreflang_x_default_relation":"{\"uuid\":\"8f132568-f6a2-464c-a6bd-6a546730ff19\",\"blogId\":\"\",\"domain\":\"\",\"sitePath\":\"\",\"postLink\":\"\",\"postId\":null,\"isSaved\":false,\"isCrossLink\":false,\"hasCrossLink\":false}","cg_dt_approved_content":true,"cg_dt_mandatory_content":false,"cg_dt_notes":"","cg_dg_source_changed":false,"cg_dt_link_disabled":false,"footnotes":"","related_resource_url":"https:\/\/www.capgemini.com\/at-de\/wp-content\/uploads\/sites\/11\/2021\/09\/News_Capgemini_World-Climate-Summit.pdf","related_resource_id":1395,"related_resource_size":"102 KB","related_resource_type":"pdf","cg_author":0,"featured_focal_points":""},"tags":[],"press-release-type":[],"brand":[],"class_list":["post-1394","press-release","type-press-release","status-publish","hentry"],"yoast_head":"<!-- This site is optimized with the Yoast SEO Premium plugin v22.8 (Yoast SEO v22.8) - https:\/\/yoast.com\/wordpress\/plugins\/seo\/ -->\n<title>Capgemini beim World Climate Summit 2019 - Capgemini Austria<\/title>\n<meta name=\"robots\" content=\"index, follow, max-snippet:-1, max-image-preview:large, max-video-preview:-1\" \/>\n<link rel=\"canonical\" href=\"https:\/\/www.capgemini.com\/at-de\/news\/press-releases\/capgemini-beim-world-climate-summit-2019\/\" \/>\n<meta property=\"og:locale\" content=\"en_US\" \/>\n<meta property=\"og:type\" content=\"article\" \/>\n<meta property=\"og:title\" content=\"Capgemini beim World Climate Summit 2019\" \/>\n<meta property=\"og:url\" content=\"https:\/\/www.capgemini.com\/at-de\/news\/press-releases\/capgemini-beim-world-climate-summit-2019\/\" \/>\n<meta property=\"og:site_name\" content=\"Capgemini Austria\" \/>\n<meta property=\"article:modified_time\" content=\"2026-01-20T08:47:25+00:00\" \/>\n<meta property=\"og:image\" content=\"https:\/\/www.capgemini.com\/at-de\/wp-content\/uploads\/sites\/11\/2025\/10\/New-Web-preview-global.jpg\" \/>\n\t<meta property=\"og:image:width\" content=\"1200\" \/>\n\t<meta property=\"og:image:height\" content=\"627\" \/>\n\t<meta property=\"og:image:type\" content=\"image\/jpeg\" \/>\n<meta name=\"twitter:card\" content=\"summary_large_image\" \/>\n<script type=\"application\/ld+json\" class=\"yoast-schema-graph\">{\"@context\":\"https:\/\/schema.org\",\"@graph\":[{\"@type\":\"WebPage\",\"@id\":\"https:\/\/www.capgemini.com\/at-de\/news\/press-releases\/capgemini-beim-world-climate-summit-2019\/\",\"url\":\"https:\/\/www.capgemini.com\/at-de\/news\/press-releases\/capgemini-beim-world-climate-summit-2019\/\",\"name\":\"Capgemini beim World Climate Summit 2019 - Capgemini Austria\",\"isPartOf\":{\"@id\":\"https:\/\/www.capgemini.com\/at-de\/#website\"},\"datePublished\":\"2019-12-03T13:27:00+00:00\",\"dateModified\":\"2026-01-20T08:47:25+00:00\",\"breadcrumb\":{\"@id\":\"https:\/\/www.capgemini.com\/at-de\/news\/press-releases\/capgemini-beim-world-climate-summit-2019\/#breadcrumb\"},\"inLanguage\":\"en-US\",\"potentialAction\":[{\"@type\":\"ReadAction\",\"target\":[\"https:\/\/www.capgemini.com\/at-de\/news\/press-releases\/capgemini-beim-world-climate-summit-2019\/\"]}]},{\"@type\":\"BreadcrumbList\",\"@id\":\"https:\/\/www.capgemini.com\/at-de\/news\/press-releases\/capgemini-beim-world-climate-summit-2019\/#breadcrumb\",\"itemListElement\":[{\"@type\":\"ListItem\",\"position\":1,\"name\":\"Home\",\"item\":\"https:\/\/www.capgemini.com\/at-de\/\"},{\"@type\":\"ListItem\",\"position\":2,\"name\":\"Press Releases\",\"item\":\"https:\/\/www.capgemini.com\/at-de\/news\/\"},{\"@type\":\"ListItem\",\"position\":3,\"name\":\"Capgemini beim World Climate Summit 2019\"}]},{\"@type\":\"WebSite\",\"@id\":\"https:\/\/www.capgemini.com\/at-de\/#website\",\"url\":\"https:\/\/www.capgemini.com\/at-de\/\",\"name\":\"Capgemini Austria\",\"description\":\"Capgemini\",\"potentialAction\":[{\"@type\":\"SearchAction\",\"target\":{\"@type\":\"EntryPoint\",\"urlTemplate\":\"https:\/\/www.capgemini.com\/at-de\/?s={search_term_string}\"},\"query-input\":\"required name=search_term_string\"}],\"inLanguage\":\"en-US\"}]}<\/script>\n<!-- \/ Yoast SEO Premium plugin. -->","yoast_head_json":{"title":"Capgemini beim World Climate Summit 2019 - Capgemini Austria","robots":{"index":"index","follow":"follow","max-snippet":"max-snippet:-1","max-image-preview":"max-image-preview:large","max-video-preview":"max-video-preview:-1"},"canonical":"https:\/\/www.capgemini.com\/at-de\/news\/press-releases\/capgemini-beim-world-climate-summit-2019\/","og_locale":"en_US","og_type":"article","og_title":"Capgemini beim World Climate Summit 2019","og_url":"https:\/\/www.capgemini.com\/at-de\/news\/press-releases\/capgemini-beim-world-climate-summit-2019\/","og_site_name":"Capgemini Austria","article_modified_time":"2026-01-20T08:47:25+00:00","og_image":[{"width":1200,"height":627,"url":"https:\/\/www.capgemini.com\/at-de\/wp-content\/uploads\/sites\/11\/2025\/10\/New-Web-preview-global.jpg","type":"image\/jpeg"}],"twitter_card":"summary_large_image","schema":{"@context":"https:\/\/schema.org","@graph":[{"@type":"WebPage","@id":"https:\/\/www.capgemini.com\/at-de\/news\/press-releases\/capgemini-beim-world-climate-summit-2019\/","url":"https:\/\/www.capgemini.com\/at-de\/news\/press-releases\/capgemini-beim-world-climate-summit-2019\/","name":"Capgemini beim World Climate Summit 2019 - Capgemini Austria","isPartOf":{"@id":"https:\/\/www.capgemini.com\/at-de\/#website"},"datePublished":"2019-12-03T13:27:00+00:00","dateModified":"2026-01-20T08:47:25+00:00","breadcrumb":{"@id":"https:\/\/www.capgemini.com\/at-de\/news\/press-releases\/capgemini-beim-world-climate-summit-2019\/#breadcrumb"},"inLanguage":"en-US","potentialAction":[{"@type":"ReadAction","target":["https:\/\/www.capgemini.com\/at-de\/news\/press-releases\/capgemini-beim-world-climate-summit-2019\/"]}]},{"@type":"BreadcrumbList","@id":"https:\/\/www.capgemini.com\/at-de\/news\/press-releases\/capgemini-beim-world-climate-summit-2019\/#breadcrumb","itemListElement":[{"@type":"ListItem","position":1,"name":"Home","item":"https:\/\/www.capgemini.com\/at-de\/"},{"@type":"ListItem","position":2,"name":"Press Releases","item":"https:\/\/www.capgemini.com\/at-de\/news\/"},{"@type":"ListItem","position":3,"name":"Capgemini beim World Climate Summit 2019"}]},{"@type":"WebSite","@id":"https:\/\/www.capgemini.com\/at-de\/#website","url":"https:\/\/www.capgemini.com\/at-de\/","name":"Capgemini Austria","description":"Capgemini","potentialAction":[{"@type":"SearchAction","target":{"@type":"EntryPoint","urlTemplate":"https:\/\/www.capgemini.com\/at-de\/?s={search_term_string}"},"query-input":"required name=search_term_string"}],"inLanguage":"en-US"}]}},"parsely":{"version":"1.1.0","canonical_url":"https:\/\/capgemini.com\/at-de\/news\/press-releases\/capgemini-beim-world-climate-summit-2019\/","smart_links":{"inbound":0,"outbound":0},"traffic_boost_suggestions_count":0,"meta":{"@context":"https:\/\/schema.org","@type":"NewsArticle","headline":"Capgemini beim World Climate Summit 2019","url":"https:\/\/www.capgemini.com\/at-de\/news\/press-releases\/capgemini-beim-world-climate-summit-2019\/","mainEntityOfPage":{"@type":"WebPage","@id":"https:\/\/www.capgemini.com\/at-de\/news\/press-releases\/capgemini-beim-world-climate-summit-2019\/"},"thumbnailUrl":"","image":{"@type":"ImageObject","url":""},"articleSection":"Uncategorized","author":[],"creator":[],"publisher":{"@type":"Organization","name":"Capgemini Austria","logo":""},"keywords":[],"dateCreated":"2019-12-03T13:27:00Z","datePublished":"2019-12-03T13:27:00Z","dateModified":"2026-01-20T08:47:25Z"},"rendered":"<meta name=\"parsely-title\" content=\"Capgemini beim World Climate Summit 2019\" \/>\n<meta name=\"parsely-link\" content=\"https:\/\/www.capgemini.com\/at-de\/news\/press-releases\/capgemini-beim-world-climate-summit-2019\/\" \/>\n<meta name=\"parsely-type\" content=\"post\" \/>\n<meta name=\"parsely-pub-date\" content=\"2019-12-03T13:27:00Z\" \/>\n<meta name=\"parsely-section\" content=\"Uncategorized\" \/>","tracker_url":"https:\/\/cdn.parsely.com\/keys\/capgemini.com\/p.js"},"archive_status":false,"featured_image_src":"https:\/\/www.capgemini.com\/at-de\/wp-content\/themes\/capgemini2025\/assets\/images\/mockup.png","featured_image_alt":false,"jetpack_sharing_enabled":true,"distributor_meta":false,"distributor_terms":false,"distributor_media":false,"distributor_original_site_name":"Capgemini Austria","distributor_original_site_url":"https:\/\/www.capgemini.com\/at-de","push-errors":false,"tag_names":[],"_links":{"self":[{"href":"https:\/\/www.capgemini.com\/at-de\/wp-json\/wp\/v2\/press-release\/1394","targetHints":{"allow":["GET"]}}],"collection":[{"href":"https:\/\/www.capgemini.com\/at-de\/wp-json\/wp\/v2\/press-release"}],"about":[{"href":"https:\/\/www.capgemini.com\/at-de\/wp-json\/wp\/v2\/types\/press-release"}],"author":[{"embeddable":true,"href":"https:\/\/www.capgemini.com\/at-de\/wp-json\/wp\/v2\/users\/39"}],"version-history":[{"count":2,"href":"https:\/\/www.capgemini.com\/at-de\/wp-json\/wp\/v2\/press-release\/1394\/revisions"}],"predecessor-version":[{"id":633221,"href":"https:\/\/www.capgemini.com\/at-de\/wp-json\/wp\/v2\/press-release\/1394\/revisions\/633221"}],"wp:attachment":[{"href":"https:\/\/www.capgemini.com\/at-de\/wp-json\/wp\/v2\/media?parent=1394"}],"wp:term":[{"taxonomy":"post_tag","embeddable":true,"href":"https:\/\/www.capgemini.com\/at-de\/wp-json\/wp\/v2\/tags?post=1394"},{"taxonomy":"press-release-type","embeddable":true,"href":"https:\/\/www.capgemini.com\/at-de\/wp-json\/wp\/v2\/press-release-type?post=1394"},{"taxonomy":"brand","embeddable":true,"href":"https:\/\/www.capgemini.com\/at-de\/wp-json\/wp\/v2\/brand?post=1394"}],"curies":[{"name":"wp","href":"https:\/\/api.w.org\/{rel}","templated":true}]}}