{"id":1343,"date":"2020-03-02T12:57:00","date_gmt":"2020-03-02T12:57:00","guid":{"rendered":"https:\/\/www.capgemini.com\/at-de\/?post_type=press-release&#038;p=1343"},"modified":"2026-01-20T08:47:08","modified_gmt":"2026-01-20T08:47:08","slug":"capgemini-und-audi-planen-joint-venture-mit-schwerpunkt-sap-und-cloud-services","status":"publish","type":"press-release","link":"https:\/\/www.capgemini.com\/at-de\/news\/press-releases\/capgemini-und-audi-planen-joint-venture-mit-schwerpunkt-sap-und-cloud-services\/","title":{"rendered":"Capgemini und Audi planen Joint Venture mit Schwerpunkt SAP und Cloud Services"},"content":{"rendered":"\t\t<div class=\"wp-block-cg-blocks-hero-press-release\">\n\t\t\t<header class=\"header-hero-press-release\" role=\"main\" id=\"main-content-press-release\">\n\t\t\t\t<div class=\"container\">\n\t\t\t\t\t<div class=\"hero-press-release\">\n\t\t\t\t\t\t<div class=\"hero-press-release-content-wrapper\">\n\t\t\t\t\t\t\t<div class=\"row\">\n\t\t\t\t\t\t\t\t<div class=\"col-12\">\n\t\t\t\t\t\t\t\t\t<div class=\"header-title\">\n\t\t\t\t\t\t\t\t\t\t<h1>\n\t\t\t\t\t\t\t\t\t\t\tCapgemini und Audi planen Joint Venture mit Schwerpunkt SAP und Cloud Services\t\t\t\t\t\t\t\t\t\t<\/h1>\n\t\t\t\t\t\t\t\t\t<\/div>\n\t\t\t\t\t\t\t\t\t<div class=\"header-description\">\n\t\t\t\t\t\t\t\t\t\t<p><\/p>\n\t\t\t\t\t\t\t\t\t<\/div>\n\t\t\t\t\t\t\t\t\t\t\t\t\t\t\t\t\t\t<div class=\"header-date\">\n\t\t\t\t\t\t\t\t\t\t<span>Mar 2, 2020<\/span>\n\t\t\t\t\t\t\t\t\t<\/div>\n\t\t\t\t\t\t\t\t<\/div>\n\t\t\t\t\t\t\t<\/div>\n\t\t\t\t\t\t<\/div>\n\t\t\t\t\t\t\t\t\t\t\t\t\t<div class=\"hero-press-release-downloads\">\n\t\t\t\t\t\t\t\t<div class=\"row\">\n\t\t\t\t\t\t\t\t\t\t\t\t\t\t\t\t\t\t\t<div class=\"col-12 col-md-6 col-lg-3\">\n\t\t\t\t\t\t\t\t\t\t\t<a class=\"download-item\" type=\"download\" href=\"https:\/\/www.capgemini.com\/at-de\/wp-content\/uploads\/sites\/11\/2021\/09\/2020-3-02-JV-AudiCapgemini_DE.pdf\" target=\"_blank\" rel=\"noopener noreferrer\" title=\"Opens in a new window\">\n\t\t\t\t\t\t\t\t\t\t\t\t<div class=\"download-icon\"><\/div>\n\t\t\t\t\t\t\t\t\t\t\t\t<div class=\"download-details\">\n\t\t\t\t\t\t\t\t\t\t\t\t\t<div class=\"download-title\">Download press release<\/div>\n\t\t\t\t\t\t\t\t\t\t\t\t\t<div class=\"download-props\">117 KB  pdf<\/div>\n\t\t\t\t\t\t\t\t\t\t\t\t<\/div>\n\t\t\t\t\t\t\t\t\t\t\t<\/a>\n\t\t\t\t\t\t\t\t\t\t<\/div>\n\t\t\t\t\t\t\t\t\t\t\t\t\t\t\t\t\t\t<\/div>\n\t\t\t\t\t\t\t<\/div>\n\t\t\t\t\t\t\t\t\t\t\t\t\t\t\t\t\t<\/div>\n\t\t\t\t<\/div>\n\t\t\t<\/header>\n\t\t<\/div>\n\t\t\n\n\n<section class=\"wp-block-cg-blocks-group undefined section section--article-content section--story-content article-body\"><div class=\"article-main-content\"><div class=\"container\"><div class=\"row\"><div class=\"col-12 col-md-11 col-lg-10 offset-md-1 offset-lg-1\"><div class=\"article-text article-quote-text\">\n<p><strong>Ingolstadt\/M\u00fcnchen, 2. M\u00e4rz 2020 \u2013 Capgemini und Audi haben heute die Gr\u00fcndung eines Joint Venture angek\u00fcndigt. Gegenstand des neuen Unternehmens ist die Erbringung von IT- und Beratungsleistungen, insbesondere im Bereich SAP S\/4HANA und Cloud Services. Beide Firmen haben eine Vereinbarung \u00fcber die Gr\u00fcndung dieses Gemeinschaftsunternehmens unterzeichnet. Der Vollzug der Transaktion folgt auf die beh\u00f6rdlichen Genehmigungen.<\/strong><\/p>\n\n\n\n<p>Capgemini und Audi arbeiten seit vielen Jahren bei der Entwicklung von L\u00f6sungen f\u00fcr die digitale Transformation und Co-Innovationen zusammen. Das Gemeinschaftsunternehmen wird diese Zusammenarbeit st\u00e4rken und eine optimale Nutzung der gemeinsamen F\u00e4higkeiten erm\u00f6glichen. Weitere Einzelheiten, wie der Name des neuen Unternehmens, werden zu gegebener Zeit ver\u00f6ffentlicht.<\/p>\n\n\n\n<p><strong>\u00dcber Capgemini<\/strong><\/p>\n\n\n\n<p>Capgemini ist einer der weltweit f\u00fchrenden Anbieter von Management- und IT-Beratung, Technologie-Services und Digitaler Transformation. Als ein Wegbereiter f\u00fcr Innovation unterst\u00fctzt das Unternehmen seine Kunden bei deren komplexen Herausforderungen rund um Cloud, Digital und Plattformen. Auf dem Fundament von 50 Jahren Erfahrung und umfangreichem branchenspezifischen Know-how hilft Capgemini seinen Kunden, ihre Gesch\u00e4ftsziele zu erreichen. Hierf\u00fcr steht ein komplettes Leistungsspektrum von der Strategieentwicklung bis zum Gesch\u00e4ftsbetrieb zur Verf\u00fcgung. Capgemini ist \u00fcberzeugt davon, dass der gesch\u00e4ftliche Wert von Technologie durch Menschen entsteht. Die Gruppe ist ein multikulturelles Unternehmen mit knapp 220.000 Mitarbeitern in mehr als 40 L\u00e4ndern, das im Jahr 2019 einen Umsatz von 14,1 Milliarden Euro erwirtschaftet hat.<\/p>\n\n\n\n<p>Mehr unter <a href=\"http:\/\/www.capgemini.com\/de\">www.capgemini.com\/de<\/a>. <em>People matter, results count.<\/em><\/p>\n\n\n\n<p><strong>\u00dcber Audi<\/strong><\/p>\n\n\n\n<p>Der Audi-Konzern mit seinen Marken Audi, Ducati und Lamborghini ist einer der erfolgreichsten Hersteller von Automobilen und Motorr\u00e4dern im Premiumsegment. Er ist weltweit in mehr als 100 M\u00e4rkten pr\u00e4sent und produziert an 18 Standorten in 13 L\u00e4ndern. 100 prozentige T\u00f6chter der AUDI AG sind unter anderem die Audi Sport GmbH (Neckarsulm), die Automobili Lamborghini S.p.A. (Sant\u2019Agata Bolognese\/Italien) und die Ducati Motor Holding S.p.A. (Bologna\/Italien).<\/p>\n\n\n\n<p>2018 hat der Audi-Konzern rund 1,812 Millionen Automobile der Marke Audi sowie 5.750 Sportwagen der Marke Lamborghini und 53.004 Motorr\u00e4der der Marke Ducati an Kunden ausgeliefert. Im Gesch\u00e4ftsjahr 2018 erzielte der Premiumhersteller bei einem Umsatz von \u20ac 59,2 Mrd. ein Operatives Ergebnis vor Sondereinfl\u00fcssen von \u20ac 4,7 Mrd. Zurzeit arbeiten weltweit rund 90.000 Menschen f\u00fcr das Unternehmen, davon mehr als 60.000 in Deutschland. Audi fokussiert auf nachhaltige Produkte und Technologien f\u00fcr die Zukunft der Mobilit\u00e4t.<\/p>\n\n\n\n<p><strong>Pressekontakt Audi<\/strong><br>Lisa Niermann<br>Pressesprecherin Finanz &amp; IT<br>Tel.: +49 841 982842<br>E-Mail: lisa.niermann@audi.de<\/p>\n\n\n\n<p><strong>Pressekontakt Capgemini<\/strong><br>Achim Schreiber<br>Tel.: +49 69 9515 1281<br>E-Mail: achim.schreiber@capgemini.com<\/p>\n\n\n<div class=\"wp-block-cg-blocks-cg-block-related-content\"><section class=\"relatedContentBlock\"><div class=\"container\"><div class=\"row\"><div class=\"content-title col-12 col-md-8\"><h2 class=\"related-content-heading\">Related News<\/h2><\/div><\/div><div class=\"row relatedContent\"><div class=\"col-lg-4 col-md-6 col-xs-12\">\n\t\t\t\t\t\t\t<div class=\"box\">\n\t\t\t\t\t\t\t\t<a aria-label=\"Read more about Reindustrialisierung tritt in Europa und den USA in selektivere, strategischere Phase ein\" href=\"https:\/\/www.capgemini.com\/at-de\/news\/press-releases\/reindustrialisierung-tritt-in-europa-und-den-usa-in-selektivere-strategischere-phase-ein\/\" class=\"anchorWrapper\">\n\t\t\t\t\t\t\t\t\t<span class=\"box-tag\"><span>Reports<\/span><\/span>\n\t\t\t\t\t\t\t\t\t<div class=\"box-title\"><h3 class=\"box-subtitle\">Reindustrialisierung tritt in Europa und den USA in selektivere, strategischere Phase ein<\/h3><\/div>\n\t\t\t\t\t\t\t\t\t<div class=\"box-date\">\n\t\t\t\t\t\t\t\t\t\t<span>Apr 22, 2026<\/span>\n\t\t\t\t\t\t\t\t\t<\/div>\n\t\t\t\t\t\t\t\t\t<div class=\"box-bottom\">\n\t\t\t\t\t\t\t\t\t\t\n\t\t\t\t\t\t\t\t\t\t<a class=\"more\" aria-label=\"Read more about Reindustrialisierung tritt in Europa und den USA in selektivere, strategischere Phase ein\" href=\"https:\/\/www.capgemini.com\/at-de\/news\/press-releases\/reindustrialisierung-tritt-in-europa-und-den-usa-in-selektivere-strategischere-phase-ein\/\">Read more about<\/a>\n\t\t\t\t\t\t\t\t\t<\/div>\n\t\t\t\t\t\t\t\t<\/a>\n\t\t\t\t\t\t\t<\/div>\n\t\t\t\t\t\t<\/div><div class=\"col-lg-4 col-md-6 col-xs-12\">\n\t\t\t\t\t\t\t<div class=\"box\">\n\t\t\t\t\t\t\t\t<a aria-label=\"Read more about Unternehmen sehen \u201aPhysical AI\u2018 als Wendepunkt f\u00fcr Robotereinsatz\" href=\"https:\/\/www.capgemini.com\/at-de\/news\/press-releases\/unternehmen-sehen-physical-ai-als-wendepunkt-fur-robotereinsatz\/\" class=\"anchorWrapper\">\n\t\t\t\t\t\t\t\t\t<span class=\"box-tag\"><span>Reports<\/span><\/span>\n\t\t\t\t\t\t\t\t\t<div class=\"box-title\"><h3 class=\"box-subtitle\">Unternehmen sehen \u201aPhysical AI\u2018 als Wendepunkt f\u00fcr Robotereinsatz<\/h3><\/div>\n\t\t\t\t\t\t\t\t\t<div class=\"box-date\">\n\t\t\t\t\t\t\t\t\t\t<span>Apr 20, 2026<\/span>\n\t\t\t\t\t\t\t\t\t<\/div>\n\t\t\t\t\t\t\t\t\t<div class=\"box-bottom\">\n\t\t\t\t\t\t\t\t\t\t&lt;a class=&quot;link-download&quot; href=&quot;https:\/\/www.capgemini.com\/at-de\/wp-content\/uploads\/sites\/11\/2026\/04\/20260420__Physical-AI-CRI-Report.pdf&quot; aria-label=&quot;Download Press Release&quot; target=&quot;_blank&quot;  type=&quot;download&quot; title=&quot;Opens in a new window&quot;&gt;\n\t\t\t\t\t\t\t&lt;span&gt;Download press release&lt;\/span&gt;\n\t\t\t\t\t\t\t&lt;span&gt;174 KB PDF&lt;\/span&gt;\n\t\t\t\t\t\t&lt;\/a&gt;\n\t\t\t\t\t\t\t\t\t\t<a class=\"more\" aria-label=\"Read more about Unternehmen sehen \u201aPhysical AI\u2018 als Wendepunkt f\u00fcr Robotereinsatz\" href=\"https:\/\/www.capgemini.com\/at-de\/news\/press-releases\/unternehmen-sehen-physical-ai-als-wendepunkt-fur-robotereinsatz\/\">Read more about<\/a>\n\t\t\t\t\t\t\t\t\t<\/div>\n\t\t\t\t\t\t\t\t<\/a>\n\t\t\t\t\t\t\t<\/div>\n\t\t\t\t\t\t<\/div><div class=\"col-lg-4 col-md-6 col-xs-12\">\n\t\t\t\t\t\t\t<div class=\"box\">\n\t\t\t\t\t\t\t\t<a aria-label=\"Read more about Studie: 85 Prozent der Firmenkunden wenden sich k\u00fcnftig an Nicht-Banken, Private Capital versch\u00e4rft den Wettbewerb\" href=\"https:\/\/www.capgemini.com\/at-de\/news\/press-releases\/studie-85-prozent-der-firmenkunden-wenden-sich-kunftig-an-nicht-banken-private-capital-verscharft-den-wettbewerb\/\" class=\"anchorWrapper\">\n\t\t\t\t\t\t\t\t\t<span class=\"box-tag\"><span>Reports<\/span><\/span>\n\t\t\t\t\t\t\t\t\t<div class=\"box-title\"><h3 class=\"box-subtitle\">Studie: 85 Prozent der Firmenkunden wenden sich k\u00fcnftig an Nicht-Banken, Private Capital versch\u00e4rft den Wettbewerb<\/h3><\/div>\n\t\t\t\t\t\t\t\t\t<div class=\"box-date\">\n\t\t\t\t\t\t\t\t\t\t<span>Mar 17, 2026<\/span>\n\t\t\t\t\t\t\t\t\t<\/div>\n\t\t\t\t\t\t\t\t\t<div class=\"box-bottom\">\n\t\t\t\t\t\t\t\t\t\t\n\t\t\t\t\t\t\t\t\t\t<a class=\"more\" aria-label=\"Read more about Studie: 85 Prozent der Firmenkunden wenden sich k\u00fcnftig an Nicht-Banken, Private Capital versch\u00e4rft den Wettbewerb\" href=\"https:\/\/www.capgemini.com\/at-de\/news\/press-releases\/studie-85-prozent-der-firmenkunden-wenden-sich-kunftig-an-nicht-banken-private-capital-verscharft-den-wettbewerb\/\">Read more about<\/a>\n\t\t\t\t\t\t\t\t\t<\/div>\n\t\t\t\t\t\t\t\t<\/a>\n\t\t\t\t\t\t\t<\/div>\n\t\t\t\t\t\t<\/div><\/div><\/div><\/section><\/div><\/div><\/div><\/div><\/div><\/div><\/section>\n","protected":false},"excerpt":{"rendered":"","protected":false},"author":39,"featured_media":0,"template":"","meta":{"cg_dt_proposed_to":[],"cg_seo_hreflang_relations":"[]","cg_seo_canonical_relation":"","cg_seo_hreflang_x_default_relation":"{\"uuid\":\"26cd3ade-9eb1-430a-9575-7a8ddda88746\",\"blogId\":\"\",\"domain\":\"\",\"sitePath\":\"\",\"postLink\":\"\",\"postId\":null,\"isSaved\":false,\"isCrossLink\":false,\"hasCrossLink\":false}","cg_dt_approved_content":true,"cg_dt_mandatory_content":false,"cg_dt_notes":"","cg_dg_source_changed":false,"cg_dt_link_disabled":false,"footnotes":"","related_resource_url":"https:\/\/www.capgemini.com\/at-de\/wp-content\/uploads\/sites\/11\/2021\/09\/2020-3-02-JV-AudiCapgemini_DE.pdf","related_resource_id":1344,"related_resource_size":"117 KB","related_resource_type":"pdf","cg_author":0,"featured_focal_points":""},"tags":[],"press-release-type":[],"brand":[],"class_list":["post-1343","press-release","type-press-release","status-publish","hentry"],"yoast_head":"<!-- This site is optimized with the Yoast SEO Premium plugin v22.8 (Yoast SEO v22.8) - https:\/\/yoast.com\/wordpress\/plugins\/seo\/ -->\n<title>Capgemini und Audi planen Joint Venture mit Schwerpunkt SAP und Cloud Services - Capgemini Austria<\/title>\n<meta name=\"robots\" content=\"index, follow, max-snippet:-1, max-image-preview:large, max-video-preview:-1\" \/>\n<link rel=\"canonical\" href=\"https:\/\/www.capgemini.com\/at-de\/news\/press-releases\/capgemini-und-audi-planen-joint-venture-mit-schwerpunkt-sap-und-cloud-services\/\" \/>\n<meta property=\"og:locale\" content=\"en_US\" \/>\n<meta property=\"og:type\" content=\"article\" \/>\n<meta property=\"og:title\" content=\"Capgemini und Audi planen Joint Venture mit Schwerpunkt SAP und Cloud Services\" \/>\n<meta property=\"og:url\" content=\"https:\/\/www.capgemini.com\/at-de\/news\/press-releases\/capgemini-und-audi-planen-joint-venture-mit-schwerpunkt-sap-und-cloud-services\/\" \/>\n<meta property=\"og:site_name\" content=\"Capgemini Austria\" \/>\n<meta property=\"article:modified_time\" content=\"2026-01-20T08:47:08+00:00\" \/>\n<meta property=\"og:image\" content=\"https:\/\/www.capgemini.com\/at-de\/wp-content\/uploads\/sites\/11\/2025\/10\/New-Web-preview-global.jpg\" \/>\n\t<meta property=\"og:image:width\" content=\"1200\" \/>\n\t<meta property=\"og:image:height\" content=\"627\" \/>\n\t<meta property=\"og:image:type\" content=\"image\/jpeg\" \/>\n<meta name=\"twitter:card\" content=\"summary_large_image\" \/>\n<meta name=\"twitter:label1\" content=\"Est. reading time\" \/>\n\t<meta name=\"twitter:data1\" content=\"2 minutes\" \/>\n<script type=\"application\/ld+json\" class=\"yoast-schema-graph\">{\"@context\":\"https:\/\/schema.org\",\"@graph\":[{\"@type\":\"WebPage\",\"@id\":\"https:\/\/www.capgemini.com\/at-de\/news\/press-releases\/capgemini-und-audi-planen-joint-venture-mit-schwerpunkt-sap-und-cloud-services\/\",\"url\":\"https:\/\/www.capgemini.com\/at-de\/news\/press-releases\/capgemini-und-audi-planen-joint-venture-mit-schwerpunkt-sap-und-cloud-services\/\",\"name\":\"Capgemini und Audi planen Joint Venture mit Schwerpunkt SAP und Cloud Services - Capgemini Austria\",\"isPartOf\":{\"@id\":\"https:\/\/www.capgemini.com\/at-de\/#website\"},\"datePublished\":\"2020-03-02T12:57:00+00:00\",\"dateModified\":\"2026-01-20T08:47:08+00:00\",\"breadcrumb\":{\"@id\":\"https:\/\/www.capgemini.com\/at-de\/news\/press-releases\/capgemini-und-audi-planen-joint-venture-mit-schwerpunkt-sap-und-cloud-services\/#breadcrumb\"},\"inLanguage\":\"en-US\",\"potentialAction\":[{\"@type\":\"ReadAction\",\"target\":[\"https:\/\/www.capgemini.com\/at-de\/news\/press-releases\/capgemini-und-audi-planen-joint-venture-mit-schwerpunkt-sap-und-cloud-services\/\"]}]},{\"@type\":\"BreadcrumbList\",\"@id\":\"https:\/\/www.capgemini.com\/at-de\/news\/press-releases\/capgemini-und-audi-planen-joint-venture-mit-schwerpunkt-sap-und-cloud-services\/#breadcrumb\",\"itemListElement\":[{\"@type\":\"ListItem\",\"position\":1,\"name\":\"Home\",\"item\":\"https:\/\/www.capgemini.com\/at-de\/\"},{\"@type\":\"ListItem\",\"position\":2,\"name\":\"Press Releases\",\"item\":\"https:\/\/www.capgemini.com\/at-de\/news\/\"},{\"@type\":\"ListItem\",\"position\":3,\"name\":\"Capgemini und Audi planen Joint Venture mit Schwerpunkt SAP und Cloud Services\"}]},{\"@type\":\"WebSite\",\"@id\":\"https:\/\/www.capgemini.com\/at-de\/#website\",\"url\":\"https:\/\/www.capgemini.com\/at-de\/\",\"name\":\"Capgemini Austria\",\"description\":\"Capgemini\",\"potentialAction\":[{\"@type\":\"SearchAction\",\"target\":{\"@type\":\"EntryPoint\",\"urlTemplate\":\"https:\/\/www.capgemini.com\/at-de\/?s={search_term_string}\"},\"query-input\":\"required name=search_term_string\"}],\"inLanguage\":\"en-US\"}]}<\/script>\n<!-- \/ Yoast SEO Premium plugin. -->","yoast_head_json":{"title":"Capgemini und Audi planen Joint Venture mit Schwerpunkt SAP und Cloud Services - Capgemini Austria","robots":{"index":"index","follow":"follow","max-snippet":"max-snippet:-1","max-image-preview":"max-image-preview:large","max-video-preview":"max-video-preview:-1"},"canonical":"https:\/\/www.capgemini.com\/at-de\/news\/press-releases\/capgemini-und-audi-planen-joint-venture-mit-schwerpunkt-sap-und-cloud-services\/","og_locale":"en_US","og_type":"article","og_title":"Capgemini und Audi planen Joint Venture mit Schwerpunkt SAP und Cloud Services","og_url":"https:\/\/www.capgemini.com\/at-de\/news\/press-releases\/capgemini-und-audi-planen-joint-venture-mit-schwerpunkt-sap-und-cloud-services\/","og_site_name":"Capgemini Austria","article_modified_time":"2026-01-20T08:47:08+00:00","og_image":[{"width":1200,"height":627,"url":"https:\/\/www.capgemini.com\/at-de\/wp-content\/uploads\/sites\/11\/2025\/10\/New-Web-preview-global.jpg","type":"image\/jpeg"}],"twitter_card":"summary_large_image","twitter_misc":{"Est. reading time":"2 minutes"},"schema":{"@context":"https:\/\/schema.org","@graph":[{"@type":"WebPage","@id":"https:\/\/www.capgemini.com\/at-de\/news\/press-releases\/capgemini-und-audi-planen-joint-venture-mit-schwerpunkt-sap-und-cloud-services\/","url":"https:\/\/www.capgemini.com\/at-de\/news\/press-releases\/capgemini-und-audi-planen-joint-venture-mit-schwerpunkt-sap-und-cloud-services\/","name":"Capgemini und Audi planen Joint Venture mit Schwerpunkt SAP und Cloud Services - Capgemini Austria","isPartOf":{"@id":"https:\/\/www.capgemini.com\/at-de\/#website"},"datePublished":"2020-03-02T12:57:00+00:00","dateModified":"2026-01-20T08:47:08+00:00","breadcrumb":{"@id":"https:\/\/www.capgemini.com\/at-de\/news\/press-releases\/capgemini-und-audi-planen-joint-venture-mit-schwerpunkt-sap-und-cloud-services\/#breadcrumb"},"inLanguage":"en-US","potentialAction":[{"@type":"ReadAction","target":["https:\/\/www.capgemini.com\/at-de\/news\/press-releases\/capgemini-und-audi-planen-joint-venture-mit-schwerpunkt-sap-und-cloud-services\/"]}]},{"@type":"BreadcrumbList","@id":"https:\/\/www.capgemini.com\/at-de\/news\/press-releases\/capgemini-und-audi-planen-joint-venture-mit-schwerpunkt-sap-und-cloud-services\/#breadcrumb","itemListElement":[{"@type":"ListItem","position":1,"name":"Home","item":"https:\/\/www.capgemini.com\/at-de\/"},{"@type":"ListItem","position":2,"name":"Press Releases","item":"https:\/\/www.capgemini.com\/at-de\/news\/"},{"@type":"ListItem","position":3,"name":"Capgemini und Audi planen Joint Venture mit Schwerpunkt SAP und Cloud Services"}]},{"@type":"WebSite","@id":"https:\/\/www.capgemini.com\/at-de\/#website","url":"https:\/\/www.capgemini.com\/at-de\/","name":"Capgemini Austria","description":"Capgemini","potentialAction":[{"@type":"SearchAction","target":{"@type":"EntryPoint","urlTemplate":"https:\/\/www.capgemini.com\/at-de\/?s={search_term_string}"},"query-input":"required name=search_term_string"}],"inLanguage":"en-US"}]}},"parsely":{"version":"1.1.0","canonical_url":"https:\/\/capgemini.com\/at-de\/news\/press-releases\/capgemini-und-audi-planen-joint-venture-mit-schwerpunkt-sap-und-cloud-services\/","smart_links":{"inbound":0,"outbound":0},"traffic_boost_suggestions_count":0,"meta":{"@context":"https:\/\/schema.org","@type":"NewsArticle","headline":"Capgemini und Audi planen Joint Venture mit Schwerpunkt SAP und Cloud Services","url":"https:\/\/www.capgemini.com\/at-de\/news\/press-releases\/capgemini-und-audi-planen-joint-venture-mit-schwerpunkt-sap-und-cloud-services\/","mainEntityOfPage":{"@type":"WebPage","@id":"https:\/\/www.capgemini.com\/at-de\/news\/press-releases\/capgemini-und-audi-planen-joint-venture-mit-schwerpunkt-sap-und-cloud-services\/"},"thumbnailUrl":"","image":{"@type":"ImageObject","url":""},"articleSection":"Uncategorized","author":[],"creator":[],"publisher":{"@type":"Organization","name":"Capgemini Austria","logo":""},"keywords":[],"dateCreated":"2020-03-02T12:57:00Z","datePublished":"2020-03-02T12:57:00Z","dateModified":"2026-01-20T08:47:08Z"},"rendered":"<meta name=\"parsely-title\" content=\"Capgemini und Audi planen Joint Venture mit Schwerpunkt SAP und Cloud Services\" \/>\n<meta name=\"parsely-link\" content=\"https:\/\/www.capgemini.com\/at-de\/news\/press-releases\/capgemini-und-audi-planen-joint-venture-mit-schwerpunkt-sap-und-cloud-services\/\" \/>\n<meta name=\"parsely-type\" content=\"post\" \/>\n<meta name=\"parsely-pub-date\" content=\"2020-03-02T12:57:00Z\" \/>\n<meta name=\"parsely-section\" content=\"Uncategorized\" \/>","tracker_url":"https:\/\/cdn.parsely.com\/keys\/capgemini.com\/p.js"},"archive_status":false,"featured_image_src":"https:\/\/www.capgemini.com\/at-de\/wp-content\/themes\/capgemini2025\/assets\/images\/mockup.png","featured_image_alt":false,"jetpack_sharing_enabled":true,"distributor_meta":false,"distributor_terms":false,"distributor_media":false,"distributor_original_site_name":"Capgemini Austria","distributor_original_site_url":"https:\/\/www.capgemini.com\/at-de","push-errors":false,"tag_names":[],"_links":{"self":[{"href":"https:\/\/www.capgemini.com\/at-de\/wp-json\/wp\/v2\/press-release\/1343","targetHints":{"allow":["GET"]}}],"collection":[{"href":"https:\/\/www.capgemini.com\/at-de\/wp-json\/wp\/v2\/press-release"}],"about":[{"href":"https:\/\/www.capgemini.com\/at-de\/wp-json\/wp\/v2\/types\/press-release"}],"author":[{"embeddable":true,"href":"https:\/\/www.capgemini.com\/at-de\/wp-json\/wp\/v2\/users\/39"}],"version-history":[{"count":2,"href":"https:\/\/www.capgemini.com\/at-de\/wp-json\/wp\/v2\/press-release\/1343\/revisions"}],"predecessor-version":[{"id":633203,"href":"https:\/\/www.capgemini.com\/at-de\/wp-json\/wp\/v2\/press-release\/1343\/revisions\/633203"}],"wp:attachment":[{"href":"https:\/\/www.capgemini.com\/at-de\/wp-json\/wp\/v2\/media?parent=1343"}],"wp:term":[{"taxonomy":"post_tag","embeddable":true,"href":"https:\/\/www.capgemini.com\/at-de\/wp-json\/wp\/v2\/tags?post=1343"},{"taxonomy":"press-release-type","embeddable":true,"href":"https:\/\/www.capgemini.com\/at-de\/wp-json\/wp\/v2\/press-release-type?post=1343"},{"taxonomy":"brand","embeddable":true,"href":"https:\/\/www.capgemini.com\/at-de\/wp-json\/wp\/v2\/brand?post=1343"}],"curies":[{"name":"wp","href":"https:\/\/api.w.org\/{rel}","templated":true}]}}