{"id":1179,"date":"2021-02-08T11:22:00","date_gmt":"2021-02-08T11:22:00","guid":{"rendered":"https:\/\/www.capgemini.com\/at-de\/?post_type=press-release&#038;p=1179"},"modified":"2026-01-20T08:46:16","modified_gmt":"2026-01-20T08:46:16","slug":"der-trend-zur-individuellen-mobilitaet-setzt-sich-unaufhaltsam-fort","status":"publish","type":"press-release","link":"https:\/\/www.capgemini.com\/at-de\/news\/press-releases\/der-trend-zur-individuellen-mobilitaet-setzt-sich-unaufhaltsam-fort\/","title":{"rendered":"Der Trend zur individuellen Mobilit\u00e4t setzt sich unaufhaltsam fort"},"content":{"rendered":"\t\t<div class=\"wp-block-cg-blocks-hero-press-release\">\n\t\t\t<header class=\"header-hero-press-release\" role=\"main\" id=\"main-content-press-release\">\n\t\t\t\t<div class=\"container\">\n\t\t\t\t\t<div class=\"hero-press-release\">\n\t\t\t\t\t\t<div class=\"hero-press-release-content-wrapper\">\n\t\t\t\t\t\t\t<div class=\"row\">\n\t\t\t\t\t\t\t\t<div class=\"col-12\">\n\t\t\t\t\t\t\t\t\t<div class=\"header-title\">\n\t\t\t\t\t\t\t\t\t\t<h1>\n\t\t\t\t\t\t\t\t\t\t\tDer Trend zur individuellen Mobilit\u00e4t setzt sich unaufhaltsam fort\t\t\t\t\t\t\t\t\t\t<\/h1>\n\t\t\t\t\t\t\t\t\t<\/div>\n\t\t\t\t\t\t\t\t\t<div class=\"header-description\">\n\t\t\t\t\t\t\t\t\t\t<p><\/p>\n\t\t\t\t\t\t\t\t\t<\/div>\n\t\t\t\t\t\t\t\t\t\t\t\t\t\t\t\t\t\t<div class=\"header-date\">\n\t\t\t\t\t\t\t\t\t\t<span>Feb 8, 2021<\/span>\n\t\t\t\t\t\t\t\t\t<\/div>\n\t\t\t\t\t\t\t\t<\/div>\n\t\t\t\t\t\t\t<\/div>\n\t\t\t\t\t\t<\/div>\n\t\t\t\t\t\t\t\t\t\t\t\t\t<div class=\"hero-press-release-downloads\">\n\t\t\t\t\t\t\t\t<div class=\"row\">\n\t\t\t\t\t\t\t\t\t\t\t\t\t\t\t\t\t\t\t<div class=\"col-12 col-md-6 col-lg-3\">\n\t\t\t\t\t\t\t\t\t\t\t<a class=\"download-item\" type=\"download\" href=\"https:\/\/www.capgemini.com\/at-de\/wp-content\/uploads\/sites\/11\/2021\/09\/PM_Capgemini_Automotive_Consumer-1.pdf\" target=\"_blank\" rel=\"noopener noreferrer\" title=\"Opens in a new window\">\n\t\t\t\t\t\t\t\t\t\t\t\t<div class=\"download-icon\"><\/div>\n\t\t\t\t\t\t\t\t\t\t\t\t<div class=\"download-details\">\n\t\t\t\t\t\t\t\t\t\t\t\t\t<div class=\"download-title\">Download press release<\/div>\n\t\t\t\t\t\t\t\t\t\t\t\t\t<div class=\"download-props\">453 KB  pdf<\/div>\n\t\t\t\t\t\t\t\t\t\t\t\t<\/div>\n\t\t\t\t\t\t\t\t\t\t\t<\/a>\n\t\t\t\t\t\t\t\t\t\t<\/div>\n\t\t\t\t\t\t\t\t\t\t\t\t\t\t\t\t\t\t\t\t<div class=\"col-12 col-md-6 col-lg-3\">\n\t\t\t\t\t\t\t\t\t\t\t<a class=\"download-item\" type=\"download\" href=\"https:\/\/www.capgemini.com\/at-de\/wp-content\/uploads\/sites\/11\/2021\/09\/Capgemini_Report_Automotive_Consumer.pdf\" target=\"_blank\" rel=\"noopener noreferrer\" title=\"Opens in a new window\">\n\t\t\t\t\t\t\t\t\t\t\t\t<div class=\"download-icon\"><\/div>\n\t\t\t\t\t\t\t\t\t\t\t\t<div class=\"download-details\">\n\t\t\t\t\t\t\t\t\t\t\t\t\t<div class=\"download-title\">Download press release<\/div>\n\t\t\t\t\t\t\t\t\t\t\t\t\t<div class=\"download-props\">961 KB  pdf<\/div>\n\t\t\t\t\t\t\t\t\t\t\t\t<\/div>\n\t\t\t\t\t\t\t\t\t\t\t<\/a>\n\t\t\t\t\t\t\t\t\t\t<\/div>\n\t\t\t\t\t\t\t\t\t\t\t\t\t\t\t\t\t\t<\/div>\n\t\t\t\t\t\t\t<\/div>\n\t\t\t\t\t\t\t\t\t\t\t\t\t\t\t\t\t<\/div>\n\t\t\t\t<\/div>\n\t\t\t<\/header>\n\t\t<\/div>\n\t\t\n\n\n<section class=\"wp-block-cg-blocks-group undefined section section--article-content section--story-content article-body\"><div class=\"article-main-content\"><div class=\"container\"><div class=\"row\"><div class=\"col-12 col-md-11 col-lg-10 offset-md-1 offset-lg-1\"><div class=\"article-text article-quote-text\">\n<p><strong><em>Die Nutzung des eigenen Fahrzeugs hat seit April 2020 deutlich zugenommen, der \u00f6ffentliche Nahverkehr und<br>Shared-Mobility verlieren weiter an Attraktivit\u00e4t<\/em><\/strong><\/p>\n\n\n\n<p><strong>Berlin, 1. Februar 2021<\/strong> <strong>\u2013 Der durch die Corona-Pandemie befeuerte Trend hin zur individuellen Mobilit\u00e4t setzt sich weiter fort: 87 Prozent der Verbraucher weltweit bevorzugen die Nutzung eines eigenen Fahrzeugs, um sicher unterwegs zu sein \u2013 am Anfang der Pandemie im April 2020 waren es 57 Prozent. Zudem ist der Anteil der Verbraucher, die in den n\u00e4chsten zw\u00f6lf Monaten ein eigenes Auto kaufen m\u00f6chten von 35 Prozent auf nun 46 Prozent angestiegen, bei deutschen Verbrauchern von 25 auf nun 39 Prozent. Die Nutzung eines eigenen Autos wird als Schutz vor der Verbreitung von Infektionen gesehen. Dies geht aus dem aktuellen Report des Capgemini Research Institute <em>\u201cShifting gears: COVID-19 and the fast-changing Automotive Consumer\u201c <\/em>hervor. F\u00fcr das nun erschienene Update der im April 2020 durchgef\u00fchrten Studie zum Verbraucherverhalten beim Autokauf im Zeitalter der Pandemie wurden erneut mehr als 11.000 Verbraucher aus elf L\u00e4ndern befragt.<\/strong><\/p>\n\n\n\n<p>Die anhaltende Covid-19-Pandemie und die erneuten Lockdown-Bestimmungen haben die Verbraucher davon abgehalten, \u00f6ffentliche Verkehrsmittel oder Shared Mobility-Angebote zu nutzen. Mit Blick auf das noch nicht absehbare Ende der Pandemie gaben 87 Prozent der Verbraucher weltweit und 82 Prozent in Deutschland an, dass ihre Sicherheit und ihr k\u00f6rperliches Wohlbefinden sowie das ihrer Familien am besten durch ein eigenes Fahrzeug gew\u00e4hrleistet ist. Fahrgemeinschaften wollen nun 81 Prozent der Verbraucher aufgrund von Gesundheits- und Sicherheitsbedenken vermeiden, im April 2020 waren dies noch 42 Prozent (Deutschland: 81 Prozent heute vs. 28 Prozent im April 2020). Inzwischen ziehen 78 Prozent der befragten Verbraucher weltweit ihr eigenes Fahrzeug den \u00f6ffentlichen Verkehrsmitteln vor, in Deutschland liegt der Anteil nun bei 74 Prozent. Diese Verschiebung wird sich voraussichtlich auf den Absatz von Fahrzeugen auswirken, denn 72 Prozent der Verbraucher sagen, dass sie es mehr als vor der Pandemie sch\u00e4tzen, jederzeit auf ein eigenes Fahrzeug zur\u00fcckgreifen zu k\u00f6nnen.<\/p>\n\n\n\n<p><strong>Kaufabsicht bei j\u00fcngeren Verbrauchern am gr\u00f6\u00dften<\/strong><\/p>\n\n\n\n<p>Die Absicht ein Auto kaufen zu wollen, ist weltweit in fast allen M\u00e4rkten gestiegen und wird durch eine Kombination aus g\u00fcnstigen Autokrediten, staatlichen Anreizprogrammen f\u00fcr Elektrofahrzeuge sowie dem Wunsch angetrieben, den \u00f6ffentlichen Nahverkehr und Shared Mobility-Angebote zu vermeiden. Au\u00dferdem ist im Zuge der wirtschaftlichen Erholung nach der Pandemie mit einer steigenden Nachfrage nach Autos zu rechnen. Die Capgemini-Studie zeigt, dass j\u00fcngere Verbraucher den Trend zum eigenen Auto anf\u00fchren: 59 Prozent der 18- bis 35-J\u00e4hrigen erw\u00e4gen, in den n\u00e4chsten zw\u00f6lf Monaten ein Auto zu kaufen, verglichen mit 46 Prozent in allen Altersgruppen. Aber auch Leasing- und Abo-Angebote gewinnen an Attraktivit\u00e4t: \u00dcber ein Drittel (36 Prozent) der Verbraucher weltweit m\u00f6chte lieber ein Auto-Abo abschlie\u00dfen oder ein Auto leasen als es zu kaufen. Bei den 18- bis 35-J\u00e4hrigen liegt dieser Anteil weltweit bei 49 Prozent, in Deutschland sogar bei 62 Prozent.<\/p>\n\n\n\n<p>Im Zuge der Pandemie sind aber auch Hygienefeatures wichtiger geworden sind. So w\u00fcnschen sich 85 Prozent der weltweit befragten Verbraucher heute ein Fahrzeug, das z.B. Luftfilter, Indikatoren f\u00fcr die Luftqualit\u00e4t und den Einsatz von sterilisierenden UV-LED-Leuchten bietet \u2013 im April 2020 lag dieser Anteil noch bei 49 Prozent.<\/p>\n\n\n\n<p><strong>Interesse an Kleinwagen steigt, aber auch Premium-Segment attraktiv<\/strong><\/p>\n\n\n\n<p>Die Studie zeigt, dass 56 Prozent derjenigen, die den Kauf eines Fahrzeugs in Erw\u00e4gung ziehen, ihre W\u00fcnsche im Vergleich zum letzten Jahr heruntergeschraubt haben: Sie bevorzugen nun eher ein Auto im unteren Preissegment (ein kleines Auto oder eines mit weniger Ausstattung) und legen mehr Wert auf Nutzen und Funktionalit\u00e4t. Dies wird den Margendruck f\u00fcr die Automobilhersteller erh\u00f6hen. Zudem wird sich voraussichtlich der Wettbewerb in den Segmenten der Klein- und Einstiegsfahrzeuge versch\u00e4rfen, da die Automobilhersteller auf neu aufgelegte Ausf\u00fchrungen bestehender Baureihen dr\u00e4ngen, um dem Verbraucherinteresse gerecht zu werden.<\/p>\n\n\n\n<p>Die Capgemini-Studie hat allerdings auch ein kleines, aber beachtliches Segment von K\u00e4ufern (21 Prozent) identifiziert, das bereit ist, mehr f\u00fcr Premium-Funktionen zu bezahlen, wie z.B. zus\u00e4tzlichen Platz, vernetzte Dienste und eine sprachbasierte Steuerung. Der Studie zufolge verspricht die Ausrichtung auf dieses Premium-Segment eine h\u00f6here Profitabilit\u00e4t und kann dazu beitragen, den Margendruck im Einstiegssegment auszugleichen.<\/p>\n\n\n\n<p>Die Studie macht deutlich: Automobilhersteller m\u00fcssen offen sein f\u00fcr neue Trends. Sie m\u00fcssen Funktionen und Dienstleistungen anbieten, die den gesundheitsbewussten K\u00e4ufer ansprechen, gleichzeitig aber auch f\u00fcr den preisbewussten K\u00e4ufer attraktiv bleiben. Um dies zu erreichen, gilt es, ihre Produktportfolios zu \u00fcberarbeiten, um neue Kundensegmente anzusprechen, den Kunden personalisierte Leasing- und Abo-Pakete anzubieten sowie mit Rabatten oder einfachen Finanzierungsm\u00f6glichkeiten Kaufanreize zu schaffen.<\/p>\n\n\n\n<p><strong>Digitale Interaktionen werden zu einem integralen Bestandteil beim Autokauf<\/strong><\/p>\n\n\n\n<p>Die Pandemie hat dazu gef\u00fchrt, dass die Automobilhersteller den Direktvertrieb \u00fcber digitale Kan\u00e4le weiter ausgebaut haben. Erfreulicherweise wollen die Verbraucher diese Kan\u00e4le auch weiterhin und w\u00e4hrend des gesamten Kaufprozesses nutzen \u2013 von der Suche nach ersten Informationen bis zum Aftersales. Die Studie zeigt, dass fast die H\u00e4lfte (49 Prozent) der Verbraucher nur noch Online-Kan\u00e4le nutzen m\u00f6chte, um nach Informationen \u00fcber Autos zu suchen, vor der Covid-19-Pandemie waren es 39 Prozent. In den letzten Monaten ist auch das Interesse am Einsatz von AR\/VR-Technologien stark gestiegen: 85 Prozent der Befragten bevorzugen AR\/VR-Tools, um Modelle, Farben und Funktionen bei der Auswahl eines Autos zu vergleichen.<\/p>\n\n\n\n<p>Autoh\u00e4user bleiben ein wesentlicher Teil des Markenerlebnisses und physische Interaktionen werden in bestimmten Bereichen sicherlich wieder zunehmen: So m\u00f6chten mehr als sieben von zehn befragten Verbrauchern in ein Autohaus gehen, um vor dem Kauf spezifische Fragen zu kl\u00e4ren; sie m\u00f6chten dies auch zuk\u00fcnftig tun, wenn aus Sicherheitsgr\u00fcnden nichts dagegen spricht. Zudem bevorzugen 80 Prozent beim Kaufabschluss eine pers\u00f6nliche Interaktion mit einem Verk\u00e4ufer im Autohaus.<\/p>\n\n\n\n<p>F\u00fcr Automobilhersteller wird es nun darum gehen, jeden einzelnen Schritt der Customer Journey zu digitalisieren und mit den H\u00e4ndlern bei spezifischen Themen vor Ort enger zusammenzuarbeiten. So kann es gelingen, den Kunden ein ansprechendes Omnichannel-Markenerlebnis zu bieten.<\/p>\n\n\n\n<p><em>\u201eDie Corona-Pandemie hat die Erwartungen an die Mobilit\u00e4t ver\u00e4ndert. Die Verbraucher m\u00f6chten zunehmend mit dem eigenen Fahrzeug unterwegs sein, legen mehr Wert auf Gesundheits- und Sicherheitsaspekte und bevorzugen digitale Interaktionsm\u00f6glichkeiten beim Fahrzeugkauf. Auf diese neuen Bed\u00fcrfnisse muss sich die Automobilindustrie einstellen. Die Pandemie hat sich kurzfristig auf die Nachfrage ausgewirkt, beschleunigt nun aber wesentliche langfristige Trends wie die Digitalisierung, Elektrifizierung und vernetzte Fahrzeuge. Unternehmen, die in diesen Bereichen die F\u00fchrung \u00fcbernehmen, werden gest\u00e4rkt aus der Krise hervorgehen\u201c, <\/em>sagt Rainer Mehl, Executive Vice President im Bereich Automotive bei Capgemini und Co-Autor der Studie. <em>\u201eF\u00fcr<\/em> <em>Automobilhersteller gilt es, \u00fcberzeugende Fahrerlebnisse wie vernetzte Dienste und Fahrerassistenzfunktionen zu entwickeln, und neue Wege finden, um Kaufanreize im Omnikanalumfeld zu schaffen und die Nachfrage zu beleben. Mit gezielten Angeboten wie flexiblen Finanzierungsm\u00f6glichkeiten k\u00f6nnen sie neue Kundensegmente erreichen \u2013 was f\u00fcr ihre nachhaltige Erholung dringend notwendig w\u00e4re<\/em><em>.\u201c<\/em><\/p>\n\n\n\n<p><strong>Methodik der Studie<\/strong><\/p>\n\n\n\n<p>Aufbauend auf den Ergebnissen der <a href=\"https:\/\/www.capgemini.com\/de-de\/research\/automobilbranche-wie-covid-19-das-verhalten-der-verbraucher-veraendert\/\">Studie vom April 2020 <\/a>befragte das Capgemini Research Institute im Oktober und November 2020 erneut 11.000 Verbraucher aus 11 L\u00e4ndern, um weitere Erkenntnisse \u00fcber die Auswirkungen von Covid-19 auf das Kaufverhalten der Automobilkunden zu erhalten. Die Studie untersuchte die sich ver\u00e4ndernden Verbraucherpr\u00e4ferenzen seit dem Ausbruch der Pandemie, neue Trends und wie Automobilunternehmen darauf effektiv reagieren k\u00f6nnen. Die in die Studie einbezogenen L\u00e4nder repr\u00e4sentieren zusammen 62 Prozent der weltweiten j\u00e4hrlichen Pkw-Verk\u00e4ufe im Jahr 2019.<\/p>\n\n\n\n<p><strong>\u00dcber Capgemini<\/strong><\/p>\n\n\n\n<p>Capgemini ist einer der weltweit f\u00fchrenden Anbieter von Management- und IT-Beratung, Digitaler Transformation sowie Technologie- und Ingenieursdienstleistungen. Als ein Wegbereiter f\u00fcr Innovation unterst\u00fctzt das Unternehmen seine Kunden bei deren komplexen Herausforderungen rund um Cloud, Digital und Plattformen. Aufbauend auf mehr als 50 Jahren Erfahrung und umfangreichem Branchen-Know-how hilft Capgemini seinen Kunden, ihre Gesch\u00e4ftsziele zu erreichen. Das Leistungsspektrum reicht dabei von der Strategieentwicklung bis zum Gesch\u00e4ftsbetrieb. Der Purpose von Capgemini ist, die Entfaltung des menschlichen Potenzials durch Technologie zu f\u00f6rdern \u2013 f\u00fcr eine integrative und nachhaltige Zukunft. In fast 50 L\u00e4ndern besch\u00e4ftigt das multikulturelle Unternehmen 265.000 Mitarbeiterinnen sowie Mitarbeiter. Einschlie\u00dflich Altran bel\u00e4uft sich der Umsatz f\u00fcr das Jahr 2019 auf 17 Milliarden Euro.<\/p>\n\n\n\n<p>Mehr unter <a href=\"http:\/\/www.capgemini.com\/de\">www.capgemini.com\/de<\/a>.<\/p>\n\n\n\n<p><strong>\u00dcber das Capgemini Research Institute<\/strong><\/p>\n\n\n\n<p>Das Capgemini Research Institute ist Capgeminis hauseigener Think-Tank in digitalen Angelegenheiten. Das Institut ver\u00f6ffentlicht Forschungsarbeiten \u00fcber den Einfluss digitaler Technologien auf gro\u00dfe Unternehmen. Das Team greift dabei auf das weltweite Netzwerk von Capgemini-Experten zur\u00fcck und arbeitet eng mit akademischen und technologischen Partnern zusammen. Das Institut hat Forschungszentren in Gro\u00dfbritannien, Indien und den USA.<\/p>\n\n\n\n<p>Mehr unter <a href=\"http:\/\/www.capgemini.com\/de-de\/capgemini-research-institute\">www.capgemini.com\/de-de\/capgemini-research-institute<\/a><\/p>\n\n\n<div class=\"wp-block-cg-blocks-cg-block-related-content\"><section class=\"relatedContentBlock\"><div class=\"container\"><div class=\"row\"><div class=\"content-title col-12 col-md-8\"><h2 class=\"related-content-heading\">Related News<\/h2><\/div><\/div><div class=\"row relatedContent\"><div class=\"col-lg-4 col-md-6 col-xs-12\">\n\t\t\t\t\t\t\t<div class=\"box\">\n\t\t\t\t\t\t\t\t<a aria-label=\"Read more about Reindustrialisierung tritt in Europa und den USA in selektivere, strategischere Phase ein\" href=\"https:\/\/www.capgemini.com\/at-de\/news\/press-releases\/reindustrialisierung-tritt-in-europa-und-den-usa-in-selektivere-strategischere-phase-ein\/\" class=\"anchorWrapper\">\n\t\t\t\t\t\t\t\t\t<span class=\"box-tag\"><span>Reports<\/span><\/span>\n\t\t\t\t\t\t\t\t\t<div class=\"box-title\"><h3 class=\"box-subtitle\">Reindustrialisierung tritt in Europa und den USA in selektivere, strategischere Phase ein<\/h3><\/div>\n\t\t\t\t\t\t\t\t\t<div class=\"box-date\">\n\t\t\t\t\t\t\t\t\t\t<span>Apr 22, 2026<\/span>\n\t\t\t\t\t\t\t\t\t<\/div>\n\t\t\t\t\t\t\t\t\t<div class=\"box-bottom\">\n\t\t\t\t\t\t\t\t\t\t\n\t\t\t\t\t\t\t\t\t\t<a class=\"more\" aria-label=\"Read more about Reindustrialisierung tritt in Europa und den USA in selektivere, strategischere Phase ein\" href=\"https:\/\/www.capgemini.com\/at-de\/news\/press-releases\/reindustrialisierung-tritt-in-europa-und-den-usa-in-selektivere-strategischere-phase-ein\/\">Read more about<\/a>\n\t\t\t\t\t\t\t\t\t<\/div>\n\t\t\t\t\t\t\t\t<\/a>\n\t\t\t\t\t\t\t<\/div>\n\t\t\t\t\t\t<\/div><div class=\"col-lg-4 col-md-6 col-xs-12\">\n\t\t\t\t\t\t\t<div class=\"box\">\n\t\t\t\t\t\t\t\t<a aria-label=\"Read more about Unternehmen sehen \u201aPhysical AI\u2018 als Wendepunkt f\u00fcr Robotereinsatz\" href=\"https:\/\/www.capgemini.com\/at-de\/news\/press-releases\/unternehmen-sehen-physical-ai-als-wendepunkt-fur-robotereinsatz\/\" class=\"anchorWrapper\">\n\t\t\t\t\t\t\t\t\t<span class=\"box-tag\"><span>Reports<\/span><\/span>\n\t\t\t\t\t\t\t\t\t<div class=\"box-title\"><h3 class=\"box-subtitle\">Unternehmen sehen \u201aPhysical AI\u2018 als Wendepunkt f\u00fcr Robotereinsatz<\/h3><\/div>\n\t\t\t\t\t\t\t\t\t<div class=\"box-date\">\n\t\t\t\t\t\t\t\t\t\t<span>Apr 20, 2026<\/span>\n\t\t\t\t\t\t\t\t\t<\/div>\n\t\t\t\t\t\t\t\t\t<div class=\"box-bottom\">\n\t\t\t\t\t\t\t\t\t\t&lt;a class=&quot;link-download&quot; href=&quot;https:\/\/www.capgemini.com\/at-de\/wp-content\/uploads\/sites\/11\/2026\/04\/20260420__Physical-AI-CRI-Report.pdf&quot; aria-label=&quot;Download Press Release&quot; target=&quot;_blank&quot;  type=&quot;download&quot; title=&quot;Opens in a new window&quot;&gt;\n\t\t\t\t\t\t\t&lt;span&gt;Download press release&lt;\/span&gt;\n\t\t\t\t\t\t\t&lt;span&gt;174 KB PDF&lt;\/span&gt;\n\t\t\t\t\t\t&lt;\/a&gt;\n\t\t\t\t\t\t\t\t\t\t<a class=\"more\" aria-label=\"Read more about Unternehmen sehen \u201aPhysical AI\u2018 als Wendepunkt f\u00fcr Robotereinsatz\" href=\"https:\/\/www.capgemini.com\/at-de\/news\/press-releases\/unternehmen-sehen-physical-ai-als-wendepunkt-fur-robotereinsatz\/\">Read more about<\/a>\n\t\t\t\t\t\t\t\t\t<\/div>\n\t\t\t\t\t\t\t\t<\/a>\n\t\t\t\t\t\t\t<\/div>\n\t\t\t\t\t\t<\/div><div class=\"col-lg-4 col-md-6 col-xs-12\">\n\t\t\t\t\t\t\t<div class=\"box\">\n\t\t\t\t\t\t\t\t<a aria-label=\"Read more about Studie: 85 Prozent der Firmenkunden wenden sich k\u00fcnftig an Nicht-Banken, Private Capital versch\u00e4rft den Wettbewerb\" href=\"https:\/\/www.capgemini.com\/at-de\/news\/press-releases\/studie-85-prozent-der-firmenkunden-wenden-sich-kunftig-an-nicht-banken-private-capital-verscharft-den-wettbewerb\/\" class=\"anchorWrapper\">\n\t\t\t\t\t\t\t\t\t<span class=\"box-tag\"><span>Reports<\/span><\/span>\n\t\t\t\t\t\t\t\t\t<div class=\"box-title\"><h3 class=\"box-subtitle\">Studie: 85 Prozent der Firmenkunden wenden sich k\u00fcnftig an Nicht-Banken, Private Capital versch\u00e4rft den Wettbewerb<\/h3><\/div>\n\t\t\t\t\t\t\t\t\t<div class=\"box-date\">\n\t\t\t\t\t\t\t\t\t\t<span>Mar 17, 2026<\/span>\n\t\t\t\t\t\t\t\t\t<\/div>\n\t\t\t\t\t\t\t\t\t<div class=\"box-bottom\">\n\t\t\t\t\t\t\t\t\t\t\n\t\t\t\t\t\t\t\t\t\t<a class=\"more\" aria-label=\"Read more about Studie: 85 Prozent der Firmenkunden wenden sich k\u00fcnftig an Nicht-Banken, Private Capital versch\u00e4rft den Wettbewerb\" href=\"https:\/\/www.capgemini.com\/at-de\/news\/press-releases\/studie-85-prozent-der-firmenkunden-wenden-sich-kunftig-an-nicht-banken-private-capital-verscharft-den-wettbewerb\/\">Read more about<\/a>\n\t\t\t\t\t\t\t\t\t<\/div>\n\t\t\t\t\t\t\t\t<\/a>\n\t\t\t\t\t\t\t<\/div>\n\t\t\t\t\t\t<\/div><\/div><\/div><\/section><\/div><\/div><\/div><\/div><\/div><\/div><\/section>\n","protected":false},"excerpt":{"rendered":"","protected":false},"author":39,"featured_media":0,"template":"","meta":{"cg_dt_proposed_to":[],"cg_seo_hreflang_relations":"[]","cg_seo_canonical_relation":"","cg_seo_hreflang_x_default_relation":"{\"uuid\":\"2d578079-314d-4a23-8e0b-ff444bc6c91d\",\"blogId\":\"\",\"domain\":\"\",\"sitePath\":\"\",\"postLink\":\"\",\"postId\":null,\"isSaved\":false,\"isCrossLink\":false,\"hasCrossLink\":false}","cg_dt_approved_content":true,"cg_dt_mandatory_content":false,"cg_dt_notes":"","cg_dg_source_changed":false,"cg_dt_link_disabled":false,"footnotes":"","related_resource_url":"https:\/\/www.capgemini.com\/at-de\/wp-content\/uploads\/sites\/11\/2021\/09\/PM_Capgemini_Automotive_Consumer-1.pdf","related_resource_id":1180,"related_resource_size":"453 KB","related_resource_type":"pdf","cg_author":0,"featured_focal_points":""},"tags":[],"press-release-type":[],"brand":[],"class_list":["post-1179","press-release","type-press-release","status-publish","hentry"],"yoast_head":"<!-- This site is optimized with the Yoast SEO Premium plugin v22.8 (Yoast SEO v22.8) - https:\/\/yoast.com\/wordpress\/plugins\/seo\/ -->\n<title>Der Trend zur individuellen Mobilit\u00e4t setzt sich unaufhaltsam fort - Capgemini Austria<\/title>\n<meta name=\"robots\" content=\"index, follow, max-snippet:-1, max-image-preview:large, max-video-preview:-1\" \/>\n<link rel=\"canonical\" href=\"https:\/\/www.capgemini.com\/at-de\/news\/press-releases\/der-trend-zur-individuellen-mobilitaet-setzt-sich-unaufhaltsam-fort\/\" \/>\n<meta property=\"og:locale\" content=\"en_US\" \/>\n<meta property=\"og:type\" content=\"article\" \/>\n<meta property=\"og:title\" content=\"Der Trend zur individuellen Mobilit\u00e4t setzt sich unaufhaltsam fort\" \/>\n<meta property=\"og:url\" content=\"https:\/\/www.capgemini.com\/at-de\/news\/press-releases\/der-trend-zur-individuellen-mobilitaet-setzt-sich-unaufhaltsam-fort\/\" \/>\n<meta property=\"og:site_name\" content=\"Capgemini Austria\" \/>\n<meta property=\"article:modified_time\" content=\"2026-01-20T08:46:16+00:00\" \/>\n<meta property=\"og:image\" content=\"https:\/\/www.capgemini.com\/at-de\/wp-content\/uploads\/sites\/11\/2025\/10\/New-Web-preview-global.jpg\" \/>\n\t<meta property=\"og:image:width\" content=\"1200\" \/>\n\t<meta property=\"og:image:height\" content=\"627\" \/>\n\t<meta property=\"og:image:type\" content=\"image\/jpeg\" \/>\n<meta name=\"twitter:card\" content=\"summary_large_image\" \/>\n<script type=\"application\/ld+json\" class=\"yoast-schema-graph\">{\"@context\":\"https:\/\/schema.org\",\"@graph\":[{\"@type\":\"WebPage\",\"@id\":\"https:\/\/www.capgemini.com\/at-de\/news\/press-releases\/der-trend-zur-individuellen-mobilitaet-setzt-sich-unaufhaltsam-fort\/\",\"url\":\"https:\/\/www.capgemini.com\/at-de\/news\/press-releases\/der-trend-zur-individuellen-mobilitaet-setzt-sich-unaufhaltsam-fort\/\",\"name\":\"Der Trend zur individuellen Mobilit\u00e4t setzt sich unaufhaltsam fort - Capgemini Austria\",\"isPartOf\":{\"@id\":\"https:\/\/www.capgemini.com\/at-de\/#website\"},\"datePublished\":\"2021-02-08T11:22:00+00:00\",\"dateModified\":\"2026-01-20T08:46:16+00:00\",\"breadcrumb\":{\"@id\":\"https:\/\/www.capgemini.com\/at-de\/news\/press-releases\/der-trend-zur-individuellen-mobilitaet-setzt-sich-unaufhaltsam-fort\/#breadcrumb\"},\"inLanguage\":\"en-US\",\"potentialAction\":[{\"@type\":\"ReadAction\",\"target\":[\"https:\/\/www.capgemini.com\/at-de\/news\/press-releases\/der-trend-zur-individuellen-mobilitaet-setzt-sich-unaufhaltsam-fort\/\"]}]},{\"@type\":\"BreadcrumbList\",\"@id\":\"https:\/\/www.capgemini.com\/at-de\/news\/press-releases\/der-trend-zur-individuellen-mobilitaet-setzt-sich-unaufhaltsam-fort\/#breadcrumb\",\"itemListElement\":[{\"@type\":\"ListItem\",\"position\":1,\"name\":\"Home\",\"item\":\"https:\/\/www.capgemini.com\/at-de\/\"},{\"@type\":\"ListItem\",\"position\":2,\"name\":\"Press Releases\",\"item\":\"https:\/\/www.capgemini.com\/at-de\/news\/\"},{\"@type\":\"ListItem\",\"position\":3,\"name\":\"Der Trend zur individuellen Mobilit\u00e4t setzt sich unaufhaltsam fort\"}]},{\"@type\":\"WebSite\",\"@id\":\"https:\/\/www.capgemini.com\/at-de\/#website\",\"url\":\"https:\/\/www.capgemini.com\/at-de\/\",\"name\":\"Capgemini Austria\",\"description\":\"Capgemini\",\"potentialAction\":[{\"@type\":\"SearchAction\",\"target\":{\"@type\":\"EntryPoint\",\"urlTemplate\":\"https:\/\/www.capgemini.com\/at-de\/?s={search_term_string}\"},\"query-input\":\"required name=search_term_string\"}],\"inLanguage\":\"en-US\"}]}<\/script>\n<!-- \/ Yoast SEO Premium plugin. -->","yoast_head_json":{"title":"Der Trend zur individuellen Mobilit\u00e4t setzt sich unaufhaltsam fort - Capgemini Austria","robots":{"index":"index","follow":"follow","max-snippet":"max-snippet:-1","max-image-preview":"max-image-preview:large","max-video-preview":"max-video-preview:-1"},"canonical":"https:\/\/www.capgemini.com\/at-de\/news\/press-releases\/der-trend-zur-individuellen-mobilitaet-setzt-sich-unaufhaltsam-fort\/","og_locale":"en_US","og_type":"article","og_title":"Der Trend zur individuellen Mobilit\u00e4t setzt sich unaufhaltsam fort","og_url":"https:\/\/www.capgemini.com\/at-de\/news\/press-releases\/der-trend-zur-individuellen-mobilitaet-setzt-sich-unaufhaltsam-fort\/","og_site_name":"Capgemini Austria","article_modified_time":"2026-01-20T08:46:16+00:00","og_image":[{"width":1200,"height":627,"url":"https:\/\/www.capgemini.com\/at-de\/wp-content\/uploads\/sites\/11\/2025\/10\/New-Web-preview-global.jpg","type":"image\/jpeg"}],"twitter_card":"summary_large_image","schema":{"@context":"https:\/\/schema.org","@graph":[{"@type":"WebPage","@id":"https:\/\/www.capgemini.com\/at-de\/news\/press-releases\/der-trend-zur-individuellen-mobilitaet-setzt-sich-unaufhaltsam-fort\/","url":"https:\/\/www.capgemini.com\/at-de\/news\/press-releases\/der-trend-zur-individuellen-mobilitaet-setzt-sich-unaufhaltsam-fort\/","name":"Der Trend zur individuellen Mobilit\u00e4t setzt sich unaufhaltsam fort - Capgemini Austria","isPartOf":{"@id":"https:\/\/www.capgemini.com\/at-de\/#website"},"datePublished":"2021-02-08T11:22:00+00:00","dateModified":"2026-01-20T08:46:16+00:00","breadcrumb":{"@id":"https:\/\/www.capgemini.com\/at-de\/news\/press-releases\/der-trend-zur-individuellen-mobilitaet-setzt-sich-unaufhaltsam-fort\/#breadcrumb"},"inLanguage":"en-US","potentialAction":[{"@type":"ReadAction","target":["https:\/\/www.capgemini.com\/at-de\/news\/press-releases\/der-trend-zur-individuellen-mobilitaet-setzt-sich-unaufhaltsam-fort\/"]}]},{"@type":"BreadcrumbList","@id":"https:\/\/www.capgemini.com\/at-de\/news\/press-releases\/der-trend-zur-individuellen-mobilitaet-setzt-sich-unaufhaltsam-fort\/#breadcrumb","itemListElement":[{"@type":"ListItem","position":1,"name":"Home","item":"https:\/\/www.capgemini.com\/at-de\/"},{"@type":"ListItem","position":2,"name":"Press Releases","item":"https:\/\/www.capgemini.com\/at-de\/news\/"},{"@type":"ListItem","position":3,"name":"Der Trend zur individuellen Mobilit\u00e4t setzt sich unaufhaltsam fort"}]},{"@type":"WebSite","@id":"https:\/\/www.capgemini.com\/at-de\/#website","url":"https:\/\/www.capgemini.com\/at-de\/","name":"Capgemini Austria","description":"Capgemini","potentialAction":[{"@type":"SearchAction","target":{"@type":"EntryPoint","urlTemplate":"https:\/\/www.capgemini.com\/at-de\/?s={search_term_string}"},"query-input":"required name=search_term_string"}],"inLanguage":"en-US"}]}},"parsely":{"version":"1.1.0","canonical_url":"https:\/\/capgemini.com\/at-de\/news\/press-releases\/der-trend-zur-individuellen-mobilitaet-setzt-sich-unaufhaltsam-fort\/","smart_links":{"inbound":0,"outbound":0},"traffic_boost_suggestions_count":0,"meta":{"@context":"https:\/\/schema.org","@type":"NewsArticle","headline":"Der Trend zur individuellen Mobilit\u00e4t setzt sich unaufhaltsam fort","url":"https:\/\/www.capgemini.com\/at-de\/news\/press-releases\/der-trend-zur-individuellen-mobilitaet-setzt-sich-unaufhaltsam-fort\/","mainEntityOfPage":{"@type":"WebPage","@id":"https:\/\/www.capgemini.com\/at-de\/news\/press-releases\/der-trend-zur-individuellen-mobilitaet-setzt-sich-unaufhaltsam-fort\/"},"thumbnailUrl":"","image":{"@type":"ImageObject","url":""},"articleSection":"Uncategorized","author":[],"creator":[],"publisher":{"@type":"Organization","name":"Capgemini Austria","logo":""},"keywords":[],"dateCreated":"2021-02-08T11:22:00Z","datePublished":"2021-02-08T11:22:00Z","dateModified":"2026-01-20T08:46:16Z"},"rendered":"<meta name=\"parsely-title\" content=\"Der Trend zur individuellen Mobilit\u00e4t setzt sich unaufhaltsam fort\" \/>\n<meta name=\"parsely-link\" content=\"https:\/\/www.capgemini.com\/at-de\/news\/press-releases\/der-trend-zur-individuellen-mobilitaet-setzt-sich-unaufhaltsam-fort\/\" \/>\n<meta name=\"parsely-type\" content=\"post\" \/>\n<meta name=\"parsely-pub-date\" content=\"2021-02-08T11:22:00Z\" \/>\n<meta name=\"parsely-section\" content=\"Uncategorized\" \/>","tracker_url":"https:\/\/cdn.parsely.com\/keys\/capgemini.com\/p.js"},"archive_status":false,"featured_image_src":"https:\/\/www.capgemini.com\/at-de\/wp-content\/themes\/capgemini2025\/assets\/images\/mockup.png","featured_image_alt":false,"jetpack_sharing_enabled":true,"distributor_meta":false,"distributor_terms":false,"distributor_media":false,"distributor_original_site_name":"Capgemini Austria","distributor_original_site_url":"https:\/\/www.capgemini.com\/at-de","push-errors":false,"tag_names":[],"_links":{"self":[{"href":"https:\/\/www.capgemini.com\/at-de\/wp-json\/wp\/v2\/press-release\/1179","targetHints":{"allow":["GET"]}}],"collection":[{"href":"https:\/\/www.capgemini.com\/at-de\/wp-json\/wp\/v2\/press-release"}],"about":[{"href":"https:\/\/www.capgemini.com\/at-de\/wp-json\/wp\/v2\/types\/press-release"}],"author":[{"embeddable":true,"href":"https:\/\/www.capgemini.com\/at-de\/wp-json\/wp\/v2\/users\/39"}],"version-history":[{"count":2,"href":"https:\/\/www.capgemini.com\/at-de\/wp-json\/wp\/v2\/press-release\/1179\/revisions"}],"predecessor-version":[{"id":633142,"href":"https:\/\/www.capgemini.com\/at-de\/wp-json\/wp\/v2\/press-release\/1179\/revisions\/633142"}],"wp:attachment":[{"href":"https:\/\/www.capgemini.com\/at-de\/wp-json\/wp\/v2\/media?parent=1179"}],"wp:term":[{"taxonomy":"post_tag","embeddable":true,"href":"https:\/\/www.capgemini.com\/at-de\/wp-json\/wp\/v2\/tags?post=1179"},{"taxonomy":"press-release-type","embeddable":true,"href":"https:\/\/www.capgemini.com\/at-de\/wp-json\/wp\/v2\/press-release-type?post=1179"},{"taxonomy":"brand","embeddable":true,"href":"https:\/\/www.capgemini.com\/at-de\/wp-json\/wp\/v2\/brand?post=1179"}],"curies":[{"name":"wp","href":"https:\/\/api.w.org\/{rel}","templated":true}]}}