{"id":20384,"date":"2009-11-30T08:08:00","date_gmt":"2009-11-30T08:08:00","guid":{"rendered":"https:\/\/www.capgemini.com\/ar-es\/?post_type=press-release&#038;p=20384"},"modified":"2025-04-01T09:23:40","modified_gmt":"2025-04-01T09:23:40","slug":"la-crisis-pasa-factura-al-sector-energetico","status":"publish","type":"press-release","link":"https:\/\/www.capgemini.com\/ar-es\/news\/press-releases\/la-crisis-pasa-factura-al-sector-energetico\/","title":{"rendered":"La crisis pasa factura al sector energ\u00e9tico"},"content":{"rendered":"\n<p><\/p>\n\n\n\t\t<div class=\"wp-block-cg-blocks-hero-press-release\">\n\t\t\t<header class=\"header-hero-press-release\" role=\"main\" id=\"main-content-press-release\">\n\t\t\t\t<div class=\"container\">\n\t\t\t\t\t<div class=\"hero-press-release\">\n\t\t\t\t\t\t<div class=\"hero-press-release-content-wrapper\">\n\t\t\t\t\t\t\t<div class=\"row\">\n\t\t\t\t\t\t\t\t<div class=\"col-12\">\n\t\t\t\t\t\t\t\t\t<div class=\"header-title\">\n\t\t\t\t\t\t\t\t\t\t<h1>\n\t\t\t\t\t\t\t\t\t\t\tLa crisis pasa factura al sector energ\u00e9tico\t\t\t\t\t\t\t\t\t\t<\/h1>\n\t\t\t\t\t\t\t\t\t<\/div>\n\t\t\t\t\t\t\t\t\t<div class=\"header-description\">\n\t\t\t\t\t\t\t\t\t\t<p><\/p>\n\t\t\t\t\t\t\t\t\t<\/div>\n\t\t\t\t\t\t\t\t\t\t\t\t\t\t\t\t\t\t<div class=\"header-date\">\n\t\t\t\t\t\t\t\t\t\t<span>nov. 30, 2009<\/span>\n\t\t\t\t\t\t\t\t\t<\/div>\n\t\t\t\t\t\t\t\t<\/div>\n\t\t\t\t\t\t\t<\/div>\n\t\t\t\t\t\t<\/div>\n\t\t\t\t\t\t\t\t\t\t\t\t\t<div class=\"hero-press-release-downloads\">\n\t\t\t\t\t\t\t\t<div class=\"row\">\n\t\t\t\t\t\t\t\t\t\t\t\t\t\t\t\t\t\t\t<div class=\"col-12 col-md-6 col-lg-3\">\n\t\t\t\t\t\t\t\t\t\t\t<a class=\"download-item\" type=\"download\" href=\"https:\/\/www.capgemini.com\/ar-es\/wp-content\/uploads\/sites\/28\/2022\/12\/pdf_La_crisis_pasa_factura_al_sector_energ__tico.pdf\" target=\"_blank\" rel=\"noopener noreferrer\" title=\"abrir en una nueva ventana\">\n\t\t\t\t\t\t\t\t\t\t\t\t<div class=\"download-icon\"><\/div>\n\t\t\t\t\t\t\t\t\t\t\t\t<div class=\"download-details\">\n\t\t\t\t\t\t\t\t\t\t\t\t\t<div class=\"download-title\">Download press release<\/div>\n\t\t\t\t\t\t\t\t\t\t\t\t\t<div class=\"download-props\">38 KB  pdf<\/div>\n\t\t\t\t\t\t\t\t\t\t\t\t<\/div>\n\t\t\t\t\t\t\t\t\t\t\t<\/a>\n\t\t\t\t\t\t\t\t\t\t<\/div>\n\t\t\t\t\t\t\t\t\t\t\t\t\t\t\t\t\t\t<\/div>\n\t\t\t\t\t\t\t<\/div>\n\t\t\t\t\t\t\t\t\t\t\t\t\t\t\t\t\t<\/div>\n\t\t\t\t<\/div>\n\t\t\t<\/header>\n\t\t<\/div>\n\t\t\n\n\n<section class=\"wp-block-cg-blocks-group undefined section section--article-content\"><div class=\"article-main-content\"><div class=\"container\"><div class=\"row\"><div class=\"col-12 col-md-1\"><nav class=\"article-social\"><ul class=\"social-nav\"><li class=\"ip-order-fb\"><a href=\"https:\/\/www.facebook.com\/sharer\/sharer.php?u=https:\/\/www.capgemini.com\/ar-es\/?post_type=press-release&amp;p=20384\" target=\"_blank\" rel=\"noopener noreferrer\" title=\"abrir en una nueva ventana\"><i aria-hidden=\"true\" class=\"icon-fb\"><\/i><span class=\"sr-only\">Facebook<\/span><\/a><\/li><li class=\"ip-order-tw\"><a href=\"https:\/\/twitter.com\/intent\/tweet?url=https:\/\/www.capgemini.com\/ar-es\/?post_type=press-release&amp;p=20384&amp;text=\" target=\"_blank\" rel=\"noopener noreferrer\" title=\"abrir en una nueva ventana\"><i aria-hidden=\"true\" class=\"icon-tw\"><\/i><span class=\"sr-only\">Twitter<\/span><\/a><\/li><li class=\"ip-order-li\"><a href=\"https:\/\/www.linkedin.com\/sharing\/share-offsite\/?url=https:\/\/www.capgemini.com\/ar-es\/?post_type=press-release&amp;p=20384&amp;text=\" target=\"_blank\" rel=\"noopener noreferrer\" title=\"abrir en una nueva ventana\"><i aria-hidden=\"true\" class=\"icon-li\"><\/i><span class=\"sr-only\">Linkedin<\/span><\/a><\/li><\/ul><\/nav><\/div><div class=\"col-12 col-md-11 col-lg-10\"><div class=\"article-text article-quote-text\">\n<p>30\/11\/2009<\/p>\n\n\n\n<p>Capgemini, uno de los principales proveedores del mundo de consultor\u00eda, tecnolog\u00eda y outsourcing, con el apoyo de Soci\u00e9t\u00e9 G\u00e9n\u00e9rale Global Research &amp; Strategy, CMS Bureau Francis Lefebvre y VaasaETT, ha anunciado hoy los resultados del \u00faltimo Observatorio Europeo de los Mercados de Energ\u00eda (EEMO). El estudio describe c\u00f3mo la recesi\u00f3n global ha puesto al sector energ\u00e9tico bajo presi\u00f3n generando unas expectativas de ca\u00edda hist\u00f3rica del consumo mundial de electricidad (-3,5%) y de la demanda mundial del gas (-3%) y obligando a la adopci\u00f3n de medidas tanto a corto como a largo plazo. A corto plazo, el sector est\u00e1 retrasando o cancelando la realizaci\u00f3n de las inversiones previstas e incluso procediendo a la desinversi\u00f3n de activos. A largo plazo, ser\u00e1 necesario un profundo cambio en sus modelos de negocio. Adem\u00e1s, el informe indica que a\u00fan faltan medidas por adoptar en lo referente al cambio clim\u00e1tico con el fin de cumplir los objetivos establecidos para 2020 por la Directiva Europea de Clima y Energ\u00eda.<\/p>\n\n\n\n<p>Seg\u00fan el nuevo informe del Observatorio es necesario un nuevo enfoque en el sector el\u00e9ctrico. Las grandes inversiones del pasado en adquisiciones internacionales junto con la actual disminuci\u00f3n de precios y ca\u00edda del consumo (alrededor del 5% de la electricidad y el 8% del gas en el primer semestre de 2009 en los principales pa\u00edses europeos), han generado una percepci\u00f3n de riesgo financiero y bajada de ratings. Soci\u00e9t\u00e9 G\u00e9n\u00e9rale Global Research &amp; Strategy (que ha contribuido con el cap\u00edtulo sobre financiaci\u00f3n y valoraci\u00f3n de las empresas del sector) identific\u00f3 que el nivel de deuda de estas compa\u00f1\u00edas continu\u00f3 deterior\u00e1ndose en 2008, sufriendo la deuda combinada de las 10 compa\u00f1\u00edas m\u00e1s grandes de Europa un aumento del 113% entre 2006 y 2008, hasta alcanzar los 213 mil millones de euros.<\/p>\n\n\n\n<p>Para recuperar el equilibrio perdido, las compa\u00f1\u00edas necesitar\u00e1n poner en marcha algunas de las siguientes medidas:<\/p>\n\n\n\n<p>* A corto plazo; es prioritario recuperar la confianza de los inversores. Muchas de las compa\u00f1\u00edas europeas del sector han pospuesto su plan de inversiones y anunciado planes de desinversi\u00f3n, sobretodo en lo relativo a sus redes de distribuci\u00f3n. Como muestran algunos estudios de referencia de Capgemini1, muchas empresas del sector a\u00fan tienen margen para mejorar su eficiencia operativa y tambi\u00e9n muchas de ellas ya han puesto en marcha planes de ahorro.<br>* A medio plazo; el sector de las utilities tiene que adaptarse a la nueva legislaci\u00f3n europea, incluyendo las medidas establecidas por la Comisi\u00f3n, para ello necesitan avanzar hacia una mayor generaci\u00f3n de energ\u00eda libre de CO2, a trav\u00e9s de las energ\u00edas renovables y la energ\u00eda nuclear, as\u00ed como actuar en la gesti\u00f3n de la demanda mediante la aplicaci\u00f3n de nuevas tecnolog\u00edas, principalmente los sistemas de Smart Metering y Smart Grid. Estos nuevos sistemas ayudaran a controlar mejor el consumo de energ\u00eda de los sectores terciario y residencial, reduciendo los picos de demanda, mejorando la gesti\u00f3n de la red y las relaciones con los clientes entre otros.<br>* A largo plazo; las empresas del sector pueden llegar a convertirse en los asesores de sus clientes en materia de energ\u00eda y ahorro de CO2, si bien, los incentivos para hacerlo a\u00fan no est\u00e1n claros a d\u00eda de hoy.<\/p>\n\n\n\n<p>Retrasar o cancelar las inversiones en infraestructuras<\/p>\n\n\n\n<p>La crisis ha provocado una ca\u00edda en el consumo y en los precios de la energ\u00eda que ha llevado a muchas utilities a aplazar o cancelar sus planes de inversi\u00f3n, repercutiendo tambi\u00e9n de manera directa en el crecimiento que ven\u00edan experimentando las energ\u00edas renovables en los \u00faltimos a\u00f1os. Ya en 2008, el crecimiento de las inversiones en energ\u00eda sostenible (energ\u00edas renovables y eficiencia energ\u00e9tica) se ralentiz\u00f3 (2%) en comparaci\u00f3n con los \u00faltimos cinco a\u00f1os en los que hab\u00eda alcanzado una tasa de crecimiento (CAGR) del 56%. Esta tendencia se ha acentuado por la crisis, habiendo las inversiones europeas en energ\u00edas renovables disminuido en un 14% en el segundo semestre de 2008 (en comparaci\u00f3n con el segundo semestre de 2007) hasta unos 21 mil millones de euros.<\/p>\n\n\n\n<p>Afortunadamente, muchos planes de est\u00edmulo contienen incentivos para la inversi\u00f3n. Por ejemplo, en mayo de 2009 los Presidentes de los Estados miembros de la UE y el Parlamento Europeo votaron a favor de un plan de 4 mil millones de euros para destinarlos a inversi\u00f3n en infraestructuras energ\u00e9ticas. Los efectos en inversiones f\u00edsicas no ser\u00e1n tangibles antes de 2010, sin embargo, estos planes se han impulsado en el segundo trimestre de 2009 aumentando las inversiones financieras en tecnolog\u00eda limpia y las operaciones de M&amp;A en el sector.<\/p>\n\n\n\n<p>Respecto a la situaci\u00f3n para cuando pase la crisis, se puede predecir un menor aumento de la demanda de electricidad y gas del que se produc\u00eda al salir de otras crisis en el pasado, debido fundamentalmente a las nuevas regulaciones sobre ahorro de energ\u00eda y al cambio en las tendencias de consumo de los ciudadanos. Por ello, la Uni\u00f3n para la Coordinaci\u00f3n del Transporte de Electricidad (UCTE) ha revisado a la baja sus estimaciones de inversi\u00f3n en capacidad de generaci\u00f3n necesaria para mantener la seguridad del suministro hasta 2020, pasando de los 50.000 megavatios adicionales previstos a tan solo 20.000.<\/p>\n\n\n\n<p>Juan Lozano, Vicepresidente l\u00edder del sector de la Energ\u00eda en Capgemini, ha afirmado que: \u201cLa industria de las utilities gestiona unos enormes vol\u00famenes de inversi\u00f3n que requieren de una planificaci\u00f3n a largo plazo y de un entorno razonablemente seguro, tanto en el \u00e1mbito econ\u00f3mico como en el legislativo. Por otro lado, las empresas del sector necesitan desarrollar cuanto antes su visi\u00f3n y plan de implantaci\u00f3n de redes inteligentes (Smart Metering y Smart Grid), que les permitan gestionar mejor en el futuro los cambios tan profundos que se est\u00e1n produciendo en el sector, principalmente en torno a una generaci\u00f3n tanto centralizada como descentralizada, unas energ\u00edas renovables intermitentes, unos flujos multi-direccionales donde los consumidores a veces se convierte tambi\u00e9n en peque\u00f1os productores, una mayor conciencia de ahorro y ecolog\u00eda en los clientes, una nueva variedad de servicios, etc\u201d.<\/p>\n\n\n\n<p>Objetivos sobre el Clima y Energ\u00eda de la UE.<\/p>\n\n\n\n<p>En diciembre de 2009, en Copenhague, va a tener lugar la reuni\u00f3n de la ONU para tratar el cambio clim\u00e1tico y es m\u00e1s que probable que la UE sea la \u00fanica regi\u00f3n entre los pa\u00edses desarrollados, capaz de mostrar la disminuci\u00f3n de CO2 conforme a los objetivos. Sin embargo, el Observatorio pone de manifiesto que, incluso si las emisiones de CO2 disminuyeron en 2008 y 2009, esto est\u00e1 m\u00e1s vinculado a la crisis econ\u00f3mica que a cambios reales y estructurales. Por ejemplo, es preocupante observar que todav\u00eda tres cuartas partes de las centrales en construcci\u00f3n, ser\u00e1n suministradas por combustibles f\u00f3siles y, por lo tanto, emitir\u00e1n altas cantidades de CO2. Es evidente que hay m\u00e1s medidas que deben adoptarse, especialmente las relativas a la eficiencia energ\u00e9tica, la transformaci\u00f3n del mix generaci\u00f3n de electricidad mediante la construcci\u00f3n de plantas libres de CO2 y el desarrollo de una tecnolog\u00eda asequible de captura y almacenamiento de Carbono.<\/p>\n\n\n\n<p>Para obtener una copia del informe, por favor visita: <a href=\"http:\/\/www.capgemini.com\/eemo\">www.capgemini.com\/eemo<\/a><\/p>\n\n\n<div class=\"wp-block-cg-blocks-cg-block-related-content\"><section class=\"relatedContentBlock\"><div class=\"container\"><div class=\"row\"><div class=\"content-title col-12 col-md-8\"><h2 class=\"related-content-heading\">Related News<\/h2><\/div><\/div><div class=\"row relatedContent\"><div class=\"col-lg-4 col-md-6 col-xs-12\">\n\t\t\t\t\t\t\t<div class=\"box\">\n\t\t\t\t\t\t\t\t<a aria-label=\"Leer m\u00e1s sobre Capgemini anuncia la salida de William Roz\u00e9 del Grupo\" href=\"https:\/\/www.capgemini.com\/ar-es\/news\/capgemini-anuncia-la-salida-de-william-roze-del-grupo\/\" class=\"anchorWrapper\">\n\t\t\t\t\t\t\t\t\t<span class=\"box-tag\"><span>Corporate news<\/span><\/span>\n\t\t\t\t\t\t\t\t\t<div class=\"box-title\"><h3 class=\"box-subtitle\">Capgemini anuncia la salida de William Roz\u00e9 del Grupo<\/h3><\/div>\n\t\t\t\t\t\t\t\t\t<div class=\"box-date\">\n\t\t\t\t\t\t\t\t\t\t<span>Aug 20, 2025<\/span>\n\t\t\t\t\t\t\t\t\t<\/div>\n\t\t\t\t\t\t\t\t\t<div class=\"box-bottom\">\n\t\t\t\t\t\t\t\t\t\t&lt;a class=&quot;link-download&quot; href=&quot;https:\/\/www.capgemini.com\/mx-es\/wp-content\/uploads\/sites\/28\/2025\/08\/ESP_08_01_Capgemini-announces-William-Rozes-departure-from-the-Group_REV_JG.pdf&quot; aria-label=&quot;Descargar nota de prensa&quot; target=&quot;_blank&quot;  type=&quot;download&quot; title=&quot;Opens in a new window&quot;&gt;\n\t\t\t\t\t\t\t&lt;span&gt;Descargar nota de prensa&lt;\/span&gt;\n\t\t\t\t\t\t\t&lt;span&gt;89 KB PDF&lt;\/span&gt;\n\t\t\t\t\t\t&lt;\/a&gt;\n\t\t\t\t\t\t\t\t\t\t<a class=\"more\" aria-label=\"Leer m\u00e1s sobre Capgemini anuncia la salida de William Roz\u00e9 del Grupo\" href=\"https:\/\/www.capgemini.com\/ar-es\/news\/capgemini-anuncia-la-salida-de-william-roze-del-grupo\/\">Leer m\u00e1s sobre<\/a>\n\t\t\t\t\t\t\t\t\t<\/div>\n\t\t\t\t\t\t\t\t<\/a>\n\t\t\t\t\t\t\t<\/div>\n\t\t\t\t\t\t<\/div><div class=\"col-lg-4 col-md-6 col-xs-12\">\n\t\t\t\t\t\t\t<div class=\"box\">\n\t\t\t\t\t\t\t\t<a aria-label=\"Leer m\u00e1s sobre Casi dos tercios de las organizaciones consideran la computaci\u00f3n cu\u00e1ntica como la amenaza de ciberseguridad m\u00e1s cr\u00edtica en 3-5 a\u00f1os\" href=\"https:\/\/www.capgemini.com\/ar-es\/news\/casi-dos-tercios-de-las-organizaciones-consideran-la-computacion-cuantica-como-la-amenaza-de-ciberseguridad-mas-critica-en-3-5-anos\/\" class=\"anchorWrapper\">\n\t\t\t\t\t\t\t\t\t<span class=\"box-tag\"><span>Reports<\/span><\/span>\n\t\t\t\t\t\t\t\t\t<div class=\"box-title\"><h3 class=\"box-subtitle\">Casi dos tercios de las organizaciones consideran la computaci\u00f3n cu\u00e1ntica como la amenaza de ciberseguridad m\u00e1s cr\u00edtica en 3-5 a\u00f1os<\/h3><\/div>\n\t\t\t\t\t\t\t\t\t<div class=\"box-date\">\n\t\t\t\t\t\t\t\t\t\t<span>Aug 20, 2025<\/span>\n\t\t\t\t\t\t\t\t\t<\/div>\n\t\t\t\t\t\t\t\t\t<div class=\"box-bottom\">\n\t\t\t\t\t\t\t\t\t\t&lt;a class=&quot;link-download&quot; href=&quot;https:\/\/www.capgemini.com\/mx-es\/wp-content\/uploads\/sites\/28\/2025\/07\/ESP_07_10_Capgemini_Post-Quantum-Cryptography-Report_News-Alert_REV_JG.pdf&quot; aria-label=&quot;Descargar nota de prensa&quot; target=&quot;_blank&quot;  type=&quot;download&quot; title=&quot;Opens in a new window&quot;&gt;\n\t\t\t\t\t\t\t&lt;span&gt;Descargar nota de prensa&lt;\/span&gt;\n\t\t\t\t\t\t\t&lt;span&gt;124 KB PDF&lt;\/span&gt;\n\t\t\t\t\t\t&lt;\/a&gt;\n\t\t\t\t\t\t\t\t\t\t<a class=\"more\" aria-label=\"Leer m\u00e1s sobre Casi dos tercios de las organizaciones consideran la computaci\u00f3n cu\u00e1ntica como la amenaza de ciberseguridad m\u00e1s cr\u00edtica en 3-5 a\u00f1os\" href=\"https:\/\/www.capgemini.com\/ar-es\/news\/casi-dos-tercios-de-las-organizaciones-consideran-la-computacion-cuantica-como-la-amenaza-de-ciberseguridad-mas-critica-en-3-5-anos\/\">Leer m\u00e1s sobre<\/a>\n\t\t\t\t\t\t\t\t\t<\/div>\n\t\t\t\t\t\t\t\t<\/a>\n\t\t\t\t\t\t\t<\/div>\n\t\t\t\t\t\t<\/div><div class=\"col-lg-4 col-md-6 col-xs-12\">\n\t\t\t\t\t\t\t<div class=\"box\">\n\t\t\t\t\t\t\t\t<a aria-label=\"Leer m\u00e1s sobre La confianza y la colaboraci\u00f3n entre humanos e IA definir\u00e1n la pr\u00f3xima era de la IA ag\u00e9ntica, que representar\u00e1 una oportunidad de 450 mil millones de d\u00f3lares para 2028\" href=\"https:\/\/www.capgemini.com\/ar-es\/news\/la-confianza-y-la-colaboracion-entre-humanos-e-ia-definiran-la-proxima-era-de-la-ia-agentica-que-representara-una-oportunidad-de-450-mil-millones-de-dolares-para-2028\/\" class=\"anchorWrapper\">\n\t\t\t\t\t\t\t\t\t<span class=\"box-tag\"><span>Reports<\/span><\/span>\n\t\t\t\t\t\t\t\t\t<div class=\"box-title\"><h3 class=\"box-subtitle\">La confianza y la colaboraci\u00f3n entre humanos e IA definir\u00e1n la pr\u00f3xima era de la IA ag\u00e9ntica, que representar\u00e1 una oportunidad de 450 mil millones de d\u00f3lares para 2028<\/h3><\/div>\n\t\t\t\t\t\t\t\t\t<div class=\"box-date\">\n\t\t\t\t\t\t\t\t\t\t<span>Aug 20, 2025<\/span>\n\t\t\t\t\t\t\t\t\t<\/div>\n\t\t\t\t\t\t\t\t\t<div class=\"box-bottom\">\n\t\t\t\t\t\t\t\t\t\t&lt;a class=&quot;link-download&quot; href=&quot;https:\/\/www.capgemini.com\/wp-content\/uploads\/2025\/07\/07_16_Capgemini-Press-Release_AI-Agents-CRI-report_EN-1.pdf&quot; aria-label=&quot;Descargar nota de prensa&quot; target=&quot;_blank&quot;  type=&quot;download&quot; title=&quot;Opens in a new window&quot;&gt;\n\t\t\t\t\t\t\t&lt;span&gt;Descargar nota de prensa&lt;\/span&gt;\n\t\t\t\t\t\t\t&lt;span&gt;150 KB PDF&lt;\/span&gt;\n\t\t\t\t\t\t&lt;\/a&gt;\n\t\t\t\t\t\t\t\t\t\t<a class=\"more\" aria-label=\"Leer m\u00e1s sobre La confianza y la colaboraci\u00f3n entre humanos e IA definir\u00e1n la pr\u00f3xima era de la IA ag\u00e9ntica, que representar\u00e1 una oportunidad de 450 mil millones de d\u00f3lares para 2028\" href=\"https:\/\/www.capgemini.com\/ar-es\/news\/la-confianza-y-la-colaboracion-entre-humanos-e-ia-definiran-la-proxima-era-de-la-ia-agentica-que-representara-una-oportunidad-de-450-mil-millones-de-dolares-para-2028\/\">Leer m\u00e1s sobre<\/a>\n\t\t\t\t\t\t\t\t\t<\/div>\n\t\t\t\t\t\t\t\t<\/a>\n\t\t\t\t\t\t\t<\/div>\n\t\t\t\t\t\t<\/div><\/div><\/div><\/section><\/div><\/div><\/div><\/div><\/div><\/div><\/section>\n","protected":false},"excerpt":{"rendered":"","protected":false},"author":336,"featured_media":0,"template":"","meta":{"cg_dt_proposed_to":[],"cg_seo_hreflang_relations":"[]","cg_seo_canonical_relation":"","cg_seo_hreflang_x_default_relation":"{\"uuid\":\"a3cf08e8-b21b-4247-b632-d5d429aecab0\",\"blogId\":\"\",\"domain\":\"\",\"sitePath\":\"\",\"postLink\":\"\",\"postId\":null,\"isSaved\":false,\"isCrossLink\":false,\"hasCrossLink\":false}","cg_dt_approved_content":true,"cg_dt_mandatory_content":false,"cg_dt_notes":"","cg_dg_source_changed":false,"cg_dt_link_disabled":false,"footnotes":"","related_resource_url":"https:\/\/www.capgemini.com\/ar-es\/wp-content\/uploads\/sites\/28\/2022\/12\/pdf_La_crisis_pasa_factura_al_sector_energ__tico.pdf","related_resource_id":20385,"related_resource_size":"38 KB","related_resource_type":"pdf","cg_author":0,"featured_focal_points":""},"tags":[],"press-release-type":[],"brand":[],"class_list":["post-20384","press-release","type-press-release","status-publish","hentry"],"yoast_head":"<!-- This site is optimized with the Yoast SEO Premium plugin v22.8 (Yoast SEO v22.8) - https:\/\/yoast.com\/wordpress\/plugins\/seo\/ -->\n<title>La crisis pasa factura al sector energ\u00e9tico - Capgemini Argentina<\/title>\n<meta name=\"robots\" content=\"index, follow, max-snippet:-1, max-image-preview:large, max-video-preview:-1\" \/>\n<link rel=\"canonical\" href=\"https:\/\/www.capgemini.com\/ar-es\/news\/press-releases\/la-crisis-pasa-factura-al-sector-energetico\/\" \/>\n<meta property=\"og:locale\" content=\"es_MX\" \/>\n<meta property=\"og:type\" content=\"article\" \/>\n<meta property=\"og:title\" content=\"La crisis pasa factura al sector energ\u00e9tico\" \/>\n<meta property=\"og:url\" content=\"https:\/\/www.capgemini.com\/ar-es\/news\/press-releases\/la-crisis-pasa-factura-al-sector-energetico\/\" \/>\n<meta property=\"og:site_name\" content=\"Capgemini Argentina\" \/>\n<meta property=\"article:modified_time\" content=\"2025-04-01T09:23:40+00:00\" \/>\n<meta property=\"og:image\" content=\"https:\/\/www.capgemini.com\/ar-es\/wp-content\/uploads\/sites\/9\/2025\/10\/New-Web-preview-global.jpg\" \/>\n\t<meta property=\"og:image:width\" content=\"1200\" \/>\n\t<meta property=\"og:image:height\" content=\"627\" \/>\n\t<meta property=\"og:image:type\" content=\"image\/jpeg\" \/>\n<meta name=\"twitter:card\" content=\"summary_large_image\" \/>\n<meta name=\"twitter:label1\" content=\"Est. reading time\" \/>\n\t<meta name=\"twitter:data1\" content=\"6 minutes\" \/>\n<script type=\"application\/ld+json\" class=\"yoast-schema-graph\">{\"@context\":\"https:\/\/schema.org\",\"@graph\":[{\"@type\":\"WebPage\",\"@id\":\"https:\/\/www.capgemini.com\/ar-es\/news\/press-releases\/la-crisis-pasa-factura-al-sector-energetico\/\",\"url\":\"https:\/\/www.capgemini.com\/ar-es\/news\/press-releases\/la-crisis-pasa-factura-al-sector-energetico\/\",\"name\":\"La crisis pasa factura al sector energ\u00e9tico - Capgemini Argentina\",\"isPartOf\":{\"@id\":\"https:\/\/www.capgemini.com\/ar-es\/#website\"},\"datePublished\":\"2009-11-30T08:08:00+00:00\",\"dateModified\":\"2025-04-01T09:23:40+00:00\",\"breadcrumb\":{\"@id\":\"https:\/\/www.capgemini.com\/ar-es\/news\/press-releases\/la-crisis-pasa-factura-al-sector-energetico\/#breadcrumb\"},\"inLanguage\":\"es-MX\",\"potentialAction\":[{\"@type\":\"ReadAction\",\"target\":[\"https:\/\/www.capgemini.com\/ar-es\/news\/press-releases\/la-crisis-pasa-factura-al-sector-energetico\/\"]}]},{\"@type\":\"BreadcrumbList\",\"@id\":\"https:\/\/www.capgemini.com\/ar-es\/news\/press-releases\/la-crisis-pasa-factura-al-sector-energetico\/#breadcrumb\",\"itemListElement\":[{\"@type\":\"ListItem\",\"position\":1,\"name\":\"Home\",\"item\":\"https:\/\/www.capgemini.com\/ar-es\/\"},{\"@type\":\"ListItem\",\"position\":2,\"name\":\"Press Releases\",\"item\":\"https:\/\/www.capgemini.com\/ar-es\/news\/\"},{\"@type\":\"ListItem\",\"position\":3,\"name\":\"La crisis pasa factura al sector energ\u00e9tico\"}]},{\"@type\":\"WebSite\",\"@id\":\"https:\/\/www.capgemini.com\/ar-es\/#website\",\"url\":\"https:\/\/www.capgemini.com\/ar-es\/\",\"name\":\"Capgemini Argentina\",\"description\":\"Capgemini\",\"potentialAction\":[{\"@type\":\"SearchAction\",\"target\":{\"@type\":\"EntryPoint\",\"urlTemplate\":\"https:\/\/www.capgemini.com\/ar-es\/?s={search_term_string}\"},\"query-input\":\"required name=search_term_string\"}],\"inLanguage\":\"es-MX\"}]}<\/script>\n<!-- \/ Yoast SEO Premium plugin. -->","yoast_head_json":{"title":"La crisis pasa factura al sector energ\u00e9tico - Capgemini Argentina","robots":{"index":"index","follow":"follow","max-snippet":"max-snippet:-1","max-image-preview":"max-image-preview:large","max-video-preview":"max-video-preview:-1"},"canonical":"https:\/\/www.capgemini.com\/ar-es\/news\/press-releases\/la-crisis-pasa-factura-al-sector-energetico\/","og_locale":"es_MX","og_type":"article","og_title":"La crisis pasa factura al sector energ\u00e9tico","og_url":"https:\/\/www.capgemini.com\/ar-es\/news\/press-releases\/la-crisis-pasa-factura-al-sector-energetico\/","og_site_name":"Capgemini Argentina","article_modified_time":"2025-04-01T09:23:40+00:00","og_image":[{"width":1200,"height":627,"url":"https:\/\/www.capgemini.com\/ar-es\/wp-content\/uploads\/sites\/9\/2025\/10\/New-Web-preview-global.jpg","type":"image\/jpeg"}],"twitter_card":"summary_large_image","twitter_misc":{"Est. reading time":"6 minutes"},"schema":{"@context":"https:\/\/schema.org","@graph":[{"@type":"WebPage","@id":"https:\/\/www.capgemini.com\/ar-es\/news\/press-releases\/la-crisis-pasa-factura-al-sector-energetico\/","url":"https:\/\/www.capgemini.com\/ar-es\/news\/press-releases\/la-crisis-pasa-factura-al-sector-energetico\/","name":"La crisis pasa factura al sector energ\u00e9tico - Capgemini Argentina","isPartOf":{"@id":"https:\/\/www.capgemini.com\/ar-es\/#website"},"datePublished":"2009-11-30T08:08:00+00:00","dateModified":"2025-04-01T09:23:40+00:00","breadcrumb":{"@id":"https:\/\/www.capgemini.com\/ar-es\/news\/press-releases\/la-crisis-pasa-factura-al-sector-energetico\/#breadcrumb"},"inLanguage":"es-MX","potentialAction":[{"@type":"ReadAction","target":["https:\/\/www.capgemini.com\/ar-es\/news\/press-releases\/la-crisis-pasa-factura-al-sector-energetico\/"]}]},{"@type":"BreadcrumbList","@id":"https:\/\/www.capgemini.com\/ar-es\/news\/press-releases\/la-crisis-pasa-factura-al-sector-energetico\/#breadcrumb","itemListElement":[{"@type":"ListItem","position":1,"name":"Home","item":"https:\/\/www.capgemini.com\/ar-es\/"},{"@type":"ListItem","position":2,"name":"Press Releases","item":"https:\/\/www.capgemini.com\/ar-es\/news\/"},{"@type":"ListItem","position":3,"name":"La crisis pasa factura al sector energ\u00e9tico"}]},{"@type":"WebSite","@id":"https:\/\/www.capgemini.com\/ar-es\/#website","url":"https:\/\/www.capgemini.com\/ar-es\/","name":"Capgemini Argentina","description":"Capgemini","potentialAction":[{"@type":"SearchAction","target":{"@type":"EntryPoint","urlTemplate":"https:\/\/www.capgemini.com\/ar-es\/?s={search_term_string}"},"query-input":"required name=search_term_string"}],"inLanguage":"es-MX"}]}},"parsely":{"version":"1.1.0","canonical_url":"https:\/\/capgemini.com\/ar-es\/news\/press-releases\/la-crisis-pasa-factura-al-sector-energetico\/","smart_links":{"inbound":0,"outbound":0},"traffic_boost_suggestions_count":0,"meta":{"@context":"https:\/\/schema.org","@type":"NewsArticle","headline":"La crisis pasa factura al sector energ\u00e9tico","url":"https:\/\/www.capgemini.com\/ar-es\/news\/press-releases\/la-crisis-pasa-factura-al-sector-energetico\/","mainEntityOfPage":{"@type":"WebPage","@id":"https:\/\/www.capgemini.com\/ar-es\/news\/press-releases\/la-crisis-pasa-factura-al-sector-energetico\/"},"thumbnailUrl":"","image":{"@type":"ImageObject","url":""},"articleSection":"Uncategorized","author":[],"creator":[],"publisher":{"@type":"Organization","name":"Capgemini Argentina","logo":""},"keywords":[],"dateCreated":"2009-11-30T08:08:00Z","datePublished":"2009-11-30T08:08:00Z","dateModified":"2025-04-01T09:23:40Z"},"rendered":"<meta name=\"parsely-title\" content=\"La crisis pasa factura al sector energ\u00e9tico\" \/>\n<meta name=\"parsely-link\" content=\"https:\/\/www.capgemini.com\/ar-es\/news\/press-releases\/la-crisis-pasa-factura-al-sector-energetico\/\" \/>\n<meta name=\"parsely-type\" content=\"post\" \/>\n<meta name=\"parsely-pub-date\" content=\"2009-11-30T08:08:00Z\" \/>\n<meta name=\"parsely-section\" content=\"Uncategorized\" \/>","tracker_url":"https:\/\/cdn.parsely.com\/keys\/capgemini.com\/p.js"},"archive_status":false,"featured_image_src":"https:\/\/www.capgemini.com\/ar-es\/wp-content\/themes\/capgemini2025\/assets\/images\/mockup.png","featured_image_alt":false,"jetpack_sharing_enabled":true,"distributor_meta":false,"distributor_terms":false,"distributor_media":false,"distributor_original_site_name":"Capgemini Argentina","distributor_original_site_url":"https:\/\/www.capgemini.com\/ar-es","push-errors":false,"tag_names":[],"_links":{"self":[{"href":"https:\/\/www.capgemini.com\/ar-es\/wp-json\/wp\/v2\/press-release\/20384","targetHints":{"allow":["GET"]}}],"collection":[{"href":"https:\/\/www.capgemini.com\/ar-es\/wp-json\/wp\/v2\/press-release"}],"about":[{"href":"https:\/\/www.capgemini.com\/ar-es\/wp-json\/wp\/v2\/types\/press-release"}],"author":[{"embeddable":true,"href":"https:\/\/www.capgemini.com\/ar-es\/wp-json\/wp\/v2\/users\/336"}],"version-history":[{"count":3,"href":"https:\/\/www.capgemini.com\/ar-es\/wp-json\/wp\/v2\/press-release\/20384\/revisions"}],"predecessor-version":[{"id":517838,"href":"https:\/\/www.capgemini.com\/ar-es\/wp-json\/wp\/v2\/press-release\/20384\/revisions\/517838"}],"wp:attachment":[{"href":"https:\/\/www.capgemini.com\/ar-es\/wp-json\/wp\/v2\/media?parent=20384"}],"wp:term":[{"taxonomy":"post_tag","embeddable":true,"href":"https:\/\/www.capgemini.com\/ar-es\/wp-json\/wp\/v2\/tags?post=20384"},{"taxonomy":"press-release-type","embeddable":true,"href":"https:\/\/www.capgemini.com\/ar-es\/wp-json\/wp\/v2\/press-release-type?post=20384"},{"taxonomy":"brand","embeddable":true,"href":"https:\/\/www.capgemini.com\/ar-es\/wp-json\/wp\/v2\/brand?post=20384"}],"curies":[{"name":"wp","href":"https:\/\/api.w.org\/{rel}","templated":true}]}}