{"id":20205,"date":"2010-11-22T07:10:00","date_gmt":"2010-11-22T07:10:00","guid":{"rendered":"https:\/\/www.capgemini.com\/ar-es\/?post_type=press-release&#038;p=20205"},"modified":"2025-04-01T09:13:21","modified_gmt":"2025-04-01T09:13:21","slug":"la-ue-avanza-con-rapidez-en-el-programa-de-reduccion-de-emisiones-de-co2-pero-se-retrasa-en-la-expansion-de-las-energias-renovables","status":"publish","type":"press-release","link":"https:\/\/www.capgemini.com\/ar-es\/news\/press-releases\/la-ue-avanza-con-rapidez-en-el-programa-de-reduccion-de-emisiones-de-co2-pero-se-retrasa-en-la-expansion-de-las-energias-renovables\/","title":{"rendered":"La UE avanza con rapidez en el programa de reducci\u00f3n de emisiones de CO2 pero se retrasa en la expansi\u00f3n de las energ\u00edas renovables"},"content":{"rendered":"\n<p><\/p>\n\n\n\t\t<div class=\"wp-block-cg-blocks-hero-press-release\">\n\t\t\t<header class=\"header-hero-press-release\" role=\"main\" id=\"main-content-press-release\">\n\t\t\t\t<div class=\"container\">\n\t\t\t\t\t<div class=\"hero-press-release\">\n\t\t\t\t\t\t<div class=\"hero-press-release-content-wrapper\">\n\t\t\t\t\t\t\t<div class=\"row\">\n\t\t\t\t\t\t\t\t<div class=\"col-12\">\n\t\t\t\t\t\t\t\t\t<div class=\"header-title\">\n\t\t\t\t\t\t\t\t\t\t<h1>\n\t\t\t\t\t\t\t\t\t\t\tLa UE avanza con rapidez en el programa de reducci\u00f3n de emisiones de CO2 pero se retrasa en la expansi\u00f3n de las energ\u00edas renovables\t\t\t\t\t\t\t\t\t\t<\/h1>\n\t\t\t\t\t\t\t\t\t<\/div>\n\t\t\t\t\t\t\t\t\t<div class=\"header-description\">\n\t\t\t\t\t\t\t\t\t\t<p><\/p>\n\t\t\t\t\t\t\t\t\t<\/div>\n\t\t\t\t\t\t\t\t\t\t\t\t\t\t\t\t\t\t<div class=\"header-date\">\n\t\t\t\t\t\t\t\t\t\t<span>nov. 22, 2010<\/span>\n\t\t\t\t\t\t\t\t\t<\/div>\n\t\t\t\t\t\t\t\t<\/div>\n\t\t\t\t\t\t\t<\/div>\n\t\t\t\t\t\t<\/div>\n\t\t\t\t\t\t\t\t\t\t\t\t\t<div class=\"hero-press-release-downloads\">\n\t\t\t\t\t\t\t\t<div class=\"row\">\n\t\t\t\t\t\t\t\t\t\t\t\t\t\t\t\t\t\t\t<div class=\"col-12 col-md-6 col-lg-3\">\n\t\t\t\t\t\t\t\t\t\t\t<a class=\"download-item\" type=\"download\" href=\"https:\/\/www.capgemini.com\/ar-es\/wp-content\/uploads\/sites\/28\/2022\/12\/pdf_Retenci__n_y_fidelizaci__n_de_clientes__mucho_m__s_que_una_cuesti__n_de_precio-2.pdf\" target=\"_blank\" rel=\"noopener noreferrer\" title=\"abrir en una nueva ventana\">\n\t\t\t\t\t\t\t\t\t\t\t\t<div class=\"download-icon\"><\/div>\n\t\t\t\t\t\t\t\t\t\t\t\t<div class=\"download-details\">\n\t\t\t\t\t\t\t\t\t\t\t\t\t<div class=\"download-title\">Download press release<\/div>\n\t\t\t\t\t\t\t\t\t\t\t\t\t<div class=\"download-props\">137 KB  pdf<\/div>\n\t\t\t\t\t\t\t\t\t\t\t\t<\/div>\n\t\t\t\t\t\t\t\t\t\t\t<\/a>\n\t\t\t\t\t\t\t\t\t\t<\/div>\n\t\t\t\t\t\t\t\t\t\t\t\t\t\t\t\t\t\t<\/div>\n\t\t\t\t\t\t\t<\/div>\n\t\t\t\t\t\t\t\t\t\t\t\t\t\t\t\t\t<\/div>\n\t\t\t\t<\/div>\n\t\t\t<\/header>\n\t\t<\/div>\n\t\t\n\n\n<section class=\"wp-block-cg-blocks-group undefined section section--article-content\"><div class=\"article-main-content\"><div class=\"container\"><div class=\"row\"><div class=\"col-12 col-md-1\"><nav class=\"article-social\"><ul class=\"social-nav\"><li class=\"ip-order-fb\"><a href=\"https:\/\/www.facebook.com\/sharer\/sharer.php?u=https:\/\/www.capgemini.com\/ar-es\/?post_type=press-release&amp;p=20205\" target=\"_blank\" rel=\"noopener noreferrer\" title=\"abrir en una nueva ventana\"><i aria-hidden=\"true\" class=\"icon-fb\"><\/i><span class=\"sr-only\">Facebook<\/span><\/a><\/li><li class=\"ip-order-tw\"><a href=\"https:\/\/twitter.com\/intent\/tweet?url=https:\/\/www.capgemini.com\/ar-es\/?post_type=press-release&amp;p=20205&amp;text=\" target=\"_blank\" rel=\"noopener noreferrer\" title=\"abrir en una nueva ventana\"><i aria-hidden=\"true\" class=\"icon-tw\"><\/i><span class=\"sr-only\">Twitter<\/span><\/a><\/li><li class=\"ip-order-li\"><a href=\"https:\/\/www.linkedin.com\/sharing\/share-offsite\/?url=https:\/\/www.capgemini.com\/ar-es\/?post_type=press-release&amp;p=20205&amp;text=\" target=\"_blank\" rel=\"noopener noreferrer\" title=\"abrir en una nueva ventana\"><i aria-hidden=\"true\" class=\"icon-li\"><\/i><span class=\"sr-only\">Linkedin<\/span><\/a><\/li><\/ul><\/nav><\/div><div class=\"col-12 col-md-11 col-lg-10\"><div class=\"article-text article-quote-text\">\n<p>Capgemini, uno de los proveedores m\u00e1s destacados del mundo de consultor\u00eda, tecnolog\u00eda y outsourcing, apoyada por la Soci\u00e9t\u00e9 G\u00e9n\u00e9rale Global Research, CMS Bureau Francis Lefebvre y VaasaETT, ha dado a conocer los resultados de la duod\u00e9cima edici\u00f3n del Observatorio Europeo de los Mercados de Energ\u00eda (EEMO). Las conclusiones principales ponen de manifiesto que, a pesar de estar en el buen camino para superar el objetivo de reducir las emisiones de carbono, Europa se est\u00e1 retrasando en el reto de cumplir con la expansi\u00f3n de las energ\u00edas renovables acordado en el Paquete Energ\u00e9tico y Clim\u00e1tico de la UE. La reducci\u00f3n del consumo de energ\u00eda, que constituye un objetivo no obligatorio en la legislaci\u00f3n europea, tambi\u00e9n podr\u00eda resultar dif\u00edcil de cumplir. El informe analiza tambi\u00e9n las medidas, incluida la respuesta de la demanda, para mejorar la seguridad del suministro en Europa en ocasiones excepcionales.<\/p>\n\n\n\n<p>Tambi\u00e9n se estudia la transformaci\u00f3n del dise\u00f1o t\u00e9cnico, el equipo y la gesti\u00f3n de las redes, elemento esencial para conseguir los objetivos de la Directiva UE y para garantizar la seguridad del suministro.Capgemini, uno de los proveedores m\u00e1s destacados del mundo de consultor\u00eda, tecnolog\u00eda y outsourcing, apoyada por la Soci\u00e9t\u00e9 G\u00e9n\u00e9rale Global Research, CMS Bureau Francis Lefebvre y VaasaETT, ha dado a conocer los resultados de la duod\u00e9cima edici\u00f3n del Observatorio Europeo de los Mercados de Energ\u00eda (EEMO).<\/p>\n\n\n\n<p>Las conclusiones principales ponen de manifiesto que, a pesar de estar en el buen camino para superar el objetivo de reducir las emisiones de carbono, Europa se est\u00e1 retrasando en el reto de cumplir con la expansi\u00f3n de las energ\u00edas renovables acordado en el Paquete Energ\u00e9tico y Clim\u00e1tico de la UE. La reducci\u00f3n del consumo de energ\u00eda, que constituye un objetivo no obligatorio en la legislaci\u00f3n europea, tambi\u00e9n podr\u00eda resultar dif\u00edcil de cumplir. El informe analiza tambi\u00e9n las medidas, incluida la respuesta de la demanda, para mejorar la seguridad del suministro en Europa en ocasiones excepcionales. Tambi\u00e9n se estudia la transformaci\u00f3n del dise\u00f1o t\u00e9cnico, el equipo y la gesti\u00f3n de las redes, elemento esencial para conseguir los objetivos de la Directiva UE y para garantizar la seguridad del suministro.<\/p>\n\n\n\n<h3 class=\"wp-block-heading\" id=\"h-progresos-frente-a-los-objetivos-20-20-20-de-la-ue\">Progresos frente a los objetivos 20-20-20 de la UE<\/h3>\n\n\n\n<p>Debido a la recesi\u00f3n econ\u00f3mica y a la legislaci\u00f3n nacional, la UE se encuentra muy cerca de conseguir su objetivo de Kyoto de reducir las emisiones de gases de efecto invernadero en bloque, a pesar del hecho de que algunos Estados Miembros todav\u00eda est\u00e1n muy lejos de alcanzar sus objetivos individuales. En 2009, las emisiones totales de CO2 en Europa cayeron un 7%. En una situaci\u00f3n de econom\u00eda d\u00e9bil continua y con las plantas industriales traslad\u00e1ndose fuera de Europa, el objetivo de reducci\u00f3n de las emisiones de gases de efecto invernadero fijado para 2020 deber\u00eda cumplirse e incluso superarse.<\/p>\n\n\n\n<p>Aunque a un ritmo m\u00e1s lento que en 2008, la generaci\u00f3n de energ\u00edas renovables sigui\u00f3 creciendo en 2009 impulsada por el incremento de la energ\u00eda solar y la energ\u00eda e\u00f3lica en un 15% y un 53% respectivamente. Sin embargo, el ritmo de cambio no es en la actualidad lo suficientemente r\u00e1pido para conseguir el objetivo de la UE de que las energ\u00edas renovables aporten el 20% del mix energ\u00e9tico para 2020. La Comisi\u00f3n supone que 500 de los 1.200 Teravatios-hora (TWh) de crecimiento en la producci\u00f3n de renovables, necesarios para cumplir el objetivo, proceder\u00e1n de la energ\u00eda e\u00f3lica. Este hecho constituye un motivo de preocupaci\u00f3n ya que los emplazamientos para generar energ\u00eda e\u00f3lica terrestre m\u00e1s favorables ya han sido tomados, por lo que es necesario el desarrollo de caras y complejas centrales e\u00f3licas mar\u00edtimas.<\/p>\n\n\n\n<p>Desde el punto de vista financiero, la crisis ha provocado la disminuci\u00f3n del flujo financiero exigido para el proyecto, los programas de austeridad han llevado a muchos pa\u00edses a reducir sus subvenciones para el desarrollo energ\u00e9tico e\u00f3lico o solar y los nuevos reglamentos est\u00e1n haciendo que la construcci\u00f3n de centrales e\u00f3licas resulte muy compleja. Adem\u00e1s, como estas energ\u00edas todav\u00eda no son competitivas, su desarrollo tiene que estar respaldado por clientes. Como consecuencia de lo anterior, los gobiernos y los organismos reguladores deber\u00edan optar por incrementar los precios de la electricidad y estas decisiones son siempre dif\u00edciles de tomar en \u00e9pocas de d\u00e9bil recuperaci\u00f3n econ\u00f3mica. En la actualidad, con China a la cabeza de la exportaci\u00f3n de paneles solares (exportaciones valoradas en 15.000 millones de d\u00f3lares) y la India liderando las exportaciones de molinos e\u00f3licos, el desarrollo de estas energ\u00edas en Europa se est\u00e1 traduciendo en un incremento de las importaciones en lugar de en el desarrollo de una industria local con los puestos de trabajo que este hecho supondr\u00eda.<\/p>\n\n\n\n<p>El objetivo de consumo energ\u00e9tico de Europa \u2013 reducir el consumo de energ\u00eda primaria de 1.750 millones de toneladas de petr\u00f3leo equivalente (MTOE) en 2005 a 1.520 MTOE en 2020 \u2013 supone todo un reto. Gracias al bajo nivel de actividad industrial, el consumo de energ\u00eda primaria en la regi\u00f3n cay\u00f3 un 5,6% en 2009; sin embargo, la consecuci\u00f3n del objetivo de 2020 conlleva una reducci\u00f3n significativa en sectores como la construcci\u00f3n y el transporte. A pesar de las leyes nacionales aprobadas adem\u00e1s de las de la UE, estos dos sectores cuentan con plazos largos y m\u00faltiples y dispersas partes interesadas. De este modo, 2020 se podr\u00eda considerar un plazo demasiado ajustado para que estas medidas causaran el suficiente impacto. Adem\u00e1s, ser\u00eda necesario realizar inversiones significativas e implantar un proceso de innovaci\u00f3n de las tecnolog\u00edas (como las bater\u00edas el\u00e9ctricas).<\/p>\n\n\n\n<h3 class=\"wp-block-heading\" id=\"h-seguridad-del-suministro-y-necesidad-de-redes-inteligentes\">Seguridad del suministro y necesidad de redes inteligentes<\/h3>\n\n\n\n<p>Aunque la seguridad de suministro global de gas y electricidad aument\u00f3 durante el periodo en el que se realiz\u00f3 el Observatorio (2009 e invierno 2009\/2010), se observaron situaciones de tensi\u00f3n en la electricidad durante los d\u00edas de invierno con temperaturas m\u00e1s bajas y algunos pa\u00edses como Francia estuvieron muy cerca de alcanzar sus umbrales de importaci\u00f3n de electricidad y tuvieron que enviar mensajes a ciertos ciudadanos pidi\u00e9ndoles que redujeran su consumo en las horas punta. Para incrementar la seguridad del suministro durante estos periodos de tensi\u00f3n, ser\u00e1 necesario una generaci\u00f3n de una mayor potencia pico (en 2009 se han a\u00f1adido capacidades de 13,8 GW en centrales de gas), incrementar las interconexiones transfronterizas (en 2009 se han observado pocos avances a este respecto), adem\u00e1s de s\u00f3lidos programas de respuesta a la demanda posibilitados por dispositivos como los contadores inteligentes.<\/p>\n\n\n\n<p>La disponibilidad de las redes es un factor clave en la seguridad de suministro de electricidad. Las nuevas tendencias, asociadas a la incorporaci\u00f3n de energ\u00edas renovables al mix energ\u00e9tico y las conductas m\u00e1s activas de los clientes, est\u00e1n transformando el dise\u00f1o y la gesti\u00f3n de la red el\u00e9ctrica. Estas redes inteligentes contar\u00e1n con nuevos equipos y con m\u00e1s sensores y ser\u00e1n gestionadas digitalmente utilizando protocolos de comunicaci\u00f3n estandarizados. Aunque la utilizaci\u00f3n generalizada de redes inteligentes necesitar\u00e1 un esfuerzo regulador y financiaci\u00f3n p\u00fablica. La creciente adopci\u00f3n de contadores inteligentes y de soluciones de redes inteligentes contribuir\u00e1 a optimizar la generaci\u00f3n de energ\u00eda y la demanda de los clientes, as\u00ed como a garantizar el suministro energ\u00e9tico a los hogares, edificios e industrias en toda Europa.<\/p>\n\n\n\n<p>Juan Lozano, Vicepresidente y l\u00edder del sector energ\u00e9tico de Capgemini, asegura que: <em>\u201cLa creciente utilizaci\u00f3n de fuentes de energ\u00eda renovables, descentralizadas e imprevisibles, en el mix energ\u00e9tico mundial y los problemas de seguridad del suministro derivados del incremento constante de la demanda pico de energ\u00eda, hacen que la gesti\u00f3n eficaz de las redes se convierta en un desaf\u00edo fundamental para esta industria. En opini\u00f3n de Capgemini, con el paso de los a\u00f1os seremos testigos de la creciente implantaci\u00f3n de tecnolog\u00edas de redes inteligentes, debido a que los poderes p\u00fablicos y las empresas tendr\u00e1n que controlar y gestionar el espectacular incremento del flujo de informaci\u00f3n y toma de decisiones asociadas con un escenario energ\u00e9tico m\u00e1s complejo y exigente\u201d.<\/em><\/p>\n\n\n\n<p>Para descargarte el resumen ejecutivo del informe, haz click <a href=\"http:\/\/capgemini.com\/insights-and-resources\/by-publication\/european-energy-markets-observatory-2010-editorial\/\">aqu\u00ed<\/a>.<\/p>\n\n\n<div class=\"wp-block-cg-blocks-cg-block-related-content\"><section class=\"relatedContentBlock\"><div class=\"container\"><div class=\"row\"><div class=\"content-title col-12 col-md-8\"><h2 class=\"related-content-heading\">Related News<\/h2><\/div><\/div><div class=\"row relatedContent\"><div class=\"col-lg-4 col-md-6 col-xs-12\">\n\t\t\t\t\t\t\t<div class=\"box\">\n\t\t\t\t\t\t\t\t<a aria-label=\"Leer m\u00e1s sobre Capgemini anuncia la salida de William Roz\u00e9 del Grupo\" href=\"https:\/\/www.capgemini.com\/ar-es\/news\/capgemini-anuncia-la-salida-de-william-roze-del-grupo\/\" class=\"anchorWrapper\">\n\t\t\t\t\t\t\t\t\t<span class=\"box-tag\"><span>Corporate news<\/span><\/span>\n\t\t\t\t\t\t\t\t\t<div class=\"box-title\"><h3 class=\"box-subtitle\">Capgemini anuncia la salida de William Roz\u00e9 del Grupo<\/h3><\/div>\n\t\t\t\t\t\t\t\t\t<div class=\"box-date\">\n\t\t\t\t\t\t\t\t\t\t<span>Aug 20, 2025<\/span>\n\t\t\t\t\t\t\t\t\t<\/div>\n\t\t\t\t\t\t\t\t\t<div class=\"box-bottom\">\n\t\t\t\t\t\t\t\t\t\t&lt;a class=&quot;link-download&quot; href=&quot;https:\/\/www.capgemini.com\/mx-es\/wp-content\/uploads\/sites\/28\/2025\/08\/ESP_08_01_Capgemini-announces-William-Rozes-departure-from-the-Group_REV_JG.pdf&quot; aria-label=&quot;Descargar nota de prensa&quot; target=&quot;_blank&quot;  type=&quot;download&quot; title=&quot;Opens in a new window&quot;&gt;\n\t\t\t\t\t\t\t&lt;span&gt;Descargar nota de prensa&lt;\/span&gt;\n\t\t\t\t\t\t\t&lt;span&gt;89 KB PDF&lt;\/span&gt;\n\t\t\t\t\t\t&lt;\/a&gt;\n\t\t\t\t\t\t\t\t\t\t<a class=\"more\" aria-label=\"Leer m\u00e1s sobre Capgemini anuncia la salida de William Roz\u00e9 del Grupo\" href=\"https:\/\/www.capgemini.com\/ar-es\/news\/capgemini-anuncia-la-salida-de-william-roze-del-grupo\/\">Leer m\u00e1s sobre<\/a>\n\t\t\t\t\t\t\t\t\t<\/div>\n\t\t\t\t\t\t\t\t<\/a>\n\t\t\t\t\t\t\t<\/div>\n\t\t\t\t\t\t<\/div><div class=\"col-lg-4 col-md-6 col-xs-12\">\n\t\t\t\t\t\t\t<div class=\"box\">\n\t\t\t\t\t\t\t\t<a aria-label=\"Leer m\u00e1s sobre Casi dos tercios de las organizaciones consideran la computaci\u00f3n cu\u00e1ntica como la amenaza de ciberseguridad m\u00e1s cr\u00edtica en 3-5 a\u00f1os\" href=\"https:\/\/www.capgemini.com\/ar-es\/news\/casi-dos-tercios-de-las-organizaciones-consideran-la-computacion-cuantica-como-la-amenaza-de-ciberseguridad-mas-critica-en-3-5-anos\/\" class=\"anchorWrapper\">\n\t\t\t\t\t\t\t\t\t<span class=\"box-tag\"><span>Reports<\/span><\/span>\n\t\t\t\t\t\t\t\t\t<div class=\"box-title\"><h3 class=\"box-subtitle\">Casi dos tercios de las organizaciones consideran la computaci\u00f3n cu\u00e1ntica como la amenaza de ciberseguridad m\u00e1s cr\u00edtica en 3-5 a\u00f1os<\/h3><\/div>\n\t\t\t\t\t\t\t\t\t<div class=\"box-date\">\n\t\t\t\t\t\t\t\t\t\t<span>Aug 20, 2025<\/span>\n\t\t\t\t\t\t\t\t\t<\/div>\n\t\t\t\t\t\t\t\t\t<div class=\"box-bottom\">\n\t\t\t\t\t\t\t\t\t\t&lt;a class=&quot;link-download&quot; href=&quot;https:\/\/www.capgemini.com\/mx-es\/wp-content\/uploads\/sites\/28\/2025\/07\/ESP_07_10_Capgemini_Post-Quantum-Cryptography-Report_News-Alert_REV_JG.pdf&quot; aria-label=&quot;Descargar nota de prensa&quot; target=&quot;_blank&quot;  type=&quot;download&quot; title=&quot;Opens in a new window&quot;&gt;\n\t\t\t\t\t\t\t&lt;span&gt;Descargar nota de prensa&lt;\/span&gt;\n\t\t\t\t\t\t\t&lt;span&gt;124 KB PDF&lt;\/span&gt;\n\t\t\t\t\t\t&lt;\/a&gt;\n\t\t\t\t\t\t\t\t\t\t<a class=\"more\" aria-label=\"Leer m\u00e1s sobre Casi dos tercios de las organizaciones consideran la computaci\u00f3n cu\u00e1ntica como la amenaza de ciberseguridad m\u00e1s cr\u00edtica en 3-5 a\u00f1os\" href=\"https:\/\/www.capgemini.com\/ar-es\/news\/casi-dos-tercios-de-las-organizaciones-consideran-la-computacion-cuantica-como-la-amenaza-de-ciberseguridad-mas-critica-en-3-5-anos\/\">Leer m\u00e1s sobre<\/a>\n\t\t\t\t\t\t\t\t\t<\/div>\n\t\t\t\t\t\t\t\t<\/a>\n\t\t\t\t\t\t\t<\/div>\n\t\t\t\t\t\t<\/div><div class=\"col-lg-4 col-md-6 col-xs-12\">\n\t\t\t\t\t\t\t<div class=\"box\">\n\t\t\t\t\t\t\t\t<a aria-label=\"Leer m\u00e1s sobre La confianza y la colaboraci\u00f3n entre humanos e IA definir\u00e1n la pr\u00f3xima era de la IA ag\u00e9ntica, que representar\u00e1 una oportunidad de 450 mil millones de d\u00f3lares para 2028\" href=\"https:\/\/www.capgemini.com\/ar-es\/news\/la-confianza-y-la-colaboracion-entre-humanos-e-ia-definiran-la-proxima-era-de-la-ia-agentica-que-representara-una-oportunidad-de-450-mil-millones-de-dolares-para-2028\/\" class=\"anchorWrapper\">\n\t\t\t\t\t\t\t\t\t<span class=\"box-tag\"><span>Reports<\/span><\/span>\n\t\t\t\t\t\t\t\t\t<div class=\"box-title\"><h3 class=\"box-subtitle\">La confianza y la colaboraci\u00f3n entre humanos e IA definir\u00e1n la pr\u00f3xima era de la IA ag\u00e9ntica, que representar\u00e1 una oportunidad de 450 mil millones de d\u00f3lares para 2028<\/h3><\/div>\n\t\t\t\t\t\t\t\t\t<div class=\"box-date\">\n\t\t\t\t\t\t\t\t\t\t<span>Aug 20, 2025<\/span>\n\t\t\t\t\t\t\t\t\t<\/div>\n\t\t\t\t\t\t\t\t\t<div class=\"box-bottom\">\n\t\t\t\t\t\t\t\t\t\t&lt;a class=&quot;link-download&quot; href=&quot;https:\/\/www.capgemini.com\/wp-content\/uploads\/2025\/07\/07_16_Capgemini-Press-Release_AI-Agents-CRI-report_EN-1.pdf&quot; aria-label=&quot;Descargar nota de prensa&quot; target=&quot;_blank&quot;  type=&quot;download&quot; title=&quot;Opens in a new window&quot;&gt;\n\t\t\t\t\t\t\t&lt;span&gt;Descargar nota de prensa&lt;\/span&gt;\n\t\t\t\t\t\t\t&lt;span&gt;150 KB PDF&lt;\/span&gt;\n\t\t\t\t\t\t&lt;\/a&gt;\n\t\t\t\t\t\t\t\t\t\t<a class=\"more\" aria-label=\"Leer m\u00e1s sobre La confianza y la colaboraci\u00f3n entre humanos e IA definir\u00e1n la pr\u00f3xima era de la IA ag\u00e9ntica, que representar\u00e1 una oportunidad de 450 mil millones de d\u00f3lares para 2028\" href=\"https:\/\/www.capgemini.com\/ar-es\/news\/la-confianza-y-la-colaboracion-entre-humanos-e-ia-definiran-la-proxima-era-de-la-ia-agentica-que-representara-una-oportunidad-de-450-mil-millones-de-dolares-para-2028\/\">Leer m\u00e1s sobre<\/a>\n\t\t\t\t\t\t\t\t\t<\/div>\n\t\t\t\t\t\t\t\t<\/a>\n\t\t\t\t\t\t\t<\/div>\n\t\t\t\t\t\t<\/div><\/div><\/div><\/section><\/div><\/div><\/div><\/div><\/div><\/div><\/section>\n","protected":false},"excerpt":{"rendered":"","protected":false},"author":336,"featured_media":0,"template":"","meta":{"cg_dt_proposed_to":[],"cg_seo_hreflang_relations":"[]","cg_seo_canonical_relation":"","cg_seo_hreflang_x_default_relation":"{\"uuid\":\"1ce729a1-3635-4d97-93c6-0fd7a994cccb\",\"blogId\":\"\",\"domain\":\"\",\"sitePath\":\"\",\"postLink\":\"\",\"postId\":null,\"isSaved\":false,\"isCrossLink\":false,\"hasCrossLink\":false}","cg_dt_approved_content":true,"cg_dt_mandatory_content":false,"cg_dt_notes":"","cg_dg_source_changed":false,"cg_dt_link_disabled":false,"footnotes":"","related_resource_url":"https:\/\/www.capgemini.com\/ar-es\/wp-content\/uploads\/sites\/28\/2022\/12\/pdf_Retenci__n_y_fidelizaci__n_de_clientes__mucho_m__s_que_una_cuesti__n_de_precio-2.pdf","related_resource_id":20206,"related_resource_size":"137 KB","related_resource_type":"pdf","cg_author":0,"featured_focal_points":""},"tags":[],"press-release-type":[],"brand":[],"class_list":["post-20205","press-release","type-press-release","status-publish","hentry"],"yoast_head":"<!-- This site is optimized with the Yoast SEO Premium plugin v22.8 (Yoast SEO v22.8) - https:\/\/yoast.com\/wordpress\/plugins\/seo\/ -->\n<title>La UE avanza con rapidez en el programa de reducci\u00f3n de emisiones de CO2 pero se retrasa en la expansi\u00f3n de las energ\u00edas renovables - Capgemini Argentina<\/title>\n<meta name=\"robots\" content=\"index, follow, max-snippet:-1, max-image-preview:large, max-video-preview:-1\" \/>\n<link rel=\"canonical\" href=\"https:\/\/www.capgemini.com\/ar-es\/news\/press-releases\/la-ue-avanza-con-rapidez-en-el-programa-de-reduccion-de-emisiones-de-co2-pero-se-retrasa-en-la-expansion-de-las-energias-renovables\/\" \/>\n<meta property=\"og:locale\" content=\"es_MX\" \/>\n<meta property=\"og:type\" content=\"article\" \/>\n<meta property=\"og:title\" content=\"La UE avanza con rapidez en el programa de reducci\u00f3n de emisiones de CO2 pero se retrasa en la expansi\u00f3n de las energ\u00edas renovables\" \/>\n<meta property=\"og:url\" content=\"https:\/\/www.capgemini.com\/ar-es\/news\/press-releases\/la-ue-avanza-con-rapidez-en-el-programa-de-reduccion-de-emisiones-de-co2-pero-se-retrasa-en-la-expansion-de-las-energias-renovables\/\" \/>\n<meta property=\"og:site_name\" content=\"Capgemini Argentina\" \/>\n<meta property=\"article:modified_time\" content=\"2025-04-01T09:13:21+00:00\" \/>\n<meta property=\"og:image\" content=\"https:\/\/www.capgemini.com\/ar-es\/wp-content\/uploads\/sites\/9\/2025\/10\/New-Web-preview-global.jpg\" \/>\n\t<meta property=\"og:image:width\" content=\"1200\" \/>\n\t<meta property=\"og:image:height\" content=\"627\" \/>\n\t<meta property=\"og:image:type\" content=\"image\/jpeg\" \/>\n<meta name=\"twitter:card\" content=\"summary_large_image\" \/>\n<meta name=\"twitter:label1\" content=\"Est. reading time\" \/>\n\t<meta name=\"twitter:data1\" content=\"6 minutes\" \/>\n<script type=\"application\/ld+json\" class=\"yoast-schema-graph\">{\"@context\":\"https:\/\/schema.org\",\"@graph\":[{\"@type\":\"WebPage\",\"@id\":\"https:\/\/www.capgemini.com\/ar-es\/news\/press-releases\/la-ue-avanza-con-rapidez-en-el-programa-de-reduccion-de-emisiones-de-co2-pero-se-retrasa-en-la-expansion-de-las-energias-renovables\/\",\"url\":\"https:\/\/www.capgemini.com\/ar-es\/news\/press-releases\/la-ue-avanza-con-rapidez-en-el-programa-de-reduccion-de-emisiones-de-co2-pero-se-retrasa-en-la-expansion-de-las-energias-renovables\/\",\"name\":\"La UE avanza con rapidez en el programa de reducci\u00f3n de emisiones de CO2 pero se retrasa en la expansi\u00f3n de las energ\u00edas renovables - Capgemini Argentina\",\"isPartOf\":{\"@id\":\"https:\/\/www.capgemini.com\/ar-es\/#website\"},\"datePublished\":\"2010-11-22T07:10:00+00:00\",\"dateModified\":\"2025-04-01T09:13:21+00:00\",\"breadcrumb\":{\"@id\":\"https:\/\/www.capgemini.com\/ar-es\/news\/press-releases\/la-ue-avanza-con-rapidez-en-el-programa-de-reduccion-de-emisiones-de-co2-pero-se-retrasa-en-la-expansion-de-las-energias-renovables\/#breadcrumb\"},\"inLanguage\":\"es-MX\",\"potentialAction\":[{\"@type\":\"ReadAction\",\"target\":[\"https:\/\/www.capgemini.com\/ar-es\/news\/press-releases\/la-ue-avanza-con-rapidez-en-el-programa-de-reduccion-de-emisiones-de-co2-pero-se-retrasa-en-la-expansion-de-las-energias-renovables\/\"]}]},{\"@type\":\"BreadcrumbList\",\"@id\":\"https:\/\/www.capgemini.com\/ar-es\/news\/press-releases\/la-ue-avanza-con-rapidez-en-el-programa-de-reduccion-de-emisiones-de-co2-pero-se-retrasa-en-la-expansion-de-las-energias-renovables\/#breadcrumb\",\"itemListElement\":[{\"@type\":\"ListItem\",\"position\":1,\"name\":\"Home\",\"item\":\"https:\/\/www.capgemini.com\/ar-es\/\"},{\"@type\":\"ListItem\",\"position\":2,\"name\":\"Press Releases\",\"item\":\"https:\/\/www.capgemini.com\/ar-es\/news\/\"},{\"@type\":\"ListItem\",\"position\":3,\"name\":\"La UE avanza con rapidez en el programa de reducci\u00f3n de emisiones de CO2 pero se retrasa en la expansi\u00f3n de las energ\u00edas renovables\"}]},{\"@type\":\"WebSite\",\"@id\":\"https:\/\/www.capgemini.com\/ar-es\/#website\",\"url\":\"https:\/\/www.capgemini.com\/ar-es\/\",\"name\":\"Capgemini Argentina\",\"description\":\"Capgemini\",\"potentialAction\":[{\"@type\":\"SearchAction\",\"target\":{\"@type\":\"EntryPoint\",\"urlTemplate\":\"https:\/\/www.capgemini.com\/ar-es\/?s={search_term_string}\"},\"query-input\":\"required name=search_term_string\"}],\"inLanguage\":\"es-MX\"}]}<\/script>\n<!-- \/ Yoast SEO Premium plugin. -->","yoast_head_json":{"title":"La UE avanza con rapidez en el programa de reducci\u00f3n de emisiones de CO2 pero se retrasa en la expansi\u00f3n de las energ\u00edas renovables - Capgemini Argentina","robots":{"index":"index","follow":"follow","max-snippet":"max-snippet:-1","max-image-preview":"max-image-preview:large","max-video-preview":"max-video-preview:-1"},"canonical":"https:\/\/www.capgemini.com\/ar-es\/news\/press-releases\/la-ue-avanza-con-rapidez-en-el-programa-de-reduccion-de-emisiones-de-co2-pero-se-retrasa-en-la-expansion-de-las-energias-renovables\/","og_locale":"es_MX","og_type":"article","og_title":"La UE avanza con rapidez en el programa de reducci\u00f3n de emisiones de CO2 pero se retrasa en la expansi\u00f3n de las energ\u00edas renovables","og_url":"https:\/\/www.capgemini.com\/ar-es\/news\/press-releases\/la-ue-avanza-con-rapidez-en-el-programa-de-reduccion-de-emisiones-de-co2-pero-se-retrasa-en-la-expansion-de-las-energias-renovables\/","og_site_name":"Capgemini Argentina","article_modified_time":"2025-04-01T09:13:21+00:00","og_image":[{"width":1200,"height":627,"url":"https:\/\/www.capgemini.com\/ar-es\/wp-content\/uploads\/sites\/9\/2025\/10\/New-Web-preview-global.jpg","type":"image\/jpeg"}],"twitter_card":"summary_large_image","twitter_misc":{"Est. reading time":"6 minutes"},"schema":{"@context":"https:\/\/schema.org","@graph":[{"@type":"WebPage","@id":"https:\/\/www.capgemini.com\/ar-es\/news\/press-releases\/la-ue-avanza-con-rapidez-en-el-programa-de-reduccion-de-emisiones-de-co2-pero-se-retrasa-en-la-expansion-de-las-energias-renovables\/","url":"https:\/\/www.capgemini.com\/ar-es\/news\/press-releases\/la-ue-avanza-con-rapidez-en-el-programa-de-reduccion-de-emisiones-de-co2-pero-se-retrasa-en-la-expansion-de-las-energias-renovables\/","name":"La UE avanza con rapidez en el programa de reducci\u00f3n de emisiones de CO2 pero se retrasa en la expansi\u00f3n de las energ\u00edas renovables - Capgemini Argentina","isPartOf":{"@id":"https:\/\/www.capgemini.com\/ar-es\/#website"},"datePublished":"2010-11-22T07:10:00+00:00","dateModified":"2025-04-01T09:13:21+00:00","breadcrumb":{"@id":"https:\/\/www.capgemini.com\/ar-es\/news\/press-releases\/la-ue-avanza-con-rapidez-en-el-programa-de-reduccion-de-emisiones-de-co2-pero-se-retrasa-en-la-expansion-de-las-energias-renovables\/#breadcrumb"},"inLanguage":"es-MX","potentialAction":[{"@type":"ReadAction","target":["https:\/\/www.capgemini.com\/ar-es\/news\/press-releases\/la-ue-avanza-con-rapidez-en-el-programa-de-reduccion-de-emisiones-de-co2-pero-se-retrasa-en-la-expansion-de-las-energias-renovables\/"]}]},{"@type":"BreadcrumbList","@id":"https:\/\/www.capgemini.com\/ar-es\/news\/press-releases\/la-ue-avanza-con-rapidez-en-el-programa-de-reduccion-de-emisiones-de-co2-pero-se-retrasa-en-la-expansion-de-las-energias-renovables\/#breadcrumb","itemListElement":[{"@type":"ListItem","position":1,"name":"Home","item":"https:\/\/www.capgemini.com\/ar-es\/"},{"@type":"ListItem","position":2,"name":"Press Releases","item":"https:\/\/www.capgemini.com\/ar-es\/news\/"},{"@type":"ListItem","position":3,"name":"La UE avanza con rapidez en el programa de reducci\u00f3n de emisiones de CO2 pero se retrasa en la expansi\u00f3n de las energ\u00edas renovables"}]},{"@type":"WebSite","@id":"https:\/\/www.capgemini.com\/ar-es\/#website","url":"https:\/\/www.capgemini.com\/ar-es\/","name":"Capgemini Argentina","description":"Capgemini","potentialAction":[{"@type":"SearchAction","target":{"@type":"EntryPoint","urlTemplate":"https:\/\/www.capgemini.com\/ar-es\/?s={search_term_string}"},"query-input":"required name=search_term_string"}],"inLanguage":"es-MX"}]}},"parsely":{"version":"1.1.0","canonical_url":"https:\/\/capgemini.com\/ar-es\/news\/press-releases\/la-ue-avanza-con-rapidez-en-el-programa-de-reduccion-de-emisiones-de-co2-pero-se-retrasa-en-la-expansion-de-las-energias-renovables\/","smart_links":{"inbound":0,"outbound":0},"traffic_boost_suggestions_count":0,"meta":{"@context":"https:\/\/schema.org","@type":"NewsArticle","headline":"La UE avanza con rapidez en el programa de reducci\u00f3n de emisiones de CO2 pero se retrasa en la expansi\u00f3n de las energ\u00edas renovables","url":"https:\/\/www.capgemini.com\/ar-es\/news\/press-releases\/la-ue-avanza-con-rapidez-en-el-programa-de-reduccion-de-emisiones-de-co2-pero-se-retrasa-en-la-expansion-de-las-energias-renovables\/","mainEntityOfPage":{"@type":"WebPage","@id":"https:\/\/www.capgemini.com\/ar-es\/news\/press-releases\/la-ue-avanza-con-rapidez-en-el-programa-de-reduccion-de-emisiones-de-co2-pero-se-retrasa-en-la-expansion-de-las-energias-renovables\/"},"thumbnailUrl":"","image":{"@type":"ImageObject","url":""},"articleSection":"Uncategorized","author":[],"creator":[],"publisher":{"@type":"Organization","name":"Capgemini Argentina","logo":""},"keywords":[],"dateCreated":"2010-11-22T07:10:00Z","datePublished":"2010-11-22T07:10:00Z","dateModified":"2025-04-01T09:13:21Z"},"rendered":"<meta name=\"parsely-title\" content=\"La UE avanza con rapidez en el programa de reducci\u00f3n de emisiones de CO2 pero se retrasa en la expansi\u00f3n de las energ\u00edas renovables\" \/>\n<meta name=\"parsely-link\" content=\"https:\/\/www.capgemini.com\/ar-es\/news\/press-releases\/la-ue-avanza-con-rapidez-en-el-programa-de-reduccion-de-emisiones-de-co2-pero-se-retrasa-en-la-expansion-de-las-energias-renovables\/\" \/>\n<meta name=\"parsely-type\" content=\"post\" \/>\n<meta name=\"parsely-pub-date\" content=\"2010-11-22T07:10:00Z\" \/>\n<meta name=\"parsely-section\" content=\"Uncategorized\" \/>","tracker_url":"https:\/\/cdn.parsely.com\/keys\/capgemini.com\/p.js"},"archive_status":false,"featured_image_src":"https:\/\/www.capgemini.com\/ar-es\/wp-content\/themes\/capgemini2025\/assets\/images\/mockup.png","featured_image_alt":false,"jetpack_sharing_enabled":true,"distributor_meta":false,"distributor_terms":false,"distributor_media":false,"distributor_original_site_name":"Capgemini Argentina","distributor_original_site_url":"https:\/\/www.capgemini.com\/ar-es","push-errors":false,"tag_names":[],"_links":{"self":[{"href":"https:\/\/www.capgemini.com\/ar-es\/wp-json\/wp\/v2\/press-release\/20205","targetHints":{"allow":["GET"]}}],"collection":[{"href":"https:\/\/www.capgemini.com\/ar-es\/wp-json\/wp\/v2\/press-release"}],"about":[{"href":"https:\/\/www.capgemini.com\/ar-es\/wp-json\/wp\/v2\/types\/press-release"}],"author":[{"embeddable":true,"href":"https:\/\/www.capgemini.com\/ar-es\/wp-json\/wp\/v2\/users\/336"}],"version-history":[{"count":3,"href":"https:\/\/www.capgemini.com\/ar-es\/wp-json\/wp\/v2\/press-release\/20205\/revisions"}],"predecessor-version":[{"id":517805,"href":"https:\/\/www.capgemini.com\/ar-es\/wp-json\/wp\/v2\/press-release\/20205\/revisions\/517805"}],"wp:attachment":[{"href":"https:\/\/www.capgemini.com\/ar-es\/wp-json\/wp\/v2\/media?parent=20205"}],"wp:term":[{"taxonomy":"post_tag","embeddable":true,"href":"https:\/\/www.capgemini.com\/ar-es\/wp-json\/wp\/v2\/tags?post=20205"},{"taxonomy":"press-release-type","embeddable":true,"href":"https:\/\/www.capgemini.com\/ar-es\/wp-json\/wp\/v2\/press-release-type?post=20205"},{"taxonomy":"brand","embeddable":true,"href":"https:\/\/www.capgemini.com\/ar-es\/wp-json\/wp\/v2\/brand?post=20205"}],"curies":[{"name":"wp","href":"https:\/\/api.w.org\/{rel}","templated":true}]}}