{"id":20193,"date":"2011-01-19T07:07:00","date_gmt":"2011-01-19T07:07:00","guid":{"rendered":"https:\/\/www.capgemini.com\/ar-es\/?post_type=press-release&#038;p=20193"},"modified":"2025-04-01T09:12:44","modified_gmt":"2025-04-01T09:12:44","slug":"capgemini-recibe-el-telefonica-ability-awards","status":"publish","type":"press-release","link":"https:\/\/www.capgemini.com\/ar-es\/news\/press-releases\/capgemini-recibe-el-telefonica-ability-awards\/","title":{"rendered":"Capgemini recibe el Telef\u00f3nica Ability Awards"},"content":{"rendered":"\n<p><\/p>\n\n\n\t\t<div class=\"wp-block-cg-blocks-hero-press-release\">\n\t\t\t<header class=\"header-hero-press-release\" role=\"main\" id=\"main-content-press-release\">\n\t\t\t\t<div class=\"container\">\n\t\t\t\t\t<div class=\"hero-press-release\">\n\t\t\t\t\t\t<div class=\"hero-press-release-content-wrapper\">\n\t\t\t\t\t\t\t<div class=\"row\">\n\t\t\t\t\t\t\t\t<div class=\"col-12\">\n\t\t\t\t\t\t\t\t\t<div class=\"header-title\">\n\t\t\t\t\t\t\t\t\t\t<h1>\n\t\t\t\t\t\t\t\t\t\t\tCapgemini recibe el Telef\u00f3nica Ability Awards\t\t\t\t\t\t\t\t\t\t<\/h1>\n\t\t\t\t\t\t\t\t\t<\/div>\n\t\t\t\t\t\t\t\t\t<div class=\"header-description\">\n\t\t\t\t\t\t\t\t\t\t<p><\/p>\n\t\t\t\t\t\t\t\t\t<\/div>\n\t\t\t\t\t\t\t\t\t\t\t\t\t\t\t\t\t\t<div class=\"header-date\">\n\t\t\t\t\t\t\t\t\t\t<span>ene. 19, 2011<\/span>\n\t\t\t\t\t\t\t\t\t<\/div>\n\t\t\t\t\t\t\t\t<\/div>\n\t\t\t\t\t\t\t<\/div>\n\t\t\t\t\t\t<\/div>\n\t\t\t\t\t\t\t\t\t\t\t\t\t<div class=\"hero-press-release-downloads\">\n\t\t\t\t\t\t\t\t<div class=\"row\">\n\t\t\t\t\t\t\t\t\t\t\t\t\t\t\t\t\t\t\t<div class=\"col-12 col-md-6 col-lg-3\">\n\t\t\t\t\t\t\t\t\t\t\t<a class=\"download-item\" type=\"download\" href=\"https:\/\/www.capgemini.com\/ar-es\/wp-content\/uploads\/sites\/28\/2022\/12\/pdf_Retenci__n_y_fidelizaci__n_de_clientes__mucho_m__s_que_una_cuesti__n_de_precio.pdf\" target=\"_blank\" rel=\"noopener noreferrer\" title=\"abrir en una nueva ventana\">\n\t\t\t\t\t\t\t\t\t\t\t\t<div class=\"download-icon\"><\/div>\n\t\t\t\t\t\t\t\t\t\t\t\t<div class=\"download-details\">\n\t\t\t\t\t\t\t\t\t\t\t\t\t<div class=\"download-title\">Download press release<\/div>\n\t\t\t\t\t\t\t\t\t\t\t\t\t<div class=\"download-props\">137 KB  pdf<\/div>\n\t\t\t\t\t\t\t\t\t\t\t\t<\/div>\n\t\t\t\t\t\t\t\t\t\t\t<\/a>\n\t\t\t\t\t\t\t\t\t\t<\/div>\n\t\t\t\t\t\t\t\t\t\t\t\t\t\t\t\t\t\t<\/div>\n\t\t\t\t\t\t\t<\/div>\n\t\t\t\t\t\t\t\t\t\t\t\t\t\t\t\t\t<\/div>\n\t\t\t\t<\/div>\n\t\t\t<\/header>\n\t\t<\/div>\n\t\t\n\n\n<section class=\"wp-block-cg-blocks-group undefined section section--article-content\"><div class=\"article-main-content\"><div class=\"container\"><div class=\"row\"><div class=\"col-12 col-md-1\"><nav class=\"article-social\"><ul class=\"social-nav\"><li class=\"ip-order-fb\"><a href=\"https:\/\/www.facebook.com\/sharer\/sharer.php?u=https:\/\/www.capgemini.com\/ar-es\/?post_type=press-release&amp;p=20193\" target=\"_blank\" rel=\"noopener noreferrer\" title=\"abrir en una nueva ventana\"><i aria-hidden=\"true\" class=\"icon-fb\"><\/i><span class=\"sr-only\">Facebook<\/span><\/a><\/li><li class=\"ip-order-tw\"><a href=\"https:\/\/twitter.com\/intent\/tweet?url=https:\/\/www.capgemini.com\/ar-es\/?post_type=press-release&amp;p=20193&amp;text=\" target=\"_blank\" rel=\"noopener noreferrer\" title=\"abrir en una nueva ventana\"><i aria-hidden=\"true\" class=\"icon-tw\"><\/i><span class=\"sr-only\">Twitter<\/span><\/a><\/li><li class=\"ip-order-li\"><a href=\"https:\/\/www.linkedin.com\/sharing\/share-offsite\/?url=https:\/\/www.capgemini.com\/ar-es\/?post_type=press-release&amp;p=20193&amp;text=\" target=\"_blank\" rel=\"noopener noreferrer\" title=\"abrir en una nueva ventana\"><i aria-hidden=\"true\" class=\"icon-li\"><\/i><span class=\"sr-only\">Linkedin<\/span><\/a><\/li><\/ul><\/nav><\/div><div class=\"col-12 col-md-11 col-lg-10\"><div class=\"article-text article-quote-text\">\n<p>Cabe mencionar que fueron 450 candidaturas de 273 empresas, de las cuales 48 empresas fueron finalistas y <strong>s\u00f3lo<\/strong> <strong>nueve resultaron ganadoras<\/strong>, siendo la primera vez que se celebra en Espa\u00f1a.<\/p>\n\n\n\n<figure class=\"wp-block-image\"><img decoding=\"async\" src=\"http:\/\/cms.capgemini.com\/m\/es\/img\/Imagen140_1.jpg\" alt=\"Foto de los premiados\"\/><\/figure>\n\n\n\n<p>El objetivo de este premio es reconocer p\u00fablicamente a aquellas empresas e instituciones que desarrollan modelos de negocio sostenibles, con la inclusi\u00f3n de las personas con discapacidad en la cadena de valor, ya sea como empleados, proveedores y\/o clientes. La elecci\u00f3n de los candidatos depend\u00eda de un an\u00e1lisis de la consultora PWC cuyas conclusiones analiz\u00f3 el Patronato de los Telefonica Ability Awards, encargado de elegir a los ganadores, e integrado por una treintena de personalidades y representantes de Ministerios, Universidades, sindicatos, tejido asociativo vinculado al mundo de la discapacidad y distintas asociaciones del mundo empresarial y social.<\/p>\n\n\n\n<p>Capgemini adquiri\u00f3 desde sus inicios un compromiso de inserci\u00f3n laboral y para ello colabora con fundaciones que le ayudan a cumplir este fin. El Telef\u00f3nica Ability Award obtenido est\u00e1 relacionado con uno de los aspectos clave dentro de la pol\u00edtica de RSC de la compa\u00f1\u00eda que consiste en promover pol\u00edticas que favorezcan la retenci\u00f3n de todos los profesionales y mantenga su diversidad. As\u00ed, la media de permanencia de las personas con discapacidad en Capgemini es de 5 a\u00f1os. Para la consultora la diversidad abarca diferentes dimensiones: la igualdad de oportunidades, independientemente del sexo, la discapacidad, la etnia, la edad y el estilo de vida.<\/p>\n\n\n\n<p>El acto de entrega celebrado ayer en Madrid en el edificio central de Telef\u00f3nica estuvo presidido por S.M. La Reina Do\u00f1a Sof\u00eda; el presidente ejecutivo de Telef\u00f3nica, D. C\u00e9sar Alierta; su consejero delegado, D. Julio Linares; el presidente de Telef\u00f3nica Espa\u00f1a, D. Guillermo Ansaldo; la fundadora de los Premios Telef\u00f3nica Ability Awards, Mrs. Caroline Casey; el secretario del Jurado de los Telef\u00f3nica Ability Awards, Luis Abril; y el presidente de PricewaterhouseCoopers Espa\u00f1a, D. Carlos Mas, acompa\u00f1aron a S.M. La Reina en la mesa presidencial.<\/p>\n\n\n\n<p>Por parte de las autoridades, estuvieron presentes los Ministros de Presidencia, D. Ram\u00f3n J\u00e1uregui; la Ministra de Sanidad, Pol\u00edtica Social e Igualdad, Do\u00f1a Leire Paj\u00edn; el Ministro de Industria, D. Miguel Sebasti\u00e1n; y la Presidenta de la Comunidad de Madrid, Do\u00f1a Esperanza Aguirre, entre otras autoridades.<\/p>\n\n\n\n<h2 class=\"wp-block-heading\" id=\"h-acciones-que-favorecen-la-diversidad\"><strong>Acciones que favorecen la diversidad<\/strong><\/h2>\n\n\n\n<p>En Capgemini se desarrollan diferentes acciones que permiten cumplir con su compromiso de promover la diversidad entre sus trabajadores. Para ello integra en su plantilla un n\u00famero proporcional de discapacitados: de las personas con discapacidad el 21% son Mujeres y 79% hombres; mientras que en plantilla el 32% son mujeres y el 68% hombres.<\/p>\n\n\n\n<p>Para Fernando Relinque, Vicepresidente de RRHH de Capgemini <em>\u201ceste premio reconoce nuestro compromiso y nuestra apuesta por la integraci\u00f3n de aquellas personas que, a\u00fan con una discapacidad f\u00edsica, pueden aportar su talento en el desempe\u00f1o de su trabajo con profesionalidad y entrega\u201d.<\/em><\/p>\n\n\n\n<p>Capgemini cree que el grado de minusval\u00eda no es un impedimento para desarrollar de manera satisfactoria su trabajo. El 62% de las personas con discapacidad tienen una discapacidad entre el 33% \u2013 40%, el 35% entre un 40% \u2013 80% y el 3% entre un 80% \u2013 100%. Todos ellos trabajan muy motivados y por ello su productividad es bastante alta. Por grados de responsabilidad esta ser\u00eda la distribuci\u00f3n de discapacitados en la plantilla de Capgemini: 5% Director\/ Senior Manager, 29% Manager, 66% Consultor.<\/p>\n\n\n\n<p>De entre los principales proyectos que Capgemini ha puesto en marcha destaca un proyecto Piloto de Teletrabajo en el cual participan el 4,65% de las personas con discapacidad.<\/p>\n\n\n\n<h2 class=\"wp-block-heading\" id=\"h-video-telediario-2-de-tve\"><strong>V\u00eddeo Telediario 2 de TVE<\/strong><\/h2>\n\n\n\n<p>V\u00eddeo sobre la entrega premios y las compa\u00f1\u00edas premiadas, entre las que se incluye una entrevista al vicepresidente de Recursos Humanos de Capgemini, Fernando Relinque, y al CTO y vicepresidente, Jorge Villaverde, emitido el pasado lunes 10 de enero en el Telediario 2 de TVE.<\/p>\n\n\n\n<h2 class=\"wp-block-heading\" id=\"h-ver-video-en-rtve-es\">Ver v\u00eddeo en <a href=\"http:\/\/www.rtve.es\/mediateca\/videos\/20110117\/superando-barreras\/990290.shtml\">RTVE.es<\/a><\/h2>\n\n\n<div class=\"wp-block-cg-blocks-cg-block-related-content\"><section class=\"relatedContentBlock\"><div class=\"container\"><div class=\"row\"><div class=\"content-title col-12 col-md-8\"><h2 class=\"related-content-heading\">Related News<\/h2><\/div><\/div><div class=\"row relatedContent\"><div class=\"col-lg-4 col-md-6 col-xs-12\">\n\t\t\t\t\t\t\t<div class=\"box\">\n\t\t\t\t\t\t\t\t<a aria-label=\"Leer m\u00e1s sobre Capgemini anuncia la salida de William Roz\u00e9 del Grupo\" href=\"https:\/\/www.capgemini.com\/ar-es\/news\/capgemini-anuncia-la-salida-de-william-roze-del-grupo\/\" class=\"anchorWrapper\">\n\t\t\t\t\t\t\t\t\t<span class=\"box-tag\"><span>Corporate news<\/span><\/span>\n\t\t\t\t\t\t\t\t\t<div class=\"box-title\"><h3 class=\"box-subtitle\">Capgemini anuncia la salida de William Roz\u00e9 del Grupo<\/h3><\/div>\n\t\t\t\t\t\t\t\t\t<div class=\"box-date\">\n\t\t\t\t\t\t\t\t\t\t<span>Aug 20, 2025<\/span>\n\t\t\t\t\t\t\t\t\t<\/div>\n\t\t\t\t\t\t\t\t\t<div class=\"box-bottom\">\n\t\t\t\t\t\t\t\t\t\t&lt;a class=&quot;link-download&quot; href=&quot;https:\/\/www.capgemini.com\/mx-es\/wp-content\/uploads\/sites\/28\/2025\/08\/ESP_08_01_Capgemini-announces-William-Rozes-departure-from-the-Group_REV_JG.pdf&quot; aria-label=&quot;Descargar nota de prensa&quot; target=&quot;_blank&quot;  type=&quot;download&quot; title=&quot;Opens in a new window&quot;&gt;\n\t\t\t\t\t\t\t&lt;span&gt;Descargar nota de prensa&lt;\/span&gt;\n\t\t\t\t\t\t\t&lt;span&gt;89 KB PDF&lt;\/span&gt;\n\t\t\t\t\t\t&lt;\/a&gt;\n\t\t\t\t\t\t\t\t\t\t<a class=\"more\" aria-label=\"Leer m\u00e1s sobre Capgemini anuncia la salida de William Roz\u00e9 del Grupo\" href=\"https:\/\/www.capgemini.com\/ar-es\/news\/capgemini-anuncia-la-salida-de-william-roze-del-grupo\/\">Leer m\u00e1s sobre<\/a>\n\t\t\t\t\t\t\t\t\t<\/div>\n\t\t\t\t\t\t\t\t<\/a>\n\t\t\t\t\t\t\t<\/div>\n\t\t\t\t\t\t<\/div><div class=\"col-lg-4 col-md-6 col-xs-12\">\n\t\t\t\t\t\t\t<div class=\"box\">\n\t\t\t\t\t\t\t\t<a aria-label=\"Leer m\u00e1s sobre Casi dos tercios de las organizaciones consideran la computaci\u00f3n cu\u00e1ntica como la amenaza de ciberseguridad m\u00e1s cr\u00edtica en 3-5 a\u00f1os\" href=\"https:\/\/www.capgemini.com\/ar-es\/news\/casi-dos-tercios-de-las-organizaciones-consideran-la-computacion-cuantica-como-la-amenaza-de-ciberseguridad-mas-critica-en-3-5-anos\/\" class=\"anchorWrapper\">\n\t\t\t\t\t\t\t\t\t<span class=\"box-tag\"><span>Reports<\/span><\/span>\n\t\t\t\t\t\t\t\t\t<div class=\"box-title\"><h3 class=\"box-subtitle\">Casi dos tercios de las organizaciones consideran la computaci\u00f3n cu\u00e1ntica como la amenaza de ciberseguridad m\u00e1s cr\u00edtica en 3-5 a\u00f1os<\/h3><\/div>\n\t\t\t\t\t\t\t\t\t<div class=\"box-date\">\n\t\t\t\t\t\t\t\t\t\t<span>Aug 20, 2025<\/span>\n\t\t\t\t\t\t\t\t\t<\/div>\n\t\t\t\t\t\t\t\t\t<div class=\"box-bottom\">\n\t\t\t\t\t\t\t\t\t\t&lt;a class=&quot;link-download&quot; href=&quot;https:\/\/www.capgemini.com\/mx-es\/wp-content\/uploads\/sites\/28\/2025\/07\/ESP_07_10_Capgemini_Post-Quantum-Cryptography-Report_News-Alert_REV_JG.pdf&quot; aria-label=&quot;Descargar nota de prensa&quot; target=&quot;_blank&quot;  type=&quot;download&quot; title=&quot;Opens in a new window&quot;&gt;\n\t\t\t\t\t\t\t&lt;span&gt;Descargar nota de prensa&lt;\/span&gt;\n\t\t\t\t\t\t\t&lt;span&gt;124 KB PDF&lt;\/span&gt;\n\t\t\t\t\t\t&lt;\/a&gt;\n\t\t\t\t\t\t\t\t\t\t<a class=\"more\" aria-label=\"Leer m\u00e1s sobre Casi dos tercios de las organizaciones consideran la computaci\u00f3n cu\u00e1ntica como la amenaza de ciberseguridad m\u00e1s cr\u00edtica en 3-5 a\u00f1os\" href=\"https:\/\/www.capgemini.com\/ar-es\/news\/casi-dos-tercios-de-las-organizaciones-consideran-la-computacion-cuantica-como-la-amenaza-de-ciberseguridad-mas-critica-en-3-5-anos\/\">Leer m\u00e1s sobre<\/a>\n\t\t\t\t\t\t\t\t\t<\/div>\n\t\t\t\t\t\t\t\t<\/a>\n\t\t\t\t\t\t\t<\/div>\n\t\t\t\t\t\t<\/div><div class=\"col-lg-4 col-md-6 col-xs-12\">\n\t\t\t\t\t\t\t<div class=\"box\">\n\t\t\t\t\t\t\t\t<a aria-label=\"Leer m\u00e1s sobre La confianza y la colaboraci\u00f3n entre humanos e IA definir\u00e1n la pr\u00f3xima era de la IA ag\u00e9ntica, que representar\u00e1 una oportunidad de 450 mil millones de d\u00f3lares para 2028\" href=\"https:\/\/www.capgemini.com\/ar-es\/news\/la-confianza-y-la-colaboracion-entre-humanos-e-ia-definiran-la-proxima-era-de-la-ia-agentica-que-representara-una-oportunidad-de-450-mil-millones-de-dolares-para-2028\/\" class=\"anchorWrapper\">\n\t\t\t\t\t\t\t\t\t<span class=\"box-tag\"><span>Reports<\/span><\/span>\n\t\t\t\t\t\t\t\t\t<div class=\"box-title\"><h3 class=\"box-subtitle\">La confianza y la colaboraci\u00f3n entre humanos e IA definir\u00e1n la pr\u00f3xima era de la IA ag\u00e9ntica, que representar\u00e1 una oportunidad de 450 mil millones de d\u00f3lares para 2028<\/h3><\/div>\n\t\t\t\t\t\t\t\t\t<div class=\"box-date\">\n\t\t\t\t\t\t\t\t\t\t<span>Aug 20, 2025<\/span>\n\t\t\t\t\t\t\t\t\t<\/div>\n\t\t\t\t\t\t\t\t\t<div class=\"box-bottom\">\n\t\t\t\t\t\t\t\t\t\t&lt;a class=&quot;link-download&quot; href=&quot;https:\/\/www.capgemini.com\/wp-content\/uploads\/2025\/07\/07_16_Capgemini-Press-Release_AI-Agents-CRI-report_EN-1.pdf&quot; aria-label=&quot;Descargar nota de prensa&quot; target=&quot;_blank&quot;  type=&quot;download&quot; title=&quot;Opens in a new window&quot;&gt;\n\t\t\t\t\t\t\t&lt;span&gt;Descargar nota de prensa&lt;\/span&gt;\n\t\t\t\t\t\t\t&lt;span&gt;150 KB PDF&lt;\/span&gt;\n\t\t\t\t\t\t&lt;\/a&gt;\n\t\t\t\t\t\t\t\t\t\t<a class=\"more\" aria-label=\"Leer m\u00e1s sobre La confianza y la colaboraci\u00f3n entre humanos e IA definir\u00e1n la pr\u00f3xima era de la IA ag\u00e9ntica, que representar\u00e1 una oportunidad de 450 mil millones de d\u00f3lares para 2028\" href=\"https:\/\/www.capgemini.com\/ar-es\/news\/la-confianza-y-la-colaboracion-entre-humanos-e-ia-definiran-la-proxima-era-de-la-ia-agentica-que-representara-una-oportunidad-de-450-mil-millones-de-dolares-para-2028\/\">Leer m\u00e1s sobre<\/a>\n\t\t\t\t\t\t\t\t\t<\/div>\n\t\t\t\t\t\t\t\t<\/a>\n\t\t\t\t\t\t\t<\/div>\n\t\t\t\t\t\t<\/div><\/div><\/div><\/section><\/div><\/div><\/div><\/div><\/div><\/div><\/section>\n","protected":false},"excerpt":{"rendered":"","protected":false},"author":336,"featured_media":0,"template":"","meta":{"cg_dt_proposed_to":[],"cg_seo_hreflang_relations":"[]","cg_seo_canonical_relation":"","cg_seo_hreflang_x_default_relation":"{\"uuid\":\"85016dae-6361-4fb8-b3e8-3eccc2254794\",\"blogId\":\"\",\"domain\":\"\",\"sitePath\":\"\",\"postLink\":\"\",\"postId\":null,\"isSaved\":false,\"isCrossLink\":false,\"hasCrossLink\":false}","cg_dt_approved_content":true,"cg_dt_mandatory_content":false,"cg_dt_notes":"","cg_dg_source_changed":false,"cg_dt_link_disabled":false,"footnotes":"","related_resource_url":"https:\/\/www.capgemini.com\/ar-es\/wp-content\/uploads\/sites\/28\/2022\/12\/pdf_Retenci__n_y_fidelizaci__n_de_clientes__mucho_m__s_que_una_cuesti__n_de_precio.pdf","related_resource_id":20194,"related_resource_size":"137 KB","related_resource_type":"pdf","cg_author":0,"featured_focal_points":""},"tags":[],"press-release-type":[],"brand":[],"class_list":["post-20193","press-release","type-press-release","status-publish","hentry"],"yoast_head":"<!-- This site is optimized with the Yoast SEO Premium plugin v22.8 (Yoast SEO v22.8) - https:\/\/yoast.com\/wordpress\/plugins\/seo\/ -->\n<title>Capgemini recibe el Telef\u00f3nica Ability Awards - Capgemini Argentina<\/title>\n<meta name=\"robots\" content=\"index, follow, max-snippet:-1, max-image-preview:large, max-video-preview:-1\" \/>\n<link rel=\"canonical\" href=\"https:\/\/www.capgemini.com\/ar-es\/news\/press-releases\/capgemini-recibe-el-telefonica-ability-awards\/\" \/>\n<meta property=\"og:locale\" content=\"es_MX\" \/>\n<meta property=\"og:type\" content=\"article\" \/>\n<meta property=\"og:title\" content=\"Capgemini recibe el Telef\u00f3nica Ability Awards\" \/>\n<meta property=\"og:url\" content=\"https:\/\/www.capgemini.com\/ar-es\/news\/press-releases\/capgemini-recibe-el-telefonica-ability-awards\/\" \/>\n<meta property=\"og:site_name\" content=\"Capgemini Argentina\" \/>\n<meta property=\"article:modified_time\" content=\"2025-04-01T09:12:44+00:00\" \/>\n<meta property=\"og:image\" content=\"http:\/\/cms.capgemini.com\/m\/es\/img\/Imagen140_1.jpg\" \/>\n<meta name=\"twitter:card\" content=\"summary_large_image\" \/>\n<meta name=\"twitter:label1\" content=\"Est. reading time\" \/>\n\t<meta name=\"twitter:data1\" content=\"4 minutes\" \/>\n<script type=\"application\/ld+json\" class=\"yoast-schema-graph\">{\"@context\":\"https:\/\/schema.org\",\"@graph\":[{\"@type\":\"WebPage\",\"@id\":\"https:\/\/www.capgemini.com\/ar-es\/news\/press-releases\/capgemini-recibe-el-telefonica-ability-awards\/\",\"url\":\"https:\/\/www.capgemini.com\/ar-es\/news\/press-releases\/capgemini-recibe-el-telefonica-ability-awards\/\",\"name\":\"Capgemini recibe el Telef\u00f3nica Ability Awards - Capgemini Argentina\",\"isPartOf\":{\"@id\":\"https:\/\/www.capgemini.com\/ar-es\/#website\"},\"primaryImageOfPage\":{\"@id\":\"https:\/\/www.capgemini.com\/ar-es\/news\/press-releases\/capgemini-recibe-el-telefonica-ability-awards\/#primaryimage\"},\"image\":{\"@id\":\"https:\/\/www.capgemini.com\/ar-es\/news\/press-releases\/capgemini-recibe-el-telefonica-ability-awards\/#primaryimage\"},\"thumbnailUrl\":\"http:\/\/cms.capgemini.com\/m\/es\/img\/Imagen140_1.jpg\",\"datePublished\":\"2011-01-19T07:07:00+00:00\",\"dateModified\":\"2025-04-01T09:12:44+00:00\",\"breadcrumb\":{\"@id\":\"https:\/\/www.capgemini.com\/ar-es\/news\/press-releases\/capgemini-recibe-el-telefonica-ability-awards\/#breadcrumb\"},\"inLanguage\":\"es-MX\",\"potentialAction\":[{\"@type\":\"ReadAction\",\"target\":[\"https:\/\/www.capgemini.com\/ar-es\/news\/press-releases\/capgemini-recibe-el-telefonica-ability-awards\/\"]}]},{\"@type\":\"ImageObject\",\"inLanguage\":\"es-MX\",\"@id\":\"https:\/\/www.capgemini.com\/ar-es\/news\/press-releases\/capgemini-recibe-el-telefonica-ability-awards\/#primaryimage\",\"url\":\"http:\/\/cms.capgemini.com\/m\/es\/img\/Imagen140_1.jpg\",\"contentUrl\":\"http:\/\/cms.capgemini.com\/m\/es\/img\/Imagen140_1.jpg\"},{\"@type\":\"BreadcrumbList\",\"@id\":\"https:\/\/www.capgemini.com\/ar-es\/news\/press-releases\/capgemini-recibe-el-telefonica-ability-awards\/#breadcrumb\",\"itemListElement\":[{\"@type\":\"ListItem\",\"position\":1,\"name\":\"Home\",\"item\":\"https:\/\/www.capgemini.com\/ar-es\/\"},{\"@type\":\"ListItem\",\"position\":2,\"name\":\"Press Releases\",\"item\":\"https:\/\/www.capgemini.com\/ar-es\/news\/\"},{\"@type\":\"ListItem\",\"position\":3,\"name\":\"Capgemini recibe el Telef\u00f3nica Ability Awards\"}]},{\"@type\":\"WebSite\",\"@id\":\"https:\/\/www.capgemini.com\/ar-es\/#website\",\"url\":\"https:\/\/www.capgemini.com\/ar-es\/\",\"name\":\"Capgemini Argentina\",\"description\":\"Capgemini\",\"potentialAction\":[{\"@type\":\"SearchAction\",\"target\":{\"@type\":\"EntryPoint\",\"urlTemplate\":\"https:\/\/www.capgemini.com\/ar-es\/?s={search_term_string}\"},\"query-input\":\"required name=search_term_string\"}],\"inLanguage\":\"es-MX\"}]}<\/script>\n<!-- \/ Yoast SEO Premium plugin. -->","yoast_head_json":{"title":"Capgemini recibe el Telef\u00f3nica Ability Awards - Capgemini Argentina","robots":{"index":"index","follow":"follow","max-snippet":"max-snippet:-1","max-image-preview":"max-image-preview:large","max-video-preview":"max-video-preview:-1"},"canonical":"https:\/\/www.capgemini.com\/ar-es\/news\/press-releases\/capgemini-recibe-el-telefonica-ability-awards\/","og_locale":"es_MX","og_type":"article","og_title":"Capgemini recibe el Telef\u00f3nica Ability Awards","og_url":"https:\/\/www.capgemini.com\/ar-es\/news\/press-releases\/capgemini-recibe-el-telefonica-ability-awards\/","og_site_name":"Capgemini Argentina","article_modified_time":"2025-04-01T09:12:44+00:00","og_image":[{"url":"http:\/\/cms.capgemini.com\/m\/es\/img\/Imagen140_1.jpg"}],"twitter_card":"summary_large_image","twitter_misc":{"Est. reading time":"4 minutes"},"schema":{"@context":"https:\/\/schema.org","@graph":[{"@type":"WebPage","@id":"https:\/\/www.capgemini.com\/ar-es\/news\/press-releases\/capgemini-recibe-el-telefonica-ability-awards\/","url":"https:\/\/www.capgemini.com\/ar-es\/news\/press-releases\/capgemini-recibe-el-telefonica-ability-awards\/","name":"Capgemini recibe el Telef\u00f3nica Ability Awards - Capgemini Argentina","isPartOf":{"@id":"https:\/\/www.capgemini.com\/ar-es\/#website"},"primaryImageOfPage":{"@id":"https:\/\/www.capgemini.com\/ar-es\/news\/press-releases\/capgemini-recibe-el-telefonica-ability-awards\/#primaryimage"},"image":{"@id":"https:\/\/www.capgemini.com\/ar-es\/news\/press-releases\/capgemini-recibe-el-telefonica-ability-awards\/#primaryimage"},"thumbnailUrl":"http:\/\/cms.capgemini.com\/m\/es\/img\/Imagen140_1.jpg","datePublished":"2011-01-19T07:07:00+00:00","dateModified":"2025-04-01T09:12:44+00:00","breadcrumb":{"@id":"https:\/\/www.capgemini.com\/ar-es\/news\/press-releases\/capgemini-recibe-el-telefonica-ability-awards\/#breadcrumb"},"inLanguage":"es-MX","potentialAction":[{"@type":"ReadAction","target":["https:\/\/www.capgemini.com\/ar-es\/news\/press-releases\/capgemini-recibe-el-telefonica-ability-awards\/"]}]},{"@type":"ImageObject","inLanguage":"es-MX","@id":"https:\/\/www.capgemini.com\/ar-es\/news\/press-releases\/capgemini-recibe-el-telefonica-ability-awards\/#primaryimage","url":"http:\/\/cms.capgemini.com\/m\/es\/img\/Imagen140_1.jpg","contentUrl":"http:\/\/cms.capgemini.com\/m\/es\/img\/Imagen140_1.jpg"},{"@type":"BreadcrumbList","@id":"https:\/\/www.capgemini.com\/ar-es\/news\/press-releases\/capgemini-recibe-el-telefonica-ability-awards\/#breadcrumb","itemListElement":[{"@type":"ListItem","position":1,"name":"Home","item":"https:\/\/www.capgemini.com\/ar-es\/"},{"@type":"ListItem","position":2,"name":"Press Releases","item":"https:\/\/www.capgemini.com\/ar-es\/news\/"},{"@type":"ListItem","position":3,"name":"Capgemini recibe el Telef\u00f3nica Ability Awards"}]},{"@type":"WebSite","@id":"https:\/\/www.capgemini.com\/ar-es\/#website","url":"https:\/\/www.capgemini.com\/ar-es\/","name":"Capgemini Argentina","description":"Capgemini","potentialAction":[{"@type":"SearchAction","target":{"@type":"EntryPoint","urlTemplate":"https:\/\/www.capgemini.com\/ar-es\/?s={search_term_string}"},"query-input":"required name=search_term_string"}],"inLanguage":"es-MX"}]}},"parsely":{"version":"1.1.0","canonical_url":"https:\/\/capgemini.com\/ar-es\/news\/press-releases\/capgemini-recibe-el-telefonica-ability-awards\/","smart_links":{"inbound":0,"outbound":0},"traffic_boost_suggestions_count":0,"meta":{"@context":"https:\/\/schema.org","@type":"NewsArticle","headline":"Capgemini recibe el Telef\u00f3nica Ability Awards","url":"https:\/\/www.capgemini.com\/ar-es\/news\/press-releases\/capgemini-recibe-el-telefonica-ability-awards\/","mainEntityOfPage":{"@type":"WebPage","@id":"https:\/\/www.capgemini.com\/ar-es\/news\/press-releases\/capgemini-recibe-el-telefonica-ability-awards\/"},"thumbnailUrl":"","image":{"@type":"ImageObject","url":""},"articleSection":"Uncategorized","author":[],"creator":[],"publisher":{"@type":"Organization","name":"Capgemini Argentina","logo":""},"keywords":[],"dateCreated":"2011-01-19T07:07:00Z","datePublished":"2011-01-19T07:07:00Z","dateModified":"2025-04-01T09:12:44Z"},"rendered":"<meta name=\"parsely-title\" content=\"Capgemini recibe el Telef\u00f3nica Ability Awards\" \/>\n<meta name=\"parsely-link\" content=\"https:\/\/www.capgemini.com\/ar-es\/news\/press-releases\/capgemini-recibe-el-telefonica-ability-awards\/\" \/>\n<meta name=\"parsely-type\" content=\"post\" \/>\n<meta name=\"parsely-pub-date\" content=\"2011-01-19T07:07:00Z\" \/>\n<meta name=\"parsely-section\" content=\"Uncategorized\" \/>","tracker_url":"https:\/\/cdn.parsely.com\/keys\/capgemini.com\/p.js"},"archive_status":false,"featured_image_src":"https:\/\/www.capgemini.com\/ar-es\/wp-content\/themes\/capgemini2025\/assets\/images\/mockup.png","featured_image_alt":false,"jetpack_sharing_enabled":true,"distributor_meta":false,"distributor_terms":false,"distributor_media":false,"distributor_original_site_name":"Capgemini Argentina","distributor_original_site_url":"https:\/\/www.capgemini.com\/ar-es","push-errors":false,"tag_names":[],"_links":{"self":[{"href":"https:\/\/www.capgemini.com\/ar-es\/wp-json\/wp\/v2\/press-release\/20193","targetHints":{"allow":["GET"]}}],"collection":[{"href":"https:\/\/www.capgemini.com\/ar-es\/wp-json\/wp\/v2\/press-release"}],"about":[{"href":"https:\/\/www.capgemini.com\/ar-es\/wp-json\/wp\/v2\/types\/press-release"}],"author":[{"embeddable":true,"href":"https:\/\/www.capgemini.com\/ar-es\/wp-json\/wp\/v2\/users\/336"}],"version-history":[{"count":3,"href":"https:\/\/www.capgemini.com\/ar-es\/wp-json\/wp\/v2\/press-release\/20193\/revisions"}],"predecessor-version":[{"id":517803,"href":"https:\/\/www.capgemini.com\/ar-es\/wp-json\/wp\/v2\/press-release\/20193\/revisions\/517803"}],"wp:attachment":[{"href":"https:\/\/www.capgemini.com\/ar-es\/wp-json\/wp\/v2\/media?parent=20193"}],"wp:term":[{"taxonomy":"post_tag","embeddable":true,"href":"https:\/\/www.capgemini.com\/ar-es\/wp-json\/wp\/v2\/tags?post=20193"},{"taxonomy":"press-release-type","embeddable":true,"href":"https:\/\/www.capgemini.com\/ar-es\/wp-json\/wp\/v2\/press-release-type?post=20193"},{"taxonomy":"brand","embeddable":true,"href":"https:\/\/www.capgemini.com\/ar-es\/wp-json\/wp\/v2\/brand?post=20193"}],"curies":[{"name":"wp","href":"https:\/\/api.w.org\/{rel}","templated":true}]}}