{"id":20188,"date":"2011-01-26T07:05:00","date_gmt":"2011-01-26T07:05:00","guid":{"rendered":"https:\/\/www.capgemini.com\/ar-es\/?post_type=press-release&#038;p=20188"},"modified":"2025-04-01T09:11:56","modified_gmt":"2025-04-01T09:11:56","slug":"capgemini-desarrolla-la-carpeta-del-profesional-para-el-ayuntamiento-de-barcelona","status":"publish","type":"press-release","link":"https:\/\/www.capgemini.com\/ar-es\/news\/press-releases\/capgemini-desarrolla-la-carpeta-del-profesional-para-el-ayuntamiento-de-barcelona\/","title":{"rendered":"Capgemini desarrolla la Carpeta del Profesional para el Ayuntamiento de Barcelona"},"content":{"rendered":"\n<p><\/p>\n\n\n\t\t<div class=\"wp-block-cg-blocks-hero-press-release\">\n\t\t\t<header class=\"header-hero-press-release\" role=\"main\" id=\"main-content-press-release\">\n\t\t\t\t<div class=\"container\">\n\t\t\t\t\t<div class=\"hero-press-release\">\n\t\t\t\t\t\t<div class=\"hero-press-release-content-wrapper\">\n\t\t\t\t\t\t\t<div class=\"row\">\n\t\t\t\t\t\t\t\t<div class=\"col-12\">\n\t\t\t\t\t\t\t\t\t<div class=\"header-title\">\n\t\t\t\t\t\t\t\t\t\t<h1>\n\t\t\t\t\t\t\t\t\t\t\tCapgemini desarrolla la Carpeta del Profesional para el Ayuntamiento de Barcelona\t\t\t\t\t\t\t\t\t\t<\/h1>\n\t\t\t\t\t\t\t\t\t<\/div>\n\t\t\t\t\t\t\t\t\t<div class=\"header-description\">\n\t\t\t\t\t\t\t\t\t\t<p><\/p>\n\t\t\t\t\t\t\t\t\t<\/div>\n\t\t\t\t\t\t\t\t\t\t\t\t\t\t\t\t\t\t<div class=\"header-date\">\n\t\t\t\t\t\t\t\t\t\t<span>ene. 26, 2011<\/span>\n\t\t\t\t\t\t\t\t\t<\/div>\n\t\t\t\t\t\t\t\t<\/div>\n\t\t\t\t\t\t\t<\/div>\n\t\t\t\t\t\t<\/div>\n\t\t\t\t\t\t\t\t\t\t\t\t\t<div class=\"hero-press-release-downloads\">\n\t\t\t\t\t\t\t\t<div class=\"row\">\n\t\t\t\t\t\t\t\t\t\t\t\t\t\t\t\t\t\t\t<div class=\"col-12 col-md-6 col-lg-3\">\n\t\t\t\t\t\t\t\t\t\t\t<a class=\"download-item\" type=\"download\" href=\"https:\/\/www.capgemini.com\/ar-es\/wp-content\/uploads\/sites\/28\/2022\/12\/pdf_Capgemini_desarrolla_la_Carpeta_del_Profesional_para_el_Ayuntamiento_de_Barcelona-2.pdf\" target=\"_blank\" rel=\"noopener noreferrer\" title=\"abrir en una nueva ventana\">\n\t\t\t\t\t\t\t\t\t\t\t\t<div class=\"download-icon\"><\/div>\n\t\t\t\t\t\t\t\t\t\t\t\t<div class=\"download-details\">\n\t\t\t\t\t\t\t\t\t\t\t\t\t<div class=\"download-title\">Download press release<\/div>\n\t\t\t\t\t\t\t\t\t\t\t\t\t<div class=\"download-props\">106 KB  pdf<\/div>\n\t\t\t\t\t\t\t\t\t\t\t\t<\/div>\n\t\t\t\t\t\t\t\t\t\t\t<\/a>\n\t\t\t\t\t\t\t\t\t\t<\/div>\n\t\t\t\t\t\t\t\t\t\t\t\t\t\t\t\t\t\t<\/div>\n\t\t\t\t\t\t\t<\/div>\n\t\t\t\t\t\t\t\t\t\t\t\t\t\t\t\t\t<\/div>\n\t\t\t\t<\/div>\n\t\t\t<\/header>\n\t\t<\/div>\n\t\t\n\n\n<section class=\"wp-block-cg-blocks-group undefined section section--article-content\"><div class=\"article-main-content\"><div class=\"container\"><div class=\"row\"><div class=\"col-12 col-md-1\"><nav class=\"article-social\"><ul class=\"social-nav\"><li class=\"ip-order-fb\"><a href=\"https:\/\/www.facebook.com\/sharer\/sharer.php?u=https:\/\/www.capgemini.com\/ar-es\/?post_type=press-release&amp;p=20188\" target=\"_blank\" rel=\"noopener noreferrer\" title=\"abrir en una nueva ventana\"><i aria-hidden=\"true\" class=\"icon-fb\"><\/i><span class=\"sr-only\">Facebook<\/span><\/a><\/li><li class=\"ip-order-tw\"><a href=\"https:\/\/twitter.com\/intent\/tweet?url=https:\/\/www.capgemini.com\/ar-es\/?post_type=press-release&amp;p=20188&amp;text=\" target=\"_blank\" rel=\"noopener noreferrer\" title=\"abrir en una nueva ventana\"><i aria-hidden=\"true\" class=\"icon-tw\"><\/i><span class=\"sr-only\">Twitter<\/span><\/a><\/li><li class=\"ip-order-li\"><a href=\"https:\/\/www.linkedin.com\/sharing\/share-offsite\/?url=https:\/\/www.capgemini.com\/ar-es\/?post_type=press-release&amp;p=20188&amp;text=\" target=\"_blank\" rel=\"noopener noreferrer\" title=\"abrir en una nueva ventana\"><i aria-hidden=\"true\" class=\"icon-li\"><\/i><span class=\"sr-only\">Linkedin<\/span><\/a><\/li><\/ul><\/nav><\/div><div class=\"col-12 col-md-11 col-lg-10\"><div class=\"article-text article-quote-text\">\n<p>El Ayuntamiento de Barcelona ha confiado a Capgemini la realizaci\u00f3n y puesta en marcha de la Carpeta del Profesional, un nuevo espacio online que permite a los profesionales realizar tr\u00e1mites con el consistorio de forma segura y eficaz, proporcionando herramientas que cubran las necesidades de estos colectivos. La nueva herramienta les permitir\u00e1 consultar los datos de sus clientes, realizar gestiones en su nombre y seguir el estado de las peticiones en curso.<\/p>\n\n\n\n<p>Capgemini ha abordado el proyecto desde un enfoque multidisciplinar y con tres l\u00edneas de trabajo principales:<\/p>\n\n\n\n<ul class=\"wp-block-list\">\n<li>L\u00ednea de usabilidad: Se ha realizado un enfoque basado en la usabilidad para la definici\u00f3n del portal. Incluye un estudio de usuarios, la definici\u00f3n de personas y escenarios, y un test de usabilidad para asegurar un resultado \u00f3ptimo.<\/li>\n\n\n\n<li>L\u00ednea t\u00e9cnica: Se trata de un desarrollo basado en tecnolog\u00eda J2EE, sobre una arquitectura de capas basada en el Framework implantado para la plataforma de tramitaci\u00f3n del Ayuntamiento de Barcelona. El portal se integrar\u00e1 con los servicios de firma digital proporcionados por Catcert (Agencia Catalana de Certificaci\u00f3n), para garantizar la autenticidad del contenido.<\/li>\n\n\n\n<li>Implantaci\u00f3n del sistema: Se ha realizado teniendo en cuenta las necesidades de gesti\u00f3n del cambio para involucrar a la organizaci\u00f3n del Ayuntamiento de Barcelona y se ha puesto en marcha en distintas fases. En una fase inicial restringi\u00f3 a un conjunto de usuarios \u201cpiloto\u201d y posteriormente se ha extendido gradualmente a todo el colectivo de profesionales pertenecientes a los colegios que tienen convenio con el Instituto Municipal de Hacienda del Ayuntamiento de Barcelona.<\/li>\n<\/ul>\n\n\n\n<p>A trav\u00e9s de la Carpeta Profesional se mejora la calidad del servicio que el Ayuntamiento de Barcelona proporciona a los profesionales y se incrementan el n\u00famero de tr\u00e1mites que se pueden finalizar completamente por Internet. Adem\u00e1s, contribuye a reducir el trabajo de la oficina de atenci\u00f3n no presencial al contribuyente, encargada de gestionar los tr\u00e1mites iniciados por Internet y que no han podido finalizar completamente de forma telem\u00e1tica y a rebajar la carga de trabajo de otras dependencias del Ayuntamiento.<\/p>\n\n\n\n<h2 class=\"wp-block-heading\" id=\"h-tramites-de-la-carpeta-del-profesional\">Tr\u00e1mites de la Carpeta del Profesional<\/h2>\n\n\n\n<p>La herramienta da acceso a once tr\u00e1mites de los m\u00e1s utilizados por los profesionales y que est\u00e1n disponibles online. Estos se han mejorado para facilitar la introducci\u00f3n de datos.<\/p>\n\n\n\n<ul class=\"wp-block-list\">\n<li>Domiciliaci\u00f3n Bancaria<\/li>\n\n\n\n<li>Cambio de direcci\u00f3n fisca<\/li>\n\n\n\n<li>Cambio de titular del Impuesto sobre Bienes Inmuebles<\/li>\n\n\n\n<li>Estimaci\u00f3n y autoliquidaci\u00f3n del Impuesto de Plus Val\u00eda<\/li>\n\n\n\n<li>Emisi\u00f3n de documentos de pago de tributos<\/li>\n\n\n\n<li>Emisi\u00f3n de documentos de pago de multas<\/li>\n\n\n\n<li>Obtenci\u00f3n de certificado de pago del Impuesto sobre Veh\u00edculos<\/li>\n\n\n\n<li>Presentaci\u00f3n de alegaciones y recursos a multas<\/li>\n\n\n\n<li>Presentaci\u00f3n de alegaciones y recursos a tributos<\/li>\n\n\n\n<li>Solicitud de devoluci\u00f3n de un pago<\/li>\n\n\n\n<li>Pago, que ser\u00e1 por cargo en cuenta y no por tarjeta de cr\u00e9dito.<\/li>\n<\/ul>\n\n\n\n<h2 class=\"wp-block-heading\" id=\"h-procesos-de-representacion\">Procesos de Representaci\u00f3n<\/h2>\n\n\n\n<p>La relaci\u00f3n entre el profesional y su cliente se establece a trav\u00e9s de un proceso en el que el cliente le otorga la representaci\u00f3n para que sea su representante en ciertos tr\u00e1mites. Este proceso se llama Representaci\u00f3n y se gestiona a trav\u00e9s de la nueva herramienta M\u00f3dulo de Representaci\u00f3n. La pueden utilizar todos aquellos despachos o profesionales que, estando colegiados en alguno de los colegios que tienen convenio con el Instituto Municipal de Hacienda, est\u00e9n adheridos a este convenio.<\/p>\n\n\n\n<p>Existen dos procesos de representaci\u00f3n, la fija, se pide que el cliente d\u00e9 permisos de representaci\u00f3n al profesional por un periodo de tiempo limitado o de forma indefinida. Y la puntual, se pide que el cliente d\u00e9 permisos de representaci\u00f3n al profesional para un tr\u00e1mite en concreto que se podr\u00e1 ejecutar s\u00f3lo una vez. Est\u00e1 pensada para clientes no habituales y aquellos a los que se pide una autorizaci\u00f3n urgente.<\/p>\n\n\n\n<p>Para acreditar la representaci\u00f3n fija se han contemplado dos posibles procedimientos, un procedimiento \u201coff-line\u201d y un procedimiento \u201con-line\u201d con certificado digital del representado. Para acreditar la representaci\u00f3n puntual se han contemplado tambi\u00e9n dos posibles procedimientos, m\u00e1s simples que en el caso de la representaci\u00f3n fija, y donde tambi\u00e9n se contemplan las opciones \u201coff-line\u201d y \u201con-line\u201d con certificado digital del representado.<\/p>\n\n\n\n<p>Para Montserrat Ballar\u00edn, concejala delegada de Hacienda y Presidenta del Instituto Municipal de Hacienda (IMH), <em>\u201cla puesta en marcha de esta Carpeta del Profesional agiliza de forma significativa las relaciones que los ciudadanos tienen con la Hacienda Municipal a trav\u00e9s de sus gestores, administradores o asesores. Puesto que todas las asociaciones profesionales y el IMH comparten el objetivo de facilitar a los ciudadanos el cumplimiento de sus prestaciones y gracias a las nuevas tecnolog\u00edas se est\u00e1n realizando importantes avances en esta l\u00ednea\u201d.<\/em><\/p>\n\n\n\n<p>Para Jordi Milla, director de Administraci\u00f3n P\u00fablica de Capgemini,<em> \u201ceste proyecto es un reto en dos aspectos: por una parte, por la complejidad de un sistema de tramitaci\u00f3n que tiene integraci\u00f3n con la mayor\u00eda de los Sistemas de Informaci\u00f3n del Ayuntamiento de Barcelona y, por otra, por la necesidad de pasar de un modelo de interacci\u00f3n que el Ayuntamiento ten\u00eda basado en el ciudadano como destinatario final a otro en el que son los profesionales los destinatarios. Adem\u00e1s, este proyecto nos ha permitido aplicar en un Ayuntamiento como el de Barcelona una metodolog\u00eda de dise\u00f1o centrada en el usuario que garantiza la usabilidad del sistema\u201d.<\/em><\/p>\n\n\n<div class=\"wp-block-cg-blocks-cg-block-related-content\"><section class=\"relatedContentBlock\"><div class=\"container\"><div class=\"row\"><div class=\"content-title col-12 col-md-8\"><h2 class=\"related-content-heading\">Related News<\/h2><\/div><\/div><div class=\"row relatedContent\"><div class=\"col-lg-4 col-md-6 col-xs-12\">\n\t\t\t\t\t\t\t<div class=\"box\">\n\t\t\t\t\t\t\t\t<a aria-label=\"Leer m\u00e1s sobre Capgemini anuncia la salida de William Roz\u00e9 del Grupo\" href=\"https:\/\/www.capgemini.com\/ar-es\/news\/capgemini-anuncia-la-salida-de-william-roze-del-grupo\/\" class=\"anchorWrapper\">\n\t\t\t\t\t\t\t\t\t<span class=\"box-tag\"><span>Corporate news<\/span><\/span>\n\t\t\t\t\t\t\t\t\t<div class=\"box-title\"><h3 class=\"box-subtitle\">Capgemini anuncia la salida de William Roz\u00e9 del Grupo<\/h3><\/div>\n\t\t\t\t\t\t\t\t\t<div class=\"box-date\">\n\t\t\t\t\t\t\t\t\t\t<span>Aug 20, 2025<\/span>\n\t\t\t\t\t\t\t\t\t<\/div>\n\t\t\t\t\t\t\t\t\t<div class=\"box-bottom\">\n\t\t\t\t\t\t\t\t\t\t&lt;a class=&quot;link-download&quot; href=&quot;https:\/\/www.capgemini.com\/mx-es\/wp-content\/uploads\/sites\/28\/2025\/08\/ESP_08_01_Capgemini-announces-William-Rozes-departure-from-the-Group_REV_JG.pdf&quot; aria-label=&quot;Descargar nota de prensa&quot; target=&quot;_blank&quot;  type=&quot;download&quot; title=&quot;Opens in a new window&quot;&gt;\n\t\t\t\t\t\t\t&lt;span&gt;Descargar nota de prensa&lt;\/span&gt;\n\t\t\t\t\t\t\t&lt;span&gt;89 KB PDF&lt;\/span&gt;\n\t\t\t\t\t\t&lt;\/a&gt;\n\t\t\t\t\t\t\t\t\t\t<a class=\"more\" aria-label=\"Leer m\u00e1s sobre Capgemini anuncia la salida de William Roz\u00e9 del Grupo\" href=\"https:\/\/www.capgemini.com\/ar-es\/news\/capgemini-anuncia-la-salida-de-william-roze-del-grupo\/\">Leer m\u00e1s sobre<\/a>\n\t\t\t\t\t\t\t\t\t<\/div>\n\t\t\t\t\t\t\t\t<\/a>\n\t\t\t\t\t\t\t<\/div>\n\t\t\t\t\t\t<\/div><div class=\"col-lg-4 col-md-6 col-xs-12\">\n\t\t\t\t\t\t\t<div class=\"box\">\n\t\t\t\t\t\t\t\t<a aria-label=\"Leer m\u00e1s sobre Casi dos tercios de las organizaciones consideran la computaci\u00f3n cu\u00e1ntica como la amenaza de ciberseguridad m\u00e1s cr\u00edtica en 3-5 a\u00f1os\" href=\"https:\/\/www.capgemini.com\/ar-es\/news\/casi-dos-tercios-de-las-organizaciones-consideran-la-computacion-cuantica-como-la-amenaza-de-ciberseguridad-mas-critica-en-3-5-anos\/\" class=\"anchorWrapper\">\n\t\t\t\t\t\t\t\t\t<span class=\"box-tag\"><span>Reports<\/span><\/span>\n\t\t\t\t\t\t\t\t\t<div class=\"box-title\"><h3 class=\"box-subtitle\">Casi dos tercios de las organizaciones consideran la computaci\u00f3n cu\u00e1ntica como la amenaza de ciberseguridad m\u00e1s cr\u00edtica en 3-5 a\u00f1os<\/h3><\/div>\n\t\t\t\t\t\t\t\t\t<div class=\"box-date\">\n\t\t\t\t\t\t\t\t\t\t<span>Aug 20, 2025<\/span>\n\t\t\t\t\t\t\t\t\t<\/div>\n\t\t\t\t\t\t\t\t\t<div class=\"box-bottom\">\n\t\t\t\t\t\t\t\t\t\t&lt;a class=&quot;link-download&quot; href=&quot;https:\/\/www.capgemini.com\/mx-es\/wp-content\/uploads\/sites\/28\/2025\/07\/ESP_07_10_Capgemini_Post-Quantum-Cryptography-Report_News-Alert_REV_JG.pdf&quot; aria-label=&quot;Descargar nota de prensa&quot; target=&quot;_blank&quot;  type=&quot;download&quot; title=&quot;Opens in a new window&quot;&gt;\n\t\t\t\t\t\t\t&lt;span&gt;Descargar nota de prensa&lt;\/span&gt;\n\t\t\t\t\t\t\t&lt;span&gt;124 KB PDF&lt;\/span&gt;\n\t\t\t\t\t\t&lt;\/a&gt;\n\t\t\t\t\t\t\t\t\t\t<a class=\"more\" aria-label=\"Leer m\u00e1s sobre Casi dos tercios de las organizaciones consideran la computaci\u00f3n cu\u00e1ntica como la amenaza de ciberseguridad m\u00e1s cr\u00edtica en 3-5 a\u00f1os\" href=\"https:\/\/www.capgemini.com\/ar-es\/news\/casi-dos-tercios-de-las-organizaciones-consideran-la-computacion-cuantica-como-la-amenaza-de-ciberseguridad-mas-critica-en-3-5-anos\/\">Leer m\u00e1s sobre<\/a>\n\t\t\t\t\t\t\t\t\t<\/div>\n\t\t\t\t\t\t\t\t<\/a>\n\t\t\t\t\t\t\t<\/div>\n\t\t\t\t\t\t<\/div><div class=\"col-lg-4 col-md-6 col-xs-12\">\n\t\t\t\t\t\t\t<div class=\"box\">\n\t\t\t\t\t\t\t\t<a aria-label=\"Leer m\u00e1s sobre La confianza y la colaboraci\u00f3n entre humanos e IA definir\u00e1n la pr\u00f3xima era de la IA ag\u00e9ntica, que representar\u00e1 una oportunidad de 450 mil millones de d\u00f3lares para 2028\" href=\"https:\/\/www.capgemini.com\/ar-es\/news\/la-confianza-y-la-colaboracion-entre-humanos-e-ia-definiran-la-proxima-era-de-la-ia-agentica-que-representara-una-oportunidad-de-450-mil-millones-de-dolares-para-2028\/\" class=\"anchorWrapper\">\n\t\t\t\t\t\t\t\t\t<span class=\"box-tag\"><span>Reports<\/span><\/span>\n\t\t\t\t\t\t\t\t\t<div class=\"box-title\"><h3 class=\"box-subtitle\">La confianza y la colaboraci\u00f3n entre humanos e IA definir\u00e1n la pr\u00f3xima era de la IA ag\u00e9ntica, que representar\u00e1 una oportunidad de 450 mil millones de d\u00f3lares para 2028<\/h3><\/div>\n\t\t\t\t\t\t\t\t\t<div class=\"box-date\">\n\t\t\t\t\t\t\t\t\t\t<span>Aug 20, 2025<\/span>\n\t\t\t\t\t\t\t\t\t<\/div>\n\t\t\t\t\t\t\t\t\t<div class=\"box-bottom\">\n\t\t\t\t\t\t\t\t\t\t&lt;a class=&quot;link-download&quot; href=&quot;https:\/\/www.capgemini.com\/wp-content\/uploads\/2025\/07\/07_16_Capgemini-Press-Release_AI-Agents-CRI-report_EN-1.pdf&quot; aria-label=&quot;Descargar nota de prensa&quot; target=&quot;_blank&quot;  type=&quot;download&quot; title=&quot;Opens in a new window&quot;&gt;\n\t\t\t\t\t\t\t&lt;span&gt;Descargar nota de prensa&lt;\/span&gt;\n\t\t\t\t\t\t\t&lt;span&gt;150 KB PDF&lt;\/span&gt;\n\t\t\t\t\t\t&lt;\/a&gt;\n\t\t\t\t\t\t\t\t\t\t<a class=\"more\" aria-label=\"Leer m\u00e1s sobre La confianza y la colaboraci\u00f3n entre humanos e IA definir\u00e1n la pr\u00f3xima era de la IA ag\u00e9ntica, que representar\u00e1 una oportunidad de 450 mil millones de d\u00f3lares para 2028\" href=\"https:\/\/www.capgemini.com\/ar-es\/news\/la-confianza-y-la-colaboracion-entre-humanos-e-ia-definiran-la-proxima-era-de-la-ia-agentica-que-representara-una-oportunidad-de-450-mil-millones-de-dolares-para-2028\/\">Leer m\u00e1s sobre<\/a>\n\t\t\t\t\t\t\t\t\t<\/div>\n\t\t\t\t\t\t\t\t<\/a>\n\t\t\t\t\t\t\t<\/div>\n\t\t\t\t\t\t<\/div><\/div><\/div><\/section><\/div><\/div><\/div><\/div><\/div><\/div><\/section>\n","protected":false},"excerpt":{"rendered":"","protected":false},"author":336,"featured_media":0,"template":"","meta":{"cg_dt_proposed_to":[],"cg_seo_hreflang_relations":"[]","cg_seo_canonical_relation":"","cg_seo_hreflang_x_default_relation":"{\"uuid\":\"e4ac717f-13ef-4889-a969-d42b91a8e8bb\",\"blogId\":\"\",\"domain\":\"\",\"sitePath\":\"\",\"postLink\":\"\",\"postId\":null,\"isSaved\":false,\"isCrossLink\":false,\"hasCrossLink\":false}","cg_dt_approved_content":true,"cg_dt_mandatory_content":false,"cg_dt_notes":"","cg_dg_source_changed":false,"cg_dt_link_disabled":false,"footnotes":"","related_resource_url":"https:\/\/www.capgemini.com\/ar-es\/wp-content\/uploads\/sites\/28\/2022\/12\/pdf_Capgemini_desarrolla_la_Carpeta_del_Profesional_para_el_Ayuntamiento_de_Barcelona-2.pdf","related_resource_id":20189,"related_resource_size":"106 KB","related_resource_type":"pdf","cg_author":0,"featured_focal_points":""},"tags":[],"press-release-type":[],"brand":[],"class_list":["post-20188","press-release","type-press-release","status-publish","hentry"],"yoast_head":"<!-- This site is optimized with the Yoast SEO Premium plugin v22.8 (Yoast SEO v22.8) - https:\/\/yoast.com\/wordpress\/plugins\/seo\/ -->\n<title>Capgemini desarrolla la Carpeta del Profesional para el Ayuntamiento de Barcelona - Capgemini Argentina<\/title>\n<meta name=\"robots\" content=\"index, follow, max-snippet:-1, max-image-preview:large, max-video-preview:-1\" \/>\n<link rel=\"canonical\" href=\"https:\/\/www.capgemini.com\/ar-es\/news\/press-releases\/capgemini-desarrolla-la-carpeta-del-profesional-para-el-ayuntamiento-de-barcelona\/\" \/>\n<meta property=\"og:locale\" content=\"es_MX\" \/>\n<meta property=\"og:type\" content=\"article\" \/>\n<meta property=\"og:title\" content=\"Capgemini desarrolla la Carpeta del Profesional para el Ayuntamiento de Barcelona\" \/>\n<meta property=\"og:url\" content=\"https:\/\/www.capgemini.com\/ar-es\/news\/press-releases\/capgemini-desarrolla-la-carpeta-del-profesional-para-el-ayuntamiento-de-barcelona\/\" \/>\n<meta property=\"og:site_name\" content=\"Capgemini Argentina\" \/>\n<meta property=\"article:modified_time\" content=\"2025-04-01T09:11:56+00:00\" \/>\n<meta property=\"og:image\" content=\"https:\/\/www.capgemini.com\/ar-es\/wp-content\/uploads\/sites\/9\/2025\/10\/New-Web-preview-global.jpg\" \/>\n\t<meta property=\"og:image:width\" content=\"1200\" \/>\n\t<meta property=\"og:image:height\" content=\"627\" \/>\n\t<meta property=\"og:image:type\" content=\"image\/jpeg\" \/>\n<meta name=\"twitter:card\" content=\"summary_large_image\" \/>\n<script type=\"application\/ld+json\" class=\"yoast-schema-graph\">{\"@context\":\"https:\/\/schema.org\",\"@graph\":[{\"@type\":\"WebPage\",\"@id\":\"https:\/\/www.capgemini.com\/ar-es\/news\/press-releases\/capgemini-desarrolla-la-carpeta-del-profesional-para-el-ayuntamiento-de-barcelona\/\",\"url\":\"https:\/\/www.capgemini.com\/ar-es\/news\/press-releases\/capgemini-desarrolla-la-carpeta-del-profesional-para-el-ayuntamiento-de-barcelona\/\",\"name\":\"Capgemini desarrolla la Carpeta del Profesional para el Ayuntamiento de Barcelona - Capgemini Argentina\",\"isPartOf\":{\"@id\":\"https:\/\/www.capgemini.com\/ar-es\/#website\"},\"datePublished\":\"2011-01-26T07:05:00+00:00\",\"dateModified\":\"2025-04-01T09:11:56+00:00\",\"breadcrumb\":{\"@id\":\"https:\/\/www.capgemini.com\/ar-es\/news\/press-releases\/capgemini-desarrolla-la-carpeta-del-profesional-para-el-ayuntamiento-de-barcelona\/#breadcrumb\"},\"inLanguage\":\"es-MX\",\"potentialAction\":[{\"@type\":\"ReadAction\",\"target\":[\"https:\/\/www.capgemini.com\/ar-es\/news\/press-releases\/capgemini-desarrolla-la-carpeta-del-profesional-para-el-ayuntamiento-de-barcelona\/\"]}]},{\"@type\":\"BreadcrumbList\",\"@id\":\"https:\/\/www.capgemini.com\/ar-es\/news\/press-releases\/capgemini-desarrolla-la-carpeta-del-profesional-para-el-ayuntamiento-de-barcelona\/#breadcrumb\",\"itemListElement\":[{\"@type\":\"ListItem\",\"position\":1,\"name\":\"Home\",\"item\":\"https:\/\/www.capgemini.com\/ar-es\/\"},{\"@type\":\"ListItem\",\"position\":2,\"name\":\"Press Releases\",\"item\":\"https:\/\/www.capgemini.com\/ar-es\/news\/\"},{\"@type\":\"ListItem\",\"position\":3,\"name\":\"Capgemini desarrolla la Carpeta del Profesional para el Ayuntamiento de Barcelona\"}]},{\"@type\":\"WebSite\",\"@id\":\"https:\/\/www.capgemini.com\/ar-es\/#website\",\"url\":\"https:\/\/www.capgemini.com\/ar-es\/\",\"name\":\"Capgemini Argentina\",\"description\":\"Capgemini\",\"potentialAction\":[{\"@type\":\"SearchAction\",\"target\":{\"@type\":\"EntryPoint\",\"urlTemplate\":\"https:\/\/www.capgemini.com\/ar-es\/?s={search_term_string}\"},\"query-input\":\"required name=search_term_string\"}],\"inLanguage\":\"es-MX\"}]}<\/script>\n<!-- \/ Yoast SEO Premium plugin. -->","yoast_head_json":{"title":"Capgemini desarrolla la Carpeta del Profesional para el Ayuntamiento de Barcelona - Capgemini Argentina","robots":{"index":"index","follow":"follow","max-snippet":"max-snippet:-1","max-image-preview":"max-image-preview:large","max-video-preview":"max-video-preview:-1"},"canonical":"https:\/\/www.capgemini.com\/ar-es\/news\/press-releases\/capgemini-desarrolla-la-carpeta-del-profesional-para-el-ayuntamiento-de-barcelona\/","og_locale":"es_MX","og_type":"article","og_title":"Capgemini desarrolla la Carpeta del Profesional para el Ayuntamiento de Barcelona","og_url":"https:\/\/www.capgemini.com\/ar-es\/news\/press-releases\/capgemini-desarrolla-la-carpeta-del-profesional-para-el-ayuntamiento-de-barcelona\/","og_site_name":"Capgemini Argentina","article_modified_time":"2025-04-01T09:11:56+00:00","og_image":[{"width":1200,"height":627,"url":"https:\/\/www.capgemini.com\/ar-es\/wp-content\/uploads\/sites\/9\/2025\/10\/New-Web-preview-global.jpg","type":"image\/jpeg"}],"twitter_card":"summary_large_image","schema":{"@context":"https:\/\/schema.org","@graph":[{"@type":"WebPage","@id":"https:\/\/www.capgemini.com\/ar-es\/news\/press-releases\/capgemini-desarrolla-la-carpeta-del-profesional-para-el-ayuntamiento-de-barcelona\/","url":"https:\/\/www.capgemini.com\/ar-es\/news\/press-releases\/capgemini-desarrolla-la-carpeta-del-profesional-para-el-ayuntamiento-de-barcelona\/","name":"Capgemini desarrolla la Carpeta del Profesional para el Ayuntamiento de Barcelona - Capgemini Argentina","isPartOf":{"@id":"https:\/\/www.capgemini.com\/ar-es\/#website"},"datePublished":"2011-01-26T07:05:00+00:00","dateModified":"2025-04-01T09:11:56+00:00","breadcrumb":{"@id":"https:\/\/www.capgemini.com\/ar-es\/news\/press-releases\/capgemini-desarrolla-la-carpeta-del-profesional-para-el-ayuntamiento-de-barcelona\/#breadcrumb"},"inLanguage":"es-MX","potentialAction":[{"@type":"ReadAction","target":["https:\/\/www.capgemini.com\/ar-es\/news\/press-releases\/capgemini-desarrolla-la-carpeta-del-profesional-para-el-ayuntamiento-de-barcelona\/"]}]},{"@type":"BreadcrumbList","@id":"https:\/\/www.capgemini.com\/ar-es\/news\/press-releases\/capgemini-desarrolla-la-carpeta-del-profesional-para-el-ayuntamiento-de-barcelona\/#breadcrumb","itemListElement":[{"@type":"ListItem","position":1,"name":"Home","item":"https:\/\/www.capgemini.com\/ar-es\/"},{"@type":"ListItem","position":2,"name":"Press Releases","item":"https:\/\/www.capgemini.com\/ar-es\/news\/"},{"@type":"ListItem","position":3,"name":"Capgemini desarrolla la Carpeta del Profesional para el Ayuntamiento de Barcelona"}]},{"@type":"WebSite","@id":"https:\/\/www.capgemini.com\/ar-es\/#website","url":"https:\/\/www.capgemini.com\/ar-es\/","name":"Capgemini Argentina","description":"Capgemini","potentialAction":[{"@type":"SearchAction","target":{"@type":"EntryPoint","urlTemplate":"https:\/\/www.capgemini.com\/ar-es\/?s={search_term_string}"},"query-input":"required name=search_term_string"}],"inLanguage":"es-MX"}]}},"parsely":{"version":"1.1.0","canonical_url":"https:\/\/capgemini.com\/ar-es\/news\/press-releases\/capgemini-desarrolla-la-carpeta-del-profesional-para-el-ayuntamiento-de-barcelona\/","smart_links":{"inbound":0,"outbound":0},"traffic_boost_suggestions_count":0,"meta":{"@context":"https:\/\/schema.org","@type":"NewsArticle","headline":"Capgemini desarrolla la Carpeta del Profesional para el Ayuntamiento de Barcelona","url":"https:\/\/www.capgemini.com\/ar-es\/news\/press-releases\/capgemini-desarrolla-la-carpeta-del-profesional-para-el-ayuntamiento-de-barcelona\/","mainEntityOfPage":{"@type":"WebPage","@id":"https:\/\/www.capgemini.com\/ar-es\/news\/press-releases\/capgemini-desarrolla-la-carpeta-del-profesional-para-el-ayuntamiento-de-barcelona\/"},"thumbnailUrl":"","image":{"@type":"ImageObject","url":""},"articleSection":"Uncategorized","author":[],"creator":[],"publisher":{"@type":"Organization","name":"Capgemini Argentina","logo":""},"keywords":[],"dateCreated":"2011-01-26T07:05:00Z","datePublished":"2011-01-26T07:05:00Z","dateModified":"2025-04-01T09:11:56Z"},"rendered":"<meta name=\"parsely-title\" content=\"Capgemini desarrolla la Carpeta del Profesional para el Ayuntamiento de Barcelona\" \/>\n<meta name=\"parsely-link\" content=\"https:\/\/www.capgemini.com\/ar-es\/news\/press-releases\/capgemini-desarrolla-la-carpeta-del-profesional-para-el-ayuntamiento-de-barcelona\/\" \/>\n<meta name=\"parsely-type\" content=\"post\" \/>\n<meta name=\"parsely-pub-date\" content=\"2011-01-26T07:05:00Z\" \/>\n<meta name=\"parsely-section\" content=\"Uncategorized\" \/>","tracker_url":"https:\/\/cdn.parsely.com\/keys\/capgemini.com\/p.js"},"archive_status":false,"featured_image_src":"https:\/\/www.capgemini.com\/ar-es\/wp-content\/themes\/capgemini2025\/assets\/images\/mockup.png","featured_image_alt":false,"jetpack_sharing_enabled":true,"distributor_meta":false,"distributor_terms":false,"distributor_media":false,"distributor_original_site_name":"Capgemini Argentina","distributor_original_site_url":"https:\/\/www.capgemini.com\/ar-es","push-errors":false,"tag_names":[],"_links":{"self":[{"href":"https:\/\/www.capgemini.com\/ar-es\/wp-json\/wp\/v2\/press-release\/20188","targetHints":{"allow":["GET"]}}],"collection":[{"href":"https:\/\/www.capgemini.com\/ar-es\/wp-json\/wp\/v2\/press-release"}],"about":[{"href":"https:\/\/www.capgemini.com\/ar-es\/wp-json\/wp\/v2\/types\/press-release"}],"author":[{"embeddable":true,"href":"https:\/\/www.capgemini.com\/ar-es\/wp-json\/wp\/v2\/users\/336"}],"version-history":[{"count":3,"href":"https:\/\/www.capgemini.com\/ar-es\/wp-json\/wp\/v2\/press-release\/20188\/revisions"}],"predecessor-version":[{"id":517801,"href":"https:\/\/www.capgemini.com\/ar-es\/wp-json\/wp\/v2\/press-release\/20188\/revisions\/517801"}],"wp:attachment":[{"href":"https:\/\/www.capgemini.com\/ar-es\/wp-json\/wp\/v2\/media?parent=20188"}],"wp:term":[{"taxonomy":"post_tag","embeddable":true,"href":"https:\/\/www.capgemini.com\/ar-es\/wp-json\/wp\/v2\/tags?post=20188"},{"taxonomy":"press-release-type","embeddable":true,"href":"https:\/\/www.capgemini.com\/ar-es\/wp-json\/wp\/v2\/press-release-type?post=20188"},{"taxonomy":"brand","embeddable":true,"href":"https:\/\/www.capgemini.com\/ar-es\/wp-json\/wp\/v2\/brand?post=20188"}],"curies":[{"name":"wp","href":"https:\/\/api.w.org\/{rel}","templated":true}]}}