{"id":19426,"date":"2015-02-25T03:10:00","date_gmt":"2015-02-25T03:10:00","guid":{"rendered":"https:\/\/www.capgemini.com\/ar-es\/?post_type=press-release&#038;p=19426"},"modified":"2025-04-01T08:18:11","modified_gmt":"2025-04-01T08:18:11","slug":"la-bajada-radical-del-precio-del-diesel-aun-no-se-refleja-en-los-precios-de-transporte","status":"publish","type":"press-release","link":"https:\/\/www.capgemini.com\/ar-es\/news\/press-releases\/la-bajada-radical-del-precio-del-diesel-aun-no-se-refleja-en-los-precios-de-transporte\/","title":{"rendered":"La bajada radical del precio del diesel a\u00fan no se refleja en los precios de transporte"},"content":{"rendered":"\n<p><\/p>\n\n\n\t\t<div class=\"wp-block-cg-blocks-hero-press-release\">\n\t\t\t<header class=\"header-hero-press-release\" role=\"main\" id=\"main-content-press-release\">\n\t\t\t\t<div class=\"container\">\n\t\t\t\t\t<div class=\"hero-press-release\">\n\t\t\t\t\t\t<div class=\"hero-press-release-content-wrapper\">\n\t\t\t\t\t\t\t<div class=\"row\">\n\t\t\t\t\t\t\t\t<div class=\"col-12\">\n\t\t\t\t\t\t\t\t\t<div class=\"header-title\">\n\t\t\t\t\t\t\t\t\t\t<h1>\n\t\t\t\t\t\t\t\t\t\t\tLa bajada radical del precio del diesel a\u00fan no se refleja en los precios de transporte\t\t\t\t\t\t\t\t\t\t<\/h1>\n\t\t\t\t\t\t\t\t\t<\/div>\n\t\t\t\t\t\t\t\t\t<div class=\"header-description\">\n\t\t\t\t\t\t\t\t\t\t<p><\/p>\n\t\t\t\t\t\t\t\t\t<\/div>\n\t\t\t\t\t\t\t\t\t\t\t\t\t\t\t\t\t\t<div class=\"header-date\">\n\t\t\t\t\t\t\t\t\t\t<span>feb. 25, 2015<\/span>\n\t\t\t\t\t\t\t\t\t<\/div>\n\t\t\t\t\t\t\t\t<\/div>\n\t\t\t\t\t\t\t<\/div>\n\t\t\t\t\t\t<\/div>\n\t\t\t\t\t\t\t\t\t\t\t\t\t<div class=\"hero-press-release-downloads\">\n\t\t\t\t\t\t\t\t<div class=\"row\">\n\t\t\t\t\t\t\t\t\t\t\t\t\t\t\t\t\t\t\t<div class=\"col-12 col-md-6 col-lg-3\">\n\t\t\t\t\t\t\t\t\t\t\t<a class=\"download-item\" type=\"download\" href=\"https:\/\/www.capgemini.com\/ar-es\/wp-content\/uploads\/sites\/28\/2022\/12\/np-capgeminitransportmonitorfinal.pdf\" target=\"_blank\" rel=\"noopener noreferrer\" title=\"abrir en una nueva ventana\">\n\t\t\t\t\t\t\t\t\t\t\t\t<div class=\"download-icon\"><\/div>\n\t\t\t\t\t\t\t\t\t\t\t\t<div class=\"download-details\">\n\t\t\t\t\t\t\t\t\t\t\t\t\t<div class=\"download-title\">Download press release<\/div>\n\t\t\t\t\t\t\t\t\t\t\t\t\t<div class=\"download-props\">222 KB  pdf<\/div>\n\t\t\t\t\t\t\t\t\t\t\t\t<\/div>\n\t\t\t\t\t\t\t\t\t\t\t<\/a>\n\t\t\t\t\t\t\t\t\t\t<\/div>\n\t\t\t\t\t\t\t\t\t\t\t\t\t\t\t\t\t\t<\/div>\n\t\t\t\t\t\t\t<\/div>\n\t\t\t\t\t\t\t\t\t\t\t\t\t\t\t\t\t<\/div>\n\t\t\t\t<\/div>\n\t\t\t<\/header>\n\t\t<\/div>\n\t\t\n\n\n<section class=\"wp-block-cg-blocks-group undefined section section--article-content\"><div class=\"article-main-content\"><div class=\"container\"><div class=\"row\"><div class=\"col-12 col-md-1\"><nav class=\"article-social\"><ul class=\"social-nav\"><li class=\"ip-order-fb\"><a href=\"https:\/\/www.facebook.com\/sharer\/sharer.php?u=https:\/\/www.capgemini.com\/ar-es\/?post_type=press-release&amp;p=19426\" target=\"_blank\" rel=\"noopener noreferrer\" title=\"abrir en una nueva ventana\"><i aria-hidden=\"true\" class=\"icon-fb\"><\/i><span class=\"sr-only\">Facebook<\/span><\/a><\/li><li class=\"ip-order-tw\"><a href=\"https:\/\/twitter.com\/intent\/tweet?url=https:\/\/www.capgemini.com\/ar-es\/?post_type=press-release&amp;p=19426&amp;text=\" target=\"_blank\" rel=\"noopener noreferrer\" title=\"abrir en una nueva ventana\"><i aria-hidden=\"true\" class=\"icon-tw\"><\/i><span class=\"sr-only\">Twitter<\/span><\/a><\/li><li class=\"ip-order-li\"><a href=\"https:\/\/www.linkedin.com\/sharing\/share-offsite\/?url=https:\/\/www.capgemini.com\/ar-es\/?post_type=press-release&amp;p=19426&amp;text=\" target=\"_blank\" rel=\"noopener noreferrer\" title=\"abrir en una nueva ventana\"><i aria-hidden=\"true\" class=\"icon-li\"><\/i><span class=\"sr-only\">Linkedin<\/span><\/a><\/li><\/ul><\/nav><\/div><div class=\"col-12 col-md-11 col-lg-10\"><div class=\"article-text article-quote-text\">\n<p><strong>Madrid, 24 de febrero de 2015 \u2013 <\/strong><strong>La vig\u00e9sima segunda edici\u00f3n del Transport Market Monitor (TMM) de Transporeon y Capgemini Consulting muestra que los precios del transporte<\/strong><strong> descendieron un 1.2% en el cuarto trimestre de &nbsp;2014 en comparaci\u00f3n con el tercer trimestre del mismo a\u00f1o.<\/strong><br>&nbsp;<br><strong>Aspectos m\u00e1s destacados del informe:<\/strong><\/p>\n\n\n\n<ul class=\"wp-block-list\">\n<li>El \u00edndice de precios descendi\u00f3 un 1.2% en el cuarto trimestre 2014 (\u00edndice 98.2), en comparaci\u00f3n con el del tercer trinestre 2014 (\u00edndice 99.4).<\/li>\n\n\n\n<li>Si lo comparamos con el mismo per\u00edodo del a\u00f1o anterior (\u00edndice 101.2), vemos que el \u00edndice de precios es tambi\u00e9n un 3.0% m\u00e1s bajo.<\/li>\n\n\n\n<li>En el \u00faltimo trimestre de 2014, el \u00edndice de di\u00e9sel descendi\u00f3 a un \u00edndice 93.7 (-7.2%) siguiendo la bajada radical de los precios del petr\u00f3leo.<\/li>\n\n\n\n<li>El \u00edndice de capacidad se increment\u00f3 a\u00fan m\u00e1s, alcanzando el \u00edndice 90.9 (+5.0%)<\/li>\n<\/ul>\n\n\n\n<p>&nbsp;<br>Erik van Dort, director de la cadena de suministro de Capgemini se\u00f1al\u00f3: \u201c<em>Debido al descenso global de los precios del petr\u00f3leo, el \u00edndice di\u00e9sel mostr\u00f3 una fuerte ca\u00edda del 7,2% en el cuarto trimestre de 2014. Sin embargo, el \u00edndice de precios disminuy\u00f3 s\u00f3lo un 1,2%. No hab\u00eda escasez de capacidad (+ 5%), por lo que podemos ver que el efecto del combustible barato, no se ha reflejado en las tarifas de transporte. Esperamos que el efecto del precio del diesel, combinado con el descenso tradicional de la demanda en el primer trimestre tendr\u00e1 un fuerte efecto a la baja en el \u00edndice de precios del pr\u00f3ximo trimestre\u201d.<\/em><br>&nbsp;<br>Peter F\u00f6rster, director general de TRANSPOREON, a\u00f1adi\u00f3:<em> \u201cLas tradicionales fuertes ventas de Navidad en noviembre y diciembre podr\u00eda ser una explicaci\u00f3n de por qu\u00e9 los precios del transporte se mantuvieron relativamente estables en el cuarto trimestre\u201d.<\/em><\/p>\n\n\n\n<p>M\u00e1s detalles en el Transport Market Monitor en&nbsp; <a href=\"http:\/\/www.transportmarketmonitor.com\/\">http:\/\/www.transportmarketmonitor.com<\/a><br>&nbsp;<br><strong>El Transport Market Monitor por TRANSPOREON y Capgemini Consulting es una publicaci\u00f3n trimestral que pretende evaluar la din\u00e1mica del mercado de transporte.<\/strong><br>El objetivo del Transport Market Monitor es proporcionar conocimientos en el desarrollo de los precios del transporte y otras din\u00e1micas del mercado del transporte a&nbsp; ejecutivos de log\u00edstica y otros grupos de inter\u00e9s. Se trata de una iniciativa conjunta de TRANSPOREON y Capgemini Consulting. El \u00edndice se basa en la plataforma TRANSPOREON, en la que los cargadores licitan y encargan sus env\u00edos diariamente a sus transportistas asociados preferidos. Capgemini Consulting extrae y analiza la informaci\u00f3n de la plataforma an\u00f3nimamente. Esto se traduce en \u00edndices mensuales que se publican trimestralmente.<br>&nbsp;<br><strong>Acerca de Capgemini<\/strong><br>Con casi 145.000 empleados presentes en m\u00e1s de 40 pa\u00edses, Capgemini es uno de los principales l\u00edderes en servicios de consultor\u00eda, tecnolog\u00eda y outsourcing del mundo. El Grupo Capgemini alcanz\u00f3 unos ingresos globales de 10.573 millones de euros en 2014. Capgemini, en colaboraci\u00f3n&nbsp;con sus clientes, crea y proporciona&nbsp;las soluciones&nbsp;tecnol\u00f3gicas y de negocio que mejor se&nbsp;ajustan a&nbsp;sus necesidades y que&nbsp;conducen a alcanzar los resultados&nbsp;deseados. Siendo una organizaci\u00f3n profundamente multicultural, Capgemini ha desarrollado su propia forma de trabajar, la <a href=\"http:\/\/www.capgemini.com\/about\/how-we-work\/the-collaborative-business-experiencetm\">Collaborative Business Experience\u2122<\/a>, basada en su modelo de producci\u00f3n <a href=\"http:\/\/www.capgemini.com\/about\/how-we-work\/rightshorer\">Rightshore<strong>\u00ae<\/strong><\/a>.<br>Para m\u00e1s informaci\u00f3n:&nbsp; <a href=\"http:\/\/www.capgemini.com\/\">www.es.capgemini.com<\/a><br>&nbsp;&nbsp;&nbsp;&nbsp;&nbsp;&nbsp;&nbsp;&nbsp;&nbsp;&nbsp;&nbsp;<br><em>Rightshore<\/em><em><sup>\u00ae<\/sup><\/em><em> es una marca registrada perteneciente a Capgemini<\/em><br>&nbsp;<br><strong>Acerca de Capgemini Consulting<\/strong><br>Capgemini Consulting es la firma de consultor\u00eda estrat\u00e9gica y de transformaci\u00f3n del Grupo Capgemini, especializada en el asesoramiento y soporte a organismos y empresas para facilitar la transformaci\u00f3n de sus funciones y negocios, desde el desarrollo de la estrategia de innovaci\u00f3n hasta su ejecuci\u00f3n, con especial \u00e9nfasis en los resultados.<br>Con la nueva econom\u00eda digital creando alteraciones importantes y oportunidades, nuestro equipo global de m\u00e1s de 3.600 profesionales trabaja con empresas l\u00edderes y con instituciones p\u00fablicas para gestionar la Transformaci\u00f3n Digital, partiendo de nuestra comprensi\u00f3n de la econom\u00eda digital y nuestro liderazgo en la transformaci\u00f3n y el cambio organizativo.<br>&nbsp;<br>M\u00e1s informaci\u00f3n: <a href=\"http:\/\/www.capgeminiconsulting.com\/\">www.es.capgeminiconsulting.com<\/a><br>&nbsp;<br><strong>Acerca TRANSPOREON<\/strong><br>La plataforma log\u00edstica TRANSPOREON conecta cargadores de la industria y el comercio con los transportistas, conductores y consignatarios \u2013 optimiza y acelera los procesos de log\u00edstica a trav\u00e9s soluciones web-based&nbsp; SaaS (Software-as-a-Service).&nbsp; TRANSPOREON permite reducir los costes de env\u00edo y transporte, reduciendo al m\u00ednimo los tiempos de espera durante la carga y descarga. Actualmente, m\u00e1s de 1.000 empresas de la industria y el comercio, m\u00e1s de 44.000 transportistas y m\u00e1s de 100.000 usuarios de 100 pa\u00edses est\u00e1n conectados a trav\u00e9s de las plataformas TRANSPOREON. Las plataformas, as\u00ed como el servicio al cliente est\u00e1n disponibles en 23 idiomas.<br>&nbsp;<br>Conozca m\u00e1s sobre nosotros en <a href=\"http:\/\/www.transporeon.com\/\">www.transporeon.com<\/a><br>&nbsp;<\/p>\n\n\n<div class=\"wp-block-cg-blocks-cg-block-related-content\"><section class=\"relatedContentBlock\"><div class=\"container\"><div class=\"row\"><div class=\"content-title col-12 col-md-8\"><h2 class=\"related-content-heading\">Related News<\/h2><\/div><\/div><div class=\"row relatedContent\"><div class=\"col-lg-4 col-md-6 col-xs-12\">\n\t\t\t\t\t\t\t<div class=\"box\">\n\t\t\t\t\t\t\t\t<a aria-label=\"Leer m\u00e1s sobre Capgemini anuncia la salida de William Roz\u00e9 del Grupo\" href=\"https:\/\/www.capgemini.com\/ar-es\/news\/capgemini-anuncia-la-salida-de-william-roze-del-grupo\/\" class=\"anchorWrapper\">\n\t\t\t\t\t\t\t\t\t<span class=\"box-tag\"><span>Corporate news<\/span><\/span>\n\t\t\t\t\t\t\t\t\t<div class=\"box-title\"><h3 class=\"box-subtitle\">Capgemini anuncia la salida de William Roz\u00e9 del Grupo<\/h3><\/div>\n\t\t\t\t\t\t\t\t\t<div class=\"box-date\">\n\t\t\t\t\t\t\t\t\t\t<span>Aug 20, 2025<\/span>\n\t\t\t\t\t\t\t\t\t<\/div>\n\t\t\t\t\t\t\t\t\t<div class=\"box-bottom\">\n\t\t\t\t\t\t\t\t\t\t&lt;a class=&quot;link-download&quot; href=&quot;https:\/\/www.capgemini.com\/mx-es\/wp-content\/uploads\/sites\/28\/2025\/08\/ESP_08_01_Capgemini-announces-William-Rozes-departure-from-the-Group_REV_JG.pdf&quot; aria-label=&quot;Descargar nota de prensa&quot; target=&quot;_blank&quot;  type=&quot;download&quot; title=&quot;Opens in a new window&quot;&gt;\n\t\t\t\t\t\t\t&lt;span&gt;Descargar nota de prensa&lt;\/span&gt;\n\t\t\t\t\t\t\t&lt;span&gt;89 KB PDF&lt;\/span&gt;\n\t\t\t\t\t\t&lt;\/a&gt;\n\t\t\t\t\t\t\t\t\t\t<a class=\"more\" aria-label=\"Leer m\u00e1s sobre Capgemini anuncia la salida de William Roz\u00e9 del Grupo\" href=\"https:\/\/www.capgemini.com\/ar-es\/news\/capgemini-anuncia-la-salida-de-william-roze-del-grupo\/\">Leer m\u00e1s sobre<\/a>\n\t\t\t\t\t\t\t\t\t<\/div>\n\t\t\t\t\t\t\t\t<\/a>\n\t\t\t\t\t\t\t<\/div>\n\t\t\t\t\t\t<\/div><div class=\"col-lg-4 col-md-6 col-xs-12\">\n\t\t\t\t\t\t\t<div class=\"box\">\n\t\t\t\t\t\t\t\t<a aria-label=\"Leer m\u00e1s sobre Casi dos tercios de las organizaciones consideran la computaci\u00f3n cu\u00e1ntica como la amenaza de ciberseguridad m\u00e1s cr\u00edtica en 3-5 a\u00f1os\" href=\"https:\/\/www.capgemini.com\/ar-es\/news\/casi-dos-tercios-de-las-organizaciones-consideran-la-computacion-cuantica-como-la-amenaza-de-ciberseguridad-mas-critica-en-3-5-anos\/\" class=\"anchorWrapper\">\n\t\t\t\t\t\t\t\t\t<span class=\"box-tag\"><span>Reports<\/span><\/span>\n\t\t\t\t\t\t\t\t\t<div class=\"box-title\"><h3 class=\"box-subtitle\">Casi dos tercios de las organizaciones consideran la computaci\u00f3n cu\u00e1ntica como la amenaza de ciberseguridad m\u00e1s cr\u00edtica en 3-5 a\u00f1os<\/h3><\/div>\n\t\t\t\t\t\t\t\t\t<div class=\"box-date\">\n\t\t\t\t\t\t\t\t\t\t<span>Aug 20, 2025<\/span>\n\t\t\t\t\t\t\t\t\t<\/div>\n\t\t\t\t\t\t\t\t\t<div class=\"box-bottom\">\n\t\t\t\t\t\t\t\t\t\t&lt;a class=&quot;link-download&quot; href=&quot;https:\/\/www.capgemini.com\/mx-es\/wp-content\/uploads\/sites\/28\/2025\/07\/ESP_07_10_Capgemini_Post-Quantum-Cryptography-Report_News-Alert_REV_JG.pdf&quot; aria-label=&quot;Descargar nota de prensa&quot; target=&quot;_blank&quot;  type=&quot;download&quot; title=&quot;Opens in a new window&quot;&gt;\n\t\t\t\t\t\t\t&lt;span&gt;Descargar nota de prensa&lt;\/span&gt;\n\t\t\t\t\t\t\t&lt;span&gt;124 KB PDF&lt;\/span&gt;\n\t\t\t\t\t\t&lt;\/a&gt;\n\t\t\t\t\t\t\t\t\t\t<a class=\"more\" aria-label=\"Leer m\u00e1s sobre Casi dos tercios de las organizaciones consideran la computaci\u00f3n cu\u00e1ntica como la amenaza de ciberseguridad m\u00e1s cr\u00edtica en 3-5 a\u00f1os\" href=\"https:\/\/www.capgemini.com\/ar-es\/news\/casi-dos-tercios-de-las-organizaciones-consideran-la-computacion-cuantica-como-la-amenaza-de-ciberseguridad-mas-critica-en-3-5-anos\/\">Leer m\u00e1s sobre<\/a>\n\t\t\t\t\t\t\t\t\t<\/div>\n\t\t\t\t\t\t\t\t<\/a>\n\t\t\t\t\t\t\t<\/div>\n\t\t\t\t\t\t<\/div><div class=\"col-lg-4 col-md-6 col-xs-12\">\n\t\t\t\t\t\t\t<div class=\"box\">\n\t\t\t\t\t\t\t\t<a aria-label=\"Leer m\u00e1s sobre La confianza y la colaboraci\u00f3n entre humanos e IA definir\u00e1n la pr\u00f3xima era de la IA ag\u00e9ntica, que representar\u00e1 una oportunidad de 450 mil millones de d\u00f3lares para 2028\" href=\"https:\/\/www.capgemini.com\/ar-es\/news\/la-confianza-y-la-colaboracion-entre-humanos-e-ia-definiran-la-proxima-era-de-la-ia-agentica-que-representara-una-oportunidad-de-450-mil-millones-de-dolares-para-2028\/\" class=\"anchorWrapper\">\n\t\t\t\t\t\t\t\t\t<span class=\"box-tag\"><span>Reports<\/span><\/span>\n\t\t\t\t\t\t\t\t\t<div class=\"box-title\"><h3 class=\"box-subtitle\">La confianza y la colaboraci\u00f3n entre humanos e IA definir\u00e1n la pr\u00f3xima era de la IA ag\u00e9ntica, que representar\u00e1 una oportunidad de 450 mil millones de d\u00f3lares para 2028<\/h3><\/div>\n\t\t\t\t\t\t\t\t\t<div class=\"box-date\">\n\t\t\t\t\t\t\t\t\t\t<span>Aug 20, 2025<\/span>\n\t\t\t\t\t\t\t\t\t<\/div>\n\t\t\t\t\t\t\t\t\t<div class=\"box-bottom\">\n\t\t\t\t\t\t\t\t\t\t&lt;a class=&quot;link-download&quot; href=&quot;https:\/\/www.capgemini.com\/wp-content\/uploads\/2025\/07\/07_16_Capgemini-Press-Release_AI-Agents-CRI-report_EN-1.pdf&quot; aria-label=&quot;Descargar nota de prensa&quot; target=&quot;_blank&quot;  type=&quot;download&quot; title=&quot;Opens in a new window&quot;&gt;\n\t\t\t\t\t\t\t&lt;span&gt;Descargar nota de prensa&lt;\/span&gt;\n\t\t\t\t\t\t\t&lt;span&gt;150 KB PDF&lt;\/span&gt;\n\t\t\t\t\t\t&lt;\/a&gt;\n\t\t\t\t\t\t\t\t\t\t<a class=\"more\" aria-label=\"Leer m\u00e1s sobre La confianza y la colaboraci\u00f3n entre humanos e IA definir\u00e1n la pr\u00f3xima era de la IA ag\u00e9ntica, que representar\u00e1 una oportunidad de 450 mil millones de d\u00f3lares para 2028\" href=\"https:\/\/www.capgemini.com\/ar-es\/news\/la-confianza-y-la-colaboracion-entre-humanos-e-ia-definiran-la-proxima-era-de-la-ia-agentica-que-representara-una-oportunidad-de-450-mil-millones-de-dolares-para-2028\/\">Leer m\u00e1s sobre<\/a>\n\t\t\t\t\t\t\t\t\t<\/div>\n\t\t\t\t\t\t\t\t<\/a>\n\t\t\t\t\t\t\t<\/div>\n\t\t\t\t\t\t<\/div><\/div><\/div><\/section><\/div><\/div><\/div><\/div><\/div><\/div><\/section>\n","protected":false},"excerpt":{"rendered":"","protected":false},"author":336,"featured_media":0,"template":"","meta":{"cg_dt_proposed_to":[],"cg_seo_hreflang_relations":"[]","cg_seo_canonical_relation":"","cg_seo_hreflang_x_default_relation":"{\"uuid\":\"15426f00-8217-4d80-8572-ab3d3b0d2eb1\",\"blogId\":\"\",\"domain\":\"\",\"sitePath\":\"\",\"postLink\":\"\",\"postId\":null,\"isSaved\":false,\"isCrossLink\":false,\"hasCrossLink\":false}","cg_dt_approved_content":true,"cg_dt_mandatory_content":false,"cg_dt_notes":"","cg_dg_source_changed":false,"cg_dt_link_disabled":false,"footnotes":"","related_resource_url":"https:\/\/www.capgemini.com\/ar-es\/wp-content\/uploads\/sites\/28\/2022\/12\/np-capgeminitransportmonitorfinal.pdf","related_resource_id":19428,"related_resource_size":"222 KB","related_resource_type":"pdf","cg_author":0,"featured_focal_points":""},"tags":[],"press-release-type":[],"brand":[],"class_list":["post-19426","press-release","type-press-release","status-publish","hentry"],"yoast_head":"<!-- This site is optimized with the Yoast SEO Premium plugin v22.8 (Yoast SEO v22.8) - https:\/\/yoast.com\/wordpress\/plugins\/seo\/ -->\n<title>La bajada radical del precio del diesel a\u00fan no se refleja en los precios de transporte - Capgemini Argentina<\/title>\n<meta name=\"robots\" content=\"index, follow, max-snippet:-1, max-image-preview:large, max-video-preview:-1\" \/>\n<link rel=\"canonical\" href=\"https:\/\/www.capgemini.com\/ar-es\/news\/press-releases\/la-bajada-radical-del-precio-del-diesel-aun-no-se-refleja-en-los-precios-de-transporte\/\" \/>\n<meta property=\"og:locale\" content=\"es_MX\" \/>\n<meta property=\"og:type\" content=\"article\" \/>\n<meta property=\"og:title\" content=\"La bajada radical del precio del diesel a\u00fan no se refleja en los precios de transporte\" \/>\n<meta property=\"og:url\" content=\"https:\/\/www.capgemini.com\/ar-es\/news\/press-releases\/la-bajada-radical-del-precio-del-diesel-aun-no-se-refleja-en-los-precios-de-transporte\/\" \/>\n<meta property=\"og:site_name\" content=\"Capgemini Argentina\" \/>\n<meta property=\"article:modified_time\" content=\"2025-04-01T08:18:11+00:00\" \/>\n<meta property=\"og:image\" content=\"https:\/\/www.capgemini.com\/ar-es\/wp-content\/uploads\/sites\/9\/2025\/10\/New-Web-preview-global.jpg\" \/>\n\t<meta property=\"og:image:width\" content=\"1200\" \/>\n\t<meta property=\"og:image:height\" content=\"627\" \/>\n\t<meta property=\"og:image:type\" content=\"image\/jpeg\" \/>\n<meta name=\"twitter:card\" content=\"summary_large_image\" \/>\n<meta name=\"twitter:label1\" content=\"Est. reading time\" \/>\n\t<meta name=\"twitter:data1\" content=\"4 minutes\" \/>\n<script type=\"application\/ld+json\" class=\"yoast-schema-graph\">{\"@context\":\"https:\/\/schema.org\",\"@graph\":[{\"@type\":\"WebPage\",\"@id\":\"https:\/\/www.capgemini.com\/ar-es\/news\/press-releases\/la-bajada-radical-del-precio-del-diesel-aun-no-se-refleja-en-los-precios-de-transporte\/\",\"url\":\"https:\/\/www.capgemini.com\/ar-es\/news\/press-releases\/la-bajada-radical-del-precio-del-diesel-aun-no-se-refleja-en-los-precios-de-transporte\/\",\"name\":\"La bajada radical del precio del diesel a\u00fan no se refleja en los precios de transporte - Capgemini Argentina\",\"isPartOf\":{\"@id\":\"https:\/\/www.capgemini.com\/ar-es\/#website\"},\"datePublished\":\"2015-02-25T03:10:00+00:00\",\"dateModified\":\"2025-04-01T08:18:11+00:00\",\"breadcrumb\":{\"@id\":\"https:\/\/www.capgemini.com\/ar-es\/news\/press-releases\/la-bajada-radical-del-precio-del-diesel-aun-no-se-refleja-en-los-precios-de-transporte\/#breadcrumb\"},\"inLanguage\":\"es-MX\",\"potentialAction\":[{\"@type\":\"ReadAction\",\"target\":[\"https:\/\/www.capgemini.com\/ar-es\/news\/press-releases\/la-bajada-radical-del-precio-del-diesel-aun-no-se-refleja-en-los-precios-de-transporte\/\"]}]},{\"@type\":\"BreadcrumbList\",\"@id\":\"https:\/\/www.capgemini.com\/ar-es\/news\/press-releases\/la-bajada-radical-del-precio-del-diesel-aun-no-se-refleja-en-los-precios-de-transporte\/#breadcrumb\",\"itemListElement\":[{\"@type\":\"ListItem\",\"position\":1,\"name\":\"Home\",\"item\":\"https:\/\/www.capgemini.com\/ar-es\/\"},{\"@type\":\"ListItem\",\"position\":2,\"name\":\"Press Releases\",\"item\":\"https:\/\/www.capgemini.com\/ar-es\/news\/\"},{\"@type\":\"ListItem\",\"position\":3,\"name\":\"La bajada radical del precio del diesel a\u00fan no se refleja en los precios de transporte\"}]},{\"@type\":\"WebSite\",\"@id\":\"https:\/\/www.capgemini.com\/ar-es\/#website\",\"url\":\"https:\/\/www.capgemini.com\/ar-es\/\",\"name\":\"Capgemini Argentina\",\"description\":\"Capgemini\",\"potentialAction\":[{\"@type\":\"SearchAction\",\"target\":{\"@type\":\"EntryPoint\",\"urlTemplate\":\"https:\/\/www.capgemini.com\/ar-es\/?s={search_term_string}\"},\"query-input\":\"required name=search_term_string\"}],\"inLanguage\":\"es-MX\"}]}<\/script>\n<!-- \/ Yoast SEO Premium plugin. -->","yoast_head_json":{"title":"La bajada radical del precio del diesel a\u00fan no se refleja en los precios de transporte - Capgemini Argentina","robots":{"index":"index","follow":"follow","max-snippet":"max-snippet:-1","max-image-preview":"max-image-preview:large","max-video-preview":"max-video-preview:-1"},"canonical":"https:\/\/www.capgemini.com\/ar-es\/news\/press-releases\/la-bajada-radical-del-precio-del-diesel-aun-no-se-refleja-en-los-precios-de-transporte\/","og_locale":"es_MX","og_type":"article","og_title":"La bajada radical del precio del diesel a\u00fan no se refleja en los precios de transporte","og_url":"https:\/\/www.capgemini.com\/ar-es\/news\/press-releases\/la-bajada-radical-del-precio-del-diesel-aun-no-se-refleja-en-los-precios-de-transporte\/","og_site_name":"Capgemini Argentina","article_modified_time":"2025-04-01T08:18:11+00:00","og_image":[{"width":1200,"height":627,"url":"https:\/\/www.capgemini.com\/ar-es\/wp-content\/uploads\/sites\/9\/2025\/10\/New-Web-preview-global.jpg","type":"image\/jpeg"}],"twitter_card":"summary_large_image","twitter_misc":{"Est. reading time":"4 minutes"},"schema":{"@context":"https:\/\/schema.org","@graph":[{"@type":"WebPage","@id":"https:\/\/www.capgemini.com\/ar-es\/news\/press-releases\/la-bajada-radical-del-precio-del-diesel-aun-no-se-refleja-en-los-precios-de-transporte\/","url":"https:\/\/www.capgemini.com\/ar-es\/news\/press-releases\/la-bajada-radical-del-precio-del-diesel-aun-no-se-refleja-en-los-precios-de-transporte\/","name":"La bajada radical del precio del diesel a\u00fan no se refleja en los precios de transporte - Capgemini Argentina","isPartOf":{"@id":"https:\/\/www.capgemini.com\/ar-es\/#website"},"datePublished":"2015-02-25T03:10:00+00:00","dateModified":"2025-04-01T08:18:11+00:00","breadcrumb":{"@id":"https:\/\/www.capgemini.com\/ar-es\/news\/press-releases\/la-bajada-radical-del-precio-del-diesel-aun-no-se-refleja-en-los-precios-de-transporte\/#breadcrumb"},"inLanguage":"es-MX","potentialAction":[{"@type":"ReadAction","target":["https:\/\/www.capgemini.com\/ar-es\/news\/press-releases\/la-bajada-radical-del-precio-del-diesel-aun-no-se-refleja-en-los-precios-de-transporte\/"]}]},{"@type":"BreadcrumbList","@id":"https:\/\/www.capgemini.com\/ar-es\/news\/press-releases\/la-bajada-radical-del-precio-del-diesel-aun-no-se-refleja-en-los-precios-de-transporte\/#breadcrumb","itemListElement":[{"@type":"ListItem","position":1,"name":"Home","item":"https:\/\/www.capgemini.com\/ar-es\/"},{"@type":"ListItem","position":2,"name":"Press Releases","item":"https:\/\/www.capgemini.com\/ar-es\/news\/"},{"@type":"ListItem","position":3,"name":"La bajada radical del precio del diesel a\u00fan no se refleja en los precios de transporte"}]},{"@type":"WebSite","@id":"https:\/\/www.capgemini.com\/ar-es\/#website","url":"https:\/\/www.capgemini.com\/ar-es\/","name":"Capgemini Argentina","description":"Capgemini","potentialAction":[{"@type":"SearchAction","target":{"@type":"EntryPoint","urlTemplate":"https:\/\/www.capgemini.com\/ar-es\/?s={search_term_string}"},"query-input":"required name=search_term_string"}],"inLanguage":"es-MX"}]}},"parsely":{"version":"1.1.0","canonical_url":"https:\/\/capgemini.com\/ar-es\/news\/press-releases\/la-bajada-radical-del-precio-del-diesel-aun-no-se-refleja-en-los-precios-de-transporte\/","smart_links":{"inbound":0,"outbound":0},"traffic_boost_suggestions_count":0,"meta":{"@context":"https:\/\/schema.org","@type":"NewsArticle","headline":"La bajada radical del precio del diesel a\u00fan no se refleja en los precios de transporte","url":"https:\/\/www.capgemini.com\/ar-es\/news\/press-releases\/la-bajada-radical-del-precio-del-diesel-aun-no-se-refleja-en-los-precios-de-transporte\/","mainEntityOfPage":{"@type":"WebPage","@id":"https:\/\/www.capgemini.com\/ar-es\/news\/press-releases\/la-bajada-radical-del-precio-del-diesel-aun-no-se-refleja-en-los-precios-de-transporte\/"},"thumbnailUrl":"","image":{"@type":"ImageObject","url":""},"articleSection":"Uncategorized","author":[],"creator":[],"publisher":{"@type":"Organization","name":"Capgemini Argentina","logo":""},"keywords":[],"dateCreated":"2015-02-25T03:10:00Z","datePublished":"2015-02-25T03:10:00Z","dateModified":"2025-04-01T08:18:11Z"},"rendered":"<meta name=\"parsely-title\" content=\"La bajada radical del precio del diesel a\u00fan no se refleja en los precios de transporte\" \/>\n<meta name=\"parsely-link\" content=\"https:\/\/www.capgemini.com\/ar-es\/news\/press-releases\/la-bajada-radical-del-precio-del-diesel-aun-no-se-refleja-en-los-precios-de-transporte\/\" \/>\n<meta name=\"parsely-type\" content=\"post\" \/>\n<meta name=\"parsely-pub-date\" content=\"2015-02-25T03:10:00Z\" \/>\n<meta name=\"parsely-section\" content=\"Uncategorized\" \/>","tracker_url":"https:\/\/cdn.parsely.com\/keys\/capgemini.com\/p.js"},"archive_status":false,"featured_image_src":"https:\/\/www.capgemini.com\/ar-es\/wp-content\/themes\/capgemini2025\/assets\/images\/mockup.png","featured_image_alt":false,"jetpack_sharing_enabled":true,"distributor_meta":false,"distributor_terms":false,"distributor_media":false,"distributor_original_site_name":"Capgemini Argentina","distributor_original_site_url":"https:\/\/www.capgemini.com\/ar-es","push-errors":false,"tag_names":[],"_links":{"self":[{"href":"https:\/\/www.capgemini.com\/ar-es\/wp-json\/wp\/v2\/press-release\/19426","targetHints":{"allow":["GET"]}}],"collection":[{"href":"https:\/\/www.capgemini.com\/ar-es\/wp-json\/wp\/v2\/press-release"}],"about":[{"href":"https:\/\/www.capgemini.com\/ar-es\/wp-json\/wp\/v2\/types\/press-release"}],"author":[{"embeddable":true,"href":"https:\/\/www.capgemini.com\/ar-es\/wp-json\/wp\/v2\/users\/336"}],"version-history":[{"count":3,"href":"https:\/\/www.capgemini.com\/ar-es\/wp-json\/wp\/v2\/press-release\/19426\/revisions"}],"predecessor-version":[{"id":517667,"href":"https:\/\/www.capgemini.com\/ar-es\/wp-json\/wp\/v2\/press-release\/19426\/revisions\/517667"}],"wp:attachment":[{"href":"https:\/\/www.capgemini.com\/ar-es\/wp-json\/wp\/v2\/media?parent=19426"}],"wp:term":[{"taxonomy":"post_tag","embeddable":true,"href":"https:\/\/www.capgemini.com\/ar-es\/wp-json\/wp\/v2\/tags?post=19426"},{"taxonomy":"press-release-type","embeddable":true,"href":"https:\/\/www.capgemini.com\/ar-es\/wp-json\/wp\/v2\/press-release-type?post=19426"},{"taxonomy":"brand","embeddable":true,"href":"https:\/\/www.capgemini.com\/ar-es\/wp-json\/wp\/v2\/brand?post=19426"}],"curies":[{"name":"wp","href":"https:\/\/api.w.org\/{rel}","templated":true}]}}