{"id":18878,"date":"2017-10-12T00:07:00","date_gmt":"2017-10-12T00:07:00","guid":{"rendered":"https:\/\/www.capgemini.com\/ar-es\/?post_type=press-release&#038;p=18878"},"modified":"2025-04-01T07:43:02","modified_gmt":"2025-04-01T07:43:02","slug":"nombramiento-de-dos-coos","status":"publish","type":"press-release","link":"https:\/\/www.capgemini.com\/ar-es\/news\/press-releases\/nombramiento-de-dos-coos\/","title":{"rendered":"Nombramiento de dos COOs"},"content":{"rendered":"\n<p><\/p>\n\n\n\t\t<div class=\"wp-block-cg-blocks-hero-press-release\">\n\t\t\t<header class=\"header-hero-press-release\" role=\"main\" id=\"main-content-press-release\">\n\t\t\t\t<div class=\"container\">\n\t\t\t\t\t<div class=\"hero-press-release\">\n\t\t\t\t\t\t<div class=\"hero-press-release-content-wrapper\">\n\t\t\t\t\t\t\t<div class=\"row\">\n\t\t\t\t\t\t\t\t<div class=\"col-12\">\n\t\t\t\t\t\t\t\t\t<div class=\"header-title\">\n\t\t\t\t\t\t\t\t\t\t<h1>\n\t\t\t\t\t\t\t\t\t\t\tNombramiento de dos COOs\t\t\t\t\t\t\t\t\t\t<\/h1>\n\t\t\t\t\t\t\t\t\t<\/div>\n\t\t\t\t\t\t\t\t\t<div class=\"header-description\">\n\t\t\t\t\t\t\t\t\t\t<p><\/p>\n\t\t\t\t\t\t\t\t\t<\/div>\n\t\t\t\t\t\t\t\t\t\t\t\t\t\t\t\t\t\t<div class=\"header-date\">\n\t\t\t\t\t\t\t\t\t\t<span>oct. 12, 2017<\/span>\n\t\t\t\t\t\t\t\t\t<\/div>\n\t\t\t\t\t\t\t\t<\/div>\n\t\t\t\t\t\t\t<\/div>\n\t\t\t\t\t\t<\/div>\n\t\t\t\t\t\t\t\t\t\t\t\t\t<div class=\"hero-press-release-downloads\">\n\t\t\t\t\t\t\t\t<div class=\"row\">\n\t\t\t\t\t\t\t\t\t\t\t\t\t\t\t\t\t\t\t<div class=\"col-12 col-md-6 col-lg-3\">\n\t\t\t\t\t\t\t\t\t\t\t<a class=\"download-item\" type=\"download\" href=\"https:\/\/www.capgemini.com\/ar-es\/wp-content\/uploads\/sites\/28\/2022\/12\/2017_10_12_pr_group_appointments-22.pdf\" target=\"_blank\" rel=\"noopener noreferrer\" title=\"abrir en una nueva ventana\">\n\t\t\t\t\t\t\t\t\t\t\t\t<div class=\"download-icon\"><\/div>\n\t\t\t\t\t\t\t\t\t\t\t\t<div class=\"download-details\">\n\t\t\t\t\t\t\t\t\t\t\t\t\t<div class=\"download-title\">Download press release<\/div>\n\t\t\t\t\t\t\t\t\t\t\t\t\t<div class=\"download-props\">176 KB  pdf<\/div>\n\t\t\t\t\t\t\t\t\t\t\t\t<\/div>\n\t\t\t\t\t\t\t\t\t\t\t<\/a>\n\t\t\t\t\t\t\t\t\t\t<\/div>\n\t\t\t\t\t\t\t\t\t\t\t\t\t\t\t\t\t\t\t\t<div class=\"col-12 col-md-6 col-lg-3\">\n\t\t\t\t\t\t\t\t\t\t\t<a class=\"download-item\" type=\"download\" href=\"https:\/\/www.capgemini.com\/ar-es\/wp-content\/uploads\/sites\/28\/2022\/12\/a_ezzat_hi-res-22.jpg\" target=\"_blank\" rel=\"noopener noreferrer\" title=\"abrir en una nueva ventana\">\n\t\t\t\t\t\t\t\t\t\t\t\t<div class=\"download-icon\"><\/div>\n\t\t\t\t\t\t\t\t\t\t\t\t<div class=\"download-details\">\n\t\t\t\t\t\t\t\t\t\t\t\t\t<div class=\"download-title\">Download press release<\/div>\n\t\t\t\t\t\t\t\t\t\t\t\t\t<div class=\"download-props\">4 MB  jpeg<\/div>\n\t\t\t\t\t\t\t\t\t\t\t\t<\/div>\n\t\t\t\t\t\t\t\t\t\t\t<\/a>\n\t\t\t\t\t\t\t\t\t\t<\/div>\n\t\t\t\t\t\t\t\t\t\t\t\t\t\t\t\t\t\t\t\t<div class=\"col-12 col-md-6\">\n\t\t\t\t\t\t\t\t\t\t\t<a class=\"download-item\" type=\"download\" href=\"https:\/\/www.capgemini.com\/ar-es\/wp-content\/uploads\/sites\/28\/2022\/12\/t_delaporte_hi-res-22.jpg\" target=\"_blank\" rel=\"noopener noreferrer\" title=\"abrir en una nueva ventana\">\n\t\t\t\t\t\t\t\t\t\t\t\t<div class=\"download-icon\"><\/div>\n\t\t\t\t\t\t\t\t\t\t\t\t<div class=\"download-details\">\n\t\t\t\t\t\t\t\t\t\t\t\t\t<div class=\"download-title\">Download press release<\/div>\n\t\t\t\t\t\t\t\t\t\t\t\t\t<div class=\"download-props\">2 MB  jpeg<\/div>\n\t\t\t\t\t\t\t\t\t\t\t\t<\/div>\n\t\t\t\t\t\t\t\t\t\t\t<\/a>\n\t\t\t\t\t\t\t\t\t\t<\/div>\n\t\t\t\t\t\t\t\t\t\t\t\t\t\t\t\t\t\t<\/div>\n\t\t\t\t\t\t\t<\/div>\n\t\t\t\t\t\t\t\t\t\t\t\t\t\t\t\t\t<\/div>\n\t\t\t\t<\/div>\n\t\t\t<\/header>\n\t\t<\/div>\n\t\t\n\n\n<section class=\"wp-block-cg-blocks-group undefined section section--article-content\"><div class=\"article-main-content\"><div class=\"container\"><div class=\"row\"><div class=\"col-12 col-md-1\"><nav class=\"article-social\"><ul class=\"social-nav\"><li class=\"ip-order-fb\"><a href=\"https:\/\/www.facebook.com\/sharer\/sharer.php?u=https:\/\/www.capgemini.com\/ar-es\/?post_type=press-release&amp;p=18878\" target=\"_blank\" rel=\"noopener noreferrer\" title=\"abrir en una nueva ventana\"><i aria-hidden=\"true\" class=\"icon-fb\"><\/i><span class=\"sr-only\">Facebook<\/span><\/a><\/li><li class=\"ip-order-tw\"><a href=\"https:\/\/twitter.com\/intent\/tweet?url=https:\/\/www.capgemini.com\/ar-es\/?post_type=press-release&amp;p=18878&amp;text=Nombramiento%20de%20dos%20COOs\" target=\"_blank\" rel=\"noopener noreferrer\" title=\"abrir en una nueva ventana\"><i aria-hidden=\"true\" class=\"icon-tw\"><\/i><span class=\"sr-only\">Twitter<\/span><\/a><\/li><li class=\"ip-order-li\"><a href=\"https:\/\/www.linkedin.com\/sharing\/share-offsite\/?url=https:\/\/www.capgemini.com\/ar-es\/?post_type=press-release&amp;p=18878&amp;text=Nombramiento%20de%20dos%20COOs\" target=\"_blank\" rel=\"noopener noreferrer\" title=\"abrir en una nueva ventana\"><i aria-hidden=\"true\" class=\"icon-li\"><\/i><span class=\"sr-only\">Linkedin<\/span><\/a><\/li><\/ul><\/nav><\/div><div class=\"col-12 col-md-11 col-lg-10\"><div class=\"article-text article-quote-text\">\n<p><strong>Par\u00eds, Octubre 12, 2017 <\/strong>\u2013 Luego de haber sido propuesto por Paul Hermelin, Presidente y CEO, y bajo la recomendaci\u00f3n del Comit\u00e9 de \u00c9tica y Gobierno, la junta de directores de Capgemini SE decidi\u00f3 el 11 de octubre de 2017 nombrar a Thierry Delaporte y Aiman Ezzat como Directores de Operaciones y oficiales corporativos ejecutivos. Su rol primario dentro de la oficina del CEO ser\u00e1 la transformaci\u00f3n de Grupo para Thierry y desempe\u00f1o del Grupo para Aiman.<\/p>\n\n\n\n<p><em>\u201cThierry&nbsp; y Aiman son ejecutivos experimentados y talentosos, con un excepcional historial de trabajo internacional, y de manera notable en los Estados Unidos, uno de los mercados clave del Grupo y la principal ubicaci\u00f3n para las innovaciones tecnol\u00f3gicas, un enfoque centrado en el cliente, complementado por un enfoque en el desempe\u00f1o y la transformaci\u00f3n\u201d&nbsp;<\/em>&nbsp;confirm\u00f3 Paul Hermelin, Presidente y CEO de Capgemini Group.<em> \u201cEllos tienen todas las cualidades para apoyarme al implementar las prioridades del Grupo: revitalizar nuestro&nbsp;portafolio de servicios, para apoyar a nuestros&nbsp;clientes en todos los aspectos de su transformaci\u00f3n, para fortalecer nuestro enfoque en el cliente e incrementar nuestra competitividad\u201d<\/em><\/p>\n\n\n\n<p>Estos nombramientos, efectivos a partir del 1\u00b0 de enero de 2018, son parte de la preparaci\u00f3n para la transici\u00f3n de la administraci\u00f3n anunciada por Paul Hermelin en la reuni\u00f3n de accionistas de 2017.<\/p>\n\n\n\n<p><strong>Biograf\u00edas:<\/strong><\/p>\n\n\n\n<figure class=\"wp-block-image alignleft\"><img decoding=\"async\" src=\"https:\/\/www.capgemini.com\/ar-es\/wp-content\/uploads\/sites\/24\/2017\/10\/t_delaporte_low-res-22.jpg?w=233\" alt=\"\" class=\"wp-image-10922\"\/><\/figure>\n\n\n\n<p><strong>Thierry Delaporte<\/strong> ha sido l\u00edder de la unidad de negocio de Servicios Financieros desde 2012, as\u00ed como supervisor de las operaciones en Am\u00e9rica Latina desde 2016. Es miembro del Comit\u00e9 Ejecutivo del Grupo.<\/p>\n\n\n\n<p>Habiendo pasado la mayor parte de su carrera en Capgemini, Thierry ha impulsado las operaciones&nbsp; y planeaci\u00f3n estrat\u00e9gica de Capgemini en varios de sus negocios clave, basado en diversos pa\u00edses, ha participado en un gran n\u00famero de programas de transformaci\u00f3n clave.<\/p>\n\n\n\n<p>Thierry ha ocupado varios puestos en Capgemini: fue COO y L\u00edder de Ventas para Servicios de Aplicaciones (Reino Unido, Asia Pac\u00edfico y Norteam\u00e9rica) en 2011, CFO para la unidad global de negocio de Outsourcing (2009-2010), CFO para Norteam\u00e9rica (2005-2008), CFO para Europa del Sur (2003-2005), CFO y COO para Australia y Nueva Zelanda (2002-2003), CFO para el negocio de Telecom en Asia Pac\u00edfico a ra\u00edz de la integraci\u00f3n de operaciones de Ernst &amp; Young (2000-2002), CFO para Suiza y Austria (1997-2000). Thierry se uni\u00f3 a Capgemini en 1995, trabajando para la subsidiaria Sogeti como Auditor Interno del Grupo.<\/p>\n\n\n\n<p>Thierry inici\u00f3 su carrera en 1992 como Auditor Senior en Arthur Andersen en Par\u00eds y Londres.<\/p>\n\n\n\n<p>Obtuvo la Maestr\u00eda en Leyes en la Universidad La Sorbonne en Par\u00eds, y la Maestr\u00eda en Ciencias Pol\u00edticas en&nbsp;<em>SciencesPo Paris<\/em>. Tambi\u00e9n es co-fundador y Presidente de la organizaci\u00f3n no lucrativa Life Project 4 Youth, Alliance &amp; USA.<\/p>\n\n\n\n<figure class=\"wp-block-image alignleft\"><img decoding=\"async\" src=\"https:\/\/www.capgemini.com\/ar-es\/wp-content\/uploads\/sites\/24\/2017\/10\/a_ezzat_low-res-22.jpg?w=233\" alt=\"\" class=\"wp-image-10923\"\/><\/figure>\n\n\n\n<p><strong>Aiman Ezzat<\/strong> ha sido&nbsp;Chief Financial Officer en Capgemini desde diciembre de 2012. Es miembro del Comit\u00e9 Ejecutivo del Grupo.<\/p>\n\n\n\n<p>En noviembre de 2007, Aiman fue nombrado COO de la unidad global de negocio de Servicios Financieros, y en diciembre de 2008 fue nombrado L\u00edder Global de la misma.<\/p>\n\n\n\n<p>Aiman tambi\u00e9n ha ocupado el puesto de Director Adjunto de Estrategia de 2005 a 2007,&nbsp; donde jug\u00f3 un papel clave en el desarrollo del plan de cambio Booster de las actividades del Grupo en Estados Unidos, as\u00ed como en el desarrollo de la estrategia offshore del Grupo. Fue parte del equipo de adquisiciones e integraciones de Kanbay, empresa l\u00edder global de servicios IT enfocada en la industria de servicios financieros, adquirida por Capgemini en 2006. Antes de unirse a Capgemini, Aiman fue Director Administrativo de Operaciones Internacionales de Headstrong de 2000 a 2004, consultora l\u00edder de negocios y tecnolog\u00eda global, donde trabaj\u00f3 con clientes de servicios financieros en Asia, Norteam\u00e9rica y Europa.<\/p>\n\n\n\n<p>Aiman tambi\u00e9n fue l\u00edder global de la pr\u00e1ctica de Oil &amp; Gas y Qu\u00edmicos de Gemini Consulting, donde trabaj\u00f3 10 a\u00f1os. (Gemini Consulting era la marca anterior de la pr\u00e1ctica de estrategia y transformaci\u00f3n de Capgemini Group, ahora Capgemini Consulting).<\/p>\n\n\n\n<p>En marzo 2017 Aiman fue nombrado el \u2018Mejor CFO Europeo\u2019 para la categor\u00eda de tecnolog\u00eda y software en el&nbsp;\u201c2017 All European Executive Team\u201d: Institutional Investor\u2019s annual ranking of the region\u2019s top corporate leaders.<\/p>\n\n\n\n<p>Aiman, cuenta con una Maestr\u00eda en Ciencias en Ingenier\u00eda Qu\u00edmica de la&nbsp;<em>Ecole Sup\u00e9rieure de Chimie Physique Electronique de Lyon<\/em> en Francia y un MBA del Anderson School of Management at UCLA.<\/p>\n\n\n\n<h3 class=\"wp-block-heading\" id=\"h-acerca-de-capgemini\"><strong>Acerca de Capgemini<\/strong><\/h3>\n\n\n\n<p>Con m\u00e1s de 190,000 empleados, Capgemini est\u00e1 presente en m\u00e1s de 40 pa\u00edses, y celebra su 50 aniversario en 2017. L\u00edder global en servicios de tecnolog\u00eda, consultor\u00eda y outsourcing, el Grupo report\u00f3 ingresos globales de 12,500 millones de Euros en 2016. Junto con sus clientes, Capgemini crea y entrega soluciones digitales, tecnolog\u00eda y de negocio que cumplen sus necesidades, permiti\u00e9ndoles innovar y ser m\u00e1s competitivos. Al ser una organizaci\u00f3n profundamente multicultural, Capgemini ha desarrollado su propia forma de trabajar:&nbsp;&nbsp;<a href=\"https:\/\/back.www.mx.capgemini.com\/about\/how-we-work\/the-collaborative-business-experiencetm\">the Collaborative Business Experience<sup>TM<\/sup><\/a>, basada en su modelo de producci\u00f3n&nbsp;<a href=\"https:\/\/back.www.mx.capgemini.com\/about\/how-we-work\/rightshorer\">Rightshore<sup>\u00ae<\/sup><\/a>.<\/p>\n\n\n\n<p>Conozca m\u00e1s de nosotros en:&nbsp;<a href=\"http:\/\/www.mx.capgemini.com\/\">www.mx.capgemini.com<\/a>.<\/p>\n\n\n<div class=\"wp-block-cg-blocks-cg-block-related-content\"><section class=\"relatedContentBlock\"><div class=\"container\"><div class=\"row\"><div class=\"content-title col-12 col-md-8\"><h2 class=\"related-content-heading\">Related News<\/h2><\/div><\/div><div class=\"row relatedContent\"><div class=\"col-lg-4 col-md-6 col-xs-12\">\n\t\t\t\t\t\t\t<div class=\"box\">\n\t\t\t\t\t\t\t\t<a aria-label=\"Leer m\u00e1s sobre Capgemini anuncia la salida de William Roz\u00e9 del Grupo\" href=\"https:\/\/www.capgemini.com\/ar-es\/news\/capgemini-anuncia-la-salida-de-william-roze-del-grupo\/\" class=\"anchorWrapper\">\n\t\t\t\t\t\t\t\t\t<span class=\"box-tag\"><span>Corporate news<\/span><\/span>\n\t\t\t\t\t\t\t\t\t<div class=\"box-title\"><h3 class=\"box-subtitle\">Capgemini anuncia la salida de William Roz\u00e9 del Grupo<\/h3><\/div>\n\t\t\t\t\t\t\t\t\t<div class=\"box-date\">\n\t\t\t\t\t\t\t\t\t\t<span>Aug 20, 2025<\/span>\n\t\t\t\t\t\t\t\t\t<\/div>\n\t\t\t\t\t\t\t\t\t<div class=\"box-bottom\">\n\t\t\t\t\t\t\t\t\t\t&lt;a class=&quot;link-download&quot; href=&quot;https:\/\/www.capgemini.com\/mx-es\/wp-content\/uploads\/sites\/28\/2025\/08\/ESP_08_01_Capgemini-announces-William-Rozes-departure-from-the-Group_REV_JG.pdf&quot; aria-label=&quot;Descargar nota de prensa&quot; target=&quot;_blank&quot;  type=&quot;download&quot; title=&quot;Opens in a new window&quot;&gt;\n\t\t\t\t\t\t\t&lt;span&gt;Descargar nota de prensa&lt;\/span&gt;\n\t\t\t\t\t\t\t&lt;span&gt;89 KB PDF&lt;\/span&gt;\n\t\t\t\t\t\t&lt;\/a&gt;\n\t\t\t\t\t\t\t\t\t\t<a class=\"more\" aria-label=\"Leer m\u00e1s sobre Capgemini anuncia la salida de William Roz\u00e9 del Grupo\" href=\"https:\/\/www.capgemini.com\/ar-es\/news\/capgemini-anuncia-la-salida-de-william-roze-del-grupo\/\">Leer m\u00e1s sobre<\/a>\n\t\t\t\t\t\t\t\t\t<\/div>\n\t\t\t\t\t\t\t\t<\/a>\n\t\t\t\t\t\t\t<\/div>\n\t\t\t\t\t\t<\/div><div class=\"col-lg-4 col-md-6 col-xs-12\">\n\t\t\t\t\t\t\t<div class=\"box\">\n\t\t\t\t\t\t\t\t<a aria-label=\"Leer m\u00e1s sobre Casi dos tercios de las organizaciones consideran la computaci\u00f3n cu\u00e1ntica como la amenaza de ciberseguridad m\u00e1s cr\u00edtica en 3-5 a\u00f1os\" href=\"https:\/\/www.capgemini.com\/ar-es\/news\/casi-dos-tercios-de-las-organizaciones-consideran-la-computacion-cuantica-como-la-amenaza-de-ciberseguridad-mas-critica-en-3-5-anos\/\" class=\"anchorWrapper\">\n\t\t\t\t\t\t\t\t\t<span class=\"box-tag\"><span>Reports<\/span><\/span>\n\t\t\t\t\t\t\t\t\t<div class=\"box-title\"><h3 class=\"box-subtitle\">Casi dos tercios de las organizaciones consideran la computaci\u00f3n cu\u00e1ntica como la amenaza de ciberseguridad m\u00e1s cr\u00edtica en 3-5 a\u00f1os<\/h3><\/div>\n\t\t\t\t\t\t\t\t\t<div class=\"box-date\">\n\t\t\t\t\t\t\t\t\t\t<span>Aug 20, 2025<\/span>\n\t\t\t\t\t\t\t\t\t<\/div>\n\t\t\t\t\t\t\t\t\t<div class=\"box-bottom\">\n\t\t\t\t\t\t\t\t\t\t&lt;a class=&quot;link-download&quot; href=&quot;https:\/\/www.capgemini.com\/mx-es\/wp-content\/uploads\/sites\/28\/2025\/07\/ESP_07_10_Capgemini_Post-Quantum-Cryptography-Report_News-Alert_REV_JG.pdf&quot; aria-label=&quot;Descargar nota de prensa&quot; target=&quot;_blank&quot;  type=&quot;download&quot; title=&quot;Opens in a new window&quot;&gt;\n\t\t\t\t\t\t\t&lt;span&gt;Descargar nota de prensa&lt;\/span&gt;\n\t\t\t\t\t\t\t&lt;span&gt;124 KB PDF&lt;\/span&gt;\n\t\t\t\t\t\t&lt;\/a&gt;\n\t\t\t\t\t\t\t\t\t\t<a class=\"more\" aria-label=\"Leer m\u00e1s sobre Casi dos tercios de las organizaciones consideran la computaci\u00f3n cu\u00e1ntica como la amenaza de ciberseguridad m\u00e1s cr\u00edtica en 3-5 a\u00f1os\" href=\"https:\/\/www.capgemini.com\/ar-es\/news\/casi-dos-tercios-de-las-organizaciones-consideran-la-computacion-cuantica-como-la-amenaza-de-ciberseguridad-mas-critica-en-3-5-anos\/\">Leer m\u00e1s sobre<\/a>\n\t\t\t\t\t\t\t\t\t<\/div>\n\t\t\t\t\t\t\t\t<\/a>\n\t\t\t\t\t\t\t<\/div>\n\t\t\t\t\t\t<\/div><div class=\"col-lg-4 col-md-6 col-xs-12\">\n\t\t\t\t\t\t\t<div class=\"box\">\n\t\t\t\t\t\t\t\t<a aria-label=\"Leer m\u00e1s sobre La confianza y la colaboraci\u00f3n entre humanos e IA definir\u00e1n la pr\u00f3xima era de la IA ag\u00e9ntica, que representar\u00e1 una oportunidad de 450 mil millones de d\u00f3lares para 2028\" href=\"https:\/\/www.capgemini.com\/ar-es\/news\/la-confianza-y-la-colaboracion-entre-humanos-e-ia-definiran-la-proxima-era-de-la-ia-agentica-que-representara-una-oportunidad-de-450-mil-millones-de-dolares-para-2028\/\" class=\"anchorWrapper\">\n\t\t\t\t\t\t\t\t\t<span class=\"box-tag\"><span>Reports<\/span><\/span>\n\t\t\t\t\t\t\t\t\t<div class=\"box-title\"><h3 class=\"box-subtitle\">La confianza y la colaboraci\u00f3n entre humanos e IA definir\u00e1n la pr\u00f3xima era de la IA ag\u00e9ntica, que representar\u00e1 una oportunidad de 450 mil millones de d\u00f3lares para 2028<\/h3><\/div>\n\t\t\t\t\t\t\t\t\t<div class=\"box-date\">\n\t\t\t\t\t\t\t\t\t\t<span>Aug 20, 2025<\/span>\n\t\t\t\t\t\t\t\t\t<\/div>\n\t\t\t\t\t\t\t\t\t<div class=\"box-bottom\">\n\t\t\t\t\t\t\t\t\t\t&lt;a class=&quot;link-download&quot; href=&quot;https:\/\/www.capgemini.com\/wp-content\/uploads\/2025\/07\/07_16_Capgemini-Press-Release_AI-Agents-CRI-report_EN-1.pdf&quot; aria-label=&quot;Descargar nota de prensa&quot; target=&quot;_blank&quot;  type=&quot;download&quot; title=&quot;Opens in a new window&quot;&gt;\n\t\t\t\t\t\t\t&lt;span&gt;Descargar nota de prensa&lt;\/span&gt;\n\t\t\t\t\t\t\t&lt;span&gt;150 KB PDF&lt;\/span&gt;\n\t\t\t\t\t\t&lt;\/a&gt;\n\t\t\t\t\t\t\t\t\t\t<a class=\"more\" aria-label=\"Leer m\u00e1s sobre La confianza y la colaboraci\u00f3n entre humanos e IA definir\u00e1n la pr\u00f3xima era de la IA ag\u00e9ntica, que representar\u00e1 una oportunidad de 450 mil millones de d\u00f3lares para 2028\" href=\"https:\/\/www.capgemini.com\/ar-es\/news\/la-confianza-y-la-colaboracion-entre-humanos-e-ia-definiran-la-proxima-era-de-la-ia-agentica-que-representara-una-oportunidad-de-450-mil-millones-de-dolares-para-2028\/\">Leer m\u00e1s sobre<\/a>\n\t\t\t\t\t\t\t\t\t<\/div>\n\t\t\t\t\t\t\t\t<\/a>\n\t\t\t\t\t\t\t<\/div>\n\t\t\t\t\t\t<\/div><\/div><\/div><\/section><\/div><\/div><\/div><\/div><\/div><\/div><\/section>\n","protected":false},"excerpt":{"rendered":"","protected":false},"author":336,"featured_media":0,"template":"","meta":{"cg_dt_proposed_to":[],"cg_seo_hreflang_relations":"[]","cg_seo_canonical_relation":"","cg_seo_hreflang_x_default_relation":"{\"uuid\":\"963c15ff-5e2f-48cc-a05e-c8b3e8a87cc6\",\"blogId\":\"\",\"domain\":\"\",\"sitePath\":\"\",\"postLink\":\"\",\"postId\":null,\"isSaved\":false,\"isCrossLink\":false,\"hasCrossLink\":false}","cg_dt_approved_content":true,"cg_dt_mandatory_content":false,"cg_dt_notes":"","cg_dg_source_changed":false,"cg_dt_link_disabled":false,"footnotes":"","related_resource_url":"https:\/\/www.capgemini.com\/ar-es\/wp-content\/uploads\/sites\/28\/2022\/12\/2017_10_12_pr_group_appointments-22.pdf","related_resource_id":18879,"related_resource_size":"176 KB","related_resource_type":"pdf","cg_author":0,"featured_focal_points":""},"tags":[],"press-release-type":[],"brand":[],"class_list":["post-18878","press-release","type-press-release","status-publish","hentry"],"yoast_head":"<!-- This site is optimized with the Yoast SEO Premium plugin v22.8 (Yoast SEO v22.8) - https:\/\/yoast.com\/wordpress\/plugins\/seo\/ -->\n<title>Nombramiento de dos COOs - Capgemini Argentina<\/title>\n<meta name=\"robots\" content=\"index, follow, max-snippet:-1, max-image-preview:large, max-video-preview:-1\" \/>\n<link rel=\"canonical\" href=\"https:\/\/www.capgemini.com\/ar-es\/news\/press-releases\/nombramiento-de-dos-coos\/\" \/>\n<meta property=\"og:locale\" content=\"es_MX\" \/>\n<meta property=\"og:type\" content=\"article\" \/>\n<meta property=\"og:title\" content=\"Nombramiento de dos COOs\" \/>\n<meta property=\"og:url\" content=\"https:\/\/www.capgemini.com\/ar-es\/news\/press-releases\/nombramiento-de-dos-coos\/\" \/>\n<meta property=\"og:site_name\" content=\"Capgemini Argentina\" \/>\n<meta property=\"article:modified_time\" content=\"2025-04-01T07:43:02+00:00\" \/>\n<meta property=\"og:image\" content=\"https:\/\/www.capgemini.com\/ar-es\/wp-content\/uploads\/sites\/24\/2017\/10\/t_delaporte_low-res-22.jpg?w=233\" \/>\n<meta name=\"twitter:card\" content=\"summary_large_image\" \/>\n<meta name=\"twitter:label1\" content=\"Est. reading time\" \/>\n\t<meta name=\"twitter:data1\" content=\"5 minutes\" \/>\n<script type=\"application\/ld+json\" class=\"yoast-schema-graph\">{\"@context\":\"https:\/\/schema.org\",\"@graph\":[{\"@type\":\"WebPage\",\"@id\":\"https:\/\/www.capgemini.com\/ar-es\/news\/press-releases\/nombramiento-de-dos-coos\/\",\"url\":\"https:\/\/www.capgemini.com\/ar-es\/news\/press-releases\/nombramiento-de-dos-coos\/\",\"name\":\"Nombramiento de dos COOs - Capgemini Argentina\",\"isPartOf\":{\"@id\":\"https:\/\/www.capgemini.com\/ar-es\/#website\"},\"primaryImageOfPage\":{\"@id\":\"https:\/\/www.capgemini.com\/ar-es\/news\/press-releases\/nombramiento-de-dos-coos\/#primaryimage\"},\"image\":{\"@id\":\"https:\/\/www.capgemini.com\/ar-es\/news\/press-releases\/nombramiento-de-dos-coos\/#primaryimage\"},\"thumbnailUrl\":\"https:\/\/www.capgemini.com\/ar-es\/wp-content\/uploads\/sites\/24\/2017\/10\/t_delaporte_low-res-22.jpg?w=233\",\"datePublished\":\"2017-10-12T00:07:00+00:00\",\"dateModified\":\"2025-04-01T07:43:02+00:00\",\"breadcrumb\":{\"@id\":\"https:\/\/www.capgemini.com\/ar-es\/news\/press-releases\/nombramiento-de-dos-coos\/#breadcrumb\"},\"inLanguage\":\"es-MX\",\"potentialAction\":[{\"@type\":\"ReadAction\",\"target\":[\"https:\/\/www.capgemini.com\/ar-es\/news\/press-releases\/nombramiento-de-dos-coos\/\"]}]},{\"@type\":\"ImageObject\",\"inLanguage\":\"es-MX\",\"@id\":\"https:\/\/www.capgemini.com\/ar-es\/news\/press-releases\/nombramiento-de-dos-coos\/#primaryimage\",\"url\":\"https:\/\/www.capgemini.com\/ar-es\/wp-content\/uploads\/sites\/24\/2017\/10\/t_delaporte_low-res-22.jpg?w=233\",\"contentUrl\":\"https:\/\/www.capgemini.com\/ar-es\/wp-content\/uploads\/sites\/24\/2017\/10\/t_delaporte_low-res-22.jpg?w=233\"},{\"@type\":\"BreadcrumbList\",\"@id\":\"https:\/\/www.capgemini.com\/ar-es\/news\/press-releases\/nombramiento-de-dos-coos\/#breadcrumb\",\"itemListElement\":[{\"@type\":\"ListItem\",\"position\":1,\"name\":\"Home\",\"item\":\"https:\/\/www.capgemini.com\/ar-es\/\"},{\"@type\":\"ListItem\",\"position\":2,\"name\":\"Press Releases\",\"item\":\"https:\/\/www.capgemini.com\/ar-es\/news\/\"},{\"@type\":\"ListItem\",\"position\":3,\"name\":\"Nombramiento de dos COOs\"}]},{\"@type\":\"WebSite\",\"@id\":\"https:\/\/www.capgemini.com\/ar-es\/#website\",\"url\":\"https:\/\/www.capgemini.com\/ar-es\/\",\"name\":\"Capgemini Argentina\",\"description\":\"Capgemini\",\"potentialAction\":[{\"@type\":\"SearchAction\",\"target\":{\"@type\":\"EntryPoint\",\"urlTemplate\":\"https:\/\/www.capgemini.com\/ar-es\/?s={search_term_string}\"},\"query-input\":\"required name=search_term_string\"}],\"inLanguage\":\"es-MX\"}]}<\/script>\n<!-- \/ Yoast SEO Premium plugin. -->","yoast_head_json":{"title":"Nombramiento de dos COOs - Capgemini Argentina","robots":{"index":"index","follow":"follow","max-snippet":"max-snippet:-1","max-image-preview":"max-image-preview:large","max-video-preview":"max-video-preview:-1"},"canonical":"https:\/\/www.capgemini.com\/ar-es\/news\/press-releases\/nombramiento-de-dos-coos\/","og_locale":"es_MX","og_type":"article","og_title":"Nombramiento de dos COOs","og_url":"https:\/\/www.capgemini.com\/ar-es\/news\/press-releases\/nombramiento-de-dos-coos\/","og_site_name":"Capgemini Argentina","article_modified_time":"2025-04-01T07:43:02+00:00","og_image":[{"url":"https:\/\/www.capgemini.com\/ar-es\/wp-content\/uploads\/sites\/24\/2017\/10\/t_delaporte_low-res-22.jpg?w=233"}],"twitter_card":"summary_large_image","twitter_misc":{"Est. reading time":"5 minutes"},"schema":{"@context":"https:\/\/schema.org","@graph":[{"@type":"WebPage","@id":"https:\/\/www.capgemini.com\/ar-es\/news\/press-releases\/nombramiento-de-dos-coos\/","url":"https:\/\/www.capgemini.com\/ar-es\/news\/press-releases\/nombramiento-de-dos-coos\/","name":"Nombramiento de dos COOs - Capgemini Argentina","isPartOf":{"@id":"https:\/\/www.capgemini.com\/ar-es\/#website"},"primaryImageOfPage":{"@id":"https:\/\/www.capgemini.com\/ar-es\/news\/press-releases\/nombramiento-de-dos-coos\/#primaryimage"},"image":{"@id":"https:\/\/www.capgemini.com\/ar-es\/news\/press-releases\/nombramiento-de-dos-coos\/#primaryimage"},"thumbnailUrl":"https:\/\/www.capgemini.com\/ar-es\/wp-content\/uploads\/sites\/24\/2017\/10\/t_delaporte_low-res-22.jpg?w=233","datePublished":"2017-10-12T00:07:00+00:00","dateModified":"2025-04-01T07:43:02+00:00","breadcrumb":{"@id":"https:\/\/www.capgemini.com\/ar-es\/news\/press-releases\/nombramiento-de-dos-coos\/#breadcrumb"},"inLanguage":"es-MX","potentialAction":[{"@type":"ReadAction","target":["https:\/\/www.capgemini.com\/ar-es\/news\/press-releases\/nombramiento-de-dos-coos\/"]}]},{"@type":"ImageObject","inLanguage":"es-MX","@id":"https:\/\/www.capgemini.com\/ar-es\/news\/press-releases\/nombramiento-de-dos-coos\/#primaryimage","url":"https:\/\/www.capgemini.com\/ar-es\/wp-content\/uploads\/sites\/24\/2017\/10\/t_delaporte_low-res-22.jpg?w=233","contentUrl":"https:\/\/www.capgemini.com\/ar-es\/wp-content\/uploads\/sites\/24\/2017\/10\/t_delaporte_low-res-22.jpg?w=233"},{"@type":"BreadcrumbList","@id":"https:\/\/www.capgemini.com\/ar-es\/news\/press-releases\/nombramiento-de-dos-coos\/#breadcrumb","itemListElement":[{"@type":"ListItem","position":1,"name":"Home","item":"https:\/\/www.capgemini.com\/ar-es\/"},{"@type":"ListItem","position":2,"name":"Press Releases","item":"https:\/\/www.capgemini.com\/ar-es\/news\/"},{"@type":"ListItem","position":3,"name":"Nombramiento de dos COOs"}]},{"@type":"WebSite","@id":"https:\/\/www.capgemini.com\/ar-es\/#website","url":"https:\/\/www.capgemini.com\/ar-es\/","name":"Capgemini Argentina","description":"Capgemini","potentialAction":[{"@type":"SearchAction","target":{"@type":"EntryPoint","urlTemplate":"https:\/\/www.capgemini.com\/ar-es\/?s={search_term_string}"},"query-input":"required name=search_term_string"}],"inLanguage":"es-MX"}]}},"parsely":{"version":"1.1.0","canonical_url":"https:\/\/capgemini.com\/ar-es\/news\/press-releases\/nombramiento-de-dos-coos\/","smart_links":{"inbound":0,"outbound":0},"traffic_boost_suggestions_count":0,"meta":{"@context":"https:\/\/schema.org","@type":"NewsArticle","headline":"Nombramiento de dos COOs","url":"https:\/\/www.capgemini.com\/ar-es\/news\/press-releases\/nombramiento-de-dos-coos\/","mainEntityOfPage":{"@type":"WebPage","@id":"https:\/\/www.capgemini.com\/ar-es\/news\/press-releases\/nombramiento-de-dos-coos\/"},"thumbnailUrl":"","image":{"@type":"ImageObject","url":""},"articleSection":"Uncategorized","author":[],"creator":[],"publisher":{"@type":"Organization","name":"Capgemini Argentina","logo":""},"keywords":[],"dateCreated":"2017-10-12T00:07:00Z","datePublished":"2017-10-12T00:07:00Z","dateModified":"2025-04-01T07:43:02Z"},"rendered":"<meta name=\"parsely-title\" content=\"Nombramiento de dos COOs\" \/>\n<meta name=\"parsely-link\" content=\"https:\/\/www.capgemini.com\/ar-es\/news\/press-releases\/nombramiento-de-dos-coos\/\" \/>\n<meta name=\"parsely-type\" content=\"post\" \/>\n<meta name=\"parsely-pub-date\" content=\"2017-10-12T00:07:00Z\" \/>\n<meta name=\"parsely-section\" content=\"Uncategorized\" \/>","tracker_url":"https:\/\/cdn.parsely.com\/keys\/capgemini.com\/p.js"},"archive_status":false,"featured_image_src":"https:\/\/www.capgemini.com\/ar-es\/wp-content\/themes\/capgemini2025\/assets\/images\/mockup.png","featured_image_alt":false,"jetpack_sharing_enabled":true,"distributor_meta":false,"distributor_terms":false,"distributor_media":false,"distributor_original_site_name":"Capgemini Argentina","distributor_original_site_url":"https:\/\/www.capgemini.com\/ar-es","push-errors":false,"tag_names":[],"_links":{"self":[{"href":"https:\/\/www.capgemini.com\/ar-es\/wp-json\/wp\/v2\/press-release\/18878","targetHints":{"allow":["GET"]}}],"collection":[{"href":"https:\/\/www.capgemini.com\/ar-es\/wp-json\/wp\/v2\/press-release"}],"about":[{"href":"https:\/\/www.capgemini.com\/ar-es\/wp-json\/wp\/v2\/types\/press-release"}],"author":[{"embeddable":true,"href":"https:\/\/www.capgemini.com\/ar-es\/wp-json\/wp\/v2\/users\/336"}],"version-history":[{"count":3,"href":"https:\/\/www.capgemini.com\/ar-es\/wp-json\/wp\/v2\/press-release\/18878\/revisions"}],"predecessor-version":[{"id":517564,"href":"https:\/\/www.capgemini.com\/ar-es\/wp-json\/wp\/v2\/press-release\/18878\/revisions\/517564"}],"wp:attachment":[{"href":"https:\/\/www.capgemini.com\/ar-es\/wp-json\/wp\/v2\/media?parent=18878"}],"wp:term":[{"taxonomy":"post_tag","embeddable":true,"href":"https:\/\/www.capgemini.com\/ar-es\/wp-json\/wp\/v2\/tags?post=18878"},{"taxonomy":"press-release-type","embeddable":true,"href":"https:\/\/www.capgemini.com\/ar-es\/wp-json\/wp\/v2\/press-release-type?post=18878"},{"taxonomy":"brand","embeddable":true,"href":"https:\/\/www.capgemini.com\/ar-es\/wp-json\/wp\/v2\/brand?post=18878"}],"curies":[{"name":"wp","href":"https:\/\/api.w.org\/{rel}","templated":true}]}}