{"id":18679,"date":"2018-03-16T23:05:00","date_gmt":"2018-03-16T23:05:00","guid":{"rendered":"https:\/\/www.capgemini.com\/ar-es\/?post_type=press-release&#038;p=18679"},"modified":"2025-04-01T07:31:37","modified_gmt":"2025-04-01T07:31:37","slug":"capgemini-anuncia-el-nombramiento-de-patrick-nicolet-como-group-chief-technology-officer","status":"publish","type":"press-release","link":"https:\/\/www.capgemini.com\/ar-es\/news\/press-releases\/capgemini-anuncia-el-nombramiento-de-patrick-nicolet-como-group-chief-technology-officer\/","title":{"rendered":"Capgemini anuncia el nombramiento de Patrick Nicolet como Group Chief Technology Officer"},"content":{"rendered":"\n<p><\/p>\n\n\n\t\t<div class=\"wp-block-cg-blocks-hero-press-release\">\n\t\t\t<header class=\"header-hero-press-release\" role=\"main\" id=\"main-content-press-release\">\n\t\t\t\t<div class=\"container\">\n\t\t\t\t\t<div class=\"hero-press-release\">\n\t\t\t\t\t\t<div class=\"hero-press-release-content-wrapper\">\n\t\t\t\t\t\t\t<div class=\"row\">\n\t\t\t\t\t\t\t\t<div class=\"col-12\">\n\t\t\t\t\t\t\t\t\t<div class=\"header-title\">\n\t\t\t\t\t\t\t\t\t\t<h1>\n\t\t\t\t\t\t\t\t\t\t\tCapgemini anuncia el nombramiento de Patrick Nicolet como Group Chief Technology Officer\t\t\t\t\t\t\t\t\t\t<\/h1>\n\t\t\t\t\t\t\t\t\t<\/div>\n\t\t\t\t\t\t\t\t\t<div class=\"header-description\">\n\t\t\t\t\t\t\t\t\t\t<p><\/p>\n\t\t\t\t\t\t\t\t\t<\/div>\n\t\t\t\t\t\t\t\t\t\t\t\t\t\t\t\t\t\t<div class=\"header-date\">\n\t\t\t\t\t\t\t\t\t\t<span>mar. 16, 2018<\/span>\n\t\t\t\t\t\t\t\t\t<\/div>\n\t\t\t\t\t\t\t\t<\/div>\n\t\t\t\t\t\t\t<\/div>\n\t\t\t\t\t\t<\/div>\n\t\t\t\t\t\t\t\t\t\t\t\t\t<div class=\"hero-press-release-downloads\">\n\t\t\t\t\t\t\t\t<div class=\"row\">\n\t\t\t\t\t\t\t\t\t\t\t\t\t\t\t\t\t\t\t<div class=\"col-12 col-md-6 col-lg-3\">\n\t\t\t\t\t\t\t\t\t\t\t<a class=\"download-item\" type=\"download\" href=\"https:\/\/www.capgemini.com\/ar-es\/wp-content\/uploads\/sites\/28\/2022\/12\/2018_03_16_patrick-nicolet_appt-groupcto-17.pdf\" target=\"_blank\" rel=\"noopener noreferrer\" title=\"abrir en una nueva ventana\">\n\t\t\t\t\t\t\t\t\t\t\t\t<div class=\"download-icon\"><\/div>\n\t\t\t\t\t\t\t\t\t\t\t\t<div class=\"download-details\">\n\t\t\t\t\t\t\t\t\t\t\t\t\t<div class=\"download-title\">Download press release<\/div>\n\t\t\t\t\t\t\t\t\t\t\t\t\t<div class=\"download-props\">160 KB  pdf<\/div>\n\t\t\t\t\t\t\t\t\t\t\t\t<\/div>\n\t\t\t\t\t\t\t\t\t\t\t<\/a>\n\t\t\t\t\t\t\t\t\t\t<\/div>\n\t\t\t\t\t\t\t\t\t\t\t\t\t\t\t\t\t\t\t\t<div class=\"col-12 col-md-6 col-lg-3\">\n\t\t\t\t\t\t\t\t\t\t\t<a class=\"download-item\" type=\"download\" href=\"https:\/\/www.capgemini.com\/ar-es\/wp-content\/uploads\/sites\/28\/2022\/12\/nicolet_0603-17.jpg\" target=\"_blank\" rel=\"noopener noreferrer\" title=\"abrir en una nueva ventana\">\n\t\t\t\t\t\t\t\t\t\t\t\t<div class=\"download-icon\"><\/div>\n\t\t\t\t\t\t\t\t\t\t\t\t<div class=\"download-details\">\n\t\t\t\t\t\t\t\t\t\t\t\t\t<div class=\"download-title\">Download press release<\/div>\n\t\t\t\t\t\t\t\t\t\t\t\t\t<div class=\"download-props\">2 MB  jpeg<\/div>\n\t\t\t\t\t\t\t\t\t\t\t\t<\/div>\n\t\t\t\t\t\t\t\t\t\t\t<\/a>\n\t\t\t\t\t\t\t\t\t\t<\/div>\n\t\t\t\t\t\t\t\t\t\t\t\t\t\t\t\t\t\t<\/div>\n\t\t\t\t\t\t\t<\/div>\n\t\t\t\t\t\t\t\t\t\t\t\t\t\t\t\t\t<\/div>\n\t\t\t\t<\/div>\n\t\t\t<\/header>\n\t\t<\/div>\n\t\t\n\n\n<section class=\"wp-block-cg-blocks-group undefined section section--article-content\"><div class=\"article-main-content\"><div class=\"container\"><div class=\"row\"><div class=\"col-12 col-md-1\"><nav class=\"article-social\"><ul class=\"social-nav\"><li class=\"ip-order-fb\"><a href=\"https:\/\/www.facebook.com\/sharer\/sharer.php?u=https:\/\/www.capgemini.com\/ar-es\/?post_type=press-release&amp;p=18679\" target=\"_blank\" rel=\"noopener noreferrer\" title=\"abrir en una nueva ventana\"><i aria-hidden=\"true\" class=\"icon-fb\"><\/i><span class=\"sr-only\">Facebook<\/span><\/a><\/li><li class=\"ip-order-tw\"><a href=\"https:\/\/twitter.com\/intent\/tweet?url=https:\/\/www.capgemini.com\/ar-es\/?post_type=press-release&amp;p=18679&amp;text=\" target=\"_blank\" rel=\"noopener noreferrer\" title=\"abrir en una nueva ventana\"><i aria-hidden=\"true\" class=\"icon-tw\"><\/i><span class=\"sr-only\">Twitter<\/span><\/a><\/li><li class=\"ip-order-li\"><a href=\"https:\/\/www.linkedin.com\/sharing\/share-offsite\/?url=https:\/\/www.capgemini.com\/ar-es\/?post_type=press-release&amp;p=18679&amp;text=\" target=\"_blank\" rel=\"noopener noreferrer\" title=\"abrir en una nueva ventana\"><i aria-hidden=\"true\" class=\"icon-li\"><\/i><span class=\"sr-only\">Linkedin<\/span><\/a><\/li><\/ul><\/nav><\/div><div class=\"col-12 col-md-11 col-lg-10\"><div class=\"article-text article-quote-text\">\n<h4 class=\"wp-block-heading\" id=\"h-paris-marzo-16-2018-capgemini-anuncio-el-nombramiento-de-patrick-nicolet-como-chief-technology-officer-cto-a-cargo-de-la-agenda-de-tecnologia-e-innovacion-para-el-grupo-patrick-tambien-continua-nbsp-siendo-miembro-del-comite-ejecutivo-del-grupo\"><strong>Par\u00eds, marzo 16, 2018\u2013 <\/strong><a href=\"https:\/\/www.capgemini.com\/ar-es\/\"><strong>Capgemini<\/strong><\/a><strong> anunci\u00f3 el nombramiento de Patrick Nicolet como Chief Technology Officer (CTO), a cargo de la agenda de tecnolog\u00eda e innovaci\u00f3n para el Grupo. Patrick tambi\u00e9n contin\u00faa&nbsp;siendo miembro del Comit\u00e9 Ejecutivo del Grupo.<\/strong><\/h4>\n\n\n\n<p><em>\u201cAdem\u00e1s de su pasi\u00f3n por la tecnolog\u00eda, el impresionante historial del liderazgo de Patrick en las unidades de negocio y operaciones en Capgemini, significa que brindar\u00e1 una vasta experiencia a la posici\u00f3n de CTO del Grupo,\u201d <\/em>coment\u00f3 Paul Hermelin, Chairman y CEO, Capgemini Group<em>. \u201cEn este puesto, Patrick liderar\u00e1 y dar\u00e1 forma a la agenda de tecnolog\u00eda e innovaci\u00f3n de Capgemini para fortalecer el liderazgo del Grupo en este dominio, asegurando que nuestros clientes contar\u00e1n con un plan de acci\u00f3n efectivo en tecnolog\u00eda para enfrentar sus necesidades de negocio, un pilar clave de nuestra estrategia de crecimiento.\u201d<\/em><\/p>\n\n\n\n<p>Bas\u00e1ndose en los avances y logros de su estrategia de Innovaci\u00f3n Aplicada enfocada en el cliente, <strong>Lanny Cohen<\/strong> toma el puesto de Chief Innovation Officer.&nbsp;Enfoc\u00e1ndose en el mandato de innovaci\u00f3n de Capgemini, liderando el dise\u00f1o y planeaci\u00f3n de iniciativas de innovaci\u00f3n para todo el Grupo, y supervisando la plataforma global de Applied Innovation Exchange (AIE), incluyendo sus 16 sitios de intercambio, este movimiento extiende y refuerza el compromiso de Capgemini con las prioridades de innovaci\u00f3n de sus clientes. Lanny contin\u00faa siendo miembro del Comit\u00e9 Ejecutivo del Grupo.<\/p>\n\n\n\n<h4 class=\"wp-block-heading\" id=\"h-biografia-de-patrick-nicolet\"><strong>Biograf\u00eda de Patrick Nicolet:<\/strong><\/h4>\n\n\n\n<figure class=\"wp-block-image alignleft\"><img decoding=\"async\" src=\"https:\/\/www.capgemini.com\/ar-es\/wp-content\/uploads\/sites\/24\/2018\/03\/nicolet_0603-17.jpg?w=278\" alt=\"\" class=\"wp-image-15479\"\/><\/figure>\n\n\n\n<p>Recientemente, desde enero 2016, Patrick cre\u00f3 el Programa de Competitividad del Grupo, donde reagrup\u00f3 Delivery, Industrializaci\u00f3n, Abastecimiento y TI interno, en una plataforma \u00fanica para generar ahorros en productividad significativos a trav\u00e9s de la organizaci\u00f3n. Tambi\u00e9n supervis\u00f3 las operaciones de Capgemini India desde la adquisici\u00f3n de iGate, asegurando la exitosa integraci\u00f3n de 30,000 colegas de iGate con 60,000 colegas de Capgemini India.<\/p>\n\n\n\n<p>De enero 2011 a diciembre 2015, Patrick fue el CEO de Servicios de Infraestructura y Ejecutivo l\u00edder para la supervisi\u00f3n de las operaciones de Capgemini en Am\u00e9rica Latina.<\/p>\n\n\n\n<p>Patrick fue nombrado CEO de Servicios de Aplicaciones para Europa N\u00f3rdica y Central en 2009. Se uni\u00f3 a Capgemini en 2000, y ocup\u00f3 papeles significativos entregando desarrollos de negocio y transformaci\u00f3n de negocio como Director de Ventas para el negocio de Telecomunicaciones y Medios de Capgemini, y subsecuentemente como Director de Ventas del Grupo.<\/p>\n\n\n\n<p>Patrick inici\u00f3 su Carrera como Administrador General de la primer empresa privada-p\u00fablica suiza en desarrollar una incubadora, servicios de intercambio de tecnolog\u00eda y un parque de ciencias. Despu\u00e9s trabaj\u00f3 como administrador independiente para varias corporaciones industriales europeas, para despu\u00e9s volverse socio en la pr\u00e1ctica de Corporate Recovery practice en Ernst &amp; Young Consulting, Suiza.<\/p>\n\n\n\n<p>Patrick se gradu\u00f3 en leyes en la Universidad de Lausanne en 1984. Fue honrado en 1993 como L\u00edder Global para el Ma\u00f1ana por el World Economic Forum.<\/p>\n\n\n\n<p><strong>Acerca de Capgemini<\/strong><\/p>\n\n\n\n<p>L\u00edder global en consultor\u00eda, servicios de tecnolog\u00eda, y transformaci\u00f3n digital, Capgemini est\u00e1 a la cabeza de la innovaci\u00f3n para enfrentar las oportunidades de nuestros clientes en el cambiante mundo de la nube, digital y plataformas. Bas\u00e1ndose en su s\u00f3lida herencia de 50 a\u00f1os y profunda experiencia espec\u00edfica de las industrias, Capgemini habilita a las organizaciones para alcanzar sus ambiciones de negocio a trav\u00e9s de un conjunto de servicios que van, desde la estrategia hasta las operaciones. Capgemini se impulsa por la convicci\u00f3n de que, el valor de negocio de la tecnolog\u00eda, viene de y a trav\u00e9s de las personas. Es una compa\u00f1\u00eda multicultural con 200,000 miembros del equipo, en m\u00e1s de 40 pa\u00edses. El Grupo report\u00f3 ingresos globales de 12,800 millones de Euros en 2017.<\/p>\n\n\n\n<p>Vis\u00edtanos en <a href=\"\/ar-es\/\">www.capgemini.com<\/a>. People matter, results count.<\/p>\n\n\n<div class=\"wp-block-cg-blocks-cg-block-related-content\"><section class=\"relatedContentBlock\"><div class=\"container\"><div class=\"row\"><div class=\"content-title col-12 col-md-8\"><h2 class=\"related-content-heading\">Related News<\/h2><\/div><\/div><div class=\"row relatedContent\"><div class=\"col-lg-4 col-md-6 col-xs-12\">\n\t\t\t\t\t\t\t<div class=\"box\">\n\t\t\t\t\t\t\t\t<a aria-label=\"Leer m\u00e1s sobre Capgemini anuncia la salida de William Roz\u00e9 del Grupo\" href=\"https:\/\/www.capgemini.com\/ar-es\/news\/capgemini-anuncia-la-salida-de-william-roze-del-grupo\/\" class=\"anchorWrapper\">\n\t\t\t\t\t\t\t\t\t<span class=\"box-tag\"><span>Corporate news<\/span><\/span>\n\t\t\t\t\t\t\t\t\t<div class=\"box-title\"><h3 class=\"box-subtitle\">Capgemini anuncia la salida de William Roz\u00e9 del Grupo<\/h3><\/div>\n\t\t\t\t\t\t\t\t\t<div class=\"box-date\">\n\t\t\t\t\t\t\t\t\t\t<span>Aug 20, 2025<\/span>\n\t\t\t\t\t\t\t\t\t<\/div>\n\t\t\t\t\t\t\t\t\t<div class=\"box-bottom\">\n\t\t\t\t\t\t\t\t\t\t&lt;a class=&quot;link-download&quot; href=&quot;https:\/\/www.capgemini.com\/mx-es\/wp-content\/uploads\/sites\/28\/2025\/08\/ESP_08_01_Capgemini-announces-William-Rozes-departure-from-the-Group_REV_JG.pdf&quot; aria-label=&quot;Descargar nota de prensa&quot; target=&quot;_blank&quot;  type=&quot;download&quot; title=&quot;Opens in a new window&quot;&gt;\n\t\t\t\t\t\t\t&lt;span&gt;Descargar nota de prensa&lt;\/span&gt;\n\t\t\t\t\t\t\t&lt;span&gt;89 KB PDF&lt;\/span&gt;\n\t\t\t\t\t\t&lt;\/a&gt;\n\t\t\t\t\t\t\t\t\t\t<a class=\"more\" aria-label=\"Leer m\u00e1s sobre Capgemini anuncia la salida de William Roz\u00e9 del Grupo\" href=\"https:\/\/www.capgemini.com\/ar-es\/news\/capgemini-anuncia-la-salida-de-william-roze-del-grupo\/\">Leer m\u00e1s sobre<\/a>\n\t\t\t\t\t\t\t\t\t<\/div>\n\t\t\t\t\t\t\t\t<\/a>\n\t\t\t\t\t\t\t<\/div>\n\t\t\t\t\t\t<\/div><div class=\"col-lg-4 col-md-6 col-xs-12\">\n\t\t\t\t\t\t\t<div class=\"box\">\n\t\t\t\t\t\t\t\t<a aria-label=\"Leer m\u00e1s sobre Capgemini presenta un marco estrat\u00e9gico de IA para convertir la ambici\u00f3n empresarial en un impacto comercial medible\" href=\"https:\/\/www.capgemini.com\/ar-es\/news\/capgemini-unveils-strategic-ai-framework-to-turn-enterprise-ambition-into-measurable-business-impact\/\" class=\"anchorWrapper\">\n\t\t\t\t\t\t\t\t\t<span class=\"box-tag\"><span>Corporate news<\/span><\/span>\n\t\t\t\t\t\t\t\t\t<div class=\"box-title\"><h3 class=\"box-subtitle\">Capgemini presenta un marco estrat\u00e9gico de IA para convertir la ambici\u00f3n empresarial en un impacto comercial medible<\/h3><\/div>\n\t\t\t\t\t\t\t\t\t<div class=\"box-date\">\n\t\t\t\t\t\t\t\t\t\t<span>Aug 20, 2025<\/span>\n\t\t\t\t\t\t\t\t\t<\/div>\n\t\t\t\t\t\t\t\t\t<div class=\"box-bottom\">\n\t\t\t\t\t\t\t\t\t\t&lt;a class=&quot;link-download&quot; href=&quot;https:\/\/www.capgemini.com\/wp-content\/uploads\/2025\/07\/07_03_Resonance-AI-Framework_EN-1.pdf&quot; aria-label=&quot;Descargar nota de prensa&quot; target=&quot;_blank&quot;  type=&quot;download&quot; title=&quot;Opens in a new window&quot;&gt;\n\t\t\t\t\t\t\t&lt;span&gt;Descargar nota de prensa&lt;\/span&gt;\n\t\t\t\t\t\t\t&lt;span&gt;146 KB PDF&lt;\/span&gt;\n\t\t\t\t\t\t&lt;\/a&gt;\n\t\t\t\t\t\t\t\t\t\t<a class=\"more\" aria-label=\"Leer m\u00e1s sobre Capgemini presenta un marco estrat\u00e9gico de IA para convertir la ambici\u00f3n empresarial en un impacto comercial medible\" href=\"https:\/\/www.capgemini.com\/ar-es\/news\/capgemini-unveils-strategic-ai-framework-to-turn-enterprise-ambition-into-measurable-business-impact\/\">Leer m\u00e1s sobre<\/a>\n\t\t\t\t\t\t\t\t\t<\/div>\n\t\t\t\t\t\t\t\t<\/a>\n\t\t\t\t\t\t\t<\/div>\n\t\t\t\t\t\t<\/div><div class=\"col-lg-4 col-md-6 col-xs-12\">\n\t\t\t\t\t\t\t<div class=\"box\">\n\t\t\t\t\t\t\t\t<a aria-label=\"Leer m\u00e1s sobre Capgemini adquiere Chappuis Halder &#038; Cie para ampliar su experiencia en consultor\u00eda en Servicios Financieros\" href=\"https:\/\/www.capgemini.com\/ar-es\/news\/press-releases\/capgemini-adquiere-chappuis-halder-cie-para-ampliar-su-experiencia-en-consultoria-en-servicios-financieros\/\" class=\"anchorWrapper\">\n\t\t\t\t\t\t\t\t\t<span class=\"box-tag\"><span>Corporate news<\/span><\/span>\n\t\t\t\t\t\t\t\t\t<div class=\"box-title\"><h3 class=\"box-subtitle\">Capgemini adquiere Chappuis Halder &#038; Cie para ampliar su experiencia en consultor\u00eda en Servicios Financieros<\/h3><\/div>\n\t\t\t\t\t\t\t\t\t<div class=\"box-date\">\n\t\t\t\t\t\t\t\t\t\t<span>Jun 23, 2022<\/span>\n\t\t\t\t\t\t\t\t\t<\/div>\n\t\t\t\t\t\t\t\t\t<div class=\"box-bottom\">\n\t\t\t\t\t\t\t\t\t\t&lt;a class=&quot;link-download&quot; href=&quot;https:\/\/www.capgemini.com\/ar-es\/wp-content\/uploads\/sites\/28\/2022\/12\/Capgemini-adquiere-Chappuis-Halder-Cie-para-ampliar-su-experiencia-en-consultoria-en-Servicios-Financieros.pdf&quot; aria-label=&quot;Descargar nota de prensa&quot; target=&quot;_blank&quot;  type=&quot;download&quot; title=&quot;Opens in a new window&quot;&gt;\n\t\t\t\t\t\t\t&lt;span&gt;Descargar nota de prensa&lt;\/span&gt;\n\t\t\t\t\t\t\t&lt;span&gt;86 KB PDF&lt;\/span&gt;\n\t\t\t\t\t\t&lt;\/a&gt;\n\t\t\t\t\t\t\t\t\t\t<a class=\"more\" aria-label=\"Leer m\u00e1s sobre Capgemini adquiere Chappuis Halder &#038; Cie para ampliar su experiencia en consultor\u00eda en Servicios Financieros\" href=\"https:\/\/www.capgemini.com\/ar-es\/news\/press-releases\/capgemini-adquiere-chappuis-halder-cie-para-ampliar-su-experiencia-en-consultoria-en-servicios-financieros\/\">Leer m\u00e1s sobre<\/a>\n\t\t\t\t\t\t\t\t\t<\/div>\n\t\t\t\t\t\t\t\t<\/a>\n\t\t\t\t\t\t\t<\/div>\n\t\t\t\t\t\t<\/div><\/div><\/div><\/section><\/div><\/div><\/div><\/div><\/div><\/div><\/section>\n","protected":false},"excerpt":{"rendered":"","protected":false},"author":336,"featured_media":0,"template":"","meta":{"cg_dt_proposed_to":[],"cg_seo_hreflang_relations":"[]","cg_seo_canonical_relation":"","cg_seo_hreflang_x_default_relation":"{\"uuid\":\"afba2743-2773-475d-bd26-5abc26552042\",\"blogId\":\"\",\"domain\":\"\",\"sitePath\":\"\",\"postLink\":\"\",\"postId\":null,\"isSaved\":false,\"isCrossLink\":false,\"hasCrossLink\":false}","cg_dt_approved_content":true,"cg_dt_mandatory_content":false,"cg_dt_notes":"","cg_dg_source_changed":false,"cg_dt_link_disabled":false,"footnotes":"","related_resource_url":"https:\/\/www.capgemini.com\/ar-es\/wp-content\/uploads\/sites\/28\/2022\/12\/2018_03_16_patrick-nicolet_appt-groupcto-17.pdf","related_resource_id":18680,"related_resource_size":"160 KB","related_resource_type":"pdf","cg_author":0,"featured_focal_points":""},"tags":[],"press-release-type":[126],"brand":[],"class_list":["post-18679","press-release","type-press-release","status-publish","hentry","press-release-type-corporate-news"],"yoast_head":"<!-- This site is optimized with the Yoast SEO Premium plugin v22.8 (Yoast SEO v22.8) - https:\/\/yoast.com\/wordpress\/plugins\/seo\/ -->\n<title>Capgemini anuncia el nombramiento de Patrick Nicolet como Group Chief Technology Officer | Capgemini<\/title>\n<meta name=\"robots\" content=\"index, follow, max-snippet:-1, max-image-preview:large, max-video-preview:-1\" \/>\n<link rel=\"canonical\" href=\"https:\/\/www.capgemini.com\/ar-es\/news\/press-releases\/capgemini-anuncia-el-nombramiento-de-patrick-nicolet-como-group-chief-technology-officer\/\" \/>\n<meta property=\"og:locale\" content=\"es_MX\" \/>\n<meta property=\"og:type\" content=\"article\" \/>\n<meta property=\"og:title\" content=\"Capgemini anuncia el nombramiento de Patrick Nicolet como Group Chief Technology Officer\" \/>\n<meta property=\"og:url\" content=\"https:\/\/www.capgemini.com\/ar-es\/news\/press-releases\/capgemini-anuncia-el-nombramiento-de-patrick-nicolet-como-group-chief-technology-officer\/\" \/>\n<meta property=\"og:site_name\" content=\"Capgemini Argentina\" \/>\n<meta property=\"article:modified_time\" content=\"2025-04-01T07:31:37+00:00\" \/>\n<meta property=\"og:image\" content=\"https:\/\/www.capgemini.com\/ar-es\/wp-content\/uploads\/sites\/24\/2018\/03\/nicolet_0603-17.jpg?w=278\" \/>\n<meta name=\"twitter:card\" content=\"summary_large_image\" \/>\n<meta name=\"twitter:label1\" content=\"Est. reading time\" \/>\n\t<meta name=\"twitter:data1\" content=\"3 minutes\" \/>\n<script type=\"application\/ld+json\" class=\"yoast-schema-graph\">{\"@context\":\"https:\/\/schema.org\",\"@graph\":[{\"@type\":\"WebPage\",\"@id\":\"https:\/\/www.capgemini.com\/ar-es\/news\/press-releases\/capgemini-anuncia-el-nombramiento-de-patrick-nicolet-como-group-chief-technology-officer\/\",\"url\":\"https:\/\/www.capgemini.com\/ar-es\/news\/press-releases\/capgemini-anuncia-el-nombramiento-de-patrick-nicolet-como-group-chief-technology-officer\/\",\"name\":\"Capgemini anuncia el nombramiento de Patrick Nicolet como Group Chief Technology Officer | Capgemini\",\"isPartOf\":{\"@id\":\"https:\/\/www.capgemini.com\/ar-es\/#website\"},\"primaryImageOfPage\":{\"@id\":\"https:\/\/www.capgemini.com\/ar-es\/news\/press-releases\/capgemini-anuncia-el-nombramiento-de-patrick-nicolet-como-group-chief-technology-officer\/#primaryimage\"},\"image\":{\"@id\":\"https:\/\/www.capgemini.com\/ar-es\/news\/press-releases\/capgemini-anuncia-el-nombramiento-de-patrick-nicolet-como-group-chief-technology-officer\/#primaryimage\"},\"thumbnailUrl\":\"https:\/\/www.capgemini.com\/ar-es\/wp-content\/uploads\/sites\/24\/2018\/03\/nicolet_0603-17.jpg?w=278\",\"datePublished\":\"2018-03-16T23:05:00+00:00\",\"dateModified\":\"2025-04-01T07:31:37+00:00\",\"breadcrumb\":{\"@id\":\"https:\/\/www.capgemini.com\/ar-es\/news\/press-releases\/capgemini-anuncia-el-nombramiento-de-patrick-nicolet-como-group-chief-technology-officer\/#breadcrumb\"},\"inLanguage\":\"es-MX\",\"potentialAction\":[{\"@type\":\"ReadAction\",\"target\":[\"https:\/\/www.capgemini.com\/ar-es\/news\/press-releases\/capgemini-anuncia-el-nombramiento-de-patrick-nicolet-como-group-chief-technology-officer\/\"]}]},{\"@type\":\"ImageObject\",\"inLanguage\":\"es-MX\",\"@id\":\"https:\/\/www.capgemini.com\/ar-es\/news\/press-releases\/capgemini-anuncia-el-nombramiento-de-patrick-nicolet-como-group-chief-technology-officer\/#primaryimage\",\"url\":\"https:\/\/www.capgemini.com\/ar-es\/wp-content\/uploads\/sites\/24\/2018\/03\/nicolet_0603-17.jpg?w=278\",\"contentUrl\":\"https:\/\/www.capgemini.com\/ar-es\/wp-content\/uploads\/sites\/24\/2018\/03\/nicolet_0603-17.jpg?w=278\"},{\"@type\":\"BreadcrumbList\",\"@id\":\"https:\/\/www.capgemini.com\/ar-es\/news\/press-releases\/capgemini-anuncia-el-nombramiento-de-patrick-nicolet-como-group-chief-technology-officer\/#breadcrumb\",\"itemListElement\":[{\"@type\":\"ListItem\",\"position\":1,\"name\":\"Home\",\"item\":\"https:\/\/www.capgemini.com\/ar-es\/\"},{\"@type\":\"ListItem\",\"position\":2,\"name\":\"Press Releases\",\"item\":\"https:\/\/www.capgemini.com\/ar-es\/news\/\"},{\"@type\":\"ListItem\",\"position\":3,\"name\":\"Capgemini anuncia el nombramiento de Patrick Nicolet como Group Chief Technology Officer\"}]},{\"@type\":\"WebSite\",\"@id\":\"https:\/\/www.capgemini.com\/ar-es\/#website\",\"url\":\"https:\/\/www.capgemini.com\/ar-es\/\",\"name\":\"Capgemini Argentina\",\"description\":\"Capgemini\",\"potentialAction\":[{\"@type\":\"SearchAction\",\"target\":{\"@type\":\"EntryPoint\",\"urlTemplate\":\"https:\/\/www.capgemini.com\/ar-es\/?s={search_term_string}\"},\"query-input\":\"required name=search_term_string\"}],\"inLanguage\":\"es-MX\"}]}<\/script>\n<!-- \/ Yoast SEO Premium plugin. -->","yoast_head_json":{"title":"Capgemini anuncia el nombramiento de Patrick Nicolet como Group Chief Technology Officer | Capgemini","robots":{"index":"index","follow":"follow","max-snippet":"max-snippet:-1","max-image-preview":"max-image-preview:large","max-video-preview":"max-video-preview:-1"},"canonical":"https:\/\/www.capgemini.com\/ar-es\/news\/press-releases\/capgemini-anuncia-el-nombramiento-de-patrick-nicolet-como-group-chief-technology-officer\/","og_locale":"es_MX","og_type":"article","og_title":"Capgemini anuncia el nombramiento de Patrick Nicolet como Group Chief Technology Officer","og_url":"https:\/\/www.capgemini.com\/ar-es\/news\/press-releases\/capgemini-anuncia-el-nombramiento-de-patrick-nicolet-como-group-chief-technology-officer\/","og_site_name":"Capgemini Argentina","article_modified_time":"2025-04-01T07:31:37+00:00","og_image":[{"url":"https:\/\/www.capgemini.com\/ar-es\/wp-content\/uploads\/sites\/24\/2018\/03\/nicolet_0603-17.jpg?w=278"}],"twitter_card":"summary_large_image","twitter_misc":{"Est. reading time":"3 minutes"},"schema":{"@context":"https:\/\/schema.org","@graph":[{"@type":"WebPage","@id":"https:\/\/www.capgemini.com\/ar-es\/news\/press-releases\/capgemini-anuncia-el-nombramiento-de-patrick-nicolet-como-group-chief-technology-officer\/","url":"https:\/\/www.capgemini.com\/ar-es\/news\/press-releases\/capgemini-anuncia-el-nombramiento-de-patrick-nicolet-como-group-chief-technology-officer\/","name":"Capgemini anuncia el nombramiento de Patrick Nicolet como Group Chief Technology Officer | Capgemini","isPartOf":{"@id":"https:\/\/www.capgemini.com\/ar-es\/#website"},"primaryImageOfPage":{"@id":"https:\/\/www.capgemini.com\/ar-es\/news\/press-releases\/capgemini-anuncia-el-nombramiento-de-patrick-nicolet-como-group-chief-technology-officer\/#primaryimage"},"image":{"@id":"https:\/\/www.capgemini.com\/ar-es\/news\/press-releases\/capgemini-anuncia-el-nombramiento-de-patrick-nicolet-como-group-chief-technology-officer\/#primaryimage"},"thumbnailUrl":"https:\/\/www.capgemini.com\/ar-es\/wp-content\/uploads\/sites\/24\/2018\/03\/nicolet_0603-17.jpg?w=278","datePublished":"2018-03-16T23:05:00+00:00","dateModified":"2025-04-01T07:31:37+00:00","breadcrumb":{"@id":"https:\/\/www.capgemini.com\/ar-es\/news\/press-releases\/capgemini-anuncia-el-nombramiento-de-patrick-nicolet-como-group-chief-technology-officer\/#breadcrumb"},"inLanguage":"es-MX","potentialAction":[{"@type":"ReadAction","target":["https:\/\/www.capgemini.com\/ar-es\/news\/press-releases\/capgemini-anuncia-el-nombramiento-de-patrick-nicolet-como-group-chief-technology-officer\/"]}]},{"@type":"ImageObject","inLanguage":"es-MX","@id":"https:\/\/www.capgemini.com\/ar-es\/news\/press-releases\/capgemini-anuncia-el-nombramiento-de-patrick-nicolet-como-group-chief-technology-officer\/#primaryimage","url":"https:\/\/www.capgemini.com\/ar-es\/wp-content\/uploads\/sites\/24\/2018\/03\/nicolet_0603-17.jpg?w=278","contentUrl":"https:\/\/www.capgemini.com\/ar-es\/wp-content\/uploads\/sites\/24\/2018\/03\/nicolet_0603-17.jpg?w=278"},{"@type":"BreadcrumbList","@id":"https:\/\/www.capgemini.com\/ar-es\/news\/press-releases\/capgemini-anuncia-el-nombramiento-de-patrick-nicolet-como-group-chief-technology-officer\/#breadcrumb","itemListElement":[{"@type":"ListItem","position":1,"name":"Home","item":"https:\/\/www.capgemini.com\/ar-es\/"},{"@type":"ListItem","position":2,"name":"Press Releases","item":"https:\/\/www.capgemini.com\/ar-es\/news\/"},{"@type":"ListItem","position":3,"name":"Capgemini anuncia el nombramiento de Patrick Nicolet como Group Chief Technology Officer"}]},{"@type":"WebSite","@id":"https:\/\/www.capgemini.com\/ar-es\/#website","url":"https:\/\/www.capgemini.com\/ar-es\/","name":"Capgemini Argentina","description":"Capgemini","potentialAction":[{"@type":"SearchAction","target":{"@type":"EntryPoint","urlTemplate":"https:\/\/www.capgemini.com\/ar-es\/?s={search_term_string}"},"query-input":"required name=search_term_string"}],"inLanguage":"es-MX"}]}},"parsely":{"version":"1.1.0","canonical_url":"https:\/\/capgemini.com\/ar-es\/news\/press-releases\/capgemini-anuncia-el-nombramiento-de-patrick-nicolet-como-group-chief-technology-officer\/","smart_links":{"inbound":0,"outbound":0},"traffic_boost_suggestions_count":0,"meta":{"@context":"https:\/\/schema.org","@type":"NewsArticle","headline":"Capgemini anuncia el nombramiento de Patrick Nicolet como Group Chief Technology Officer","url":"https:\/\/www.capgemini.com\/ar-es\/news\/press-releases\/capgemini-anuncia-el-nombramiento-de-patrick-nicolet-como-group-chief-technology-officer\/","mainEntityOfPage":{"@type":"WebPage","@id":"https:\/\/www.capgemini.com\/ar-es\/news\/press-releases\/capgemini-anuncia-el-nombramiento-de-patrick-nicolet-como-group-chief-technology-officer\/"},"thumbnailUrl":"","image":{"@type":"ImageObject","url":""},"articleSection":"Uncategorized","author":[],"creator":[],"publisher":{"@type":"Organization","name":"Capgemini Argentina","logo":""},"keywords":[],"dateCreated":"2018-03-16T23:05:00Z","datePublished":"2018-03-16T23:05:00Z","dateModified":"2025-04-01T07:31:37Z"},"rendered":"<meta name=\"parsely-title\" content=\"Capgemini anuncia el nombramiento de Patrick Nicolet como Group Chief Technology Officer\" \/>\n<meta name=\"parsely-link\" content=\"https:\/\/www.capgemini.com\/ar-es\/news\/press-releases\/capgemini-anuncia-el-nombramiento-de-patrick-nicolet-como-group-chief-technology-officer\/\" \/>\n<meta name=\"parsely-type\" content=\"post\" \/>\n<meta name=\"parsely-pub-date\" content=\"2018-03-16T23:05:00Z\" \/>\n<meta name=\"parsely-section\" content=\"Uncategorized\" \/>","tracker_url":"https:\/\/cdn.parsely.com\/keys\/capgemini.com\/p.js"},"archive_status":false,"featured_image_src":"https:\/\/www.capgemini.com\/ar-es\/wp-content\/themes\/capgemini2025\/assets\/images\/mockup.png","featured_image_alt":false,"jetpack_sharing_enabled":true,"distributor_meta":false,"distributor_terms":false,"distributor_media":false,"distributor_original_site_name":"Capgemini Argentina","distributor_original_site_url":"https:\/\/www.capgemini.com\/ar-es","push-errors":false,"tag_names":[],"_links":{"self":[{"href":"https:\/\/www.capgemini.com\/ar-es\/wp-json\/wp\/v2\/press-release\/18679","targetHints":{"allow":["GET"]}}],"collection":[{"href":"https:\/\/www.capgemini.com\/ar-es\/wp-json\/wp\/v2\/press-release"}],"about":[{"href":"https:\/\/www.capgemini.com\/ar-es\/wp-json\/wp\/v2\/types\/press-release"}],"author":[{"embeddable":true,"href":"https:\/\/www.capgemini.com\/ar-es\/wp-json\/wp\/v2\/users\/336"}],"version-history":[{"count":5,"href":"https:\/\/www.capgemini.com\/ar-es\/wp-json\/wp\/v2\/press-release\/18679\/revisions"}],"predecessor-version":[{"id":517531,"href":"https:\/\/www.capgemini.com\/ar-es\/wp-json\/wp\/v2\/press-release\/18679\/revisions\/517531"}],"wp:attachment":[{"href":"https:\/\/www.capgemini.com\/ar-es\/wp-json\/wp\/v2\/media?parent=18679"}],"wp:term":[{"taxonomy":"post_tag","embeddable":true,"href":"https:\/\/www.capgemini.com\/ar-es\/wp-json\/wp\/v2\/tags?post=18679"},{"taxonomy":"press-release-type","embeddable":true,"href":"https:\/\/www.capgemini.com\/ar-es\/wp-json\/wp\/v2\/press-release-type?post=18679"},{"taxonomy":"brand","embeddable":true,"href":"https:\/\/www.capgemini.com\/ar-es\/wp-json\/wp\/v2\/brand?post=18679"}],"curies":[{"name":"wp","href":"https:\/\/api.w.org\/{rel}","templated":true}]}}