{"id":18593,"date":"2018-05-24T22:38:00","date_gmt":"2018-05-24T22:38:00","guid":{"rendered":"https:\/\/www.capgemini.com\/ar-es\/?post_type=press-release&#038;p=18593"},"modified":"2025-04-01T07:25:40","modified_gmt":"2025-04-01T07:25:40","slug":"reunion-de-accionistas-del-23-de-mayo-de-2018","status":"publish","type":"press-release","link":"https:\/\/www.capgemini.com\/ar-es\/news\/press-releases\/reunion-de-accionistas-del-23-de-mayo-de-2018\/","title":{"rendered":"Reuni\u00f3n de Accionistas del 23 de Mayo de 2018"},"content":{"rendered":"\n<p><\/p>\n\n\n\t\t<div class=\"wp-block-cg-blocks-hero-press-release\">\n\t\t\t<header class=\"header-hero-press-release\" role=\"main\" id=\"main-content-press-release\">\n\t\t\t\t<div class=\"container\">\n\t\t\t\t\t<div class=\"hero-press-release\">\n\t\t\t\t\t\t<div class=\"hero-press-release-content-wrapper\">\n\t\t\t\t\t\t\t<div class=\"row\">\n\t\t\t\t\t\t\t\t<div class=\"col-12\">\n\t\t\t\t\t\t\t\t\t<div class=\"header-title\">\n\t\t\t\t\t\t\t\t\t\t<h1>\n\t\t\t\t\t\t\t\t\t\t\tReuni\u00f3n de Accionistas del 23 de Mayo de 2018\t\t\t\t\t\t\t\t\t\t<\/h1>\n\t\t\t\t\t\t\t\t\t<\/div>\n\t\t\t\t\t\t\t\t\t<div class=\"header-description\">\n\t\t\t\t\t\t\t\t\t\t<p><\/p>\n\t\t\t\t\t\t\t\t\t<\/div>\n\t\t\t\t\t\t\t\t\t\t\t\t\t\t\t\t\t\t<div class=\"header-date\">\n\t\t\t\t\t\t\t\t\t\t<span>may. 24, 2018<\/span>\n\t\t\t\t\t\t\t\t\t<\/div>\n\t\t\t\t\t\t\t\t<\/div>\n\t\t\t\t\t\t\t<\/div>\n\t\t\t\t\t\t<\/div>\n\t\t\t\t\t\t\t\t\t\t\t\t\t<div class=\"hero-press-release-downloads\">\n\t\t\t\t\t\t\t\t<div class=\"row\">\n\t\t\t\t\t\t\t\t\t\t\t\t\t\t\t\t\t\t\t<div class=\"col-12 col-md-6 col-lg-3\">\n\t\t\t\t\t\t\t\t\t\t\t<a class=\"download-item\" type=\"download\" href=\"https:\/\/www.capgemini.com\/ar-es\/wp-content\/uploads\/sites\/28\/2022\/12\/2018_05_24_capgemini_shareholders-meeting_23may20181-16.pdf\" target=\"_blank\" rel=\"noopener noreferrer\" title=\"abrir en una nueva ventana\">\n\t\t\t\t\t\t\t\t\t\t\t\t<div class=\"download-icon\"><\/div>\n\t\t\t\t\t\t\t\t\t\t\t\t<div class=\"download-details\">\n\t\t\t\t\t\t\t\t\t\t\t\t\t<div class=\"download-title\">Download press release<\/div>\n\t\t\t\t\t\t\t\t\t\t\t\t\t<div class=\"download-props\">138 KB  pdf<\/div>\n\t\t\t\t\t\t\t\t\t\t\t\t<\/div>\n\t\t\t\t\t\t\t\t\t\t\t<\/a>\n\t\t\t\t\t\t\t\t\t\t<\/div>\n\t\t\t\t\t\t\t\t\t\t\t\t\t\t\t\t\t\t<\/div>\n\t\t\t\t\t\t\t<\/div>\n\t\t\t\t\t\t\t\t\t\t\t\t\t\t\t\t\t<\/div>\n\t\t\t\t<\/div>\n\t\t\t<\/header>\n\t\t<\/div>\n\t\t\n\n\n<section class=\"wp-block-cg-blocks-group undefined section section--article-content\"><div class=\"article-main-content\"><div class=\"container\"><div class=\"row\"><div class=\"col-12 col-md-1\"><nav class=\"article-social\"><ul class=\"social-nav\"><li class=\"ip-order-fb\"><a href=\"https:\/\/www.facebook.com\/sharer\/sharer.php?u=https:\/\/www.capgemini.com\/ar-es\/?post_type=press-release&amp;p=18593\" target=\"_blank\" rel=\"noopener noreferrer\" title=\"abrir en una nueva ventana\"><i aria-hidden=\"true\" class=\"icon-fb\"><\/i><span class=\"sr-only\">Facebook<\/span><\/a><\/li><li class=\"ip-order-tw\"><a href=\"https:\/\/twitter.com\/intent\/tweet?url=https:\/\/www.capgemini.com\/ar-es\/?post_type=press-release&amp;p=18593&amp;text=\" target=\"_blank\" rel=\"noopener noreferrer\" title=\"abrir en una nueva ventana\"><i aria-hidden=\"true\" class=\"icon-tw\"><\/i><span class=\"sr-only\">Twitter<\/span><\/a><\/li><li class=\"ip-order-li\"><a href=\"https:\/\/www.linkedin.com\/sharing\/share-offsite\/?url=https:\/\/www.capgemini.com\/ar-es\/?post_type=press-release&amp;p=18593&amp;text=\" target=\"_blank\" rel=\"noopener noreferrer\" title=\"abrir en una nueva ventana\"><i aria-hidden=\"true\" class=\"icon-li\"><\/i><span class=\"sr-only\">Linkedin<\/span><\/a><\/li><\/ul><\/nav><\/div><div class=\"col-12 col-md-11 col-lg-10\"><div class=\"article-text article-quote-text\">\n<p><strong>Par\u00eds, mayo 24, 2018 \u2013 La reuni\u00f3n de Accionistas de Capgemini SE, realizada ayer en Pavillon d\u2019Armenonville en Par\u00eds, adopt\u00f3 todas las resoluciones sometidas a voto. El plazo de <\/strong><strong>Paul Hermelin como director fue renovado por los accionistas, y subsecuentemente confirm\u00f3 sus funciones como Presidente de la Mesa Directiva y CEO. La reuni\u00f3n de accionistas tambi\u00e9n aprob\u00f3 el nombramiento de&nbsp;<\/strong><strong>Fr\u00e9d\u00e9ric Oud\u00e9a como nuevo director.&nbsp;<\/strong><\/p>\n\n\n\n<p>La reuni\u00f3n de accionistas brind\u00f3 la oportunidad para que Paul Hermelin comunicara su visi\u00f3n de Capgemini en los pr\u00f3ximos a\u00f1os. Los COOs tambi\u00e9n hablaron: Thierry Delaporte sobre la evoluci\u00f3n del portafolio de servicios del Grupo y Aiman Ezzat sobre la administraci\u00f3n y desarrollo del mercado del Grupo.<\/p>\n\n\n\n<p>Paul Hermelin, Presidente y CEO de Capgemini Grupo declar\u00f3:&nbsp;<em> \u201cReforzado por el apoyo de sus accionistas y la Mesa Directiva \u2013&nbsp; a quienes deseo agradecer \u2013 Capgemini puede reafirmar sus ambiciones: posicionarse como l\u00edder de la industria a trav\u00e9s de la calidad de sus referencias de clientes, oferta y talento. Tambi\u00e9n estamos comprometidos a la inclusi\u00f3n digital, que es una prioridad para nosotros en relaci\u00f3n a nuestra Responsabilidad Social Corporativa.\u201d<\/em><\/p>\n\n\n\n<p>Los accionistas adoptaron la distribuci\u00f3n de dividendos de \u20ac1.70 por acci\u00f3n para el a\u00f1o fiscal 2017. Los dividendos ser\u00e1n pagados a partir de junio 6, 2018, con una fecha ex-dividendo de junio 4, 2018.<\/p>\n\n\n\n<p>La reuni\u00f3n de accionistas aprob\u00f3 las siguientes resoluciones sobre la composici\u00f3n de la Mesa:<\/p>\n\n\n\n<ul class=\"wp-block-list\">\n<li>Se renov\u00f3 el plazo de Paul Hermelin como director. La Mesa confirm\u00f3 sus funciones como Presidente de la Mesa Directiva y CEO, as\u00ed como las de Thierry Delaporte y Aiman Ezzat como COOs. \u2019<\/li>\n\n\n\n<li>Fr\u00e9d\u00e9ric Oud\u00e9a<a href=\"#_ftn1\" id=\"_ftnref1\">[1]<\/a>, CEO de Soci\u00e9t\u00e9 G\u00e9n\u00e9rale, fue nombrado miembro de la Mesa Directiva por un plazo de cuatro a\u00f1os. Aportar\u00e1 su experiencia en administraci\u00f3n de un grupo bancario l\u00edder, con un ambicioso plan de desarrollo internacional, y reconocido por sus servicios digitales innovadores.<\/li>\n\n\n\n<li>Los plazos de Laurence Dors, Presidente del Comit\u00e9 de Compensaci\u00f3n y Xavier Musca, Presidente del Comit\u00e9 de Auditor\u00eda y Riesgos, ambos considerados directores independientes, tambi\u00e9n fueron renovados por un plazo de cuatro a\u00f1os.<\/li>\n\n\n\n<li>La Mesa Directiva tambi\u00e9n deliber\u00f3 sobre la composici\u00f3n de sus Comit\u00e9s, y nombr\u00f3 a Daniel Bernard como Presidente del Comit\u00e9 de Estrategia e Inversi\u00f3n y Fr\u00e9d\u00e9ric Oud\u00e9a como miembro del Comit\u00e9 de \u00c9tica y Gobernanza.<\/li>\n<\/ul>\n\n\n\n<p>Tras esta Reuni\u00f3n de Accionistas, la Mesa Directiva de Capgemini SE cuenta con 13 directores<a href=\"#_ftn2\" id=\"_ftnref2\">[2]<\/a>, incluyendo dos directores representando a los empleados. 80% de los directores son independientes<a href=\"#_ftn3\" id=\"_ftnref3\"><sup>[3]<\/sup><\/a> y 45% son mujeres<a href=\"#_ftn4\" id=\"_ftnref4\"><sup>[4]<\/sup><\/a>, con una edad promedio de 59 a\u00f1os.&nbsp; Esto refleja el deseo de la Mesa de combinar esfuerzos en a\u00f1os recientes de renovar su composici\u00f3n, incrementar el n\u00famero de mujeres, y diversificar perfiles dentro de un n\u00famero reducido de directores; reforzar cohesi\u00f3n y toma de decisiones&nbsp; colectivas y eficientes. En l\u00ednea con su pol\u00edtica de diversidad, la Mesa continuar\u00e1 la diversificaci\u00f3n internacional de su composici\u00f3n en los siguientes a\u00f1os.<\/p>\n\n\n\n<p>Los componentes de la compensaci\u00f3n 2017 del Presidente y CEO fueron aprobados, junto con los principios y criterios par determinar la remuneraci\u00f3n del Presidente y CEO y los dos COOs. La Reuni\u00f3n de Accionistas tambi\u00e9n aprob\u00f3 los compromisos regulados relacionados a los COOs:&nbsp; Thierry Delaporte y Aiman Ezzat.<\/p>\n\n\n\n<p>Finalmente, la Reuni\u00f3n de Accionistas aprob\u00f3 todas las delegaciones financieras otorgadas a la Mesa Directiva.<\/p>\n\n\n\n<p>Un desglose detallado de los resultados de las votaciones puede ser encontrado en el sitio de inversionistas de Capgemini: <a href=\"https:\/\/investors.capgemini.com\/combined-general-meeting\">https:\/\/investors.capgemini.com\/combined-general-meeting<\/a><\/p>\n\n\n\n<p><strong>AVISO LEGAL<\/strong><\/p>\n\n\n\n<p>Este comunicado de prensa puede contener declaraciones a futuro, incluyendo proyecciones, estimados, suposiciones, declaraciones en relaciones a planes, objetivos, intenciones y\/o expectativas con respecto a resultados financieros futuros, operaciones, eventos y servicios y desarrollo de productos, as\u00ed como declaraciones relacionados a desempe\u00f1o o eventos futuros. Las declaraciones a futuro generalmente se identifican por el uso de las palabras \u2018espera\u2019, \u2018anticipa\u2019, \u2018cree\u2019, \u2018estima\u2019, \u2018planea\u2019, \u2018proyecta\u2019, \u2018puede\u2019, \u2018podr\u00eda\u2019, \u2018deber\u00eda\u2019 o los negativos de estos t\u00e9rminos y expresiones similares. A pesar de que la administraci\u00f3n de Capgemini cree que las expectativas reflejadas en dichas declaraciones a futuro son razonables,&nbsp; se alerta a los inversionistas que las declaraciones a futuro est\u00e1n sujetas a varios riesgos e incertidumbre (incluyendo, sin limitaci\u00f3n, los riesgos identificados en el Documento De Registro De Capgemini, disponible en el sitio web de Capgemini), ya que se relacionan a eventos futuros y dependen de circunstancias futuras que podr\u00edan o no ocurrir y podr\u00edan diferir de lo anticipado, muchas de las cuales son dif\u00edciles de predecir y generalmente fuera del control de Capgemini. Los resultados y desarrollos reales pueden diferir de los expresados, impl\u00edcitos o proyectados en declaraciones a futuro.&nbsp; Capgemini no adquiere ninguna obligaci\u00f3n m\u00e1s all\u00e1 de lo estipulado por la ley de actualizar o revisar las declaraciones a futuro.<\/p>\n\n\n\n<p>Este comunicado de prensa no constituye una oferta de venta de t\u00edtulos o una invitaci\u00f3n para invertir en t\u00edtulos en Francia, Estados Unidos o cualquier otra jurisdicci\u00f3n.<\/p>\n\n\n\n<p><strong>Acerca de Capgemini<\/strong><\/p>\n\n\n\n<p>L\u00edder global en consultor\u00eda, servicios de tecnolog\u00eda, y transformaci\u00f3n digital, Capgemini est\u00e1 a la cabeza de la innovaci\u00f3n para hacer frente a todo el espectro de oportunidades de nuestros clientes en el cambiante mundo de la nube, digital y plataformas. Bas\u00e1ndose en su s\u00f3lida herencia de 50 a\u00f1os y profunda experiencia espec\u00edfica de las industrias, Capgemini habilita a las organizaciones a alcanzar sus ambiciones de negocio a trav\u00e9s de un conjunto de servicios que van desde la estrategia hasta las operaciones. Capgemini se impulsa por la convicci\u00f3n de que, el valor de negocio de la tecnolog\u00eda viene de y a trav\u00e9s de las personas. Es una compa\u00f1\u00eda multicultural con un equipo de 200,000 miembros en m\u00e1s de 40 pa\u00edses. El Grupo report\u00f3 ingresos globales de 12.5 mil millones de Euros en 2017.<\/p>\n\n\n\n<p>Vis\u00edtanos en&nbsp;<a href=\"\/ar-es\/\">www.capgemini.com<\/a>.&nbsp;<em>People matter, results count.<\/em><\/p>\n\n\n\n<p><strong>AP\u00c9NDICE 1<\/strong><\/p>\n\n\n\n<p><strong>Biograf\u00eda<\/strong><\/p>\n\n\n\n<figure class=\"wp-block-image alignleft\"><img decoding=\"async\" src=\"https:\/\/www.capgemini.com\/ar-es\/wp-content\/uploads\/sites\/24\/2018\/05\/frc3a9dc3a9ric-oudc3a9a_480px1-17.png?w=258\" alt=\"\" class=\"wp-image-17207\"\/><\/figure>\n\n\n\n<p>Nacido en 1963, Fr\u00e9d\u00e9ric Oud\u00e9a se gradu\u00f3 de la \u00c9cole Polytechnique y la \u00c9cole Nationale d\u2019Administration.<\/p>\n\n\n\n<p>De 1987 a 1995, Fr\u00e9d\u00e9ric Oud\u00e9a tuvo varios puestos en el servicio civil (Departamento de auditor\u00eda del Ministerio de Finanzas, Ministerio de Econom\u00eda y Finanzas, Ministerio de Presupuesto, Oficial Privado del Ministerio de Presupuesto y Comunicaci\u00f3n). En 1995 se uni\u00f3 a&nbsp; Soci\u00e9t\u00e9 G\u00e9n\u00e9rale, 1996 fue nombrado l\u00edder adjunto y en 1998 Head of Global Supervisory and Development for the Equities division.&nbsp; En mayo 2002, Fr\u00e9d\u00e9ric fue nombrado Deputy Chief Financial Officer of Soci\u00e9t\u00e9 G\u00e9n\u00e9rale Group. Tom\u00f3 el puesto de CFO en enero 2003. En 2008 fue nombrado CEO del Grupo, y en 2009 CEO y Presidente. Tras la divisi\u00f3n regulatoria entre las funciones de Presidentes y CE, Fr\u00e9d\u00e9ric fue nombrado CEO en mayo 2015. En 2010 fue nombrado Presidente del Comit\u00e9 Directivo en Regulatory Capital (\u201cSCRC\u201d)&nbsp; en el Instituto de Finanzas Internacional (IIF). Ha sido presidente de la Federaci\u00f3n Bancaria Europea (EBF) desde enero 2015.<\/p>\n\n\n\n<p><strong>AP\u00c9NDICE 2<\/strong><\/p>\n\n\n\n<p><strong>Composici\u00f3n de la Mesa Directiva de Capgemini SE tras la Reuni\u00f3n Combinada de Accionistas del 23 de mayo 2018&nbsp;<\/strong><\/p>\n\n\n\n<p>Paul Hermelin \u2013 <em>Chairman and Chief Executive Officer<\/em><\/p>\n\n\n\n<p>Daniel Bernard \u2013 <em>Vice-Chairman<\/em><\/p>\n\n\n\n<p>Anne Bouverot<\/p>\n\n\n\n<p>Laurence Dors<\/p>\n\n\n\n<p>Carole Ferrand<\/p>\n\n\n\n<p>Robert Fretel \u2013 <em>Director representing employees<\/em><\/p>\n\n\n\n<p>Si\u00e2n Herbert-Jones<\/p>\n\n\n\n<p>Kevin Masters \u2013 <em>Director representing employees<\/em><\/p>\n\n\n\n<p>Xavier Musca<\/p>\n\n\n\n<p>Fr\u00e9d\u00e9ric Oud\u00e9a<\/p>\n\n\n\n<p>Patrick Pouyann\u00e9<\/p>\n\n\n\n<p>Pierre Pringuet \u2013 <em>Lead Independent Director<\/em><\/p>\n\n\n\n<p>Lucia Sinapi-Thomas \u2013 <em>Director representing employee shareholders<\/em><\/p>\n\n\n\n<p><a href=\"#_ftnref1\" id=\"_ftn1\"><sup>[1]<\/sup><\/a>Una biograf\u00eda del nuevo director, Fr\u00e9d\u00e9ric Oud\u00e9a, se presenta en el ap\u00e9ndice.<\/p>\n\n\n\n<p><a href=\"#_ftnref2\" id=\"_ftn2\">[2]<\/a>&nbsp;La composici\u00f3n de la Mesa Directiva se presenta en el ap\u00e9ndice.<\/p>\n\n\n\n<p><a href=\"#_ftnref3\" id=\"_ftn3\">[3]<\/a>&nbsp;Los directores representantes de empleados y empleados accionistas no se toman en cuenta para calcular este porcentaje, de acuerdo con las provisiones del c\u00f3digo AFEP-MEDEF.<\/p>\n\n\n\n<p><a href=\"#_ftnref4\" id=\"_ftn4\">[4]<\/a>&nbsp;Los dos directores representantes de empleados no se toman en cuenta para el c\u00e1lculo de este porcentaje, de acuerdo con el art\u00edculo L.225-27 del c\u00f3digo comercial franc\u00e9s (<em>Code de Commerce<\/em>).<\/p>\n\n\n<div class=\"wp-block-cg-blocks-cg-block-related-content\"><section class=\"relatedContentBlock\"><div class=\"container\"><div class=\"row\"><div class=\"content-title col-12 col-md-8\"><h2 class=\"related-content-heading\">Related News<\/h2><\/div><\/div><div class=\"row relatedContent\"><div class=\"col-lg-4 col-md-6 col-xs-12\">\n\t\t\t\t\t\t\t<div class=\"box\">\n\t\t\t\t\t\t\t\t<a aria-label=\"Leer m\u00e1s sobre Capgemini records Q1 2024 revenues of \u20ac5.5 billion in line with expectations\" href=\"https:\/\/www.capgemini.com\/ar-es\/news\/press-releases\/capgemini-records-q1-2024-revenues-of-e5-5-billion-in-line-with-expectations\/\" class=\"anchorWrapper\">\n\t\t\t\t\t\t\t\t\t<span class=\"box-tag\"><span>Financial news<\/span><\/span>\n\t\t\t\t\t\t\t\t\t<div class=\"box-title\"><h3 class=\"box-subtitle\">Capgemini records Q1 2024 revenues of \u20ac5.5 billion in line with expectations<\/h3><\/div>\n\t\t\t\t\t\t\t\t\t<div class=\"box-date\">\n\t\t\t\t\t\t\t\t\t\t<span>Apr 30, 2024<\/span>\n\t\t\t\t\t\t\t\t\t<\/div>\n\t\t\t\t\t\t\t\t\t<div class=\"box-bottom\">\n\t\t\t\t\t\t\t\t\t\t&lt;a class=&quot;link-download&quot; href=&quot;https:\/\/www.capgemini.com\/wp-content\/uploads\/2024\/04\/Capgemini_-_2024-04-30_-_2024_Q1_Revenues.pdf&quot; aria-label=&quot;Descargar nota de prensa&quot; target=&quot;_blank&quot;  type=&quot;download&quot; title=&quot;Opens in a new window&quot;&gt;\n\t\t\t\t\t\t\t&lt;span&gt;Descargar nota de prensa&lt;\/span&gt;\n\t\t\t\t\t\t\t&lt;span&gt;184 KB PDF&lt;\/span&gt;\n\t\t\t\t\t\t&lt;\/a&gt;\n\t\t\t\t\t\t\t\t\t\t<a class=\"more\" aria-label=\"Leer m\u00e1s sobre Capgemini records Q1 2024 revenues of \u20ac5.5 billion in line with expectations\" href=\"https:\/\/www.capgemini.com\/ar-es\/news\/press-releases\/capgemini-records-q1-2024-revenues-of-e5-5-billion-in-line-with-expectations\/\">Leer m\u00e1s sobre<\/a>\n\t\t\t\t\t\t\t\t\t<\/div>\n\t\t\t\t\t\t\t\t<\/a>\n\t\t\t\t\t\t\t<\/div>\n\t\t\t\t\t\t<\/div><div class=\"col-lg-4 col-md-6 col-xs-12\">\n\t\t\t\t\t\t\t<div class=\"box\">\n\t\t\t\t\t\t\t\t<a aria-label=\"Leer m\u00e1s sobre Capgemini obtiene otro rendimiento r\u00e9cord en 2022\" href=\"https:\/\/www.capgemini.com\/ar-es\/news\/press-releases\/capgemini-obtiene-otro-rendimiento-record-en-2022\/\" class=\"anchorWrapper\">\n\t\t\t\t\t\t\t\t\t<span class=\"box-tag\"><span>Financial news<\/span><\/span>\n\t\t\t\t\t\t\t\t\t<div class=\"box-title\"><h3 class=\"box-subtitle\">Capgemini obtiene otro rendimiento r\u00e9cord en 2022<\/h3><\/div>\n\t\t\t\t\t\t\t\t\t<div class=\"box-date\">\n\t\t\t\t\t\t\t\t\t\t<span>Feb 21, 2023<\/span>\n\t\t\t\t\t\t\t\t\t<\/div>\n\t\t\t\t\t\t\t\t\t<div class=\"box-bottom\">\n\t\t\t\t\t\t\t\t\t\t&lt;a class=&quot;link-download&quot; href=&quot;https:\/\/www.capgemini.com\/wp-content\/uploads\/2023\/02\/Capgemini_-_2023-02-21_-_2022_Annual_Results.pdf&quot; aria-label=&quot;Descargar nota de prensa&quot; target=&quot;_blank&quot;  type=&quot;download&quot; title=&quot;Opens in a new window&quot;&gt;\n\t\t\t\t\t\t\t&lt;span&gt;Descargar nota de prensa&lt;\/span&gt;\n\t\t\t\t\t\t\t&lt;span&gt;223 KB PDF&lt;\/span&gt;\n\t\t\t\t\t\t&lt;\/a&gt;\n\t\t\t\t\t\t\t\t\t\t<a class=\"more\" aria-label=\"Leer m\u00e1s sobre Capgemini obtiene otro rendimiento r\u00e9cord en 2022\" href=\"https:\/\/www.capgemini.com\/ar-es\/news\/press-releases\/capgemini-obtiene-otro-rendimiento-record-en-2022\/\">Leer m\u00e1s sobre<\/a>\n\t\t\t\t\t\t\t\t\t<\/div>\n\t\t\t\t\t\t\t\t<\/a>\n\t\t\t\t\t\t\t<\/div>\n\t\t\t\t\t\t<\/div><div class=\"col-lg-4 col-md-6 col-xs-12\">\n\t\t\t\t\t\t\t<div class=\"box\">\n\t\t\t\t\t\t\t\t<a aria-label=\"Leer m\u00e1s sobre El fuerte impulso del crecimiento se mantiene en el tercer trimestre\" href=\"https:\/\/www.capgemini.com\/ar-es\/news\/press-releases\/el-fuerte-impulso-del-crecimiento-se-mantiene-en-el-tercer-trimestre\/\" class=\"anchorWrapper\">\n\t\t\t\t\t\t\t\t\t<span class=\"box-tag\"><span>Financial news<\/span><\/span>\n\t\t\t\t\t\t\t\t\t<div class=\"box-title\"><h3 class=\"box-subtitle\">El fuerte impulso del crecimiento se mantiene en el tercer trimestre<\/h3><\/div>\n\t\t\t\t\t\t\t\t\t<div class=\"box-date\">\n\t\t\t\t\t\t\t\t\t\t<span>Oct 27, 2022<\/span>\n\t\t\t\t\t\t\t\t\t<\/div>\n\t\t\t\t\t\t\t\t\t<div class=\"box-bottom\">\n\t\t\t\t\t\t\t\t\t\t&lt;a class=&quot;link-download&quot; href=&quot;https:\/\/www.capgemini.com\/ar-es\/wp-content\/uploads\/sites\/28\/2022\/12\/Q3_2022_Fuerte-impulso-del-crecimiento-se-mantiene-en-el-tercer-trimestre_REV_JG.pdf&quot; aria-label=&quot;Descargar nota de prensa&quot; target=&quot;_blank&quot;  type=&quot;download&quot; title=&quot;Opens in a new window&quot;&gt;\n\t\t\t\t\t\t\t&lt;span&gt;Descargar nota de prensa&lt;\/span&gt;\n\t\t\t\t\t\t\t&lt;span&gt;180 KB PDF&lt;\/span&gt;\n\t\t\t\t\t\t&lt;\/a&gt;\n\t\t\t\t\t\t\t\t\t\t<a class=\"more\" aria-label=\"Leer m\u00e1s sobre El fuerte impulso del crecimiento se mantiene en el tercer trimestre\" href=\"https:\/\/www.capgemini.com\/ar-es\/news\/press-releases\/el-fuerte-impulso-del-crecimiento-se-mantiene-en-el-tercer-trimestre\/\">Leer m\u00e1s sobre<\/a>\n\t\t\t\t\t\t\t\t\t<\/div>\n\t\t\t\t\t\t\t\t<\/a>\n\t\t\t\t\t\t\t<\/div>\n\t\t\t\t\t\t<\/div><\/div><\/div><\/section><\/div><\/div><\/div><\/div><\/div><\/div><\/section>\n","protected":false},"excerpt":{"rendered":"","protected":false},"author":336,"featured_media":0,"template":"","meta":{"cg_dt_proposed_to":[],"cg_seo_hreflang_relations":"[]","cg_seo_canonical_relation":"","cg_seo_hreflang_x_default_relation":"{\"uuid\":\"67a25e75-633d-4ea1-8367-5e430aead0ee\",\"blogId\":\"\",\"domain\":\"\",\"sitePath\":\"\",\"postLink\":\"\",\"postId\":null,\"isSaved\":false,\"isCrossLink\":false,\"hasCrossLink\":false}","cg_dt_approved_content":true,"cg_dt_mandatory_content":false,"cg_dt_notes":"","cg_dg_source_changed":false,"cg_dt_link_disabled":false,"footnotes":"","related_resource_url":"https:\/\/www.capgemini.com\/ar-es\/wp-content\/uploads\/sites\/28\/2022\/12\/2018_05_24_capgemini_shareholders-meeting_23may20181-16.pdf","related_resource_id":18594,"related_resource_size":"138 KB","related_resource_type":"pdf","cg_author":0,"featured_focal_points":""},"tags":[],"press-release-type":[127],"brand":[],"class_list":["post-18593","press-release","type-press-release","status-publish","hentry","press-release-type-financial-news"],"yoast_head":"<!-- This site is optimized with the Yoast SEO Premium plugin v22.8 (Yoast SEO v22.8) - https:\/\/yoast.com\/wordpress\/plugins\/seo\/ -->\n<title>Reuni\u00f3n de Accionistas del 23 de Mayo de 2018 | Capgemini<\/title>\n<meta name=\"robots\" content=\"index, follow, max-snippet:-1, max-image-preview:large, max-video-preview:-1\" \/>\n<link rel=\"canonical\" href=\"https:\/\/www.capgemini.com\/ar-es\/news\/press-releases\/reunion-de-accionistas-del-23-de-mayo-de-2018\/\" \/>\n<meta property=\"og:locale\" content=\"es_MX\" \/>\n<meta property=\"og:type\" content=\"article\" \/>\n<meta property=\"og:title\" content=\"Reuni\u00f3n de Accionistas del 23 de Mayo de 2018\" \/>\n<meta property=\"og:url\" content=\"https:\/\/www.capgemini.com\/ar-es\/news\/press-releases\/reunion-de-accionistas-del-23-de-mayo-de-2018\/\" \/>\n<meta property=\"og:site_name\" content=\"Capgemini Argentina\" \/>\n<meta property=\"article:modified_time\" content=\"2025-04-01T07:25:40+00:00\" \/>\n<meta property=\"og:image\" content=\"https:\/\/www.capgemini.com\/ar-es\/wp-content\/uploads\/sites\/24\/2018\/05\/frc3a9dc3a9ric-oudc3a9a_480px1-17.png?w=258\" \/>\n<meta name=\"twitter:card\" content=\"summary_large_image\" \/>\n<meta name=\"twitter:label1\" content=\"Est. reading time\" \/>\n\t<meta name=\"twitter:data1\" content=\"6 minutes\" \/>\n<script type=\"application\/ld+json\" class=\"yoast-schema-graph\">{\"@context\":\"https:\/\/schema.org\",\"@graph\":[{\"@type\":\"WebPage\",\"@id\":\"https:\/\/www.capgemini.com\/ar-es\/news\/press-releases\/reunion-de-accionistas-del-23-de-mayo-de-2018\/\",\"url\":\"https:\/\/www.capgemini.com\/ar-es\/news\/press-releases\/reunion-de-accionistas-del-23-de-mayo-de-2018\/\",\"name\":\"Reuni\u00f3n de Accionistas del 23 de Mayo de 2018 | Capgemini\",\"isPartOf\":{\"@id\":\"https:\/\/www.capgemini.com\/ar-es\/#website\"},\"primaryImageOfPage\":{\"@id\":\"https:\/\/www.capgemini.com\/ar-es\/news\/press-releases\/reunion-de-accionistas-del-23-de-mayo-de-2018\/#primaryimage\"},\"image\":{\"@id\":\"https:\/\/www.capgemini.com\/ar-es\/news\/press-releases\/reunion-de-accionistas-del-23-de-mayo-de-2018\/#primaryimage\"},\"thumbnailUrl\":\"https:\/\/www.capgemini.com\/ar-es\/wp-content\/uploads\/sites\/24\/2018\/05\/frc3a9dc3a9ric-oudc3a9a_480px1-17.png?w=258\",\"datePublished\":\"2018-05-24T22:38:00+00:00\",\"dateModified\":\"2025-04-01T07:25:40+00:00\",\"breadcrumb\":{\"@id\":\"https:\/\/www.capgemini.com\/ar-es\/news\/press-releases\/reunion-de-accionistas-del-23-de-mayo-de-2018\/#breadcrumb\"},\"inLanguage\":\"es-MX\",\"potentialAction\":[{\"@type\":\"ReadAction\",\"target\":[\"https:\/\/www.capgemini.com\/ar-es\/news\/press-releases\/reunion-de-accionistas-del-23-de-mayo-de-2018\/\"]}]},{\"@type\":\"ImageObject\",\"inLanguage\":\"es-MX\",\"@id\":\"https:\/\/www.capgemini.com\/ar-es\/news\/press-releases\/reunion-de-accionistas-del-23-de-mayo-de-2018\/#primaryimage\",\"url\":\"https:\/\/www.capgemini.com\/ar-es\/wp-content\/uploads\/sites\/24\/2018\/05\/frc3a9dc3a9ric-oudc3a9a_480px1-17.png?w=258\",\"contentUrl\":\"https:\/\/www.capgemini.com\/ar-es\/wp-content\/uploads\/sites\/24\/2018\/05\/frc3a9dc3a9ric-oudc3a9a_480px1-17.png?w=258\"},{\"@type\":\"BreadcrumbList\",\"@id\":\"https:\/\/www.capgemini.com\/ar-es\/news\/press-releases\/reunion-de-accionistas-del-23-de-mayo-de-2018\/#breadcrumb\",\"itemListElement\":[{\"@type\":\"ListItem\",\"position\":1,\"name\":\"Home\",\"item\":\"https:\/\/www.capgemini.com\/ar-es\/\"},{\"@type\":\"ListItem\",\"position\":2,\"name\":\"Press Releases\",\"item\":\"https:\/\/www.capgemini.com\/ar-es\/news\/\"},{\"@type\":\"ListItem\",\"position\":3,\"name\":\"Reuni\u00f3n de Accionistas del 23 de Mayo de 2018\"}]},{\"@type\":\"WebSite\",\"@id\":\"https:\/\/www.capgemini.com\/ar-es\/#website\",\"url\":\"https:\/\/www.capgemini.com\/ar-es\/\",\"name\":\"Capgemini Argentina\",\"description\":\"Capgemini\",\"potentialAction\":[{\"@type\":\"SearchAction\",\"target\":{\"@type\":\"EntryPoint\",\"urlTemplate\":\"https:\/\/www.capgemini.com\/ar-es\/?s={search_term_string}\"},\"query-input\":\"required name=search_term_string\"}],\"inLanguage\":\"es-MX\"}]}<\/script>\n<!-- \/ Yoast SEO Premium plugin. -->","yoast_head_json":{"title":"Reuni\u00f3n de Accionistas del 23 de Mayo de 2018 | Capgemini","robots":{"index":"index","follow":"follow","max-snippet":"max-snippet:-1","max-image-preview":"max-image-preview:large","max-video-preview":"max-video-preview:-1"},"canonical":"https:\/\/www.capgemini.com\/ar-es\/news\/press-releases\/reunion-de-accionistas-del-23-de-mayo-de-2018\/","og_locale":"es_MX","og_type":"article","og_title":"Reuni\u00f3n de Accionistas del 23 de Mayo de 2018","og_url":"https:\/\/www.capgemini.com\/ar-es\/news\/press-releases\/reunion-de-accionistas-del-23-de-mayo-de-2018\/","og_site_name":"Capgemini Argentina","article_modified_time":"2025-04-01T07:25:40+00:00","og_image":[{"url":"https:\/\/www.capgemini.com\/ar-es\/wp-content\/uploads\/sites\/24\/2018\/05\/frc3a9dc3a9ric-oudc3a9a_480px1-17.png?w=258"}],"twitter_card":"summary_large_image","twitter_misc":{"Est. reading time":"6 minutes"},"schema":{"@context":"https:\/\/schema.org","@graph":[{"@type":"WebPage","@id":"https:\/\/www.capgemini.com\/ar-es\/news\/press-releases\/reunion-de-accionistas-del-23-de-mayo-de-2018\/","url":"https:\/\/www.capgemini.com\/ar-es\/news\/press-releases\/reunion-de-accionistas-del-23-de-mayo-de-2018\/","name":"Reuni\u00f3n de Accionistas del 23 de Mayo de 2018 | Capgemini","isPartOf":{"@id":"https:\/\/www.capgemini.com\/ar-es\/#website"},"primaryImageOfPage":{"@id":"https:\/\/www.capgemini.com\/ar-es\/news\/press-releases\/reunion-de-accionistas-del-23-de-mayo-de-2018\/#primaryimage"},"image":{"@id":"https:\/\/www.capgemini.com\/ar-es\/news\/press-releases\/reunion-de-accionistas-del-23-de-mayo-de-2018\/#primaryimage"},"thumbnailUrl":"https:\/\/www.capgemini.com\/ar-es\/wp-content\/uploads\/sites\/24\/2018\/05\/frc3a9dc3a9ric-oudc3a9a_480px1-17.png?w=258","datePublished":"2018-05-24T22:38:00+00:00","dateModified":"2025-04-01T07:25:40+00:00","breadcrumb":{"@id":"https:\/\/www.capgemini.com\/ar-es\/news\/press-releases\/reunion-de-accionistas-del-23-de-mayo-de-2018\/#breadcrumb"},"inLanguage":"es-MX","potentialAction":[{"@type":"ReadAction","target":["https:\/\/www.capgemini.com\/ar-es\/news\/press-releases\/reunion-de-accionistas-del-23-de-mayo-de-2018\/"]}]},{"@type":"ImageObject","inLanguage":"es-MX","@id":"https:\/\/www.capgemini.com\/ar-es\/news\/press-releases\/reunion-de-accionistas-del-23-de-mayo-de-2018\/#primaryimage","url":"https:\/\/www.capgemini.com\/ar-es\/wp-content\/uploads\/sites\/24\/2018\/05\/frc3a9dc3a9ric-oudc3a9a_480px1-17.png?w=258","contentUrl":"https:\/\/www.capgemini.com\/ar-es\/wp-content\/uploads\/sites\/24\/2018\/05\/frc3a9dc3a9ric-oudc3a9a_480px1-17.png?w=258"},{"@type":"BreadcrumbList","@id":"https:\/\/www.capgemini.com\/ar-es\/news\/press-releases\/reunion-de-accionistas-del-23-de-mayo-de-2018\/#breadcrumb","itemListElement":[{"@type":"ListItem","position":1,"name":"Home","item":"https:\/\/www.capgemini.com\/ar-es\/"},{"@type":"ListItem","position":2,"name":"Press Releases","item":"https:\/\/www.capgemini.com\/ar-es\/news\/"},{"@type":"ListItem","position":3,"name":"Reuni\u00f3n de Accionistas del 23 de Mayo de 2018"}]},{"@type":"WebSite","@id":"https:\/\/www.capgemini.com\/ar-es\/#website","url":"https:\/\/www.capgemini.com\/ar-es\/","name":"Capgemini Argentina","description":"Capgemini","potentialAction":[{"@type":"SearchAction","target":{"@type":"EntryPoint","urlTemplate":"https:\/\/www.capgemini.com\/ar-es\/?s={search_term_string}"},"query-input":"required name=search_term_string"}],"inLanguage":"es-MX"}]}},"parsely":{"version":"1.1.0","canonical_url":"https:\/\/capgemini.com\/ar-es\/news\/press-releases\/reunion-de-accionistas-del-23-de-mayo-de-2018\/","smart_links":{"inbound":0,"outbound":0},"traffic_boost_suggestions_count":0,"meta":{"@context":"https:\/\/schema.org","@type":"NewsArticle","headline":"Reuni\u00f3n de Accionistas del 23 de Mayo de 2018","url":"https:\/\/www.capgemini.com\/ar-es\/news\/press-releases\/reunion-de-accionistas-del-23-de-mayo-de-2018\/","mainEntityOfPage":{"@type":"WebPage","@id":"https:\/\/www.capgemini.com\/ar-es\/news\/press-releases\/reunion-de-accionistas-del-23-de-mayo-de-2018\/"},"thumbnailUrl":"","image":{"@type":"ImageObject","url":""},"articleSection":"Uncategorized","author":[],"creator":[],"publisher":{"@type":"Organization","name":"Capgemini Argentina","logo":""},"keywords":[],"dateCreated":"2018-05-24T22:38:00Z","datePublished":"2018-05-24T22:38:00Z","dateModified":"2025-04-01T07:25:40Z"},"rendered":"<meta name=\"parsely-title\" content=\"Reuni\u00f3n de Accionistas del 23 de Mayo de 2018\" \/>\n<meta name=\"parsely-link\" content=\"https:\/\/www.capgemini.com\/ar-es\/news\/press-releases\/reunion-de-accionistas-del-23-de-mayo-de-2018\/\" \/>\n<meta name=\"parsely-type\" content=\"post\" \/>\n<meta name=\"parsely-pub-date\" content=\"2018-05-24T22:38:00Z\" \/>\n<meta name=\"parsely-section\" content=\"Uncategorized\" \/>","tracker_url":"https:\/\/cdn.parsely.com\/keys\/capgemini.com\/p.js"},"archive_status":false,"featured_image_src":"https:\/\/www.capgemini.com\/ar-es\/wp-content\/themes\/capgemini2025\/assets\/images\/mockup.png","featured_image_alt":false,"jetpack_sharing_enabled":true,"distributor_meta":false,"distributor_terms":false,"distributor_media":false,"distributor_original_site_name":"Capgemini Argentina","distributor_original_site_url":"https:\/\/www.capgemini.com\/ar-es","push-errors":false,"tag_names":[],"_links":{"self":[{"href":"https:\/\/www.capgemini.com\/ar-es\/wp-json\/wp\/v2\/press-release\/18593","targetHints":{"allow":["GET"]}}],"collection":[{"href":"https:\/\/www.capgemini.com\/ar-es\/wp-json\/wp\/v2\/press-release"}],"about":[{"href":"https:\/\/www.capgemini.com\/ar-es\/wp-json\/wp\/v2\/types\/press-release"}],"author":[{"embeddable":true,"href":"https:\/\/www.capgemini.com\/ar-es\/wp-json\/wp\/v2\/users\/336"}],"version-history":[{"count":5,"href":"https:\/\/www.capgemini.com\/ar-es\/wp-json\/wp\/v2\/press-release\/18593\/revisions"}],"predecessor-version":[{"id":517518,"href":"https:\/\/www.capgemini.com\/ar-es\/wp-json\/wp\/v2\/press-release\/18593\/revisions\/517518"}],"wp:attachment":[{"href":"https:\/\/www.capgemini.com\/ar-es\/wp-json\/wp\/v2\/media?parent=18593"}],"wp:term":[{"taxonomy":"post_tag","embeddable":true,"href":"https:\/\/www.capgemini.com\/ar-es\/wp-json\/wp\/v2\/tags?post=18593"},{"taxonomy":"press-release-type","embeddable":true,"href":"https:\/\/www.capgemini.com\/ar-es\/wp-json\/wp\/v2\/press-release-type?post=18593"},{"taxonomy":"brand","embeddable":true,"href":"https:\/\/www.capgemini.com\/ar-es\/wp-json\/wp\/v2\/brand?post=18593"}],"curies":[{"name":"wp","href":"https:\/\/api.w.org\/{rel}","templated":true}]}}