{"id":18588,"date":"2018-05-29T22:36:00","date_gmt":"2018-05-29T22:36:00","guid":{"rendered":"https:\/\/www.capgemini.com\/ar-es\/?post_type=press-release&#038;p=18588"},"modified":"2025-04-01T07:25:13","modified_gmt":"2025-04-01T07:25:13","slug":"capgemini-firma-acuerdo-estrategico-con-yara-para-habilitar-su-transformacion-digital","status":"publish","type":"press-release","link":"https:\/\/www.capgemini.com\/ar-es\/news\/press-releases\/capgemini-firma-acuerdo-estrategico-con-yara-para-habilitar-su-transformacion-digital\/","title":{"rendered":"Capgemini firma acuerdo estrat\u00e9gico con Yara para habilitar su transformaci\u00f3n digital"},"content":{"rendered":"\n<p><\/p>\n\n\n\t\t<div class=\"wp-block-cg-blocks-hero-press-release\">\n\t\t\t<header class=\"header-hero-press-release\" role=\"main\" id=\"main-content-press-release\">\n\t\t\t\t<div class=\"container\">\n\t\t\t\t\t<div class=\"hero-press-release\">\n\t\t\t\t\t\t<div class=\"hero-press-release-content-wrapper\">\n\t\t\t\t\t\t\t<div class=\"row\">\n\t\t\t\t\t\t\t\t<div class=\"col-12\">\n\t\t\t\t\t\t\t\t\t<div class=\"header-title\">\n\t\t\t\t\t\t\t\t\t\t<h1>\n\t\t\t\t\t\t\t\t\t\t\tCapgemini firma acuerdo estrat\u00e9gico con Yara para habilitar su transformaci\u00f3n digital\t\t\t\t\t\t\t\t\t\t<\/h1>\n\t\t\t\t\t\t\t\t\t<\/div>\n\t\t\t\t\t\t\t\t\t<div class=\"header-description\">\n\t\t\t\t\t\t\t\t\t\t<p><\/p>\n\t\t\t\t\t\t\t\t\t<\/div>\n\t\t\t\t\t\t\t\t\t\t\t\t\t\t\t\t\t\t<div class=\"header-date\">\n\t\t\t\t\t\t\t\t\t\t<span>may. 29, 2018<\/span>\n\t\t\t\t\t\t\t\t\t<\/div>\n\t\t\t\t\t\t\t\t<\/div>\n\t\t\t\t\t\t\t<\/div>\n\t\t\t\t\t\t<\/div>\n\t\t\t\t\t\t\t\t\t\t\t\t\t<div class=\"hero-press-release-downloads\">\n\t\t\t\t\t\t\t\t<div class=\"row\">\n\t\t\t\t\t\t\t\t\t\t\t\t\t\t\t\t\t\t\t<div class=\"col-12 col-md-6 col-lg-3\">\n\t\t\t\t\t\t\t\t\t\t\t<a class=\"download-item\" type=\"download\" href=\"https:\/\/www.capgemini.com\/ar-es\/wp-content\/uploads\/sites\/28\/2022\/12\/2018_05_29_capgemini_press_release_yara-client-win-17.pdf\" target=\"_blank\" rel=\"noopener noreferrer\" title=\"abrir en una nueva ventana\">\n\t\t\t\t\t\t\t\t\t\t\t\t<div class=\"download-icon\"><\/div>\n\t\t\t\t\t\t\t\t\t\t\t\t<div class=\"download-details\">\n\t\t\t\t\t\t\t\t\t\t\t\t\t<div class=\"download-title\">Download press release<\/div>\n\t\t\t\t\t\t\t\t\t\t\t\t\t<div class=\"download-props\">89 KB  pdf<\/div>\n\t\t\t\t\t\t\t\t\t\t\t\t<\/div>\n\t\t\t\t\t\t\t\t\t\t\t<\/a>\n\t\t\t\t\t\t\t\t\t\t<\/div>\n\t\t\t\t\t\t\t\t\t\t\t\t\t\t\t\t\t\t<\/div>\n\t\t\t\t\t\t\t<\/div>\n\t\t\t\t\t\t\t\t\t\t\t\t\t\t\t\t\t<\/div>\n\t\t\t\t<\/div>\n\t\t\t<\/header>\n\t\t<\/div>\n\t\t\n\n\n<section class=\"wp-block-cg-blocks-group undefined section section--article-content\"><div class=\"article-main-content\"><div class=\"container\"><div class=\"row\"><div class=\"col-12 col-md-1\"><nav class=\"article-social\"><ul class=\"social-nav\"><li class=\"ip-order-fb\"><a href=\"https:\/\/www.facebook.com\/sharer\/sharer.php?u=https:\/\/www.capgemini.com\/ar-es\/?post_type=press-release&amp;p=18588\" target=\"_blank\" rel=\"noopener noreferrer\" title=\"abrir en una nueva ventana\"><i aria-hidden=\"true\" class=\"icon-fb\"><\/i><span class=\"sr-only\">Facebook<\/span><\/a><\/li><li class=\"ip-order-tw\"><a href=\"https:\/\/twitter.com\/intent\/tweet?url=https:\/\/www.capgemini.com\/ar-es\/?post_type=press-release&amp;p=18588&amp;text=\" target=\"_blank\" rel=\"noopener noreferrer\" title=\"abrir en una nueva ventana\"><i aria-hidden=\"true\" class=\"icon-tw\"><\/i><span class=\"sr-only\">Twitter<\/span><\/a><\/li><li class=\"ip-order-li\"><a href=\"https:\/\/www.linkedin.com\/sharing\/share-offsite\/?url=https:\/\/www.capgemini.com\/ar-es\/?post_type=press-release&amp;p=18588&amp;text=\" target=\"_blank\" rel=\"noopener noreferrer\" title=\"abrir en una nueva ventana\"><i aria-hidden=\"true\" class=\"icon-li\"><\/i><span class=\"sr-only\">Linkedin<\/span><\/a><\/li><\/ul><\/nav><\/div><div class=\"col-12 col-md-11 col-lg-10\"><div class=\"article-text article-quote-text\">\n<p><strong>Par\u00eds, mayo 29, 2018 \u2013 <\/strong><a href=\"\/ar-es\/\">Capgemini <\/a><strong>anunci\u00f3 que ha firmado un acuerdo multi anual, con valor de decenas de millones de Euros con Yara International ASA (Yara), una de las compa\u00f1\u00edas l\u00edderes mundiales de fertilizantes, con sede en Oslo y con m\u00e1s de 16,000 empleados y presencia en m\u00e1s de 60 pa\u00edses. Bajo el acuerdo, Capgemini Noruega entregar\u00e1&nbsp;un amplio espectro de servicios que habilitar\u00e1n la transformaci\u00f3n digital de Yara.&nbsp;<\/strong><\/p>\n\n\n\n<p>El nuevo acuerdo ver\u00e1 a Capgemini entregar servicios incluyendo administraci\u00f3n de aplicaci\u00f3n de los ambientes SAP y SharePoint completos de Yara, desarrollo de aplicaciones, operaci\u00f3n de aplicaciones y servicios de hosting administrados.&nbsp; Capgemini apoyar\u00e1 a Yara con una estrategia h\u00edbrida de nube, combinando lo mejor de la nube privada y la nube p\u00fablica de Microsoft Azure. La econ\u00f3mica soluci\u00f3n tambi\u00e9n habilitar\u00e1 un tiempo de lanzamiento a mercado m\u00e1s r\u00e1pido para Yara.<\/p>\n\n\n\n<p>Capgemini fue seleccionado tras una licitaci\u00f3n competitiva entre proveedores nuevos e incumbentes, en la que Capgemini demostr\u00f3 su habilidad para brindar m\u00faltiples servicios a escala, incluyendo soluciones l\u00edderes de cloud y grandes implementaciones de SAP.<\/p>\n\n\n\n<p><em>\u201cEstamos muy satisfechos y orgullosos de haber sido elegidos por Yara como su nuevo aliado TI a largo plazo. No solo los apoyaremos con una soluci\u00f3n transparente en la nube para SAP y Sharepoint, tambi\u00e9n habilitaremos su estrategia digital y construiremos una base para su evoluci\u00f3n digital,\u201d<\/em>&nbsp;coment\u00f3 Anil Agarwal, Head of Capgemini en Noruega y Suecia.<\/p>\n\n\n\n<p><strong>Acerca de Capgemini<\/strong><\/p>\n\n\n\n<p>L\u00edder global en consultor\u00eda, servicios de tecnolog\u00eda, y transformaci\u00f3n digital, Capgemini est\u00e1 a la cabeza de la innovaci\u00f3n para enfrentar las oportunidades de nuestros clientes en el cambiante mundo de la nube, digital y plataformas. Bas\u00e1ndose en su s\u00f3lida herencia de 50 a\u00f1os y profunda experiencia espec\u00edfica de las industrias, Capgemini habilita a las organizaciones a alcanzar sus ambiciones de negocio a trav\u00e9s de un conjunto de servicios que van desde la estrategia hasta las operaciones. Capgemini se impulsa por la convicci\u00f3n que el valor de negocio de la tecnolog\u00eda viene de y a trav\u00e9s de las personas. Es una compa\u00f1\u00eda multicultural con 200,000 miembros del equipo en m\u00e1s de 40 pa\u00edses. El Grupo report\u00f3 ingresos globales de 12,800 millones de Euros en 2017.<\/p>\n\n\n\n<p>Vis\u00edtanos en&nbsp;<a href=\"\/ar-es\/\">www.capgemini.com<\/a>. People matter, results count.<\/p>\n\n\n<div class=\"wp-block-cg-blocks-cg-block-related-content\"><section class=\"relatedContentBlock\"><div class=\"container\"><div class=\"row\"><div class=\"content-title col-12 col-md-8\"><h2 class=\"related-content-heading\">Related News<\/h2><\/div><\/div><div class=\"row relatedContent\"><div class=\"col-lg-4 col-md-6 col-xs-12\">\n\t\t\t\t\t\t\t<div class=\"box\">\n\t\t\t\t\t\t\t\t<a aria-label=\"Leer m\u00e1s sobre Dai-ichi Life Group y Capgemini firman un acuerdo plurianual para establecer un Centro de Capacidades Globales en la India para impulsar la transformaci\u00f3n digital internacional\" href=\"https:\/\/www.capgemini.com\/ar-es\/news\/dai-ichi-life-group-and-capgemini-sign-multi-year-agreement-to-establish-a-global-capability-center-in-india-to-drive-international-digital-transformation\/\" class=\"anchorWrapper\">\n\t\t\t\t\t\t\t\t\t<span class=\"box-tag\"><span>Client news<\/span><\/span>\n\t\t\t\t\t\t\t\t\t<div class=\"box-title\"><h3 class=\"box-subtitle\">Dai-ichi Life Group y Capgemini firman un acuerdo plurianual para establecer un Centro de Capacidades Globales en la India para impulsar la transformaci\u00f3n digital internacional<\/h3><\/div>\n\t\t\t\t\t\t\t\t\t<div class=\"box-date\">\n\t\t\t\t\t\t\t\t\t\t<span>Aug 20, 2025<\/span>\n\t\t\t\t\t\t\t\t\t<\/div>\n\t\t\t\t\t\t\t\t\t<div class=\"box-bottom\">\n\t\t\t\t\t\t\t\t\t\t&lt;a class=&quot;link-download&quot; href=&quot;https:\/\/www.capgemini.com\/mx-es\/wp-content\/uploads\/sites\/28\/2025\/06\/ESP_06_10_Capgemini-and-Dai-ichi-Life-Group-sign-multi-year-agreement_REV_JG.pdf&quot; aria-label=&quot;Descargar nota de prensa&quot; target=&quot;_blank&quot;  type=&quot;download&quot; title=&quot;Opens in a new window&quot;&gt;\n\t\t\t\t\t\t\t&lt;span&gt;Descargar nota de prensa&lt;\/span&gt;\n\t\t\t\t\t\t\t&lt;span&gt;96 KB PDF&lt;\/span&gt;\n\t\t\t\t\t\t&lt;\/a&gt;\n\t\t\t\t\t\t\t\t\t\t<a class=\"more\" aria-label=\"Leer m\u00e1s sobre Dai-ichi Life Group y Capgemini firman un acuerdo plurianual para establecer un Centro de Capacidades Globales en la India para impulsar la transformaci\u00f3n digital internacional\" href=\"https:\/\/www.capgemini.com\/ar-es\/news\/dai-ichi-life-group-and-capgemini-sign-multi-year-agreement-to-establish-a-global-capability-center-in-india-to-drive-international-digital-transformation\/\">Leer m\u00e1s sobre<\/a>\n\t\t\t\t\t\t\t\t\t<\/div>\n\t\t\t\t\t\t\t\t<\/a>\n\t\t\t\t\t\t\t<\/div>\n\t\t\t\t\t\t<\/div><div class=\"col-lg-4 col-md-6 col-xs-12\">\n\t\t\t\t\t\t\t<div class=\"box\">\n\t\t\t\t\t\t\t\t<a aria-label=\"Leer m\u00e1s sobre Dassault Aviation Acelera Su Transformaci\u00f3n Digital Con Capgemini\" href=\"https:\/\/www.capgemini.com\/ar-es\/news\/press-releases\/dassault-aviation-acelera-su-transformacion-digital-con-capgemini\/\" class=\"anchorWrapper\">\n\t\t\t\t\t\t\t\t\t<span class=\"box-tag\"><span>Client news<\/span><\/span>\n\t\t\t\t\t\t\t\t\t<div class=\"box-title\"><h3 class=\"box-subtitle\">Dassault Aviation Acelera Su Transformaci\u00f3n Digital Con Capgemini<\/h3><\/div>\n\t\t\t\t\t\t\t\t\t<div class=\"box-date\">\n\t\t\t\t\t\t\t\t\t\t<span>Jul 28, 2022<\/span>\n\t\t\t\t\t\t\t\t\t<\/div>\n\t\t\t\t\t\t\t\t\t<div class=\"box-bottom\">\n\t\t\t\t\t\t\t\t\t\t&lt;a class=&quot;link-download&quot; href=&quot;https:\/\/www.capgemini.com\/ar-es\/wp-content\/uploads\/sites\/28\/2022\/12\/2022_06_28_Capgemini_-Dassault-Aviation.pdf&quot; aria-label=&quot;Descargar nota de prensa&quot; target=&quot;_blank&quot;  type=&quot;download&quot; title=&quot;Opens in a new window&quot;&gt;\n\t\t\t\t\t\t\t&lt;span&gt;Descargar nota de prensa&lt;\/span&gt;\n\t\t\t\t\t\t\t&lt;span&gt;94 KB PDF&lt;\/span&gt;\n\t\t\t\t\t\t&lt;\/a&gt;\n\t\t\t\t\t\t\t\t\t\t<a class=\"more\" aria-label=\"Leer m\u00e1s sobre Dassault Aviation Acelera Su Transformaci\u00f3n Digital Con Capgemini\" href=\"https:\/\/www.capgemini.com\/ar-es\/news\/press-releases\/dassault-aviation-acelera-su-transformacion-digital-con-capgemini\/\">Leer m\u00e1s sobre<\/a>\n\t\t\t\t\t\t\t\t\t<\/div>\n\t\t\t\t\t\t\t\t<\/a>\n\t\t\t\t\t\t\t<\/div>\n\t\t\t\t\t\t<\/div><div class=\"col-lg-4 col-md-6 col-xs-12\">\n\t\t\t\t\t\t\t<div class=\"box\">\n\t\t\t\t\t\t\t\t<a aria-label=\"Leer m\u00e1s sobre Movilidad sostenible: capgemini contribuye a la implementaci\u00f3n del programa \u201cGrand Paris Express\u201d\" href=\"https:\/\/www.capgemini.com\/ar-es\/news\/press-releases\/movilidad-sostenible-capgemini-contribuye-a-la-implementacion-del-programa-grand-paris-express\/\" class=\"anchorWrapper\">\n\t\t\t\t\t\t\t\t\t<span class=\"box-tag\"><span>Client news<\/span><\/span>\n\t\t\t\t\t\t\t\t\t<div class=\"box-title\"><h3 class=\"box-subtitle\">Movilidad sostenible: capgemini contribuye a la implementaci\u00f3n del programa \u201cGrand Paris Express\u201d<\/h3><\/div>\n\t\t\t\t\t\t\t\t\t<div class=\"box-date\">\n\t\t\t\t\t\t\t\t\t\t<span>Jun 23, 2022<\/span>\n\t\t\t\t\t\t\t\t\t<\/div>\n\t\t\t\t\t\t\t\t\t<div class=\"box-bottom\">\n\t\t\t\t\t\t\t\t\t\t&lt;a class=&quot;link-download&quot; href=&quot;https:\/\/www.capgemini.com\/ar-es\/wp-content\/uploads\/sites\/28\/2022\/12\/2022_06_23_Capgemini-Societe-du-Grand-Paris_EN-1.pdf&quot; aria-label=&quot;Descargar nota de prensa&quot; target=&quot;_blank&quot;  type=&quot;download&quot; title=&quot;Opens in a new window&quot;&gt;\n\t\t\t\t\t\t\t&lt;span&gt;Descargar nota de prensa&lt;\/span&gt;\n\t\t\t\t\t\t\t&lt;span&gt;435 KB PDF&lt;\/span&gt;\n\t\t\t\t\t\t&lt;\/a&gt;\n\t\t\t\t\t\t\t\t\t\t<a class=\"more\" aria-label=\"Leer m\u00e1s sobre Movilidad sostenible: capgemini contribuye a la implementaci\u00f3n del programa \u201cGrand Paris Express\u201d\" href=\"https:\/\/www.capgemini.com\/ar-es\/news\/press-releases\/movilidad-sostenible-capgemini-contribuye-a-la-implementacion-del-programa-grand-paris-express\/\">Leer m\u00e1s sobre<\/a>\n\t\t\t\t\t\t\t\t\t<\/div>\n\t\t\t\t\t\t\t\t<\/a>\n\t\t\t\t\t\t\t<\/div>\n\t\t\t\t\t\t<\/div><\/div><\/div><\/section><\/div><\/div><\/div><\/div><\/div><\/div><\/section>\n","protected":false},"excerpt":{"rendered":"","protected":false},"author":336,"featured_media":0,"template":"","meta":{"cg_dt_proposed_to":[],"cg_seo_hreflang_relations":"[]","cg_seo_canonical_relation":"","cg_seo_hreflang_x_default_relation":"{\"uuid\":\"89e3211d-633d-4417-b1c5-eec9dfd9149a\",\"blogId\":\"\",\"domain\":\"\",\"sitePath\":\"\",\"postLink\":\"\",\"postId\":null,\"isSaved\":false,\"isCrossLink\":false,\"hasCrossLink\":false}","cg_dt_approved_content":true,"cg_dt_mandatory_content":false,"cg_dt_notes":"","cg_dg_source_changed":false,"cg_dt_link_disabled":false,"footnotes":"","related_resource_url":"https:\/\/www.capgemini.com\/ar-es\/wp-content\/uploads\/sites\/28\/2022\/12\/2018_05_29_capgemini_press_release_yara-client-win-17.pdf","related_resource_id":18589,"related_resource_size":"89 KB","related_resource_type":"pdf","cg_author":0,"featured_focal_points":""},"tags":[],"press-release-type":[125],"brand":[],"class_list":["post-18588","press-release","type-press-release","status-publish","hentry","press-release-type-client-news"],"yoast_head":"<!-- This site is optimized with the Yoast SEO Premium plugin v22.8 (Yoast SEO v22.8) - https:\/\/yoast.com\/wordpress\/plugins\/seo\/ -->\n<title>Capgemini firma acuerdo estrat\u00e9gico con Yara para habilitar su transformaci\u00f3n digital | Capgemini<\/title>\n<meta name=\"robots\" content=\"index, follow, max-snippet:-1, max-image-preview:large, max-video-preview:-1\" \/>\n<link rel=\"canonical\" href=\"https:\/\/www.capgemini.com\/ar-es\/news\/press-releases\/capgemini-firma-acuerdo-estrategico-con-yara-para-habilitar-su-transformacion-digital\/\" \/>\n<meta property=\"og:locale\" content=\"es_MX\" \/>\n<meta property=\"og:type\" content=\"article\" \/>\n<meta property=\"og:title\" content=\"Capgemini firma acuerdo estrat\u00e9gico con Yara para habilitar su transformaci\u00f3n digital\" \/>\n<meta property=\"og:url\" content=\"https:\/\/www.capgemini.com\/ar-es\/news\/press-releases\/capgemini-firma-acuerdo-estrategico-con-yara-para-habilitar-su-transformacion-digital\/\" \/>\n<meta property=\"og:site_name\" content=\"Capgemini Argentina\" \/>\n<meta property=\"article:modified_time\" content=\"2025-04-01T07:25:13+00:00\" \/>\n<meta property=\"og:image\" content=\"https:\/\/www.capgemini.com\/ar-es\/wp-content\/uploads\/sites\/9\/2025\/10\/New-Web-preview-global.jpg\" \/>\n\t<meta property=\"og:image:width\" content=\"1200\" \/>\n\t<meta property=\"og:image:height\" content=\"627\" \/>\n\t<meta property=\"og:image:type\" content=\"image\/jpeg\" \/>\n<meta name=\"twitter:card\" content=\"summary_large_image\" \/>\n<meta name=\"twitter:label1\" content=\"Est. reading time\" \/>\n\t<meta name=\"twitter:data1\" content=\"2 minutes\" \/>\n<script type=\"application\/ld+json\" class=\"yoast-schema-graph\">{\"@context\":\"https:\/\/schema.org\",\"@graph\":[{\"@type\":\"WebPage\",\"@id\":\"https:\/\/www.capgemini.com\/ar-es\/news\/press-releases\/capgemini-firma-acuerdo-estrategico-con-yara-para-habilitar-su-transformacion-digital\/\",\"url\":\"https:\/\/www.capgemini.com\/ar-es\/news\/press-releases\/capgemini-firma-acuerdo-estrategico-con-yara-para-habilitar-su-transformacion-digital\/\",\"name\":\"Capgemini firma acuerdo estrat\u00e9gico con Yara para habilitar su transformaci\u00f3n digital | Capgemini\",\"isPartOf\":{\"@id\":\"https:\/\/www.capgemini.com\/ar-es\/#website\"},\"datePublished\":\"2018-05-29T22:36:00+00:00\",\"dateModified\":\"2025-04-01T07:25:13+00:00\",\"breadcrumb\":{\"@id\":\"https:\/\/www.capgemini.com\/ar-es\/news\/press-releases\/capgemini-firma-acuerdo-estrategico-con-yara-para-habilitar-su-transformacion-digital\/#breadcrumb\"},\"inLanguage\":\"es-MX\",\"potentialAction\":[{\"@type\":\"ReadAction\",\"target\":[\"https:\/\/www.capgemini.com\/ar-es\/news\/press-releases\/capgemini-firma-acuerdo-estrategico-con-yara-para-habilitar-su-transformacion-digital\/\"]}]},{\"@type\":\"BreadcrumbList\",\"@id\":\"https:\/\/www.capgemini.com\/ar-es\/news\/press-releases\/capgemini-firma-acuerdo-estrategico-con-yara-para-habilitar-su-transformacion-digital\/#breadcrumb\",\"itemListElement\":[{\"@type\":\"ListItem\",\"position\":1,\"name\":\"Home\",\"item\":\"https:\/\/www.capgemini.com\/ar-es\/\"},{\"@type\":\"ListItem\",\"position\":2,\"name\":\"Press Releases\",\"item\":\"https:\/\/www.capgemini.com\/ar-es\/news\/\"},{\"@type\":\"ListItem\",\"position\":3,\"name\":\"Capgemini firma acuerdo estrat\u00e9gico con Yara para habilitar su transformaci\u00f3n digital\"}]},{\"@type\":\"WebSite\",\"@id\":\"https:\/\/www.capgemini.com\/ar-es\/#website\",\"url\":\"https:\/\/www.capgemini.com\/ar-es\/\",\"name\":\"Capgemini Argentina\",\"description\":\"Capgemini\",\"potentialAction\":[{\"@type\":\"SearchAction\",\"target\":{\"@type\":\"EntryPoint\",\"urlTemplate\":\"https:\/\/www.capgemini.com\/ar-es\/?s={search_term_string}\"},\"query-input\":\"required name=search_term_string\"}],\"inLanguage\":\"es-MX\"}]}<\/script>\n<!-- \/ Yoast SEO Premium plugin. -->","yoast_head_json":{"title":"Capgemini firma acuerdo estrat\u00e9gico con Yara para habilitar su transformaci\u00f3n digital | Capgemini","robots":{"index":"index","follow":"follow","max-snippet":"max-snippet:-1","max-image-preview":"max-image-preview:large","max-video-preview":"max-video-preview:-1"},"canonical":"https:\/\/www.capgemini.com\/ar-es\/news\/press-releases\/capgemini-firma-acuerdo-estrategico-con-yara-para-habilitar-su-transformacion-digital\/","og_locale":"es_MX","og_type":"article","og_title":"Capgemini firma acuerdo estrat\u00e9gico con Yara para habilitar su transformaci\u00f3n digital","og_url":"https:\/\/www.capgemini.com\/ar-es\/news\/press-releases\/capgemini-firma-acuerdo-estrategico-con-yara-para-habilitar-su-transformacion-digital\/","og_site_name":"Capgemini Argentina","article_modified_time":"2025-04-01T07:25:13+00:00","og_image":[{"width":1200,"height":627,"url":"https:\/\/www.capgemini.com\/ar-es\/wp-content\/uploads\/sites\/9\/2025\/10\/New-Web-preview-global.jpg","type":"image\/jpeg"}],"twitter_card":"summary_large_image","twitter_misc":{"Est. reading time":"2 minutes"},"schema":{"@context":"https:\/\/schema.org","@graph":[{"@type":"WebPage","@id":"https:\/\/www.capgemini.com\/ar-es\/news\/press-releases\/capgemini-firma-acuerdo-estrategico-con-yara-para-habilitar-su-transformacion-digital\/","url":"https:\/\/www.capgemini.com\/ar-es\/news\/press-releases\/capgemini-firma-acuerdo-estrategico-con-yara-para-habilitar-su-transformacion-digital\/","name":"Capgemini firma acuerdo estrat\u00e9gico con Yara para habilitar su transformaci\u00f3n digital | Capgemini","isPartOf":{"@id":"https:\/\/www.capgemini.com\/ar-es\/#website"},"datePublished":"2018-05-29T22:36:00+00:00","dateModified":"2025-04-01T07:25:13+00:00","breadcrumb":{"@id":"https:\/\/www.capgemini.com\/ar-es\/news\/press-releases\/capgemini-firma-acuerdo-estrategico-con-yara-para-habilitar-su-transformacion-digital\/#breadcrumb"},"inLanguage":"es-MX","potentialAction":[{"@type":"ReadAction","target":["https:\/\/www.capgemini.com\/ar-es\/news\/press-releases\/capgemini-firma-acuerdo-estrategico-con-yara-para-habilitar-su-transformacion-digital\/"]}]},{"@type":"BreadcrumbList","@id":"https:\/\/www.capgemini.com\/ar-es\/news\/press-releases\/capgemini-firma-acuerdo-estrategico-con-yara-para-habilitar-su-transformacion-digital\/#breadcrumb","itemListElement":[{"@type":"ListItem","position":1,"name":"Home","item":"https:\/\/www.capgemini.com\/ar-es\/"},{"@type":"ListItem","position":2,"name":"Press Releases","item":"https:\/\/www.capgemini.com\/ar-es\/news\/"},{"@type":"ListItem","position":3,"name":"Capgemini firma acuerdo estrat\u00e9gico con Yara para habilitar su transformaci\u00f3n digital"}]},{"@type":"WebSite","@id":"https:\/\/www.capgemini.com\/ar-es\/#website","url":"https:\/\/www.capgemini.com\/ar-es\/","name":"Capgemini Argentina","description":"Capgemini","potentialAction":[{"@type":"SearchAction","target":{"@type":"EntryPoint","urlTemplate":"https:\/\/www.capgemini.com\/ar-es\/?s={search_term_string}"},"query-input":"required name=search_term_string"}],"inLanguage":"es-MX"}]}},"parsely":{"version":"1.1.0","canonical_url":"https:\/\/capgemini.com\/ar-es\/news\/press-releases\/capgemini-firma-acuerdo-estrategico-con-yara-para-habilitar-su-transformacion-digital\/","smart_links":{"inbound":0,"outbound":0},"traffic_boost_suggestions_count":0,"meta":{"@context":"https:\/\/schema.org","@type":"NewsArticle","headline":"Capgemini firma acuerdo estrat\u00e9gico con Yara para habilitar su transformaci\u00f3n digital","url":"https:\/\/www.capgemini.com\/ar-es\/news\/press-releases\/capgemini-firma-acuerdo-estrategico-con-yara-para-habilitar-su-transformacion-digital\/","mainEntityOfPage":{"@type":"WebPage","@id":"https:\/\/www.capgemini.com\/ar-es\/news\/press-releases\/capgemini-firma-acuerdo-estrategico-con-yara-para-habilitar-su-transformacion-digital\/"},"thumbnailUrl":"","image":{"@type":"ImageObject","url":""},"articleSection":"Uncategorized","author":[],"creator":[],"publisher":{"@type":"Organization","name":"Capgemini Argentina","logo":""},"keywords":[],"dateCreated":"2018-05-29T22:36:00Z","datePublished":"2018-05-29T22:36:00Z","dateModified":"2025-04-01T07:25:13Z"},"rendered":"<meta name=\"parsely-title\" content=\"Capgemini firma acuerdo estrat\u00e9gico con Yara para habilitar su transformaci\u00f3n digital\" \/>\n<meta name=\"parsely-link\" content=\"https:\/\/www.capgemini.com\/ar-es\/news\/press-releases\/capgemini-firma-acuerdo-estrategico-con-yara-para-habilitar-su-transformacion-digital\/\" \/>\n<meta name=\"parsely-type\" content=\"post\" \/>\n<meta name=\"parsely-pub-date\" content=\"2018-05-29T22:36:00Z\" \/>\n<meta name=\"parsely-section\" content=\"Uncategorized\" \/>","tracker_url":"https:\/\/cdn.parsely.com\/keys\/capgemini.com\/p.js"},"archive_status":false,"featured_image_src":"https:\/\/www.capgemini.com\/ar-es\/wp-content\/themes\/capgemini2025\/assets\/images\/mockup.png","featured_image_alt":false,"jetpack_sharing_enabled":true,"distributor_meta":false,"distributor_terms":false,"distributor_media":false,"distributor_original_site_name":"Capgemini Argentina","distributor_original_site_url":"https:\/\/www.capgemini.com\/ar-es","push-errors":false,"tag_names":[],"_links":{"self":[{"href":"https:\/\/www.capgemini.com\/ar-es\/wp-json\/wp\/v2\/press-release\/18588","targetHints":{"allow":["GET"]}}],"collection":[{"href":"https:\/\/www.capgemini.com\/ar-es\/wp-json\/wp\/v2\/press-release"}],"about":[{"href":"https:\/\/www.capgemini.com\/ar-es\/wp-json\/wp\/v2\/types\/press-release"}],"author":[{"embeddable":true,"href":"https:\/\/www.capgemini.com\/ar-es\/wp-json\/wp\/v2\/users\/336"}],"version-history":[{"count":5,"href":"https:\/\/www.capgemini.com\/ar-es\/wp-json\/wp\/v2\/press-release\/18588\/revisions"}],"predecessor-version":[{"id":517517,"href":"https:\/\/www.capgemini.com\/ar-es\/wp-json\/wp\/v2\/press-release\/18588\/revisions\/517517"}],"wp:attachment":[{"href":"https:\/\/www.capgemini.com\/ar-es\/wp-json\/wp\/v2\/media?parent=18588"}],"wp:term":[{"taxonomy":"post_tag","embeddable":true,"href":"https:\/\/www.capgemini.com\/ar-es\/wp-json\/wp\/v2\/tags?post=18588"},{"taxonomy":"press-release-type","embeddable":true,"href":"https:\/\/www.capgemini.com\/ar-es\/wp-json\/wp\/v2\/press-release-type?post=18588"},{"taxonomy":"brand","embeddable":true,"href":"https:\/\/www.capgemini.com\/ar-es\/wp-json\/wp\/v2\/brand?post=18588"}],"curies":[{"name":"wp","href":"https:\/\/api.w.org\/{rel}","templated":true}]}}