{"id":18186,"date":"2019-06-13T20:26:00","date_gmt":"2019-06-13T20:26:00","guid":{"rendered":"https:\/\/www.capgemini.com\/ar-es\/?post_type=press-release&#038;p=18186"},"modified":"2025-04-01T06:59:14","modified_gmt":"2025-04-01T06:59:14","slug":"capgemini-celebra-la-apertura-de-dos-academias-digitales-en-la-india-para-brindar-oportunidades-a-jovenes-desfavorecidos","status":"publish","type":"press-release","link":"https:\/\/www.capgemini.com\/ar-es\/news\/press-releases\/capgemini-celebra-la-apertura-de-dos-academias-digitales-en-la-india-para-brindar-oportunidades-a-jovenes-desfavorecidos\/","title":{"rendered":"Capgemini celebra la apertura de dos \u201cAcademias digitales\u201d en la India para brindar oportunidades a j\u00f3venes desfavorecidos"},"content":{"rendered":"\n<p><\/p>\n\n\n\t\t<div class=\"wp-block-cg-blocks-hero-press-release\">\n\t\t\t<header class=\"header-hero-press-release\" role=\"main\" id=\"main-content-press-release\">\n\t\t\t\t<div class=\"container\">\n\t\t\t\t\t<div class=\"hero-press-release\">\n\t\t\t\t\t\t<div class=\"hero-press-release-content-wrapper\">\n\t\t\t\t\t\t\t<div class=\"row\">\n\t\t\t\t\t\t\t\t<div class=\"col-12\">\n\t\t\t\t\t\t\t\t\t<div class=\"header-title\">\n\t\t\t\t\t\t\t\t\t\t<h1>\n\t\t\t\t\t\t\t\t\t\t\tCapgemini celebra la apertura de dos \u201cAcademias digitales\u201d en la India para brindar oportunidades a j\u00f3venes desfavorecidos\t\t\t\t\t\t\t\t\t\t<\/h1>\n\t\t\t\t\t\t\t\t\t<\/div>\n\t\t\t\t\t\t\t\t\t<div class=\"header-description\">\n\t\t\t\t\t\t\t\t\t\t<p><\/p>\n\t\t\t\t\t\t\t\t\t<\/div>\n\t\t\t\t\t\t\t\t\t\t\t\t\t\t\t\t\t\t<div class=\"header-date\">\n\t\t\t\t\t\t\t\t\t\t<span>jun. 13, 2019<\/span>\n\t\t\t\t\t\t\t\t\t<\/div>\n\t\t\t\t\t\t\t\t<\/div>\n\t\t\t\t\t\t\t<\/div>\n\t\t\t\t\t\t<\/div>\n\t\t\t\t\t\t\t\t\t\t\t\t\t<div class=\"hero-press-release-downloads\">\n\t\t\t\t\t\t\t\t<div class=\"row\">\n\t\t\t\t\t\t\t\t\t\t\t\t\t\t\t\t\t\t\t<div class=\"col-12 col-md-6 col-lg-3\">\n\t\t\t\t\t\t\t\t\t\t\t<a class=\"download-item\" type=\"download\" href=\"https:\/\/www.capgemini.com\/ar-es\/wp-content\/uploads\/sites\/28\/2022\/12\/Capgemini-celebra-la-apertura-de-dos-nuevas-Academias-digitales-en-india-sumando-a-ocho-academias-a-nivel-mundial-1.pdf\" target=\"_blank\" rel=\"noopener noreferrer\" title=\"abrir en una nueva ventana\">\n\t\t\t\t\t\t\t\t\t\t\t\t<div class=\"download-icon\"><\/div>\n\t\t\t\t\t\t\t\t\t\t\t\t<div class=\"download-details\">\n\t\t\t\t\t\t\t\t\t\t\t\t\t<div class=\"download-title\">Download press release<\/div>\n\t\t\t\t\t\t\t\t\t\t\t\t\t<div class=\"download-props\">127 KB  pdf<\/div>\n\t\t\t\t\t\t\t\t\t\t\t\t<\/div>\n\t\t\t\t\t\t\t\t\t\t\t<\/a>\n\t\t\t\t\t\t\t\t\t\t<\/div>\n\t\t\t\t\t\t\t\t\t\t\t\t\t\t\t\t\t\t<\/div>\n\t\t\t\t\t\t\t<\/div>\n\t\t\t\t\t\t\t\t\t\t\t\t\t\t\t\t\t<\/div>\n\t\t\t\t<\/div>\n\t\t\t<\/header>\n\t\t<\/div>\n\t\t\n\n\n<section class=\"wp-block-cg-blocks-group undefined section section--article-content\"><div class=\"article-main-content\"><div class=\"container\"><div class=\"row\"><div class=\"col-12 col-md-1\"><nav class=\"article-social\"><ul class=\"social-nav\"><li class=\"ip-order-fb\"><a href=\"https:\/\/www.facebook.com\/sharer\/sharer.php?u=https:\/\/www.capgemini.com\/ar-es\/?post_type=press-release&amp;p=18186\" target=\"_blank\" rel=\"noopener noreferrer\" title=\"abrir en una nueva ventana\"><i aria-hidden=\"true\" class=\"icon-fb\"><\/i><span class=\"sr-only\">Facebook<\/span><\/a><\/li><li class=\"ip-order-tw\"><a href=\"https:\/\/twitter.com\/intent\/tweet?url=https:\/\/www.capgemini.com\/ar-es\/?post_type=press-release&amp;p=18186&amp;text=\" target=\"_blank\" rel=\"noopener noreferrer\" title=\"abrir en una nueva ventana\"><i aria-hidden=\"true\" class=\"icon-tw\"><\/i><span class=\"sr-only\">Twitter<\/span><\/a><\/li><li class=\"ip-order-li\"><a href=\"https:\/\/www.linkedin.com\/sharing\/share-offsite\/?url=https:\/\/www.capgemini.com\/ar-es\/?post_type=press-release&amp;p=18186&amp;text=\" target=\"_blank\" rel=\"noopener noreferrer\" title=\"abrir en una nueva ventana\"><i aria-hidden=\"true\" class=\"icon-li\"><\/i><span class=\"sr-only\">Linkedin<\/span><\/a><\/li><\/ul><\/nav><\/div><div class=\"col-12 col-md-11 col-lg-10\"><div class=\"article-text article-quote-text\">\n<p><strong>Paris, 2019 \u2013 <a href=\"http:\/\/www.capgemini.com\/\">Capgemini<\/a> anunci\u00f3 la apertura de dos Academias digitales en la India, localizadas en Pune y Mumbai. Los centros est\u00e1n dise\u00f1ados para apoyar poblaciones excluidas al usar las habilidades colectivas del Grupo para cubrir la brecha digital. Como parte clave de su iniciativa de inclusi\u00f3n digital global<a href=\"#_ftn1\" id=\"_ftnref1\">[1] <\/a><\/strong><strong>Capgemini se ha aliado con <a href=\"https:\/\/simplon.co\/who-are-we\/\">Simplon<\/a> para hacer realidad el crecimiento de su red de &nbsp;Academias Digitales en la India.<\/strong><\/p>\n\n\n\n<p>Ofrecer programas de entrenamiento acerca de c\u00f3mo usar herramientas digitales, as\u00ed como oportunidades para aprender habilidades interpersonales que permitan acercarse a una ciudadan\u00eda digital, el objetivo de las Academias Digitales de Capgemini es facilitar la inclusi\u00f3n sostenible de un amplio grupo de personas que actualmente se encuentran excluidas de la sociedad y el mundo digital<a href=\"#_ftn1\" id=\"_ftnref1\">[1]<\/a>. Estas atienden a j\u00f3venes desfavorecidos y excluidos que no tienen acceso a &nbsp;educaci\u00f3n, empleo o capacitaci\u00f3n (NEET por sus siglas en ingl\u00e9s), as\u00ed como a personas que luchan contra el desempleo a largo plazo, con alguna discapacidad y en transici\u00f3n, como los refugiados. Tambi\u00e9n buscan involucrar activamente a grupos sin suficiente representaci\u00f3n o marginados. Al asociarse directamente con iniciativas locales, las Academias Digitales tienen como objetivo llegar al 2020 con 1,400 graduados.<\/p>\n\n\n\n<p>En menos de 2 a\u00f1os, Capgemini ha abierto Academias Digitales e iniciativas similares de inclusi\u00f3n digital en Marruecos, Am\u00e9rica del Norte, Espa\u00f1a, los Pa\u00edses Bajos y el Reino Unido. Los dos centros que se inauguraron recientemente est\u00e1n en la India y abrir\u00e1 pr\u00f3ximamente otro centro en Alemania. En Francia, Capgemini cofund\u00f3 La Grande \u00c9cole du Num\u00e9rique (GEN) con varias organizaciones p\u00fablicas y privadas \u2013 entre ellas Simplon \u2013 para ofrecer capacitaci\u00f3n digital a j\u00f3venes desfavorecidos.<\/p>\n\n\n\n<p>Thierry Delaporte, Director de Operaciones del Grupo Capgemini, comenta: <em>\u201cEn Capgemini, estamos convencidos de que la tecnolog\u00eda tiene un papel inclusivo y positivo en nuestra &nbsp;sociedad. La amplitud y profundidad de nuestras habilidades significa que estamos equipados para ser arquitectos de un futuro m\u00e1s positivo. Nuestro enfoque como Grupo Global en la inclusi\u00f3n digital nos permitir\u00e1 movilizar nuestra pasi\u00f3n colectiva, conexiones y experiencias con las habilidades digitales necesarias para mantenerse a s\u00ed mismos en el nuevo mundo resultado de la revoluci\u00f3n digital \u201c.<\/em><\/p>\n\n\n\n<p><strong>Los nuevos centros en Pune y Mumbai son los \u00faltimos en unirse a la red de la Academia Digital de Capgemini<\/strong><\/p>\n\n\n\n<p>El centro residencial solo para mujeres en Pune y un centro no residencial y mixto en Mumbai, se enfocan inicialmente en capacitar a 100 j\u00f3venes desempleados en las habilidades del futuro; 50 en cada ciudad. Los cursos t\u00e9cnicos incluir\u00e1n codificaci\u00f3n y desarrollo web, as\u00ed como habilidades blandas para asegurar que los participantes est\u00e9n listos para el trabajo. La duraci\u00f3n de cada programa de entrenamiento es de alrededor de 500 horas. Cada participante exitoso recibir\u00e1 un diploma certificado por Capgemini y sus socios.<\/p>\n\n\n\n<p><strong>Un pilar clave del programa de RSE del Grupo \u201cArquitectos de futuros positivos\u201d<\/strong><\/p>\n\n\n\n<p>Con el objetivo de concentrar el 80% de sus iniciativas de impacto social en la promoci\u00f3n de la inclusi\u00f3n digital y las habilidades del futuro para 2020, Capgemini busca ayudar a las poblaciones excluidas, especialmente de las partes desfavorecidas o desplazadas de la sociedad, a aprovechar las oportunidades que ofrece un estilo de vida digital y el uso cotidiano de las herramientas digitales. Adem\u00e1s, asegurar\u00e1 que la experiencia y las capacidades globales espec\u00edficas de Capgemini se maximicen, a trav\u00e9s del trabajo con socios innovadores como las organizaciones sociales globales, as\u00ed como otras corporaciones e institutos.<\/p>\n\n\n\n<p>La iniciativa de inclusi\u00f3n digital de Capgemini es un pilar clave de su programa de RSE \u201cArquitectos Futuros Positivos\u201d. Las otras dos \u00e1reas de enfoque se centran en:<\/p>\n\n\n\n<ul class=\"wp-block-list\">\n<li>Diversidad: para construir un lugar de trabajo inclusivo y atraer y retener una fuerza laboral diversa que permita a Capgemini y sus empleados prosperar.<\/li>\n\n\n\n<li>Sostenibilidad ambiental: para minimizar los impactos ambientales propios de Capgemini relacionados con el negocio, y brindar apoyo a sus clientes con sus desaf\u00edos de sostenibilidad.<\/li>\n<\/ul>\n\n\n\n<p>Para obtener m\u00e1s informaci\u00f3n sobre el programa de RSE global de Capgemini y la nueva iniciativa de inclusi\u00f3n digital anunciada hoy, visite <a href=\"\/ar-es\/sobre-nosotros\/csr\/inclusion-digital\/\">https:\/\/www.capgemini.com\/our-company\/our-corporate-social-responsibility-program\/digital-inclusion\/<\/a><\/p>\n\n\n\n<p><strong>Acerca de Capgemini<\/strong><\/p>\n\n\n\n<p>L\u00edder global en consultor\u00eda, servicios de tecnolog\u00eda, y transformaci\u00f3n digital, Capgemini est\u00e1 a la cabeza de la innovaci\u00f3n para enfrentar las oportunidades de nuestros clientes en el cambiante mundo de la nube, digital y plataformas. Bas\u00e1ndose en su s\u00f3lida herencia de 50 a\u00f1os y profunda experiencia espec\u00edfica de las industrias, Capgemini habilita a las organizaciones a alcanzar sus ambiciones de negocio a trav\u00e9s de un conjunto de servicios que van desde la estrategia hasta las operaciones. Capgemini se impulsa por la convicci\u00f3n que el valor de negocio de la tecnolog\u00eda viene de y a trav\u00e9s de las personas. Es una compa\u00f1\u00eda multicultural con 200,000 miembros del equipo en m\u00e1s de 40 pa\u00edses. El Grupo report\u00f3 ingresos globales de 13.2 miles de millones de Euros en 2018.<\/p>\n\n\n\n<p>Vis\u00edtanos en <a href=\"\/ar-es\/\">www.capgemini.com\/ar-es\/<\/a>. <em>People matter, results count.<\/em><\/p>\n\n\n\n<p><a href=\"#_ftnref1\" id=\"_ftn1\">[1]<\/a> La inclusi\u00f3n digital es la inclusi\u00f3n social en el siglo XXI que garantiza que las personas y los grupos desfavorecidos tengan acceso a las Tecnolog\u00edas de la Informaci\u00f3n y la Comunicaci\u00f3n (TIC) y las habilidades para utilizarlas, por lo que pueden participar y beneficiarse de la sociedad de la informaci\u00f3n y el conocimiento en crecimiento.<\/p>\n\n\n<div class=\"wp-block-cg-blocks-cg-block-related-content\"><section class=\"relatedContentBlock\"><div class=\"container\"><div class=\"row\"><div class=\"content-title col-12 col-md-8\"><h2 class=\"related-content-heading\">Related News<\/h2><\/div><\/div><div class=\"row relatedContent\"><div class=\"col-lg-4 col-md-6 col-xs-12\">\n\t\t\t\t\t\t\t<div class=\"box\">\n\t\t\t\t\t\t\t\t<a aria-label=\"Leer m\u00e1s sobre Capgemini anuncia la salida de William Roz\u00e9 del Grupo\" href=\"https:\/\/www.capgemini.com\/ar-es\/news\/capgemini-anuncia-la-salida-de-william-roze-del-grupo\/\" class=\"anchorWrapper\">\n\t\t\t\t\t\t\t\t\t<span class=\"box-tag\"><span>Corporate news<\/span><\/span>\n\t\t\t\t\t\t\t\t\t<div class=\"box-title\"><h3 class=\"box-subtitle\">Capgemini anuncia la salida de William Roz\u00e9 del Grupo<\/h3><\/div>\n\t\t\t\t\t\t\t\t\t<div class=\"box-date\">\n\t\t\t\t\t\t\t\t\t\t<span>Aug 20, 2025<\/span>\n\t\t\t\t\t\t\t\t\t<\/div>\n\t\t\t\t\t\t\t\t\t<div class=\"box-bottom\">\n\t\t\t\t\t\t\t\t\t\t&lt;a class=&quot;link-download&quot; href=&quot;https:\/\/www.capgemini.com\/mx-es\/wp-content\/uploads\/sites\/28\/2025\/08\/ESP_08_01_Capgemini-announces-William-Rozes-departure-from-the-Group_REV_JG.pdf&quot; aria-label=&quot;Descargar nota de prensa&quot; target=&quot;_blank&quot;  type=&quot;download&quot; title=&quot;Opens in a new window&quot;&gt;\n\t\t\t\t\t\t\t&lt;span&gt;Descargar nota de prensa&lt;\/span&gt;\n\t\t\t\t\t\t\t&lt;span&gt;89 KB PDF&lt;\/span&gt;\n\t\t\t\t\t\t&lt;\/a&gt;\n\t\t\t\t\t\t\t\t\t\t<a class=\"more\" aria-label=\"Leer m\u00e1s sobre Capgemini anuncia la salida de William Roz\u00e9 del Grupo\" href=\"https:\/\/www.capgemini.com\/ar-es\/news\/capgemini-anuncia-la-salida-de-william-roze-del-grupo\/\">Leer m\u00e1s sobre<\/a>\n\t\t\t\t\t\t\t\t\t<\/div>\n\t\t\t\t\t\t\t\t<\/a>\n\t\t\t\t\t\t\t<\/div>\n\t\t\t\t\t\t<\/div><div class=\"col-lg-4 col-md-6 col-xs-12\">\n\t\t\t\t\t\t\t<div class=\"box\">\n\t\t\t\t\t\t\t\t<a aria-label=\"Leer m\u00e1s sobre Capgemini presenta un marco estrat\u00e9gico de IA para convertir la ambici\u00f3n empresarial en un impacto comercial medible\" href=\"https:\/\/www.capgemini.com\/ar-es\/news\/capgemini-unveils-strategic-ai-framework-to-turn-enterprise-ambition-into-measurable-business-impact\/\" class=\"anchorWrapper\">\n\t\t\t\t\t\t\t\t\t<span class=\"box-tag\"><span>Corporate news<\/span><\/span>\n\t\t\t\t\t\t\t\t\t<div class=\"box-title\"><h3 class=\"box-subtitle\">Capgemini presenta un marco estrat\u00e9gico de IA para convertir la ambici\u00f3n empresarial en un impacto comercial medible<\/h3><\/div>\n\t\t\t\t\t\t\t\t\t<div class=\"box-date\">\n\t\t\t\t\t\t\t\t\t\t<span>Aug 20, 2025<\/span>\n\t\t\t\t\t\t\t\t\t<\/div>\n\t\t\t\t\t\t\t\t\t<div class=\"box-bottom\">\n\t\t\t\t\t\t\t\t\t\t&lt;a class=&quot;link-download&quot; href=&quot;https:\/\/www.capgemini.com\/wp-content\/uploads\/2025\/07\/07_03_Resonance-AI-Framework_EN-1.pdf&quot; aria-label=&quot;Descargar nota de prensa&quot; target=&quot;_blank&quot;  type=&quot;download&quot; title=&quot;Opens in a new window&quot;&gt;\n\t\t\t\t\t\t\t&lt;span&gt;Descargar nota de prensa&lt;\/span&gt;\n\t\t\t\t\t\t\t&lt;span&gt;146 KB PDF&lt;\/span&gt;\n\t\t\t\t\t\t&lt;\/a&gt;\n\t\t\t\t\t\t\t\t\t\t<a class=\"more\" aria-label=\"Leer m\u00e1s sobre Capgemini presenta un marco estrat\u00e9gico de IA para convertir la ambici\u00f3n empresarial en un impacto comercial medible\" href=\"https:\/\/www.capgemini.com\/ar-es\/news\/capgemini-unveils-strategic-ai-framework-to-turn-enterprise-ambition-into-measurable-business-impact\/\">Leer m\u00e1s sobre<\/a>\n\t\t\t\t\t\t\t\t\t<\/div>\n\t\t\t\t\t\t\t\t<\/a>\n\t\t\t\t\t\t\t<\/div>\n\t\t\t\t\t\t<\/div><div class=\"col-lg-4 col-md-6 col-xs-12\">\n\t\t\t\t\t\t\t<div class=\"box\">\n\t\t\t\t\t\t\t\t<a aria-label=\"Leer m\u00e1s sobre Capgemini adquiere Chappuis Halder &#038; Cie para ampliar su experiencia en consultor\u00eda en Servicios Financieros\" href=\"https:\/\/www.capgemini.com\/ar-es\/news\/press-releases\/capgemini-adquiere-chappuis-halder-cie-para-ampliar-su-experiencia-en-consultoria-en-servicios-financieros\/\" class=\"anchorWrapper\">\n\t\t\t\t\t\t\t\t\t<span class=\"box-tag\"><span>Corporate news<\/span><\/span>\n\t\t\t\t\t\t\t\t\t<div class=\"box-title\"><h3 class=\"box-subtitle\">Capgemini adquiere Chappuis Halder &#038; Cie para ampliar su experiencia en consultor\u00eda en Servicios Financieros<\/h3><\/div>\n\t\t\t\t\t\t\t\t\t<div class=\"box-date\">\n\t\t\t\t\t\t\t\t\t\t<span>Jun 23, 2022<\/span>\n\t\t\t\t\t\t\t\t\t<\/div>\n\t\t\t\t\t\t\t\t\t<div class=\"box-bottom\">\n\t\t\t\t\t\t\t\t\t\t&lt;a class=&quot;link-download&quot; href=&quot;https:\/\/www.capgemini.com\/ar-es\/wp-content\/uploads\/sites\/28\/2022\/12\/Capgemini-adquiere-Chappuis-Halder-Cie-para-ampliar-su-experiencia-en-consultoria-en-Servicios-Financieros.pdf&quot; aria-label=&quot;Descargar nota de prensa&quot; target=&quot;_blank&quot;  type=&quot;download&quot; title=&quot;Opens in a new window&quot;&gt;\n\t\t\t\t\t\t\t&lt;span&gt;Descargar nota de prensa&lt;\/span&gt;\n\t\t\t\t\t\t\t&lt;span&gt;86 KB PDF&lt;\/span&gt;\n\t\t\t\t\t\t&lt;\/a&gt;\n\t\t\t\t\t\t\t\t\t\t<a class=\"more\" aria-label=\"Leer m\u00e1s sobre Capgemini adquiere Chappuis Halder &#038; Cie para ampliar su experiencia en consultor\u00eda en Servicios Financieros\" href=\"https:\/\/www.capgemini.com\/ar-es\/news\/press-releases\/capgemini-adquiere-chappuis-halder-cie-para-ampliar-su-experiencia-en-consultoria-en-servicios-financieros\/\">Leer m\u00e1s sobre<\/a>\n\t\t\t\t\t\t\t\t\t<\/div>\n\t\t\t\t\t\t\t\t<\/a>\n\t\t\t\t\t\t\t<\/div>\n\t\t\t\t\t\t<\/div><\/div><\/div><\/section><\/div><\/div><\/div><\/div><\/div><\/div><\/section>\n","protected":false},"excerpt":{"rendered":"","protected":false},"author":336,"featured_media":0,"template":"","meta":{"cg_dt_proposed_to":[],"cg_seo_hreflang_relations":"[]","cg_seo_canonical_relation":"","cg_seo_hreflang_x_default_relation":"{\"uuid\":\"b66b870b-13d2-4bc2-bed3-524b42f43f6a\",\"blogId\":\"\",\"domain\":\"\",\"sitePath\":\"\",\"postLink\":\"\",\"postId\":null,\"isSaved\":false,\"isCrossLink\":false,\"hasCrossLink\":false}","cg_dt_approved_content":true,"cg_dt_mandatory_content":false,"cg_dt_notes":"","cg_dg_source_changed":false,"cg_dt_link_disabled":false,"footnotes":"","related_resource_url":"https:\/\/www.capgemini.com\/ar-es\/wp-content\/uploads\/sites\/28\/2022\/12\/Capgemini-celebra-la-apertura-de-dos-nuevas-Academias-digitales-en-india-sumando-a-ocho-academias-a-nivel-mundial-1.pdf","related_resource_id":18187,"related_resource_size":"127 KB","related_resource_type":"pdf","cg_author":0,"featured_focal_points":""},"tags":[],"press-release-type":[126],"brand":[],"class_list":["post-18186","press-release","type-press-release","status-publish","hentry","press-release-type-corporate-news"],"yoast_head":"<!-- This site is optimized with the Yoast SEO Premium plugin v22.8 (Yoast SEO v22.8) - https:\/\/yoast.com\/wordpress\/plugins\/seo\/ -->\n<title>Capgemini celebra la apertura de dos \u201cAcademias digitales\u201d en la India para brindar oportunidades a j\u00f3venes desfavorecidos | Capgemini<\/title>\n<meta name=\"description\" content=\"Capgemini anunci\u00f3 la apertura de dos Academias digitales en la India, localizadas en Pune y Mumbai.\" \/>\n<meta name=\"robots\" content=\"index, follow, max-snippet:-1, max-image-preview:large, max-video-preview:-1\" \/>\n<link rel=\"canonical\" href=\"https:\/\/www.capgemini.com\/ar-es\/news\/press-releases\/capgemini-celebra-la-apertura-de-dos-academias-digitales-en-la-india-para-brindar-oportunidades-a-jovenes-desfavorecidos\/\" \/>\n<meta property=\"og:locale\" content=\"es_MX\" \/>\n<meta property=\"og:type\" content=\"article\" \/>\n<meta property=\"og:title\" content=\"Capgemini celebra la apertura de dos \u201cAcademias digitales\u201d en la India para brindar oportunidades a j\u00f3venes desfavorecidos\" \/>\n<meta property=\"og:description\" content=\"Capgemini anunci\u00f3 la apertura de dos Academias digitales en la India, localizadas en Pune y Mumbai.\" \/>\n<meta property=\"og:url\" content=\"https:\/\/www.capgemini.com\/ar-es\/news\/press-releases\/capgemini-celebra-la-apertura-de-dos-academias-digitales-en-la-india-para-brindar-oportunidades-a-jovenes-desfavorecidos\/\" \/>\n<meta property=\"og:site_name\" content=\"Capgemini Argentina\" \/>\n<meta property=\"article:modified_time\" content=\"2025-04-01T06:59:14+00:00\" \/>\n<meta property=\"og:image\" content=\"https:\/\/www.capgemini.com\/ar-es\/wp-content\/uploads\/sites\/9\/2025\/10\/New-Web-preview-global.jpg\" \/>\n\t<meta property=\"og:image:width\" content=\"1200\" \/>\n\t<meta property=\"og:image:height\" content=\"627\" \/>\n\t<meta property=\"og:image:type\" content=\"image\/jpeg\" \/>\n<meta name=\"twitter:card\" content=\"summary_large_image\" \/>\n<meta name=\"twitter:label1\" content=\"Est. reading time\" \/>\n\t<meta name=\"twitter:data1\" content=\"4 minutes\" \/>\n<script type=\"application\/ld+json\" class=\"yoast-schema-graph\">{\"@context\":\"https:\/\/schema.org\",\"@graph\":[{\"@type\":\"WebPage\",\"@id\":\"https:\/\/www.capgemini.com\/ar-es\/news\/press-releases\/capgemini-celebra-la-apertura-de-dos-academias-digitales-en-la-india-para-brindar-oportunidades-a-jovenes-desfavorecidos\/\",\"url\":\"https:\/\/www.capgemini.com\/ar-es\/news\/press-releases\/capgemini-celebra-la-apertura-de-dos-academias-digitales-en-la-india-para-brindar-oportunidades-a-jovenes-desfavorecidos\/\",\"name\":\"Capgemini celebra la apertura de dos \u201cAcademias digitales\u201d en la India para brindar oportunidades a j\u00f3venes desfavorecidos | Capgemini\",\"isPartOf\":{\"@id\":\"https:\/\/www.capgemini.com\/ar-es\/#website\"},\"datePublished\":\"2019-06-13T20:26:00+00:00\",\"dateModified\":\"2025-04-01T06:59:14+00:00\",\"description\":\"Capgemini anunci\u00f3 la apertura de dos Academias digitales en la India, localizadas en Pune y Mumbai.\",\"breadcrumb\":{\"@id\":\"https:\/\/www.capgemini.com\/ar-es\/news\/press-releases\/capgemini-celebra-la-apertura-de-dos-academias-digitales-en-la-india-para-brindar-oportunidades-a-jovenes-desfavorecidos\/#breadcrumb\"},\"inLanguage\":\"es-MX\",\"potentialAction\":[{\"@type\":\"ReadAction\",\"target\":[\"https:\/\/www.capgemini.com\/ar-es\/news\/press-releases\/capgemini-celebra-la-apertura-de-dos-academias-digitales-en-la-india-para-brindar-oportunidades-a-jovenes-desfavorecidos\/\"]}]},{\"@type\":\"BreadcrumbList\",\"@id\":\"https:\/\/www.capgemini.com\/ar-es\/news\/press-releases\/capgemini-celebra-la-apertura-de-dos-academias-digitales-en-la-india-para-brindar-oportunidades-a-jovenes-desfavorecidos\/#breadcrumb\",\"itemListElement\":[{\"@type\":\"ListItem\",\"position\":1,\"name\":\"Home\",\"item\":\"https:\/\/www.capgemini.com\/ar-es\/\"},{\"@type\":\"ListItem\",\"position\":2,\"name\":\"Press Releases\",\"item\":\"https:\/\/www.capgemini.com\/ar-es\/news\/\"},{\"@type\":\"ListItem\",\"position\":3,\"name\":\"Capgemini celebra la apertura de dos \u201cAcademias digitales\u201d en la India para brindar oportunidades a j\u00f3venes desfavorecidos\"}]},{\"@type\":\"WebSite\",\"@id\":\"https:\/\/www.capgemini.com\/ar-es\/#website\",\"url\":\"https:\/\/www.capgemini.com\/ar-es\/\",\"name\":\"Capgemini Argentina\",\"description\":\"Capgemini\",\"potentialAction\":[{\"@type\":\"SearchAction\",\"target\":{\"@type\":\"EntryPoint\",\"urlTemplate\":\"https:\/\/www.capgemini.com\/ar-es\/?s={search_term_string}\"},\"query-input\":\"required name=search_term_string\"}],\"inLanguage\":\"es-MX\"}]}<\/script>\n<!-- \/ Yoast SEO Premium plugin. -->","yoast_head_json":{"title":"Capgemini celebra la apertura de dos \u201cAcademias digitales\u201d en la India para brindar oportunidades a j\u00f3venes desfavorecidos | Capgemini","description":"Capgemini anunci\u00f3 la apertura de dos Academias digitales en la India, localizadas en Pune y Mumbai.","robots":{"index":"index","follow":"follow","max-snippet":"max-snippet:-1","max-image-preview":"max-image-preview:large","max-video-preview":"max-video-preview:-1"},"canonical":"https:\/\/www.capgemini.com\/ar-es\/news\/press-releases\/capgemini-celebra-la-apertura-de-dos-academias-digitales-en-la-india-para-brindar-oportunidades-a-jovenes-desfavorecidos\/","og_locale":"es_MX","og_type":"article","og_title":"Capgemini celebra la apertura de dos \u201cAcademias digitales\u201d en la India para brindar oportunidades a j\u00f3venes desfavorecidos","og_description":"Capgemini anunci\u00f3 la apertura de dos Academias digitales en la India, localizadas en Pune y Mumbai.","og_url":"https:\/\/www.capgemini.com\/ar-es\/news\/press-releases\/capgemini-celebra-la-apertura-de-dos-academias-digitales-en-la-india-para-brindar-oportunidades-a-jovenes-desfavorecidos\/","og_site_name":"Capgemini Argentina","article_modified_time":"2025-04-01T06:59:14+00:00","og_image":[{"width":1200,"height":627,"url":"https:\/\/www.capgemini.com\/ar-es\/wp-content\/uploads\/sites\/9\/2025\/10\/New-Web-preview-global.jpg","type":"image\/jpeg"}],"twitter_card":"summary_large_image","twitter_misc":{"Est. reading time":"4 minutes"},"schema":{"@context":"https:\/\/schema.org","@graph":[{"@type":"WebPage","@id":"https:\/\/www.capgemini.com\/ar-es\/news\/press-releases\/capgemini-celebra-la-apertura-de-dos-academias-digitales-en-la-india-para-brindar-oportunidades-a-jovenes-desfavorecidos\/","url":"https:\/\/www.capgemini.com\/ar-es\/news\/press-releases\/capgemini-celebra-la-apertura-de-dos-academias-digitales-en-la-india-para-brindar-oportunidades-a-jovenes-desfavorecidos\/","name":"Capgemini celebra la apertura de dos \u201cAcademias digitales\u201d en la India para brindar oportunidades a j\u00f3venes desfavorecidos | Capgemini","isPartOf":{"@id":"https:\/\/www.capgemini.com\/ar-es\/#website"},"datePublished":"2019-06-13T20:26:00+00:00","dateModified":"2025-04-01T06:59:14+00:00","description":"Capgemini anunci\u00f3 la apertura de dos Academias digitales en la India, localizadas en Pune y Mumbai.","breadcrumb":{"@id":"https:\/\/www.capgemini.com\/ar-es\/news\/press-releases\/capgemini-celebra-la-apertura-de-dos-academias-digitales-en-la-india-para-brindar-oportunidades-a-jovenes-desfavorecidos\/#breadcrumb"},"inLanguage":"es-MX","potentialAction":[{"@type":"ReadAction","target":["https:\/\/www.capgemini.com\/ar-es\/news\/press-releases\/capgemini-celebra-la-apertura-de-dos-academias-digitales-en-la-india-para-brindar-oportunidades-a-jovenes-desfavorecidos\/"]}]},{"@type":"BreadcrumbList","@id":"https:\/\/www.capgemini.com\/ar-es\/news\/press-releases\/capgemini-celebra-la-apertura-de-dos-academias-digitales-en-la-india-para-brindar-oportunidades-a-jovenes-desfavorecidos\/#breadcrumb","itemListElement":[{"@type":"ListItem","position":1,"name":"Home","item":"https:\/\/www.capgemini.com\/ar-es\/"},{"@type":"ListItem","position":2,"name":"Press Releases","item":"https:\/\/www.capgemini.com\/ar-es\/news\/"},{"@type":"ListItem","position":3,"name":"Capgemini celebra la apertura de dos \u201cAcademias digitales\u201d en la India para brindar oportunidades a j\u00f3venes desfavorecidos"}]},{"@type":"WebSite","@id":"https:\/\/www.capgemini.com\/ar-es\/#website","url":"https:\/\/www.capgemini.com\/ar-es\/","name":"Capgemini Argentina","description":"Capgemini","potentialAction":[{"@type":"SearchAction","target":{"@type":"EntryPoint","urlTemplate":"https:\/\/www.capgemini.com\/ar-es\/?s={search_term_string}"},"query-input":"required name=search_term_string"}],"inLanguage":"es-MX"}]}},"parsely":{"version":"1.1.0","canonical_url":"https:\/\/capgemini.com\/ar-es\/news\/press-releases\/capgemini-celebra-la-apertura-de-dos-academias-digitales-en-la-india-para-brindar-oportunidades-a-jovenes-desfavorecidos\/","smart_links":{"inbound":0,"outbound":0},"traffic_boost_suggestions_count":0,"meta":{"@context":"https:\/\/schema.org","@type":"NewsArticle","headline":"Capgemini celebra la apertura de dos \u201cAcademias digitales\u201d en la India para brindar oportunidades a j\u00f3venes desfavorecidos","url":"https:\/\/www.capgemini.com\/ar-es\/news\/press-releases\/capgemini-celebra-la-apertura-de-dos-academias-digitales-en-la-india-para-brindar-oportunidades-a-jovenes-desfavorecidos\/","mainEntityOfPage":{"@type":"WebPage","@id":"https:\/\/www.capgemini.com\/ar-es\/news\/press-releases\/capgemini-celebra-la-apertura-de-dos-academias-digitales-en-la-india-para-brindar-oportunidades-a-jovenes-desfavorecidos\/"},"thumbnailUrl":"","image":{"@type":"ImageObject","url":""},"articleSection":"Uncategorized","author":[],"creator":[],"publisher":{"@type":"Organization","name":"Capgemini Argentina","logo":""},"keywords":[],"dateCreated":"2019-06-13T20:26:00Z","datePublished":"2019-06-13T20:26:00Z","dateModified":"2025-04-01T06:59:14Z"},"rendered":"<meta name=\"parsely-title\" content=\"Capgemini celebra la apertura de dos \u201cAcademias digitales\u201d en la India para brindar oportunidades a j\u00f3venes desfavorecidos\" \/>\n<meta name=\"parsely-link\" content=\"https:\/\/www.capgemini.com\/ar-es\/news\/press-releases\/capgemini-celebra-la-apertura-de-dos-academias-digitales-en-la-india-para-brindar-oportunidades-a-jovenes-desfavorecidos\/\" \/>\n<meta name=\"parsely-type\" content=\"post\" \/>\n<meta name=\"parsely-pub-date\" content=\"2019-06-13T20:26:00Z\" \/>\n<meta name=\"parsely-section\" content=\"Uncategorized\" \/>","tracker_url":"https:\/\/cdn.parsely.com\/keys\/capgemini.com\/p.js"},"archive_status":false,"featured_image_src":"https:\/\/www.capgemini.com\/ar-es\/wp-content\/themes\/capgemini2025\/assets\/images\/mockup.png","featured_image_alt":false,"jetpack_sharing_enabled":true,"distributor_meta":false,"distributor_terms":false,"distributor_media":false,"distributor_original_site_name":"Capgemini Argentina","distributor_original_site_url":"https:\/\/www.capgemini.com\/ar-es","push-errors":false,"tag_names":[],"_links":{"self":[{"href":"https:\/\/www.capgemini.com\/ar-es\/wp-json\/wp\/v2\/press-release\/18186","targetHints":{"allow":["GET"]}}],"collection":[{"href":"https:\/\/www.capgemini.com\/ar-es\/wp-json\/wp\/v2\/press-release"}],"about":[{"href":"https:\/\/www.capgemini.com\/ar-es\/wp-json\/wp\/v2\/types\/press-release"}],"author":[{"embeddable":true,"href":"https:\/\/www.capgemini.com\/ar-es\/wp-json\/wp\/v2\/users\/336"}],"version-history":[{"count":5,"href":"https:\/\/www.capgemini.com\/ar-es\/wp-json\/wp\/v2\/press-release\/18186\/revisions"}],"predecessor-version":[{"id":517452,"href":"https:\/\/www.capgemini.com\/ar-es\/wp-json\/wp\/v2\/press-release\/18186\/revisions\/517452"}],"wp:attachment":[{"href":"https:\/\/www.capgemini.com\/ar-es\/wp-json\/wp\/v2\/media?parent=18186"}],"wp:term":[{"taxonomy":"post_tag","embeddable":true,"href":"https:\/\/www.capgemini.com\/ar-es\/wp-json\/wp\/v2\/tags?post=18186"},{"taxonomy":"press-release-type","embeddable":true,"href":"https:\/\/www.capgemini.com\/ar-es\/wp-json\/wp\/v2\/press-release-type?post=18186"},{"taxonomy":"brand","embeddable":true,"href":"https:\/\/www.capgemini.com\/ar-es\/wp-json\/wp\/v2\/brand?post=18186"}],"curies":[{"name":"wp","href":"https:\/\/api.w.org\/{rel}","templated":true}]}}