{"id":17235,"date":"2021-08-09T14:50:00","date_gmt":"2021-08-09T14:50:00","guid":{"rendered":"https:\/\/www.capgemini.com\/ar-es\/?post_type=press-release&#038;p=17235"},"modified":"2025-04-01T06:00:04","modified_gmt":"2025-04-01T06:00:04","slug":"capgemini-acelera-su-transicion-a-una-flota-de-vehiculos-100-hibridos-y-electricos","status":"publish","type":"press-release","link":"https:\/\/www.capgemini.com\/ar-es\/news\/press-releases\/capgemini-acelera-su-transicion-a-una-flota-de-vehiculos-100-hibridos-y-electricos\/","title":{"rendered":"Capgemini acelera su transici\u00f3n a una flota de veh\u00edculos 100% h\u00edbridos y el\u00e9ctricos"},"content":{"rendered":"\n<p><\/p>\n\n\n\t\t<div class=\"wp-block-cg-blocks-hero-press-release\">\n\t\t\t<header class=\"header-hero-press-release\" role=\"main\" id=\"main-content-press-release\">\n\t\t\t\t<div class=\"container\">\n\t\t\t\t\t<div class=\"hero-press-release\">\n\t\t\t\t\t\t<div class=\"hero-press-release-content-wrapper\">\n\t\t\t\t\t\t\t<div class=\"row\">\n\t\t\t\t\t\t\t\t<div class=\"col-12\">\n\t\t\t\t\t\t\t\t\t<div class=\"header-title\">\n\t\t\t\t\t\t\t\t\t\t<h1>\n\t\t\t\t\t\t\t\t\t\t\tCapgemini acelera su transici\u00f3n a una flota de veh\u00edculos 100% h\u00edbridos y el\u00e9ctricos\t\t\t\t\t\t\t\t\t\t<\/h1>\n\t\t\t\t\t\t\t\t\t<\/div>\n\t\t\t\t\t\t\t\t\t<div class=\"header-description\">\n\t\t\t\t\t\t\t\t\t\t<p><\/p>\n\t\t\t\t\t\t\t\t\t<\/div>\n\t\t\t\t\t\t\t\t\t\t\t\t\t\t\t\t\t\t<div class=\"header-date\">\n\t\t\t\t\t\t\t\t\t\t<span>ago. 9, 2021<\/span>\n\t\t\t\t\t\t\t\t\t<\/div>\n\t\t\t\t\t\t\t\t<\/div>\n\t\t\t\t\t\t\t<\/div>\n\t\t\t\t\t\t<\/div>\n\t\t\t\t\t\t\t\t\t\t\t\t\t<div class=\"hero-press-release-downloads\">\n\t\t\t\t\t\t\t\t<div class=\"row\">\n\t\t\t\t\t\t\t\t\t\t\t\t\t\t\t\t\t\t\t<div class=\"col-12 col-md-6 col-lg-3\">\n\t\t\t\t\t\t\t\t\t\t\t<a class=\"download-item\" type=\"download\" href=\"https:\/\/www.capgemini.com\/ar-es\/wp-content\/uploads\/sites\/28\/2022\/12\/Capgemini-acelera-su-transicion-a-una-flota-de-vehiculos-100-hibridos-y-electricos.pdf\" target=\"_blank\" rel=\"noopener noreferrer\" title=\"abrir en una nueva ventana\">\n\t\t\t\t\t\t\t\t\t\t\t\t<div class=\"download-icon\"><\/div>\n\t\t\t\t\t\t\t\t\t\t\t\t<div class=\"download-details\">\n\t\t\t\t\t\t\t\t\t\t\t\t\t<div class=\"download-title\">Download press release<\/div>\n\t\t\t\t\t\t\t\t\t\t\t\t\t<div class=\"download-props\">141 KB  pdf<\/div>\n\t\t\t\t\t\t\t\t\t\t\t\t<\/div>\n\t\t\t\t\t\t\t\t\t\t\t<\/a>\n\t\t\t\t\t\t\t\t\t\t<\/div>\n\t\t\t\t\t\t\t\t\t\t\t\t\t\t\t\t\t\t<\/div>\n\t\t\t\t\t\t\t<\/div>\n\t\t\t\t\t\t\t\t\t\t\t\t\t\t\t\t\t<\/div>\n\t\t\t\t<\/div>\n\t\t\t<\/header>\n\t\t<\/div>\n\t\t\n\n\n<section class=\"wp-block-cg-blocks-group undefined section section--article-content\"><div class=\"article-main-content\"><div class=\"container\"><div class=\"row\"><div class=\"col-12 col-md-1\"><nav class=\"article-social\"><ul class=\"social-nav\"><li class=\"ip-order-fb\"><a href=\"https:\/\/www.facebook.com\/sharer\/sharer.php?u=https:\/\/www.capgemini.com\/ar-es\/?post_type=press-release&amp;p=17235\" target=\"_blank\" rel=\"noopener noreferrer\" title=\"abrir en una nueva ventana\"><i aria-hidden=\"true\" class=\"icon-fb\"><\/i><span class=\"sr-only\">Facebook<\/span><\/a><\/li><li class=\"ip-order-tw\"><a href=\"https:\/\/twitter.com\/intent\/tweet?url=https:\/\/www.capgemini.com\/ar-es\/?post_type=press-release&amp;p=17235&amp;text=\" target=\"_blank\" rel=\"noopener noreferrer\" title=\"abrir en una nueva ventana\"><i aria-hidden=\"true\" class=\"icon-tw\"><\/i><span class=\"sr-only\">Twitter<\/span><\/a><\/li><li class=\"ip-order-li\"><a href=\"https:\/\/www.linkedin.com\/sharing\/share-offsite\/?url=https:\/\/www.capgemini.com\/ar-es\/?post_type=press-release&amp;p=17235&amp;text=\" target=\"_blank\" rel=\"noopener noreferrer\" title=\"abrir en una nueva ventana\"><i aria-hidden=\"true\" class=\"icon-li\"><\/i><span class=\"sr-only\">Linkedin<\/span><\/a><\/li><\/ul><\/nav><\/div><div class=\"col-12 col-md-11 col-lg-10\"><div class=\"article-text article-quote-text\">\n<p><em><strong>El programa global contribuir\u00e1 a su objetivo para convertirse en un grupo \u201ccarbono neutral\u201d para 2025 y \u201cneto cero\u201d para 2030<\/strong><\/em><\/p>\n\n\n\n<p><strong>Par\u00eds, a 9 de agosto de 2021 \u2013 <\/strong><a href=\"http:\/\/www.capgemini.com\/ar-es\/\"><strong>Capgemini<\/strong><\/a><strong> anunci\u00f3 que ahora solo adquirir\u00e1 autom\u00f3viles y camionetas h\u00edbridas y el\u00e9ctricas para su flota de 12,000 veh\u00edculos, frenando de inmediato el pedido de nuevos autom\u00f3viles de di\u00e9sel o gasolina pura en su transici\u00f3n hacia una flota totalmente el\u00e9ctrica para 2030. La iniciativa apoya su ambici\u00f3n de lograr la neutralidad de carbono en sus operaciones a m\u00e1s tardar en 2025 y ser neto cero para 2030<a href=\"#_ftn1\" id=\"_ftnref1\">[1]<\/a>.<\/strong><\/p>\n\n\n\n<p>Capgemini tambi\u00e9n se ha sumado a la <a href=\"https:\/\/www.theclimategroup.org\/ev100\">iniciativa global EV100<\/a>, que agrupa a compa\u00f1\u00edas que est\u00e1n cambiando sus flotas a veh\u00edculos el\u00e9ctricos (VE), para reforzar su compromiso de acelerar su transici\u00f3n global a una flota 100% el\u00e9ctrica. Dado que los viajes de negocios de Capgemini antes de COVID19 representaban el 10% de las emisiones de los autom\u00f3viles de la empresa, se espera que esta transici\u00f3n tenga un impacto significativo. El compromiso con los VE es parte de una <a href=\"https:\/\/www.capgemini.com\/2021\/07\/road-to-net-zero-sustainable-travel-in-a-post-covid-world\">transformaci\u00f3n de traslados sostenibles m\u00e1s amplia<\/a> que incluye la introducci\u00f3n de una nueva pol\u00edtica de viajes para reducir los traslados de negocios siempre que sea posible, ayudar a los empleados a elegir opciones con menos emisiones de carbono y centrarse en los desplazamientos sostenibles.<\/p>\n\n\n\n<p>El Grupo ha acordado nuevos contratos con empresas de arrendamiento seleccionadas y fabricantes de autom\u00f3viles que ofrecen veh\u00edculos el\u00e9ctricos e h\u00edbridos. Esta pol\u00edtica para suspender todos los pedidos de veh\u00edculos de di\u00e9sel y gasolina con motores de combusti\u00f3n interna puros (ICE, por sus siglas en ingl\u00e9s) ya ha comenzado a generar resultados sostenibles. Alrededor del 13% de los autom\u00f3viles m\u00e1s contaminantes de la flota de Capgemini desaparecer\u00e1n este a\u00f1o y un 24% m\u00e1s en 2022. A finales de 2022, m\u00e1s del 50% de la flota del Grupo ser\u00e1 h\u00edbrida o el\u00e9ctrica, y el 100% a finales de 2025.<\/p>\n\n\n\n<p>Vincent Moreau, director global de Gesti\u00f3n inmobiliaria y de flotas de Capgemini, coment\u00f3:<em> \u201cA medida que aumentan las inquietudes sobre el impacto de las emisiones de carbono en el cambio clim\u00e1tico y sus consecuencias, nosotros, como l\u00edder mundial, estamos comprometidos a tomar medidas audaces para acelerar la transici\u00f3n a un modelo de viajes m\u00e1s sostenible. Esta iniciativa es un paso crucial en nuestra transici\u00f3n a una flota de VE. Estamos deseando unirnos a otras organizaciones a trav\u00e9s del EV100, para compartir las mejores pr\u00e1cticas y alcanzar la escala y la velocidad necesarias para hacer realidad nuestra ambici\u00f3n de cero emisiones para 2030.\u201d<\/em><\/p>\n\n\n\n<p>Adem\u00e1s de la transici\u00f3n de la flota, Capgemini tambi\u00e9n est\u00e1 aumentando significativamente su inversi\u00f3n en puntos de carga el\u00e9ctrica y se compromete a cambiar a electricidad 100% renovable en sus operaciones para 2025 como parte de su compromiso RE100<a href=\"#_ftn2\" id=\"_ftnref2\">[2]<\/a>.<\/p>\n\n\n\n<p>La adhesi\u00f3n de Capgemini a EV100 contribuir\u00e1 en mayor medida a la transici\u00f3n del Grupo a neto cero a trav\u00e9s del acceso al aprendizaje mutuo y al di\u00e1logo, as\u00ed como a compromisos p\u00fablicos hacia los VE. Los integrantes de EV100 trabajan juntos para impulsar la agenda de transformaci\u00f3n sostenible m\u00e1s amplia e inspirar cambios en las pol\u00edticas gubernamentales hacia la adopci\u00f3n de veh\u00edculos el\u00e9ctricos.<\/p>\n\n\n\n<p><strong>Acerca de Capgemini<\/strong><\/p>\n\n\n\n<p>Capgemini es l\u00edder mundial en asociaci\u00f3n con empresas para transformar y gestionar negocios aprovechando el poder de la tecnolog\u00eda. El Grupo se gu\u00eda por su prop\u00f3sito de liberar la energ\u00eda humana a trav\u00e9s de la tecnolog\u00eda para crear un futuro inclusivo y sostenible. Es una organizaci\u00f3n responsable y diversa que cuenta con 270,000 empleados en casi 50 pa\u00edses. Con una s\u00f3lida herencia de 50 a\u00f1os y profunda experiencia en la industria, Capgemini cuenta con la confianza de sus clientes para abordar toda la gama de sus necesidades empresariales, desde la estrategia y el dise\u00f1o hasta las operaciones, impulsada por la r\u00e1pida evoluci\u00f3n y el innovador mundo de la nube, los datos, inteligencia artificial, conectividad, software, ingenier\u00eda digital y plataformas. En 2020 el Grupo report\u00f3 ingresos globales de 16,000 millones de euros.<\/p>\n\n\n\n<p>Get The Future You Want | <a href=\"http:\/\/www.capgemini.com\/ar-es\/\">www.capgemini.com\/ar-es\/<\/a><\/p>\n\n\n\n<p><a href=\"#_ftnref1\" id=\"_ftn1\">[1]<\/a> <a href=\"https:\/\/www.capgemini.com\/news\/capgemini-announces-ambition-to-become-net-zero-business-by-2030\/\">https:\/\/www.capgemini.com\/news\/capgemini-announces-ambition-to-become-net-zero-business-by-2030\/<\/a><\/p>\n\n\n\n<p><a href=\"#_ftnref2\" id=\"_ftn2\">[2]<\/a> https:\/\/www.there100.org\/re100-members<\/p>\n\n\n<div class=\"wp-block-cg-blocks-cg-block-related-content\"><section class=\"relatedContentBlock\"><div class=\"container\"><div class=\"row\"><div class=\"content-title col-12 col-md-8\"><h2 class=\"related-content-heading\">Related News<\/h2><\/div><\/div><div class=\"row relatedContent\"><div class=\"col-lg-4 col-md-6 col-xs-12\">\n\t\t\t\t\t\t\t<div class=\"box\">\n\t\t\t\t\t\t\t\t<a aria-label=\"Leer m\u00e1s sobre Capgemini anuncia la salida de William Roz\u00e9 del Grupo\" href=\"https:\/\/www.capgemini.com\/ar-es\/news\/capgemini-anuncia-la-salida-de-william-roze-del-grupo\/\" class=\"anchorWrapper\">\n\t\t\t\t\t\t\t\t\t<span class=\"box-tag\"><span>Corporate news<\/span><\/span>\n\t\t\t\t\t\t\t\t\t<div class=\"box-title\"><h3 class=\"box-subtitle\">Capgemini anuncia la salida de William Roz\u00e9 del Grupo<\/h3><\/div>\n\t\t\t\t\t\t\t\t\t<div class=\"box-date\">\n\t\t\t\t\t\t\t\t\t\t<span>Aug 20, 2025<\/span>\n\t\t\t\t\t\t\t\t\t<\/div>\n\t\t\t\t\t\t\t\t\t<div class=\"box-bottom\">\n\t\t\t\t\t\t\t\t\t\t&lt;a class=&quot;link-download&quot; href=&quot;https:\/\/www.capgemini.com\/mx-es\/wp-content\/uploads\/sites\/28\/2025\/08\/ESP_08_01_Capgemini-announces-William-Rozes-departure-from-the-Group_REV_JG.pdf&quot; aria-label=&quot;Descargar nota de prensa&quot; target=&quot;_blank&quot;  type=&quot;download&quot; title=&quot;Opens in a new window&quot;&gt;\n\t\t\t\t\t\t\t&lt;span&gt;Descargar nota de prensa&lt;\/span&gt;\n\t\t\t\t\t\t\t&lt;span&gt;89 KB PDF&lt;\/span&gt;\n\t\t\t\t\t\t&lt;\/a&gt;\n\t\t\t\t\t\t\t\t\t\t<a class=\"more\" aria-label=\"Leer m\u00e1s sobre Capgemini anuncia la salida de William Roz\u00e9 del Grupo\" href=\"https:\/\/www.capgemini.com\/ar-es\/news\/capgemini-anuncia-la-salida-de-william-roze-del-grupo\/\">Leer m\u00e1s sobre<\/a>\n\t\t\t\t\t\t\t\t\t<\/div>\n\t\t\t\t\t\t\t\t<\/a>\n\t\t\t\t\t\t\t<\/div>\n\t\t\t\t\t\t<\/div><div class=\"col-lg-4 col-md-6 col-xs-12\">\n\t\t\t\t\t\t\t<div class=\"box\">\n\t\t\t\t\t\t\t\t<a aria-label=\"Leer m\u00e1s sobre Casi dos tercios de las organizaciones consideran la computaci\u00f3n cu\u00e1ntica como la amenaza de ciberseguridad m\u00e1s cr\u00edtica en 3-5 a\u00f1os\" href=\"https:\/\/www.capgemini.com\/ar-es\/news\/casi-dos-tercios-de-las-organizaciones-consideran-la-computacion-cuantica-como-la-amenaza-de-ciberseguridad-mas-critica-en-3-5-anos\/\" class=\"anchorWrapper\">\n\t\t\t\t\t\t\t\t\t<span class=\"box-tag\"><span>Reports<\/span><\/span>\n\t\t\t\t\t\t\t\t\t<div class=\"box-title\"><h3 class=\"box-subtitle\">Casi dos tercios de las organizaciones consideran la computaci\u00f3n cu\u00e1ntica como la amenaza de ciberseguridad m\u00e1s cr\u00edtica en 3-5 a\u00f1os<\/h3><\/div>\n\t\t\t\t\t\t\t\t\t<div class=\"box-date\">\n\t\t\t\t\t\t\t\t\t\t<span>Aug 20, 2025<\/span>\n\t\t\t\t\t\t\t\t\t<\/div>\n\t\t\t\t\t\t\t\t\t<div class=\"box-bottom\">\n\t\t\t\t\t\t\t\t\t\t&lt;a class=&quot;link-download&quot; href=&quot;https:\/\/www.capgemini.com\/mx-es\/wp-content\/uploads\/sites\/28\/2025\/07\/ESP_07_10_Capgemini_Post-Quantum-Cryptography-Report_News-Alert_REV_JG.pdf&quot; aria-label=&quot;Descargar nota de prensa&quot; target=&quot;_blank&quot;  type=&quot;download&quot; title=&quot;Opens in a new window&quot;&gt;\n\t\t\t\t\t\t\t&lt;span&gt;Descargar nota de prensa&lt;\/span&gt;\n\t\t\t\t\t\t\t&lt;span&gt;124 KB PDF&lt;\/span&gt;\n\t\t\t\t\t\t&lt;\/a&gt;\n\t\t\t\t\t\t\t\t\t\t<a class=\"more\" aria-label=\"Leer m\u00e1s sobre Casi dos tercios de las organizaciones consideran la computaci\u00f3n cu\u00e1ntica como la amenaza de ciberseguridad m\u00e1s cr\u00edtica en 3-5 a\u00f1os\" href=\"https:\/\/www.capgemini.com\/ar-es\/news\/casi-dos-tercios-de-las-organizaciones-consideran-la-computacion-cuantica-como-la-amenaza-de-ciberseguridad-mas-critica-en-3-5-anos\/\">Leer m\u00e1s sobre<\/a>\n\t\t\t\t\t\t\t\t\t<\/div>\n\t\t\t\t\t\t\t\t<\/a>\n\t\t\t\t\t\t\t<\/div>\n\t\t\t\t\t\t<\/div><div class=\"col-lg-4 col-md-6 col-xs-12\">\n\t\t\t\t\t\t\t<div class=\"box\">\n\t\t\t\t\t\t\t\t<a aria-label=\"Leer m\u00e1s sobre La confianza y la colaboraci\u00f3n entre humanos e IA definir\u00e1n la pr\u00f3xima era de la IA ag\u00e9ntica, que representar\u00e1 una oportunidad de 450 mil millones de d\u00f3lares para 2028\" href=\"https:\/\/www.capgemini.com\/ar-es\/news\/la-confianza-y-la-colaboracion-entre-humanos-e-ia-definiran-la-proxima-era-de-la-ia-agentica-que-representara-una-oportunidad-de-450-mil-millones-de-dolares-para-2028\/\" class=\"anchorWrapper\">\n\t\t\t\t\t\t\t\t\t<span class=\"box-tag\"><span>Reports<\/span><\/span>\n\t\t\t\t\t\t\t\t\t<div class=\"box-title\"><h3 class=\"box-subtitle\">La confianza y la colaboraci\u00f3n entre humanos e IA definir\u00e1n la pr\u00f3xima era de la IA ag\u00e9ntica, que representar\u00e1 una oportunidad de 450 mil millones de d\u00f3lares para 2028<\/h3><\/div>\n\t\t\t\t\t\t\t\t\t<div class=\"box-date\">\n\t\t\t\t\t\t\t\t\t\t<span>Aug 20, 2025<\/span>\n\t\t\t\t\t\t\t\t\t<\/div>\n\t\t\t\t\t\t\t\t\t<div class=\"box-bottom\">\n\t\t\t\t\t\t\t\t\t\t&lt;a class=&quot;link-download&quot; href=&quot;https:\/\/www.capgemini.com\/wp-content\/uploads\/2025\/07\/07_16_Capgemini-Press-Release_AI-Agents-CRI-report_EN-1.pdf&quot; aria-label=&quot;Descargar nota de prensa&quot; target=&quot;_blank&quot;  type=&quot;download&quot; title=&quot;Opens in a new window&quot;&gt;\n\t\t\t\t\t\t\t&lt;span&gt;Descargar nota de prensa&lt;\/span&gt;\n\t\t\t\t\t\t\t&lt;span&gt;150 KB PDF&lt;\/span&gt;\n\t\t\t\t\t\t&lt;\/a&gt;\n\t\t\t\t\t\t\t\t\t\t<a class=\"more\" aria-label=\"Leer m\u00e1s sobre La confianza y la colaboraci\u00f3n entre humanos e IA definir\u00e1n la pr\u00f3xima era de la IA ag\u00e9ntica, que representar\u00e1 una oportunidad de 450 mil millones de d\u00f3lares para 2028\" href=\"https:\/\/www.capgemini.com\/ar-es\/news\/la-confianza-y-la-colaboracion-entre-humanos-e-ia-definiran-la-proxima-era-de-la-ia-agentica-que-representara-una-oportunidad-de-450-mil-millones-de-dolares-para-2028\/\">Leer m\u00e1s sobre<\/a>\n\t\t\t\t\t\t\t\t\t<\/div>\n\t\t\t\t\t\t\t\t<\/a>\n\t\t\t\t\t\t\t<\/div>\n\t\t\t\t\t\t<\/div><\/div><\/div><\/section><\/div><\/div><\/div><\/div><\/div><\/div><\/section>\n","protected":false},"excerpt":{"rendered":"","protected":false},"author":336,"featured_media":0,"template":"","meta":{"cg_dt_proposed_to":[],"cg_seo_hreflang_relations":"[]","cg_seo_canonical_relation":"","cg_seo_hreflang_x_default_relation":"{\"uuid\":\"3b34bcbd-0865-4288-bf36-7ddbed05bbc0\",\"blogId\":\"\",\"domain\":\"\",\"sitePath\":\"\",\"postLink\":\"\",\"postId\":null,\"isSaved\":false,\"isCrossLink\":false,\"hasCrossLink\":false}","cg_dt_approved_content":true,"cg_dt_mandatory_content":false,"cg_dt_notes":"","cg_dg_source_changed":false,"cg_dt_link_disabled":false,"footnotes":"","related_resource_url":"https:\/\/www.capgemini.com\/ar-es\/wp-content\/uploads\/sites\/28\/2022\/12\/Capgemini-acelera-su-transicion-a-una-flota-de-vehiculos-100-hibridos-y-electricos.pdf","related_resource_id":17238,"related_resource_size":"141 KB","related_resource_type":"pdf","cg_author":0,"featured_focal_points":""},"tags":[],"press-release-type":[],"brand":[],"class_list":["post-17235","press-release","type-press-release","status-publish","hentry"],"yoast_head":"<!-- This site is optimized with the Yoast SEO Premium plugin v22.8 (Yoast SEO v22.8) - https:\/\/yoast.com\/wordpress\/plugins\/seo\/ -->\n<title>Capgemini acelera su transici\u00f3n a una flota de veh\u00edculos 100% h\u00edbridos y el\u00e9ctricos - Capgemini Argentina<\/title>\n<meta name=\"robots\" content=\"index, follow, max-snippet:-1, max-image-preview:large, max-video-preview:-1\" \/>\n<link rel=\"canonical\" href=\"https:\/\/www.capgemini.com\/ar-es\/news\/press-releases\/capgemini-acelera-su-transicion-a-una-flota-de-vehiculos-100-hibridos-y-electricos\/\" \/>\n<meta property=\"og:locale\" content=\"es_MX\" \/>\n<meta property=\"og:type\" content=\"article\" \/>\n<meta property=\"og:title\" content=\"Capgemini acelera su transici\u00f3n a una flota de veh\u00edculos 100% h\u00edbridos y el\u00e9ctricos\" \/>\n<meta property=\"og:url\" content=\"https:\/\/www.capgemini.com\/ar-es\/news\/press-releases\/capgemini-acelera-su-transicion-a-una-flota-de-vehiculos-100-hibridos-y-electricos\/\" \/>\n<meta property=\"og:site_name\" content=\"Capgemini Argentina\" \/>\n<meta property=\"article:modified_time\" content=\"2025-04-01T06:00:04+00:00\" \/>\n<meta property=\"og:image\" content=\"https:\/\/www.capgemini.com\/ar-es\/wp-content\/uploads\/sites\/9\/2025\/10\/New-Web-preview-global.jpg\" \/>\n\t<meta property=\"og:image:width\" content=\"1200\" \/>\n\t<meta property=\"og:image:height\" content=\"627\" \/>\n\t<meta property=\"og:image:type\" content=\"image\/jpeg\" \/>\n<meta name=\"twitter:card\" content=\"summary_large_image\" \/>\n<meta name=\"twitter:label1\" content=\"Est. reading time\" \/>\n\t<meta name=\"twitter:data1\" content=\"4 minutes\" \/>\n<script type=\"application\/ld+json\" class=\"yoast-schema-graph\">{\"@context\":\"https:\/\/schema.org\",\"@graph\":[{\"@type\":\"WebPage\",\"@id\":\"https:\/\/www.capgemini.com\/ar-es\/news\/press-releases\/capgemini-acelera-su-transicion-a-una-flota-de-vehiculos-100-hibridos-y-electricos\/\",\"url\":\"https:\/\/www.capgemini.com\/ar-es\/news\/press-releases\/capgemini-acelera-su-transicion-a-una-flota-de-vehiculos-100-hibridos-y-electricos\/\",\"name\":\"Capgemini acelera su transici\u00f3n a una flota de veh\u00edculos 100% h\u00edbridos y el\u00e9ctricos - Capgemini Argentina\",\"isPartOf\":{\"@id\":\"https:\/\/www.capgemini.com\/ar-es\/#website\"},\"datePublished\":\"2021-08-09T14:50:00+00:00\",\"dateModified\":\"2025-04-01T06:00:04+00:00\",\"breadcrumb\":{\"@id\":\"https:\/\/www.capgemini.com\/ar-es\/news\/press-releases\/capgemini-acelera-su-transicion-a-una-flota-de-vehiculos-100-hibridos-y-electricos\/#breadcrumb\"},\"inLanguage\":\"es-MX\",\"potentialAction\":[{\"@type\":\"ReadAction\",\"target\":[\"https:\/\/www.capgemini.com\/ar-es\/news\/press-releases\/capgemini-acelera-su-transicion-a-una-flota-de-vehiculos-100-hibridos-y-electricos\/\"]}]},{\"@type\":\"BreadcrumbList\",\"@id\":\"https:\/\/www.capgemini.com\/ar-es\/news\/press-releases\/capgemini-acelera-su-transicion-a-una-flota-de-vehiculos-100-hibridos-y-electricos\/#breadcrumb\",\"itemListElement\":[{\"@type\":\"ListItem\",\"position\":1,\"name\":\"Home\",\"item\":\"https:\/\/www.capgemini.com\/ar-es\/\"},{\"@type\":\"ListItem\",\"position\":2,\"name\":\"Press Releases\",\"item\":\"https:\/\/www.capgemini.com\/ar-es\/news\/\"},{\"@type\":\"ListItem\",\"position\":3,\"name\":\"Capgemini acelera su transici\u00f3n a una flota de veh\u00edculos 100% h\u00edbridos y el\u00e9ctricos\"}]},{\"@type\":\"WebSite\",\"@id\":\"https:\/\/www.capgemini.com\/ar-es\/#website\",\"url\":\"https:\/\/www.capgemini.com\/ar-es\/\",\"name\":\"Capgemini Argentina\",\"description\":\"Capgemini\",\"potentialAction\":[{\"@type\":\"SearchAction\",\"target\":{\"@type\":\"EntryPoint\",\"urlTemplate\":\"https:\/\/www.capgemini.com\/ar-es\/?s={search_term_string}\"},\"query-input\":\"required name=search_term_string\"}],\"inLanguage\":\"es-MX\"}]}<\/script>\n<!-- \/ Yoast SEO Premium plugin. -->","yoast_head_json":{"title":"Capgemini acelera su transici\u00f3n a una flota de veh\u00edculos 100% h\u00edbridos y el\u00e9ctricos - Capgemini Argentina","robots":{"index":"index","follow":"follow","max-snippet":"max-snippet:-1","max-image-preview":"max-image-preview:large","max-video-preview":"max-video-preview:-1"},"canonical":"https:\/\/www.capgemini.com\/ar-es\/news\/press-releases\/capgemini-acelera-su-transicion-a-una-flota-de-vehiculos-100-hibridos-y-electricos\/","og_locale":"es_MX","og_type":"article","og_title":"Capgemini acelera su transici\u00f3n a una flota de veh\u00edculos 100% h\u00edbridos y el\u00e9ctricos","og_url":"https:\/\/www.capgemini.com\/ar-es\/news\/press-releases\/capgemini-acelera-su-transicion-a-una-flota-de-vehiculos-100-hibridos-y-electricos\/","og_site_name":"Capgemini Argentina","article_modified_time":"2025-04-01T06:00:04+00:00","og_image":[{"width":1200,"height":627,"url":"https:\/\/www.capgemini.com\/ar-es\/wp-content\/uploads\/sites\/9\/2025\/10\/New-Web-preview-global.jpg","type":"image\/jpeg"}],"twitter_card":"summary_large_image","twitter_misc":{"Est. reading time":"4 minutes"},"schema":{"@context":"https:\/\/schema.org","@graph":[{"@type":"WebPage","@id":"https:\/\/www.capgemini.com\/ar-es\/news\/press-releases\/capgemini-acelera-su-transicion-a-una-flota-de-vehiculos-100-hibridos-y-electricos\/","url":"https:\/\/www.capgemini.com\/ar-es\/news\/press-releases\/capgemini-acelera-su-transicion-a-una-flota-de-vehiculos-100-hibridos-y-electricos\/","name":"Capgemini acelera su transici\u00f3n a una flota de veh\u00edculos 100% h\u00edbridos y el\u00e9ctricos - Capgemini Argentina","isPartOf":{"@id":"https:\/\/www.capgemini.com\/ar-es\/#website"},"datePublished":"2021-08-09T14:50:00+00:00","dateModified":"2025-04-01T06:00:04+00:00","breadcrumb":{"@id":"https:\/\/www.capgemini.com\/ar-es\/news\/press-releases\/capgemini-acelera-su-transicion-a-una-flota-de-vehiculos-100-hibridos-y-electricos\/#breadcrumb"},"inLanguage":"es-MX","potentialAction":[{"@type":"ReadAction","target":["https:\/\/www.capgemini.com\/ar-es\/news\/press-releases\/capgemini-acelera-su-transicion-a-una-flota-de-vehiculos-100-hibridos-y-electricos\/"]}]},{"@type":"BreadcrumbList","@id":"https:\/\/www.capgemini.com\/ar-es\/news\/press-releases\/capgemini-acelera-su-transicion-a-una-flota-de-vehiculos-100-hibridos-y-electricos\/#breadcrumb","itemListElement":[{"@type":"ListItem","position":1,"name":"Home","item":"https:\/\/www.capgemini.com\/ar-es\/"},{"@type":"ListItem","position":2,"name":"Press Releases","item":"https:\/\/www.capgemini.com\/ar-es\/news\/"},{"@type":"ListItem","position":3,"name":"Capgemini acelera su transici\u00f3n a una flota de veh\u00edculos 100% h\u00edbridos y el\u00e9ctricos"}]},{"@type":"WebSite","@id":"https:\/\/www.capgemini.com\/ar-es\/#website","url":"https:\/\/www.capgemini.com\/ar-es\/","name":"Capgemini Argentina","description":"Capgemini","potentialAction":[{"@type":"SearchAction","target":{"@type":"EntryPoint","urlTemplate":"https:\/\/www.capgemini.com\/ar-es\/?s={search_term_string}"},"query-input":"required name=search_term_string"}],"inLanguage":"es-MX"}]}},"parsely":{"version":"1.1.0","canonical_url":"https:\/\/capgemini.com\/ar-es\/news\/press-releases\/capgemini-acelera-su-transicion-a-una-flota-de-vehiculos-100-hibridos-y-electricos\/","smart_links":{"inbound":0,"outbound":0},"traffic_boost_suggestions_count":0,"meta":{"@context":"https:\/\/schema.org","@type":"NewsArticle","headline":"Capgemini acelera su transici\u00f3n a una flota de veh\u00edculos 100% h\u00edbridos y el\u00e9ctricos","url":"https:\/\/www.capgemini.com\/ar-es\/news\/press-releases\/capgemini-acelera-su-transicion-a-una-flota-de-vehiculos-100-hibridos-y-electricos\/","mainEntityOfPage":{"@type":"WebPage","@id":"https:\/\/www.capgemini.com\/ar-es\/news\/press-releases\/capgemini-acelera-su-transicion-a-una-flota-de-vehiculos-100-hibridos-y-electricos\/"},"thumbnailUrl":"","image":{"@type":"ImageObject","url":""},"articleSection":"Uncategorized","author":[],"creator":[],"publisher":{"@type":"Organization","name":"Capgemini Argentina","logo":""},"keywords":[],"dateCreated":"2021-08-09T14:50:00Z","datePublished":"2021-08-09T14:50:00Z","dateModified":"2025-04-01T06:00:04Z"},"rendered":"<meta name=\"parsely-title\" content=\"Capgemini acelera su transici\u00f3n a una flota de veh\u00edculos 100% h\u00edbridos y el\u00e9ctricos\" \/>\n<meta name=\"parsely-link\" content=\"https:\/\/www.capgemini.com\/ar-es\/news\/press-releases\/capgemini-acelera-su-transicion-a-una-flota-de-vehiculos-100-hibridos-y-electricos\/\" \/>\n<meta name=\"parsely-type\" content=\"post\" \/>\n<meta name=\"parsely-pub-date\" content=\"2021-08-09T14:50:00Z\" \/>\n<meta name=\"parsely-section\" content=\"Uncategorized\" \/>","tracker_url":"https:\/\/cdn.parsely.com\/keys\/capgemini.com\/p.js"},"archive_status":false,"featured_image_src":"https:\/\/www.capgemini.com\/ar-es\/wp-content\/themes\/capgemini2025\/assets\/images\/mockup.png","featured_image_alt":false,"jetpack_sharing_enabled":true,"distributor_meta":false,"distributor_terms":false,"distributor_media":false,"distributor_original_site_name":"Capgemini Argentina","distributor_original_site_url":"https:\/\/www.capgemini.com\/ar-es","push-errors":false,"tag_names":[],"_links":{"self":[{"href":"https:\/\/www.capgemini.com\/ar-es\/wp-json\/wp\/v2\/press-release\/17235","targetHints":{"allow":["GET"]}}],"collection":[{"href":"https:\/\/www.capgemini.com\/ar-es\/wp-json\/wp\/v2\/press-release"}],"about":[{"href":"https:\/\/www.capgemini.com\/ar-es\/wp-json\/wp\/v2\/types\/press-release"}],"author":[{"embeddable":true,"href":"https:\/\/www.capgemini.com\/ar-es\/wp-json\/wp\/v2\/users\/336"}],"version-history":[{"count":3,"href":"https:\/\/www.capgemini.com\/ar-es\/wp-json\/wp\/v2\/press-release\/17235\/revisions"}],"predecessor-version":[{"id":517286,"href":"https:\/\/www.capgemini.com\/ar-es\/wp-json\/wp\/v2\/press-release\/17235\/revisions\/517286"}],"wp:attachment":[{"href":"https:\/\/www.capgemini.com\/ar-es\/wp-json\/wp\/v2\/media?parent=17235"}],"wp:term":[{"taxonomy":"post_tag","embeddable":true,"href":"https:\/\/www.capgemini.com\/ar-es\/wp-json\/wp\/v2\/tags?post=17235"},{"taxonomy":"press-release-type","embeddable":true,"href":"https:\/\/www.capgemini.com\/ar-es\/wp-json\/wp\/v2\/press-release-type?post=17235"},{"taxonomy":"brand","embeddable":true,"href":"https:\/\/www.capgemini.com\/ar-es\/wp-json\/wp\/v2\/brand?post=17235"}],"curies":[{"name":"wp","href":"https:\/\/api.w.org\/{rel}","templated":true}]}}