{"id":16901,"date":"2022-06-20T13:04:00","date_gmt":"2022-06-20T13:04:00","guid":{"rendered":"https:\/\/www.capgemini.com\/ar-es\/?post_type=press-release&#038;p=16901"},"modified":"2025-04-01T05:36:14","modified_gmt":"2025-04-01T05:36:14","slug":"la-conciencia-del-consumidor-en-torno-al-desperdicio-de-alimentos-se-ha-incrementado-mas-del-doble-al-72-en-dos-anos","status":"publish","type":"press-release","link":"https:\/\/www.capgemini.com\/ar-es\/news\/press-releases\/la-conciencia-del-consumidor-en-torno-al-desperdicio-de-alimentos-se-ha-incrementado-mas-del-doble-al-72-en-dos-anos\/","title":{"rendered":"El n\u00famero de consumidores conscientes del desperdicio de alimentos se ha duplicado en los \u00faltimos dos a\u00f1os, alcanzando el 72%"},"content":{"rendered":"\n<p><\/p>\n\n\n\t\t<div class=\"wp-block-cg-blocks-hero-press-release\">\n\t\t\t<header class=\"header-hero-press-release\" role=\"main\" id=\"main-content-press-release\">\n\t\t\t\t<div class=\"container\">\n\t\t\t\t\t<div class=\"hero-press-release\">\n\t\t\t\t\t\t<div class=\"hero-press-release-content-wrapper\">\n\t\t\t\t\t\t\t<div class=\"row\">\n\t\t\t\t\t\t\t\t<div class=\"col-12\">\n\t\t\t\t\t\t\t\t\t<div class=\"header-title\">\n\t\t\t\t\t\t\t\t\t\t<h1>\n\t\t\t\t\t\t\t\t\t\t\tEl n\u00famero de consumidores conscientes del desperdicio de alimentos se ha duplicado en los \u00faltimos dos a\u00f1os, alcanzando el 72%\t\t\t\t\t\t\t\t\t\t<\/h1>\n\t\t\t\t\t\t\t\t\t<\/div>\n\t\t\t\t\t\t\t\t\t<div class=\"header-description\">\n\t\t\t\t\t\t\t\t\t\t<p><\/p>\n\t\t\t\t\t\t\t\t\t<\/div>\n\t\t\t\t\t\t\t\t\t\t\t\t\t\t\t\t\t\t<div class=\"header-date\">\n\t\t\t\t\t\t\t\t\t\t<span>jun. 20, 2022<\/span>\n\t\t\t\t\t\t\t\t\t<\/div>\n\t\t\t\t\t\t\t\t<\/div>\n\t\t\t\t\t\t\t<\/div>\n\t\t\t\t\t\t<\/div>\n\t\t\t\t\t\t\t\t\t\t\t\t\t<div class=\"hero-press-release-downloads\">\n\t\t\t\t\t\t\t\t<div class=\"row\">\n\t\t\t\t\t\t\t\t\t\t\t\t\t\t\t\t\t\t\t<div class=\"col-12 col-md-6 col-lg-3\">\n\t\t\t\t\t\t\t\t\t\t\t<a class=\"download-item\" type=\"download\" href=\"https:\/\/www.capgemini.com\/ar-es\/wp-content\/uploads\/sites\/28\/2022\/12\/El-numero-de-consumidores-conscientes-del-desperdicio-de-alimentos-se-ha-duplicado-en-los-ultimos-dos-anos-alcanzando-el-72.pdf\" target=\"_blank\" rel=\"noopener noreferrer\" title=\"abrir en una nueva ventana\">\n\t\t\t\t\t\t\t\t\t\t\t\t<div class=\"download-icon\"><\/div>\n\t\t\t\t\t\t\t\t\t\t\t\t<div class=\"download-details\">\n\t\t\t\t\t\t\t\t\t\t\t\t\t<div class=\"download-title\">Download press release<\/div>\n\t\t\t\t\t\t\t\t\t\t\t\t\t<div class=\"download-props\">123 KB  pdf<\/div>\n\t\t\t\t\t\t\t\t\t\t\t\t<\/div>\n\t\t\t\t\t\t\t\t\t\t\t<\/a>\n\t\t\t\t\t\t\t\t\t\t<\/div>\n\t\t\t\t\t\t\t\t\t\t\t\t\t\t\t\t\t\t\t\t<div class=\"col-12 col-md-6 col-lg-3\">\n\t\t\t\t\t\t\t\t\t\t\t<a class=\"download-item\" type=\"download\" href=\"https:\/\/www.capgemini.com\/ar-es\/wp-content\/uploads\/sites\/28\/2022\/12\/Final-Infographic-Food-Waste-1.pdf\" target=\"_blank\" rel=\"noopener noreferrer\" title=\"abrir en una nueva ventana\">\n\t\t\t\t\t\t\t\t\t\t\t\t<div class=\"download-icon\"><\/div>\n\t\t\t\t\t\t\t\t\t\t\t\t<div class=\"download-details\">\n\t\t\t\t\t\t\t\t\t\t\t\t\t<div class=\"download-title\">Descargar infograf\u00eda<\/div>\n\t\t\t\t\t\t\t\t\t\t\t\t\t<div class=\"download-props\">661 KB  pdf<\/div>\n\t\t\t\t\t\t\t\t\t\t\t\t<\/div>\n\t\t\t\t\t\t\t\t\t\t\t<\/a>\n\t\t\t\t\t\t\t\t\t\t<\/div>\n\t\t\t\t\t\t\t\t\t\t\t\t\t\t\t\t\t\t<\/div>\n\t\t\t\t\t\t\t<\/div>\n\t\t\t\t\t\t\t\t\t\t\t\t\t\t\t\t\t<\/div>\n\t\t\t\t<\/div>\n\t\t\t<\/header>\n\t\t<\/div>\n\t\t\n\n\n<section class=\"wp-block-cg-blocks-group undefined section section--article-content\"><div class=\"article-main-content\"><div class=\"container\"><div class=\"row\"><div class=\"col-12 col-md-1\"><nav class=\"article-social\"><ul class=\"social-nav\"><li class=\"ip-order-fb\"><a href=\"https:\/\/www.facebook.com\/sharer\/sharer.php?u=https:\/\/www.capgemini.com\/ar-es\/?post_type=press-release&amp;p=16901\" target=\"_blank\" rel=\"noopener noreferrer\" title=\"abrir en una nueva ventana\"><i aria-hidden=\"true\" class=\"icon-fb\"><\/i><span class=\"sr-only\">Facebook<\/span><\/a><\/li><li class=\"ip-order-tw\"><a href=\"https:\/\/twitter.com\/intent\/tweet?url=https:\/\/www.capgemini.com\/ar-es\/?post_type=press-release&amp;p=16901&amp;text=\" target=\"_blank\" rel=\"noopener noreferrer\" title=\"abrir en una nueva ventana\"><i aria-hidden=\"true\" class=\"icon-tw\"><\/i><span class=\"sr-only\">Twitter<\/span><\/a><\/li><li class=\"ip-order-li\"><a href=\"https:\/\/www.linkedin.com\/sharing\/share-offsite\/?url=https:\/\/www.capgemini.com\/ar-es\/?post_type=press-release&amp;p=16901&amp;text=\" target=\"_blank\" rel=\"noopener noreferrer\" title=\"abrir en una nueva ventana\"><i aria-hidden=\"true\" class=\"icon-li\"><\/i><span class=\"sr-only\">Linkedin<\/span><\/a><\/li><\/ul><\/nav><\/div><div class=\"col-12 col-md-11 col-lg-10\"><div class=\"article-text article-quote-text\">\n<ul class=\"wp-block-list\">\n<li><em>M\u00e1s del 90% de los consumidores prefieren marcas que reduzcan el desperdicio de alimentos.<\/em><\/li>\n\n\n\n<li><em>El 60% se sienten culpables por desperdiciarlos, mientras que el 61% quiere que los minoristas y las marcas hagan algo m\u00e1s al respecto.<\/em><\/li>\n\n\n\n<li><em>Con la ayuda de la tecnolog\u00eda, los fabricantes y minoristas pueden ampliar sus iniciativas al respecto, involucrar m\u00e1s a usuario final y a los empleados, crear cadenas de suministro inteligentes y establecer estructuras de gobernanza para satisfacer las expectativas de los consumidores.<\/em><\/li>\n<\/ul>\n\n\n\n<p><strong>Par\u00eds, a 15 de julio de 2022 \u2013<\/strong><strong> El grado de concientizaci\u00f3n de las personas sobre el desperdicio de alimentos se ha duplicado en los \u00faltimos dos a\u00f1os, ya que el aumento de los precios, los retos de la cadena de suministro, la pandemia y las preocupaciones por la sostenibilidad est\u00e1n influyendo en los h\u00e1bitos de consumo. &nbsp;<\/strong><\/p>\n\n\n\n<p><strong>Actualmente, el 72% de las personas son conscientes de su desperdicio de alimentos, cifra mayor al 33% que se registr\u00f3 antes del 2020. As\u00ed lo indica el informe m\u00e1s reciente del <a href=\"\/ar-es\/insights\/instituto-de-investigacion-capgemini\/\">Instituto de Investigaci\u00f3n Capgemini<\/a>, \u201c<a href=\"\/ar-es\/research-and-insight\/reflexionar-repensar-reconsiderar-por-que-el-desperdicio-de-alimentos-es-un-problema-de-todos\/\">Reflexionar. Repensar. Reconsiderar. Por qu\u00e9 el desperdicio de alimentos es un problema de todos<\/a>\u201d, en el cual se encuest\u00f3 a 10,000 consumidores y ejecutivos de 1,000 organizaciones importantes del sector de la producci\u00f3n alimentaria y del comercio minorista.<\/strong><\/p>\n\n\n\n<p>Dicho informe tambi\u00e9n revela que los usuarios finales ya est\u00e1n investigando c\u00f3mo reducir el desperdicio de alimentos. Algunos de los esfuerzos m\u00e1s destacados que se han realizado son: un crecimiento interanual de 80% en las b\u00fasquedas en redes sociales sobre de m\u00e9todos para prolongar la vida \u00fatil de los alimentos, la b\u00fasqueda de estrategias para ahorrar costos (56%), y la creaci\u00f3n de una cultura de mayor conciencia sobre la hambruna a nivel mundial (52%) y respecto al cambio clim\u00e1tico (51%).<\/p>\n\n\n\n<p>Aunque los consumidores asumen su propia responsabilidad, con un 60% que se siente culpable por desperdiciar alimentos, tambi\u00e9n se percibe que los minoristas y los fabricantes de alimentos no est\u00e1n haciendo lo suficiente para ayudarles a frenar este problema. Casi dos terceras partes (61%) esperan que las marcas y los minoristas hagan m\u00e1s para abordar el desperdicio de alimentos, mientras que el 57% se siente decepcionado porque considera que las empresas no se preocupan lo suficiente por este tema.<\/p>\n\n\n\n<p>El informe tambi\u00e9n revel\u00f3 que las organizaciones est\u00e1n adoptando medidas efectivas para hacer frente al desperdicio de alimentos en las tiendas y en los hogares al mismo tiempo que ofrecen consejos para que las sobras no se desperdicien. Sin embargo, los consumidores no creen que estas acciones sean suficientes. Por ejemplo, el 60% de las compa\u00f1\u00edas afirma que ayuda a los usuarios finales a entender t\u00e9rminos como \u201cconsumir preferentemente antes de\u201d, \u201cconsumir antes de\u201d y \u201cfecha de caducidad\u201d, pero s\u00f3lo el 39% considera que esta informaci\u00f3n es lo suficientemente clara. Estos quieren que las empresas realicen m\u00e1s esfuerzos en \u00e1reas como la innovaci\u00f3n de productos, el envasado, la claridad de las fechas en el etiquetado y la educaci\u00f3n del consumidor. Tambi\u00e9n, por ejemplo, les gustar\u00eda ver etiquetas digitales (c\u00f3digos QR, etc.) que les proporcionen m\u00e1s informaci\u00f3n sobre el recorrido y la calidad del producto.<\/p>\n\n\n\n<p>De hecho, los consumidores a menudo sienten que est\u00e1n solos cuando se trata de reducir el desperdicio de alimentos. En cuanto a prolongar la vida \u00fatil de los alimentos en casa, dos terceras partes (67%) recurren a fuentes de informaci\u00f3n de terceros (amigos, familiares, <em>influencers<\/em> y redes sociales) y \u00fanicamente el 33% se informa a trav\u00e9s de los envases, anuncios o las campa\u00f1as de los fabricantes y distribuidores de alimentos.<\/p>\n\n\n\n<p><strong>El sector alimentario puede educar y apoyar mejor al consumidor<\/strong><\/p>\n\n\n\n<p>A medida que aumenta el inter\u00e9s por el problema del desperdicio de alimentos, los minoristas y los fabricantes deben tomar medidas para ganar la confianza de los usuarios, explica el informe. El 91% de los consumidores afirma que est\u00e1 dispuesto a adquirir productos de marcas y que divulguen informaci\u00f3n sobre el tema, mientras que el 58% aumentar\u00eda su gasto en empresas que adopten medidas concretas para abordar el problema.<\/p>\n\n\n\n<p><em>\u201cEl aumento de la sensibilizaci\u00f3n entre los consumidores y las iniciativas que est\u00e1n adoptando las empresas para abordar el desperdicio de alimentos es un avance positivo\u201d<\/em>, declar\u00f3 <strong>Tim Bridges, L\u00edder del Sector Global de Productos de Consumo, Retail y Distribuci\u00f3n en Capgemini<\/strong>. <em>\u201cCon la ayuda de la tecnolog\u00eda, las organizaciones pueden rastrear y evaluar el desperdicio en cada etapa de la cadena de valor de los alimentos para poder actuar en el momento adecuado y, al mismo tiempo, interactuar con sus consumidores al inculcarles h\u00e1bitos que eviten el desperdicio y hacerlos part\u00edcipes activos de la reducci\u00f3n de estos. Una cadena de suministro \u00e1gil e inteligente tambi\u00e9n puede favorecer una colaboraci\u00f3n eficaz en toda la cadena de valor que permita crear un ecosistema sostenible y preparado para el futuro\u201d.<\/em><\/p>\n\n\n\n<p><strong>Una cadena alimentaria fragmentada<\/strong><\/p>\n\n\n\n<p>Aunque es importante reducir el desperdicio de alimentos en la fase de venta en el comercio minorista y de consumo, la p\u00e9rdida durante la producci\u00f3n y la distribuci\u00f3n es mucho mayor (1.5 mil millones de toneladas vs. 931 millones de toneladas).<a href=\"#_ftn1\" id=\"_ftnref1\">[1]<\/a> M\u00e1s de tres cuartas partes de las organizaciones (77%) dicen que se han comprometido con la meta 12.3 de los Objetivos de Desarrollo Sostenible de las Naciones Unidas (ODS 12.3 de la ONU), un marco que se enfoca en reducir a la mitad el desperdicio de alimentos per c\u00e1pita a nivel minorista y de consumo, as\u00ed como en reducir las p\u00e9rdidas de alimentos a lo largo de las cadenas de producci\u00f3n y suministro, incluidas las posteriores a la cosecha, para 2030. Sin embargo, solo el 15% de las empresas se\u00f1ala que ha alcanzado o est\u00e1 en v\u00edas de alcanzar sus objetivos.<\/p>\n\n\n\n<p>Seg\u00fan el informe, esto se debe a un enfoque fragmentado para abordar el desperdicio y la p\u00e9rdida de alimentos a lo largo de toda la cadena. Aunque los minoristas y los fabricantes se centran en reducir el desperdicio en la log\u00edstica previa (44% de los minoristas y 50% de los fabricantes) y en el procesamiento y el envasado (43% de los minoristas y 46% de los fabricantes), pocos actores prestan la misma atenci\u00f3n a la producci\u00f3n agr\u00edcola (22% de los minoristas y 23% de los fabricantes) o al almacenamiento posterior (18% de los minoristas y 21% de los fabricantes). Dado que los productos suelen cruzar las fronteras internacionales, controlar d\u00f3nde, cu\u00e1ndo y cu\u00e1nta p\u00e9rdida y desperdicio de alimentos se est\u00e1 produciendo, est\u00e1 siendo un reto para los fabricantes y minoristas.<\/p>\n\n\n\n<p><strong>La tecnolog\u00eda puede ayudar a acelerar la lucha contra el desperdicio de alimentos<\/strong><\/p>\n\n\n\n<p>El informe recomienda un enfoque en tres frentes para abordar el desperdicio de alimentos, respaldado por la tecnolog\u00eda:<\/p>\n\n\n\n<ul class=\"wp-block-list\">\n<li>Involucrar a los consumidores y empleados en las iniciativas de gesti\u00f3n de desperdicios de alimentos. Las organizaciones pueden usar la tecnolog\u00eda para compartir h\u00e1bitos de prevenci\u00f3n de desperdicio, fortalecer las iniciativas de concientizaci\u00f3n e incentivar a los empleados para que fomenten un comportamiento proactivo.<\/li>\n\n\n\n<li>Colaborar en toda la cadena de valor. La implementaci\u00f3n y el escalado de soluciones tecnol\u00f3gicas, tales como la previsi\u00f3n de la demanda basada en datos, el control de la temperatura y la gesti\u00f3n de inventario, pueden ayudar a las organizaciones a maximizar el impacto. Una cadena de suministro \u00e1gil e inteligente con ecosistemas de intercambio de datos, y una mayor colaboraci\u00f3n en todo el ecosistema puede ayudar a acelerar el cambio.<\/li>\n\n\n\n<li>Establecer, monitorear y reportar las m\u00e9tricas relacionadas con el desperdicio de alimentos. Las organizaciones deben establecer objetivos, medir los avances y disponer de la estructura de gobernanza adecuada para comprender las causas ra\u00edz del desperdicio y los mecanismos de correcci\u00f3n. Con el uso adecuado de la tecnolog\u00eda, las organizaciones pueden rastrear, medir, informar y reducir el desperdicio de alimentos a lo largo de la cadena de valor.<\/li>\n<\/ul>\n\n\n\n<p>Para leer el informe completo, <a href=\"\/ar-es\/research-and-insight\/reflexionar-repensar-reconsiderar-por-que-el-desperdicio-de-alimentos-es-un-problema-de-todos\/\">haz clic aqu\u00ed<\/a>.<\/p>\n\n\n\n<p><strong>Metodolog\u00eda<\/strong><\/p>\n\n\n\n<p>El Instituto de Investigaci\u00f3n Capgemini encuest\u00f3 a 10,000 consumidores mayores de 18 a\u00f1os, as\u00ed como a ejecutivos de 1,000 organizaciones importantes en la producci\u00f3n y la venta minorista de alimentos. La encuesta mundial se aplic\u00f3 en 11 pa\u00edses de Am\u00e9rica del Norte, Europa y Asia-Pac\u00edfico en abril y mayo de 2022.<\/p>\n\n\n\n<p>Se realizaron 23 entrevistas exhaustivas con expertos de las principales organizaciones, universidades, <em>startups<\/em>, ONG y organismos reguladores relacionados con las \u00e1reas de producci\u00f3n de alimentos, comercio minorista de alimentos, restaurantes y plataformas de alimentos, cooperativas de alimentos y envasado y distribuci\u00f3n de alimentos.<\/p>\n\n\n\n<p><strong>Notas para los editores<\/strong><\/p>\n\n\n\n<p>De acuerdo con la \u201cDefinici\u00f3n de p\u00e9rdida y desperdicio de alimentos\u201d\u201d del Programa de las Naciones Unidas para el Medio Ambiente (PNUMA):<\/p>\n\n\n\n<p>La p\u00e9rdida de alimentos se refiere a los alimentos que se derraman, se echan a perder o se pierden de alguna manera, o se deterioran en cuanto a su calidad y valor antes de llegar a la etapa final del producto. La p\u00e9rdida de alimentos suele producirse en las fases de producci\u00f3n, post-cosecha, distribuci\u00f3n o procesamiento.<\/p>\n\n\n\n<p>El desperdicio de alimentos se refiere a los alimentos que han sido transformados en un producto consumible pero que no se consumen. El desperdicio de alimentos puede producirse por diversas razones:<\/p>\n\n\n\n<ul class=\"wp-block-list\">\n<li>Los productos frescos que se desv\u00edan de su estado \u00f3ptimo, por ejemplo, por su forma, tama\u00f1o o color, suelen ser retirados de la cadena de suministro durante las operaciones de clasificaci\u00f3n.<\/li>\n\n\n\n<li>Los alimentos que est\u00e1n pr\u00f3ximos a su fecha de consumo preferente, o la exceden, generalmente son rechazados por los consumidores o desechados por los minoristas.<\/li>\n\n\n\n<li>Frecuentemente, grandes excedentes de alimentos sanos y comestibles son desechados en el hogar y los establecimientos de comida.<\/li>\n<\/ul>\n\n\n\n<p><strong>Acerca de<\/strong><strong> Capgemini<\/strong><\/p>\n\n\n\n<p>Capgemini es l\u00edder mundial en asociaci\u00f3n con empresas para transformar y gestionar negocios aprovechando el poder de la tecnolog\u00eda. El Grupo se gu\u00eda por su prop\u00f3sito de liberar la energ\u00eda humana a trav\u00e9s de la tecnolog\u00eda para crear un futuro inclusivo y sostenible. Es una organizaci\u00f3n responsable y diversa que cuenta con 340,000 empleados en m\u00e1s de 50 pa\u00edses. Con una s\u00f3lida herencia de 55 a\u00f1os y profunda experiencia en la industria, Capgemini cuenta con la confianza de sus clientes para abordar toda la gama de sus necesidades empresariales, desde la estrategia y el dise\u00f1o hasta las operaciones, impulsada por la r\u00e1pida evoluci\u00f3n y el innovador mundo de la nube, los datos, inteligencia artificial, conectividad, software, ingenier\u00eda digital y plataformas. En 2021 el Grupo report\u00f3 ingresos globales de 18,000 millones de euros.<\/p>\n\n\n\n<p>Get The Future You Want | <a href=\"\/ar-es\/\">capgemini.com\/ar-es\/<\/a><\/p>\n\n\n\n<p><strong>Acerca de<\/strong><strong> Capgemini Research Institute<\/strong><\/p>\n\n\n\n<p>El Instituto de Investigaci\u00f3n de Capgemini es el grupo de expertos interno de Capgemini sobre todo lo digital. El Instituto publica investigaciones sobre el impacto de las tecnolog\u00edas digitales en las grandes empresas tradicionales. El equipo se basa en la red mundial de expertos de Capgemini y trabaja en estrecha colaboraci\u00f3n con socios acad\u00e9micos y tecnol\u00f3gicos. El Instituto tiene centros de investigaci\u00f3n dedicados en India, Singapur, el Reino Unido y los Estados Unidos. Recientemente ocup\u00f3 el puesto n\u00famero uno en el mundo por la calidad de su investigaci\u00f3n por parte de analistas independientes.<\/p>\n\n\n\n<p>Vis\u00edtanos en: <a href=\"\/ar-es\/insights\/instituto-de-investigacion-capgemini\/\">capgemini.com\/researchinstitute\/<\/a><\/p>\n\n\n\n<p><sup><a id=\"_ftn1\" href=\"#_ftnref1\">[1]<\/a> WWF, \u201cM\u00e1s del 15% de los alimentos se pierden antes de salir de la granja\u201d \u2013 Informe de WWF\u201d, 21 de julio de 2021.<\/sup><\/p>\n\n\n\n<p><sup>[1] Programa de las Naciones Unidas para el Medio Ambiente, \u201cDefinici\u00f3n de p\u00e9rdida y desperdicio de alimentos, \u201cONU: el 17% de todos los alimentos disponibles a nivel consumidor se desperdicia\u201d, 4 de marzo de 2021.<\/sup><\/p>\n<\/div><\/div><\/div><\/div><\/div><\/section>\n\n\n<div class=\"wp-block-cg-blocks-cg-block-related-content\"><section class=\"relatedContentBlock\"><div class=\"container\"><div class=\"row\"><div class=\"content-title col-12 col-md-8\"><h2 class=\"related-content-heading\">Related News<\/h2><\/div><\/div><div class=\"row relatedContent\"><div class=\"col-lg-4 col-md-6 col-xs-12\">\n\t\t\t\t\t\t\t<div class=\"box\">\n\t\t\t\t\t\t\t\t<a aria-label=\"Leer m\u00e1s sobre Casi dos tercios de las organizaciones consideran la computaci\u00f3n cu\u00e1ntica como la amenaza de ciberseguridad m\u00e1s cr\u00edtica en 3-5 a\u00f1os\" href=\"https:\/\/www.capgemini.com\/ar-es\/news\/casi-dos-tercios-de-las-organizaciones-consideran-la-computacion-cuantica-como-la-amenaza-de-ciberseguridad-mas-critica-en-3-5-anos\/\" class=\"anchorWrapper\">\n\t\t\t\t\t\t\t\t\t<span class=\"box-tag\"><span>Reports<\/span><\/span>\n\t\t\t\t\t\t\t\t\t<div class=\"box-title\"><h3 class=\"box-subtitle\">Casi dos tercios de las organizaciones consideran la computaci\u00f3n cu\u00e1ntica como la amenaza de ciberseguridad m\u00e1s cr\u00edtica en 3-5 a\u00f1os<\/h3><\/div>\n\t\t\t\t\t\t\t\t\t<div class=\"box-date\">\n\t\t\t\t\t\t\t\t\t\t<span>Aug 20, 2025<\/span>\n\t\t\t\t\t\t\t\t\t<\/div>\n\t\t\t\t\t\t\t\t\t<div class=\"box-bottom\">\n\t\t\t\t\t\t\t\t\t\t&lt;a class=&quot;link-download&quot; href=&quot;https:\/\/www.capgemini.com\/mx-es\/wp-content\/uploads\/sites\/28\/2025\/07\/ESP_07_10_Capgemini_Post-Quantum-Cryptography-Report_News-Alert_REV_JG.pdf&quot; aria-label=&quot;Descargar nota de prensa&quot; target=&quot;_blank&quot;  type=&quot;download&quot; title=&quot;Opens in a new window&quot;&gt;\n\t\t\t\t\t\t\t&lt;span&gt;Descargar nota de prensa&lt;\/span&gt;\n\t\t\t\t\t\t\t&lt;span&gt;124 KB PDF&lt;\/span&gt;\n\t\t\t\t\t\t&lt;\/a&gt;\n\t\t\t\t\t\t\t\t\t\t<a class=\"more\" aria-label=\"Leer m\u00e1s sobre Casi dos tercios de las organizaciones consideran la computaci\u00f3n cu\u00e1ntica como la amenaza de ciberseguridad m\u00e1s cr\u00edtica en 3-5 a\u00f1os\" href=\"https:\/\/www.capgemini.com\/ar-es\/news\/casi-dos-tercios-de-las-organizaciones-consideran-la-computacion-cuantica-como-la-amenaza-de-ciberseguridad-mas-critica-en-3-5-anos\/\">Leer m\u00e1s sobre<\/a>\n\t\t\t\t\t\t\t\t\t<\/div>\n\t\t\t\t\t\t\t\t<\/a>\n\t\t\t\t\t\t\t<\/div>\n\t\t\t\t\t\t<\/div><div class=\"col-lg-4 col-md-6 col-xs-12\">\n\t\t\t\t\t\t\t<div class=\"box\">\n\t\t\t\t\t\t\t\t<a aria-label=\"Leer m\u00e1s sobre La confianza y la colaboraci\u00f3n entre humanos e IA definir\u00e1n la pr\u00f3xima era de la IA ag\u00e9ntica, que representar\u00e1 una oportunidad de 450 mil millones de d\u00f3lares para 2028\" href=\"https:\/\/www.capgemini.com\/ar-es\/news\/la-confianza-y-la-colaboracion-entre-humanos-e-ia-definiran-la-proxima-era-de-la-ia-agentica-que-representara-una-oportunidad-de-450-mil-millones-de-dolares-para-2028\/\" class=\"anchorWrapper\">\n\t\t\t\t\t\t\t\t\t<span class=\"box-tag\"><span>Reports<\/span><\/span>\n\t\t\t\t\t\t\t\t\t<div class=\"box-title\"><h3 class=\"box-subtitle\">La confianza y la colaboraci\u00f3n entre humanos e IA definir\u00e1n la pr\u00f3xima era de la IA ag\u00e9ntica, que representar\u00e1 una oportunidad de 450 mil millones de d\u00f3lares para 2028<\/h3><\/div>\n\t\t\t\t\t\t\t\t\t<div class=\"box-date\">\n\t\t\t\t\t\t\t\t\t\t<span>Aug 20, 2025<\/span>\n\t\t\t\t\t\t\t\t\t<\/div>\n\t\t\t\t\t\t\t\t\t<div class=\"box-bottom\">\n\t\t\t\t\t\t\t\t\t\t&lt;a class=&quot;link-download&quot; href=&quot;https:\/\/www.capgemini.com\/wp-content\/uploads\/2025\/07\/07_16_Capgemini-Press-Release_AI-Agents-CRI-report_EN-1.pdf&quot; aria-label=&quot;Descargar nota de prensa&quot; target=&quot;_blank&quot;  type=&quot;download&quot; title=&quot;Opens in a new window&quot;&gt;\n\t\t\t\t\t\t\t&lt;span&gt;Descargar nota de prensa&lt;\/span&gt;\n\t\t\t\t\t\t\t&lt;span&gt;150 KB PDF&lt;\/span&gt;\n\t\t\t\t\t\t&lt;\/a&gt;\n\t\t\t\t\t\t\t\t\t\t<a class=\"more\" aria-label=\"Leer m\u00e1s sobre La confianza y la colaboraci\u00f3n entre humanos e IA definir\u00e1n la pr\u00f3xima era de la IA ag\u00e9ntica, que representar\u00e1 una oportunidad de 450 mil millones de d\u00f3lares para 2028\" href=\"https:\/\/www.capgemini.com\/ar-es\/news\/la-confianza-y-la-colaboracion-entre-humanos-e-ia-definiran-la-proxima-era-de-la-ia-agentica-que-representara-una-oportunidad-de-450-mil-millones-de-dolares-para-2028\/\">Leer m\u00e1s sobre<\/a>\n\t\t\t\t\t\t\t\t\t<\/div>\n\t\t\t\t\t\t\t\t<\/a>\n\t\t\t\t\t\t\t<\/div>\n\t\t\t\t\t\t<\/div><div class=\"col-lg-4 col-md-6 col-xs-12\">\n\t\t\t\t\t\t\t<div class=\"box\">\n\t\t\t\t\t\t\t\t<a aria-label=\"Leer m\u00e1s sobre M\u00e1s de la mitad de los aficionados al deporte recurren a la IA o a la IA generativa para obtener contenidos m\u00e1s personalizados\" href=\"https:\/\/www.capgemini.com\/ar-es\/news\/mas-de-la-mitad-de-los-aficionados-al-deporte-recurren-a-la-ia-o-a-la-ia-generativa-para-obtener-contenidos-mas-personalizados\/\" class=\"anchorWrapper\">\n\t\t\t\t\t\t\t\t\t<span class=\"box-tag\"><span>Reports<\/span><\/span>\n\t\t\t\t\t\t\t\t\t<div class=\"box-title\"><h3 class=\"box-subtitle\">M\u00e1s de la mitad de los aficionados al deporte recurren a la IA o a la IA generativa para obtener contenidos m\u00e1s personalizados<\/h3><\/div>\n\t\t\t\t\t\t\t\t\t<div class=\"box-date\">\n\t\t\t\t\t\t\t\t\t\t<span>Aug 20, 2025<\/span>\n\t\t\t\t\t\t\t\t\t<\/div>\n\t\t\t\t\t\t\t\t\t<div class=\"box-bottom\">\n\t\t\t\t\t\t\t\t\t\t&lt;a class=&quot;link-download&quot; href=&quot;https:\/\/www.capgemini.com\/mx-es\/wp-content\/uploads\/sites\/28\/2025\/07\/ESP_01_07_Tech-in-sports-2025-news-alert_REV_JG.pdf&quot; aria-label=&quot;Descargar nota de prensa&quot; target=&quot;_blank&quot;  type=&quot;download&quot; title=&quot;Opens in a new window&quot;&gt;\n\t\t\t\t\t\t\t&lt;span&gt;Descargar nota de prensa&lt;\/span&gt;\n\t\t\t\t\t\t\t&lt;span&gt;136 KB PDF&lt;\/span&gt;\n\t\t\t\t\t\t&lt;\/a&gt;\n\t\t\t\t\t\t\t\t\t\t<a class=\"more\" aria-label=\"Leer m\u00e1s sobre M\u00e1s de la mitad de los aficionados al deporte recurren a la IA o a la IA generativa para obtener contenidos m\u00e1s personalizados\" href=\"https:\/\/www.capgemini.com\/ar-es\/news\/mas-de-la-mitad-de-los-aficionados-al-deporte-recurren-a-la-ia-o-a-la-ia-generativa-para-obtener-contenidos-mas-personalizados\/\">Leer m\u00e1s sobre<\/a>\n\t\t\t\t\t\t\t\t\t<\/div>\n\t\t\t\t\t\t\t\t<\/a>\n\t\t\t\t\t\t\t<\/div>\n\t\t\t\t\t\t<\/div><\/div><\/div><\/section><\/div>","protected":false},"excerpt":{"rendered":"","protected":false},"author":336,"featured_media":0,"template":"","meta":{"cg_dt_proposed_to":[],"cg_seo_hreflang_relations":"[]","cg_seo_canonical_relation":"","cg_seo_hreflang_x_default_relation":"{\"uuid\":\"fcc574d2-43f8-41b6-babd-89f98c3717b1\",\"blogId\":\"\",\"domain\":\"\",\"sitePath\":\"\",\"postLink\":\"\",\"postId\":null,\"isSaved\":false,\"isCrossLink\":false,\"hasCrossLink\":false}","cg_dt_approved_content":true,"cg_dt_mandatory_content":false,"cg_dt_notes":"","cg_dg_source_changed":false,"cg_dt_link_disabled":false,"footnotes":"","related_resource_url":"https:\/\/www.capgemini.com\/ar-es\/wp-content\/uploads\/sites\/28\/2022\/12\/El-numero-de-consumidores-conscientes-del-desperdicio-de-alimentos-se-ha-duplicado-en-los-ultimos-dos-anos-alcanzando-el-72.pdf","related_resource_id":16903,"related_resource_size":"123 KB","related_resource_type":"pdf","cg_author":0,"featured_focal_points":""},"tags":[],"press-release-type":[129],"brand":[],"class_list":["post-16901","press-release","type-press-release","status-publish","hentry","press-release-type-reports"],"yoast_head":"<!-- This site is optimized with the Yoast SEO Premium plugin v22.8 (Yoast SEO v22.8) - https:\/\/yoast.com\/wordpress\/plugins\/seo\/ -->\n<title>El n\u00famero de consumidores conscientes del desperdicio de alimentos se ha duplicado en los \u00faltimos dos a\u00f1os, alcanzando el 72% | Capgemini<\/title>\n<meta name=\"description\" content=\"La conciencia del consumidor sobre el desperdicio de alimentos se ha incrementado m\u00e1s del doble en los \u00faltimos dos a\u00f1os debido a que el aumento de los precios de los alimentos, los desaf\u00edos de la cadena de suministro, la pandemia y las preocupaciones sobre la sostenibilidad est\u00e1n afectando el comportamiento del consumidor. Hoy en d\u00eda, 72% de los consumidores son conscientes de su desperdicio de alimentos en comparaci\u00f3n con solo el 33% de los consumidores antes de 2020. Esto es seg\u00fan el \u00faltimo informe del Instituto de Investigaci\u00f3n Capgemini, \u201cReflexionar. Repensar. Reconsiderar. Por qu\u00e9 el desperdicio de alimentos es un problema de todos\u201d\" \/>\n<meta name=\"robots\" content=\"index, follow, max-snippet:-1, max-image-preview:large, max-video-preview:-1\" \/>\n<link rel=\"canonical\" href=\"https:\/\/www.capgemini.com\/ar-es\/news\/press-releases\/la-conciencia-del-consumidor-en-torno-al-desperdicio-de-alimentos-se-ha-incrementado-mas-del-doble-al-72-en-dos-anos\/\" \/>\n<meta property=\"og:locale\" content=\"es_MX\" \/>\n<meta property=\"og:type\" content=\"article\" \/>\n<meta property=\"og:title\" content=\"El n\u00famero de consumidores conscientes del desperdicio de alimentos se ha duplicado en los \u00faltimos dos a\u00f1os, alcanzando el 72%\" \/>\n<meta property=\"og:description\" content=\"La conciencia del consumidor sobre el desperdicio de alimentos se ha incrementado m\u00e1s del doble en los \u00faltimos dos a\u00f1os debido a que el aumento de los precios de los alimentos, los desaf\u00edos de la cadena de suministro, la pandemia y las preocupaciones sobre la sostenibilidad est\u00e1n afectando el comportamiento del consumidor. Hoy en d\u00eda, 72% de los consumidores son conscientes de su desperdicio de alimentos en comparaci\u00f3n con solo el 33% de los consumidores antes de 2020. Esto es seg\u00fan el \u00faltimo informe del Instituto de Investigaci\u00f3n Capgemini, \u201cReflexionar. Repensar. Reconsiderar. Por qu\u00e9 el desperdicio de alimentos es un problema de todos\u201d\" \/>\n<meta property=\"og:url\" content=\"https:\/\/www.capgemini.com\/ar-es\/news\/press-releases\/la-conciencia-del-consumidor-en-torno-al-desperdicio-de-alimentos-se-ha-incrementado-mas-del-doble-al-72-en-dos-anos\/\" \/>\n<meta property=\"og:site_name\" content=\"Capgemini Argentina\" \/>\n<meta property=\"article:modified_time\" content=\"2025-04-01T05:36:14+00:00\" \/>\n<meta property=\"og:image\" content=\"https:\/\/www.capgemini.com\/ar-es\/wp-content\/uploads\/sites\/9\/2025\/10\/New-Web-preview-global.jpg\" \/>\n\t<meta property=\"og:image:width\" content=\"1200\" \/>\n\t<meta property=\"og:image:height\" content=\"627\" \/>\n\t<meta property=\"og:image:type\" content=\"image\/jpeg\" \/>\n<meta name=\"twitter:card\" content=\"summary_large_image\" \/>\n<meta name=\"twitter:label1\" content=\"Est. reading time\" \/>\n\t<meta name=\"twitter:data1\" content=\"9 minutes\" \/>\n<script type=\"application\/ld+json\" class=\"yoast-schema-graph\">{\"@context\":\"https:\/\/schema.org\",\"@graph\":[{\"@type\":\"WebPage\",\"@id\":\"https:\/\/www.capgemini.com\/ar-es\/news\/press-releases\/la-conciencia-del-consumidor-en-torno-al-desperdicio-de-alimentos-se-ha-incrementado-mas-del-doble-al-72-en-dos-anos\/\",\"url\":\"https:\/\/www.capgemini.com\/ar-es\/news\/press-releases\/la-conciencia-del-consumidor-en-torno-al-desperdicio-de-alimentos-se-ha-incrementado-mas-del-doble-al-72-en-dos-anos\/\",\"name\":\"El n\u00famero de consumidores conscientes del desperdicio de alimentos se ha duplicado en los \u00faltimos dos a\u00f1os, alcanzando el 72% | Capgemini\",\"isPartOf\":{\"@id\":\"https:\/\/www.capgemini.com\/ar-es\/#website\"},\"datePublished\":\"2022-06-20T13:04:00+00:00\",\"dateModified\":\"2025-04-01T05:36:14+00:00\",\"description\":\"La conciencia del consumidor sobre el desperdicio de alimentos se ha incrementado m\u00e1s del doble en los \u00faltimos dos a\u00f1os debido a que el aumento de los precios de los alimentos, los desaf\u00edos de la cadena de suministro, la pandemia y las preocupaciones sobre la sostenibilidad est\u00e1n afectando el comportamiento del consumidor. Hoy en d\u00eda, 72% de los consumidores son conscientes de su desperdicio de alimentos en comparaci\u00f3n con solo el 33% de los consumidores antes de 2020. Esto es seg\u00fan el \u00faltimo informe del Instituto de Investigaci\u00f3n Capgemini, \u201cReflexionar. Repensar. Reconsiderar. Por qu\u00e9 el desperdicio de alimentos es un problema de todos\u201d\",\"breadcrumb\":{\"@id\":\"https:\/\/www.capgemini.com\/ar-es\/news\/press-releases\/la-conciencia-del-consumidor-en-torno-al-desperdicio-de-alimentos-se-ha-incrementado-mas-del-doble-al-72-en-dos-anos\/#breadcrumb\"},\"inLanguage\":\"es-MX\",\"potentialAction\":[{\"@type\":\"ReadAction\",\"target\":[\"https:\/\/www.capgemini.com\/ar-es\/news\/press-releases\/la-conciencia-del-consumidor-en-torno-al-desperdicio-de-alimentos-se-ha-incrementado-mas-del-doble-al-72-en-dos-anos\/\"]}]},{\"@type\":\"BreadcrumbList\",\"@id\":\"https:\/\/www.capgemini.com\/ar-es\/news\/press-releases\/la-conciencia-del-consumidor-en-torno-al-desperdicio-de-alimentos-se-ha-incrementado-mas-del-doble-al-72-en-dos-anos\/#breadcrumb\",\"itemListElement\":[{\"@type\":\"ListItem\",\"position\":1,\"name\":\"Home\",\"item\":\"https:\/\/www.capgemini.com\/ar-es\/\"},{\"@type\":\"ListItem\",\"position\":2,\"name\":\"Press Releases\",\"item\":\"https:\/\/www.capgemini.com\/ar-es\/news\/\"},{\"@type\":\"ListItem\",\"position\":3,\"name\":\"El n\u00famero de consumidores conscientes del desperdicio de alimentos se ha duplicado en los \u00faltimos dos a\u00f1os, alcanzando el 72%\"}]},{\"@type\":\"WebSite\",\"@id\":\"https:\/\/www.capgemini.com\/ar-es\/#website\",\"url\":\"https:\/\/www.capgemini.com\/ar-es\/\",\"name\":\"Capgemini Argentina\",\"description\":\"Capgemini\",\"potentialAction\":[{\"@type\":\"SearchAction\",\"target\":{\"@type\":\"EntryPoint\",\"urlTemplate\":\"https:\/\/www.capgemini.com\/ar-es\/?s={search_term_string}\"},\"query-input\":\"required name=search_term_string\"}],\"inLanguage\":\"es-MX\"}]}<\/script>\n<!-- \/ Yoast SEO Premium plugin. -->","yoast_head_json":{"title":"El n\u00famero de consumidores conscientes del desperdicio de alimentos se ha duplicado en los \u00faltimos dos a\u00f1os, alcanzando el 72% | Capgemini","description":"La conciencia del consumidor sobre el desperdicio de alimentos se ha incrementado m\u00e1s del doble en los \u00faltimos dos a\u00f1os debido a que el aumento de los precios de los alimentos, los desaf\u00edos de la cadena de suministro, la pandemia y las preocupaciones sobre la sostenibilidad est\u00e1n afectando el comportamiento del consumidor. Hoy en d\u00eda, 72% de los consumidores son conscientes de su desperdicio de alimentos en comparaci\u00f3n con solo el 33% de los consumidores antes de 2020. Esto es seg\u00fan el \u00faltimo informe del Instituto de Investigaci\u00f3n Capgemini, \u201cReflexionar. Repensar. Reconsiderar. Por qu\u00e9 el desperdicio de alimentos es un problema de todos\u201d","robots":{"index":"index","follow":"follow","max-snippet":"max-snippet:-1","max-image-preview":"max-image-preview:large","max-video-preview":"max-video-preview:-1"},"canonical":"https:\/\/www.capgemini.com\/ar-es\/news\/press-releases\/la-conciencia-del-consumidor-en-torno-al-desperdicio-de-alimentos-se-ha-incrementado-mas-del-doble-al-72-en-dos-anos\/","og_locale":"es_MX","og_type":"article","og_title":"El n\u00famero de consumidores conscientes del desperdicio de alimentos se ha duplicado en los \u00faltimos dos a\u00f1os, alcanzando el 72%","og_description":"La conciencia del consumidor sobre el desperdicio de alimentos se ha incrementado m\u00e1s del doble en los \u00faltimos dos a\u00f1os debido a que el aumento de los precios de los alimentos, los desaf\u00edos de la cadena de suministro, la pandemia y las preocupaciones sobre la sostenibilidad est\u00e1n afectando el comportamiento del consumidor. Hoy en d\u00eda, 72% de los consumidores son conscientes de su desperdicio de alimentos en comparaci\u00f3n con solo el 33% de los consumidores antes de 2020. Esto es seg\u00fan el \u00faltimo informe del Instituto de Investigaci\u00f3n Capgemini, \u201cReflexionar. Repensar. Reconsiderar. Por qu\u00e9 el desperdicio de alimentos es un problema de todos\u201d","og_url":"https:\/\/www.capgemini.com\/ar-es\/news\/press-releases\/la-conciencia-del-consumidor-en-torno-al-desperdicio-de-alimentos-se-ha-incrementado-mas-del-doble-al-72-en-dos-anos\/","og_site_name":"Capgemini Argentina","article_modified_time":"2025-04-01T05:36:14+00:00","og_image":[{"width":1200,"height":627,"url":"https:\/\/www.capgemini.com\/ar-es\/wp-content\/uploads\/sites\/9\/2025\/10\/New-Web-preview-global.jpg","type":"image\/jpeg"}],"twitter_card":"summary_large_image","twitter_misc":{"Est. reading time":"9 minutes"},"schema":{"@context":"https:\/\/schema.org","@graph":[{"@type":"WebPage","@id":"https:\/\/www.capgemini.com\/ar-es\/news\/press-releases\/la-conciencia-del-consumidor-en-torno-al-desperdicio-de-alimentos-se-ha-incrementado-mas-del-doble-al-72-en-dos-anos\/","url":"https:\/\/www.capgemini.com\/ar-es\/news\/press-releases\/la-conciencia-del-consumidor-en-torno-al-desperdicio-de-alimentos-se-ha-incrementado-mas-del-doble-al-72-en-dos-anos\/","name":"El n\u00famero de consumidores conscientes del desperdicio de alimentos se ha duplicado en los \u00faltimos dos a\u00f1os, alcanzando el 72% | Capgemini","isPartOf":{"@id":"https:\/\/www.capgemini.com\/ar-es\/#website"},"datePublished":"2022-06-20T13:04:00+00:00","dateModified":"2025-04-01T05:36:14+00:00","description":"La conciencia del consumidor sobre el desperdicio de alimentos se ha incrementado m\u00e1s del doble en los \u00faltimos dos a\u00f1os debido a que el aumento de los precios de los alimentos, los desaf\u00edos de la cadena de suministro, la pandemia y las preocupaciones sobre la sostenibilidad est\u00e1n afectando el comportamiento del consumidor. Hoy en d\u00eda, 72% de los consumidores son conscientes de su desperdicio de alimentos en comparaci\u00f3n con solo el 33% de los consumidores antes de 2020. Esto es seg\u00fan el \u00faltimo informe del Instituto de Investigaci\u00f3n Capgemini, \u201cReflexionar. Repensar. Reconsiderar. Por qu\u00e9 el desperdicio de alimentos es un problema de todos\u201d","breadcrumb":{"@id":"https:\/\/www.capgemini.com\/ar-es\/news\/press-releases\/la-conciencia-del-consumidor-en-torno-al-desperdicio-de-alimentos-se-ha-incrementado-mas-del-doble-al-72-en-dos-anos\/#breadcrumb"},"inLanguage":"es-MX","potentialAction":[{"@type":"ReadAction","target":["https:\/\/www.capgemini.com\/ar-es\/news\/press-releases\/la-conciencia-del-consumidor-en-torno-al-desperdicio-de-alimentos-se-ha-incrementado-mas-del-doble-al-72-en-dos-anos\/"]}]},{"@type":"BreadcrumbList","@id":"https:\/\/www.capgemini.com\/ar-es\/news\/press-releases\/la-conciencia-del-consumidor-en-torno-al-desperdicio-de-alimentos-se-ha-incrementado-mas-del-doble-al-72-en-dos-anos\/#breadcrumb","itemListElement":[{"@type":"ListItem","position":1,"name":"Home","item":"https:\/\/www.capgemini.com\/ar-es\/"},{"@type":"ListItem","position":2,"name":"Press Releases","item":"https:\/\/www.capgemini.com\/ar-es\/news\/"},{"@type":"ListItem","position":3,"name":"El n\u00famero de consumidores conscientes del desperdicio de alimentos se ha duplicado en los \u00faltimos dos a\u00f1os, alcanzando el 72%"}]},{"@type":"WebSite","@id":"https:\/\/www.capgemini.com\/ar-es\/#website","url":"https:\/\/www.capgemini.com\/ar-es\/","name":"Capgemini Argentina","description":"Capgemini","potentialAction":[{"@type":"SearchAction","target":{"@type":"EntryPoint","urlTemplate":"https:\/\/www.capgemini.com\/ar-es\/?s={search_term_string}"},"query-input":"required name=search_term_string"}],"inLanguage":"es-MX"}]}},"parsely":{"version":"1.1.0","canonical_url":"https:\/\/capgemini.com\/ar-es\/news\/press-releases\/la-conciencia-del-consumidor-en-torno-al-desperdicio-de-alimentos-se-ha-incrementado-mas-del-doble-al-72-en-dos-anos\/","smart_links":{"inbound":0,"outbound":0},"traffic_boost_suggestions_count":0,"meta":{"@context":"https:\/\/schema.org","@type":"NewsArticle","headline":"El n\u00famero de consumidores conscientes del desperdicio de alimentos se ha duplicado en los \u00faltimos dos a\u00f1os, alcanzando el 72%","url":"https:\/\/www.capgemini.com\/ar-es\/news\/press-releases\/la-conciencia-del-consumidor-en-torno-al-desperdicio-de-alimentos-se-ha-incrementado-mas-del-doble-al-72-en-dos-anos\/","mainEntityOfPage":{"@type":"WebPage","@id":"https:\/\/www.capgemini.com\/ar-es\/news\/press-releases\/la-conciencia-del-consumidor-en-torno-al-desperdicio-de-alimentos-se-ha-incrementado-mas-del-doble-al-72-en-dos-anos\/"},"thumbnailUrl":"","image":{"@type":"ImageObject","url":""},"articleSection":"Uncategorized","author":[],"creator":[],"publisher":{"@type":"Organization","name":"Capgemini Argentina","logo":""},"keywords":[],"dateCreated":"2022-06-20T13:04:00Z","datePublished":"2022-06-20T13:04:00Z","dateModified":"2025-04-01T05:36:14Z"},"rendered":"<meta name=\"parsely-title\" content=\"El n\u00famero de consumidores conscientes del desperdicio de alimentos se ha duplicado en los \u00faltimos dos a\u00f1os, alcanzando el 72%\" \/>\n<meta name=\"parsely-link\" content=\"https:\/\/www.capgemini.com\/ar-es\/news\/press-releases\/la-conciencia-del-consumidor-en-torno-al-desperdicio-de-alimentos-se-ha-incrementado-mas-del-doble-al-72-en-dos-anos\/\" \/>\n<meta name=\"parsely-type\" content=\"post\" \/>\n<meta name=\"parsely-pub-date\" content=\"2022-06-20T13:04:00Z\" \/>\n<meta name=\"parsely-section\" content=\"Uncategorized\" \/>","tracker_url":"https:\/\/cdn.parsely.com\/keys\/capgemini.com\/p.js"},"archive_status":false,"featured_image_src":"https:\/\/www.capgemini.com\/ar-es\/wp-content\/themes\/capgemini2025\/assets\/images\/mockup.png","featured_image_alt":false,"jetpack_sharing_enabled":true,"distributor_meta":false,"distributor_terms":false,"distributor_media":false,"distributor_original_site_name":"Capgemini Argentina","distributor_original_site_url":"https:\/\/www.capgemini.com\/ar-es","push-errors":false,"tag_names":[],"_links":{"self":[{"href":"https:\/\/www.capgemini.com\/ar-es\/wp-json\/wp\/v2\/press-release\/16901","targetHints":{"allow":["GET"]}}],"collection":[{"href":"https:\/\/www.capgemini.com\/ar-es\/wp-json\/wp\/v2\/press-release"}],"about":[{"href":"https:\/\/www.capgemini.com\/ar-es\/wp-json\/wp\/v2\/types\/press-release"}],"author":[{"embeddable":true,"href":"https:\/\/www.capgemini.com\/ar-es\/wp-json\/wp\/v2\/users\/336"}],"version-history":[{"count":6,"href":"https:\/\/www.capgemini.com\/ar-es\/wp-json\/wp\/v2\/press-release\/16901\/revisions"}],"predecessor-version":[{"id":517218,"href":"https:\/\/www.capgemini.com\/ar-es\/wp-json\/wp\/v2\/press-release\/16901\/revisions\/517218"}],"wp:attachment":[{"href":"https:\/\/www.capgemini.com\/ar-es\/wp-json\/wp\/v2\/media?parent=16901"}],"wp:term":[{"taxonomy":"post_tag","embeddable":true,"href":"https:\/\/www.capgemini.com\/ar-es\/wp-json\/wp\/v2\/tags?post=16901"},{"taxonomy":"press-release-type","embeddable":true,"href":"https:\/\/www.capgemini.com\/ar-es\/wp-json\/wp\/v2\/press-release-type?post=16901"},{"taxonomy":"brand","embeddable":true,"href":"https:\/\/www.capgemini.com\/ar-es\/wp-json\/wp\/v2\/brand?post=16901"}],"curies":[{"name":"wp","href":"https:\/\/api.w.org\/{rel}","templated":true}]}}