{"id":32949,"date":"2020-07-14T01:12:00","date_gmt":"2020-07-14T01:12:00","guid":{"rendered":"https:\/\/www.capgemini.com\/ar-es\/?p=32949"},"modified":"2025-03-28T09:15:02","modified_gmt":"2025-03-28T09:15:02","slug":"toma-el-control-de-tu-viaje-a-la-nube-es-hora-de-pensar-en-grande","status":"publish","type":"post","link":"https:\/\/www.capgemini.com\/ar-es\/insights\/expert-perspectives\/toma-el-control-de-tu-viaje-a-la-nube-es-hora-de-pensar-en-grande\/","title":{"rendered":"Toma el control de tu viaje a la nube: es hora de pensar en grande"},"content":{"rendered":"\n<p><\/p>\n\n\n\n<header class=\"wp-block-cg-blocks-hero-blogs header-hero-blogs\"><div class=\"container\"><div class=\"hero-blogs\"><div class=\"hero-blogs-content-wrapper\"><div class=\"row\"><div class=\"col-12\"><div class=\"header-title\"><h1>Toma el control de tu viaje a la nube: es hora de pensar en grande<\/h1><\/div><\/div><\/div><\/div><div class=\"hero-blogs-bottom\"><div class=\"header-author\"><div class=\"author-img\"><img decoding=\"async\" src=\"https:\/\/www.capgemini.com\/ar-es\/wp-content\/uploads\/sites\/9\/2021\/08\/cg-logo-3.png?w=330?w=200&amp;quality=10\" alt=\"\" loading=\"lazy\"\/><\/div><div class=\"author-name-date\"><h5 class=\"author-name\">Capgemini<\/h5><h5 class=\"blog-date\">2020-07-14<\/h5><\/div><\/div><div class=\"brand-image\"> <\/div><\/div><\/div><\/div><\/header>\n\n\n\n<section class=\"wp-block-cg-blocks-group undefined section section--article-content\"><div class=\"article-main-content\"><div class=\"container\"><div class=\"row\"><div class=\"col-12 col-md-1\"><nav class=\"article-social\"><ul class=\"social-nav\"><li class=\"ip-order-fb\"><a href=\"https:\/\/www.facebook.com\/sharer\/sharer.php?u=https:\/\/www.capgemini.com\/ar-es\/?p=32949\" target=\"_blank\" rel=\"noopener noreferrer\" title=\"abrir en una nueva ventana\"><i aria-hidden=\"true\" class=\"icon-fb\"><\/i><span class=\"sr-only\">Facebook<\/span><\/a><\/li><li class=\"ip-order-tw\"><a href=\"https:\/\/twitter.com\/intent\/tweet?url=https:\/\/www.capgemini.com\/ar-es\/?p=32949&amp;text=\" target=\"_blank\" rel=\"noopener noreferrer\" title=\"abrir en una nueva ventana\"><i aria-hidden=\"true\" class=\"icon-tw\"><\/i><span class=\"sr-only\">Twitter<\/span><\/a><\/li><li class=\"ip-order-li\"><a href=\"https:\/\/www.linkedin.com\/sharing\/share-offsite\/?url=https:\/\/www.capgemini.com\/ar-es\/?p=32949&amp;text=\" target=\"_blank\" rel=\"noopener noreferrer\" title=\"abrir en una nueva ventana\"><i aria-hidden=\"true\" class=\"icon-li\"><\/i><span class=\"sr-only\">Linkedin<\/span><\/a><\/li><\/ul><\/nav><\/div><div class=\"col-12 col-md-11 col-lg-10\"><div class=\"article-text article-quote-text\">\n<blockquote class=\"wp-block-quote is-layout-flow wp-block-quote-is-layout-flow\">\n<p>Capgemini Cloud Platform ofrece una perspectiva empresarial, orientaci\u00f3n experta y un enfoque integral para la adopci\u00f3n de la nube.<\/p>\n<\/blockquote>\n\n\n\n<p>Capgemini es un proveedor l\u00edder de servicios en la nube a nivel mundial y nuestro compromiso con nuestros clientes es continuar desarrollando soluciones innovadoras para respaldar sus negocios. Capgemini ofrece servicios profesionales en la nube, la Plataforma en la Nube Capgemini (CCP) respalda el viaje completo de un cliente de principio a fin, desde la evaluaci\u00f3n hasta la ejecuci\u00f3n de soluciones p\u00fablicas, privadas y de m\u00faltiples nubes.<\/p>\n\n\n\n<p>En el mercado de la nube, hay muchas opciones y enfoques, creando un panorama confuso de ofertas para muchos clientes. Adem\u00e1s de la confusi\u00f3n creada en un mercado ocupado, existen diferentes enfoques para la modernizaci\u00f3n de DC, la migraci\u00f3n a la nube, la re-plataforma de aplicaciones y las m\u00faltiples opciones de proveedores de hosting.<\/p>\n\n\n\n<p>Aqu\u00ed es donde entra en juego CCP al desarrollar el enfoque, no partimos de una visi\u00f3n t\u00e9cnica global. Partimos de una visi\u00f3n empresarial.<\/p>\n\n\n\n<blockquote class=\"wp-block-quote is-layout-flow wp-block-quote-is-layout-flow\">\n<p>\u00bfC\u00f3mo eliminamos la confusi\u00f3n y brindamos la mayor flexibilidad posible mientras evitamos el bloqueo para nuestros clientes?<\/p>\n<\/blockquote>\n\n\n\n<p>Hemos construido una plataforma integrada en todos los principales proveedores de nube p\u00fablica y privada. Podemos visualizar el panorama completo de un cliente y reunir datos de una manera que no se hab\u00eda hecho antes e integrar todo esto en el negocio existente de un cliente en \u00e1reas, por ejemplo, gesti\u00f3n de solicitudes, servicios de cat\u00e1logo y funciones de ITIL.<\/p>\n\n\n\n<p>Creemos que el trabajo que estamos haciendo para desarrollar no solo CCP sino tambi\u00e9n ofertas relacionadas, como eAPM y Cloud Migration Factories; por invertir fuertemente en automatizaci\u00f3n y propiedad intelectual para apoyar la gesti\u00f3n y las operaciones de los entornos de nube p\u00fablica de los clientes; y para los activos reutilizables espec\u00edficos de la industria y la experiencia en una amplia gama de verticales de la industria, son las razones principales por las que hemos sido reconocidos en el Cuadrante del L\u00edder en el Cuadrante M\u00e1gico 2020 de Gartner para Infraestructura de Nube P\u00fablica Profesional y Servicios Gestionados en todo el mundo.<\/p>\n\n\n\n<blockquote class=\"wp-block-quote is-layout-flow wp-block-quote-is-layout-flow\">\n<p>Desde evaluaciones de eAPM que respaldan las decisiones de los clientes a trav\u00e9s de nuestras capacidades avanzadas de migraci\u00f3n y el PCC en constante desarrollo, Capgemini ha podido mostrar no solo una visi\u00f3n sino un record de entrega.<\/p>\n<\/blockquote>\n\n\n\n<p>Capgemini se compromete a apoyar a nuestros clientes en el mercado de la nube con las soluciones que seguimos desarrollando. Brindamos a nuestros clientes un conjunto \u00fanico de capacidades integrales que se centran en los resultados comerciales, no solo en la tecnolog\u00eda que los impulsa.<\/p>\n\n\n\n<hr class=\"wp-block-separator has-alpha-channel-opacity\"\/>\n\n\n\n<p><em><strong>Gartner, Magic Quadrant for Public Cloud Infrastructure Professional and Managed Services, Worldwide, Craig Lowery, To Chee Eng, Scot MacLellan, Ross Winser, Brandon Medford, 4 de mayo de 2020<\/strong><\/em><\/p>\n\n\n\n<p><em>Gartner no respalda a ning\u00fan proveedor, producto o servicio descrito en sus publicaciones de investigaci\u00f3n, y no sugiere a los usuarios de tecnolog\u00eda seleccionar \u00fanicamente a aquellos proveedores con las puntuaciones m\u00e1s altas u otra designaci\u00f3n. Las publicaciones de investigaci\u00f3n de Gartner consisten en las opiniones de la organizaci\u00f3n de investigaci\u00f3n de Gartner y no deben interpretarse como declaraciones de hecho. Gartner no se hace responsable de ninguna de las garant\u00edas, expresas o impl\u00edcitas, con respecto a esta investigaci\u00f3n, incluyendo las garant\u00edas de comerciabilidad o idoneidad para un prop\u00f3sito en particular.<\/em><\/p>\n<\/div><\/div><\/div><\/div><\/div><\/section>\n\n\n\n<section class=\"wp-block-cg-blocks-wrapper-people-slider section section--expert-slider wrapper-people-slider undefined\"><div class=\"container\"><div class=\"content-title\"><h2 data-maxlength=\"34\" class=\"people-heading-title\">Author<\/h2><\/div><\/div><div class=\"slider slider-boxed\"><div class=\"container\"><div class=\"slider-window\"><div class=\"slider-list\">\t\t<div class=\"slide\">\n\t\t\t<div class=\"box\">\n\t\t\t\t<div class=\"row\">\n\t\t\t\t\t<div class=\"col-md-6 col-lg-4 box-img-wrapper\">\n\t\t\t\t\t\t<img decoding=\"async\" loading=\"lazy\" src=\"https:\/\/www.capgemini.com\/ar-es\/wp-content\/uploads\/sites\/9\/2022\/12\/Luke-Harrigan-CG-16-1.jpg\" alt=\"Luke Harrigan\"\/>\n\t\t\t\t\t<\/div>\n\t\t\t\t\t<div class=\"col-md-6 col-lg-8 box-inner\">\n\t\t\t\t\t\t<div class=\"row title-social-media-header\">\n\t\t\t\t\t\t\t<div class=\"col-md-12 col-lg-6 mbl-social-icon\">\n\t\t\t\t\t\t\t\t<ul class=\"social-nav\">\n\t\t\t\t\t\t\t\t\t\t\t\t\t\t\t\t\t\t\t\t\t\t\t\t\t\t\t\t\t\t\t\t\t\t\t\t\t\t\t\t\t\t\t\t\t\t\t\t\t\t\t\t\t\t\t<li><a aria-label=\"Linkedin\" target=\"_blank\" title=\"abrir en una nueva ventana\" href=\"https:\/\/www.linkedin.com\/in\/lukeharrigan\/\"><i aria-hidden=\"true\" class=\"icon-li\"><\/i><\/a><\/li>\n\t\t\t\t\t\t\t\t\t\t\t\t\t\t\t\t\t<\/ul>\n\t\t\t\t\t\t\t<\/div>\n\t\t\t\t\t\t\t<div class=\"col-md-12 col-lg-6 box-container\">\n\t\t\t\t\t\t\t\t<div class=\"box-title\">\n\t\t\t\t\t\t\t\t\t<h3 class=\"people-profile-title\">Luke Harrigan<\/h3>\n\t\t\t\t\t\t\t\t<\/div>\n\t\t\t\t\t\t\t\t\t\t\t\t\t\t\t<\/div>\n\t\t\t\t\t\t\t<div class=\"col-md-12 col-lg-6 social-box-container dkt-social-icon\">\n\t\t\t\t\t\t\t\t<ul class=\"social-nav\">\n\t\t\t\t\t\t\t\t\t\t\t\t\t\t\t\t\t\t\t\t\t\t\t\t\t\t\t\t\t\t\t\t\t\t\t\t\t\t\t\t\t\t\t\t\t\t\t\t\t\t\t\t\t\t\t<li><a aria-label=\"Linkedin\" target=\"_blank\" title=\"abrir en una nueva ventana\" href=\"https:\/\/www.linkedin.com\/in\/lukeharrigan\/\"><i aria-hidden=\"true\" class=\"icon-li\"><\/i><\/a><\/li>\n\t\t\t\t\t\t\t\t\t\t\t\t\t\t\t\t\t<\/ul>\n\t\t\t\t\t\t\t<\/div>\n\t\t\t\t\t\t<\/div>\n\t\t\t\t\t\t\t\t\t\t\t<\/div>\n\t\t\t\t<\/div>\n\t\t\t<\/div>\n\t\t\t\t\t<\/div>\n\t\t<\/div><\/div><\/div><div class=\"slider-nav\"><button class=\"slider-prev inactive\" aria-label=\"Slider-previous\" tabindex=\"-1\"><\/button><ul class=\"slider-paginator\"><\/ul><button class=\"slider-next\" aria-label=\"Slider-next\"><\/button><\/div><\/div><\/section>\n","protected":false},"excerpt":{"rendered":"","protected":false},"author":336,"featured_media":32950,"comment_status":"open","ping_status":"closed","sticky":false,"template":"","format":"standard","meta":{"cg_dt_proposed_to":[],"cg_seo_hreflang_relations":"[]","cg_seo_canonical_relation":"","cg_seo_hreflang_x_default_relation":"{\"uuid\":\"4eb67670-19b4-4f72-8d98-ceeb5609d1c7\",\"blogId\":\"\",\"domain\":\"\",\"sitePath\":\"\",\"postLink\":\"\",\"postId\":null,\"isSaved\":false,\"isCrossLink\":false,\"hasCrossLink\":false}","cg_dt_approved_content":true,"cg_dt_mandatory_content":false,"cg_dt_notes":"","cg_dg_source_changed":false,"cg_dt_link_disabled":false,"_yoast_wpseo_primary_brand":"","_jetpack_memberships_contains_paid_content":false,"footnotes":"","featured_focal_points":""},"categories":[1],"tags":[],"brand":[],"service":[197],"industry":[],"partners":[],"blog-topic":[46],"content-group":[],"class_list":["post-32949","post","type-post","status-publish","format-standard","has-post-thumbnail","hentry","category-uncategorized","service-cloud","blog-topic-cloud"],"yoast_head":"<!-- This site is optimized with the Yoast SEO Premium plugin v22.8 (Yoast SEO v22.8) - https:\/\/yoast.com\/wordpress\/plugins\/seo\/ -->\n<title>Toma el control de tu viaje a la nube: es hora de pensar en grande | Capgemini<\/title>\n<meta name=\"robots\" content=\"index, follow, max-snippet:-1, max-image-preview:large, max-video-preview:-1\" \/>\n<link rel=\"canonical\" href=\"https:\/\/www.capgemini.com\/ar-es\/insights\/expert-perspectives\/toma-el-control-de-tu-viaje-a-la-nube-es-hora-de-pensar-en-grande\/\" \/>\n<meta property=\"og:locale\" content=\"es_MX\" \/>\n<meta property=\"og:type\" content=\"article\" \/>\n<meta property=\"og:title\" content=\"Toma el control de tu viaje a la nube: es hora de pensar en grande\" \/>\n<meta property=\"og:url\" content=\"https:\/\/www.capgemini.com\/ar-es\/insights\/expert-perspectives\/toma-el-control-de-tu-viaje-a-la-nube-es-hora-de-pensar-en-grande\/\" \/>\n<meta property=\"og:site_name\" content=\"Capgemini Argentina\" \/>\n<meta property=\"article:published_time\" content=\"2020-07-14T01:12:00+00:00\" \/>\n<meta property=\"article:modified_time\" content=\"2025-03-28T09:15:02+00:00\" \/>\n<meta property=\"og:image\" content=\"https:\/\/www.capgemini.com\/ar-es\/wp-content\/uploads\/sites\/9\/2023\/01\/Blog_Banner_Dotcom-18-3.jpg\" \/>\n\t<meta property=\"og:image:width\" content=\"900\" \/>\n\t<meta property=\"og:image:height\" content=\"300\" \/>\n\t<meta property=\"og:image:type\" content=\"image\/jpeg\" \/>\n<meta name=\"author\" content=\"Capgemini\" \/>\n<meta name=\"twitter:card\" content=\"summary_large_image\" \/>\n<meta name=\"twitter:label1\" content=\"Written by\" \/>\n\t<meta name=\"twitter:data1\" content=\"krishnasingh\" \/>\n\t<meta name=\"twitter:label2\" content=\"Est. reading time\" \/>\n\t<meta name=\"twitter:data2\" content=\"3 minutes\" \/>\n<script type=\"application\/ld+json\" class=\"yoast-schema-graph\">{\"@context\":\"https:\/\/schema.org\",\"@graph\":[{\"@type\":\"WebPage\",\"@id\":\"https:\/\/www.capgemini.com\/ar-es\/insights\/expert-perspectives\/toma-el-control-de-tu-viaje-a-la-nube-es-hora-de-pensar-en-grande\/\",\"url\":\"https:\/\/www.capgemini.com\/ar-es\/insights\/expert-perspectives\/toma-el-control-de-tu-viaje-a-la-nube-es-hora-de-pensar-en-grande\/\",\"name\":\"Toma el control de tu viaje a la nube: es hora de pensar en grande | Capgemini\",\"isPartOf\":{\"@id\":\"https:\/\/www.capgemini.com\/ar-es\/#website\"},\"primaryImageOfPage\":{\"@id\":\"https:\/\/www.capgemini.com\/ar-es\/insights\/expert-perspectives\/toma-el-control-de-tu-viaje-a-la-nube-es-hora-de-pensar-en-grande\/#primaryimage\"},\"image\":{\"@id\":\"https:\/\/www.capgemini.com\/ar-es\/insights\/expert-perspectives\/toma-el-control-de-tu-viaje-a-la-nube-es-hora-de-pensar-en-grande\/#primaryimage\"},\"thumbnailUrl\":\"https:\/\/www.capgemini.com\/ar-es\/wp-content\/uploads\/sites\/9\/2023\/01\/Blog_Banner_Dotcom-18-3.jpg\",\"datePublished\":\"2020-07-14T01:12:00+00:00\",\"dateModified\":\"2025-03-28T09:15:02+00:00\",\"author\":{\"@id\":\"https:\/\/www.capgemini.com\/ar-es\/#\/schema\/person\/c282b28dcf9c10f58a683ad349573e95\"},\"breadcrumb\":{\"@id\":\"https:\/\/www.capgemini.com\/ar-es\/insights\/expert-perspectives\/toma-el-control-de-tu-viaje-a-la-nube-es-hora-de-pensar-en-grande\/#breadcrumb\"},\"inLanguage\":\"es-MX\",\"potentialAction\":[{\"@type\":\"ReadAction\",\"target\":[\"https:\/\/www.capgemini.com\/ar-es\/insights\/expert-perspectives\/toma-el-control-de-tu-viaje-a-la-nube-es-hora-de-pensar-en-grande\/\"]}]},{\"@type\":\"ImageObject\",\"inLanguage\":\"es-MX\",\"@id\":\"https:\/\/www.capgemini.com\/ar-es\/insights\/expert-perspectives\/toma-el-control-de-tu-viaje-a-la-nube-es-hora-de-pensar-en-grande\/#primaryimage\",\"url\":\"https:\/\/www.capgemini.com\/ar-es\/wp-content\/uploads\/sites\/9\/2023\/01\/Blog_Banner_Dotcom-18-3.jpg\",\"contentUrl\":\"https:\/\/www.capgemini.com\/ar-es\/wp-content\/uploads\/sites\/9\/2023\/01\/Blog_Banner_Dotcom-18-3.jpg\",\"width\":900,\"height\":300},{\"@type\":\"BreadcrumbList\",\"@id\":\"https:\/\/www.capgemini.com\/ar-es\/insights\/expert-perspectives\/toma-el-control-de-tu-viaje-a-la-nube-es-hora-de-pensar-en-grande\/#breadcrumb\",\"itemListElement\":[{\"@type\":\"ListItem\",\"position\":1,\"name\":\"Home\",\"item\":\"https:\/\/www.capgemini.com\/ar-es\/\"},{\"@type\":\"ListItem\",\"position\":2,\"name\":\"Toma el control de tu viaje a la nube: es hora de pensar en grande\"}]},{\"@type\":\"WebSite\",\"@id\":\"https:\/\/www.capgemini.com\/ar-es\/#website\",\"url\":\"https:\/\/www.capgemini.com\/ar-es\/\",\"name\":\"Capgemini Argentina\",\"description\":\"Capgemini\",\"potentialAction\":[{\"@type\":\"SearchAction\",\"target\":{\"@type\":\"EntryPoint\",\"urlTemplate\":\"https:\/\/www.capgemini.com\/ar-es\/?s={search_term_string}\"},\"query-input\":\"required name=search_term_string\"}],\"inLanguage\":\"es-MX\"},{\"@type\":\"Person\",\"@id\":\"https:\/\/www.capgemini.com\/ar-es\/#\/schema\/person\/c282b28dcf9c10f58a683ad349573e95\",\"name\":\"krishnasingh\",\"url\":\"https:\/\/www.capgemini.com\/ar-es\/author\/krishnasingh\/\"}]}<\/script>\n<!-- \/ Yoast SEO Premium plugin. -->","yoast_head_json":{"title":"Toma el control de tu viaje a la nube: es hora de pensar en grande | Capgemini","robots":{"index":"index","follow":"follow","max-snippet":"max-snippet:-1","max-image-preview":"max-image-preview:large","max-video-preview":"max-video-preview:-1"},"canonical":"https:\/\/www.capgemini.com\/ar-es\/insights\/expert-perspectives\/toma-el-control-de-tu-viaje-a-la-nube-es-hora-de-pensar-en-grande\/","og_locale":"es_MX","og_type":"article","og_title":"Toma el control de tu viaje a la nube: es hora de pensar en grande","og_url":"https:\/\/www.capgemini.com\/ar-es\/insights\/expert-perspectives\/toma-el-control-de-tu-viaje-a-la-nube-es-hora-de-pensar-en-grande\/","og_site_name":"Capgemini Argentina","article_published_time":"2020-07-14T01:12:00+00:00","article_modified_time":"2025-03-28T09:15:02+00:00","og_image":[{"width":900,"height":300,"url":"https:\/\/www.capgemini.com\/ar-es\/wp-content\/uploads\/sites\/9\/2023\/01\/Blog_Banner_Dotcom-18-3.jpg","type":"image\/jpeg"}],"author":"Capgemini","twitter_card":"summary_large_image","twitter_misc":{"Written by":"krishnasingh","Est. reading time":"3 minutes"},"schema":{"@context":"https:\/\/schema.org","@graph":[{"@type":"WebPage","@id":"https:\/\/www.capgemini.com\/ar-es\/insights\/expert-perspectives\/toma-el-control-de-tu-viaje-a-la-nube-es-hora-de-pensar-en-grande\/","url":"https:\/\/www.capgemini.com\/ar-es\/insights\/expert-perspectives\/toma-el-control-de-tu-viaje-a-la-nube-es-hora-de-pensar-en-grande\/","name":"Toma el control de tu viaje a la nube: es hora de pensar en grande | Capgemini","isPartOf":{"@id":"https:\/\/www.capgemini.com\/ar-es\/#website"},"primaryImageOfPage":{"@id":"https:\/\/www.capgemini.com\/ar-es\/insights\/expert-perspectives\/toma-el-control-de-tu-viaje-a-la-nube-es-hora-de-pensar-en-grande\/#primaryimage"},"image":{"@id":"https:\/\/www.capgemini.com\/ar-es\/insights\/expert-perspectives\/toma-el-control-de-tu-viaje-a-la-nube-es-hora-de-pensar-en-grande\/#primaryimage"},"thumbnailUrl":"https:\/\/www.capgemini.com\/ar-es\/wp-content\/uploads\/sites\/9\/2023\/01\/Blog_Banner_Dotcom-18-3.jpg","datePublished":"2020-07-14T01:12:00+00:00","dateModified":"2025-03-28T09:15:02+00:00","author":{"@id":"https:\/\/www.capgemini.com\/ar-es\/#\/schema\/person\/c282b28dcf9c10f58a683ad349573e95"},"breadcrumb":{"@id":"https:\/\/www.capgemini.com\/ar-es\/insights\/expert-perspectives\/toma-el-control-de-tu-viaje-a-la-nube-es-hora-de-pensar-en-grande\/#breadcrumb"},"inLanguage":"es-MX","potentialAction":[{"@type":"ReadAction","target":["https:\/\/www.capgemini.com\/ar-es\/insights\/expert-perspectives\/toma-el-control-de-tu-viaje-a-la-nube-es-hora-de-pensar-en-grande\/"]}]},{"@type":"ImageObject","inLanguage":"es-MX","@id":"https:\/\/www.capgemini.com\/ar-es\/insights\/expert-perspectives\/toma-el-control-de-tu-viaje-a-la-nube-es-hora-de-pensar-en-grande\/#primaryimage","url":"https:\/\/www.capgemini.com\/ar-es\/wp-content\/uploads\/sites\/9\/2023\/01\/Blog_Banner_Dotcom-18-3.jpg","contentUrl":"https:\/\/www.capgemini.com\/ar-es\/wp-content\/uploads\/sites\/9\/2023\/01\/Blog_Banner_Dotcom-18-3.jpg","width":900,"height":300},{"@type":"BreadcrumbList","@id":"https:\/\/www.capgemini.com\/ar-es\/insights\/expert-perspectives\/toma-el-control-de-tu-viaje-a-la-nube-es-hora-de-pensar-en-grande\/#breadcrumb","itemListElement":[{"@type":"ListItem","position":1,"name":"Home","item":"https:\/\/www.capgemini.com\/ar-es\/"},{"@type":"ListItem","position":2,"name":"Toma el control de tu viaje a la nube: es hora de pensar en grande"}]},{"@type":"WebSite","@id":"https:\/\/www.capgemini.com\/ar-es\/#website","url":"https:\/\/www.capgemini.com\/ar-es\/","name":"Capgemini Argentina","description":"Capgemini","potentialAction":[{"@type":"SearchAction","target":{"@type":"EntryPoint","urlTemplate":"https:\/\/www.capgemini.com\/ar-es\/?s={search_term_string}"},"query-input":"required name=search_term_string"}],"inLanguage":"es-MX"},{"@type":"Person","@id":"https:\/\/www.capgemini.com\/ar-es\/#\/schema\/person\/c282b28dcf9c10f58a683ad349573e95","name":"krishnasingh","url":"https:\/\/www.capgemini.com\/ar-es\/author\/krishnasingh\/"}]}},"blog_topic_info":[{"id":46,"name":"Cloud"}],"taxonomy_info":{"category":[{"id":1,"name":"Uncategorized","slug":"uncategorized"}],"service":[{"id":197,"name":"Cloud","slug":"cloud"}],"blog-topic":[{"id":46,"name":"Cloud","slug":"cloud"}],"following_users":[{"id":141,"name":"automator","slug":"automator"},{"id":378,"name":"krishnasingh","slug":"krishnasingh"}]},"parsely":{"version":"1.1.0","canonical_url":"https:\/\/capgemini.com\/ar-es\/insights\/expert-perspectives\/toma-el-control-de-tu-viaje-a-la-nube-es-hora-de-pensar-en-grande\/","smart_links":{"inbound":0,"outbound":0},"traffic_boost_suggestions_count":0,"meta":{"@context":"https:\/\/schema.org","@type":"NewsArticle","headline":"Toma el control de tu viaje a la nube: es hora de pensar en grande","url":"https:\/\/www.capgemini.com\/ar-es\/insights\/expert-perspectives\/toma-el-control-de-tu-viaje-a-la-nube-es-hora-de-pensar-en-grande\/","mainEntityOfPage":{"@type":"WebPage","@id":"https:\/\/www.capgemini.com\/ar-es\/insights\/expert-perspectives\/toma-el-control-de-tu-viaje-a-la-nube-es-hora-de-pensar-en-grande\/"},"thumbnailUrl":"https:\/\/www.capgemini.com\/ar-es\/wp-content\/uploads\/sites\/9\/2023\/01\/Blog_Banner_Dotcom-18-3.jpg?w=150&h=150&crop=1","image":{"@type":"ImageObject","url":"https:\/\/www.capgemini.com\/ar-es\/wp-content\/uploads\/sites\/9\/2023\/01\/Blog_Banner_Dotcom-18-3.jpg"},"articleSection":"Uncategorized","author":[],"creator":[],"publisher":{"@type":"Organization","name":"Capgemini Argentina","logo":""},"keywords":[],"dateCreated":"2020-07-14T01:12:00Z","datePublished":"2020-07-14T01:12:00Z","dateModified":"2025-03-28T09:15:02Z"},"rendered":"<meta name=\"parsely-title\" content=\"Toma el control de tu viaje a la nube: es hora de pensar en grande\" \/>\n<meta name=\"parsely-link\" content=\"https:\/\/www.capgemini.com\/ar-es\/insights\/expert-perspectives\/toma-el-control-de-tu-viaje-a-la-nube-es-hora-de-pensar-en-grande\/\" \/>\n<meta name=\"parsely-type\" content=\"post\" \/>\n<meta name=\"parsely-image-url\" content=\"https:\/\/www.capgemini.com\/ar-es\/wp-content\/uploads\/sites\/9\/2023\/01\/Blog_Banner_Dotcom-18-3.jpg?w=150&amp;h=150&amp;crop=1\" \/>\n<meta name=\"parsely-pub-date\" content=\"2020-07-14T01:12:00Z\" \/>\n<meta name=\"parsely-section\" content=\"Uncategorized\" \/>","tracker_url":"https:\/\/cdn.parsely.com\/keys\/capgemini.com\/p.js"},"jetpack_featured_media_url":"https:\/\/www.capgemini.com\/ar-es\/wp-content\/uploads\/sites\/9\/2023\/01\/Blog_Banner_Dotcom-18-3.jpg","archive_status":false,"featured_image_src":"https:\/\/www.capgemini.com\/ar-es\/wp-content\/uploads\/sites\/9\/2023\/01\/Blog_Banner_Dotcom-18-3.jpg","featured_image_alt":"","jetpack_sharing_enabled":true,"distributor_meta":false,"distributor_terms":false,"distributor_media":false,"distributor_original_site_name":"Capgemini Argentina","distributor_original_site_url":"https:\/\/www.capgemini.com\/ar-es","push-errors":false,"featured_image_url":"https:\/\/www.capgemini.com\/ar-es\/wp-content\/uploads\/sites\/9\/2023\/01\/Blog_Banner_Dotcom-18-3.jpg","author_title":"Capgemini","author_thumbnail_url":"https:\/\/www.capgemini.com\/ar-es\/wp-content\/uploads\/sites\/9\/2021\/08\/cg-logo-3.png?w=330","author_thumbnail_alt":"","_links":{"self":[{"href":"https:\/\/www.capgemini.com\/ar-es\/wp-json\/wp\/v2\/posts\/32949","targetHints":{"allow":["GET"]}}],"collection":[{"href":"https:\/\/www.capgemini.com\/ar-es\/wp-json\/wp\/v2\/posts"}],"about":[{"href":"https:\/\/www.capgemini.com\/ar-es\/wp-json\/wp\/v2\/types\/post"}],"author":[{"embeddable":true,"href":"https:\/\/www.capgemini.com\/ar-es\/wp-json\/wp\/v2\/users\/336"}],"replies":[{"embeddable":true,"href":"https:\/\/www.capgemini.com\/ar-es\/wp-json\/wp\/v2\/comments?post=32949"}],"version-history":[{"count":6,"href":"https:\/\/www.capgemini.com\/ar-es\/wp-json\/wp\/v2\/posts\/32949\/revisions"}],"predecessor-version":[{"id":516323,"href":"https:\/\/www.capgemini.com\/ar-es\/wp-json\/wp\/v2\/posts\/32949\/revisions\/516323"}],"wp:featuredmedia":[{"embeddable":true,"href":"https:\/\/www.capgemini.com\/ar-es\/wp-json\/wp\/v2\/media\/32950"}],"wp:attachment":[{"href":"https:\/\/www.capgemini.com\/ar-es\/wp-json\/wp\/v2\/media?parent=32949"}],"wp:term":[{"taxonomy":"category","embeddable":true,"href":"https:\/\/www.capgemini.com\/ar-es\/wp-json\/wp\/v2\/categories?post=32949"},{"taxonomy":"post_tag","embeddable":true,"href":"https:\/\/www.capgemini.com\/ar-es\/wp-json\/wp\/v2\/tags?post=32949"},{"taxonomy":"brand","embeddable":true,"href":"https:\/\/www.capgemini.com\/ar-es\/wp-json\/wp\/v2\/brand?post=32949"},{"taxonomy":"service","embeddable":true,"href":"https:\/\/www.capgemini.com\/ar-es\/wp-json\/wp\/v2\/service?post=32949"},{"taxonomy":"industry","embeddable":true,"href":"https:\/\/www.capgemini.com\/ar-es\/wp-json\/wp\/v2\/industry?post=32949"},{"taxonomy":"partners","embeddable":true,"href":"https:\/\/www.capgemini.com\/ar-es\/wp-json\/wp\/v2\/partners?post=32949"},{"taxonomy":"blog-topic","embeddable":true,"href":"https:\/\/www.capgemini.com\/ar-es\/wp-json\/wp\/v2\/blog-topic?post=32949"},{"taxonomy":"content-group","embeddable":true,"href":"https:\/\/www.capgemini.com\/ar-es\/wp-json\/wp\/v2\/content-group?post=32949"}],"curies":[{"name":"wp","href":"https:\/\/api.w.org\/{rel}","templated":true}]}}