{"id":32748,"date":"2008-11-25T22:18:00","date_gmt":"2008-11-25T22:18:00","guid":{"rendered":"https:\/\/www.capgemini.com\/ar-es\/?p=32748"},"modified":"2025-03-28T11:01:08","modified_gmt":"2025-03-28T11:01:08","slug":"empleo-y-discapacidad","status":"publish","type":"post","link":"https:\/\/www.capgemini.com\/ar-es\/insights\/expert-perspectives\/empleo-y-discapacidad\/","title":{"rendered":"Empleo y Discapacidad"},"content":{"rendered":"\n<p><\/p>\n\n\n\n<header class=\"wp-block-cg-blocks-hero-blogs header-hero-blogs\"><div class=\"container\"><div class=\"hero-blogs\"><div class=\"hero-blogs-content-wrapper\"><div class=\"row\"><div class=\"col-12\"><div class=\"header-title\"><h1>Empleo y Discapacidad<\/h1><\/div><\/div><\/div><\/div><div class=\"hero-blogs-bottom\"><div class=\"header-author\"><div class=\"author-img\"><img decoding=\"async\" src=\"\/wp-content\/themes\/capgemini2020\/assets\/images\/cg-logo.png?w=200&amp;quality=10\" alt=\"\" loading=\"lazy\"\/><\/div><div class=\"author-name-date\"><h5 class=\"author-name\">Capgemini<\/h5><h5 class=\"blog-date\">2008-11-25<\/h5><\/div><\/div><div class=\"brand-image\"> <\/div><\/div><\/div><\/div><\/header>\n\n\n\n<section class=\"wp-block-cg-blocks-group undefined section section--article-content\"><div class=\"article-main-content\"><div class=\"container\"><div class=\"row\"><div class=\"col-12 col-md-1\"><nav class=\"article-social\"><ul class=\"social-nav\"><li class=\"ip-order-fb\"><a href=\"https:\/\/www.facebook.com\/sharer\/sharer.php?u=https:\/\/www.capgemini.com\/ar-es\/?p=32748\" target=\"_blank\" rel=\"noopener noreferrer\" title=\"abrir en una nueva ventana\"><i aria-hidden=\"true\" class=\"icon-fb\"><\/i><span class=\"sr-only\">Facebook<\/span><\/a><\/li><li class=\"ip-order-tw\"><a href=\"https:\/\/twitter.com\/intent\/tweet?url=https:\/\/www.capgemini.com\/ar-es\/?p=32748&amp;text=\" target=\"_blank\" rel=\"noopener noreferrer\" title=\"abrir en una nueva ventana\"><i aria-hidden=\"true\" class=\"icon-tw\"><\/i><span class=\"sr-only\">Twitter<\/span><\/a><\/li><li class=\"ip-order-li\"><a href=\"https:\/\/www.linkedin.com\/sharing\/share-offsite\/?url=https:\/\/www.capgemini.com\/ar-es\/?p=32748&amp;text=\" target=\"_blank\" rel=\"noopener noreferrer\" title=\"abrir en una nueva ventana\"><i aria-hidden=\"true\" class=\"icon-li\"><\/i><span class=\"sr-only\">Linkedin<\/span><\/a><\/li><\/ul><\/nav><\/div><div class=\"col-12 col-md-11 col-lg-10\"><div class=\"article-text article-quote-text\">\n<p>Si ahora las cosas est\u00e1n dif\u00edciles para vosotros, imag\u00ednate para nosotros\u201d. Este comentario me lo hac\u00edan el lunes en nuestro stand en la II Feria de Empleo para Discapacitados que ha organizado la Comunidad de Madrid. El que lo hac\u00eda ven\u00eda a esta feria con la ilusi\u00f3n debajo del brazo as\u00ed como con un mont\u00f3n de curr\u00edcula que entregaba a diestro y siniestro.<\/p>\n\n\n\n<figure class=\"wp-block-image\"><a href=\"http:\/\/www.blogcapgemini.es\/wp-content\/uploads\/2011\/05\/stand.jpg\"><img decoding=\"async\" src=\"http:\/\/www.blogcapgemini.es\/wp-content\/uploads\/2011\/05\/stand.jpg\" alt=\"\" class=\"wp-image-40\"\/><\/a><\/figure>\n\n\n\n<p>Muchos preguntaban: \u00bfQu\u00e9 tipo de puestos ofrec\u00e9is? Nuestra respuesta trataba de explicar de forma sencilla lo que hacemos a la madre que preguntaba, al ingeniero que perdi\u00f3 la vista o a la joven que en su adolescencia tuvo que aprender todo de nuevo.<\/p>\n\n\n\n<p>Capgemini ha hecho una apuesta clara por la inserci\u00f3n laboral en nuestra Compa\u00f1\u00eda de todos aquellos que puedan aprender las herramientas que necesitamos en nuestros proyectos. Para ello organizamos becas de formaci\u00f3n alrededor de alg\u00fan entorno de desarrollo que facilite esta inserci\u00f3n.<\/p>\n\n\n\n<p>En el coraz\u00f3n de todos los que hemos participado en esta feria queda el recuerdo de cada una de las historias que hemos conocido. Lecciones de fortaleza y de no \u201carrugarse\u201d antes las dificultades, porque la tarea que hay por delante no es sencilla. Miles de personas han visitado esta feria y tenemos la intenci\u00f3n de formar a todos los que podamos y tenerlos trabajando con nosotros pronto. <a href=\"http:\/\/www.empleoydiscapacidad.com\/\">M\u00e1s informaci\u00f3n.<\/a><\/p>\n<\/div><\/div><\/div><\/div><\/div><\/section>\n","protected":false},"excerpt":{"rendered":"","protected":false},"author":336,"featured_media":0,"comment_status":"open","ping_status":"closed","sticky":false,"template":"","format":"standard","meta":{"cg_dt_proposed_to":[],"cg_seo_hreflang_relations":"[]","cg_seo_canonical_relation":"","cg_seo_hreflang_x_default_relation":"{\"uuid\":\"e9f7a8d2-5cc6-489e-817e-692a0ed00016\",\"blogId\":\"\",\"domain\":\"\",\"sitePath\":\"\",\"postLink\":\"\",\"postId\":null,\"isSaved\":false,\"isCrossLink\":false,\"hasCrossLink\":false}","cg_dt_approved_content":true,"cg_dt_mandatory_content":false,"cg_dt_notes":"","cg_dg_source_changed":false,"cg_dt_link_disabled":false,"_yoast_wpseo_primary_brand":"","_jetpack_memberships_contains_paid_content":false,"footnotes":"","featured_focal_points":""},"categories":[1],"tags":[],"brand":[],"service":[],"industry":[],"partners":[],"blog-topic":[],"content-group":[],"class_list":["post-32748","post","type-post","status-publish","format-standard","hentry","category-uncategorized"],"yoast_head":"<!-- This site is optimized with the Yoast SEO Premium plugin v22.8 (Yoast SEO v22.8) - https:\/\/yoast.com\/wordpress\/plugins\/seo\/ -->\n<title>Empleo y Discapacidad - Capgemini Argentina<\/title>\n<meta name=\"robots\" content=\"index, follow, max-snippet:-1, max-image-preview:large, max-video-preview:-1\" \/>\n<link rel=\"canonical\" href=\"https:\/\/www.capgemini.com\/ar-es\/insights\/expert-perspectives\/empleo-y-discapacidad\/\" \/>\n<meta property=\"og:locale\" content=\"es_MX\" \/>\n<meta property=\"og:type\" content=\"article\" \/>\n<meta property=\"og:title\" content=\"Empleo y Discapacidad\" \/>\n<meta property=\"og:url\" content=\"https:\/\/www.capgemini.com\/ar-es\/insights\/expert-perspectives\/empleo-y-discapacidad\/\" \/>\n<meta property=\"og:site_name\" content=\"Capgemini Argentina\" \/>\n<meta property=\"article:published_time\" content=\"2008-11-25T22:18:00+00:00\" \/>\n<meta property=\"article:modified_time\" content=\"2025-03-28T11:01:08+00:00\" \/>\n<meta property=\"og:image\" content=\"http:\/\/www.blogcapgemini.es\/wp-content\/uploads\/2011\/05\/stand.jpg\" \/>\n<meta name=\"author\" content=\"Capgemini\" \/>\n<meta name=\"twitter:card\" content=\"summary_large_image\" \/>\n<meta name=\"twitter:label1\" content=\"Written by\" \/>\n\t<meta name=\"twitter:data1\" content=\"krishnasingh\" \/>\n\t<meta name=\"twitter:label2\" content=\"Est. reading time\" \/>\n\t<meta name=\"twitter:data2\" content=\"2 minutes\" \/>\n<script type=\"application\/ld+json\" class=\"yoast-schema-graph\">{\"@context\":\"https:\/\/schema.org\",\"@graph\":[{\"@type\":\"WebPage\",\"@id\":\"https:\/\/www.capgemini.com\/ar-es\/insights\/expert-perspectives\/empleo-y-discapacidad\/\",\"url\":\"https:\/\/www.capgemini.com\/ar-es\/insights\/expert-perspectives\/empleo-y-discapacidad\/\",\"name\":\"Empleo y Discapacidad - Capgemini Argentina\",\"isPartOf\":{\"@id\":\"https:\/\/www.capgemini.com\/ar-es\/#website\"},\"primaryImageOfPage\":{\"@id\":\"https:\/\/www.capgemini.com\/ar-es\/insights\/expert-perspectives\/empleo-y-discapacidad\/#primaryimage\"},\"image\":{\"@id\":\"https:\/\/www.capgemini.com\/ar-es\/insights\/expert-perspectives\/empleo-y-discapacidad\/#primaryimage\"},\"thumbnailUrl\":\"http:\/\/www.blogcapgemini.es\/wp-content\/uploads\/2011\/05\/stand.jpg\",\"datePublished\":\"2008-11-25T22:18:00+00:00\",\"dateModified\":\"2025-03-28T11:01:08+00:00\",\"author\":{\"@id\":\"https:\/\/www.capgemini.com\/ar-es\/#\/schema\/person\/c282b28dcf9c10f58a683ad349573e95\"},\"breadcrumb\":{\"@id\":\"https:\/\/www.capgemini.com\/ar-es\/insights\/expert-perspectives\/empleo-y-discapacidad\/#breadcrumb\"},\"inLanguage\":\"es-MX\",\"potentialAction\":[{\"@type\":\"ReadAction\",\"target\":[\"https:\/\/www.capgemini.com\/ar-es\/insights\/expert-perspectives\/empleo-y-discapacidad\/\"]}]},{\"@type\":\"ImageObject\",\"inLanguage\":\"es-MX\",\"@id\":\"https:\/\/www.capgemini.com\/ar-es\/insights\/expert-perspectives\/empleo-y-discapacidad\/#primaryimage\",\"url\":\"http:\/\/www.blogcapgemini.es\/wp-content\/uploads\/2011\/05\/stand.jpg\",\"contentUrl\":\"http:\/\/www.blogcapgemini.es\/wp-content\/uploads\/2011\/05\/stand.jpg\"},{\"@type\":\"BreadcrumbList\",\"@id\":\"https:\/\/www.capgemini.com\/ar-es\/insights\/expert-perspectives\/empleo-y-discapacidad\/#breadcrumb\",\"itemListElement\":[{\"@type\":\"ListItem\",\"position\":1,\"name\":\"Home\",\"item\":\"https:\/\/www.capgemini.com\/ar-es\/\"},{\"@type\":\"ListItem\",\"position\":2,\"name\":\"Empleo y Discapacidad\"}]},{\"@type\":\"WebSite\",\"@id\":\"https:\/\/www.capgemini.com\/ar-es\/#website\",\"url\":\"https:\/\/www.capgemini.com\/ar-es\/\",\"name\":\"Capgemini Argentina\",\"description\":\"Capgemini\",\"potentialAction\":[{\"@type\":\"SearchAction\",\"target\":{\"@type\":\"EntryPoint\",\"urlTemplate\":\"https:\/\/www.capgemini.com\/ar-es\/?s={search_term_string}\"},\"query-input\":\"required name=search_term_string\"}],\"inLanguage\":\"es-MX\"},{\"@type\":\"Person\",\"@id\":\"https:\/\/www.capgemini.com\/ar-es\/#\/schema\/person\/c282b28dcf9c10f58a683ad349573e95\",\"name\":\"krishnasingh\",\"url\":\"https:\/\/www.capgemini.com\/ar-es\/author\/krishnasingh\/\"}]}<\/script>\n<!-- \/ Yoast SEO Premium plugin. -->","yoast_head_json":{"title":"Empleo y Discapacidad - Capgemini Argentina","robots":{"index":"index","follow":"follow","max-snippet":"max-snippet:-1","max-image-preview":"max-image-preview:large","max-video-preview":"max-video-preview:-1"},"canonical":"https:\/\/www.capgemini.com\/ar-es\/insights\/expert-perspectives\/empleo-y-discapacidad\/","og_locale":"es_MX","og_type":"article","og_title":"Empleo y Discapacidad","og_url":"https:\/\/www.capgemini.com\/ar-es\/insights\/expert-perspectives\/empleo-y-discapacidad\/","og_site_name":"Capgemini Argentina","article_published_time":"2008-11-25T22:18:00+00:00","article_modified_time":"2025-03-28T11:01:08+00:00","og_image":[{"url":"http:\/\/www.blogcapgemini.es\/wp-content\/uploads\/2011\/05\/stand.jpg"}],"author":"Capgemini","twitter_card":"summary_large_image","twitter_misc":{"Written by":"krishnasingh","Est. reading time":"2 minutes"},"schema":{"@context":"https:\/\/schema.org","@graph":[{"@type":"WebPage","@id":"https:\/\/www.capgemini.com\/ar-es\/insights\/expert-perspectives\/empleo-y-discapacidad\/","url":"https:\/\/www.capgemini.com\/ar-es\/insights\/expert-perspectives\/empleo-y-discapacidad\/","name":"Empleo y Discapacidad - Capgemini Argentina","isPartOf":{"@id":"https:\/\/www.capgemini.com\/ar-es\/#website"},"primaryImageOfPage":{"@id":"https:\/\/www.capgemini.com\/ar-es\/insights\/expert-perspectives\/empleo-y-discapacidad\/#primaryimage"},"image":{"@id":"https:\/\/www.capgemini.com\/ar-es\/insights\/expert-perspectives\/empleo-y-discapacidad\/#primaryimage"},"thumbnailUrl":"http:\/\/www.blogcapgemini.es\/wp-content\/uploads\/2011\/05\/stand.jpg","datePublished":"2008-11-25T22:18:00+00:00","dateModified":"2025-03-28T11:01:08+00:00","author":{"@id":"https:\/\/www.capgemini.com\/ar-es\/#\/schema\/person\/c282b28dcf9c10f58a683ad349573e95"},"breadcrumb":{"@id":"https:\/\/www.capgemini.com\/ar-es\/insights\/expert-perspectives\/empleo-y-discapacidad\/#breadcrumb"},"inLanguage":"es-MX","potentialAction":[{"@type":"ReadAction","target":["https:\/\/www.capgemini.com\/ar-es\/insights\/expert-perspectives\/empleo-y-discapacidad\/"]}]},{"@type":"ImageObject","inLanguage":"es-MX","@id":"https:\/\/www.capgemini.com\/ar-es\/insights\/expert-perspectives\/empleo-y-discapacidad\/#primaryimage","url":"http:\/\/www.blogcapgemini.es\/wp-content\/uploads\/2011\/05\/stand.jpg","contentUrl":"http:\/\/www.blogcapgemini.es\/wp-content\/uploads\/2011\/05\/stand.jpg"},{"@type":"BreadcrumbList","@id":"https:\/\/www.capgemini.com\/ar-es\/insights\/expert-perspectives\/empleo-y-discapacidad\/#breadcrumb","itemListElement":[{"@type":"ListItem","position":1,"name":"Home","item":"https:\/\/www.capgemini.com\/ar-es\/"},{"@type":"ListItem","position":2,"name":"Empleo y Discapacidad"}]},{"@type":"WebSite","@id":"https:\/\/www.capgemini.com\/ar-es\/#website","url":"https:\/\/www.capgemini.com\/ar-es\/","name":"Capgemini Argentina","description":"Capgemini","potentialAction":[{"@type":"SearchAction","target":{"@type":"EntryPoint","urlTemplate":"https:\/\/www.capgemini.com\/ar-es\/?s={search_term_string}"},"query-input":"required name=search_term_string"}],"inLanguage":"es-MX"},{"@type":"Person","@id":"https:\/\/www.capgemini.com\/ar-es\/#\/schema\/person\/c282b28dcf9c10f58a683ad349573e95","name":"krishnasingh","url":"https:\/\/www.capgemini.com\/ar-es\/author\/krishnasingh\/"}]}},"blog_topic_info":[],"taxonomy_info":{"category":[{"id":1,"name":"Uncategorized","slug":"uncategorized"}],"following_users":[{"id":141,"name":"automator","slug":"automator"},{"id":378,"name":"krishnasingh","slug":"krishnasingh"}]},"parsely":{"version":"1.1.0","canonical_url":"https:\/\/capgemini.com\/ar-es\/insights\/expert-perspectives\/empleo-y-discapacidad\/","smart_links":{"inbound":0,"outbound":0},"traffic_boost_suggestions_count":0,"meta":{"@context":"https:\/\/schema.org","@type":"NewsArticle","headline":"Empleo y Discapacidad","url":"https:\/\/www.capgemini.com\/ar-es\/insights\/expert-perspectives\/empleo-y-discapacidad\/","mainEntityOfPage":{"@type":"WebPage","@id":"https:\/\/www.capgemini.com\/ar-es\/insights\/expert-perspectives\/empleo-y-discapacidad\/"},"thumbnailUrl":"","image":{"@type":"ImageObject","url":""},"articleSection":"Uncategorized","author":[],"creator":[],"publisher":{"@type":"Organization","name":"Capgemini Argentina","logo":""},"keywords":[],"dateCreated":"2008-11-25T22:18:00Z","datePublished":"2008-11-25T22:18:00Z","dateModified":"2025-03-28T11:01:08Z"},"rendered":"<meta name=\"parsely-title\" content=\"Empleo y Discapacidad\" \/>\n<meta name=\"parsely-link\" content=\"https:\/\/www.capgemini.com\/ar-es\/insights\/expert-perspectives\/empleo-y-discapacidad\/\" \/>\n<meta name=\"parsely-type\" content=\"post\" \/>\n<meta name=\"parsely-pub-date\" content=\"2008-11-25T22:18:00Z\" \/>\n<meta name=\"parsely-section\" content=\"Uncategorized\" \/>","tracker_url":"https:\/\/cdn.parsely.com\/keys\/capgemini.com\/p.js"},"jetpack_featured_media_url":"","archive_status":false,"featured_image_src":"https:\/\/www.capgemini.com\/ar-es\/wp-content\/themes\/capgemini2025\/assets\/images\/mockup.png","featured_image_alt":false,"jetpack_sharing_enabled":true,"distributor_meta":false,"distributor_terms":false,"distributor_media":false,"distributor_original_site_name":"Capgemini Argentina","distributor_original_site_url":"https:\/\/www.capgemini.com\/ar-es","push-errors":false,"featured_image_url":"https:\/\/www.capgemini.com\/ar-es\/wp-content\/themes\/capgemini2025\/assets\/images\/mockup.png","_links":{"self":[{"href":"https:\/\/www.capgemini.com\/ar-es\/wp-json\/wp\/v2\/posts\/32748","targetHints":{"allow":["GET"]}}],"collection":[{"href":"https:\/\/www.capgemini.com\/ar-es\/wp-json\/wp\/v2\/posts"}],"about":[{"href":"https:\/\/www.capgemini.com\/ar-es\/wp-json\/wp\/v2\/types\/post"}],"author":[{"embeddable":true,"href":"https:\/\/www.capgemini.com\/ar-es\/wp-json\/wp\/v2\/users\/336"}],"replies":[{"embeddable":true,"href":"https:\/\/www.capgemini.com\/ar-es\/wp-json\/wp\/v2\/comments?post=32748"}],"version-history":[{"count":3,"href":"https:\/\/www.capgemini.com\/ar-es\/wp-json\/wp\/v2\/posts\/32748\/revisions"}],"predecessor-version":[{"id":516628,"href":"https:\/\/www.capgemini.com\/ar-es\/wp-json\/wp\/v2\/posts\/32748\/revisions\/516628"}],"wp:attachment":[{"href":"https:\/\/www.capgemini.com\/ar-es\/wp-json\/wp\/v2\/media?parent=32748"}],"wp:term":[{"taxonomy":"category","embeddable":true,"href":"https:\/\/www.capgemini.com\/ar-es\/wp-json\/wp\/v2\/categories?post=32748"},{"taxonomy":"post_tag","embeddable":true,"href":"https:\/\/www.capgemini.com\/ar-es\/wp-json\/wp\/v2\/tags?post=32748"},{"taxonomy":"brand","embeddable":true,"href":"https:\/\/www.capgemini.com\/ar-es\/wp-json\/wp\/v2\/brand?post=32748"},{"taxonomy":"service","embeddable":true,"href":"https:\/\/www.capgemini.com\/ar-es\/wp-json\/wp\/v2\/service?post=32748"},{"taxonomy":"industry","embeddable":true,"href":"https:\/\/www.capgemini.com\/ar-es\/wp-json\/wp\/v2\/industry?post=32748"},{"taxonomy":"partners","embeddable":true,"href":"https:\/\/www.capgemini.com\/ar-es\/wp-json\/wp\/v2\/partners?post=32748"},{"taxonomy":"blog-topic","embeddable":true,"href":"https:\/\/www.capgemini.com\/ar-es\/wp-json\/wp\/v2\/blog-topic?post=32748"},{"taxonomy":"content-group","embeddable":true,"href":"https:\/\/www.capgemini.com\/ar-es\/wp-json\/wp\/v2\/content-group?post=32748"}],"curies":[{"name":"wp","href":"https:\/\/api.w.org\/{rel}","templated":true}]}}